{"id":7945,"date":"2018-12-05T18:21:13","date_gmt":"2018-12-05T20:21:13","guid":{"rendered":"https:\/\/www.suno.com.br\/noticias\/?p=7945"},"modified":"2021-02-18T17:56:03","modified_gmt":"2021-02-18T20:56:03","slug":"dolar-alta-consecutiva-fecha-3868","status":"publish","type":"post","link":"https:\/\/www.suno.com.br\/noticias\/dolar-alta-consecutiva-fecha-3868\/","title":{"rendered":"D\u00f3lar tem segunda alta consecutiva e fecha em R$ 3,868"},"content":{"rendered":"<p>O d\u00f3lar fechou esta quarta-feira (5) com alta de 0,23%, sendo cotado R$ 3,868 para venda.<\/p>\t<div class=\"wrapper-featured-image\">\n\t\t<figure class=\"spotlightImg\">\n\n\t\t\t<picture>\n\t\t\t\t<source media=\"(max-width: 768px)\" srcset=\"https:\/\/files.sunoresearch.com.br\/n\/uploads\/2018\/12\/63265878-d\u00f3lar-400x200.webp\">\n\t\t\t\t<img loading=\"lazy\" decoding=\"async\" class=\"newsContent__article__imgCapa lazyloadDisabled newsContent__article__imgCapa--noCaption\" src=\"https:\/\/files.sunoresearch.com.br\/n\/uploads\/2018\/12\/63265878-d\u00f3lar-800x450.webp\" width=\"800\" height=\"450\" alt=\"D\u00f3lar tem segunda alta consecutiva e fecha em R$ 3,868\" fetchpriority=high \/>\n\t\t\t<\/picture>\n\n\t\t\t<figcaption class=\"wp-caption-text wp-caption-text--hide\">D\u00f3lar fecha em queda 1,21% com reforma da Previd\u00eancia no Senado<\/figcaption>\n\t\t<\/figure>\n\t<\/div>\n\n\n<p>Essa \u00e9 a segunda alta consecutiva do <strong>d\u00f3lar<\/strong> e o maior valor em uma semana.<\/p>\n<p>O <strong>Banco Central<\/strong> (BC) realizou mais um leil\u00e3o de <a href=\"https:\/\/www.suno.com.br\/artigos\/fundo-cambial\/\">swaps cambiais tradicionais<\/a>. Desta vez, foram 13,8 mil swaps negociados, equivalentes \u00e0 venda futura de d\u00f3lares para rolagem com vencimento em janeiro. Os 13,8 mil swaps equivalem US$ 10,373 bilh\u00f5es.<\/p>\n<p>Caso essa oferta di\u00e1ria seja mantida e vendida nas pr\u00f3ximas tr\u00eas semanas, o BC far\u00e1 a rolagem integral.<\/p>\n<p><a href=\"https:\/\/www.suno.com.br\/noticias\/ibovespa-alta-047-nesta-quarta\/\">Saiba mais:\u00a0Ibovespa registra alta de 0,47% nesta quarta-feira<\/a><\/p>\n<h2>Cen\u00e1rio Interno<\/h2>\n<ul>\n<li><strong>Pr\u00e9-sal<\/strong>: os investidores observam as movimenta\u00e7\u00f5es do mercado ap\u00f3s novo adiamento da vota\u00e7\u00e3o do projeto de lei sobre o leil\u00e3o bilion\u00e1rio de \u00e1reas do pr\u00e9-sal.<\/li>\n<li><strong>Reforma da Previd\u00eancia<\/strong>: Poss\u00edvel fatiamento da reforma admitida por <strong>Jair Bolsonaro<\/strong>, gera desconfian\u00e7a dos investidores.<\/li>\n<\/ul>\n<h3>Cen\u00e1rio Externo<\/h3>\n<ul>\n<li><strong>EUA x China<\/strong>: Investidores mantinham preocupa\u00e7\u00e3o em rela\u00e7\u00e3o ao acordo comercial de China e Estados Unidos e tamb\u00e9m a poss\u00edvel desacelera\u00e7\u00e3o da economia americana. Entretanto, o presidente norte-americano <strong>Donald Trump<\/strong> declarou que acredita na palavra do presidente Chin\u00eas, <strong>Xi Jinping<\/strong>, e que busca um acordo com o pa\u00eds asi\u00e1tico.<\/li>\n<li><strong>Treasuries<\/strong>: As expectativas de desacelera\u00e7\u00e3o do mercado norte-americano estimularam os investidores a comprar os Treasuries, que s\u00e3o os <strong>t\u00edtulos<\/strong> do governo norte-americano de longo prazo. A busca pelos t\u00edtulos, fez o papel de dez anos chegar ao valor mais baixo desde setembro. Essa mudan\u00e7a na curva gerou temores e as <strong>Bolsas<\/strong> dos EUA ca\u00edram 3%.<\/li>\n<\/ul>\n<p>A alta do <strong>d\u00f3lar<\/strong> (0,23%) \u00e9 a segunda seguida da moeda na semana. Esse \u00e9 o maior fechamento desde 27 de novembro (R$ 3,877). Na \u00faltima ter\u00e7a-feira, a moeda norte-americana teve alta de 0,44%.<\/p>\n","protected":false},"excerpt":{"rendered":"<p>O d\u00f3lar fechou esta quarta-feira (5) com alta de 0,23%, sendo cotado R$ 3,868 para venda. D\u00f3lar fecha em queda 1,21% com reforma da Previd\u00eancia no Senado Essa \u00e9 a segunda alta consecutiva do d\u00f3lar e o maior valor em uma semana. O Banco Central (BC) realizou mais um leil\u00e3o de swaps cambiais tradicionais. Desta [&hellip;]<\/p>\n","protected":false},"author":11,"featured_media":7946,"comment_status":"closed","ping_status":"closed","sticky":false,"template":"","format":"standard","meta":[],"categories":[60],"tags":[1842,309,711,326,724,793,719],"suno_strategy":[],"class_list":["post-7945","post","type-post","status-publish","format-standard","has-post-thumbnail","hentry","category-mercado","tag-banco-central-bc","tag-bolsa-de-valores","tag-china","tag-dolar","tag-donald-trump","tag-estados-unidos-eua","tag-jair-bolsonaro"],"yoast_head":"<!-- This site is optimized with the Yoast SEO plugin v24.4 - https:\/\/yoast.com\/wordpress\/plugins\/seo\/ -->\n<title>D\u00f3lar tem segunda alta consecutiva e fecha em R$ 3,868<\/title>\n<meta name=\"description\" content=\"O d\u00f3lar fechou com alta de 0,23%; Essa \u00e9 a segunda alta consecutiva do d\u00f3lar e o maior valor em uma semana. Clique para saber mais.\" \/>\n<meta name=\"robots\" content=\"index, follow, max-snippet:-1, max-image-preview:large, max-video-preview:-1\" \/>\n<link rel=\"canonical\" href=\"https:\/\/www.suno.com.br\/noticias\/dolar-alta-consecutiva-fecha-3868\/\" \/>\n<meta property=\"og:locale\" content=\"pt_BR\" \/>\n<meta property=\"og:type\" content=\"article\" \/>\n<meta property=\"og:title\" content=\"D\u00f3lar tem segunda alta consecutiva e fecha em R$ 3,868\" \/>\n<meta property=\"og:description\" content=\"O d\u00f3lar fechou com alta de 0,23%; Essa \u00e9 a segunda alta consecutiva do d\u00f3lar e o maior valor em uma semana. Clique para saber mais.\" \/>\n<meta property=\"og:url\" content=\"https:\/\/www.suno.com.br\/noticias\/dolar-alta-consecutiva-fecha-3868\/\" \/>\n<meta property=\"og:site_name\" content=\"Suno Not\u00edcias\" \/>\n<meta property=\"article:publisher\" content=\"https:\/\/facebook.com\/sunoresearch\" \/>\n<meta property=\"og:image\" content=\"https:\/\/files.sunoresearch.com.br\/n\/uploads\/2018\/12\/63265878-d\u00f3lar.jpg\" \/>\n\t<meta property=\"og:image:width\" content=\"1772\" \/>\n\t<meta property=\"og:image:height\" content=\"1181\" \/>\n\t<meta property=\"og:image:type\" content=\"image\/jpeg\" \/>\n<meta name=\"author\" content=\"Renan Bandeira\" \/>\n<meta name=\"twitter:card\" content=\"summary_large_image\" \/>\n<meta name=\"twitter:creator\" content=\"@sunoresearch\" \/>\n<meta name=\"twitter:site\" content=\"@sunoresearch\" \/>\n<meta name=\"twitter:label1\" content=\"Escrito por\" \/>\n\t<meta name=\"twitter:data1\" content=\"Renan Bandeira\" \/>\n\t<meta name=\"twitter:label2\" content=\"Est. tempo de leitura\" \/>\n\t<meta name=\"twitter:data2\" content=\"1 minuto\" \/>\n<script type=\"application\/ld+json\" class=\"yoast-schema-graph\">{\"@context\":\"https:\/\/schema.org\",\"@graph\":[{\"@type\":\"NewsArticle\",\"@id\":\"https:\/\/www.suno.com.br\/noticias\/dolar-alta-consecutiva-fecha-3868\/#article\",\"isPartOf\":{\"@id\":\"https:\/\/www.suno.com.br\/noticias\/dolar-alta-consecutiva-fecha-3868\/\"},\"author\":{\"name\":\"Renan Bandeira\",\"@id\":\"https:\/\/www.suno.com.br\/noticias\/#\/schema\/person\/fc144a1c6108bd1dcd43784e88a3c138\"},\"headline\":\"D\u00f3lar tem segunda alta consecutiva e fecha em R$ 3,868\",\"datePublished\":\"2018-12-05T20:21:13+00:00\",\"dateModified\":\"2021-02-18T20:56:03+00:00\",\"mainEntityOfPage\":{\"@id\":\"https:\/\/www.suno.com.br\/noticias\/dolar-alta-consecutiva-fecha-3868\/\"},\"wordCount\":309,\"publisher\":{\"@id\":\"https:\/\/www.suno.com.br\/noticias\/#organization\"},\"image\":{\"@id\":\"https:\/\/www.suno.com.br\/noticias\/dolar-alta-consecutiva-fecha-3868\/#primaryimage\"},\"thumbnailUrl\":\"https:\/\/files.sunoresearch.com.br\/n\/uploads\/2018\/12\/63265878-d\u00f3lar-jpg.webp\",\"keywords\":[\"Banco Central (BC)\",\"Bolsa de Valores\",\"China\",\"d\u00f3lar\",\"Donald Trump\",\"Estados Unidos (EUA)\",\"Jair Bolsonaro\"],\"articleSection\":[\"Mercado\"],\"inLanguage\":\"pt-BR\"},{\"@type\":\"WebPage\",\"@id\":\"https:\/\/www.suno.com.br\/noticias\/dolar-alta-consecutiva-fecha-3868\/\",\"url\":\"https:\/\/www.suno.com.br\/noticias\/dolar-alta-consecutiva-fecha-3868\/\",\"name\":\"D\u00f3lar tem segunda alta consecutiva e fecha em R$ 3,868\",\"isPartOf\":{\"@id\":\"https:\/\/www.suno.com.br\/noticias\/#website\"},\"primaryImageOfPage\":{\"@id\":\"https:\/\/www.suno.com.br\/noticias\/dolar-alta-consecutiva-fecha-3868\/#primaryimage\"},\"image\":{\"@id\":\"https:\/\/www.suno.com.br\/noticias\/dolar-alta-consecutiva-fecha-3868\/#primaryimage\"},\"thumbnailUrl\":\"https:\/\/files.sunoresearch.com.br\/n\/uploads\/2018\/12\/63265878-d\u00f3lar-jpg.webp\",\"datePublished\":\"2018-12-05T20:21:13+00:00\",\"dateModified\":\"2021-02-18T20:56:03+00:00\",\"description\":\"O d\u00f3lar fechou com alta de 0,23%; Essa \u00e9 a segunda alta consecutiva do d\u00f3lar e o maior valor em uma semana. Clique para saber mais.\",\"breadcrumb\":{\"@id\":\"https:\/\/www.suno.com.br\/noticias\/dolar-alta-consecutiva-fecha-3868\/#breadcrumb\"},\"inLanguage\":\"pt-BR\",\"potentialAction\":[{\"@type\":\"ReadAction\",\"target\":[\"https:\/\/www.suno.com.br\/noticias\/dolar-alta-consecutiva-fecha-3868\/\"]}]},{\"@type\":\"ImageObject\",\"inLanguage\":\"pt-BR\",\"@id\":\"https:\/\/www.suno.com.br\/noticias\/dolar-alta-consecutiva-fecha-3868\/#primaryimage\",\"url\":\"https:\/\/files.sunoresearch.com.br\/n\/uploads\/2018\/12\/63265878-d\u00f3lar-jpg.webp\",\"contentUrl\":\"https:\/\/files.sunoresearch.com.br\/n\/uploads\/2018\/12\/63265878-d\u00f3lar-jpg.webp\",\"width\":1772,\"height\":1181,\"caption\":\"D\u00f3lar fecha em queda 1,21% com reforma da Previd\u00eancia no Senado\"},{\"@type\":\"BreadcrumbList\",\"@id\":\"https:\/\/www.suno.com.br\/noticias\/dolar-alta-consecutiva-fecha-3868\/#breadcrumb\",\"itemListElement\":[{\"@type\":\"ListItem\",\"position\":1,\"name\":\"Not\u00edcias\",\"item\":\"https:\/\/www.suno.com.br\/noticias\/\"},{\"@type\":\"ListItem\",\"position\":2,\"name\":\"Mercado\",\"item\":\"https:\/\/www.suno.com.br\/noticias\/mercado\/\"},{\"@type\":\"ListItem\",\"position\":3,\"name\":\"D\u00f3lar tem segunda alta consecutiva e fecha em R$ 3,868\"}]},{\"@type\":\"WebSite\",\"@id\":\"https:\/\/www.suno.com.br\/noticias\/#website\",\"url\":\"https:\/\/www.suno.com.br\/noticias\/\",\"name\":\"Suno Not\u00edcias\",\"description\":\"Seu portal de informa\u00e7\u00e3o sobre o mundo dos investimentos\",\"publisher\":{\"@id\":\"https:\/\/www.suno.com.br\/noticias\/#organization\"},\"potentialAction\":[{\"@type\":\"SearchAction\",\"target\":{\"@type\":\"EntryPoint\",\"urlTemplate\":\"https:\/\/www.suno.com.br\/noticias\/?s={search_term_string}\"},\"query-input\":{\"@type\":\"PropertyValueSpecification\",\"valueRequired\":true,\"valueName\":\"search_term_string\"}}],\"inLanguage\":\"pt-BR\"},{\"@type\":\"Organization\",\"@id\":\"https:\/\/www.suno.com.br\/noticias\/#organization\",\"name\":\"Suno Not\u00edcias\",\"url\":\"https:\/\/www.suno.com.br\/noticias\/\",\"logo\":{\"@type\":\"ImageObject\",\"inLanguage\":\"pt-BR\",\"@id\":\"https:\/\/www.suno.com.br\/noticias\/#\/schema\/logo\/image\/\",\"url\":\"https:\/\/files.sunoresearch.com.br\/n\/uploads\/2021\/09\/suno-logo.png\",\"contentUrl\":\"https:\/\/files.sunoresearch.com.br\/n\/uploads\/2021\/09\/suno-logo.png\",\"width\":180,\"height\":180,\"caption\":\"Suno Not\u00edcias\"},\"image\":{\"@id\":\"https:\/\/www.suno.com.br\/noticias\/#\/schema\/logo\/image\/\"},\"sameAs\":[\"https:\/\/facebook.com\/sunoresearch\",\"https:\/\/x.com\/sunoresearch\",\"https:\/\/www.instagram.com\/suno\",\"https:\/\/www.linkedin.com\/company\/suno-research\/\",\"https:\/\/www.youtube.com\/c\/sunoresearch\"]},{\"@type\":\"Person\",\"@id\":\"https:\/\/www.suno.com.br\/noticias\/#\/schema\/person\/fc144a1c6108bd1dcd43784e88a3c138\",\"name\":\"Renan Bandeira\",\"image\":{\"@type\":\"ImageObject\",\"inLanguage\":\"pt-BR\",\"@id\":\"https:\/\/www.suno.com.br\/noticias\/#\/schema\/person\/image\/\",\"url\":\"https:\/\/secure.gravatar.com\/avatar\/68359cdb608f14f11bbefcb78f3fc747?s=96&r=g\",\"contentUrl\":\"https:\/\/secure.gravatar.com\/avatar\/68359cdb608f14f11bbefcb78f3fc747?s=96&r=g\",\"caption\":\"Renan Bandeira\"},\"description\":\"Renan Bandeira escreve sobre pol\u00edtica e economia para o portal da Suno Research. Antes da Suno, trabalhou em uma rede de televis\u00e3o, onde fazia reportagens sobre os mesmos temas. Estuda na Universidade Metodista de S\u00e3o Paulo.\",\"url\":\"https:\/\/www.suno.com.br\/noticias\/author\/renan-bandeira\/\"}]}<\/script>\n<!-- \/ Yoast SEO plugin. -->","yoast_head_json":{"title":"D\u00f3lar tem segunda alta consecutiva e fecha em R$ 3,868","description":"O d\u00f3lar fechou com alta de 0,23%; Essa \u00e9 a segunda alta consecutiva do d\u00f3lar e o maior valor em uma semana. Clique para saber mais.","robots":{"index":"index","follow":"follow","max-snippet":"max-snippet:-1","max-image-preview":"max-image-preview:large","max-video-preview":"max-video-preview:-1"},"canonical":"https:\/\/www.suno.com.br\/noticias\/dolar-alta-consecutiva-fecha-3868\/","og_locale":"pt_BR","og_type":"article","og_title":"D\u00f3lar tem segunda alta consecutiva e fecha em R$ 3,868","og_description":"O d\u00f3lar fechou com alta de 0,23%; Essa \u00e9 a segunda alta consecutiva do d\u00f3lar e o maior valor em uma semana. Clique para saber mais.","og_url":"https:\/\/www.suno.com.br\/noticias\/dolar-alta-consecutiva-fecha-3868\/","og_site_name":"Suno Not\u00edcias","article_publisher":"https:\/\/facebook.com\/sunoresearch","og_image":[{"width":1772,"height":1181,"url":"https:\/\/files.sunoresearch.com.br\/n\/uploads\/2018\/12\/63265878-d\u00f3lar.jpg","type":"image\/jpeg"}],"author":"Renan Bandeira","twitter_card":"summary_large_image","twitter_creator":"@sunoresearch","twitter_site":"@sunoresearch","twitter_misc":{"Escrito por":"Renan Bandeira","Est. tempo de leitura":"1 minuto"},"schema":{"@context":"https:\/\/schema.org","@graph":[{"@type":"NewsArticle","@id":"https:\/\/www.suno.com.br\/noticias\/dolar-alta-consecutiva-fecha-3868\/#article","isPartOf":{"@id":"https:\/\/www.suno.com.br\/noticias\/dolar-alta-consecutiva-fecha-3868\/"},"author":{"name":"Renan Bandeira","@id":"https:\/\/www.suno.com.br\/noticias\/#\/schema\/person\/fc144a1c6108bd1dcd43784e88a3c138"},"headline":"D\u00f3lar tem segunda alta consecutiva e fecha em R$ 3,868","datePublished":"2018-12-05T20:21:13+00:00","dateModified":"2021-02-18T20:56:03+00:00","mainEntityOfPage":{"@id":"https:\/\/www.suno.com.br\/noticias\/dolar-alta-consecutiva-fecha-3868\/"},"wordCount":309,"publisher":{"@id":"https:\/\/www.suno.com.br\/noticias\/#organization"},"image":{"@id":"https:\/\/www.suno.com.br\/noticias\/dolar-alta-consecutiva-fecha-3868\/#primaryimage"},"thumbnailUrl":"https:\/\/files.sunoresearch.com.br\/n\/uploads\/2018\/12\/63265878-d\u00f3lar-jpg.webp","keywords":["Banco Central (BC)","Bolsa de Valores","China","d\u00f3lar","Donald Trump","Estados Unidos (EUA)","Jair Bolsonaro"],"articleSection":["Mercado"],"inLanguage":"pt-BR"},{"@type":"WebPage","@id":"https:\/\/www.suno.com.br\/noticias\/dolar-alta-consecutiva-fecha-3868\/","url":"https:\/\/www.suno.com.br\/noticias\/dolar-alta-consecutiva-fecha-3868\/","name":"D\u00f3lar tem segunda alta consecutiva e fecha em R$ 3,868","isPartOf":{"@id":"https:\/\/www.suno.com.br\/noticias\/#website"},"primaryImageOfPage":{"@id":"https:\/\/www.suno.com.br\/noticias\/dolar-alta-consecutiva-fecha-3868\/#primaryimage"},"image":{"@id":"https:\/\/www.suno.com.br\/noticias\/dolar-alta-consecutiva-fecha-3868\/#primaryimage"},"thumbnailUrl":"https:\/\/files.sunoresearch.com.br\/n\/uploads\/2018\/12\/63265878-d\u00f3lar-jpg.webp","datePublished":"2018-12-05T20:21:13+00:00","dateModified":"2021-02-18T20:56:03+00:00","description":"O d\u00f3lar fechou com alta de 0,23%; Essa \u00e9 a segunda alta consecutiva do d\u00f3lar e o maior valor em uma semana. Clique para saber mais.","breadcrumb":{"@id":"https:\/\/www.suno.com.br\/noticias\/dolar-alta-consecutiva-fecha-3868\/#breadcrumb"},"inLanguage":"pt-BR","potentialAction":[{"@type":"ReadAction","target":["https:\/\/www.suno.com.br\/noticias\/dolar-alta-consecutiva-fecha-3868\/"]}]},{"@type":"ImageObject","inLanguage":"pt-BR","@id":"https:\/\/www.suno.com.br\/noticias\/dolar-alta-consecutiva-fecha-3868\/#primaryimage","url":"https:\/\/files.sunoresearch.com.br\/n\/uploads\/2018\/12\/63265878-d\u00f3lar-jpg.webp","contentUrl":"https:\/\/files.sunoresearch.com.br\/n\/uploads\/2018\/12\/63265878-d\u00f3lar-jpg.webp","width":1772,"height":1181,"caption":"D\u00f3lar fecha em queda 1,21% com reforma da Previd\u00eancia no Senado"},{"@type":"BreadcrumbList","@id":"https:\/\/www.suno.com.br\/noticias\/dolar-alta-consecutiva-fecha-3868\/#breadcrumb","itemListElement":[{"@type":"ListItem","position":1,"name":"Not\u00edcias","item":"https:\/\/www.suno.com.br\/noticias\/"},{"@type":"ListItem","position":2,"name":"Mercado","item":"https:\/\/www.suno.com.br\/noticias\/mercado\/"},{"@type":"ListItem","position":3,"name":"D\u00f3lar tem segunda alta consecutiva e fecha em R$ 3,868"}]},{"@type":"WebSite","@id":"https:\/\/www.suno.com.br\/noticias\/#website","url":"https:\/\/www.suno.com.br\/noticias\/","name":"Suno Not\u00edcias","description":"Seu portal de informa\u00e7\u00e3o sobre o mundo dos investimentos","publisher":{"@id":"https:\/\/www.suno.com.br\/noticias\/#organization"},"potentialAction":[{"@type":"SearchAction","target":{"@type":"EntryPoint","urlTemplate":"https:\/\/www.suno.com.br\/noticias\/?s={search_term_string}"},"query-input":{"@type":"PropertyValueSpecification","valueRequired":true,"valueName":"search_term_string"}}],"inLanguage":"pt-BR"},{"@type":"Organization","@id":"https:\/\/www.suno.com.br\/noticias\/#organization","name":"Suno Not\u00edcias","url":"https:\/\/www.suno.com.br\/noticias\/","logo":{"@type":"ImageObject","inLanguage":"pt-BR","@id":"https:\/\/www.suno.com.br\/noticias\/#\/schema\/logo\/image\/","url":"https:\/\/files.sunoresearch.com.br\/n\/uploads\/2021\/09\/suno-logo.png","contentUrl":"https:\/\/files.sunoresearch.com.br\/n\/uploads\/2021\/09\/suno-logo.png","width":180,"height":180,"caption":"Suno Not\u00edcias"},"image":{"@id":"https:\/\/www.suno.com.br\/noticias\/#\/schema\/logo\/image\/"},"sameAs":["https:\/\/facebook.com\/sunoresearch","https:\/\/x.com\/sunoresearch","https:\/\/www.instagram.com\/suno","https:\/\/www.linkedin.com\/company\/suno-research\/","https:\/\/www.youtube.com\/c\/sunoresearch"]},{"@type":"Person","@id":"https:\/\/www.suno.com.br\/noticias\/#\/schema\/person\/fc144a1c6108bd1dcd43784e88a3c138","name":"Renan Bandeira","image":{"@type":"ImageObject","inLanguage":"pt-BR","@id":"https:\/\/www.suno.com.br\/noticias\/#\/schema\/person\/image\/","url":"https:\/\/secure.gravatar.com\/avatar\/68359cdb608f14f11bbefcb78f3fc747?s=96&r=g","contentUrl":"https:\/\/secure.gravatar.com\/avatar\/68359cdb608f14f11bbefcb78f3fc747?s=96&r=g","caption":"Renan Bandeira"},"description":"Renan Bandeira escreve sobre pol\u00edtica e economia para o portal da Suno Research. Antes da Suno, trabalhou em uma rede de televis\u00e3o, onde fazia reportagens sobre os mesmos temas. Estuda na Universidade Metodista de S\u00e3o Paulo.","url":"https:\/\/www.suno.com.br\/noticias\/author\/renan-bandeira\/"}]}},"default_loop_html":"<div class=\"cardsPage__listCard__boxs\"><div class=\"cardsPage__listCard__boxs__img\"><a href=\"https:\/\/www.suno.com.br\/noticias\/dolar-alta-consecutiva-fecha-3868\/\"><img class=\"mask\" src=\"https:\/\/www.suno.com.br\/noticias\/wp-content\/themes\/suno\/resources\/images\/spotlight\/spotlight1img\/bg-mask.png\" alt=\"Image Mask\"\/><img src=\"https:\/\/files.sunoresearch.com.br\/n\/uploads\/2018\/12\/63265878-d\u00f3lar-400x200.webp\" alt=\"D\u00f3lar tem segunda alta consecutiva e fecha em R$ 3,868\"\/><\/a><span class=\"spotlightCategory\"><a href=\"https:\/\/www.suno.com.br\/noticias\/mercado\/\">Mercado<\/a><\/span><\/div><div class=\"cardsPage__listCard__boxs__content\"><a href=\"https:\/\/www.suno.com.br\/noticias\/dolar-alta-consecutiva-fecha-3868\/\"><h2 class=\"content__title\">D\u00f3lar tem segunda alta consecutiva e fecha em R$ 3,868<\/h2><\/a><div class=\"newsContent__article__meta\"><div class=\"newsContent__article__meta__authorBox\"><a href=\"https:\/\/www.suno.com.br\/noticias\/author\/renan-bandeira\/\" class=\"authorBox__avatar noMobi\"><img src=\"https:\/\/secure.gravatar.com\/avatar\/68359cdb608f14f11bbefcb78f3fc747?s=96&#038;r=g\" alt=\"Renan Bandeira\"><\/a><div class=\"authorBox__name\"><span>por\n\t\t\t<a href=\"https:\/\/www.suno.com.br\/noticias\/author\/renan-bandeira\/\"><span itemprop=\"author\">Renan Bandeira<\/span><\/a><\/span><time datetime=\"2018-12-05T18:21:13-02:00\" itemprop=\"datePublished\">05\/12\/2018 18:21<\/time><\/div><\/div><\/div><\/div><\/div>","single_layout":"posts","amp_enabled":true,"_links":{"self":[{"href":"https:\/\/www.suno.com.br\/noticias\/wp-json\/wp\/v2\/posts\/7945"}],"collection":[{"href":"https:\/\/www.suno.com.br\/noticias\/wp-json\/wp\/v2\/posts"}],"about":[{"href":"https:\/\/www.suno.com.br\/noticias\/wp-json\/wp\/v2\/types\/post"}],"author":[{"embeddable":true,"href":"https:\/\/www.suno.com.br\/noticias\/wp-json\/wp\/v2\/users\/11"}],"replies":[{"embeddable":true,"href":"https:\/\/www.suno.com.br\/noticias\/wp-json\/wp\/v2\/comments?post=7945"}],"version-history":[{"count":0,"href":"https:\/\/www.suno.com.br\/noticias\/wp-json\/wp\/v2\/posts\/7945\/revisions"}],"wp:featuredmedia":[{"embeddable":true,"href":"https:\/\/www.suno.com.br\/noticias\/wp-json\/wp\/v2\/media\/7946"}],"wp:attachment":[{"href":"https:\/\/www.suno.com.br\/noticias\/wp-json\/wp\/v2\/media?parent=7945"}],"wp:term":[{"taxonomy":"category","embeddable":true,"href":"https:\/\/www.suno.com.br\/noticias\/wp-json\/wp\/v2\/categories?post=7945"},{"taxonomy":"post_tag","embeddable":true,"href":"https:\/\/www.suno.com.br\/noticias\/wp-json\/wp\/v2\/tags?post=7945"},{"taxonomy":"suno_strategy","embeddable":true,"href":"https:\/\/www.suno.com.br\/noticias\/wp-json\/wp\/v2\/suno_strategy?post=7945"}],"curies":[{"name":"wp","href":"https:\/\/api.w.org\/{rel}","templated":true}]}}