{"id":79377,"date":"2020-08-19T17:00:53","date_gmt":"2020-08-19T20:00:53","guid":{"rendered":"https:\/\/www.suno.com.br\/noticias\/?p=79377"},"modified":"2020-08-19T17:00:53","modified_gmt":"2020-08-19T20:00:53","slug":"edp-brasil-enbr3-eleva-participacao-acionaria-celesc-clsc4","status":"publish","type":"post","link":"https:\/\/www.suno.com.br\/noticias\/edp-brasil-enbr3-eleva-participacao-acionaria-celesc-clsc4\/","title":{"rendered":"EDP Brasil (ENBR3) eleva participa\u00e7\u00e3o acion\u00e1ria total na Celesc (CLSC4)"},"content":{"rendered":"<p>A distribuidora de energia <a href=\"https:\/\/www.suno.com.br\/acoes\/enbr3\/\"><strong>EDP<\/strong> Brasil (ENBR3)<\/a> informou nessa quarta-feira (19) que aumentou sua participa\u00e7\u00e3o acion\u00e1ria na distribuidora de eletricidade <a href=\"https:\/\/www.suno.com.br\/acoes\/clsc3\/\">Centrais El\u00e9tricas de Santa Catarina &#8211; Celesc (CLSC3<\/a>; <a href=\"https:\/\/www.suno.com.br\/acoes\/clsc3\/\">CLSC4<\/a>) para 28,77%.<\/p>\t<div class=\"wrapper-featured-image\">\n\t\t<figure class=\"spotlightImg\">\n\n\t\t\t<picture>\n\t\t\t\t<source media=\"(max-width: 768px)\" srcset=\"https:\/\/files.sunoresearch.com.br\/n\/uploads\/2020\/08\/dfe6ffb6-edp-300x300-1.gif\">\n\t\t\t\t<img loading=\"lazy\" decoding=\"async\" class=\"newsContent__article__imgCapa lazyloadDisabled \" src=\"https:\/\/files.sunoresearch.com.br\/n\/uploads\/2020\/08\/dfe6ffb6-edp-300x300-1.gif\" width=\"800\" height=\"450\" alt=\"EDP Brasil (ENBR3) eleva participa\u00e7\u00e3o acion\u00e1ria total na Celesc (CLSC4)\" fetchpriority=high \/>\n\t\t\t<\/picture>\n\n\t\t\t<figcaption class=\"wp-caption-text wp-caption-text--show\">A EDP comprou 1.318.100 a\u00e7\u00f5es preferenciais da Celesc<\/figcaption>\n\t\t<\/figure>\n\t<\/div>\n\n\n<div class=\"hubspot-form-wrapper\">\n\t<div id=\"single-form-target\"><\/div>\n<\/div>\n\n<p>Na opera\u00e7\u00e3o, a EDP comprou 1.318.100 <a href=\"https:\/\/www.suno.com.br\/artigos\/tipos-de-acoes\/\"><strong>a\u00e7\u00f5es<\/strong> <strong>preferenciais<\/strong><\/a> da <strong>Celesc<\/strong>. O montante equivale a 5,72% do total de a\u00e7\u00f5es dessa categoria de emiss\u00e3o da distribuidora de Santa Catarina.<\/p>\n<p>Frente a isso, a distribuidora paulista conta com 5.955.620 a\u00e7\u00f5es PN e 5.140.868 a\u00e7\u00f5es ON, que equivalem a 25,8% e 33,1% do total de cada categoria, respectivamente.<\/p>\n<p><a href=\"https:\/\/lp.suno.com.br\/suno-one\/\">Suno One: acesse gratuitamente eBooks, Minicursos, Artigos e Video Aulas sobre investimentos com um \u00fanico cadastro. Clique para saber mais!<\/a><\/p>\n<p>No entanto, a companhia explicou que a eleva\u00e7\u00e3o da sua participa\u00e7\u00e3o na Celesc, visa refor\u00e7ar a parceria e o compromisso com a empresa catarinense.<\/p>\n<h2>Resultados da EDP Brasil no 1T20<\/h2>\n<p>O <a href=\"https:\/\/www.suno.com.br\/artigos\/lucro-liquido\/\">lucro l\u00edquido<\/a> da <strong>EDP Brasil<\/strong> caiu 8,5% no primeiro trimestre de 2020, em compara\u00e7\u00e3o ao mesmo per\u00edodo de 2019, para R$ 271 milh\u00f5es.<\/p>\n<p>J\u00e1 o <a href=\"https:\/\/www.suno.com.br\/artigos\/ebitda\/\">lucro antes de juros, impostos, deprecia\u00e7\u00e3o e amortiza\u00e7\u00e3o (Ebitda)<\/a> foi de R$ 698,5 milh\u00f5es. O valor representa uma queda de 1% ante os tr\u00eas primeiros meses do ano passado. A <a href=\"https:\/\/www.suno.com.br\/artigos\/margem-ebitda\/\">margem Ebitda<\/a> ficou est\u00e1vel, em rela\u00e7\u00e3o ao primeiro trimestre do ano passado, em 15,6%.<\/p>\n<p>A <a href=\"https:\/\/www.suno.com.br\/artigos\/receita-operacional\/\">receita<\/a> da EDP Brasil, por sua vez, foi de R$ 3,6 bilh\u00f5es, uma alta de 9,5% em rela\u00e7\u00e3o ao mesmo intervalo do ano passado. A <a href=\"https:\/\/www.suno.com.br\/artigos\/margem-bruta\/\">margem bruta<\/a> cresceu 3,7%, totalizando R$ 1,060 bilh\u00e3o. A distribuidora de energia informou que a performance foi puxada pelo crescimento no setor de transmiss\u00e3o por conta da evolu\u00e7\u00e3o das obras.<\/p>\n\t<div data-element=\"shortcode-read-more\" class=\"knowMore\">\n\t\t\t\t<span class=\"knowMore__title\">Veja tamb\u00e9m<\/span>\n\t\t\t\t<a class=\"knowMore__link\" href=\"https:\/\/www.suno.com.br\/noticias\/edp-brasil-enbr3-cade-aprova-aquisicao-geracao-solar\/\">\n\t\t\tEDP Brasil (ENBR3): Cade aprova aquisi\u00e7\u00e3o de ativos de gera\u00e7\u00e3o solar\t\t<\/a>\n\t<\/div>\n\n\n<p>&#8220;O primeiro trimestre de 2020 foi marcado pelo in\u00edcio da pandemia do novo coronav\u00edrus no Brasil. Os resultados do primeiro trimestre foram moderadamente impactados pelos efeitos da pandemia. Em termos resumidos o EBITDA ficou 1% abaixo do mesmo per\u00edodo do ano anterior, e o Lucro L\u00edquido, 8,3% inferior&#8221;, disse o presidente da EDP Brasil, Miguel Setas, em nota divulgada junto ao balan\u00e7o.<\/p>\n<p>\u00c9 importante destacar que, por conta da pandemia de coronav\u00edrus, a <strong>EDP<\/strong> <strong>Brasil<\/strong> reduziu seus investimentos. A queda em rela\u00e7\u00e3o ao mesmo intervalo do ano passado foi de 23,3%, para R$ 351,2 milh\u00f5es.<\/p>\n\t<p>\n\t\t<a href=\"https:\/\/lp.suno.com.br\/planilha-de-controle-de-investimentos\/\" target=\"_blank\" data-element=\"shortcode-suno-banner\" title=\"Banner SUNO, clique e saiba mais\">\n\t\t\t<picture>\n\t\t\t\t<source media=\"(max-width: 500px)\" srcset=\"https:\/\/files.sunoresearch.com.br\/n\/uploads\/2023\/03\/400x300-Controle-de-Investimentos.png\">\n\t\t\t\t<img class=\"newsContent__article__imgCapa newsContent__article__imgCapa--banner\"\n\t\t\t\t\tsrc=\"https:\/\/files.sunoresearch.com.br\/n\/uploads\/2023\/03\/1420x240-Controle-de-Investimentos.png\"\n\t\t\t\t\tdata-promo-id=\"75934\"\t\t\t\t\t\t\t\t\t\twidth='1420' height='240'\t\t\t\t\talt=\"https:\/\/files.sunoresearch.com.br\/n\/uploads\/2023\/03\/1420x240-Controle-de-Investimentos.png\"\n\t\t\t\t>\n\t\t\t<\/picture>\n\t\t<\/a>\n\t<\/p>\n\n\n","protected":false},"excerpt":{"rendered":"<p>A distribuidora de energia EDP Brasil (ENBR3) informou nessa quarta-feira (19) que aumentou sua participa\u00e7\u00e3o acion\u00e1ria na distribuidora de eletricidade Centrais El\u00e9tricas de Santa Catarina &#8211; Celesc (CLSC3; CLSC4) para 28,77%. A EDP comprou 1.318.100 a\u00e7\u00f5es preferenciais da Celesc Na opera\u00e7\u00e3o, a EDP comprou 1.318.100 a\u00e7\u00f5es preferenciais da Celesc. O montante equivale a 5,72% do [&hellip;]<\/p>\n","protected":false},"author":39,"featured_media":79398,"comment_status":"closed","ping_status":"closed","sticky":false,"template":"","format":"standard","meta":[],"categories":[64],"tags":[413,1207],"suno_strategy":[],"class_list":["post-79377","post","type-post","status-publish","format-standard","has-post-thumbnail","hentry","category-negocios","tag-celesc-clsc3-clsc4","tag-edp-brasil-enbr3"],"yoast_head":"<!-- This site is optimized with the Yoast SEO plugin v24.4 - https:\/\/yoast.com\/wordpress\/plugins\/seo\/ -->\n<title>EDP Brasil (ENBR3) eleva participa\u00e7\u00e3o acion\u00e1ria total na Celesc (CLSC4)<\/title>\n<meta name=\"description\" content=\"A distribuidora de energia EDP Brasil (ENBR3) aumentou sua participa\u00e7\u00e3o acion\u00e1ria na Celesc (CLSC4) para 28,77%. Clique aqui e saiba mais.\" \/>\n<meta name=\"robots\" content=\"index, follow, max-snippet:-1, max-image-preview:large, max-video-preview:-1\" \/>\n<link rel=\"canonical\" href=\"https:\/\/www.suno.com.br\/noticias\/edp-brasil-enbr3-eleva-participacao-acionaria-celesc-clsc4\/\" \/>\n<meta property=\"og:locale\" content=\"pt_BR\" \/>\n<meta property=\"og:type\" content=\"article\" \/>\n<meta property=\"og:title\" content=\"EDP Brasil (ENBR3) eleva participa\u00e7\u00e3o acion\u00e1ria total na Celesc (CLSC4)\" \/>\n<meta property=\"og:description\" content=\"A distribuidora de energia EDP Brasil (ENBR3) aumentou sua participa\u00e7\u00e3o acion\u00e1ria na Celesc (CLSC4) para 28,77%. Clique aqui e saiba mais.\" \/>\n<meta property=\"og:url\" content=\"https:\/\/www.suno.com.br\/noticias\/edp-brasil-enbr3-eleva-participacao-acionaria-celesc-clsc4\/\" \/>\n<meta property=\"og:site_name\" content=\"Suno Not\u00edcias\" \/>\n<meta property=\"article:publisher\" content=\"https:\/\/facebook.com\/sunoresearch\" \/>\n<meta property=\"og:image\" content=\"https:\/\/files.sunoresearch.com.br\/n\/uploads\/2020\/08\/dfe6ffb6-edp-300x300-1.gif\" \/>\n\t<meta property=\"og:image:width\" content=\"300\" \/>\n\t<meta property=\"og:image:height\" content=\"300\" \/>\n\t<meta property=\"og:image:type\" content=\"image\/gif\" \/>\n<meta name=\"author\" content=\"Laura Moutinho\" \/>\n<meta name=\"twitter:card\" content=\"summary_large_image\" \/>\n<meta name=\"twitter:creator\" content=\"@sunoresearch\" \/>\n<meta name=\"twitter:site\" content=\"@sunoresearch\" \/>\n<meta name=\"twitter:label1\" content=\"Escrito por\" \/>\n\t<meta name=\"twitter:data1\" content=\"Laura Moutinho\" \/>\n\t<meta name=\"twitter:label2\" content=\"Est. tempo de leitura\" \/>\n\t<meta name=\"twitter:data2\" content=\"2 minutos\" \/>\n<script type=\"application\/ld+json\" class=\"yoast-schema-graph\">{\"@context\":\"https:\/\/schema.org\",\"@graph\":[{\"@type\":\"NewsArticle\",\"@id\":\"https:\/\/www.suno.com.br\/noticias\/edp-brasil-enbr3-eleva-participacao-acionaria-celesc-clsc4\/#article\",\"isPartOf\":{\"@id\":\"https:\/\/www.suno.com.br\/noticias\/edp-brasil-enbr3-eleva-participacao-acionaria-celesc-clsc4\/\"},\"author\":{\"name\":\"Laura Moutinho\",\"@id\":\"https:\/\/www.suno.com.br\/noticias\/#\/schema\/person\/3df0d2808748b74496efe5dbeaef2c72\"},\"headline\":\"EDP Brasil (ENBR3) eleva participa\u00e7\u00e3o acion\u00e1ria total na Celesc (CLSC4)\",\"datePublished\":\"2020-08-19T20:00:53+00:00\",\"mainEntityOfPage\":{\"@id\":\"https:\/\/www.suno.com.br\/noticias\/edp-brasil-enbr3-eleva-participacao-acionaria-celesc-clsc4\/\"},\"wordCount\":403,\"publisher\":{\"@id\":\"https:\/\/www.suno.com.br\/noticias\/#organization\"},\"image\":{\"@id\":\"https:\/\/www.suno.com.br\/noticias\/edp-brasil-enbr3-eleva-participacao-acionaria-celesc-clsc4\/#primaryimage\"},\"thumbnailUrl\":\"https:\/\/files.sunoresearch.com.br\/n\/uploads\/2020\/08\/dfe6ffb6-edp-300x300-1.gif\",\"keywords\":[\"Celesc (CLSC3\/CLSC4)\",\"EDP Brasil (ENBR3)\"],\"articleSection\":[\"Neg\u00f3cios\"],\"inLanguage\":\"pt-BR\"},{\"@type\":\"WebPage\",\"@id\":\"https:\/\/www.suno.com.br\/noticias\/edp-brasil-enbr3-eleva-participacao-acionaria-celesc-clsc4\/\",\"url\":\"https:\/\/www.suno.com.br\/noticias\/edp-brasil-enbr3-eleva-participacao-acionaria-celesc-clsc4\/\",\"name\":\"EDP Brasil (ENBR3) eleva participa\u00e7\u00e3o acion\u00e1ria total na Celesc (CLSC4)\",\"isPartOf\":{\"@id\":\"https:\/\/www.suno.com.br\/noticias\/#website\"},\"primaryImageOfPage\":{\"@id\":\"https:\/\/www.suno.com.br\/noticias\/edp-brasil-enbr3-eleva-participacao-acionaria-celesc-clsc4\/#primaryimage\"},\"image\":{\"@id\":\"https:\/\/www.suno.com.br\/noticias\/edp-brasil-enbr3-eleva-participacao-acionaria-celesc-clsc4\/#primaryimage\"},\"thumbnailUrl\":\"https:\/\/files.sunoresearch.com.br\/n\/uploads\/2020\/08\/dfe6ffb6-edp-300x300-1.gif\",\"datePublished\":\"2020-08-19T20:00:53+00:00\",\"description\":\"A distribuidora de energia EDP Brasil (ENBR3) aumentou sua participa\u00e7\u00e3o acion\u00e1ria na Celesc (CLSC4) para 28,77%. Clique aqui e saiba mais.\",\"breadcrumb\":{\"@id\":\"https:\/\/www.suno.com.br\/noticias\/edp-brasil-enbr3-eleva-participacao-acionaria-celesc-clsc4\/#breadcrumb\"},\"inLanguage\":\"pt-BR\",\"potentialAction\":[{\"@type\":\"ReadAction\",\"target\":[\"https:\/\/www.suno.com.br\/noticias\/edp-brasil-enbr3-eleva-participacao-acionaria-celesc-clsc4\/\"]}]},{\"@type\":\"ImageObject\",\"inLanguage\":\"pt-BR\",\"@id\":\"https:\/\/www.suno.com.br\/noticias\/edp-brasil-enbr3-eleva-participacao-acionaria-celesc-clsc4\/#primaryimage\",\"url\":\"https:\/\/files.sunoresearch.com.br\/n\/uploads\/2020\/08\/dfe6ffb6-edp-300x300-1.gif\",\"contentUrl\":\"https:\/\/files.sunoresearch.com.br\/n\/uploads\/2020\/08\/dfe6ffb6-edp-300x300-1.gif\",\"width\":300,\"height\":300,\"caption\":\"A EDP comprou 1.318.100 a\u00e7\u00f5es preferenciais da Celesc\"},{\"@type\":\"BreadcrumbList\",\"@id\":\"https:\/\/www.suno.com.br\/noticias\/edp-brasil-enbr3-eleva-participacao-acionaria-celesc-clsc4\/#breadcrumb\",\"itemListElement\":[{\"@type\":\"ListItem\",\"position\":1,\"name\":\"Not\u00edcias\",\"item\":\"https:\/\/www.suno.com.br\/noticias\/\"},{\"@type\":\"ListItem\",\"position\":2,\"name\":\"Neg\u00f3cios\",\"item\":\"https:\/\/www.suno.com.br\/noticias\/negocios\/\"},{\"@type\":\"ListItem\",\"position\":3,\"name\":\"EDP Brasil (ENBR3) eleva participa\u00e7\u00e3o acion\u00e1ria total na Celesc (CLSC4)\"}]},{\"@type\":\"WebSite\",\"@id\":\"https:\/\/www.suno.com.br\/noticias\/#website\",\"url\":\"https:\/\/www.suno.com.br\/noticias\/\",\"name\":\"Suno Not\u00edcias\",\"description\":\"Seu portal de informa\u00e7\u00e3o sobre o mundo dos investimentos\",\"publisher\":{\"@id\":\"https:\/\/www.suno.com.br\/noticias\/#organization\"},\"potentialAction\":[{\"@type\":\"SearchAction\",\"target\":{\"@type\":\"EntryPoint\",\"urlTemplate\":\"https:\/\/www.suno.com.br\/noticias\/?s={search_term_string}\"},\"query-input\":{\"@type\":\"PropertyValueSpecification\",\"valueRequired\":true,\"valueName\":\"search_term_string\"}}],\"inLanguage\":\"pt-BR\"},{\"@type\":\"Organization\",\"@id\":\"https:\/\/www.suno.com.br\/noticias\/#organization\",\"name\":\"Suno Not\u00edcias\",\"url\":\"https:\/\/www.suno.com.br\/noticias\/\",\"logo\":{\"@type\":\"ImageObject\",\"inLanguage\":\"pt-BR\",\"@id\":\"https:\/\/www.suno.com.br\/noticias\/#\/schema\/logo\/image\/\",\"url\":\"https:\/\/files.sunoresearch.com.br\/n\/uploads\/2021\/09\/suno-logo.png\",\"contentUrl\":\"https:\/\/files.sunoresearch.com.br\/n\/uploads\/2021\/09\/suno-logo.png\",\"width\":180,\"height\":180,\"caption\":\"Suno Not\u00edcias\"},\"image\":{\"@id\":\"https:\/\/www.suno.com.br\/noticias\/#\/schema\/logo\/image\/\"},\"sameAs\":[\"https:\/\/facebook.com\/sunoresearch\",\"https:\/\/x.com\/sunoresearch\",\"https:\/\/www.instagram.com\/suno\",\"https:\/\/www.linkedin.com\/company\/suno-research\/\",\"https:\/\/www.youtube.com\/c\/sunoresearch\"]},{\"@type\":\"Person\",\"@id\":\"https:\/\/www.suno.com.br\/noticias\/#\/schema\/person\/3df0d2808748b74496efe5dbeaef2c72\",\"name\":\"Laura Moutinho\",\"image\":{\"@type\":\"ImageObject\",\"inLanguage\":\"pt-BR\",\"@id\":\"https:\/\/www.suno.com.br\/noticias\/#\/schema\/person\/image\/\",\"url\":\"https:\/\/secure.gravatar.com\/avatar\/7571c7c8ca3a6fca5e41384ece5557ff?s=96&r=g\",\"contentUrl\":\"https:\/\/secure.gravatar.com\/avatar\/7571c7c8ca3a6fca5e41384ece5557ff?s=96&r=g\",\"caption\":\"Laura Moutinho\"},\"description\":\"Estagi\u00e1ria na Suno Not\u00edcias, escreve not\u00edcias que afetam o mercado financeiro. Estuda administra\u00e7\u00e3o na Universidade Presbiteriana Mackenzie.\",\"url\":\"https:\/\/www.suno.com.br\/noticias\/author\/laura-moutinho\/\"}]}<\/script>\n<!-- \/ Yoast SEO plugin. -->","yoast_head_json":{"title":"EDP Brasil (ENBR3) eleva participa\u00e7\u00e3o acion\u00e1ria total na Celesc (CLSC4)","description":"A distribuidora de energia EDP Brasil (ENBR3) aumentou sua participa\u00e7\u00e3o acion\u00e1ria na Celesc (CLSC4) para 28,77%. Clique aqui e saiba mais.","robots":{"index":"index","follow":"follow","max-snippet":"max-snippet:-1","max-image-preview":"max-image-preview:large","max-video-preview":"max-video-preview:-1"},"canonical":"https:\/\/www.suno.com.br\/noticias\/edp-brasil-enbr3-eleva-participacao-acionaria-celesc-clsc4\/","og_locale":"pt_BR","og_type":"article","og_title":"EDP Brasil (ENBR3) eleva participa\u00e7\u00e3o acion\u00e1ria total na Celesc (CLSC4)","og_description":"A distribuidora de energia EDP Brasil (ENBR3) aumentou sua participa\u00e7\u00e3o acion\u00e1ria na Celesc (CLSC4) para 28,77%. Clique aqui e saiba mais.","og_url":"https:\/\/www.suno.com.br\/noticias\/edp-brasil-enbr3-eleva-participacao-acionaria-celesc-clsc4\/","og_site_name":"Suno Not\u00edcias","article_publisher":"https:\/\/facebook.com\/sunoresearch","og_image":[{"width":300,"height":300,"url":"https:\/\/files.sunoresearch.com.br\/n\/uploads\/2020\/08\/dfe6ffb6-edp-300x300-1.gif","type":"image\/gif"}],"author":"Laura Moutinho","twitter_card":"summary_large_image","twitter_creator":"@sunoresearch","twitter_site":"@sunoresearch","twitter_misc":{"Escrito por":"Laura Moutinho","Est. tempo de leitura":"2 minutos"},"schema":{"@context":"https:\/\/schema.org","@graph":[{"@type":"NewsArticle","@id":"https:\/\/www.suno.com.br\/noticias\/edp-brasil-enbr3-eleva-participacao-acionaria-celesc-clsc4\/#article","isPartOf":{"@id":"https:\/\/www.suno.com.br\/noticias\/edp-brasil-enbr3-eleva-participacao-acionaria-celesc-clsc4\/"},"author":{"name":"Laura Moutinho","@id":"https:\/\/www.suno.com.br\/noticias\/#\/schema\/person\/3df0d2808748b74496efe5dbeaef2c72"},"headline":"EDP Brasil (ENBR3) eleva participa\u00e7\u00e3o acion\u00e1ria total na Celesc (CLSC4)","datePublished":"2020-08-19T20:00:53+00:00","mainEntityOfPage":{"@id":"https:\/\/www.suno.com.br\/noticias\/edp-brasil-enbr3-eleva-participacao-acionaria-celesc-clsc4\/"},"wordCount":403,"publisher":{"@id":"https:\/\/www.suno.com.br\/noticias\/#organization"},"image":{"@id":"https:\/\/www.suno.com.br\/noticias\/edp-brasil-enbr3-eleva-participacao-acionaria-celesc-clsc4\/#primaryimage"},"thumbnailUrl":"https:\/\/files.sunoresearch.com.br\/n\/uploads\/2020\/08\/dfe6ffb6-edp-300x300-1.gif","keywords":["Celesc (CLSC3\/CLSC4)","EDP Brasil (ENBR3)"],"articleSection":["Neg\u00f3cios"],"inLanguage":"pt-BR"},{"@type":"WebPage","@id":"https:\/\/www.suno.com.br\/noticias\/edp-brasil-enbr3-eleva-participacao-acionaria-celesc-clsc4\/","url":"https:\/\/www.suno.com.br\/noticias\/edp-brasil-enbr3-eleva-participacao-acionaria-celesc-clsc4\/","name":"EDP Brasil (ENBR3) eleva participa\u00e7\u00e3o acion\u00e1ria total na Celesc (CLSC4)","isPartOf":{"@id":"https:\/\/www.suno.com.br\/noticias\/#website"},"primaryImageOfPage":{"@id":"https:\/\/www.suno.com.br\/noticias\/edp-brasil-enbr3-eleva-participacao-acionaria-celesc-clsc4\/#primaryimage"},"image":{"@id":"https:\/\/www.suno.com.br\/noticias\/edp-brasil-enbr3-eleva-participacao-acionaria-celesc-clsc4\/#primaryimage"},"thumbnailUrl":"https:\/\/files.sunoresearch.com.br\/n\/uploads\/2020\/08\/dfe6ffb6-edp-300x300-1.gif","datePublished":"2020-08-19T20:00:53+00:00","description":"A distribuidora de energia EDP Brasil (ENBR3) aumentou sua participa\u00e7\u00e3o acion\u00e1ria na Celesc (CLSC4) para 28,77%. Clique aqui e saiba mais.","breadcrumb":{"@id":"https:\/\/www.suno.com.br\/noticias\/edp-brasil-enbr3-eleva-participacao-acionaria-celesc-clsc4\/#breadcrumb"},"inLanguage":"pt-BR","potentialAction":[{"@type":"ReadAction","target":["https:\/\/www.suno.com.br\/noticias\/edp-brasil-enbr3-eleva-participacao-acionaria-celesc-clsc4\/"]}]},{"@type":"ImageObject","inLanguage":"pt-BR","@id":"https:\/\/www.suno.com.br\/noticias\/edp-brasil-enbr3-eleva-participacao-acionaria-celesc-clsc4\/#primaryimage","url":"https:\/\/files.sunoresearch.com.br\/n\/uploads\/2020\/08\/dfe6ffb6-edp-300x300-1.gif","contentUrl":"https:\/\/files.sunoresearch.com.br\/n\/uploads\/2020\/08\/dfe6ffb6-edp-300x300-1.gif","width":300,"height":300,"caption":"A EDP comprou 1.318.100 a\u00e7\u00f5es preferenciais da Celesc"},{"@type":"BreadcrumbList","@id":"https:\/\/www.suno.com.br\/noticias\/edp-brasil-enbr3-eleva-participacao-acionaria-celesc-clsc4\/#breadcrumb","itemListElement":[{"@type":"ListItem","position":1,"name":"Not\u00edcias","item":"https:\/\/www.suno.com.br\/noticias\/"},{"@type":"ListItem","position":2,"name":"Neg\u00f3cios","item":"https:\/\/www.suno.com.br\/noticias\/negocios\/"},{"@type":"ListItem","position":3,"name":"EDP Brasil (ENBR3) eleva participa\u00e7\u00e3o acion\u00e1ria total na Celesc (CLSC4)"}]},{"@type":"WebSite","@id":"https:\/\/www.suno.com.br\/noticias\/#website","url":"https:\/\/www.suno.com.br\/noticias\/","name":"Suno Not\u00edcias","description":"Seu portal de informa\u00e7\u00e3o sobre o mundo dos investimentos","publisher":{"@id":"https:\/\/www.suno.com.br\/noticias\/#organization"},"potentialAction":[{"@type":"SearchAction","target":{"@type":"EntryPoint","urlTemplate":"https:\/\/www.suno.com.br\/noticias\/?s={search_term_string}"},"query-input":{"@type":"PropertyValueSpecification","valueRequired":true,"valueName":"search_term_string"}}],"inLanguage":"pt-BR"},{"@type":"Organization","@id":"https:\/\/www.suno.com.br\/noticias\/#organization","name":"Suno Not\u00edcias","url":"https:\/\/www.suno.com.br\/noticias\/","logo":{"@type":"ImageObject","inLanguage":"pt-BR","@id":"https:\/\/www.suno.com.br\/noticias\/#\/schema\/logo\/image\/","url":"https:\/\/files.sunoresearch.com.br\/n\/uploads\/2021\/09\/suno-logo.png","contentUrl":"https:\/\/files.sunoresearch.com.br\/n\/uploads\/2021\/09\/suno-logo.png","width":180,"height":180,"caption":"Suno Not\u00edcias"},"image":{"@id":"https:\/\/www.suno.com.br\/noticias\/#\/schema\/logo\/image\/"},"sameAs":["https:\/\/facebook.com\/sunoresearch","https:\/\/x.com\/sunoresearch","https:\/\/www.instagram.com\/suno","https:\/\/www.linkedin.com\/company\/suno-research\/","https:\/\/www.youtube.com\/c\/sunoresearch"]},{"@type":"Person","@id":"https:\/\/www.suno.com.br\/noticias\/#\/schema\/person\/3df0d2808748b74496efe5dbeaef2c72","name":"Laura Moutinho","image":{"@type":"ImageObject","inLanguage":"pt-BR","@id":"https:\/\/www.suno.com.br\/noticias\/#\/schema\/person\/image\/","url":"https:\/\/secure.gravatar.com\/avatar\/7571c7c8ca3a6fca5e41384ece5557ff?s=96&r=g","contentUrl":"https:\/\/secure.gravatar.com\/avatar\/7571c7c8ca3a6fca5e41384ece5557ff?s=96&r=g","caption":"Laura Moutinho"},"description":"Estagi\u00e1ria na Suno Not\u00edcias, escreve not\u00edcias que afetam o mercado financeiro. Estuda administra\u00e7\u00e3o na Universidade Presbiteriana Mackenzie.","url":"https:\/\/www.suno.com.br\/noticias\/author\/laura-moutinho\/"}]}},"default_loop_html":"<div class=\"cardsPage__listCard__boxs\"><div class=\"cardsPage__listCard__boxs__img\"><a href=\"https:\/\/www.suno.com.br\/noticias\/edp-brasil-enbr3-eleva-participacao-acionaria-celesc-clsc4\/\"><img class=\"mask\" src=\"https:\/\/www.suno.com.br\/noticias\/wp-content\/themes\/suno\/resources\/images\/spotlight\/spotlight1img\/bg-mask.png\" alt=\"Image Mask\"\/><img src=\"https:\/\/files.sunoresearch.com.br\/n\/uploads\/2020\/08\/dfe6ffb6-edp-300x300-1.gif\" alt=\"EDP Brasil (ENBR3) eleva participa\u00e7\u00e3o acion\u00e1ria total na Celesc (CLSC4)\"\/><\/a><span class=\"spotlightCategory\"><a href=\"https:\/\/www.suno.com.br\/noticias\/negocios\/\">Neg\u00f3cios<\/a><\/span><\/div><div class=\"cardsPage__listCard__boxs__content\"><a href=\"https:\/\/www.suno.com.br\/noticias\/edp-brasil-enbr3-eleva-participacao-acionaria-celesc-clsc4\/\"><h2 class=\"content__title\">EDP Brasil (ENBR3) eleva participa\u00e7\u00e3o acion\u00e1ria total na Celesc (CLSC4)<\/h2><\/a><div class=\"newsContent__article__meta\"><div class=\"newsContent__article__meta__authorBox\"><a href=\"https:\/\/www.suno.com.br\/noticias\/author\/laura-moutinho\/\" class=\"authorBox__avatar noMobi\"><img src=\"https:\/\/files.sunoresearch.com.br\/n\/uploads\/2020\/08\/531ff69d-whatsapp-image-2020-08-03-at-14.54.38-150x150.webp\" alt=\"Laura Moutinho\"><\/a><div class=\"authorBox__name\"><span>por\n\t\t\t<a href=\"https:\/\/www.suno.com.br\/noticias\/author\/laura-moutinho\/\"><span itemprop=\"author\">Laura Moutinho<\/span><\/a><\/span><time datetime=\"2020-08-19T17:00:53-03:00\" itemprop=\"datePublished\">19\/08\/2020 17:00<\/time><\/div><\/div><\/div><\/div><\/div>","single_layout":"posts","amp_enabled":true,"_links":{"self":[{"href":"https:\/\/www.suno.com.br\/noticias\/wp-json\/wp\/v2\/posts\/79377"}],"collection":[{"href":"https:\/\/www.suno.com.br\/noticias\/wp-json\/wp\/v2\/posts"}],"about":[{"href":"https:\/\/www.suno.com.br\/noticias\/wp-json\/wp\/v2\/types\/post"}],"author":[{"embeddable":true,"href":"https:\/\/www.suno.com.br\/noticias\/wp-json\/wp\/v2\/users\/39"}],"replies":[{"embeddable":true,"href":"https:\/\/www.suno.com.br\/noticias\/wp-json\/wp\/v2\/comments?post=79377"}],"version-history":[{"count":0,"href":"https:\/\/www.suno.com.br\/noticias\/wp-json\/wp\/v2\/posts\/79377\/revisions"}],"wp:featuredmedia":[{"embeddable":true,"href":"https:\/\/www.suno.com.br\/noticias\/wp-json\/wp\/v2\/media\/79398"}],"wp:attachment":[{"href":"https:\/\/www.suno.com.br\/noticias\/wp-json\/wp\/v2\/media?parent=79377"}],"wp:term":[{"taxonomy":"category","embeddable":true,"href":"https:\/\/www.suno.com.br\/noticias\/wp-json\/wp\/v2\/categories?post=79377"},{"taxonomy":"post_tag","embeddable":true,"href":"https:\/\/www.suno.com.br\/noticias\/wp-json\/wp\/v2\/tags?post=79377"},{"taxonomy":"suno_strategy","embeddable":true,"href":"https:\/\/www.suno.com.br\/noticias\/wp-json\/wp\/v2\/suno_strategy?post=79377"}],"curies":[{"name":"wp","href":"https:\/\/api.w.org\/{rel}","templated":true}]}}