{"id":79336,"date":"2020-08-19T16:42:39","date_gmt":"2020-08-19T19:42:39","guid":{"rendered":"https:\/\/www.suno.com.br\/noticias\/?p=79336"},"modified":"2020-08-19T16:42:39","modified_gmt":"2020-08-19T19:42:39","slug":"trafego-rodovias-brasileiras-regularizar-2024","status":"publish","type":"post","link":"https:\/\/www.suno.com.br\/noticias\/trafego-rodovias-brasileiras-regularizar-2024\/","title":{"rendered":"Fluxo de ve\u00edculos em rodovias brasileiras deve se regularizar em 2024, diz Fitch"},"content":{"rendered":"<p>As<strong> rodovias<\/strong> no Brasil v\u00e3o voltar a ter o tr\u00e1fego de ve\u00edculos no mesmo n\u00edvel pr\u00e9-crise somente em 2024, quando o fluxo retornar\u00e1 ao patamar de 2019. A previs\u00e3o foi realizada pela <a href=\"https:\/\/www.suno.com.br\/artigos\/rating\/\">ag\u00eancia de classifica\u00e7\u00e3o de riscos<\/a>, Fitch Ratings, no relat\u00f3rio Global Economic Outlook, divulgado nesta quarta-feira (19).<\/p>\t<div class=\"wrapper-featured-image\">\n\t\t<figure class=\"spotlightImg\">\n\n\t\t\t<picture>\n\t\t\t\t<source media=\"(max-width: 768px)\" srcset=\"https:\/\/files.sunoresearch.com.br\/n\/uploads\/2020\/08\/b9da4a40-49927891777_1187d90dbe_b-400x200.webp\">\n\t\t\t\t<img loading=\"lazy\" decoding=\"async\" class=\"newsContent__article__imgCapa lazyloadDisabled \" src=\"https:\/\/files.sunoresearch.com.br\/n\/uploads\/2020\/08\/b9da4a40-49927891777_1187d90dbe_b-800x450.webp\" width=\"800\" height=\"450\" alt=\"Fluxo de ve\u00edculos em rodovias brasileiras deve se regularizar em 2024, diz Fitch\" fetchpriority=high \/>\n\t\t\t<\/picture>\n\n\t\t\t<figcaption class=\"wp-caption-text wp-caption-text--show\">Rodovias sofrem redu\u00e7\u00e3o de tr\u00e1fego durante pandemia<\/figcaption>\n\t\t<\/figure>\n\t<\/div>\n\n\n<div class=\"hubspot-form-wrapper\">\n\t<div id=\"single-form-target\"><\/div>\n<\/div>\n\n<p>A ag\u00eancia de classifica\u00e7\u00e3o de risco salientou que devido \u00e0 pandemia causada pelo novo coronav\u00edrus (covid-19), ainda existe uma certa d\u00favida em rela\u00e7\u00e3o a retomada da intensidade de ve\u00edculos nas rodovias brasileiras.<\/p>\n<p>&#8220;Os atuais cen\u00e1rios de avalia\u00e7\u00e3o da Fitch presumem que os n\u00edveis de tr\u00e1fego de 2019 devem ser atingidos at\u00e9 2024\u201d, aponta o relat\u00f3rio.<\/p>\n<p><a href=\"https:\/\/lp.suno.com.br\/suno-one\/\">Conhe\u00e7a o Suno One, a central gratuita de informa\u00e7\u00f5es da Suno para quem quer aprender a investir. Acesse clicando aqui.<\/a><\/p>\n<p>Segundo o cen\u00e1rio pessimista expressado pela ag\u00eancia, o fluxo de ve\u00edculos deve diminuir em m\u00e9dia 28% neste ano.<\/p>\n<p>Conforme o relat\u00f3rio da Fitch, o segmento de ve\u00edculos de passeio ser\u00e3o afetados pela lenta recupera\u00e7\u00e3o da economia ap\u00f3s o fim das restri\u00e7\u00f5es de mobilidade.<\/p>\n<p>Entretanto, o tr\u00e1fego de ve\u00edculos pesados n\u00e3o sofreu a mesma queda que os ve\u00edculos leves, apresentando um fluxo com n\u00edveis semelhantes aos do ano passado, devido ao crescimento do setor do agroneg\u00f3cio.<\/p>\n<h2>Classifica\u00e7\u00e3o das Holdings que controlam rodovias<\/h2>\n<p>De acordo com a ag\u00eancia, os <a href=\"https:\/\/www.suno.com.br\/artigos\/rating\/\">ratings<\/a> das holdings de concess\u00e3o de rodovias foram examinados em fun\u00e7\u00e3o dos poss\u00edveis impactos da redu\u00e7\u00e3o do fluxo de ve\u00edculos.<\/p>\n<p>O Grupo <a href=\"https:\/\/www.suno.com.br\/acoes\/ccro3\/\">CCR (CCRO3)<\/a> foi avaliada como est\u00e1vel, apresentando uma baixa alavancagem e forte posi\u00e7\u00e3o de caixa.<\/p>\n<p><a href=\"https:\/\/www.suno.com.br\/noticias\/ccr-ccro3-totalidade-participacoes-rodonorte\/\">Saiba Mais: CCR(CCRO3) fecha compra de participa\u00e7\u00f5es restantes na Rodonorte<\/a><\/p>\n<p>J\u00e1 a Companhia <a href=\"https:\/\/www.suno.com.br\/acoes\/ecor3\/\">Ecorodovias (ECOR3)<\/a> e Arteris apresentaram notas de risco revisadas para negativa e em observa\u00e7\u00e3o para negativa, respectivamente.<\/p>\n<p>\u201cA liquidez da CCR seria adequada para cobrir a d\u00edvida de curto prazo, com a alavancagem de 2021 voltando a n\u00edveis alinhados com o rating da CCR. Esse cen\u00e1rio provavelmente exigir\u00e1 que a Arteris e a Ecorodvias adiem algumas de suas obriga\u00e7\u00f5es, como <strong><a href=\"https:\/\/www.suno.com.br\/artigos\/capex\/#:~:text=O%20que%20%C3%A9%20CAPEX%3F,das%20opera%C3%A7%C3%B5es%20de%20uma%20empresa.\">CAPEX<\/a> <\/strong>(investimentos), para manter a alavancagem adequada \u00e0s suas categorias de rating\u201d, aponta o relat\u00f3rio.<\/p>\n<p><a href=\"https:\/\/www.suno.com.br\/noticias\/ecorodovias-trafego-estradas-companhia-diminui-20-pandemia\/\">Saiba Mais: Ecorodovias: tr\u00e1fego nas estradas diminui 20% durante pandemia<\/a><\/p>\n<p>Por \u00faltimo, a <strong>Fitch Ratings<\/strong> declarou que seguir\u00e1 acompanhando o per\u00edodo de restri\u00e7\u00f5es de mobilidade, em fun\u00e7\u00e3o da preocupa\u00e7\u00e3o com a economia e com o fluxo de ve\u00edculos nas <strong>rodovias.<\/strong><\/p>\n\t<p>\n\t\t<a href=\"https:\/\/lp.suno.com.br\/planilha-de-controle-de-investimentos\/\" target=\"_blank\" data-element=\"shortcode-suno-banner\" title=\"Banner SUNO, clique e saiba mais\">\n\t\t\t<picture>\n\t\t\t\t<source media=\"(max-width: 500px)\" srcset=\"https:\/\/files.sunoresearch.com.br\/n\/uploads\/2023\/03\/400x300-Controle-de-Investimentos.png\">\n\t\t\t\t<img class=\"newsContent__article__imgCapa newsContent__article__imgCapa--banner\"\n\t\t\t\t\tsrc=\"https:\/\/files.sunoresearch.com.br\/n\/uploads\/2023\/03\/1420x240-Controle-de-Investimentos.png\"\n\t\t\t\t\tdata-promo-id=\"75934\"\t\t\t\t\t\t\t\t\t\twidth='1420' height='240'\t\t\t\t\talt=\"https:\/\/files.sunoresearch.com.br\/n\/uploads\/2023\/03\/1420x240-Controle-de-Investimentos.png\"\n\t\t\t\t>\n\t\t\t<\/picture>\n\t\t<\/a>\n\t<\/p>\n\n\n","protected":false},"excerpt":{"rendered":"<p>As rodovias no Brasil v\u00e3o voltar a ter o tr\u00e1fego de ve\u00edculos no mesmo n\u00edvel pr\u00e9-crise somente em 2024, quando o fluxo retornar\u00e1 ao patamar de 2019. A previs\u00e3o foi realizada pela ag\u00eancia de classifica\u00e7\u00e3o de riscos, Fitch Ratings, no relat\u00f3rio Global Economic Outlook, divulgado nesta quarta-feira (19). Rodovias sofrem redu\u00e7\u00e3o de tr\u00e1fego durante pandemia [&hellip;]<\/p>\n","protected":false},"author":56,"featured_media":79366,"comment_status":"closed","ping_status":"closed","sticky":false,"template":"","format":"standard","meta":[],"categories":[64],"tags":[407,452],"suno_strategy":[],"class_list":["post-79336","post","type-post","status-publish","format-standard","has-post-thumbnail","hentry","category-negocios","tag-ccr-ccro3","tag-ecorodovias-ecor3"],"yoast_head":"<!-- This site is optimized with the Yoast SEO plugin v24.4 - https:\/\/yoast.com\/wordpress\/plugins\/seo\/ -->\n<title>Fluxo de ve\u00edculos em rodovias deve se regularizar em 2024, diz Fitch<\/title>\n<meta name=\"description\" content=\"Segundo a ag\u00eancia Fitch Ratings, o fluxo de ve\u00edculos em rodovias no Brasil deve se reduzir em m\u00e9dia 28% em 2020. Clique aqui para saber mais\" \/>\n<meta name=\"robots\" content=\"index, follow, max-snippet:-1, max-image-preview:large, max-video-preview:-1\" \/>\n<link rel=\"canonical\" href=\"https:\/\/www.suno.com.br\/noticias\/trafego-rodovias-brasileiras-regularizar-2024\/\" \/>\n<meta property=\"og:locale\" content=\"pt_BR\" \/>\n<meta property=\"og:type\" content=\"article\" \/>\n<meta property=\"og:title\" content=\"Fluxo de ve\u00edculos em rodovias deve se regularizar em 2024, diz Fitch\" \/>\n<meta property=\"og:description\" content=\"Segundo a ag\u00eancia Fitch Ratings, o fluxo de ve\u00edculos em rodovias no Brasil deve se reduzir em m\u00e9dia 28% em 2020. Clique aqui para saber mais\" \/>\n<meta property=\"og:url\" content=\"https:\/\/www.suno.com.br\/noticias\/trafego-rodovias-brasileiras-regularizar-2024\/\" \/>\n<meta property=\"og:site_name\" content=\"Suno Not\u00edcias\" \/>\n<meta property=\"article:publisher\" content=\"https:\/\/facebook.com\/sunoresearch\" \/>\n<meta property=\"og:image\" content=\"https:\/\/files.sunoresearch.com.br\/n\/uploads\/2020\/08\/b9da4a40-49927891777_1187d90dbe_b.jpg\" \/>\n\t<meta property=\"og:image:width\" content=\"1024\" \/>\n\t<meta property=\"og:image:height\" content=\"683\" \/>\n\t<meta property=\"og:image:type\" content=\"image\/jpeg\" \/>\n<meta name=\"author\" content=\"Rafaela La Regina\" \/>\n<meta name=\"twitter:card\" content=\"summary_large_image\" \/>\n<meta name=\"twitter:creator\" content=\"@sunoresearch\" \/>\n<meta name=\"twitter:site\" content=\"@sunoresearch\" \/>\n<meta name=\"twitter:label1\" content=\"Escrito por\" \/>\n\t<meta name=\"twitter:data1\" content=\"Rafaela La Regina\" \/>\n\t<meta name=\"twitter:label2\" content=\"Est. tempo de leitura\" \/>\n\t<meta name=\"twitter:data2\" content=\"2 minutos\" \/>\n<script type=\"application\/ld+json\" class=\"yoast-schema-graph\">{\"@context\":\"https:\/\/schema.org\",\"@graph\":[{\"@type\":\"NewsArticle\",\"@id\":\"https:\/\/www.suno.com.br\/noticias\/trafego-rodovias-brasileiras-regularizar-2024\/#article\",\"isPartOf\":{\"@id\":\"https:\/\/www.suno.com.br\/noticias\/trafego-rodovias-brasileiras-regularizar-2024\/\"},\"author\":{\"name\":\"Rafaela La Regina\",\"@id\":\"https:\/\/www.suno.com.br\/noticias\/#\/schema\/person\/e672ca8cea627fe715fa29bca7da95e0\"},\"headline\":\"Fluxo de ve\u00edculos em rodovias brasileiras deve se regularizar em 2024, diz Fitch\",\"datePublished\":\"2020-08-19T19:42:39+00:00\",\"mainEntityOfPage\":{\"@id\":\"https:\/\/www.suno.com.br\/noticias\/trafego-rodovias-brasileiras-regularizar-2024\/\"},\"wordCount\":456,\"publisher\":{\"@id\":\"https:\/\/www.suno.com.br\/noticias\/#organization\"},\"image\":{\"@id\":\"https:\/\/www.suno.com.br\/noticias\/trafego-rodovias-brasileiras-regularizar-2024\/#primaryimage\"},\"thumbnailUrl\":\"https:\/\/files.sunoresearch.com.br\/n\/uploads\/2020\/08\/b9da4a40-49927891777_1187d90dbe_b-jpg.webp\",\"keywords\":[\"CCR (CCRO3)\",\"Ecorodovias (ECOR3)\"],\"articleSection\":[\"Neg\u00f3cios\"],\"inLanguage\":\"pt-BR\"},{\"@type\":\"WebPage\",\"@id\":\"https:\/\/www.suno.com.br\/noticias\/trafego-rodovias-brasileiras-regularizar-2024\/\",\"url\":\"https:\/\/www.suno.com.br\/noticias\/trafego-rodovias-brasileiras-regularizar-2024\/\",\"name\":\"Fluxo de ve\u00edculos em rodovias deve se regularizar em 2024, diz Fitch\",\"isPartOf\":{\"@id\":\"https:\/\/www.suno.com.br\/noticias\/#website\"},\"primaryImageOfPage\":{\"@id\":\"https:\/\/www.suno.com.br\/noticias\/trafego-rodovias-brasileiras-regularizar-2024\/#primaryimage\"},\"image\":{\"@id\":\"https:\/\/www.suno.com.br\/noticias\/trafego-rodovias-brasileiras-regularizar-2024\/#primaryimage\"},\"thumbnailUrl\":\"https:\/\/files.sunoresearch.com.br\/n\/uploads\/2020\/08\/b9da4a40-49927891777_1187d90dbe_b-jpg.webp\",\"datePublished\":\"2020-08-19T19:42:39+00:00\",\"description\":\"Segundo a ag\u00eancia Fitch Ratings, o fluxo de ve\u00edculos em rodovias no Brasil deve se reduzir em m\u00e9dia 28% em 2020. Clique aqui para saber mais\",\"breadcrumb\":{\"@id\":\"https:\/\/www.suno.com.br\/noticias\/trafego-rodovias-brasileiras-regularizar-2024\/#breadcrumb\"},\"inLanguage\":\"pt-BR\",\"potentialAction\":[{\"@type\":\"ReadAction\",\"target\":[\"https:\/\/www.suno.com.br\/noticias\/trafego-rodovias-brasileiras-regularizar-2024\/\"]}]},{\"@type\":\"ImageObject\",\"inLanguage\":\"pt-BR\",\"@id\":\"https:\/\/www.suno.com.br\/noticias\/trafego-rodovias-brasileiras-regularizar-2024\/#primaryimage\",\"url\":\"https:\/\/files.sunoresearch.com.br\/n\/uploads\/2020\/08\/b9da4a40-49927891777_1187d90dbe_b-jpg.webp\",\"contentUrl\":\"https:\/\/files.sunoresearch.com.br\/n\/uploads\/2020\/08\/b9da4a40-49927891777_1187d90dbe_b-jpg.webp\",\"width\":1024,\"height\":683,\"caption\":\"Rodovias sofrem redu\u00e7\u00e3o de tr\u00e1fego durante pandemia\"},{\"@type\":\"BreadcrumbList\",\"@id\":\"https:\/\/www.suno.com.br\/noticias\/trafego-rodovias-brasileiras-regularizar-2024\/#breadcrumb\",\"itemListElement\":[{\"@type\":\"ListItem\",\"position\":1,\"name\":\"Not\u00edcias\",\"item\":\"https:\/\/www.suno.com.br\/noticias\/\"},{\"@type\":\"ListItem\",\"position\":2,\"name\":\"Neg\u00f3cios\",\"item\":\"https:\/\/www.suno.com.br\/noticias\/negocios\/\"},{\"@type\":\"ListItem\",\"position\":3,\"name\":\"Fluxo de ve\u00edculos em rodovias brasileiras deve se regularizar em 2024, diz Fitch\"}]},{\"@type\":\"WebSite\",\"@id\":\"https:\/\/www.suno.com.br\/noticias\/#website\",\"url\":\"https:\/\/www.suno.com.br\/noticias\/\",\"name\":\"Suno Not\u00edcias\",\"description\":\"Seu portal de informa\u00e7\u00e3o sobre o mundo dos investimentos\",\"publisher\":{\"@id\":\"https:\/\/www.suno.com.br\/noticias\/#organization\"},\"potentialAction\":[{\"@type\":\"SearchAction\",\"target\":{\"@type\":\"EntryPoint\",\"urlTemplate\":\"https:\/\/www.suno.com.br\/noticias\/?s={search_term_string}\"},\"query-input\":{\"@type\":\"PropertyValueSpecification\",\"valueRequired\":true,\"valueName\":\"search_term_string\"}}],\"inLanguage\":\"pt-BR\"},{\"@type\":\"Organization\",\"@id\":\"https:\/\/www.suno.com.br\/noticias\/#organization\",\"name\":\"Suno Not\u00edcias\",\"url\":\"https:\/\/www.suno.com.br\/noticias\/\",\"logo\":{\"@type\":\"ImageObject\",\"inLanguage\":\"pt-BR\",\"@id\":\"https:\/\/www.suno.com.br\/noticias\/#\/schema\/logo\/image\/\",\"url\":\"https:\/\/files.sunoresearch.com.br\/n\/uploads\/2021\/09\/suno-logo.png\",\"contentUrl\":\"https:\/\/files.sunoresearch.com.br\/n\/uploads\/2021\/09\/suno-logo.png\",\"width\":180,\"height\":180,\"caption\":\"Suno Not\u00edcias\"},\"image\":{\"@id\":\"https:\/\/www.suno.com.br\/noticias\/#\/schema\/logo\/image\/\"},\"sameAs\":[\"https:\/\/facebook.com\/sunoresearch\",\"https:\/\/x.com\/sunoresearch\",\"https:\/\/www.instagram.com\/suno\",\"https:\/\/www.linkedin.com\/company\/suno-research\/\",\"https:\/\/www.youtube.com\/c\/sunoresearch\"]},{\"@type\":\"Person\",\"@id\":\"https:\/\/www.suno.com.br\/noticias\/#\/schema\/person\/e672ca8cea627fe715fa29bca7da95e0\",\"name\":\"Rafaela La Regina\",\"image\":{\"@type\":\"ImageObject\",\"inLanguage\":\"pt-BR\",\"@id\":\"https:\/\/www.suno.com.br\/noticias\/#\/schema\/person\/image\/\",\"url\":\"https:\/\/secure.gravatar.com\/avatar\/d2c75a52d243deb93d0465fdcb21bd37?s=96&r=g\",\"contentUrl\":\"https:\/\/secure.gravatar.com\/avatar\/d2c75a52d243deb93d0465fdcb21bd37?s=96&r=g\",\"caption\":\"Rafaela La Regina\"},\"description\":\"Estagi\u00e1ria no Suno Not\u00edcias. Escreve sobre economia, pol\u00edtica e neg\u00f3cios. Estuda Rela\u00e7\u00f5es Internacionais no IBMEC-SP.\",\"url\":\"https:\/\/www.suno.com.br\/noticias\/author\/rafaela-la-regina\/\"}]}<\/script>\n<!-- \/ Yoast SEO plugin. -->","yoast_head_json":{"title":"Fluxo de ve\u00edculos em rodovias deve se regularizar em 2024, diz Fitch","description":"Segundo a ag\u00eancia Fitch Ratings, o fluxo de ve\u00edculos em rodovias no Brasil deve se reduzir em m\u00e9dia 28% em 2020. Clique aqui para saber mais","robots":{"index":"index","follow":"follow","max-snippet":"max-snippet:-1","max-image-preview":"max-image-preview:large","max-video-preview":"max-video-preview:-1"},"canonical":"https:\/\/www.suno.com.br\/noticias\/trafego-rodovias-brasileiras-regularizar-2024\/","og_locale":"pt_BR","og_type":"article","og_title":"Fluxo de ve\u00edculos em rodovias deve se regularizar em 2024, diz Fitch","og_description":"Segundo a ag\u00eancia Fitch Ratings, o fluxo de ve\u00edculos em rodovias no Brasil deve se reduzir em m\u00e9dia 28% em 2020. Clique aqui para saber mais","og_url":"https:\/\/www.suno.com.br\/noticias\/trafego-rodovias-brasileiras-regularizar-2024\/","og_site_name":"Suno Not\u00edcias","article_publisher":"https:\/\/facebook.com\/sunoresearch","og_image":[{"width":1024,"height":683,"url":"https:\/\/files.sunoresearch.com.br\/n\/uploads\/2020\/08\/b9da4a40-49927891777_1187d90dbe_b.jpg","type":"image\/jpeg"}],"author":"Rafaela La Regina","twitter_card":"summary_large_image","twitter_creator":"@sunoresearch","twitter_site":"@sunoresearch","twitter_misc":{"Escrito por":"Rafaela La Regina","Est. tempo de leitura":"2 minutos"},"schema":{"@context":"https:\/\/schema.org","@graph":[{"@type":"NewsArticle","@id":"https:\/\/www.suno.com.br\/noticias\/trafego-rodovias-brasileiras-regularizar-2024\/#article","isPartOf":{"@id":"https:\/\/www.suno.com.br\/noticias\/trafego-rodovias-brasileiras-regularizar-2024\/"},"author":{"name":"Rafaela La Regina","@id":"https:\/\/www.suno.com.br\/noticias\/#\/schema\/person\/e672ca8cea627fe715fa29bca7da95e0"},"headline":"Fluxo de ve\u00edculos em rodovias brasileiras deve se regularizar em 2024, diz Fitch","datePublished":"2020-08-19T19:42:39+00:00","mainEntityOfPage":{"@id":"https:\/\/www.suno.com.br\/noticias\/trafego-rodovias-brasileiras-regularizar-2024\/"},"wordCount":456,"publisher":{"@id":"https:\/\/www.suno.com.br\/noticias\/#organization"},"image":{"@id":"https:\/\/www.suno.com.br\/noticias\/trafego-rodovias-brasileiras-regularizar-2024\/#primaryimage"},"thumbnailUrl":"https:\/\/files.sunoresearch.com.br\/n\/uploads\/2020\/08\/b9da4a40-49927891777_1187d90dbe_b-jpg.webp","keywords":["CCR (CCRO3)","Ecorodovias (ECOR3)"],"articleSection":["Neg\u00f3cios"],"inLanguage":"pt-BR"},{"@type":"WebPage","@id":"https:\/\/www.suno.com.br\/noticias\/trafego-rodovias-brasileiras-regularizar-2024\/","url":"https:\/\/www.suno.com.br\/noticias\/trafego-rodovias-brasileiras-regularizar-2024\/","name":"Fluxo de ve\u00edculos em rodovias deve se regularizar em 2024, diz Fitch","isPartOf":{"@id":"https:\/\/www.suno.com.br\/noticias\/#website"},"primaryImageOfPage":{"@id":"https:\/\/www.suno.com.br\/noticias\/trafego-rodovias-brasileiras-regularizar-2024\/#primaryimage"},"image":{"@id":"https:\/\/www.suno.com.br\/noticias\/trafego-rodovias-brasileiras-regularizar-2024\/#primaryimage"},"thumbnailUrl":"https:\/\/files.sunoresearch.com.br\/n\/uploads\/2020\/08\/b9da4a40-49927891777_1187d90dbe_b-jpg.webp","datePublished":"2020-08-19T19:42:39+00:00","description":"Segundo a ag\u00eancia Fitch Ratings, o fluxo de ve\u00edculos em rodovias no Brasil deve se reduzir em m\u00e9dia 28% em 2020. Clique aqui para saber mais","breadcrumb":{"@id":"https:\/\/www.suno.com.br\/noticias\/trafego-rodovias-brasileiras-regularizar-2024\/#breadcrumb"},"inLanguage":"pt-BR","potentialAction":[{"@type":"ReadAction","target":["https:\/\/www.suno.com.br\/noticias\/trafego-rodovias-brasileiras-regularizar-2024\/"]}]},{"@type":"ImageObject","inLanguage":"pt-BR","@id":"https:\/\/www.suno.com.br\/noticias\/trafego-rodovias-brasileiras-regularizar-2024\/#primaryimage","url":"https:\/\/files.sunoresearch.com.br\/n\/uploads\/2020\/08\/b9da4a40-49927891777_1187d90dbe_b-jpg.webp","contentUrl":"https:\/\/files.sunoresearch.com.br\/n\/uploads\/2020\/08\/b9da4a40-49927891777_1187d90dbe_b-jpg.webp","width":1024,"height":683,"caption":"Rodovias sofrem redu\u00e7\u00e3o de tr\u00e1fego durante pandemia"},{"@type":"BreadcrumbList","@id":"https:\/\/www.suno.com.br\/noticias\/trafego-rodovias-brasileiras-regularizar-2024\/#breadcrumb","itemListElement":[{"@type":"ListItem","position":1,"name":"Not\u00edcias","item":"https:\/\/www.suno.com.br\/noticias\/"},{"@type":"ListItem","position":2,"name":"Neg\u00f3cios","item":"https:\/\/www.suno.com.br\/noticias\/negocios\/"},{"@type":"ListItem","position":3,"name":"Fluxo de ve\u00edculos em rodovias brasileiras deve se regularizar em 2024, diz Fitch"}]},{"@type":"WebSite","@id":"https:\/\/www.suno.com.br\/noticias\/#website","url":"https:\/\/www.suno.com.br\/noticias\/","name":"Suno Not\u00edcias","description":"Seu portal de informa\u00e7\u00e3o sobre o mundo dos investimentos","publisher":{"@id":"https:\/\/www.suno.com.br\/noticias\/#organization"},"potentialAction":[{"@type":"SearchAction","target":{"@type":"EntryPoint","urlTemplate":"https:\/\/www.suno.com.br\/noticias\/?s={search_term_string}"},"query-input":{"@type":"PropertyValueSpecification","valueRequired":true,"valueName":"search_term_string"}}],"inLanguage":"pt-BR"},{"@type":"Organization","@id":"https:\/\/www.suno.com.br\/noticias\/#organization","name":"Suno Not\u00edcias","url":"https:\/\/www.suno.com.br\/noticias\/","logo":{"@type":"ImageObject","inLanguage":"pt-BR","@id":"https:\/\/www.suno.com.br\/noticias\/#\/schema\/logo\/image\/","url":"https:\/\/files.sunoresearch.com.br\/n\/uploads\/2021\/09\/suno-logo.png","contentUrl":"https:\/\/files.sunoresearch.com.br\/n\/uploads\/2021\/09\/suno-logo.png","width":180,"height":180,"caption":"Suno Not\u00edcias"},"image":{"@id":"https:\/\/www.suno.com.br\/noticias\/#\/schema\/logo\/image\/"},"sameAs":["https:\/\/facebook.com\/sunoresearch","https:\/\/x.com\/sunoresearch","https:\/\/www.instagram.com\/suno","https:\/\/www.linkedin.com\/company\/suno-research\/","https:\/\/www.youtube.com\/c\/sunoresearch"]},{"@type":"Person","@id":"https:\/\/www.suno.com.br\/noticias\/#\/schema\/person\/e672ca8cea627fe715fa29bca7da95e0","name":"Rafaela La Regina","image":{"@type":"ImageObject","inLanguage":"pt-BR","@id":"https:\/\/www.suno.com.br\/noticias\/#\/schema\/person\/image\/","url":"https:\/\/secure.gravatar.com\/avatar\/d2c75a52d243deb93d0465fdcb21bd37?s=96&r=g","contentUrl":"https:\/\/secure.gravatar.com\/avatar\/d2c75a52d243deb93d0465fdcb21bd37?s=96&r=g","caption":"Rafaela La Regina"},"description":"Estagi\u00e1ria no Suno Not\u00edcias. Escreve sobre economia, pol\u00edtica e neg\u00f3cios. Estuda Rela\u00e7\u00f5es Internacionais no IBMEC-SP.","url":"https:\/\/www.suno.com.br\/noticias\/author\/rafaela-la-regina\/"}]}},"default_loop_html":"<div class=\"cardsPage__listCard__boxs\"><div class=\"cardsPage__listCard__boxs__img\"><a href=\"https:\/\/www.suno.com.br\/noticias\/trafego-rodovias-brasileiras-regularizar-2024\/\"><img class=\"mask\" src=\"https:\/\/www.suno.com.br\/noticias\/wp-content\/themes\/suno\/resources\/images\/spotlight\/spotlight1img\/bg-mask.png\" alt=\"Image Mask\"\/><img src=\"https:\/\/files.sunoresearch.com.br\/n\/uploads\/2020\/08\/b9da4a40-49927891777_1187d90dbe_b-400x200.webp\" alt=\"Fluxo de ve\u00edculos em rodovias brasileiras deve se regularizar em 2024, diz Fitch\"\/><\/a><span class=\"spotlightCategory\"><a href=\"https:\/\/www.suno.com.br\/noticias\/negocios\/\">Neg\u00f3cios<\/a><\/span><\/div><div class=\"cardsPage__listCard__boxs__content\"><a href=\"https:\/\/www.suno.com.br\/noticias\/trafego-rodovias-brasileiras-regularizar-2024\/\"><h2 class=\"content__title\">Fluxo de ve\u00edculos em rodovias brasileiras deve se regularizar em 2024, diz Fitch<\/h2><\/a><div class=\"newsContent__article__meta\"><div class=\"newsContent__article__meta__authorBox\"><a href=\"https:\/\/www.suno.com.br\/noticias\/author\/rafaela-la-regina\/\" class=\"authorBox__avatar noMobi\"><img src=\"https:\/\/secure.gravatar.com\/avatar\/d2c75a52d243deb93d0465fdcb21bd37?s=96&#038;r=g\" alt=\"Rafaela La Regina\"><\/a><div class=\"authorBox__name\"><span>por\n\t\t\t<a href=\"https:\/\/www.suno.com.br\/noticias\/author\/rafaela-la-regina\/\"><span itemprop=\"author\">Rafaela La Regina<\/span><\/a><\/span><time datetime=\"2020-08-19T16:42:39-03:00\" itemprop=\"datePublished\">19\/08\/2020 16:42<\/time><\/div><\/div><\/div><\/div><\/div>","single_layout":"posts","amp_enabled":true,"_links":{"self":[{"href":"https:\/\/www.suno.com.br\/noticias\/wp-json\/wp\/v2\/posts\/79336"}],"collection":[{"href":"https:\/\/www.suno.com.br\/noticias\/wp-json\/wp\/v2\/posts"}],"about":[{"href":"https:\/\/www.suno.com.br\/noticias\/wp-json\/wp\/v2\/types\/post"}],"author":[{"embeddable":true,"href":"https:\/\/www.suno.com.br\/noticias\/wp-json\/wp\/v2\/users\/56"}],"replies":[{"embeddable":true,"href":"https:\/\/www.suno.com.br\/noticias\/wp-json\/wp\/v2\/comments?post=79336"}],"version-history":[{"count":0,"href":"https:\/\/www.suno.com.br\/noticias\/wp-json\/wp\/v2\/posts\/79336\/revisions"}],"wp:featuredmedia":[{"embeddable":true,"href":"https:\/\/www.suno.com.br\/noticias\/wp-json\/wp\/v2\/media\/79366"}],"wp:attachment":[{"href":"https:\/\/www.suno.com.br\/noticias\/wp-json\/wp\/v2\/media?parent=79336"}],"wp:term":[{"taxonomy":"category","embeddable":true,"href":"https:\/\/www.suno.com.br\/noticias\/wp-json\/wp\/v2\/categories?post=79336"},{"taxonomy":"post_tag","embeddable":true,"href":"https:\/\/www.suno.com.br\/noticias\/wp-json\/wp\/v2\/tags?post=79336"},{"taxonomy":"suno_strategy","embeddable":true,"href":"https:\/\/www.suno.com.br\/noticias\/wp-json\/wp\/v2\/suno_strategy?post=79336"}],"curies":[{"name":"wp","href":"https:\/\/api.w.org\/{rel}","templated":true}]}}