{"id":79310,"date":"2020-08-19T13:09:40","date_gmt":"2020-08-19T16:09:40","guid":{"rendered":"https:\/\/www.suno.com.br\/noticias\/?p=79310"},"modified":"2020-08-19T13:53:08","modified_gmt":"2020-08-19T16:53:08","slug":"apple-ultrapassa-2-trilhoes-valor-de-mercado","status":"publish","type":"post","link":"https:\/\/www.suno.com.br\/noticias\/apple-ultrapassa-2-trilhoes-valor-de-mercado\/","title":{"rendered":"Apple ultrapassa a marca de US$ 2 trilh\u00f5es em valor de mercado"},"content":{"rendered":"<p>A <strong>Apple<\/strong> (<a href=\"https:\/\/www.suno.com.br\/artigos\/nasdaq\/\">NASDAQ<\/a>: AAPL) ultrapassou a marca de US$ 2 trilh\u00f5es (R$ 11 trilh\u00f5es) em valor de mercado na manh\u00e3 desta quarta-feira (19). A empresa mais valiosa do <a href=\"https:\/\/www.suno.com.br\/artigos\/sp-500\/\">S&amp;P 500<\/a> se tornou a primeira companhia norte-americana a atingir tal marca na hist\u00f3ria.<\/p>\t<div class=\"wrapper-featured-image\">\n\t\t<figure class=\"spotlightImg\">\n\n\t\t\t<picture>\n\t\t\t\t<source media=\"(max-width: 768px)\" srcset=\"https:\/\/files.sunoresearch.com.br\/n\/uploads\/2020\/08\/26faff82-apple-400x200.webp\">\n\t\t\t\t<img loading=\"lazy\" decoding=\"async\" class=\"newsContent__article__imgCapa lazyloadDisabled \" src=\"https:\/\/files.sunoresearch.com.br\/n\/uploads\/2020\/08\/26faff82-apple-800x450.webp\" width=\"800\" height=\"450\" alt=\"Apple ultrapassa a marca de US$ 2 trilh\u00f5es em valor de mercado\" fetchpriority=high \/>\n\t\t\t<\/picture>\n\n\t\t\t<figcaption class=\"wp-caption-text wp-caption-text--show\">Apple se torna a primeira empresa dos EUA a atingir a marca de US$ 2 trilh\u00f5es em valor de mercado. <\/figcaption>\n\t\t<\/figure>\n\t<\/div>\n\n\n<div class=\"hubspot-form-wrapper\">\n\t<div id=\"single-form-target\"><\/div>\n<\/div>\n\n<p>As a\u00e7\u00f5es da companhia fundada por <a href=\"https:\/\/www.suno.com.br\/tudo-sobre\/steve-jobs\/\"><strong>Steve Jobs<\/strong><\/a> apresentavam uma alta de 1,2% nesta manh\u00e3, sendo negociadas a US$ 467,97. Desde o patamar mais baixo desde ano, registrado em 23 de mar\u00e7o, em fun\u00e7\u00e3o dos temores pela pandemia do <a href=\"https:\/\/www.suno.com.br\/noticias\/?s=coronav%C3%ADrus\">novo <strong>coronav\u00edrus<\/strong> (Covid-19)<\/a>, os pap\u00e9is da Apple mais do que dobraram &#8212; impulsionados pelos resultados melhores do que a expectativa, sobretudo no segundo trimestre.<\/p>\n<p>Os investidores mostram-se confiantes com as empresas de <strong>tecnologia<\/strong>, as quais j\u00e1 s\u00e3o as maiores dos Estados Unidos. Diferentemente do que aconteceu na <a href=\"https:\/\/www.suno.com.br\/artigos\/crise-do-subprime\/\">crise dos subprime<\/a>, e menos ainda do observado na <a href=\"https:\/\/www.suno.com.br\/artigos\/bolha-da-internet\/#:~:text=A%20bolha%20da%20internet%20(tamb%C3%A9m,10%20de%20mar%C3%A7o%20de%202000.\">bolha da internet<\/a>, no in\u00edcio do s\u00e9culo, as companhias do setor se recuperaram r\u00e1pido da crise.<\/p>\n<p><a href=\"https:\/\/lp.suno.com.br\/suno-one\/\">Suno One: acesse gratuitamente eBooks, Minicursos, Artigos e Video Aulas sobre investimentos com um \u00fanico cadastro. Clique para saber mais!<\/a><\/p>\n<p>Enquanto o <strong>S&amp;P 500<\/strong>, que renovou sua m\u00e1xima hist\u00f3rica na \u00faltima ter\u00e7a-feira (18), j\u00e1 subiu 51,89% desde o ponto mais baixo de 2020, a Apple subiu 108%, a <strong>Amazon<\/strong> (NASDAQ: AMNZ) valorizou-se 96%, o <strong>Facebook<\/strong> (NASDAQ: FB) 83% e o <strong>Google<\/strong> (NASDAQ: GOOG) 48% e a <strong>Microsoft<\/strong> (NASDAQ: MSFT), 55%.<\/p>\n<h2>Ascens\u00e3o da Apple e do setor de tecnologia<\/h2>\n<p>As cinco maiores empresas dos Estados Unidos representavam cerca de 25% do S&amp;P 500 no fim de julho, em compara\u00e7\u00e3o a 12% h\u00e1 quatro anos. A ascens\u00e3o do setor ajuda a ilustrar como o mercado continua a bater recordes, mesmo com a economia em corda bamba. <a href=\"https:\/\/www.suno.com.br\/noticias\/pib-eua-tomba-segundo-trimestre-2020\/\">O Produto Interno Bruto (PIB) dos Estados Unidos caiu 32% no segundo trimestre<\/a>.<\/p>\n<p>Nick Giacoumakis, do New England Investment &amp; Retirement Group, em entrevista ao &#8220;The Wall Street Journal&#8221;, disse que &#8220;\u00e9 incr\u00edvel que empresas t\u00e3o grandes ainda possam crescer t\u00e3o r\u00e1pido\u201d. \u201cEu nunca subestimaria sua capacidade de inovar.\u201d<\/p>\n<p>Giacoumakis possui uma participa\u00e7\u00e3o da Apple em seu portf\u00f3lio, assim como o considerado maior investidor de todos os tempos, <a href=\"https:\/\/www.suno.com.br\/artigos\/especial-warren-buffett\/\"><strong>Warren Buffett<\/strong><\/a>. A <strong>Berkshire Hathaway<\/strong> det\u00e9m aproximadamente US$ 115 bilh\u00f5es investidos na gigante da tecnologia, com base em 245 milh\u00f5es de a\u00e7\u00f5es sob sua posse.<\/p>\n\t<div data-element=\"shortcode-read-more\" class=\"knowMore\">\n\t\t\t\t<span class=\"knowMore__title\">Veja tamb\u00e9m<\/span>\n\t\t\t\t<a class=\"knowMore__link\" href=\"https:\/\/www.suno.com.br\/noticias\/apple-receita-us59bi-vendas-internacionais\/\">\n\t\t\tApple apresenta receita de US$ 59,7 bi com vendas internacionais\t\t<\/a>\n\t<\/div>\n\n\n<p>Analistas atribuem o bom momento da Apple ao CEO que sucedeu Jobs, <a href=\"https:\/\/www.suno.com.br\/tudo-sobre\/tim-cook\/\"><strong>Tim Cook<\/strong><\/a>. Ele fez com que a empresa ampliasse seu mercado na China e intensificou os investimentos em neg\u00f3cios de servi\u00e7os, como o Apple Music e o <a href=\"https:\/\/www.suno.com.br\/noticias\/apple-servicos-digitais-pacote-por-assinatura\/\">futuro Apple One<\/a>. Sob a gest\u00e3o dele, h\u00e1 cerca de dois anos, a empresa foi a primeira companhia estadunidense a atingir o valor de US$ 1 trilh\u00e3o.<\/p>\n<p>A <strong>Apple<\/strong> se tornou a maior empresa dos Estados Unidos em 2011, ultrapassando a Exxon Mobil poucos meses antes de Jobs morrer. Atualmente, o <a href=\"https:\/\/www.suno.com.br\/artigos\/valor-de-mercado\/\">valor de mercado<\/a> da companhia \u00e9 11 vezes maior do que a gigante petroleira.<\/p>\n\t<p>\n\t\t<a href=\"https:\/\/lp.suno.com.br\/planilha-de-controle-de-investimentos\/\" target=\"_blank\" data-element=\"shortcode-suno-banner\" title=\"Banner SUNO, clique e saiba mais\">\n\t\t\t<picture>\n\t\t\t\t<source media=\"(max-width: 500px)\" srcset=\"https:\/\/files.sunoresearch.com.br\/n\/uploads\/2023\/03\/400x300-Controle-de-Investimentos.png\">\n\t\t\t\t<img class=\"newsContent__article__imgCapa newsContent__article__imgCapa--banner\"\n\t\t\t\t\tsrc=\"https:\/\/files.sunoresearch.com.br\/n\/uploads\/2023\/03\/1420x240-Controle-de-Investimentos.png\"\n\t\t\t\t\tdata-promo-id=\"75934\"\t\t\t\t\t\t\t\t\t\twidth='1420' height='240'\t\t\t\t\talt=\"https:\/\/files.sunoresearch.com.br\/n\/uploads\/2023\/03\/1420x240-Controle-de-Investimentos.png\"\n\t\t\t\t>\n\t\t\t<\/picture>\n\t\t<\/a>\n\t<\/p>\n\n\n","protected":false},"excerpt":{"rendered":"<p>A Apple (NASDAQ: AAPL) ultrapassou a marca de US$ 2 trilh\u00f5es (R$ 11 trilh\u00f5es) em valor de mercado na manh\u00e3 desta quarta-feira (19). A empresa mais valiosa do S&amp;P 500 se tornou a primeira companhia norte-americana a atingir tal marca na hist\u00f3ria. Apple se torna a primeira empresa dos EUA a atingir a marca de [&hellip;]<\/p>\n","protected":false},"author":24,"featured_media":79312,"comment_status":"closed","ping_status":"closed","sticky":false,"template":"","format":"standard","meta":[],"categories":[64],"tags":[794,2667],"suno_strategy":[],"class_list":["post-79310","post","type-post","status-publish","format-standard","has-post-thumbnail","hentry","category-negocios","tag-apple-aapl34","tag-sp-500"],"yoast_head":"<!-- This site is optimized with the Yoast SEO plugin v24.4 - https:\/\/yoast.com\/wordpress\/plugins\/seo\/ -->\n<title>Apple ultrapassa a marca de US$ 2 trilh\u00f5es em valor de mercado<\/title>\n<meta name=\"description\" content=\"A Apple (NASDAQ: AAPL) ultrapassou a marca de US$ 2 trilh\u00f5es em valor de mercado na manh\u00e3 desta quarta-feira (19). Saiba mais.\" \/>\n<meta name=\"robots\" content=\"index, follow, max-snippet:-1, max-image-preview:large, max-video-preview:-1\" \/>\n<link rel=\"canonical\" href=\"https:\/\/www.suno.com.br\/noticias\/apple-ultrapassa-2-trilhoes-valor-de-mercado\/\" \/>\n<meta property=\"og:locale\" content=\"pt_BR\" \/>\n<meta property=\"og:type\" content=\"article\" \/>\n<meta property=\"og:title\" content=\"Apple ultrapassa a marca de US$ 2 trilh\u00f5es em valor de mercado\" \/>\n<meta property=\"og:description\" content=\"A Apple (NASDAQ: AAPL) ultrapassou a marca de US$ 2 trilh\u00f5es em valor de mercado na manh\u00e3 desta quarta-feira (19). Saiba mais.\" \/>\n<meta property=\"og:url\" content=\"https:\/\/www.suno.com.br\/noticias\/apple-ultrapassa-2-trilhoes-valor-de-mercado\/\" \/>\n<meta property=\"og:site_name\" content=\"Suno Not\u00edcias\" \/>\n<meta property=\"article:publisher\" content=\"https:\/\/facebook.com\/sunoresearch\" \/>\n<meta property=\"og:image\" content=\"https:\/\/files.sunoresearch.com.br\/n\/uploads\/2020\/08\/26faff82-apple.jpg\" \/>\n\t<meta property=\"og:image:width\" content=\"1920\" \/>\n\t<meta property=\"og:image:height\" content=\"1280\" \/>\n\t<meta property=\"og:image:type\" content=\"image\/jpeg\" \/>\n<meta name=\"author\" content=\"Jader Lazarini\" \/>\n<meta name=\"twitter:card\" content=\"summary_large_image\" \/>\n<meta name=\"twitter:creator\" content=\"@sunoresearch\" \/>\n<meta name=\"twitter:site\" content=\"@sunoresearch\" \/>\n<meta name=\"twitter:label1\" content=\"Escrito por\" \/>\n\t<meta name=\"twitter:data1\" content=\"Jader Lazarini\" \/>\n\t<meta name=\"twitter:label2\" content=\"Est. tempo de leitura\" \/>\n\t<meta name=\"twitter:data2\" content=\"3 minutos\" \/>\n<script type=\"application\/ld+json\" class=\"yoast-schema-graph\">{\"@context\":\"https:\/\/schema.org\",\"@graph\":[{\"@type\":\"NewsArticle\",\"@id\":\"https:\/\/www.suno.com.br\/noticias\/apple-ultrapassa-2-trilhoes-valor-de-mercado\/#article\",\"isPartOf\":{\"@id\":\"https:\/\/www.suno.com.br\/noticias\/apple-ultrapassa-2-trilhoes-valor-de-mercado\/\"},\"author\":{\"name\":\"Jader Lazarini\",\"@id\":\"https:\/\/www.suno.com.br\/noticias\/#\/schema\/person\/918d79de1f0281f01599b93f9ea6e23f\"},\"headline\":\"Apple ultrapassa a marca de US$ 2 trilh\u00f5es em valor de mercado\",\"datePublished\":\"2020-08-19T16:09:40+00:00\",\"dateModified\":\"2020-08-19T16:53:08+00:00\",\"mainEntityOfPage\":{\"@id\":\"https:\/\/www.suno.com.br\/noticias\/apple-ultrapassa-2-trilhoes-valor-de-mercado\/\"},\"wordCount\":521,\"publisher\":{\"@id\":\"https:\/\/www.suno.com.br\/noticias\/#organization\"},\"image\":{\"@id\":\"https:\/\/www.suno.com.br\/noticias\/apple-ultrapassa-2-trilhoes-valor-de-mercado\/#primaryimage\"},\"thumbnailUrl\":\"https:\/\/files.sunoresearch.com.br\/n\/uploads\/2020\/08\/26faff82-apple-jpg.webp\",\"keywords\":[\"Apple (AAPL34)\",\"S&amp;P 500\"],\"articleSection\":[\"Neg\u00f3cios\"],\"inLanguage\":\"pt-BR\"},{\"@type\":\"WebPage\",\"@id\":\"https:\/\/www.suno.com.br\/noticias\/apple-ultrapassa-2-trilhoes-valor-de-mercado\/\",\"url\":\"https:\/\/www.suno.com.br\/noticias\/apple-ultrapassa-2-trilhoes-valor-de-mercado\/\",\"name\":\"Apple ultrapassa a marca de US$ 2 trilh\u00f5es em valor de mercado\",\"isPartOf\":{\"@id\":\"https:\/\/www.suno.com.br\/noticias\/#website\"},\"primaryImageOfPage\":{\"@id\":\"https:\/\/www.suno.com.br\/noticias\/apple-ultrapassa-2-trilhoes-valor-de-mercado\/#primaryimage\"},\"image\":{\"@id\":\"https:\/\/www.suno.com.br\/noticias\/apple-ultrapassa-2-trilhoes-valor-de-mercado\/#primaryimage\"},\"thumbnailUrl\":\"https:\/\/files.sunoresearch.com.br\/n\/uploads\/2020\/08\/26faff82-apple-jpg.webp\",\"datePublished\":\"2020-08-19T16:09:40+00:00\",\"dateModified\":\"2020-08-19T16:53:08+00:00\",\"description\":\"A Apple (NASDAQ: AAPL) ultrapassou a marca de US$ 2 trilh\u00f5es em valor de mercado na manh\u00e3 desta quarta-feira (19). Saiba mais.\",\"breadcrumb\":{\"@id\":\"https:\/\/www.suno.com.br\/noticias\/apple-ultrapassa-2-trilhoes-valor-de-mercado\/#breadcrumb\"},\"inLanguage\":\"pt-BR\",\"potentialAction\":[{\"@type\":\"ReadAction\",\"target\":[\"https:\/\/www.suno.com.br\/noticias\/apple-ultrapassa-2-trilhoes-valor-de-mercado\/\"]}]},{\"@type\":\"ImageObject\",\"inLanguage\":\"pt-BR\",\"@id\":\"https:\/\/www.suno.com.br\/noticias\/apple-ultrapassa-2-trilhoes-valor-de-mercado\/#primaryimage\",\"url\":\"https:\/\/files.sunoresearch.com.br\/n\/uploads\/2020\/08\/26faff82-apple-jpg.webp\",\"contentUrl\":\"https:\/\/files.sunoresearch.com.br\/n\/uploads\/2020\/08\/26faff82-apple-jpg.webp\",\"width\":1920,\"height\":1280,\"caption\":\"Apple se torna a primeira empresa dos EUA a atingir a marca de US$ 2 trilh\u00f5es em valor de mercado.\"},{\"@type\":\"BreadcrumbList\",\"@id\":\"https:\/\/www.suno.com.br\/noticias\/apple-ultrapassa-2-trilhoes-valor-de-mercado\/#breadcrumb\",\"itemListElement\":[{\"@type\":\"ListItem\",\"position\":1,\"name\":\"Not\u00edcias\",\"item\":\"https:\/\/www.suno.com.br\/noticias\/\"},{\"@type\":\"ListItem\",\"position\":2,\"name\":\"Neg\u00f3cios\",\"item\":\"https:\/\/www.suno.com.br\/noticias\/negocios\/\"},{\"@type\":\"ListItem\",\"position\":3,\"name\":\"Apple ultrapassa a marca de US$ 2 trilh\u00f5es em valor de mercado\"}]},{\"@type\":\"WebSite\",\"@id\":\"https:\/\/www.suno.com.br\/noticias\/#website\",\"url\":\"https:\/\/www.suno.com.br\/noticias\/\",\"name\":\"Suno Not\u00edcias\",\"description\":\"Seu portal de informa\u00e7\u00e3o sobre o mundo dos investimentos\",\"publisher\":{\"@id\":\"https:\/\/www.suno.com.br\/noticias\/#organization\"},\"potentialAction\":[{\"@type\":\"SearchAction\",\"target\":{\"@type\":\"EntryPoint\",\"urlTemplate\":\"https:\/\/www.suno.com.br\/noticias\/?s={search_term_string}\"},\"query-input\":{\"@type\":\"PropertyValueSpecification\",\"valueRequired\":true,\"valueName\":\"search_term_string\"}}],\"inLanguage\":\"pt-BR\"},{\"@type\":\"Organization\",\"@id\":\"https:\/\/www.suno.com.br\/noticias\/#organization\",\"name\":\"Suno Not\u00edcias\",\"url\":\"https:\/\/www.suno.com.br\/noticias\/\",\"logo\":{\"@type\":\"ImageObject\",\"inLanguage\":\"pt-BR\",\"@id\":\"https:\/\/www.suno.com.br\/noticias\/#\/schema\/logo\/image\/\",\"url\":\"https:\/\/files.sunoresearch.com.br\/n\/uploads\/2021\/09\/suno-logo.png\",\"contentUrl\":\"https:\/\/files.sunoresearch.com.br\/n\/uploads\/2021\/09\/suno-logo.png\",\"width\":180,\"height\":180,\"caption\":\"Suno Not\u00edcias\"},\"image\":{\"@id\":\"https:\/\/www.suno.com.br\/noticias\/#\/schema\/logo\/image\/\"},\"sameAs\":[\"https:\/\/facebook.com\/sunoresearch\",\"https:\/\/x.com\/sunoresearch\",\"https:\/\/www.instagram.com\/suno\",\"https:\/\/www.linkedin.com\/company\/suno-research\/\",\"https:\/\/www.youtube.com\/c\/sunoresearch\"]},{\"@type\":\"Person\",\"@id\":\"https:\/\/www.suno.com.br\/noticias\/#\/schema\/person\/918d79de1f0281f01599b93f9ea6e23f\",\"name\":\"Jader Lazarini\",\"image\":{\"@type\":\"ImageObject\",\"inLanguage\":\"pt-BR\",\"@id\":\"https:\/\/www.suno.com.br\/noticias\/#\/schema\/person\/image\/\",\"url\":\"https:\/\/secure.gravatar.com\/avatar\/3c1ad8caa51589841baeb923fcddea97?s=96&r=g\",\"contentUrl\":\"https:\/\/secure.gravatar.com\/avatar\/3c1ad8caa51589841baeb923fcddea97?s=96&r=g\",\"caption\":\"Jader Lazarini\"},\"description\":\"Jader Lazarini escreve sobre investimentos, finan\u00e7as, economia e neg\u00f3cios. \u00c9 bacharel em Rela\u00e7\u00f5es Internacionais e analista CNPI (2619).\",\"url\":\"https:\/\/www.suno.com.br\/noticias\/author\/jader-lazarini\/\"}]}<\/script>\n<!-- \/ Yoast SEO plugin. -->","yoast_head_json":{"title":"Apple ultrapassa a marca de US$ 2 trilh\u00f5es em valor de mercado","description":"A Apple (NASDAQ: AAPL) ultrapassou a marca de US$ 2 trilh\u00f5es em valor de mercado na manh\u00e3 desta quarta-feira (19). Saiba mais.","robots":{"index":"index","follow":"follow","max-snippet":"max-snippet:-1","max-image-preview":"max-image-preview:large","max-video-preview":"max-video-preview:-1"},"canonical":"https:\/\/www.suno.com.br\/noticias\/apple-ultrapassa-2-trilhoes-valor-de-mercado\/","og_locale":"pt_BR","og_type":"article","og_title":"Apple ultrapassa a marca de US$ 2 trilh\u00f5es em valor de mercado","og_description":"A Apple (NASDAQ: AAPL) ultrapassou a marca de US$ 2 trilh\u00f5es em valor de mercado na manh\u00e3 desta quarta-feira (19). Saiba mais.","og_url":"https:\/\/www.suno.com.br\/noticias\/apple-ultrapassa-2-trilhoes-valor-de-mercado\/","og_site_name":"Suno Not\u00edcias","article_publisher":"https:\/\/facebook.com\/sunoresearch","og_image":[{"width":1920,"height":1280,"url":"https:\/\/files.sunoresearch.com.br\/n\/uploads\/2020\/08\/26faff82-apple.jpg","type":"image\/jpeg"}],"author":"Jader Lazarini","twitter_card":"summary_large_image","twitter_creator":"@sunoresearch","twitter_site":"@sunoresearch","twitter_misc":{"Escrito por":"Jader Lazarini","Est. tempo de leitura":"3 minutos"},"schema":{"@context":"https:\/\/schema.org","@graph":[{"@type":"NewsArticle","@id":"https:\/\/www.suno.com.br\/noticias\/apple-ultrapassa-2-trilhoes-valor-de-mercado\/#article","isPartOf":{"@id":"https:\/\/www.suno.com.br\/noticias\/apple-ultrapassa-2-trilhoes-valor-de-mercado\/"},"author":{"name":"Jader Lazarini","@id":"https:\/\/www.suno.com.br\/noticias\/#\/schema\/person\/918d79de1f0281f01599b93f9ea6e23f"},"headline":"Apple ultrapassa a marca de US$ 2 trilh\u00f5es em valor de mercado","datePublished":"2020-08-19T16:09:40+00:00","dateModified":"2020-08-19T16:53:08+00:00","mainEntityOfPage":{"@id":"https:\/\/www.suno.com.br\/noticias\/apple-ultrapassa-2-trilhoes-valor-de-mercado\/"},"wordCount":521,"publisher":{"@id":"https:\/\/www.suno.com.br\/noticias\/#organization"},"image":{"@id":"https:\/\/www.suno.com.br\/noticias\/apple-ultrapassa-2-trilhoes-valor-de-mercado\/#primaryimage"},"thumbnailUrl":"https:\/\/files.sunoresearch.com.br\/n\/uploads\/2020\/08\/26faff82-apple-jpg.webp","keywords":["Apple (AAPL34)","S&amp;P 500"],"articleSection":["Neg\u00f3cios"],"inLanguage":"pt-BR"},{"@type":"WebPage","@id":"https:\/\/www.suno.com.br\/noticias\/apple-ultrapassa-2-trilhoes-valor-de-mercado\/","url":"https:\/\/www.suno.com.br\/noticias\/apple-ultrapassa-2-trilhoes-valor-de-mercado\/","name":"Apple ultrapassa a marca de US$ 2 trilh\u00f5es em valor de mercado","isPartOf":{"@id":"https:\/\/www.suno.com.br\/noticias\/#website"},"primaryImageOfPage":{"@id":"https:\/\/www.suno.com.br\/noticias\/apple-ultrapassa-2-trilhoes-valor-de-mercado\/#primaryimage"},"image":{"@id":"https:\/\/www.suno.com.br\/noticias\/apple-ultrapassa-2-trilhoes-valor-de-mercado\/#primaryimage"},"thumbnailUrl":"https:\/\/files.sunoresearch.com.br\/n\/uploads\/2020\/08\/26faff82-apple-jpg.webp","datePublished":"2020-08-19T16:09:40+00:00","dateModified":"2020-08-19T16:53:08+00:00","description":"A Apple (NASDAQ: AAPL) ultrapassou a marca de US$ 2 trilh\u00f5es em valor de mercado na manh\u00e3 desta quarta-feira (19). Saiba mais.","breadcrumb":{"@id":"https:\/\/www.suno.com.br\/noticias\/apple-ultrapassa-2-trilhoes-valor-de-mercado\/#breadcrumb"},"inLanguage":"pt-BR","potentialAction":[{"@type":"ReadAction","target":["https:\/\/www.suno.com.br\/noticias\/apple-ultrapassa-2-trilhoes-valor-de-mercado\/"]}]},{"@type":"ImageObject","inLanguage":"pt-BR","@id":"https:\/\/www.suno.com.br\/noticias\/apple-ultrapassa-2-trilhoes-valor-de-mercado\/#primaryimage","url":"https:\/\/files.sunoresearch.com.br\/n\/uploads\/2020\/08\/26faff82-apple-jpg.webp","contentUrl":"https:\/\/files.sunoresearch.com.br\/n\/uploads\/2020\/08\/26faff82-apple-jpg.webp","width":1920,"height":1280,"caption":"Apple se torna a primeira empresa dos EUA a atingir a marca de US$ 2 trilh\u00f5es em valor de mercado."},{"@type":"BreadcrumbList","@id":"https:\/\/www.suno.com.br\/noticias\/apple-ultrapassa-2-trilhoes-valor-de-mercado\/#breadcrumb","itemListElement":[{"@type":"ListItem","position":1,"name":"Not\u00edcias","item":"https:\/\/www.suno.com.br\/noticias\/"},{"@type":"ListItem","position":2,"name":"Neg\u00f3cios","item":"https:\/\/www.suno.com.br\/noticias\/negocios\/"},{"@type":"ListItem","position":3,"name":"Apple ultrapassa a marca de US$ 2 trilh\u00f5es em valor de mercado"}]},{"@type":"WebSite","@id":"https:\/\/www.suno.com.br\/noticias\/#website","url":"https:\/\/www.suno.com.br\/noticias\/","name":"Suno Not\u00edcias","description":"Seu portal de informa\u00e7\u00e3o sobre o mundo dos investimentos","publisher":{"@id":"https:\/\/www.suno.com.br\/noticias\/#organization"},"potentialAction":[{"@type":"SearchAction","target":{"@type":"EntryPoint","urlTemplate":"https:\/\/www.suno.com.br\/noticias\/?s={search_term_string}"},"query-input":{"@type":"PropertyValueSpecification","valueRequired":true,"valueName":"search_term_string"}}],"inLanguage":"pt-BR"},{"@type":"Organization","@id":"https:\/\/www.suno.com.br\/noticias\/#organization","name":"Suno Not\u00edcias","url":"https:\/\/www.suno.com.br\/noticias\/","logo":{"@type":"ImageObject","inLanguage":"pt-BR","@id":"https:\/\/www.suno.com.br\/noticias\/#\/schema\/logo\/image\/","url":"https:\/\/files.sunoresearch.com.br\/n\/uploads\/2021\/09\/suno-logo.png","contentUrl":"https:\/\/files.sunoresearch.com.br\/n\/uploads\/2021\/09\/suno-logo.png","width":180,"height":180,"caption":"Suno Not\u00edcias"},"image":{"@id":"https:\/\/www.suno.com.br\/noticias\/#\/schema\/logo\/image\/"},"sameAs":["https:\/\/facebook.com\/sunoresearch","https:\/\/x.com\/sunoresearch","https:\/\/www.instagram.com\/suno","https:\/\/www.linkedin.com\/company\/suno-research\/","https:\/\/www.youtube.com\/c\/sunoresearch"]},{"@type":"Person","@id":"https:\/\/www.suno.com.br\/noticias\/#\/schema\/person\/918d79de1f0281f01599b93f9ea6e23f","name":"Jader Lazarini","image":{"@type":"ImageObject","inLanguage":"pt-BR","@id":"https:\/\/www.suno.com.br\/noticias\/#\/schema\/person\/image\/","url":"https:\/\/secure.gravatar.com\/avatar\/3c1ad8caa51589841baeb923fcddea97?s=96&r=g","contentUrl":"https:\/\/secure.gravatar.com\/avatar\/3c1ad8caa51589841baeb923fcddea97?s=96&r=g","caption":"Jader Lazarini"},"description":"Jader Lazarini escreve sobre investimentos, finan\u00e7as, economia e neg\u00f3cios. \u00c9 bacharel em Rela\u00e7\u00f5es Internacionais e analista CNPI (2619).","url":"https:\/\/www.suno.com.br\/noticias\/author\/jader-lazarini\/"}]}},"default_loop_html":"<div class=\"cardsPage__listCard__boxs\"><div class=\"cardsPage__listCard__boxs__img\"><a href=\"https:\/\/www.suno.com.br\/noticias\/apple-ultrapassa-2-trilhoes-valor-de-mercado\/\"><img class=\"mask\" src=\"https:\/\/www.suno.com.br\/noticias\/wp-content\/themes\/suno\/resources\/images\/spotlight\/spotlight1img\/bg-mask.png\" alt=\"Image Mask\"\/><img src=\"https:\/\/files.sunoresearch.com.br\/n\/uploads\/2020\/08\/26faff82-apple-400x200.webp\" alt=\"Apple ultrapassa a marca de US$ 2 trilh\u00f5es em valor de mercado\"\/><\/a><span class=\"spotlightCategory\"><a href=\"https:\/\/www.suno.com.br\/noticias\/negocios\/\">Neg\u00f3cios<\/a><\/span><\/div><div class=\"cardsPage__listCard__boxs__content\"><a href=\"https:\/\/www.suno.com.br\/noticias\/apple-ultrapassa-2-trilhoes-valor-de-mercado\/\"><h2 class=\"content__title\">Apple ultrapassa a marca de US$ 2 trilh\u00f5es em valor de mercado<\/h2><\/a><div class=\"newsContent__article__meta\"><div class=\"newsContent__article__meta__authorBox\"><a href=\"https:\/\/www.suno.com.br\/noticias\/author\/jader-lazarini\/\" class=\"authorBox__avatar noMobi\"><img src=\"https:\/\/files.sunoresearch.com.br\/n\/uploads\/2021\/01\/178e6598-foto-perfil-2-150x150.jpg\" alt=\"Jader Lazarini\"><\/a><div class=\"authorBox__name\"><span>por\n\t\t\t<a href=\"https:\/\/www.suno.com.br\/noticias\/author\/jader-lazarini\/\"><span itemprop=\"author\">Jader Lazarini<\/span><\/a><\/span><time datetime=\"2020-08-19T13:09:40-03:00\" itemprop=\"datePublished\">19\/08\/2020 13:09<\/time><\/div><\/div><\/div><\/div><\/div>","single_layout":"posts","amp_enabled":true,"_links":{"self":[{"href":"https:\/\/www.suno.com.br\/noticias\/wp-json\/wp\/v2\/posts\/79310"}],"collection":[{"href":"https:\/\/www.suno.com.br\/noticias\/wp-json\/wp\/v2\/posts"}],"about":[{"href":"https:\/\/www.suno.com.br\/noticias\/wp-json\/wp\/v2\/types\/post"}],"author":[{"embeddable":true,"href":"https:\/\/www.suno.com.br\/noticias\/wp-json\/wp\/v2\/users\/24"}],"replies":[{"embeddable":true,"href":"https:\/\/www.suno.com.br\/noticias\/wp-json\/wp\/v2\/comments?post=79310"}],"version-history":[{"count":0,"href":"https:\/\/www.suno.com.br\/noticias\/wp-json\/wp\/v2\/posts\/79310\/revisions"}],"wp:featuredmedia":[{"embeddable":true,"href":"https:\/\/www.suno.com.br\/noticias\/wp-json\/wp\/v2\/media\/79312"}],"wp:attachment":[{"href":"https:\/\/www.suno.com.br\/noticias\/wp-json\/wp\/v2\/media?parent=79310"}],"wp:term":[{"taxonomy":"category","embeddable":true,"href":"https:\/\/www.suno.com.br\/noticias\/wp-json\/wp\/v2\/categories?post=79310"},{"taxonomy":"post_tag","embeddable":true,"href":"https:\/\/www.suno.com.br\/noticias\/wp-json\/wp\/v2\/tags?post=79310"},{"taxonomy":"suno_strategy","embeddable":true,"href":"https:\/\/www.suno.com.br\/noticias\/wp-json\/wp\/v2\/suno_strategy?post=79310"}],"curies":[{"name":"wp","href":"https:\/\/api.w.org\/{rel}","templated":true}]}}