{"id":7928,"date":"2018-12-05T14:14:46","date_gmt":"2018-12-05T16:14:46","guid":{"rendered":"https:\/\/www.suno.com.br\/noticias\/?p=7928"},"modified":"2018-12-05T14:14:46","modified_gmt":"2018-12-05T16:14:46","slug":"ibge-brasil-perde-trabalhos-formais","status":"publish","type":"post","link":"https:\/\/www.suno.com.br\/noticias\/ibge-brasil-perde-trabalhos-formais\/","title":{"rendered":"IBGE: Brasil perde mais de 2,3 mi de trabalhos formais"},"content":{"rendered":"<div class=\"mc-column content-text active-extra-styles active-capital-letter\" data-block-type=\"unstyled\" data-block-weight=\"40\" data-block-id=\"2\">\n<p data-track-category=\"Link no Texto\" data-track-links=\"\">O Brasil perdeu mais de 2,3 milh\u00f5es de postos de trabalho formal em dois anos. O levantamento foi divulgado nesta quarta-feira (5) pelo Instituto Brasileiro de Geografia e Estat\u00edstica (IBGE).<\/p>\t<div class=\"wrapper-featured-image\">\n\t\t<figure class=\"spotlightImg\">\n\n\t\t\t<picture>\n\t\t\t\t<source media=\"(max-width: 768px)\" srcset=\"https:\/\/files.sunoresearch.com.br\/n\/uploads\/2018\/12\/7e0bce82-ibge-400x200.webp\">\n\t\t\t\t<img loading=\"lazy\" decoding=\"async\" class=\"newsContent__article__imgCapa lazyloadDisabled newsContent__article__imgCapa--noCaption\" src=\"https:\/\/files.sunoresearch.com.br\/n\/uploads\/2018\/12\/7e0bce82-ibge-jpg.webp\" width=\"800\" height=\"450\" alt=\"IBGE: Brasil perde mais de 2,3 mi de trabalhos formais\" fetchpriority=high \/>\n\t\t\t<\/picture>\n\n\t\t\t<figcaption class=\"wp-caption-text wp-caption-text--hide\">Brasil perde mais de 2,3 milh\u00f5es de trabalhos informais<\/figcaption>\n\t\t<\/figure>\n\t<\/div>\n\n<div class=\"mc-column content-text active-extra-styles active-capital-letter\" data-block-type=\"unstyled\" data-block-weight=\"40\" data-block-id=\"2\">\n<p data-track-category=\"Link no Texto\" data-track-links=\"\">O Brasil perdeu mais de 2,3 milh\u00f5es de postos de trabalho formal em dois anos. O levantamento foi divulgado nesta quarta-feira (5) pelo Instituto Brasileiro de Geografia e Estat\u00edstica (IBGE).<\/p>\n<p class=\"content-text__container theme-color-primary-first-letter\" data-track-category=\"Link no Texto\" data-track-links=\"\">De acordo com o <strong>IBGE<\/strong>, 2017 foi encerrado com 54,2 milh\u00f5es de <strong>trabalhadores formais,<\/strong> no Brasil. Em 2015, eram 56,5 milh\u00f5es de trabalhadores formais.<\/p>\n<p data-track-category=\"Link no Texto\" data-track-links=\"\">Em contrapartida, o trabalho informal teve aumento de 1,2 milh\u00e3o de pessoas, neste per\u00edodo. Em 2015, o Brasil tinha 36,1 milh\u00f5es de <strong>trabalhadores informais<\/strong>. Entretanto, em 2017, esse n\u00famero chegou a 37,3 milh\u00f5es.<\/p>\n<p data-track-category=\"Link no Texto\" data-track-links=\"\">Para o IBGE, s\u00e3o considerados trabalhos formais aqueles que possuem carteira de trabalho assinada. Desta forma, s\u00e3o inclusos tamb\u00e9m empregados dom\u00e9sticos, trabalhador aut\u00f4nomo e empregador que contribuam com a previd\u00eancia social.<\/p>\n<\/div>\n<div class=\"wall protected-content\">\n<div class=\"mc-column content-text active-extra-styles \" data-block-type=\"unstyled\" data-block-weight=\"23\" data-block-id=\"3\">\n<p class=\"content-text__container \" data-track-category=\"Link no Texto\" data-track-links=\"\">Em contrapartida o trabalho informal engloba os trabalhadores que n\u00e3o possuem <strong>carteira de trabalho<\/strong> assinada. Incluindo, dom\u00e9sticos, aut\u00f4nomos e empregadores que n\u00e3o contribuem com a previd\u00eancia.<\/p>\n<\/div>\n<div class=\"mc-column content-text active-extra-styles \" data-block-type=\"unstyled\" data-block-weight=\"34\" data-block-id=\"7\">\n<h2 class=\"content-text__container \" data-track-category=\"Link no Texto\">N\u00famero de trabalhadores informais<\/h2>\n<\/div>\n<div class=\"mc-column content-text active-extra-styles\" data-block-type=\"raw\" data-block-weight=\"7\" data-block-id=\"11\">\n<div class=\"content-intertitle\">\n\n<p>Em contrapartida, o n\u00famero de trabalhos informais subiu de 39% para 40,8% no per\u00edodo.<\/p>\n<\/div>\n<\/div>\n<div class=\"mc-column content-text active-extra-styles \" data-block-type=\"unstyled\" data-block-weight=\"44\" data-block-id=\"12\">\n<p class=\"content-text__container \" data-track-category=\"Link no Texto\" data-track-links=\"\">Por regi\u00f5es, a informalidade est\u00e1 mais presente:<\/p>\n<ol>\n<li data-track-category=\"Link no Texto\">Norte (59,5%);<\/li>\n<li data-track-category=\"Link no Texto\">Nordeste (56,2%);<\/li>\n<li data-track-category=\"Link no Texto\">Sudeste (33,8%);<\/li>\n<li data-track-category=\"Link no Texto\">Sul (29,1%);<\/li>\n<li data-track-category=\"Link no Texto\">Centro-Oeste (39,1%).<\/li>\n<\/ol>\n<p><a href=\"https:\/\/www.suno.com.br\/noticias\/economia-informal-cresce-169-pib\/\">Saiba mais:\u00a0Economia informal cresce e corresponde a 16,9% do PIB<\/a><\/p>\n<\/div>\n<div class=\"mc-column content-text active-extra-styles \" data-block-type=\"unstyled\" data-block-weight=\"45\" data-block-id=\"15\">\n<h3 class=\"content-text__container \" data-track-category=\"Link no Texto\">Lideran\u00e7as do trabalho informal<\/h3>\n<\/div>\n<div class=\"mc-column content-text active-extra-styles\" data-block-type=\"raw\" data-block-weight=\"7\" data-block-id=\"16\">\n<div class=\"content-intertitle\">\n<p>De acordo com o IBGE, os servi\u00e7os dom\u00e9sticos e agropecu\u00e1rios s\u00e3o os que mais concentram trabalho informal. Nas duas atividades, mais de 66% das pessoas ocupam cargos informais.<\/p>\n<\/div>\n<\/div>\n<div class=\"mc-column content-text active-extra-styles \" data-block-type=\"unstyled\" data-block-weight=\"32\" data-block-id=\"17\">\n<p class=\"content-text__container \" data-track-category=\"Link no Texto\" data-track-links=\"\">Por\u00e9m, a administra\u00e7\u00e3o p\u00fablica tem a menor propor\u00e7\u00e3o de trabalhadores informais (20,8%). \u00c1reas como Sa\u00fade, Educa\u00e7\u00e3o e servi\u00e7os sociais tem 21,7% dos trabalhadores com atividades informais, segunda menor propor\u00e7\u00e3o.<\/p>\n<\/div>\n<div class=\"content-ads content-ads--reveal\" data-block-type=\"ads\" data-block-id=\"21\">\n<div id=\"banner_materia__4e527295b3b84609aa4723c3f4c321f1\" class=\"tag-manager-publicidade-container has-reveal has-ad-lazyload tag-manager-publicidade-banner_materia__4e527295b3b84609aa4723c3f4c321f1 tag-manager-publicidade-container--carregado tag-manager-publicidade-container--visivel\" data-id=\"banner_materia__4e527295b3b84609aa4723c3f4c321f1\" data-google-query-id=\"CPSXwKT6iN8CFUprwQodAEkDww\" data-cid=\"138253180963\" data-lid=\"4862280681\">\n<h4 id=\"google_ads_iframe_\/95377733\/tvg_G1\/Economia_3__container__\">Carteira assinada tem renda superior<\/h4>\n<p>Conforme o levantamento do IBGE, um trabalhador registrado recebe, em m\u00e9dia, 76% a mais do que o trabalhador que n\u00e3o tem carteira assinada.<\/p>\n<\/div>\n<\/div>\n<div class=\"mc-column content-text active-extra-styles \" data-block-type=\"unstyled\" data-block-weight=\"28\" data-block-id=\"23\">\n<p class=\"content-text__container \" data-track-category=\"Link no Texto\" data-track-links=\"\">Em 2017, m\u00e9dia do rendimento mensal do trabalhador brasileiro foi de R$ 2,039. Entretanto, o empregado com carteira assinada teve um sal\u00e1rio m\u00e9dio de R$ 2,038, enquanto o\u00a0 que n\u00e3o possui registro teve R$ 1,158.<\/p>\n<\/div>\n<div class=\"mc-column content-text active-extra-styles \" data-block-type=\"unstyled\" data-block-weight=\"35\" data-block-id=\"24\">\n<p class=\"content-text__container \" data-track-category=\"Link no Texto\" data-track-links=\"\">Al\u00e9m disso, para o trabalhador aut\u00f4nomo, a m\u00e9dia mensal foi de R$ 1,557 em 2017. Por\u00e9m, para militares e funcion\u00e1rios p\u00fablicos a m\u00e9dia foi de R$ 3,767. Os maiores sal\u00e1rio obtidos foram pelos empregadores, que ficou na m\u00e9dia de R$ 5,211.<\/p>\n<h4 data-track-category=\"Link no Texto\">Cor e g\u00eanero<\/h4>\n<p>Em 2017, os trabalhadores brancos ganhavam em m\u00e9dia 72,5% a mais que pretos ou pardos.<\/p>\n<ul>\n<li>Brancos &#8211; R$ 2,615<\/li>\n<li>Pretos ou pardos &#8211; R% 1,516<\/li>\n<\/ul>\n<p>Al\u00e9m disso, homens recebiam em m\u00e9dia 29,7% a mais que as mulheres.<\/p>\n<ul>\n<li>Homens &#8211; R$ 2,261<\/li>\n<li>Mulheres &#8211; R$ 1,743<\/li>\n<\/ul>\n<\/div>\n<div class=\"mc-column content-text active-extra-styles \" data-block-type=\"unstyled\" data-block-weight=\"40\" data-block-id=\"25\">\n<p class=\"content-text__container \" data-track-category=\"Link no Texto\" data-track-links=\"\">De acordo com o levamento, a popula\u00e7\u00e3o preta e parda representa 46,9% dos trabalhadores informais, enquanto a branca representa 33,7%. Entretanto, por sexo a pesquisa aponta que a propor\u00e7\u00e3o \u00e9 semelhante entre homens e mulheres, nos trabalhos formais e informais. Embora tenha varia\u00e7\u00e3o de acordo com a categoria.<\/p>\n<\/div>\n<div data-track-category=\"fim do conteudo\" data-track-action=\"ultimo chunk conteudo\" data-track-noninteraction=\"false\" data-track-scroll=\"entrada completa viewport\">\n<div class=\"mc-column content-text active-extra-styles \" data-block-type=\"unstyled\" data-block-weight=\"44\" data-block-id=\"12\">\n<p>Segundo o <strong>IBGE<\/strong>, os homens s\u00e3o a maioria entre trabalhadores informais que n\u00e3o possuem carteira assinada, ou que sejam aut\u00f4nomos. Entretanto, as mulheres s\u00e3o maioria entre os <strong>trabalhadores<\/strong> familiares auxiliares.<\/p>\n<\/div>\n<\/div>\n<\/div>\n","protected":false},"excerpt":{"rendered":"<p>O Brasil perdeu mais de 2,3 milh\u00f5es de postos de trabalho formal em dois anos. O levantamento foi divulgado nesta quarta-feira (5) pelo Instituto Brasileiro de Geografia e Estat\u00edstica (IBGE). Brasil perde mais de 2,3 milh\u00f5es de trabalhos informais O Brasil perdeu mais de 2,3 milh\u00f5es de postos de trabalho formal em dois anos. O [&hellip;]<\/p>\n","protected":false},"author":11,"featured_media":7930,"comment_status":"closed","ping_status":"closed","sticky":false,"template":"","format":"standard","meta":[],"categories":[62],"tags":[821],"suno_strategy":[],"class_list":["post-7928","post","type-post","status-publish","format-standard","has-post-thumbnail","hentry","category-economia","tag-ibge"],"yoast_head":"<!-- This site is optimized with the Yoast SEO plugin v24.4 - https:\/\/yoast.com\/wordpress\/plugins\/seo\/ -->\n<title>IBGE: Brasil perde mais de 2,3 mi de trabalhos formais - Suno Not\u00edcias<\/title>\n<meta name=\"description\" content=\"Segundo o IBGE, 2017 terminou com 54,2 milh\u00f5es de trabalhadores formais; Em 2015, eram 56,5 milh\u00f5es. Clique para saber mais.\" \/>\n<meta name=\"robots\" content=\"index, follow, max-snippet:-1, max-image-preview:large, max-video-preview:-1\" \/>\n<link rel=\"canonical\" href=\"https:\/\/www.suno.com.br\/noticias\/ibge-brasil-perde-trabalhos-formais\/\" \/>\n<meta property=\"og:locale\" content=\"pt_BR\" \/>\n<meta property=\"og:type\" content=\"article\" \/>\n<meta property=\"og:title\" content=\"IBGE: Brasil perde mais de 2,3 mi de trabalhos formais - Suno Not\u00edcias\" \/>\n<meta property=\"og:description\" content=\"Segundo o IBGE, 2017 terminou com 54,2 milh\u00f5es de trabalhadores formais; Em 2015, eram 56,5 milh\u00f5es. Clique para saber mais.\" \/>\n<meta property=\"og:url\" content=\"https:\/\/www.suno.com.br\/noticias\/ibge-brasil-perde-trabalhos-formais\/\" \/>\n<meta property=\"og:site_name\" content=\"Suno Not\u00edcias\" \/>\n<meta property=\"article:publisher\" content=\"https:\/\/facebook.com\/sunoresearch\" \/>\n<meta property=\"og:image\" content=\"https:\/\/files.sunoresearch.com.br\/n\/uploads\/2018\/12\/7e0bce82-ibge.jpg\" \/>\n\t<meta property=\"og:image:width\" content=\"754\" \/>\n\t<meta property=\"og:image:height\" content=\"502\" \/>\n\t<meta property=\"og:image:type\" content=\"image\/jpeg\" \/>\n<meta name=\"author\" content=\"Renan Bandeira\" \/>\n<meta name=\"twitter:card\" content=\"summary_large_image\" \/>\n<meta name=\"twitter:creator\" content=\"@sunoresearch\" \/>\n<meta name=\"twitter:site\" content=\"@sunoresearch\" \/>\n<meta name=\"twitter:label1\" content=\"Escrito por\" \/>\n\t<meta name=\"twitter:data1\" content=\"Renan Bandeira\" \/>\n\t<meta name=\"twitter:label2\" content=\"Est. tempo de leitura\" \/>\n\t<meta name=\"twitter:data2\" content=\"3 minutos\" \/>\n<script type=\"application\/ld+json\" class=\"yoast-schema-graph\">{\"@context\":\"https:\/\/schema.org\",\"@graph\":[{\"@type\":\"NewsArticle\",\"@id\":\"https:\/\/www.suno.com.br\/noticias\/ibge-brasil-perde-trabalhos-formais\/#article\",\"isPartOf\":{\"@id\":\"https:\/\/www.suno.com.br\/noticias\/ibge-brasil-perde-trabalhos-formais\/\"},\"author\":{\"name\":\"Renan Bandeira\",\"@id\":\"https:\/\/www.suno.com.br\/noticias\/#\/schema\/person\/fc144a1c6108bd1dcd43784e88a3c138\"},\"headline\":\"IBGE: Brasil perde mais de 2,3 mi de trabalhos formais\",\"datePublished\":\"2018-12-05T16:14:46+00:00\",\"mainEntityOfPage\":{\"@id\":\"https:\/\/www.suno.com.br\/noticias\/ibge-brasil-perde-trabalhos-formais\/\"},\"wordCount\":542,\"publisher\":{\"@id\":\"https:\/\/www.suno.com.br\/noticias\/#organization\"},\"image\":{\"@id\":\"https:\/\/www.suno.com.br\/noticias\/ibge-brasil-perde-trabalhos-formais\/#primaryimage\"},\"thumbnailUrl\":\"https:\/\/files.sunoresearch.com.br\/n\/uploads\/2018\/12\/7e0bce82-ibge-jpg.webp\",\"keywords\":[\"IBGE\"],\"articleSection\":[\"Economia\"],\"inLanguage\":\"pt-BR\"},{\"@type\":\"WebPage\",\"@id\":\"https:\/\/www.suno.com.br\/noticias\/ibge-brasil-perde-trabalhos-formais\/\",\"url\":\"https:\/\/www.suno.com.br\/noticias\/ibge-brasil-perde-trabalhos-formais\/\",\"name\":\"IBGE: Brasil perde mais de 2,3 mi de trabalhos formais - Suno Not\u00edcias\",\"isPartOf\":{\"@id\":\"https:\/\/www.suno.com.br\/noticias\/#website\"},\"primaryImageOfPage\":{\"@id\":\"https:\/\/www.suno.com.br\/noticias\/ibge-brasil-perde-trabalhos-formais\/#primaryimage\"},\"image\":{\"@id\":\"https:\/\/www.suno.com.br\/noticias\/ibge-brasil-perde-trabalhos-formais\/#primaryimage\"},\"thumbnailUrl\":\"https:\/\/files.sunoresearch.com.br\/n\/uploads\/2018\/12\/7e0bce82-ibge-jpg.webp\",\"datePublished\":\"2018-12-05T16:14:46+00:00\",\"description\":\"Segundo o IBGE, 2017 terminou com 54,2 milh\u00f5es de trabalhadores formais; Em 2015, eram 56,5 milh\u00f5es. Clique para saber mais.\",\"breadcrumb\":{\"@id\":\"https:\/\/www.suno.com.br\/noticias\/ibge-brasil-perde-trabalhos-formais\/#breadcrumb\"},\"inLanguage\":\"pt-BR\",\"potentialAction\":[{\"@type\":\"ReadAction\",\"target\":[\"https:\/\/www.suno.com.br\/noticias\/ibge-brasil-perde-trabalhos-formais\/\"]}]},{\"@type\":\"ImageObject\",\"inLanguage\":\"pt-BR\",\"@id\":\"https:\/\/www.suno.com.br\/noticias\/ibge-brasil-perde-trabalhos-formais\/#primaryimage\",\"url\":\"https:\/\/files.sunoresearch.com.br\/n\/uploads\/2018\/12\/7e0bce82-ibge-jpg.webp\",\"contentUrl\":\"https:\/\/files.sunoresearch.com.br\/n\/uploads\/2018\/12\/7e0bce82-ibge-jpg.webp\",\"width\":754,\"height\":502,\"caption\":\"Brasil perde mais de 2,3 milh\u00f5es de trabalhos informais\"},{\"@type\":\"BreadcrumbList\",\"@id\":\"https:\/\/www.suno.com.br\/noticias\/ibge-brasil-perde-trabalhos-formais\/#breadcrumb\",\"itemListElement\":[{\"@type\":\"ListItem\",\"position\":1,\"name\":\"Not\u00edcias\",\"item\":\"https:\/\/www.suno.com.br\/noticias\/\"},{\"@type\":\"ListItem\",\"position\":2,\"name\":\"Economia\",\"item\":\"https:\/\/www.suno.com.br\/noticias\/economia\/\"},{\"@type\":\"ListItem\",\"position\":3,\"name\":\"IBGE: Brasil perde mais de 2,3 mi de trabalhos formais\"}]},{\"@type\":\"WebSite\",\"@id\":\"https:\/\/www.suno.com.br\/noticias\/#website\",\"url\":\"https:\/\/www.suno.com.br\/noticias\/\",\"name\":\"Suno Not\u00edcias\",\"description\":\"Seu portal de informa\u00e7\u00e3o sobre o mundo dos investimentos\",\"publisher\":{\"@id\":\"https:\/\/www.suno.com.br\/noticias\/#organization\"},\"potentialAction\":[{\"@type\":\"SearchAction\",\"target\":{\"@type\":\"EntryPoint\",\"urlTemplate\":\"https:\/\/www.suno.com.br\/noticias\/?s={search_term_string}\"},\"query-input\":{\"@type\":\"PropertyValueSpecification\",\"valueRequired\":true,\"valueName\":\"search_term_string\"}}],\"inLanguage\":\"pt-BR\"},{\"@type\":\"Organization\",\"@id\":\"https:\/\/www.suno.com.br\/noticias\/#organization\",\"name\":\"Suno Not\u00edcias\",\"url\":\"https:\/\/www.suno.com.br\/noticias\/\",\"logo\":{\"@type\":\"ImageObject\",\"inLanguage\":\"pt-BR\",\"@id\":\"https:\/\/www.suno.com.br\/noticias\/#\/schema\/logo\/image\/\",\"url\":\"https:\/\/files.sunoresearch.com.br\/n\/uploads\/2021\/09\/suno-logo.png\",\"contentUrl\":\"https:\/\/files.sunoresearch.com.br\/n\/uploads\/2021\/09\/suno-logo.png\",\"width\":180,\"height\":180,\"caption\":\"Suno Not\u00edcias\"},\"image\":{\"@id\":\"https:\/\/www.suno.com.br\/noticias\/#\/schema\/logo\/image\/\"},\"sameAs\":[\"https:\/\/facebook.com\/sunoresearch\",\"https:\/\/x.com\/sunoresearch\",\"https:\/\/www.instagram.com\/suno\",\"https:\/\/www.linkedin.com\/company\/suno-research\/\",\"https:\/\/www.youtube.com\/c\/sunoresearch\"]},{\"@type\":\"Person\",\"@id\":\"https:\/\/www.suno.com.br\/noticias\/#\/schema\/person\/fc144a1c6108bd1dcd43784e88a3c138\",\"name\":\"Renan Bandeira\",\"image\":{\"@type\":\"ImageObject\",\"inLanguage\":\"pt-BR\",\"@id\":\"https:\/\/www.suno.com.br\/noticias\/#\/schema\/person\/image\/\",\"url\":\"https:\/\/secure.gravatar.com\/avatar\/68359cdb608f14f11bbefcb78f3fc747?s=96&r=g\",\"contentUrl\":\"https:\/\/secure.gravatar.com\/avatar\/68359cdb608f14f11bbefcb78f3fc747?s=96&r=g\",\"caption\":\"Renan Bandeira\"},\"description\":\"Renan Bandeira escreve sobre pol\u00edtica e economia para o portal da Suno Research. Antes da Suno, trabalhou em uma rede de televis\u00e3o, onde fazia reportagens sobre os mesmos temas. Estuda na Universidade Metodista de S\u00e3o Paulo.\",\"url\":\"https:\/\/www.suno.com.br\/noticias\/author\/renan-bandeira\/\"}]}<\/script>\n<!-- \/ Yoast SEO plugin. -->","yoast_head_json":{"title":"IBGE: Brasil perde mais de 2,3 mi de trabalhos formais - Suno Not\u00edcias","description":"Segundo o IBGE, 2017 terminou com 54,2 milh\u00f5es de trabalhadores formais; Em 2015, eram 56,5 milh\u00f5es. Clique para saber mais.","robots":{"index":"index","follow":"follow","max-snippet":"max-snippet:-1","max-image-preview":"max-image-preview:large","max-video-preview":"max-video-preview:-1"},"canonical":"https:\/\/www.suno.com.br\/noticias\/ibge-brasil-perde-trabalhos-formais\/","og_locale":"pt_BR","og_type":"article","og_title":"IBGE: Brasil perde mais de 2,3 mi de trabalhos formais - Suno Not\u00edcias","og_description":"Segundo o IBGE, 2017 terminou com 54,2 milh\u00f5es de trabalhadores formais; Em 2015, eram 56,5 milh\u00f5es. Clique para saber mais.","og_url":"https:\/\/www.suno.com.br\/noticias\/ibge-brasil-perde-trabalhos-formais\/","og_site_name":"Suno Not\u00edcias","article_publisher":"https:\/\/facebook.com\/sunoresearch","og_image":[{"width":754,"height":502,"url":"https:\/\/files.sunoresearch.com.br\/n\/uploads\/2018\/12\/7e0bce82-ibge.jpg","type":"image\/jpeg"}],"author":"Renan Bandeira","twitter_card":"summary_large_image","twitter_creator":"@sunoresearch","twitter_site":"@sunoresearch","twitter_misc":{"Escrito por":"Renan Bandeira","Est. tempo de leitura":"3 minutos"},"schema":{"@context":"https:\/\/schema.org","@graph":[{"@type":"NewsArticle","@id":"https:\/\/www.suno.com.br\/noticias\/ibge-brasil-perde-trabalhos-formais\/#article","isPartOf":{"@id":"https:\/\/www.suno.com.br\/noticias\/ibge-brasil-perde-trabalhos-formais\/"},"author":{"name":"Renan Bandeira","@id":"https:\/\/www.suno.com.br\/noticias\/#\/schema\/person\/fc144a1c6108bd1dcd43784e88a3c138"},"headline":"IBGE: Brasil perde mais de 2,3 mi de trabalhos formais","datePublished":"2018-12-05T16:14:46+00:00","mainEntityOfPage":{"@id":"https:\/\/www.suno.com.br\/noticias\/ibge-brasil-perde-trabalhos-formais\/"},"wordCount":542,"publisher":{"@id":"https:\/\/www.suno.com.br\/noticias\/#organization"},"image":{"@id":"https:\/\/www.suno.com.br\/noticias\/ibge-brasil-perde-trabalhos-formais\/#primaryimage"},"thumbnailUrl":"https:\/\/files.sunoresearch.com.br\/n\/uploads\/2018\/12\/7e0bce82-ibge-jpg.webp","keywords":["IBGE"],"articleSection":["Economia"],"inLanguage":"pt-BR"},{"@type":"WebPage","@id":"https:\/\/www.suno.com.br\/noticias\/ibge-brasil-perde-trabalhos-formais\/","url":"https:\/\/www.suno.com.br\/noticias\/ibge-brasil-perde-trabalhos-formais\/","name":"IBGE: Brasil perde mais de 2,3 mi de trabalhos formais - Suno Not\u00edcias","isPartOf":{"@id":"https:\/\/www.suno.com.br\/noticias\/#website"},"primaryImageOfPage":{"@id":"https:\/\/www.suno.com.br\/noticias\/ibge-brasil-perde-trabalhos-formais\/#primaryimage"},"image":{"@id":"https:\/\/www.suno.com.br\/noticias\/ibge-brasil-perde-trabalhos-formais\/#primaryimage"},"thumbnailUrl":"https:\/\/files.sunoresearch.com.br\/n\/uploads\/2018\/12\/7e0bce82-ibge-jpg.webp","datePublished":"2018-12-05T16:14:46+00:00","description":"Segundo o IBGE, 2017 terminou com 54,2 milh\u00f5es de trabalhadores formais; Em 2015, eram 56,5 milh\u00f5es. Clique para saber mais.","breadcrumb":{"@id":"https:\/\/www.suno.com.br\/noticias\/ibge-brasil-perde-trabalhos-formais\/#breadcrumb"},"inLanguage":"pt-BR","potentialAction":[{"@type":"ReadAction","target":["https:\/\/www.suno.com.br\/noticias\/ibge-brasil-perde-trabalhos-formais\/"]}]},{"@type":"ImageObject","inLanguage":"pt-BR","@id":"https:\/\/www.suno.com.br\/noticias\/ibge-brasil-perde-trabalhos-formais\/#primaryimage","url":"https:\/\/files.sunoresearch.com.br\/n\/uploads\/2018\/12\/7e0bce82-ibge-jpg.webp","contentUrl":"https:\/\/files.sunoresearch.com.br\/n\/uploads\/2018\/12\/7e0bce82-ibge-jpg.webp","width":754,"height":502,"caption":"Brasil perde mais de 2,3 milh\u00f5es de trabalhos informais"},{"@type":"BreadcrumbList","@id":"https:\/\/www.suno.com.br\/noticias\/ibge-brasil-perde-trabalhos-formais\/#breadcrumb","itemListElement":[{"@type":"ListItem","position":1,"name":"Not\u00edcias","item":"https:\/\/www.suno.com.br\/noticias\/"},{"@type":"ListItem","position":2,"name":"Economia","item":"https:\/\/www.suno.com.br\/noticias\/economia\/"},{"@type":"ListItem","position":3,"name":"IBGE: Brasil perde mais de 2,3 mi de trabalhos formais"}]},{"@type":"WebSite","@id":"https:\/\/www.suno.com.br\/noticias\/#website","url":"https:\/\/www.suno.com.br\/noticias\/","name":"Suno Not\u00edcias","description":"Seu portal de informa\u00e7\u00e3o sobre o mundo dos investimentos","publisher":{"@id":"https:\/\/www.suno.com.br\/noticias\/#organization"},"potentialAction":[{"@type":"SearchAction","target":{"@type":"EntryPoint","urlTemplate":"https:\/\/www.suno.com.br\/noticias\/?s={search_term_string}"},"query-input":{"@type":"PropertyValueSpecification","valueRequired":true,"valueName":"search_term_string"}}],"inLanguage":"pt-BR"},{"@type":"Organization","@id":"https:\/\/www.suno.com.br\/noticias\/#organization","name":"Suno Not\u00edcias","url":"https:\/\/www.suno.com.br\/noticias\/","logo":{"@type":"ImageObject","inLanguage":"pt-BR","@id":"https:\/\/www.suno.com.br\/noticias\/#\/schema\/logo\/image\/","url":"https:\/\/files.sunoresearch.com.br\/n\/uploads\/2021\/09\/suno-logo.png","contentUrl":"https:\/\/files.sunoresearch.com.br\/n\/uploads\/2021\/09\/suno-logo.png","width":180,"height":180,"caption":"Suno Not\u00edcias"},"image":{"@id":"https:\/\/www.suno.com.br\/noticias\/#\/schema\/logo\/image\/"},"sameAs":["https:\/\/facebook.com\/sunoresearch","https:\/\/x.com\/sunoresearch","https:\/\/www.instagram.com\/suno","https:\/\/www.linkedin.com\/company\/suno-research\/","https:\/\/www.youtube.com\/c\/sunoresearch"]},{"@type":"Person","@id":"https:\/\/www.suno.com.br\/noticias\/#\/schema\/person\/fc144a1c6108bd1dcd43784e88a3c138","name":"Renan Bandeira","image":{"@type":"ImageObject","inLanguage":"pt-BR","@id":"https:\/\/www.suno.com.br\/noticias\/#\/schema\/person\/image\/","url":"https:\/\/secure.gravatar.com\/avatar\/68359cdb608f14f11bbefcb78f3fc747?s=96&r=g","contentUrl":"https:\/\/secure.gravatar.com\/avatar\/68359cdb608f14f11bbefcb78f3fc747?s=96&r=g","caption":"Renan Bandeira"},"description":"Renan Bandeira escreve sobre pol\u00edtica e economia para o portal da Suno Research. Antes da Suno, trabalhou em uma rede de televis\u00e3o, onde fazia reportagens sobre os mesmos temas. Estuda na Universidade Metodista de S\u00e3o Paulo.","url":"https:\/\/www.suno.com.br\/noticias\/author\/renan-bandeira\/"}]}},"default_loop_html":"<div class=\"cardsPage__listCard__boxs\"><div class=\"cardsPage__listCard__boxs__img\"><a href=\"https:\/\/www.suno.com.br\/noticias\/ibge-brasil-perde-trabalhos-formais\/\"><img class=\"mask\" src=\"https:\/\/www.suno.com.br\/noticias\/wp-content\/themes\/suno\/resources\/images\/spotlight\/spotlight1img\/bg-mask.png\" alt=\"Image Mask\"\/><img src=\"https:\/\/files.sunoresearch.com.br\/n\/uploads\/2018\/12\/7e0bce82-ibge-400x200.webp\" alt=\"IBGE: Brasil perde mais de 2,3 mi de trabalhos formais\"\/><\/a><span class=\"spotlightCategory\"><a href=\"https:\/\/www.suno.com.br\/noticias\/economia\/\">Economia<\/a><\/span><\/div><div class=\"cardsPage__listCard__boxs__content\"><a href=\"https:\/\/www.suno.com.br\/noticias\/ibge-brasil-perde-trabalhos-formais\/\"><h2 class=\"content__title\">IBGE: Brasil perde mais de 2,3 mi de trabalhos formais<\/h2><\/a><div class=\"newsContent__article__meta\"><div class=\"newsContent__article__meta__authorBox\"><a href=\"https:\/\/www.suno.com.br\/noticias\/author\/renan-bandeira\/\" class=\"authorBox__avatar noMobi\"><img src=\"https:\/\/secure.gravatar.com\/avatar\/68359cdb608f14f11bbefcb78f3fc747?s=96&#038;r=g\" alt=\"Renan Bandeira\"><\/a><div class=\"authorBox__name\"><span>por\n\t\t\t<a href=\"https:\/\/www.suno.com.br\/noticias\/author\/renan-bandeira\/\"><span itemprop=\"author\">Renan Bandeira<\/span><\/a><\/span><time datetime=\"2018-12-05T14:14:46-02:00\" itemprop=\"datePublished\">05\/12\/2018 14:14<\/time><\/div><\/div><\/div><\/div><\/div>","single_layout":"posts","amp_enabled":true,"_links":{"self":[{"href":"https:\/\/www.suno.com.br\/noticias\/wp-json\/wp\/v2\/posts\/7928"}],"collection":[{"href":"https:\/\/www.suno.com.br\/noticias\/wp-json\/wp\/v2\/posts"}],"about":[{"href":"https:\/\/www.suno.com.br\/noticias\/wp-json\/wp\/v2\/types\/post"}],"author":[{"embeddable":true,"href":"https:\/\/www.suno.com.br\/noticias\/wp-json\/wp\/v2\/users\/11"}],"replies":[{"embeddable":true,"href":"https:\/\/www.suno.com.br\/noticias\/wp-json\/wp\/v2\/comments?post=7928"}],"version-history":[{"count":0,"href":"https:\/\/www.suno.com.br\/noticias\/wp-json\/wp\/v2\/posts\/7928\/revisions"}],"wp:featuredmedia":[{"embeddable":true,"href":"https:\/\/www.suno.com.br\/noticias\/wp-json\/wp\/v2\/media\/7930"}],"wp:attachment":[{"href":"https:\/\/www.suno.com.br\/noticias\/wp-json\/wp\/v2\/media?parent=7928"}],"wp:term":[{"taxonomy":"category","embeddable":true,"href":"https:\/\/www.suno.com.br\/noticias\/wp-json\/wp\/v2\/categories?post=7928"},{"taxonomy":"post_tag","embeddable":true,"href":"https:\/\/www.suno.com.br\/noticias\/wp-json\/wp\/v2\/tags?post=7928"},{"taxonomy":"suno_strategy","embeddable":true,"href":"https:\/\/www.suno.com.br\/noticias\/wp-json\/wp\/v2\/suno_strategy?post=7928"}],"curies":[{"name":"wp","href":"https:\/\/api.w.org\/{rel}","templated":true}]}}