{"id":79279,"date":"2020-08-19T11:22:15","date_gmt":"2020-08-19T14:22:15","guid":{"rendered":"https:\/\/www.suno.com.br\/noticias\/?p=79279"},"modified":"2020-08-23T10:55:16","modified_gmt":"2020-08-23T13:55:16","slug":"coronavirus-cuba-inicia-testes-vacina","status":"publish","type":"post","link":"https:\/\/www.suno.com.br\/noticias\/coronavirus-cuba-inicia-testes-vacina\/","title":{"rendered":"Coronav\u00edrus: Cuba iniciar\u00e1 testes de vacina em humanos"},"content":{"rendered":"<p>De acordo com autoridades sanit\u00e1rias de Cuba, o pa\u00eds dar\u00e1 in\u00edcio aos testes em humanos de sua vacina contra o <a href=\"https:\/\/www.suno.com.br\/noticias\/?s=coronavirus\">novo <strong>coronav\u00edrus<\/strong> (Covid-19)<\/a> na pr\u00f3xima semana. Segundo o an\u00fancio nesta quarta-feira (19), os resultados do projeto <em>Soberana 01<\/em> devem ser divulgados em fevereiro de 2021.<\/p>\t<div class=\"wrapper-featured-image\">\n\t\t<figure class=\"spotlightImg\">\n\n\t\t\t<picture>\n\t\t\t\t<source media=\"(max-width: 768px)\" srcset=\"https:\/\/files.sunoresearch.com.br\/n\/uploads\/2020\/08\/58dab0f2-cuba-400x200.webp\">\n\t\t\t\t<img loading=\"lazy\" decoding=\"async\" class=\"newsContent__article__imgCapa lazyloadDisabled \" src=\"https:\/\/files.sunoresearch.com.br\/n\/uploads\/2020\/08\/58dab0f2-cuba-800x450.webp\" width=\"800\" height=\"450\" alt=\"Coronav\u00edrus: Cuba iniciar\u00e1 testes de vacina em humanos\" fetchpriority=high \/>\n\t\t\t<\/picture>\n\n\t\t\t<figcaption class=\"wp-caption-text wp-caption-text--show\">Segundo autoridades de Cuba, os testes da vacina que combata o coronav\u00edrus ser\u00e3o realizados em 676 pessoas que possuem entre 19 e 80 anos.<\/figcaption>\n\t\t<\/figure>\n\t<\/div>\n\n\n<div class=\"hubspot-form-wrapper\">\n\t<div id=\"single-form-target\"><\/div>\n<\/div>\n\n<p>Segundo o Registro P\u00fablico de Ensaios Cl\u00ednicos e o Centro de Controle Estatal de Medicamentos de <strong>Cuba<\/strong>, os testes da <strong>vacina<\/strong> que combata o coronav\u00edrus ser\u00e3o realizados em 676 pessoas que possuem entre 19 e 80 anos. O recrutamento ser\u00e1 iniciado na pr\u00f3xima segunda-feira (24) e durar\u00e1 cerca de dois meses.<\/p>\n<p>O protocolo dos testes exige que os volunt\u00e1rios n\u00e3o devam ter &#8220;altera\u00e7\u00f5es clinicamente significativas&#8221; e devem dar seu consentimento por escrito para receber a medica\u00e7\u00e3o. Previsto para ser encerrado em 11 de janeiro, o estudo deve ter sua conclus\u00e3o apresentada no dia 15 de fevereiro.<\/p>\n<p><a href=\"https:\/\/lp.suno.com.br\/suno-one\/\">Suno One: acesse gratuitamente eBooks, Minicursos, Artigos e Video Aulas sobre investimentos com um \u00fanico cadastro. Clique para saber mais!<\/a><\/p>\n<p>Em maio, o presidente de Cuba, Miguel D\u00edaz-Canel, havia dito que &#8220;embora haja vacinas de outros pa\u00edses, precisamos das nossas para ter soberania\u201d. O chefe de <strong>epidemiologia<\/strong> da ilha socialista, Francisco Dur\u00e1n, afirmou que a expectativa \u00e9 que o pa\u00eds tenha acesso \u00e0 vacina no primeiro trimestre do ano que vem.<\/p>\n<p>Com 11 milh\u00f5es de habitantes, Cuba registrava 3.408 casos da <strong>pandemia<\/strong>, com 88 mortos e 2.794 recuperados at\u00e9 a \u00faltima segunda-feira (17). Assim, o pa\u00eds tem uma rela\u00e7\u00e3o de 8 mortes a cada milh\u00e3o de habitante &#8212; em compara\u00e7\u00e3o com o Brasil, a mesma rela\u00e7\u00e3o tr\u00e1s o n\u00famero de 524,52 mortes a cada milh\u00e3o de habitante.<\/p>\n<p>No \u00faltimo s\u00e1bado (15), autoridades da R\u00fassia relataram que, ap\u00f3s constatar <a href=\"https:\/\/www.suno.com.br\/noticias\/russia-registra-primeira-vacina-coronavirus\/\">avan\u00e7os na produ\u00e7\u00e3o da vacina <em>Sputnik V<\/em><\/a>, poderiam reproduzi-la em territ\u00f3rio cubano. No entanto, os governantes da ilha n\u00e3o se pronunciaram oficialmente sobre o caso.<\/p>\n<h2>R\u00fassia registra 1\u00aa vacina oficial contra o coronav\u00edrus e inicia produ\u00e7\u00e3o<\/h2>\n<p>O Minist\u00e9rio da Sa\u00fade da <strong>R\u00fassia<\/strong> informou que iniciou a produ\u00e7\u00e3o do primeiro lote da vacina contra o coronav\u00edrus no \u00faltimo s\u00e1bado. &#8220;A produ\u00e7\u00e3o de uma vacina contra a infec\u00e7\u00e3o por coronav\u00edrus desenvolvida pelo Centro de Pesquisa Gamaleya do <strong>Minist\u00e9rio da Sa\u00fade<\/strong> da R\u00fassia, j\u00e1 come\u00e7ou&#8221;, disse a pasta em comunicado. At\u00e9 janeiro do ano que vem est\u00e1 prevista a produ\u00e7\u00e3o de cinco milh\u00f5es de doses mensais.<\/p>\n<p>Segundo o governo russo, a imuniza\u00e7\u00e3o foi testada em animais antes de ser aplicada em humanos, e, menos de dois meses depois, os humanos come\u00e7aram a ser testados. No total, foram 38 pessoas e o Instituto Gamaleya n\u00e3o publicou nenhum resultado e nenhum estudo sobre os testes aplicados.<\/p>\n\t<div data-element=\"shortcode-read-more\" class=\"knowMore\">\n\t\t\t\t<span class=\"knowMore__title\">Saiba mais<\/span>\n\t\t\t\t<a class=\"knowMore__link\" href=\"https:\/\/www.suno.com.br\/noticias\/coronavirus-anvisa-autoriza-testes-vacina-johnson-johnson\/\">\n\t\t\tCoronav\u00edrus: Anvisa autoriza testes de vacina da Johnson &amp; Johnson no Brasil\t\t<\/a>\n\t<\/div>\n\n\n<p>O presidente da R\u00fassia, Vladimir Putin, afirmou no in\u00edcio da semana passada que \u201csei que [a vacina] \u00e9 bastante eficaz, que proporciona imunidade duradoura&#8221;. O an\u00fancio governo russo acontece logo ap\u00f3s o aviso da OMS acerca das diretrizes estabelecidas para a cria\u00e7\u00e3o segura de um medicamento que combata o <strong>coronav\u00edrus<\/strong>. O temor da organiza\u00e7\u00e3o \u00e9 que, em meio \u00e0 corrida pol\u00edtica pela pioneira descoberta por uma vacina, as etapas necess\u00e1rias sejam negligenciadas.<\/p>\n\t<p>\n\t\t<a href=\"https:\/\/lp.suno.com.br\/planilha-de-controle-de-investimentos\/\" target=\"_blank\" data-element=\"shortcode-suno-banner\" title=\"Banner SUNO, clique e saiba mais\">\n\t\t\t<picture>\n\t\t\t\t<source media=\"(max-width: 500px)\" srcset=\"https:\/\/files.sunoresearch.com.br\/n\/uploads\/2023\/03\/400x300-Controle-de-Investimentos.png\">\n\t\t\t\t<img class=\"newsContent__article__imgCapa newsContent__article__imgCapa--banner\"\n\t\t\t\t\tsrc=\"https:\/\/files.sunoresearch.com.br\/n\/uploads\/2023\/03\/1420x240-Controle-de-Investimentos.png\"\n\t\t\t\t\tdata-promo-id=\"75934\"\t\t\t\t\t\t\t\t\t\twidth='1420' height='240'\t\t\t\t\talt=\"https:\/\/files.sunoresearch.com.br\/n\/uploads\/2023\/03\/1420x240-Controle-de-Investimentos.png\"\n\t\t\t\t>\n\t\t\t<\/picture>\n\t\t<\/a>\n\t<\/p>\n\n\n","protected":false},"excerpt":{"rendered":"<p>De acordo com autoridades sanit\u00e1rias de Cuba, o pa\u00eds dar\u00e1 in\u00edcio aos testes em humanos de sua vacina contra o novo coronav\u00edrus (Covid-19) na pr\u00f3xima semana. Segundo o an\u00fancio nesta quarta-feira (19), os resultados do projeto Soberana 01 devem ser divulgados em fevereiro de 2021. Segundo autoridades de Cuba, os testes da vacina que combata [&hellip;]<\/p>\n","protected":false},"author":24,"featured_media":79286,"comment_status":"closed","ping_status":"closed","sticky":false,"template":"","format":"standard","meta":[],"categories":[63],"tags":[2487,25002],"suno_strategy":[],"class_list":["post-79279","post","type-post","status-publish","format-standard","has-post-thumbnail","hentry","category-internacional","tag-coronavirus","tag-vacina"],"yoast_head":"<!-- This site is optimized with the Yoast SEO plugin v24.4 - https:\/\/yoast.com\/wordpress\/plugins\/seo\/ -->\n<title>Coronav\u00edrus: Cuba iniciar\u00e1 testes de vacina em humanos<\/title>\n<meta name=\"description\" content=\"De acordo com autoridades de Cuba, o pa\u00eds dar\u00e1 in\u00edcio aos testes em humanos de sua vacina contra o coronav\u00edrus na pr\u00f3xima semana. Saiba mais.\" \/>\n<meta name=\"robots\" content=\"index, follow, max-snippet:-1, max-image-preview:large, max-video-preview:-1\" \/>\n<link rel=\"canonical\" href=\"https:\/\/www.suno.com.br\/noticias\/coronavirus-cuba-inicia-testes-vacina\/\" \/>\n<meta property=\"og:locale\" content=\"pt_BR\" \/>\n<meta property=\"og:type\" content=\"article\" \/>\n<meta property=\"og:title\" content=\"Coronav\u00edrus: Cuba iniciar\u00e1 testes de vacina em humanos\" \/>\n<meta property=\"og:description\" content=\"De acordo com autoridades de Cuba, o pa\u00eds dar\u00e1 in\u00edcio aos testes em humanos de sua vacina contra o coronav\u00edrus na pr\u00f3xima semana. Saiba mais.\" \/>\n<meta property=\"og:url\" content=\"https:\/\/www.suno.com.br\/noticias\/coronavirus-cuba-inicia-testes-vacina\/\" \/>\n<meta property=\"og:site_name\" content=\"Suno Not\u00edcias\" \/>\n<meta property=\"article:publisher\" content=\"https:\/\/facebook.com\/sunoresearch\" \/>\n<meta property=\"og:image\" content=\"https:\/\/files.sunoresearch.com.br\/n\/uploads\/2020\/08\/58dab0f2-cuba.jpg\" \/>\n\t<meta property=\"og:image:width\" content=\"1700\" \/>\n\t<meta property=\"og:image:height\" content=\"1176\" \/>\n\t<meta property=\"og:image:type\" content=\"image\/jpeg\" \/>\n<meta name=\"author\" content=\"Jader Lazarini\" \/>\n<meta name=\"twitter:card\" content=\"summary_large_image\" \/>\n<meta name=\"twitter:creator\" content=\"@sunoresearch\" \/>\n<meta name=\"twitter:site\" content=\"@sunoresearch\" \/>\n<meta name=\"twitter:label1\" content=\"Escrito por\" \/>\n\t<meta name=\"twitter:data1\" content=\"Jader Lazarini\" \/>\n\t<meta name=\"twitter:label2\" content=\"Est. tempo de leitura\" \/>\n\t<meta name=\"twitter:data2\" content=\"3 minutos\" \/>\n<script type=\"application\/ld+json\" class=\"yoast-schema-graph\">{\"@context\":\"https:\/\/schema.org\",\"@graph\":[{\"@type\":\"NewsArticle\",\"@id\":\"https:\/\/www.suno.com.br\/noticias\/coronavirus-cuba-inicia-testes-vacina\/#article\",\"isPartOf\":{\"@id\":\"https:\/\/www.suno.com.br\/noticias\/coronavirus-cuba-inicia-testes-vacina\/\"},\"author\":{\"name\":\"Jader Lazarini\",\"@id\":\"https:\/\/www.suno.com.br\/noticias\/#\/schema\/person\/918d79de1f0281f01599b93f9ea6e23f\"},\"headline\":\"Coronav\u00edrus: Cuba iniciar\u00e1 testes de vacina em humanos\",\"datePublished\":\"2020-08-19T14:22:15+00:00\",\"dateModified\":\"2020-08-23T13:55:16+00:00\",\"mainEntityOfPage\":{\"@id\":\"https:\/\/www.suno.com.br\/noticias\/coronavirus-cuba-inicia-testes-vacina\/\"},\"wordCount\":576,\"publisher\":{\"@id\":\"https:\/\/www.suno.com.br\/noticias\/#organization\"},\"image\":{\"@id\":\"https:\/\/www.suno.com.br\/noticias\/coronavirus-cuba-inicia-testes-vacina\/#primaryimage\"},\"thumbnailUrl\":\"https:\/\/files.sunoresearch.com.br\/n\/uploads\/2020\/08\/58dab0f2-cuba-jpg.webp\",\"keywords\":[\"coronav\u00edrus\",\"vacina\"],\"articleSection\":[\"Internacional\"],\"inLanguage\":\"pt-BR\"},{\"@type\":\"WebPage\",\"@id\":\"https:\/\/www.suno.com.br\/noticias\/coronavirus-cuba-inicia-testes-vacina\/\",\"url\":\"https:\/\/www.suno.com.br\/noticias\/coronavirus-cuba-inicia-testes-vacina\/\",\"name\":\"Coronav\u00edrus: Cuba iniciar\u00e1 testes de vacina em humanos\",\"isPartOf\":{\"@id\":\"https:\/\/www.suno.com.br\/noticias\/#website\"},\"primaryImageOfPage\":{\"@id\":\"https:\/\/www.suno.com.br\/noticias\/coronavirus-cuba-inicia-testes-vacina\/#primaryimage\"},\"image\":{\"@id\":\"https:\/\/www.suno.com.br\/noticias\/coronavirus-cuba-inicia-testes-vacina\/#primaryimage\"},\"thumbnailUrl\":\"https:\/\/files.sunoresearch.com.br\/n\/uploads\/2020\/08\/58dab0f2-cuba-jpg.webp\",\"datePublished\":\"2020-08-19T14:22:15+00:00\",\"dateModified\":\"2020-08-23T13:55:16+00:00\",\"description\":\"De acordo com autoridades de Cuba, o pa\u00eds dar\u00e1 in\u00edcio aos testes em humanos de sua vacina contra o coronav\u00edrus na pr\u00f3xima semana. Saiba mais.\",\"breadcrumb\":{\"@id\":\"https:\/\/www.suno.com.br\/noticias\/coronavirus-cuba-inicia-testes-vacina\/#breadcrumb\"},\"inLanguage\":\"pt-BR\",\"potentialAction\":[{\"@type\":\"ReadAction\",\"target\":[\"https:\/\/www.suno.com.br\/noticias\/coronavirus-cuba-inicia-testes-vacina\/\"]}]},{\"@type\":\"ImageObject\",\"inLanguage\":\"pt-BR\",\"@id\":\"https:\/\/www.suno.com.br\/noticias\/coronavirus-cuba-inicia-testes-vacina\/#primaryimage\",\"url\":\"https:\/\/files.sunoresearch.com.br\/n\/uploads\/2020\/08\/58dab0f2-cuba-jpg.webp\",\"contentUrl\":\"https:\/\/files.sunoresearch.com.br\/n\/uploads\/2020\/08\/58dab0f2-cuba-jpg.webp\",\"width\":1700,\"height\":1176,\"caption\":\"Segundo autoridades de Cuba, os testes da vacina que combata o coronav\u00edrus ser\u00e3o realizados em 676 pessoas que possuem entre 19 e 80 anos.\"},{\"@type\":\"BreadcrumbList\",\"@id\":\"https:\/\/www.suno.com.br\/noticias\/coronavirus-cuba-inicia-testes-vacina\/#breadcrumb\",\"itemListElement\":[{\"@type\":\"ListItem\",\"position\":1,\"name\":\"Not\u00edcias\",\"item\":\"https:\/\/www.suno.com.br\/noticias\/\"},{\"@type\":\"ListItem\",\"position\":2,\"name\":\"Internacional\",\"item\":\"https:\/\/www.suno.com.br\/noticias\/internacional\/\"},{\"@type\":\"ListItem\",\"position\":3,\"name\":\"Coronav\u00edrus: Cuba iniciar\u00e1 testes de vacina em humanos\"}]},{\"@type\":\"WebSite\",\"@id\":\"https:\/\/www.suno.com.br\/noticias\/#website\",\"url\":\"https:\/\/www.suno.com.br\/noticias\/\",\"name\":\"Suno Not\u00edcias\",\"description\":\"Seu portal de informa\u00e7\u00e3o sobre o mundo dos investimentos\",\"publisher\":{\"@id\":\"https:\/\/www.suno.com.br\/noticias\/#organization\"},\"potentialAction\":[{\"@type\":\"SearchAction\",\"target\":{\"@type\":\"EntryPoint\",\"urlTemplate\":\"https:\/\/www.suno.com.br\/noticias\/?s={search_term_string}\"},\"query-input\":{\"@type\":\"PropertyValueSpecification\",\"valueRequired\":true,\"valueName\":\"search_term_string\"}}],\"inLanguage\":\"pt-BR\"},{\"@type\":\"Organization\",\"@id\":\"https:\/\/www.suno.com.br\/noticias\/#organization\",\"name\":\"Suno Not\u00edcias\",\"url\":\"https:\/\/www.suno.com.br\/noticias\/\",\"logo\":{\"@type\":\"ImageObject\",\"inLanguage\":\"pt-BR\",\"@id\":\"https:\/\/www.suno.com.br\/noticias\/#\/schema\/logo\/image\/\",\"url\":\"https:\/\/files.sunoresearch.com.br\/n\/uploads\/2021\/09\/suno-logo.png\",\"contentUrl\":\"https:\/\/files.sunoresearch.com.br\/n\/uploads\/2021\/09\/suno-logo.png\",\"width\":180,\"height\":180,\"caption\":\"Suno Not\u00edcias\"},\"image\":{\"@id\":\"https:\/\/www.suno.com.br\/noticias\/#\/schema\/logo\/image\/\"},\"sameAs\":[\"https:\/\/facebook.com\/sunoresearch\",\"https:\/\/x.com\/sunoresearch\",\"https:\/\/www.instagram.com\/suno\",\"https:\/\/www.linkedin.com\/company\/suno-research\/\",\"https:\/\/www.youtube.com\/c\/sunoresearch\"]},{\"@type\":\"Person\",\"@id\":\"https:\/\/www.suno.com.br\/noticias\/#\/schema\/person\/918d79de1f0281f01599b93f9ea6e23f\",\"name\":\"Jader Lazarini\",\"image\":{\"@type\":\"ImageObject\",\"inLanguage\":\"pt-BR\",\"@id\":\"https:\/\/www.suno.com.br\/noticias\/#\/schema\/person\/image\/\",\"url\":\"https:\/\/secure.gravatar.com\/avatar\/3c1ad8caa51589841baeb923fcddea97?s=96&r=g\",\"contentUrl\":\"https:\/\/secure.gravatar.com\/avatar\/3c1ad8caa51589841baeb923fcddea97?s=96&r=g\",\"caption\":\"Jader Lazarini\"},\"description\":\"Jader Lazarini escreve sobre investimentos, finan\u00e7as, economia e neg\u00f3cios. \u00c9 bacharel em Rela\u00e7\u00f5es Internacionais e analista CNPI (2619).\",\"url\":\"https:\/\/www.suno.com.br\/noticias\/author\/jader-lazarini\/\"}]}<\/script>\n<!-- \/ Yoast SEO plugin. -->","yoast_head_json":{"title":"Coronav\u00edrus: Cuba iniciar\u00e1 testes de vacina em humanos","description":"De acordo com autoridades de Cuba, o pa\u00eds dar\u00e1 in\u00edcio aos testes em humanos de sua vacina contra o coronav\u00edrus na pr\u00f3xima semana. Saiba mais.","robots":{"index":"index","follow":"follow","max-snippet":"max-snippet:-1","max-image-preview":"max-image-preview:large","max-video-preview":"max-video-preview:-1"},"canonical":"https:\/\/www.suno.com.br\/noticias\/coronavirus-cuba-inicia-testes-vacina\/","og_locale":"pt_BR","og_type":"article","og_title":"Coronav\u00edrus: Cuba iniciar\u00e1 testes de vacina em humanos","og_description":"De acordo com autoridades de Cuba, o pa\u00eds dar\u00e1 in\u00edcio aos testes em humanos de sua vacina contra o coronav\u00edrus na pr\u00f3xima semana. Saiba mais.","og_url":"https:\/\/www.suno.com.br\/noticias\/coronavirus-cuba-inicia-testes-vacina\/","og_site_name":"Suno Not\u00edcias","article_publisher":"https:\/\/facebook.com\/sunoresearch","og_image":[{"width":1700,"height":1176,"url":"https:\/\/files.sunoresearch.com.br\/n\/uploads\/2020\/08\/58dab0f2-cuba.jpg","type":"image\/jpeg"}],"author":"Jader Lazarini","twitter_card":"summary_large_image","twitter_creator":"@sunoresearch","twitter_site":"@sunoresearch","twitter_misc":{"Escrito por":"Jader Lazarini","Est. tempo de leitura":"3 minutos"},"schema":{"@context":"https:\/\/schema.org","@graph":[{"@type":"NewsArticle","@id":"https:\/\/www.suno.com.br\/noticias\/coronavirus-cuba-inicia-testes-vacina\/#article","isPartOf":{"@id":"https:\/\/www.suno.com.br\/noticias\/coronavirus-cuba-inicia-testes-vacina\/"},"author":{"name":"Jader Lazarini","@id":"https:\/\/www.suno.com.br\/noticias\/#\/schema\/person\/918d79de1f0281f01599b93f9ea6e23f"},"headline":"Coronav\u00edrus: Cuba iniciar\u00e1 testes de vacina em humanos","datePublished":"2020-08-19T14:22:15+00:00","dateModified":"2020-08-23T13:55:16+00:00","mainEntityOfPage":{"@id":"https:\/\/www.suno.com.br\/noticias\/coronavirus-cuba-inicia-testes-vacina\/"},"wordCount":576,"publisher":{"@id":"https:\/\/www.suno.com.br\/noticias\/#organization"},"image":{"@id":"https:\/\/www.suno.com.br\/noticias\/coronavirus-cuba-inicia-testes-vacina\/#primaryimage"},"thumbnailUrl":"https:\/\/files.sunoresearch.com.br\/n\/uploads\/2020\/08\/58dab0f2-cuba-jpg.webp","keywords":["coronav\u00edrus","vacina"],"articleSection":["Internacional"],"inLanguage":"pt-BR"},{"@type":"WebPage","@id":"https:\/\/www.suno.com.br\/noticias\/coronavirus-cuba-inicia-testes-vacina\/","url":"https:\/\/www.suno.com.br\/noticias\/coronavirus-cuba-inicia-testes-vacina\/","name":"Coronav\u00edrus: Cuba iniciar\u00e1 testes de vacina em humanos","isPartOf":{"@id":"https:\/\/www.suno.com.br\/noticias\/#website"},"primaryImageOfPage":{"@id":"https:\/\/www.suno.com.br\/noticias\/coronavirus-cuba-inicia-testes-vacina\/#primaryimage"},"image":{"@id":"https:\/\/www.suno.com.br\/noticias\/coronavirus-cuba-inicia-testes-vacina\/#primaryimage"},"thumbnailUrl":"https:\/\/files.sunoresearch.com.br\/n\/uploads\/2020\/08\/58dab0f2-cuba-jpg.webp","datePublished":"2020-08-19T14:22:15+00:00","dateModified":"2020-08-23T13:55:16+00:00","description":"De acordo com autoridades de Cuba, o pa\u00eds dar\u00e1 in\u00edcio aos testes em humanos de sua vacina contra o coronav\u00edrus na pr\u00f3xima semana. Saiba mais.","breadcrumb":{"@id":"https:\/\/www.suno.com.br\/noticias\/coronavirus-cuba-inicia-testes-vacina\/#breadcrumb"},"inLanguage":"pt-BR","potentialAction":[{"@type":"ReadAction","target":["https:\/\/www.suno.com.br\/noticias\/coronavirus-cuba-inicia-testes-vacina\/"]}]},{"@type":"ImageObject","inLanguage":"pt-BR","@id":"https:\/\/www.suno.com.br\/noticias\/coronavirus-cuba-inicia-testes-vacina\/#primaryimage","url":"https:\/\/files.sunoresearch.com.br\/n\/uploads\/2020\/08\/58dab0f2-cuba-jpg.webp","contentUrl":"https:\/\/files.sunoresearch.com.br\/n\/uploads\/2020\/08\/58dab0f2-cuba-jpg.webp","width":1700,"height":1176,"caption":"Segundo autoridades de Cuba, os testes da vacina que combata o coronav\u00edrus ser\u00e3o realizados em 676 pessoas que possuem entre 19 e 80 anos."},{"@type":"BreadcrumbList","@id":"https:\/\/www.suno.com.br\/noticias\/coronavirus-cuba-inicia-testes-vacina\/#breadcrumb","itemListElement":[{"@type":"ListItem","position":1,"name":"Not\u00edcias","item":"https:\/\/www.suno.com.br\/noticias\/"},{"@type":"ListItem","position":2,"name":"Internacional","item":"https:\/\/www.suno.com.br\/noticias\/internacional\/"},{"@type":"ListItem","position":3,"name":"Coronav\u00edrus: Cuba iniciar\u00e1 testes de vacina em humanos"}]},{"@type":"WebSite","@id":"https:\/\/www.suno.com.br\/noticias\/#website","url":"https:\/\/www.suno.com.br\/noticias\/","name":"Suno Not\u00edcias","description":"Seu portal de informa\u00e7\u00e3o sobre o mundo dos investimentos","publisher":{"@id":"https:\/\/www.suno.com.br\/noticias\/#organization"},"potentialAction":[{"@type":"SearchAction","target":{"@type":"EntryPoint","urlTemplate":"https:\/\/www.suno.com.br\/noticias\/?s={search_term_string}"},"query-input":{"@type":"PropertyValueSpecification","valueRequired":true,"valueName":"search_term_string"}}],"inLanguage":"pt-BR"},{"@type":"Organization","@id":"https:\/\/www.suno.com.br\/noticias\/#organization","name":"Suno Not\u00edcias","url":"https:\/\/www.suno.com.br\/noticias\/","logo":{"@type":"ImageObject","inLanguage":"pt-BR","@id":"https:\/\/www.suno.com.br\/noticias\/#\/schema\/logo\/image\/","url":"https:\/\/files.sunoresearch.com.br\/n\/uploads\/2021\/09\/suno-logo.png","contentUrl":"https:\/\/files.sunoresearch.com.br\/n\/uploads\/2021\/09\/suno-logo.png","width":180,"height":180,"caption":"Suno Not\u00edcias"},"image":{"@id":"https:\/\/www.suno.com.br\/noticias\/#\/schema\/logo\/image\/"},"sameAs":["https:\/\/facebook.com\/sunoresearch","https:\/\/x.com\/sunoresearch","https:\/\/www.instagram.com\/suno","https:\/\/www.linkedin.com\/company\/suno-research\/","https:\/\/www.youtube.com\/c\/sunoresearch"]},{"@type":"Person","@id":"https:\/\/www.suno.com.br\/noticias\/#\/schema\/person\/918d79de1f0281f01599b93f9ea6e23f","name":"Jader Lazarini","image":{"@type":"ImageObject","inLanguage":"pt-BR","@id":"https:\/\/www.suno.com.br\/noticias\/#\/schema\/person\/image\/","url":"https:\/\/secure.gravatar.com\/avatar\/3c1ad8caa51589841baeb923fcddea97?s=96&r=g","contentUrl":"https:\/\/secure.gravatar.com\/avatar\/3c1ad8caa51589841baeb923fcddea97?s=96&r=g","caption":"Jader Lazarini"},"description":"Jader Lazarini escreve sobre investimentos, finan\u00e7as, economia e neg\u00f3cios. \u00c9 bacharel em Rela\u00e7\u00f5es Internacionais e analista CNPI (2619).","url":"https:\/\/www.suno.com.br\/noticias\/author\/jader-lazarini\/"}]}},"default_loop_html":"<div class=\"cardsPage__listCard__boxs\"><div class=\"cardsPage__listCard__boxs__img\"><a href=\"https:\/\/www.suno.com.br\/noticias\/coronavirus-cuba-inicia-testes-vacina\/\"><img class=\"mask\" src=\"https:\/\/www.suno.com.br\/noticias\/wp-content\/themes\/suno\/resources\/images\/spotlight\/spotlight1img\/bg-mask.png\" alt=\"Image Mask\"\/><img src=\"https:\/\/files.sunoresearch.com.br\/n\/uploads\/2020\/08\/58dab0f2-cuba-400x200.webp\" alt=\"Coronav\u00edrus: Cuba iniciar\u00e1 testes de vacina em humanos\"\/><\/a><span class=\"spotlightCategory\"><a href=\"https:\/\/www.suno.com.br\/noticias\/internacional\/\">Internacional<\/a><\/span><\/div><div class=\"cardsPage__listCard__boxs__content\"><a href=\"https:\/\/www.suno.com.br\/noticias\/coronavirus-cuba-inicia-testes-vacina\/\"><h2 class=\"content__title\">Coronav\u00edrus: Cuba iniciar\u00e1 testes de vacina em humanos<\/h2><\/a><div class=\"newsContent__article__meta\"><div class=\"newsContent__article__meta__authorBox\"><a href=\"https:\/\/www.suno.com.br\/noticias\/author\/jader-lazarini\/\" class=\"authorBox__avatar noMobi\"><img src=\"https:\/\/files.sunoresearch.com.br\/n\/uploads\/2021\/01\/178e6598-foto-perfil-2-150x150.jpg\" alt=\"Jader Lazarini\"><\/a><div class=\"authorBox__name\"><span>por\n\t\t\t<a href=\"https:\/\/www.suno.com.br\/noticias\/author\/jader-lazarini\/\"><span itemprop=\"author\">Jader Lazarini<\/span><\/a><\/span><time datetime=\"2020-08-19T11:22:15-03:00\" itemprop=\"datePublished\">19\/08\/2020 11:22<\/time><\/div><\/div><\/div><\/div><\/div>","single_layout":"posts","amp_enabled":true,"_links":{"self":[{"href":"https:\/\/www.suno.com.br\/noticias\/wp-json\/wp\/v2\/posts\/79279"}],"collection":[{"href":"https:\/\/www.suno.com.br\/noticias\/wp-json\/wp\/v2\/posts"}],"about":[{"href":"https:\/\/www.suno.com.br\/noticias\/wp-json\/wp\/v2\/types\/post"}],"author":[{"embeddable":true,"href":"https:\/\/www.suno.com.br\/noticias\/wp-json\/wp\/v2\/users\/24"}],"replies":[{"embeddable":true,"href":"https:\/\/www.suno.com.br\/noticias\/wp-json\/wp\/v2\/comments?post=79279"}],"version-history":[{"count":0,"href":"https:\/\/www.suno.com.br\/noticias\/wp-json\/wp\/v2\/posts\/79279\/revisions"}],"wp:featuredmedia":[{"embeddable":true,"href":"https:\/\/www.suno.com.br\/noticias\/wp-json\/wp\/v2\/media\/79286"}],"wp:attachment":[{"href":"https:\/\/www.suno.com.br\/noticias\/wp-json\/wp\/v2\/media?parent=79279"}],"wp:term":[{"taxonomy":"category","embeddable":true,"href":"https:\/\/www.suno.com.br\/noticias\/wp-json\/wp\/v2\/categories?post=79279"},{"taxonomy":"post_tag","embeddable":true,"href":"https:\/\/www.suno.com.br\/noticias\/wp-json\/wp\/v2\/tags?post=79279"},{"taxonomy":"suno_strategy","embeddable":true,"href":"https:\/\/www.suno.com.br\/noticias\/wp-json\/wp\/v2\/suno_strategy?post=79279"}],"curies":[{"name":"wp","href":"https:\/\/api.w.org\/{rel}","templated":true}]}}