{"id":79206,"date":"2020-08-19T07:33:04","date_gmt":"2020-08-19T10:33:04","guid":{"rendered":"https:\/\/www.suno.com.br\/noticias\/?p=79206"},"modified":"2020-08-19T07:33:04","modified_gmt":"2020-08-19T10:33:04","slug":"quero-quero-ljqq3-recebera-creditos-fiscais","status":"publish","type":"post","link":"https:\/\/www.suno.com.br\/noticias\/quero-quero-ljqq3-recebera-creditos-fiscais\/","title":{"rendered":"Quero-Quero (LJQQ3) receber\u00e1 R$ 20 milh\u00f5es em cr\u00e9ditos fiscais"},"content":{"rendered":"<p>A Lojas <strong>Quero-Quero<\/strong> (LJQQ3) informou, na noite da \u00faltima ter\u00e7a-feira (18), que receber\u00e1, em cr\u00e9ditos fiscais, aproximadamente R$ 20 milh\u00f5es. A informa\u00e7\u00e3o foi revelada por meio de um comunicado ao mercado.<\/p>\t<div class=\"wrapper-featured-image\">\n\t\t<figure class=\"spotlightImg\">\n\n\t\t\t<picture>\n\t\t\t\t<source media=\"(max-width: 768px)\" srcset=\"https:\/\/files.sunoresearch.com.br\/n\/uploads\/2020\/08\/28c5d26e-lojas-quero-quero-400x200.webp\">\n\t\t\t\t<img loading=\"lazy\" decoding=\"async\" class=\"newsContent__article__imgCapa lazyloadDisabled \" src=\"https:\/\/files.sunoresearch.com.br\/n\/uploads\/2020\/08\/28c5d26e-lojas-quero-quero-jpg.webp\" width=\"800\" height=\"450\" alt=\"Quero-Quero (LJQQ3) receber\u00e1 R$ 20 milh\u00f5es em cr\u00e9ditos fiscais\" fetchpriority=high \/>\n\t\t\t<\/picture>\n\n\t\t\t<figcaption class=\"wp-caption-text wp-caption-text--show\">Lojas Quero-Quero (LJQQ3) registra alta de 125,6% no lucro no 3T20<\/figcaption>\n\t\t<\/figure>\n\t<\/div>\n\n\n<div class=\"hubspot-form-wrapper\">\n\t<div id=\"single-form-target\"><\/div>\n<\/div>\n\n<p>A Quero-Quero disse que o processo tramitava junto ao Superior Tribunal de Justi\u00e7a, e se refere \u00e0 exclus\u00e3o do <a href=\"https:\/\/www.suno.com.br\/artigos\/icms\/\">Imposto de Circula\u00e7\u00e3o de Mercadorias e Servi\u00e7os (<strong>ICMS<\/strong>)<\/a> da base de c\u00e1lculo da contribui\u00e7\u00e3o ao Programa de Integra\u00e7\u00e3o Social (<strong>PIS<\/strong>) e da <a href=\"https:\/\/www.suno.com.br\/artigos\/cofins\/\">Contribui\u00e7\u00e3o para Financiamento da Seguridade Social (<strong>COFINS<\/strong>)<\/a>.<\/p>\n<p>&#8220;Em decorr\u00eancia da referida decis\u00e3o, a companhia teve reconhecido o direito da repeti\u00e7\u00e3o do ind\u00e9bito <strong>tribut\u00e1rio<\/strong> relativo \u00e0s compet\u00eancias de 2010 a 2017, devidamente corrigidos, no montante aproximado de R$ 20 milh\u00f5es&#8221;, diz o comunidado.<\/p>\n<p><a href=\"https:\/\/lp.suno.com.br\/suno-one\/\">Suno One: o primeiro passo para alcan\u00e7ar a sua independ\u00eancia financeira. Acesse agora, \u00e9 gratuito!<\/a><\/p>\n<p>A companhia sediada no Rio Grande do Sul refor\u00e7ou que, &#8220;para aproveitamento do referido cr\u00e9dito, tomar\u00e1 as provid\u00eancias cab\u00edveis seja na esfera judicial, via cumprimento de senten\u00e7a, ou na esfera administrativa, perante a <strong>Receita Federal<\/strong> do Brasil&#8221;.<\/p>\n<h2>Quero-Quero lucra R$ 4,4 milh\u00f5es no segundo trimestre, alta de 228%<\/h2>\n<p>Em seu primeiro balan\u00e7o ap\u00f3s a <a href=\"https:\/\/www.suno.com.br\/artigos\/ipo\/\">oferta p\u00fablica inicial de a\u00e7\u00f5es (IPO<\/a>, na sigla em ingl\u00eas), a Quero-Quero registrou uma alta de 228% do lucro l\u00edquido no segundo trimestre, saindo de R$ 1,4 milh\u00e3o para R$ 4,4 milh\u00f5es na compara\u00e7\u00e3o anualizada.<\/p>\n<p>A <a href=\"https:\/\/www.suno.com.br\/artigos\/o-que-receita-liquida\/\">receita l\u00edquida<\/a> foi de R$ 349,1 milh\u00f5es no per\u00edodo de abril a junho, alta de 20,7% na mesma base comparativa. Por sua vez, a <a href=\"https:\/\/www.suno.com.br\/artigos\/o-que-receita-bruta\/\">receita bruta<\/a> da empresa cresceu 15,1%, para R$ 434,8 milh\u00f5es. O destaque foi o varejo que cresceu 16,8%, representando 75,6% das receitas, resultado do crescimento de 7,2% das <a href=\"https:\/\/www.suno.com.br\/artigos\/same-store-sales\/\">vendas mesmas lojas (<em>Same Stores Sales<\/em>)<\/a>.<\/p>\n<p>&#8220;O segundo trimestre deste ano foi marcado pela evolu\u00e7\u00e3o da pandemia de Covid-19 e o impacto operacional nos mais diferentes setores da economia brasileira com a sua chegada ao Brasil. As opera\u00e7\u00f5es das lojas e centros de distribui\u00e7\u00f5es foram interrompidas em mar\u00e7o, e o m\u00eas de abril foi de retomada gradual das opera\u00e7\u00f5es e reabertura de nossas lojas, por atuarmos no varejo de material de constru\u00e7\u00e3o, considerado essencial pelas autoridades&#8221;, informou a varejista.<\/p>\n\t<div data-element=\"shortcode-read-more\" class=\"knowMore\">\n\t\t\t\t<span class=\"knowMore__title\">Leia tamb\u00e9m<\/span>\n\t\t\t\t<a class=\"knowMore__link\" href=\"https:\/\/www.suno.com.br\/noticias\/quero-quero-ljqq3-abrir-lojas-fim-2020\/\">\n\t\t\tObjetivo da Quero-Quero (LJQQ3) \u00e9 abrir 50 novas lojas at\u00e9 o fim do ano\t\t<\/a>\n\t<\/div>\n\n\n<p>&#8220;A atividade principal da companhia, o varejo de material de constru\u00e7\u00e3o, tem apresentado resili\u00eancia em raz\u00e3o da essencialidade dos produtos comercializados, n\u00e3o obstante, as outras categorias (eletroeletr\u00f4nicos e m\u00f3veis) tamb\u00e9m est\u00e3o apresentando crescimentos similares, ou at\u00e9 mesmo superiores em alguns casos, aos verificados em material de constru\u00e7\u00e3o&#8221;, pontuou a <strong>Quero-Quero<\/strong>.<\/p>\n\t<p>\n\t\t<a href=\"https:\/\/lp.suno.com.br\/planilha-de-controle-de-investimentos\/\" target=\"_blank\" data-element=\"shortcode-suno-banner\" title=\"Banner SUNO, clique e saiba mais\">\n\t\t\t<picture>\n\t\t\t\t<source media=\"(max-width: 500px)\" srcset=\"https:\/\/files.sunoresearch.com.br\/n\/uploads\/2023\/03\/400x300-Controle-de-Investimentos.png\">\n\t\t\t\t<img class=\"newsContent__article__imgCapa newsContent__article__imgCapa--banner\"\n\t\t\t\t\tsrc=\"https:\/\/files.sunoresearch.com.br\/n\/uploads\/2023\/03\/1420x240-Controle-de-Investimentos.png\"\n\t\t\t\t\tdata-promo-id=\"75934\"\t\t\t\t\t\t\t\t\t\twidth='1420' height='240'\t\t\t\t\talt=\"https:\/\/files.sunoresearch.com.br\/n\/uploads\/2023\/03\/1420x240-Controle-de-Investimentos.png\"\n\t\t\t\t>\n\t\t\t<\/picture>\n\t\t<\/a>\n\t<\/p>\n\n\n","protected":false},"excerpt":{"rendered":"<p>A Lojas Quero-Quero (LJQQ3) informou, na noite da \u00faltima ter\u00e7a-feira (18), que receber\u00e1, em cr\u00e9ditos fiscais, aproximadamente R$ 20 milh\u00f5es. A informa\u00e7\u00e3o foi revelada por meio de um comunicado ao mercado. Lojas Quero-Quero (LJQQ3) registra alta de 125,6% no lucro no 3T20 A Quero-Quero disse que o processo tramitava junto ao Superior Tribunal de Justi\u00e7a, [&hellip;]<\/p>\n","protected":false},"author":24,"featured_media":76338,"comment_status":"closed","ping_status":"closed","sticky":false,"template":"","format":"standard","meta":[],"categories":[64],"tags":[1086,85476],"suno_strategy":[],"class_list":["post-79206","post","type-post","status-publish","format-standard","has-post-thumbnail","hentry","category-negocios","tag-icms","tag-lojas-quero-quero-ljqq3"],"yoast_head":"<!-- This site is optimized with the Yoast SEO plugin v24.4 - https:\/\/yoast.com\/wordpress\/plugins\/seo\/ -->\n<title>Quero-Quero (LJQQ3) receber\u00e1 R$ 20 milh\u00f5es em cr\u00e9ditos fiscais<\/title>\n<meta name=\"description\" content=\"A Lojas Quero-Quero (LJQQ3) informou, na noite da \u00faltima ter\u00e7a-feira, que receber\u00e1, em cr\u00e9ditos fiscais, cerca de R$ 20 milh\u00f5es. Saiba mais.\" \/>\n<meta name=\"robots\" content=\"index, follow, max-snippet:-1, max-image-preview:large, max-video-preview:-1\" \/>\n<link rel=\"canonical\" href=\"https:\/\/www.suno.com.br\/noticias\/quero-quero-ljqq3-recebera-creditos-fiscais\/\" \/>\n<meta property=\"og:locale\" content=\"pt_BR\" \/>\n<meta property=\"og:type\" content=\"article\" \/>\n<meta property=\"og:title\" content=\"Quero-Quero (LJQQ3) receber\u00e1 R$ 20 milh\u00f5es em cr\u00e9ditos fiscais\" \/>\n<meta property=\"og:description\" content=\"A Lojas Quero-Quero (LJQQ3) informou, na noite da \u00faltima ter\u00e7a-feira, que receber\u00e1, em cr\u00e9ditos fiscais, cerca de R$ 20 milh\u00f5es. Saiba mais.\" \/>\n<meta property=\"og:url\" content=\"https:\/\/www.suno.com.br\/noticias\/quero-quero-ljqq3-recebera-creditos-fiscais\/\" \/>\n<meta property=\"og:site_name\" content=\"Suno Not\u00edcias\" \/>\n<meta property=\"article:publisher\" content=\"https:\/\/facebook.com\/sunoresearch\" \/>\n<meta property=\"og:image\" content=\"https:\/\/files.sunoresearch.com.br\/n\/uploads\/2020\/08\/28c5d26e-lojas-quero-quero.jpg\" \/>\n\t<meta property=\"og:image:width\" content=\"660\" \/>\n\t<meta property=\"og:image:height\" content=\"440\" \/>\n\t<meta property=\"og:image:type\" content=\"image\/jpeg\" \/>\n<meta name=\"author\" content=\"Jader Lazarini\" \/>\n<meta name=\"twitter:card\" content=\"summary_large_image\" \/>\n<meta name=\"twitter:creator\" content=\"@sunoresearch\" \/>\n<meta name=\"twitter:site\" content=\"@sunoresearch\" \/>\n<meta name=\"twitter:label1\" content=\"Escrito por\" \/>\n\t<meta name=\"twitter:data1\" content=\"Jader Lazarini\" \/>\n\t<meta name=\"twitter:label2\" content=\"Est. tempo de leitura\" \/>\n\t<meta name=\"twitter:data2\" content=\"2 minutos\" \/>\n<script type=\"application\/ld+json\" class=\"yoast-schema-graph\">{\"@context\":\"https:\/\/schema.org\",\"@graph\":[{\"@type\":\"NewsArticle\",\"@id\":\"https:\/\/www.suno.com.br\/noticias\/quero-quero-ljqq3-recebera-creditos-fiscais\/#article\",\"isPartOf\":{\"@id\":\"https:\/\/www.suno.com.br\/noticias\/quero-quero-ljqq3-recebera-creditos-fiscais\/\"},\"author\":{\"name\":\"Jader Lazarini\",\"@id\":\"https:\/\/www.suno.com.br\/noticias\/#\/schema\/person\/918d79de1f0281f01599b93f9ea6e23f\"},\"headline\":\"Quero-Quero (LJQQ3) receber\u00e1 R$ 20 milh\u00f5es em cr\u00e9ditos fiscais\",\"datePublished\":\"2020-08-19T10:33:04+00:00\",\"mainEntityOfPage\":{\"@id\":\"https:\/\/www.suno.com.br\/noticias\/quero-quero-ljqq3-recebera-creditos-fiscais\/\"},\"wordCount\":471,\"publisher\":{\"@id\":\"https:\/\/www.suno.com.br\/noticias\/#organization\"},\"image\":{\"@id\":\"https:\/\/www.suno.com.br\/noticias\/quero-quero-ljqq3-recebera-creditos-fiscais\/#primaryimage\"},\"thumbnailUrl\":\"https:\/\/files.sunoresearch.com.br\/n\/uploads\/2020\/08\/28c5d26e-lojas-quero-quero-jpg.webp\",\"keywords\":[\"ICMS\",\"Lojas Quero-Quero (LJQQ3)\"],\"articleSection\":[\"Neg\u00f3cios\"],\"inLanguage\":\"pt-BR\"},{\"@type\":\"WebPage\",\"@id\":\"https:\/\/www.suno.com.br\/noticias\/quero-quero-ljqq3-recebera-creditos-fiscais\/\",\"url\":\"https:\/\/www.suno.com.br\/noticias\/quero-quero-ljqq3-recebera-creditos-fiscais\/\",\"name\":\"Quero-Quero (LJQQ3) receber\u00e1 R$ 20 milh\u00f5es em cr\u00e9ditos fiscais\",\"isPartOf\":{\"@id\":\"https:\/\/www.suno.com.br\/noticias\/#website\"},\"primaryImageOfPage\":{\"@id\":\"https:\/\/www.suno.com.br\/noticias\/quero-quero-ljqq3-recebera-creditos-fiscais\/#primaryimage\"},\"image\":{\"@id\":\"https:\/\/www.suno.com.br\/noticias\/quero-quero-ljqq3-recebera-creditos-fiscais\/#primaryimage\"},\"thumbnailUrl\":\"https:\/\/files.sunoresearch.com.br\/n\/uploads\/2020\/08\/28c5d26e-lojas-quero-quero-jpg.webp\",\"datePublished\":\"2020-08-19T10:33:04+00:00\",\"description\":\"A Lojas Quero-Quero (LJQQ3) informou, na noite da \u00faltima ter\u00e7a-feira, que receber\u00e1, em cr\u00e9ditos fiscais, cerca de R$ 20 milh\u00f5es. Saiba mais.\",\"breadcrumb\":{\"@id\":\"https:\/\/www.suno.com.br\/noticias\/quero-quero-ljqq3-recebera-creditos-fiscais\/#breadcrumb\"},\"inLanguage\":\"pt-BR\",\"potentialAction\":[{\"@type\":\"ReadAction\",\"target\":[\"https:\/\/www.suno.com.br\/noticias\/quero-quero-ljqq3-recebera-creditos-fiscais\/\"]}]},{\"@type\":\"ImageObject\",\"inLanguage\":\"pt-BR\",\"@id\":\"https:\/\/www.suno.com.br\/noticias\/quero-quero-ljqq3-recebera-creditos-fiscais\/#primaryimage\",\"url\":\"https:\/\/files.sunoresearch.com.br\/n\/uploads\/2020\/08\/28c5d26e-lojas-quero-quero-jpg.webp\",\"contentUrl\":\"https:\/\/files.sunoresearch.com.br\/n\/uploads\/2020\/08\/28c5d26e-lojas-quero-quero-jpg.webp\",\"width\":660,\"height\":440,\"caption\":\"Lojas Quero-Quero (LJQQ3) registra alta de 125,6% no lucro no 3T20\"},{\"@type\":\"BreadcrumbList\",\"@id\":\"https:\/\/www.suno.com.br\/noticias\/quero-quero-ljqq3-recebera-creditos-fiscais\/#breadcrumb\",\"itemListElement\":[{\"@type\":\"ListItem\",\"position\":1,\"name\":\"Not\u00edcias\",\"item\":\"https:\/\/www.suno.com.br\/noticias\/\"},{\"@type\":\"ListItem\",\"position\":2,\"name\":\"Neg\u00f3cios\",\"item\":\"https:\/\/www.suno.com.br\/noticias\/negocios\/\"},{\"@type\":\"ListItem\",\"position\":3,\"name\":\"Quero-Quero (LJQQ3) receber\u00e1 R$ 20 milh\u00f5es em cr\u00e9ditos fiscais\"}]},{\"@type\":\"WebSite\",\"@id\":\"https:\/\/www.suno.com.br\/noticias\/#website\",\"url\":\"https:\/\/www.suno.com.br\/noticias\/\",\"name\":\"Suno Not\u00edcias\",\"description\":\"Seu portal de informa\u00e7\u00e3o sobre o mundo dos investimentos\",\"publisher\":{\"@id\":\"https:\/\/www.suno.com.br\/noticias\/#organization\"},\"potentialAction\":[{\"@type\":\"SearchAction\",\"target\":{\"@type\":\"EntryPoint\",\"urlTemplate\":\"https:\/\/www.suno.com.br\/noticias\/?s={search_term_string}\"},\"query-input\":{\"@type\":\"PropertyValueSpecification\",\"valueRequired\":true,\"valueName\":\"search_term_string\"}}],\"inLanguage\":\"pt-BR\"},{\"@type\":\"Organization\",\"@id\":\"https:\/\/www.suno.com.br\/noticias\/#organization\",\"name\":\"Suno Not\u00edcias\",\"url\":\"https:\/\/www.suno.com.br\/noticias\/\",\"logo\":{\"@type\":\"ImageObject\",\"inLanguage\":\"pt-BR\",\"@id\":\"https:\/\/www.suno.com.br\/noticias\/#\/schema\/logo\/image\/\",\"url\":\"https:\/\/files.sunoresearch.com.br\/n\/uploads\/2021\/09\/suno-logo.png\",\"contentUrl\":\"https:\/\/files.sunoresearch.com.br\/n\/uploads\/2021\/09\/suno-logo.png\",\"width\":180,\"height\":180,\"caption\":\"Suno Not\u00edcias\"},\"image\":{\"@id\":\"https:\/\/www.suno.com.br\/noticias\/#\/schema\/logo\/image\/\"},\"sameAs\":[\"https:\/\/facebook.com\/sunoresearch\",\"https:\/\/x.com\/sunoresearch\",\"https:\/\/www.instagram.com\/suno\",\"https:\/\/www.linkedin.com\/company\/suno-research\/\",\"https:\/\/www.youtube.com\/c\/sunoresearch\"]},{\"@type\":\"Person\",\"@id\":\"https:\/\/www.suno.com.br\/noticias\/#\/schema\/person\/918d79de1f0281f01599b93f9ea6e23f\",\"name\":\"Jader Lazarini\",\"image\":{\"@type\":\"ImageObject\",\"inLanguage\":\"pt-BR\",\"@id\":\"https:\/\/www.suno.com.br\/noticias\/#\/schema\/person\/image\/\",\"url\":\"https:\/\/secure.gravatar.com\/avatar\/3c1ad8caa51589841baeb923fcddea97?s=96&r=g\",\"contentUrl\":\"https:\/\/secure.gravatar.com\/avatar\/3c1ad8caa51589841baeb923fcddea97?s=96&r=g\",\"caption\":\"Jader Lazarini\"},\"description\":\"Jader Lazarini escreve sobre investimentos, finan\u00e7as, economia e neg\u00f3cios. \u00c9 bacharel em Rela\u00e7\u00f5es Internacionais e analista CNPI (2619).\",\"url\":\"https:\/\/www.suno.com.br\/noticias\/author\/jader-lazarini\/\"}]}<\/script>\n<!-- \/ Yoast SEO plugin. -->","yoast_head_json":{"title":"Quero-Quero (LJQQ3) receber\u00e1 R$ 20 milh\u00f5es em cr\u00e9ditos fiscais","description":"A Lojas Quero-Quero (LJQQ3) informou, na noite da \u00faltima ter\u00e7a-feira, que receber\u00e1, em cr\u00e9ditos fiscais, cerca de R$ 20 milh\u00f5es. Saiba mais.","robots":{"index":"index","follow":"follow","max-snippet":"max-snippet:-1","max-image-preview":"max-image-preview:large","max-video-preview":"max-video-preview:-1"},"canonical":"https:\/\/www.suno.com.br\/noticias\/quero-quero-ljqq3-recebera-creditos-fiscais\/","og_locale":"pt_BR","og_type":"article","og_title":"Quero-Quero (LJQQ3) receber\u00e1 R$ 20 milh\u00f5es em cr\u00e9ditos fiscais","og_description":"A Lojas Quero-Quero (LJQQ3) informou, na noite da \u00faltima ter\u00e7a-feira, que receber\u00e1, em cr\u00e9ditos fiscais, cerca de R$ 20 milh\u00f5es. Saiba mais.","og_url":"https:\/\/www.suno.com.br\/noticias\/quero-quero-ljqq3-recebera-creditos-fiscais\/","og_site_name":"Suno Not\u00edcias","article_publisher":"https:\/\/facebook.com\/sunoresearch","og_image":[{"width":660,"height":440,"url":"https:\/\/files.sunoresearch.com.br\/n\/uploads\/2020\/08\/28c5d26e-lojas-quero-quero.jpg","type":"image\/jpeg"}],"author":"Jader Lazarini","twitter_card":"summary_large_image","twitter_creator":"@sunoresearch","twitter_site":"@sunoresearch","twitter_misc":{"Escrito por":"Jader Lazarini","Est. tempo de leitura":"2 minutos"},"schema":{"@context":"https:\/\/schema.org","@graph":[{"@type":"NewsArticle","@id":"https:\/\/www.suno.com.br\/noticias\/quero-quero-ljqq3-recebera-creditos-fiscais\/#article","isPartOf":{"@id":"https:\/\/www.suno.com.br\/noticias\/quero-quero-ljqq3-recebera-creditos-fiscais\/"},"author":{"name":"Jader Lazarini","@id":"https:\/\/www.suno.com.br\/noticias\/#\/schema\/person\/918d79de1f0281f01599b93f9ea6e23f"},"headline":"Quero-Quero (LJQQ3) receber\u00e1 R$ 20 milh\u00f5es em cr\u00e9ditos fiscais","datePublished":"2020-08-19T10:33:04+00:00","mainEntityOfPage":{"@id":"https:\/\/www.suno.com.br\/noticias\/quero-quero-ljqq3-recebera-creditos-fiscais\/"},"wordCount":471,"publisher":{"@id":"https:\/\/www.suno.com.br\/noticias\/#organization"},"image":{"@id":"https:\/\/www.suno.com.br\/noticias\/quero-quero-ljqq3-recebera-creditos-fiscais\/#primaryimage"},"thumbnailUrl":"https:\/\/files.sunoresearch.com.br\/n\/uploads\/2020\/08\/28c5d26e-lojas-quero-quero-jpg.webp","keywords":["ICMS","Lojas Quero-Quero (LJQQ3)"],"articleSection":["Neg\u00f3cios"],"inLanguage":"pt-BR"},{"@type":"WebPage","@id":"https:\/\/www.suno.com.br\/noticias\/quero-quero-ljqq3-recebera-creditos-fiscais\/","url":"https:\/\/www.suno.com.br\/noticias\/quero-quero-ljqq3-recebera-creditos-fiscais\/","name":"Quero-Quero (LJQQ3) receber\u00e1 R$ 20 milh\u00f5es em cr\u00e9ditos fiscais","isPartOf":{"@id":"https:\/\/www.suno.com.br\/noticias\/#website"},"primaryImageOfPage":{"@id":"https:\/\/www.suno.com.br\/noticias\/quero-quero-ljqq3-recebera-creditos-fiscais\/#primaryimage"},"image":{"@id":"https:\/\/www.suno.com.br\/noticias\/quero-quero-ljqq3-recebera-creditos-fiscais\/#primaryimage"},"thumbnailUrl":"https:\/\/files.sunoresearch.com.br\/n\/uploads\/2020\/08\/28c5d26e-lojas-quero-quero-jpg.webp","datePublished":"2020-08-19T10:33:04+00:00","description":"A Lojas Quero-Quero (LJQQ3) informou, na noite da \u00faltima ter\u00e7a-feira, que receber\u00e1, em cr\u00e9ditos fiscais, cerca de R$ 20 milh\u00f5es. Saiba mais.","breadcrumb":{"@id":"https:\/\/www.suno.com.br\/noticias\/quero-quero-ljqq3-recebera-creditos-fiscais\/#breadcrumb"},"inLanguage":"pt-BR","potentialAction":[{"@type":"ReadAction","target":["https:\/\/www.suno.com.br\/noticias\/quero-quero-ljqq3-recebera-creditos-fiscais\/"]}]},{"@type":"ImageObject","inLanguage":"pt-BR","@id":"https:\/\/www.suno.com.br\/noticias\/quero-quero-ljqq3-recebera-creditos-fiscais\/#primaryimage","url":"https:\/\/files.sunoresearch.com.br\/n\/uploads\/2020\/08\/28c5d26e-lojas-quero-quero-jpg.webp","contentUrl":"https:\/\/files.sunoresearch.com.br\/n\/uploads\/2020\/08\/28c5d26e-lojas-quero-quero-jpg.webp","width":660,"height":440,"caption":"Lojas Quero-Quero (LJQQ3) registra alta de 125,6% no lucro no 3T20"},{"@type":"BreadcrumbList","@id":"https:\/\/www.suno.com.br\/noticias\/quero-quero-ljqq3-recebera-creditos-fiscais\/#breadcrumb","itemListElement":[{"@type":"ListItem","position":1,"name":"Not\u00edcias","item":"https:\/\/www.suno.com.br\/noticias\/"},{"@type":"ListItem","position":2,"name":"Neg\u00f3cios","item":"https:\/\/www.suno.com.br\/noticias\/negocios\/"},{"@type":"ListItem","position":3,"name":"Quero-Quero (LJQQ3) receber\u00e1 R$ 20 milh\u00f5es em cr\u00e9ditos fiscais"}]},{"@type":"WebSite","@id":"https:\/\/www.suno.com.br\/noticias\/#website","url":"https:\/\/www.suno.com.br\/noticias\/","name":"Suno Not\u00edcias","description":"Seu portal de informa\u00e7\u00e3o sobre o mundo dos investimentos","publisher":{"@id":"https:\/\/www.suno.com.br\/noticias\/#organization"},"potentialAction":[{"@type":"SearchAction","target":{"@type":"EntryPoint","urlTemplate":"https:\/\/www.suno.com.br\/noticias\/?s={search_term_string}"},"query-input":{"@type":"PropertyValueSpecification","valueRequired":true,"valueName":"search_term_string"}}],"inLanguage":"pt-BR"},{"@type":"Organization","@id":"https:\/\/www.suno.com.br\/noticias\/#organization","name":"Suno Not\u00edcias","url":"https:\/\/www.suno.com.br\/noticias\/","logo":{"@type":"ImageObject","inLanguage":"pt-BR","@id":"https:\/\/www.suno.com.br\/noticias\/#\/schema\/logo\/image\/","url":"https:\/\/files.sunoresearch.com.br\/n\/uploads\/2021\/09\/suno-logo.png","contentUrl":"https:\/\/files.sunoresearch.com.br\/n\/uploads\/2021\/09\/suno-logo.png","width":180,"height":180,"caption":"Suno Not\u00edcias"},"image":{"@id":"https:\/\/www.suno.com.br\/noticias\/#\/schema\/logo\/image\/"},"sameAs":["https:\/\/facebook.com\/sunoresearch","https:\/\/x.com\/sunoresearch","https:\/\/www.instagram.com\/suno","https:\/\/www.linkedin.com\/company\/suno-research\/","https:\/\/www.youtube.com\/c\/sunoresearch"]},{"@type":"Person","@id":"https:\/\/www.suno.com.br\/noticias\/#\/schema\/person\/918d79de1f0281f01599b93f9ea6e23f","name":"Jader Lazarini","image":{"@type":"ImageObject","inLanguage":"pt-BR","@id":"https:\/\/www.suno.com.br\/noticias\/#\/schema\/person\/image\/","url":"https:\/\/secure.gravatar.com\/avatar\/3c1ad8caa51589841baeb923fcddea97?s=96&r=g","contentUrl":"https:\/\/secure.gravatar.com\/avatar\/3c1ad8caa51589841baeb923fcddea97?s=96&r=g","caption":"Jader Lazarini"},"description":"Jader Lazarini escreve sobre investimentos, finan\u00e7as, economia e neg\u00f3cios. \u00c9 bacharel em Rela\u00e7\u00f5es Internacionais e analista CNPI (2619).","url":"https:\/\/www.suno.com.br\/noticias\/author\/jader-lazarini\/"}]}},"default_loop_html":"<div class=\"cardsPage__listCard__boxs\"><div class=\"cardsPage__listCard__boxs__img\"><a href=\"https:\/\/www.suno.com.br\/noticias\/quero-quero-ljqq3-recebera-creditos-fiscais\/\"><img class=\"mask\" src=\"https:\/\/www.suno.com.br\/noticias\/wp-content\/themes\/suno\/resources\/images\/spotlight\/spotlight1img\/bg-mask.png\" alt=\"Image Mask\"\/><img src=\"https:\/\/files.sunoresearch.com.br\/n\/uploads\/2020\/08\/28c5d26e-lojas-quero-quero-400x200.webp\" alt=\"Quero-Quero (LJQQ3) receber\u00e1 R$ 20 milh\u00f5es em cr\u00e9ditos fiscais\"\/><\/a><span class=\"spotlightCategory\"><a href=\"https:\/\/www.suno.com.br\/noticias\/negocios\/\">Neg\u00f3cios<\/a><\/span><\/div><div class=\"cardsPage__listCard__boxs__content\"><a href=\"https:\/\/www.suno.com.br\/noticias\/quero-quero-ljqq3-recebera-creditos-fiscais\/\"><h2 class=\"content__title\">Quero-Quero (LJQQ3) receber\u00e1 R$ 20 milh\u00f5es em cr\u00e9ditos fiscais<\/h2><\/a><div class=\"newsContent__article__meta\"><div class=\"newsContent__article__meta__authorBox\"><a href=\"https:\/\/www.suno.com.br\/noticias\/author\/jader-lazarini\/\" class=\"authorBox__avatar noMobi\"><img src=\"https:\/\/files.sunoresearch.com.br\/n\/uploads\/2021\/01\/178e6598-foto-perfil-2-150x150.jpg\" alt=\"Jader Lazarini\"><\/a><div class=\"authorBox__name\"><span>por\n\t\t\t<a href=\"https:\/\/www.suno.com.br\/noticias\/author\/jader-lazarini\/\"><span itemprop=\"author\">Jader Lazarini<\/span><\/a><\/span><time datetime=\"2020-08-19T07:33:04-03:00\" itemprop=\"datePublished\">19\/08\/2020 07:33<\/time><\/div><\/div><\/div><\/div><\/div>","single_layout":"posts","amp_enabled":true,"_links":{"self":[{"href":"https:\/\/www.suno.com.br\/noticias\/wp-json\/wp\/v2\/posts\/79206"}],"collection":[{"href":"https:\/\/www.suno.com.br\/noticias\/wp-json\/wp\/v2\/posts"}],"about":[{"href":"https:\/\/www.suno.com.br\/noticias\/wp-json\/wp\/v2\/types\/post"}],"author":[{"embeddable":true,"href":"https:\/\/www.suno.com.br\/noticias\/wp-json\/wp\/v2\/users\/24"}],"replies":[{"embeddable":true,"href":"https:\/\/www.suno.com.br\/noticias\/wp-json\/wp\/v2\/comments?post=79206"}],"version-history":[{"count":0,"href":"https:\/\/www.suno.com.br\/noticias\/wp-json\/wp\/v2\/posts\/79206\/revisions"}],"wp:featuredmedia":[{"embeddable":true,"href":"https:\/\/www.suno.com.br\/noticias\/wp-json\/wp\/v2\/media\/76338"}],"wp:attachment":[{"href":"https:\/\/www.suno.com.br\/noticias\/wp-json\/wp\/v2\/media?parent=79206"}],"wp:term":[{"taxonomy":"category","embeddable":true,"href":"https:\/\/www.suno.com.br\/noticias\/wp-json\/wp\/v2\/categories?post=79206"},{"taxonomy":"post_tag","embeddable":true,"href":"https:\/\/www.suno.com.br\/noticias\/wp-json\/wp\/v2\/tags?post=79206"},{"taxonomy":"suno_strategy","embeddable":true,"href":"https:\/\/www.suno.com.br\/noticias\/wp-json\/wp\/v2\/suno_strategy?post=79206"}],"curies":[{"name":"wp","href":"https:\/\/api.w.org\/{rel}","templated":true}]}}