{"id":7884,"date":"2018-12-04T18:29:08","date_gmt":"2018-12-04T20:29:08","guid":{"rendered":"https:\/\/www.suno.com.br\/noticias\/?p=7884"},"modified":"2021-02-18T17:56:02","modified_gmt":"2021-02-18T20:56:02","slug":"dolar-sobe-apos-quedas-3859","status":"publish","type":"post","link":"https:\/\/www.suno.com.br\/noticias\/dolar-sobe-apos-quedas-3859\/","title":{"rendered":"D\u00f3lar sobe ap\u00f3s duas quedas e \u00e9 cotado a R$ 3,859"},"content":{"rendered":"<p>O d\u00f3lar comercial fechou em alta de 0,44% nesta ter\u00e7a-feira (4). Desta forma, a moeda norte-americana foi cotada a R$ 3,859, ap\u00f3s duas quedas consecutivas.<\/p>\t<div class=\"wrapper-featured-image\">\n\t\t<figure class=\"spotlightImg\">\n\n\t\t\t<picture>\n\t\t\t\t<source media=\"(max-width: 768px)\" srcset=\"https:\/\/files.sunoresearch.com.br\/n\/uploads\/2018\/12\/88873d20-d\u00f3lar-400x200.webp\">\n\t\t\t\t<img loading=\"lazy\" decoding=\"async\" class=\"newsContent__article__imgCapa lazyloadDisabled newsContent__article__imgCapa--noCaption\" src=\"https:\/\/files.sunoresearch.com.br\/n\/uploads\/2018\/12\/88873d20-d\u00f3lar-800x450.webp\" width=\"800\" height=\"450\" alt=\"D\u00f3lar sobe ap\u00f3s duas quedas e \u00e9 cotado a R$ 3,859\" fetchpriority=high \/>\n\t\t\t<\/picture>\n\n\t\t\t<figcaption class=\"wp-caption-text wp-caption-text--hide\">D\u00f3lar<\/figcaption>\n\t\t<\/figure>\n\t<\/div>\n\n\n<p>Al\u00e9m disso, nessa sess\u00e3o o <strong>Banco Central<\/strong> (BC) realizou o leil\u00e3o de 13,8 mil <a href=\"https:\/\/www.suno.com.br\/artigos\/fundo-cambial\/\">swaps cambiais tradicionais<\/a>, equivalentes \u00e0 venda futura de <strong>d\u00f3lar<\/strong>, com vencimento previsto para janeiro de 2019.<\/p>\n<p>Os 13,8 mil swaps equivalem a US$ 10,373 bilh\u00f5es. Se o banco manter essa oferta di\u00e1ria pelas pr\u00f3ximas tr\u00eas semanas, realizar\u00e1 a rolagem integral.<\/p>\n<p><a href=\"https:\/\/www.suno.com.br\/noticias\/ibovespa-queda-133-nesta-terca\/\">Saiba mais:\u00a0Ibovespa tem queda de 1,33% nesta ter\u00e7a-feira<\/a><\/p>\n<h2>Cen\u00e1rio Interno<\/h2>\n<ul>\n<li><strong>Cess\u00e3o onerosa:<\/strong> o mercado aguarda as movimenta\u00e7\u00f5es pol\u00edticas em rela\u00e7\u00e3o ao acordo sobre a cess\u00e3o onerosa do <strong>pr\u00e9-sal<\/strong>. Caso seja aprovado, o leil\u00e3o bilion\u00e1rio ajudar\u00e1 o governo nas contas p\u00fablicas.<\/li>\n<li><strong>Reforma da Previd\u00eancia:<\/strong>\u00a0o mercado tamb\u00e9m segue alerta em rela\u00e7\u00e3o a reforma, que agora ficar\u00e1 nas m\u00e3os do governo de <strong>Jair Bolsonaro<\/strong>. De acordo com o ministro da Casa Civil, Onyx Lorenzoni, o pr\u00f3ximo governo n\u00e3o quer uma reforma apressada.<\/li>\n<\/ul>\n<h3>Cen\u00e1rio externo<\/h3>\n<ul>\n<li><strong>Desacelera\u00e7\u00e3o norte-americana<\/strong>: A ter\u00e7a-feira (4) foi marcada pelas preocupa\u00e7\u00f5es em rela\u00e7\u00e3o a poss\u00edvel desacelera\u00e7\u00e3o da economia estadunidense. Com isso, a compra de <strong>Treasuries<\/strong> (t\u00edtulos do governo dos EUA de longo prazo) foi estimulada.<\/li>\n<li><strong>Guerra comercial<\/strong>: Investidores acompanharam com cautela o mercado ap\u00f3s avan\u00e7o nas negocia\u00e7\u00f5es comerciais entre <strong>Estados Unidos<\/strong> e <strong>China<\/strong>. O acordo realizado no \u00faltimo final de semana, suspendeu tarifas comerciais por 90 dias.<\/li>\n<\/ul>\n<p>A alta do <strong>d\u00f3lar<\/strong>\u00a0(0,44%) \u00e9 o maior fechamento em uma semana (R$ 3,859), desde 27 de novembro (R$ 3,877). Ontem, a moeda norte-americana teve queda de 0,35% e foi cotada a R$ 3,842.<\/p>\n","protected":false},"excerpt":{"rendered":"<p>O d\u00f3lar comercial fechou em alta de 0,44% nesta ter\u00e7a-feira (4). Desta forma, a moeda norte-americana foi cotada a R$ 3,859, ap\u00f3s duas quedas consecutivas. D\u00f3lar Al\u00e9m disso, nessa sess\u00e3o o Banco Central (BC) realizou o leil\u00e3o de 13,8 mil swaps cambiais tradicionais, equivalentes \u00e0 venda futura de d\u00f3lar, com vencimento previsto para janeiro de [&hellip;]<\/p>\n","protected":false},"author":11,"featured_media":7888,"comment_status":"closed","ping_status":"closed","sticky":false,"template":"","format":"standard","meta":[],"categories":[60],"tags":[1842,711,326,793,719],"suno_strategy":[],"class_list":["post-7884","post","type-post","status-publish","format-standard","has-post-thumbnail","hentry","category-mercado","tag-banco-central-bc","tag-china","tag-dolar","tag-estados-unidos-eua","tag-jair-bolsonaro"],"yoast_head":"<!-- This site is optimized with the Yoast SEO plugin v24.4 - https:\/\/yoast.com\/wordpress\/plugins\/seo\/ -->\n<title>D\u00f3lar sobe ap\u00f3s duas quedas e \u00e9 cotado a R$ 3,859 - Suno Not\u00edcias<\/title>\n<meta name=\"description\" content=\"O d\u00f3lar comercial fechou em alta de 0,44% nesta ter\u00e7a-feira (4); maior fechamento em uma semana, desde 27 de novembro. Clique para saber mais.\" \/>\n<meta name=\"robots\" content=\"index, follow, max-snippet:-1, max-image-preview:large, max-video-preview:-1\" \/>\n<link rel=\"canonical\" href=\"https:\/\/www.suno.com.br\/noticias\/dolar-sobe-apos-quedas-3859\/\" \/>\n<meta property=\"og:locale\" content=\"pt_BR\" \/>\n<meta property=\"og:type\" content=\"article\" \/>\n<meta property=\"og:title\" content=\"D\u00f3lar sobe ap\u00f3s duas quedas e \u00e9 cotado a R$ 3,859 - Suno Not\u00edcias\" \/>\n<meta property=\"og:description\" content=\"O d\u00f3lar comercial fechou em alta de 0,44% nesta ter\u00e7a-feira (4); maior fechamento em uma semana, desde 27 de novembro. Clique para saber mais.\" \/>\n<meta property=\"og:url\" content=\"https:\/\/www.suno.com.br\/noticias\/dolar-sobe-apos-quedas-3859\/\" \/>\n<meta property=\"og:site_name\" content=\"Suno Not\u00edcias\" \/>\n<meta property=\"article:publisher\" content=\"https:\/\/facebook.com\/sunoresearch\" \/>\n<meta property=\"og:image\" content=\"https:\/\/files.sunoresearch.com.br\/n\/uploads\/2018\/12\/88873d20-d\u00f3lar.jpg\" \/>\n\t<meta property=\"og:image:width\" content=\"1140\" \/>\n\t<meta property=\"og:image:height\" content=\"760\" \/>\n\t<meta property=\"og:image:type\" content=\"image\/jpeg\" \/>\n<meta name=\"author\" content=\"Renan Bandeira\" \/>\n<meta name=\"twitter:card\" content=\"summary_large_image\" \/>\n<meta name=\"twitter:creator\" content=\"@sunoresearch\" \/>\n<meta name=\"twitter:site\" content=\"@sunoresearch\" \/>\n<meta name=\"twitter:label1\" content=\"Escrito por\" \/>\n\t<meta name=\"twitter:data1\" content=\"Renan Bandeira\" \/>\n\t<meta name=\"twitter:label2\" content=\"Est. tempo de leitura\" \/>\n\t<meta name=\"twitter:data2\" content=\"1 minuto\" \/>\n<script type=\"application\/ld+json\" class=\"yoast-schema-graph\">{\"@context\":\"https:\/\/schema.org\",\"@graph\":[{\"@type\":\"NewsArticle\",\"@id\":\"https:\/\/www.suno.com.br\/noticias\/dolar-sobe-apos-quedas-3859\/#article\",\"isPartOf\":{\"@id\":\"https:\/\/www.suno.com.br\/noticias\/dolar-sobe-apos-quedas-3859\/\"},\"author\":{\"name\":\"Renan Bandeira\",\"@id\":\"https:\/\/www.suno.com.br\/noticias\/#\/schema\/person\/fc144a1c6108bd1dcd43784e88a3c138\"},\"headline\":\"D\u00f3lar sobe ap\u00f3s duas quedas e \u00e9 cotado a R$ 3,859\",\"datePublished\":\"2018-12-04T20:29:08+00:00\",\"dateModified\":\"2021-02-18T20:56:02+00:00\",\"mainEntityOfPage\":{\"@id\":\"https:\/\/www.suno.com.br\/noticias\/dolar-sobe-apos-quedas-3859\/\"},\"wordCount\":294,\"publisher\":{\"@id\":\"https:\/\/www.suno.com.br\/noticias\/#organization\"},\"image\":{\"@id\":\"https:\/\/www.suno.com.br\/noticias\/dolar-sobe-apos-quedas-3859\/#primaryimage\"},\"thumbnailUrl\":\"https:\/\/files.sunoresearch.com.br\/n\/uploads\/2018\/12\/88873d20-d\u00f3lar-jpg.webp\",\"keywords\":[\"Banco Central (BC)\",\"China\",\"d\u00f3lar\",\"Estados Unidos (EUA)\",\"Jair Bolsonaro\"],\"articleSection\":[\"Mercado\"],\"inLanguage\":\"pt-BR\"},{\"@type\":\"WebPage\",\"@id\":\"https:\/\/www.suno.com.br\/noticias\/dolar-sobe-apos-quedas-3859\/\",\"url\":\"https:\/\/www.suno.com.br\/noticias\/dolar-sobe-apos-quedas-3859\/\",\"name\":\"D\u00f3lar sobe ap\u00f3s duas quedas e \u00e9 cotado a R$ 3,859 - Suno Not\u00edcias\",\"isPartOf\":{\"@id\":\"https:\/\/www.suno.com.br\/noticias\/#website\"},\"primaryImageOfPage\":{\"@id\":\"https:\/\/www.suno.com.br\/noticias\/dolar-sobe-apos-quedas-3859\/#primaryimage\"},\"image\":{\"@id\":\"https:\/\/www.suno.com.br\/noticias\/dolar-sobe-apos-quedas-3859\/#primaryimage\"},\"thumbnailUrl\":\"https:\/\/files.sunoresearch.com.br\/n\/uploads\/2018\/12\/88873d20-d\u00f3lar-jpg.webp\",\"datePublished\":\"2018-12-04T20:29:08+00:00\",\"dateModified\":\"2021-02-18T20:56:02+00:00\",\"description\":\"O d\u00f3lar comercial fechou em alta de 0,44% nesta ter\u00e7a-feira (4); maior fechamento em uma semana, desde 27 de novembro. Clique para saber mais.\",\"breadcrumb\":{\"@id\":\"https:\/\/www.suno.com.br\/noticias\/dolar-sobe-apos-quedas-3859\/#breadcrumb\"},\"inLanguage\":\"pt-BR\",\"potentialAction\":[{\"@type\":\"ReadAction\",\"target\":[\"https:\/\/www.suno.com.br\/noticias\/dolar-sobe-apos-quedas-3859\/\"]}]},{\"@type\":\"ImageObject\",\"inLanguage\":\"pt-BR\",\"@id\":\"https:\/\/www.suno.com.br\/noticias\/dolar-sobe-apos-quedas-3859\/#primaryimage\",\"url\":\"https:\/\/files.sunoresearch.com.br\/n\/uploads\/2018\/12\/88873d20-d\u00f3lar-jpg.webp\",\"contentUrl\":\"https:\/\/files.sunoresearch.com.br\/n\/uploads\/2018\/12\/88873d20-d\u00f3lar-jpg.webp\",\"width\":1140,\"height\":760,\"caption\":\"D\u00f3lar\"},{\"@type\":\"BreadcrumbList\",\"@id\":\"https:\/\/www.suno.com.br\/noticias\/dolar-sobe-apos-quedas-3859\/#breadcrumb\",\"itemListElement\":[{\"@type\":\"ListItem\",\"position\":1,\"name\":\"Not\u00edcias\",\"item\":\"https:\/\/www.suno.com.br\/noticias\/\"},{\"@type\":\"ListItem\",\"position\":2,\"name\":\"Mercado\",\"item\":\"https:\/\/www.suno.com.br\/noticias\/mercado\/\"},{\"@type\":\"ListItem\",\"position\":3,\"name\":\"D\u00f3lar sobe ap\u00f3s duas quedas e \u00e9 cotado a R$ 3,859\"}]},{\"@type\":\"WebSite\",\"@id\":\"https:\/\/www.suno.com.br\/noticias\/#website\",\"url\":\"https:\/\/www.suno.com.br\/noticias\/\",\"name\":\"Suno Not\u00edcias\",\"description\":\"Seu portal de informa\u00e7\u00e3o sobre o mundo dos investimentos\",\"publisher\":{\"@id\":\"https:\/\/www.suno.com.br\/noticias\/#organization\"},\"potentialAction\":[{\"@type\":\"SearchAction\",\"target\":{\"@type\":\"EntryPoint\",\"urlTemplate\":\"https:\/\/www.suno.com.br\/noticias\/?s={search_term_string}\"},\"query-input\":{\"@type\":\"PropertyValueSpecification\",\"valueRequired\":true,\"valueName\":\"search_term_string\"}}],\"inLanguage\":\"pt-BR\"},{\"@type\":\"Organization\",\"@id\":\"https:\/\/www.suno.com.br\/noticias\/#organization\",\"name\":\"Suno Not\u00edcias\",\"url\":\"https:\/\/www.suno.com.br\/noticias\/\",\"logo\":{\"@type\":\"ImageObject\",\"inLanguage\":\"pt-BR\",\"@id\":\"https:\/\/www.suno.com.br\/noticias\/#\/schema\/logo\/image\/\",\"url\":\"https:\/\/files.sunoresearch.com.br\/n\/uploads\/2021\/09\/suno-logo.png\",\"contentUrl\":\"https:\/\/files.sunoresearch.com.br\/n\/uploads\/2021\/09\/suno-logo.png\",\"width\":180,\"height\":180,\"caption\":\"Suno Not\u00edcias\"},\"image\":{\"@id\":\"https:\/\/www.suno.com.br\/noticias\/#\/schema\/logo\/image\/\"},\"sameAs\":[\"https:\/\/facebook.com\/sunoresearch\",\"https:\/\/x.com\/sunoresearch\",\"https:\/\/www.instagram.com\/suno\",\"https:\/\/www.linkedin.com\/company\/suno-research\/\",\"https:\/\/www.youtube.com\/c\/sunoresearch\"]},{\"@type\":\"Person\",\"@id\":\"https:\/\/www.suno.com.br\/noticias\/#\/schema\/person\/fc144a1c6108bd1dcd43784e88a3c138\",\"name\":\"Renan Bandeira\",\"image\":{\"@type\":\"ImageObject\",\"inLanguage\":\"pt-BR\",\"@id\":\"https:\/\/www.suno.com.br\/noticias\/#\/schema\/person\/image\/\",\"url\":\"https:\/\/secure.gravatar.com\/avatar\/68359cdb608f14f11bbefcb78f3fc747?s=96&r=g\",\"contentUrl\":\"https:\/\/secure.gravatar.com\/avatar\/68359cdb608f14f11bbefcb78f3fc747?s=96&r=g\",\"caption\":\"Renan Bandeira\"},\"description\":\"Renan Bandeira escreve sobre pol\u00edtica e economia para o portal da Suno Research. Antes da Suno, trabalhou em uma rede de televis\u00e3o, onde fazia reportagens sobre os mesmos temas. Estuda na Universidade Metodista de S\u00e3o Paulo.\",\"url\":\"https:\/\/www.suno.com.br\/noticias\/author\/renan-bandeira\/\"}]}<\/script>\n<!-- \/ Yoast SEO plugin. -->","yoast_head_json":{"title":"D\u00f3lar sobe ap\u00f3s duas quedas e \u00e9 cotado a R$ 3,859 - Suno Not\u00edcias","description":"O d\u00f3lar comercial fechou em alta de 0,44% nesta ter\u00e7a-feira (4); maior fechamento em uma semana, desde 27 de novembro. Clique para saber mais.","robots":{"index":"index","follow":"follow","max-snippet":"max-snippet:-1","max-image-preview":"max-image-preview:large","max-video-preview":"max-video-preview:-1"},"canonical":"https:\/\/www.suno.com.br\/noticias\/dolar-sobe-apos-quedas-3859\/","og_locale":"pt_BR","og_type":"article","og_title":"D\u00f3lar sobe ap\u00f3s duas quedas e \u00e9 cotado a R$ 3,859 - Suno Not\u00edcias","og_description":"O d\u00f3lar comercial fechou em alta de 0,44% nesta ter\u00e7a-feira (4); maior fechamento em uma semana, desde 27 de novembro. Clique para saber mais.","og_url":"https:\/\/www.suno.com.br\/noticias\/dolar-sobe-apos-quedas-3859\/","og_site_name":"Suno Not\u00edcias","article_publisher":"https:\/\/facebook.com\/sunoresearch","og_image":[{"width":1140,"height":760,"url":"https:\/\/files.sunoresearch.com.br\/n\/uploads\/2018\/12\/88873d20-d\u00f3lar.jpg","type":"image\/jpeg"}],"author":"Renan Bandeira","twitter_card":"summary_large_image","twitter_creator":"@sunoresearch","twitter_site":"@sunoresearch","twitter_misc":{"Escrito por":"Renan Bandeira","Est. tempo de leitura":"1 minuto"},"schema":{"@context":"https:\/\/schema.org","@graph":[{"@type":"NewsArticle","@id":"https:\/\/www.suno.com.br\/noticias\/dolar-sobe-apos-quedas-3859\/#article","isPartOf":{"@id":"https:\/\/www.suno.com.br\/noticias\/dolar-sobe-apos-quedas-3859\/"},"author":{"name":"Renan Bandeira","@id":"https:\/\/www.suno.com.br\/noticias\/#\/schema\/person\/fc144a1c6108bd1dcd43784e88a3c138"},"headline":"D\u00f3lar sobe ap\u00f3s duas quedas e \u00e9 cotado a R$ 3,859","datePublished":"2018-12-04T20:29:08+00:00","dateModified":"2021-02-18T20:56:02+00:00","mainEntityOfPage":{"@id":"https:\/\/www.suno.com.br\/noticias\/dolar-sobe-apos-quedas-3859\/"},"wordCount":294,"publisher":{"@id":"https:\/\/www.suno.com.br\/noticias\/#organization"},"image":{"@id":"https:\/\/www.suno.com.br\/noticias\/dolar-sobe-apos-quedas-3859\/#primaryimage"},"thumbnailUrl":"https:\/\/files.sunoresearch.com.br\/n\/uploads\/2018\/12\/88873d20-d\u00f3lar-jpg.webp","keywords":["Banco Central (BC)","China","d\u00f3lar","Estados Unidos (EUA)","Jair Bolsonaro"],"articleSection":["Mercado"],"inLanguage":"pt-BR"},{"@type":"WebPage","@id":"https:\/\/www.suno.com.br\/noticias\/dolar-sobe-apos-quedas-3859\/","url":"https:\/\/www.suno.com.br\/noticias\/dolar-sobe-apos-quedas-3859\/","name":"D\u00f3lar sobe ap\u00f3s duas quedas e \u00e9 cotado a R$ 3,859 - Suno Not\u00edcias","isPartOf":{"@id":"https:\/\/www.suno.com.br\/noticias\/#website"},"primaryImageOfPage":{"@id":"https:\/\/www.suno.com.br\/noticias\/dolar-sobe-apos-quedas-3859\/#primaryimage"},"image":{"@id":"https:\/\/www.suno.com.br\/noticias\/dolar-sobe-apos-quedas-3859\/#primaryimage"},"thumbnailUrl":"https:\/\/files.sunoresearch.com.br\/n\/uploads\/2018\/12\/88873d20-d\u00f3lar-jpg.webp","datePublished":"2018-12-04T20:29:08+00:00","dateModified":"2021-02-18T20:56:02+00:00","description":"O d\u00f3lar comercial fechou em alta de 0,44% nesta ter\u00e7a-feira (4); maior fechamento em uma semana, desde 27 de novembro. Clique para saber mais.","breadcrumb":{"@id":"https:\/\/www.suno.com.br\/noticias\/dolar-sobe-apos-quedas-3859\/#breadcrumb"},"inLanguage":"pt-BR","potentialAction":[{"@type":"ReadAction","target":["https:\/\/www.suno.com.br\/noticias\/dolar-sobe-apos-quedas-3859\/"]}]},{"@type":"ImageObject","inLanguage":"pt-BR","@id":"https:\/\/www.suno.com.br\/noticias\/dolar-sobe-apos-quedas-3859\/#primaryimage","url":"https:\/\/files.sunoresearch.com.br\/n\/uploads\/2018\/12\/88873d20-d\u00f3lar-jpg.webp","contentUrl":"https:\/\/files.sunoresearch.com.br\/n\/uploads\/2018\/12\/88873d20-d\u00f3lar-jpg.webp","width":1140,"height":760,"caption":"D\u00f3lar"},{"@type":"BreadcrumbList","@id":"https:\/\/www.suno.com.br\/noticias\/dolar-sobe-apos-quedas-3859\/#breadcrumb","itemListElement":[{"@type":"ListItem","position":1,"name":"Not\u00edcias","item":"https:\/\/www.suno.com.br\/noticias\/"},{"@type":"ListItem","position":2,"name":"Mercado","item":"https:\/\/www.suno.com.br\/noticias\/mercado\/"},{"@type":"ListItem","position":3,"name":"D\u00f3lar sobe ap\u00f3s duas quedas e \u00e9 cotado a R$ 3,859"}]},{"@type":"WebSite","@id":"https:\/\/www.suno.com.br\/noticias\/#website","url":"https:\/\/www.suno.com.br\/noticias\/","name":"Suno Not\u00edcias","description":"Seu portal de informa\u00e7\u00e3o sobre o mundo dos investimentos","publisher":{"@id":"https:\/\/www.suno.com.br\/noticias\/#organization"},"potentialAction":[{"@type":"SearchAction","target":{"@type":"EntryPoint","urlTemplate":"https:\/\/www.suno.com.br\/noticias\/?s={search_term_string}"},"query-input":{"@type":"PropertyValueSpecification","valueRequired":true,"valueName":"search_term_string"}}],"inLanguage":"pt-BR"},{"@type":"Organization","@id":"https:\/\/www.suno.com.br\/noticias\/#organization","name":"Suno Not\u00edcias","url":"https:\/\/www.suno.com.br\/noticias\/","logo":{"@type":"ImageObject","inLanguage":"pt-BR","@id":"https:\/\/www.suno.com.br\/noticias\/#\/schema\/logo\/image\/","url":"https:\/\/files.sunoresearch.com.br\/n\/uploads\/2021\/09\/suno-logo.png","contentUrl":"https:\/\/files.sunoresearch.com.br\/n\/uploads\/2021\/09\/suno-logo.png","width":180,"height":180,"caption":"Suno Not\u00edcias"},"image":{"@id":"https:\/\/www.suno.com.br\/noticias\/#\/schema\/logo\/image\/"},"sameAs":["https:\/\/facebook.com\/sunoresearch","https:\/\/x.com\/sunoresearch","https:\/\/www.instagram.com\/suno","https:\/\/www.linkedin.com\/company\/suno-research\/","https:\/\/www.youtube.com\/c\/sunoresearch"]},{"@type":"Person","@id":"https:\/\/www.suno.com.br\/noticias\/#\/schema\/person\/fc144a1c6108bd1dcd43784e88a3c138","name":"Renan Bandeira","image":{"@type":"ImageObject","inLanguage":"pt-BR","@id":"https:\/\/www.suno.com.br\/noticias\/#\/schema\/person\/image\/","url":"https:\/\/secure.gravatar.com\/avatar\/68359cdb608f14f11bbefcb78f3fc747?s=96&r=g","contentUrl":"https:\/\/secure.gravatar.com\/avatar\/68359cdb608f14f11bbefcb78f3fc747?s=96&r=g","caption":"Renan Bandeira"},"description":"Renan Bandeira escreve sobre pol\u00edtica e economia para o portal da Suno Research. Antes da Suno, trabalhou em uma rede de televis\u00e3o, onde fazia reportagens sobre os mesmos temas. Estuda na Universidade Metodista de S\u00e3o Paulo.","url":"https:\/\/www.suno.com.br\/noticias\/author\/renan-bandeira\/"}]}},"default_loop_html":"<div class=\"cardsPage__listCard__boxs\"><div class=\"cardsPage__listCard__boxs__img\"><a href=\"https:\/\/www.suno.com.br\/noticias\/dolar-sobe-apos-quedas-3859\/\"><img class=\"mask\" src=\"https:\/\/www.suno.com.br\/noticias\/wp-content\/themes\/suno\/resources\/images\/spotlight\/spotlight1img\/bg-mask.png\" alt=\"Image Mask\"\/><img src=\"https:\/\/files.sunoresearch.com.br\/n\/uploads\/2018\/12\/88873d20-d\u00f3lar-400x200.webp\" alt=\"D\u00f3lar sobe ap\u00f3s duas quedas e \u00e9 cotado a R$ 3,859\"\/><\/a><span class=\"spotlightCategory\"><a href=\"https:\/\/www.suno.com.br\/noticias\/mercado\/\">Mercado<\/a><\/span><\/div><div class=\"cardsPage__listCard__boxs__content\"><a href=\"https:\/\/www.suno.com.br\/noticias\/dolar-sobe-apos-quedas-3859\/\"><h2 class=\"content__title\">D\u00f3lar sobe ap\u00f3s duas quedas e \u00e9 cotado a R$ 3,859<\/h2><\/a><div class=\"newsContent__article__meta\"><div class=\"newsContent__article__meta__authorBox\"><a href=\"https:\/\/www.suno.com.br\/noticias\/author\/renan-bandeira\/\" class=\"authorBox__avatar noMobi\"><img src=\"https:\/\/secure.gravatar.com\/avatar\/68359cdb608f14f11bbefcb78f3fc747?s=96&#038;r=g\" alt=\"Renan Bandeira\"><\/a><div class=\"authorBox__name\"><span>por\n\t\t\t<a href=\"https:\/\/www.suno.com.br\/noticias\/author\/renan-bandeira\/\"><span itemprop=\"author\">Renan Bandeira<\/span><\/a><\/span><time datetime=\"2018-12-04T18:29:08-02:00\" itemprop=\"datePublished\">04\/12\/2018 18:29<\/time><\/div><\/div><\/div><\/div><\/div>","single_layout":"posts","amp_enabled":true,"_links":{"self":[{"href":"https:\/\/www.suno.com.br\/noticias\/wp-json\/wp\/v2\/posts\/7884"}],"collection":[{"href":"https:\/\/www.suno.com.br\/noticias\/wp-json\/wp\/v2\/posts"}],"about":[{"href":"https:\/\/www.suno.com.br\/noticias\/wp-json\/wp\/v2\/types\/post"}],"author":[{"embeddable":true,"href":"https:\/\/www.suno.com.br\/noticias\/wp-json\/wp\/v2\/users\/11"}],"replies":[{"embeddable":true,"href":"https:\/\/www.suno.com.br\/noticias\/wp-json\/wp\/v2\/comments?post=7884"}],"version-history":[{"count":0,"href":"https:\/\/www.suno.com.br\/noticias\/wp-json\/wp\/v2\/posts\/7884\/revisions"}],"wp:featuredmedia":[{"embeddable":true,"href":"https:\/\/www.suno.com.br\/noticias\/wp-json\/wp\/v2\/media\/7888"}],"wp:attachment":[{"href":"https:\/\/www.suno.com.br\/noticias\/wp-json\/wp\/v2\/media?parent=7884"}],"wp:term":[{"taxonomy":"category","embeddable":true,"href":"https:\/\/www.suno.com.br\/noticias\/wp-json\/wp\/v2\/categories?post=7884"},{"taxonomy":"post_tag","embeddable":true,"href":"https:\/\/www.suno.com.br\/noticias\/wp-json\/wp\/v2\/tags?post=7884"},{"taxonomy":"suno_strategy","embeddable":true,"href":"https:\/\/www.suno.com.br\/noticias\/wp-json\/wp\/v2\/suno_strategy?post=7884"}],"curies":[{"name":"wp","href":"https:\/\/api.w.org\/{rel}","templated":true}]}}