{"id":78791,"date":"2020-08-17T15:53:21","date_gmt":"2020-08-17T18:53:21","guid":{"rendered":"https:\/\/www.suno.com.br\/noticias\/?p=78791"},"modified":"2020-08-17T15:53:21","modified_gmt":"2020-08-17T18:53:21","slug":"ibovespa-b3-previa-indice-bovespa","status":"publish","type":"post","link":"https:\/\/www.suno.com.br\/noticias\/ibovespa-b3-previa-indice-bovespa\/","title":{"rendered":"Ibovespa: B3 divulga segunda pr\u00e9via do \u00cdndice Bovespa"},"content":{"rendered":"<p>A <a href=\"https:\/\/www.suno.com.br\/artigos\/b3\/\">B3 (Brasil, Bolsa e Balc\u00e3o)<\/a> anunciou nessa segunda-feira (17) a segunda pr\u00e9via do <a href=\"https:\/\/www.suno.com.br\/artigos\/ibovespa\/\">\u00cdndice Bovespa (<strong>Ibovespa<\/strong>)<\/a> com base no fechamento do preg\u00e3o de 14 de agosto.<\/p>\t<div class=\"wrapper-featured-image\">\n\t\t<figure class=\"spotlightImg\">\n\n\t\t\t<picture>\n\t\t\t\t<source media=\"(max-width: 768px)\" srcset=\"https:\/\/files.sunoresearch.com.br\/n\/uploads\/2020\/08\/cd6278f6-ibovespa-400x400-1-400x200.webp\">\n\t\t\t\t<img loading=\"lazy\" decoding=\"async\" class=\"newsContent__article__imgCapa lazyloadDisabled \" src=\"https:\/\/files.sunoresearch.com.br\/n\/uploads\/2020\/08\/cd6278f6-ibovespa-400x400-1-jpg.webp\" width=\"800\" height=\"450\" alt=\"Ibovespa: B3 divulga segunda pr\u00e9via do \u00cdndice Bovespa\" fetchpriority=high \/>\n\t\t\t<\/picture>\n\n\t\t\t<figcaption class=\"wp-caption-text wp-caption-text--show\">O Ibovespa\u00a0encerrou as negocia\u00e7\u00f5es na \u00faltima quinta-feira com uma alta de 1,36%, a 101.917,73 pontos.<\/figcaption>\n\t\t<\/figure>\n\t<\/div>\n\n\n<div class=\"hubspot-form-wrapper\">\n\t<div id=\"single-form-target\"><\/div>\n<\/div>\n\n<p>A pr\u00e9via conta com 77 <a href=\"https:\/\/www.suno.com.br\/artigos\/tipos-de-acoes\/\">ativos<\/a> de 74 empresas. Frente a isso, a <strong>carteira do Ibovespa<\/strong> anotou a entrada da <a href=\"https:\/\/www.suno.com.br\/acoes\/eztc3\/\">Eztec ON (EZTC3)<\/a> e <a href=\"https:\/\/www.suno.com.br\/acoes\/prio3\/\">PetroRio ON (PRIO3)<\/a> e nenhuma sa\u00edda. A segunda pr\u00e9via do Ibovespa deve entrar em vigor no 8 de setembro dia e ser\u00e1 v\u00e1lida at\u00e9 o dia 30 de dezembro de 2020.<\/p>\n<p>A B3 ainda destacou que o cinco ativos com maior peso na composi\u00e7\u00e3o do \u00edndice foram:<\/p>\n<ul>\n<li><a href=\"https:\/\/www.suno.com.br\/acoes\/vale3\/\">Vale ON<\/a> &#8211; 9,992%;<\/li>\n<li><a href=\"https:\/\/www.suno.com.br\/acoes\/itub4\/\">Ita\u00fa Unibanco PN<\/a> &#8211; 6,426%;<\/li>\n<li><a href=\"https:\/\/www.suno.com.br\/acoes\/petr4\/\">Petrobras PN<\/a> &#8211; 5,654%;<\/li>\n<li><a href=\"https:\/\/www.suno.com.br\/acoes\/b3sa3\/\">B3 ON<\/a> &#8211; 5,443%;<\/li>\n<li><a href=\"https:\/\/www.suno.com.br\/acoes\/bbdc4\/\">Bradesco PN<\/a> &#8211; 4,942%.<\/li>\n<\/ul>\n<p><a href=\"https:\/\/lp.suno.com.br\/suno-one\/\">No Suno One voc\u00ea aprende a fazer seu dinheiro para trabalhar para voc\u00ea. Cadastre-se gratuitamente agora!<\/a><\/p>\n<p>Cabe lembrar que os ativos com maior peso na composi\u00e7\u00e3o da carteira anterior foram:<\/p>\n<ul>\n<li>Vale ON &#8211; 10,154%;<\/li>\n<li>Ita\u00fa Unibanco PN &#8211; 7,414%;<\/li>\n<li>Bradesco PN &#8211; 5,611%;<\/li>\n<li>Petrobras PN &#8211; 5,610%;<\/li>\n<li>B3 ON &#8211; 5,405%.<\/li>\n<\/ul>\n<p>Al\u00e9m disso, a carteira anterior do \u00edndice come\u00e7ou a valer em 4 de maio desse ano, e tem validade at\u00e9 4 de setembro.<\/p>\n<p>A <strong>B3<\/strong> divulga regularmente tr\u00eas pr\u00e9vias das novas composi\u00e7\u00f5es dos \u00edndices: a 1\u00aa pr\u00e9via, no primeiro preg\u00e3o do \u00faltimo m\u00eas de vig\u00eancia da carteira em vigor; a 2\u00aa pr\u00e9via, no preg\u00e3o seguinte ao dia 15 do \u00faltimo m\u00eas de vig\u00eancia da carteira em vigor e a 3\u00aa pr\u00e9via, no pen\u00faltimo preg\u00e3o de vig\u00eancia da carteira em vigor.<\/p>\n<h2>O \u00cdndice Bovespa<\/h2>\n<p>O \u00edndice Bovespa, conhecido como Ibovespa, \u00e9 um \u00edndice da <strong>Bolsa de Valores<\/strong> que atua como term\u00f4metro do mercado financeiro, sendo assim um indicador de desemprenho de como foi a m\u00e9dia das negocia\u00e7\u00f5es feitas na Bolsa em determinado per\u00edodo.<\/p>\n<p>O \u00edndice conta com uma metodologia definida pela pr\u00f3pria Bolsa atrav\u00e9s da qual \u00e9 montada uma carteira te\u00f3rica de <strong>a\u00e7\u00f5es<\/strong>, das quais \u00e9 calculada uma m\u00e9dia de desemprenho desse conjunto de ativos no mercado.<\/p>\n\t<div data-element=\"shortcode-read-more\" class=\"knowMore\">\n\t\t\t\t<span class=\"knowMore__title\">Veja tamb\u00e9m<\/span>\n\t\t\t\t<a class=\"knowMore__link\" href=\"https:\/\/www.suno.com.br\/noticias\/ibovespa-opera-entre-perdas-e-ganhos-marfrig-mrfg3-lidera-alta-com-66-17082020\/\">\n\t\t\tIbovespa opera entre perdas e ganhos; Marfrig (MRFG3) lidera alta com 6,6%\t\t<\/a>\n\t<\/div>\n\n\n<p>Ademais, a metodologia de escolha dos ativos que far\u00e3o parte deste \u00edndice \u00e9 composta por dois fatores, a liquidez e o volume das a\u00e7\u00f5es.<\/p>\n<h2>\u00daltima cota\u00e7\u00e3o do Ibovespa<\/h2>\n<p>Na \u00faltima sess\u00e3o, sexta-feira (14), o <strong>Ibovespa<\/strong> encerrou a semana em alta de 0,89%, a 101.353,45 pontos.<\/p>\n\t<p>\n\t\t<a href=\"https:\/\/lp.suno.com.br\/planilha-de-controle-de-investimentos\/\" target=\"_blank\" data-element=\"shortcode-suno-banner\" title=\"Banner SUNO, clique e saiba mais\">\n\t\t\t<picture>\n\t\t\t\t<source media=\"(max-width: 500px)\" srcset=\"https:\/\/files.sunoresearch.com.br\/n\/uploads\/2023\/03\/400x300-Controle-de-Investimentos.png\">\n\t\t\t\t<img class=\"newsContent__article__imgCapa newsContent__article__imgCapa--banner\"\n\t\t\t\t\tsrc=\"https:\/\/files.sunoresearch.com.br\/n\/uploads\/2023\/03\/1420x240-Controle-de-Investimentos.png\"\n\t\t\t\t\tdata-promo-id=\"75934\"\t\t\t\t\t\t\t\t\t\twidth='1420' height='240'\t\t\t\t\talt=\"https:\/\/files.sunoresearch.com.br\/n\/uploads\/2023\/03\/1420x240-Controle-de-Investimentos.png\"\n\t\t\t\t>\n\t\t\t<\/picture>\n\t\t<\/a>\n\t<\/p>\n\n\n","protected":false},"excerpt":{"rendered":"<p>A B3 (Brasil, Bolsa e Balc\u00e3o) anunciou nessa segunda-feira (17) a segunda pr\u00e9via do \u00cdndice Bovespa (Ibovespa) com base no fechamento do preg\u00e3o de 14 de agosto. O Ibovespa\u00a0encerrou as negocia\u00e7\u00f5es na \u00faltima quinta-feira com uma alta de 1,36%, a 101.917,73 pontos. A pr\u00e9via conta com 77 ativos de 74 empresas. Frente a isso, a [&hellip;]<\/p>\n","protected":false},"author":39,"featured_media":78807,"comment_status":"closed","ping_status":"closed","sticky":false,"template":"","format":"standard","meta":[],"categories":[60],"tags":[367,309,1937,392,473,721,519,595,597,676],"suno_strategy":[],"class_list":["post-78791","post","type-post","status-publish","format-standard","has-post-thumbnail","hentry","category-mercado","tag-b3-b3sa3","tag-bolsa-de-valores","tag-bolsa-de-valores-de-sao-paulo-b3","tag-bradesco-bbdc3-bbdc4","tag-eztec-eztc3","tag-ibovespa","tag-itau-unibanco-itub3-itub4","tag-petrobras-petr4","tag-petrorio-prio3","tag-vale-vale3"],"yoast_head":"<!-- This site is optimized with the Yoast SEO plugin v24.4 - https:\/\/yoast.com\/wordpress\/plugins\/seo\/ -->\n<title>Ibovespa: B3 divulga segunda pr\u00e9via do \u00cdndice Bovespa<\/title>\n<meta name=\"description\" content=\"A B3 (Brasil, Bolsa e Balc\u00e3o) divulgou nessa segunda-feira (17) a segunda pr\u00e9via do \u00cdndice Bovespa (Ibovespa). Clique aqui para saber mais.\" \/>\n<meta name=\"robots\" content=\"index, follow, max-snippet:-1, max-image-preview:large, max-video-preview:-1\" \/>\n<link rel=\"canonical\" href=\"https:\/\/www.suno.com.br\/noticias\/ibovespa-b3-previa-indice-bovespa\/\" \/>\n<meta property=\"og:locale\" content=\"pt_BR\" \/>\n<meta property=\"og:type\" content=\"article\" \/>\n<meta property=\"og:title\" content=\"Ibovespa: B3 divulga segunda pr\u00e9via do \u00cdndice Bovespa\" \/>\n<meta property=\"og:description\" content=\"A B3 (Brasil, Bolsa e Balc\u00e3o) divulgou nessa segunda-feira (17) a segunda pr\u00e9via do \u00cdndice Bovespa (Ibovespa). Clique aqui para saber mais.\" \/>\n<meta property=\"og:url\" content=\"https:\/\/www.suno.com.br\/noticias\/ibovespa-b3-previa-indice-bovespa\/\" \/>\n<meta property=\"og:site_name\" content=\"Suno Not\u00edcias\" \/>\n<meta property=\"article:publisher\" content=\"https:\/\/facebook.com\/sunoresearch\" \/>\n<meta property=\"og:image\" content=\"https:\/\/files.sunoresearch.com.br\/n\/uploads\/2020\/08\/cd6278f6-ibovespa-400x400-1.jpg\" \/>\n\t<meta property=\"og:image:width\" content=\"400\" \/>\n\t<meta property=\"og:image:height\" content=\"400\" \/>\n\t<meta property=\"og:image:type\" content=\"image\/jpeg\" \/>\n<meta name=\"author\" content=\"Laura Moutinho\" \/>\n<meta name=\"twitter:card\" content=\"summary_large_image\" \/>\n<meta name=\"twitter:creator\" content=\"@sunoresearch\" \/>\n<meta name=\"twitter:site\" content=\"@sunoresearch\" \/>\n<meta name=\"twitter:label1\" content=\"Escrito por\" \/>\n\t<meta name=\"twitter:data1\" content=\"Laura Moutinho\" \/>\n\t<meta name=\"twitter:label2\" content=\"Est. tempo de leitura\" \/>\n\t<meta name=\"twitter:data2\" content=\"2 minutos\" \/>\n<script type=\"application\/ld+json\" class=\"yoast-schema-graph\">{\"@context\":\"https:\/\/schema.org\",\"@graph\":[{\"@type\":\"NewsArticle\",\"@id\":\"https:\/\/www.suno.com.br\/noticias\/ibovespa-b3-previa-indice-bovespa\/#article\",\"isPartOf\":{\"@id\":\"https:\/\/www.suno.com.br\/noticias\/ibovespa-b3-previa-indice-bovespa\/\"},\"author\":{\"name\":\"Laura Moutinho\",\"@id\":\"https:\/\/www.suno.com.br\/noticias\/#\/schema\/person\/3df0d2808748b74496efe5dbeaef2c72\"},\"headline\":\"Ibovespa: B3 divulga segunda pr\u00e9via do \u00cdndice Bovespa\",\"datePublished\":\"2020-08-17T18:53:21+00:00\",\"mainEntityOfPage\":{\"@id\":\"https:\/\/www.suno.com.br\/noticias\/ibovespa-b3-previa-indice-bovespa\/\"},\"wordCount\":413,\"publisher\":{\"@id\":\"https:\/\/www.suno.com.br\/noticias\/#organization\"},\"image\":{\"@id\":\"https:\/\/www.suno.com.br\/noticias\/ibovespa-b3-previa-indice-bovespa\/#primaryimage\"},\"thumbnailUrl\":\"https:\/\/files.sunoresearch.com.br\/n\/uploads\/2020\/08\/cd6278f6-ibovespa-400x400-1-jpg.webp\",\"keywords\":[\"B3 (B3SA3)\",\"Bolsa de Valores\",\"Bolsa de Valores de S\u00e3o Paulo (B3)\",\"Bradesco (BBDC3\/BBDC4)\",\"Eztec (EZTC3)\",\"Ibovespa\",\"Ita\u00fa Unibanco (ITUB3\/ITUB4)\",\"Petrobras (PETR4)\",\"PetroRio (PRIO3)\",\"Vale (VALE3)\"],\"articleSection\":[\"Mercado\"],\"inLanguage\":\"pt-BR\"},{\"@type\":\"WebPage\",\"@id\":\"https:\/\/www.suno.com.br\/noticias\/ibovespa-b3-previa-indice-bovespa\/\",\"url\":\"https:\/\/www.suno.com.br\/noticias\/ibovespa-b3-previa-indice-bovespa\/\",\"name\":\"Ibovespa: B3 divulga segunda pr\u00e9via do \u00cdndice Bovespa\",\"isPartOf\":{\"@id\":\"https:\/\/www.suno.com.br\/noticias\/#website\"},\"primaryImageOfPage\":{\"@id\":\"https:\/\/www.suno.com.br\/noticias\/ibovespa-b3-previa-indice-bovespa\/#primaryimage\"},\"image\":{\"@id\":\"https:\/\/www.suno.com.br\/noticias\/ibovespa-b3-previa-indice-bovespa\/#primaryimage\"},\"thumbnailUrl\":\"https:\/\/files.sunoresearch.com.br\/n\/uploads\/2020\/08\/cd6278f6-ibovespa-400x400-1-jpg.webp\",\"datePublished\":\"2020-08-17T18:53:21+00:00\",\"description\":\"A B3 (Brasil, Bolsa e Balc\u00e3o) divulgou nessa segunda-feira (17) a segunda pr\u00e9via do \u00cdndice Bovespa (Ibovespa). Clique aqui para saber mais.\",\"breadcrumb\":{\"@id\":\"https:\/\/www.suno.com.br\/noticias\/ibovespa-b3-previa-indice-bovespa\/#breadcrumb\"},\"inLanguage\":\"pt-BR\",\"potentialAction\":[{\"@type\":\"ReadAction\",\"target\":[\"https:\/\/www.suno.com.br\/noticias\/ibovespa-b3-previa-indice-bovespa\/\"]}]},{\"@type\":\"ImageObject\",\"inLanguage\":\"pt-BR\",\"@id\":\"https:\/\/www.suno.com.br\/noticias\/ibovespa-b3-previa-indice-bovespa\/#primaryimage\",\"url\":\"https:\/\/files.sunoresearch.com.br\/n\/uploads\/2020\/08\/cd6278f6-ibovespa-400x400-1-jpg.webp\",\"contentUrl\":\"https:\/\/files.sunoresearch.com.br\/n\/uploads\/2020\/08\/cd6278f6-ibovespa-400x400-1-jpg.webp\",\"width\":400,\"height\":400,\"caption\":\"O Ibovespa\u00a0encerrou as negocia\u00e7\u00f5es na \u00faltima quinta-feira com uma alta de 1,36%, a 101.917,73 pontos.\"},{\"@type\":\"BreadcrumbList\",\"@id\":\"https:\/\/www.suno.com.br\/noticias\/ibovespa-b3-previa-indice-bovespa\/#breadcrumb\",\"itemListElement\":[{\"@type\":\"ListItem\",\"position\":1,\"name\":\"Not\u00edcias\",\"item\":\"https:\/\/www.suno.com.br\/noticias\/\"},{\"@type\":\"ListItem\",\"position\":2,\"name\":\"Mercado\",\"item\":\"https:\/\/www.suno.com.br\/noticias\/mercado\/\"},{\"@type\":\"ListItem\",\"position\":3,\"name\":\"Ibovespa: B3 divulga segunda pr\u00e9via do \u00cdndice Bovespa\"}]},{\"@type\":\"WebSite\",\"@id\":\"https:\/\/www.suno.com.br\/noticias\/#website\",\"url\":\"https:\/\/www.suno.com.br\/noticias\/\",\"name\":\"Suno Not\u00edcias\",\"description\":\"Seu portal de informa\u00e7\u00e3o sobre o mundo dos investimentos\",\"publisher\":{\"@id\":\"https:\/\/www.suno.com.br\/noticias\/#organization\"},\"potentialAction\":[{\"@type\":\"SearchAction\",\"target\":{\"@type\":\"EntryPoint\",\"urlTemplate\":\"https:\/\/www.suno.com.br\/noticias\/?s={search_term_string}\"},\"query-input\":{\"@type\":\"PropertyValueSpecification\",\"valueRequired\":true,\"valueName\":\"search_term_string\"}}],\"inLanguage\":\"pt-BR\"},{\"@type\":\"Organization\",\"@id\":\"https:\/\/www.suno.com.br\/noticias\/#organization\",\"name\":\"Suno Not\u00edcias\",\"url\":\"https:\/\/www.suno.com.br\/noticias\/\",\"logo\":{\"@type\":\"ImageObject\",\"inLanguage\":\"pt-BR\",\"@id\":\"https:\/\/www.suno.com.br\/noticias\/#\/schema\/logo\/image\/\",\"url\":\"https:\/\/files.sunoresearch.com.br\/n\/uploads\/2021\/09\/suno-logo.png\",\"contentUrl\":\"https:\/\/files.sunoresearch.com.br\/n\/uploads\/2021\/09\/suno-logo.png\",\"width\":180,\"height\":180,\"caption\":\"Suno Not\u00edcias\"},\"image\":{\"@id\":\"https:\/\/www.suno.com.br\/noticias\/#\/schema\/logo\/image\/\"},\"sameAs\":[\"https:\/\/facebook.com\/sunoresearch\",\"https:\/\/x.com\/sunoresearch\",\"https:\/\/www.instagram.com\/suno\",\"https:\/\/www.linkedin.com\/company\/suno-research\/\",\"https:\/\/www.youtube.com\/c\/sunoresearch\"]},{\"@type\":\"Person\",\"@id\":\"https:\/\/www.suno.com.br\/noticias\/#\/schema\/person\/3df0d2808748b74496efe5dbeaef2c72\",\"name\":\"Laura Moutinho\",\"image\":{\"@type\":\"ImageObject\",\"inLanguage\":\"pt-BR\",\"@id\":\"https:\/\/www.suno.com.br\/noticias\/#\/schema\/person\/image\/\",\"url\":\"https:\/\/secure.gravatar.com\/avatar\/7571c7c8ca3a6fca5e41384ece5557ff?s=96&r=g\",\"contentUrl\":\"https:\/\/secure.gravatar.com\/avatar\/7571c7c8ca3a6fca5e41384ece5557ff?s=96&r=g\",\"caption\":\"Laura Moutinho\"},\"description\":\"Estagi\u00e1ria na Suno Not\u00edcias, escreve not\u00edcias que afetam o mercado financeiro. Estuda administra\u00e7\u00e3o na Universidade Presbiteriana Mackenzie.\",\"url\":\"https:\/\/www.suno.com.br\/noticias\/author\/laura-moutinho\/\"}]}<\/script>\n<!-- \/ Yoast SEO plugin. -->","yoast_head_json":{"title":"Ibovespa: B3 divulga segunda pr\u00e9via do \u00cdndice Bovespa","description":"A B3 (Brasil, Bolsa e Balc\u00e3o) divulgou nessa segunda-feira (17) a segunda pr\u00e9via do \u00cdndice Bovespa (Ibovespa). Clique aqui para saber mais.","robots":{"index":"index","follow":"follow","max-snippet":"max-snippet:-1","max-image-preview":"max-image-preview:large","max-video-preview":"max-video-preview:-1"},"canonical":"https:\/\/www.suno.com.br\/noticias\/ibovespa-b3-previa-indice-bovespa\/","og_locale":"pt_BR","og_type":"article","og_title":"Ibovespa: B3 divulga segunda pr\u00e9via do \u00cdndice Bovespa","og_description":"A B3 (Brasil, Bolsa e Balc\u00e3o) divulgou nessa segunda-feira (17) a segunda pr\u00e9via do \u00cdndice Bovespa (Ibovespa). Clique aqui para saber mais.","og_url":"https:\/\/www.suno.com.br\/noticias\/ibovespa-b3-previa-indice-bovespa\/","og_site_name":"Suno Not\u00edcias","article_publisher":"https:\/\/facebook.com\/sunoresearch","og_image":[{"width":400,"height":400,"url":"https:\/\/files.sunoresearch.com.br\/n\/uploads\/2020\/08\/cd6278f6-ibovespa-400x400-1.jpg","type":"image\/jpeg"}],"author":"Laura Moutinho","twitter_card":"summary_large_image","twitter_creator":"@sunoresearch","twitter_site":"@sunoresearch","twitter_misc":{"Escrito por":"Laura Moutinho","Est. tempo de leitura":"2 minutos"},"schema":{"@context":"https:\/\/schema.org","@graph":[{"@type":"NewsArticle","@id":"https:\/\/www.suno.com.br\/noticias\/ibovespa-b3-previa-indice-bovespa\/#article","isPartOf":{"@id":"https:\/\/www.suno.com.br\/noticias\/ibovespa-b3-previa-indice-bovespa\/"},"author":{"name":"Laura Moutinho","@id":"https:\/\/www.suno.com.br\/noticias\/#\/schema\/person\/3df0d2808748b74496efe5dbeaef2c72"},"headline":"Ibovespa: B3 divulga segunda pr\u00e9via do \u00cdndice Bovespa","datePublished":"2020-08-17T18:53:21+00:00","mainEntityOfPage":{"@id":"https:\/\/www.suno.com.br\/noticias\/ibovespa-b3-previa-indice-bovespa\/"},"wordCount":413,"publisher":{"@id":"https:\/\/www.suno.com.br\/noticias\/#organization"},"image":{"@id":"https:\/\/www.suno.com.br\/noticias\/ibovespa-b3-previa-indice-bovespa\/#primaryimage"},"thumbnailUrl":"https:\/\/files.sunoresearch.com.br\/n\/uploads\/2020\/08\/cd6278f6-ibovespa-400x400-1-jpg.webp","keywords":["B3 (B3SA3)","Bolsa de Valores","Bolsa de Valores de S\u00e3o Paulo (B3)","Bradesco (BBDC3\/BBDC4)","Eztec (EZTC3)","Ibovespa","Ita\u00fa Unibanco (ITUB3\/ITUB4)","Petrobras (PETR4)","PetroRio (PRIO3)","Vale (VALE3)"],"articleSection":["Mercado"],"inLanguage":"pt-BR"},{"@type":"WebPage","@id":"https:\/\/www.suno.com.br\/noticias\/ibovespa-b3-previa-indice-bovespa\/","url":"https:\/\/www.suno.com.br\/noticias\/ibovespa-b3-previa-indice-bovespa\/","name":"Ibovespa: B3 divulga segunda pr\u00e9via do \u00cdndice Bovespa","isPartOf":{"@id":"https:\/\/www.suno.com.br\/noticias\/#website"},"primaryImageOfPage":{"@id":"https:\/\/www.suno.com.br\/noticias\/ibovespa-b3-previa-indice-bovespa\/#primaryimage"},"image":{"@id":"https:\/\/www.suno.com.br\/noticias\/ibovespa-b3-previa-indice-bovespa\/#primaryimage"},"thumbnailUrl":"https:\/\/files.sunoresearch.com.br\/n\/uploads\/2020\/08\/cd6278f6-ibovespa-400x400-1-jpg.webp","datePublished":"2020-08-17T18:53:21+00:00","description":"A B3 (Brasil, Bolsa e Balc\u00e3o) divulgou nessa segunda-feira (17) a segunda pr\u00e9via do \u00cdndice Bovespa (Ibovespa). Clique aqui para saber mais.","breadcrumb":{"@id":"https:\/\/www.suno.com.br\/noticias\/ibovespa-b3-previa-indice-bovespa\/#breadcrumb"},"inLanguage":"pt-BR","potentialAction":[{"@type":"ReadAction","target":["https:\/\/www.suno.com.br\/noticias\/ibovespa-b3-previa-indice-bovespa\/"]}]},{"@type":"ImageObject","inLanguage":"pt-BR","@id":"https:\/\/www.suno.com.br\/noticias\/ibovespa-b3-previa-indice-bovespa\/#primaryimage","url":"https:\/\/files.sunoresearch.com.br\/n\/uploads\/2020\/08\/cd6278f6-ibovespa-400x400-1-jpg.webp","contentUrl":"https:\/\/files.sunoresearch.com.br\/n\/uploads\/2020\/08\/cd6278f6-ibovespa-400x400-1-jpg.webp","width":400,"height":400,"caption":"O Ibovespa\u00a0encerrou as negocia\u00e7\u00f5es na \u00faltima quinta-feira com uma alta de 1,36%, a 101.917,73 pontos."},{"@type":"BreadcrumbList","@id":"https:\/\/www.suno.com.br\/noticias\/ibovespa-b3-previa-indice-bovespa\/#breadcrumb","itemListElement":[{"@type":"ListItem","position":1,"name":"Not\u00edcias","item":"https:\/\/www.suno.com.br\/noticias\/"},{"@type":"ListItem","position":2,"name":"Mercado","item":"https:\/\/www.suno.com.br\/noticias\/mercado\/"},{"@type":"ListItem","position":3,"name":"Ibovespa: B3 divulga segunda pr\u00e9via do \u00cdndice Bovespa"}]},{"@type":"WebSite","@id":"https:\/\/www.suno.com.br\/noticias\/#website","url":"https:\/\/www.suno.com.br\/noticias\/","name":"Suno Not\u00edcias","description":"Seu portal de informa\u00e7\u00e3o sobre o mundo dos investimentos","publisher":{"@id":"https:\/\/www.suno.com.br\/noticias\/#organization"},"potentialAction":[{"@type":"SearchAction","target":{"@type":"EntryPoint","urlTemplate":"https:\/\/www.suno.com.br\/noticias\/?s={search_term_string}"},"query-input":{"@type":"PropertyValueSpecification","valueRequired":true,"valueName":"search_term_string"}}],"inLanguage":"pt-BR"},{"@type":"Organization","@id":"https:\/\/www.suno.com.br\/noticias\/#organization","name":"Suno Not\u00edcias","url":"https:\/\/www.suno.com.br\/noticias\/","logo":{"@type":"ImageObject","inLanguage":"pt-BR","@id":"https:\/\/www.suno.com.br\/noticias\/#\/schema\/logo\/image\/","url":"https:\/\/files.sunoresearch.com.br\/n\/uploads\/2021\/09\/suno-logo.png","contentUrl":"https:\/\/files.sunoresearch.com.br\/n\/uploads\/2021\/09\/suno-logo.png","width":180,"height":180,"caption":"Suno Not\u00edcias"},"image":{"@id":"https:\/\/www.suno.com.br\/noticias\/#\/schema\/logo\/image\/"},"sameAs":["https:\/\/facebook.com\/sunoresearch","https:\/\/x.com\/sunoresearch","https:\/\/www.instagram.com\/suno","https:\/\/www.linkedin.com\/company\/suno-research\/","https:\/\/www.youtube.com\/c\/sunoresearch"]},{"@type":"Person","@id":"https:\/\/www.suno.com.br\/noticias\/#\/schema\/person\/3df0d2808748b74496efe5dbeaef2c72","name":"Laura Moutinho","image":{"@type":"ImageObject","inLanguage":"pt-BR","@id":"https:\/\/www.suno.com.br\/noticias\/#\/schema\/person\/image\/","url":"https:\/\/secure.gravatar.com\/avatar\/7571c7c8ca3a6fca5e41384ece5557ff?s=96&r=g","contentUrl":"https:\/\/secure.gravatar.com\/avatar\/7571c7c8ca3a6fca5e41384ece5557ff?s=96&r=g","caption":"Laura Moutinho"},"description":"Estagi\u00e1ria na Suno Not\u00edcias, escreve not\u00edcias que afetam o mercado financeiro. Estuda administra\u00e7\u00e3o na Universidade Presbiteriana Mackenzie.","url":"https:\/\/www.suno.com.br\/noticias\/author\/laura-moutinho\/"}]}},"default_loop_html":"<div class=\"cardsPage__listCard__boxs\"><div class=\"cardsPage__listCard__boxs__img\"><a href=\"https:\/\/www.suno.com.br\/noticias\/ibovespa-b3-previa-indice-bovespa\/\"><img class=\"mask\" src=\"https:\/\/www.suno.com.br\/noticias\/wp-content\/themes\/suno\/resources\/images\/spotlight\/spotlight1img\/bg-mask.png\" alt=\"Image Mask\"\/><img src=\"https:\/\/files.sunoresearch.com.br\/n\/uploads\/2020\/08\/cd6278f6-ibovespa-400x400-1-400x200.webp\" alt=\"Ibovespa: B3 divulga segunda pr\u00e9via do \u00cdndice Bovespa\"\/><\/a><span class=\"spotlightCategory\"><a href=\"https:\/\/www.suno.com.br\/noticias\/mercado\/\">Mercado<\/a><\/span><\/div><div class=\"cardsPage__listCard__boxs__content\"><a href=\"https:\/\/www.suno.com.br\/noticias\/ibovespa-b3-previa-indice-bovespa\/\"><h2 class=\"content__title\">Ibovespa: B3 divulga segunda pr\u00e9via do \u00cdndice Bovespa<\/h2><\/a><div class=\"newsContent__article__meta\"><div class=\"newsContent__article__meta__authorBox\"><a href=\"https:\/\/www.suno.com.br\/noticias\/author\/laura-moutinho\/\" class=\"authorBox__avatar noMobi\"><img src=\"https:\/\/files.sunoresearch.com.br\/n\/uploads\/2020\/08\/531ff69d-whatsapp-image-2020-08-03-at-14.54.38-150x150.webp\" alt=\"Laura Moutinho\"><\/a><div class=\"authorBox__name\"><span>por\n\t\t\t<a href=\"https:\/\/www.suno.com.br\/noticias\/author\/laura-moutinho\/\"><span itemprop=\"author\">Laura Moutinho<\/span><\/a><\/span><time datetime=\"2020-08-17T15:53:21-03:00\" itemprop=\"datePublished\">17\/08\/2020 15:53<\/time><\/div><\/div><\/div><\/div><\/div>","single_layout":"posts","amp_enabled":true,"_links":{"self":[{"href":"https:\/\/www.suno.com.br\/noticias\/wp-json\/wp\/v2\/posts\/78791"}],"collection":[{"href":"https:\/\/www.suno.com.br\/noticias\/wp-json\/wp\/v2\/posts"}],"about":[{"href":"https:\/\/www.suno.com.br\/noticias\/wp-json\/wp\/v2\/types\/post"}],"author":[{"embeddable":true,"href":"https:\/\/www.suno.com.br\/noticias\/wp-json\/wp\/v2\/users\/39"}],"replies":[{"embeddable":true,"href":"https:\/\/www.suno.com.br\/noticias\/wp-json\/wp\/v2\/comments?post=78791"}],"version-history":[{"count":0,"href":"https:\/\/www.suno.com.br\/noticias\/wp-json\/wp\/v2\/posts\/78791\/revisions"}],"wp:featuredmedia":[{"embeddable":true,"href":"https:\/\/www.suno.com.br\/noticias\/wp-json\/wp\/v2\/media\/78807"}],"wp:attachment":[{"href":"https:\/\/www.suno.com.br\/noticias\/wp-json\/wp\/v2\/media?parent=78791"}],"wp:term":[{"taxonomy":"category","embeddable":true,"href":"https:\/\/www.suno.com.br\/noticias\/wp-json\/wp\/v2\/categories?post=78791"},{"taxonomy":"post_tag","embeddable":true,"href":"https:\/\/www.suno.com.br\/noticias\/wp-json\/wp\/v2\/tags?post=78791"},{"taxonomy":"suno_strategy","embeddable":true,"href":"https:\/\/www.suno.com.br\/noticias\/wp-json\/wp\/v2\/suno_strategy?post=78791"}],"curies":[{"name":"wp","href":"https:\/\/api.w.org\/{rel}","templated":true}]}}