{"id":78736,"date":"2020-08-17T12:26:18","date_gmt":"2020-08-17T15:26:18","guid":{"rendered":"https:\/\/www.suno.com.br\/noticias\/?p=78736"},"modified":"2021-05-29T20:50:49","modified_gmt":"2021-05-29T23:50:49","slug":"eztec-eztc3-pedido-ipo-de-subsidiaria","status":"publish","type":"post","link":"https:\/\/www.suno.com.br\/noticias\/eztec-eztc3-pedido-ipo-de-subsidiaria\/","title":{"rendered":"EZTec (EZTC3) apresenta pedido de IPO de subsidi\u00e1ria"},"content":{"rendered":"<p>A <a href=\"https:\/\/www.suno.com.br\/acoes\/eztc3\/\"><strong>EZTec<\/strong> (EZTC3)<\/a> protocolou, nesta segunda-feira (17), o pedido de <a href=\"https:\/\/www.suno.com.br\/artigos\/ipo\/\">oferta p\u00fablica inicial de a\u00e7\u00f5es (IPO<\/a>, na sigla em ingl\u00eas) de sua subsidi\u00e1ria, EZ Inc., junto \u00e0 <a href=\"https:\/\/www.suno.com.br\/artigos\/cvm\/\">Comiss\u00e3o de Valores Mobili\u00e1rios (CVM)<\/a>. O processo contar\u00e1 com uma distribui\u00e7\u00e3o de a\u00e7\u00f5es prim\u00e1rias na Bolsa de Valores de S\u00e3o Paulo (B3).<\/p>\t<div class=\"wrapper-featured-image\">\n\t\t<figure class=\"spotlightImg\">\n\n\t\t\t<picture>\n\t\t\t\t<source media=\"(max-width: 768px)\" srcset=\"https:\/\/files.sunoresearch.com.br\/n\/uploads\/2020\/08\/9f0c477c-eztec_santo-amaro_terra\u00c7o-3-dorm_r02-hr-400x200.webp\">\n\t\t\t\t<img loading=\"lazy\" decoding=\"async\" class=\"newsContent__article__imgCapa lazyloadDisabled \" src=\"https:\/\/files.sunoresearch.com.br\/n\/uploads\/2020\/08\/9f0c477c-eztec_santo-amaro_terra\u00c7o-3-dorm_r02-hr-800x450.webp\" width=\"800\" height=\"450\" alt=\"EZTec (EZTC3) apresenta pedido de IPO de subsidi\u00e1ria\" fetchpriority=high \/>\n\t\t\t<\/picture>\n\n\t\t\t<figcaption class=\"wp-caption-text wp-caption-text--show\">EZ Inc., subsidi\u00e1ria da EZTec, quer abrir capital na B3.<\/figcaption>\n\t\t<\/figure>\n\t<\/div>\n\n\n<div class=\"hubspot-form-wrapper\">\n\t<div id=\"single-form-target\"><\/div>\n<\/div>\n\n<p>A EZTec, no entanto, n\u00e3o especificou quantas a\u00e7\u00f5es ser\u00e3o ofertadas, ou o volume de recursos que pretende levantar com a opera\u00e7\u00e3o. A <strong>EZ Inc.<\/strong>, fundada no ano passado, \u00e9 voltada para o segmento de <strong>im\u00f3veis comerciais<\/strong> e recebeu os ativos de incorpora\u00e7\u00e3o comercial da controladora neste ano.<\/p>\n<p>O modelo de neg\u00f3cios da empresa consiste em <strong>incorpora\u00e7\u00f5es<\/strong> comerciais de ciclo longo. Al\u00e9m disso, a opera\u00e7\u00e3o det\u00e9m uma estrutura verticalmente integrada. \u201cO ciclo compreende desde a incorpora\u00e7\u00e3o, o gerenciamento da loca\u00e7\u00e3o do empreendimento, at\u00e9 a venda. Ap\u00f3s a venda, reciclamos o nosso capital por meio do investimento em novos terrenos, reiniciando o ciclo\u201d, disse a empresa no prospecto da oferta.<\/p>\n<p><a href=\"https:\/\/lp.suno.com.br\/suno-one\/\">No Suno One voc\u00ea aprende a fazer seu dinheiro trabalhar para voc\u00ea. Cadastre-se gratuitamente agora!<\/a><\/p>\n<p>Segundo a EZTec, o portf\u00f3lio da subsidi\u00e1ria \u00e9 composto por im\u00f3veis que totalizam um banco de terrenos com <strong>Valor Geral de Vendas (VGV)<\/strong> de R$ 2,8 bilh\u00f5es. No fim de junho, o Patrim\u00f4nio L\u00edquido consolidado da empresa era de R$ 484 milh\u00f5es, com um <a href=\"https:\/\/www.suno.com.br\/artigos\/ebitda\/\"><strong>Ebitda<\/strong> (lucro antes de juros, impostos, deprecia\u00e7\u00e3o e amortiza\u00e7\u00e3o)<\/a> de R$ 5,5 milh\u00f5es naquele trimestre. Os bancos coordenadores da oferta ser\u00e3o BTG Pactual e Ita\u00fa BBA.<\/p>\n<h2>EZTec em alta com prospecto de subsidi\u00e1ria e inclus\u00e3o no Ibovespa<\/h2>\n<p>As a\u00e7\u00f5es da EZTec operam em alta nesta segunda-feira ap\u00f3s a apresenta\u00e7\u00e3o do pedido do <strong>IPO<\/strong> da EZ Inc. Segundo a empresa, os recursos levantados com a abertura de capital da subsidi\u00e1ria ser\u00e3o utilizados para a aquisi\u00e7\u00e3o de novos terrenos, constru\u00e7\u00e3o de projetos em desenvolvimento e refor\u00e7o de estrutura de capital para suporte de maior alavancagem.<\/p>\n\t<div data-element=\"shortcode-read-more\" class=\"knowMore\">\n\t\t\t\t<span class=\"knowMore__title\">Veja tamb\u00e9m<\/span>\n\t\t\t\t<a class=\"knowMore__link\" href=\"https:\/\/www.suno.com.br\/noticias\/eztec-eztc3-resultados-recompra-de-acoes\/\">\n\t\t\tEztec (EZTC3) divulga resultados de 2019 e recompra de a\u00e7\u00f5es\t\t<\/a>\n\t<\/div>\n\n\n<p>Al\u00e9m disso, os investidores tamb\u00e9m mostram-se otimistas com a inclus\u00e3o dos pap\u00e9is da incorporadora na carteira te\u00f3rica do <a href=\"https:\/\/www.suno.com.br\/artigos\/ibovespa\/\"><strong>Ibovespa<\/strong>, maior \u00edndice acion\u00e1rio da bolsa brasileira<\/a>. A empresa teve a presen\u00e7a confirmada com a inclus\u00e3o na segunda de tr\u00eas pr\u00e9vias da carteira do \u00edndice, divulgada na manh\u00e3 desta segunda-feira.<\/p>\n<p>As a\u00e7\u00f5es da <strong>EZTec<\/strong> chegaram a subir mais de 3% e, por volta das 12h05, operavam com um avan\u00e7o de 2,54%, negociadas a R$ 39,52. Nos \u00faltimos 12 meses, os pap\u00e9is da empresa acumulam uma alta de 9,95%.<\/p>\n\t<p>\n\t\t<a href=\"https:\/\/lp.suno.com.br\/planilha-de-controle-de-investimentos\/\" target=\"_blank\" data-element=\"shortcode-suno-banner\" title=\"Banner SUNO, clique e saiba mais\">\n\t\t\t<picture>\n\t\t\t\t<source media=\"(max-width: 500px)\" srcset=\"https:\/\/files.sunoresearch.com.br\/n\/uploads\/2023\/03\/400x300-Controle-de-Investimentos.png\">\n\t\t\t\t<img class=\"newsContent__article__imgCapa newsContent__article__imgCapa--banner\"\n\t\t\t\t\tsrc=\"https:\/\/files.sunoresearch.com.br\/n\/uploads\/2023\/03\/1420x240-Controle-de-Investimentos.png\"\n\t\t\t\t\tdata-promo-id=\"75934\"\t\t\t\t\t\t\t\t\t\twidth='1420' height='240'\t\t\t\t\talt=\"https:\/\/files.sunoresearch.com.br\/n\/uploads\/2023\/03\/1420x240-Controle-de-Investimentos.png\"\n\t\t\t\t>\n\t\t\t<\/picture>\n\t\t<\/a>\n\t<\/p>\n\n\n","protected":false},"excerpt":{"rendered":"<p>A EZTec (EZTC3) protocolou, nesta segunda-feira (17), o pedido de oferta p\u00fablica inicial de a\u00e7\u00f5es (IPO, na sigla em ingl\u00eas) de sua subsidi\u00e1ria, EZ Inc., junto \u00e0 Comiss\u00e3o de Valores Mobili\u00e1rios (CVM). O processo contar\u00e1 com uma distribui\u00e7\u00e3o de a\u00e7\u00f5es prim\u00e1rias na Bolsa de Valores de S\u00e3o Paulo (B3). EZ Inc., subsidi\u00e1ria da EZTec, quer [&hellip;]<\/p>\n","protected":false},"author":24,"featured_media":78739,"comment_status":"closed","ping_status":"closed","sticky":false,"template":"","format":"standard","meta":[],"categories":[64],"tags":[1937,473,319],"suno_strategy":[],"class_list":["post-78736","post","type-post","status-publish","format-standard","has-post-thumbnail","hentry","category-negocios","tag-bolsa-de-valores-de-sao-paulo-b3","tag-eztec-eztc3","tag-ipo-oferta-inicial-de-acoes"],"yoast_head":"<!-- This site is optimized with the Yoast SEO plugin v24.4 - https:\/\/yoast.com\/wordpress\/plugins\/seo\/ -->\n<title>EZTec (EZTC3) apresenta pedido de IPO de subsidi\u00e1ria<\/title>\n<meta name=\"description\" content=\"A EZTec (EZTC3) protocolou, nesta segunda-feira, o pedido de oferta p\u00fablica inicial de a\u00e7\u00f5es (IPO) de sua subsidi\u00e1ria, EZ Inc. Saiba mais.\" \/>\n<meta name=\"robots\" content=\"index, follow, max-snippet:-1, max-image-preview:large, max-video-preview:-1\" \/>\n<link rel=\"canonical\" href=\"https:\/\/www.suno.com.br\/noticias\/eztec-eztc3-pedido-ipo-de-subsidiaria\/\" \/>\n<meta property=\"og:locale\" content=\"pt_BR\" \/>\n<meta property=\"og:type\" content=\"article\" \/>\n<meta property=\"og:title\" content=\"EZTec (EZTC3) apresenta pedido de IPO de subsidi\u00e1ria\" \/>\n<meta property=\"og:description\" content=\"A EZTec (EZTC3) protocolou, nesta segunda-feira, o pedido de oferta p\u00fablica inicial de a\u00e7\u00f5es (IPO) de sua subsidi\u00e1ria, EZ Inc. Saiba mais.\" \/>\n<meta property=\"og:url\" content=\"https:\/\/www.suno.com.br\/noticias\/eztec-eztc3-pedido-ipo-de-subsidiaria\/\" \/>\n<meta property=\"og:site_name\" content=\"Suno Not\u00edcias\" \/>\n<meta property=\"article:publisher\" content=\"https:\/\/facebook.com\/sunoresearch\" \/>\n<meta property=\"og:image\" content=\"https:\/\/files.sunoresearch.com.br\/n\/uploads\/2020\/08\/9f0c477c-eztec_santo-amaro_terra\u00c7o-3-dorm_r02-hr.jpg\" \/>\n\t<meta property=\"og:image:width\" content=\"1200\" \/>\n\t<meta property=\"og:image:height\" content=\"709\" \/>\n\t<meta property=\"og:image:type\" content=\"image\/jpeg\" \/>\n<meta name=\"author\" content=\"Jader Lazarini\" \/>\n<meta name=\"twitter:card\" content=\"summary_large_image\" \/>\n<meta name=\"twitter:creator\" content=\"@sunoresearch\" \/>\n<meta name=\"twitter:site\" content=\"@sunoresearch\" \/>\n<meta name=\"twitter:label1\" content=\"Escrito por\" \/>\n\t<meta name=\"twitter:data1\" content=\"Jader Lazarini\" \/>\n\t<meta name=\"twitter:label2\" content=\"Est. tempo de leitura\" \/>\n\t<meta name=\"twitter:data2\" content=\"2 minutos\" \/>\n<script type=\"application\/ld+json\" class=\"yoast-schema-graph\">{\"@context\":\"https:\/\/schema.org\",\"@graph\":[{\"@type\":\"NewsArticle\",\"@id\":\"https:\/\/www.suno.com.br\/noticias\/eztec-eztc3-pedido-ipo-de-subsidiaria\/#article\",\"isPartOf\":{\"@id\":\"https:\/\/www.suno.com.br\/noticias\/eztec-eztc3-pedido-ipo-de-subsidiaria\/\"},\"author\":{\"name\":\"Jader Lazarini\",\"@id\":\"https:\/\/www.suno.com.br\/noticias\/#\/schema\/person\/918d79de1f0281f01599b93f9ea6e23f\"},\"headline\":\"EZTec (EZTC3) apresenta pedido de IPO de subsidi\u00e1ria\",\"datePublished\":\"2020-08-17T15:26:18+00:00\",\"dateModified\":\"2021-05-29T23:50:49+00:00\",\"mainEntityOfPage\":{\"@id\":\"https:\/\/www.suno.com.br\/noticias\/eztec-eztc3-pedido-ipo-de-subsidiaria\/\"},\"wordCount\":474,\"publisher\":{\"@id\":\"https:\/\/www.suno.com.br\/noticias\/#organization\"},\"image\":{\"@id\":\"https:\/\/www.suno.com.br\/noticias\/eztec-eztc3-pedido-ipo-de-subsidiaria\/#primaryimage\"},\"thumbnailUrl\":\"https:\/\/files.sunoresearch.com.br\/n\/uploads\/2020\/08\/9f0c477c-eztec_santo-amaro_terra\u00c7o-3-dorm_r02-hr-jpg.webp\",\"keywords\":[\"Bolsa de Valores de S\u00e3o Paulo (B3)\",\"Eztec (EZTC3)\",\"IPO (Oferta Inicial de A\u00e7\u00f5es)\"],\"articleSection\":[\"Neg\u00f3cios\"],\"inLanguage\":\"pt-BR\"},{\"@type\":\"WebPage\",\"@id\":\"https:\/\/www.suno.com.br\/noticias\/eztec-eztc3-pedido-ipo-de-subsidiaria\/\",\"url\":\"https:\/\/www.suno.com.br\/noticias\/eztec-eztc3-pedido-ipo-de-subsidiaria\/\",\"name\":\"EZTec (EZTC3) apresenta pedido de IPO de subsidi\u00e1ria\",\"isPartOf\":{\"@id\":\"https:\/\/www.suno.com.br\/noticias\/#website\"},\"primaryImageOfPage\":{\"@id\":\"https:\/\/www.suno.com.br\/noticias\/eztec-eztc3-pedido-ipo-de-subsidiaria\/#primaryimage\"},\"image\":{\"@id\":\"https:\/\/www.suno.com.br\/noticias\/eztec-eztc3-pedido-ipo-de-subsidiaria\/#primaryimage\"},\"thumbnailUrl\":\"https:\/\/files.sunoresearch.com.br\/n\/uploads\/2020\/08\/9f0c477c-eztec_santo-amaro_terra\u00c7o-3-dorm_r02-hr-jpg.webp\",\"datePublished\":\"2020-08-17T15:26:18+00:00\",\"dateModified\":\"2021-05-29T23:50:49+00:00\",\"description\":\"A EZTec (EZTC3) protocolou, nesta segunda-feira, o pedido de oferta p\u00fablica inicial de a\u00e7\u00f5es (IPO) de sua subsidi\u00e1ria, EZ Inc. Saiba mais.\",\"breadcrumb\":{\"@id\":\"https:\/\/www.suno.com.br\/noticias\/eztec-eztc3-pedido-ipo-de-subsidiaria\/#breadcrumb\"},\"inLanguage\":\"pt-BR\",\"potentialAction\":[{\"@type\":\"ReadAction\",\"target\":[\"https:\/\/www.suno.com.br\/noticias\/eztec-eztc3-pedido-ipo-de-subsidiaria\/\"]}]},{\"@type\":\"ImageObject\",\"inLanguage\":\"pt-BR\",\"@id\":\"https:\/\/www.suno.com.br\/noticias\/eztec-eztc3-pedido-ipo-de-subsidiaria\/#primaryimage\",\"url\":\"https:\/\/files.sunoresearch.com.br\/n\/uploads\/2020\/08\/9f0c477c-eztec_santo-amaro_terra\u00c7o-3-dorm_r02-hr-jpg.webp\",\"contentUrl\":\"https:\/\/files.sunoresearch.com.br\/n\/uploads\/2020\/08\/9f0c477c-eztec_santo-amaro_terra\u00c7o-3-dorm_r02-hr-jpg.webp\",\"width\":1200,\"height\":709,\"caption\":\"EZ Inc., subsidi\u00e1ria da EZTec, quer abrir capital na B3.\"},{\"@type\":\"BreadcrumbList\",\"@id\":\"https:\/\/www.suno.com.br\/noticias\/eztec-eztc3-pedido-ipo-de-subsidiaria\/#breadcrumb\",\"itemListElement\":[{\"@type\":\"ListItem\",\"position\":1,\"name\":\"Not\u00edcias\",\"item\":\"https:\/\/www.suno.com.br\/noticias\/\"},{\"@type\":\"ListItem\",\"position\":2,\"name\":\"Neg\u00f3cios\",\"item\":\"https:\/\/www.suno.com.br\/noticias\/negocios\/\"},{\"@type\":\"ListItem\",\"position\":3,\"name\":\"EZTec (EZTC3) apresenta pedido de IPO de subsidi\u00e1ria\"}]},{\"@type\":\"WebSite\",\"@id\":\"https:\/\/www.suno.com.br\/noticias\/#website\",\"url\":\"https:\/\/www.suno.com.br\/noticias\/\",\"name\":\"Suno Not\u00edcias\",\"description\":\"Seu portal de informa\u00e7\u00e3o sobre o mundo dos investimentos\",\"publisher\":{\"@id\":\"https:\/\/www.suno.com.br\/noticias\/#organization\"},\"potentialAction\":[{\"@type\":\"SearchAction\",\"target\":{\"@type\":\"EntryPoint\",\"urlTemplate\":\"https:\/\/www.suno.com.br\/noticias\/?s={search_term_string}\"},\"query-input\":{\"@type\":\"PropertyValueSpecification\",\"valueRequired\":true,\"valueName\":\"search_term_string\"}}],\"inLanguage\":\"pt-BR\"},{\"@type\":\"Organization\",\"@id\":\"https:\/\/www.suno.com.br\/noticias\/#organization\",\"name\":\"Suno Not\u00edcias\",\"url\":\"https:\/\/www.suno.com.br\/noticias\/\",\"logo\":{\"@type\":\"ImageObject\",\"inLanguage\":\"pt-BR\",\"@id\":\"https:\/\/www.suno.com.br\/noticias\/#\/schema\/logo\/image\/\",\"url\":\"https:\/\/files.sunoresearch.com.br\/n\/uploads\/2021\/09\/suno-logo.png\",\"contentUrl\":\"https:\/\/files.sunoresearch.com.br\/n\/uploads\/2021\/09\/suno-logo.png\",\"width\":180,\"height\":180,\"caption\":\"Suno Not\u00edcias\"},\"image\":{\"@id\":\"https:\/\/www.suno.com.br\/noticias\/#\/schema\/logo\/image\/\"},\"sameAs\":[\"https:\/\/facebook.com\/sunoresearch\",\"https:\/\/x.com\/sunoresearch\",\"https:\/\/www.instagram.com\/suno\",\"https:\/\/www.linkedin.com\/company\/suno-research\/\",\"https:\/\/www.youtube.com\/c\/sunoresearch\"]},{\"@type\":\"Person\",\"@id\":\"https:\/\/www.suno.com.br\/noticias\/#\/schema\/person\/918d79de1f0281f01599b93f9ea6e23f\",\"name\":\"Jader Lazarini\",\"image\":{\"@type\":\"ImageObject\",\"inLanguage\":\"pt-BR\",\"@id\":\"https:\/\/www.suno.com.br\/noticias\/#\/schema\/person\/image\/\",\"url\":\"https:\/\/secure.gravatar.com\/avatar\/3c1ad8caa51589841baeb923fcddea97?s=96&r=g\",\"contentUrl\":\"https:\/\/secure.gravatar.com\/avatar\/3c1ad8caa51589841baeb923fcddea97?s=96&r=g\",\"caption\":\"Jader Lazarini\"},\"description\":\"Jader Lazarini escreve sobre investimentos, finan\u00e7as, economia e neg\u00f3cios. \u00c9 bacharel em Rela\u00e7\u00f5es Internacionais e analista CNPI (2619).\",\"url\":\"https:\/\/www.suno.com.br\/noticias\/author\/jader-lazarini\/\"}]}<\/script>\n<!-- \/ Yoast SEO plugin. -->","yoast_head_json":{"title":"EZTec (EZTC3) apresenta pedido de IPO de subsidi\u00e1ria","description":"A EZTec (EZTC3) protocolou, nesta segunda-feira, o pedido de oferta p\u00fablica inicial de a\u00e7\u00f5es (IPO) de sua subsidi\u00e1ria, EZ Inc. Saiba mais.","robots":{"index":"index","follow":"follow","max-snippet":"max-snippet:-1","max-image-preview":"max-image-preview:large","max-video-preview":"max-video-preview:-1"},"canonical":"https:\/\/www.suno.com.br\/noticias\/eztec-eztc3-pedido-ipo-de-subsidiaria\/","og_locale":"pt_BR","og_type":"article","og_title":"EZTec (EZTC3) apresenta pedido de IPO de subsidi\u00e1ria","og_description":"A EZTec (EZTC3) protocolou, nesta segunda-feira, o pedido de oferta p\u00fablica inicial de a\u00e7\u00f5es (IPO) de sua subsidi\u00e1ria, EZ Inc. Saiba mais.","og_url":"https:\/\/www.suno.com.br\/noticias\/eztec-eztc3-pedido-ipo-de-subsidiaria\/","og_site_name":"Suno Not\u00edcias","article_publisher":"https:\/\/facebook.com\/sunoresearch","og_image":[{"width":1200,"height":709,"url":"https:\/\/files.sunoresearch.com.br\/n\/uploads\/2020\/08\/9f0c477c-eztec_santo-amaro_terra\u00c7o-3-dorm_r02-hr.jpg","type":"image\/jpeg"}],"author":"Jader Lazarini","twitter_card":"summary_large_image","twitter_creator":"@sunoresearch","twitter_site":"@sunoresearch","twitter_misc":{"Escrito por":"Jader Lazarini","Est. tempo de leitura":"2 minutos"},"schema":{"@context":"https:\/\/schema.org","@graph":[{"@type":"NewsArticle","@id":"https:\/\/www.suno.com.br\/noticias\/eztec-eztc3-pedido-ipo-de-subsidiaria\/#article","isPartOf":{"@id":"https:\/\/www.suno.com.br\/noticias\/eztec-eztc3-pedido-ipo-de-subsidiaria\/"},"author":{"name":"Jader Lazarini","@id":"https:\/\/www.suno.com.br\/noticias\/#\/schema\/person\/918d79de1f0281f01599b93f9ea6e23f"},"headline":"EZTec (EZTC3) apresenta pedido de IPO de subsidi\u00e1ria","datePublished":"2020-08-17T15:26:18+00:00","dateModified":"2021-05-29T23:50:49+00:00","mainEntityOfPage":{"@id":"https:\/\/www.suno.com.br\/noticias\/eztec-eztc3-pedido-ipo-de-subsidiaria\/"},"wordCount":474,"publisher":{"@id":"https:\/\/www.suno.com.br\/noticias\/#organization"},"image":{"@id":"https:\/\/www.suno.com.br\/noticias\/eztec-eztc3-pedido-ipo-de-subsidiaria\/#primaryimage"},"thumbnailUrl":"https:\/\/files.sunoresearch.com.br\/n\/uploads\/2020\/08\/9f0c477c-eztec_santo-amaro_terra\u00c7o-3-dorm_r02-hr-jpg.webp","keywords":["Bolsa de Valores de S\u00e3o Paulo (B3)","Eztec (EZTC3)","IPO (Oferta Inicial de A\u00e7\u00f5es)"],"articleSection":["Neg\u00f3cios"],"inLanguage":"pt-BR"},{"@type":"WebPage","@id":"https:\/\/www.suno.com.br\/noticias\/eztec-eztc3-pedido-ipo-de-subsidiaria\/","url":"https:\/\/www.suno.com.br\/noticias\/eztec-eztc3-pedido-ipo-de-subsidiaria\/","name":"EZTec (EZTC3) apresenta pedido de IPO de subsidi\u00e1ria","isPartOf":{"@id":"https:\/\/www.suno.com.br\/noticias\/#website"},"primaryImageOfPage":{"@id":"https:\/\/www.suno.com.br\/noticias\/eztec-eztc3-pedido-ipo-de-subsidiaria\/#primaryimage"},"image":{"@id":"https:\/\/www.suno.com.br\/noticias\/eztec-eztc3-pedido-ipo-de-subsidiaria\/#primaryimage"},"thumbnailUrl":"https:\/\/files.sunoresearch.com.br\/n\/uploads\/2020\/08\/9f0c477c-eztec_santo-amaro_terra\u00c7o-3-dorm_r02-hr-jpg.webp","datePublished":"2020-08-17T15:26:18+00:00","dateModified":"2021-05-29T23:50:49+00:00","description":"A EZTec (EZTC3) protocolou, nesta segunda-feira, o pedido de oferta p\u00fablica inicial de a\u00e7\u00f5es (IPO) de sua subsidi\u00e1ria, EZ Inc. Saiba mais.","breadcrumb":{"@id":"https:\/\/www.suno.com.br\/noticias\/eztec-eztc3-pedido-ipo-de-subsidiaria\/#breadcrumb"},"inLanguage":"pt-BR","potentialAction":[{"@type":"ReadAction","target":["https:\/\/www.suno.com.br\/noticias\/eztec-eztc3-pedido-ipo-de-subsidiaria\/"]}]},{"@type":"ImageObject","inLanguage":"pt-BR","@id":"https:\/\/www.suno.com.br\/noticias\/eztec-eztc3-pedido-ipo-de-subsidiaria\/#primaryimage","url":"https:\/\/files.sunoresearch.com.br\/n\/uploads\/2020\/08\/9f0c477c-eztec_santo-amaro_terra\u00c7o-3-dorm_r02-hr-jpg.webp","contentUrl":"https:\/\/files.sunoresearch.com.br\/n\/uploads\/2020\/08\/9f0c477c-eztec_santo-amaro_terra\u00c7o-3-dorm_r02-hr-jpg.webp","width":1200,"height":709,"caption":"EZ Inc., subsidi\u00e1ria da EZTec, quer abrir capital na B3."},{"@type":"BreadcrumbList","@id":"https:\/\/www.suno.com.br\/noticias\/eztec-eztc3-pedido-ipo-de-subsidiaria\/#breadcrumb","itemListElement":[{"@type":"ListItem","position":1,"name":"Not\u00edcias","item":"https:\/\/www.suno.com.br\/noticias\/"},{"@type":"ListItem","position":2,"name":"Neg\u00f3cios","item":"https:\/\/www.suno.com.br\/noticias\/negocios\/"},{"@type":"ListItem","position":3,"name":"EZTec (EZTC3) apresenta pedido de IPO de subsidi\u00e1ria"}]},{"@type":"WebSite","@id":"https:\/\/www.suno.com.br\/noticias\/#website","url":"https:\/\/www.suno.com.br\/noticias\/","name":"Suno Not\u00edcias","description":"Seu portal de informa\u00e7\u00e3o sobre o mundo dos investimentos","publisher":{"@id":"https:\/\/www.suno.com.br\/noticias\/#organization"},"potentialAction":[{"@type":"SearchAction","target":{"@type":"EntryPoint","urlTemplate":"https:\/\/www.suno.com.br\/noticias\/?s={search_term_string}"},"query-input":{"@type":"PropertyValueSpecification","valueRequired":true,"valueName":"search_term_string"}}],"inLanguage":"pt-BR"},{"@type":"Organization","@id":"https:\/\/www.suno.com.br\/noticias\/#organization","name":"Suno Not\u00edcias","url":"https:\/\/www.suno.com.br\/noticias\/","logo":{"@type":"ImageObject","inLanguage":"pt-BR","@id":"https:\/\/www.suno.com.br\/noticias\/#\/schema\/logo\/image\/","url":"https:\/\/files.sunoresearch.com.br\/n\/uploads\/2021\/09\/suno-logo.png","contentUrl":"https:\/\/files.sunoresearch.com.br\/n\/uploads\/2021\/09\/suno-logo.png","width":180,"height":180,"caption":"Suno Not\u00edcias"},"image":{"@id":"https:\/\/www.suno.com.br\/noticias\/#\/schema\/logo\/image\/"},"sameAs":["https:\/\/facebook.com\/sunoresearch","https:\/\/x.com\/sunoresearch","https:\/\/www.instagram.com\/suno","https:\/\/www.linkedin.com\/company\/suno-research\/","https:\/\/www.youtube.com\/c\/sunoresearch"]},{"@type":"Person","@id":"https:\/\/www.suno.com.br\/noticias\/#\/schema\/person\/918d79de1f0281f01599b93f9ea6e23f","name":"Jader Lazarini","image":{"@type":"ImageObject","inLanguage":"pt-BR","@id":"https:\/\/www.suno.com.br\/noticias\/#\/schema\/person\/image\/","url":"https:\/\/secure.gravatar.com\/avatar\/3c1ad8caa51589841baeb923fcddea97?s=96&r=g","contentUrl":"https:\/\/secure.gravatar.com\/avatar\/3c1ad8caa51589841baeb923fcddea97?s=96&r=g","caption":"Jader Lazarini"},"description":"Jader Lazarini escreve sobre investimentos, finan\u00e7as, economia e neg\u00f3cios. \u00c9 bacharel em Rela\u00e7\u00f5es Internacionais e analista CNPI (2619).","url":"https:\/\/www.suno.com.br\/noticias\/author\/jader-lazarini\/"}]}},"default_loop_html":"<div class=\"cardsPage__listCard__boxs\"><div class=\"cardsPage__listCard__boxs__img\"><a href=\"https:\/\/www.suno.com.br\/noticias\/eztec-eztc3-pedido-ipo-de-subsidiaria\/\"><img class=\"mask\" src=\"https:\/\/www.suno.com.br\/noticias\/wp-content\/themes\/suno\/resources\/images\/spotlight\/spotlight1img\/bg-mask.png\" alt=\"Image Mask\"\/><img src=\"https:\/\/files.sunoresearch.com.br\/n\/uploads\/2020\/08\/9f0c477c-eztec_santo-amaro_terra\u00c7o-3-dorm_r02-hr-400x200.webp\" alt=\"EZTec (EZTC3) apresenta pedido de IPO de subsidi\u00e1ria\"\/><\/a><span class=\"spotlightCategory\"><a href=\"https:\/\/www.suno.com.br\/noticias\/negocios\/\">Neg\u00f3cios<\/a><\/span><\/div><div class=\"cardsPage__listCard__boxs__content\"><a href=\"https:\/\/www.suno.com.br\/noticias\/eztec-eztc3-pedido-ipo-de-subsidiaria\/\"><h2 class=\"content__title\">EZTec (EZTC3) apresenta pedido de IPO de subsidi\u00e1ria<\/h2><\/a><div class=\"newsContent__article__meta\"><div class=\"newsContent__article__meta__authorBox\"><a href=\"https:\/\/www.suno.com.br\/noticias\/author\/jader-lazarini\/\" class=\"authorBox__avatar noMobi\"><img src=\"https:\/\/files.sunoresearch.com.br\/n\/uploads\/2021\/01\/178e6598-foto-perfil-2-150x150.jpg\" alt=\"Jader Lazarini\"><\/a><div class=\"authorBox__name\"><span>por\n\t\t\t<a href=\"https:\/\/www.suno.com.br\/noticias\/author\/jader-lazarini\/\"><span itemprop=\"author\">Jader Lazarini<\/span><\/a><\/span><time datetime=\"2020-08-17T12:26:18-03:00\" itemprop=\"datePublished\">17\/08\/2020 12:26<\/time><\/div><\/div><\/div><\/div><\/div>","single_layout":"posts","amp_enabled":true,"_links":{"self":[{"href":"https:\/\/www.suno.com.br\/noticias\/wp-json\/wp\/v2\/posts\/78736"}],"collection":[{"href":"https:\/\/www.suno.com.br\/noticias\/wp-json\/wp\/v2\/posts"}],"about":[{"href":"https:\/\/www.suno.com.br\/noticias\/wp-json\/wp\/v2\/types\/post"}],"author":[{"embeddable":true,"href":"https:\/\/www.suno.com.br\/noticias\/wp-json\/wp\/v2\/users\/24"}],"replies":[{"embeddable":true,"href":"https:\/\/www.suno.com.br\/noticias\/wp-json\/wp\/v2\/comments?post=78736"}],"version-history":[{"count":1,"href":"https:\/\/www.suno.com.br\/noticias\/wp-json\/wp\/v2\/posts\/78736\/revisions"}],"predecessor-version":[{"id":152277,"href":"https:\/\/www.suno.com.br\/noticias\/wp-json\/wp\/v2\/posts\/78736\/revisions\/152277"}],"wp:featuredmedia":[{"embeddable":true,"href":"https:\/\/www.suno.com.br\/noticias\/wp-json\/wp\/v2\/media\/78739"}],"wp:attachment":[{"href":"https:\/\/www.suno.com.br\/noticias\/wp-json\/wp\/v2\/media?parent=78736"}],"wp:term":[{"taxonomy":"category","embeddable":true,"href":"https:\/\/www.suno.com.br\/noticias\/wp-json\/wp\/v2\/categories?post=78736"},{"taxonomy":"post_tag","embeddable":true,"href":"https:\/\/www.suno.com.br\/noticias\/wp-json\/wp\/v2\/tags?post=78736"},{"taxonomy":"suno_strategy","embeddable":true,"href":"https:\/\/www.suno.com.br\/noticias\/wp-json\/wp\/v2\/suno_strategy?post=78736"}],"curies":[{"name":"wp","href":"https:\/\/api.w.org\/{rel}","templated":true}]}}