{"id":78734,"date":"2020-08-17T12:13:13","date_gmt":"2020-08-17T15:13:13","guid":{"rendered":"https:\/\/www.suno.com.br\/noticias\/?p=78734"},"modified":"2020-08-17T12:45:07","modified_gmt":"2020-08-17T15:45:07","slug":"ibovespa-opera-entre-perdas-e-ganhos-marfrig-mrfg3-lidera-alta-com-66-17082020","status":"publish","type":"post","link":"https:\/\/www.suno.com.br\/noticias\/ibovespa-opera-entre-perdas-e-ganhos-marfrig-mrfg3-lidera-alta-com-66-17082020\/","title":{"rendered":"Ibovespa opera entre perdas e ganhos; Marfrig (MRFG3) lidera alta com 6,6%"},"content":{"rendered":"<p>O<a href=\"https:\/\/www.suno.com.br\/artigos\/b3\/\"> principal \u00edndice da Bolsa de Valores de S\u00e3o Paulo (B3)<\/a>, <strong><a href=\"https:\/\/www.suno.com.br\/artigos\/ibovespa\/\">Ibovespa<\/a><\/strong>, opera entre perdas e ganhos, diferente de como foi registrado estabilidade em sua abertura. A Marfrig e a Minerva lideram as altas na tarde desta segunda-feira (17). Por sua vez, a Hering e a Eletrobras registram queda de mais de 3% em seus pap\u00e9is.<\/p>\t<div class=\"wrapper-featured-image\">\n\t\t<figure class=\"spotlightImg\">\n\n\t\t\t<picture>\n\t\t\t\t<source media=\"(max-width: 768px)\" srcset=\"https:\/\/files.sunoresearch.com.br\/n\/uploads\/2018\/09\/960b312f-ibovespa-dolar-400x200.webp\">\n\t\t\t\t<img loading=\"lazy\" decoding=\"async\" class=\"newsContent__article__imgCapa lazyloadDisabled \" src=\"https:\/\/files.sunoresearch.com.br\/n\/uploads\/2018\/09\/960b312f-ibovespa-dolar-800x450.webp\" width=\"800\" height=\"450\" alt=\"Ibovespa opera entre perdas e ganhos; Marfrig (MRFG3) lidera alta com 6,6%\" fetchpriority=high \/>\n\t\t\t<\/picture>\n\n\t\t\t<figcaption class=\"wp-caption-text wp-caption-text--show\">Na manh\u00e3 de hoje, por volta das 10h05, o Ibovespa apresentava leve queda de 0,02%, alcan\u00e7ando 101.334,55 pontos<\/figcaption>\n\t\t<\/figure>\n\t<\/div>\n\n\n<div class=\"hubspot-form-wrapper\">\n\t<div id=\"single-form-target\"><\/div>\n<\/div>\n\n<p>Por volta das 12h05, o Ibovespa operava em queda de 0,98%, a 100.357,95 pontos. Na manh\u00e3 de hoje, por volta das 10h05, o \u00edndice apresentava leve queda de 0,02%, alcan\u00e7ando 101.334,55 pontos, o mercado acion\u00e1rio acompanha os resultados das principais empresas do Brasil e o desdobramento pol\u00edtico sobre o teto de gastos.<\/p>\n<p>A <a href=\"https:\/\/www.suno.com.br\/acoes\/mrfg3\/\">Marfrig (MRFG3)<\/a> operava em alta de 6,62%, sendo negociado a R$ 16,00. A empresa de alimentos a base de prote\u00edna apresentou um <a href=\"https:\/\/www.suno.com.br\/artigos\/lucro-liquido\/\">lucro l\u00edquido<\/a> de R$ 1,59 bilh\u00e3o no segundo trimestre, salto de 1.738%, ante os R$ 86,5 milh\u00f5es no mesmo per\u00edodo no ano passado. Esse resultado, segundo a companhia, \u00e9 devido \u00e0 melhor no desempenho operacional e demanda da China.<\/p>\n<p><a href=\"https:\/\/lp.suno.com.br\/suno-one\/\">Conhe\u00e7a o Suno One, a central gratuita de informa\u00e7\u00f5es da Suno para quem quer aprender a investir. Acesse clicando aqui.<\/a><\/p>\n<p>A <a href=\"https:\/\/www.suno.com.br\/acoes\/beef3\/\">Minerva (BEEF3)<\/a> registrava +3,68% em seus pap\u00e9is, cotados a R$ 13,52. A empresa de alimentos anunciou, na \u00faltima sexta-feira (14), uma nova estrutura para sua \u00e1rea de Bem-estar Animal. O objetivo segundo a companhia de alimentos, \u00e9 ter m\u00e9todos mais humanit\u00e1rios de manejo, embarque, transporte, desembarque e os demais processos realizados em suas instala\u00e7\u00f5es.<\/p>\n<p>Por sua vez, na lideran\u00e7a das maiores baixas de hoje se encontra a <a href=\"https:\/\/www.suno.com.br\/acoes\/hgtx3\/\">Hering (HGTX3)<\/a> com queda de 5,78%, sendo negociada a R$ 15,48. A varejista de roupas registrou lucro l\u00edquido de R$ 126,8 milh\u00f5es no segundo trimestre, alta de 211,8%, em compara\u00e7\u00e3o com o mesmo per\u00edodo no ano passado. No entanto, a<a href=\"https:\/\/www.suno.com.br\/artigos\/o-que-receita-liquida\/\"> receita l\u00edquida<\/a> despencou 67%, de R$ 359 milh\u00f5es, no per\u00edodo de abril a junho do ano passado, para R$ 118,8 milh\u00f5es.<\/p>\n<p>A <a href=\"https:\/\/www.suno.com.br\/acoes\/elet3\/\">Eletrobras (ELET3)<\/a> operava a -3,58%, cotada a R$ 15,49. A estatal el\u00e9trica, segundo o jornal &#8220;Brasil de Fato&#8221;, vendeu o controle do Complexo E\u00f3lico Campos Neutrais, no qual investiu R$ 3,1 bilh\u00f5es, por R$ 500 milh\u00f5es \u00e0 empresa Omega Energia. Esse valor \u00e9 equivalente a 17% do gasto de constru\u00e7\u00e3o da usina localizada na fronteira com o Uruguai.<\/p>\n<h2>Teto de gastos<\/h2>\n<p>O mercado acion\u00e1rio est\u00e1 atento a possibilidade do descumprimento do teto de gastos em 2021, com os posicionamentos de Jair Bolsonaro.<\/p>\n<p>Na semana passada, o ministro da Economia, Paulo Guedes, defendeu o teto de gastos e prometeu &#8220;brigar com ministro fura-teto&#8221;. De acordo com o l\u00edder da pasta econ\u00f4mica, o descumprimento das regras fiscais poderia levar Bolsonaro &#8220;a uma zona sombria, de impeachtment&#8221;.<\/p>\n\t<div data-element=\"shortcode-read-more\" class=\"knowMore\">\n\t\t\t\t<span class=\"knowMore__title\">Veja Tamb\u00e9m<\/span>\n\t\t\t\t<a class=\"knowMore__link\" href=\"https:\/\/www.suno.com.br\/noticias\/bolsonaro-abraca-furar-teto-gastos-pede-patriotismo\/\">\n\t\t\tBolsonaro abra\u00e7a ideia de furar teto de gastos e pede &#039;patriotismo&#039;\t\t<\/a>\n\t<\/div>\n\n\n<p>No posterior a declara\u00e7\u00e3o de Guedes, Bolsonaro afirmou que respeita o teto de gastos e a responsabilidade fiscal. Mas um dia depois, o presidente disse que h\u00e1 uma &#8220;boa briga&#8221; no governo e salientou que a &#8220;ideia de furar o teto existe, qual o problema&#8221;?.<\/p>\n<p>Al\u00e9m disso, mencionou que os agentes financeiros precisam de &#8220;patriotismo&#8221;. &#8220;Agora esse mercado tem que dar um tempinho tamb\u00e9m, n\u00e9? Um pouquinho de patriotismo n\u00e3o faz mal a eles, n\u00e9? N\u00e3o ficar a\u00ed aceitando essa pilha&#8221;, disse o mandat\u00e1rio.<\/p>\n<h2>\u00daltima cota\u00e7\u00e3o do Ibovespa<\/h2>\n<p>Na \u00faltima sess\u00e3o, sexta-feira (14), o <strong>Ibovespa<\/strong> encerrou a semana em alta de 0,89%, a 101.353,45 pontos.<\/p>\n\t<p>\n\t\t<a href=\"https:\/\/lp.suno.com.br\/planilha-de-controle-de-investimentos\/\" target=\"_blank\" data-element=\"shortcode-suno-banner\" title=\"Banner SUNO, clique e saiba mais\">\n\t\t\t<picture>\n\t\t\t\t<source media=\"(max-width: 500px)\" srcset=\"https:\/\/files.sunoresearch.com.br\/n\/uploads\/2023\/03\/400x300-Controle-de-Investimentos.png\">\n\t\t\t\t<img class=\"newsContent__article__imgCapa newsContent__article__imgCapa--banner\"\n\t\t\t\t\tsrc=\"https:\/\/files.sunoresearch.com.br\/n\/uploads\/2023\/03\/1420x240-Controle-de-Investimentos.png\"\n\t\t\t\t\tdata-promo-id=\"75934\"\t\t\t\t\t\t\t\t\t\twidth='1420' height='240'\t\t\t\t\talt=\"https:\/\/files.sunoresearch.com.br\/n\/uploads\/2023\/03\/1420x240-Controle-de-Investimentos.png\"\n\t\t\t\t>\n\t\t\t<\/picture>\n\t\t<\/a>\n\t<\/p>\n\n\n","protected":false},"excerpt":{"rendered":"<p>O principal \u00edndice da Bolsa de Valores de S\u00e3o Paulo (B3), Ibovespa, opera entre perdas e ganhos, diferente de como foi registrado estabilidade em sua abertura. A Marfrig e a Minerva lideram as altas na tarde desta segunda-feira (17). Por sua vez, a Hering e a Eletrobras registram queda de mais de 3% em seus [&hellip;]<\/p>\n","protected":false},"author":15,"featured_media":3506,"comment_status":"closed","ping_status":"closed","sticky":false,"template":"","format":"standard","meta":[],"categories":[60],"tags":[721,552,563,83329],"suno_strategy":[],"class_list":["post-78734","post","type-post","status-publish","format-standard","has-post-thumbnail","hentry","category-mercado","tag-ibovespa","tag-marfrig-mrfg3","tag-minerva-beef11-beef3","tag-teto-de-gastos"],"yoast_head":"<!-- This site is optimized with the Yoast SEO plugin v24.4 - https:\/\/yoast.com\/wordpress\/plugins\/seo\/ -->\n<title>Ibovespa opera entre perdas e ganhos; Marfrig (MRFG3) em alta a 6,6%<\/title>\n<meta name=\"description\" content=\"Por volta das 12h05, nesta segunda-feira (17), o Ibovespa operava em queda de 0,98%, a 100.357,95 pontos. Clique aqui e saiba mais\" \/>\n<meta name=\"robots\" content=\"index, follow, max-snippet:-1, max-image-preview:large, max-video-preview:-1\" \/>\n<link rel=\"canonical\" href=\"https:\/\/www.suno.com.br\/noticias\/ibovespa-opera-entre-perdas-e-ganhos-marfrig-mrfg3-lidera-alta-com-66-17082020\/\" \/>\n<meta property=\"og:locale\" content=\"pt_BR\" \/>\n<meta property=\"og:type\" content=\"article\" \/>\n<meta property=\"og:title\" content=\"Ibovespa opera entre perdas e ganhos; Marfrig (MRFG3) em alta a 6,6%\" \/>\n<meta property=\"og:description\" content=\"Por volta das 12h05, nesta segunda-feira (17), o Ibovespa operava em queda de 0,98%, a 100.357,95 pontos. Clique aqui e saiba mais\" \/>\n<meta property=\"og:url\" content=\"https:\/\/www.suno.com.br\/noticias\/ibovespa-opera-entre-perdas-e-ganhos-marfrig-mrfg3-lidera-alta-com-66-17082020\/\" \/>\n<meta property=\"og:site_name\" content=\"Suno Not\u00edcias\" \/>\n<meta property=\"article:publisher\" content=\"https:\/\/facebook.com\/sunoresearch\" \/>\n<meta property=\"og:image\" content=\"https:\/\/files.sunoresearch.com.br\/n\/uploads\/2018\/09\/960b312f-ibovespa-dolar.jpg\" \/>\n\t<meta property=\"og:image:width\" content=\"1920\" \/>\n\t<meta property=\"og:image:height\" content=\"1280\" \/>\n\t<meta property=\"og:image:type\" content=\"image\/jpeg\" \/>\n<meta name=\"author\" content=\"Poliana Santos\" \/>\n<meta name=\"twitter:card\" content=\"summary_large_image\" \/>\n<meta name=\"twitter:creator\" content=\"@sunoresearch\" \/>\n<meta name=\"twitter:site\" content=\"@sunoresearch\" \/>\n<meta name=\"twitter:label1\" content=\"Escrito por\" \/>\n\t<meta name=\"twitter:data1\" content=\"Poliana Santos\" \/>\n\t<meta name=\"twitter:label2\" content=\"Est. tempo de leitura\" \/>\n\t<meta name=\"twitter:data2\" content=\"3 minutos\" \/>\n<script type=\"application\/ld+json\" class=\"yoast-schema-graph\">{\"@context\":\"https:\/\/schema.org\",\"@graph\":[{\"@type\":\"NewsArticle\",\"@id\":\"https:\/\/www.suno.com.br\/noticias\/ibovespa-opera-entre-perdas-e-ganhos-marfrig-mrfg3-lidera-alta-com-66-17082020\/#article\",\"isPartOf\":{\"@id\":\"https:\/\/www.suno.com.br\/noticias\/ibovespa-opera-entre-perdas-e-ganhos-marfrig-mrfg3-lidera-alta-com-66-17082020\/\"},\"author\":{\"name\":\"Poliana Santos\",\"@id\":\"https:\/\/www.suno.com.br\/noticias\/#\/schema\/person\/02ec1f752758247878a2bf4abee1aeda\"},\"headline\":\"Ibovespa opera entre perdas e ganhos; Marfrig (MRFG3) lidera alta com 6,6%\",\"datePublished\":\"2020-08-17T15:13:13+00:00\",\"dateModified\":\"2020-08-17T15:45:07+00:00\",\"mainEntityOfPage\":{\"@id\":\"https:\/\/www.suno.com.br\/noticias\/ibovespa-opera-entre-perdas-e-ganhos-marfrig-mrfg3-lidera-alta-com-66-17082020\/\"},\"wordCount\":591,\"publisher\":{\"@id\":\"https:\/\/www.suno.com.br\/noticias\/#organization\"},\"image\":{\"@id\":\"https:\/\/www.suno.com.br\/noticias\/ibovespa-opera-entre-perdas-e-ganhos-marfrig-mrfg3-lidera-alta-com-66-17082020\/#primaryimage\"},\"thumbnailUrl\":\"https:\/\/files.sunoresearch.com.br\/n\/uploads\/2018\/09\/960b312f-ibovespa-dolar-jpg.webp\",\"keywords\":[\"Ibovespa\",\"Marfrig (MRFG3)\",\"Minerva (BEEF11\/BEEF3)\",\"teto de gastos\"],\"articleSection\":[\"Mercado\"],\"inLanguage\":\"pt-BR\"},{\"@type\":\"WebPage\",\"@id\":\"https:\/\/www.suno.com.br\/noticias\/ibovespa-opera-entre-perdas-e-ganhos-marfrig-mrfg3-lidera-alta-com-66-17082020\/\",\"url\":\"https:\/\/www.suno.com.br\/noticias\/ibovespa-opera-entre-perdas-e-ganhos-marfrig-mrfg3-lidera-alta-com-66-17082020\/\",\"name\":\"Ibovespa opera entre perdas e ganhos; Marfrig (MRFG3) em alta a 6,6%\",\"isPartOf\":{\"@id\":\"https:\/\/www.suno.com.br\/noticias\/#website\"},\"primaryImageOfPage\":{\"@id\":\"https:\/\/www.suno.com.br\/noticias\/ibovespa-opera-entre-perdas-e-ganhos-marfrig-mrfg3-lidera-alta-com-66-17082020\/#primaryimage\"},\"image\":{\"@id\":\"https:\/\/www.suno.com.br\/noticias\/ibovespa-opera-entre-perdas-e-ganhos-marfrig-mrfg3-lidera-alta-com-66-17082020\/#primaryimage\"},\"thumbnailUrl\":\"https:\/\/files.sunoresearch.com.br\/n\/uploads\/2018\/09\/960b312f-ibovespa-dolar-jpg.webp\",\"datePublished\":\"2020-08-17T15:13:13+00:00\",\"dateModified\":\"2020-08-17T15:45:07+00:00\",\"description\":\"Por volta das 12h05, nesta segunda-feira (17), o Ibovespa operava em queda de 0,98%, a 100.357,95 pontos. Clique aqui e saiba mais\",\"breadcrumb\":{\"@id\":\"https:\/\/www.suno.com.br\/noticias\/ibovespa-opera-entre-perdas-e-ganhos-marfrig-mrfg3-lidera-alta-com-66-17082020\/#breadcrumb\"},\"inLanguage\":\"pt-BR\",\"potentialAction\":[{\"@type\":\"ReadAction\",\"target\":[\"https:\/\/www.suno.com.br\/noticias\/ibovespa-opera-entre-perdas-e-ganhos-marfrig-mrfg3-lidera-alta-com-66-17082020\/\"]}]},{\"@type\":\"ImageObject\",\"inLanguage\":\"pt-BR\",\"@id\":\"https:\/\/www.suno.com.br\/noticias\/ibovespa-opera-entre-perdas-e-ganhos-marfrig-mrfg3-lidera-alta-com-66-17082020\/#primaryimage\",\"url\":\"https:\/\/files.sunoresearch.com.br\/n\/uploads\/2018\/09\/960b312f-ibovespa-dolar-jpg.webp\",\"contentUrl\":\"https:\/\/files.sunoresearch.com.br\/n\/uploads\/2018\/09\/960b312f-ibovespa-dolar-jpg.webp\",\"width\":1920,\"height\":1280,\"caption\":\"Na manh\u00e3 de hoje, por volta das 10h05, o Ibovespa apresentava leve queda de 0,02%, alcan\u00e7ando 101.334,55 pontos\"},{\"@type\":\"BreadcrumbList\",\"@id\":\"https:\/\/www.suno.com.br\/noticias\/ibovespa-opera-entre-perdas-e-ganhos-marfrig-mrfg3-lidera-alta-com-66-17082020\/#breadcrumb\",\"itemListElement\":[{\"@type\":\"ListItem\",\"position\":1,\"name\":\"Not\u00edcias\",\"item\":\"https:\/\/www.suno.com.br\/noticias\/\"},{\"@type\":\"ListItem\",\"position\":2,\"name\":\"Mercado\",\"item\":\"https:\/\/www.suno.com.br\/noticias\/mercado\/\"},{\"@type\":\"ListItem\",\"position\":3,\"name\":\"Ibovespa opera entre perdas e ganhos; Marfrig (MRFG3) lidera alta com 6,6%\"}]},{\"@type\":\"WebSite\",\"@id\":\"https:\/\/www.suno.com.br\/noticias\/#website\",\"url\":\"https:\/\/www.suno.com.br\/noticias\/\",\"name\":\"Suno Not\u00edcias\",\"description\":\"Seu portal de informa\u00e7\u00e3o sobre o mundo dos investimentos\",\"publisher\":{\"@id\":\"https:\/\/www.suno.com.br\/noticias\/#organization\"},\"potentialAction\":[{\"@type\":\"SearchAction\",\"target\":{\"@type\":\"EntryPoint\",\"urlTemplate\":\"https:\/\/www.suno.com.br\/noticias\/?s={search_term_string}\"},\"query-input\":{\"@type\":\"PropertyValueSpecification\",\"valueRequired\":true,\"valueName\":\"search_term_string\"}}],\"inLanguage\":\"pt-BR\"},{\"@type\":\"Organization\",\"@id\":\"https:\/\/www.suno.com.br\/noticias\/#organization\",\"name\":\"Suno Not\u00edcias\",\"url\":\"https:\/\/www.suno.com.br\/noticias\/\",\"logo\":{\"@type\":\"ImageObject\",\"inLanguage\":\"pt-BR\",\"@id\":\"https:\/\/www.suno.com.br\/noticias\/#\/schema\/logo\/image\/\",\"url\":\"https:\/\/files.sunoresearch.com.br\/n\/uploads\/2021\/09\/suno-logo.png\",\"contentUrl\":\"https:\/\/files.sunoresearch.com.br\/n\/uploads\/2021\/09\/suno-logo.png\",\"width\":180,\"height\":180,\"caption\":\"Suno Not\u00edcias\"},\"image\":{\"@id\":\"https:\/\/www.suno.com.br\/noticias\/#\/schema\/logo\/image\/\"},\"sameAs\":[\"https:\/\/facebook.com\/sunoresearch\",\"https:\/\/x.com\/sunoresearch\",\"https:\/\/www.instagram.com\/suno\",\"https:\/\/www.linkedin.com\/company\/suno-research\/\",\"https:\/\/www.youtube.com\/c\/sunoresearch\"]},{\"@type\":\"Person\",\"@id\":\"https:\/\/www.suno.com.br\/noticias\/#\/schema\/person\/02ec1f752758247878a2bf4abee1aeda\",\"name\":\"Poliana Santos\",\"image\":{\"@type\":\"ImageObject\",\"inLanguage\":\"pt-BR\",\"@id\":\"https:\/\/www.suno.com.br\/noticias\/#\/schema\/person\/image\/\",\"url\":\"https:\/\/secure.gravatar.com\/avatar\/0645bd32f23d87b2130f2b2dff1d3f8d?s=96&r=g\",\"contentUrl\":\"https:\/\/secure.gravatar.com\/avatar\/0645bd32f23d87b2130f2b2dff1d3f8d?s=96&r=g\",\"caption\":\"Poliana Santos\"},\"description\":\"Rep\u00f3rter no Suno Not\u00edcias, com cobertura em mercado financeiro, economia, finan\u00e7as pessoais, renda fixa e varejo. Jornalista formada pela Faculdade C\u00e1sper L\u00edbero e possui passagem na R\u00e1dio Gazeta AM com a produ\u00e7\u00e3o de conte\u00fado sobre economia, pol\u00edtica, sa\u00fade, moda e m\u00fasica. Possui certificado de conclus\u00e3o do curso de An\u00e1lise de Balan\u00e7os pela Funda\u00e7\u00e3o Bradesco, Agenda Brasil pela FAAP, Educa\u00e7\u00e3o Pol\u00edtica por Alexandre Garcia e do Tesouro Direto e Mercado de A\u00e7\u00f5es pela B3.\",\"url\":\"https:\/\/www.suno.com.br\/noticias\/author\/poliana-santos\/\"}]}<\/script>\n<!-- \/ Yoast SEO plugin. -->","yoast_head_json":{"title":"Ibovespa opera entre perdas e ganhos; Marfrig (MRFG3) em alta a 6,6%","description":"Por volta das 12h05, nesta segunda-feira (17), o Ibovespa operava em queda de 0,98%, a 100.357,95 pontos. Clique aqui e saiba mais","robots":{"index":"index","follow":"follow","max-snippet":"max-snippet:-1","max-image-preview":"max-image-preview:large","max-video-preview":"max-video-preview:-1"},"canonical":"https:\/\/www.suno.com.br\/noticias\/ibovespa-opera-entre-perdas-e-ganhos-marfrig-mrfg3-lidera-alta-com-66-17082020\/","og_locale":"pt_BR","og_type":"article","og_title":"Ibovespa opera entre perdas e ganhos; Marfrig (MRFG3) em alta a 6,6%","og_description":"Por volta das 12h05, nesta segunda-feira (17), o Ibovespa operava em queda de 0,98%, a 100.357,95 pontos. Clique aqui e saiba mais","og_url":"https:\/\/www.suno.com.br\/noticias\/ibovespa-opera-entre-perdas-e-ganhos-marfrig-mrfg3-lidera-alta-com-66-17082020\/","og_site_name":"Suno Not\u00edcias","article_publisher":"https:\/\/facebook.com\/sunoresearch","og_image":[{"width":1920,"height":1280,"url":"https:\/\/files.sunoresearch.com.br\/n\/uploads\/2018\/09\/960b312f-ibovespa-dolar.jpg","type":"image\/jpeg"}],"author":"Poliana Santos","twitter_card":"summary_large_image","twitter_creator":"@sunoresearch","twitter_site":"@sunoresearch","twitter_misc":{"Escrito por":"Poliana Santos","Est. tempo de leitura":"3 minutos"},"schema":{"@context":"https:\/\/schema.org","@graph":[{"@type":"NewsArticle","@id":"https:\/\/www.suno.com.br\/noticias\/ibovespa-opera-entre-perdas-e-ganhos-marfrig-mrfg3-lidera-alta-com-66-17082020\/#article","isPartOf":{"@id":"https:\/\/www.suno.com.br\/noticias\/ibovespa-opera-entre-perdas-e-ganhos-marfrig-mrfg3-lidera-alta-com-66-17082020\/"},"author":{"name":"Poliana Santos","@id":"https:\/\/www.suno.com.br\/noticias\/#\/schema\/person\/02ec1f752758247878a2bf4abee1aeda"},"headline":"Ibovespa opera entre perdas e ganhos; Marfrig (MRFG3) lidera alta com 6,6%","datePublished":"2020-08-17T15:13:13+00:00","dateModified":"2020-08-17T15:45:07+00:00","mainEntityOfPage":{"@id":"https:\/\/www.suno.com.br\/noticias\/ibovespa-opera-entre-perdas-e-ganhos-marfrig-mrfg3-lidera-alta-com-66-17082020\/"},"wordCount":591,"publisher":{"@id":"https:\/\/www.suno.com.br\/noticias\/#organization"},"image":{"@id":"https:\/\/www.suno.com.br\/noticias\/ibovespa-opera-entre-perdas-e-ganhos-marfrig-mrfg3-lidera-alta-com-66-17082020\/#primaryimage"},"thumbnailUrl":"https:\/\/files.sunoresearch.com.br\/n\/uploads\/2018\/09\/960b312f-ibovespa-dolar-jpg.webp","keywords":["Ibovespa","Marfrig (MRFG3)","Minerva (BEEF11\/BEEF3)","teto de gastos"],"articleSection":["Mercado"],"inLanguage":"pt-BR"},{"@type":"WebPage","@id":"https:\/\/www.suno.com.br\/noticias\/ibovespa-opera-entre-perdas-e-ganhos-marfrig-mrfg3-lidera-alta-com-66-17082020\/","url":"https:\/\/www.suno.com.br\/noticias\/ibovespa-opera-entre-perdas-e-ganhos-marfrig-mrfg3-lidera-alta-com-66-17082020\/","name":"Ibovespa opera entre perdas e ganhos; Marfrig (MRFG3) em alta a 6,6%","isPartOf":{"@id":"https:\/\/www.suno.com.br\/noticias\/#website"},"primaryImageOfPage":{"@id":"https:\/\/www.suno.com.br\/noticias\/ibovespa-opera-entre-perdas-e-ganhos-marfrig-mrfg3-lidera-alta-com-66-17082020\/#primaryimage"},"image":{"@id":"https:\/\/www.suno.com.br\/noticias\/ibovespa-opera-entre-perdas-e-ganhos-marfrig-mrfg3-lidera-alta-com-66-17082020\/#primaryimage"},"thumbnailUrl":"https:\/\/files.sunoresearch.com.br\/n\/uploads\/2018\/09\/960b312f-ibovespa-dolar-jpg.webp","datePublished":"2020-08-17T15:13:13+00:00","dateModified":"2020-08-17T15:45:07+00:00","description":"Por volta das 12h05, nesta segunda-feira (17), o Ibovespa operava em queda de 0,98%, a 100.357,95 pontos. Clique aqui e saiba mais","breadcrumb":{"@id":"https:\/\/www.suno.com.br\/noticias\/ibovespa-opera-entre-perdas-e-ganhos-marfrig-mrfg3-lidera-alta-com-66-17082020\/#breadcrumb"},"inLanguage":"pt-BR","potentialAction":[{"@type":"ReadAction","target":["https:\/\/www.suno.com.br\/noticias\/ibovespa-opera-entre-perdas-e-ganhos-marfrig-mrfg3-lidera-alta-com-66-17082020\/"]}]},{"@type":"ImageObject","inLanguage":"pt-BR","@id":"https:\/\/www.suno.com.br\/noticias\/ibovespa-opera-entre-perdas-e-ganhos-marfrig-mrfg3-lidera-alta-com-66-17082020\/#primaryimage","url":"https:\/\/files.sunoresearch.com.br\/n\/uploads\/2018\/09\/960b312f-ibovespa-dolar-jpg.webp","contentUrl":"https:\/\/files.sunoresearch.com.br\/n\/uploads\/2018\/09\/960b312f-ibovespa-dolar-jpg.webp","width":1920,"height":1280,"caption":"Na manh\u00e3 de hoje, por volta das 10h05, o Ibovespa apresentava leve queda de 0,02%, alcan\u00e7ando 101.334,55 pontos"},{"@type":"BreadcrumbList","@id":"https:\/\/www.suno.com.br\/noticias\/ibovespa-opera-entre-perdas-e-ganhos-marfrig-mrfg3-lidera-alta-com-66-17082020\/#breadcrumb","itemListElement":[{"@type":"ListItem","position":1,"name":"Not\u00edcias","item":"https:\/\/www.suno.com.br\/noticias\/"},{"@type":"ListItem","position":2,"name":"Mercado","item":"https:\/\/www.suno.com.br\/noticias\/mercado\/"},{"@type":"ListItem","position":3,"name":"Ibovespa opera entre perdas e ganhos; Marfrig (MRFG3) lidera alta com 6,6%"}]},{"@type":"WebSite","@id":"https:\/\/www.suno.com.br\/noticias\/#website","url":"https:\/\/www.suno.com.br\/noticias\/","name":"Suno Not\u00edcias","description":"Seu portal de informa\u00e7\u00e3o sobre o mundo dos investimentos","publisher":{"@id":"https:\/\/www.suno.com.br\/noticias\/#organization"},"potentialAction":[{"@type":"SearchAction","target":{"@type":"EntryPoint","urlTemplate":"https:\/\/www.suno.com.br\/noticias\/?s={search_term_string}"},"query-input":{"@type":"PropertyValueSpecification","valueRequired":true,"valueName":"search_term_string"}}],"inLanguage":"pt-BR"},{"@type":"Organization","@id":"https:\/\/www.suno.com.br\/noticias\/#organization","name":"Suno Not\u00edcias","url":"https:\/\/www.suno.com.br\/noticias\/","logo":{"@type":"ImageObject","inLanguage":"pt-BR","@id":"https:\/\/www.suno.com.br\/noticias\/#\/schema\/logo\/image\/","url":"https:\/\/files.sunoresearch.com.br\/n\/uploads\/2021\/09\/suno-logo.png","contentUrl":"https:\/\/files.sunoresearch.com.br\/n\/uploads\/2021\/09\/suno-logo.png","width":180,"height":180,"caption":"Suno Not\u00edcias"},"image":{"@id":"https:\/\/www.suno.com.br\/noticias\/#\/schema\/logo\/image\/"},"sameAs":["https:\/\/facebook.com\/sunoresearch","https:\/\/x.com\/sunoresearch","https:\/\/www.instagram.com\/suno","https:\/\/www.linkedin.com\/company\/suno-research\/","https:\/\/www.youtube.com\/c\/sunoresearch"]},{"@type":"Person","@id":"https:\/\/www.suno.com.br\/noticias\/#\/schema\/person\/02ec1f752758247878a2bf4abee1aeda","name":"Poliana Santos","image":{"@type":"ImageObject","inLanguage":"pt-BR","@id":"https:\/\/www.suno.com.br\/noticias\/#\/schema\/person\/image\/","url":"https:\/\/secure.gravatar.com\/avatar\/0645bd32f23d87b2130f2b2dff1d3f8d?s=96&r=g","contentUrl":"https:\/\/secure.gravatar.com\/avatar\/0645bd32f23d87b2130f2b2dff1d3f8d?s=96&r=g","caption":"Poliana Santos"},"description":"Rep\u00f3rter no Suno Not\u00edcias, com cobertura em mercado financeiro, economia, finan\u00e7as pessoais, renda fixa e varejo. Jornalista formada pela Faculdade C\u00e1sper L\u00edbero e possui passagem na R\u00e1dio Gazeta AM com a produ\u00e7\u00e3o de conte\u00fado sobre economia, pol\u00edtica, sa\u00fade, moda e m\u00fasica. Possui certificado de conclus\u00e3o do curso de An\u00e1lise de Balan\u00e7os pela Funda\u00e7\u00e3o Bradesco, Agenda Brasil pela FAAP, Educa\u00e7\u00e3o Pol\u00edtica por Alexandre Garcia e do Tesouro Direto e Mercado de A\u00e7\u00f5es pela B3.","url":"https:\/\/www.suno.com.br\/noticias\/author\/poliana-santos\/"}]}},"default_loop_html":"<div class=\"cardsPage__listCard__boxs\"><div class=\"cardsPage__listCard__boxs__img\"><a href=\"https:\/\/www.suno.com.br\/noticias\/ibovespa-opera-entre-perdas-e-ganhos-marfrig-mrfg3-lidera-alta-com-66-17082020\/\"><img class=\"mask\" src=\"https:\/\/www.suno.com.br\/noticias\/wp-content\/themes\/suno\/resources\/images\/spotlight\/spotlight1img\/bg-mask.png\" alt=\"Image Mask\"\/><img src=\"https:\/\/files.sunoresearch.com.br\/n\/uploads\/2018\/09\/960b312f-ibovespa-dolar-400x200.webp\" alt=\"Ibovespa opera entre perdas e ganhos; Marfrig (MRFG3) lidera alta com 6,6%\"\/><\/a><span class=\"spotlightCategory\"><a href=\"https:\/\/www.suno.com.br\/noticias\/mercado\/\">Mercado<\/a><\/span><\/div><div class=\"cardsPage__listCard__boxs__content\"><a href=\"https:\/\/www.suno.com.br\/noticias\/ibovespa-opera-entre-perdas-e-ganhos-marfrig-mrfg3-lidera-alta-com-66-17082020\/\"><h2 class=\"content__title\">Ibovespa opera entre perdas e ganhos; Marfrig (MRFG3) lidera alta com 6,6%<\/h2><\/a><div class=\"newsContent__article__meta\"><div class=\"newsContent__article__meta__authorBox\"><a href=\"https:\/\/www.suno.com.br\/noticias\/author\/poliana-santos\/\" class=\"authorBox__avatar noMobi\"><img src=\"https:\/\/files.sunoresearch.com.br\/n\/uploads\/2020\/08\/7ef34026-whatsapp-image-2020-08-03-at-12.37.57-150x150.webp\" alt=\"Poliana Santos\"><\/a><div class=\"authorBox__name\"><span>por\n\t\t\t<a href=\"https:\/\/www.suno.com.br\/noticias\/author\/poliana-santos\/\"><span itemprop=\"author\">Poliana Santos<\/span><\/a><\/span><time datetime=\"2020-08-17T12:13:13-03:00\" itemprop=\"datePublished\">17\/08\/2020 12:13<\/time><\/div><\/div><\/div><\/div><\/div>","single_layout":"posts","amp_enabled":true,"_links":{"self":[{"href":"https:\/\/www.suno.com.br\/noticias\/wp-json\/wp\/v2\/posts\/78734"}],"collection":[{"href":"https:\/\/www.suno.com.br\/noticias\/wp-json\/wp\/v2\/posts"}],"about":[{"href":"https:\/\/www.suno.com.br\/noticias\/wp-json\/wp\/v2\/types\/post"}],"author":[{"embeddable":true,"href":"https:\/\/www.suno.com.br\/noticias\/wp-json\/wp\/v2\/users\/15"}],"replies":[{"embeddable":true,"href":"https:\/\/www.suno.com.br\/noticias\/wp-json\/wp\/v2\/comments?post=78734"}],"version-history":[{"count":0,"href":"https:\/\/www.suno.com.br\/noticias\/wp-json\/wp\/v2\/posts\/78734\/revisions"}],"wp:featuredmedia":[{"embeddable":true,"href":"https:\/\/www.suno.com.br\/noticias\/wp-json\/wp\/v2\/media\/3506"}],"wp:attachment":[{"href":"https:\/\/www.suno.com.br\/noticias\/wp-json\/wp\/v2\/media?parent=78734"}],"wp:term":[{"taxonomy":"category","embeddable":true,"href":"https:\/\/www.suno.com.br\/noticias\/wp-json\/wp\/v2\/categories?post=78734"},{"taxonomy":"post_tag","embeddable":true,"href":"https:\/\/www.suno.com.br\/noticias\/wp-json\/wp\/v2\/tags?post=78734"},{"taxonomy":"suno_strategy","embeddable":true,"href":"https:\/\/www.suno.com.br\/noticias\/wp-json\/wp\/v2\/suno_strategy?post=78734"}],"curies":[{"name":"wp","href":"https:\/\/api.w.org\/{rel}","templated":true}]}}