{"id":78710,"date":"2020-08-17T11:48:54","date_gmt":"2020-08-17T14:48:54","guid":{"rendered":"https:\/\/www.suno.com.br\/noticias\/?p=78710"},"modified":"2021-05-11T20:30:51","modified_gmt":"2021-05-11T23:30:51","slug":"vamos-subsidiaria-jsl-maior-pedido-volkswagen","status":"publish","type":"post","link":"https:\/\/www.suno.com.br\/noticias\/vamos-subsidiaria-jsl-maior-pedido-volkswagen\/","title":{"rendered":"Vamos, subsidi\u00e1ria da JSL (JSLG3), faz o maior pedido da hist\u00f3ria da Volkswagen Caminh\u00f5es"},"content":{"rendered":"<p>A <strong>Vamos<\/strong> Loca\u00e7\u00e3o, subsidi\u00e1ria integral da <a href=\"https:\/\/www.suno.com.br\/acoes\/jslg3\/\"><strong>JSL<\/strong> (JSLG3)<\/a>, realizou o maior pedido da hist\u00f3ria da Volkswagen Caminh\u00f5es e \u00d4nibus (VWCO). O pedido de 1.350 caminh\u00f5es da montadora alem\u00e3 \u00e9 o maior j\u00e1 feito por um \u00fanico cliente, conforme reportou a revista &#8220;Exame&#8221;.<\/p>\t<div class=\"wrapper-featured-image\">\n\t\t<figure class=\"spotlightImg\">\n\n\t\t\t<picture>\n\t\t\t\t<source media=\"(max-width: 768px)\" srcset=\"https:\/\/files.sunoresearch.com.br\/n\/uploads\/2020\/08\/0d18e8a0-vamos-400x200.webp\">\n\t\t\t\t<img loading=\"lazy\" decoding=\"async\" class=\"newsContent__article__imgCapa lazyloadDisabled \" src=\"https:\/\/files.sunoresearch.com.br\/n\/uploads\/2020\/08\/0d18e8a0-vamos-800x450.webp\" width=\"800\" height=\"450\" alt=\"Vamos, subsidi\u00e1ria da JSL (JSLG3), faz o maior pedido da hist\u00f3ria da Volkswagen Caminh\u00f5es\" fetchpriority=high \/>\n\t\t\t<\/picture>\n\n\t\t\t<figcaption class=\"wp-caption-text wp-caption-text--show\">O contrato junto \u00e0 Vamos far\u00e1 com que a Volkswagen reative o segundo turno da f\u00e1brica de Resende, no Rio de Janeiro<\/figcaption>\n\t\t<\/figure>\n\t<\/div>\n\n\n<div class=\"hubspot-form-wrapper\">\n\t<div id=\"single-form-target\"><\/div>\n<\/div>\n\n<p>O neg\u00f3cio contempla 20 diferentes modelos de ve\u00edculos que ser\u00e3o entregues mensalmente at\u00e9 dezembro. O contrato junto \u00e0 Vamos far\u00e1 com que a <strong>Volkswagen<\/strong> reative o segundo turno da f\u00e1brica de Resende, no Rio de Janeiro, paralisado pela pandemia e em raz\u00e3o da menor demanda pelo setor.<\/p>\n<p>\u201cO Grupo Vamos, com a JSL, \u00e9 um parceiro de d\u00e9cadas e temos alegria de fechar mais esse neg\u00f3cio. Estamos em 30 pa\u00edses e \u00e9 uma raridade ver uma compra grande como essa, que fomenta mais o setor e estimula o aluguel de ve\u00edculos pesados\u201d, diz Roberto Cortes, presidente da VWOC, em entrevista \u00e0 &#8220;Exame&#8221;.<\/p>\n<p><a href=\"https:\/\/lp.suno.com.br\/suno-one\/\">No Suno One voc\u00ea aprende a fazer seu dinheiro trabalhar para voc\u00ea. Cadastre-se gratuitamente agora!<\/a><\/p>\n<p>Em meio \u00e0 crise gerada pela <strong>pandemia<\/strong> do <a href=\"https:\/\/www.suno.com.br\/noticias\/?s=coronav%C3%ADrus\">novo coronav\u00edrus (Covid-19)<\/a>, a Vamos se destaca como uma das op\u00e7\u00f5es para quem precisa trabalhar. \u201cAo aumentar a frota geramos ainda mais alternativa aos clientes que querem expandir os neg\u00f3cios ao mesmo tempo em que reduzem custos. A pandemia obriga as empresas a fazer uma gest\u00e3o ainda mais inteligente dos seus recursos\u201d, afirmou o presidente da subsidi\u00e1ria, Gustavo Couto, \u00e0 revista. No segundo trimestre deste ano, a Vamos apresentou um <a href=\"https:\/\/www.suno.com.br\/artigos\/lucro-liquido\/\"><strong>lucro l\u00edquido<\/strong><\/a> recorde de R$ 39,3 milh\u00f5es.<\/p>\n<p>Um dos objetivos da Vamos \u00e9 demonstrar ao mercado as vantagens de possuir uma frota de <strong>caminh\u00f5es<\/strong> nova. Enquanto os ve\u00edculos da companhia t\u00eam um tempo de uso m\u00e9dio de 2,5 anos, os 2 milh\u00f5es de caminh\u00f5es em atividade no Brasil t\u00eam em m\u00e9dia 20 anos.<\/p>\n<p>\u201cO caminh\u00e3o novo permite melhor gest\u00e3o, manuten\u00e7\u00e3o, menos parada e \u00e9 mais sustent\u00e1vel. Se toda a frota brasileira fosse substitu\u00edda, a redu\u00e7\u00e3o das emiss\u00f5es de particulados por esses ve\u00edculos seria de 95%\u201d, disse Couto. Cerca de 85% dos contratos do Grupo s\u00e3o fechados para o aluguel dos caminh\u00f5es por cinco anos.<\/p>\n<h2>Vamos procura abrir capital<\/h2>\n<p>A Vamos Loca\u00e7\u00e3o j\u00e1 instaurou o processo para a <a href=\"https:\/\/www.suno.com.br\/artigos\/vale-pena-investir-em-um-ipo\/\">oferta p\u00fablica inicial de a\u00e7\u00f5es (IPO<\/a>, na sigla em ingl\u00eas) na <a href=\"https:\/\/www.suno.com.br\/artigos\/b3\/\">Bolsa de Valores de S\u00e3o Paulo (B3)<\/a> e, por duas vezes, desistiu do processo.<\/p>\n\t<div data-element=\"shortcode-read-more\" class=\"knowMore\">\n\t\t\t\t<span class=\"knowMore__title\">Veja tamb\u00e9m<\/span>\n\t\t\t\t<a class=\"knowMore__link\" href=\"https:\/\/www.suno.com.br\/noticias\/jsl-jslg3-lucro-liquido-2t20\/\">\n\t\t\tJSL (JSLG3) lucra R$ 156,6 milh\u00f5es no 2T20, alta de 120%\t\t<\/a>\n\t<\/div>\n\n\n<p>A primeira vez foi em abril do ano passado. Os bancos coordenadores afirmaram que n\u00e3o haviam investidores interessados em chegar ao pre\u00e7o que a empresa pedia pelas a\u00e7\u00f5es, pontuando como &#8220;condi\u00e7\u00f5es n\u00e3o favor\u00e1veis de mercado&#8221;. J\u00e1 em mar\u00e7o deste ano, <a href=\"https:\/\/www.suno.com.br\/noticias\/vamos-locacao-subsidiaria-da-jsl-adia-ipo-de-r-153-bilhao\/\">a companhia alegou que n\u00e3o houve interessados na oferta<\/a>. O plano inicial era vender 36,6 milh\u00f5es de a\u00e7\u00f5es ordin\u00e1rias e mais 19,4 milh\u00f5es secund\u00e1rias, sem contar o lote adicional e suplementar, fazendo com que oferta pudesse atingir R$ 1,53 bilh\u00e3o.<\/p>\n<p>A JSL havia apresentado o pedido de registro das a\u00e7\u00f5es de sua subsidi\u00e1ria \u00e0 <a href=\"https:\/\/www.suno.com.br\/artigos\/cvm\/\">Comiss\u00e3o de Valores Mobili\u00e1rios (CVM)<\/a> em 31 de janeiro, e o IPO ocorreria em 25 de mar\u00e7o. A <strong>Vamos<\/strong> seria registrada no mais alto n\u00edvel de governan\u00e7a corporativa, o <a href=\"https:\/\/www.suno.com.br\/artigos\/novo-mercado\/\">Novo Mercado<\/a>.<\/p>\n\t<p>\n\t\t<a href=\"https:\/\/lp.suno.com.br\/planilha-de-controle-de-investimentos\/\" target=\"_blank\" data-element=\"shortcode-suno-banner\" title=\"Banner SUNO, clique e saiba mais\">\n\t\t\t<picture>\n\t\t\t\t<source media=\"(max-width: 500px)\" srcset=\"https:\/\/files.sunoresearch.com.br\/n\/uploads\/2023\/03\/400x300-Controle-de-Investimentos.png\">\n\t\t\t\t<img class=\"newsContent__article__imgCapa newsContent__article__imgCapa--banner\"\n\t\t\t\t\tsrc=\"https:\/\/files.sunoresearch.com.br\/n\/uploads\/2023\/03\/1420x240-Controle-de-Investimentos.png\"\n\t\t\t\t\tdata-promo-id=\"75934\"\t\t\t\t\t\t\t\t\t\twidth='1420' height='240'\t\t\t\t\talt=\"https:\/\/files.sunoresearch.com.br\/n\/uploads\/2023\/03\/1420x240-Controle-de-Investimentos.png\"\n\t\t\t\t>\n\t\t\t<\/picture>\n\t\t<\/a>\n\t<\/p>\n\n\n","protected":false},"excerpt":{"rendered":"<p>A Vamos Loca\u00e7\u00e3o, subsidi\u00e1ria integral da JSL (JSLG3), realizou o maior pedido da hist\u00f3ria da Volkswagen Caminh\u00f5es e \u00d4nibus (VWCO). O pedido de 1.350 caminh\u00f5es da montadora alem\u00e3 \u00e9 o maior j\u00e1 feito por um \u00fanico cliente, conforme reportou a revista &#8220;Exame&#8221;. O contrato junto \u00e0 Vamos far\u00e1 com que a Volkswagen reative o segundo [&hellip;]<\/p>\n","protected":false},"author":24,"featured_media":78712,"comment_status":"closed","ping_status":"closed","sticky":false,"template":"","format":"standard","meta":[],"categories":[64],"tags":[526,105973,854],"suno_strategy":[],"class_list":["post-78710","post","type-post","status-publish","format-standard","has-post-thumbnail","hentry","category-negocios","tag-jsl-jslg11-jslg3","tag-vamos-vamo3","tag-volkswagen"],"yoast_head":"<!-- This site is optimized with the Yoast SEO plugin v24.4 - https:\/\/yoast.com\/wordpress\/plugins\/seo\/ -->\n<title>Vamos, subsidi\u00e1ria da JSL, faz o maior pedido da hist\u00f3ria da Volkswagen<\/title>\n<meta name=\"description\" content=\"A Vamos Loca\u00e7\u00e3o, subsidi\u00e1ria integral da JSL (JSLG3), realizou o maior pedido da hist\u00f3ria da Volkswagen Caminh\u00f5es e \u00d4nibus. Saiba mais.\" \/>\n<meta name=\"robots\" content=\"index, follow, max-snippet:-1, max-image-preview:large, max-video-preview:-1\" \/>\n<link rel=\"canonical\" href=\"https:\/\/www.suno.com.br\/noticias\/vamos-subsidiaria-jsl-maior-pedido-volkswagen\/\" \/>\n<meta property=\"og:locale\" content=\"pt_BR\" \/>\n<meta property=\"og:type\" content=\"article\" \/>\n<meta property=\"og:title\" content=\"Vamos, subsidi\u00e1ria da JSL, faz o maior pedido da hist\u00f3ria da Volkswagen\" \/>\n<meta property=\"og:description\" content=\"A Vamos Loca\u00e7\u00e3o, subsidi\u00e1ria integral da JSL (JSLG3), realizou o maior pedido da hist\u00f3ria da Volkswagen Caminh\u00f5es e \u00d4nibus. Saiba mais.\" \/>\n<meta property=\"og:url\" content=\"https:\/\/www.suno.com.br\/noticias\/vamos-subsidiaria-jsl-maior-pedido-volkswagen\/\" \/>\n<meta property=\"og:site_name\" content=\"Suno Not\u00edcias\" \/>\n<meta property=\"article:publisher\" content=\"https:\/\/facebook.com\/sunoresearch\" \/>\n<meta property=\"og:image\" content=\"https:\/\/files.sunoresearch.com.br\/n\/uploads\/2020\/08\/0d18e8a0-vamos.jpg\" \/>\n\t<meta property=\"og:image:width\" content=\"1920\" \/>\n\t<meta property=\"og:image:height\" content=\"660\" \/>\n\t<meta property=\"og:image:type\" content=\"image\/jpeg\" \/>\n<meta name=\"author\" content=\"Jader Lazarini\" \/>\n<meta name=\"twitter:card\" content=\"summary_large_image\" \/>\n<meta name=\"twitter:creator\" content=\"@sunoresearch\" \/>\n<meta name=\"twitter:site\" content=\"@sunoresearch\" \/>\n<meta name=\"twitter:label1\" content=\"Escrito por\" \/>\n\t<meta name=\"twitter:data1\" content=\"Jader Lazarini\" \/>\n\t<meta name=\"twitter:label2\" content=\"Est. tempo de leitura\" \/>\n\t<meta name=\"twitter:data2\" content=\"3 minutos\" \/>\n<script type=\"application\/ld+json\" class=\"yoast-schema-graph\">{\"@context\":\"https:\/\/schema.org\",\"@graph\":[{\"@type\":\"NewsArticle\",\"@id\":\"https:\/\/www.suno.com.br\/noticias\/vamos-subsidiaria-jsl-maior-pedido-volkswagen\/#article\",\"isPartOf\":{\"@id\":\"https:\/\/www.suno.com.br\/noticias\/vamos-subsidiaria-jsl-maior-pedido-volkswagen\/\"},\"author\":{\"name\":\"Jader Lazarini\",\"@id\":\"https:\/\/www.suno.com.br\/noticias\/#\/schema\/person\/918d79de1f0281f01599b93f9ea6e23f\"},\"headline\":\"Vamos, subsidi\u00e1ria da JSL (JSLG3), faz o maior pedido da hist\u00f3ria da Volkswagen Caminh\u00f5es\",\"datePublished\":\"2020-08-17T14:48:54+00:00\",\"dateModified\":\"2021-05-11T23:30:51+00:00\",\"mainEntityOfPage\":{\"@id\":\"https:\/\/www.suno.com.br\/noticias\/vamos-subsidiaria-jsl-maior-pedido-volkswagen\/\"},\"wordCount\":586,\"publisher\":{\"@id\":\"https:\/\/www.suno.com.br\/noticias\/#organization\"},\"image\":{\"@id\":\"https:\/\/www.suno.com.br\/noticias\/vamos-subsidiaria-jsl-maior-pedido-volkswagen\/#primaryimage\"},\"thumbnailUrl\":\"https:\/\/files.sunoresearch.com.br\/n\/uploads\/2020\/08\/0d18e8a0-vamos.jpg\",\"keywords\":[\"JSL (JSL11\/JSLG3)\",\"Vamos (VAMO3)\",\"Volkswagen\"],\"articleSection\":[\"Neg\u00f3cios\"],\"inLanguage\":\"pt-BR\"},{\"@type\":\"WebPage\",\"@id\":\"https:\/\/www.suno.com.br\/noticias\/vamos-subsidiaria-jsl-maior-pedido-volkswagen\/\",\"url\":\"https:\/\/www.suno.com.br\/noticias\/vamos-subsidiaria-jsl-maior-pedido-volkswagen\/\",\"name\":\"Vamos, subsidi\u00e1ria da JSL, faz o maior pedido da hist\u00f3ria da Volkswagen\",\"isPartOf\":{\"@id\":\"https:\/\/www.suno.com.br\/noticias\/#website\"},\"primaryImageOfPage\":{\"@id\":\"https:\/\/www.suno.com.br\/noticias\/vamos-subsidiaria-jsl-maior-pedido-volkswagen\/#primaryimage\"},\"image\":{\"@id\":\"https:\/\/www.suno.com.br\/noticias\/vamos-subsidiaria-jsl-maior-pedido-volkswagen\/#primaryimage\"},\"thumbnailUrl\":\"https:\/\/files.sunoresearch.com.br\/n\/uploads\/2020\/08\/0d18e8a0-vamos.jpg\",\"datePublished\":\"2020-08-17T14:48:54+00:00\",\"dateModified\":\"2021-05-11T23:30:51+00:00\",\"description\":\"A Vamos Loca\u00e7\u00e3o, subsidi\u00e1ria integral da JSL (JSLG3), realizou o maior pedido da hist\u00f3ria da Volkswagen Caminh\u00f5es e \u00d4nibus. Saiba mais.\",\"breadcrumb\":{\"@id\":\"https:\/\/www.suno.com.br\/noticias\/vamos-subsidiaria-jsl-maior-pedido-volkswagen\/#breadcrumb\"},\"inLanguage\":\"pt-BR\",\"potentialAction\":[{\"@type\":\"ReadAction\",\"target\":[\"https:\/\/www.suno.com.br\/noticias\/vamos-subsidiaria-jsl-maior-pedido-volkswagen\/\"]}]},{\"@type\":\"ImageObject\",\"inLanguage\":\"pt-BR\",\"@id\":\"https:\/\/www.suno.com.br\/noticias\/vamos-subsidiaria-jsl-maior-pedido-volkswagen\/#primaryimage\",\"url\":\"https:\/\/files.sunoresearch.com.br\/n\/uploads\/2020\/08\/0d18e8a0-vamos.jpg\",\"contentUrl\":\"https:\/\/files.sunoresearch.com.br\/n\/uploads\/2020\/08\/0d18e8a0-vamos.jpg\",\"width\":1920,\"height\":660,\"caption\":\"O contrato junto \u00e0 Vamos far\u00e1 com que a Volkswagen reative o segundo turno da f\u00e1brica de Resende, no Rio de Janeiro\"},{\"@type\":\"BreadcrumbList\",\"@id\":\"https:\/\/www.suno.com.br\/noticias\/vamos-subsidiaria-jsl-maior-pedido-volkswagen\/#breadcrumb\",\"itemListElement\":[{\"@type\":\"ListItem\",\"position\":1,\"name\":\"Not\u00edcias\",\"item\":\"https:\/\/www.suno.com.br\/noticias\/\"},{\"@type\":\"ListItem\",\"position\":2,\"name\":\"Neg\u00f3cios\",\"item\":\"https:\/\/www.suno.com.br\/noticias\/negocios\/\"},{\"@type\":\"ListItem\",\"position\":3,\"name\":\"Vamos, subsidi\u00e1ria da JSL (JSLG3), faz o maior pedido da hist\u00f3ria da Volkswagen Caminh\u00f5es\"}]},{\"@type\":\"WebSite\",\"@id\":\"https:\/\/www.suno.com.br\/noticias\/#website\",\"url\":\"https:\/\/www.suno.com.br\/noticias\/\",\"name\":\"Suno Not\u00edcias\",\"description\":\"Seu portal de informa\u00e7\u00e3o sobre o mundo dos investimentos\",\"publisher\":{\"@id\":\"https:\/\/www.suno.com.br\/noticias\/#organization\"},\"potentialAction\":[{\"@type\":\"SearchAction\",\"target\":{\"@type\":\"EntryPoint\",\"urlTemplate\":\"https:\/\/www.suno.com.br\/noticias\/?s={search_term_string}\"},\"query-input\":{\"@type\":\"PropertyValueSpecification\",\"valueRequired\":true,\"valueName\":\"search_term_string\"}}],\"inLanguage\":\"pt-BR\"},{\"@type\":\"Organization\",\"@id\":\"https:\/\/www.suno.com.br\/noticias\/#organization\",\"name\":\"Suno Not\u00edcias\",\"url\":\"https:\/\/www.suno.com.br\/noticias\/\",\"logo\":{\"@type\":\"ImageObject\",\"inLanguage\":\"pt-BR\",\"@id\":\"https:\/\/www.suno.com.br\/noticias\/#\/schema\/logo\/image\/\",\"url\":\"https:\/\/files.sunoresearch.com.br\/n\/uploads\/2021\/09\/suno-logo.png\",\"contentUrl\":\"https:\/\/files.sunoresearch.com.br\/n\/uploads\/2021\/09\/suno-logo.png\",\"width\":180,\"height\":180,\"caption\":\"Suno Not\u00edcias\"},\"image\":{\"@id\":\"https:\/\/www.suno.com.br\/noticias\/#\/schema\/logo\/image\/\"},\"sameAs\":[\"https:\/\/facebook.com\/sunoresearch\",\"https:\/\/x.com\/sunoresearch\",\"https:\/\/www.instagram.com\/suno\",\"https:\/\/www.linkedin.com\/company\/suno-research\/\",\"https:\/\/www.youtube.com\/c\/sunoresearch\"]},{\"@type\":\"Person\",\"@id\":\"https:\/\/www.suno.com.br\/noticias\/#\/schema\/person\/918d79de1f0281f01599b93f9ea6e23f\",\"name\":\"Jader Lazarini\",\"image\":{\"@type\":\"ImageObject\",\"inLanguage\":\"pt-BR\",\"@id\":\"https:\/\/www.suno.com.br\/noticias\/#\/schema\/person\/image\/\",\"url\":\"https:\/\/secure.gravatar.com\/avatar\/3c1ad8caa51589841baeb923fcddea97?s=96&r=g\",\"contentUrl\":\"https:\/\/secure.gravatar.com\/avatar\/3c1ad8caa51589841baeb923fcddea97?s=96&r=g\",\"caption\":\"Jader Lazarini\"},\"description\":\"Jader Lazarini escreve sobre investimentos, finan\u00e7as, economia e neg\u00f3cios. \u00c9 bacharel em Rela\u00e7\u00f5es Internacionais e analista CNPI (2619).\",\"url\":\"https:\/\/www.suno.com.br\/noticias\/author\/jader-lazarini\/\"}]}<\/script>\n<!-- \/ Yoast SEO plugin. -->","yoast_head_json":{"title":"Vamos, subsidi\u00e1ria da JSL, faz o maior pedido da hist\u00f3ria da Volkswagen","description":"A Vamos Loca\u00e7\u00e3o, subsidi\u00e1ria integral da JSL (JSLG3), realizou o maior pedido da hist\u00f3ria da Volkswagen Caminh\u00f5es e \u00d4nibus. Saiba mais.","robots":{"index":"index","follow":"follow","max-snippet":"max-snippet:-1","max-image-preview":"max-image-preview:large","max-video-preview":"max-video-preview:-1"},"canonical":"https:\/\/www.suno.com.br\/noticias\/vamos-subsidiaria-jsl-maior-pedido-volkswagen\/","og_locale":"pt_BR","og_type":"article","og_title":"Vamos, subsidi\u00e1ria da JSL, faz o maior pedido da hist\u00f3ria da Volkswagen","og_description":"A Vamos Loca\u00e7\u00e3o, subsidi\u00e1ria integral da JSL (JSLG3), realizou o maior pedido da hist\u00f3ria da Volkswagen Caminh\u00f5es e \u00d4nibus. Saiba mais.","og_url":"https:\/\/www.suno.com.br\/noticias\/vamos-subsidiaria-jsl-maior-pedido-volkswagen\/","og_site_name":"Suno Not\u00edcias","article_publisher":"https:\/\/facebook.com\/sunoresearch","og_image":[{"width":1920,"height":660,"url":"https:\/\/files.sunoresearch.com.br\/n\/uploads\/2020\/08\/0d18e8a0-vamos.jpg","type":"image\/jpeg"}],"author":"Jader Lazarini","twitter_card":"summary_large_image","twitter_creator":"@sunoresearch","twitter_site":"@sunoresearch","twitter_misc":{"Escrito por":"Jader Lazarini","Est. tempo de leitura":"3 minutos"},"schema":{"@context":"https:\/\/schema.org","@graph":[{"@type":"NewsArticle","@id":"https:\/\/www.suno.com.br\/noticias\/vamos-subsidiaria-jsl-maior-pedido-volkswagen\/#article","isPartOf":{"@id":"https:\/\/www.suno.com.br\/noticias\/vamos-subsidiaria-jsl-maior-pedido-volkswagen\/"},"author":{"name":"Jader Lazarini","@id":"https:\/\/www.suno.com.br\/noticias\/#\/schema\/person\/918d79de1f0281f01599b93f9ea6e23f"},"headline":"Vamos, subsidi\u00e1ria da JSL (JSLG3), faz o maior pedido da hist\u00f3ria da Volkswagen Caminh\u00f5es","datePublished":"2020-08-17T14:48:54+00:00","dateModified":"2021-05-11T23:30:51+00:00","mainEntityOfPage":{"@id":"https:\/\/www.suno.com.br\/noticias\/vamos-subsidiaria-jsl-maior-pedido-volkswagen\/"},"wordCount":586,"publisher":{"@id":"https:\/\/www.suno.com.br\/noticias\/#organization"},"image":{"@id":"https:\/\/www.suno.com.br\/noticias\/vamos-subsidiaria-jsl-maior-pedido-volkswagen\/#primaryimage"},"thumbnailUrl":"https:\/\/files.sunoresearch.com.br\/n\/uploads\/2020\/08\/0d18e8a0-vamos.jpg","keywords":["JSL (JSL11\/JSLG3)","Vamos (VAMO3)","Volkswagen"],"articleSection":["Neg\u00f3cios"],"inLanguage":"pt-BR"},{"@type":"WebPage","@id":"https:\/\/www.suno.com.br\/noticias\/vamos-subsidiaria-jsl-maior-pedido-volkswagen\/","url":"https:\/\/www.suno.com.br\/noticias\/vamos-subsidiaria-jsl-maior-pedido-volkswagen\/","name":"Vamos, subsidi\u00e1ria da JSL, faz o maior pedido da hist\u00f3ria da Volkswagen","isPartOf":{"@id":"https:\/\/www.suno.com.br\/noticias\/#website"},"primaryImageOfPage":{"@id":"https:\/\/www.suno.com.br\/noticias\/vamos-subsidiaria-jsl-maior-pedido-volkswagen\/#primaryimage"},"image":{"@id":"https:\/\/www.suno.com.br\/noticias\/vamos-subsidiaria-jsl-maior-pedido-volkswagen\/#primaryimage"},"thumbnailUrl":"https:\/\/files.sunoresearch.com.br\/n\/uploads\/2020\/08\/0d18e8a0-vamos.jpg","datePublished":"2020-08-17T14:48:54+00:00","dateModified":"2021-05-11T23:30:51+00:00","description":"A Vamos Loca\u00e7\u00e3o, subsidi\u00e1ria integral da JSL (JSLG3), realizou o maior pedido da hist\u00f3ria da Volkswagen Caminh\u00f5es e \u00d4nibus. Saiba mais.","breadcrumb":{"@id":"https:\/\/www.suno.com.br\/noticias\/vamos-subsidiaria-jsl-maior-pedido-volkswagen\/#breadcrumb"},"inLanguage":"pt-BR","potentialAction":[{"@type":"ReadAction","target":["https:\/\/www.suno.com.br\/noticias\/vamos-subsidiaria-jsl-maior-pedido-volkswagen\/"]}]},{"@type":"ImageObject","inLanguage":"pt-BR","@id":"https:\/\/www.suno.com.br\/noticias\/vamos-subsidiaria-jsl-maior-pedido-volkswagen\/#primaryimage","url":"https:\/\/files.sunoresearch.com.br\/n\/uploads\/2020\/08\/0d18e8a0-vamos.jpg","contentUrl":"https:\/\/files.sunoresearch.com.br\/n\/uploads\/2020\/08\/0d18e8a0-vamos.jpg","width":1920,"height":660,"caption":"O contrato junto \u00e0 Vamos far\u00e1 com que a Volkswagen reative o segundo turno da f\u00e1brica de Resende, no Rio de Janeiro"},{"@type":"BreadcrumbList","@id":"https:\/\/www.suno.com.br\/noticias\/vamos-subsidiaria-jsl-maior-pedido-volkswagen\/#breadcrumb","itemListElement":[{"@type":"ListItem","position":1,"name":"Not\u00edcias","item":"https:\/\/www.suno.com.br\/noticias\/"},{"@type":"ListItem","position":2,"name":"Neg\u00f3cios","item":"https:\/\/www.suno.com.br\/noticias\/negocios\/"},{"@type":"ListItem","position":3,"name":"Vamos, subsidi\u00e1ria da JSL (JSLG3), faz o maior pedido da hist\u00f3ria da Volkswagen Caminh\u00f5es"}]},{"@type":"WebSite","@id":"https:\/\/www.suno.com.br\/noticias\/#website","url":"https:\/\/www.suno.com.br\/noticias\/","name":"Suno Not\u00edcias","description":"Seu portal de informa\u00e7\u00e3o sobre o mundo dos investimentos","publisher":{"@id":"https:\/\/www.suno.com.br\/noticias\/#organization"},"potentialAction":[{"@type":"SearchAction","target":{"@type":"EntryPoint","urlTemplate":"https:\/\/www.suno.com.br\/noticias\/?s={search_term_string}"},"query-input":{"@type":"PropertyValueSpecification","valueRequired":true,"valueName":"search_term_string"}}],"inLanguage":"pt-BR"},{"@type":"Organization","@id":"https:\/\/www.suno.com.br\/noticias\/#organization","name":"Suno Not\u00edcias","url":"https:\/\/www.suno.com.br\/noticias\/","logo":{"@type":"ImageObject","inLanguage":"pt-BR","@id":"https:\/\/www.suno.com.br\/noticias\/#\/schema\/logo\/image\/","url":"https:\/\/files.sunoresearch.com.br\/n\/uploads\/2021\/09\/suno-logo.png","contentUrl":"https:\/\/files.sunoresearch.com.br\/n\/uploads\/2021\/09\/suno-logo.png","width":180,"height":180,"caption":"Suno Not\u00edcias"},"image":{"@id":"https:\/\/www.suno.com.br\/noticias\/#\/schema\/logo\/image\/"},"sameAs":["https:\/\/facebook.com\/sunoresearch","https:\/\/x.com\/sunoresearch","https:\/\/www.instagram.com\/suno","https:\/\/www.linkedin.com\/company\/suno-research\/","https:\/\/www.youtube.com\/c\/sunoresearch"]},{"@type":"Person","@id":"https:\/\/www.suno.com.br\/noticias\/#\/schema\/person\/918d79de1f0281f01599b93f9ea6e23f","name":"Jader Lazarini","image":{"@type":"ImageObject","inLanguage":"pt-BR","@id":"https:\/\/www.suno.com.br\/noticias\/#\/schema\/person\/image\/","url":"https:\/\/secure.gravatar.com\/avatar\/3c1ad8caa51589841baeb923fcddea97?s=96&r=g","contentUrl":"https:\/\/secure.gravatar.com\/avatar\/3c1ad8caa51589841baeb923fcddea97?s=96&r=g","caption":"Jader Lazarini"},"description":"Jader Lazarini escreve sobre investimentos, finan\u00e7as, economia e neg\u00f3cios. \u00c9 bacharel em Rela\u00e7\u00f5es Internacionais e analista CNPI (2619).","url":"https:\/\/www.suno.com.br\/noticias\/author\/jader-lazarini\/"}]}},"default_loop_html":"<div class=\"cardsPage__listCard__boxs\"><div class=\"cardsPage__listCard__boxs__img\"><a href=\"https:\/\/www.suno.com.br\/noticias\/vamos-subsidiaria-jsl-maior-pedido-volkswagen\/\"><img class=\"mask\" src=\"https:\/\/www.suno.com.br\/noticias\/wp-content\/themes\/suno\/resources\/images\/spotlight\/spotlight1img\/bg-mask.png\" alt=\"Image Mask\"\/><img src=\"https:\/\/files.sunoresearch.com.br\/n\/uploads\/2020\/08\/0d18e8a0-vamos-400x200.webp\" alt=\"Vamos, subsidi\u00e1ria da JSL (JSLG3), faz o maior pedido da hist\u00f3ria da Volkswagen Caminh\u00f5es\"\/><\/a><span class=\"spotlightCategory\"><a href=\"https:\/\/www.suno.com.br\/noticias\/negocios\/\">Neg\u00f3cios<\/a><\/span><\/div><div class=\"cardsPage__listCard__boxs__content\"><a href=\"https:\/\/www.suno.com.br\/noticias\/vamos-subsidiaria-jsl-maior-pedido-volkswagen\/\"><h2 class=\"content__title\">Vamos, subsidi\u00e1ria da JSL (JSLG3), faz o maior pedido da hist\u00f3ria da Volkswagen Caminh\u00f5es<\/h2><\/a><div class=\"newsContent__article__meta\"><div class=\"newsContent__article__meta__authorBox\"><a href=\"https:\/\/www.suno.com.br\/noticias\/author\/jader-lazarini\/\" class=\"authorBox__avatar noMobi\"><img src=\"https:\/\/files.sunoresearch.com.br\/n\/uploads\/2021\/01\/178e6598-foto-perfil-2-150x150.jpg\" alt=\"Jader Lazarini\"><\/a><div class=\"authorBox__name\"><span>por\n\t\t\t<a href=\"https:\/\/www.suno.com.br\/noticias\/author\/jader-lazarini\/\"><span itemprop=\"author\">Jader Lazarini<\/span><\/a><\/span><time datetime=\"2020-08-17T11:48:54-03:00\" itemprop=\"datePublished\">17\/08\/2020 11:48<\/time><\/div><\/div><\/div><\/div><\/div>","single_layout":"posts","amp_enabled":true,"_links":{"self":[{"href":"https:\/\/www.suno.com.br\/noticias\/wp-json\/wp\/v2\/posts\/78710"}],"collection":[{"href":"https:\/\/www.suno.com.br\/noticias\/wp-json\/wp\/v2\/posts"}],"about":[{"href":"https:\/\/www.suno.com.br\/noticias\/wp-json\/wp\/v2\/types\/post"}],"author":[{"embeddable":true,"href":"https:\/\/www.suno.com.br\/noticias\/wp-json\/wp\/v2\/users\/24"}],"replies":[{"embeddable":true,"href":"https:\/\/www.suno.com.br\/noticias\/wp-json\/wp\/v2\/comments?post=78710"}],"version-history":[{"count":1,"href":"https:\/\/www.suno.com.br\/noticias\/wp-json\/wp\/v2\/posts\/78710\/revisions"}],"predecessor-version":[{"id":147207,"href":"https:\/\/www.suno.com.br\/noticias\/wp-json\/wp\/v2\/posts\/78710\/revisions\/147207"}],"wp:featuredmedia":[{"embeddable":true,"href":"https:\/\/www.suno.com.br\/noticias\/wp-json\/wp\/v2\/media\/78712"}],"wp:attachment":[{"href":"https:\/\/www.suno.com.br\/noticias\/wp-json\/wp\/v2\/media?parent=78710"}],"wp:term":[{"taxonomy":"category","embeddable":true,"href":"https:\/\/www.suno.com.br\/noticias\/wp-json\/wp\/v2\/categories?post=78710"},{"taxonomy":"post_tag","embeddable":true,"href":"https:\/\/www.suno.com.br\/noticias\/wp-json\/wp\/v2\/tags?post=78710"},{"taxonomy":"suno_strategy","embeddable":true,"href":"https:\/\/www.suno.com.br\/noticias\/wp-json\/wp\/v2\/suno_strategy?post=78710"}],"curies":[{"name":"wp","href":"https:\/\/api.w.org\/{rel}","templated":true}]}}