{"id":78706,"date":"2020-08-17T11:18:42","date_gmt":"2020-08-17T14:18:42","guid":{"rendered":"https:\/\/www.suno.com.br\/noticias\/?p=78706"},"modified":"2020-08-17T11:34:53","modified_gmt":"2020-08-17T14:34:53","slug":"vendas-no-varejo-caem-199-em-julho-aponta-icva-17082020","status":"publish","type":"post","link":"https:\/\/www.suno.com.br\/noticias\/vendas-no-varejo-caem-199-em-julho-aponta-icva-17082020\/","title":{"rendered":"Vendas no varejo caem 19,9% em julho, aponta pesquisa da Cielo"},"content":{"rendered":"<p>As <strong>vendas no varejo<\/strong> ca\u00edram 19,9% em julho, descontada a infla\u00e7\u00e3o, em compara\u00e7\u00e3o com o mesmo per\u00edodo no ano passado, conforme foi divulgado nesta segunda-feira (17), pelo \u00cdndice Cielo Varejo Ampliado (ICVA). O estudo \u00e9 feito a partir de dados dos servi\u00e7os da empresa de maquininhas de cart\u00e3o.<\/p>\t<div class=\"wrapper-featured-image\">\n\t\t<figure class=\"spotlightImg\">\n\n\t\t\t<picture>\n\t\t\t\t<source media=\"(max-width: 768px)\" srcset=\"https:\/\/files.sunoresearch.com.br\/n\/uploads\/2019\/01\/034ed080-comercio-varejo-400x200.webp\">\n\t\t\t\t<img loading=\"lazy\" decoding=\"async\" class=\"newsContent__article__imgCapa lazyloadDisabled \" src=\"https:\/\/files.sunoresearch.com.br\/n\/uploads\/2019\/01\/034ed080-comercio-varejo-jpg.webp\" width=\"800\" height=\"450\" alt=\"Vendas no varejo caem 19,9% em julho, aponta pesquisa da Cielo\" fetchpriority=high \/>\n\t\t\t<\/picture>\n\n\t\t\t<figcaption class=\"wp-caption-text wp-caption-text--show\">Apesar da queda nas vendas no varejo, esse foi o terceiro m\u00eas consecutivo de recupera\u00e7\u00e3o.<\/figcaption>\n\t\t<\/figure>\n\t<\/div>\n\n\n<div class=\"hubspot-form-wrapper\">\n\t<div id=\"single-form-target\"><\/div>\n<\/div>\n\n<p>Apesar da queda nas vendas no varejo, esse foi o terceiro m\u00eas consecutivo de recupera\u00e7\u00e3o. O destaque positivo foi a acelera\u00e7\u00e3o de setores como transporte e vestu\u00e1rio. Por sua vez, o setor de m\u00f3veis e eletrodom\u00e9sticos apresentou leve desacelera\u00e7\u00e3o, depois de dois meses em recupera\u00e7\u00e3o.<\/p>\n<p>O \u00cdndice de Pre\u00e7os ao Consumidor Amplo (IPCA) apresentou alta de 0,36% no m\u00eas passado. &#8220;\u00c9 o maior valor do \u00edndice para julho nos \u00faltimos quatro anos&#8221;. No acumulado dos \u00faltimos 12 meses,a infla\u00e7\u00e3o foi 2,31%. Ao ponderar o IPCA pelos setores e pesos do ICVA, a infla\u00e7\u00e3o no varejo ampliado foi de 1,6% em julho.<\/p>\n<p><a href=\"https:\/\/lp.suno.com.br\/suno-one\/\">No Suno One voc\u00ea aprende a fazer seu dinheiro trabalhar para voc\u00ea. Cadastre-se gratuitamente agora!<\/a><\/p>\n<p>Descontada a infla\u00e7\u00e3o, o bloco que apresentou a maior acelera\u00e7\u00e3o do \u00edndice foi o de Servi\u00e7os, seguido pelo de Bens Dur\u00e1veis e Semidur\u00e1veis. No primeiro bloco, o destaque foi o segmento de Turismo e Transporte. No segundo, os setores de Vestu\u00e1rio e Materiais para Constru\u00e7\u00e3o.<\/p>\n<p>J\u00e1 o setor de Bens N\u00e3o Dur\u00e1veis, depois de recuar em junho, voltou a ter uma leve acelera\u00e7\u00e3o em julho, principalmente nos setores de Drogarias e Farm\u00e1cias, e Supermercados e Hipermercados.<\/p>\n<p>Todas as regi\u00f5es registraram queda nas vendas em rela\u00e7\u00e3o a julho de 2019. Confira as retra\u00e7\u00f5es das regi\u00f5es, segundo o ICVA deflacionado:<\/p>\n<ul>\n<li>Sudeste: -22,9%<\/li>\n<li>Nordeste: -21,5%<\/li>\n<li>Sul: -19,5%<\/li>\n<li>Centro-Oeste: -15,18%<\/li>\n<li>Norte: -4,9%<\/li>\n<\/ul>\n<p>J\u00e1 o ICVA nominal &#8212; que n\u00e3o considera o desconto da infla\u00e7\u00e3o &#8212; as regi\u00f5es apresentaram as seguintes defla\u00e7\u00f5es:<\/p>\n<ul>\n<li>Sudeste: -22,4%<\/li>\n<li>Nordeste: -19%<\/li>\n<li>Sul: -17,3%<\/li>\n<li>Centro-Oeste: -14,1%<\/li>\n<li>Norte: -0,7%<\/li>\n<\/ul>\n<p>\u201cMesmo sendo dif\u00edcil prever a evolu\u00e7\u00e3o da pandemia, os n\u00fameros sugerem que, em termos de impacto no com\u00e9rcio, o pior da crise j\u00e1 passou. Notamos, como destaque, alguma recupera\u00e7\u00e3o em setores de servi\u00e7os, como Alimenta\u00e7\u00e3o em Bares e Restaurante e tamb\u00e9m Turismo e Transportes, ainda que continuem apresentando uma queda bem maior que a m\u00e9dia dos demais setores, j\u00e1 que foram mais afetados pelo isolamento social\u201d, afirmou o superintendente-executivo de Intelig\u00eancia da Cielo, Gabriel Mariotto.<\/p>\n<h2>Vendas no varejo cresceram 8% em junho, diz IBGE<\/h2>\n<p>O com\u00e9rcio varejista registrou uma alta no volume de vendas em junho frente ao m\u00eas de maio. O avan\u00e7o nas <strong>vendas no varejo<\/strong> foi de 8% <a href=\"https:\/\/www.suno.com.br\/noticias\/vendas-no-varejo-maio-ibge\/\">em rela\u00e7\u00e3o ao m\u00eas anterior<\/a>, na s\u00e9rie com ajuste sazonal. Na s\u00e9rie sem ajuste sazonal, em rela\u00e7\u00e3o a junho do ano passado, o com\u00e9rcio varejista cresceu 0,5%. Os dados foram divulgados na \u00faltima quarta-feira (12) pelo Instituto Brasileiro de Geografia e Estat\u00edstica (IBGE).<\/p>\n\t<div data-element=\"shortcode-read-more\" class=\"knowMore\">\n\t\t\t\t<span class=\"knowMore__title\">Saiba Mais<\/span>\n\t\t\t\t<a class=\"knowMore__link\" href=\"https:\/\/www.suno.com.br\/noticias\/vendas-no-varejo-junho-ibge\/\">\n\t\t\tVendas no varejo cresceram 8% em junho, diz IBGE\t\t<\/a>\n\t<\/div>\n\n\n<p>No acumulado dos \u00faltimos 12 meses, o crescimento do varejo foi de 0,1%. O volume de vendas no com\u00e9rcio varejista ampliado, que inclui ve\u00edculos, motos, partes e pe\u00e7as e de material de constru\u00e7\u00e3o, teve alta de 12,6% em rela\u00e7\u00e3o a maio, enquanto a m\u00e9dia m\u00f3vel do trimestre foi 3,9%. O com\u00e9rcio varejista ampliado, entretanto, apresentou um novo recuo, de 0,9%, a quarta taxa negativa, em rela\u00e7\u00e3o a junho de 2019.<\/p>\n<p>O m\u00eas de junho foi o segundo consecutivo em que os resultados foram menos impactados pelas medidas de isolamento social em decorr\u00eancia da pandemia de Covid-19. Em rela\u00e7\u00e3o aos relatos de justificativa da varia\u00e7\u00e3o de receita das empresas, na amostra coletada pelo IBGE, 32,9% das companhias citaram o coronav\u00edrus como principal causa de modifica\u00e7\u00e3o no valor das <strong>vendas no varejo<\/strong>.<\/p>\n\t<p>\n\t\t<a href=\"https:\/\/lp.suno.com.br\/planilha-de-controle-de-investimentos\/\" target=\"_blank\" data-element=\"shortcode-suno-banner\" title=\"Banner SUNO, clique e saiba mais\">\n\t\t\t<picture>\n\t\t\t\t<source media=\"(max-width: 500px)\" srcset=\"https:\/\/files.sunoresearch.com.br\/n\/uploads\/2023\/03\/400x300-Controle-de-Investimentos.png\">\n\t\t\t\t<img class=\"newsContent__article__imgCapa newsContent__article__imgCapa--banner\"\n\t\t\t\t\tsrc=\"https:\/\/files.sunoresearch.com.br\/n\/uploads\/2023\/03\/1420x240-Controle-de-Investimentos.png\"\n\t\t\t\t\tdata-promo-id=\"75934\"\t\t\t\t\t\t\t\t\t\twidth='1420' height='240'\t\t\t\t\talt=\"https:\/\/files.sunoresearch.com.br\/n\/uploads\/2023\/03\/1420x240-Controle-de-Investimentos.png\"\n\t\t\t\t>\n\t\t\t<\/picture>\n\t\t<\/a>\n\t<\/p>\n\n\n","protected":false},"excerpt":{"rendered":"<p>As vendas no varejo ca\u00edram 19,9% em julho, descontada a infla\u00e7\u00e3o, em compara\u00e7\u00e3o com o mesmo per\u00edodo no ano passado, conforme foi divulgado nesta segunda-feira (17), pelo \u00cdndice Cielo Varejo Ampliado (ICVA). O estudo \u00e9 feito a partir de dados dos servi\u00e7os da empresa de maquininhas de cart\u00e3o. Apesar da queda nas vendas no varejo, [&hellip;]<\/p>\n","protected":false},"author":15,"featured_media":11675,"comment_status":"closed","ping_status":"closed","sticky":false,"template":"","format":"standard","meta":[],"categories":[62],"tags":[821,2003,850,966,803],"suno_strategy":[],"class_list":["post-78706","post","type-post","status-publish","format-standard","has-post-thumbnail","hentry","category-economia","tag-ibge","tag-indice-cielo-varejo-ampliado-icva","tag-inflacao","tag-ipca","tag-varejo"],"yoast_head":"<!-- This site is optimized with the Yoast SEO plugin v24.4 - https:\/\/yoast.com\/wordpress\/plugins\/seo\/ -->\n<title>Vendas no varejo caem 19,9% em julho, aponta pesquisa da Cielo<\/title>\n<meta name=\"description\" content=\"As vendas no varejo ca\u00edram 19,9% em julho, descontada a infla\u00e7\u00e3o, em compara\u00e7\u00e3o com o mesmo per\u00edodo no ano passado. Clique aqui e saiba mais\" \/>\n<meta name=\"robots\" content=\"index, follow, max-snippet:-1, max-image-preview:large, max-video-preview:-1\" \/>\n<link rel=\"canonical\" href=\"https:\/\/www.suno.com.br\/noticias\/vendas-no-varejo-caem-199-em-julho-aponta-icva-17082020\/\" \/>\n<meta property=\"og:locale\" content=\"pt_BR\" \/>\n<meta property=\"og:type\" content=\"article\" \/>\n<meta property=\"og:title\" content=\"Vendas no varejo caem 19,9% em julho, aponta pesquisa da Cielo\" \/>\n<meta property=\"og:description\" content=\"As vendas no varejo ca\u00edram 19,9% em julho, descontada a infla\u00e7\u00e3o, em compara\u00e7\u00e3o com o mesmo per\u00edodo no ano passado. Clique aqui e saiba mais\" \/>\n<meta property=\"og:url\" content=\"https:\/\/www.suno.com.br\/noticias\/vendas-no-varejo-caem-199-em-julho-aponta-icva-17082020\/\" \/>\n<meta property=\"og:site_name\" content=\"Suno Not\u00edcias\" \/>\n<meta property=\"article:publisher\" content=\"https:\/\/facebook.com\/sunoresearch\" \/>\n<meta property=\"og:image\" content=\"https:\/\/files.sunoresearch.com.br\/n\/uploads\/2019\/01\/034ed080-comercio-varejo.jpg\" \/>\n\t<meta property=\"og:image:width\" content=\"770\" \/>\n\t<meta property=\"og:image:height\" content=\"410\" \/>\n\t<meta property=\"og:image:type\" content=\"image\/jpeg\" \/>\n<meta name=\"author\" content=\"Poliana Santos\" \/>\n<meta name=\"twitter:card\" content=\"summary_large_image\" \/>\n<meta name=\"twitter:creator\" content=\"@sunoresearch\" \/>\n<meta name=\"twitter:site\" content=\"@sunoresearch\" \/>\n<meta name=\"twitter:label1\" content=\"Escrito por\" \/>\n\t<meta name=\"twitter:data1\" content=\"Poliana Santos\" \/>\n\t<meta name=\"twitter:label2\" content=\"Est. tempo de leitura\" \/>\n\t<meta name=\"twitter:data2\" content=\"3 minutos\" \/>\n<script type=\"application\/ld+json\" class=\"yoast-schema-graph\">{\"@context\":\"https:\/\/schema.org\",\"@graph\":[{\"@type\":\"NewsArticle\",\"@id\":\"https:\/\/www.suno.com.br\/noticias\/vendas-no-varejo-caem-199-em-julho-aponta-icva-17082020\/#article\",\"isPartOf\":{\"@id\":\"https:\/\/www.suno.com.br\/noticias\/vendas-no-varejo-caem-199-em-julho-aponta-icva-17082020\/\"},\"author\":{\"name\":\"Poliana Santos\",\"@id\":\"https:\/\/www.suno.com.br\/noticias\/#\/schema\/person\/02ec1f752758247878a2bf4abee1aeda\"},\"headline\":\"Vendas no varejo caem 19,9% em julho, aponta pesquisa da Cielo\",\"datePublished\":\"2020-08-17T14:18:42+00:00\",\"dateModified\":\"2020-08-17T14:34:53+00:00\",\"mainEntityOfPage\":{\"@id\":\"https:\/\/www.suno.com.br\/noticias\/vendas-no-varejo-caem-199-em-julho-aponta-icva-17082020\/\"},\"wordCount\":670,\"publisher\":{\"@id\":\"https:\/\/www.suno.com.br\/noticias\/#organization\"},\"image\":{\"@id\":\"https:\/\/www.suno.com.br\/noticias\/vendas-no-varejo-caem-199-em-julho-aponta-icva-17082020\/#primaryimage\"},\"thumbnailUrl\":\"https:\/\/files.sunoresearch.com.br\/n\/uploads\/2019\/01\/034ed080-comercio-varejo-jpg.webp\",\"keywords\":[\"IBGE\",\"\u00cdndice Cielo do Varejo Ampliado (ICVA)\",\"infla\u00e7\u00e3o\",\"IPCA\",\"varejo\"],\"articleSection\":[\"Economia\"],\"inLanguage\":\"pt-BR\"},{\"@type\":\"WebPage\",\"@id\":\"https:\/\/www.suno.com.br\/noticias\/vendas-no-varejo-caem-199-em-julho-aponta-icva-17082020\/\",\"url\":\"https:\/\/www.suno.com.br\/noticias\/vendas-no-varejo-caem-199-em-julho-aponta-icva-17082020\/\",\"name\":\"Vendas no varejo caem 19,9% em julho, aponta pesquisa da Cielo\",\"isPartOf\":{\"@id\":\"https:\/\/www.suno.com.br\/noticias\/#website\"},\"primaryImageOfPage\":{\"@id\":\"https:\/\/www.suno.com.br\/noticias\/vendas-no-varejo-caem-199-em-julho-aponta-icva-17082020\/#primaryimage\"},\"image\":{\"@id\":\"https:\/\/www.suno.com.br\/noticias\/vendas-no-varejo-caem-199-em-julho-aponta-icva-17082020\/#primaryimage\"},\"thumbnailUrl\":\"https:\/\/files.sunoresearch.com.br\/n\/uploads\/2019\/01\/034ed080-comercio-varejo-jpg.webp\",\"datePublished\":\"2020-08-17T14:18:42+00:00\",\"dateModified\":\"2020-08-17T14:34:53+00:00\",\"description\":\"As vendas no varejo ca\u00edram 19,9% em julho, descontada a infla\u00e7\u00e3o, em compara\u00e7\u00e3o com o mesmo per\u00edodo no ano passado. Clique aqui e saiba mais\",\"breadcrumb\":{\"@id\":\"https:\/\/www.suno.com.br\/noticias\/vendas-no-varejo-caem-199-em-julho-aponta-icva-17082020\/#breadcrumb\"},\"inLanguage\":\"pt-BR\",\"potentialAction\":[{\"@type\":\"ReadAction\",\"target\":[\"https:\/\/www.suno.com.br\/noticias\/vendas-no-varejo-caem-199-em-julho-aponta-icva-17082020\/\"]}]},{\"@type\":\"ImageObject\",\"inLanguage\":\"pt-BR\",\"@id\":\"https:\/\/www.suno.com.br\/noticias\/vendas-no-varejo-caem-199-em-julho-aponta-icva-17082020\/#primaryimage\",\"url\":\"https:\/\/files.sunoresearch.com.br\/n\/uploads\/2019\/01\/034ed080-comercio-varejo-jpg.webp\",\"contentUrl\":\"https:\/\/files.sunoresearch.com.br\/n\/uploads\/2019\/01\/034ed080-comercio-varejo-jpg.webp\",\"width\":770,\"height\":410,\"caption\":\"Apesar da queda nas vendas no varejo, esse foi o terceiro m\u00eas consecutivo de recupera\u00e7\u00e3o.\"},{\"@type\":\"BreadcrumbList\",\"@id\":\"https:\/\/www.suno.com.br\/noticias\/vendas-no-varejo-caem-199-em-julho-aponta-icva-17082020\/#breadcrumb\",\"itemListElement\":[{\"@type\":\"ListItem\",\"position\":1,\"name\":\"Not\u00edcias\",\"item\":\"https:\/\/www.suno.com.br\/noticias\/\"},{\"@type\":\"ListItem\",\"position\":2,\"name\":\"Economia\",\"item\":\"https:\/\/www.suno.com.br\/noticias\/economia\/\"},{\"@type\":\"ListItem\",\"position\":3,\"name\":\"Vendas no varejo caem 19,9% em julho, aponta pesquisa da Cielo\"}]},{\"@type\":\"WebSite\",\"@id\":\"https:\/\/www.suno.com.br\/noticias\/#website\",\"url\":\"https:\/\/www.suno.com.br\/noticias\/\",\"name\":\"Suno Not\u00edcias\",\"description\":\"Seu portal de informa\u00e7\u00e3o sobre o mundo dos investimentos\",\"publisher\":{\"@id\":\"https:\/\/www.suno.com.br\/noticias\/#organization\"},\"potentialAction\":[{\"@type\":\"SearchAction\",\"target\":{\"@type\":\"EntryPoint\",\"urlTemplate\":\"https:\/\/www.suno.com.br\/noticias\/?s={search_term_string}\"},\"query-input\":{\"@type\":\"PropertyValueSpecification\",\"valueRequired\":true,\"valueName\":\"search_term_string\"}}],\"inLanguage\":\"pt-BR\"},{\"@type\":\"Organization\",\"@id\":\"https:\/\/www.suno.com.br\/noticias\/#organization\",\"name\":\"Suno Not\u00edcias\",\"url\":\"https:\/\/www.suno.com.br\/noticias\/\",\"logo\":{\"@type\":\"ImageObject\",\"inLanguage\":\"pt-BR\",\"@id\":\"https:\/\/www.suno.com.br\/noticias\/#\/schema\/logo\/image\/\",\"url\":\"https:\/\/files.sunoresearch.com.br\/n\/uploads\/2021\/09\/suno-logo.png\",\"contentUrl\":\"https:\/\/files.sunoresearch.com.br\/n\/uploads\/2021\/09\/suno-logo.png\",\"width\":180,\"height\":180,\"caption\":\"Suno Not\u00edcias\"},\"image\":{\"@id\":\"https:\/\/www.suno.com.br\/noticias\/#\/schema\/logo\/image\/\"},\"sameAs\":[\"https:\/\/facebook.com\/sunoresearch\",\"https:\/\/x.com\/sunoresearch\",\"https:\/\/www.instagram.com\/suno\",\"https:\/\/www.linkedin.com\/company\/suno-research\/\",\"https:\/\/www.youtube.com\/c\/sunoresearch\"]},{\"@type\":\"Person\",\"@id\":\"https:\/\/www.suno.com.br\/noticias\/#\/schema\/person\/02ec1f752758247878a2bf4abee1aeda\",\"name\":\"Poliana Santos\",\"image\":{\"@type\":\"ImageObject\",\"inLanguage\":\"pt-BR\",\"@id\":\"https:\/\/www.suno.com.br\/noticias\/#\/schema\/person\/image\/\",\"url\":\"https:\/\/secure.gravatar.com\/avatar\/0645bd32f23d87b2130f2b2dff1d3f8d?s=96&r=g\",\"contentUrl\":\"https:\/\/secure.gravatar.com\/avatar\/0645bd32f23d87b2130f2b2dff1d3f8d?s=96&r=g\",\"caption\":\"Poliana Santos\"},\"description\":\"Rep\u00f3rter no Suno Not\u00edcias, com cobertura em mercado financeiro, economia, finan\u00e7as pessoais, renda fixa e varejo. Jornalista formada pela Faculdade C\u00e1sper L\u00edbero e possui passagem na R\u00e1dio Gazeta AM com a produ\u00e7\u00e3o de conte\u00fado sobre economia, pol\u00edtica, sa\u00fade, moda e m\u00fasica. Possui certificado de conclus\u00e3o do curso de An\u00e1lise de Balan\u00e7os pela Funda\u00e7\u00e3o Bradesco, Agenda Brasil pela FAAP, Educa\u00e7\u00e3o Pol\u00edtica por Alexandre Garcia e do Tesouro Direto e Mercado de A\u00e7\u00f5es pela B3.\",\"url\":\"https:\/\/www.suno.com.br\/noticias\/author\/poliana-santos\/\"}]}<\/script>\n<!-- \/ Yoast SEO plugin. -->","yoast_head_json":{"title":"Vendas no varejo caem 19,9% em julho, aponta pesquisa da Cielo","description":"As vendas no varejo ca\u00edram 19,9% em julho, descontada a infla\u00e7\u00e3o, em compara\u00e7\u00e3o com o mesmo per\u00edodo no ano passado. Clique aqui e saiba mais","robots":{"index":"index","follow":"follow","max-snippet":"max-snippet:-1","max-image-preview":"max-image-preview:large","max-video-preview":"max-video-preview:-1"},"canonical":"https:\/\/www.suno.com.br\/noticias\/vendas-no-varejo-caem-199-em-julho-aponta-icva-17082020\/","og_locale":"pt_BR","og_type":"article","og_title":"Vendas no varejo caem 19,9% em julho, aponta pesquisa da Cielo","og_description":"As vendas no varejo ca\u00edram 19,9% em julho, descontada a infla\u00e7\u00e3o, em compara\u00e7\u00e3o com o mesmo per\u00edodo no ano passado. Clique aqui e saiba mais","og_url":"https:\/\/www.suno.com.br\/noticias\/vendas-no-varejo-caem-199-em-julho-aponta-icva-17082020\/","og_site_name":"Suno Not\u00edcias","article_publisher":"https:\/\/facebook.com\/sunoresearch","og_image":[{"width":770,"height":410,"url":"https:\/\/files.sunoresearch.com.br\/n\/uploads\/2019\/01\/034ed080-comercio-varejo.jpg","type":"image\/jpeg"}],"author":"Poliana Santos","twitter_card":"summary_large_image","twitter_creator":"@sunoresearch","twitter_site":"@sunoresearch","twitter_misc":{"Escrito por":"Poliana Santos","Est. tempo de leitura":"3 minutos"},"schema":{"@context":"https:\/\/schema.org","@graph":[{"@type":"NewsArticle","@id":"https:\/\/www.suno.com.br\/noticias\/vendas-no-varejo-caem-199-em-julho-aponta-icva-17082020\/#article","isPartOf":{"@id":"https:\/\/www.suno.com.br\/noticias\/vendas-no-varejo-caem-199-em-julho-aponta-icva-17082020\/"},"author":{"name":"Poliana Santos","@id":"https:\/\/www.suno.com.br\/noticias\/#\/schema\/person\/02ec1f752758247878a2bf4abee1aeda"},"headline":"Vendas no varejo caem 19,9% em julho, aponta pesquisa da Cielo","datePublished":"2020-08-17T14:18:42+00:00","dateModified":"2020-08-17T14:34:53+00:00","mainEntityOfPage":{"@id":"https:\/\/www.suno.com.br\/noticias\/vendas-no-varejo-caem-199-em-julho-aponta-icva-17082020\/"},"wordCount":670,"publisher":{"@id":"https:\/\/www.suno.com.br\/noticias\/#organization"},"image":{"@id":"https:\/\/www.suno.com.br\/noticias\/vendas-no-varejo-caem-199-em-julho-aponta-icva-17082020\/#primaryimage"},"thumbnailUrl":"https:\/\/files.sunoresearch.com.br\/n\/uploads\/2019\/01\/034ed080-comercio-varejo-jpg.webp","keywords":["IBGE","\u00cdndice Cielo do Varejo Ampliado (ICVA)","infla\u00e7\u00e3o","IPCA","varejo"],"articleSection":["Economia"],"inLanguage":"pt-BR"},{"@type":"WebPage","@id":"https:\/\/www.suno.com.br\/noticias\/vendas-no-varejo-caem-199-em-julho-aponta-icva-17082020\/","url":"https:\/\/www.suno.com.br\/noticias\/vendas-no-varejo-caem-199-em-julho-aponta-icva-17082020\/","name":"Vendas no varejo caem 19,9% em julho, aponta pesquisa da Cielo","isPartOf":{"@id":"https:\/\/www.suno.com.br\/noticias\/#website"},"primaryImageOfPage":{"@id":"https:\/\/www.suno.com.br\/noticias\/vendas-no-varejo-caem-199-em-julho-aponta-icva-17082020\/#primaryimage"},"image":{"@id":"https:\/\/www.suno.com.br\/noticias\/vendas-no-varejo-caem-199-em-julho-aponta-icva-17082020\/#primaryimage"},"thumbnailUrl":"https:\/\/files.sunoresearch.com.br\/n\/uploads\/2019\/01\/034ed080-comercio-varejo-jpg.webp","datePublished":"2020-08-17T14:18:42+00:00","dateModified":"2020-08-17T14:34:53+00:00","description":"As vendas no varejo ca\u00edram 19,9% em julho, descontada a infla\u00e7\u00e3o, em compara\u00e7\u00e3o com o mesmo per\u00edodo no ano passado. Clique aqui e saiba mais","breadcrumb":{"@id":"https:\/\/www.suno.com.br\/noticias\/vendas-no-varejo-caem-199-em-julho-aponta-icva-17082020\/#breadcrumb"},"inLanguage":"pt-BR","potentialAction":[{"@type":"ReadAction","target":["https:\/\/www.suno.com.br\/noticias\/vendas-no-varejo-caem-199-em-julho-aponta-icva-17082020\/"]}]},{"@type":"ImageObject","inLanguage":"pt-BR","@id":"https:\/\/www.suno.com.br\/noticias\/vendas-no-varejo-caem-199-em-julho-aponta-icva-17082020\/#primaryimage","url":"https:\/\/files.sunoresearch.com.br\/n\/uploads\/2019\/01\/034ed080-comercio-varejo-jpg.webp","contentUrl":"https:\/\/files.sunoresearch.com.br\/n\/uploads\/2019\/01\/034ed080-comercio-varejo-jpg.webp","width":770,"height":410,"caption":"Apesar da queda nas vendas no varejo, esse foi o terceiro m\u00eas consecutivo de recupera\u00e7\u00e3o."},{"@type":"BreadcrumbList","@id":"https:\/\/www.suno.com.br\/noticias\/vendas-no-varejo-caem-199-em-julho-aponta-icva-17082020\/#breadcrumb","itemListElement":[{"@type":"ListItem","position":1,"name":"Not\u00edcias","item":"https:\/\/www.suno.com.br\/noticias\/"},{"@type":"ListItem","position":2,"name":"Economia","item":"https:\/\/www.suno.com.br\/noticias\/economia\/"},{"@type":"ListItem","position":3,"name":"Vendas no varejo caem 19,9% em julho, aponta pesquisa da Cielo"}]},{"@type":"WebSite","@id":"https:\/\/www.suno.com.br\/noticias\/#website","url":"https:\/\/www.suno.com.br\/noticias\/","name":"Suno Not\u00edcias","description":"Seu portal de informa\u00e7\u00e3o sobre o mundo dos investimentos","publisher":{"@id":"https:\/\/www.suno.com.br\/noticias\/#organization"},"potentialAction":[{"@type":"SearchAction","target":{"@type":"EntryPoint","urlTemplate":"https:\/\/www.suno.com.br\/noticias\/?s={search_term_string}"},"query-input":{"@type":"PropertyValueSpecification","valueRequired":true,"valueName":"search_term_string"}}],"inLanguage":"pt-BR"},{"@type":"Organization","@id":"https:\/\/www.suno.com.br\/noticias\/#organization","name":"Suno Not\u00edcias","url":"https:\/\/www.suno.com.br\/noticias\/","logo":{"@type":"ImageObject","inLanguage":"pt-BR","@id":"https:\/\/www.suno.com.br\/noticias\/#\/schema\/logo\/image\/","url":"https:\/\/files.sunoresearch.com.br\/n\/uploads\/2021\/09\/suno-logo.png","contentUrl":"https:\/\/files.sunoresearch.com.br\/n\/uploads\/2021\/09\/suno-logo.png","width":180,"height":180,"caption":"Suno Not\u00edcias"},"image":{"@id":"https:\/\/www.suno.com.br\/noticias\/#\/schema\/logo\/image\/"},"sameAs":["https:\/\/facebook.com\/sunoresearch","https:\/\/x.com\/sunoresearch","https:\/\/www.instagram.com\/suno","https:\/\/www.linkedin.com\/company\/suno-research\/","https:\/\/www.youtube.com\/c\/sunoresearch"]},{"@type":"Person","@id":"https:\/\/www.suno.com.br\/noticias\/#\/schema\/person\/02ec1f752758247878a2bf4abee1aeda","name":"Poliana Santos","image":{"@type":"ImageObject","inLanguage":"pt-BR","@id":"https:\/\/www.suno.com.br\/noticias\/#\/schema\/person\/image\/","url":"https:\/\/secure.gravatar.com\/avatar\/0645bd32f23d87b2130f2b2dff1d3f8d?s=96&r=g","contentUrl":"https:\/\/secure.gravatar.com\/avatar\/0645bd32f23d87b2130f2b2dff1d3f8d?s=96&r=g","caption":"Poliana Santos"},"description":"Rep\u00f3rter no Suno Not\u00edcias, com cobertura em mercado financeiro, economia, finan\u00e7as pessoais, renda fixa e varejo. Jornalista formada pela Faculdade C\u00e1sper L\u00edbero e possui passagem na R\u00e1dio Gazeta AM com a produ\u00e7\u00e3o de conte\u00fado sobre economia, pol\u00edtica, sa\u00fade, moda e m\u00fasica. Possui certificado de conclus\u00e3o do curso de An\u00e1lise de Balan\u00e7os pela Funda\u00e7\u00e3o Bradesco, Agenda Brasil pela FAAP, Educa\u00e7\u00e3o Pol\u00edtica por Alexandre Garcia e do Tesouro Direto e Mercado de A\u00e7\u00f5es pela B3.","url":"https:\/\/www.suno.com.br\/noticias\/author\/poliana-santos\/"}]}},"default_loop_html":"<div class=\"cardsPage__listCard__boxs\"><div class=\"cardsPage__listCard__boxs__img\"><a href=\"https:\/\/www.suno.com.br\/noticias\/vendas-no-varejo-caem-199-em-julho-aponta-icva-17082020\/\"><img class=\"mask\" src=\"https:\/\/www.suno.com.br\/noticias\/wp-content\/themes\/suno\/resources\/images\/spotlight\/spotlight1img\/bg-mask.png\" alt=\"Image Mask\"\/><img src=\"https:\/\/files.sunoresearch.com.br\/n\/uploads\/2019\/01\/034ed080-comercio-varejo-400x200.webp\" alt=\"Vendas no varejo caem 19,9% em julho, aponta pesquisa da Cielo\"\/><\/a><span class=\"spotlightCategory\"><a href=\"https:\/\/www.suno.com.br\/noticias\/economia\/\">Economia<\/a><\/span><\/div><div class=\"cardsPage__listCard__boxs__content\"><a href=\"https:\/\/www.suno.com.br\/noticias\/vendas-no-varejo-caem-199-em-julho-aponta-icva-17082020\/\"><h2 class=\"content__title\">Vendas no varejo caem 19,9% em julho, aponta pesquisa da Cielo<\/h2><\/a><div class=\"newsContent__article__meta\"><div class=\"newsContent__article__meta__authorBox\"><a href=\"https:\/\/www.suno.com.br\/noticias\/author\/poliana-santos\/\" class=\"authorBox__avatar noMobi\"><img src=\"https:\/\/files.sunoresearch.com.br\/n\/uploads\/2020\/08\/7ef34026-whatsapp-image-2020-08-03-at-12.37.57-150x150.webp\" alt=\"Poliana Santos\"><\/a><div class=\"authorBox__name\"><span>por\n\t\t\t<a href=\"https:\/\/www.suno.com.br\/noticias\/author\/poliana-santos\/\"><span itemprop=\"author\">Poliana Santos<\/span><\/a><\/span><time datetime=\"2020-08-17T11:18:42-03:00\" itemprop=\"datePublished\">17\/08\/2020 11:18<\/time><\/div><\/div><\/div><\/div><\/div>","single_layout":"posts","amp_enabled":true,"_links":{"self":[{"href":"https:\/\/www.suno.com.br\/noticias\/wp-json\/wp\/v2\/posts\/78706"}],"collection":[{"href":"https:\/\/www.suno.com.br\/noticias\/wp-json\/wp\/v2\/posts"}],"about":[{"href":"https:\/\/www.suno.com.br\/noticias\/wp-json\/wp\/v2\/types\/post"}],"author":[{"embeddable":true,"href":"https:\/\/www.suno.com.br\/noticias\/wp-json\/wp\/v2\/users\/15"}],"replies":[{"embeddable":true,"href":"https:\/\/www.suno.com.br\/noticias\/wp-json\/wp\/v2\/comments?post=78706"}],"version-history":[{"count":0,"href":"https:\/\/www.suno.com.br\/noticias\/wp-json\/wp\/v2\/posts\/78706\/revisions"}],"wp:featuredmedia":[{"embeddable":true,"href":"https:\/\/www.suno.com.br\/noticias\/wp-json\/wp\/v2\/media\/11675"}],"wp:attachment":[{"href":"https:\/\/www.suno.com.br\/noticias\/wp-json\/wp\/v2\/media?parent=78706"}],"wp:term":[{"taxonomy":"category","embeddable":true,"href":"https:\/\/www.suno.com.br\/noticias\/wp-json\/wp\/v2\/categories?post=78706"},{"taxonomy":"post_tag","embeddable":true,"href":"https:\/\/www.suno.com.br\/noticias\/wp-json\/wp\/v2\/tags?post=78706"},{"taxonomy":"suno_strategy","embeddable":true,"href":"https:\/\/www.suno.com.br\/noticias\/wp-json\/wp\/v2\/suno_strategy?post=78706"}],"curies":[{"name":"wp","href":"https:\/\/api.w.org\/{rel}","templated":true}]}}