{"id":78694,"date":"2020-08-17T10:44:25","date_gmt":"2020-08-17T13:44:25","guid":{"rendered":"https:\/\/www.suno.com.br\/noticias\/?p=78694"},"modified":"2021-06-11T14:38:56","modified_gmt":"2021-06-11T17:38:56","slug":"oi-oibr3-pode-perder-capacidade-investimento","status":"publish","type":"post","link":"https:\/\/www.suno.com.br\/noticias\/oi-oibr3-pode-perder-capacidade-investimento\/","title":{"rendered":"Oi (OIBR3): tele pode se tornar insustent\u00e1vel &#8220;se nada mudar&#8221;, diz CEO"},"content":{"rendered":"<p>Segundo o CEO da <a href=\"https:\/\/www.suno.com.br\/acoes\/oibr3\/\"><strong>Oi<\/strong> (OIBR3)<\/a>, <a href=\"https:\/\/www.suno.com.br\/tudo-sobre\/rodrigo-abreu\/\">Rodrigo Modesto de Abreu<\/a>, a tele brasileira pode perder a capacidade de investimento e se tornar insustent\u00e1vel no longo prazo &#8220;se nada mudar&#8221;. A companhia espera que sua proposta de adiamento do plano de <a href=\"https:\/\/www.suno.com.br\/artigos\/recuperacao-judicial\/\">recupera\u00e7\u00e3o judicial<\/a>, em curso desde 2016, seja aprovado pela assembleia geral de credores. As informa\u00e7\u00f5es foram reveladas em entrevista ao jornal &#8220;O Estado de S.Paulo&#8221;, publicada nesta segunda-feira (17).<\/p>\t<div class=\"wrapper-featured-image\">\n\t\t<figure class=\"spotlightImg\">\n\n\t\t\t<picture>\n\t\t\t\t<source media=\"(max-width: 768px)\" srcset=\"https:\/\/files.sunoresearch.com.br\/n\/uploads\/2020\/08\/a7b32088-oi-400x200.webp\">\n\t\t\t\t<img loading=\"lazy\" decoding=\"async\" class=\"newsContent__article__imgCapa lazyloadDisabled \" src=\"https:\/\/files.sunoresearch.com.br\/n\/uploads\/2020\/08\/a7b32088-oi-800x450.webp\" width=\"800\" height=\"450\" alt=\"Oi (OIBR3): tele pode se tornar insustent\u00e1vel &#8220;se nada mudar&#8221;, diz CEO\" fetchpriority=high \/>\n\t\t\t<\/picture>\n\n\t\t\t<figcaption class=\"wp-caption-text wp-caption-text--show\">O Senado aprovou, na \u00faltima quarta-feira (25), o projeto da nova Lei de Fal\u00eancias, o que pode encurtar a d\u00edvida da Oi em 70%.<\/figcaption>\n\t\t<\/figure>\n\t<\/div>\n\n\n<div class=\"hubspot-form-wrapper\">\n\t<div id=\"single-form-target\"><\/div>\n<\/div>\n\n<p>Caso os credores da operadora aprovem o adiamento no encontro do dia 8 de setembro, a Oi poder\u00e1 amortizar <strong>d\u00edvidas<\/strong> e garantir os <strong>investimentos<\/strong> futuros, essenciais para a continuidade da empresa.<\/p>\n<p>Alguns dos pontos levantados pela companhia em sua proposta est\u00e3o a antecipa\u00e7\u00e3o de pagamentos aos credores, o adiamento de distribui\u00e7\u00e3o de dividendos aos acionistas e flexibiliza os descontos nas d\u00edvidas. O plano tamb\u00e9m estima um corte de 50% na d\u00edvida de R$ 12 bilh\u00f5es que a empresa possui junto \u00e0 <strong>Ag\u00eancia Nacional de Telecomunica\u00e7\u00f5es (Anatel)<\/strong>.<\/p>\n<p><a href=\"https:\/\/lp.suno.com.br\/suno-one\/\">No Suno One voc\u00ea aprende a fazer seu dinheiro trabalhar para voc\u00ea. Cadastre-se gratuitamente agora!<\/a><\/p>\n<p>Segundo Abreu, h\u00e1 a expectativa de que o plano seja aprovado e que atenda aos credores. &#8220;Existe confian\u00e7a da nossa parte na possibilidade da aprova\u00e7\u00e3o. Fizemos v\u00e1rias modifica\u00e7\u00f5es para dar seguran\u00e7a a todos. Mas uma empresa s\u00f3 \u00e9 capaz de dar seguran\u00e7a aos credores se se recuperar de fato.&#8221;<\/p>\n<p>O executivo salientou que a empresa vem &#8220;indo bem&#8221; do lado operacional, controlando custos, mas que o lado financeiro \u00e9 o que falta para o &#8220;neg\u00f3cio se tornar sustent\u00e1vel&#8221;. &#8220;Sem a aprova\u00e7\u00e3o, voltamos para casa e fazemos nova modifica\u00e7\u00e3o no plano para buscarmos um voto favor\u00e1vel numa assembleia futura. Esperamos que isso n\u00e3o aconte\u00e7a.&#8221;<\/p>\n<h2>Oi eleva pre\u00e7o pela InfraCo e recebe ofertas<\/h2>\n<p>Na entrevista ao &#8220;O Estado de S.Paulo&#8221;, Abreu explicou a raz\u00e3o pela qual a tele <a href=\"https:\/\/www.suno.com.br\/noticias\/oi-oibr3-valor-minimo-r-20-bi-unidade-fibra\/\">elevou de R$ 6,5 bilh\u00e7oes para R$ 20 bilh\u00f5es a expectativa de lance m\u00ednimo<\/a> pela opera\u00e7\u00e3o de fibra \u00f3ptica da companhia, a <strong>InfraCo<\/strong>.<\/p>\n<p>Segundo ele, inicialmente, quando empresas procuraram a Oi para avaliar o custo da obten\u00e7\u00e3o de somente alguns pacotes de dados, a empresa estimava o valor de R$ 6,5 bilh\u00f5es como m\u00ednimo para uma fatia de 25% a 51% no neg\u00f3cio. &#8220;De l\u00e1 para c\u00e1, conclu\u00edmos a fase de receber propostas e chegamos a essa n\u00famero de R$ 20 bilh\u00f5es, que \u00e9 mais interessante&#8221;, disse o executivo.<\/p>\n<p>Ele acredita que a empresa que pode chegar a um n\u00famero ainda maior, &#8220;porque a InfraCo \u00e9 um neg\u00f3cio que j\u00e1 vai nascer grande&#8221;. Abreu n\u00e3o especificou o n\u00famero de propostas veiculantes que j\u00e1 recebeu pela opera\u00e7\u00e3o, mas diz que &#8220;s\u00e3o mais de dez&#8221;.<\/p>\n\t<div data-element=\"shortcode-read-more\" class=\"knowMore\">\n\t\t\t\t<span class=\"knowMore__title\">Veja tamb\u00e9m<\/span>\n\t\t\t\t<a class=\"knowMore__link\" href=\"https:\/\/www.suno.com.br\/noticias\/venda-ativos-moveis-oi-oibr3-prejudicial\/\">\n\t\t\tVenda da Oi (OIBR3) poderia ser prejudicial \u00e0 concorr\u00eancia; entenda o caso\t\t<\/a>\n\t<\/div>\n\n\n<p>Quando questionado sobre as negocia\u00e7\u00f5es para a venda da <strong>rede m\u00f3vel<\/strong>, o executivo afirmou que a Oi est\u00e1 &#8220;no meio das negocia\u00e7\u00f5es dos termos de compra e venda, assim como das obriga\u00e7\u00f5es que envolvem essa transa\u00e7\u00e3o&#8221;. Abreu disse que a empresa tem uma vis\u00e3o neutra quando a disputa da norte-americana Highline e o cons\u00f3rcio das rivais <a href=\"https:\/\/www.suno.com.br\/acoes\/timp3\/\">TIM (TIMP3)<\/a>, <a href=\"https:\/\/www.suno.com.br\/acoes\/vivt4\/\">Vivo (VIVT4)<\/a> e Claro. &#8220;N\u00e3o tem prefer\u00eancia por oferta A ou B, mas sim a que traga mais valor para a companhia e apresente condi\u00e7\u00f5es de viabilizar as obriga\u00e7\u00f5es assumidas da transa\u00e7\u00e3o&#8221;, pontuou.<\/p>\n<p>O CEO da <strong>Oi<\/strong> afirmou que ambas as ofertas s\u00e3o vi\u00e1veis, mesmo com a chance de veto pelo <a href=\"https:\/\/www.suno.com.br\/artigos\/cade\/\">Conselho Administrativo de Defesa Econ\u00f4mica (Cade)<\/a> no caso da proposta do cons\u00f3rcio das operadoras, ou da inexperi\u00eancia da Highline no servi\u00e7o direto ao consumidor final. Segundo ele, devido \u00e0s discuss\u00f5es acerca dos aspectos concorrenciais e regulat\u00f3rios, a venda da rede m\u00f3vel deve ser concretizada no fim do ano que vem.<\/p>\n\t<p>\n\t\t<a href=\"https:\/\/lp.suno.com.br\/planilha-de-controle-de-investimentos\/\" target=\"_blank\" data-element=\"shortcode-suno-banner\" title=\"Banner SUNO, clique e saiba mais\">\n\t\t\t<picture>\n\t\t\t\t<source media=\"(max-width: 500px)\" srcset=\"https:\/\/files.sunoresearch.com.br\/n\/uploads\/2023\/03\/400x300-Controle-de-Investimentos.png\">\n\t\t\t\t<img class=\"newsContent__article__imgCapa newsContent__article__imgCapa--banner\"\n\t\t\t\t\tsrc=\"https:\/\/files.sunoresearch.com.br\/n\/uploads\/2023\/03\/1420x240-Controle-de-Investimentos.png\"\n\t\t\t\t\tdata-promo-id=\"75934\"\t\t\t\t\t\t\t\t\t\twidth='1420' height='240'\t\t\t\t\talt=\"https:\/\/files.sunoresearch.com.br\/n\/uploads\/2023\/03\/1420x240-Controle-de-Investimentos.png\"\n\t\t\t\t>\n\t\t\t<\/picture>\n\t\t<\/a>\n\t<\/p>\n\n\n","protected":false},"excerpt":{"rendered":"<p>Segundo o CEO da Oi (OIBR3), Rodrigo Modesto de Abreu, a tele brasileira pode perder a capacidade de investimento e se tornar insustent\u00e1vel no longo prazo &#8220;se nada mudar&#8221;. A companhia espera que sua proposta de adiamento do plano de recupera\u00e7\u00e3o judicial, em curso desde 2016, seja aprovado pela assembleia geral de credores. As informa\u00e7\u00f5es [&hellip;]<\/p>\n","protected":false},"author":24,"featured_media":76592,"comment_status":"closed","ping_status":"closed","sticky":false,"template":"","format":"standard","meta":[],"categories":[64],"tags":[92666,584,314],"suno_strategy":[],"class_list":["post-78694","post","type-post","status-publish","format-standard","has-post-thumbnail","hentry","category-negocios","tag-infraco","tag-oi-oibr3-oibr4","tag-recuperacao-judicial"],"yoast_head":"<!-- This site is optimized with the Yoast SEO plugin v24.4 - https:\/\/yoast.com\/wordpress\/plugins\/seo\/ -->\n<title>Oi (OIBR3): tele pode se tornar insustent\u00e1vel &quot;se nada mudar&quot;, diz CEO<\/title>\n<meta name=\"description\" content=\"Segundo o CEO da Oi (OIBR3), a tele brasileira pode perder a capacidade de investimento e se tornar insustent\u00e1vel no longo prazo. Saiba mais.\" \/>\n<meta name=\"robots\" content=\"index, follow, max-snippet:-1, max-image-preview:large, max-video-preview:-1\" \/>\n<link rel=\"canonical\" href=\"https:\/\/www.suno.com.br\/noticias\/oi-oibr3-pode-perder-capacidade-investimento\/\" \/>\n<meta property=\"og:locale\" content=\"pt_BR\" \/>\n<meta property=\"og:type\" content=\"article\" \/>\n<meta property=\"og:title\" content=\"Oi (OIBR3): tele pode se tornar insustent\u00e1vel &quot;se nada mudar&quot;, diz CEO\" \/>\n<meta property=\"og:description\" content=\"Segundo o CEO da Oi (OIBR3), a tele brasileira pode perder a capacidade de investimento e se tornar insustent\u00e1vel no longo prazo. Saiba mais.\" \/>\n<meta property=\"og:url\" content=\"https:\/\/www.suno.com.br\/noticias\/oi-oibr3-pode-perder-capacidade-investimento\/\" \/>\n<meta property=\"og:site_name\" content=\"Suno Not\u00edcias\" \/>\n<meta property=\"article:publisher\" content=\"https:\/\/facebook.com\/sunoresearch\" \/>\n<meta property=\"og:image\" content=\"https:\/\/files.sunoresearch.com.br\/n\/uploads\/2020\/08\/a7b32088-oi.jpg\" \/>\n\t<meta property=\"og:image:width\" content=\"1400\" \/>\n\t<meta property=\"og:image:height\" content=\"788\" \/>\n\t<meta property=\"og:image:type\" content=\"image\/jpeg\" \/>\n<meta name=\"author\" content=\"Jader Lazarini\" \/>\n<meta name=\"twitter:card\" content=\"summary_large_image\" \/>\n<meta name=\"twitter:creator\" content=\"@sunoresearch\" \/>\n<meta name=\"twitter:site\" content=\"@sunoresearch\" \/>\n<meta name=\"twitter:label1\" content=\"Escrito por\" \/>\n\t<meta name=\"twitter:data1\" content=\"Jader Lazarini\" \/>\n\t<meta name=\"twitter:label2\" content=\"Est. tempo de leitura\" \/>\n\t<meta name=\"twitter:data2\" content=\"3 minutos\" \/>\n<script type=\"application\/ld+json\" class=\"yoast-schema-graph\">{\"@context\":\"https:\/\/schema.org\",\"@graph\":[{\"@type\":\"NewsArticle\",\"@id\":\"https:\/\/www.suno.com.br\/noticias\/oi-oibr3-pode-perder-capacidade-investimento\/#article\",\"isPartOf\":{\"@id\":\"https:\/\/www.suno.com.br\/noticias\/oi-oibr3-pode-perder-capacidade-investimento\/\"},\"author\":{\"name\":\"Jader Lazarini\",\"@id\":\"https:\/\/www.suno.com.br\/noticias\/#\/schema\/person\/918d79de1f0281f01599b93f9ea6e23f\"},\"headline\":\"Oi (OIBR3): tele pode se tornar insustent\u00e1vel &#8220;se nada mudar&#8221;, diz CEO\",\"datePublished\":\"2020-08-17T13:44:25+00:00\",\"dateModified\":\"2021-06-11T17:38:56+00:00\",\"mainEntityOfPage\":{\"@id\":\"https:\/\/www.suno.com.br\/noticias\/oi-oibr3-pode-perder-capacidade-investimento\/\"},\"wordCount\":677,\"publisher\":{\"@id\":\"https:\/\/www.suno.com.br\/noticias\/#organization\"},\"image\":{\"@id\":\"https:\/\/www.suno.com.br\/noticias\/oi-oibr3-pode-perder-capacidade-investimento\/#primaryimage\"},\"thumbnailUrl\":\"https:\/\/files.sunoresearch.com.br\/n\/uploads\/2020\/08\/a7b32088-oi-jpg.webp\",\"keywords\":[\"InfraCo\",\"Oi (OIBR3\/OIBR4)\",\"recupera\u00e7\u00e3o judicial\"],\"articleSection\":[\"Neg\u00f3cios\"],\"inLanguage\":\"pt-BR\"},{\"@type\":\"WebPage\",\"@id\":\"https:\/\/www.suno.com.br\/noticias\/oi-oibr3-pode-perder-capacidade-investimento\/\",\"url\":\"https:\/\/www.suno.com.br\/noticias\/oi-oibr3-pode-perder-capacidade-investimento\/\",\"name\":\"Oi (OIBR3): tele pode se tornar insustent\u00e1vel \\\"se nada mudar\\\", diz CEO\",\"isPartOf\":{\"@id\":\"https:\/\/www.suno.com.br\/noticias\/#website\"},\"primaryImageOfPage\":{\"@id\":\"https:\/\/www.suno.com.br\/noticias\/oi-oibr3-pode-perder-capacidade-investimento\/#primaryimage\"},\"image\":{\"@id\":\"https:\/\/www.suno.com.br\/noticias\/oi-oibr3-pode-perder-capacidade-investimento\/#primaryimage\"},\"thumbnailUrl\":\"https:\/\/files.sunoresearch.com.br\/n\/uploads\/2020\/08\/a7b32088-oi-jpg.webp\",\"datePublished\":\"2020-08-17T13:44:25+00:00\",\"dateModified\":\"2021-06-11T17:38:56+00:00\",\"description\":\"Segundo o CEO da Oi (OIBR3), a tele brasileira pode perder a capacidade de investimento e se tornar insustent\u00e1vel no longo prazo. Saiba mais.\",\"breadcrumb\":{\"@id\":\"https:\/\/www.suno.com.br\/noticias\/oi-oibr3-pode-perder-capacidade-investimento\/#breadcrumb\"},\"inLanguage\":\"pt-BR\",\"potentialAction\":[{\"@type\":\"ReadAction\",\"target\":[\"https:\/\/www.suno.com.br\/noticias\/oi-oibr3-pode-perder-capacidade-investimento\/\"]}]},{\"@type\":\"ImageObject\",\"inLanguage\":\"pt-BR\",\"@id\":\"https:\/\/www.suno.com.br\/noticias\/oi-oibr3-pode-perder-capacidade-investimento\/#primaryimage\",\"url\":\"https:\/\/files.sunoresearch.com.br\/n\/uploads\/2020\/08\/a7b32088-oi-jpg.webp\",\"contentUrl\":\"https:\/\/files.sunoresearch.com.br\/n\/uploads\/2020\/08\/a7b32088-oi-jpg.webp\",\"width\":1400,\"height\":788,\"caption\":\"O Senado aprovou, na \u00faltima quarta-feira (25), o projeto da nova Lei de Fal\u00eancias, o que pode encurtar a d\u00edvida da Oi em 70%.\"},{\"@type\":\"BreadcrumbList\",\"@id\":\"https:\/\/www.suno.com.br\/noticias\/oi-oibr3-pode-perder-capacidade-investimento\/#breadcrumb\",\"itemListElement\":[{\"@type\":\"ListItem\",\"position\":1,\"name\":\"Not\u00edcias\",\"item\":\"https:\/\/www.suno.com.br\/noticias\/\"},{\"@type\":\"ListItem\",\"position\":2,\"name\":\"Neg\u00f3cios\",\"item\":\"https:\/\/www.suno.com.br\/noticias\/negocios\/\"},{\"@type\":\"ListItem\",\"position\":3,\"name\":\"Oi (OIBR3): tele pode se tornar insustent\u00e1vel &#8220;se nada mudar&#8221;, diz CEO\"}]},{\"@type\":\"WebSite\",\"@id\":\"https:\/\/www.suno.com.br\/noticias\/#website\",\"url\":\"https:\/\/www.suno.com.br\/noticias\/\",\"name\":\"Suno Not\u00edcias\",\"description\":\"Seu portal de informa\u00e7\u00e3o sobre o mundo dos investimentos\",\"publisher\":{\"@id\":\"https:\/\/www.suno.com.br\/noticias\/#organization\"},\"potentialAction\":[{\"@type\":\"SearchAction\",\"target\":{\"@type\":\"EntryPoint\",\"urlTemplate\":\"https:\/\/www.suno.com.br\/noticias\/?s={search_term_string}\"},\"query-input\":{\"@type\":\"PropertyValueSpecification\",\"valueRequired\":true,\"valueName\":\"search_term_string\"}}],\"inLanguage\":\"pt-BR\"},{\"@type\":\"Organization\",\"@id\":\"https:\/\/www.suno.com.br\/noticias\/#organization\",\"name\":\"Suno Not\u00edcias\",\"url\":\"https:\/\/www.suno.com.br\/noticias\/\",\"logo\":{\"@type\":\"ImageObject\",\"inLanguage\":\"pt-BR\",\"@id\":\"https:\/\/www.suno.com.br\/noticias\/#\/schema\/logo\/image\/\",\"url\":\"https:\/\/files.sunoresearch.com.br\/n\/uploads\/2021\/09\/suno-logo.png\",\"contentUrl\":\"https:\/\/files.sunoresearch.com.br\/n\/uploads\/2021\/09\/suno-logo.png\",\"width\":180,\"height\":180,\"caption\":\"Suno Not\u00edcias\"},\"image\":{\"@id\":\"https:\/\/www.suno.com.br\/noticias\/#\/schema\/logo\/image\/\"},\"sameAs\":[\"https:\/\/facebook.com\/sunoresearch\",\"https:\/\/x.com\/sunoresearch\",\"https:\/\/www.instagram.com\/suno\",\"https:\/\/www.linkedin.com\/company\/suno-research\/\",\"https:\/\/www.youtube.com\/c\/sunoresearch\"]},{\"@type\":\"Person\",\"@id\":\"https:\/\/www.suno.com.br\/noticias\/#\/schema\/person\/918d79de1f0281f01599b93f9ea6e23f\",\"name\":\"Jader Lazarini\",\"image\":{\"@type\":\"ImageObject\",\"inLanguage\":\"pt-BR\",\"@id\":\"https:\/\/www.suno.com.br\/noticias\/#\/schema\/person\/image\/\",\"url\":\"https:\/\/secure.gravatar.com\/avatar\/3c1ad8caa51589841baeb923fcddea97?s=96&r=g\",\"contentUrl\":\"https:\/\/secure.gravatar.com\/avatar\/3c1ad8caa51589841baeb923fcddea97?s=96&r=g\",\"caption\":\"Jader Lazarini\"},\"description\":\"Jader Lazarini escreve sobre investimentos, finan\u00e7as, economia e neg\u00f3cios. \u00c9 bacharel em Rela\u00e7\u00f5es Internacionais e analista CNPI (2619).\",\"url\":\"https:\/\/www.suno.com.br\/noticias\/author\/jader-lazarini\/\"}]}<\/script>\n<!-- \/ Yoast SEO plugin. -->","yoast_head_json":{"title":"Oi (OIBR3): tele pode se tornar insustent\u00e1vel \"se nada mudar\", diz CEO","description":"Segundo o CEO da Oi (OIBR3), a tele brasileira pode perder a capacidade de investimento e se tornar insustent\u00e1vel no longo prazo. Saiba mais.","robots":{"index":"index","follow":"follow","max-snippet":"max-snippet:-1","max-image-preview":"max-image-preview:large","max-video-preview":"max-video-preview:-1"},"canonical":"https:\/\/www.suno.com.br\/noticias\/oi-oibr3-pode-perder-capacidade-investimento\/","og_locale":"pt_BR","og_type":"article","og_title":"Oi (OIBR3): tele pode se tornar insustent\u00e1vel \"se nada mudar\", diz CEO","og_description":"Segundo o CEO da Oi (OIBR3), a tele brasileira pode perder a capacidade de investimento e se tornar insustent\u00e1vel no longo prazo. Saiba mais.","og_url":"https:\/\/www.suno.com.br\/noticias\/oi-oibr3-pode-perder-capacidade-investimento\/","og_site_name":"Suno Not\u00edcias","article_publisher":"https:\/\/facebook.com\/sunoresearch","og_image":[{"width":1400,"height":788,"url":"https:\/\/files.sunoresearch.com.br\/n\/uploads\/2020\/08\/a7b32088-oi.jpg","type":"image\/jpeg"}],"author":"Jader Lazarini","twitter_card":"summary_large_image","twitter_creator":"@sunoresearch","twitter_site":"@sunoresearch","twitter_misc":{"Escrito por":"Jader Lazarini","Est. tempo de leitura":"3 minutos"},"schema":{"@context":"https:\/\/schema.org","@graph":[{"@type":"NewsArticle","@id":"https:\/\/www.suno.com.br\/noticias\/oi-oibr3-pode-perder-capacidade-investimento\/#article","isPartOf":{"@id":"https:\/\/www.suno.com.br\/noticias\/oi-oibr3-pode-perder-capacidade-investimento\/"},"author":{"name":"Jader Lazarini","@id":"https:\/\/www.suno.com.br\/noticias\/#\/schema\/person\/918d79de1f0281f01599b93f9ea6e23f"},"headline":"Oi (OIBR3): tele pode se tornar insustent\u00e1vel &#8220;se nada mudar&#8221;, diz CEO","datePublished":"2020-08-17T13:44:25+00:00","dateModified":"2021-06-11T17:38:56+00:00","mainEntityOfPage":{"@id":"https:\/\/www.suno.com.br\/noticias\/oi-oibr3-pode-perder-capacidade-investimento\/"},"wordCount":677,"publisher":{"@id":"https:\/\/www.suno.com.br\/noticias\/#organization"},"image":{"@id":"https:\/\/www.suno.com.br\/noticias\/oi-oibr3-pode-perder-capacidade-investimento\/#primaryimage"},"thumbnailUrl":"https:\/\/files.sunoresearch.com.br\/n\/uploads\/2020\/08\/a7b32088-oi-jpg.webp","keywords":["InfraCo","Oi (OIBR3\/OIBR4)","recupera\u00e7\u00e3o judicial"],"articleSection":["Neg\u00f3cios"],"inLanguage":"pt-BR"},{"@type":"WebPage","@id":"https:\/\/www.suno.com.br\/noticias\/oi-oibr3-pode-perder-capacidade-investimento\/","url":"https:\/\/www.suno.com.br\/noticias\/oi-oibr3-pode-perder-capacidade-investimento\/","name":"Oi (OIBR3): tele pode se tornar insustent\u00e1vel \"se nada mudar\", diz CEO","isPartOf":{"@id":"https:\/\/www.suno.com.br\/noticias\/#website"},"primaryImageOfPage":{"@id":"https:\/\/www.suno.com.br\/noticias\/oi-oibr3-pode-perder-capacidade-investimento\/#primaryimage"},"image":{"@id":"https:\/\/www.suno.com.br\/noticias\/oi-oibr3-pode-perder-capacidade-investimento\/#primaryimage"},"thumbnailUrl":"https:\/\/files.sunoresearch.com.br\/n\/uploads\/2020\/08\/a7b32088-oi-jpg.webp","datePublished":"2020-08-17T13:44:25+00:00","dateModified":"2021-06-11T17:38:56+00:00","description":"Segundo o CEO da Oi (OIBR3), a tele brasileira pode perder a capacidade de investimento e se tornar insustent\u00e1vel no longo prazo. Saiba mais.","breadcrumb":{"@id":"https:\/\/www.suno.com.br\/noticias\/oi-oibr3-pode-perder-capacidade-investimento\/#breadcrumb"},"inLanguage":"pt-BR","potentialAction":[{"@type":"ReadAction","target":["https:\/\/www.suno.com.br\/noticias\/oi-oibr3-pode-perder-capacidade-investimento\/"]}]},{"@type":"ImageObject","inLanguage":"pt-BR","@id":"https:\/\/www.suno.com.br\/noticias\/oi-oibr3-pode-perder-capacidade-investimento\/#primaryimage","url":"https:\/\/files.sunoresearch.com.br\/n\/uploads\/2020\/08\/a7b32088-oi-jpg.webp","contentUrl":"https:\/\/files.sunoresearch.com.br\/n\/uploads\/2020\/08\/a7b32088-oi-jpg.webp","width":1400,"height":788,"caption":"O Senado aprovou, na \u00faltima quarta-feira (25), o projeto da nova Lei de Fal\u00eancias, o que pode encurtar a d\u00edvida da Oi em 70%."},{"@type":"BreadcrumbList","@id":"https:\/\/www.suno.com.br\/noticias\/oi-oibr3-pode-perder-capacidade-investimento\/#breadcrumb","itemListElement":[{"@type":"ListItem","position":1,"name":"Not\u00edcias","item":"https:\/\/www.suno.com.br\/noticias\/"},{"@type":"ListItem","position":2,"name":"Neg\u00f3cios","item":"https:\/\/www.suno.com.br\/noticias\/negocios\/"},{"@type":"ListItem","position":3,"name":"Oi (OIBR3): tele pode se tornar insustent\u00e1vel &#8220;se nada mudar&#8221;, diz CEO"}]},{"@type":"WebSite","@id":"https:\/\/www.suno.com.br\/noticias\/#website","url":"https:\/\/www.suno.com.br\/noticias\/","name":"Suno Not\u00edcias","description":"Seu portal de informa\u00e7\u00e3o sobre o mundo dos investimentos","publisher":{"@id":"https:\/\/www.suno.com.br\/noticias\/#organization"},"potentialAction":[{"@type":"SearchAction","target":{"@type":"EntryPoint","urlTemplate":"https:\/\/www.suno.com.br\/noticias\/?s={search_term_string}"},"query-input":{"@type":"PropertyValueSpecification","valueRequired":true,"valueName":"search_term_string"}}],"inLanguage":"pt-BR"},{"@type":"Organization","@id":"https:\/\/www.suno.com.br\/noticias\/#organization","name":"Suno Not\u00edcias","url":"https:\/\/www.suno.com.br\/noticias\/","logo":{"@type":"ImageObject","inLanguage":"pt-BR","@id":"https:\/\/www.suno.com.br\/noticias\/#\/schema\/logo\/image\/","url":"https:\/\/files.sunoresearch.com.br\/n\/uploads\/2021\/09\/suno-logo.png","contentUrl":"https:\/\/files.sunoresearch.com.br\/n\/uploads\/2021\/09\/suno-logo.png","width":180,"height":180,"caption":"Suno Not\u00edcias"},"image":{"@id":"https:\/\/www.suno.com.br\/noticias\/#\/schema\/logo\/image\/"},"sameAs":["https:\/\/facebook.com\/sunoresearch","https:\/\/x.com\/sunoresearch","https:\/\/www.instagram.com\/suno","https:\/\/www.linkedin.com\/company\/suno-research\/","https:\/\/www.youtube.com\/c\/sunoresearch"]},{"@type":"Person","@id":"https:\/\/www.suno.com.br\/noticias\/#\/schema\/person\/918d79de1f0281f01599b93f9ea6e23f","name":"Jader Lazarini","image":{"@type":"ImageObject","inLanguage":"pt-BR","@id":"https:\/\/www.suno.com.br\/noticias\/#\/schema\/person\/image\/","url":"https:\/\/secure.gravatar.com\/avatar\/3c1ad8caa51589841baeb923fcddea97?s=96&r=g","contentUrl":"https:\/\/secure.gravatar.com\/avatar\/3c1ad8caa51589841baeb923fcddea97?s=96&r=g","caption":"Jader Lazarini"},"description":"Jader Lazarini escreve sobre investimentos, finan\u00e7as, economia e neg\u00f3cios. \u00c9 bacharel em Rela\u00e7\u00f5es Internacionais e analista CNPI (2619).","url":"https:\/\/www.suno.com.br\/noticias\/author\/jader-lazarini\/"}]}},"default_loop_html":"<div class=\"cardsPage__listCard__boxs\"><div class=\"cardsPage__listCard__boxs__img\"><a href=\"https:\/\/www.suno.com.br\/noticias\/oi-oibr3-pode-perder-capacidade-investimento\/\"><img class=\"mask\" src=\"https:\/\/www.suno.com.br\/noticias\/wp-content\/themes\/suno\/resources\/images\/spotlight\/spotlight1img\/bg-mask.png\" alt=\"Image Mask\"\/><img src=\"https:\/\/files.sunoresearch.com.br\/n\/uploads\/2020\/08\/a7b32088-oi-400x200.webp\" alt=\"Oi (OIBR3): tele pode se tornar insustent\u00e1vel &#8220;se nada mudar&#8221;, diz CEO\"\/><\/a><span class=\"spotlightCategory\"><a href=\"https:\/\/www.suno.com.br\/noticias\/negocios\/\">Neg\u00f3cios<\/a><\/span><\/div><div class=\"cardsPage__listCard__boxs__content\"><a href=\"https:\/\/www.suno.com.br\/noticias\/oi-oibr3-pode-perder-capacidade-investimento\/\"><h2 class=\"content__title\">Oi (OIBR3): tele pode se tornar insustent\u00e1vel &#8220;se nada mudar&#8221;, diz CEO<\/h2><\/a><div class=\"newsContent__article__meta\"><div class=\"newsContent__article__meta__authorBox\"><a href=\"https:\/\/www.suno.com.br\/noticias\/author\/jader-lazarini\/\" class=\"authorBox__avatar noMobi\"><img src=\"https:\/\/files.sunoresearch.com.br\/n\/uploads\/2021\/01\/178e6598-foto-perfil-2-150x150.jpg\" alt=\"Jader Lazarini\"><\/a><div class=\"authorBox__name\"><span>por\n\t\t\t<a href=\"https:\/\/www.suno.com.br\/noticias\/author\/jader-lazarini\/\"><span itemprop=\"author\">Jader Lazarini<\/span><\/a><\/span><time datetime=\"2020-08-17T10:44:25-03:00\" itemprop=\"datePublished\">17\/08\/2020 10:44<\/time><\/div><\/div><\/div><\/div><\/div>","single_layout":"posts","amp_enabled":true,"_links":{"self":[{"href":"https:\/\/www.suno.com.br\/noticias\/wp-json\/wp\/v2\/posts\/78694"}],"collection":[{"href":"https:\/\/www.suno.com.br\/noticias\/wp-json\/wp\/v2\/posts"}],"about":[{"href":"https:\/\/www.suno.com.br\/noticias\/wp-json\/wp\/v2\/types\/post"}],"author":[{"embeddable":true,"href":"https:\/\/www.suno.com.br\/noticias\/wp-json\/wp\/v2\/users\/24"}],"replies":[{"embeddable":true,"href":"https:\/\/www.suno.com.br\/noticias\/wp-json\/wp\/v2\/comments?post=78694"}],"version-history":[{"count":1,"href":"https:\/\/www.suno.com.br\/noticias\/wp-json\/wp\/v2\/posts\/78694\/revisions"}],"predecessor-version":[{"id":156372,"href":"https:\/\/www.suno.com.br\/noticias\/wp-json\/wp\/v2\/posts\/78694\/revisions\/156372"}],"wp:featuredmedia":[{"embeddable":true,"href":"https:\/\/www.suno.com.br\/noticias\/wp-json\/wp\/v2\/media\/76592"}],"wp:attachment":[{"href":"https:\/\/www.suno.com.br\/noticias\/wp-json\/wp\/v2\/media?parent=78694"}],"wp:term":[{"taxonomy":"category","embeddable":true,"href":"https:\/\/www.suno.com.br\/noticias\/wp-json\/wp\/v2\/categories?post=78694"},{"taxonomy":"post_tag","embeddable":true,"href":"https:\/\/www.suno.com.br\/noticias\/wp-json\/wp\/v2\/tags?post=78694"},{"taxonomy":"suno_strategy","embeddable":true,"href":"https:\/\/www.suno.com.br\/noticias\/wp-json\/wp\/v2\/suno_strategy?post=78694"}],"curies":[{"name":"wp","href":"https:\/\/api.w.org\/{rel}","templated":true}]}}