{"id":78646,"date":"2020-08-17T07:25:29","date_gmt":"2020-08-17T10:25:29","guid":{"rendered":"https:\/\/www.suno.com.br\/noticias\/?p=78646"},"modified":"2020-08-17T07:26:26","modified_gmt":"2020-08-17T10:26:26","slug":"grupo-votorantim-corta-investimentos-r-3-bi-2020","status":"publish","type":"post","link":"https:\/\/www.suno.com.br\/noticias\/grupo-votorantim-corta-investimentos-r-3-bi-2020\/","title":{"rendered":"Grupo Votorantim corta investimentos para R$ 3 bi em 2020"},"content":{"rendered":"<p>O <strong>Grupo Votorantim<\/strong> realizou um corte de 25% nos investimentos referentes a 2020. A institui\u00e7\u00e3o decidiu diminuir o montante de R$ 4 bilh\u00f5es para R$ 3 bilh\u00f5es. A ideia do grupo com a medida \u00e9 preservar caixa para continuar enfrentando a crise em decorr\u00eancia da pandemia de coronav\u00edrus. As informa\u00e7\u00f5es s\u00e3o do jornal &#8220;Valor Econ\u00f4mico&#8221; e foram publicadas nesta segunda-feira (17).<\/p>\t<div class=\"wrapper-featured-image\">\n\t\t<figure class=\"spotlightImg\">\n\n\t\t\t<picture>\n\t\t\t\t<source media=\"(max-width: 768px)\" srcset=\"https:\/\/files.sunoresearch.com.br\/n\/uploads\/2020\/03\/86d63e16-votorantim-400x200.webp\">\n\t\t\t\t<img loading=\"lazy\" decoding=\"async\" class=\"newsContent__article__imgCapa lazyloadDisabled \" src=\"https:\/\/files.sunoresearch.com.br\/n\/uploads\/2020\/03\/86d63e16-votorantim-800x450.webp\" width=\"800\" height=\"450\" alt=\"Grupo Votorantim corta investimentos para R$ 3 bi em 2020\" fetchpriority=high \/>\n\t\t\t<\/picture>\n\n\t\t\t<figcaption class=\"wp-caption-text wp-caption-text--show\">Na semana passada, o grupo Votorantim registrou na Comiss\u00e3o de Valores Mobili\u00e1rios - Foto: Divulga\u00e7\u00e3o Votorantim<\/figcaption>\n\t\t<\/figure>\n\t<\/div>\n\n\n<div class=\"hubspot-form-wrapper\">\n\t<div id=\"single-form-target\"><\/div>\n<\/div>\n\n<p>Desde mar\u00e7o deste ano, o Grupo Votorantim tem tomado algumas medidas para preservar o caixa, visando mitigar o impacto da pandemia em seus neg\u00f3cios no Brasil e no exterior. Vale destacar que no ano passado, o grupo que atua em diversos segmentos, como: cimento, a\u00e7o, metais, banco (institui\u00e7\u00e3o financeira), gera\u00e7\u00e3o e comercializa\u00e7\u00e3o de energia investiu R$ 3,2 bilh\u00f5es.<\/p>\n<p>No segundo trimestre deste ano, a queda nos investimentos feito pelas empresas do grupo foi de 3%. Assim, o valor saiu de R$ 719 milh\u00f5es para R$ 694 milh\u00f5es. No acumulado do primeiro semestre, o valor investido foi de R$ 3,17 bilh\u00f5es.<\/p>\n<p><a href=\"https:\/\/lp.suno.com.br\/suno-one\/\">Suno One: acesse gratuitamente eBooks, Minicursos, Artigos e Video Aulas sobre investimentos com um \u00fanico cadastro. Clique para saber mais!<\/a><\/p>\n<p>Desconsiderando os investimentos correntes nas opera\u00e7\u00f5es, que somam 53% do total, os recursos foram aplicados majoritariamente em dois neg\u00f3cios. S\u00e3o eles: minera\u00e7\u00e3o de zinco e fabrica\u00e7\u00e3o de cimento. No segmento de cimento,\u00a0 a expans\u00e3o da f\u00e1brica de moagem situada em Pec\u00e9m, no Cear\u00e1, \u00e9 o destaque. A unidade adicionar\u00e1 800 mil toneladas \u00e0 atual capacidade da instala\u00e7\u00e3o at\u00e9 o final de 2020. Por outro lado, a nova mina polimet\u00e1lica subterr\u00e2nea de zinco da Nexa, em Aripuan\u00e3 (MT), recebeu 94% do montante utilizado para expans\u00e3o no trimestre encerrado em junho.<\/p>\n<p>\u201cApesar dos riscos e incertezas continuarem, temos convic\u00e7\u00e3o de que os desafios trazidos por esta pandemia est\u00e3o sendo enfrentados adequadamente pela Votorantim e suas empresas em suas opera\u00e7\u00f5es e tamb\u00e9m atrav\u00e9s de nossas iniciativas de combate \u00e0 crise de sa\u00fade nos munic\u00edpios onde atuamos\u201d, afirmou o presidente do Grupo Votorantim, Jo\u00e3o Schmidt.<\/p>\n\t<div data-element=\"shortcode-read-more\" class=\"knowMore\">\n\t\t\t\t<span class=\"knowMore__title\">Veja tamb\u00e9m<\/span>\n\t\t\t\t<a class=\"knowMore__link\" href=\"https:\/\/www.suno.com.br\/noticias\/banco-do-brasil-bbsa3-compra-carteira-credito-banco-votorantim\/\">\n\t\t\tBanco do Brasil (BBAS3) compra carteira de cr\u00e9dito do Banco Votorantim\t\t<\/a>\n\t<\/div>\n\n\n<h2>Preju\u00edzo da Votorantim no 2T20<\/h2>\n<p>O <strong>Grupo<\/strong> <strong>Votorantim<\/strong> divulgou na \u00faltima sexta-feira (14) o seu resultado trimestral referente ao per\u00edodo de abril a junho deste ano. A companhia teve <a href=\"https:\/\/www.suno.com.br\/artigos\/prejuizos-acumulados\/\">preju\u00edzo<\/a> de R$ 645 milh\u00f5es no trimestre e reverteu o resultado positivo registrado no mesmo per\u00edodo do ano passado, de R$ 225 milh\u00f5es.<\/p>\n\t<p>\n\t\t<a href=\"https:\/\/lp.suno.com.br\/planilha-de-controle-de-investimentos\/\" target=\"_blank\" data-element=\"shortcode-suno-banner\" title=\"Banner SUNO, clique e saiba mais\">\n\t\t\t<picture>\n\t\t\t\t<source media=\"(max-width: 500px)\" srcset=\"https:\/\/files.sunoresearch.com.br\/n\/uploads\/2023\/03\/400x300-Controle-de-Investimentos.png\">\n\t\t\t\t<img class=\"newsContent__article__imgCapa newsContent__article__imgCapa--banner\"\n\t\t\t\t\tsrc=\"https:\/\/files.sunoresearch.com.br\/n\/uploads\/2023\/03\/1420x240-Controle-de-Investimentos.png\"\n\t\t\t\t\tdata-promo-id=\"75934\"\t\t\t\t\t\t\t\t\t\twidth='1420' height='240'\t\t\t\t\talt=\"https:\/\/files.sunoresearch.com.br\/n\/uploads\/2023\/03\/1420x240-Controle-de-Investimentos.png\"\n\t\t\t\t>\n\t\t\t<\/picture>\n\t\t<\/a>\n\t<\/p>\n\n\n","protected":false},"excerpt":{"rendered":"<p>O Grupo Votorantim realizou um corte de 25% nos investimentos referentes a 2020. A institui\u00e7\u00e3o decidiu diminuir o montante de R$ 4 bilh\u00f5es para R$ 3 bilh\u00f5es. A ideia do grupo com a medida \u00e9 preservar caixa para continuar enfrentando a crise em decorr\u00eancia da pandemia de coronav\u00edrus. As informa\u00e7\u00f5es s\u00e3o do jornal &#8220;Valor Econ\u00f4mico&#8221; [&hellip;]<\/p>\n","protected":false},"author":19,"featured_media":59486,"comment_status":"closed","ping_status":"closed","sticky":false,"template":"","format":"standard","meta":[],"categories":[64],"tags":[1279],"suno_strategy":[],"class_list":["post-78646","post","type-post","status-publish","format-standard","has-post-thumbnail","hentry","category-negocios","tag-grupo-votorantim"],"yoast_head":"<!-- This site is optimized with the Yoast SEO plugin v24.4 - https:\/\/yoast.com\/wordpress\/plugins\/seo\/ -->\n<title>Grupo Votorantim corta investimentos para R$ 3 bi em 2020<\/title>\n<meta name=\"description\" content=\"O Grupo Votorantim realizou um corte de 25% nos investimentos referentes a 2020, diminuindo o montante de R$ 4 bi para R$ 3 bi. Saiba mais.\" \/>\n<meta name=\"robots\" content=\"index, follow, max-snippet:-1, max-image-preview:large, max-video-preview:-1\" \/>\n<link rel=\"canonical\" href=\"https:\/\/www.suno.com.br\/noticias\/grupo-votorantim-corta-investimentos-r-3-bi-2020\/\" \/>\n<meta property=\"og:locale\" content=\"pt_BR\" \/>\n<meta property=\"og:type\" content=\"article\" \/>\n<meta property=\"og:title\" content=\"Grupo Votorantim corta investimentos para R$ 3 bi em 2020\" \/>\n<meta property=\"og:description\" content=\"O Grupo Votorantim realizou um corte de 25% nos investimentos referentes a 2020, diminuindo o montante de R$ 4 bi para R$ 3 bi. Saiba mais.\" \/>\n<meta property=\"og:url\" content=\"https:\/\/www.suno.com.br\/noticias\/grupo-votorantim-corta-investimentos-r-3-bi-2020\/\" \/>\n<meta property=\"og:site_name\" content=\"Suno Not\u00edcias\" \/>\n<meta property=\"article:publisher\" content=\"https:\/\/facebook.com\/sunoresearch\" \/>\n<meta property=\"og:image\" content=\"https:\/\/files.sunoresearch.com.br\/n\/uploads\/2020\/03\/86d63e16-votorantim.jpg\" \/>\n\t<meta property=\"og:image:width\" content=\"940\" \/>\n\t<meta property=\"og:image:height\" content=\"529\" \/>\n\t<meta property=\"og:image:type\" content=\"image\/jpeg\" \/>\n<meta name=\"author\" content=\"Juliano Passaro\" \/>\n<meta name=\"twitter:card\" content=\"summary_large_image\" \/>\n<meta name=\"twitter:creator\" content=\"@sunoresearch\" \/>\n<meta name=\"twitter:site\" content=\"@sunoresearch\" \/>\n<meta name=\"twitter:label1\" content=\"Escrito por\" \/>\n\t<meta name=\"twitter:data1\" content=\"Juliano Passaro\" \/>\n\t<meta name=\"twitter:label2\" content=\"Est. tempo de leitura\" \/>\n\t<meta name=\"twitter:data2\" content=\"2 minutos\" \/>\n<script type=\"application\/ld+json\" class=\"yoast-schema-graph\">{\"@context\":\"https:\/\/schema.org\",\"@graph\":[{\"@type\":\"NewsArticle\",\"@id\":\"https:\/\/www.suno.com.br\/noticias\/grupo-votorantim-corta-investimentos-r-3-bi-2020\/#article\",\"isPartOf\":{\"@id\":\"https:\/\/www.suno.com.br\/noticias\/grupo-votorantim-corta-investimentos-r-3-bi-2020\/\"},\"author\":{\"name\":\"Juliano Passaro\",\"@id\":\"https:\/\/www.suno.com.br\/noticias\/#\/schema\/person\/1db762f78ffd8919a648a63e425953e3\"},\"headline\":\"Grupo Votorantim corta investimentos para R$ 3 bi em 2020\",\"datePublished\":\"2020-08-17T10:25:29+00:00\",\"dateModified\":\"2020-08-17T10:26:26+00:00\",\"mainEntityOfPage\":{\"@id\":\"https:\/\/www.suno.com.br\/noticias\/grupo-votorantim-corta-investimentos-r-3-bi-2020\/\"},\"wordCount\":429,\"publisher\":{\"@id\":\"https:\/\/www.suno.com.br\/noticias\/#organization\"},\"image\":{\"@id\":\"https:\/\/www.suno.com.br\/noticias\/grupo-votorantim-corta-investimentos-r-3-bi-2020\/#primaryimage\"},\"thumbnailUrl\":\"https:\/\/files.sunoresearch.com.br\/n\/uploads\/2020\/03\/86d63e16-votorantim-jpg.webp\",\"keywords\":[\"Grupo Votorantim\"],\"articleSection\":[\"Neg\u00f3cios\"],\"inLanguage\":\"pt-BR\"},{\"@type\":\"WebPage\",\"@id\":\"https:\/\/www.suno.com.br\/noticias\/grupo-votorantim-corta-investimentos-r-3-bi-2020\/\",\"url\":\"https:\/\/www.suno.com.br\/noticias\/grupo-votorantim-corta-investimentos-r-3-bi-2020\/\",\"name\":\"Grupo Votorantim corta investimentos para R$ 3 bi em 2020\",\"isPartOf\":{\"@id\":\"https:\/\/www.suno.com.br\/noticias\/#website\"},\"primaryImageOfPage\":{\"@id\":\"https:\/\/www.suno.com.br\/noticias\/grupo-votorantim-corta-investimentos-r-3-bi-2020\/#primaryimage\"},\"image\":{\"@id\":\"https:\/\/www.suno.com.br\/noticias\/grupo-votorantim-corta-investimentos-r-3-bi-2020\/#primaryimage\"},\"thumbnailUrl\":\"https:\/\/files.sunoresearch.com.br\/n\/uploads\/2020\/03\/86d63e16-votorantim-jpg.webp\",\"datePublished\":\"2020-08-17T10:25:29+00:00\",\"dateModified\":\"2020-08-17T10:26:26+00:00\",\"description\":\"O Grupo Votorantim realizou um corte de 25% nos investimentos referentes a 2020, diminuindo o montante de R$ 4 bi para R$ 3 bi. Saiba mais.\",\"breadcrumb\":{\"@id\":\"https:\/\/www.suno.com.br\/noticias\/grupo-votorantim-corta-investimentos-r-3-bi-2020\/#breadcrumb\"},\"inLanguage\":\"pt-BR\",\"potentialAction\":[{\"@type\":\"ReadAction\",\"target\":[\"https:\/\/www.suno.com.br\/noticias\/grupo-votorantim-corta-investimentos-r-3-bi-2020\/\"]}]},{\"@type\":\"ImageObject\",\"inLanguage\":\"pt-BR\",\"@id\":\"https:\/\/www.suno.com.br\/noticias\/grupo-votorantim-corta-investimentos-r-3-bi-2020\/#primaryimage\",\"url\":\"https:\/\/files.sunoresearch.com.br\/n\/uploads\/2020\/03\/86d63e16-votorantim-jpg.webp\",\"contentUrl\":\"https:\/\/files.sunoresearch.com.br\/n\/uploads\/2020\/03\/86d63e16-votorantim-jpg.webp\",\"width\":940,\"height\":529,\"caption\":\"Na semana passada, o grupo Votorantim registrou na Comiss\u00e3o de Valores Mobili\u00e1rios - Foto: Divulga\u00e7\u00e3o Votorantim\"},{\"@type\":\"BreadcrumbList\",\"@id\":\"https:\/\/www.suno.com.br\/noticias\/grupo-votorantim-corta-investimentos-r-3-bi-2020\/#breadcrumb\",\"itemListElement\":[{\"@type\":\"ListItem\",\"position\":1,\"name\":\"Not\u00edcias\",\"item\":\"https:\/\/www.suno.com.br\/noticias\/\"},{\"@type\":\"ListItem\",\"position\":2,\"name\":\"Neg\u00f3cios\",\"item\":\"https:\/\/www.suno.com.br\/noticias\/negocios\/\"},{\"@type\":\"ListItem\",\"position\":3,\"name\":\"Grupo Votorantim corta investimentos para R$ 3 bi em 2020\"}]},{\"@type\":\"WebSite\",\"@id\":\"https:\/\/www.suno.com.br\/noticias\/#website\",\"url\":\"https:\/\/www.suno.com.br\/noticias\/\",\"name\":\"Suno Not\u00edcias\",\"description\":\"Seu portal de informa\u00e7\u00e3o sobre o mundo dos investimentos\",\"publisher\":{\"@id\":\"https:\/\/www.suno.com.br\/noticias\/#organization\"},\"potentialAction\":[{\"@type\":\"SearchAction\",\"target\":{\"@type\":\"EntryPoint\",\"urlTemplate\":\"https:\/\/www.suno.com.br\/noticias\/?s={search_term_string}\"},\"query-input\":{\"@type\":\"PropertyValueSpecification\",\"valueRequired\":true,\"valueName\":\"search_term_string\"}}],\"inLanguage\":\"pt-BR\"},{\"@type\":\"Organization\",\"@id\":\"https:\/\/www.suno.com.br\/noticias\/#organization\",\"name\":\"Suno Not\u00edcias\",\"url\":\"https:\/\/www.suno.com.br\/noticias\/\",\"logo\":{\"@type\":\"ImageObject\",\"inLanguage\":\"pt-BR\",\"@id\":\"https:\/\/www.suno.com.br\/noticias\/#\/schema\/logo\/image\/\",\"url\":\"https:\/\/files.sunoresearch.com.br\/n\/uploads\/2021\/09\/suno-logo.png\",\"contentUrl\":\"https:\/\/files.sunoresearch.com.br\/n\/uploads\/2021\/09\/suno-logo.png\",\"width\":180,\"height\":180,\"caption\":\"Suno Not\u00edcias\"},\"image\":{\"@id\":\"https:\/\/www.suno.com.br\/noticias\/#\/schema\/logo\/image\/\"},\"sameAs\":[\"https:\/\/facebook.com\/sunoresearch\",\"https:\/\/x.com\/sunoresearch\",\"https:\/\/www.instagram.com\/suno\",\"https:\/\/www.linkedin.com\/company\/suno-research\/\",\"https:\/\/www.youtube.com\/c\/sunoresearch\"]},{\"@type\":\"Person\",\"@id\":\"https:\/\/www.suno.com.br\/noticias\/#\/schema\/person\/1db762f78ffd8919a648a63e425953e3\",\"name\":\"Juliano Passaro\",\"image\":{\"@type\":\"ImageObject\",\"inLanguage\":\"pt-BR\",\"@id\":\"https:\/\/www.suno.com.br\/noticias\/#\/schema\/person\/image\/\",\"url\":\"https:\/\/secure.gravatar.com\/avatar\/743d4df28eebf6dcc46b4ad03c319e92?s=96&r=g\",\"contentUrl\":\"https:\/\/secure.gravatar.com\/avatar\/743d4df28eebf6dcc46b4ad03c319e92?s=96&r=g\",\"caption\":\"Juliano Passaro\"},\"description\":\"Juliano Passaro escreve sobre pol\u00edtica, economia e neg\u00f3cios para o portal da Suno Research. Antes da Suno, trabalhou no Portal da Band. \u00c9 formado em jornalismo pela Universidade Presbiteriana Mackenzie.\",\"url\":\"https:\/\/www.suno.com.br\/noticias\/author\/juliano\/\"}]}<\/script>\n<!-- \/ Yoast SEO plugin. -->","yoast_head_json":{"title":"Grupo Votorantim corta investimentos para R$ 3 bi em 2020","description":"O Grupo Votorantim realizou um corte de 25% nos investimentos referentes a 2020, diminuindo o montante de R$ 4 bi para R$ 3 bi. Saiba mais.","robots":{"index":"index","follow":"follow","max-snippet":"max-snippet:-1","max-image-preview":"max-image-preview:large","max-video-preview":"max-video-preview:-1"},"canonical":"https:\/\/www.suno.com.br\/noticias\/grupo-votorantim-corta-investimentos-r-3-bi-2020\/","og_locale":"pt_BR","og_type":"article","og_title":"Grupo Votorantim corta investimentos para R$ 3 bi em 2020","og_description":"O Grupo Votorantim realizou um corte de 25% nos investimentos referentes a 2020, diminuindo o montante de R$ 4 bi para R$ 3 bi. Saiba mais.","og_url":"https:\/\/www.suno.com.br\/noticias\/grupo-votorantim-corta-investimentos-r-3-bi-2020\/","og_site_name":"Suno Not\u00edcias","article_publisher":"https:\/\/facebook.com\/sunoresearch","og_image":[{"width":940,"height":529,"url":"https:\/\/files.sunoresearch.com.br\/n\/uploads\/2020\/03\/86d63e16-votorantim.jpg","type":"image\/jpeg"}],"author":"Juliano Passaro","twitter_card":"summary_large_image","twitter_creator":"@sunoresearch","twitter_site":"@sunoresearch","twitter_misc":{"Escrito por":"Juliano Passaro","Est. tempo de leitura":"2 minutos"},"schema":{"@context":"https:\/\/schema.org","@graph":[{"@type":"NewsArticle","@id":"https:\/\/www.suno.com.br\/noticias\/grupo-votorantim-corta-investimentos-r-3-bi-2020\/#article","isPartOf":{"@id":"https:\/\/www.suno.com.br\/noticias\/grupo-votorantim-corta-investimentos-r-3-bi-2020\/"},"author":{"name":"Juliano Passaro","@id":"https:\/\/www.suno.com.br\/noticias\/#\/schema\/person\/1db762f78ffd8919a648a63e425953e3"},"headline":"Grupo Votorantim corta investimentos para R$ 3 bi em 2020","datePublished":"2020-08-17T10:25:29+00:00","dateModified":"2020-08-17T10:26:26+00:00","mainEntityOfPage":{"@id":"https:\/\/www.suno.com.br\/noticias\/grupo-votorantim-corta-investimentos-r-3-bi-2020\/"},"wordCount":429,"publisher":{"@id":"https:\/\/www.suno.com.br\/noticias\/#organization"},"image":{"@id":"https:\/\/www.suno.com.br\/noticias\/grupo-votorantim-corta-investimentos-r-3-bi-2020\/#primaryimage"},"thumbnailUrl":"https:\/\/files.sunoresearch.com.br\/n\/uploads\/2020\/03\/86d63e16-votorantim-jpg.webp","keywords":["Grupo Votorantim"],"articleSection":["Neg\u00f3cios"],"inLanguage":"pt-BR"},{"@type":"WebPage","@id":"https:\/\/www.suno.com.br\/noticias\/grupo-votorantim-corta-investimentos-r-3-bi-2020\/","url":"https:\/\/www.suno.com.br\/noticias\/grupo-votorantim-corta-investimentos-r-3-bi-2020\/","name":"Grupo Votorantim corta investimentos para R$ 3 bi em 2020","isPartOf":{"@id":"https:\/\/www.suno.com.br\/noticias\/#website"},"primaryImageOfPage":{"@id":"https:\/\/www.suno.com.br\/noticias\/grupo-votorantim-corta-investimentos-r-3-bi-2020\/#primaryimage"},"image":{"@id":"https:\/\/www.suno.com.br\/noticias\/grupo-votorantim-corta-investimentos-r-3-bi-2020\/#primaryimage"},"thumbnailUrl":"https:\/\/files.sunoresearch.com.br\/n\/uploads\/2020\/03\/86d63e16-votorantim-jpg.webp","datePublished":"2020-08-17T10:25:29+00:00","dateModified":"2020-08-17T10:26:26+00:00","description":"O Grupo Votorantim realizou um corte de 25% nos investimentos referentes a 2020, diminuindo o montante de R$ 4 bi para R$ 3 bi. Saiba mais.","breadcrumb":{"@id":"https:\/\/www.suno.com.br\/noticias\/grupo-votorantim-corta-investimentos-r-3-bi-2020\/#breadcrumb"},"inLanguage":"pt-BR","potentialAction":[{"@type":"ReadAction","target":["https:\/\/www.suno.com.br\/noticias\/grupo-votorantim-corta-investimentos-r-3-bi-2020\/"]}]},{"@type":"ImageObject","inLanguage":"pt-BR","@id":"https:\/\/www.suno.com.br\/noticias\/grupo-votorantim-corta-investimentos-r-3-bi-2020\/#primaryimage","url":"https:\/\/files.sunoresearch.com.br\/n\/uploads\/2020\/03\/86d63e16-votorantim-jpg.webp","contentUrl":"https:\/\/files.sunoresearch.com.br\/n\/uploads\/2020\/03\/86d63e16-votorantim-jpg.webp","width":940,"height":529,"caption":"Na semana passada, o grupo Votorantim registrou na Comiss\u00e3o de Valores Mobili\u00e1rios - Foto: Divulga\u00e7\u00e3o Votorantim"},{"@type":"BreadcrumbList","@id":"https:\/\/www.suno.com.br\/noticias\/grupo-votorantim-corta-investimentos-r-3-bi-2020\/#breadcrumb","itemListElement":[{"@type":"ListItem","position":1,"name":"Not\u00edcias","item":"https:\/\/www.suno.com.br\/noticias\/"},{"@type":"ListItem","position":2,"name":"Neg\u00f3cios","item":"https:\/\/www.suno.com.br\/noticias\/negocios\/"},{"@type":"ListItem","position":3,"name":"Grupo Votorantim corta investimentos para R$ 3 bi em 2020"}]},{"@type":"WebSite","@id":"https:\/\/www.suno.com.br\/noticias\/#website","url":"https:\/\/www.suno.com.br\/noticias\/","name":"Suno Not\u00edcias","description":"Seu portal de informa\u00e7\u00e3o sobre o mundo dos investimentos","publisher":{"@id":"https:\/\/www.suno.com.br\/noticias\/#organization"},"potentialAction":[{"@type":"SearchAction","target":{"@type":"EntryPoint","urlTemplate":"https:\/\/www.suno.com.br\/noticias\/?s={search_term_string}"},"query-input":{"@type":"PropertyValueSpecification","valueRequired":true,"valueName":"search_term_string"}}],"inLanguage":"pt-BR"},{"@type":"Organization","@id":"https:\/\/www.suno.com.br\/noticias\/#organization","name":"Suno Not\u00edcias","url":"https:\/\/www.suno.com.br\/noticias\/","logo":{"@type":"ImageObject","inLanguage":"pt-BR","@id":"https:\/\/www.suno.com.br\/noticias\/#\/schema\/logo\/image\/","url":"https:\/\/files.sunoresearch.com.br\/n\/uploads\/2021\/09\/suno-logo.png","contentUrl":"https:\/\/files.sunoresearch.com.br\/n\/uploads\/2021\/09\/suno-logo.png","width":180,"height":180,"caption":"Suno Not\u00edcias"},"image":{"@id":"https:\/\/www.suno.com.br\/noticias\/#\/schema\/logo\/image\/"},"sameAs":["https:\/\/facebook.com\/sunoresearch","https:\/\/x.com\/sunoresearch","https:\/\/www.instagram.com\/suno","https:\/\/www.linkedin.com\/company\/suno-research\/","https:\/\/www.youtube.com\/c\/sunoresearch"]},{"@type":"Person","@id":"https:\/\/www.suno.com.br\/noticias\/#\/schema\/person\/1db762f78ffd8919a648a63e425953e3","name":"Juliano Passaro","image":{"@type":"ImageObject","inLanguage":"pt-BR","@id":"https:\/\/www.suno.com.br\/noticias\/#\/schema\/person\/image\/","url":"https:\/\/secure.gravatar.com\/avatar\/743d4df28eebf6dcc46b4ad03c319e92?s=96&r=g","contentUrl":"https:\/\/secure.gravatar.com\/avatar\/743d4df28eebf6dcc46b4ad03c319e92?s=96&r=g","caption":"Juliano Passaro"},"description":"Juliano Passaro escreve sobre pol\u00edtica, economia e neg\u00f3cios para o portal da Suno Research. Antes da Suno, trabalhou no Portal da Band. \u00c9 formado em jornalismo pela Universidade Presbiteriana Mackenzie.","url":"https:\/\/www.suno.com.br\/noticias\/author\/juliano\/"}]}},"default_loop_html":"<div class=\"cardsPage__listCard__boxs\"><div class=\"cardsPage__listCard__boxs__img\"><a href=\"https:\/\/www.suno.com.br\/noticias\/grupo-votorantim-corta-investimentos-r-3-bi-2020\/\"><img class=\"mask\" src=\"https:\/\/www.suno.com.br\/noticias\/wp-content\/themes\/suno\/resources\/images\/spotlight\/spotlight1img\/bg-mask.png\" alt=\"Image Mask\"\/><img src=\"https:\/\/files.sunoresearch.com.br\/n\/uploads\/2020\/03\/86d63e16-votorantim-400x200.webp\" alt=\"Grupo Votorantim corta investimentos para R$ 3 bi em 2020\"\/><\/a><span class=\"spotlightCategory\"><a href=\"https:\/\/www.suno.com.br\/noticias\/negocios\/\">Neg\u00f3cios<\/a><\/span><\/div><div class=\"cardsPage__listCard__boxs__content\"><a href=\"https:\/\/www.suno.com.br\/noticias\/grupo-votorantim-corta-investimentos-r-3-bi-2020\/\"><h2 class=\"content__title\">Grupo Votorantim corta investimentos para R$ 3 bi em 2020<\/h2><\/a><div class=\"newsContent__article__meta\"><div class=\"newsContent__article__meta__authorBox\"><a href=\"https:\/\/www.suno.com.br\/noticias\/author\/juliano\/\" class=\"authorBox__avatar noMobi\"><img src=\"https:\/\/files.sunoresearch.com.br\/n\/uploads\/2019\/06\/7cc3efea-whatsapp-image-2019-07-18-at-21.59.33-e1563499821209-150x150.webp\" alt=\"Juliano Passaro\"><\/a><div class=\"authorBox__name\"><span>por\n\t\t\t<a href=\"https:\/\/www.suno.com.br\/noticias\/author\/juliano\/\"><span itemprop=\"author\">Juliano Passaro<\/span><\/a><\/span><time datetime=\"2020-08-17T07:25:29-03:00\" itemprop=\"datePublished\">17\/08\/2020 07:25<\/time><\/div><\/div><\/div><\/div><\/div>","single_layout":"posts","amp_enabled":true,"_links":{"self":[{"href":"https:\/\/www.suno.com.br\/noticias\/wp-json\/wp\/v2\/posts\/78646"}],"collection":[{"href":"https:\/\/www.suno.com.br\/noticias\/wp-json\/wp\/v2\/posts"}],"about":[{"href":"https:\/\/www.suno.com.br\/noticias\/wp-json\/wp\/v2\/types\/post"}],"author":[{"embeddable":true,"href":"https:\/\/www.suno.com.br\/noticias\/wp-json\/wp\/v2\/users\/19"}],"replies":[{"embeddable":true,"href":"https:\/\/www.suno.com.br\/noticias\/wp-json\/wp\/v2\/comments?post=78646"}],"version-history":[{"count":0,"href":"https:\/\/www.suno.com.br\/noticias\/wp-json\/wp\/v2\/posts\/78646\/revisions"}],"wp:featuredmedia":[{"embeddable":true,"href":"https:\/\/www.suno.com.br\/noticias\/wp-json\/wp\/v2\/media\/59486"}],"wp:attachment":[{"href":"https:\/\/www.suno.com.br\/noticias\/wp-json\/wp\/v2\/media?parent=78646"}],"wp:term":[{"taxonomy":"category","embeddable":true,"href":"https:\/\/www.suno.com.br\/noticias\/wp-json\/wp\/v2\/categories?post=78646"},{"taxonomy":"post_tag","embeddable":true,"href":"https:\/\/www.suno.com.br\/noticias\/wp-json\/wp\/v2\/tags?post=78646"},{"taxonomy":"suno_strategy","embeddable":true,"href":"https:\/\/www.suno.com.br\/noticias\/wp-json\/wp\/v2\/suno_strategy?post=78646"}],"curies":[{"name":"wp","href":"https:\/\/api.w.org\/{rel}","templated":true}]}}