{"id":78640,"date":"2020-08-16T13:36:25","date_gmt":"2020-08-16T16:36:25","guid":{"rendered":"https:\/\/www.suno.com.br\/noticias\/?p=78640"},"modified":"2020-08-16T13:36:25","modified_gmt":"2020-08-16T16:36:25","slug":"anac-retorno-operacoes-boeing-737-max-brasil","status":"publish","type":"post","link":"https:\/\/www.suno.com.br\/noticias\/anac-retorno-operacoes-boeing-737-max-brasil\/","title":{"rendered":"Anac analisa retorno das opera\u00e7\u00f5es do Boeing 737 Max no Brasil"},"content":{"rendered":"<p>A Ag\u00eancia Nacional de Avia\u00e7\u00e3o Civil (Anac) informou nesta sexta-feira (14) que j\u00e1 avalia o retorno das opera\u00e7\u00f5es do <strong>Boeing<\/strong> 737-8 MAX, modelo que foi proibido de al\u00e7ar voo ap\u00f3s estar envolvido em dois acidentes fatais.<\/p>\t<div class=\"wrapper-featured-image\">\n\t\t<figure class=\"spotlightImg\">\n\n\t\t\t<picture>\n\t\t\t\t<source media=\"(max-width: 768px)\" srcset=\"https:\/\/files.sunoresearch.com.br\/n\/uploads\/2020\/08\/c5796e0a-737_max_gol-400x200.webp\">\n\t\t\t\t<img loading=\"lazy\" decoding=\"async\" class=\"newsContent__article__imgCapa lazyloadDisabled \" src=\"https:\/\/files.sunoresearch.com.br\/n\/uploads\/2020\/08\/c5796e0a-737_max_gol-png.webp\" width=\"800\" height=\"450\" alt=\"Anac analisa retorno das opera\u00e7\u00f5es do Boeing 737 Max no Brasil\" fetchpriority=high \/>\n\t\t\t<\/picture>\n\n\t\t\t<figcaption class=\"wp-caption-text wp-caption-text--show\">Gol (Foto: Divulga\u00e7\u00e3o)<\/figcaption>\n\t\t<\/figure>\n\t<\/div>\n\n\n<div class=\"hubspot-form-wrapper\">\n\t<div id=\"single-form-target\"><\/div>\n<\/div>\n\n<p>Conforme comunicado oficial do \u00f3rg\u00e3o regulador, a Anac ir\u00e1 analisar uma \u201cuma proposta de modifica\u00e7\u00e3o do sistema de controle de voo\u201d da aeronave da Boeing, encaminhada pela norte-americana Federal Aviation Administration (FAA) em 3 de agosto.<\/p>\n<p>As mesma diretrizes foram enviadas a outras autoridades reguladoras do setor de avia\u00e7\u00e3o do mundo, que juntas integram um comit\u00ea para autorizar o retorno das opera\u00e7\u00f5es do modelo.<\/p>\n<p><a href=\"https:\/\/lp.suno.com.br\/suno-one\/\">Suno One: acesse gratuitamente eBooks, Minicursos, Artigos e Video Aulas sobre investimentos com um \u00fanico cadastro. Clique para saber mais!<\/a><\/p>\n<p>\u201cEsse material deve ficar sob consulta por um per\u00edodo de 45 dias, quando a FAA publicar\u00e1 a regra final correspondente, contendo as instru\u00e7\u00f5es de cumprimento mandat\u00f3rio necess\u00e1rias para o retorno seguro \u00e0s opera\u00e7\u00f5es destas aeronaves. No Brasil, a volta das opera\u00e7\u00f5es deste tipo de modelo ainda passar\u00e1 por valida\u00e7\u00e3o final da ANAC, que desde abril de 2019 faz parte do grupo de autoridades validadoras\u201d, detalhou a Anac.<\/p>\n<p>Por aqui, somente a <a href=\"https:\/\/www.suno.com.br\/acoes\/goll4\/\"><strong>Gol<\/strong> (GOLL4)<\/a> utiliza o modelo de avi\u00e3o, dispondo de um total de sete unidades em sua frota. Todas as aeronaves est\u00e3o estacionadas desde o in\u00edcio do ano passado.<\/p>\n<h2>Investiga\u00e7\u00f5es apontam para falhas no software do Boeing 737 Max<\/h2>\n<p>O modelo foi impedido de levantar voo depois de se envolver em dois acidentes fatais, na Eti\u00f3pia e na Indon\u00e9sia. Os acidentes levaram a a\u00e7\u00f5es judiciais, investiga\u00e7\u00f5es do Congresso e do Departamento de Justi\u00e7a dos Estados Unidos , al\u00e9m de cortar um importante <a href=\"https:\/\/www.suno.com.br\/artigos\/receita-bruta\/\">fonte de receita<\/a> da fabricante norte-americana.<\/p>\n\t<div data-element=\"shortcode-read-more\" class=\"knowMore\">\n\t\t\t\t<span class=\"knowMore__title\">Saiba mais<\/span>\n\t\t\t\t<a class=\"knowMore__link\" href=\"https:\/\/www.suno.com.br\/noticias\/boeing-registra-mais-cancelamentos-vendas-2020\/\">\n\t\t\tBoeing registra mais cancelamentos que vendas em 2020\t\t<\/a>\n\t<\/div>\n\n\n<p>Em rela\u00e7\u00e3o \u00e0s fatalidades, as investiga\u00e7\u00f5es apontaram que ambas foram provocadas por falhas no software conhecido como MCAS (Maneuvering Characteristics Augmentation System ou Sistema de Aumento das Carater\u00edsticas de Manobra), que for\u00e7aram \u00e2ngulos inapropriados e dificultaram a retomada da trajet\u00f3ria correta por parte dos pilotos.<\/p>\n<p>A <strong>Boeing<\/strong>, por sua vez, comunicou ter realizado uma revis\u00e3o nos c\u00f3digos do sistema para evitar que o problema volte a acontecer.<\/p>\n\t<p>\n\t\t<a href=\"https:\/\/lp.suno.com.br\/planilha-de-controle-de-investimentos\/\" target=\"_blank\" data-element=\"shortcode-suno-banner\" title=\"Banner SUNO, clique e saiba mais\">\n\t\t\t<picture>\n\t\t\t\t<source media=\"(max-width: 500px)\" srcset=\"https:\/\/files.sunoresearch.com.br\/n\/uploads\/2023\/03\/400x300-Controle-de-Investimentos.png\">\n\t\t\t\t<img class=\"newsContent__article__imgCapa newsContent__article__imgCapa--banner\"\n\t\t\t\t\tsrc=\"https:\/\/files.sunoresearch.com.br\/n\/uploads\/2023\/03\/1420x240-Controle-de-Investimentos.png\"\n\t\t\t\t\tdata-promo-id=\"75934\"\t\t\t\t\t\t\t\t\t\twidth='1420' height='240'\t\t\t\t\talt=\"https:\/\/files.sunoresearch.com.br\/n\/uploads\/2023\/03\/1420x240-Controle-de-Investimentos.png\"\n\t\t\t\t>\n\t\t\t<\/picture>\n\t\t<\/a>\n\t<\/p>\n\n\n","protected":false},"excerpt":{"rendered":"<p>A Ag\u00eancia Nacional de Avia\u00e7\u00e3o Civil (Anac) informou nesta sexta-feira (14) que j\u00e1 avalia o retorno das opera\u00e7\u00f5es do Boeing 737-8 MAX, modelo que foi proibido de al\u00e7ar voo ap\u00f3s estar envolvido em dois acidentes fatais. Gol (Foto: Divulga\u00e7\u00e3o) Conforme comunicado oficial do \u00f3rg\u00e3o regulador, a Anac ir\u00e1 analisar uma \u201cuma proposta de modifica\u00e7\u00e3o do [&hellip;]<\/p>\n","protected":false},"author":35,"featured_media":78642,"comment_status":"closed","ping_status":"closed","sticky":false,"template":"","format":"standard","meta":[],"categories":[64],"tags":[1382,1013,828],"suno_strategy":[],"class_list":["post-78640","post","type-post","status-publish","format-standard","has-post-thumbnail","hentry","category-negocios","tag-737-max","tag-anac","tag-boeing-boei34"],"yoast_head":"<!-- This site is optimized with the Yoast SEO plugin v24.4 - https:\/\/yoast.com\/wordpress\/plugins\/seo\/ -->\n<title>Anac analisa retorno das opera\u00e7\u00f5es do Boeing 737 Max no Brasil<\/title>\n<meta name=\"description\" content=\"A Ag\u00eancia Nacional de Avia\u00e7\u00e3o Civil informou que j\u00e1 avalia o retorno das opera\u00e7\u00f5es do Boeing 737-8 MAX. Clique para saber mais\" \/>\n<meta name=\"robots\" content=\"index, follow, max-snippet:-1, max-image-preview:large, max-video-preview:-1\" \/>\n<link rel=\"canonical\" href=\"https:\/\/www.suno.com.br\/noticias\/anac-retorno-operacoes-boeing-737-max-brasil\/\" \/>\n<meta property=\"og:locale\" content=\"pt_BR\" \/>\n<meta property=\"og:type\" content=\"article\" \/>\n<meta property=\"og:title\" content=\"Anac analisa retorno das opera\u00e7\u00f5es do Boeing 737 Max no Brasil\" \/>\n<meta property=\"og:description\" content=\"A Ag\u00eancia Nacional de Avia\u00e7\u00e3o Civil informou que j\u00e1 avalia o retorno das opera\u00e7\u00f5es do Boeing 737-8 MAX. Clique para saber mais\" \/>\n<meta property=\"og:url\" content=\"https:\/\/www.suno.com.br\/noticias\/anac-retorno-operacoes-boeing-737-max-brasil\/\" \/>\n<meta property=\"og:site_name\" content=\"Suno Not\u00edcias\" \/>\n<meta property=\"article:publisher\" content=\"https:\/\/facebook.com\/sunoresearch\" \/>\n<meta property=\"og:image\" content=\"https:\/\/files.sunoresearch.com.br\/n\/uploads\/2020\/08\/c5796e0a-737_max_gol.png\" \/>\n\t<meta property=\"og:image:width\" content=\"680\" \/>\n\t<meta property=\"og:image:height\" content=\"365\" \/>\n\t<meta property=\"og:image:type\" content=\"image\/png\" \/>\n<meta name=\"author\" content=\"Arthur Guimar\u00e3es\" \/>\n<meta name=\"twitter:card\" content=\"summary_large_image\" \/>\n<meta name=\"twitter:creator\" content=\"@sunoresearch\" \/>\n<meta name=\"twitter:site\" content=\"@sunoresearch\" \/>\n<meta name=\"twitter:label1\" content=\"Escrito por\" \/>\n\t<meta name=\"twitter:data1\" content=\"Arthur Guimar\u00e3es\" \/>\n\t<meta name=\"twitter:label2\" content=\"Est. tempo de leitura\" \/>\n\t<meta name=\"twitter:data2\" content=\"2 minutos\" \/>\n<script type=\"application\/ld+json\" class=\"yoast-schema-graph\">{\"@context\":\"https:\/\/schema.org\",\"@graph\":[{\"@type\":\"NewsArticle\",\"@id\":\"https:\/\/www.suno.com.br\/noticias\/anac-retorno-operacoes-boeing-737-max-brasil\/#article\",\"isPartOf\":{\"@id\":\"https:\/\/www.suno.com.br\/noticias\/anac-retorno-operacoes-boeing-737-max-brasil\/\"},\"author\":{\"name\":\"Arthur Guimar\u00e3es\",\"@id\":\"https:\/\/www.suno.com.br\/noticias\/#\/schema\/person\/053a750a709a263919a20f976caae91c\"},\"headline\":\"Anac analisa retorno das opera\u00e7\u00f5es do Boeing 737 Max no Brasil\",\"datePublished\":\"2020-08-16T16:36:25+00:00\",\"mainEntityOfPage\":{\"@id\":\"https:\/\/www.suno.com.br\/noticias\/anac-retorno-operacoes-boeing-737-max-brasil\/\"},\"wordCount\":406,\"publisher\":{\"@id\":\"https:\/\/www.suno.com.br\/noticias\/#organization\"},\"image\":{\"@id\":\"https:\/\/www.suno.com.br\/noticias\/anac-retorno-operacoes-boeing-737-max-brasil\/#primaryimage\"},\"thumbnailUrl\":\"https:\/\/files.sunoresearch.com.br\/n\/uploads\/2020\/08\/c5796e0a-737_max_gol-png.webp\",\"keywords\":[\"737 max\",\"Anac\",\"Boeing (BOEI34)\"],\"articleSection\":[\"Neg\u00f3cios\"],\"inLanguage\":\"pt-BR\"},{\"@type\":\"WebPage\",\"@id\":\"https:\/\/www.suno.com.br\/noticias\/anac-retorno-operacoes-boeing-737-max-brasil\/\",\"url\":\"https:\/\/www.suno.com.br\/noticias\/anac-retorno-operacoes-boeing-737-max-brasil\/\",\"name\":\"Anac analisa retorno das opera\u00e7\u00f5es do Boeing 737 Max no Brasil\",\"isPartOf\":{\"@id\":\"https:\/\/www.suno.com.br\/noticias\/#website\"},\"primaryImageOfPage\":{\"@id\":\"https:\/\/www.suno.com.br\/noticias\/anac-retorno-operacoes-boeing-737-max-brasil\/#primaryimage\"},\"image\":{\"@id\":\"https:\/\/www.suno.com.br\/noticias\/anac-retorno-operacoes-boeing-737-max-brasil\/#primaryimage\"},\"thumbnailUrl\":\"https:\/\/files.sunoresearch.com.br\/n\/uploads\/2020\/08\/c5796e0a-737_max_gol-png.webp\",\"datePublished\":\"2020-08-16T16:36:25+00:00\",\"description\":\"A Ag\u00eancia Nacional de Avia\u00e7\u00e3o Civil informou que j\u00e1 avalia o retorno das opera\u00e7\u00f5es do Boeing 737-8 MAX. Clique para saber mais\",\"breadcrumb\":{\"@id\":\"https:\/\/www.suno.com.br\/noticias\/anac-retorno-operacoes-boeing-737-max-brasil\/#breadcrumb\"},\"inLanguage\":\"pt-BR\",\"potentialAction\":[{\"@type\":\"ReadAction\",\"target\":[\"https:\/\/www.suno.com.br\/noticias\/anac-retorno-operacoes-boeing-737-max-brasil\/\"]}]},{\"@type\":\"ImageObject\",\"inLanguage\":\"pt-BR\",\"@id\":\"https:\/\/www.suno.com.br\/noticias\/anac-retorno-operacoes-boeing-737-max-brasil\/#primaryimage\",\"url\":\"https:\/\/files.sunoresearch.com.br\/n\/uploads\/2020\/08\/c5796e0a-737_max_gol-png.webp\",\"contentUrl\":\"https:\/\/files.sunoresearch.com.br\/n\/uploads\/2020\/08\/c5796e0a-737_max_gol-png.webp\",\"width\":680,\"height\":365,\"caption\":\"Gol (Foto: Divulga\u00e7\u00e3o)\"},{\"@type\":\"BreadcrumbList\",\"@id\":\"https:\/\/www.suno.com.br\/noticias\/anac-retorno-operacoes-boeing-737-max-brasil\/#breadcrumb\",\"itemListElement\":[{\"@type\":\"ListItem\",\"position\":1,\"name\":\"Not\u00edcias\",\"item\":\"https:\/\/www.suno.com.br\/noticias\/\"},{\"@type\":\"ListItem\",\"position\":2,\"name\":\"Neg\u00f3cios\",\"item\":\"https:\/\/www.suno.com.br\/noticias\/negocios\/\"},{\"@type\":\"ListItem\",\"position\":3,\"name\":\"Anac analisa retorno das opera\u00e7\u00f5es do Boeing 737 Max no Brasil\"}]},{\"@type\":\"WebSite\",\"@id\":\"https:\/\/www.suno.com.br\/noticias\/#website\",\"url\":\"https:\/\/www.suno.com.br\/noticias\/\",\"name\":\"Suno Not\u00edcias\",\"description\":\"Seu portal de informa\u00e7\u00e3o sobre o mundo dos investimentos\",\"publisher\":{\"@id\":\"https:\/\/www.suno.com.br\/noticias\/#organization\"},\"potentialAction\":[{\"@type\":\"SearchAction\",\"target\":{\"@type\":\"EntryPoint\",\"urlTemplate\":\"https:\/\/www.suno.com.br\/noticias\/?s={search_term_string}\"},\"query-input\":{\"@type\":\"PropertyValueSpecification\",\"valueRequired\":true,\"valueName\":\"search_term_string\"}}],\"inLanguage\":\"pt-BR\"},{\"@type\":\"Organization\",\"@id\":\"https:\/\/www.suno.com.br\/noticias\/#organization\",\"name\":\"Suno Not\u00edcias\",\"url\":\"https:\/\/www.suno.com.br\/noticias\/\",\"logo\":{\"@type\":\"ImageObject\",\"inLanguage\":\"pt-BR\",\"@id\":\"https:\/\/www.suno.com.br\/noticias\/#\/schema\/logo\/image\/\",\"url\":\"https:\/\/files.sunoresearch.com.br\/n\/uploads\/2021\/09\/suno-logo.png\",\"contentUrl\":\"https:\/\/files.sunoresearch.com.br\/n\/uploads\/2021\/09\/suno-logo.png\",\"width\":180,\"height\":180,\"caption\":\"Suno Not\u00edcias\"},\"image\":{\"@id\":\"https:\/\/www.suno.com.br\/noticias\/#\/schema\/logo\/image\/\"},\"sameAs\":[\"https:\/\/facebook.com\/sunoresearch\",\"https:\/\/x.com\/sunoresearch\",\"https:\/\/www.instagram.com\/suno\",\"https:\/\/www.linkedin.com\/company\/suno-research\/\",\"https:\/\/www.youtube.com\/c\/sunoresearch\"]},{\"@type\":\"Person\",\"@id\":\"https:\/\/www.suno.com.br\/noticias\/#\/schema\/person\/053a750a709a263919a20f976caae91c\",\"name\":\"Arthur Guimar\u00e3es\",\"image\":{\"@type\":\"ImageObject\",\"inLanguage\":\"pt-BR\",\"@id\":\"https:\/\/www.suno.com.br\/noticias\/#\/schema\/person\/image\/\",\"url\":\"https:\/\/secure.gravatar.com\/avatar\/1affd86a11209ae09eb6dd3bcad3e96c?s=96&r=g\",\"contentUrl\":\"https:\/\/secure.gravatar.com\/avatar\/1affd86a11209ae09eb6dd3bcad3e96c?s=96&r=g\",\"caption\":\"Arthur Guimar\u00e3es\"},\"description\":\"Arthur Guimar\u00e3es escreve sobre pol\u00edtica, economia e neg\u00f3cios para o portal de not\u00edcias da Suno Research. Atualmente, \u00e9 estudante de jornalismo pela Faculdade C\u00e1sper L\u00edbero.\",\"url\":\"https:\/\/www.suno.com.br\/noticias\/author\/arthur-guimaraes\/\"}]}<\/script>\n<!-- \/ Yoast SEO plugin. -->","yoast_head_json":{"title":"Anac analisa retorno das opera\u00e7\u00f5es do Boeing 737 Max no Brasil","description":"A Ag\u00eancia Nacional de Avia\u00e7\u00e3o Civil informou que j\u00e1 avalia o retorno das opera\u00e7\u00f5es do Boeing 737-8 MAX. Clique para saber mais","robots":{"index":"index","follow":"follow","max-snippet":"max-snippet:-1","max-image-preview":"max-image-preview:large","max-video-preview":"max-video-preview:-1"},"canonical":"https:\/\/www.suno.com.br\/noticias\/anac-retorno-operacoes-boeing-737-max-brasil\/","og_locale":"pt_BR","og_type":"article","og_title":"Anac analisa retorno das opera\u00e7\u00f5es do Boeing 737 Max no Brasil","og_description":"A Ag\u00eancia Nacional de Avia\u00e7\u00e3o Civil informou que j\u00e1 avalia o retorno das opera\u00e7\u00f5es do Boeing 737-8 MAX. Clique para saber mais","og_url":"https:\/\/www.suno.com.br\/noticias\/anac-retorno-operacoes-boeing-737-max-brasil\/","og_site_name":"Suno Not\u00edcias","article_publisher":"https:\/\/facebook.com\/sunoresearch","og_image":[{"width":680,"height":365,"url":"https:\/\/files.sunoresearch.com.br\/n\/uploads\/2020\/08\/c5796e0a-737_max_gol.png","type":"image\/png"}],"author":"Arthur Guimar\u00e3es","twitter_card":"summary_large_image","twitter_creator":"@sunoresearch","twitter_site":"@sunoresearch","twitter_misc":{"Escrito por":"Arthur Guimar\u00e3es","Est. tempo de leitura":"2 minutos"},"schema":{"@context":"https:\/\/schema.org","@graph":[{"@type":"NewsArticle","@id":"https:\/\/www.suno.com.br\/noticias\/anac-retorno-operacoes-boeing-737-max-brasil\/#article","isPartOf":{"@id":"https:\/\/www.suno.com.br\/noticias\/anac-retorno-operacoes-boeing-737-max-brasil\/"},"author":{"name":"Arthur Guimar\u00e3es","@id":"https:\/\/www.suno.com.br\/noticias\/#\/schema\/person\/053a750a709a263919a20f976caae91c"},"headline":"Anac analisa retorno das opera\u00e7\u00f5es do Boeing 737 Max no Brasil","datePublished":"2020-08-16T16:36:25+00:00","mainEntityOfPage":{"@id":"https:\/\/www.suno.com.br\/noticias\/anac-retorno-operacoes-boeing-737-max-brasil\/"},"wordCount":406,"publisher":{"@id":"https:\/\/www.suno.com.br\/noticias\/#organization"},"image":{"@id":"https:\/\/www.suno.com.br\/noticias\/anac-retorno-operacoes-boeing-737-max-brasil\/#primaryimage"},"thumbnailUrl":"https:\/\/files.sunoresearch.com.br\/n\/uploads\/2020\/08\/c5796e0a-737_max_gol-png.webp","keywords":["737 max","Anac","Boeing (BOEI34)"],"articleSection":["Neg\u00f3cios"],"inLanguage":"pt-BR"},{"@type":"WebPage","@id":"https:\/\/www.suno.com.br\/noticias\/anac-retorno-operacoes-boeing-737-max-brasil\/","url":"https:\/\/www.suno.com.br\/noticias\/anac-retorno-operacoes-boeing-737-max-brasil\/","name":"Anac analisa retorno das opera\u00e7\u00f5es do Boeing 737 Max no Brasil","isPartOf":{"@id":"https:\/\/www.suno.com.br\/noticias\/#website"},"primaryImageOfPage":{"@id":"https:\/\/www.suno.com.br\/noticias\/anac-retorno-operacoes-boeing-737-max-brasil\/#primaryimage"},"image":{"@id":"https:\/\/www.suno.com.br\/noticias\/anac-retorno-operacoes-boeing-737-max-brasil\/#primaryimage"},"thumbnailUrl":"https:\/\/files.sunoresearch.com.br\/n\/uploads\/2020\/08\/c5796e0a-737_max_gol-png.webp","datePublished":"2020-08-16T16:36:25+00:00","description":"A Ag\u00eancia Nacional de Avia\u00e7\u00e3o Civil informou que j\u00e1 avalia o retorno das opera\u00e7\u00f5es do Boeing 737-8 MAX. Clique para saber mais","breadcrumb":{"@id":"https:\/\/www.suno.com.br\/noticias\/anac-retorno-operacoes-boeing-737-max-brasil\/#breadcrumb"},"inLanguage":"pt-BR","potentialAction":[{"@type":"ReadAction","target":["https:\/\/www.suno.com.br\/noticias\/anac-retorno-operacoes-boeing-737-max-brasil\/"]}]},{"@type":"ImageObject","inLanguage":"pt-BR","@id":"https:\/\/www.suno.com.br\/noticias\/anac-retorno-operacoes-boeing-737-max-brasil\/#primaryimage","url":"https:\/\/files.sunoresearch.com.br\/n\/uploads\/2020\/08\/c5796e0a-737_max_gol-png.webp","contentUrl":"https:\/\/files.sunoresearch.com.br\/n\/uploads\/2020\/08\/c5796e0a-737_max_gol-png.webp","width":680,"height":365,"caption":"Gol (Foto: Divulga\u00e7\u00e3o)"},{"@type":"BreadcrumbList","@id":"https:\/\/www.suno.com.br\/noticias\/anac-retorno-operacoes-boeing-737-max-brasil\/#breadcrumb","itemListElement":[{"@type":"ListItem","position":1,"name":"Not\u00edcias","item":"https:\/\/www.suno.com.br\/noticias\/"},{"@type":"ListItem","position":2,"name":"Neg\u00f3cios","item":"https:\/\/www.suno.com.br\/noticias\/negocios\/"},{"@type":"ListItem","position":3,"name":"Anac analisa retorno das opera\u00e7\u00f5es do Boeing 737 Max no Brasil"}]},{"@type":"WebSite","@id":"https:\/\/www.suno.com.br\/noticias\/#website","url":"https:\/\/www.suno.com.br\/noticias\/","name":"Suno Not\u00edcias","description":"Seu portal de informa\u00e7\u00e3o sobre o mundo dos investimentos","publisher":{"@id":"https:\/\/www.suno.com.br\/noticias\/#organization"},"potentialAction":[{"@type":"SearchAction","target":{"@type":"EntryPoint","urlTemplate":"https:\/\/www.suno.com.br\/noticias\/?s={search_term_string}"},"query-input":{"@type":"PropertyValueSpecification","valueRequired":true,"valueName":"search_term_string"}}],"inLanguage":"pt-BR"},{"@type":"Organization","@id":"https:\/\/www.suno.com.br\/noticias\/#organization","name":"Suno Not\u00edcias","url":"https:\/\/www.suno.com.br\/noticias\/","logo":{"@type":"ImageObject","inLanguage":"pt-BR","@id":"https:\/\/www.suno.com.br\/noticias\/#\/schema\/logo\/image\/","url":"https:\/\/files.sunoresearch.com.br\/n\/uploads\/2021\/09\/suno-logo.png","contentUrl":"https:\/\/files.sunoresearch.com.br\/n\/uploads\/2021\/09\/suno-logo.png","width":180,"height":180,"caption":"Suno Not\u00edcias"},"image":{"@id":"https:\/\/www.suno.com.br\/noticias\/#\/schema\/logo\/image\/"},"sameAs":["https:\/\/facebook.com\/sunoresearch","https:\/\/x.com\/sunoresearch","https:\/\/www.instagram.com\/suno","https:\/\/www.linkedin.com\/company\/suno-research\/","https:\/\/www.youtube.com\/c\/sunoresearch"]},{"@type":"Person","@id":"https:\/\/www.suno.com.br\/noticias\/#\/schema\/person\/053a750a709a263919a20f976caae91c","name":"Arthur Guimar\u00e3es","image":{"@type":"ImageObject","inLanguage":"pt-BR","@id":"https:\/\/www.suno.com.br\/noticias\/#\/schema\/person\/image\/","url":"https:\/\/secure.gravatar.com\/avatar\/1affd86a11209ae09eb6dd3bcad3e96c?s=96&r=g","contentUrl":"https:\/\/secure.gravatar.com\/avatar\/1affd86a11209ae09eb6dd3bcad3e96c?s=96&r=g","caption":"Arthur Guimar\u00e3es"},"description":"Arthur Guimar\u00e3es escreve sobre pol\u00edtica, economia e neg\u00f3cios para o portal de not\u00edcias da Suno Research. Atualmente, \u00e9 estudante de jornalismo pela Faculdade C\u00e1sper L\u00edbero.","url":"https:\/\/www.suno.com.br\/noticias\/author\/arthur-guimaraes\/"}]}},"default_loop_html":"<div class=\"cardsPage__listCard__boxs\"><div class=\"cardsPage__listCard__boxs__img\"><a href=\"https:\/\/www.suno.com.br\/noticias\/anac-retorno-operacoes-boeing-737-max-brasil\/\"><img class=\"mask\" src=\"https:\/\/www.suno.com.br\/noticias\/wp-content\/themes\/suno\/resources\/images\/spotlight\/spotlight1img\/bg-mask.png\" alt=\"Image Mask\"\/><img src=\"https:\/\/files.sunoresearch.com.br\/n\/uploads\/2020\/08\/c5796e0a-737_max_gol-400x200.webp\" alt=\"Anac analisa retorno das opera\u00e7\u00f5es do Boeing 737 Max no Brasil\"\/><\/a><span class=\"spotlightCategory\"><a href=\"https:\/\/www.suno.com.br\/noticias\/negocios\/\">Neg\u00f3cios<\/a><\/span><\/div><div class=\"cardsPage__listCard__boxs__content\"><a href=\"https:\/\/www.suno.com.br\/noticias\/anac-retorno-operacoes-boeing-737-max-brasil\/\"><h2 class=\"content__title\">Anac analisa retorno das opera\u00e7\u00f5es do Boeing 737 Max no Brasil<\/h2><\/a><div class=\"newsContent__article__meta\"><div class=\"newsContent__article__meta__authorBox\"><a href=\"https:\/\/www.suno.com.br\/noticias\/author\/arthur-guimaraes\/\" class=\"authorBox__avatar noMobi\"><img src=\"https:\/\/files.sunoresearch.com.br\/n\/uploads\/2020\/02\/dfb40897-eu-150x150.webp\" alt=\"Arthur Guimar\u00e3es\"><\/a><div class=\"authorBox__name\"><span>por\n\t\t\t<a href=\"https:\/\/www.suno.com.br\/noticias\/author\/arthur-guimaraes\/\"><span itemprop=\"author\">Arthur Guimar\u00e3es<\/span><\/a><\/span><time datetime=\"2020-08-16T13:36:25-03:00\" itemprop=\"datePublished\">16\/08\/2020 13:36<\/time><\/div><\/div><\/div><\/div><\/div>","single_layout":"posts","amp_enabled":true,"_links":{"self":[{"href":"https:\/\/www.suno.com.br\/noticias\/wp-json\/wp\/v2\/posts\/78640"}],"collection":[{"href":"https:\/\/www.suno.com.br\/noticias\/wp-json\/wp\/v2\/posts"}],"about":[{"href":"https:\/\/www.suno.com.br\/noticias\/wp-json\/wp\/v2\/types\/post"}],"author":[{"embeddable":true,"href":"https:\/\/www.suno.com.br\/noticias\/wp-json\/wp\/v2\/users\/35"}],"replies":[{"embeddable":true,"href":"https:\/\/www.suno.com.br\/noticias\/wp-json\/wp\/v2\/comments?post=78640"}],"version-history":[{"count":0,"href":"https:\/\/www.suno.com.br\/noticias\/wp-json\/wp\/v2\/posts\/78640\/revisions"}],"wp:featuredmedia":[{"embeddable":true,"href":"https:\/\/www.suno.com.br\/noticias\/wp-json\/wp\/v2\/media\/78642"}],"wp:attachment":[{"href":"https:\/\/www.suno.com.br\/noticias\/wp-json\/wp\/v2\/media?parent=78640"}],"wp:term":[{"taxonomy":"category","embeddable":true,"href":"https:\/\/www.suno.com.br\/noticias\/wp-json\/wp\/v2\/categories?post=78640"},{"taxonomy":"post_tag","embeddable":true,"href":"https:\/\/www.suno.com.br\/noticias\/wp-json\/wp\/v2\/tags?post=78640"},{"taxonomy":"suno_strategy","embeddable":true,"href":"https:\/\/www.suno.com.br\/noticias\/wp-json\/wp\/v2\/suno_strategy?post=78640"}],"curies":[{"name":"wp","href":"https:\/\/api.w.org\/{rel}","templated":true}]}}