{"id":78630,"date":"2020-08-16T12:20:18","date_gmt":"2020-08-16T15:20:18","guid":{"rendered":"https:\/\/www.suno.com.br\/noticias\/?p=78630"},"modified":"2020-08-16T12:20:18","modified_gmt":"2020-08-16T15:20:18","slug":"brasil-omc-embargo-filipinas-contra-importacao-frango","status":"publish","type":"post","link":"https:\/\/www.suno.com.br\/noticias\/brasil-omc-embargo-filipinas-contra-importacao-frango\/","title":{"rendered":"Brasil vai \u00e0 OMC por embargo das Filipinas contra importa\u00e7\u00e3o de frango"},"content":{"rendered":"<p>O governo federal vai \u00e0 <a href=\"https:\/\/www.suno.com.br\/artigos\/omc-organizacao-mundial-do-comercio\/\">Organiza\u00e7\u00e3o Mundial do Com\u00e9rcio (<strong>OMC<\/strong>)<\/a> contra a decis\u00e3o das Filipinas de suspender a importa\u00e7\u00e3o de frango do Brasil. As informa\u00e7\u00f5es foram publicadas neste domingo (16) pelo &#8220;Estad\u00e3o Conte\u00fado&#8221;.<\/p>\t<div class=\"wrapper-featured-image\">\n\t\t<figure class=\"spotlightImg\">\n\n\t\t\t<picture>\n\t\t\t\t<source media=\"(max-width: 768px)\" srcset=\"https:\/\/files.sunoresearch.com.br\/n\/uploads\/2020\/08\/e7b577c4-frango-400x200.webp\">\n\t\t\t\t<img loading=\"lazy\" decoding=\"async\" class=\"newsContent__article__imgCapa lazyloadDisabled \" src=\"https:\/\/files.sunoresearch.com.br\/n\/uploads\/2020\/08\/e7b577c4-frango-800x450.webp\" width=\"800\" height=\"450\" alt=\"Brasil vai \u00e0 OMC por embargo das Filipinas contra importa\u00e7\u00e3o de frango\" fetchpriority=high \/>\n\t\t\t<\/picture>\n\n\t\t\t<figcaption class=\"wp-caption-text wp-caption-text--show\">O Brasil ir\u00e1 acionar a OMC ap\u00f3s decis\u00e3o das Filipinas contra importa\u00e7\u00e3o de frangos do Pa\u00eds<\/figcaption>\n\t\t<\/figure>\n\t<\/div>\n\n\n<div class=\"hubspot-form-wrapper\">\n\t<div id=\"single-form-target\"><\/div>\n<\/div>\n\n<p>O pa\u00eds do Sudeste asi\u00e1tico anunciou na \u00faltima sexta-feira (14) que iria barrar temporariamente importa\u00e7\u00f5es de carne de frango do Pa\u00eds, ap\u00f3s a China ter ind\u00edcios do novo coronav\u00edrus em um carregamento de asas produzidas no Brasil. O <strong>Minist\u00e9rio da Agricultura<\/strong>, contudo, n\u00e3o recebeu nenhuma notifica\u00e7\u00e3o oficial e ir\u00e1 cobrar do governo filipino na OMC uma explica\u00e7\u00e3o para o embargo.<\/p>\n<p>Em entrevista ao &#8220;Estad\u00e3o\/ Broadcast&#8221;, a ministra da Agricultura, Tereza Cristina, que as <strong>Filipinas<\/strong> j\u00e1 haviam expressado uma preocupa\u00e7\u00e3o em proteger seus produtores de frango e que tomou a decis\u00e3o sem ter provas de que houve contamina\u00e7\u00e3o.<\/p>\n<p><a href=\"https:\/\/lp.suno.com.br\/suno-one\/\">Suno One: acesse gratuitamente eBooks, Minicursos, Artigos e Video Aulas sobre investimentos com um \u00fanico cadastro. Clique para saber mais!<\/a><\/p>\n<p>\u201cO Brasil vai reagir. N\u00e3o podemos misturar uma situa\u00e7\u00e3o comercial com uma not\u00edcia que n\u00e3o tem confirma\u00e7\u00e3o. Um assunto comercial n\u00e3o se mistura com a pandemia\u201d, declarou a chefe da pasta.<\/p>\n<p>Dessa forma, a avalia\u00e7\u00e3o do governo brasileiro, os filipinos se aproveitam da pandemia para elevar o protecionismo. A embaixadora das Filipinas no Brasil foi convocada a se explicar junto \u00e0 pasta, considerado um constrangimento. E, embora o pa\u00eds n\u00e3o seja um grande destino para exporta\u00e7\u00f5es brasileiras, a rea\u00e7\u00e3o ser\u00e1 forte para \u201cestancar a sangria\u201d e evitar que os filipinos sejam seguidos por outras na\u00e7\u00f5es.<\/p>\n<h2>Brasil deve apresentar Preocupa\u00e7\u00e3o Comercial Espec\u00edfica na OMC<\/h2>\n<p>O Pa\u00eds ainda dever\u00e1 apresentar na OMC uma Preocupa\u00e7\u00e3o Comercial Espec\u00edfica em rela\u00e7\u00e3o ao caso, isto \u00e9, um reclame contra um pa\u00eds que n\u00e3o esteja cumprindo as regras de com\u00e9rcio conforme determinado pela organiza\u00e7\u00e3o internacional.<\/p>\n<p>\u201cJ\u00e1 prev\u00edamos o aumento do protecionismo, e espero que n\u00e3o [haja um efeito cascata]. S\u00f3 sei te dizer que, se as coisas forem pelo m\u00e9todo cient\u00edfico, o Brasil est\u00e1 fazendo o seu trabalho\u201d, afirmou a ministra.<\/p>\n\t<div data-element=\"shortcode-read-more\" class=\"knowMore\">\n\t\t\t\t<span class=\"knowMore__title\">Veja tamb\u00e9m<\/span>\n\t\t\t\t<a class=\"knowMore__link\" href=\"https:\/\/www.suno.com.br\/noticias\/omc-avalia-momento-politico-nao-favorece-acordo-mercosul-ue\/\">\n\t\t\tOMC avalia que momento pol\u00edtico n\u00e3o favorece acordo Mercosul-UE\t\t<\/a>\n\t<\/div>\n\n\n<p>O governo federal solicitou informa\u00e7\u00f5es \u00e0s autoridades chinesas sobre os testes e espera receber os resultados no in\u00edcio da pr\u00f3xima semana. Segundo Cristina, n\u00e3o houve uma a\u00e7\u00e3o efetiva de Pequim em rela\u00e7\u00e3o ao frango brasileiro, tampouco a unidade de que partiu a amostra que estaria supostamente contaminada teve a importa\u00e7\u00e3o suspensa.<\/p>\n<p>\u201c\u00c9 muito precipitado. O Minist\u00e9rio da Agricultura s\u00f3 vai se pronunciar sobre o caso na hora que estiver informa\u00e7\u00f5es oficiais\u201d, acrescentou a ministra.<\/p>\n\t<p>\n\t\t<a href=\"https:\/\/lp.suno.com.br\/planilha-de-controle-de-investimentos\/\" target=\"_blank\" data-element=\"shortcode-suno-banner\" title=\"Banner SUNO, clique e saiba mais\">\n\t\t\t<picture>\n\t\t\t\t<source media=\"(max-width: 500px)\" srcset=\"https:\/\/files.sunoresearch.com.br\/n\/uploads\/2023\/03\/400x300-Controle-de-Investimentos.png\">\n\t\t\t\t<img class=\"newsContent__article__imgCapa newsContent__article__imgCapa--banner\"\n\t\t\t\t\tsrc=\"https:\/\/files.sunoresearch.com.br\/n\/uploads\/2023\/03\/1420x240-Controle-de-Investimentos.png\"\n\t\t\t\t\tdata-promo-id=\"75934\"\t\t\t\t\t\t\t\t\t\twidth='1420' height='240'\t\t\t\t\talt=\"https:\/\/files.sunoresearch.com.br\/n\/uploads\/2023\/03\/1420x240-Controle-de-Investimentos.png\"\n\t\t\t\t>\n\t\t\t<\/picture>\n\t\t<\/a>\n\t<\/p>\n\n\n","protected":false},"excerpt":{"rendered":"<p>O governo federal vai \u00e0 Organiza\u00e7\u00e3o Mundial do Com\u00e9rcio (OMC) contra a decis\u00e3o das Filipinas de suspender a importa\u00e7\u00e3o de frango do Brasil. As informa\u00e7\u00f5es foram publicadas neste domingo (16) pelo &#8220;Estad\u00e3o Conte\u00fado&#8221;. O Brasil ir\u00e1 acionar a OMC ap\u00f3s decis\u00e3o das Filipinas contra importa\u00e7\u00e3o de frangos do Pa\u00eds O pa\u00eds do Sudeste asi\u00e1tico anunciou [&hellip;]<\/p>\n","protected":false},"author":35,"featured_media":78632,"comment_status":"closed","ping_status":"closed","sticky":false,"template":"","format":"standard","meta":[],"categories":[63],"tags":[1164,1122,813],"suno_strategy":[],"class_list":["post-78630","post","type-post","status-publish","format-standard","has-post-thumbnail","hentry","category-internacional","tag-carne-de-frango","tag-ministerio-da-agricultura","tag-omc"],"yoast_head":"<!-- This site is optimized with the Yoast SEO plugin v24.4 - https:\/\/yoast.com\/wordpress\/plugins\/seo\/ -->\n<title>Brasil vai \u00e0 OMC por embargo das Filipinas contra importa\u00e7\u00e3o de frango<\/title>\n<meta name=\"description\" content=\"O governo federal vai \u00e0 OMC contra a decis\u00e3o das Filipinas de suspender a importa\u00e7\u00e3o de frango do Brasil. Clique para saber mais\" \/>\n<meta name=\"robots\" content=\"index, follow, max-snippet:-1, max-image-preview:large, max-video-preview:-1\" \/>\n<link rel=\"canonical\" href=\"https:\/\/www.suno.com.br\/noticias\/brasil-omc-embargo-filipinas-contra-importacao-frango\/\" \/>\n<meta property=\"og:locale\" content=\"pt_BR\" \/>\n<meta property=\"og:type\" content=\"article\" \/>\n<meta property=\"og:title\" content=\"Brasil vai \u00e0 OMC por embargo das Filipinas contra importa\u00e7\u00e3o de frango\" \/>\n<meta property=\"og:description\" content=\"O governo federal vai \u00e0 OMC contra a decis\u00e3o das Filipinas de suspender a importa\u00e7\u00e3o de frango do Brasil. Clique para saber mais\" \/>\n<meta property=\"og:url\" content=\"https:\/\/www.suno.com.br\/noticias\/brasil-omc-embargo-filipinas-contra-importacao-frango\/\" \/>\n<meta property=\"og:site_name\" content=\"Suno Not\u00edcias\" \/>\n<meta property=\"article:publisher\" content=\"https:\/\/facebook.com\/sunoresearch\" \/>\n<meta property=\"og:image\" content=\"https:\/\/files.sunoresearch.com.br\/n\/uploads\/2020\/08\/e7b577c4-frango.jpg\" \/>\n\t<meta property=\"og:image:width\" content=\"910\" \/>\n\t<meta property=\"og:image:height\" content=\"607\" \/>\n\t<meta property=\"og:image:type\" content=\"image\/jpeg\" \/>\n<meta name=\"author\" content=\"Arthur Guimar\u00e3es\" \/>\n<meta name=\"twitter:card\" content=\"summary_large_image\" \/>\n<meta name=\"twitter:creator\" content=\"@sunoresearch\" \/>\n<meta name=\"twitter:site\" content=\"@sunoresearch\" \/>\n<meta name=\"twitter:label1\" content=\"Escrito por\" \/>\n\t<meta name=\"twitter:data1\" content=\"Arthur Guimar\u00e3es\" \/>\n\t<meta name=\"twitter:label2\" content=\"Est. tempo de leitura\" \/>\n\t<meta name=\"twitter:data2\" content=\"2 minutos\" \/>\n<script type=\"application\/ld+json\" class=\"yoast-schema-graph\">{\"@context\":\"https:\/\/schema.org\",\"@graph\":[{\"@type\":\"NewsArticle\",\"@id\":\"https:\/\/www.suno.com.br\/noticias\/brasil-omc-embargo-filipinas-contra-importacao-frango\/#article\",\"isPartOf\":{\"@id\":\"https:\/\/www.suno.com.br\/noticias\/brasil-omc-embargo-filipinas-contra-importacao-frango\/\"},\"author\":{\"name\":\"Arthur Guimar\u00e3es\",\"@id\":\"https:\/\/www.suno.com.br\/noticias\/#\/schema\/person\/053a750a709a263919a20f976caae91c\"},\"headline\":\"Brasil vai \u00e0 OMC por embargo das Filipinas contra importa\u00e7\u00e3o de frango\",\"datePublished\":\"2020-08-16T15:20:18+00:00\",\"mainEntityOfPage\":{\"@id\":\"https:\/\/www.suno.com.br\/noticias\/brasil-omc-embargo-filipinas-contra-importacao-frango\/\"},\"wordCount\":485,\"publisher\":{\"@id\":\"https:\/\/www.suno.com.br\/noticias\/#organization\"},\"image\":{\"@id\":\"https:\/\/www.suno.com.br\/noticias\/brasil-omc-embargo-filipinas-contra-importacao-frango\/#primaryimage\"},\"thumbnailUrl\":\"https:\/\/files.sunoresearch.com.br\/n\/uploads\/2020\/08\/e7b577c4-frango-jpg.webp\",\"keywords\":[\"Carne de frango\",\"Minist\u00e9rio da Agricultura\",\"OMC\"],\"articleSection\":[\"Internacional\"],\"inLanguage\":\"pt-BR\"},{\"@type\":\"WebPage\",\"@id\":\"https:\/\/www.suno.com.br\/noticias\/brasil-omc-embargo-filipinas-contra-importacao-frango\/\",\"url\":\"https:\/\/www.suno.com.br\/noticias\/brasil-omc-embargo-filipinas-contra-importacao-frango\/\",\"name\":\"Brasil vai \u00e0 OMC por embargo das Filipinas contra importa\u00e7\u00e3o de frango\",\"isPartOf\":{\"@id\":\"https:\/\/www.suno.com.br\/noticias\/#website\"},\"primaryImageOfPage\":{\"@id\":\"https:\/\/www.suno.com.br\/noticias\/brasil-omc-embargo-filipinas-contra-importacao-frango\/#primaryimage\"},\"image\":{\"@id\":\"https:\/\/www.suno.com.br\/noticias\/brasil-omc-embargo-filipinas-contra-importacao-frango\/#primaryimage\"},\"thumbnailUrl\":\"https:\/\/files.sunoresearch.com.br\/n\/uploads\/2020\/08\/e7b577c4-frango-jpg.webp\",\"datePublished\":\"2020-08-16T15:20:18+00:00\",\"description\":\"O governo federal vai \u00e0 OMC contra a decis\u00e3o das Filipinas de suspender a importa\u00e7\u00e3o de frango do Brasil. Clique para saber mais\",\"breadcrumb\":{\"@id\":\"https:\/\/www.suno.com.br\/noticias\/brasil-omc-embargo-filipinas-contra-importacao-frango\/#breadcrumb\"},\"inLanguage\":\"pt-BR\",\"potentialAction\":[{\"@type\":\"ReadAction\",\"target\":[\"https:\/\/www.suno.com.br\/noticias\/brasil-omc-embargo-filipinas-contra-importacao-frango\/\"]}]},{\"@type\":\"ImageObject\",\"inLanguage\":\"pt-BR\",\"@id\":\"https:\/\/www.suno.com.br\/noticias\/brasil-omc-embargo-filipinas-contra-importacao-frango\/#primaryimage\",\"url\":\"https:\/\/files.sunoresearch.com.br\/n\/uploads\/2020\/08\/e7b577c4-frango-jpg.webp\",\"contentUrl\":\"https:\/\/files.sunoresearch.com.br\/n\/uploads\/2020\/08\/e7b577c4-frango-jpg.webp\",\"width\":910,\"height\":607,\"caption\":\"O Brasil ir\u00e1 acionar a OMC ap\u00f3s decis\u00e3o das Filipinas contra importa\u00e7\u00e3o de frangos do Pa\u00eds\"},{\"@type\":\"BreadcrumbList\",\"@id\":\"https:\/\/www.suno.com.br\/noticias\/brasil-omc-embargo-filipinas-contra-importacao-frango\/#breadcrumb\",\"itemListElement\":[{\"@type\":\"ListItem\",\"position\":1,\"name\":\"Not\u00edcias\",\"item\":\"https:\/\/www.suno.com.br\/noticias\/\"},{\"@type\":\"ListItem\",\"position\":2,\"name\":\"Internacional\",\"item\":\"https:\/\/www.suno.com.br\/noticias\/internacional\/\"},{\"@type\":\"ListItem\",\"position\":3,\"name\":\"Brasil vai \u00e0 OMC por embargo das Filipinas contra importa\u00e7\u00e3o de frango\"}]},{\"@type\":\"WebSite\",\"@id\":\"https:\/\/www.suno.com.br\/noticias\/#website\",\"url\":\"https:\/\/www.suno.com.br\/noticias\/\",\"name\":\"Suno Not\u00edcias\",\"description\":\"Seu portal de informa\u00e7\u00e3o sobre o mundo dos investimentos\",\"publisher\":{\"@id\":\"https:\/\/www.suno.com.br\/noticias\/#organization\"},\"potentialAction\":[{\"@type\":\"SearchAction\",\"target\":{\"@type\":\"EntryPoint\",\"urlTemplate\":\"https:\/\/www.suno.com.br\/noticias\/?s={search_term_string}\"},\"query-input\":{\"@type\":\"PropertyValueSpecification\",\"valueRequired\":true,\"valueName\":\"search_term_string\"}}],\"inLanguage\":\"pt-BR\"},{\"@type\":\"Organization\",\"@id\":\"https:\/\/www.suno.com.br\/noticias\/#organization\",\"name\":\"Suno Not\u00edcias\",\"url\":\"https:\/\/www.suno.com.br\/noticias\/\",\"logo\":{\"@type\":\"ImageObject\",\"inLanguage\":\"pt-BR\",\"@id\":\"https:\/\/www.suno.com.br\/noticias\/#\/schema\/logo\/image\/\",\"url\":\"https:\/\/files.sunoresearch.com.br\/n\/uploads\/2021\/09\/suno-logo.png\",\"contentUrl\":\"https:\/\/files.sunoresearch.com.br\/n\/uploads\/2021\/09\/suno-logo.png\",\"width\":180,\"height\":180,\"caption\":\"Suno Not\u00edcias\"},\"image\":{\"@id\":\"https:\/\/www.suno.com.br\/noticias\/#\/schema\/logo\/image\/\"},\"sameAs\":[\"https:\/\/facebook.com\/sunoresearch\",\"https:\/\/x.com\/sunoresearch\",\"https:\/\/www.instagram.com\/suno\",\"https:\/\/www.linkedin.com\/company\/suno-research\/\",\"https:\/\/www.youtube.com\/c\/sunoresearch\"]},{\"@type\":\"Person\",\"@id\":\"https:\/\/www.suno.com.br\/noticias\/#\/schema\/person\/053a750a709a263919a20f976caae91c\",\"name\":\"Arthur Guimar\u00e3es\",\"image\":{\"@type\":\"ImageObject\",\"inLanguage\":\"pt-BR\",\"@id\":\"https:\/\/www.suno.com.br\/noticias\/#\/schema\/person\/image\/\",\"url\":\"https:\/\/secure.gravatar.com\/avatar\/1affd86a11209ae09eb6dd3bcad3e96c?s=96&r=g\",\"contentUrl\":\"https:\/\/secure.gravatar.com\/avatar\/1affd86a11209ae09eb6dd3bcad3e96c?s=96&r=g\",\"caption\":\"Arthur Guimar\u00e3es\"},\"description\":\"Arthur Guimar\u00e3es escreve sobre pol\u00edtica, economia e neg\u00f3cios para o portal de not\u00edcias da Suno Research. Atualmente, \u00e9 estudante de jornalismo pela Faculdade C\u00e1sper L\u00edbero.\",\"url\":\"https:\/\/www.suno.com.br\/noticias\/author\/arthur-guimaraes\/\"}]}<\/script>\n<!-- \/ Yoast SEO plugin. -->","yoast_head_json":{"title":"Brasil vai \u00e0 OMC por embargo das Filipinas contra importa\u00e7\u00e3o de frango","description":"O governo federal vai \u00e0 OMC contra a decis\u00e3o das Filipinas de suspender a importa\u00e7\u00e3o de frango do Brasil. Clique para saber mais","robots":{"index":"index","follow":"follow","max-snippet":"max-snippet:-1","max-image-preview":"max-image-preview:large","max-video-preview":"max-video-preview:-1"},"canonical":"https:\/\/www.suno.com.br\/noticias\/brasil-omc-embargo-filipinas-contra-importacao-frango\/","og_locale":"pt_BR","og_type":"article","og_title":"Brasil vai \u00e0 OMC por embargo das Filipinas contra importa\u00e7\u00e3o de frango","og_description":"O governo federal vai \u00e0 OMC contra a decis\u00e3o das Filipinas de suspender a importa\u00e7\u00e3o de frango do Brasil. Clique para saber mais","og_url":"https:\/\/www.suno.com.br\/noticias\/brasil-omc-embargo-filipinas-contra-importacao-frango\/","og_site_name":"Suno Not\u00edcias","article_publisher":"https:\/\/facebook.com\/sunoresearch","og_image":[{"width":910,"height":607,"url":"https:\/\/files.sunoresearch.com.br\/n\/uploads\/2020\/08\/e7b577c4-frango.jpg","type":"image\/jpeg"}],"author":"Arthur Guimar\u00e3es","twitter_card":"summary_large_image","twitter_creator":"@sunoresearch","twitter_site":"@sunoresearch","twitter_misc":{"Escrito por":"Arthur Guimar\u00e3es","Est. tempo de leitura":"2 minutos"},"schema":{"@context":"https:\/\/schema.org","@graph":[{"@type":"NewsArticle","@id":"https:\/\/www.suno.com.br\/noticias\/brasil-omc-embargo-filipinas-contra-importacao-frango\/#article","isPartOf":{"@id":"https:\/\/www.suno.com.br\/noticias\/brasil-omc-embargo-filipinas-contra-importacao-frango\/"},"author":{"name":"Arthur Guimar\u00e3es","@id":"https:\/\/www.suno.com.br\/noticias\/#\/schema\/person\/053a750a709a263919a20f976caae91c"},"headline":"Brasil vai \u00e0 OMC por embargo das Filipinas contra importa\u00e7\u00e3o de frango","datePublished":"2020-08-16T15:20:18+00:00","mainEntityOfPage":{"@id":"https:\/\/www.suno.com.br\/noticias\/brasil-omc-embargo-filipinas-contra-importacao-frango\/"},"wordCount":485,"publisher":{"@id":"https:\/\/www.suno.com.br\/noticias\/#organization"},"image":{"@id":"https:\/\/www.suno.com.br\/noticias\/brasil-omc-embargo-filipinas-contra-importacao-frango\/#primaryimage"},"thumbnailUrl":"https:\/\/files.sunoresearch.com.br\/n\/uploads\/2020\/08\/e7b577c4-frango-jpg.webp","keywords":["Carne de frango","Minist\u00e9rio da Agricultura","OMC"],"articleSection":["Internacional"],"inLanguage":"pt-BR"},{"@type":"WebPage","@id":"https:\/\/www.suno.com.br\/noticias\/brasil-omc-embargo-filipinas-contra-importacao-frango\/","url":"https:\/\/www.suno.com.br\/noticias\/brasil-omc-embargo-filipinas-contra-importacao-frango\/","name":"Brasil vai \u00e0 OMC por embargo das Filipinas contra importa\u00e7\u00e3o de frango","isPartOf":{"@id":"https:\/\/www.suno.com.br\/noticias\/#website"},"primaryImageOfPage":{"@id":"https:\/\/www.suno.com.br\/noticias\/brasil-omc-embargo-filipinas-contra-importacao-frango\/#primaryimage"},"image":{"@id":"https:\/\/www.suno.com.br\/noticias\/brasil-omc-embargo-filipinas-contra-importacao-frango\/#primaryimage"},"thumbnailUrl":"https:\/\/files.sunoresearch.com.br\/n\/uploads\/2020\/08\/e7b577c4-frango-jpg.webp","datePublished":"2020-08-16T15:20:18+00:00","description":"O governo federal vai \u00e0 OMC contra a decis\u00e3o das Filipinas de suspender a importa\u00e7\u00e3o de frango do Brasil. Clique para saber mais","breadcrumb":{"@id":"https:\/\/www.suno.com.br\/noticias\/brasil-omc-embargo-filipinas-contra-importacao-frango\/#breadcrumb"},"inLanguage":"pt-BR","potentialAction":[{"@type":"ReadAction","target":["https:\/\/www.suno.com.br\/noticias\/brasil-omc-embargo-filipinas-contra-importacao-frango\/"]}]},{"@type":"ImageObject","inLanguage":"pt-BR","@id":"https:\/\/www.suno.com.br\/noticias\/brasil-omc-embargo-filipinas-contra-importacao-frango\/#primaryimage","url":"https:\/\/files.sunoresearch.com.br\/n\/uploads\/2020\/08\/e7b577c4-frango-jpg.webp","contentUrl":"https:\/\/files.sunoresearch.com.br\/n\/uploads\/2020\/08\/e7b577c4-frango-jpg.webp","width":910,"height":607,"caption":"O Brasil ir\u00e1 acionar a OMC ap\u00f3s decis\u00e3o das Filipinas contra importa\u00e7\u00e3o de frangos do Pa\u00eds"},{"@type":"BreadcrumbList","@id":"https:\/\/www.suno.com.br\/noticias\/brasil-omc-embargo-filipinas-contra-importacao-frango\/#breadcrumb","itemListElement":[{"@type":"ListItem","position":1,"name":"Not\u00edcias","item":"https:\/\/www.suno.com.br\/noticias\/"},{"@type":"ListItem","position":2,"name":"Internacional","item":"https:\/\/www.suno.com.br\/noticias\/internacional\/"},{"@type":"ListItem","position":3,"name":"Brasil vai \u00e0 OMC por embargo das Filipinas contra importa\u00e7\u00e3o de frango"}]},{"@type":"WebSite","@id":"https:\/\/www.suno.com.br\/noticias\/#website","url":"https:\/\/www.suno.com.br\/noticias\/","name":"Suno Not\u00edcias","description":"Seu portal de informa\u00e7\u00e3o sobre o mundo dos investimentos","publisher":{"@id":"https:\/\/www.suno.com.br\/noticias\/#organization"},"potentialAction":[{"@type":"SearchAction","target":{"@type":"EntryPoint","urlTemplate":"https:\/\/www.suno.com.br\/noticias\/?s={search_term_string}"},"query-input":{"@type":"PropertyValueSpecification","valueRequired":true,"valueName":"search_term_string"}}],"inLanguage":"pt-BR"},{"@type":"Organization","@id":"https:\/\/www.suno.com.br\/noticias\/#organization","name":"Suno Not\u00edcias","url":"https:\/\/www.suno.com.br\/noticias\/","logo":{"@type":"ImageObject","inLanguage":"pt-BR","@id":"https:\/\/www.suno.com.br\/noticias\/#\/schema\/logo\/image\/","url":"https:\/\/files.sunoresearch.com.br\/n\/uploads\/2021\/09\/suno-logo.png","contentUrl":"https:\/\/files.sunoresearch.com.br\/n\/uploads\/2021\/09\/suno-logo.png","width":180,"height":180,"caption":"Suno Not\u00edcias"},"image":{"@id":"https:\/\/www.suno.com.br\/noticias\/#\/schema\/logo\/image\/"},"sameAs":["https:\/\/facebook.com\/sunoresearch","https:\/\/x.com\/sunoresearch","https:\/\/www.instagram.com\/suno","https:\/\/www.linkedin.com\/company\/suno-research\/","https:\/\/www.youtube.com\/c\/sunoresearch"]},{"@type":"Person","@id":"https:\/\/www.suno.com.br\/noticias\/#\/schema\/person\/053a750a709a263919a20f976caae91c","name":"Arthur Guimar\u00e3es","image":{"@type":"ImageObject","inLanguage":"pt-BR","@id":"https:\/\/www.suno.com.br\/noticias\/#\/schema\/person\/image\/","url":"https:\/\/secure.gravatar.com\/avatar\/1affd86a11209ae09eb6dd3bcad3e96c?s=96&r=g","contentUrl":"https:\/\/secure.gravatar.com\/avatar\/1affd86a11209ae09eb6dd3bcad3e96c?s=96&r=g","caption":"Arthur Guimar\u00e3es"},"description":"Arthur Guimar\u00e3es escreve sobre pol\u00edtica, economia e neg\u00f3cios para o portal de not\u00edcias da Suno Research. Atualmente, \u00e9 estudante de jornalismo pela Faculdade C\u00e1sper L\u00edbero.","url":"https:\/\/www.suno.com.br\/noticias\/author\/arthur-guimaraes\/"}]}},"default_loop_html":"<div class=\"cardsPage__listCard__boxs\"><div class=\"cardsPage__listCard__boxs__img\"><a href=\"https:\/\/www.suno.com.br\/noticias\/brasil-omc-embargo-filipinas-contra-importacao-frango\/\"><img class=\"mask\" src=\"https:\/\/www.suno.com.br\/noticias\/wp-content\/themes\/suno\/resources\/images\/spotlight\/spotlight1img\/bg-mask.png\" alt=\"Image Mask\"\/><img src=\"https:\/\/files.sunoresearch.com.br\/n\/uploads\/2020\/08\/e7b577c4-frango-400x200.webp\" alt=\"Brasil vai \u00e0 OMC por embargo das Filipinas contra importa\u00e7\u00e3o de frango\"\/><\/a><span class=\"spotlightCategory\"><a href=\"https:\/\/www.suno.com.br\/noticias\/internacional\/\">Internacional<\/a><\/span><\/div><div class=\"cardsPage__listCard__boxs__content\"><a href=\"https:\/\/www.suno.com.br\/noticias\/brasil-omc-embargo-filipinas-contra-importacao-frango\/\"><h2 class=\"content__title\">Brasil vai \u00e0 OMC por embargo das Filipinas contra importa\u00e7\u00e3o de frango<\/h2><\/a><div class=\"newsContent__article__meta\"><div class=\"newsContent__article__meta__authorBox\"><a href=\"https:\/\/www.suno.com.br\/noticias\/author\/arthur-guimaraes\/\" class=\"authorBox__avatar noMobi\"><img src=\"https:\/\/files.sunoresearch.com.br\/n\/uploads\/2020\/02\/dfb40897-eu-150x150.webp\" alt=\"Arthur Guimar\u00e3es\"><\/a><div class=\"authorBox__name\"><span>por\n\t\t\t<a href=\"https:\/\/www.suno.com.br\/noticias\/author\/arthur-guimaraes\/\"><span itemprop=\"author\">Arthur Guimar\u00e3es<\/span><\/a><\/span><time datetime=\"2020-08-16T12:20:18-03:00\" itemprop=\"datePublished\">16\/08\/2020 12:20<\/time><\/div><\/div><\/div><\/div><\/div>","single_layout":"posts","amp_enabled":true,"_links":{"self":[{"href":"https:\/\/www.suno.com.br\/noticias\/wp-json\/wp\/v2\/posts\/78630"}],"collection":[{"href":"https:\/\/www.suno.com.br\/noticias\/wp-json\/wp\/v2\/posts"}],"about":[{"href":"https:\/\/www.suno.com.br\/noticias\/wp-json\/wp\/v2\/types\/post"}],"author":[{"embeddable":true,"href":"https:\/\/www.suno.com.br\/noticias\/wp-json\/wp\/v2\/users\/35"}],"replies":[{"embeddable":true,"href":"https:\/\/www.suno.com.br\/noticias\/wp-json\/wp\/v2\/comments?post=78630"}],"version-history":[{"count":0,"href":"https:\/\/www.suno.com.br\/noticias\/wp-json\/wp\/v2\/posts\/78630\/revisions"}],"wp:featuredmedia":[{"embeddable":true,"href":"https:\/\/www.suno.com.br\/noticias\/wp-json\/wp\/v2\/media\/78632"}],"wp:attachment":[{"href":"https:\/\/www.suno.com.br\/noticias\/wp-json\/wp\/v2\/media?parent=78630"}],"wp:term":[{"taxonomy":"category","embeddable":true,"href":"https:\/\/www.suno.com.br\/noticias\/wp-json\/wp\/v2\/categories?post=78630"},{"taxonomy":"post_tag","embeddable":true,"href":"https:\/\/www.suno.com.br\/noticias\/wp-json\/wp\/v2\/tags?post=78630"},{"taxonomy":"suno_strategy","embeddable":true,"href":"https:\/\/www.suno.com.br\/noticias\/wp-json\/wp\/v2\/suno_strategy?post=78630"}],"curies":[{"name":"wp","href":"https:\/\/api.w.org\/{rel}","templated":true}]}}