{"id":78505,"date":"2020-08-14T17:33:05","date_gmt":"2020-08-14T20:33:05","guid":{"rendered":"https:\/\/www.suno.com.br\/noticias\/?p=78505"},"modified":"2021-05-29T20:33:44","modified_gmt":"2021-05-29T23:33:44","slug":"dolar-encerrou-pregao-alta-apos-fala-bolsonaro-14082020","status":"publish","type":"post","link":"https:\/\/www.suno.com.br\/noticias\/dolar-encerrou-pregao-alta-apos-fala-bolsonaro-14082020\/","title":{"rendered":"D\u00f3lar encerrou o preg\u00e3o em alta de 1,12% ap\u00f3s fala do Bolsonaro"},"content":{"rendered":"<p>O <strong>d\u00f3lar<\/strong> encerrou nesta sexta-feira (14) em alta de 1,12%, negociado a R$ 5,417 na venda, movido pela rea\u00e7\u00e3o do mercado ao an\u00fancio do Bolsonaro sobre a <a href=\"https:\/\/www.suno.com.br\/noticias\/bolsonaro-abraca-furar-teto-gastos-pede-patriotismo\/\">possibilidade de furar o teto de gastos do governo<\/a>.<\/p>\t<div class=\"wrapper-featured-image\">\n\t\t<figure class=\"spotlightImg\">\n\n\t\t\t<picture>\n\t\t\t\t<source media=\"(max-width: 768px)\" srcset=\"https:\/\/files.sunoresearch.com.br\/n\/uploads\/2020\/05\/71f556a3-d\u00f3lar-2-400x200.webp\">\n\t\t\t\t<img loading=\"lazy\" decoding=\"async\" class=\"newsContent__article__imgCapa lazyloadDisabled \" src=\"https:\/\/files.sunoresearch.com.br\/n\/uploads\/2020\/05\/71f556a3-d\u00f3lar-2-800x450.webp\" width=\"800\" height=\"450\" alt=\"D\u00f3lar encerrou o preg\u00e3o em alta de 1,12% ap\u00f3s fala do Bolsonaro\" fetchpriority=high \/>\n\t\t\t<\/picture>\n\n\t\t\t<figcaption class=\"wp-caption-text wp-caption-text--show\">Por volta das 9h40, nesta ter\u00e7a-feira (03), o d\u00f3lar operava em queda de 1%, negociado a R$ 5,6853.<\/figcaption>\n\t\t<\/figure>\n\t<\/div>\n\n\n<div class=\"hubspot-form-wrapper\">\n\t<div id=\"single-form-target\"><\/div>\n<\/div>\n\n<p>O <strong>d\u00f3lar hoje<\/strong> <a href=\"https:\/\/www.suno.com.br\/artigos\/dolar\/\">operava<\/a> positivamente pela manh\u00e3, sendo negociado a R$ 5,4032. O mercado acion\u00e1rio est\u00e1 atento aos impactos da pandemia na economia global; o <a href=\"https:\/\/www.suno.com.br\/artigos\/pib-produto-interno-bruto\/\">PIB<\/a> da <a href=\"https:\/\/www.suno.com.br\/artigos\/zona-do-euro\/\">zona do euro<\/a> caiu mais de 12% no segundo trimestre de 2020, em compara\u00e7\u00e3o ao trimestre imediatamente anterior, levando a regi\u00e3o \u00e0 recess\u00e3o.<\/p>\n<p>O movimento de alta na moeda norte-americana tamb\u00e9m foi causado pelo aumento das tens\u00f5es geopol\u00edticas entre os <strong>EUA<\/strong> e a <strong>China<\/strong>. Nesta sexta-feira as autoridades de ambos pa\u00edses anunciaram que n\u00e3o realizaram o encontro que estava marcado para este fim de semana, indicando uma fraqueza no acordo comercial entre <strong>Washington<\/strong> e <strong>Pequim<\/strong>.<\/p>\n<p><a href=\"https:\/\/lp.suno.com.br\/suno-one\/\">Suno One: acesse gratuitamente eBooks, Minicursos, Artigos e Video Aulas sobre investimentos com um \u00fanico cadastro. Clique para saber mais!<\/a><\/p>\n<p>Confira as principais not\u00edcias que movimentaram o mercado nessa sexta-feira:<\/p>\n<ul>\n<li><strong>Goldman Sachs<\/strong> melhora estimativa para queda do PIB do <strong>Brasil<\/strong>;<\/li>\n<li><strong>Vendas no varejo<\/strong> dos EUA passam os n\u00edveis anteriores \u00e0 pandemia;<\/li>\n<li>EUA e China prorrogam reuni\u00e3o sobre acordo comercial;<\/li>\n<li><strong>Argentina<\/strong> pode adiar prazo de oferta de reestrutura\u00e7\u00e3o de t\u00edtulos, diz jornal;<\/li>\n<\/ul>\n<h2>Goldman Sachs melhora estimativa para queda do PIB do Brasil<\/h2>\n<p>O Goldman Sachs (<a href=\"https:\/\/www.suno.com.br\/artigos\/nyse\/\">NYSE<\/a>: GS) informou nesta sexta-feira (14) que revisou a previs\u00e3o para o\u00a0<a href=\"https:\/\/www.suno.com.br\/artigos\/pib-produto-interno-bruto\/\">Produto Interno Bruto (<strong>PIB<\/strong>)<\/a>\u00a0do Brasil em 2020, para uma que<\/p>\n<p>As proje\u00e7\u00f5es anteriores do banco apontavam para uma baixa de 7,5% no PIB. Conforme o relat\u00f3rio, o\u00a0<strong>Goldman Sachs<\/strong>\u00a0se tornou mais otimista com a economia brasileira conforme dados e indicadores da atividade no pa\u00eds foram divulgados nos \u00faltimos meses.<\/p>\n<p><a href=\"https:\/\/www.suno.com.br\/noticias\/goldman-sachs-melhora-estimativa-queda-pib-brasil\/\">Saiba mais: Goldman Sachs melhora estimativa para queda do PIB do Brasil<\/a><\/p>\n<p>Em nota, o chefe da pesquisa para regi\u00e3o Am\u00e9rica Latina do banco,\u00a0<strong>Alberto Ramos<\/strong>, disse que as raz\u00f5es por tr\u00e1s da revis\u00e3o s\u00e3o:<\/p>\n<ul>\n<li>o fato dos indicadores econ\u00f4micos estarem se recuperando;<\/li>\n<li>os \u00edndices antecedentes estarem positivos;<\/li>\n<li>e uma crescente probabilidade de est\u00edmulo fiscal \u201csignificativo\u201d cont\u00ednuo at\u00e9 pelo menos o final do ano;<\/li>\n<\/ul>\n<h2>Divulga\u00e7\u00e3o dos dados econ\u00f4micos dos EUA movimentou o d\u00f3lar hoje<\/h2>\n<p>O Departamento de Com\u00e9rcio dos\u00a0<strong>EUA<\/strong>\u00a0informou nesta sexta-feira (16) que as vendas no varejo aumentaram 1,2%\u00a0<a href=\"https:\/\/www.suno.com.br\/noticias\/vendas-no-varejo-eua-avancam-75-junho\/\">em rela\u00e7\u00e3o ao m\u00eas anterior<\/a>. O n\u00famero que representa as compras em lojas, restaurantes e e-commerce totalizaram US$ 530,59 bilh\u00f5es (cerca de R$ 2,88 trilh\u00f5es) no m\u00eas passado, superando aos n\u00edveis pr\u00e9-pand\u00eamicos.<\/p>\n<p><a href=\"https:\/\/www.suno.com.br\/noticias\/vendas-varejo-eua-passam-niveis-anteriores-pandemia\/\">Saiba mais: Vendas no varejo dos EUA passam os n\u00edveis anteriores \u00e0 pandemia<\/a><\/p>\n<p>Isso marcou o terceiro ganho mensal consecutivo, enquanto os EUA se esfor\u00e7avam para reabrir sua economia o m\u00e1ximo poss\u00edvel, apesar dos desafios impostos pela pandemia do\u00a0<strong>coronav\u00edrus (covid-19)<\/strong>. Quando comparado com fevereiro deste ano, o crescimento do varejo foi de 1,7%. Em julho, os consumidores aumentaram seus gastos com\u00a0<strong>eletr\u00f4nicos<\/strong>\u00a0e\u00a0<strong>eletrodom\u00e9sticos<\/strong>,\u00a0<strong>produtos de sa\u00fade<\/strong>\u00a0e\u00a0<strong>restaurantes<\/strong>.<\/p>\n<h1 class=\"newsContent__article__title\">EUA e China prorrogam reuni\u00e3o sobre acordo comercial<\/h1>\n<p>Os <strong>EUA<\/strong> e a China anunciaram nesta sexta-feira (14) que adiar\u00e3o as negocia\u00e7\u00f5es que estavam planejadas para este fim de semana. Nelas, as autoridades visavam revisar o progresso da primeira fase do acordo comercial, que completou seis meses em agosto.<\/p>\n<p>O vice-premi\u00ea chin\u00eas, <strong>Liu He<\/strong>, deveria realizar uma videoconfer\u00eancia com o representante comercial dos EUA, <strong>Robert Lighthizer<\/strong>, e o secret\u00e1rio do Tesouro, <strong>Steven Mnuchin<\/strong>, mas foi remarcada sem uma data definida, de acordo com o jornal Bloomberg.<\/p>\n<h2>Argentina pode adiar prazo de oferta de reestrutura\u00e7\u00e3o de t\u00edtulos, diz jornal<\/h2>\n<p>A\u00a0<strong>Argentina<\/strong>\u00a0deve adiar o prazo da sua oferta de reestrutura\u00e7\u00e3o de t\u00edtulos para depois do dia 24 de agosto (prazo atual para aceitar o acordo), e exibir uma nova proposta \u00e0 Comiss\u00e3o de Valores Mobili\u00e1rios dos Estados Unidos at\u00e9 semana que v\u00eam, segundo informou uma fonte \u00e0 \u2018Reuters\u2019.<\/p>\n<p><a href=\"https:\/\/www.suno.com.br\/noticias\/argentina-adiar-oferta-reestruturacao-titulosl\/\">Saiba mais: Argentina pode adiar prazo de oferta de reestrutura\u00e7\u00e3o de t\u00edtulos, diz jornal<\/a><\/p>\n<p>Nesse cen\u00e1rio, ap\u00f3s a Argentina apresentar a nova proposta, os detentores dos t\u00edtulos v\u00e3o contar com at\u00e9 10 dias \u00fateis para deliberar sobre a oferta.<\/p>\n<p>Entretanto, como o prazo atual \u00e9 at\u00e9 24 de agosto, o governo teria que emitir um decreto para formalizar a proposta e registr\u00e1-la na Comiss\u00e3o de Valores Mobili\u00e1rios norte-americana ainda hoje.<\/p>\n<h2>\u00daltima cota\u00e7\u00e3o do d\u00f3lar<\/h2>\n<p>Na sess\u00e3o de quinta-feira (13), o <strong>d\u00f3lar<\/strong> encerrou o preg\u00e3o em queda de 1,563%, negociado a R$ 5,3675, na venda. No acumulado da semana, a moeda norte-americana registrou um aumento de 0,27%.<\/p>\n\n","protected":false},"excerpt":{"rendered":"<p>O d\u00f3lar encerrou nesta sexta-feira (14) em alta de 1,12%, negociado a R$ 5,417 na venda, movido pela rea\u00e7\u00e3o do mercado ao an\u00fancio do Bolsonaro sobre a possibilidade de furar o teto de gastos do governo. Por volta das 9h40, nesta ter\u00e7a-feira (03), o d\u00f3lar operava em queda de 1%, negociado a R$ 5,6853. O [&hellip;]<\/p>\n","protected":false},"author":44,"featured_media":66183,"comment_status":"closed","ping_status":"closed","sticky":false,"template":"","format":"standard","meta":[],"categories":[60],"tags":[1546,699,711,326,793,775,807,803],"suno_strategy":[],"class_list":["post-78505","post","type-post","status-publish","format-standard","has-post-thumbnail","hentry","category-mercado","tag-acordo-comercial","tag-argentina","tag-china","tag-dolar","tag-estados-unidos-eua","tag-goldman-sachs-gsgi34","tag-produto-interno-bruto-pib","tag-varejo"],"yoast_head":"<!-- This site is optimized with the Yoast SEO plugin v24.4 - https:\/\/yoast.com\/wordpress\/plugins\/seo\/ -->\n<title>D\u00f3lar encerrou o preg\u00e3o em alta de 1,12% ap\u00f3s fala do Bolsonaro<\/title>\n<meta name=\"description\" content=\"O d\u00f3lar encerrou o preg\u00e3o em alta, movido pelo an\u00fancio do Bolsonaro sobre a possibilidade de furar o teto de gastos. Clique para ver mais.\" \/>\n<meta name=\"robots\" content=\"index, follow, max-snippet:-1, max-image-preview:large, max-video-preview:-1\" \/>\n<link rel=\"canonical\" href=\"https:\/\/www.suno.com.br\/noticias\/dolar-encerrou-pregao-alta-apos-fala-bolsonaro-14082020\/\" \/>\n<meta property=\"og:locale\" content=\"pt_BR\" \/>\n<meta property=\"og:type\" content=\"article\" \/>\n<meta property=\"og:title\" content=\"D\u00f3lar encerrou o preg\u00e3o em alta de 1,12% ap\u00f3s fala do Bolsonaro\" \/>\n<meta property=\"og:description\" content=\"O d\u00f3lar encerrou o preg\u00e3o em alta, movido pelo an\u00fancio do Bolsonaro sobre a possibilidade de furar o teto de gastos. Clique para ver mais.\" \/>\n<meta property=\"og:url\" content=\"https:\/\/www.suno.com.br\/noticias\/dolar-encerrou-pregao-alta-apos-fala-bolsonaro-14082020\/\" \/>\n<meta property=\"og:site_name\" content=\"Suno Not\u00edcias\" \/>\n<meta property=\"article:publisher\" content=\"https:\/\/facebook.com\/sunoresearch\" \/>\n<meta property=\"og:image\" content=\"https:\/\/files.sunoresearch.com.br\/n\/uploads\/2020\/05\/71f556a3-d\u00f3lar-2.jpg\" \/>\n\t<meta property=\"og:image:width\" content=\"910\" \/>\n\t<meta property=\"og:image:height\" content=\"643\" \/>\n\t<meta property=\"og:image:type\" content=\"image\/jpeg\" \/>\n<meta name=\"author\" content=\"Daniel Guimar\u00e3es\" \/>\n<meta name=\"twitter:card\" content=\"summary_large_image\" \/>\n<meta name=\"twitter:creator\" content=\"@sunoresearch\" \/>\n<meta name=\"twitter:site\" content=\"@sunoresearch\" \/>\n<meta name=\"twitter:label1\" content=\"Escrito por\" \/>\n\t<meta name=\"twitter:data1\" content=\"Daniel Guimar\u00e3es\" \/>\n\t<meta name=\"twitter:label2\" content=\"Est. tempo de leitura\" \/>\n\t<meta name=\"twitter:data2\" content=\"4 minutos\" \/>\n<script type=\"application\/ld+json\" class=\"yoast-schema-graph\">{\"@context\":\"https:\/\/schema.org\",\"@graph\":[{\"@type\":\"NewsArticle\",\"@id\":\"https:\/\/www.suno.com.br\/noticias\/dolar-encerrou-pregao-alta-apos-fala-bolsonaro-14082020\/#article\",\"isPartOf\":{\"@id\":\"https:\/\/www.suno.com.br\/noticias\/dolar-encerrou-pregao-alta-apos-fala-bolsonaro-14082020\/\"},\"author\":{\"name\":\"Daniel Guimar\u00e3es\",\"@id\":\"https:\/\/www.suno.com.br\/noticias\/#\/schema\/person\/a7796c19fcf6bafd03b9a2fa1fd9ae20\"},\"headline\":\"D\u00f3lar encerrou o preg\u00e3o em alta de 1,12% ap\u00f3s fala do Bolsonaro\",\"datePublished\":\"2020-08-14T20:33:05+00:00\",\"dateModified\":\"2021-05-29T23:33:44+00:00\",\"mainEntityOfPage\":{\"@id\":\"https:\/\/www.suno.com.br\/noticias\/dolar-encerrou-pregao-alta-apos-fala-bolsonaro-14082020\/\"},\"wordCount\":814,\"publisher\":{\"@id\":\"https:\/\/www.suno.com.br\/noticias\/#organization\"},\"image\":{\"@id\":\"https:\/\/www.suno.com.br\/noticias\/dolar-encerrou-pregao-alta-apos-fala-bolsonaro-14082020\/#primaryimage\"},\"thumbnailUrl\":\"https:\/\/files.sunoresearch.com.br\/n\/uploads\/2020\/05\/71f556a3-d\u00f3lar-2.jpg\",\"keywords\":[\"acordo comercial\",\"Argentina\",\"China\",\"d\u00f3lar\",\"Estados Unidos (EUA)\",\"Goldman Sachs (GSGI34)\",\"Produto Interno Bruto (PIB)\",\"varejo\"],\"articleSection\":[\"Mercado\"],\"inLanguage\":\"pt-BR\"},{\"@type\":\"WebPage\",\"@id\":\"https:\/\/www.suno.com.br\/noticias\/dolar-encerrou-pregao-alta-apos-fala-bolsonaro-14082020\/\",\"url\":\"https:\/\/www.suno.com.br\/noticias\/dolar-encerrou-pregao-alta-apos-fala-bolsonaro-14082020\/\",\"name\":\"D\u00f3lar encerrou o preg\u00e3o em alta de 1,12% ap\u00f3s fala do Bolsonaro\",\"isPartOf\":{\"@id\":\"https:\/\/www.suno.com.br\/noticias\/#website\"},\"primaryImageOfPage\":{\"@id\":\"https:\/\/www.suno.com.br\/noticias\/dolar-encerrou-pregao-alta-apos-fala-bolsonaro-14082020\/#primaryimage\"},\"image\":{\"@id\":\"https:\/\/www.suno.com.br\/noticias\/dolar-encerrou-pregao-alta-apos-fala-bolsonaro-14082020\/#primaryimage\"},\"thumbnailUrl\":\"https:\/\/files.sunoresearch.com.br\/n\/uploads\/2020\/05\/71f556a3-d\u00f3lar-2.jpg\",\"datePublished\":\"2020-08-14T20:33:05+00:00\",\"dateModified\":\"2021-05-29T23:33:44+00:00\",\"description\":\"O d\u00f3lar encerrou o preg\u00e3o em alta, movido pelo an\u00fancio do Bolsonaro sobre a possibilidade de furar o teto de gastos. Clique para ver mais.\",\"breadcrumb\":{\"@id\":\"https:\/\/www.suno.com.br\/noticias\/dolar-encerrou-pregao-alta-apos-fala-bolsonaro-14082020\/#breadcrumb\"},\"inLanguage\":\"pt-BR\",\"potentialAction\":[{\"@type\":\"ReadAction\",\"target\":[\"https:\/\/www.suno.com.br\/noticias\/dolar-encerrou-pregao-alta-apos-fala-bolsonaro-14082020\/\"]}]},{\"@type\":\"ImageObject\",\"inLanguage\":\"pt-BR\",\"@id\":\"https:\/\/www.suno.com.br\/noticias\/dolar-encerrou-pregao-alta-apos-fala-bolsonaro-14082020\/#primaryimage\",\"url\":\"https:\/\/files.sunoresearch.com.br\/n\/uploads\/2020\/05\/71f556a3-d\u00f3lar-2.jpg\",\"contentUrl\":\"https:\/\/files.sunoresearch.com.br\/n\/uploads\/2020\/05\/71f556a3-d\u00f3lar-2.jpg\",\"width\":910,\"height\":643,\"caption\":\"Por volta das 9h40, nesta ter\u00e7a-feira (03), o d\u00f3lar operava em queda de 1%, negociado a R$ 5,6853.\"},{\"@type\":\"BreadcrumbList\",\"@id\":\"https:\/\/www.suno.com.br\/noticias\/dolar-encerrou-pregao-alta-apos-fala-bolsonaro-14082020\/#breadcrumb\",\"itemListElement\":[{\"@type\":\"ListItem\",\"position\":1,\"name\":\"Not\u00edcias\",\"item\":\"https:\/\/www.suno.com.br\/noticias\/\"},{\"@type\":\"ListItem\",\"position\":2,\"name\":\"Mercado\",\"item\":\"https:\/\/www.suno.com.br\/noticias\/mercado\/\"},{\"@type\":\"ListItem\",\"position\":3,\"name\":\"D\u00f3lar encerrou o preg\u00e3o em alta de 1,12% ap\u00f3s fala do Bolsonaro\"}]},{\"@type\":\"WebSite\",\"@id\":\"https:\/\/www.suno.com.br\/noticias\/#website\",\"url\":\"https:\/\/www.suno.com.br\/noticias\/\",\"name\":\"Suno Not\u00edcias\",\"description\":\"Seu portal de informa\u00e7\u00e3o sobre o mundo dos investimentos\",\"publisher\":{\"@id\":\"https:\/\/www.suno.com.br\/noticias\/#organization\"},\"potentialAction\":[{\"@type\":\"SearchAction\",\"target\":{\"@type\":\"EntryPoint\",\"urlTemplate\":\"https:\/\/www.suno.com.br\/noticias\/?s={search_term_string}\"},\"query-input\":{\"@type\":\"PropertyValueSpecification\",\"valueRequired\":true,\"valueName\":\"search_term_string\"}}],\"inLanguage\":\"pt-BR\"},{\"@type\":\"Organization\",\"@id\":\"https:\/\/www.suno.com.br\/noticias\/#organization\",\"name\":\"Suno Not\u00edcias\",\"url\":\"https:\/\/www.suno.com.br\/noticias\/\",\"logo\":{\"@type\":\"ImageObject\",\"inLanguage\":\"pt-BR\",\"@id\":\"https:\/\/www.suno.com.br\/noticias\/#\/schema\/logo\/image\/\",\"url\":\"https:\/\/files.sunoresearch.com.br\/n\/uploads\/2021\/09\/suno-logo.png\",\"contentUrl\":\"https:\/\/files.sunoresearch.com.br\/n\/uploads\/2021\/09\/suno-logo.png\",\"width\":180,\"height\":180,\"caption\":\"Suno Not\u00edcias\"},\"image\":{\"@id\":\"https:\/\/www.suno.com.br\/noticias\/#\/schema\/logo\/image\/\"},\"sameAs\":[\"https:\/\/facebook.com\/sunoresearch\",\"https:\/\/x.com\/sunoresearch\",\"https:\/\/www.instagram.com\/suno\",\"https:\/\/www.linkedin.com\/company\/suno-research\/\",\"https:\/\/www.youtube.com\/c\/sunoresearch\"]},{\"@type\":\"Person\",\"@id\":\"https:\/\/www.suno.com.br\/noticias\/#\/schema\/person\/a7796c19fcf6bafd03b9a2fa1fd9ae20\",\"name\":\"Daniel Guimar\u00e3es\",\"image\":{\"@type\":\"ImageObject\",\"inLanguage\":\"pt-BR\",\"@id\":\"https:\/\/www.suno.com.br\/noticias\/#\/schema\/person\/image\/\",\"url\":\"https:\/\/secure.gravatar.com\/avatar\/fb8260757609f58f0c0ac079d1b32eff?s=96&r=g\",\"contentUrl\":\"https:\/\/secure.gravatar.com\/avatar\/fb8260757609f58f0c0ac079d1b32eff?s=96&r=g\",\"caption\":\"Daniel Guimar\u00e3es\"},\"description\":\"Estagi\u00e1rio na Suno Not\u00edcias, Daniel escreve not\u00edcias que afetam o mercado financeiro brasileiro e internacional. Estuda economia na Rutgers University, em New Jersey.\",\"sameAs\":[\"suno.research\"],\"url\":\"https:\/\/www.suno.com.br\/noticias\/author\/daniel\/\"}]}<\/script>\n<!-- \/ Yoast SEO plugin. -->","yoast_head_json":{"title":"D\u00f3lar encerrou o preg\u00e3o em alta de 1,12% ap\u00f3s fala do Bolsonaro","description":"O d\u00f3lar encerrou o preg\u00e3o em alta, movido pelo an\u00fancio do Bolsonaro sobre a possibilidade de furar o teto de gastos. Clique para ver mais.","robots":{"index":"index","follow":"follow","max-snippet":"max-snippet:-1","max-image-preview":"max-image-preview:large","max-video-preview":"max-video-preview:-1"},"canonical":"https:\/\/www.suno.com.br\/noticias\/dolar-encerrou-pregao-alta-apos-fala-bolsonaro-14082020\/","og_locale":"pt_BR","og_type":"article","og_title":"D\u00f3lar encerrou o preg\u00e3o em alta de 1,12% ap\u00f3s fala do Bolsonaro","og_description":"O d\u00f3lar encerrou o preg\u00e3o em alta, movido pelo an\u00fancio do Bolsonaro sobre a possibilidade de furar o teto de gastos. Clique para ver mais.","og_url":"https:\/\/www.suno.com.br\/noticias\/dolar-encerrou-pregao-alta-apos-fala-bolsonaro-14082020\/","og_site_name":"Suno Not\u00edcias","article_publisher":"https:\/\/facebook.com\/sunoresearch","og_image":[{"width":910,"height":643,"url":"https:\/\/files.sunoresearch.com.br\/n\/uploads\/2020\/05\/71f556a3-d\u00f3lar-2.jpg","type":"image\/jpeg"}],"author":"Daniel Guimar\u00e3es","twitter_card":"summary_large_image","twitter_creator":"@sunoresearch","twitter_site":"@sunoresearch","twitter_misc":{"Escrito por":"Daniel Guimar\u00e3es","Est. tempo de leitura":"4 minutos"},"schema":{"@context":"https:\/\/schema.org","@graph":[{"@type":"NewsArticle","@id":"https:\/\/www.suno.com.br\/noticias\/dolar-encerrou-pregao-alta-apos-fala-bolsonaro-14082020\/#article","isPartOf":{"@id":"https:\/\/www.suno.com.br\/noticias\/dolar-encerrou-pregao-alta-apos-fala-bolsonaro-14082020\/"},"author":{"name":"Daniel Guimar\u00e3es","@id":"https:\/\/www.suno.com.br\/noticias\/#\/schema\/person\/a7796c19fcf6bafd03b9a2fa1fd9ae20"},"headline":"D\u00f3lar encerrou o preg\u00e3o em alta de 1,12% ap\u00f3s fala do Bolsonaro","datePublished":"2020-08-14T20:33:05+00:00","dateModified":"2021-05-29T23:33:44+00:00","mainEntityOfPage":{"@id":"https:\/\/www.suno.com.br\/noticias\/dolar-encerrou-pregao-alta-apos-fala-bolsonaro-14082020\/"},"wordCount":814,"publisher":{"@id":"https:\/\/www.suno.com.br\/noticias\/#organization"},"image":{"@id":"https:\/\/www.suno.com.br\/noticias\/dolar-encerrou-pregao-alta-apos-fala-bolsonaro-14082020\/#primaryimage"},"thumbnailUrl":"https:\/\/files.sunoresearch.com.br\/n\/uploads\/2020\/05\/71f556a3-d\u00f3lar-2.jpg","keywords":["acordo comercial","Argentina","China","d\u00f3lar","Estados Unidos (EUA)","Goldman Sachs (GSGI34)","Produto Interno Bruto (PIB)","varejo"],"articleSection":["Mercado"],"inLanguage":"pt-BR"},{"@type":"WebPage","@id":"https:\/\/www.suno.com.br\/noticias\/dolar-encerrou-pregao-alta-apos-fala-bolsonaro-14082020\/","url":"https:\/\/www.suno.com.br\/noticias\/dolar-encerrou-pregao-alta-apos-fala-bolsonaro-14082020\/","name":"D\u00f3lar encerrou o preg\u00e3o em alta de 1,12% ap\u00f3s fala do Bolsonaro","isPartOf":{"@id":"https:\/\/www.suno.com.br\/noticias\/#website"},"primaryImageOfPage":{"@id":"https:\/\/www.suno.com.br\/noticias\/dolar-encerrou-pregao-alta-apos-fala-bolsonaro-14082020\/#primaryimage"},"image":{"@id":"https:\/\/www.suno.com.br\/noticias\/dolar-encerrou-pregao-alta-apos-fala-bolsonaro-14082020\/#primaryimage"},"thumbnailUrl":"https:\/\/files.sunoresearch.com.br\/n\/uploads\/2020\/05\/71f556a3-d\u00f3lar-2.jpg","datePublished":"2020-08-14T20:33:05+00:00","dateModified":"2021-05-29T23:33:44+00:00","description":"O d\u00f3lar encerrou o preg\u00e3o em alta, movido pelo an\u00fancio do Bolsonaro sobre a possibilidade de furar o teto de gastos. Clique para ver mais.","breadcrumb":{"@id":"https:\/\/www.suno.com.br\/noticias\/dolar-encerrou-pregao-alta-apos-fala-bolsonaro-14082020\/#breadcrumb"},"inLanguage":"pt-BR","potentialAction":[{"@type":"ReadAction","target":["https:\/\/www.suno.com.br\/noticias\/dolar-encerrou-pregao-alta-apos-fala-bolsonaro-14082020\/"]}]},{"@type":"ImageObject","inLanguage":"pt-BR","@id":"https:\/\/www.suno.com.br\/noticias\/dolar-encerrou-pregao-alta-apos-fala-bolsonaro-14082020\/#primaryimage","url":"https:\/\/files.sunoresearch.com.br\/n\/uploads\/2020\/05\/71f556a3-d\u00f3lar-2.jpg","contentUrl":"https:\/\/files.sunoresearch.com.br\/n\/uploads\/2020\/05\/71f556a3-d\u00f3lar-2.jpg","width":910,"height":643,"caption":"Por volta das 9h40, nesta ter\u00e7a-feira (03), o d\u00f3lar operava em queda de 1%, negociado a R$ 5,6853."},{"@type":"BreadcrumbList","@id":"https:\/\/www.suno.com.br\/noticias\/dolar-encerrou-pregao-alta-apos-fala-bolsonaro-14082020\/#breadcrumb","itemListElement":[{"@type":"ListItem","position":1,"name":"Not\u00edcias","item":"https:\/\/www.suno.com.br\/noticias\/"},{"@type":"ListItem","position":2,"name":"Mercado","item":"https:\/\/www.suno.com.br\/noticias\/mercado\/"},{"@type":"ListItem","position":3,"name":"D\u00f3lar encerrou o preg\u00e3o em alta de 1,12% ap\u00f3s fala do Bolsonaro"}]},{"@type":"WebSite","@id":"https:\/\/www.suno.com.br\/noticias\/#website","url":"https:\/\/www.suno.com.br\/noticias\/","name":"Suno Not\u00edcias","description":"Seu portal de informa\u00e7\u00e3o sobre o mundo dos investimentos","publisher":{"@id":"https:\/\/www.suno.com.br\/noticias\/#organization"},"potentialAction":[{"@type":"SearchAction","target":{"@type":"EntryPoint","urlTemplate":"https:\/\/www.suno.com.br\/noticias\/?s={search_term_string}"},"query-input":{"@type":"PropertyValueSpecification","valueRequired":true,"valueName":"search_term_string"}}],"inLanguage":"pt-BR"},{"@type":"Organization","@id":"https:\/\/www.suno.com.br\/noticias\/#organization","name":"Suno Not\u00edcias","url":"https:\/\/www.suno.com.br\/noticias\/","logo":{"@type":"ImageObject","inLanguage":"pt-BR","@id":"https:\/\/www.suno.com.br\/noticias\/#\/schema\/logo\/image\/","url":"https:\/\/files.sunoresearch.com.br\/n\/uploads\/2021\/09\/suno-logo.png","contentUrl":"https:\/\/files.sunoresearch.com.br\/n\/uploads\/2021\/09\/suno-logo.png","width":180,"height":180,"caption":"Suno Not\u00edcias"},"image":{"@id":"https:\/\/www.suno.com.br\/noticias\/#\/schema\/logo\/image\/"},"sameAs":["https:\/\/facebook.com\/sunoresearch","https:\/\/x.com\/sunoresearch","https:\/\/www.instagram.com\/suno","https:\/\/www.linkedin.com\/company\/suno-research\/","https:\/\/www.youtube.com\/c\/sunoresearch"]},{"@type":"Person","@id":"https:\/\/www.suno.com.br\/noticias\/#\/schema\/person\/a7796c19fcf6bafd03b9a2fa1fd9ae20","name":"Daniel Guimar\u00e3es","image":{"@type":"ImageObject","inLanguage":"pt-BR","@id":"https:\/\/www.suno.com.br\/noticias\/#\/schema\/person\/image\/","url":"https:\/\/secure.gravatar.com\/avatar\/fb8260757609f58f0c0ac079d1b32eff?s=96&r=g","contentUrl":"https:\/\/secure.gravatar.com\/avatar\/fb8260757609f58f0c0ac079d1b32eff?s=96&r=g","caption":"Daniel Guimar\u00e3es"},"description":"Estagi\u00e1rio na Suno Not\u00edcias, Daniel escreve not\u00edcias que afetam o mercado financeiro brasileiro e internacional. Estuda economia na Rutgers University, em New Jersey.","sameAs":["suno.research"],"url":"https:\/\/www.suno.com.br\/noticias\/author\/daniel\/"}]}},"default_loop_html":"<div class=\"cardsPage__listCard__boxs\"><div class=\"cardsPage__listCard__boxs__img\"><a href=\"https:\/\/www.suno.com.br\/noticias\/dolar-encerrou-pregao-alta-apos-fala-bolsonaro-14082020\/\"><img class=\"mask\" src=\"https:\/\/www.suno.com.br\/noticias\/wp-content\/themes\/suno\/resources\/images\/spotlight\/spotlight1img\/bg-mask.png\" alt=\"Image Mask\"\/><img src=\"https:\/\/files.sunoresearch.com.br\/n\/uploads\/2020\/05\/71f556a3-d\u00f3lar-2-400x200.webp\" alt=\"D\u00f3lar encerrou o preg\u00e3o em alta de 1,12% ap\u00f3s fala do Bolsonaro\"\/><\/a><span class=\"spotlightCategory\"><a href=\"https:\/\/www.suno.com.br\/noticias\/mercado\/\">Mercado<\/a><\/span><\/div><div class=\"cardsPage__listCard__boxs__content\"><a href=\"https:\/\/www.suno.com.br\/noticias\/dolar-encerrou-pregao-alta-apos-fala-bolsonaro-14082020\/\"><h2 class=\"content__title\">D\u00f3lar encerrou o preg\u00e3o em alta de 1,12% ap\u00f3s fala do Bolsonaro<\/h2><\/a><div class=\"newsContent__article__meta\"><div class=\"newsContent__article__meta__authorBox\"><a href=\"https:\/\/www.suno.com.br\/noticias\/author\/daniel\/\" class=\"authorBox__avatar noMobi\"><img src=\"https:\/\/files.sunoresearch.com.br\/n\/uploads\/2020\/08\/e51aadd2-whatsapp-image-2020-08-03-at-14.03.48-150x150.webp\" alt=\"Daniel Guimar\u00e3es\"><\/a><div class=\"authorBox__name\"><span>por\n\t\t\t<a href=\"https:\/\/www.suno.com.br\/noticias\/author\/daniel\/\"><span itemprop=\"author\">Daniel Guimar\u00e3es<\/span><\/a><\/span><time datetime=\"2020-08-14T17:33:05-03:00\" itemprop=\"datePublished\">14\/08\/2020 17:33<\/time><\/div><\/div><\/div><\/div><\/div>","single_layout":"posts","amp_enabled":true,"_links":{"self":[{"href":"https:\/\/www.suno.com.br\/noticias\/wp-json\/wp\/v2\/posts\/78505"}],"collection":[{"href":"https:\/\/www.suno.com.br\/noticias\/wp-json\/wp\/v2\/posts"}],"about":[{"href":"https:\/\/www.suno.com.br\/noticias\/wp-json\/wp\/v2\/types\/post"}],"author":[{"embeddable":true,"href":"https:\/\/www.suno.com.br\/noticias\/wp-json\/wp\/v2\/users\/44"}],"replies":[{"embeddable":true,"href":"https:\/\/www.suno.com.br\/noticias\/wp-json\/wp\/v2\/comments?post=78505"}],"version-history":[{"count":1,"href":"https:\/\/www.suno.com.br\/noticias\/wp-json\/wp\/v2\/posts\/78505\/revisions"}],"predecessor-version":[{"id":152181,"href":"https:\/\/www.suno.com.br\/noticias\/wp-json\/wp\/v2\/posts\/78505\/revisions\/152181"}],"wp:featuredmedia":[{"embeddable":true,"href":"https:\/\/www.suno.com.br\/noticias\/wp-json\/wp\/v2\/media\/66183"}],"wp:attachment":[{"href":"https:\/\/www.suno.com.br\/noticias\/wp-json\/wp\/v2\/media?parent=78505"}],"wp:term":[{"taxonomy":"category","embeddable":true,"href":"https:\/\/www.suno.com.br\/noticias\/wp-json\/wp\/v2\/categories?post=78505"},{"taxonomy":"post_tag","embeddable":true,"href":"https:\/\/www.suno.com.br\/noticias\/wp-json\/wp\/v2\/tags?post=78505"},{"taxonomy":"suno_strategy","embeddable":true,"href":"https:\/\/www.suno.com.br\/noticias\/wp-json\/wp\/v2\/suno_strategy?post=78505"}],"curies":[{"name":"wp","href":"https:\/\/api.w.org\/{rel}","templated":true}]}}