{"id":78468,"date":"2020-08-14T16:53:23","date_gmt":"2020-08-14T19:53:23","guid":{"rendered":"https:\/\/www.suno.com.br\/noticias\/?p=78468"},"modified":"2020-08-14T16:53:23","modified_gmt":"2020-08-14T19:53:23","slug":"argentina-adiar-oferta-reestruturacao-titulosl","status":"publish","type":"post","link":"https:\/\/www.suno.com.br\/noticias\/argentina-adiar-oferta-reestruturacao-titulosl\/","title":{"rendered":"Argentina pode adiar prazo de oferta de reestrutura\u00e7\u00e3o de t\u00edtulos, diz jornal"},"content":{"rendered":"<p>A <strong>Argentina<\/strong> deve adiar o prazo da sua oferta de reestrutura\u00e7\u00e3o de t\u00edtulos para depois do dia 24 de agosto (prazo atual para aceitar o acordo), e exibir uma nova proposta \u00e0 Comiss\u00e3o de Valores Mobili\u00e1rios dos Estados Unidos at\u00e9 semana que v\u00eam, segundo informou uma fonte \u00e0 &#8216;Reuters&#8217;.<\/p>\t<div class=\"wrapper-featured-image\">\n\t\t<figure class=\"spotlightImg\">\n\n\t\t\t<picture>\n\t\t\t\t<source media=\"(max-width: 768px)\" srcset=\"https:\/\/files.sunoresearch.com.br\/n\/uploads\/2019\/08\/7b1f5034-argentina-400x200.webp\">\n\t\t\t\t<img loading=\"lazy\" decoding=\"async\" class=\"newsContent__article__imgCapa lazyloadDisabled \" src=\"https:\/\/files.sunoresearch.com.br\/n\/uploads\/2019\/08\/7b1f5034-argentina-800x450.webp\" width=\"800\" height=\"450\" alt=\"Argentina pode adiar prazo de oferta de reestrutura\u00e7\u00e3o de t\u00edtulos, diz jornal\" fetchpriority=high \/>\n\t\t\t<\/picture>\n\n\t\t\t<figcaption class=\"wp-caption-text wp-caption-text--show\">A Argentina informou que reestruturou mais de US$ 40 bilh\u00f5es em d\u00edvida emitida sob a legisla\u00e7\u00e3o local<\/figcaption>\n\t\t<\/figure>\n\t<\/div>\n\n\n<div class=\"hubspot-form-wrapper\">\n\t<div id=\"single-form-target\"><\/div>\n<\/div>\n\n<p>Nesse cen\u00e1rio, ap\u00f3s a Argentina apresentar a nova proposta, os detentores dos t\u00edtulos v\u00e3o contar com at\u00e9 10 dias \u00fateis para deliberar sobre a oferta.<\/p>\n<p>Entretanto, como o prazo atual \u00e9 at\u00e9 24 de agosto, o governo teria que emitir um decreto para formalizar a proposta e registr\u00e1-la na Comiss\u00e3o de Valores Mobili\u00e1rios norte-americana ainda hoje.<\/p>\n<p><a href=\"https:\/\/lp.suno.com.br\/suno-one\/\">Suno One: acesse gratuitamente eBooks, Minicursos, Artigos e Video Aulas sobre investimentos com um \u00fanico cadastro. Clique para saber mais!<\/a><\/p>\n<p>Frente a isso, a fonte declarou \u00e0 agencia de not\u00edcias brit\u00e2nica que &#8220;o decreto vai bem, mas pode n\u00e3o ser finalizado hoje. O pr\u00f3ximo dia \u00fatil \u00e9 ter\u00e7a-feira. O prazo de 10 dias ser\u00e1 cumprido e em nenhum caso a prorroga\u00e7\u00e3o do prazo da oferta ir\u00e1 al\u00e9m de agosto&#8221;.<\/p>\n<h2>Argentina fecha acordo com credores para reestrutura\u00e7\u00e3o de US$ 65 bilh\u00f5es<\/h2>\n<p>O governo argentino fechou um acordo com tr\u00eas grupos de credores para a reestrutura\u00e7\u00e3o da d\u00edvida de US$ 65 bilh\u00f5es (cerca de R$ 348,12 bilh\u00f5es). O acordo firmado\u00a0 no in\u00edcio de agosto far\u00e1 com que o pa\u00eds possa sair da inadimpl\u00eancia, ap\u00f3s ter deixado de pagar os juros da d\u00edvida soberana do primeiro semestre deste ano.<\/p>\n<p>Segundo o Minist\u00e9rio da Economia da Argentina, &#8220;o acordo permitir\u00e1 que membros dos grupos de credores apoiem a proposta de reestrutura\u00e7\u00e3o da d\u00edvida do pa\u00eds e concedam um al\u00edvio significativo da <strong>d\u00edvida<\/strong>&#8220;.<\/p>\n<p>O acerto se refere \u00e0s negocia\u00e7\u00f5es com o Ad Hoc Group of Argentine Bondholders, o Argentina Creditor Committee e o Exchange Bonjolder Group. Al\u00e9m disso, dentre os principais detentores de t\u00edtulos argentinos est\u00e3o Fidelity Management &amp; Research, Monarch Alternative Capital LP, VR Capital Group, Greylock Capital Management e Pharo Management LLC.<\/p>\n\t<div data-element=\"shortcode-read-more\" class=\"knowMore\">\n\t\t\t\t<span class=\"knowMore__title\">Saiba mais<\/span>\n\t\t\t\t<a class=\"knowMore__link\" href=\"https:\/\/www.suno.com.br\/noticias\/argentina-acordo-fmi-no-comeco-de-2021\/\">\n\t\t\tArgentina prev\u00ea acordo com FMI no come\u00e7o de 2021, diz ministro\t\t<\/a>\n\t<\/div>\n\n\n<p>Cinco dos t\u00edtulos pass\u00edveis de troca est\u00e3o inadimplentes, uma vez que a <strong>Argentina<\/strong> n\u00e3o pagou os juros de US$ 500 milh\u00f5es em maio e outros US$ 600 milh\u00f5es na \u00faltima semana de julho, fazendo com que o Pa\u00eds entrasse em <a href=\"https:\/\/www.suno.com.br\/artigos\/default\/\"><em>default<\/em> (<strong>calote<\/strong>)<\/a> no m\u00eas passado.<\/p>\n\t<p>\n\t\t<a href=\"https:\/\/lp.suno.com.br\/planilha-de-controle-de-investimentos\/\" target=\"_blank\" data-element=\"shortcode-suno-banner\" title=\"Banner SUNO, clique e saiba mais\">\n\t\t\t<picture>\n\t\t\t\t<source media=\"(max-width: 500px)\" srcset=\"https:\/\/files.sunoresearch.com.br\/n\/uploads\/2023\/03\/400x300-Controle-de-Investimentos.png\">\n\t\t\t\t<img class=\"newsContent__article__imgCapa newsContent__article__imgCapa--banner\"\n\t\t\t\t\tsrc=\"https:\/\/files.sunoresearch.com.br\/n\/uploads\/2023\/03\/1420x240-Controle-de-Investimentos.png\"\n\t\t\t\t\tdata-promo-id=\"75934\"\t\t\t\t\t\t\t\t\t\twidth='1420' height='240'\t\t\t\t\talt=\"https:\/\/files.sunoresearch.com.br\/n\/uploads\/2023\/03\/1420x240-Controle-de-Investimentos.png\"\n\t\t\t\t>\n\t\t\t<\/picture>\n\t\t<\/a>\n\t<\/p>\n\n\n","protected":false},"excerpt":{"rendered":"<p>A Argentina deve adiar o prazo da sua oferta de reestrutura\u00e7\u00e3o de t\u00edtulos para depois do dia 24 de agosto (prazo atual para aceitar o acordo), e exibir uma nova proposta \u00e0 Comiss\u00e3o de Valores Mobili\u00e1rios dos Estados Unidos at\u00e9 semana que v\u00eam, segundo informou uma fonte \u00e0 &#8216;Reuters&#8217;. A Argentina informou que reestruturou mais [&hellip;]<\/p>\n","protected":false},"author":39,"featured_media":33758,"comment_status":"closed","ping_status":"closed","sticky":false,"template":"","format":"standard","meta":[],"categories":[63],"tags":[699],"suno_strategy":[],"class_list":["post-78468","post","type-post","status-publish","format-standard","has-post-thumbnail","hentry","category-internacional","tag-argentina"],"yoast_head":"<!-- This site is optimized with the Yoast SEO plugin v24.4 - https:\/\/yoast.com\/wordpress\/plugins\/seo\/ -->\n<title>Argentina pode adiar prazo de oferta de reestrutura\u00e7\u00e3o de t\u00edtulos, diz jornal<\/title>\n<meta name=\"description\" content=\"A Argentina deve adiar o prazo da sua oferta de reestrutura\u00e7\u00e3o de t\u00edtulos para depois do dia 24 de agosto. Clique aqui para saber mais.\" \/>\n<meta name=\"robots\" content=\"index, follow, max-snippet:-1, max-image-preview:large, max-video-preview:-1\" \/>\n<link rel=\"canonical\" href=\"https:\/\/www.suno.com.br\/noticias\/argentina-adiar-oferta-reestruturacao-titulosl\/\" \/>\n<meta property=\"og:locale\" content=\"pt_BR\" \/>\n<meta property=\"og:type\" content=\"article\" \/>\n<meta property=\"og:title\" content=\"Argentina pode adiar prazo de oferta de reestrutura\u00e7\u00e3o de t\u00edtulos, diz jornal\" \/>\n<meta property=\"og:description\" content=\"A Argentina deve adiar o prazo da sua oferta de reestrutura\u00e7\u00e3o de t\u00edtulos para depois do dia 24 de agosto. Clique aqui para saber mais.\" \/>\n<meta property=\"og:url\" content=\"https:\/\/www.suno.com.br\/noticias\/argentina-adiar-oferta-reestruturacao-titulosl\/\" \/>\n<meta property=\"og:site_name\" content=\"Suno Not\u00edcias\" \/>\n<meta property=\"article:publisher\" content=\"https:\/\/facebook.com\/sunoresearch\" \/>\n<meta property=\"og:image\" content=\"https:\/\/files.sunoresearch.com.br\/n\/uploads\/2019\/08\/7b1f5034-argentina.jpg\" \/>\n\t<meta property=\"og:image:width\" content=\"1000\" \/>\n\t<meta property=\"og:image:height\" content=\"541\" \/>\n\t<meta property=\"og:image:type\" content=\"image\/jpeg\" \/>\n<meta name=\"author\" content=\"Laura Moutinho\" \/>\n<meta name=\"twitter:card\" content=\"summary_large_image\" \/>\n<meta name=\"twitter:creator\" content=\"@sunoresearch\" \/>\n<meta name=\"twitter:site\" content=\"@sunoresearch\" \/>\n<meta name=\"twitter:label1\" content=\"Escrito por\" \/>\n\t<meta name=\"twitter:data1\" content=\"Laura Moutinho\" \/>\n\t<meta name=\"twitter:label2\" content=\"Est. tempo de leitura\" \/>\n\t<meta name=\"twitter:data2\" content=\"2 minutos\" \/>\n<script type=\"application\/ld+json\" class=\"yoast-schema-graph\">{\"@context\":\"https:\/\/schema.org\",\"@graph\":[{\"@type\":\"NewsArticle\",\"@id\":\"https:\/\/www.suno.com.br\/noticias\/argentina-adiar-oferta-reestruturacao-titulosl\/#article\",\"isPartOf\":{\"@id\":\"https:\/\/www.suno.com.br\/noticias\/argentina-adiar-oferta-reestruturacao-titulosl\/\"},\"author\":{\"name\":\"Laura Moutinho\",\"@id\":\"https:\/\/www.suno.com.br\/noticias\/#\/schema\/person\/3df0d2808748b74496efe5dbeaef2c72\"},\"headline\":\"Argentina pode adiar prazo de oferta de reestrutura\u00e7\u00e3o de t\u00edtulos, diz jornal\",\"datePublished\":\"2020-08-14T19:53:23+00:00\",\"mainEntityOfPage\":{\"@id\":\"https:\/\/www.suno.com.br\/noticias\/argentina-adiar-oferta-reestruturacao-titulosl\/\"},\"wordCount\":441,\"publisher\":{\"@id\":\"https:\/\/www.suno.com.br\/noticias\/#organization\"},\"image\":{\"@id\":\"https:\/\/www.suno.com.br\/noticias\/argentina-adiar-oferta-reestruturacao-titulosl\/#primaryimage\"},\"thumbnailUrl\":\"https:\/\/files.sunoresearch.com.br\/n\/uploads\/2019\/08\/7b1f5034-argentina-jpg.webp\",\"keywords\":[\"Argentina\"],\"articleSection\":[\"Internacional\"],\"inLanguage\":\"pt-BR\"},{\"@type\":\"WebPage\",\"@id\":\"https:\/\/www.suno.com.br\/noticias\/argentina-adiar-oferta-reestruturacao-titulosl\/\",\"url\":\"https:\/\/www.suno.com.br\/noticias\/argentina-adiar-oferta-reestruturacao-titulosl\/\",\"name\":\"Argentina pode adiar prazo de oferta de reestrutura\u00e7\u00e3o de t\u00edtulos, diz jornal\",\"isPartOf\":{\"@id\":\"https:\/\/www.suno.com.br\/noticias\/#website\"},\"primaryImageOfPage\":{\"@id\":\"https:\/\/www.suno.com.br\/noticias\/argentina-adiar-oferta-reestruturacao-titulosl\/#primaryimage\"},\"image\":{\"@id\":\"https:\/\/www.suno.com.br\/noticias\/argentina-adiar-oferta-reestruturacao-titulosl\/#primaryimage\"},\"thumbnailUrl\":\"https:\/\/files.sunoresearch.com.br\/n\/uploads\/2019\/08\/7b1f5034-argentina-jpg.webp\",\"datePublished\":\"2020-08-14T19:53:23+00:00\",\"description\":\"A Argentina deve adiar o prazo da sua oferta de reestrutura\u00e7\u00e3o de t\u00edtulos para depois do dia 24 de agosto. Clique aqui para saber mais.\",\"breadcrumb\":{\"@id\":\"https:\/\/www.suno.com.br\/noticias\/argentina-adiar-oferta-reestruturacao-titulosl\/#breadcrumb\"},\"inLanguage\":\"pt-BR\",\"potentialAction\":[{\"@type\":\"ReadAction\",\"target\":[\"https:\/\/www.suno.com.br\/noticias\/argentina-adiar-oferta-reestruturacao-titulosl\/\"]}]},{\"@type\":\"ImageObject\",\"inLanguage\":\"pt-BR\",\"@id\":\"https:\/\/www.suno.com.br\/noticias\/argentina-adiar-oferta-reestruturacao-titulosl\/#primaryimage\",\"url\":\"https:\/\/files.sunoresearch.com.br\/n\/uploads\/2019\/08\/7b1f5034-argentina-jpg.webp\",\"contentUrl\":\"https:\/\/files.sunoresearch.com.br\/n\/uploads\/2019\/08\/7b1f5034-argentina-jpg.webp\",\"width\":1000,\"height\":541,\"caption\":\"A Argentina informou que reestruturou mais de US$ 40 bilh\u00f5es em d\u00edvida emitida sob a legisla\u00e7\u00e3o local\"},{\"@type\":\"BreadcrumbList\",\"@id\":\"https:\/\/www.suno.com.br\/noticias\/argentina-adiar-oferta-reestruturacao-titulosl\/#breadcrumb\",\"itemListElement\":[{\"@type\":\"ListItem\",\"position\":1,\"name\":\"Not\u00edcias\",\"item\":\"https:\/\/www.suno.com.br\/noticias\/\"},{\"@type\":\"ListItem\",\"position\":2,\"name\":\"Internacional\",\"item\":\"https:\/\/www.suno.com.br\/noticias\/internacional\/\"},{\"@type\":\"ListItem\",\"position\":3,\"name\":\"Argentina pode adiar prazo de oferta de reestrutura\u00e7\u00e3o de t\u00edtulos, diz jornal\"}]},{\"@type\":\"WebSite\",\"@id\":\"https:\/\/www.suno.com.br\/noticias\/#website\",\"url\":\"https:\/\/www.suno.com.br\/noticias\/\",\"name\":\"Suno Not\u00edcias\",\"description\":\"Seu portal de informa\u00e7\u00e3o sobre o mundo dos investimentos\",\"publisher\":{\"@id\":\"https:\/\/www.suno.com.br\/noticias\/#organization\"},\"potentialAction\":[{\"@type\":\"SearchAction\",\"target\":{\"@type\":\"EntryPoint\",\"urlTemplate\":\"https:\/\/www.suno.com.br\/noticias\/?s={search_term_string}\"},\"query-input\":{\"@type\":\"PropertyValueSpecification\",\"valueRequired\":true,\"valueName\":\"search_term_string\"}}],\"inLanguage\":\"pt-BR\"},{\"@type\":\"Organization\",\"@id\":\"https:\/\/www.suno.com.br\/noticias\/#organization\",\"name\":\"Suno Not\u00edcias\",\"url\":\"https:\/\/www.suno.com.br\/noticias\/\",\"logo\":{\"@type\":\"ImageObject\",\"inLanguage\":\"pt-BR\",\"@id\":\"https:\/\/www.suno.com.br\/noticias\/#\/schema\/logo\/image\/\",\"url\":\"https:\/\/files.sunoresearch.com.br\/n\/uploads\/2021\/09\/suno-logo.png\",\"contentUrl\":\"https:\/\/files.sunoresearch.com.br\/n\/uploads\/2021\/09\/suno-logo.png\",\"width\":180,\"height\":180,\"caption\":\"Suno Not\u00edcias\"},\"image\":{\"@id\":\"https:\/\/www.suno.com.br\/noticias\/#\/schema\/logo\/image\/\"},\"sameAs\":[\"https:\/\/facebook.com\/sunoresearch\",\"https:\/\/x.com\/sunoresearch\",\"https:\/\/www.instagram.com\/suno\",\"https:\/\/www.linkedin.com\/company\/suno-research\/\",\"https:\/\/www.youtube.com\/c\/sunoresearch\"]},{\"@type\":\"Person\",\"@id\":\"https:\/\/www.suno.com.br\/noticias\/#\/schema\/person\/3df0d2808748b74496efe5dbeaef2c72\",\"name\":\"Laura Moutinho\",\"image\":{\"@type\":\"ImageObject\",\"inLanguage\":\"pt-BR\",\"@id\":\"https:\/\/www.suno.com.br\/noticias\/#\/schema\/person\/image\/\",\"url\":\"https:\/\/secure.gravatar.com\/avatar\/7571c7c8ca3a6fca5e41384ece5557ff?s=96&r=g\",\"contentUrl\":\"https:\/\/secure.gravatar.com\/avatar\/7571c7c8ca3a6fca5e41384ece5557ff?s=96&r=g\",\"caption\":\"Laura Moutinho\"},\"description\":\"Estagi\u00e1ria na Suno Not\u00edcias, escreve not\u00edcias que afetam o mercado financeiro. Estuda administra\u00e7\u00e3o na Universidade Presbiteriana Mackenzie.\",\"url\":\"https:\/\/www.suno.com.br\/noticias\/author\/laura-moutinho\/\"}]}<\/script>\n<!-- \/ Yoast SEO plugin. -->","yoast_head_json":{"title":"Argentina pode adiar prazo de oferta de reestrutura\u00e7\u00e3o de t\u00edtulos, diz jornal","description":"A Argentina deve adiar o prazo da sua oferta de reestrutura\u00e7\u00e3o de t\u00edtulos para depois do dia 24 de agosto. Clique aqui para saber mais.","robots":{"index":"index","follow":"follow","max-snippet":"max-snippet:-1","max-image-preview":"max-image-preview:large","max-video-preview":"max-video-preview:-1"},"canonical":"https:\/\/www.suno.com.br\/noticias\/argentina-adiar-oferta-reestruturacao-titulosl\/","og_locale":"pt_BR","og_type":"article","og_title":"Argentina pode adiar prazo de oferta de reestrutura\u00e7\u00e3o de t\u00edtulos, diz jornal","og_description":"A Argentina deve adiar o prazo da sua oferta de reestrutura\u00e7\u00e3o de t\u00edtulos para depois do dia 24 de agosto. Clique aqui para saber mais.","og_url":"https:\/\/www.suno.com.br\/noticias\/argentina-adiar-oferta-reestruturacao-titulosl\/","og_site_name":"Suno Not\u00edcias","article_publisher":"https:\/\/facebook.com\/sunoresearch","og_image":[{"width":1000,"height":541,"url":"https:\/\/files.sunoresearch.com.br\/n\/uploads\/2019\/08\/7b1f5034-argentina.jpg","type":"image\/jpeg"}],"author":"Laura Moutinho","twitter_card":"summary_large_image","twitter_creator":"@sunoresearch","twitter_site":"@sunoresearch","twitter_misc":{"Escrito por":"Laura Moutinho","Est. tempo de leitura":"2 minutos"},"schema":{"@context":"https:\/\/schema.org","@graph":[{"@type":"NewsArticle","@id":"https:\/\/www.suno.com.br\/noticias\/argentina-adiar-oferta-reestruturacao-titulosl\/#article","isPartOf":{"@id":"https:\/\/www.suno.com.br\/noticias\/argentina-adiar-oferta-reestruturacao-titulosl\/"},"author":{"name":"Laura Moutinho","@id":"https:\/\/www.suno.com.br\/noticias\/#\/schema\/person\/3df0d2808748b74496efe5dbeaef2c72"},"headline":"Argentina pode adiar prazo de oferta de reestrutura\u00e7\u00e3o de t\u00edtulos, diz jornal","datePublished":"2020-08-14T19:53:23+00:00","mainEntityOfPage":{"@id":"https:\/\/www.suno.com.br\/noticias\/argentina-adiar-oferta-reestruturacao-titulosl\/"},"wordCount":441,"publisher":{"@id":"https:\/\/www.suno.com.br\/noticias\/#organization"},"image":{"@id":"https:\/\/www.suno.com.br\/noticias\/argentina-adiar-oferta-reestruturacao-titulosl\/#primaryimage"},"thumbnailUrl":"https:\/\/files.sunoresearch.com.br\/n\/uploads\/2019\/08\/7b1f5034-argentina-jpg.webp","keywords":["Argentina"],"articleSection":["Internacional"],"inLanguage":"pt-BR"},{"@type":"WebPage","@id":"https:\/\/www.suno.com.br\/noticias\/argentina-adiar-oferta-reestruturacao-titulosl\/","url":"https:\/\/www.suno.com.br\/noticias\/argentina-adiar-oferta-reestruturacao-titulosl\/","name":"Argentina pode adiar prazo de oferta de reestrutura\u00e7\u00e3o de t\u00edtulos, diz jornal","isPartOf":{"@id":"https:\/\/www.suno.com.br\/noticias\/#website"},"primaryImageOfPage":{"@id":"https:\/\/www.suno.com.br\/noticias\/argentina-adiar-oferta-reestruturacao-titulosl\/#primaryimage"},"image":{"@id":"https:\/\/www.suno.com.br\/noticias\/argentina-adiar-oferta-reestruturacao-titulosl\/#primaryimage"},"thumbnailUrl":"https:\/\/files.sunoresearch.com.br\/n\/uploads\/2019\/08\/7b1f5034-argentina-jpg.webp","datePublished":"2020-08-14T19:53:23+00:00","description":"A Argentina deve adiar o prazo da sua oferta de reestrutura\u00e7\u00e3o de t\u00edtulos para depois do dia 24 de agosto. Clique aqui para saber mais.","breadcrumb":{"@id":"https:\/\/www.suno.com.br\/noticias\/argentina-adiar-oferta-reestruturacao-titulosl\/#breadcrumb"},"inLanguage":"pt-BR","potentialAction":[{"@type":"ReadAction","target":["https:\/\/www.suno.com.br\/noticias\/argentina-adiar-oferta-reestruturacao-titulosl\/"]}]},{"@type":"ImageObject","inLanguage":"pt-BR","@id":"https:\/\/www.suno.com.br\/noticias\/argentina-adiar-oferta-reestruturacao-titulosl\/#primaryimage","url":"https:\/\/files.sunoresearch.com.br\/n\/uploads\/2019\/08\/7b1f5034-argentina-jpg.webp","contentUrl":"https:\/\/files.sunoresearch.com.br\/n\/uploads\/2019\/08\/7b1f5034-argentina-jpg.webp","width":1000,"height":541,"caption":"A Argentina informou que reestruturou mais de US$ 40 bilh\u00f5es em d\u00edvida emitida sob a legisla\u00e7\u00e3o local"},{"@type":"BreadcrumbList","@id":"https:\/\/www.suno.com.br\/noticias\/argentina-adiar-oferta-reestruturacao-titulosl\/#breadcrumb","itemListElement":[{"@type":"ListItem","position":1,"name":"Not\u00edcias","item":"https:\/\/www.suno.com.br\/noticias\/"},{"@type":"ListItem","position":2,"name":"Internacional","item":"https:\/\/www.suno.com.br\/noticias\/internacional\/"},{"@type":"ListItem","position":3,"name":"Argentina pode adiar prazo de oferta de reestrutura\u00e7\u00e3o de t\u00edtulos, diz jornal"}]},{"@type":"WebSite","@id":"https:\/\/www.suno.com.br\/noticias\/#website","url":"https:\/\/www.suno.com.br\/noticias\/","name":"Suno Not\u00edcias","description":"Seu portal de informa\u00e7\u00e3o sobre o mundo dos investimentos","publisher":{"@id":"https:\/\/www.suno.com.br\/noticias\/#organization"},"potentialAction":[{"@type":"SearchAction","target":{"@type":"EntryPoint","urlTemplate":"https:\/\/www.suno.com.br\/noticias\/?s={search_term_string}"},"query-input":{"@type":"PropertyValueSpecification","valueRequired":true,"valueName":"search_term_string"}}],"inLanguage":"pt-BR"},{"@type":"Organization","@id":"https:\/\/www.suno.com.br\/noticias\/#organization","name":"Suno Not\u00edcias","url":"https:\/\/www.suno.com.br\/noticias\/","logo":{"@type":"ImageObject","inLanguage":"pt-BR","@id":"https:\/\/www.suno.com.br\/noticias\/#\/schema\/logo\/image\/","url":"https:\/\/files.sunoresearch.com.br\/n\/uploads\/2021\/09\/suno-logo.png","contentUrl":"https:\/\/files.sunoresearch.com.br\/n\/uploads\/2021\/09\/suno-logo.png","width":180,"height":180,"caption":"Suno Not\u00edcias"},"image":{"@id":"https:\/\/www.suno.com.br\/noticias\/#\/schema\/logo\/image\/"},"sameAs":["https:\/\/facebook.com\/sunoresearch","https:\/\/x.com\/sunoresearch","https:\/\/www.instagram.com\/suno","https:\/\/www.linkedin.com\/company\/suno-research\/","https:\/\/www.youtube.com\/c\/sunoresearch"]},{"@type":"Person","@id":"https:\/\/www.suno.com.br\/noticias\/#\/schema\/person\/3df0d2808748b74496efe5dbeaef2c72","name":"Laura Moutinho","image":{"@type":"ImageObject","inLanguage":"pt-BR","@id":"https:\/\/www.suno.com.br\/noticias\/#\/schema\/person\/image\/","url":"https:\/\/secure.gravatar.com\/avatar\/7571c7c8ca3a6fca5e41384ece5557ff?s=96&r=g","contentUrl":"https:\/\/secure.gravatar.com\/avatar\/7571c7c8ca3a6fca5e41384ece5557ff?s=96&r=g","caption":"Laura Moutinho"},"description":"Estagi\u00e1ria na Suno Not\u00edcias, escreve not\u00edcias que afetam o mercado financeiro. Estuda administra\u00e7\u00e3o na Universidade Presbiteriana Mackenzie.","url":"https:\/\/www.suno.com.br\/noticias\/author\/laura-moutinho\/"}]}},"default_loop_html":"<div class=\"cardsPage__listCard__boxs\"><div class=\"cardsPage__listCard__boxs__img\"><a href=\"https:\/\/www.suno.com.br\/noticias\/argentina-adiar-oferta-reestruturacao-titulosl\/\"><img class=\"mask\" src=\"https:\/\/www.suno.com.br\/noticias\/wp-content\/themes\/suno\/resources\/images\/spotlight\/spotlight1img\/bg-mask.png\" alt=\"Image Mask\"\/><img src=\"https:\/\/files.sunoresearch.com.br\/n\/uploads\/2019\/08\/7b1f5034-argentina-400x200.webp\" alt=\"Argentina pode adiar prazo de oferta de reestrutura\u00e7\u00e3o de t\u00edtulos, diz jornal\"\/><\/a><span class=\"spotlightCategory\"><a href=\"https:\/\/www.suno.com.br\/noticias\/internacional\/\">Internacional<\/a><\/span><\/div><div class=\"cardsPage__listCard__boxs__content\"><a href=\"https:\/\/www.suno.com.br\/noticias\/argentina-adiar-oferta-reestruturacao-titulosl\/\"><h2 class=\"content__title\">Argentina pode adiar prazo de oferta de reestrutura\u00e7\u00e3o de t\u00edtulos, diz jornal<\/h2><\/a><div class=\"newsContent__article__meta\"><div class=\"newsContent__article__meta__authorBox\"><a href=\"https:\/\/www.suno.com.br\/noticias\/author\/laura-moutinho\/\" class=\"authorBox__avatar noMobi\"><img src=\"https:\/\/files.sunoresearch.com.br\/n\/uploads\/2020\/08\/531ff69d-whatsapp-image-2020-08-03-at-14.54.38-150x150.webp\" alt=\"Laura Moutinho\"><\/a><div class=\"authorBox__name\"><span>por\n\t\t\t<a href=\"https:\/\/www.suno.com.br\/noticias\/author\/laura-moutinho\/\"><span itemprop=\"author\">Laura Moutinho<\/span><\/a><\/span><time datetime=\"2020-08-14T16:53:23-03:00\" itemprop=\"datePublished\">14\/08\/2020 16:53<\/time><\/div><\/div><\/div><\/div><\/div>","single_layout":"posts","amp_enabled":true,"_links":{"self":[{"href":"https:\/\/www.suno.com.br\/noticias\/wp-json\/wp\/v2\/posts\/78468"}],"collection":[{"href":"https:\/\/www.suno.com.br\/noticias\/wp-json\/wp\/v2\/posts"}],"about":[{"href":"https:\/\/www.suno.com.br\/noticias\/wp-json\/wp\/v2\/types\/post"}],"author":[{"embeddable":true,"href":"https:\/\/www.suno.com.br\/noticias\/wp-json\/wp\/v2\/users\/39"}],"replies":[{"embeddable":true,"href":"https:\/\/www.suno.com.br\/noticias\/wp-json\/wp\/v2\/comments?post=78468"}],"version-history":[{"count":0,"href":"https:\/\/www.suno.com.br\/noticias\/wp-json\/wp\/v2\/posts\/78468\/revisions"}],"wp:featuredmedia":[{"embeddable":true,"href":"https:\/\/www.suno.com.br\/noticias\/wp-json\/wp\/v2\/media\/33758"}],"wp:attachment":[{"href":"https:\/\/www.suno.com.br\/noticias\/wp-json\/wp\/v2\/media?parent=78468"}],"wp:term":[{"taxonomy":"category","embeddable":true,"href":"https:\/\/www.suno.com.br\/noticias\/wp-json\/wp\/v2\/categories?post=78468"},{"taxonomy":"post_tag","embeddable":true,"href":"https:\/\/www.suno.com.br\/noticias\/wp-json\/wp\/v2\/tags?post=78468"},{"taxonomy":"suno_strategy","embeddable":true,"href":"https:\/\/www.suno.com.br\/noticias\/wp-json\/wp\/v2\/suno_strategy?post=78468"}],"curies":[{"name":"wp","href":"https:\/\/api.w.org\/{rel}","templated":true}]}}