{"id":78456,"date":"2020-08-14T14:52:19","date_gmt":"2020-08-14T17:52:19","guid":{"rendered":"https:\/\/www.suno.com.br\/noticias\/?p=78456"},"modified":"2020-08-14T14:52:19","modified_gmt":"2020-08-14T17:52:19","slug":"goldman-sachs-melhora-estimativa-queda-pib-brasil","status":"publish","type":"post","link":"https:\/\/www.suno.com.br\/noticias\/goldman-sachs-melhora-estimativa-queda-pib-brasil\/","title":{"rendered":"Goldman Sachs melhora estimativa para queda do PIB do Brasil"},"content":{"rendered":"<p>O Goldman Sachs (<a href=\"https:\/\/www.suno.com.br\/artigos\/nyse\/\">NYSE<\/a>: GS) informou nesta sexta-feira (14) que revisou a previs\u00e3o para o <a href=\"https:\/\/www.suno.com.br\/artigos\/pib-produto-interno-bruto\/\">Produto Interno Bruto (<strong>PIB<\/strong>)<\/a> do Brasil em 2020, para uma queda de 5% este ano.<\/p>\t<div class=\"wrapper-featured-image\">\n\t\t<figure class=\"spotlightImg\">\n\n\t\t\t<picture>\n\t\t\t\t<source media=\"(max-width: 768px)\" srcset=\"https:\/\/files.sunoresearch.com.br\/n\/uploads\/2018\/11\/966b2168-pib-de-2016-400x200.webp\">\n\t\t\t\t<img loading=\"lazy\" decoding=\"async\" class=\"newsContent__article__imgCapa lazyloadDisabled \" src=\"https:\/\/files.sunoresearch.com.br\/n\/uploads\/2018\/11\/966b2168-pib-de-2016-800x450.webp\" width=\"800\" height=\"450\" alt=\"Goldman Sachs melhora estimativa para queda do PIB do Brasil\" fetchpriority=high \/>\n\t\t\t<\/picture>\n\n\t\t\t<figcaption class=\"wp-caption-text wp-caption-text--show\">Goldman se mostrou mais otimista com o PIB brasileiro<\/figcaption>\n\t\t<\/figure>\n\t<\/div>\n\n\n<div class=\"hubspot-form-wrapper\">\n\t<div id=\"single-form-target\"><\/div>\n<\/div>\n\n<p>As proje\u00e7\u00f5es anteriores do banco apontavam para uma baixa de 7,5% no PIB. Conforme o relat\u00f3rio, o <strong>Goldman Sachs<\/strong> se tornou mais otimista com a economia brasileira conforme dados e indicadores da atividade no pa\u00eds foram divulgados nos \u00faltimos meses.<\/p>\n<p>Em nota, o chefe da pesquisa para regi\u00e3o Am\u00e9rica Latina do banco, <strong>Alberto Ramos<\/strong>, disse que as raz\u00f5es por tr\u00e1s da revis\u00e3o s\u00e3o:<\/p>\n<ul>\n<li>o fato dos indicadores econ\u00f4micos estarem se recuperando;<\/li>\n<li>os \u00edndices antecedentes estarem positivos;<\/li>\n<li>e uma crescente probabilidade de est\u00edmulo fiscal &#8220;significativo&#8221; cont\u00ednuo at\u00e9 pelo menos o final do ano;<\/li>\n<\/ul>\n<p><a href=\"https:\/\/lp.suno.com.br\/suno-one\/\">Suno One: o primeiro passo para alcan\u00e7ar a sua independ\u00eancia financeira. Acesse agora, \u00e9 gratuito!<\/a><\/p>\n<p>De forma similar, os respons\u00e1veis pela elabora\u00e7\u00e3o do<strong>\u00a0<a href=\"https:\/\/www.suno.com.br\/artigos\/relatorio-focus\/\">Boletim Focus<\/a><\/strong> diminu\u00edram, mais uma vez, suas proje\u00e7\u00f5es para a queda do PIB do Brasil neste ano. A estimativa divulgada na \u00faltima segunda-feira (10) foi de uma contra\u00e7\u00e3o de 5,62% na economia brasileira, ante 5,66% na outra segunda-feira (3).<\/p>\n<p>Por outro lado, o \u00a0<a href=\"https:\/\/www.suno.com.br\/artigos\/bacen\/\">Banco Central (BC)<\/a> divulgou nesta sexta-feira que o<strong>\u00a0IBC-Br<\/strong>, a pr\u00e9via do PIB do Brasil, registrou uma queda de 10,94% no segundo trimestre deste ano.<\/p>\n<h2>Ita\u00fa tamb\u00e9m revisou sua previs\u00e3o para o PIB brasileiro<\/h2>\n<p>O <a href=\"https:\/\/www.suno.com.br\/acoes\/itub3\/\">Ita\u00fa (ITUB3<\/a>; <a href=\"https:\/\/www.suno.com.br\/acoes\/itub4\/\">ITUB4<\/a>) revisou nessa sexta-feira (7) sua\u00a0 proje\u00e7\u00e3o para a atividade econ\u00f4mica\u00a0do segundo trimestre, e passou a ver um resumo de 9,2%, ante a uma queda de 10,6% na previs\u00e3o anterior, em compara\u00e7\u00e3o com o primeiro trimestre desse ano.<\/p>\n<p>A revis\u00e3o do PIB pelo <strong>Ita\u00fa<\/strong> \u00e9 sustentada, segundo o banco, pelo in\u00edcio de uma recupera\u00e7\u00e3o econ\u00f4mica em maio e junho. Vale destacar que o banco ainda estima que o crescimento na atividade econ\u00f4mica no terceiro semestre ser\u00e1 de 7,4%.<\/p>\n\t<div data-element=\"shortcode-read-more\" class=\"knowMore\">\n\t\t\t\t<span class=\"knowMore__title\">Saiba mais<\/span>\n\t\t\t\t<a class=\"knowMore__link\" href=\"https:\/\/www.suno.com.br\/noticias\/itau-itub4-revisa-projecao-pib-2t20-queda-92\/\">\n\t\t\tIta\u00fa (ITUB4) revisa proje\u00e7\u00e3o para PIB do 2T20 de queda de 9,2%\t\t<\/a>\n\t<\/div>\n\n\n<p>Em seu relat\u00f3rio, o Ita\u00fa explicou as raz\u00f5es para a melhora na previs\u00e3o do <strong>PIB<\/strong>. \u201cA recupera\u00e7\u00e3o tem sido mais forte nas vendas no varejo e na produ\u00e7\u00e3o industrial, enquanto o setor de servi\u00e7os, mais impactado pelo isolamento social, se recupera mais lentamente\u201d.<\/p>\n\t<p>\n\t\t<a href=\"https:\/\/lp.suno.com.br\/planilha-de-controle-de-investimentos\/\" target=\"_blank\" data-element=\"shortcode-suno-banner\" title=\"Banner SUNO, clique e saiba mais\">\n\t\t\t<picture>\n\t\t\t\t<source media=\"(max-width: 500px)\" srcset=\"https:\/\/files.sunoresearch.com.br\/n\/uploads\/2023\/03\/400x300-Controle-de-Investimentos.png\">\n\t\t\t\t<img class=\"newsContent__article__imgCapa newsContent__article__imgCapa--banner\"\n\t\t\t\t\tsrc=\"https:\/\/files.sunoresearch.com.br\/n\/uploads\/2023\/03\/1420x240-Controle-de-Investimentos.png\"\n\t\t\t\t\tdata-promo-id=\"75934\"\t\t\t\t\t\t\t\t\t\twidth='1420' height='240'\t\t\t\t\talt=\"https:\/\/files.sunoresearch.com.br\/n\/uploads\/2023\/03\/1420x240-Controle-de-Investimentos.png\"\n\t\t\t\t>\n\t\t\t<\/picture>\n\t\t<\/a>\n\t<\/p>\n\n\n","protected":false},"excerpt":{"rendered":"<p>O Goldman Sachs (NYSE: GS) informou nesta sexta-feira (14) que revisou a previs\u00e3o para o Produto Interno Bruto (PIB) do Brasil em 2020, para uma queda de 5% este ano. Goldman se mostrou mais otimista com o PIB brasileiro As proje\u00e7\u00f5es anteriores do banco apontavam para uma baixa de 7,5% no PIB. Conforme o relat\u00f3rio, [&hellip;]<\/p>\n","protected":false},"author":44,"featured_media":6397,"comment_status":"closed","ping_status":"closed","sticky":false,"template":"","format":"standard","meta":[],"categories":[62],"tags":[45096,834,775,875,807],"suno_strategy":[],"class_list":["post-78456","post","type-post","status-publish","format-standard","has-post-thumbnail","hentry","category-economia","tag-atividade-economica","tag-boletim-focus","tag-goldman-sachs-gsgi34","tag-ibc-br","tag-produto-interno-bruto-pib"],"yoast_head":"<!-- This site is optimized with the Yoast SEO plugin v24.4 - https:\/\/yoast.com\/wordpress\/plugins\/seo\/ -->\n<title>Goldman Sachs melhora estimativa para queda do PIB do Brasil<\/title>\n<meta name=\"description\" content=\"O Goldman Sachs informou que revisou a previs\u00e3o para o PIB do Brasil em 2020, para uma queda de 5% este ano. Clique para ver mais.\" \/>\n<meta name=\"robots\" content=\"index, follow, max-snippet:-1, max-image-preview:large, max-video-preview:-1\" \/>\n<link rel=\"canonical\" href=\"https:\/\/www.suno.com.br\/noticias\/goldman-sachs-melhora-estimativa-queda-pib-brasil\/\" \/>\n<meta property=\"og:locale\" content=\"pt_BR\" \/>\n<meta property=\"og:type\" content=\"article\" \/>\n<meta property=\"og:title\" content=\"Goldman Sachs melhora estimativa para queda do PIB do Brasil\" \/>\n<meta property=\"og:description\" content=\"O Goldman Sachs informou que revisou a previs\u00e3o para o PIB do Brasil em 2020, para uma queda de 5% este ano. Clique para ver mais.\" \/>\n<meta property=\"og:url\" content=\"https:\/\/www.suno.com.br\/noticias\/goldman-sachs-melhora-estimativa-queda-pib-brasil\/\" \/>\n<meta property=\"og:site_name\" content=\"Suno Not\u00edcias\" \/>\n<meta property=\"article:publisher\" content=\"https:\/\/facebook.com\/sunoresearch\" \/>\n<meta property=\"og:image\" content=\"https:\/\/files.sunoresearch.com.br\/n\/uploads\/2018\/11\/966b2168-pib-de-2016.jpg\" \/>\n\t<meta property=\"og:image:width\" content=\"1920\" \/>\n\t<meta property=\"og:image:height\" content=\"1280\" \/>\n\t<meta property=\"og:image:type\" content=\"image\/jpeg\" \/>\n<meta name=\"author\" content=\"Daniel Guimar\u00e3es\" \/>\n<meta name=\"twitter:card\" content=\"summary_large_image\" \/>\n<meta name=\"twitter:creator\" content=\"@sunoresearch\" \/>\n<meta name=\"twitter:site\" content=\"@sunoresearch\" \/>\n<meta name=\"twitter:label1\" content=\"Escrito por\" \/>\n\t<meta name=\"twitter:data1\" content=\"Daniel Guimar\u00e3es\" \/>\n\t<meta name=\"twitter:label2\" content=\"Est. tempo de leitura\" \/>\n\t<meta name=\"twitter:data2\" content=\"2 minutos\" \/>\n<script type=\"application\/ld+json\" class=\"yoast-schema-graph\">{\"@context\":\"https:\/\/schema.org\",\"@graph\":[{\"@type\":\"NewsArticle\",\"@id\":\"https:\/\/www.suno.com.br\/noticias\/goldman-sachs-melhora-estimativa-queda-pib-brasil\/#article\",\"isPartOf\":{\"@id\":\"https:\/\/www.suno.com.br\/noticias\/goldman-sachs-melhora-estimativa-queda-pib-brasil\/\"},\"author\":{\"name\":\"Daniel Guimar\u00e3es\",\"@id\":\"https:\/\/www.suno.com.br\/noticias\/#\/schema\/person\/a7796c19fcf6bafd03b9a2fa1fd9ae20\"},\"headline\":\"Goldman Sachs melhora estimativa para queda do PIB do Brasil\",\"datePublished\":\"2020-08-14T17:52:19+00:00\",\"mainEntityOfPage\":{\"@id\":\"https:\/\/www.suno.com.br\/noticias\/goldman-sachs-melhora-estimativa-queda-pib-brasil\/\"},\"wordCount\":403,\"publisher\":{\"@id\":\"https:\/\/www.suno.com.br\/noticias\/#organization\"},\"image\":{\"@id\":\"https:\/\/www.suno.com.br\/noticias\/goldman-sachs-melhora-estimativa-queda-pib-brasil\/#primaryimage\"},\"thumbnailUrl\":\"https:\/\/files.sunoresearch.com.br\/n\/uploads\/2018\/11\/966b2168-pib-de-2016-jpg.webp\",\"keywords\":[\"atividade econ\u00f4mica\",\"Boletim Focus\",\"Goldman Sachs (GSGI34)\",\"IBC-Br\",\"Produto Interno Bruto (PIB)\"],\"articleSection\":[\"Economia\"],\"inLanguage\":\"pt-BR\"},{\"@type\":\"WebPage\",\"@id\":\"https:\/\/www.suno.com.br\/noticias\/goldman-sachs-melhora-estimativa-queda-pib-brasil\/\",\"url\":\"https:\/\/www.suno.com.br\/noticias\/goldman-sachs-melhora-estimativa-queda-pib-brasil\/\",\"name\":\"Goldman Sachs melhora estimativa para queda do PIB do Brasil\",\"isPartOf\":{\"@id\":\"https:\/\/www.suno.com.br\/noticias\/#website\"},\"primaryImageOfPage\":{\"@id\":\"https:\/\/www.suno.com.br\/noticias\/goldman-sachs-melhora-estimativa-queda-pib-brasil\/#primaryimage\"},\"image\":{\"@id\":\"https:\/\/www.suno.com.br\/noticias\/goldman-sachs-melhora-estimativa-queda-pib-brasil\/#primaryimage\"},\"thumbnailUrl\":\"https:\/\/files.sunoresearch.com.br\/n\/uploads\/2018\/11\/966b2168-pib-de-2016-jpg.webp\",\"datePublished\":\"2020-08-14T17:52:19+00:00\",\"description\":\"O Goldman Sachs informou que revisou a previs\u00e3o para o PIB do Brasil em 2020, para uma queda de 5% este ano. Clique para ver mais.\",\"breadcrumb\":{\"@id\":\"https:\/\/www.suno.com.br\/noticias\/goldman-sachs-melhora-estimativa-queda-pib-brasil\/#breadcrumb\"},\"inLanguage\":\"pt-BR\",\"potentialAction\":[{\"@type\":\"ReadAction\",\"target\":[\"https:\/\/www.suno.com.br\/noticias\/goldman-sachs-melhora-estimativa-queda-pib-brasil\/\"]}]},{\"@type\":\"ImageObject\",\"inLanguage\":\"pt-BR\",\"@id\":\"https:\/\/www.suno.com.br\/noticias\/goldman-sachs-melhora-estimativa-queda-pib-brasil\/#primaryimage\",\"url\":\"https:\/\/files.sunoresearch.com.br\/n\/uploads\/2018\/11\/966b2168-pib-de-2016-jpg.webp\",\"contentUrl\":\"https:\/\/files.sunoresearch.com.br\/n\/uploads\/2018\/11\/966b2168-pib-de-2016-jpg.webp\",\"width\":1920,\"height\":1280,\"caption\":\"Goldman se mostrou mais otimista com o PIB brasileiro\"},{\"@type\":\"BreadcrumbList\",\"@id\":\"https:\/\/www.suno.com.br\/noticias\/goldman-sachs-melhora-estimativa-queda-pib-brasil\/#breadcrumb\",\"itemListElement\":[{\"@type\":\"ListItem\",\"position\":1,\"name\":\"Not\u00edcias\",\"item\":\"https:\/\/www.suno.com.br\/noticias\/\"},{\"@type\":\"ListItem\",\"position\":2,\"name\":\"Economia\",\"item\":\"https:\/\/www.suno.com.br\/noticias\/economia\/\"},{\"@type\":\"ListItem\",\"position\":3,\"name\":\"Goldman Sachs melhora estimativa para queda do PIB do Brasil\"}]},{\"@type\":\"WebSite\",\"@id\":\"https:\/\/www.suno.com.br\/noticias\/#website\",\"url\":\"https:\/\/www.suno.com.br\/noticias\/\",\"name\":\"Suno Not\u00edcias\",\"description\":\"Seu portal de informa\u00e7\u00e3o sobre o mundo dos investimentos\",\"publisher\":{\"@id\":\"https:\/\/www.suno.com.br\/noticias\/#organization\"},\"potentialAction\":[{\"@type\":\"SearchAction\",\"target\":{\"@type\":\"EntryPoint\",\"urlTemplate\":\"https:\/\/www.suno.com.br\/noticias\/?s={search_term_string}\"},\"query-input\":{\"@type\":\"PropertyValueSpecification\",\"valueRequired\":true,\"valueName\":\"search_term_string\"}}],\"inLanguage\":\"pt-BR\"},{\"@type\":\"Organization\",\"@id\":\"https:\/\/www.suno.com.br\/noticias\/#organization\",\"name\":\"Suno Not\u00edcias\",\"url\":\"https:\/\/www.suno.com.br\/noticias\/\",\"logo\":{\"@type\":\"ImageObject\",\"inLanguage\":\"pt-BR\",\"@id\":\"https:\/\/www.suno.com.br\/noticias\/#\/schema\/logo\/image\/\",\"url\":\"https:\/\/files.sunoresearch.com.br\/n\/uploads\/2021\/09\/suno-logo.png\",\"contentUrl\":\"https:\/\/files.sunoresearch.com.br\/n\/uploads\/2021\/09\/suno-logo.png\",\"width\":180,\"height\":180,\"caption\":\"Suno Not\u00edcias\"},\"image\":{\"@id\":\"https:\/\/www.suno.com.br\/noticias\/#\/schema\/logo\/image\/\"},\"sameAs\":[\"https:\/\/facebook.com\/sunoresearch\",\"https:\/\/x.com\/sunoresearch\",\"https:\/\/www.instagram.com\/suno\",\"https:\/\/www.linkedin.com\/company\/suno-research\/\",\"https:\/\/www.youtube.com\/c\/sunoresearch\"]},{\"@type\":\"Person\",\"@id\":\"https:\/\/www.suno.com.br\/noticias\/#\/schema\/person\/a7796c19fcf6bafd03b9a2fa1fd9ae20\",\"name\":\"Daniel Guimar\u00e3es\",\"image\":{\"@type\":\"ImageObject\",\"inLanguage\":\"pt-BR\",\"@id\":\"https:\/\/www.suno.com.br\/noticias\/#\/schema\/person\/image\/\",\"url\":\"https:\/\/secure.gravatar.com\/avatar\/fb8260757609f58f0c0ac079d1b32eff?s=96&r=g\",\"contentUrl\":\"https:\/\/secure.gravatar.com\/avatar\/fb8260757609f58f0c0ac079d1b32eff?s=96&r=g\",\"caption\":\"Daniel Guimar\u00e3es\"},\"description\":\"Estagi\u00e1rio na Suno Not\u00edcias, Daniel escreve not\u00edcias que afetam o mercado financeiro brasileiro e internacional. Estuda economia na Rutgers University, em New Jersey.\",\"sameAs\":[\"suno.research\"],\"url\":\"https:\/\/www.suno.com.br\/noticias\/author\/daniel\/\"}]}<\/script>\n<!-- \/ Yoast SEO plugin. -->","yoast_head_json":{"title":"Goldman Sachs melhora estimativa para queda do PIB do Brasil","description":"O Goldman Sachs informou que revisou a previs\u00e3o para o PIB do Brasil em 2020, para uma queda de 5% este ano. Clique para ver mais.","robots":{"index":"index","follow":"follow","max-snippet":"max-snippet:-1","max-image-preview":"max-image-preview:large","max-video-preview":"max-video-preview:-1"},"canonical":"https:\/\/www.suno.com.br\/noticias\/goldman-sachs-melhora-estimativa-queda-pib-brasil\/","og_locale":"pt_BR","og_type":"article","og_title":"Goldman Sachs melhora estimativa para queda do PIB do Brasil","og_description":"O Goldman Sachs informou que revisou a previs\u00e3o para o PIB do Brasil em 2020, para uma queda de 5% este ano. Clique para ver mais.","og_url":"https:\/\/www.suno.com.br\/noticias\/goldman-sachs-melhora-estimativa-queda-pib-brasil\/","og_site_name":"Suno Not\u00edcias","article_publisher":"https:\/\/facebook.com\/sunoresearch","og_image":[{"width":1920,"height":1280,"url":"https:\/\/files.sunoresearch.com.br\/n\/uploads\/2018\/11\/966b2168-pib-de-2016.jpg","type":"image\/jpeg"}],"author":"Daniel Guimar\u00e3es","twitter_card":"summary_large_image","twitter_creator":"@sunoresearch","twitter_site":"@sunoresearch","twitter_misc":{"Escrito por":"Daniel Guimar\u00e3es","Est. tempo de leitura":"2 minutos"},"schema":{"@context":"https:\/\/schema.org","@graph":[{"@type":"NewsArticle","@id":"https:\/\/www.suno.com.br\/noticias\/goldman-sachs-melhora-estimativa-queda-pib-brasil\/#article","isPartOf":{"@id":"https:\/\/www.suno.com.br\/noticias\/goldman-sachs-melhora-estimativa-queda-pib-brasil\/"},"author":{"name":"Daniel Guimar\u00e3es","@id":"https:\/\/www.suno.com.br\/noticias\/#\/schema\/person\/a7796c19fcf6bafd03b9a2fa1fd9ae20"},"headline":"Goldman Sachs melhora estimativa para queda do PIB do Brasil","datePublished":"2020-08-14T17:52:19+00:00","mainEntityOfPage":{"@id":"https:\/\/www.suno.com.br\/noticias\/goldman-sachs-melhora-estimativa-queda-pib-brasil\/"},"wordCount":403,"publisher":{"@id":"https:\/\/www.suno.com.br\/noticias\/#organization"},"image":{"@id":"https:\/\/www.suno.com.br\/noticias\/goldman-sachs-melhora-estimativa-queda-pib-brasil\/#primaryimage"},"thumbnailUrl":"https:\/\/files.sunoresearch.com.br\/n\/uploads\/2018\/11\/966b2168-pib-de-2016-jpg.webp","keywords":["atividade econ\u00f4mica","Boletim Focus","Goldman Sachs (GSGI34)","IBC-Br","Produto Interno Bruto (PIB)"],"articleSection":["Economia"],"inLanguage":"pt-BR"},{"@type":"WebPage","@id":"https:\/\/www.suno.com.br\/noticias\/goldman-sachs-melhora-estimativa-queda-pib-brasil\/","url":"https:\/\/www.suno.com.br\/noticias\/goldman-sachs-melhora-estimativa-queda-pib-brasil\/","name":"Goldman Sachs melhora estimativa para queda do PIB do Brasil","isPartOf":{"@id":"https:\/\/www.suno.com.br\/noticias\/#website"},"primaryImageOfPage":{"@id":"https:\/\/www.suno.com.br\/noticias\/goldman-sachs-melhora-estimativa-queda-pib-brasil\/#primaryimage"},"image":{"@id":"https:\/\/www.suno.com.br\/noticias\/goldman-sachs-melhora-estimativa-queda-pib-brasil\/#primaryimage"},"thumbnailUrl":"https:\/\/files.sunoresearch.com.br\/n\/uploads\/2018\/11\/966b2168-pib-de-2016-jpg.webp","datePublished":"2020-08-14T17:52:19+00:00","description":"O Goldman Sachs informou que revisou a previs\u00e3o para o PIB do Brasil em 2020, para uma queda de 5% este ano. Clique para ver mais.","breadcrumb":{"@id":"https:\/\/www.suno.com.br\/noticias\/goldman-sachs-melhora-estimativa-queda-pib-brasil\/#breadcrumb"},"inLanguage":"pt-BR","potentialAction":[{"@type":"ReadAction","target":["https:\/\/www.suno.com.br\/noticias\/goldman-sachs-melhora-estimativa-queda-pib-brasil\/"]}]},{"@type":"ImageObject","inLanguage":"pt-BR","@id":"https:\/\/www.suno.com.br\/noticias\/goldman-sachs-melhora-estimativa-queda-pib-brasil\/#primaryimage","url":"https:\/\/files.sunoresearch.com.br\/n\/uploads\/2018\/11\/966b2168-pib-de-2016-jpg.webp","contentUrl":"https:\/\/files.sunoresearch.com.br\/n\/uploads\/2018\/11\/966b2168-pib-de-2016-jpg.webp","width":1920,"height":1280,"caption":"Goldman se mostrou mais otimista com o PIB brasileiro"},{"@type":"BreadcrumbList","@id":"https:\/\/www.suno.com.br\/noticias\/goldman-sachs-melhora-estimativa-queda-pib-brasil\/#breadcrumb","itemListElement":[{"@type":"ListItem","position":1,"name":"Not\u00edcias","item":"https:\/\/www.suno.com.br\/noticias\/"},{"@type":"ListItem","position":2,"name":"Economia","item":"https:\/\/www.suno.com.br\/noticias\/economia\/"},{"@type":"ListItem","position":3,"name":"Goldman Sachs melhora estimativa para queda do PIB do Brasil"}]},{"@type":"WebSite","@id":"https:\/\/www.suno.com.br\/noticias\/#website","url":"https:\/\/www.suno.com.br\/noticias\/","name":"Suno Not\u00edcias","description":"Seu portal de informa\u00e7\u00e3o sobre o mundo dos investimentos","publisher":{"@id":"https:\/\/www.suno.com.br\/noticias\/#organization"},"potentialAction":[{"@type":"SearchAction","target":{"@type":"EntryPoint","urlTemplate":"https:\/\/www.suno.com.br\/noticias\/?s={search_term_string}"},"query-input":{"@type":"PropertyValueSpecification","valueRequired":true,"valueName":"search_term_string"}}],"inLanguage":"pt-BR"},{"@type":"Organization","@id":"https:\/\/www.suno.com.br\/noticias\/#organization","name":"Suno Not\u00edcias","url":"https:\/\/www.suno.com.br\/noticias\/","logo":{"@type":"ImageObject","inLanguage":"pt-BR","@id":"https:\/\/www.suno.com.br\/noticias\/#\/schema\/logo\/image\/","url":"https:\/\/files.sunoresearch.com.br\/n\/uploads\/2021\/09\/suno-logo.png","contentUrl":"https:\/\/files.sunoresearch.com.br\/n\/uploads\/2021\/09\/suno-logo.png","width":180,"height":180,"caption":"Suno Not\u00edcias"},"image":{"@id":"https:\/\/www.suno.com.br\/noticias\/#\/schema\/logo\/image\/"},"sameAs":["https:\/\/facebook.com\/sunoresearch","https:\/\/x.com\/sunoresearch","https:\/\/www.instagram.com\/suno","https:\/\/www.linkedin.com\/company\/suno-research\/","https:\/\/www.youtube.com\/c\/sunoresearch"]},{"@type":"Person","@id":"https:\/\/www.suno.com.br\/noticias\/#\/schema\/person\/a7796c19fcf6bafd03b9a2fa1fd9ae20","name":"Daniel Guimar\u00e3es","image":{"@type":"ImageObject","inLanguage":"pt-BR","@id":"https:\/\/www.suno.com.br\/noticias\/#\/schema\/person\/image\/","url":"https:\/\/secure.gravatar.com\/avatar\/fb8260757609f58f0c0ac079d1b32eff?s=96&r=g","contentUrl":"https:\/\/secure.gravatar.com\/avatar\/fb8260757609f58f0c0ac079d1b32eff?s=96&r=g","caption":"Daniel Guimar\u00e3es"},"description":"Estagi\u00e1rio na Suno Not\u00edcias, Daniel escreve not\u00edcias que afetam o mercado financeiro brasileiro e internacional. Estuda economia na Rutgers University, em New Jersey.","sameAs":["suno.research"],"url":"https:\/\/www.suno.com.br\/noticias\/author\/daniel\/"}]}},"default_loop_html":"<div class=\"cardsPage__listCard__boxs\"><div class=\"cardsPage__listCard__boxs__img\"><a href=\"https:\/\/www.suno.com.br\/noticias\/goldman-sachs-melhora-estimativa-queda-pib-brasil\/\"><img class=\"mask\" src=\"https:\/\/www.suno.com.br\/noticias\/wp-content\/themes\/suno\/resources\/images\/spotlight\/spotlight1img\/bg-mask.png\" alt=\"Image Mask\"\/><img src=\"https:\/\/files.sunoresearch.com.br\/n\/uploads\/2018\/11\/966b2168-pib-de-2016-400x200.webp\" alt=\"Goldman Sachs melhora estimativa para queda do PIB do Brasil\"\/><\/a><span class=\"spotlightCategory\"><a href=\"https:\/\/www.suno.com.br\/noticias\/economia\/\">Economia<\/a><\/span><\/div><div class=\"cardsPage__listCard__boxs__content\"><a href=\"https:\/\/www.suno.com.br\/noticias\/goldman-sachs-melhora-estimativa-queda-pib-brasil\/\"><h2 class=\"content__title\">Goldman Sachs melhora estimativa para queda do PIB do Brasil<\/h2><\/a><div class=\"newsContent__article__meta\"><div class=\"newsContent__article__meta__authorBox\"><a href=\"https:\/\/www.suno.com.br\/noticias\/author\/daniel\/\" class=\"authorBox__avatar noMobi\"><img src=\"https:\/\/files.sunoresearch.com.br\/n\/uploads\/2020\/08\/e51aadd2-whatsapp-image-2020-08-03-at-14.03.48-150x150.webp\" alt=\"Daniel Guimar\u00e3es\"><\/a><div class=\"authorBox__name\"><span>por\n\t\t\t<a href=\"https:\/\/www.suno.com.br\/noticias\/author\/daniel\/\"><span itemprop=\"author\">Daniel Guimar\u00e3es<\/span><\/a><\/span><time datetime=\"2020-08-14T14:52:19-03:00\" itemprop=\"datePublished\">14\/08\/2020 14:52<\/time><\/div><\/div><\/div><\/div><\/div>","single_layout":"posts","amp_enabled":true,"_links":{"self":[{"href":"https:\/\/www.suno.com.br\/noticias\/wp-json\/wp\/v2\/posts\/78456"}],"collection":[{"href":"https:\/\/www.suno.com.br\/noticias\/wp-json\/wp\/v2\/posts"}],"about":[{"href":"https:\/\/www.suno.com.br\/noticias\/wp-json\/wp\/v2\/types\/post"}],"author":[{"embeddable":true,"href":"https:\/\/www.suno.com.br\/noticias\/wp-json\/wp\/v2\/users\/44"}],"replies":[{"embeddable":true,"href":"https:\/\/www.suno.com.br\/noticias\/wp-json\/wp\/v2\/comments?post=78456"}],"version-history":[{"count":0,"href":"https:\/\/www.suno.com.br\/noticias\/wp-json\/wp\/v2\/posts\/78456\/revisions"}],"wp:featuredmedia":[{"embeddable":true,"href":"https:\/\/www.suno.com.br\/noticias\/wp-json\/wp\/v2\/media\/6397"}],"wp:attachment":[{"href":"https:\/\/www.suno.com.br\/noticias\/wp-json\/wp\/v2\/media?parent=78456"}],"wp:term":[{"taxonomy":"category","embeddable":true,"href":"https:\/\/www.suno.com.br\/noticias\/wp-json\/wp\/v2\/categories?post=78456"},{"taxonomy":"post_tag","embeddable":true,"href":"https:\/\/www.suno.com.br\/noticias\/wp-json\/wp\/v2\/tags?post=78456"},{"taxonomy":"suno_strategy","embeddable":true,"href":"https:\/\/www.suno.com.br\/noticias\/wp-json\/wp\/v2\/suno_strategy?post=78456"}],"curies":[{"name":"wp","href":"https:\/\/api.w.org\/{rel}","templated":true}]}}