{"id":78455,"date":"2020-08-14T14:51:31","date_gmt":"2020-08-14T17:51:31","guid":{"rendered":"https:\/\/www.suno.com.br\/noticias\/?p=78455"},"modified":"2020-08-14T15:13:02","modified_gmt":"2020-08-14T18:13:02","slug":"oi-oibr3-valor-minimo-r-20-bi-unidade-fibra","status":"publish","type":"post","link":"https:\/\/www.suno.com.br\/noticias\/oi-oibr3-valor-minimo-r-20-bi-unidade-fibra\/","title":{"rendered":"Oi (OIBR3) estabelece valor m\u00ednimo de R$ 20 bi por unidade de fibra \u00f3ptica"},"content":{"rendered":"<p>A <strong>Oi<\/strong> <a href=\"https:\/\/www.suno.com.br\/acoes\/oibr3\/\">(OIBR3<\/a>; <a href=\"https:\/\/www.suno.com.br\/acoes\/oibr4\/\">OIBR4<\/a>)\u00a0estabeleceu um valor m\u00ednimo de R$ 20 bilh\u00f5es para a venda de sua unidade de fibra \u00f3ptica. A informa\u00e7\u00e3o foi dita nesta sexta-feira (14), pelo presidente da tele, Rodrigo de Abreu, em teleconfer\u00eancia com analistas.<\/p>\t<div class=\"wrapper-featured-image\">\n\t\t<figure class=\"spotlightImg\">\n\n\t\t\t<picture>\n\t\t\t\t<source media=\"(max-width: 768px)\" srcset=\"https:\/\/files.sunoresearch.com.br\/n\/uploads\/2020\/08\/a7b32088-oi-400x200.webp\">\n\t\t\t\t<img loading=\"lazy\" decoding=\"async\" class=\"newsContent__article__imgCapa lazyloadDisabled \" src=\"https:\/\/files.sunoresearch.com.br\/n\/uploads\/2020\/08\/a7b32088-oi-800x450.webp\" width=\"800\" height=\"450\" alt=\"Oi (OIBR3) estabelece valor m\u00ednimo de R$ 20 bi por unidade de fibra \u00f3ptica\" fetchpriority=high \/>\n\t\t\t<\/picture>\n\n\t\t\t<figcaption class=\"wp-caption-text wp-caption-text--show\">O Senado aprovou, na \u00faltima quarta-feira (25), o projeto da nova Lei de Fal\u00eancias, o que pode encurtar a d\u00edvida da Oi em 70%.<\/figcaption>\n\t\t<\/figure>\n\t<\/div>\n\n\n<div class=\"hubspot-form-wrapper\">\n\t<div id=\"single-form-target\"><\/div>\n<\/div>\n\n<p>O executivo afirmou tamb\u00e9m que a companhia tem como objetivo leiloar essa unidade, denominada <strong>InfraCo<\/strong>, no primeiro trimestre do ano que vem. Al\u00e9m disso, a venda deve ser conclu\u00edda at\u00e9 setembro de 2021. A Oi est\u00e1 se desfazendo de seus ativos para poder gerar caixa e sair da recupera\u00e7\u00e3o judicial, que se encontra, at\u00e9 maio de 2022.<\/p>\n<p>Em fato relevante enviado ao mercado, a Oi informou que o aumento no valor da InfraCo aconteceu devido a \u201campla demanda pelo ativo\u201d. Os interessados no ativo ter\u00e3o que assumir compromisso do pagamento de uma parcela prim\u00e1ria de R$ 5 bilh\u00f5es e de uma secund\u00e1ria de R$ 6,5 bilh\u00f5es, que servir\u00e3o para garantir o pagamento de R$ 2,42 bilh\u00f5es em d\u00edvidas da tele.<\/p>\n<p><a href=\"https:\/\/lp.suno.com.br\/suno-one\/\">No Suno One voc\u00ea aprende a fazer seu dinheiro trabalhar para voc\u00ea. Cadastre-se gratuitamente agora!<\/a><\/p>\n<p>O valor m\u00ednimo de venda da InfraCo \u00e9 maior do que o da unidade de ativos m\u00f3veis da Oi, que foi oferecido pelo pre\u00e7o m\u00ednimo de R$ 15 bilh\u00f5es.<\/p>\n<h2>Preju\u00edzo bilion\u00e1rio da Oi no 2T20<\/h2>\n<p>A Oi teve um <a href=\"https:\/\/www.suno.com.br\/artigos\/prejuizos-acumulados\/\">preju\u00edzo<\/a> de R$ 3,493 bilh\u00f5es no segundo trimestre deste ano. O valor \u00e9 104,4% maior do que o resultado negativo apresentado no mesmo per\u00edodo de 2019. As informa\u00e7\u00f5es foram divulgadas pela tele na madrugada desta sexta-feira (14).<\/p>\n<p>A<a href=\"https:\/\/www.suno.com.br\/artigos\/o-que-receita-liquida\/\"> receita l\u00edquida<\/a> da tele, que se encontra em Recupera\u00e7\u00e3o Judicial, ficou em R$ 4,544 bilh\u00f5es, valor 10,8% menor do que o registrado no mesmo intervalo do ano passado. A queda nos n\u00fameros, segundo a Oi, aconteceu em decorr\u00eancia da pandemia de coronav\u00edrus. &#8220;A queda mais acelerada se deu, principalmente, pelos efeitos da pandemia de <a href=\"https:\/\/www.suno.com.br\/noticias\/tags\/coronavirus\/\">COVID-19<\/a> e as pol\u00edticas de confinamento adotadas no Brasil, mas reflete tamb\u00e9m a estrat\u00e9gia da <strong>Oi<\/strong> de desinvestimento nos servi\u00e7os legados (cobre e DTH) nos segmentos Residencial e B2B, sendo parcialmente compensada pela expans\u00e3o dos servi\u00e7os com perfil de crescimento de receita \u2013 Fibra, TI e p\u00f3s pago&#8221;, informou a companhia.<\/p>\n","protected":false},"excerpt":{"rendered":"<p>A Oi (OIBR3; OIBR4)\u00a0estabeleceu um valor m\u00ednimo de R$ 20 bilh\u00f5es para a venda de sua unidade de fibra \u00f3ptica. A informa\u00e7\u00e3o foi dita nesta sexta-feira (14), pelo presidente da tele, Rodrigo de Abreu, em teleconfer\u00eancia com analistas. O Senado aprovou, na \u00faltima quarta-feira (25), o projeto da nova Lei de Fal\u00eancias, o que pode [&hellip;]<\/p>\n","protected":false},"author":19,"featured_media":76592,"comment_status":"closed","ping_status":"closed","sticky":false,"template":"","format":"standard","meta":[],"categories":[64],"tags":[584],"suno_strategy":[],"class_list":["post-78455","post","type-post","status-publish","format-standard","has-post-thumbnail","hentry","category-negocios","tag-oi-oibr3-oibr4"],"yoast_head":"<!-- This site is optimized with the Yoast SEO plugin v24.4 - https:\/\/yoast.com\/wordpress\/plugins\/seo\/ -->\n<title>Oi (OIBR3) estabelece valor m\u00ednimo de R$ 20 bi por sua unidade de fibra<\/title>\n<meta name=\"description\" content=\"A Oi (OIBR3; OIBR4)\u00a0estabeleceu um valor m\u00ednimo de R$ 20 bilh\u00f5es para a venda de sua unidade de fibra \u00f3ptica. Clique e saiba mais.\" \/>\n<meta name=\"robots\" content=\"index, follow, max-snippet:-1, max-image-preview:large, max-video-preview:-1\" \/>\n<link rel=\"canonical\" href=\"https:\/\/www.suno.com.br\/noticias\/oi-oibr3-valor-minimo-r-20-bi-unidade-fibra\/\" \/>\n<meta property=\"og:locale\" content=\"pt_BR\" \/>\n<meta property=\"og:type\" content=\"article\" \/>\n<meta property=\"og:title\" content=\"Oi (OIBR3) estabelece valor m\u00ednimo de R$ 20 bi por sua unidade de fibra\" \/>\n<meta property=\"og:description\" content=\"A Oi (OIBR3; OIBR4)\u00a0estabeleceu um valor m\u00ednimo de R$ 20 bilh\u00f5es para a venda de sua unidade de fibra \u00f3ptica. Clique e saiba mais.\" \/>\n<meta property=\"og:url\" content=\"https:\/\/www.suno.com.br\/noticias\/oi-oibr3-valor-minimo-r-20-bi-unidade-fibra\/\" \/>\n<meta property=\"og:site_name\" content=\"Suno Not\u00edcias\" \/>\n<meta property=\"article:publisher\" content=\"https:\/\/facebook.com\/sunoresearch\" \/>\n<meta property=\"og:image\" content=\"https:\/\/files.sunoresearch.com.br\/n\/uploads\/2020\/08\/a7b32088-oi.jpg\" \/>\n\t<meta property=\"og:image:width\" content=\"1400\" \/>\n\t<meta property=\"og:image:height\" content=\"788\" \/>\n\t<meta property=\"og:image:type\" content=\"image\/jpeg\" \/>\n<meta name=\"author\" content=\"Juliano Passaro\" \/>\n<meta name=\"twitter:card\" content=\"summary_large_image\" \/>\n<meta name=\"twitter:creator\" content=\"@sunoresearch\" \/>\n<meta name=\"twitter:site\" content=\"@sunoresearch\" \/>\n<meta name=\"twitter:label1\" content=\"Escrito por\" \/>\n\t<meta name=\"twitter:data1\" content=\"Juliano Passaro\" \/>\n\t<meta name=\"twitter:label2\" content=\"Est. tempo de leitura\" \/>\n\t<meta name=\"twitter:data2\" content=\"2 minutos\" \/>\n<script type=\"application\/ld+json\" class=\"yoast-schema-graph\">{\"@context\":\"https:\/\/schema.org\",\"@graph\":[{\"@type\":\"NewsArticle\",\"@id\":\"https:\/\/www.suno.com.br\/noticias\/oi-oibr3-valor-minimo-r-20-bi-unidade-fibra\/#article\",\"isPartOf\":{\"@id\":\"https:\/\/www.suno.com.br\/noticias\/oi-oibr3-valor-minimo-r-20-bi-unidade-fibra\/\"},\"author\":{\"name\":\"Juliano Passaro\",\"@id\":\"https:\/\/www.suno.com.br\/noticias\/#\/schema\/person\/1db762f78ffd8919a648a63e425953e3\"},\"headline\":\"Oi (OIBR3) estabelece valor m\u00ednimo de R$ 20 bi por unidade de fibra \u00f3ptica\",\"datePublished\":\"2020-08-14T17:51:31+00:00\",\"dateModified\":\"2020-08-14T18:13:02+00:00\",\"mainEntityOfPage\":{\"@id\":\"https:\/\/www.suno.com.br\/noticias\/oi-oibr3-valor-minimo-r-20-bi-unidade-fibra\/\"},\"wordCount\":407,\"publisher\":{\"@id\":\"https:\/\/www.suno.com.br\/noticias\/#organization\"},\"image\":{\"@id\":\"https:\/\/www.suno.com.br\/noticias\/oi-oibr3-valor-minimo-r-20-bi-unidade-fibra\/#primaryimage\"},\"thumbnailUrl\":\"https:\/\/files.sunoresearch.com.br\/n\/uploads\/2020\/08\/a7b32088-oi-jpg.webp\",\"keywords\":[\"Oi (OIBR3\/OIBR4)\"],\"articleSection\":[\"Neg\u00f3cios\"],\"inLanguage\":\"pt-BR\"},{\"@type\":\"WebPage\",\"@id\":\"https:\/\/www.suno.com.br\/noticias\/oi-oibr3-valor-minimo-r-20-bi-unidade-fibra\/\",\"url\":\"https:\/\/www.suno.com.br\/noticias\/oi-oibr3-valor-minimo-r-20-bi-unidade-fibra\/\",\"name\":\"Oi (OIBR3) estabelece valor m\u00ednimo de R$ 20 bi por sua unidade de fibra\",\"isPartOf\":{\"@id\":\"https:\/\/www.suno.com.br\/noticias\/#website\"},\"primaryImageOfPage\":{\"@id\":\"https:\/\/www.suno.com.br\/noticias\/oi-oibr3-valor-minimo-r-20-bi-unidade-fibra\/#primaryimage\"},\"image\":{\"@id\":\"https:\/\/www.suno.com.br\/noticias\/oi-oibr3-valor-minimo-r-20-bi-unidade-fibra\/#primaryimage\"},\"thumbnailUrl\":\"https:\/\/files.sunoresearch.com.br\/n\/uploads\/2020\/08\/a7b32088-oi-jpg.webp\",\"datePublished\":\"2020-08-14T17:51:31+00:00\",\"dateModified\":\"2020-08-14T18:13:02+00:00\",\"description\":\"A Oi (OIBR3; OIBR4)\u00a0estabeleceu um valor m\u00ednimo de R$ 20 bilh\u00f5es para a venda de sua unidade de fibra \u00f3ptica. Clique e saiba mais.\",\"breadcrumb\":{\"@id\":\"https:\/\/www.suno.com.br\/noticias\/oi-oibr3-valor-minimo-r-20-bi-unidade-fibra\/#breadcrumb\"},\"inLanguage\":\"pt-BR\",\"potentialAction\":[{\"@type\":\"ReadAction\",\"target\":[\"https:\/\/www.suno.com.br\/noticias\/oi-oibr3-valor-minimo-r-20-bi-unidade-fibra\/\"]}]},{\"@type\":\"ImageObject\",\"inLanguage\":\"pt-BR\",\"@id\":\"https:\/\/www.suno.com.br\/noticias\/oi-oibr3-valor-minimo-r-20-bi-unidade-fibra\/#primaryimage\",\"url\":\"https:\/\/files.sunoresearch.com.br\/n\/uploads\/2020\/08\/a7b32088-oi-jpg.webp\",\"contentUrl\":\"https:\/\/files.sunoresearch.com.br\/n\/uploads\/2020\/08\/a7b32088-oi-jpg.webp\",\"width\":1400,\"height\":788,\"caption\":\"O Senado aprovou, na \u00faltima quarta-feira (25), o projeto da nova Lei de Fal\u00eancias, o que pode encurtar a d\u00edvida da Oi em 70%.\"},{\"@type\":\"BreadcrumbList\",\"@id\":\"https:\/\/www.suno.com.br\/noticias\/oi-oibr3-valor-minimo-r-20-bi-unidade-fibra\/#breadcrumb\",\"itemListElement\":[{\"@type\":\"ListItem\",\"position\":1,\"name\":\"Not\u00edcias\",\"item\":\"https:\/\/www.suno.com.br\/noticias\/\"},{\"@type\":\"ListItem\",\"position\":2,\"name\":\"Neg\u00f3cios\",\"item\":\"https:\/\/www.suno.com.br\/noticias\/negocios\/\"},{\"@type\":\"ListItem\",\"position\":3,\"name\":\"Oi (OIBR3) estabelece valor m\u00ednimo de R$ 20 bi por unidade de fibra \u00f3ptica\"}]},{\"@type\":\"WebSite\",\"@id\":\"https:\/\/www.suno.com.br\/noticias\/#website\",\"url\":\"https:\/\/www.suno.com.br\/noticias\/\",\"name\":\"Suno Not\u00edcias\",\"description\":\"Seu portal de informa\u00e7\u00e3o sobre o mundo dos investimentos\",\"publisher\":{\"@id\":\"https:\/\/www.suno.com.br\/noticias\/#organization\"},\"potentialAction\":[{\"@type\":\"SearchAction\",\"target\":{\"@type\":\"EntryPoint\",\"urlTemplate\":\"https:\/\/www.suno.com.br\/noticias\/?s={search_term_string}\"},\"query-input\":{\"@type\":\"PropertyValueSpecification\",\"valueRequired\":true,\"valueName\":\"search_term_string\"}}],\"inLanguage\":\"pt-BR\"},{\"@type\":\"Organization\",\"@id\":\"https:\/\/www.suno.com.br\/noticias\/#organization\",\"name\":\"Suno Not\u00edcias\",\"url\":\"https:\/\/www.suno.com.br\/noticias\/\",\"logo\":{\"@type\":\"ImageObject\",\"inLanguage\":\"pt-BR\",\"@id\":\"https:\/\/www.suno.com.br\/noticias\/#\/schema\/logo\/image\/\",\"url\":\"https:\/\/files.sunoresearch.com.br\/n\/uploads\/2021\/09\/suno-logo.png\",\"contentUrl\":\"https:\/\/files.sunoresearch.com.br\/n\/uploads\/2021\/09\/suno-logo.png\",\"width\":180,\"height\":180,\"caption\":\"Suno Not\u00edcias\"},\"image\":{\"@id\":\"https:\/\/www.suno.com.br\/noticias\/#\/schema\/logo\/image\/\"},\"sameAs\":[\"https:\/\/facebook.com\/sunoresearch\",\"https:\/\/x.com\/sunoresearch\",\"https:\/\/www.instagram.com\/suno\",\"https:\/\/www.linkedin.com\/company\/suno-research\/\",\"https:\/\/www.youtube.com\/c\/sunoresearch\"]},{\"@type\":\"Person\",\"@id\":\"https:\/\/www.suno.com.br\/noticias\/#\/schema\/person\/1db762f78ffd8919a648a63e425953e3\",\"name\":\"Juliano Passaro\",\"image\":{\"@type\":\"ImageObject\",\"inLanguage\":\"pt-BR\",\"@id\":\"https:\/\/www.suno.com.br\/noticias\/#\/schema\/person\/image\/\",\"url\":\"https:\/\/secure.gravatar.com\/avatar\/743d4df28eebf6dcc46b4ad03c319e92?s=96&r=g\",\"contentUrl\":\"https:\/\/secure.gravatar.com\/avatar\/743d4df28eebf6dcc46b4ad03c319e92?s=96&r=g\",\"caption\":\"Juliano Passaro\"},\"description\":\"Juliano Passaro escreve sobre pol\u00edtica, economia e neg\u00f3cios para o portal da Suno Research. Antes da Suno, trabalhou no Portal da Band. \u00c9 formado em jornalismo pela Universidade Presbiteriana Mackenzie.\",\"url\":\"https:\/\/www.suno.com.br\/noticias\/author\/juliano\/\"}]}<\/script>\n<!-- \/ Yoast SEO plugin. -->","yoast_head_json":{"title":"Oi (OIBR3) estabelece valor m\u00ednimo de R$ 20 bi por sua unidade de fibra","description":"A Oi (OIBR3; OIBR4)\u00a0estabeleceu um valor m\u00ednimo de R$ 20 bilh\u00f5es para a venda de sua unidade de fibra \u00f3ptica. Clique e saiba mais.","robots":{"index":"index","follow":"follow","max-snippet":"max-snippet:-1","max-image-preview":"max-image-preview:large","max-video-preview":"max-video-preview:-1"},"canonical":"https:\/\/www.suno.com.br\/noticias\/oi-oibr3-valor-minimo-r-20-bi-unidade-fibra\/","og_locale":"pt_BR","og_type":"article","og_title":"Oi (OIBR3) estabelece valor m\u00ednimo de R$ 20 bi por sua unidade de fibra","og_description":"A Oi (OIBR3; OIBR4)\u00a0estabeleceu um valor m\u00ednimo de R$ 20 bilh\u00f5es para a venda de sua unidade de fibra \u00f3ptica. Clique e saiba mais.","og_url":"https:\/\/www.suno.com.br\/noticias\/oi-oibr3-valor-minimo-r-20-bi-unidade-fibra\/","og_site_name":"Suno Not\u00edcias","article_publisher":"https:\/\/facebook.com\/sunoresearch","og_image":[{"width":1400,"height":788,"url":"https:\/\/files.sunoresearch.com.br\/n\/uploads\/2020\/08\/a7b32088-oi.jpg","type":"image\/jpeg"}],"author":"Juliano Passaro","twitter_card":"summary_large_image","twitter_creator":"@sunoresearch","twitter_site":"@sunoresearch","twitter_misc":{"Escrito por":"Juliano Passaro","Est. tempo de leitura":"2 minutos"},"schema":{"@context":"https:\/\/schema.org","@graph":[{"@type":"NewsArticle","@id":"https:\/\/www.suno.com.br\/noticias\/oi-oibr3-valor-minimo-r-20-bi-unidade-fibra\/#article","isPartOf":{"@id":"https:\/\/www.suno.com.br\/noticias\/oi-oibr3-valor-minimo-r-20-bi-unidade-fibra\/"},"author":{"name":"Juliano Passaro","@id":"https:\/\/www.suno.com.br\/noticias\/#\/schema\/person\/1db762f78ffd8919a648a63e425953e3"},"headline":"Oi (OIBR3) estabelece valor m\u00ednimo de R$ 20 bi por unidade de fibra \u00f3ptica","datePublished":"2020-08-14T17:51:31+00:00","dateModified":"2020-08-14T18:13:02+00:00","mainEntityOfPage":{"@id":"https:\/\/www.suno.com.br\/noticias\/oi-oibr3-valor-minimo-r-20-bi-unidade-fibra\/"},"wordCount":407,"publisher":{"@id":"https:\/\/www.suno.com.br\/noticias\/#organization"},"image":{"@id":"https:\/\/www.suno.com.br\/noticias\/oi-oibr3-valor-minimo-r-20-bi-unidade-fibra\/#primaryimage"},"thumbnailUrl":"https:\/\/files.sunoresearch.com.br\/n\/uploads\/2020\/08\/a7b32088-oi-jpg.webp","keywords":["Oi (OIBR3\/OIBR4)"],"articleSection":["Neg\u00f3cios"],"inLanguage":"pt-BR"},{"@type":"WebPage","@id":"https:\/\/www.suno.com.br\/noticias\/oi-oibr3-valor-minimo-r-20-bi-unidade-fibra\/","url":"https:\/\/www.suno.com.br\/noticias\/oi-oibr3-valor-minimo-r-20-bi-unidade-fibra\/","name":"Oi (OIBR3) estabelece valor m\u00ednimo de R$ 20 bi por sua unidade de fibra","isPartOf":{"@id":"https:\/\/www.suno.com.br\/noticias\/#website"},"primaryImageOfPage":{"@id":"https:\/\/www.suno.com.br\/noticias\/oi-oibr3-valor-minimo-r-20-bi-unidade-fibra\/#primaryimage"},"image":{"@id":"https:\/\/www.suno.com.br\/noticias\/oi-oibr3-valor-minimo-r-20-bi-unidade-fibra\/#primaryimage"},"thumbnailUrl":"https:\/\/files.sunoresearch.com.br\/n\/uploads\/2020\/08\/a7b32088-oi-jpg.webp","datePublished":"2020-08-14T17:51:31+00:00","dateModified":"2020-08-14T18:13:02+00:00","description":"A Oi (OIBR3; OIBR4)\u00a0estabeleceu um valor m\u00ednimo de R$ 20 bilh\u00f5es para a venda de sua unidade de fibra \u00f3ptica. Clique e saiba mais.","breadcrumb":{"@id":"https:\/\/www.suno.com.br\/noticias\/oi-oibr3-valor-minimo-r-20-bi-unidade-fibra\/#breadcrumb"},"inLanguage":"pt-BR","potentialAction":[{"@type":"ReadAction","target":["https:\/\/www.suno.com.br\/noticias\/oi-oibr3-valor-minimo-r-20-bi-unidade-fibra\/"]}]},{"@type":"ImageObject","inLanguage":"pt-BR","@id":"https:\/\/www.suno.com.br\/noticias\/oi-oibr3-valor-minimo-r-20-bi-unidade-fibra\/#primaryimage","url":"https:\/\/files.sunoresearch.com.br\/n\/uploads\/2020\/08\/a7b32088-oi-jpg.webp","contentUrl":"https:\/\/files.sunoresearch.com.br\/n\/uploads\/2020\/08\/a7b32088-oi-jpg.webp","width":1400,"height":788,"caption":"O Senado aprovou, na \u00faltima quarta-feira (25), o projeto da nova Lei de Fal\u00eancias, o que pode encurtar a d\u00edvida da Oi em 70%."},{"@type":"BreadcrumbList","@id":"https:\/\/www.suno.com.br\/noticias\/oi-oibr3-valor-minimo-r-20-bi-unidade-fibra\/#breadcrumb","itemListElement":[{"@type":"ListItem","position":1,"name":"Not\u00edcias","item":"https:\/\/www.suno.com.br\/noticias\/"},{"@type":"ListItem","position":2,"name":"Neg\u00f3cios","item":"https:\/\/www.suno.com.br\/noticias\/negocios\/"},{"@type":"ListItem","position":3,"name":"Oi (OIBR3) estabelece valor m\u00ednimo de R$ 20 bi por unidade de fibra \u00f3ptica"}]},{"@type":"WebSite","@id":"https:\/\/www.suno.com.br\/noticias\/#website","url":"https:\/\/www.suno.com.br\/noticias\/","name":"Suno Not\u00edcias","description":"Seu portal de informa\u00e7\u00e3o sobre o mundo dos investimentos","publisher":{"@id":"https:\/\/www.suno.com.br\/noticias\/#organization"},"potentialAction":[{"@type":"SearchAction","target":{"@type":"EntryPoint","urlTemplate":"https:\/\/www.suno.com.br\/noticias\/?s={search_term_string}"},"query-input":{"@type":"PropertyValueSpecification","valueRequired":true,"valueName":"search_term_string"}}],"inLanguage":"pt-BR"},{"@type":"Organization","@id":"https:\/\/www.suno.com.br\/noticias\/#organization","name":"Suno Not\u00edcias","url":"https:\/\/www.suno.com.br\/noticias\/","logo":{"@type":"ImageObject","inLanguage":"pt-BR","@id":"https:\/\/www.suno.com.br\/noticias\/#\/schema\/logo\/image\/","url":"https:\/\/files.sunoresearch.com.br\/n\/uploads\/2021\/09\/suno-logo.png","contentUrl":"https:\/\/files.sunoresearch.com.br\/n\/uploads\/2021\/09\/suno-logo.png","width":180,"height":180,"caption":"Suno Not\u00edcias"},"image":{"@id":"https:\/\/www.suno.com.br\/noticias\/#\/schema\/logo\/image\/"},"sameAs":["https:\/\/facebook.com\/sunoresearch","https:\/\/x.com\/sunoresearch","https:\/\/www.instagram.com\/suno","https:\/\/www.linkedin.com\/company\/suno-research\/","https:\/\/www.youtube.com\/c\/sunoresearch"]},{"@type":"Person","@id":"https:\/\/www.suno.com.br\/noticias\/#\/schema\/person\/1db762f78ffd8919a648a63e425953e3","name":"Juliano Passaro","image":{"@type":"ImageObject","inLanguage":"pt-BR","@id":"https:\/\/www.suno.com.br\/noticias\/#\/schema\/person\/image\/","url":"https:\/\/secure.gravatar.com\/avatar\/743d4df28eebf6dcc46b4ad03c319e92?s=96&r=g","contentUrl":"https:\/\/secure.gravatar.com\/avatar\/743d4df28eebf6dcc46b4ad03c319e92?s=96&r=g","caption":"Juliano Passaro"},"description":"Juliano Passaro escreve sobre pol\u00edtica, economia e neg\u00f3cios para o portal da Suno Research. Antes da Suno, trabalhou no Portal da Band. \u00c9 formado em jornalismo pela Universidade Presbiteriana Mackenzie.","url":"https:\/\/www.suno.com.br\/noticias\/author\/juliano\/"}]}},"default_loop_html":"<div class=\"cardsPage__listCard__boxs\"><div class=\"cardsPage__listCard__boxs__img\"><a href=\"https:\/\/www.suno.com.br\/noticias\/oi-oibr3-valor-minimo-r-20-bi-unidade-fibra\/\"><img class=\"mask\" src=\"https:\/\/www.suno.com.br\/noticias\/wp-content\/themes\/suno\/resources\/images\/spotlight\/spotlight1img\/bg-mask.png\" alt=\"Image Mask\"\/><img src=\"https:\/\/files.sunoresearch.com.br\/n\/uploads\/2020\/08\/a7b32088-oi-400x200.webp\" alt=\"Oi (OIBR3) estabelece valor m\u00ednimo de R$ 20 bi por unidade de fibra \u00f3ptica\"\/><\/a><span class=\"spotlightCategory\"><a href=\"https:\/\/www.suno.com.br\/noticias\/negocios\/\">Neg\u00f3cios<\/a><\/span><\/div><div class=\"cardsPage__listCard__boxs__content\"><a href=\"https:\/\/www.suno.com.br\/noticias\/oi-oibr3-valor-minimo-r-20-bi-unidade-fibra\/\"><h2 class=\"content__title\">Oi (OIBR3) estabelece valor m\u00ednimo de R$ 20 bi por unidade de fibra \u00f3ptica<\/h2><\/a><div class=\"newsContent__article__meta\"><div class=\"newsContent__article__meta__authorBox\"><a href=\"https:\/\/www.suno.com.br\/noticias\/author\/juliano\/\" class=\"authorBox__avatar noMobi\"><img src=\"https:\/\/files.sunoresearch.com.br\/n\/uploads\/2019\/06\/7cc3efea-whatsapp-image-2019-07-18-at-21.59.33-e1563499821209-150x150.webp\" alt=\"Juliano Passaro\"><\/a><div class=\"authorBox__name\"><span>por\n\t\t\t<a href=\"https:\/\/www.suno.com.br\/noticias\/author\/juliano\/\"><span itemprop=\"author\">Juliano Passaro<\/span><\/a><\/span><time datetime=\"2020-08-14T14:51:31-03:00\" itemprop=\"datePublished\">14\/08\/2020 14:51<\/time><\/div><\/div><\/div><\/div><\/div>","single_layout":"posts","amp_enabled":true,"_links":{"self":[{"href":"https:\/\/www.suno.com.br\/noticias\/wp-json\/wp\/v2\/posts\/78455"}],"collection":[{"href":"https:\/\/www.suno.com.br\/noticias\/wp-json\/wp\/v2\/posts"}],"about":[{"href":"https:\/\/www.suno.com.br\/noticias\/wp-json\/wp\/v2\/types\/post"}],"author":[{"embeddable":true,"href":"https:\/\/www.suno.com.br\/noticias\/wp-json\/wp\/v2\/users\/19"}],"replies":[{"embeddable":true,"href":"https:\/\/www.suno.com.br\/noticias\/wp-json\/wp\/v2\/comments?post=78455"}],"version-history":[{"count":0,"href":"https:\/\/www.suno.com.br\/noticias\/wp-json\/wp\/v2\/posts\/78455\/revisions"}],"wp:featuredmedia":[{"embeddable":true,"href":"https:\/\/www.suno.com.br\/noticias\/wp-json\/wp\/v2\/media\/76592"}],"wp:attachment":[{"href":"https:\/\/www.suno.com.br\/noticias\/wp-json\/wp\/v2\/media?parent=78455"}],"wp:term":[{"taxonomy":"category","embeddable":true,"href":"https:\/\/www.suno.com.br\/noticias\/wp-json\/wp\/v2\/categories?post=78455"},{"taxonomy":"post_tag","embeddable":true,"href":"https:\/\/www.suno.com.br\/noticias\/wp-json\/wp\/v2\/tags?post=78455"},{"taxonomy":"suno_strategy","embeddable":true,"href":"https:\/\/www.suno.com.br\/noticias\/wp-json\/wp\/v2\/suno_strategy?post=78455"}],"curies":[{"name":"wp","href":"https:\/\/api.w.org\/{rel}","templated":true}]}}