{"id":78350,"date":"2020-08-14T10:02:18","date_gmt":"2020-08-14T13:02:18","guid":{"rendered":"https:\/\/www.suno.com.br\/noticias\/?p=78350"},"modified":"2020-08-14T10:02:18","modified_gmt":"2020-08-14T13:02:18","slug":"coronavirus-ue-compra-300-milhoes-doses-vacina-astrazeneca","status":"publish","type":"post","link":"https:\/\/www.suno.com.br\/noticias\/coronavirus-ue-compra-300-milhoes-doses-vacina-astrazeneca\/","title":{"rendered":"Coronav\u00edrus: UE comprar\u00e1 300 milh\u00f5es de doses de vacina da Astrazeneca"},"content":{"rendered":"<p>A <a href=\"https:\/\/www.suno.com.br\/artigos\/uniao-europeia\/\">Uni\u00e3o Europeia (UE)<\/a> ir\u00e1 comprar 300 milh\u00f5es de doses da vacina da AstraZeneca, que ainda n\u00e3o foi lan\u00e7ada, contra o <strong>coronav\u00edrus<\/strong> <a href=\"https:\/\/www.suno.com.br\/noticias\/tags\/coronavirus\/\">(Covid-19)<\/a>. A nota diz que outras 100 milh\u00f5es de doses podem ser adquiridas, mas n\u00e3o informa o valor investido. As informa\u00e7\u00f5es foram publicadas em comunicado \u00e0 imprensa nesta sexta-feira (14).<\/p>\t<div class=\"wrapper-featured-image\">\n\t\t<figure class=\"spotlightImg\">\n\n\t\t\t<picture>\n\t\t\t\t<source media=\"(max-width: 768px)\" srcset=\"https:\/\/files.sunoresearch.com.br\/n\/uploads\/2020\/08\/b1f185e0-astrazeneca-1140x815-1-400x200.webp\">\n\t\t\t\t<img loading=\"lazy\" decoding=\"async\" class=\"newsContent__article__imgCapa lazyloadDisabled \" src=\"https:\/\/files.sunoresearch.com.br\/n\/uploads\/2020\/08\/b1f185e0-astrazeneca-1140x815-1-800x450.webp\" width=\"800\" height=\"450\" alt=\"Coronav\u00edrus: UE comprar\u00e1 300 milh\u00f5es de doses de vacina da Astrazeneca\" fetchpriority=high \/>\n\t\t\t<\/picture>\n\n\t\t\t<figcaption class=\"wp-caption-text wp-caption-text--show\">Os testes da vacina contra o coronav\u00edrus, que foram suspensos pela farmac\u00eautica AstraZeneca, podem ser retomados na pr\u00f3xima semana. <\/figcaption>\n\t\t<\/figure>\n\t<\/div>\n\n\n<div class=\"hubspot-form-wrapper\">\n\t<div id=\"single-form-target\"><\/div>\n<\/div>\n\n<p>A Uni\u00e3o Europeia tamb\u00e9m anunciou recentemente novos acordos com a Sanofi-GSK e a Johnson &amp; Johnson para futuras vacinas. Estas opera\u00e7\u00f5es fazem parte do plano &#8220;Estrat\u00e9gia de Vacinas da Comiss\u00e3o Europeia&#8221;.<\/p>\n<p>&#8220;Esta estrat\u00e9gia nos permite fornecer futuras vacinas aos europeus, bem como a nossos parceiros em outras partes do mundo&#8221;, afirmou a presidente da Comiss\u00e3o, Ursula Von der Leyen.<\/p>\n<p><a href=\"https:\/\/lp.suno.com.br\/suno-one\/\">Suno One: acesse gratuitamente eBooks, Minicursos, Artigos e Video Aulas sobre investimentos com um \u00fanico cadastro. Clique para saber mais!<\/a><\/p>\n<p>A vacina da AstraZeneca tamb\u00e9m est\u00e1 sendo testada no Brasil e j\u00e1 est\u00e1 na &#8220;fase 3&#8221;, onde milhares de indiv\u00edduos s\u00e3o testados quanto a seguran\u00e7a e efic\u00e1cia da vacina. O ant\u00eddoto da Astrazeneca \u00e9 considerado um dos mais avan\u00e7ados no mundo.<\/p>\n<h2>Vacina russa contra o coronav\u00edrus<\/h2>\n<p>A <strong>Organiza\u00e7\u00e3o Mundial da Sa\u00fade (OMS)<\/strong> informou na \u00faltima ter\u00e7a-feira (11) que est\u00e1 em discuss\u00e3o com o governo da R\u00fassia sobre o an\u00fancio da vacina contra o novo coronav\u00edrus. De acordo com a organiza\u00e7\u00e3o, \u00e9 necess\u00e1rio que a vacina passe por uma &#8220;pr\u00e9-qualifica\u00e7\u00e3o&#8221; e por &#8220;procedimentos rigorosos&#8221;. O presidente da R\u00fassia, Vladimir Putin, anunciou que o seu pa\u00eds registrou oficialmente a primeira vacina do mundo contra o novo coronav\u00edrus na mesma data. Junto ao mandat\u00e1rio, em videoconfer\u00eancia televisionada, o ministro da sa\u00fade do pa\u00eds, Mikhail Murashko, afirmou que o teste imunol\u00f3gico mostrou efic\u00e1cia e seguran\u00e7a.<\/p>\n<p>&#8220;Estamos em contato estreito com os russos e as discuss\u00f5es continuam [sobre a vacina contra o <strong>coronav\u00edrus<\/strong>]. A pr\u00e9-qualifica\u00e7\u00e3o de qualquer vacina passa por procedimentos rigorosos, inclui a revis\u00e3o e avalia\u00e7\u00e3o rigorosas de todos os dados de seguran\u00e7a e efic\u00e1cia necess\u00e1rios compilados durante os testes cl\u00ednico&#8221;, afirmou o porta-voz da OMS, Tarik Jasarevic, durante uma videoconfer\u00eancia de imprensa.<\/p>\n\t<p>\n\t\t<a href=\"https:\/\/lp.suno.com.br\/planilha-de-controle-de-investimentos\/\" target=\"_blank\" data-element=\"shortcode-suno-banner\" title=\"Banner SUNO, clique e saiba mais\">\n\t\t\t<picture>\n\t\t\t\t<source media=\"(max-width: 500px)\" srcset=\"https:\/\/files.sunoresearch.com.br\/n\/uploads\/2023\/03\/400x300-Controle-de-Investimentos.png\">\n\t\t\t\t<img class=\"newsContent__article__imgCapa newsContent__article__imgCapa--banner\"\n\t\t\t\t\tsrc=\"https:\/\/files.sunoresearch.com.br\/n\/uploads\/2023\/03\/1420x240-Controle-de-Investimentos.png\"\n\t\t\t\t\tdata-promo-id=\"75934\"\t\t\t\t\t\t\t\t\t\twidth='1420' height='240'\t\t\t\t\talt=\"https:\/\/files.sunoresearch.com.br\/n\/uploads\/2023\/03\/1420x240-Controle-de-Investimentos.png\"\n\t\t\t\t>\n\t\t\t<\/picture>\n\t\t<\/a>\n\t<\/p>\n\n\n","protected":false},"excerpt":{"rendered":"<p>A Uni\u00e3o Europeia (UE) ir\u00e1 comprar 300 milh\u00f5es de doses da vacina da AstraZeneca, que ainda n\u00e3o foi lan\u00e7ada, contra o coronav\u00edrus (Covid-19). A nota diz que outras 100 milh\u00f5es de doses podem ser adquiridas, mas n\u00e3o informa o valor investido. As informa\u00e7\u00f5es foram publicadas em comunicado \u00e0 imprensa nesta sexta-feira (14). Os testes da [&hellip;]<\/p>\n","protected":false},"author":19,"featured_media":76756,"comment_status":"closed","ping_status":"closed","sticky":false,"template":"","format":"standard","meta":[],"categories":[63],"tags":[2487,5255,2514,25002],"suno_strategy":[],"class_list":["post-78350","post","type-post","status-publish","format-standard","has-post-thumbnail","hentry","category-internacional","tag-coronavirus","tag-covid-19","tag-oms","tag-vacina"],"yoast_head":"<!-- This site is optimized with the Yoast SEO plugin v24.4 - https:\/\/yoast.com\/wordpress\/plugins\/seo\/ -->\n<title>Coronav\u00edrus: UE compra 300 milh\u00f5es de doses de vacina da Astrazeneca<\/title>\n<meta name=\"description\" content=\"A Uni\u00e3o Europeia (UE) ir\u00e1 comprar 300 milh\u00f5es de doses da vacina da AstraZeneca, que ainda n\u00e3o foi lan\u00e7ada, contra o coronav\u00edrus (Covid-19).\" \/>\n<meta name=\"robots\" content=\"index, follow, max-snippet:-1, max-image-preview:large, max-video-preview:-1\" \/>\n<link rel=\"canonical\" href=\"https:\/\/www.suno.com.br\/noticias\/coronavirus-ue-compra-300-milhoes-doses-vacina-astrazeneca\/\" \/>\n<meta property=\"og:locale\" content=\"pt_BR\" \/>\n<meta property=\"og:type\" content=\"article\" \/>\n<meta property=\"og:title\" content=\"Coronav\u00edrus: UE compra 300 milh\u00f5es de doses de vacina da Astrazeneca\" \/>\n<meta property=\"og:description\" content=\"A Uni\u00e3o Europeia (UE) ir\u00e1 comprar 300 milh\u00f5es de doses da vacina da AstraZeneca, que ainda n\u00e3o foi lan\u00e7ada, contra o coronav\u00edrus (Covid-19).\" \/>\n<meta property=\"og:url\" content=\"https:\/\/www.suno.com.br\/noticias\/coronavirus-ue-compra-300-milhoes-doses-vacina-astrazeneca\/\" \/>\n<meta property=\"og:site_name\" content=\"Suno Not\u00edcias\" \/>\n<meta property=\"article:publisher\" content=\"https:\/\/facebook.com\/sunoresearch\" \/>\n<meta property=\"og:image\" content=\"https:\/\/files.sunoresearch.com.br\/n\/uploads\/2020\/08\/b1f185e0-astrazeneca-1140x815-1.jpg\" \/>\n\t<meta property=\"og:image:width\" content=\"1140\" \/>\n\t<meta property=\"og:image:height\" content=\"815\" \/>\n\t<meta property=\"og:image:type\" content=\"image\/jpeg\" \/>\n<meta name=\"author\" content=\"Juliano Passaro\" \/>\n<meta name=\"twitter:card\" content=\"summary_large_image\" \/>\n<meta name=\"twitter:creator\" content=\"@sunoresearch\" \/>\n<meta name=\"twitter:site\" content=\"@sunoresearch\" \/>\n<meta name=\"twitter:label1\" content=\"Escrito por\" \/>\n\t<meta name=\"twitter:data1\" content=\"Juliano Passaro\" \/>\n\t<meta name=\"twitter:label2\" content=\"Est. tempo de leitura\" \/>\n\t<meta name=\"twitter:data2\" content=\"2 minutos\" \/>\n<script type=\"application\/ld+json\" class=\"yoast-schema-graph\">{\"@context\":\"https:\/\/schema.org\",\"@graph\":[{\"@type\":\"NewsArticle\",\"@id\":\"https:\/\/www.suno.com.br\/noticias\/coronavirus-ue-compra-300-milhoes-doses-vacina-astrazeneca\/#article\",\"isPartOf\":{\"@id\":\"https:\/\/www.suno.com.br\/noticias\/coronavirus-ue-compra-300-milhoes-doses-vacina-astrazeneca\/\"},\"author\":{\"name\":\"Juliano Passaro\",\"@id\":\"https:\/\/www.suno.com.br\/noticias\/#\/schema\/person\/1db762f78ffd8919a648a63e425953e3\"},\"headline\":\"Coronav\u00edrus: UE comprar\u00e1 300 milh\u00f5es de doses de vacina da Astrazeneca\",\"datePublished\":\"2020-08-14T13:02:18+00:00\",\"mainEntityOfPage\":{\"@id\":\"https:\/\/www.suno.com.br\/noticias\/coronavirus-ue-compra-300-milhoes-doses-vacina-astrazeneca\/\"},\"wordCount\":405,\"publisher\":{\"@id\":\"https:\/\/www.suno.com.br\/noticias\/#organization\"},\"image\":{\"@id\":\"https:\/\/www.suno.com.br\/noticias\/coronavirus-ue-compra-300-milhoes-doses-vacina-astrazeneca\/#primaryimage\"},\"thumbnailUrl\":\"https:\/\/files.sunoresearch.com.br\/n\/uploads\/2020\/08\/b1f185e0-astrazeneca-1140x815-1-jpg.webp\",\"keywords\":[\"coronav\u00edrus\",\"covid-19\",\"OMS\",\"vacina\"],\"articleSection\":[\"Internacional\"],\"inLanguage\":\"pt-BR\"},{\"@type\":\"WebPage\",\"@id\":\"https:\/\/www.suno.com.br\/noticias\/coronavirus-ue-compra-300-milhoes-doses-vacina-astrazeneca\/\",\"url\":\"https:\/\/www.suno.com.br\/noticias\/coronavirus-ue-compra-300-milhoes-doses-vacina-astrazeneca\/\",\"name\":\"Coronav\u00edrus: UE compra 300 milh\u00f5es de doses de vacina da Astrazeneca\",\"isPartOf\":{\"@id\":\"https:\/\/www.suno.com.br\/noticias\/#website\"},\"primaryImageOfPage\":{\"@id\":\"https:\/\/www.suno.com.br\/noticias\/coronavirus-ue-compra-300-milhoes-doses-vacina-astrazeneca\/#primaryimage\"},\"image\":{\"@id\":\"https:\/\/www.suno.com.br\/noticias\/coronavirus-ue-compra-300-milhoes-doses-vacina-astrazeneca\/#primaryimage\"},\"thumbnailUrl\":\"https:\/\/files.sunoresearch.com.br\/n\/uploads\/2020\/08\/b1f185e0-astrazeneca-1140x815-1-jpg.webp\",\"datePublished\":\"2020-08-14T13:02:18+00:00\",\"description\":\"A Uni\u00e3o Europeia (UE) ir\u00e1 comprar 300 milh\u00f5es de doses da vacina da AstraZeneca, que ainda n\u00e3o foi lan\u00e7ada, contra o coronav\u00edrus (Covid-19).\",\"breadcrumb\":{\"@id\":\"https:\/\/www.suno.com.br\/noticias\/coronavirus-ue-compra-300-milhoes-doses-vacina-astrazeneca\/#breadcrumb\"},\"inLanguage\":\"pt-BR\",\"potentialAction\":[{\"@type\":\"ReadAction\",\"target\":[\"https:\/\/www.suno.com.br\/noticias\/coronavirus-ue-compra-300-milhoes-doses-vacina-astrazeneca\/\"]}]},{\"@type\":\"ImageObject\",\"inLanguage\":\"pt-BR\",\"@id\":\"https:\/\/www.suno.com.br\/noticias\/coronavirus-ue-compra-300-milhoes-doses-vacina-astrazeneca\/#primaryimage\",\"url\":\"https:\/\/files.sunoresearch.com.br\/n\/uploads\/2020\/08\/b1f185e0-astrazeneca-1140x815-1-jpg.webp\",\"contentUrl\":\"https:\/\/files.sunoresearch.com.br\/n\/uploads\/2020\/08\/b1f185e0-astrazeneca-1140x815-1-jpg.webp\",\"width\":1140,\"height\":815,\"caption\":\"Os testes da vacina contra o coronav\u00edrus, que foram suspensos pela farmac\u00eautica AstraZeneca, podem ser retomados na pr\u00f3xima semana.\"},{\"@type\":\"BreadcrumbList\",\"@id\":\"https:\/\/www.suno.com.br\/noticias\/coronavirus-ue-compra-300-milhoes-doses-vacina-astrazeneca\/#breadcrumb\",\"itemListElement\":[{\"@type\":\"ListItem\",\"position\":1,\"name\":\"Not\u00edcias\",\"item\":\"https:\/\/www.suno.com.br\/noticias\/\"},{\"@type\":\"ListItem\",\"position\":2,\"name\":\"Internacional\",\"item\":\"https:\/\/www.suno.com.br\/noticias\/internacional\/\"},{\"@type\":\"ListItem\",\"position\":3,\"name\":\"Coronav\u00edrus: UE comprar\u00e1 300 milh\u00f5es de doses de vacina da Astrazeneca\"}]},{\"@type\":\"WebSite\",\"@id\":\"https:\/\/www.suno.com.br\/noticias\/#website\",\"url\":\"https:\/\/www.suno.com.br\/noticias\/\",\"name\":\"Suno Not\u00edcias\",\"description\":\"Seu portal de informa\u00e7\u00e3o sobre o mundo dos investimentos\",\"publisher\":{\"@id\":\"https:\/\/www.suno.com.br\/noticias\/#organization\"},\"potentialAction\":[{\"@type\":\"SearchAction\",\"target\":{\"@type\":\"EntryPoint\",\"urlTemplate\":\"https:\/\/www.suno.com.br\/noticias\/?s={search_term_string}\"},\"query-input\":{\"@type\":\"PropertyValueSpecification\",\"valueRequired\":true,\"valueName\":\"search_term_string\"}}],\"inLanguage\":\"pt-BR\"},{\"@type\":\"Organization\",\"@id\":\"https:\/\/www.suno.com.br\/noticias\/#organization\",\"name\":\"Suno Not\u00edcias\",\"url\":\"https:\/\/www.suno.com.br\/noticias\/\",\"logo\":{\"@type\":\"ImageObject\",\"inLanguage\":\"pt-BR\",\"@id\":\"https:\/\/www.suno.com.br\/noticias\/#\/schema\/logo\/image\/\",\"url\":\"https:\/\/files.sunoresearch.com.br\/n\/uploads\/2021\/09\/suno-logo.png\",\"contentUrl\":\"https:\/\/files.sunoresearch.com.br\/n\/uploads\/2021\/09\/suno-logo.png\",\"width\":180,\"height\":180,\"caption\":\"Suno Not\u00edcias\"},\"image\":{\"@id\":\"https:\/\/www.suno.com.br\/noticias\/#\/schema\/logo\/image\/\"},\"sameAs\":[\"https:\/\/facebook.com\/sunoresearch\",\"https:\/\/x.com\/sunoresearch\",\"https:\/\/www.instagram.com\/suno\",\"https:\/\/www.linkedin.com\/company\/suno-research\/\",\"https:\/\/www.youtube.com\/c\/sunoresearch\"]},{\"@type\":\"Person\",\"@id\":\"https:\/\/www.suno.com.br\/noticias\/#\/schema\/person\/1db762f78ffd8919a648a63e425953e3\",\"name\":\"Juliano Passaro\",\"image\":{\"@type\":\"ImageObject\",\"inLanguage\":\"pt-BR\",\"@id\":\"https:\/\/www.suno.com.br\/noticias\/#\/schema\/person\/image\/\",\"url\":\"https:\/\/secure.gravatar.com\/avatar\/743d4df28eebf6dcc46b4ad03c319e92?s=96&r=g\",\"contentUrl\":\"https:\/\/secure.gravatar.com\/avatar\/743d4df28eebf6dcc46b4ad03c319e92?s=96&r=g\",\"caption\":\"Juliano Passaro\"},\"description\":\"Juliano Passaro escreve sobre pol\u00edtica, economia e neg\u00f3cios para o portal da Suno Research. Antes da Suno, trabalhou no Portal da Band. \u00c9 formado em jornalismo pela Universidade Presbiteriana Mackenzie.\",\"url\":\"https:\/\/www.suno.com.br\/noticias\/author\/juliano\/\"}]}<\/script>\n<!-- \/ Yoast SEO plugin. -->","yoast_head_json":{"title":"Coronav\u00edrus: UE compra 300 milh\u00f5es de doses de vacina da Astrazeneca","description":"A Uni\u00e3o Europeia (UE) ir\u00e1 comprar 300 milh\u00f5es de doses da vacina da AstraZeneca, que ainda n\u00e3o foi lan\u00e7ada, contra o coronav\u00edrus (Covid-19).","robots":{"index":"index","follow":"follow","max-snippet":"max-snippet:-1","max-image-preview":"max-image-preview:large","max-video-preview":"max-video-preview:-1"},"canonical":"https:\/\/www.suno.com.br\/noticias\/coronavirus-ue-compra-300-milhoes-doses-vacina-astrazeneca\/","og_locale":"pt_BR","og_type":"article","og_title":"Coronav\u00edrus: UE compra 300 milh\u00f5es de doses de vacina da Astrazeneca","og_description":"A Uni\u00e3o Europeia (UE) ir\u00e1 comprar 300 milh\u00f5es de doses da vacina da AstraZeneca, que ainda n\u00e3o foi lan\u00e7ada, contra o coronav\u00edrus (Covid-19).","og_url":"https:\/\/www.suno.com.br\/noticias\/coronavirus-ue-compra-300-milhoes-doses-vacina-astrazeneca\/","og_site_name":"Suno Not\u00edcias","article_publisher":"https:\/\/facebook.com\/sunoresearch","og_image":[{"width":1140,"height":815,"url":"https:\/\/files.sunoresearch.com.br\/n\/uploads\/2020\/08\/b1f185e0-astrazeneca-1140x815-1.jpg","type":"image\/jpeg"}],"author":"Juliano Passaro","twitter_card":"summary_large_image","twitter_creator":"@sunoresearch","twitter_site":"@sunoresearch","twitter_misc":{"Escrito por":"Juliano Passaro","Est. tempo de leitura":"2 minutos"},"schema":{"@context":"https:\/\/schema.org","@graph":[{"@type":"NewsArticle","@id":"https:\/\/www.suno.com.br\/noticias\/coronavirus-ue-compra-300-milhoes-doses-vacina-astrazeneca\/#article","isPartOf":{"@id":"https:\/\/www.suno.com.br\/noticias\/coronavirus-ue-compra-300-milhoes-doses-vacina-astrazeneca\/"},"author":{"name":"Juliano Passaro","@id":"https:\/\/www.suno.com.br\/noticias\/#\/schema\/person\/1db762f78ffd8919a648a63e425953e3"},"headline":"Coronav\u00edrus: UE comprar\u00e1 300 milh\u00f5es de doses de vacina da Astrazeneca","datePublished":"2020-08-14T13:02:18+00:00","mainEntityOfPage":{"@id":"https:\/\/www.suno.com.br\/noticias\/coronavirus-ue-compra-300-milhoes-doses-vacina-astrazeneca\/"},"wordCount":405,"publisher":{"@id":"https:\/\/www.suno.com.br\/noticias\/#organization"},"image":{"@id":"https:\/\/www.suno.com.br\/noticias\/coronavirus-ue-compra-300-milhoes-doses-vacina-astrazeneca\/#primaryimage"},"thumbnailUrl":"https:\/\/files.sunoresearch.com.br\/n\/uploads\/2020\/08\/b1f185e0-astrazeneca-1140x815-1-jpg.webp","keywords":["coronav\u00edrus","covid-19","OMS","vacina"],"articleSection":["Internacional"],"inLanguage":"pt-BR"},{"@type":"WebPage","@id":"https:\/\/www.suno.com.br\/noticias\/coronavirus-ue-compra-300-milhoes-doses-vacina-astrazeneca\/","url":"https:\/\/www.suno.com.br\/noticias\/coronavirus-ue-compra-300-milhoes-doses-vacina-astrazeneca\/","name":"Coronav\u00edrus: UE compra 300 milh\u00f5es de doses de vacina da Astrazeneca","isPartOf":{"@id":"https:\/\/www.suno.com.br\/noticias\/#website"},"primaryImageOfPage":{"@id":"https:\/\/www.suno.com.br\/noticias\/coronavirus-ue-compra-300-milhoes-doses-vacina-astrazeneca\/#primaryimage"},"image":{"@id":"https:\/\/www.suno.com.br\/noticias\/coronavirus-ue-compra-300-milhoes-doses-vacina-astrazeneca\/#primaryimage"},"thumbnailUrl":"https:\/\/files.sunoresearch.com.br\/n\/uploads\/2020\/08\/b1f185e0-astrazeneca-1140x815-1-jpg.webp","datePublished":"2020-08-14T13:02:18+00:00","description":"A Uni\u00e3o Europeia (UE) ir\u00e1 comprar 300 milh\u00f5es de doses da vacina da AstraZeneca, que ainda n\u00e3o foi lan\u00e7ada, contra o coronav\u00edrus (Covid-19).","breadcrumb":{"@id":"https:\/\/www.suno.com.br\/noticias\/coronavirus-ue-compra-300-milhoes-doses-vacina-astrazeneca\/#breadcrumb"},"inLanguage":"pt-BR","potentialAction":[{"@type":"ReadAction","target":["https:\/\/www.suno.com.br\/noticias\/coronavirus-ue-compra-300-milhoes-doses-vacina-astrazeneca\/"]}]},{"@type":"ImageObject","inLanguage":"pt-BR","@id":"https:\/\/www.suno.com.br\/noticias\/coronavirus-ue-compra-300-milhoes-doses-vacina-astrazeneca\/#primaryimage","url":"https:\/\/files.sunoresearch.com.br\/n\/uploads\/2020\/08\/b1f185e0-astrazeneca-1140x815-1-jpg.webp","contentUrl":"https:\/\/files.sunoresearch.com.br\/n\/uploads\/2020\/08\/b1f185e0-astrazeneca-1140x815-1-jpg.webp","width":1140,"height":815,"caption":"Os testes da vacina contra o coronav\u00edrus, que foram suspensos pela farmac\u00eautica AstraZeneca, podem ser retomados na pr\u00f3xima semana."},{"@type":"BreadcrumbList","@id":"https:\/\/www.suno.com.br\/noticias\/coronavirus-ue-compra-300-milhoes-doses-vacina-astrazeneca\/#breadcrumb","itemListElement":[{"@type":"ListItem","position":1,"name":"Not\u00edcias","item":"https:\/\/www.suno.com.br\/noticias\/"},{"@type":"ListItem","position":2,"name":"Internacional","item":"https:\/\/www.suno.com.br\/noticias\/internacional\/"},{"@type":"ListItem","position":3,"name":"Coronav\u00edrus: UE comprar\u00e1 300 milh\u00f5es de doses de vacina da Astrazeneca"}]},{"@type":"WebSite","@id":"https:\/\/www.suno.com.br\/noticias\/#website","url":"https:\/\/www.suno.com.br\/noticias\/","name":"Suno Not\u00edcias","description":"Seu portal de informa\u00e7\u00e3o sobre o mundo dos investimentos","publisher":{"@id":"https:\/\/www.suno.com.br\/noticias\/#organization"},"potentialAction":[{"@type":"SearchAction","target":{"@type":"EntryPoint","urlTemplate":"https:\/\/www.suno.com.br\/noticias\/?s={search_term_string}"},"query-input":{"@type":"PropertyValueSpecification","valueRequired":true,"valueName":"search_term_string"}}],"inLanguage":"pt-BR"},{"@type":"Organization","@id":"https:\/\/www.suno.com.br\/noticias\/#organization","name":"Suno Not\u00edcias","url":"https:\/\/www.suno.com.br\/noticias\/","logo":{"@type":"ImageObject","inLanguage":"pt-BR","@id":"https:\/\/www.suno.com.br\/noticias\/#\/schema\/logo\/image\/","url":"https:\/\/files.sunoresearch.com.br\/n\/uploads\/2021\/09\/suno-logo.png","contentUrl":"https:\/\/files.sunoresearch.com.br\/n\/uploads\/2021\/09\/suno-logo.png","width":180,"height":180,"caption":"Suno Not\u00edcias"},"image":{"@id":"https:\/\/www.suno.com.br\/noticias\/#\/schema\/logo\/image\/"},"sameAs":["https:\/\/facebook.com\/sunoresearch","https:\/\/x.com\/sunoresearch","https:\/\/www.instagram.com\/suno","https:\/\/www.linkedin.com\/company\/suno-research\/","https:\/\/www.youtube.com\/c\/sunoresearch"]},{"@type":"Person","@id":"https:\/\/www.suno.com.br\/noticias\/#\/schema\/person\/1db762f78ffd8919a648a63e425953e3","name":"Juliano Passaro","image":{"@type":"ImageObject","inLanguage":"pt-BR","@id":"https:\/\/www.suno.com.br\/noticias\/#\/schema\/person\/image\/","url":"https:\/\/secure.gravatar.com\/avatar\/743d4df28eebf6dcc46b4ad03c319e92?s=96&r=g","contentUrl":"https:\/\/secure.gravatar.com\/avatar\/743d4df28eebf6dcc46b4ad03c319e92?s=96&r=g","caption":"Juliano Passaro"},"description":"Juliano Passaro escreve sobre pol\u00edtica, economia e neg\u00f3cios para o portal da Suno Research. Antes da Suno, trabalhou no Portal da Band. \u00c9 formado em jornalismo pela Universidade Presbiteriana Mackenzie.","url":"https:\/\/www.suno.com.br\/noticias\/author\/juliano\/"}]}},"default_loop_html":"<div class=\"cardsPage__listCard__boxs\"><div class=\"cardsPage__listCard__boxs__img\"><a href=\"https:\/\/www.suno.com.br\/noticias\/coronavirus-ue-compra-300-milhoes-doses-vacina-astrazeneca\/\"><img class=\"mask\" src=\"https:\/\/www.suno.com.br\/noticias\/wp-content\/themes\/suno\/resources\/images\/spotlight\/spotlight1img\/bg-mask.png\" alt=\"Image Mask\"\/><img src=\"https:\/\/files.sunoresearch.com.br\/n\/uploads\/2020\/08\/b1f185e0-astrazeneca-1140x815-1-400x200.webp\" alt=\"Coronav\u00edrus: UE comprar\u00e1 300 milh\u00f5es de doses de vacina da Astrazeneca\"\/><\/a><span class=\"spotlightCategory\"><a href=\"https:\/\/www.suno.com.br\/noticias\/internacional\/\">Internacional<\/a><\/span><\/div><div class=\"cardsPage__listCard__boxs__content\"><a href=\"https:\/\/www.suno.com.br\/noticias\/coronavirus-ue-compra-300-milhoes-doses-vacina-astrazeneca\/\"><h2 class=\"content__title\">Coronav\u00edrus: UE comprar\u00e1 300 milh\u00f5es de doses de vacina da Astrazeneca<\/h2><\/a><div class=\"newsContent__article__meta\"><div class=\"newsContent__article__meta__authorBox\"><a href=\"https:\/\/www.suno.com.br\/noticias\/author\/juliano\/\" class=\"authorBox__avatar noMobi\"><img src=\"https:\/\/files.sunoresearch.com.br\/n\/uploads\/2019\/06\/7cc3efea-whatsapp-image-2019-07-18-at-21.59.33-e1563499821209-150x150.webp\" alt=\"Juliano Passaro\"><\/a><div class=\"authorBox__name\"><span>por\n\t\t\t<a href=\"https:\/\/www.suno.com.br\/noticias\/author\/juliano\/\"><span itemprop=\"author\">Juliano Passaro<\/span><\/a><\/span><time datetime=\"2020-08-14T10:02:18-03:00\" itemprop=\"datePublished\">14\/08\/2020 10:02<\/time><\/div><\/div><\/div><\/div><\/div>","single_layout":"posts","amp_enabled":true,"_links":{"self":[{"href":"https:\/\/www.suno.com.br\/noticias\/wp-json\/wp\/v2\/posts\/78350"}],"collection":[{"href":"https:\/\/www.suno.com.br\/noticias\/wp-json\/wp\/v2\/posts"}],"about":[{"href":"https:\/\/www.suno.com.br\/noticias\/wp-json\/wp\/v2\/types\/post"}],"author":[{"embeddable":true,"href":"https:\/\/www.suno.com.br\/noticias\/wp-json\/wp\/v2\/users\/19"}],"replies":[{"embeddable":true,"href":"https:\/\/www.suno.com.br\/noticias\/wp-json\/wp\/v2\/comments?post=78350"}],"version-history":[{"count":0,"href":"https:\/\/www.suno.com.br\/noticias\/wp-json\/wp\/v2\/posts\/78350\/revisions"}],"wp:featuredmedia":[{"embeddable":true,"href":"https:\/\/www.suno.com.br\/noticias\/wp-json\/wp\/v2\/media\/76756"}],"wp:attachment":[{"href":"https:\/\/www.suno.com.br\/noticias\/wp-json\/wp\/v2\/media?parent=78350"}],"wp:term":[{"taxonomy":"category","embeddable":true,"href":"https:\/\/www.suno.com.br\/noticias\/wp-json\/wp\/v2\/categories?post=78350"},{"taxonomy":"post_tag","embeddable":true,"href":"https:\/\/www.suno.com.br\/noticias\/wp-json\/wp\/v2\/tags?post=78350"},{"taxonomy":"suno_strategy","embeddable":true,"href":"https:\/\/www.suno.com.br\/noticias\/wp-json\/wp\/v2\/suno_strategy?post=78350"}],"curies":[{"name":"wp","href":"https:\/\/api.w.org\/{rel}","templated":true}]}}