{"id":78322,"date":"2020-08-14T07:04:19","date_gmt":"2020-08-14T10:04:19","guid":{"rendered":"https:\/\/www.suno.com.br\/noticias\/?p=78322"},"modified":"2020-08-14T20:51:29","modified_gmt":"2020-08-14T23:51:29","slug":"oi-oibr3-prejuizo-tele-r-35-bi-2t20-aumento-104","status":"publish","type":"post","link":"https:\/\/www.suno.com.br\/noticias\/oi-oibr3-prejuizo-tele-r-35-bi-2t20-aumento-104\/","title":{"rendered":"Oi (OIBR3): Preju\u00edzo da tele \u00e9 de R$ 3,5 bi no 2T20; aumento de 104%"},"content":{"rendered":"<p>A <a href=\"https:\/\/www.suno.com.br\/acoes\/oibr3\/\"><strong>Oi<\/strong> (OIBR3<\/a>; <a href=\"https:\/\/www.suno.com.br\/acoes\/oibr4\/\">OIBR4<\/a>) reportou um preju\u00edzo de R$ 3,493 bilh\u00f5es no segundo trimestre deste ano. O valor \u00e9 104,4% maior do que o apresentado no mesmo per\u00edodo de 2019. As informa\u00e7\u00f5es foram divulgadas pela tele na madrugada desta sexta-feira (14).<\/p>\t<div class=\"wrapper-featured-image\">\n\t\t<figure class=\"spotlightImg\">\n\n\t\t\t<picture>\n\t\t\t\t<source media=\"(max-width: 768px)\" srcset=\"https:\/\/files.sunoresearch.com.br\/n\/uploads\/2020\/08\/345598e4-oi-400x200.webp\">\n\t\t\t\t<img loading=\"lazy\" decoding=\"async\" class=\"newsContent__article__imgCapa lazyloadDisabled \" src=\"https:\/\/files.sunoresearch.com.br\/n\/uploads\/2020\/08\/345598e4-oi-jpg.webp\" width=\"800\" height=\"450\" alt=\"Oi (OIBR3): Preju\u00edzo da tele \u00e9 de R$ 3,5 bi no 2T20; aumento de 104%\" fetchpriority=high \/>\n\t\t\t<\/picture>\n\n\t\t\t<figcaption class=\"wp-caption-text wp-caption-text--show\">Oi (OIBR3): Justi\u00e7a nega pedido liminar do Ita\u00fa (ITUB4) contra operadora<\/figcaption>\n\t\t<\/figure>\n\t<\/div>\n\n\n<div class=\"hubspot-form-wrapper\">\n\t<div id=\"single-form-target\"><\/div>\n<\/div>\n\n<p>O<a href=\"https:\/\/www.suno.com.br\/artigos\/ebitda\/\"> lucro antes de juros, impostos, deprecia\u00e7\u00e3o e amortiza\u00e7\u00e3o (Ebitda)<\/a> ficou em R$ 1,359 bilh\u00e3o, uma queda de 15% na compara\u00e7\u00e3o ano a ano. A d\u00edvida bruta consolidada da Oi totalizou R$ 26,115 bilh\u00f5es, avan\u00e7ando 54,8% frente ao mesmo intervalo de 2019.<\/p>\n<p>A receita l\u00edquida da tele que se encontra em Recupera\u00e7\u00e3o Judicial ficou em R$ 4,544 bilh\u00f5es, valor 10,8% menor do que o registrado no mesmo intervalo do ano passado. A queda na receita foi justificada pela Oi, em seu relat\u00f3rio, da seguinte maneira: &#8220;A queda mais acelerada se deu, principalmente, pelos efeitos da pandemia de COVID-19 e as pol\u00edticas de confinamento adotadas no Brasil, mas reflete tamb\u00e9m a estrat\u00e9gia da Oi de desinvestimento nos servi\u00e7os legados (cobre e DTH) nos segmentos Residencial e B2B, sendo parcialmente compensada pela expans\u00e3o dos servi\u00e7os com perfil de crescimento de receita \u2013 Fibra, TI e p\u00f3s pago&#8221;, informou a companhia.<\/p>\n<p><a href=\"https:\/\/lp.suno.com.br\/suno-one\/\">Suno One: acesse gratuitamente eBooks, Minicursos, Artigos e Video Aulas sobre investimentos com um \u00fanico cadastro. Clique para saber mais!<\/a><\/p>\n<p>A Oi tamb\u00e9m informou que seu projeto de expans\u00e3o de Fibra (FTTH) continua com forte crescimento e apresentando resultados consistentes. Ao final de junho, a empresa chegou a 6,7 milh\u00f5es de Homes Passed e atingiu 1,3 milh\u00f5es de Homes Connected, sendo 1,2 milh\u00f5es no segmento residencial, e chegando a 1,5 milh\u00f5es de casa conectadas ao final do m\u00eas de julho de 2020.<\/p>\n<p><iframe loading=\"lazy\" src=\"https:\/\/www.youtube.com\/embed\/3--KYS_wrT8\" width=\"560\" height=\"315\" frameborder=\"0\" allowfullscreen=\"allowfullscreen\"><\/iframe><br \/>\nO servi\u00e7o de telefonia fixa da tele caiu mais uma vez no trimestre encerrado em junho. A companhia fechou o per\u00edodo de abril a junho com somente 5.364 mil clientes de telefonia fixa no segmento residencial, uma queda de 29,5% em compara\u00e7\u00e3o ao 2T19 e de 8,9% comparada ao primeiro trimestre deste ano. &#8220;O servi\u00e7o de telefonia fixa segue o processo de retra\u00e7\u00e3o da demanda do mercado e sua crescente substitui\u00e7\u00e3o pela telefonia m\u00f3vel, mais especificamente por dados&#8221;, informou a companhia.<\/p>\n<p>As despesas com pessoal ficaram em R$ 535 milh\u00f5es, no segundo trimestre. Comparando ao mesmo<br \/>\nper\u00edodo do ano anterior, houve uma queda de 9,3%, que foi explicado pela tele por menores gastos com remunera\u00e7\u00e3o.<\/p>\n\t<p>\n\t\t<a href=\"https:\/\/lp.suno.com.br\/planilha-de-controle-de-investimentos\/\" target=\"_blank\" data-element=\"shortcode-suno-banner\" title=\"Banner SUNO, clique e saiba mais\">\n\t\t\t<picture>\n\t\t\t\t<source media=\"(max-width: 500px)\" srcset=\"https:\/\/files.sunoresearch.com.br\/n\/uploads\/2023\/03\/400x300-Controle-de-Investimentos.png\">\n\t\t\t\t<img class=\"newsContent__article__imgCapa newsContent__article__imgCapa--banner\"\n\t\t\t\t\tsrc=\"https:\/\/files.sunoresearch.com.br\/n\/uploads\/2023\/03\/1420x240-Controle-de-Investimentos.png\"\n\t\t\t\t\tdata-promo-id=\"75934\"\t\t\t\t\t\t\t\t\t\twidth='1420' height='240'\t\t\t\t\talt=\"https:\/\/files.sunoresearch.com.br\/n\/uploads\/2023\/03\/1420x240-Controle-de-Investimentos.png\"\n\t\t\t\t>\n\t\t\t<\/picture>\n\t\t<\/a>\n\t<\/p>\n\n\n","protected":false},"excerpt":{"rendered":"<p>A Oi (OIBR3; OIBR4) reportou um preju\u00edzo de R$ 3,493 bilh\u00f5es no segundo trimestre deste ano. O valor \u00e9 104,4% maior do que o apresentado no mesmo per\u00edodo de 2019. As informa\u00e7\u00f5es foram divulgadas pela tele na madrugada desta sexta-feira (14). Oi (OIBR3): Justi\u00e7a nega pedido liminar do Ita\u00fa (ITUB4) contra operadora O lucro antes [&hellip;]<\/p>\n","protected":false},"author":19,"featured_media":77251,"comment_status":"closed","ping_status":"closed","sticky":false,"template":"","format":"standard","meta":[],"categories":[64],"tags":[584],"suno_strategy":[],"class_list":["post-78322","post","type-post","status-publish","format-standard","has-post-thumbnail","hentry","category-negocios","tag-oi-oibr3-oibr4"],"yoast_head":"<!-- This site is optimized with the Yoast SEO plugin v24.4 - https:\/\/yoast.com\/wordpress\/plugins\/seo\/ -->\n<title>Oi (OIBR3): Preju\u00edzo da tele \u00e9 de R$ 3,5 bi no 2T20; aumento de 104%<\/title>\n<meta name=\"description\" content=\"A Oi (OIBR3; OIBR4) reportou um prejuizo de R$ 3,493 bilh\u00f5es no segundo trimestre deste ano. Clique aqui para saber mais.\" \/>\n<meta name=\"robots\" content=\"index, follow, max-snippet:-1, max-image-preview:large, max-video-preview:-1\" \/>\n<link rel=\"canonical\" href=\"https:\/\/www.suno.com.br\/noticias\/oi-oibr3-prejuizo-tele-r-35-bi-2t20-aumento-104\/\" \/>\n<meta property=\"og:locale\" content=\"pt_BR\" \/>\n<meta property=\"og:type\" content=\"article\" \/>\n<meta property=\"og:title\" content=\"Oi (OIBR3): Preju\u00edzo da tele \u00e9 de R$ 3,5 bi no 2T20; aumento de 104%\" \/>\n<meta property=\"og:description\" content=\"A Oi (OIBR3; OIBR4) reportou um prejuizo de R$ 3,493 bilh\u00f5es no segundo trimestre deste ano. Clique aqui para saber mais.\" \/>\n<meta property=\"og:url\" content=\"https:\/\/www.suno.com.br\/noticias\/oi-oibr3-prejuizo-tele-r-35-bi-2t20-aumento-104\/\" \/>\n<meta property=\"og:site_name\" content=\"Suno Not\u00edcias\" \/>\n<meta property=\"article:publisher\" content=\"https:\/\/facebook.com\/sunoresearch\" \/>\n<meta property=\"og:image\" content=\"https:\/\/files.sunoresearch.com.br\/n\/uploads\/2020\/08\/345598e4-oi.jpg\" \/>\n\t<meta property=\"og:image:width\" content=\"696\" \/>\n\t<meta property=\"og:image:height\" content=\"464\" \/>\n\t<meta property=\"og:image:type\" content=\"image\/jpeg\" \/>\n<meta name=\"author\" content=\"Juliano Passaro\" \/>\n<meta name=\"twitter:card\" content=\"summary_large_image\" \/>\n<meta name=\"twitter:creator\" content=\"@sunoresearch\" \/>\n<meta name=\"twitter:site\" content=\"@sunoresearch\" \/>\n<meta name=\"twitter:label1\" content=\"Escrito por\" \/>\n\t<meta name=\"twitter:data1\" content=\"Juliano Passaro\" \/>\n\t<meta name=\"twitter:label2\" content=\"Est. tempo de leitura\" \/>\n\t<meta name=\"twitter:data2\" content=\"2 minutos\" \/>\n<script type=\"application\/ld+json\" class=\"yoast-schema-graph\">{\"@context\":\"https:\/\/schema.org\",\"@graph\":[{\"@type\":\"NewsArticle\",\"@id\":\"https:\/\/www.suno.com.br\/noticias\/oi-oibr3-prejuizo-tele-r-35-bi-2t20-aumento-104\/#article\",\"isPartOf\":{\"@id\":\"https:\/\/www.suno.com.br\/noticias\/oi-oibr3-prejuizo-tele-r-35-bi-2t20-aumento-104\/\"},\"author\":{\"name\":\"Juliano Passaro\",\"@id\":\"https:\/\/www.suno.com.br\/noticias\/#\/schema\/person\/1db762f78ffd8919a648a63e425953e3\"},\"headline\":\"Oi (OIBR3): Preju\u00edzo da tele \u00e9 de R$ 3,5 bi no 2T20; aumento de 104%\",\"datePublished\":\"2020-08-14T10:04:19+00:00\",\"dateModified\":\"2020-08-14T23:51:29+00:00\",\"mainEntityOfPage\":{\"@id\":\"https:\/\/www.suno.com.br\/noticias\/oi-oibr3-prejuizo-tele-r-35-bi-2t20-aumento-104\/\"},\"wordCount\":432,\"publisher\":{\"@id\":\"https:\/\/www.suno.com.br\/noticias\/#organization\"},\"image\":{\"@id\":\"https:\/\/www.suno.com.br\/noticias\/oi-oibr3-prejuizo-tele-r-35-bi-2t20-aumento-104\/#primaryimage\"},\"thumbnailUrl\":\"https:\/\/files.sunoresearch.com.br\/n\/uploads\/2020\/08\/345598e4-oi-jpg.webp\",\"keywords\":[\"Oi (OIBR3\/OIBR4)\"],\"articleSection\":[\"Neg\u00f3cios\"],\"inLanguage\":\"pt-BR\"},{\"@type\":\"WebPage\",\"@id\":\"https:\/\/www.suno.com.br\/noticias\/oi-oibr3-prejuizo-tele-r-35-bi-2t20-aumento-104\/\",\"url\":\"https:\/\/www.suno.com.br\/noticias\/oi-oibr3-prejuizo-tele-r-35-bi-2t20-aumento-104\/\",\"name\":\"Oi (OIBR3): Preju\u00edzo da tele \u00e9 de R$ 3,5 bi no 2T20; aumento de 104%\",\"isPartOf\":{\"@id\":\"https:\/\/www.suno.com.br\/noticias\/#website\"},\"primaryImageOfPage\":{\"@id\":\"https:\/\/www.suno.com.br\/noticias\/oi-oibr3-prejuizo-tele-r-35-bi-2t20-aumento-104\/#primaryimage\"},\"image\":{\"@id\":\"https:\/\/www.suno.com.br\/noticias\/oi-oibr3-prejuizo-tele-r-35-bi-2t20-aumento-104\/#primaryimage\"},\"thumbnailUrl\":\"https:\/\/files.sunoresearch.com.br\/n\/uploads\/2020\/08\/345598e4-oi-jpg.webp\",\"datePublished\":\"2020-08-14T10:04:19+00:00\",\"dateModified\":\"2020-08-14T23:51:29+00:00\",\"description\":\"A Oi (OIBR3; OIBR4) reportou um prejuizo de R$ 3,493 bilh\u00f5es no segundo trimestre deste ano. Clique aqui para saber mais.\",\"breadcrumb\":{\"@id\":\"https:\/\/www.suno.com.br\/noticias\/oi-oibr3-prejuizo-tele-r-35-bi-2t20-aumento-104\/#breadcrumb\"},\"inLanguage\":\"pt-BR\",\"potentialAction\":[{\"@type\":\"ReadAction\",\"target\":[\"https:\/\/www.suno.com.br\/noticias\/oi-oibr3-prejuizo-tele-r-35-bi-2t20-aumento-104\/\"]}]},{\"@type\":\"ImageObject\",\"inLanguage\":\"pt-BR\",\"@id\":\"https:\/\/www.suno.com.br\/noticias\/oi-oibr3-prejuizo-tele-r-35-bi-2t20-aumento-104\/#primaryimage\",\"url\":\"https:\/\/files.sunoresearch.com.br\/n\/uploads\/2020\/08\/345598e4-oi-jpg.webp\",\"contentUrl\":\"https:\/\/files.sunoresearch.com.br\/n\/uploads\/2020\/08\/345598e4-oi-jpg.webp\",\"width\":696,\"height\":464,\"caption\":\"Oi (OIBR3): Justi\u00e7a nega pedido liminar do Ita\u00fa (ITUB4) contra operadora\"},{\"@type\":\"BreadcrumbList\",\"@id\":\"https:\/\/www.suno.com.br\/noticias\/oi-oibr3-prejuizo-tele-r-35-bi-2t20-aumento-104\/#breadcrumb\",\"itemListElement\":[{\"@type\":\"ListItem\",\"position\":1,\"name\":\"Not\u00edcias\",\"item\":\"https:\/\/www.suno.com.br\/noticias\/\"},{\"@type\":\"ListItem\",\"position\":2,\"name\":\"Neg\u00f3cios\",\"item\":\"https:\/\/www.suno.com.br\/noticias\/negocios\/\"},{\"@type\":\"ListItem\",\"position\":3,\"name\":\"Oi (OIBR3): Preju\u00edzo da tele \u00e9 de R$ 3,5 bi no 2T20; aumento de 104%\"}]},{\"@type\":\"WebSite\",\"@id\":\"https:\/\/www.suno.com.br\/noticias\/#website\",\"url\":\"https:\/\/www.suno.com.br\/noticias\/\",\"name\":\"Suno Not\u00edcias\",\"description\":\"Seu portal de informa\u00e7\u00e3o sobre o mundo dos investimentos\",\"publisher\":{\"@id\":\"https:\/\/www.suno.com.br\/noticias\/#organization\"},\"potentialAction\":[{\"@type\":\"SearchAction\",\"target\":{\"@type\":\"EntryPoint\",\"urlTemplate\":\"https:\/\/www.suno.com.br\/noticias\/?s={search_term_string}\"},\"query-input\":{\"@type\":\"PropertyValueSpecification\",\"valueRequired\":true,\"valueName\":\"search_term_string\"}}],\"inLanguage\":\"pt-BR\"},{\"@type\":\"Organization\",\"@id\":\"https:\/\/www.suno.com.br\/noticias\/#organization\",\"name\":\"Suno Not\u00edcias\",\"url\":\"https:\/\/www.suno.com.br\/noticias\/\",\"logo\":{\"@type\":\"ImageObject\",\"inLanguage\":\"pt-BR\",\"@id\":\"https:\/\/www.suno.com.br\/noticias\/#\/schema\/logo\/image\/\",\"url\":\"https:\/\/files.sunoresearch.com.br\/n\/uploads\/2021\/09\/suno-logo.png\",\"contentUrl\":\"https:\/\/files.sunoresearch.com.br\/n\/uploads\/2021\/09\/suno-logo.png\",\"width\":180,\"height\":180,\"caption\":\"Suno Not\u00edcias\"},\"image\":{\"@id\":\"https:\/\/www.suno.com.br\/noticias\/#\/schema\/logo\/image\/\"},\"sameAs\":[\"https:\/\/facebook.com\/sunoresearch\",\"https:\/\/x.com\/sunoresearch\",\"https:\/\/www.instagram.com\/suno\",\"https:\/\/www.linkedin.com\/company\/suno-research\/\",\"https:\/\/www.youtube.com\/c\/sunoresearch\"]},{\"@type\":\"Person\",\"@id\":\"https:\/\/www.suno.com.br\/noticias\/#\/schema\/person\/1db762f78ffd8919a648a63e425953e3\",\"name\":\"Juliano Passaro\",\"image\":{\"@type\":\"ImageObject\",\"inLanguage\":\"pt-BR\",\"@id\":\"https:\/\/www.suno.com.br\/noticias\/#\/schema\/person\/image\/\",\"url\":\"https:\/\/secure.gravatar.com\/avatar\/743d4df28eebf6dcc46b4ad03c319e92?s=96&r=g\",\"contentUrl\":\"https:\/\/secure.gravatar.com\/avatar\/743d4df28eebf6dcc46b4ad03c319e92?s=96&r=g\",\"caption\":\"Juliano Passaro\"},\"description\":\"Juliano Passaro escreve sobre pol\u00edtica, economia e neg\u00f3cios para o portal da Suno Research. Antes da Suno, trabalhou no Portal da Band. \u00c9 formado em jornalismo pela Universidade Presbiteriana Mackenzie.\",\"url\":\"https:\/\/www.suno.com.br\/noticias\/author\/juliano\/\"}]}<\/script>\n<!-- \/ Yoast SEO plugin. -->","yoast_head_json":{"title":"Oi (OIBR3): Preju\u00edzo da tele \u00e9 de R$ 3,5 bi no 2T20; aumento de 104%","description":"A Oi (OIBR3; OIBR4) reportou um prejuizo de R$ 3,493 bilh\u00f5es no segundo trimestre deste ano. Clique aqui para saber mais.","robots":{"index":"index","follow":"follow","max-snippet":"max-snippet:-1","max-image-preview":"max-image-preview:large","max-video-preview":"max-video-preview:-1"},"canonical":"https:\/\/www.suno.com.br\/noticias\/oi-oibr3-prejuizo-tele-r-35-bi-2t20-aumento-104\/","og_locale":"pt_BR","og_type":"article","og_title":"Oi (OIBR3): Preju\u00edzo da tele \u00e9 de R$ 3,5 bi no 2T20; aumento de 104%","og_description":"A Oi (OIBR3; OIBR4) reportou um prejuizo de R$ 3,493 bilh\u00f5es no segundo trimestre deste ano. Clique aqui para saber mais.","og_url":"https:\/\/www.suno.com.br\/noticias\/oi-oibr3-prejuizo-tele-r-35-bi-2t20-aumento-104\/","og_site_name":"Suno Not\u00edcias","article_publisher":"https:\/\/facebook.com\/sunoresearch","og_image":[{"width":696,"height":464,"url":"https:\/\/files.sunoresearch.com.br\/n\/uploads\/2020\/08\/345598e4-oi.jpg","type":"image\/jpeg"}],"author":"Juliano Passaro","twitter_card":"summary_large_image","twitter_creator":"@sunoresearch","twitter_site":"@sunoresearch","twitter_misc":{"Escrito por":"Juliano Passaro","Est. tempo de leitura":"2 minutos"},"schema":{"@context":"https:\/\/schema.org","@graph":[{"@type":"NewsArticle","@id":"https:\/\/www.suno.com.br\/noticias\/oi-oibr3-prejuizo-tele-r-35-bi-2t20-aumento-104\/#article","isPartOf":{"@id":"https:\/\/www.suno.com.br\/noticias\/oi-oibr3-prejuizo-tele-r-35-bi-2t20-aumento-104\/"},"author":{"name":"Juliano Passaro","@id":"https:\/\/www.suno.com.br\/noticias\/#\/schema\/person\/1db762f78ffd8919a648a63e425953e3"},"headline":"Oi (OIBR3): Preju\u00edzo da tele \u00e9 de R$ 3,5 bi no 2T20; aumento de 104%","datePublished":"2020-08-14T10:04:19+00:00","dateModified":"2020-08-14T23:51:29+00:00","mainEntityOfPage":{"@id":"https:\/\/www.suno.com.br\/noticias\/oi-oibr3-prejuizo-tele-r-35-bi-2t20-aumento-104\/"},"wordCount":432,"publisher":{"@id":"https:\/\/www.suno.com.br\/noticias\/#organization"},"image":{"@id":"https:\/\/www.suno.com.br\/noticias\/oi-oibr3-prejuizo-tele-r-35-bi-2t20-aumento-104\/#primaryimage"},"thumbnailUrl":"https:\/\/files.sunoresearch.com.br\/n\/uploads\/2020\/08\/345598e4-oi-jpg.webp","keywords":["Oi (OIBR3\/OIBR4)"],"articleSection":["Neg\u00f3cios"],"inLanguage":"pt-BR"},{"@type":"WebPage","@id":"https:\/\/www.suno.com.br\/noticias\/oi-oibr3-prejuizo-tele-r-35-bi-2t20-aumento-104\/","url":"https:\/\/www.suno.com.br\/noticias\/oi-oibr3-prejuizo-tele-r-35-bi-2t20-aumento-104\/","name":"Oi (OIBR3): Preju\u00edzo da tele \u00e9 de R$ 3,5 bi no 2T20; aumento de 104%","isPartOf":{"@id":"https:\/\/www.suno.com.br\/noticias\/#website"},"primaryImageOfPage":{"@id":"https:\/\/www.suno.com.br\/noticias\/oi-oibr3-prejuizo-tele-r-35-bi-2t20-aumento-104\/#primaryimage"},"image":{"@id":"https:\/\/www.suno.com.br\/noticias\/oi-oibr3-prejuizo-tele-r-35-bi-2t20-aumento-104\/#primaryimage"},"thumbnailUrl":"https:\/\/files.sunoresearch.com.br\/n\/uploads\/2020\/08\/345598e4-oi-jpg.webp","datePublished":"2020-08-14T10:04:19+00:00","dateModified":"2020-08-14T23:51:29+00:00","description":"A Oi (OIBR3; OIBR4) reportou um prejuizo de R$ 3,493 bilh\u00f5es no segundo trimestre deste ano. Clique aqui para saber mais.","breadcrumb":{"@id":"https:\/\/www.suno.com.br\/noticias\/oi-oibr3-prejuizo-tele-r-35-bi-2t20-aumento-104\/#breadcrumb"},"inLanguage":"pt-BR","potentialAction":[{"@type":"ReadAction","target":["https:\/\/www.suno.com.br\/noticias\/oi-oibr3-prejuizo-tele-r-35-bi-2t20-aumento-104\/"]}]},{"@type":"ImageObject","inLanguage":"pt-BR","@id":"https:\/\/www.suno.com.br\/noticias\/oi-oibr3-prejuizo-tele-r-35-bi-2t20-aumento-104\/#primaryimage","url":"https:\/\/files.sunoresearch.com.br\/n\/uploads\/2020\/08\/345598e4-oi-jpg.webp","contentUrl":"https:\/\/files.sunoresearch.com.br\/n\/uploads\/2020\/08\/345598e4-oi-jpg.webp","width":696,"height":464,"caption":"Oi (OIBR3): Justi\u00e7a nega pedido liminar do Ita\u00fa (ITUB4) contra operadora"},{"@type":"BreadcrumbList","@id":"https:\/\/www.suno.com.br\/noticias\/oi-oibr3-prejuizo-tele-r-35-bi-2t20-aumento-104\/#breadcrumb","itemListElement":[{"@type":"ListItem","position":1,"name":"Not\u00edcias","item":"https:\/\/www.suno.com.br\/noticias\/"},{"@type":"ListItem","position":2,"name":"Neg\u00f3cios","item":"https:\/\/www.suno.com.br\/noticias\/negocios\/"},{"@type":"ListItem","position":3,"name":"Oi (OIBR3): Preju\u00edzo da tele \u00e9 de R$ 3,5 bi no 2T20; aumento de 104%"}]},{"@type":"WebSite","@id":"https:\/\/www.suno.com.br\/noticias\/#website","url":"https:\/\/www.suno.com.br\/noticias\/","name":"Suno Not\u00edcias","description":"Seu portal de informa\u00e7\u00e3o sobre o mundo dos investimentos","publisher":{"@id":"https:\/\/www.suno.com.br\/noticias\/#organization"},"potentialAction":[{"@type":"SearchAction","target":{"@type":"EntryPoint","urlTemplate":"https:\/\/www.suno.com.br\/noticias\/?s={search_term_string}"},"query-input":{"@type":"PropertyValueSpecification","valueRequired":true,"valueName":"search_term_string"}}],"inLanguage":"pt-BR"},{"@type":"Organization","@id":"https:\/\/www.suno.com.br\/noticias\/#organization","name":"Suno Not\u00edcias","url":"https:\/\/www.suno.com.br\/noticias\/","logo":{"@type":"ImageObject","inLanguage":"pt-BR","@id":"https:\/\/www.suno.com.br\/noticias\/#\/schema\/logo\/image\/","url":"https:\/\/files.sunoresearch.com.br\/n\/uploads\/2021\/09\/suno-logo.png","contentUrl":"https:\/\/files.sunoresearch.com.br\/n\/uploads\/2021\/09\/suno-logo.png","width":180,"height":180,"caption":"Suno Not\u00edcias"},"image":{"@id":"https:\/\/www.suno.com.br\/noticias\/#\/schema\/logo\/image\/"},"sameAs":["https:\/\/facebook.com\/sunoresearch","https:\/\/x.com\/sunoresearch","https:\/\/www.instagram.com\/suno","https:\/\/www.linkedin.com\/company\/suno-research\/","https:\/\/www.youtube.com\/c\/sunoresearch"]},{"@type":"Person","@id":"https:\/\/www.suno.com.br\/noticias\/#\/schema\/person\/1db762f78ffd8919a648a63e425953e3","name":"Juliano Passaro","image":{"@type":"ImageObject","inLanguage":"pt-BR","@id":"https:\/\/www.suno.com.br\/noticias\/#\/schema\/person\/image\/","url":"https:\/\/secure.gravatar.com\/avatar\/743d4df28eebf6dcc46b4ad03c319e92?s=96&r=g","contentUrl":"https:\/\/secure.gravatar.com\/avatar\/743d4df28eebf6dcc46b4ad03c319e92?s=96&r=g","caption":"Juliano Passaro"},"description":"Juliano Passaro escreve sobre pol\u00edtica, economia e neg\u00f3cios para o portal da Suno Research. Antes da Suno, trabalhou no Portal da Band. \u00c9 formado em jornalismo pela Universidade Presbiteriana Mackenzie.","url":"https:\/\/www.suno.com.br\/noticias\/author\/juliano\/"}]}},"default_loop_html":"<div class=\"cardsPage__listCard__boxs\"><div class=\"cardsPage__listCard__boxs__img\"><a href=\"https:\/\/www.suno.com.br\/noticias\/oi-oibr3-prejuizo-tele-r-35-bi-2t20-aumento-104\/\"><img class=\"mask\" src=\"https:\/\/www.suno.com.br\/noticias\/wp-content\/themes\/suno\/resources\/images\/spotlight\/spotlight1img\/bg-mask.png\" alt=\"Image Mask\"\/><img src=\"https:\/\/files.sunoresearch.com.br\/n\/uploads\/2020\/08\/345598e4-oi-400x200.webp\" alt=\"Oi (OIBR3): Preju\u00edzo da tele \u00e9 de R$ 3,5 bi no 2T20; aumento de 104%\"\/><\/a><span class=\"spotlightCategory\"><a href=\"https:\/\/www.suno.com.br\/noticias\/negocios\/\">Neg\u00f3cios<\/a><\/span><\/div><div class=\"cardsPage__listCard__boxs__content\"><a href=\"https:\/\/www.suno.com.br\/noticias\/oi-oibr3-prejuizo-tele-r-35-bi-2t20-aumento-104\/\"><h2 class=\"content__title\">Oi (OIBR3): Preju\u00edzo da tele \u00e9 de R$ 3,5 bi no 2T20; aumento de 104%<\/h2><\/a><div class=\"newsContent__article__meta\"><div class=\"newsContent__article__meta__authorBox\"><a href=\"https:\/\/www.suno.com.br\/noticias\/author\/juliano\/\" class=\"authorBox__avatar noMobi\"><img src=\"https:\/\/files.sunoresearch.com.br\/n\/uploads\/2019\/06\/7cc3efea-whatsapp-image-2019-07-18-at-21.59.33-e1563499821209-150x150.webp\" alt=\"Juliano Passaro\"><\/a><div class=\"authorBox__name\"><span>por\n\t\t\t<a href=\"https:\/\/www.suno.com.br\/noticias\/author\/juliano\/\"><span itemprop=\"author\">Juliano Passaro<\/span><\/a><\/span><time datetime=\"2020-08-14T07:04:19-03:00\" itemprop=\"datePublished\">14\/08\/2020 07:04<\/time><\/div><\/div><\/div><\/div><\/div>","single_layout":"posts","amp_enabled":true,"_links":{"self":[{"href":"https:\/\/www.suno.com.br\/noticias\/wp-json\/wp\/v2\/posts\/78322"}],"collection":[{"href":"https:\/\/www.suno.com.br\/noticias\/wp-json\/wp\/v2\/posts"}],"about":[{"href":"https:\/\/www.suno.com.br\/noticias\/wp-json\/wp\/v2\/types\/post"}],"author":[{"embeddable":true,"href":"https:\/\/www.suno.com.br\/noticias\/wp-json\/wp\/v2\/users\/19"}],"replies":[{"embeddable":true,"href":"https:\/\/www.suno.com.br\/noticias\/wp-json\/wp\/v2\/comments?post=78322"}],"version-history":[{"count":0,"href":"https:\/\/www.suno.com.br\/noticias\/wp-json\/wp\/v2\/posts\/78322\/revisions"}],"wp:featuredmedia":[{"embeddable":true,"href":"https:\/\/www.suno.com.br\/noticias\/wp-json\/wp\/v2\/media\/77251"}],"wp:attachment":[{"href":"https:\/\/www.suno.com.br\/noticias\/wp-json\/wp\/v2\/media?parent=78322"}],"wp:term":[{"taxonomy":"category","embeddable":true,"href":"https:\/\/www.suno.com.br\/noticias\/wp-json\/wp\/v2\/categories?post=78322"},{"taxonomy":"post_tag","embeddable":true,"href":"https:\/\/www.suno.com.br\/noticias\/wp-json\/wp\/v2\/tags?post=78322"},{"taxonomy":"suno_strategy","embeddable":true,"href":"https:\/\/www.suno.com.br\/noticias\/wp-json\/wp\/v2\/suno_strategy?post=78322"}],"curies":[{"name":"wp","href":"https:\/\/api.w.org\/{rel}","templated":true}]}}