{"id":78306,"date":"2020-08-13T21:36:26","date_gmt":"2020-08-14T00:36:26","guid":{"rendered":"https:\/\/www.suno.com.br\/noticias\/?p=78306"},"modified":"2020-08-13T21:45:38","modified_gmt":"2020-08-14T00:45:38","slug":"bolsonaro-abraca-furar-teto-gastos-pede-patriotismo","status":"publish","type":"post","link":"https:\/\/www.suno.com.br\/noticias\/bolsonaro-abraca-furar-teto-gastos-pede-patriotismo\/","title":{"rendered":"Bolsonaro abra\u00e7a ideia de furar teto de gastos e pede &#8216;patriotismo&#8217;"},"content":{"rendered":"<p>O presidente da Rep\u00fablica, <strong>Jair Bolsonaro<\/strong>, declarou nesta na noite desta quinta-feira (13) que o Brasil pode furar teto de gastos p\u00fablicos em casos de emerg\u00eancia, tal como na pandemia de covid-19.<\/p>\t<div class=\"wrapper-featured-image\">\n\t\t<figure class=\"spotlightImg\">\n\n\t\t\t<picture>\n\t\t\t\t<source media=\"(max-width: 768px)\" srcset=\"https:\/\/files.sunoresearch.com.br\/n\/uploads\/2020\/08\/95e1073e-bolsonaro_jair-400x200.webp\">\n\t\t\t\t<img loading=\"lazy\" decoding=\"async\" class=\"newsContent__article__imgCapa lazyloadDisabled \" src=\"https:\/\/files.sunoresearch.com.br\/n\/uploads\/2020\/08\/95e1073e-bolsonaro_jair-800x450.webp\" width=\"800\" height=\"450\" alt=\"Bolsonaro abra\u00e7a ideia de furar teto de gastos e pede &#8216;patriotismo&#8217;\" fetchpriority=high \/>\n\t\t\t<\/picture>\n\n\t\t\t<figcaption class=\"wp-caption-text wp-caption-text--show\">&quot;Mercado tem que dar um tempinho&quot;, afirmou Bolsonaro<\/figcaption>\n\t\t<\/figure>\n\t<\/div>\n\n\n<div class=\"hubspot-form-wrapper\">\n\t<div id=\"single-form-target\"><\/div>\n<\/div>\n\n<p>A fala do mandat\u00e1rio, durante live nas redes sociais, acontece apenas um dia depois do pr\u00f3prio defender em sua conta oficial o comprometimento com a disciplina e <a href=\"https:\/\/www.suno.com.br\/artigos\/lrf-lei-responsabilidade-fiscal\/\">responsabilidade fiscal<\/a>. Bolsonaro ainda pediu a compreens\u00e3o do mercado e &#8220;patriotismo&#8221; no caso de estourar o teto de gastos.<\/p>\n<p>&#8220;A ideia de furar teto existe, o pessoal debate. Qual \u00e9 o problema? Na pandemia, temos a PEC de Guerra. &#8216;Presidente, n\u00f3s j\u00e1 furamos o teto em mais ou menos R$ 700 bilh\u00f5es, d\u00e1 para furar mais R$ 20 bilh\u00f5es?&#8217; Qual a justificativa? Se for para [enfrentar o] v\u00edrus, n\u00e3o tem problema nenhum&#8221;, comunicou o presidente.<\/p>\n<p><a href=\"https:\/\/lp.suno.com.br\/suno-one\/\">Suno One: acesse gratuitamente eBooks, Minicursos, Artigos e Video Aulas sobre investimentos com um \u00fanico cadastro. Clique para saber mais!<\/a><\/p>\n<p>&#8220;J\u00e1 gastamos R$ 700 bilh\u00f5es, vamos gastar mais R$ 20 bilh\u00f5es ou n\u00e3o? O [ministro da Economia] <a href=\"https:\/\/www.suno.com.br\/tudo-sobre\/paulo-guedes\/\">Paulo Guedes<\/a> fala: &#8216;est\u00e1 sinalizando para a economia, para o mercado, que est\u00e1 furando o teto, dando um jeitinho&#8217;. Outro l\u00e1 na ponta, de outro Poder, fala: &#8216;n\u00e3o vou aceitar jeitinho&#8217;. Ao inv\u00e9s de telefonar, conversar, ver o que est\u00e1 acontecendo&#8221;, acrescentou Bolsonaro.<\/p>\n<p>O teto de gastos \u00e9 uma determina\u00e7\u00e3o prevista na Constitui\u00e7\u00e3o Federal para impedir que despesas de or\u00e7amento e gastos estrondosos do governo brasileiro n\u00e3o escalem em ritmo <a href=\"https:\/\/www.suno.com.br\/artigos\/inflacao\/\">superior ao da infla\u00e7\u00e3o<\/a>.<\/p>\n<h2>Bolsonaro diz que mercado deve dar um tempinho<\/h2>\n<p>O presidente brasileiro ainda pediu um tempinho e uma dose de patriotismo ao mercado. &#8220;Tem que dar um tempinho tamb\u00e9m. Um pouquinho de patriotismo n\u00e3o faz mal a eles&#8221;, afirmou.<\/p>\n<p>O mandat\u00e1rio tamb\u00e9m insinuou que certas informa\u00e7\u00f5es estariam sendo vazadas por pessoas com interesses. &#8220;Se bem que tem gente que vaza e tem neg\u00f3cios. A gente manda investigar muitas vezes aqui, aciona a <a href=\"https:\/\/www.suno.com.br\/artigos\/cvm\/\">CVM [Comiss\u00e3o de Valores Mobili\u00e1rios]<\/a>, para ver se esse vazamento publicado em tal local da imprensa foi fake news, uma mentira para mexer no mercado e algu\u00e9m ganhar dinheiro&#8221;, afirmou.<\/p>\n<p>Nesse sentido, o presidente criticou o &#8220;cobertor curto&#8221; em alguns setores da economia, justificando o comprometimento para suprir outras \u00e1reas frente \u00e0 crise da covid-19. &#8220;Em torno de 95% do or\u00e7amento \u00e9 comprometido, e a briga, no bom sentido, \u00e9 salutar. Existe e n\u00f3s vamos ter problema. A previs\u00e3o para arrecadar ano que vem vai cair&#8221;, avaliou Bolsonaro.<\/p>\n\t<div data-element=\"shortcode-read-more\" class=\"knowMore\">\n\t\t\t\t<span class=\"knowMore__title\">Veja tamb\u00e9m<\/span>\n\t\t\t\t<a class=\"knowMore__link\" href=\"https:\/\/www.suno.com.br\/noticias\/bolsonaro-promulga-acordo-livre-comercio-automotivo-paraguai\/\">\n\t\t\tBolsonaro promulga acordo de livre com\u00e9rcio automotivo com o Paraguai\t\t<\/a>\n\t<\/div>\n\n\n<p>O presidente da C\u00e2mara dos Deputados, Rodrigo Maia (DEM-RJ), salientou, h\u00e1 dois dias, que n\u00e3o aceitaria &#8220;jeitinho&#8221; para furar o teto de gastos. Durante a transmiss\u00e3o, <strong>Bolsonaro<\/strong> n\u00e3o mencionou nomes de nenhum representante dos outros Poderes.<\/p>\n\t<p>\n\t\t<a href=\"https:\/\/lp.suno.com.br\/planilha-de-controle-de-investimentos\/\" target=\"_blank\" data-element=\"shortcode-suno-banner\" title=\"Banner SUNO, clique e saiba mais\">\n\t\t\t<picture>\n\t\t\t\t<source media=\"(max-width: 500px)\" srcset=\"https:\/\/files.sunoresearch.com.br\/n\/uploads\/2023\/03\/400x300-Controle-de-Investimentos.png\">\n\t\t\t\t<img class=\"newsContent__article__imgCapa newsContent__article__imgCapa--banner\"\n\t\t\t\t\tsrc=\"https:\/\/files.sunoresearch.com.br\/n\/uploads\/2023\/03\/1420x240-Controle-de-Investimentos.png\"\n\t\t\t\t\tdata-promo-id=\"75934\"\t\t\t\t\t\t\t\t\t\twidth='1420' height='240'\t\t\t\t\talt=\"https:\/\/files.sunoresearch.com.br\/n\/uploads\/2023\/03\/1420x240-Controle-de-Investimentos.png\"\n\t\t\t\t>\n\t\t\t<\/picture>\n\t\t<\/a>\n\t<\/p>\n\n\n","protected":false},"excerpt":{"rendered":"<p>O presidente da Rep\u00fablica, Jair Bolsonaro, declarou nesta na noite desta quinta-feira (13) que o Brasil pode furar teto de gastos p\u00fablicos em casos de emerg\u00eancia, tal como na pandemia de covid-19. &quot;Mercado tem que dar um tempinho&quot;, afirmou Bolsonaro A fala do mandat\u00e1rio, durante live nas redes sociais, acontece apenas um dia depois do [&hellip;]<\/p>\n","protected":false},"author":35,"featured_media":78315,"comment_status":"closed","ping_status":"closed","sticky":false,"template":"","format":"standard","meta":[],"categories":[62],"tags":[719,83329],"suno_strategy":[],"class_list":["post-78306","post","type-post","status-publish","format-standard","has-post-thumbnail","hentry","category-economia","tag-jair-bolsonaro","tag-teto-de-gastos"],"yoast_head":"<!-- This site is optimized with the Yoast SEO plugin v24.4 - https:\/\/yoast.com\/wordpress\/plugins\/seo\/ -->\n<title>Bolsonaro abra\u00e7a ideia de furar teto de gastos e pede &#039;patriotismo&#039;<\/title>\n<meta name=\"description\" content=\"O presidente Jair Bolsonaro afirmou Brasil pode furar tato de gastos p\u00fablicos em casos de emerg\u00eancia. Clique para saber mais\" \/>\n<meta name=\"robots\" content=\"index, follow, max-snippet:-1, max-image-preview:large, max-video-preview:-1\" \/>\n<link rel=\"canonical\" href=\"https:\/\/www.suno.com.br\/noticias\/bolsonaro-abraca-furar-teto-gastos-pede-patriotismo\/\" \/>\n<meta property=\"og:locale\" content=\"pt_BR\" \/>\n<meta property=\"og:type\" content=\"article\" \/>\n<meta property=\"og:title\" content=\"Bolsonaro abra\u00e7a ideia de furar teto de gastos e pede &#039;patriotismo&#039;\" \/>\n<meta property=\"og:description\" content=\"O presidente Jair Bolsonaro afirmou Brasil pode furar tato de gastos p\u00fablicos em casos de emerg\u00eancia. Clique para saber mais\" \/>\n<meta property=\"og:url\" content=\"https:\/\/www.suno.com.br\/noticias\/bolsonaro-abraca-furar-teto-gastos-pede-patriotismo\/\" \/>\n<meta property=\"og:site_name\" content=\"Suno Not\u00edcias\" \/>\n<meta property=\"article:publisher\" content=\"https:\/\/facebook.com\/sunoresearch\" \/>\n<meta property=\"og:image\" content=\"https:\/\/files.sunoresearch.com.br\/n\/uploads\/2020\/08\/95e1073e-bolsonaro_jair.jpg\" \/>\n\t<meta property=\"og:image:width\" content=\"1024\" \/>\n\t<meta property=\"og:image:height\" content=\"683\" \/>\n\t<meta property=\"og:image:type\" content=\"image\/jpeg\" \/>\n<meta name=\"author\" content=\"Arthur Guimar\u00e3es\" \/>\n<meta name=\"twitter:card\" content=\"summary_large_image\" \/>\n<meta name=\"twitter:creator\" content=\"@sunoresearch\" \/>\n<meta name=\"twitter:site\" content=\"@sunoresearch\" \/>\n<meta name=\"twitter:label1\" content=\"Escrito por\" \/>\n\t<meta name=\"twitter:data1\" content=\"Arthur Guimar\u00e3es\" \/>\n\t<meta name=\"twitter:label2\" content=\"Est. tempo de leitura\" \/>\n\t<meta name=\"twitter:data2\" content=\"2 minutos\" \/>\n<script type=\"application\/ld+json\" class=\"yoast-schema-graph\">{\"@context\":\"https:\/\/schema.org\",\"@graph\":[{\"@type\":\"NewsArticle\",\"@id\":\"https:\/\/www.suno.com.br\/noticias\/bolsonaro-abraca-furar-teto-gastos-pede-patriotismo\/#article\",\"isPartOf\":{\"@id\":\"https:\/\/www.suno.com.br\/noticias\/bolsonaro-abraca-furar-teto-gastos-pede-patriotismo\/\"},\"author\":{\"name\":\"Arthur Guimar\u00e3es\",\"@id\":\"https:\/\/www.suno.com.br\/noticias\/#\/schema\/person\/053a750a709a263919a20f976caae91c\"},\"headline\":\"Bolsonaro abra\u00e7a ideia de furar teto de gastos e pede &#8216;patriotismo&#8217;\",\"datePublished\":\"2020-08-14T00:36:26+00:00\",\"dateModified\":\"2020-08-14T00:45:38+00:00\",\"mainEntityOfPage\":{\"@id\":\"https:\/\/www.suno.com.br\/noticias\/bolsonaro-abraca-furar-teto-gastos-pede-patriotismo\/\"},\"wordCount\":502,\"publisher\":{\"@id\":\"https:\/\/www.suno.com.br\/noticias\/#organization\"},\"image\":{\"@id\":\"https:\/\/www.suno.com.br\/noticias\/bolsonaro-abraca-furar-teto-gastos-pede-patriotismo\/#primaryimage\"},\"thumbnailUrl\":\"https:\/\/files.sunoresearch.com.br\/n\/uploads\/2020\/08\/95e1073e-bolsonaro_jair-jpg.webp\",\"keywords\":[\"Jair Bolsonaro\",\"teto de gastos\"],\"articleSection\":[\"Economia\"],\"inLanguage\":\"pt-BR\"},{\"@type\":\"WebPage\",\"@id\":\"https:\/\/www.suno.com.br\/noticias\/bolsonaro-abraca-furar-teto-gastos-pede-patriotismo\/\",\"url\":\"https:\/\/www.suno.com.br\/noticias\/bolsonaro-abraca-furar-teto-gastos-pede-patriotismo\/\",\"name\":\"Bolsonaro abra\u00e7a ideia de furar teto de gastos e pede 'patriotismo'\",\"isPartOf\":{\"@id\":\"https:\/\/www.suno.com.br\/noticias\/#website\"},\"primaryImageOfPage\":{\"@id\":\"https:\/\/www.suno.com.br\/noticias\/bolsonaro-abraca-furar-teto-gastos-pede-patriotismo\/#primaryimage\"},\"image\":{\"@id\":\"https:\/\/www.suno.com.br\/noticias\/bolsonaro-abraca-furar-teto-gastos-pede-patriotismo\/#primaryimage\"},\"thumbnailUrl\":\"https:\/\/files.sunoresearch.com.br\/n\/uploads\/2020\/08\/95e1073e-bolsonaro_jair-jpg.webp\",\"datePublished\":\"2020-08-14T00:36:26+00:00\",\"dateModified\":\"2020-08-14T00:45:38+00:00\",\"description\":\"O presidente Jair Bolsonaro afirmou Brasil pode furar tato de gastos p\u00fablicos em casos de emerg\u00eancia. Clique para saber mais\",\"breadcrumb\":{\"@id\":\"https:\/\/www.suno.com.br\/noticias\/bolsonaro-abraca-furar-teto-gastos-pede-patriotismo\/#breadcrumb\"},\"inLanguage\":\"pt-BR\",\"potentialAction\":[{\"@type\":\"ReadAction\",\"target\":[\"https:\/\/www.suno.com.br\/noticias\/bolsonaro-abraca-furar-teto-gastos-pede-patriotismo\/\"]}]},{\"@type\":\"ImageObject\",\"inLanguage\":\"pt-BR\",\"@id\":\"https:\/\/www.suno.com.br\/noticias\/bolsonaro-abraca-furar-teto-gastos-pede-patriotismo\/#primaryimage\",\"url\":\"https:\/\/files.sunoresearch.com.br\/n\/uploads\/2020\/08\/95e1073e-bolsonaro_jair-jpg.webp\",\"contentUrl\":\"https:\/\/files.sunoresearch.com.br\/n\/uploads\/2020\/08\/95e1073e-bolsonaro_jair-jpg.webp\",\"width\":1024,\"height\":683,\"caption\":\"\\\"Mercado tem que dar um tempinho\\\", afirmou Bolsonaro\"},{\"@type\":\"BreadcrumbList\",\"@id\":\"https:\/\/www.suno.com.br\/noticias\/bolsonaro-abraca-furar-teto-gastos-pede-patriotismo\/#breadcrumb\",\"itemListElement\":[{\"@type\":\"ListItem\",\"position\":1,\"name\":\"Not\u00edcias\",\"item\":\"https:\/\/www.suno.com.br\/noticias\/\"},{\"@type\":\"ListItem\",\"position\":2,\"name\":\"Economia\",\"item\":\"https:\/\/www.suno.com.br\/noticias\/economia\/\"},{\"@type\":\"ListItem\",\"position\":3,\"name\":\"Bolsonaro abra\u00e7a ideia de furar teto de gastos e pede &#8216;patriotismo&#8217;\"}]},{\"@type\":\"WebSite\",\"@id\":\"https:\/\/www.suno.com.br\/noticias\/#website\",\"url\":\"https:\/\/www.suno.com.br\/noticias\/\",\"name\":\"Suno Not\u00edcias\",\"description\":\"Seu portal de informa\u00e7\u00e3o sobre o mundo dos investimentos\",\"publisher\":{\"@id\":\"https:\/\/www.suno.com.br\/noticias\/#organization\"},\"potentialAction\":[{\"@type\":\"SearchAction\",\"target\":{\"@type\":\"EntryPoint\",\"urlTemplate\":\"https:\/\/www.suno.com.br\/noticias\/?s={search_term_string}\"},\"query-input\":{\"@type\":\"PropertyValueSpecification\",\"valueRequired\":true,\"valueName\":\"search_term_string\"}}],\"inLanguage\":\"pt-BR\"},{\"@type\":\"Organization\",\"@id\":\"https:\/\/www.suno.com.br\/noticias\/#organization\",\"name\":\"Suno Not\u00edcias\",\"url\":\"https:\/\/www.suno.com.br\/noticias\/\",\"logo\":{\"@type\":\"ImageObject\",\"inLanguage\":\"pt-BR\",\"@id\":\"https:\/\/www.suno.com.br\/noticias\/#\/schema\/logo\/image\/\",\"url\":\"https:\/\/files.sunoresearch.com.br\/n\/uploads\/2021\/09\/suno-logo.png\",\"contentUrl\":\"https:\/\/files.sunoresearch.com.br\/n\/uploads\/2021\/09\/suno-logo.png\",\"width\":180,\"height\":180,\"caption\":\"Suno Not\u00edcias\"},\"image\":{\"@id\":\"https:\/\/www.suno.com.br\/noticias\/#\/schema\/logo\/image\/\"},\"sameAs\":[\"https:\/\/facebook.com\/sunoresearch\",\"https:\/\/x.com\/sunoresearch\",\"https:\/\/www.instagram.com\/suno\",\"https:\/\/www.linkedin.com\/company\/suno-research\/\",\"https:\/\/www.youtube.com\/c\/sunoresearch\"]},{\"@type\":\"Person\",\"@id\":\"https:\/\/www.suno.com.br\/noticias\/#\/schema\/person\/053a750a709a263919a20f976caae91c\",\"name\":\"Arthur Guimar\u00e3es\",\"image\":{\"@type\":\"ImageObject\",\"inLanguage\":\"pt-BR\",\"@id\":\"https:\/\/www.suno.com.br\/noticias\/#\/schema\/person\/image\/\",\"url\":\"https:\/\/secure.gravatar.com\/avatar\/1affd86a11209ae09eb6dd3bcad3e96c?s=96&r=g\",\"contentUrl\":\"https:\/\/secure.gravatar.com\/avatar\/1affd86a11209ae09eb6dd3bcad3e96c?s=96&r=g\",\"caption\":\"Arthur Guimar\u00e3es\"},\"description\":\"Arthur Guimar\u00e3es escreve sobre pol\u00edtica, economia e neg\u00f3cios para o portal de not\u00edcias da Suno Research. Atualmente, \u00e9 estudante de jornalismo pela Faculdade C\u00e1sper L\u00edbero.\",\"url\":\"https:\/\/www.suno.com.br\/noticias\/author\/arthur-guimaraes\/\"}]}<\/script>\n<!-- \/ Yoast SEO plugin. -->","yoast_head_json":{"title":"Bolsonaro abra\u00e7a ideia de furar teto de gastos e pede 'patriotismo'","description":"O presidente Jair Bolsonaro afirmou Brasil pode furar tato de gastos p\u00fablicos em casos de emerg\u00eancia. Clique para saber mais","robots":{"index":"index","follow":"follow","max-snippet":"max-snippet:-1","max-image-preview":"max-image-preview:large","max-video-preview":"max-video-preview:-1"},"canonical":"https:\/\/www.suno.com.br\/noticias\/bolsonaro-abraca-furar-teto-gastos-pede-patriotismo\/","og_locale":"pt_BR","og_type":"article","og_title":"Bolsonaro abra\u00e7a ideia de furar teto de gastos e pede 'patriotismo'","og_description":"O presidente Jair Bolsonaro afirmou Brasil pode furar tato de gastos p\u00fablicos em casos de emerg\u00eancia. Clique para saber mais","og_url":"https:\/\/www.suno.com.br\/noticias\/bolsonaro-abraca-furar-teto-gastos-pede-patriotismo\/","og_site_name":"Suno Not\u00edcias","article_publisher":"https:\/\/facebook.com\/sunoresearch","og_image":[{"width":1024,"height":683,"url":"https:\/\/files.sunoresearch.com.br\/n\/uploads\/2020\/08\/95e1073e-bolsonaro_jair.jpg","type":"image\/jpeg"}],"author":"Arthur Guimar\u00e3es","twitter_card":"summary_large_image","twitter_creator":"@sunoresearch","twitter_site":"@sunoresearch","twitter_misc":{"Escrito por":"Arthur Guimar\u00e3es","Est. tempo de leitura":"2 minutos"},"schema":{"@context":"https:\/\/schema.org","@graph":[{"@type":"NewsArticle","@id":"https:\/\/www.suno.com.br\/noticias\/bolsonaro-abraca-furar-teto-gastos-pede-patriotismo\/#article","isPartOf":{"@id":"https:\/\/www.suno.com.br\/noticias\/bolsonaro-abraca-furar-teto-gastos-pede-patriotismo\/"},"author":{"name":"Arthur Guimar\u00e3es","@id":"https:\/\/www.suno.com.br\/noticias\/#\/schema\/person\/053a750a709a263919a20f976caae91c"},"headline":"Bolsonaro abra\u00e7a ideia de furar teto de gastos e pede &#8216;patriotismo&#8217;","datePublished":"2020-08-14T00:36:26+00:00","dateModified":"2020-08-14T00:45:38+00:00","mainEntityOfPage":{"@id":"https:\/\/www.suno.com.br\/noticias\/bolsonaro-abraca-furar-teto-gastos-pede-patriotismo\/"},"wordCount":502,"publisher":{"@id":"https:\/\/www.suno.com.br\/noticias\/#organization"},"image":{"@id":"https:\/\/www.suno.com.br\/noticias\/bolsonaro-abraca-furar-teto-gastos-pede-patriotismo\/#primaryimage"},"thumbnailUrl":"https:\/\/files.sunoresearch.com.br\/n\/uploads\/2020\/08\/95e1073e-bolsonaro_jair-jpg.webp","keywords":["Jair Bolsonaro","teto de gastos"],"articleSection":["Economia"],"inLanguage":"pt-BR"},{"@type":"WebPage","@id":"https:\/\/www.suno.com.br\/noticias\/bolsonaro-abraca-furar-teto-gastos-pede-patriotismo\/","url":"https:\/\/www.suno.com.br\/noticias\/bolsonaro-abraca-furar-teto-gastos-pede-patriotismo\/","name":"Bolsonaro abra\u00e7a ideia de furar teto de gastos e pede 'patriotismo'","isPartOf":{"@id":"https:\/\/www.suno.com.br\/noticias\/#website"},"primaryImageOfPage":{"@id":"https:\/\/www.suno.com.br\/noticias\/bolsonaro-abraca-furar-teto-gastos-pede-patriotismo\/#primaryimage"},"image":{"@id":"https:\/\/www.suno.com.br\/noticias\/bolsonaro-abraca-furar-teto-gastos-pede-patriotismo\/#primaryimage"},"thumbnailUrl":"https:\/\/files.sunoresearch.com.br\/n\/uploads\/2020\/08\/95e1073e-bolsonaro_jair-jpg.webp","datePublished":"2020-08-14T00:36:26+00:00","dateModified":"2020-08-14T00:45:38+00:00","description":"O presidente Jair Bolsonaro afirmou Brasil pode furar tato de gastos p\u00fablicos em casos de emerg\u00eancia. Clique para saber mais","breadcrumb":{"@id":"https:\/\/www.suno.com.br\/noticias\/bolsonaro-abraca-furar-teto-gastos-pede-patriotismo\/#breadcrumb"},"inLanguage":"pt-BR","potentialAction":[{"@type":"ReadAction","target":["https:\/\/www.suno.com.br\/noticias\/bolsonaro-abraca-furar-teto-gastos-pede-patriotismo\/"]}]},{"@type":"ImageObject","inLanguage":"pt-BR","@id":"https:\/\/www.suno.com.br\/noticias\/bolsonaro-abraca-furar-teto-gastos-pede-patriotismo\/#primaryimage","url":"https:\/\/files.sunoresearch.com.br\/n\/uploads\/2020\/08\/95e1073e-bolsonaro_jair-jpg.webp","contentUrl":"https:\/\/files.sunoresearch.com.br\/n\/uploads\/2020\/08\/95e1073e-bolsonaro_jair-jpg.webp","width":1024,"height":683,"caption":"\"Mercado tem que dar um tempinho\", afirmou Bolsonaro"},{"@type":"BreadcrumbList","@id":"https:\/\/www.suno.com.br\/noticias\/bolsonaro-abraca-furar-teto-gastos-pede-patriotismo\/#breadcrumb","itemListElement":[{"@type":"ListItem","position":1,"name":"Not\u00edcias","item":"https:\/\/www.suno.com.br\/noticias\/"},{"@type":"ListItem","position":2,"name":"Economia","item":"https:\/\/www.suno.com.br\/noticias\/economia\/"},{"@type":"ListItem","position":3,"name":"Bolsonaro abra\u00e7a ideia de furar teto de gastos e pede &#8216;patriotismo&#8217;"}]},{"@type":"WebSite","@id":"https:\/\/www.suno.com.br\/noticias\/#website","url":"https:\/\/www.suno.com.br\/noticias\/","name":"Suno Not\u00edcias","description":"Seu portal de informa\u00e7\u00e3o sobre o mundo dos investimentos","publisher":{"@id":"https:\/\/www.suno.com.br\/noticias\/#organization"},"potentialAction":[{"@type":"SearchAction","target":{"@type":"EntryPoint","urlTemplate":"https:\/\/www.suno.com.br\/noticias\/?s={search_term_string}"},"query-input":{"@type":"PropertyValueSpecification","valueRequired":true,"valueName":"search_term_string"}}],"inLanguage":"pt-BR"},{"@type":"Organization","@id":"https:\/\/www.suno.com.br\/noticias\/#organization","name":"Suno Not\u00edcias","url":"https:\/\/www.suno.com.br\/noticias\/","logo":{"@type":"ImageObject","inLanguage":"pt-BR","@id":"https:\/\/www.suno.com.br\/noticias\/#\/schema\/logo\/image\/","url":"https:\/\/files.sunoresearch.com.br\/n\/uploads\/2021\/09\/suno-logo.png","contentUrl":"https:\/\/files.sunoresearch.com.br\/n\/uploads\/2021\/09\/suno-logo.png","width":180,"height":180,"caption":"Suno Not\u00edcias"},"image":{"@id":"https:\/\/www.suno.com.br\/noticias\/#\/schema\/logo\/image\/"},"sameAs":["https:\/\/facebook.com\/sunoresearch","https:\/\/x.com\/sunoresearch","https:\/\/www.instagram.com\/suno","https:\/\/www.linkedin.com\/company\/suno-research\/","https:\/\/www.youtube.com\/c\/sunoresearch"]},{"@type":"Person","@id":"https:\/\/www.suno.com.br\/noticias\/#\/schema\/person\/053a750a709a263919a20f976caae91c","name":"Arthur Guimar\u00e3es","image":{"@type":"ImageObject","inLanguage":"pt-BR","@id":"https:\/\/www.suno.com.br\/noticias\/#\/schema\/person\/image\/","url":"https:\/\/secure.gravatar.com\/avatar\/1affd86a11209ae09eb6dd3bcad3e96c?s=96&r=g","contentUrl":"https:\/\/secure.gravatar.com\/avatar\/1affd86a11209ae09eb6dd3bcad3e96c?s=96&r=g","caption":"Arthur Guimar\u00e3es"},"description":"Arthur Guimar\u00e3es escreve sobre pol\u00edtica, economia e neg\u00f3cios para o portal de not\u00edcias da Suno Research. Atualmente, \u00e9 estudante de jornalismo pela Faculdade C\u00e1sper L\u00edbero.","url":"https:\/\/www.suno.com.br\/noticias\/author\/arthur-guimaraes\/"}]}},"default_loop_html":"<div class=\"cardsPage__listCard__boxs\"><div class=\"cardsPage__listCard__boxs__img\"><a href=\"https:\/\/www.suno.com.br\/noticias\/bolsonaro-abraca-furar-teto-gastos-pede-patriotismo\/\"><img class=\"mask\" src=\"https:\/\/www.suno.com.br\/noticias\/wp-content\/themes\/suno\/resources\/images\/spotlight\/spotlight1img\/bg-mask.png\" alt=\"Image Mask\"\/><img src=\"https:\/\/files.sunoresearch.com.br\/n\/uploads\/2020\/08\/95e1073e-bolsonaro_jair-400x200.webp\" alt=\"Bolsonaro abra\u00e7a ideia de furar teto de gastos e pede &#8216;patriotismo&#8217;\"\/><\/a><span class=\"spotlightCategory\"><a href=\"https:\/\/www.suno.com.br\/noticias\/economia\/\">Economia<\/a><\/span><\/div><div class=\"cardsPage__listCard__boxs__content\"><a href=\"https:\/\/www.suno.com.br\/noticias\/bolsonaro-abraca-furar-teto-gastos-pede-patriotismo\/\"><h2 class=\"content__title\">Bolsonaro abra\u00e7a ideia de furar teto de gastos e pede &#8216;patriotismo&#8217;<\/h2><\/a><div class=\"newsContent__article__meta\"><div class=\"newsContent__article__meta__authorBox\"><a href=\"https:\/\/www.suno.com.br\/noticias\/author\/arthur-guimaraes\/\" class=\"authorBox__avatar noMobi\"><img src=\"https:\/\/files.sunoresearch.com.br\/n\/uploads\/2020\/02\/dfb40897-eu-150x150.webp\" alt=\"Arthur Guimar\u00e3es\"><\/a><div class=\"authorBox__name\"><span>por\n\t\t\t<a href=\"https:\/\/www.suno.com.br\/noticias\/author\/arthur-guimaraes\/\"><span itemprop=\"author\">Arthur Guimar\u00e3es<\/span><\/a><\/span><time datetime=\"2020-08-13T21:36:26-03:00\" itemprop=\"datePublished\">13\/08\/2020 21:36<\/time><\/div><\/div><\/div><\/div><\/div>","single_layout":"posts","amp_enabled":true,"_links":{"self":[{"href":"https:\/\/www.suno.com.br\/noticias\/wp-json\/wp\/v2\/posts\/78306"}],"collection":[{"href":"https:\/\/www.suno.com.br\/noticias\/wp-json\/wp\/v2\/posts"}],"about":[{"href":"https:\/\/www.suno.com.br\/noticias\/wp-json\/wp\/v2\/types\/post"}],"author":[{"embeddable":true,"href":"https:\/\/www.suno.com.br\/noticias\/wp-json\/wp\/v2\/users\/35"}],"replies":[{"embeddable":true,"href":"https:\/\/www.suno.com.br\/noticias\/wp-json\/wp\/v2\/comments?post=78306"}],"version-history":[{"count":0,"href":"https:\/\/www.suno.com.br\/noticias\/wp-json\/wp\/v2\/posts\/78306\/revisions"}],"wp:featuredmedia":[{"embeddable":true,"href":"https:\/\/www.suno.com.br\/noticias\/wp-json\/wp\/v2\/media\/78315"}],"wp:attachment":[{"href":"https:\/\/www.suno.com.br\/noticias\/wp-json\/wp\/v2\/media?parent=78306"}],"wp:term":[{"taxonomy":"category","embeddable":true,"href":"https:\/\/www.suno.com.br\/noticias\/wp-json\/wp\/v2\/categories?post=78306"},{"taxonomy":"post_tag","embeddable":true,"href":"https:\/\/www.suno.com.br\/noticias\/wp-json\/wp\/v2\/tags?post=78306"},{"taxonomy":"suno_strategy","embeddable":true,"href":"https:\/\/www.suno.com.br\/noticias\/wp-json\/wp\/v2\/suno_strategy?post=78306"}],"curies":[{"name":"wp","href":"https:\/\/api.w.org\/{rel}","templated":true}]}}