{"id":78180,"date":"2020-08-13T15:38:10","date_gmt":"2020-08-13T18:38:10","guid":{"rendered":"https:\/\/www.suno.com.br\/noticias\/?p=78180"},"modified":"2020-08-13T15:38:10","modified_gmt":"2020-08-13T18:38:10","slug":"cade-aprova-compra-grupo-sao-jose-hapvida-hapv3","status":"publish","type":"post","link":"https:\/\/www.suno.com.br\/noticias\/cade-aprova-compra-grupo-sao-jose-hapvida-hapv3\/","title":{"rendered":"Cade aprova compra do Grupo S\u00e3o Jos\u00e9 pela Hapvida (HAPV3)"},"content":{"rendered":"<p>A operadora de planos de sa\u00fade <a href=\"https:\/\/www.suno.com.br\/acoes\/hapv3\/\"><strong>Hapvida<\/strong> (HAPV3)<\/a> informou nessa quinta-feira (13) que a Superintend\u00eancia-Geral do <a href=\"https:\/\/www.suno.com.br\/artigos\/cade\/\">Conselho Administrativo de Defesa Econ\u00f4mica (Cade)<\/a> concordou com a compra do Grupo S\u00e3o Jos\u00e9.<\/p>\t<div class=\"wrapper-featured-image\">\n\t\t<figure class=\"spotlightImg\">\n\n\t\t\t<picture>\n\t\t\t\t<source media=\"(max-width: 768px)\" srcset=\"https:\/\/files.sunoresearch.com.br\/n\/uploads\/2019\/06\/88b4afc3-29570692_1770338736321211_6492773938567174737_n-e1560165712553-400x200.webp\">\n\t\t\t\t<img loading=\"lazy\" decoding=\"async\" class=\"newsContent__article__imgCapa lazyloadDisabled \" src=\"https:\/\/files.sunoresearch.com.br\/n\/uploads\/2019\/06\/88b4afc3-29570692_1770338736321211_6492773938567174737_n-e1560165712553-png.webp\" width=\"800\" height=\"450\" alt=\"Cade aprova compra do Grupo S\u00e3o Jos\u00e9 pela Hapvida (HAPV3)\" fetchpriority=high \/>\n\t\t\t<\/picture>\n\n\t\t\t<figcaption class=\"wp-caption-text wp-caption-text--show\">Hapvida (HAPV3) anuncia aquisi\u00e7\u00e3o<\/figcaption>\n\t\t<\/figure>\n\t<\/div>\n\n\n<div class=\"hubspot-form-wrapper\">\n\t<div id=\"single-form-target\"><\/div>\n<\/div>\n\n<p>Vale lembrar que h\u00e1 cerca de um m\u00eas a Hapvida havia anunciado atrav\u00e9s de <a href=\"https:\/\/www.suno.com.br\/artigos\/fato-relevante\/\">fato relevante<\/a> a celebra\u00e7\u00e3o de memorando vinculante de <a href=\"https:\/\/www.suno.com.br\/artigos\/fusoes-aquisicoes\/\">inten\u00e7\u00e3o de compra<\/a> de 85,71% do <strong>Grupo<\/strong> <strong>S\u00e3o<\/strong> <strong>Jos\u00e9<\/strong>. Al\u00e9m disso, o documento salientou que a aquisi\u00e7\u00e3o pode atingir 100% do capital da companhia do interior do estado de S\u00e3o Paulo, por cerca de R$ 320 milh\u00f5es.<\/p>\n<p>Na decis\u00e3o, a Superintend\u00eancia do <strong>Cade<\/strong> sinalizou que &#8220;a opera\u00e7\u00e3o n\u00e3o tem o cond\u00e3o de causar preju\u00edzos \u00e0 concorr\u00eancia nos mercados de atua\u00e7\u00e3o das partes no Brasil&#8221;.<\/p>\n<p><a href=\"https:\/\/lp.suno.com.br\/suno-one\/\">Suno One: acesse gratuitamente eBooks, Minicursos, Artigos e Video Aulas sobre investimentos com um \u00fanico cadastro. Clique para saber mais!<\/a><\/p>\n<p>Cabe ressaltar que as opera\u00e7\u00f5es do Grupo S\u00e3o Jos\u00e9 s\u00e3o em Jacare\u00ed e em S\u00e3o Jos\u00e9 dos Campos, no interior do estado de S\u00e3o Paulo.<\/p>\n<p>Entretanto, a maior operadora de planos de sa\u00fade do Norte e Nordeste brasileiro informou em seu fato relevante sobre a inten\u00e7\u00e3o de compra, que a conclus\u00e3o da transa\u00e7\u00e3o tamb\u00e9m estava condicionada \u00e0 aprova\u00e7\u00e3o pela Ag\u00eancia Nacional de Sa\u00fade Suplementar (ANS). Frente a isso, a ag\u00eancia ainda precisa analisar o neg\u00f3cio.<\/p>\n<h2>Hapvida antecipa pagamento de dividendos e JCP<\/h2>\n<p>A Hapvida informou em meados de julho que anteciparia o pagamento de <a href=\"https:\/\/www.suno.com.br\/artigos\/dividendos\/\">dividendos<\/a> e <a href=\"https:\/\/www.suno.com.br\/artigos\/entenda-o-jcp\/\">juros sobre capital pr\u00f3prio (JCP)<\/a>, referentes ao exerc\u00edcio social encerrado em 31 de dezembro de 2019.<\/p>\n<p>Os proventos que seriam pagos em 30 de dezembro de 2020, foram creditados aos acionistas em 24 de julho. Segundo a Companhia, foram pagos R$ 6,12 milh\u00f5es (equivalente a R$ 0,008242128 por a\u00e7\u00e3o) em dividendos, e R$ 111,52 milh\u00f5es (equivalente a R$ 0,150098603 por a\u00e7\u00f5es) em JCP.<\/p>\n\t<div data-element=\"shortcode-read-more\" class=\"knowMore\">\n\t\t\t\t<span class=\"knowMore__title\">Veja tamb\u00e9m<\/span>\n\t\t\t\t<a class=\"knowMore__link\" href=\"https:\/\/www.suno.com.br\/noticias\/hapvida-hapv3-anuncia-intencao-de-compra-do-grupo-sao-jose\/\">\n\t\t\tHapvida (HAPV3) anuncia inten\u00e7\u00e3o de compra do Grupo S\u00e3o Jos\u00e9\t\t<\/a>\n\t<\/div>\n\n\n<p>Os pagamentos correspondem a apenas uma parcela da distribui\u00e7\u00e3o j\u00e1 anunciada &#8212; os demais pagamentos permanecem previstos para 30 de dezembro. A medida foi autorizada pelo Conselho de Administra\u00e7\u00e3o da <strong>Hapvida<\/strong>.<\/p>\n\n","protected":false},"excerpt":{"rendered":"<p>A operadora de planos de sa\u00fade Hapvida (HAPV3) informou nessa quinta-feira (13) que a Superintend\u00eancia-Geral do Conselho Administrativo de Defesa Econ\u00f4mica (Cade) concordou com a compra do Grupo S\u00e3o Jos\u00e9. Hapvida (HAPV3) anuncia aquisi\u00e7\u00e3o Vale lembrar que h\u00e1 cerca de um m\u00eas a Hapvida havia anunciado atrav\u00e9s de fato relevante a celebra\u00e7\u00e3o de memorando vinculante [&hellip;]<\/p>\n","protected":false},"author":39,"featured_media":27719,"comment_status":"closed","ping_status":"closed","sticky":false,"template":"","format":"standard","meta":[],"categories":[64],"tags":[1208,851,497],"suno_strategy":[],"class_list":["post-78180","post","type-post","status-publish","format-standard","has-post-thumbnail","hentry","category-negocios","tag-ans","tag-cade","tag-hapvida-hapv3"],"yoast_head":"<!-- This site is optimized with the Yoast SEO plugin v24.4 - https:\/\/yoast.com\/wordpress\/plugins\/seo\/ -->\n<title>Cade aprova compra do Grupo S\u00e3o Jos\u00e9 pela Hapvida (HAPV3)<\/title>\n<meta name=\"description\" content=\"A Hapvida (HAPV3) informou que a Superintend\u00eancia-Geral do Cade aprovou a compra do Grupo S\u00e3o Jos\u00e9. Clique aqui para saber mais.\" \/>\n<meta name=\"robots\" content=\"index, follow, max-snippet:-1, max-image-preview:large, max-video-preview:-1\" \/>\n<link rel=\"canonical\" href=\"https:\/\/www.suno.com.br\/noticias\/cade-aprova-compra-grupo-sao-jose-hapvida-hapv3\/\" \/>\n<meta property=\"og:locale\" content=\"pt_BR\" \/>\n<meta property=\"og:type\" content=\"article\" \/>\n<meta property=\"og:title\" content=\"Cade aprova compra do Grupo S\u00e3o Jos\u00e9 pela Hapvida (HAPV3)\" \/>\n<meta property=\"og:description\" content=\"A Hapvida (HAPV3) informou que a Superintend\u00eancia-Geral do Cade aprovou a compra do Grupo S\u00e3o Jos\u00e9. Clique aqui para saber mais.\" \/>\n<meta property=\"og:url\" content=\"https:\/\/www.suno.com.br\/noticias\/cade-aprova-compra-grupo-sao-jose-hapvida-hapv3\/\" \/>\n<meta property=\"og:site_name\" content=\"Suno Not\u00edcias\" \/>\n<meta property=\"article:publisher\" content=\"https:\/\/facebook.com\/sunoresearch\" \/>\n<meta property=\"og:image\" content=\"https:\/\/files.sunoresearch.com.br\/n\/uploads\/2019\/06\/88b4afc3-29570692_1770338736321211_6492773938567174737_n-e1560165712553.png\" \/>\n\t<meta property=\"og:image:width\" content=\"583\" \/>\n\t<meta property=\"og:image:height\" content=\"432\" \/>\n\t<meta property=\"og:image:type\" content=\"image\/png\" \/>\n<meta name=\"author\" content=\"Laura Moutinho\" \/>\n<meta name=\"twitter:card\" content=\"summary_large_image\" \/>\n<meta name=\"twitter:creator\" content=\"@sunoresearch\" \/>\n<meta name=\"twitter:site\" content=\"@sunoresearch\" \/>\n<meta name=\"twitter:label1\" content=\"Escrito por\" \/>\n\t<meta name=\"twitter:data1\" content=\"Laura Moutinho\" \/>\n\t<meta name=\"twitter:label2\" content=\"Est. tempo de leitura\" \/>\n\t<meta name=\"twitter:data2\" content=\"2 minutos\" \/>\n<script type=\"application\/ld+json\" class=\"yoast-schema-graph\">{\"@context\":\"https:\/\/schema.org\",\"@graph\":[{\"@type\":\"NewsArticle\",\"@id\":\"https:\/\/www.suno.com.br\/noticias\/cade-aprova-compra-grupo-sao-jose-hapvida-hapv3\/#article\",\"isPartOf\":{\"@id\":\"https:\/\/www.suno.com.br\/noticias\/cade-aprova-compra-grupo-sao-jose-hapvida-hapv3\/\"},\"author\":{\"name\":\"Laura Moutinho\",\"@id\":\"https:\/\/www.suno.com.br\/noticias\/#\/schema\/person\/3df0d2808748b74496efe5dbeaef2c72\"},\"headline\":\"Cade aprova compra do Grupo S\u00e3o Jos\u00e9 pela Hapvida (HAPV3)\",\"datePublished\":\"2020-08-13T18:38:10+00:00\",\"mainEntityOfPage\":{\"@id\":\"https:\/\/www.suno.com.br\/noticias\/cade-aprova-compra-grupo-sao-jose-hapvida-hapv3\/\"},\"wordCount\":392,\"publisher\":{\"@id\":\"https:\/\/www.suno.com.br\/noticias\/#organization\"},\"image\":{\"@id\":\"https:\/\/www.suno.com.br\/noticias\/cade-aprova-compra-grupo-sao-jose-hapvida-hapv3\/#primaryimage\"},\"thumbnailUrl\":\"https:\/\/files.sunoresearch.com.br\/n\/uploads\/2019\/06\/88b4afc3-29570692_1770338736321211_6492773938567174737_n-e1560165712553-png.webp\",\"keywords\":[\"ANS\",\"CADE\",\"Hapvida (HAPV3)\"],\"articleSection\":[\"Neg\u00f3cios\"],\"inLanguage\":\"pt-BR\"},{\"@type\":\"WebPage\",\"@id\":\"https:\/\/www.suno.com.br\/noticias\/cade-aprova-compra-grupo-sao-jose-hapvida-hapv3\/\",\"url\":\"https:\/\/www.suno.com.br\/noticias\/cade-aprova-compra-grupo-sao-jose-hapvida-hapv3\/\",\"name\":\"Cade aprova compra do Grupo S\u00e3o Jos\u00e9 pela Hapvida (HAPV3)\",\"isPartOf\":{\"@id\":\"https:\/\/www.suno.com.br\/noticias\/#website\"},\"primaryImageOfPage\":{\"@id\":\"https:\/\/www.suno.com.br\/noticias\/cade-aprova-compra-grupo-sao-jose-hapvida-hapv3\/#primaryimage\"},\"image\":{\"@id\":\"https:\/\/www.suno.com.br\/noticias\/cade-aprova-compra-grupo-sao-jose-hapvida-hapv3\/#primaryimage\"},\"thumbnailUrl\":\"https:\/\/files.sunoresearch.com.br\/n\/uploads\/2019\/06\/88b4afc3-29570692_1770338736321211_6492773938567174737_n-e1560165712553-png.webp\",\"datePublished\":\"2020-08-13T18:38:10+00:00\",\"description\":\"A Hapvida (HAPV3) informou que a Superintend\u00eancia-Geral do Cade aprovou a compra do Grupo S\u00e3o Jos\u00e9. Clique aqui para saber mais.\",\"breadcrumb\":{\"@id\":\"https:\/\/www.suno.com.br\/noticias\/cade-aprova-compra-grupo-sao-jose-hapvida-hapv3\/#breadcrumb\"},\"inLanguage\":\"pt-BR\",\"potentialAction\":[{\"@type\":\"ReadAction\",\"target\":[\"https:\/\/www.suno.com.br\/noticias\/cade-aprova-compra-grupo-sao-jose-hapvida-hapv3\/\"]}]},{\"@type\":\"ImageObject\",\"inLanguage\":\"pt-BR\",\"@id\":\"https:\/\/www.suno.com.br\/noticias\/cade-aprova-compra-grupo-sao-jose-hapvida-hapv3\/#primaryimage\",\"url\":\"https:\/\/files.sunoresearch.com.br\/n\/uploads\/2019\/06\/88b4afc3-29570692_1770338736321211_6492773938567174737_n-e1560165712553-png.webp\",\"contentUrl\":\"https:\/\/files.sunoresearch.com.br\/n\/uploads\/2019\/06\/88b4afc3-29570692_1770338736321211_6492773938567174737_n-e1560165712553-png.webp\",\"width\":583,\"height\":432,\"caption\":\"Hapvida (HAPV3) anuncia aquisi\u00e7\u00e3o\"},{\"@type\":\"BreadcrumbList\",\"@id\":\"https:\/\/www.suno.com.br\/noticias\/cade-aprova-compra-grupo-sao-jose-hapvida-hapv3\/#breadcrumb\",\"itemListElement\":[{\"@type\":\"ListItem\",\"position\":1,\"name\":\"Not\u00edcias\",\"item\":\"https:\/\/www.suno.com.br\/noticias\/\"},{\"@type\":\"ListItem\",\"position\":2,\"name\":\"Neg\u00f3cios\",\"item\":\"https:\/\/www.suno.com.br\/noticias\/negocios\/\"},{\"@type\":\"ListItem\",\"position\":3,\"name\":\"Cade aprova compra do Grupo S\u00e3o Jos\u00e9 pela Hapvida (HAPV3)\"}]},{\"@type\":\"WebSite\",\"@id\":\"https:\/\/www.suno.com.br\/noticias\/#website\",\"url\":\"https:\/\/www.suno.com.br\/noticias\/\",\"name\":\"Suno Not\u00edcias\",\"description\":\"Seu portal de informa\u00e7\u00e3o sobre o mundo dos investimentos\",\"publisher\":{\"@id\":\"https:\/\/www.suno.com.br\/noticias\/#organization\"},\"potentialAction\":[{\"@type\":\"SearchAction\",\"target\":{\"@type\":\"EntryPoint\",\"urlTemplate\":\"https:\/\/www.suno.com.br\/noticias\/?s={search_term_string}\"},\"query-input\":{\"@type\":\"PropertyValueSpecification\",\"valueRequired\":true,\"valueName\":\"search_term_string\"}}],\"inLanguage\":\"pt-BR\"},{\"@type\":\"Organization\",\"@id\":\"https:\/\/www.suno.com.br\/noticias\/#organization\",\"name\":\"Suno Not\u00edcias\",\"url\":\"https:\/\/www.suno.com.br\/noticias\/\",\"logo\":{\"@type\":\"ImageObject\",\"inLanguage\":\"pt-BR\",\"@id\":\"https:\/\/www.suno.com.br\/noticias\/#\/schema\/logo\/image\/\",\"url\":\"https:\/\/files.sunoresearch.com.br\/n\/uploads\/2021\/09\/suno-logo.png\",\"contentUrl\":\"https:\/\/files.sunoresearch.com.br\/n\/uploads\/2021\/09\/suno-logo.png\",\"width\":180,\"height\":180,\"caption\":\"Suno Not\u00edcias\"},\"image\":{\"@id\":\"https:\/\/www.suno.com.br\/noticias\/#\/schema\/logo\/image\/\"},\"sameAs\":[\"https:\/\/facebook.com\/sunoresearch\",\"https:\/\/x.com\/sunoresearch\",\"https:\/\/www.instagram.com\/suno\",\"https:\/\/www.linkedin.com\/company\/suno-research\/\",\"https:\/\/www.youtube.com\/c\/sunoresearch\"]},{\"@type\":\"Person\",\"@id\":\"https:\/\/www.suno.com.br\/noticias\/#\/schema\/person\/3df0d2808748b74496efe5dbeaef2c72\",\"name\":\"Laura Moutinho\",\"image\":{\"@type\":\"ImageObject\",\"inLanguage\":\"pt-BR\",\"@id\":\"https:\/\/www.suno.com.br\/noticias\/#\/schema\/person\/image\/\",\"url\":\"https:\/\/secure.gravatar.com\/avatar\/7571c7c8ca3a6fca5e41384ece5557ff?s=96&r=g\",\"contentUrl\":\"https:\/\/secure.gravatar.com\/avatar\/7571c7c8ca3a6fca5e41384ece5557ff?s=96&r=g\",\"caption\":\"Laura Moutinho\"},\"description\":\"Estagi\u00e1ria na Suno Not\u00edcias, escreve not\u00edcias que afetam o mercado financeiro. Estuda administra\u00e7\u00e3o na Universidade Presbiteriana Mackenzie.\",\"url\":\"https:\/\/www.suno.com.br\/noticias\/author\/laura-moutinho\/\"}]}<\/script>\n<!-- \/ Yoast SEO plugin. -->","yoast_head_json":{"title":"Cade aprova compra do Grupo S\u00e3o Jos\u00e9 pela Hapvida (HAPV3)","description":"A Hapvida (HAPV3) informou que a Superintend\u00eancia-Geral do Cade aprovou a compra do Grupo S\u00e3o Jos\u00e9. Clique aqui para saber mais.","robots":{"index":"index","follow":"follow","max-snippet":"max-snippet:-1","max-image-preview":"max-image-preview:large","max-video-preview":"max-video-preview:-1"},"canonical":"https:\/\/www.suno.com.br\/noticias\/cade-aprova-compra-grupo-sao-jose-hapvida-hapv3\/","og_locale":"pt_BR","og_type":"article","og_title":"Cade aprova compra do Grupo S\u00e3o Jos\u00e9 pela Hapvida (HAPV3)","og_description":"A Hapvida (HAPV3) informou que a Superintend\u00eancia-Geral do Cade aprovou a compra do Grupo S\u00e3o Jos\u00e9. Clique aqui para saber mais.","og_url":"https:\/\/www.suno.com.br\/noticias\/cade-aprova-compra-grupo-sao-jose-hapvida-hapv3\/","og_site_name":"Suno Not\u00edcias","article_publisher":"https:\/\/facebook.com\/sunoresearch","og_image":[{"width":583,"height":432,"url":"https:\/\/files.sunoresearch.com.br\/n\/uploads\/2019\/06\/88b4afc3-29570692_1770338736321211_6492773938567174737_n-e1560165712553.png","type":"image\/png"}],"author":"Laura Moutinho","twitter_card":"summary_large_image","twitter_creator":"@sunoresearch","twitter_site":"@sunoresearch","twitter_misc":{"Escrito por":"Laura Moutinho","Est. tempo de leitura":"2 minutos"},"schema":{"@context":"https:\/\/schema.org","@graph":[{"@type":"NewsArticle","@id":"https:\/\/www.suno.com.br\/noticias\/cade-aprova-compra-grupo-sao-jose-hapvida-hapv3\/#article","isPartOf":{"@id":"https:\/\/www.suno.com.br\/noticias\/cade-aprova-compra-grupo-sao-jose-hapvida-hapv3\/"},"author":{"name":"Laura Moutinho","@id":"https:\/\/www.suno.com.br\/noticias\/#\/schema\/person\/3df0d2808748b74496efe5dbeaef2c72"},"headline":"Cade aprova compra do Grupo S\u00e3o Jos\u00e9 pela Hapvida (HAPV3)","datePublished":"2020-08-13T18:38:10+00:00","mainEntityOfPage":{"@id":"https:\/\/www.suno.com.br\/noticias\/cade-aprova-compra-grupo-sao-jose-hapvida-hapv3\/"},"wordCount":392,"publisher":{"@id":"https:\/\/www.suno.com.br\/noticias\/#organization"},"image":{"@id":"https:\/\/www.suno.com.br\/noticias\/cade-aprova-compra-grupo-sao-jose-hapvida-hapv3\/#primaryimage"},"thumbnailUrl":"https:\/\/files.sunoresearch.com.br\/n\/uploads\/2019\/06\/88b4afc3-29570692_1770338736321211_6492773938567174737_n-e1560165712553-png.webp","keywords":["ANS","CADE","Hapvida (HAPV3)"],"articleSection":["Neg\u00f3cios"],"inLanguage":"pt-BR"},{"@type":"WebPage","@id":"https:\/\/www.suno.com.br\/noticias\/cade-aprova-compra-grupo-sao-jose-hapvida-hapv3\/","url":"https:\/\/www.suno.com.br\/noticias\/cade-aprova-compra-grupo-sao-jose-hapvida-hapv3\/","name":"Cade aprova compra do Grupo S\u00e3o Jos\u00e9 pela Hapvida (HAPV3)","isPartOf":{"@id":"https:\/\/www.suno.com.br\/noticias\/#website"},"primaryImageOfPage":{"@id":"https:\/\/www.suno.com.br\/noticias\/cade-aprova-compra-grupo-sao-jose-hapvida-hapv3\/#primaryimage"},"image":{"@id":"https:\/\/www.suno.com.br\/noticias\/cade-aprova-compra-grupo-sao-jose-hapvida-hapv3\/#primaryimage"},"thumbnailUrl":"https:\/\/files.sunoresearch.com.br\/n\/uploads\/2019\/06\/88b4afc3-29570692_1770338736321211_6492773938567174737_n-e1560165712553-png.webp","datePublished":"2020-08-13T18:38:10+00:00","description":"A Hapvida (HAPV3) informou que a Superintend\u00eancia-Geral do Cade aprovou a compra do Grupo S\u00e3o Jos\u00e9. Clique aqui para saber mais.","breadcrumb":{"@id":"https:\/\/www.suno.com.br\/noticias\/cade-aprova-compra-grupo-sao-jose-hapvida-hapv3\/#breadcrumb"},"inLanguage":"pt-BR","potentialAction":[{"@type":"ReadAction","target":["https:\/\/www.suno.com.br\/noticias\/cade-aprova-compra-grupo-sao-jose-hapvida-hapv3\/"]}]},{"@type":"ImageObject","inLanguage":"pt-BR","@id":"https:\/\/www.suno.com.br\/noticias\/cade-aprova-compra-grupo-sao-jose-hapvida-hapv3\/#primaryimage","url":"https:\/\/files.sunoresearch.com.br\/n\/uploads\/2019\/06\/88b4afc3-29570692_1770338736321211_6492773938567174737_n-e1560165712553-png.webp","contentUrl":"https:\/\/files.sunoresearch.com.br\/n\/uploads\/2019\/06\/88b4afc3-29570692_1770338736321211_6492773938567174737_n-e1560165712553-png.webp","width":583,"height":432,"caption":"Hapvida (HAPV3) anuncia aquisi\u00e7\u00e3o"},{"@type":"BreadcrumbList","@id":"https:\/\/www.suno.com.br\/noticias\/cade-aprova-compra-grupo-sao-jose-hapvida-hapv3\/#breadcrumb","itemListElement":[{"@type":"ListItem","position":1,"name":"Not\u00edcias","item":"https:\/\/www.suno.com.br\/noticias\/"},{"@type":"ListItem","position":2,"name":"Neg\u00f3cios","item":"https:\/\/www.suno.com.br\/noticias\/negocios\/"},{"@type":"ListItem","position":3,"name":"Cade aprova compra do Grupo S\u00e3o Jos\u00e9 pela Hapvida (HAPV3)"}]},{"@type":"WebSite","@id":"https:\/\/www.suno.com.br\/noticias\/#website","url":"https:\/\/www.suno.com.br\/noticias\/","name":"Suno Not\u00edcias","description":"Seu portal de informa\u00e7\u00e3o sobre o mundo dos investimentos","publisher":{"@id":"https:\/\/www.suno.com.br\/noticias\/#organization"},"potentialAction":[{"@type":"SearchAction","target":{"@type":"EntryPoint","urlTemplate":"https:\/\/www.suno.com.br\/noticias\/?s={search_term_string}"},"query-input":{"@type":"PropertyValueSpecification","valueRequired":true,"valueName":"search_term_string"}}],"inLanguage":"pt-BR"},{"@type":"Organization","@id":"https:\/\/www.suno.com.br\/noticias\/#organization","name":"Suno Not\u00edcias","url":"https:\/\/www.suno.com.br\/noticias\/","logo":{"@type":"ImageObject","inLanguage":"pt-BR","@id":"https:\/\/www.suno.com.br\/noticias\/#\/schema\/logo\/image\/","url":"https:\/\/files.sunoresearch.com.br\/n\/uploads\/2021\/09\/suno-logo.png","contentUrl":"https:\/\/files.sunoresearch.com.br\/n\/uploads\/2021\/09\/suno-logo.png","width":180,"height":180,"caption":"Suno Not\u00edcias"},"image":{"@id":"https:\/\/www.suno.com.br\/noticias\/#\/schema\/logo\/image\/"},"sameAs":["https:\/\/facebook.com\/sunoresearch","https:\/\/x.com\/sunoresearch","https:\/\/www.instagram.com\/suno","https:\/\/www.linkedin.com\/company\/suno-research\/","https:\/\/www.youtube.com\/c\/sunoresearch"]},{"@type":"Person","@id":"https:\/\/www.suno.com.br\/noticias\/#\/schema\/person\/3df0d2808748b74496efe5dbeaef2c72","name":"Laura Moutinho","image":{"@type":"ImageObject","inLanguage":"pt-BR","@id":"https:\/\/www.suno.com.br\/noticias\/#\/schema\/person\/image\/","url":"https:\/\/secure.gravatar.com\/avatar\/7571c7c8ca3a6fca5e41384ece5557ff?s=96&r=g","contentUrl":"https:\/\/secure.gravatar.com\/avatar\/7571c7c8ca3a6fca5e41384ece5557ff?s=96&r=g","caption":"Laura Moutinho"},"description":"Estagi\u00e1ria na Suno Not\u00edcias, escreve not\u00edcias que afetam o mercado financeiro. Estuda administra\u00e7\u00e3o na Universidade Presbiteriana Mackenzie.","url":"https:\/\/www.suno.com.br\/noticias\/author\/laura-moutinho\/"}]}},"default_loop_html":"<div class=\"cardsPage__listCard__boxs\"><div class=\"cardsPage__listCard__boxs__img\"><a href=\"https:\/\/www.suno.com.br\/noticias\/cade-aprova-compra-grupo-sao-jose-hapvida-hapv3\/\"><img class=\"mask\" src=\"https:\/\/www.suno.com.br\/noticias\/wp-content\/themes\/suno\/resources\/images\/spotlight\/spotlight1img\/bg-mask.png\" alt=\"Image Mask\"\/><img src=\"https:\/\/files.sunoresearch.com.br\/n\/uploads\/2019\/06\/88b4afc3-29570692_1770338736321211_6492773938567174737_n-e1560165712553-400x200.webp\" alt=\"Cade aprova compra do Grupo S\u00e3o Jos\u00e9 pela Hapvida (HAPV3)\"\/><\/a><span class=\"spotlightCategory\"><a href=\"https:\/\/www.suno.com.br\/noticias\/negocios\/\">Neg\u00f3cios<\/a><\/span><\/div><div class=\"cardsPage__listCard__boxs__content\"><a href=\"https:\/\/www.suno.com.br\/noticias\/cade-aprova-compra-grupo-sao-jose-hapvida-hapv3\/\"><h2 class=\"content__title\">Cade aprova compra do Grupo S\u00e3o Jos\u00e9 pela Hapvida (HAPV3)<\/h2><\/a><div class=\"newsContent__article__meta\"><div class=\"newsContent__article__meta__authorBox\"><a href=\"https:\/\/www.suno.com.br\/noticias\/author\/laura-moutinho\/\" class=\"authorBox__avatar noMobi\"><img src=\"https:\/\/files.sunoresearch.com.br\/n\/uploads\/2020\/08\/531ff69d-whatsapp-image-2020-08-03-at-14.54.38-150x150.webp\" alt=\"Laura Moutinho\"><\/a><div class=\"authorBox__name\"><span>por\n\t\t\t<a href=\"https:\/\/www.suno.com.br\/noticias\/author\/laura-moutinho\/\"><span itemprop=\"author\">Laura Moutinho<\/span><\/a><\/span><time datetime=\"2020-08-13T15:38:10-03:00\" itemprop=\"datePublished\">13\/08\/2020 15:38<\/time><\/div><\/div><\/div><\/div><\/div>","single_layout":"posts","amp_enabled":true,"_links":{"self":[{"href":"https:\/\/www.suno.com.br\/noticias\/wp-json\/wp\/v2\/posts\/78180"}],"collection":[{"href":"https:\/\/www.suno.com.br\/noticias\/wp-json\/wp\/v2\/posts"}],"about":[{"href":"https:\/\/www.suno.com.br\/noticias\/wp-json\/wp\/v2\/types\/post"}],"author":[{"embeddable":true,"href":"https:\/\/www.suno.com.br\/noticias\/wp-json\/wp\/v2\/users\/39"}],"replies":[{"embeddable":true,"href":"https:\/\/www.suno.com.br\/noticias\/wp-json\/wp\/v2\/comments?post=78180"}],"version-history":[{"count":0,"href":"https:\/\/www.suno.com.br\/noticias\/wp-json\/wp\/v2\/posts\/78180\/revisions"}],"wp:featuredmedia":[{"embeddable":true,"href":"https:\/\/www.suno.com.br\/noticias\/wp-json\/wp\/v2\/media\/27719"}],"wp:attachment":[{"href":"https:\/\/www.suno.com.br\/noticias\/wp-json\/wp\/v2\/media?parent=78180"}],"wp:term":[{"taxonomy":"category","embeddable":true,"href":"https:\/\/www.suno.com.br\/noticias\/wp-json\/wp\/v2\/categories?post=78180"},{"taxonomy":"post_tag","embeddable":true,"href":"https:\/\/www.suno.com.br\/noticias\/wp-json\/wp\/v2\/tags?post=78180"},{"taxonomy":"suno_strategy","embeddable":true,"href":"https:\/\/www.suno.com.br\/noticias\/wp-json\/wp\/v2\/suno_strategy?post=78180"}],"curies":[{"name":"wp","href":"https:\/\/api.w.org\/{rel}","templated":true}]}}