{"id":78046,"date":"2020-08-13T09:13:51","date_gmt":"2020-08-13T12:13:51","guid":{"rendered":"https:\/\/www.suno.com.br\/noticias\/?p=78046"},"modified":"2020-08-13T17:15:20","modified_gmt":"2020-08-13T20:15:20","slug":"china-frango-importado-santa-catarina-positivo-covid-19","status":"publish","type":"post","link":"https:\/\/www.suno.com.br\/noticias\/china-frango-importado-santa-catarina-positivo-covid-19\/","title":{"rendered":"Coronav\u00edrus: China diz que frango brasileiro veio com Covid-19"},"content":{"rendered":"<p>A cidade de Shenzhen, no sul da China, recebeu uma amostra de asa de frango congelada importada do Brasil e que testou positivo para o <a href=\"https:\/\/www.suno.com.br\/noticias\/?s=coronavirus\">novo <strong>coronav\u00edrus<\/strong> (Covid-19)<\/a>. A informa\u00e7\u00e3o foi revelada pelo governador da cidade nesta quinta-feira (13).<\/p>\t<div class=\"wrapper-featured-image\">\n\t\t<figure class=\"spotlightImg\">\n\n\t\t\t<picture>\n\t\t\t\t<source media=\"(max-width: 768px)\" srcset=\"https:\/\/files.sunoresearch.com.br\/n\/uploads\/2020\/08\/2db0b729-2018-06-19_17-39-34_linha-de-operac3a7c3b5es-de-suc3adnos-em-rio-verde-go3-400x200.webp\">\n\t\t\t\t<img loading=\"lazy\" decoding=\"async\" class=\"newsContent__article__imgCapa lazyloadDisabled \" src=\"https:\/\/files.sunoresearch.com.br\/n\/uploads\/2020\/08\/2db0b729-2018-06-19_17-39-34_linha-de-operac3a7c3b5es-de-suc3adnos-em-rio-verde-go3-800x450.webp\" width=\"800\" height=\"450\" alt=\"Coronav\u00edrus: China diz que frango brasileiro veio com Covid-19\" fetchpriority=high \/>\n\t\t\t<\/picture>\n\n\t\t\t<figcaption class=\"wp-caption-text wp-caption-text--show\">Fabrica de carne animal. Foto: Divulga\u00e7\u00e3o<\/figcaption>\n\t\t<\/figure>\n\t<\/div>\n\n\n<div class=\"hubspot-form-wrapper\">\n\t<div id=\"single-form-target\"><\/div>\n<\/div>\n\n<p>A pe\u00e7a contaminada, que teria vindo do sul de <strong>Santa Catarina<\/strong>, foi identificada ap\u00f3s uma pequena amostra da superf\u00edcie ser retirada do lote e testada para coronav\u00edrus por centros locais de controle de doen\u00e7as na \u00faltima quarta-feira (12), informaram as autoridades da China em nota.<\/p>\n<p>Segundo o relato de um exportador de carne brasileiro com sede na China \u00e0 ag\u00eancia de not\u00edcias &#8220;Reuters&#8221;, &#8220;\u00e9 dif\u00edcil dizer em que est\u00e1gio o <strong>frango<\/strong> congelado foi infectado pelo coronav\u00edrus&#8221;. Os l\u00edderes de Shenzhen disseram que est\u00e3o rastreando e testando os funcion\u00e1rios que podem ter tido contato com o produto contaminado. Por ora, todos os resultados forma negativos, assim como os outros alimentos armazenados perto do lote infectado.<\/p>\n<p><a href=\"https:\/\/lp.suno.com.br\/suno-one\/\">No Suno One voc\u00ea aprende a fazer seu dinheiro para trabalhar para voc\u00ea. Cadastre-se gratuitamente agora!<\/a><\/p>\n<p>O Brasil, que \u00e9 o maior produtor mundial de carne de frango, era at\u00e9 2017 o principal fornecedor do produto \u00e0 China. O valor se aproximava de US$ 1 bilh\u00e3o por ano, equivalente a 85% das importa\u00e7\u00f5es de frango congelado do pa\u00eds. Nos \u00faltimos anos, por\u00e9m, Argentina, Chile e Tail\u00e2ndia ultrapassaram os produtores brasileiros.<\/p>\n<p>A contamina\u00e7\u00e3o do frango brasileiro pode desencadear mais uma nova queda das exporta\u00e7\u00f5es brasileiras \u00e0 China. No in\u00edcio do ano passado, Pequim passou a aplicar cinco tarifas antidumping ao produto do Brasil, que v\u00e3o de 17,8% a 32,4%.<\/p>\n<p>Al\u00e9m disso, essa n\u00e3o ser\u00e1 a primeira vez que a China pode interromper as exporta\u00e7\u00f5es brasileiras. No fim de junho, o governo do pa\u00eds suspendeu as importa\u00e7\u00f5es de tr\u00eas processadores brasileiros de carne, segundo o Minist\u00e9rio da Agricultura. Segundo Pequim, o motivo seria as preocupa\u00e7\u00f5es em conter um novo surto da doen\u00e7a.<\/p>\n<p>Em comunicado, \u00e0 \u00e9poca, a pasta informou que o \u00f3rg\u00e3o chin\u00eas respons\u00e1vel pela \u00e1rea, a <strong>Administra\u00e7\u00e3o Geral de Alf\u00e2ndega da China<\/strong> (GACC, na sigla em ingl\u00eas), \u201csolicitou recentemente informa\u00e7\u00f5es sobre alguns estabelecimentos brasileiros que exportam para a China e que tiveram not\u00edcias divulgadas na imprensa do Brasil sobre casos da Covid-19 entre seus trabalhadores\u201d.<\/p>\n<p>O <strong>Brasil<\/strong> \u00e9 o segundo pa\u00eds no mundo com maior n\u00famero de casos confirmados e mortes pelo coronav\u00edrus, com 3,16 milh\u00f5es e 140,2 mil, respectivamente, apenas atr\u00e1s dos Estados Unidos.<\/p>\n<p>Segundo informa\u00e7\u00f5es da ag\u00eancia de not\u00edcias &#8220;Bloomberg&#8221;, o frango contaminado foi processado em uma f\u00e1brica da <strong>Aurora Alimentos<\/strong>, no sul do pa\u00eds. A Associa\u00e7\u00e3o Catarinense de Avicultura (ACAV) disse, em comunicado, que &#8220;as autoridades brasileiras est\u00e3o em contato com as autoridades chinesas na obten\u00e7\u00e3o de informa\u00e7\u00f5es precisas, reiterando, contudo, que o Brasil \u00e9 um pa\u00eds de excel\u00eancia na produ\u00e7\u00e3o de prote\u00edna animal no mundo&#8221;.<\/p>\n\t<div data-element=\"shortcode-read-more\" class=\"knowMore\">\n\t\t\t\t<span class=\"knowMore__title\">Saiba mais<\/span>\n\t\t\t\t<a class=\"knowMore__link\" href=\"https:\/\/www.suno.com.br\/noticias\/russia-registra-primeira-vacina-coronavirus\/\">\n\t\t\tCoronav\u00edrus: R\u00fassia registra oficialmente 1\u00aa vacina do mundo\t\t<\/a>\n\t<\/div>\n\n\n<p>Em nota oficial, o <strong>Minist\u00e9rio da Agricultura, Pecu\u00e1ria e Abastecimento<\/strong> (MAPA) informou que, assim que recebeu a not\u00edcia da asa de frango infectada, contatou a Adid\u00e2ncia Agr\u00edcola em Pequim, que contatou a GACC, em busca de informa\u00e7\u00f5es oficiais. &#8220;At\u00e9 o momento, o MAPA n\u00e3o foi notificado oficialmente pelas autoridades chinesas sobre a ocorr\u00eancia&#8221;, diz a nota.<strong><br \/>\n<\/strong><\/p>\n<p>A China tamb\u00e9m informou, na \u00faltima quarta-feira, que o <strong>coronav\u00edrus<\/strong> foi identificado em embalagens de camar\u00f5es importados do Equador, pela segunda vez desde julho. A Covid-19 trata-se de um v\u00edrus respirat\u00f3rio e, at\u00e9 o momento, n\u00e3o demonstra ind\u00edcios que pode ser transmitido atrav\u00e9s da ingest\u00e3o de produtos contaminados.<\/p>\n\t<p>\n\t\t<a href=\"https:\/\/lp.suno.com.br\/planilha-de-controle-de-investimentos\/\" target=\"_blank\" data-element=\"shortcode-suno-banner\" title=\"Banner SUNO, clique e saiba mais\">\n\t\t\t<picture>\n\t\t\t\t<source media=\"(max-width: 500px)\" srcset=\"https:\/\/files.sunoresearch.com.br\/n\/uploads\/2023\/03\/400x300-Controle-de-Investimentos.png\">\n\t\t\t\t<img class=\"newsContent__article__imgCapa newsContent__article__imgCapa--banner\"\n\t\t\t\t\tsrc=\"https:\/\/files.sunoresearch.com.br\/n\/uploads\/2023\/03\/1420x240-Controle-de-Investimentos.png\"\n\t\t\t\t\tdata-promo-id=\"75934\"\t\t\t\t\t\t\t\t\t\twidth='1420' height='240'\t\t\t\t\talt=\"https:\/\/files.sunoresearch.com.br\/n\/uploads\/2023\/03\/1420x240-Controle-de-Investimentos.png\"\n\t\t\t\t>\n\t\t\t<\/picture>\n\t\t<\/a>\n\t<\/p>\n\n\n","protected":false},"excerpt":{"rendered":"<p>A cidade de Shenzhen, no sul da China, recebeu uma amostra de asa de frango congelada importada do Brasil e que testou positivo para o novo coronav\u00edrus (Covid-19). A informa\u00e7\u00e3o foi revelada pelo governador da cidade nesta quinta-feira (13). Fabrica de carne animal. Foto: Divulga\u00e7\u00e3o A pe\u00e7a contaminada, que teria vindo do sul de Santa [&hellip;]<\/p>\n","protected":false},"author":24,"featured_media":78047,"comment_status":"closed","ping_status":"closed","sticky":false,"template":"","format":"standard","meta":[],"categories":[63],"tags":[711,2487],"suno_strategy":[],"class_list":["post-78046","post","type-post","status-publish","format-standard","has-post-thumbnail","hentry","category-internacional","tag-china","tag-coronavirus"],"yoast_head":"<!-- This site is optimized with the Yoast SEO plugin v24.4 - https:\/\/yoast.com\/wordpress\/plugins\/seo\/ -->\n<title>Coronav\u00edrus: China diz que frango brasileiro veio com Covid-19<\/title>\n<meta name=\"description\" content=\"A cidade de Shenzhen, na China, recebeu uma amostra de asa de frango do Brasil contaminada pelo coronav\u00edrus. Clique e saiba mais.\" \/>\n<meta name=\"robots\" content=\"index, follow, max-snippet:-1, max-image-preview:large, max-video-preview:-1\" \/>\n<link rel=\"canonical\" href=\"https:\/\/www.suno.com.br\/noticias\/china-frango-importado-santa-catarina-positivo-covid-19\/\" \/>\n<meta property=\"og:locale\" content=\"pt_BR\" \/>\n<meta property=\"og:type\" content=\"article\" \/>\n<meta property=\"og:title\" content=\"Coronav\u00edrus: China diz que frango brasileiro veio com Covid-19\" \/>\n<meta property=\"og:description\" content=\"A cidade de Shenzhen, na China, recebeu uma amostra de asa de frango do Brasil contaminada pelo coronav\u00edrus. Clique e saiba mais.\" \/>\n<meta property=\"og:url\" content=\"https:\/\/www.suno.com.br\/noticias\/china-frango-importado-santa-catarina-positivo-covid-19\/\" \/>\n<meta property=\"og:site_name\" content=\"Suno Not\u00edcias\" \/>\n<meta property=\"article:publisher\" content=\"https:\/\/facebook.com\/sunoresearch\" \/>\n<meta property=\"og:image\" content=\"https:\/\/files.sunoresearch.com.br\/n\/uploads\/2020\/08\/2db0b729-2018-06-19_17-39-34_linha-de-operac3a7c3b5es-de-suc3adnos-em-rio-verde-go3.jpg\" \/>\n\t<meta property=\"og:image:width\" content=\"1620\" \/>\n\t<meta property=\"og:image:height\" content=\"1080\" \/>\n\t<meta property=\"og:image:type\" content=\"image\/jpeg\" \/>\n<meta name=\"author\" content=\"Jader Lazarini\" \/>\n<meta name=\"twitter:card\" content=\"summary_large_image\" \/>\n<meta name=\"twitter:creator\" content=\"@sunoresearch\" \/>\n<meta name=\"twitter:site\" content=\"@sunoresearch\" \/>\n<meta name=\"twitter:label1\" content=\"Escrito por\" \/>\n\t<meta name=\"twitter:data1\" content=\"Jader Lazarini\" \/>\n\t<meta name=\"twitter:label2\" content=\"Est. tempo de leitura\" \/>\n\t<meta name=\"twitter:data2\" content=\"3 minutos\" \/>\n<script type=\"application\/ld+json\" class=\"yoast-schema-graph\">{\"@context\":\"https:\/\/schema.org\",\"@graph\":[{\"@type\":\"NewsArticle\",\"@id\":\"https:\/\/www.suno.com.br\/noticias\/china-frango-importado-santa-catarina-positivo-covid-19\/#article\",\"isPartOf\":{\"@id\":\"https:\/\/www.suno.com.br\/noticias\/china-frango-importado-santa-catarina-positivo-covid-19\/\"},\"author\":{\"name\":\"Jader Lazarini\",\"@id\":\"https:\/\/www.suno.com.br\/noticias\/#\/schema\/person\/918d79de1f0281f01599b93f9ea6e23f\"},\"headline\":\"Coronav\u00edrus: China diz que frango brasileiro veio com Covid-19\",\"datePublished\":\"2020-08-13T12:13:51+00:00\",\"dateModified\":\"2020-08-13T20:15:20+00:00\",\"mainEntityOfPage\":{\"@id\":\"https:\/\/www.suno.com.br\/noticias\/china-frango-importado-santa-catarina-positivo-covid-19\/\"},\"wordCount\":657,\"publisher\":{\"@id\":\"https:\/\/www.suno.com.br\/noticias\/#organization\"},\"image\":{\"@id\":\"https:\/\/www.suno.com.br\/noticias\/china-frango-importado-santa-catarina-positivo-covid-19\/#primaryimage\"},\"thumbnailUrl\":\"https:\/\/files.sunoresearch.com.br\/n\/uploads\/2020\/08\/2db0b729-2018-06-19_17-39-34_linha-de-operac3a7c3b5es-de-suc3adnos-em-rio-verde-go3-jpg.webp\",\"keywords\":[\"China\",\"coronav\u00edrus\"],\"articleSection\":[\"Internacional\"],\"inLanguage\":\"pt-BR\"},{\"@type\":\"WebPage\",\"@id\":\"https:\/\/www.suno.com.br\/noticias\/china-frango-importado-santa-catarina-positivo-covid-19\/\",\"url\":\"https:\/\/www.suno.com.br\/noticias\/china-frango-importado-santa-catarina-positivo-covid-19\/\",\"name\":\"Coronav\u00edrus: China diz que frango brasileiro veio com Covid-19\",\"isPartOf\":{\"@id\":\"https:\/\/www.suno.com.br\/noticias\/#website\"},\"primaryImageOfPage\":{\"@id\":\"https:\/\/www.suno.com.br\/noticias\/china-frango-importado-santa-catarina-positivo-covid-19\/#primaryimage\"},\"image\":{\"@id\":\"https:\/\/www.suno.com.br\/noticias\/china-frango-importado-santa-catarina-positivo-covid-19\/#primaryimage\"},\"thumbnailUrl\":\"https:\/\/files.sunoresearch.com.br\/n\/uploads\/2020\/08\/2db0b729-2018-06-19_17-39-34_linha-de-operac3a7c3b5es-de-suc3adnos-em-rio-verde-go3-jpg.webp\",\"datePublished\":\"2020-08-13T12:13:51+00:00\",\"dateModified\":\"2020-08-13T20:15:20+00:00\",\"description\":\"A cidade de Shenzhen, na China, recebeu uma amostra de asa de frango do Brasil contaminada pelo coronav\u00edrus. Clique e saiba mais.\",\"breadcrumb\":{\"@id\":\"https:\/\/www.suno.com.br\/noticias\/china-frango-importado-santa-catarina-positivo-covid-19\/#breadcrumb\"},\"inLanguage\":\"pt-BR\",\"potentialAction\":[{\"@type\":\"ReadAction\",\"target\":[\"https:\/\/www.suno.com.br\/noticias\/china-frango-importado-santa-catarina-positivo-covid-19\/\"]}]},{\"@type\":\"ImageObject\",\"inLanguage\":\"pt-BR\",\"@id\":\"https:\/\/www.suno.com.br\/noticias\/china-frango-importado-santa-catarina-positivo-covid-19\/#primaryimage\",\"url\":\"https:\/\/files.sunoresearch.com.br\/n\/uploads\/2020\/08\/2db0b729-2018-06-19_17-39-34_linha-de-operac3a7c3b5es-de-suc3adnos-em-rio-verde-go3-jpg.webp\",\"contentUrl\":\"https:\/\/files.sunoresearch.com.br\/n\/uploads\/2020\/08\/2db0b729-2018-06-19_17-39-34_linha-de-operac3a7c3b5es-de-suc3adnos-em-rio-verde-go3-jpg.webp\",\"width\":1620,\"height\":1080,\"caption\":\"Fabrica de carne animal. Foto: Divulga\u00e7\u00e3o\"},{\"@type\":\"BreadcrumbList\",\"@id\":\"https:\/\/www.suno.com.br\/noticias\/china-frango-importado-santa-catarina-positivo-covid-19\/#breadcrumb\",\"itemListElement\":[{\"@type\":\"ListItem\",\"position\":1,\"name\":\"Not\u00edcias\",\"item\":\"https:\/\/www.suno.com.br\/noticias\/\"},{\"@type\":\"ListItem\",\"position\":2,\"name\":\"Internacional\",\"item\":\"https:\/\/www.suno.com.br\/noticias\/internacional\/\"},{\"@type\":\"ListItem\",\"position\":3,\"name\":\"Coronav\u00edrus: China diz que frango brasileiro veio com Covid-19\"}]},{\"@type\":\"WebSite\",\"@id\":\"https:\/\/www.suno.com.br\/noticias\/#website\",\"url\":\"https:\/\/www.suno.com.br\/noticias\/\",\"name\":\"Suno Not\u00edcias\",\"description\":\"Seu portal de informa\u00e7\u00e3o sobre o mundo dos investimentos\",\"publisher\":{\"@id\":\"https:\/\/www.suno.com.br\/noticias\/#organization\"},\"potentialAction\":[{\"@type\":\"SearchAction\",\"target\":{\"@type\":\"EntryPoint\",\"urlTemplate\":\"https:\/\/www.suno.com.br\/noticias\/?s={search_term_string}\"},\"query-input\":{\"@type\":\"PropertyValueSpecification\",\"valueRequired\":true,\"valueName\":\"search_term_string\"}}],\"inLanguage\":\"pt-BR\"},{\"@type\":\"Organization\",\"@id\":\"https:\/\/www.suno.com.br\/noticias\/#organization\",\"name\":\"Suno Not\u00edcias\",\"url\":\"https:\/\/www.suno.com.br\/noticias\/\",\"logo\":{\"@type\":\"ImageObject\",\"inLanguage\":\"pt-BR\",\"@id\":\"https:\/\/www.suno.com.br\/noticias\/#\/schema\/logo\/image\/\",\"url\":\"https:\/\/files.sunoresearch.com.br\/n\/uploads\/2021\/09\/suno-logo.png\",\"contentUrl\":\"https:\/\/files.sunoresearch.com.br\/n\/uploads\/2021\/09\/suno-logo.png\",\"width\":180,\"height\":180,\"caption\":\"Suno Not\u00edcias\"},\"image\":{\"@id\":\"https:\/\/www.suno.com.br\/noticias\/#\/schema\/logo\/image\/\"},\"sameAs\":[\"https:\/\/facebook.com\/sunoresearch\",\"https:\/\/x.com\/sunoresearch\",\"https:\/\/www.instagram.com\/suno\",\"https:\/\/www.linkedin.com\/company\/suno-research\/\",\"https:\/\/www.youtube.com\/c\/sunoresearch\"]},{\"@type\":\"Person\",\"@id\":\"https:\/\/www.suno.com.br\/noticias\/#\/schema\/person\/918d79de1f0281f01599b93f9ea6e23f\",\"name\":\"Jader Lazarini\",\"image\":{\"@type\":\"ImageObject\",\"inLanguage\":\"pt-BR\",\"@id\":\"https:\/\/www.suno.com.br\/noticias\/#\/schema\/person\/image\/\",\"url\":\"https:\/\/secure.gravatar.com\/avatar\/3c1ad8caa51589841baeb923fcddea97?s=96&r=g\",\"contentUrl\":\"https:\/\/secure.gravatar.com\/avatar\/3c1ad8caa51589841baeb923fcddea97?s=96&r=g\",\"caption\":\"Jader Lazarini\"},\"description\":\"Jader Lazarini escreve sobre investimentos, finan\u00e7as, economia e neg\u00f3cios. \u00c9 bacharel em Rela\u00e7\u00f5es Internacionais e analista CNPI (2619).\",\"url\":\"https:\/\/www.suno.com.br\/noticias\/author\/jader-lazarini\/\"}]}<\/script>\n<!-- \/ Yoast SEO plugin. -->","yoast_head_json":{"title":"Coronav\u00edrus: China diz que frango brasileiro veio com Covid-19","description":"A cidade de Shenzhen, na China, recebeu uma amostra de asa de frango do Brasil contaminada pelo coronav\u00edrus. Clique e saiba mais.","robots":{"index":"index","follow":"follow","max-snippet":"max-snippet:-1","max-image-preview":"max-image-preview:large","max-video-preview":"max-video-preview:-1"},"canonical":"https:\/\/www.suno.com.br\/noticias\/china-frango-importado-santa-catarina-positivo-covid-19\/","og_locale":"pt_BR","og_type":"article","og_title":"Coronav\u00edrus: China diz que frango brasileiro veio com Covid-19","og_description":"A cidade de Shenzhen, na China, recebeu uma amostra de asa de frango do Brasil contaminada pelo coronav\u00edrus. Clique e saiba mais.","og_url":"https:\/\/www.suno.com.br\/noticias\/china-frango-importado-santa-catarina-positivo-covid-19\/","og_site_name":"Suno Not\u00edcias","article_publisher":"https:\/\/facebook.com\/sunoresearch","og_image":[{"width":1620,"height":1080,"url":"https:\/\/files.sunoresearch.com.br\/n\/uploads\/2020\/08\/2db0b729-2018-06-19_17-39-34_linha-de-operac3a7c3b5es-de-suc3adnos-em-rio-verde-go3.jpg","type":"image\/jpeg"}],"author":"Jader Lazarini","twitter_card":"summary_large_image","twitter_creator":"@sunoresearch","twitter_site":"@sunoresearch","twitter_misc":{"Escrito por":"Jader Lazarini","Est. tempo de leitura":"3 minutos"},"schema":{"@context":"https:\/\/schema.org","@graph":[{"@type":"NewsArticle","@id":"https:\/\/www.suno.com.br\/noticias\/china-frango-importado-santa-catarina-positivo-covid-19\/#article","isPartOf":{"@id":"https:\/\/www.suno.com.br\/noticias\/china-frango-importado-santa-catarina-positivo-covid-19\/"},"author":{"name":"Jader Lazarini","@id":"https:\/\/www.suno.com.br\/noticias\/#\/schema\/person\/918d79de1f0281f01599b93f9ea6e23f"},"headline":"Coronav\u00edrus: China diz que frango brasileiro veio com Covid-19","datePublished":"2020-08-13T12:13:51+00:00","dateModified":"2020-08-13T20:15:20+00:00","mainEntityOfPage":{"@id":"https:\/\/www.suno.com.br\/noticias\/china-frango-importado-santa-catarina-positivo-covid-19\/"},"wordCount":657,"publisher":{"@id":"https:\/\/www.suno.com.br\/noticias\/#organization"},"image":{"@id":"https:\/\/www.suno.com.br\/noticias\/china-frango-importado-santa-catarina-positivo-covid-19\/#primaryimage"},"thumbnailUrl":"https:\/\/files.sunoresearch.com.br\/n\/uploads\/2020\/08\/2db0b729-2018-06-19_17-39-34_linha-de-operac3a7c3b5es-de-suc3adnos-em-rio-verde-go3-jpg.webp","keywords":["China","coronav\u00edrus"],"articleSection":["Internacional"],"inLanguage":"pt-BR"},{"@type":"WebPage","@id":"https:\/\/www.suno.com.br\/noticias\/china-frango-importado-santa-catarina-positivo-covid-19\/","url":"https:\/\/www.suno.com.br\/noticias\/china-frango-importado-santa-catarina-positivo-covid-19\/","name":"Coronav\u00edrus: China diz que frango brasileiro veio com Covid-19","isPartOf":{"@id":"https:\/\/www.suno.com.br\/noticias\/#website"},"primaryImageOfPage":{"@id":"https:\/\/www.suno.com.br\/noticias\/china-frango-importado-santa-catarina-positivo-covid-19\/#primaryimage"},"image":{"@id":"https:\/\/www.suno.com.br\/noticias\/china-frango-importado-santa-catarina-positivo-covid-19\/#primaryimage"},"thumbnailUrl":"https:\/\/files.sunoresearch.com.br\/n\/uploads\/2020\/08\/2db0b729-2018-06-19_17-39-34_linha-de-operac3a7c3b5es-de-suc3adnos-em-rio-verde-go3-jpg.webp","datePublished":"2020-08-13T12:13:51+00:00","dateModified":"2020-08-13T20:15:20+00:00","description":"A cidade de Shenzhen, na China, recebeu uma amostra de asa de frango do Brasil contaminada pelo coronav\u00edrus. Clique e saiba mais.","breadcrumb":{"@id":"https:\/\/www.suno.com.br\/noticias\/china-frango-importado-santa-catarina-positivo-covid-19\/#breadcrumb"},"inLanguage":"pt-BR","potentialAction":[{"@type":"ReadAction","target":["https:\/\/www.suno.com.br\/noticias\/china-frango-importado-santa-catarina-positivo-covid-19\/"]}]},{"@type":"ImageObject","inLanguage":"pt-BR","@id":"https:\/\/www.suno.com.br\/noticias\/china-frango-importado-santa-catarina-positivo-covid-19\/#primaryimage","url":"https:\/\/files.sunoresearch.com.br\/n\/uploads\/2020\/08\/2db0b729-2018-06-19_17-39-34_linha-de-operac3a7c3b5es-de-suc3adnos-em-rio-verde-go3-jpg.webp","contentUrl":"https:\/\/files.sunoresearch.com.br\/n\/uploads\/2020\/08\/2db0b729-2018-06-19_17-39-34_linha-de-operac3a7c3b5es-de-suc3adnos-em-rio-verde-go3-jpg.webp","width":1620,"height":1080,"caption":"Fabrica de carne animal. Foto: Divulga\u00e7\u00e3o"},{"@type":"BreadcrumbList","@id":"https:\/\/www.suno.com.br\/noticias\/china-frango-importado-santa-catarina-positivo-covid-19\/#breadcrumb","itemListElement":[{"@type":"ListItem","position":1,"name":"Not\u00edcias","item":"https:\/\/www.suno.com.br\/noticias\/"},{"@type":"ListItem","position":2,"name":"Internacional","item":"https:\/\/www.suno.com.br\/noticias\/internacional\/"},{"@type":"ListItem","position":3,"name":"Coronav\u00edrus: China diz que frango brasileiro veio com Covid-19"}]},{"@type":"WebSite","@id":"https:\/\/www.suno.com.br\/noticias\/#website","url":"https:\/\/www.suno.com.br\/noticias\/","name":"Suno Not\u00edcias","description":"Seu portal de informa\u00e7\u00e3o sobre o mundo dos investimentos","publisher":{"@id":"https:\/\/www.suno.com.br\/noticias\/#organization"},"potentialAction":[{"@type":"SearchAction","target":{"@type":"EntryPoint","urlTemplate":"https:\/\/www.suno.com.br\/noticias\/?s={search_term_string}"},"query-input":{"@type":"PropertyValueSpecification","valueRequired":true,"valueName":"search_term_string"}}],"inLanguage":"pt-BR"},{"@type":"Organization","@id":"https:\/\/www.suno.com.br\/noticias\/#organization","name":"Suno Not\u00edcias","url":"https:\/\/www.suno.com.br\/noticias\/","logo":{"@type":"ImageObject","inLanguage":"pt-BR","@id":"https:\/\/www.suno.com.br\/noticias\/#\/schema\/logo\/image\/","url":"https:\/\/files.sunoresearch.com.br\/n\/uploads\/2021\/09\/suno-logo.png","contentUrl":"https:\/\/files.sunoresearch.com.br\/n\/uploads\/2021\/09\/suno-logo.png","width":180,"height":180,"caption":"Suno Not\u00edcias"},"image":{"@id":"https:\/\/www.suno.com.br\/noticias\/#\/schema\/logo\/image\/"},"sameAs":["https:\/\/facebook.com\/sunoresearch","https:\/\/x.com\/sunoresearch","https:\/\/www.instagram.com\/suno","https:\/\/www.linkedin.com\/company\/suno-research\/","https:\/\/www.youtube.com\/c\/sunoresearch"]},{"@type":"Person","@id":"https:\/\/www.suno.com.br\/noticias\/#\/schema\/person\/918d79de1f0281f01599b93f9ea6e23f","name":"Jader Lazarini","image":{"@type":"ImageObject","inLanguage":"pt-BR","@id":"https:\/\/www.suno.com.br\/noticias\/#\/schema\/person\/image\/","url":"https:\/\/secure.gravatar.com\/avatar\/3c1ad8caa51589841baeb923fcddea97?s=96&r=g","contentUrl":"https:\/\/secure.gravatar.com\/avatar\/3c1ad8caa51589841baeb923fcddea97?s=96&r=g","caption":"Jader Lazarini"},"description":"Jader Lazarini escreve sobre investimentos, finan\u00e7as, economia e neg\u00f3cios. \u00c9 bacharel em Rela\u00e7\u00f5es Internacionais e analista CNPI (2619).","url":"https:\/\/www.suno.com.br\/noticias\/author\/jader-lazarini\/"}]}},"default_loop_html":"<div class=\"cardsPage__listCard__boxs\"><div class=\"cardsPage__listCard__boxs__img\"><a href=\"https:\/\/www.suno.com.br\/noticias\/china-frango-importado-santa-catarina-positivo-covid-19\/\"><img class=\"mask\" src=\"https:\/\/www.suno.com.br\/noticias\/wp-content\/themes\/suno\/resources\/images\/spotlight\/spotlight1img\/bg-mask.png\" alt=\"Image Mask\"\/><img src=\"https:\/\/files.sunoresearch.com.br\/n\/uploads\/2020\/08\/2db0b729-2018-06-19_17-39-34_linha-de-operac3a7c3b5es-de-suc3adnos-em-rio-verde-go3-400x200.webp\" alt=\"Coronav\u00edrus: China diz que frango brasileiro veio com Covid-19\"\/><\/a><span class=\"spotlightCategory\"><a href=\"https:\/\/www.suno.com.br\/noticias\/internacional\/\">Internacional<\/a><\/span><\/div><div class=\"cardsPage__listCard__boxs__content\"><a href=\"https:\/\/www.suno.com.br\/noticias\/china-frango-importado-santa-catarina-positivo-covid-19\/\"><h2 class=\"content__title\">Coronav\u00edrus: China diz que frango brasileiro veio com Covid-19<\/h2><\/a><div class=\"newsContent__article__meta\"><div class=\"newsContent__article__meta__authorBox\"><a href=\"https:\/\/www.suno.com.br\/noticias\/author\/jader-lazarini\/\" class=\"authorBox__avatar noMobi\"><img src=\"https:\/\/files.sunoresearch.com.br\/n\/uploads\/2021\/01\/178e6598-foto-perfil-2-150x150.jpg\" alt=\"Jader Lazarini\"><\/a><div class=\"authorBox__name\"><span>por\n\t\t\t<a href=\"https:\/\/www.suno.com.br\/noticias\/author\/jader-lazarini\/\"><span itemprop=\"author\">Jader Lazarini<\/span><\/a><\/span><time datetime=\"2020-08-13T09:13:51-03:00\" itemprop=\"datePublished\">13\/08\/2020 09:13<\/time><\/div><\/div><\/div><\/div><\/div>","single_layout":"posts","amp_enabled":true,"_links":{"self":[{"href":"https:\/\/www.suno.com.br\/noticias\/wp-json\/wp\/v2\/posts\/78046"}],"collection":[{"href":"https:\/\/www.suno.com.br\/noticias\/wp-json\/wp\/v2\/posts"}],"about":[{"href":"https:\/\/www.suno.com.br\/noticias\/wp-json\/wp\/v2\/types\/post"}],"author":[{"embeddable":true,"href":"https:\/\/www.suno.com.br\/noticias\/wp-json\/wp\/v2\/users\/24"}],"replies":[{"embeddable":true,"href":"https:\/\/www.suno.com.br\/noticias\/wp-json\/wp\/v2\/comments?post=78046"}],"version-history":[{"count":0,"href":"https:\/\/www.suno.com.br\/noticias\/wp-json\/wp\/v2\/posts\/78046\/revisions"}],"wp:featuredmedia":[{"embeddable":true,"href":"https:\/\/www.suno.com.br\/noticias\/wp-json\/wp\/v2\/media\/78047"}],"wp:attachment":[{"href":"https:\/\/www.suno.com.br\/noticias\/wp-json\/wp\/v2\/media?parent=78046"}],"wp:term":[{"taxonomy":"category","embeddable":true,"href":"https:\/\/www.suno.com.br\/noticias\/wp-json\/wp\/v2\/categories?post=78046"},{"taxonomy":"post_tag","embeddable":true,"href":"https:\/\/www.suno.com.br\/noticias\/wp-json\/wp\/v2\/tags?post=78046"},{"taxonomy":"suno_strategy","embeddable":true,"href":"https:\/\/www.suno.com.br\/noticias\/wp-json\/wp\/v2\/suno_strategy?post=78046"}],"curies":[{"name":"wp","href":"https:\/\/api.w.org\/{rel}","templated":true}]}}