{"id":77936,"date":"2020-08-12T15:44:57","date_gmt":"2020-08-12T18:44:57","guid":{"rendered":"https:\/\/www.suno.com.br\/noticias\/?p=77936"},"modified":"2020-08-12T16:25:22","modified_gmt":"2020-08-12T19:25:22","slug":"via-varejo-vvar3-casas-bahia-globo-acordo-t-commerce","status":"publish","type":"post","link":"https:\/\/www.suno.com.br\/noticias\/via-varejo-vvar3-casas-bahia-globo-acordo-t-commerce\/","title":{"rendered":"Via Varejo (VVAR3): Casas Bahia e Globo firmam acordo para T-commerce"},"content":{"rendered":"<p>O Grupo Globo anunciou uma parceria junto \u00e0s Casas Bahia, controlada pela <a href=\"https:\/\/www.suno.com.br\/acoes\/vvar3\/\"><strong>Via Varejo<\/strong> (VVAR3)<\/a>, e \u00e0 ag\u00eancia Y&amp;R para oferecer com\u00e9rcio em tempo real por meio de televis\u00f5es digitais durante a programa\u00e7\u00e3o da emissora.<\/p>\t<div class=\"wrapper-featured-image\">\n\t\t<figure class=\"spotlightImg\">\n\n\t\t\t<picture>\n\t\t\t\t<source media=\"(max-width: 768px)\" srcset=\"https:\/\/files.sunoresearch.com.br\/n\/uploads\/2020\/08\/12aa6e97-casas-bahia-400x200.webp\">\n\t\t\t\t<img loading=\"lazy\" decoding=\"async\" class=\"newsContent__article__imgCapa lazyloadDisabled \" src=\"https:\/\/files.sunoresearch.com.br\/n\/uploads\/2020\/08\/12aa6e97-casas-bahia-800x450.webp\" width=\"800\" height=\"450\" alt=\"Via Varejo (VVAR3): Casas Bahia e Globo firmam acordo para T-commerce\" fetchpriority=high \/>\n\t\t\t<\/picture>\n\n\t\t\t<figcaption class=\"wp-caption-text wp-caption-text--show\">Para Via Varejo (VVAR3), mercado ainda n\u00e3o precificou aposta no Banqi<\/figcaption>\n\t\t<\/figure>\n\t<\/div>\n\n\n<div class=\"hubspot-form-wrapper\">\n\t<div id=\"single-form-target\"><\/div>\n<\/div>\n\n<p>Com isso, o telespectador poder\u00e1, em determinados momentos, encontrar produtos inspirados no cen\u00e1rio da atra\u00e7\u00e3o no site das <strong>Casas Bahia<\/strong>. O projeto de T-commerce com a Via Varejo teve sua primeira experi\u00eancia na pr\u00e1tica no programa &#8220;\u00c9 de Casa&#8221;, transmitido no \u00faltimo s\u00e1bado (8).<\/p>\n<p>Segundo comunicado da <strong>Globo<\/strong>, &#8220;caso haja interesse, com um comando do controle remoto, \u00e9 poss\u00edvel expandir a interatividade, que passa a dividir a tela com o conte\u00fado do programa, permitindo que as pessoas tenham acesso aos produtos e eventuais promo\u00e7\u00f5es. Atrav\u00e9s de um QR code, o consumidor \u00e9 direcionado para a vers\u00e3o mobile do e-commerce da Casas Bahia, facilitando o processo de compra&#8221;.<\/p>\n<p><a href=\"https:\/\/lp.suno.com.br\/suno-one\/\">No Suno One voc\u00ea aprende a fazer seu dinheiro para trabalhar para voc\u00ea. Cadastre-se gratuitamente agora!<\/a><\/p>\n<p>\u201cH\u00e1 alguns meses, a Globo vem ampliando a experi\u00eancia das entregas comerciais. Nessa parceria com as Casas Bahia estamos transformando o atendimento ao cliente. O destaque do projeto \u00e9 despertar o desejo e levar diretamente \u00e0 convers\u00e3o\u201d, afirmou o diretor de Neg\u00f3cios Integrados em Publicidade da Globo, Eduardo Schaeffer.<\/p>\n<h2>Novo projeto \u00e9 reflexo de inova\u00e7\u00f5es ambicionadas pela Via Varejo<\/h2>\n<p>A empresa de com\u00e9rcio varejista brasileira destacou a import\u00e2ncia do projeto para as inova\u00e7\u00f5es pretendidas pela companhia. Nesse sentido, a diretora de marketing e comunica\u00e7\u00e3o multicanal da Via Varejo, Ilca Sierra, afirmou que o sistema de integra\u00e7\u00e3o aponta para o caminho de inova\u00e7\u00f5es ambicionadas pelas marcas do grupo, como as Casas Bahia.<\/p>\n<p>&#8220;Queremos facilitar a vida e a jornada de todos os nossos clientes, oferecendo cada vez mais op\u00e7\u00f5es de compras, assim como variedade de produtos. Por meio do T-Commerce, nosso cliente poder\u00e1 comprar o produto que est\u00e1 vendo na TV, muitas vezes desejo de consumo, com poucos cliques e de uma forma muito simples e intuitiva&#8221;, salientou a executiva.<\/p>\n\t<div data-element=\"shortcode-read-more\" class=\"knowMore\">\n\t\t\t\t<span class=\"knowMore__title\">Saiba mais<\/span>\n\t\t\t\t<a class=\"knowMore__link\" href=\"https:\/\/www.suno.com.br\/noticias\/via-varejo-vvar3-responde-b3-oscilacao-acoes\/\">\n\t\t\tVia Varejo (VVAR3) responde B3 sobre oscila\u00e7\u00e3o de a\u00e7\u00f5es\t\t<\/a>\n\t<\/div>\n\n\n<p>Para Schaeffer, o projeto em parceria com a <strong>Via Varejo<\/strong> &#8221; une a alta cobertura da Globo a uma solu\u00e7\u00e3o que permite a gera\u00e7\u00e3o de leads com capacidade de mensura\u00e7\u00e3o de dados a curt\u00edssimo prazo, trazendo inova\u00e7\u00e3o de ponta a ponta. Uma solu\u00e7\u00e3o capaz de, em pouco tempo, apresentar um produto, gerar interesse e levar o consumidor direto para a convers\u00e3o&#8221;.<\/p>\n\t<p>\n\t\t<a href=\"https:\/\/lp.suno.com.br\/planilha-de-controle-de-investimentos\/\" target=\"_blank\" data-element=\"shortcode-suno-banner\" title=\"Banner SUNO, clique e saiba mais\">\n\t\t\t<picture>\n\t\t\t\t<source media=\"(max-width: 500px)\" srcset=\"https:\/\/files.sunoresearch.com.br\/n\/uploads\/2023\/03\/400x300-Controle-de-Investimentos.png\">\n\t\t\t\t<img class=\"newsContent__article__imgCapa newsContent__article__imgCapa--banner\"\n\t\t\t\t\tsrc=\"https:\/\/files.sunoresearch.com.br\/n\/uploads\/2023\/03\/1420x240-Controle-de-Investimentos.png\"\n\t\t\t\t\tdata-promo-id=\"75934\"\t\t\t\t\t\t\t\t\t\twidth='1420' height='240'\t\t\t\t\talt=\"https:\/\/files.sunoresearch.com.br\/n\/uploads\/2023\/03\/1420x240-Controle-de-Investimentos.png\"\n\t\t\t\t>\n\t\t\t<\/picture>\n\t\t<\/a>\n\t<\/p>\n\n\n","protected":false},"excerpt":{"rendered":"<p>O Grupo Globo anunciou uma parceria junto \u00e0s Casas Bahia, controlada pela Via Varejo (VVAR3), e \u00e0 ag\u00eancia Y&amp;R para oferecer com\u00e9rcio em tempo real por meio de televis\u00f5es digitais durante a programa\u00e7\u00e3o da emissora. Para Via Varejo (VVAR3), mercado ainda n\u00e3o precificou aposta no Banqi Com isso, o telespectador poder\u00e1, em determinados momentos, encontrar [&hellip;]<\/p>\n","protected":false},"author":35,"featured_media":77943,"comment_status":"closed","ping_status":"closed","sticky":false,"template":"","format":"standard","meta":[],"categories":[64],"tags":[1783,106935],"suno_strategy":[],"class_list":["post-77936","post","type-post","status-publish","format-standard","has-post-thumbnail","hentry","category-negocios","tag-globo","tag-via-viia3"],"yoast_head":"<!-- This site is optimized with the Yoast SEO plugin v24.4 - https:\/\/yoast.com\/wordpress\/plugins\/seo\/ -->\n<title>Via Varejo (VVAR3):Casas Bahia e Globo firmam acordo para T-commerce<\/title>\n<meta name=\"description\" content=\"A Globo firmou parceria junto \u00e0s Casas Bahia, controlada pela Via Varejo (VVAR3), para com\u00e9rcio em tempo real na TV. Clique para saber mais\" \/>\n<meta name=\"robots\" content=\"index, follow, max-snippet:-1, max-image-preview:large, max-video-preview:-1\" \/>\n<link rel=\"canonical\" href=\"https:\/\/www.suno.com.br\/noticias\/via-varejo-vvar3-casas-bahia-globo-acordo-t-commerce\/\" \/>\n<meta property=\"og:locale\" content=\"pt_BR\" \/>\n<meta property=\"og:type\" content=\"article\" \/>\n<meta property=\"og:title\" content=\"Via Varejo (VVAR3):Casas Bahia e Globo firmam acordo para T-commerce\" \/>\n<meta property=\"og:description\" content=\"A Globo firmou parceria junto \u00e0s Casas Bahia, controlada pela Via Varejo (VVAR3), para com\u00e9rcio em tempo real na TV. Clique para saber mais\" \/>\n<meta property=\"og:url\" content=\"https:\/\/www.suno.com.br\/noticias\/via-varejo-vvar3-casas-bahia-globo-acordo-t-commerce\/\" \/>\n<meta property=\"og:site_name\" content=\"Suno Not\u00edcias\" \/>\n<meta property=\"article:publisher\" content=\"https:\/\/facebook.com\/sunoresearch\" \/>\n<meta property=\"og:image\" content=\"https:\/\/files.sunoresearch.com.br\/n\/uploads\/2020\/08\/12aa6e97-casas-bahia.jpg\" \/>\n\t<meta property=\"og:image:width\" content=\"1024\" \/>\n\t<meta property=\"og:image:height\" content=\"683\" \/>\n\t<meta property=\"og:image:type\" content=\"image\/jpeg\" \/>\n<meta name=\"author\" content=\"Arthur Guimar\u00e3es\" \/>\n<meta name=\"twitter:card\" content=\"summary_large_image\" \/>\n<meta name=\"twitter:creator\" content=\"@sunoresearch\" \/>\n<meta name=\"twitter:site\" content=\"@sunoresearch\" \/>\n<meta name=\"twitter:label1\" content=\"Escrito por\" \/>\n\t<meta name=\"twitter:data1\" content=\"Arthur Guimar\u00e3es\" \/>\n\t<meta name=\"twitter:label2\" content=\"Est. tempo de leitura\" \/>\n\t<meta name=\"twitter:data2\" content=\"2 minutos\" \/>\n<script type=\"application\/ld+json\" class=\"yoast-schema-graph\">{\"@context\":\"https:\/\/schema.org\",\"@graph\":[{\"@type\":\"NewsArticle\",\"@id\":\"https:\/\/www.suno.com.br\/noticias\/via-varejo-vvar3-casas-bahia-globo-acordo-t-commerce\/#article\",\"isPartOf\":{\"@id\":\"https:\/\/www.suno.com.br\/noticias\/via-varejo-vvar3-casas-bahia-globo-acordo-t-commerce\/\"},\"author\":{\"name\":\"Arthur Guimar\u00e3es\",\"@id\":\"https:\/\/www.suno.com.br\/noticias\/#\/schema\/person\/053a750a709a263919a20f976caae91c\"},\"headline\":\"Via Varejo (VVAR3): Casas Bahia e Globo firmam acordo para T-commerce\",\"datePublished\":\"2020-08-12T18:44:57+00:00\",\"dateModified\":\"2020-08-12T19:25:22+00:00\",\"mainEntityOfPage\":{\"@id\":\"https:\/\/www.suno.com.br\/noticias\/via-varejo-vvar3-casas-bahia-globo-acordo-t-commerce\/\"},\"wordCount\":447,\"publisher\":{\"@id\":\"https:\/\/www.suno.com.br\/noticias\/#organization\"},\"image\":{\"@id\":\"https:\/\/www.suno.com.br\/noticias\/via-varejo-vvar3-casas-bahia-globo-acordo-t-commerce\/#primaryimage\"},\"thumbnailUrl\":\"https:\/\/files.sunoresearch.com.br\/n\/uploads\/2020\/08\/12aa6e97-casas-bahia-jpg.webp\",\"keywords\":[\"Globo\",\"Via (VIIA3)\"],\"articleSection\":[\"Neg\u00f3cios\"],\"inLanguage\":\"pt-BR\"},{\"@type\":\"WebPage\",\"@id\":\"https:\/\/www.suno.com.br\/noticias\/via-varejo-vvar3-casas-bahia-globo-acordo-t-commerce\/\",\"url\":\"https:\/\/www.suno.com.br\/noticias\/via-varejo-vvar3-casas-bahia-globo-acordo-t-commerce\/\",\"name\":\"Via Varejo (VVAR3):Casas Bahia e Globo firmam acordo para T-commerce\",\"isPartOf\":{\"@id\":\"https:\/\/www.suno.com.br\/noticias\/#website\"},\"primaryImageOfPage\":{\"@id\":\"https:\/\/www.suno.com.br\/noticias\/via-varejo-vvar3-casas-bahia-globo-acordo-t-commerce\/#primaryimage\"},\"image\":{\"@id\":\"https:\/\/www.suno.com.br\/noticias\/via-varejo-vvar3-casas-bahia-globo-acordo-t-commerce\/#primaryimage\"},\"thumbnailUrl\":\"https:\/\/files.sunoresearch.com.br\/n\/uploads\/2020\/08\/12aa6e97-casas-bahia-jpg.webp\",\"datePublished\":\"2020-08-12T18:44:57+00:00\",\"dateModified\":\"2020-08-12T19:25:22+00:00\",\"description\":\"A Globo firmou parceria junto \u00e0s Casas Bahia, controlada pela Via Varejo (VVAR3), para com\u00e9rcio em tempo real na TV. Clique para saber mais\",\"breadcrumb\":{\"@id\":\"https:\/\/www.suno.com.br\/noticias\/via-varejo-vvar3-casas-bahia-globo-acordo-t-commerce\/#breadcrumb\"},\"inLanguage\":\"pt-BR\",\"potentialAction\":[{\"@type\":\"ReadAction\",\"target\":[\"https:\/\/www.suno.com.br\/noticias\/via-varejo-vvar3-casas-bahia-globo-acordo-t-commerce\/\"]}]},{\"@type\":\"ImageObject\",\"inLanguage\":\"pt-BR\",\"@id\":\"https:\/\/www.suno.com.br\/noticias\/via-varejo-vvar3-casas-bahia-globo-acordo-t-commerce\/#primaryimage\",\"url\":\"https:\/\/files.sunoresearch.com.br\/n\/uploads\/2020\/08\/12aa6e97-casas-bahia-jpg.webp\",\"contentUrl\":\"https:\/\/files.sunoresearch.com.br\/n\/uploads\/2020\/08\/12aa6e97-casas-bahia-jpg.webp\",\"width\":1024,\"height\":683,\"caption\":\"Para Via Varejo (VVAR3), mercado ainda n\u00e3o precificou aposta no Banqi\"},{\"@type\":\"BreadcrumbList\",\"@id\":\"https:\/\/www.suno.com.br\/noticias\/via-varejo-vvar3-casas-bahia-globo-acordo-t-commerce\/#breadcrumb\",\"itemListElement\":[{\"@type\":\"ListItem\",\"position\":1,\"name\":\"Not\u00edcias\",\"item\":\"https:\/\/www.suno.com.br\/noticias\/\"},{\"@type\":\"ListItem\",\"position\":2,\"name\":\"Neg\u00f3cios\",\"item\":\"https:\/\/www.suno.com.br\/noticias\/negocios\/\"},{\"@type\":\"ListItem\",\"position\":3,\"name\":\"Via Varejo (VVAR3): Casas Bahia e Globo firmam acordo para T-commerce\"}]},{\"@type\":\"WebSite\",\"@id\":\"https:\/\/www.suno.com.br\/noticias\/#website\",\"url\":\"https:\/\/www.suno.com.br\/noticias\/\",\"name\":\"Suno Not\u00edcias\",\"description\":\"Seu portal de informa\u00e7\u00e3o sobre o mundo dos investimentos\",\"publisher\":{\"@id\":\"https:\/\/www.suno.com.br\/noticias\/#organization\"},\"potentialAction\":[{\"@type\":\"SearchAction\",\"target\":{\"@type\":\"EntryPoint\",\"urlTemplate\":\"https:\/\/www.suno.com.br\/noticias\/?s={search_term_string}\"},\"query-input\":{\"@type\":\"PropertyValueSpecification\",\"valueRequired\":true,\"valueName\":\"search_term_string\"}}],\"inLanguage\":\"pt-BR\"},{\"@type\":\"Organization\",\"@id\":\"https:\/\/www.suno.com.br\/noticias\/#organization\",\"name\":\"Suno Not\u00edcias\",\"url\":\"https:\/\/www.suno.com.br\/noticias\/\",\"logo\":{\"@type\":\"ImageObject\",\"inLanguage\":\"pt-BR\",\"@id\":\"https:\/\/www.suno.com.br\/noticias\/#\/schema\/logo\/image\/\",\"url\":\"https:\/\/files.sunoresearch.com.br\/n\/uploads\/2021\/09\/suno-logo.png\",\"contentUrl\":\"https:\/\/files.sunoresearch.com.br\/n\/uploads\/2021\/09\/suno-logo.png\",\"width\":180,\"height\":180,\"caption\":\"Suno Not\u00edcias\"},\"image\":{\"@id\":\"https:\/\/www.suno.com.br\/noticias\/#\/schema\/logo\/image\/\"},\"sameAs\":[\"https:\/\/facebook.com\/sunoresearch\",\"https:\/\/x.com\/sunoresearch\",\"https:\/\/www.instagram.com\/suno\",\"https:\/\/www.linkedin.com\/company\/suno-research\/\",\"https:\/\/www.youtube.com\/c\/sunoresearch\"]},{\"@type\":\"Person\",\"@id\":\"https:\/\/www.suno.com.br\/noticias\/#\/schema\/person\/053a750a709a263919a20f976caae91c\",\"name\":\"Arthur Guimar\u00e3es\",\"image\":{\"@type\":\"ImageObject\",\"inLanguage\":\"pt-BR\",\"@id\":\"https:\/\/www.suno.com.br\/noticias\/#\/schema\/person\/image\/\",\"url\":\"https:\/\/secure.gravatar.com\/avatar\/1affd86a11209ae09eb6dd3bcad3e96c?s=96&r=g\",\"contentUrl\":\"https:\/\/secure.gravatar.com\/avatar\/1affd86a11209ae09eb6dd3bcad3e96c?s=96&r=g\",\"caption\":\"Arthur Guimar\u00e3es\"},\"description\":\"Arthur Guimar\u00e3es escreve sobre pol\u00edtica, economia e neg\u00f3cios para o portal de not\u00edcias da Suno Research. Atualmente, \u00e9 estudante de jornalismo pela Faculdade C\u00e1sper L\u00edbero.\",\"url\":\"https:\/\/www.suno.com.br\/noticias\/author\/arthur-guimaraes\/\"}]}<\/script>\n<!-- \/ Yoast SEO plugin. -->","yoast_head_json":{"title":"Via Varejo (VVAR3):Casas Bahia e Globo firmam acordo para T-commerce","description":"A Globo firmou parceria junto \u00e0s Casas Bahia, controlada pela Via Varejo (VVAR3), para com\u00e9rcio em tempo real na TV. Clique para saber mais","robots":{"index":"index","follow":"follow","max-snippet":"max-snippet:-1","max-image-preview":"max-image-preview:large","max-video-preview":"max-video-preview:-1"},"canonical":"https:\/\/www.suno.com.br\/noticias\/via-varejo-vvar3-casas-bahia-globo-acordo-t-commerce\/","og_locale":"pt_BR","og_type":"article","og_title":"Via Varejo (VVAR3):Casas Bahia e Globo firmam acordo para T-commerce","og_description":"A Globo firmou parceria junto \u00e0s Casas Bahia, controlada pela Via Varejo (VVAR3), para com\u00e9rcio em tempo real na TV. Clique para saber mais","og_url":"https:\/\/www.suno.com.br\/noticias\/via-varejo-vvar3-casas-bahia-globo-acordo-t-commerce\/","og_site_name":"Suno Not\u00edcias","article_publisher":"https:\/\/facebook.com\/sunoresearch","og_image":[{"width":1024,"height":683,"url":"https:\/\/files.sunoresearch.com.br\/n\/uploads\/2020\/08\/12aa6e97-casas-bahia.jpg","type":"image\/jpeg"}],"author":"Arthur Guimar\u00e3es","twitter_card":"summary_large_image","twitter_creator":"@sunoresearch","twitter_site":"@sunoresearch","twitter_misc":{"Escrito por":"Arthur Guimar\u00e3es","Est. tempo de leitura":"2 minutos"},"schema":{"@context":"https:\/\/schema.org","@graph":[{"@type":"NewsArticle","@id":"https:\/\/www.suno.com.br\/noticias\/via-varejo-vvar3-casas-bahia-globo-acordo-t-commerce\/#article","isPartOf":{"@id":"https:\/\/www.suno.com.br\/noticias\/via-varejo-vvar3-casas-bahia-globo-acordo-t-commerce\/"},"author":{"name":"Arthur Guimar\u00e3es","@id":"https:\/\/www.suno.com.br\/noticias\/#\/schema\/person\/053a750a709a263919a20f976caae91c"},"headline":"Via Varejo (VVAR3): Casas Bahia e Globo firmam acordo para T-commerce","datePublished":"2020-08-12T18:44:57+00:00","dateModified":"2020-08-12T19:25:22+00:00","mainEntityOfPage":{"@id":"https:\/\/www.suno.com.br\/noticias\/via-varejo-vvar3-casas-bahia-globo-acordo-t-commerce\/"},"wordCount":447,"publisher":{"@id":"https:\/\/www.suno.com.br\/noticias\/#organization"},"image":{"@id":"https:\/\/www.suno.com.br\/noticias\/via-varejo-vvar3-casas-bahia-globo-acordo-t-commerce\/#primaryimage"},"thumbnailUrl":"https:\/\/files.sunoresearch.com.br\/n\/uploads\/2020\/08\/12aa6e97-casas-bahia-jpg.webp","keywords":["Globo","Via (VIIA3)"],"articleSection":["Neg\u00f3cios"],"inLanguage":"pt-BR"},{"@type":"WebPage","@id":"https:\/\/www.suno.com.br\/noticias\/via-varejo-vvar3-casas-bahia-globo-acordo-t-commerce\/","url":"https:\/\/www.suno.com.br\/noticias\/via-varejo-vvar3-casas-bahia-globo-acordo-t-commerce\/","name":"Via Varejo (VVAR3):Casas Bahia e Globo firmam acordo para T-commerce","isPartOf":{"@id":"https:\/\/www.suno.com.br\/noticias\/#website"},"primaryImageOfPage":{"@id":"https:\/\/www.suno.com.br\/noticias\/via-varejo-vvar3-casas-bahia-globo-acordo-t-commerce\/#primaryimage"},"image":{"@id":"https:\/\/www.suno.com.br\/noticias\/via-varejo-vvar3-casas-bahia-globo-acordo-t-commerce\/#primaryimage"},"thumbnailUrl":"https:\/\/files.sunoresearch.com.br\/n\/uploads\/2020\/08\/12aa6e97-casas-bahia-jpg.webp","datePublished":"2020-08-12T18:44:57+00:00","dateModified":"2020-08-12T19:25:22+00:00","description":"A Globo firmou parceria junto \u00e0s Casas Bahia, controlada pela Via Varejo (VVAR3), para com\u00e9rcio em tempo real na TV. Clique para saber mais","breadcrumb":{"@id":"https:\/\/www.suno.com.br\/noticias\/via-varejo-vvar3-casas-bahia-globo-acordo-t-commerce\/#breadcrumb"},"inLanguage":"pt-BR","potentialAction":[{"@type":"ReadAction","target":["https:\/\/www.suno.com.br\/noticias\/via-varejo-vvar3-casas-bahia-globo-acordo-t-commerce\/"]}]},{"@type":"ImageObject","inLanguage":"pt-BR","@id":"https:\/\/www.suno.com.br\/noticias\/via-varejo-vvar3-casas-bahia-globo-acordo-t-commerce\/#primaryimage","url":"https:\/\/files.sunoresearch.com.br\/n\/uploads\/2020\/08\/12aa6e97-casas-bahia-jpg.webp","contentUrl":"https:\/\/files.sunoresearch.com.br\/n\/uploads\/2020\/08\/12aa6e97-casas-bahia-jpg.webp","width":1024,"height":683,"caption":"Para Via Varejo (VVAR3), mercado ainda n\u00e3o precificou aposta no Banqi"},{"@type":"BreadcrumbList","@id":"https:\/\/www.suno.com.br\/noticias\/via-varejo-vvar3-casas-bahia-globo-acordo-t-commerce\/#breadcrumb","itemListElement":[{"@type":"ListItem","position":1,"name":"Not\u00edcias","item":"https:\/\/www.suno.com.br\/noticias\/"},{"@type":"ListItem","position":2,"name":"Neg\u00f3cios","item":"https:\/\/www.suno.com.br\/noticias\/negocios\/"},{"@type":"ListItem","position":3,"name":"Via Varejo (VVAR3): Casas Bahia e Globo firmam acordo para T-commerce"}]},{"@type":"WebSite","@id":"https:\/\/www.suno.com.br\/noticias\/#website","url":"https:\/\/www.suno.com.br\/noticias\/","name":"Suno Not\u00edcias","description":"Seu portal de informa\u00e7\u00e3o sobre o mundo dos investimentos","publisher":{"@id":"https:\/\/www.suno.com.br\/noticias\/#organization"},"potentialAction":[{"@type":"SearchAction","target":{"@type":"EntryPoint","urlTemplate":"https:\/\/www.suno.com.br\/noticias\/?s={search_term_string}"},"query-input":{"@type":"PropertyValueSpecification","valueRequired":true,"valueName":"search_term_string"}}],"inLanguage":"pt-BR"},{"@type":"Organization","@id":"https:\/\/www.suno.com.br\/noticias\/#organization","name":"Suno Not\u00edcias","url":"https:\/\/www.suno.com.br\/noticias\/","logo":{"@type":"ImageObject","inLanguage":"pt-BR","@id":"https:\/\/www.suno.com.br\/noticias\/#\/schema\/logo\/image\/","url":"https:\/\/files.sunoresearch.com.br\/n\/uploads\/2021\/09\/suno-logo.png","contentUrl":"https:\/\/files.sunoresearch.com.br\/n\/uploads\/2021\/09\/suno-logo.png","width":180,"height":180,"caption":"Suno Not\u00edcias"},"image":{"@id":"https:\/\/www.suno.com.br\/noticias\/#\/schema\/logo\/image\/"},"sameAs":["https:\/\/facebook.com\/sunoresearch","https:\/\/x.com\/sunoresearch","https:\/\/www.instagram.com\/suno","https:\/\/www.linkedin.com\/company\/suno-research\/","https:\/\/www.youtube.com\/c\/sunoresearch"]},{"@type":"Person","@id":"https:\/\/www.suno.com.br\/noticias\/#\/schema\/person\/053a750a709a263919a20f976caae91c","name":"Arthur Guimar\u00e3es","image":{"@type":"ImageObject","inLanguage":"pt-BR","@id":"https:\/\/www.suno.com.br\/noticias\/#\/schema\/person\/image\/","url":"https:\/\/secure.gravatar.com\/avatar\/1affd86a11209ae09eb6dd3bcad3e96c?s=96&r=g","contentUrl":"https:\/\/secure.gravatar.com\/avatar\/1affd86a11209ae09eb6dd3bcad3e96c?s=96&r=g","caption":"Arthur Guimar\u00e3es"},"description":"Arthur Guimar\u00e3es escreve sobre pol\u00edtica, economia e neg\u00f3cios para o portal de not\u00edcias da Suno Research. Atualmente, \u00e9 estudante de jornalismo pela Faculdade C\u00e1sper L\u00edbero.","url":"https:\/\/www.suno.com.br\/noticias\/author\/arthur-guimaraes\/"}]}},"default_loop_html":"<div class=\"cardsPage__listCard__boxs\"><div class=\"cardsPage__listCard__boxs__img\"><a href=\"https:\/\/www.suno.com.br\/noticias\/via-varejo-vvar3-casas-bahia-globo-acordo-t-commerce\/\"><img class=\"mask\" src=\"https:\/\/www.suno.com.br\/noticias\/wp-content\/themes\/suno\/resources\/images\/spotlight\/spotlight1img\/bg-mask.png\" alt=\"Image Mask\"\/><img src=\"https:\/\/files.sunoresearch.com.br\/n\/uploads\/2020\/08\/12aa6e97-casas-bahia-400x200.webp\" alt=\"Via Varejo (VVAR3): Casas Bahia e Globo firmam acordo para T-commerce\"\/><\/a><span class=\"spotlightCategory\"><a href=\"https:\/\/www.suno.com.br\/noticias\/negocios\/\">Neg\u00f3cios<\/a><\/span><\/div><div class=\"cardsPage__listCard__boxs__content\"><a href=\"https:\/\/www.suno.com.br\/noticias\/via-varejo-vvar3-casas-bahia-globo-acordo-t-commerce\/\"><h2 class=\"content__title\">Via Varejo (VVAR3): Casas Bahia e Globo firmam acordo para T-commerce<\/h2><\/a><div class=\"newsContent__article__meta\"><div class=\"newsContent__article__meta__authorBox\"><a href=\"https:\/\/www.suno.com.br\/noticias\/author\/arthur-guimaraes\/\" class=\"authorBox__avatar noMobi\"><img src=\"https:\/\/files.sunoresearch.com.br\/n\/uploads\/2020\/02\/dfb40897-eu-150x150.webp\" alt=\"Arthur Guimar\u00e3es\"><\/a><div class=\"authorBox__name\"><span>por\n\t\t\t<a href=\"https:\/\/www.suno.com.br\/noticias\/author\/arthur-guimaraes\/\"><span itemprop=\"author\">Arthur Guimar\u00e3es<\/span><\/a><\/span><time datetime=\"2020-08-12T15:44:57-03:00\" itemprop=\"datePublished\">12\/08\/2020 15:44<\/time><\/div><\/div><\/div><\/div><\/div>","single_layout":"posts","amp_enabled":true,"_links":{"self":[{"href":"https:\/\/www.suno.com.br\/noticias\/wp-json\/wp\/v2\/posts\/77936"}],"collection":[{"href":"https:\/\/www.suno.com.br\/noticias\/wp-json\/wp\/v2\/posts"}],"about":[{"href":"https:\/\/www.suno.com.br\/noticias\/wp-json\/wp\/v2\/types\/post"}],"author":[{"embeddable":true,"href":"https:\/\/www.suno.com.br\/noticias\/wp-json\/wp\/v2\/users\/35"}],"replies":[{"embeddable":true,"href":"https:\/\/www.suno.com.br\/noticias\/wp-json\/wp\/v2\/comments?post=77936"}],"version-history":[{"count":0,"href":"https:\/\/www.suno.com.br\/noticias\/wp-json\/wp\/v2\/posts\/77936\/revisions"}],"wp:featuredmedia":[{"embeddable":true,"href":"https:\/\/www.suno.com.br\/noticias\/wp-json\/wp\/v2\/media\/77943"}],"wp:attachment":[{"href":"https:\/\/www.suno.com.br\/noticias\/wp-json\/wp\/v2\/media?parent=77936"}],"wp:term":[{"taxonomy":"category","embeddable":true,"href":"https:\/\/www.suno.com.br\/noticias\/wp-json\/wp\/v2\/categories?post=77936"},{"taxonomy":"post_tag","embeddable":true,"href":"https:\/\/www.suno.com.br\/noticias\/wp-json\/wp\/v2\/tags?post=77936"},{"taxonomy":"suno_strategy","embeddable":true,"href":"https:\/\/www.suno.com.br\/noticias\/wp-json\/wp\/v2\/suno_strategy?post=77936"}],"curies":[{"name":"wp","href":"https:\/\/api.w.org\/{rel}","templated":true}]}}