{"id":77627,"date":"2020-08-11T12:54:55","date_gmt":"2020-08-11T15:54:55","guid":{"rendered":"https:\/\/www.suno.com.br\/noticias\/?p=77627"},"modified":"2020-08-11T12:54:55","modified_gmt":"2020-08-11T15:54:55","slug":"argentina-acordo-fmi-no-comeco-de-2021","status":"publish","type":"post","link":"https:\/\/www.suno.com.br\/noticias\/argentina-acordo-fmi-no-comeco-de-2021\/","title":{"rendered":"Argentina prev\u00ea acordo com FMI no come\u00e7o de 2021, diz ministro"},"content":{"rendered":"<p>A <strong>Argentina<\/strong> pode chegar a um acordo com o <a href=\"https:\/\/www.suno.com.br\/artigos\/fmi\/\">Fundo Monet\u00e1rio Internacional (FMI)<\/a> para a reestrutura\u00e7\u00e3o de suas d\u00edvidas junto \u00e0 institui\u00e7\u00e3o no come\u00e7o de 2021. A informa\u00e7\u00e3o foi revelada pelo ministro da Economia do Pa\u00eds, Mart\u00edn Guzm\u00e1n, nesta ter\u00e7a-feira (11).<\/p>\t<div class=\"wrapper-featured-image\">\n\t\t<figure class=\"spotlightImg\">\n\n\t\t\t<picture>\n\t\t\t\t<source media=\"(max-width: 768px)\" srcset=\"https:\/\/files.sunoresearch.com.br\/n\/uploads\/2020\/08\/0407e6ad-2019-12-11t230934z_1284575298_rc2btd952joz_rtrmadp_3_argentina-economy-400x200.webp\">\n\t\t\t\t<img loading=\"lazy\" decoding=\"async\" class=\"newsContent__article__imgCapa lazyloadDisabled \" src=\"https:\/\/files.sunoresearch.com.br\/n\/uploads\/2020\/08\/0407e6ad-2019-12-11t230934z_1284575298_rc2btd952joz_rtrmadp_3_argentina-economy-800x450.webp\" width=\"800\" height=\"450\" alt=\"Argentina prev\u00ea acordo com FMI no come\u00e7o de 2021, diz ministro\" fetchpriority=high \/>\n\t\t\t<\/picture>\n\n\t\t\t<figcaption class=\"wp-caption-text wp-caption-text--show\">Argentina quer fechar acordo com o FMI at\u00e9 o come\u00e7o do ano que vem. <\/figcaption>\n\t\t<\/figure>\n\t<\/div>\n\n\n<div class=\"hubspot-form-wrapper\">\n\t<div id=\"single-form-target\"><\/div>\n<\/div>\n\n<p>Segundo o ministro, no entanto, as negocia\u00e7\u00f5es s\u00e3o complicadas e devem durar meses. &#8220;A negocia\u00e7\u00e3o com o Fundo ser\u00e1 dura e complexa. N\u00e3o achamos que o acordo ser\u00e1 r\u00e1pido por causa da quantidade de quest\u00f5es que temos que negociar. Levar\u00e1 meses, mas \u00e9 poss\u00edvel que podemos fech\u00e1-lo no come\u00e7o do ano que vem\u201d, disse em entrevista \u00e0 r\u00e1dio Metro.<\/p>\n<p>O chefe da pasta econ\u00f4mica argentina n\u00e3o descarta que a institui\u00e7\u00e3o internacional possa impor alguma condi\u00e7\u00f5es nas conversas, como exigir uma flexibiliza\u00e7\u00e3o das leis trabalhistas ou alguma reforma da Previd\u00eancia no pa\u00eds. <strong>Guzm\u00e1n<\/strong>, todavia, salientou que o pa\u00eds n\u00e3o ir\u00e1 aceitar nenhuma condi\u00e7\u00e3o imposta que v\u00e1 contra o &#8220;desenvolvimento da Argentina&#8221;.<\/p>\n<p><a href=\"https:\/\/lp.suno.com.br\/suno-one\/\">Suno One: acesse gratuitamente eBooks, Minicursos, Artigos e Video Aulas sobre investimentos com um \u00fanico cadastro. Clique para saber mais!<\/a><\/p>\n<p>Segundo ele, as d\u00favidas e desconfian\u00e7a sobre a economia da Argentina est\u00e3o sendo dissipadas. Isso ocorre devido ao apoio de organiza\u00e7\u00f5es internacionais, como o <a href=\"https:\/\/www.suno.com.br\/artigos\/g20\/\">G20<\/a>, da continuidade nas negocia\u00e7\u00f5es com credores privados e pelo apoio do pr\u00f3prio FMI.<\/p>\n<p>De acordo com o ministro, h\u00e1 uma &#8220;clareza&#8221; muito maior na rela\u00e7\u00e3o com atores-chave para o pa\u00eds do que o pr\u00f3prio governo esperava ao assumir o poder, no fim do ano passado.<\/p>\n<p>Na \u00faltima ter\u00e7a-feira (4), o pa\u00eds anunciou que <a href=\"https:\/\/www.suno.com.br\/noticias\/argentina-fecha-acordo-com-credores-reestruturacao\/\">fechou um acordo com tr\u00eas grupos de credores para a reestrutura\u00e7\u00e3o <\/a>da d\u00edvida de US$ 65 bilh\u00f5es (cerca de R$ 348,12 bilh\u00f5es). O entendimento entre as partes far\u00e1 com que o pa\u00eds possa sair da inadimpl\u00eancia, ap\u00f3s ter deixado de pagar os juros da d\u00edvida soberana do primeiro semestre deste ano.<\/p>\n\t<div data-element=\"shortcode-read-more\" class=\"knowMore\">\n\t\t\t\t<span class=\"knowMore__title\">Veja tamb\u00e9m<\/span>\n\t\t\t\t<a class=\"knowMore__link\" href=\"https:\/\/www.suno.com.br\/noticias\/argentina-pede-adiamento-eleicoes-bid\/\">\n\t\t\tArgentina pede adiamento das elei\u00e7\u00f5es do BID junto a pa\u00edses da AL\t\t<\/a>\n\t<\/div>\n\n\n<p>O ministro tamb\u00e9m pontuou que 2021 deve ser positivo para a economia da <strong>Argentina<\/strong> e afirmou esperar uma recupera\u00e7\u00e3o do sal\u00e1rio real no pa\u00eds, que foi impactado pela pandemia do <a href=\"https:\/\/www.suno.com.br\/noticias\/?s=coronavirus\">novo coronav\u00edrus (Covid-19)<\/a>. &#8220;Vemos um no bom pela frente, embora dependa da velocidade com a qual a pandemia ser\u00e1 eliminada&#8221;, afirmou.<\/p>\n\t<p>\n\t\t<a href=\"https:\/\/lp.suno.com.br\/planilha-de-controle-de-investimentos\/\" target=\"_blank\" data-element=\"shortcode-suno-banner\" title=\"Banner SUNO, clique e saiba mais\">\n\t\t\t<picture>\n\t\t\t\t<source media=\"(max-width: 500px)\" srcset=\"https:\/\/files.sunoresearch.com.br\/n\/uploads\/2023\/03\/400x300-Controle-de-Investimentos.png\">\n\t\t\t\t<img class=\"newsContent__article__imgCapa newsContent__article__imgCapa--banner\"\n\t\t\t\t\tsrc=\"https:\/\/files.sunoresearch.com.br\/n\/uploads\/2023\/03\/1420x240-Controle-de-Investimentos.png\"\n\t\t\t\t\tdata-promo-id=\"75934\"\t\t\t\t\t\t\t\t\t\twidth='1420' height='240'\t\t\t\t\talt=\"https:\/\/files.sunoresearch.com.br\/n\/uploads\/2023\/03\/1420x240-Controle-de-Investimentos.png\"\n\t\t\t\t>\n\t\t\t<\/picture>\n\t\t<\/a>\n\t<\/p>\n\n\n","protected":false},"excerpt":{"rendered":"<p>A Argentina pode chegar a um acordo com o Fundo Monet\u00e1rio Internacional (FMI) para a reestrutura\u00e7\u00e3o de suas d\u00edvidas junto \u00e0 institui\u00e7\u00e3o no come\u00e7o de 2021. A informa\u00e7\u00e3o foi revelada pelo ministro da Economia do Pa\u00eds, Mart\u00edn Guzm\u00e1n, nesta ter\u00e7a-feira (11). Argentina quer fechar acordo com o FMI at\u00e9 o come\u00e7o do ano que vem. [&hellip;]<\/p>\n","protected":false},"author":24,"featured_media":77628,"comment_status":"closed","ping_status":"closed","sticky":false,"template":"","format":"standard","meta":[],"categories":[63],"tags":[699,1858,806],"suno_strategy":[],"class_list":["post-77627","post","type-post","status-publish","format-standard","has-post-thumbnail","hentry","category-internacional","tag-argentina","tag-endividamento","tag-fundo-monetario-internacional-fmi"],"yoast_head":"<!-- This site is optimized with the Yoast SEO plugin v24.4 - https:\/\/yoast.com\/wordpress\/plugins\/seo\/ -->\n<title>Argentina prev\u00ea acordo com FMI no come\u00e7o de 2021, diz ministro<\/title>\n<meta name=\"description\" content=\"A Argentina pode chegar a um acordo com o FMI para a reestrutura\u00e7\u00e3o de suas d\u00edvidas no come\u00e7o de 2021. Clique aqui e saiba mais.\" \/>\n<meta name=\"robots\" content=\"index, follow, max-snippet:-1, max-image-preview:large, max-video-preview:-1\" \/>\n<link rel=\"canonical\" href=\"https:\/\/www.suno.com.br\/noticias\/argentina-acordo-fmi-no-comeco-de-2021\/\" \/>\n<meta property=\"og:locale\" content=\"pt_BR\" \/>\n<meta property=\"og:type\" content=\"article\" \/>\n<meta property=\"og:title\" content=\"Argentina prev\u00ea acordo com FMI no come\u00e7o de 2021, diz ministro\" \/>\n<meta property=\"og:description\" content=\"A Argentina pode chegar a um acordo com o FMI para a reestrutura\u00e7\u00e3o de suas d\u00edvidas no come\u00e7o de 2021. Clique aqui e saiba mais.\" \/>\n<meta property=\"og:url\" content=\"https:\/\/www.suno.com.br\/noticias\/argentina-acordo-fmi-no-comeco-de-2021\/\" \/>\n<meta property=\"og:site_name\" content=\"Suno Not\u00edcias\" \/>\n<meta property=\"article:publisher\" content=\"https:\/\/facebook.com\/sunoresearch\" \/>\n<meta property=\"og:image\" content=\"https:\/\/files.sunoresearch.com.br\/n\/uploads\/2020\/08\/0407e6ad-2019-12-11t230934z_1284575298_rc2btd952joz_rtrmadp_3_argentina-economy.jpg\" \/>\n\t<meta property=\"og:image:width\" content=\"1380\" \/>\n\t<meta property=\"og:image:height\" content=\"920\" \/>\n\t<meta property=\"og:image:type\" content=\"image\/jpeg\" \/>\n<meta name=\"author\" content=\"Jader Lazarini\" \/>\n<meta name=\"twitter:card\" content=\"summary_large_image\" \/>\n<meta name=\"twitter:creator\" content=\"@sunoresearch\" \/>\n<meta name=\"twitter:site\" content=\"@sunoresearch\" \/>\n<meta name=\"twitter:label1\" content=\"Escrito por\" \/>\n\t<meta name=\"twitter:data1\" content=\"Jader Lazarini\" \/>\n\t<meta name=\"twitter:label2\" content=\"Est. tempo de leitura\" \/>\n\t<meta name=\"twitter:data2\" content=\"2 minutos\" \/>\n<script type=\"application\/ld+json\" class=\"yoast-schema-graph\">{\"@context\":\"https:\/\/schema.org\",\"@graph\":[{\"@type\":\"NewsArticle\",\"@id\":\"https:\/\/www.suno.com.br\/noticias\/argentina-acordo-fmi-no-comeco-de-2021\/#article\",\"isPartOf\":{\"@id\":\"https:\/\/www.suno.com.br\/noticias\/argentina-acordo-fmi-no-comeco-de-2021\/\"},\"author\":{\"name\":\"Jader Lazarini\",\"@id\":\"https:\/\/www.suno.com.br\/noticias\/#\/schema\/person\/918d79de1f0281f01599b93f9ea6e23f\"},\"headline\":\"Argentina prev\u00ea acordo com FMI no come\u00e7o de 2021, diz ministro\",\"datePublished\":\"2020-08-11T15:54:55+00:00\",\"mainEntityOfPage\":{\"@id\":\"https:\/\/www.suno.com.br\/noticias\/argentina-acordo-fmi-no-comeco-de-2021\/\"},\"wordCount\":433,\"publisher\":{\"@id\":\"https:\/\/www.suno.com.br\/noticias\/#organization\"},\"image\":{\"@id\":\"https:\/\/www.suno.com.br\/noticias\/argentina-acordo-fmi-no-comeco-de-2021\/#primaryimage\"},\"thumbnailUrl\":\"https:\/\/files.sunoresearch.com.br\/n\/uploads\/2020\/08\/0407e6ad-2019-12-11t230934z_1284575298_rc2btd952joz_rtrmadp_3_argentina-economy-jpg.webp\",\"keywords\":[\"Argentina\",\"endividamento\",\"Fundo Monet\u00e1rio Internacional (FMI)\"],\"articleSection\":[\"Internacional\"],\"inLanguage\":\"pt-BR\"},{\"@type\":\"WebPage\",\"@id\":\"https:\/\/www.suno.com.br\/noticias\/argentina-acordo-fmi-no-comeco-de-2021\/\",\"url\":\"https:\/\/www.suno.com.br\/noticias\/argentina-acordo-fmi-no-comeco-de-2021\/\",\"name\":\"Argentina prev\u00ea acordo com FMI no come\u00e7o de 2021, diz ministro\",\"isPartOf\":{\"@id\":\"https:\/\/www.suno.com.br\/noticias\/#website\"},\"primaryImageOfPage\":{\"@id\":\"https:\/\/www.suno.com.br\/noticias\/argentina-acordo-fmi-no-comeco-de-2021\/#primaryimage\"},\"image\":{\"@id\":\"https:\/\/www.suno.com.br\/noticias\/argentina-acordo-fmi-no-comeco-de-2021\/#primaryimage\"},\"thumbnailUrl\":\"https:\/\/files.sunoresearch.com.br\/n\/uploads\/2020\/08\/0407e6ad-2019-12-11t230934z_1284575298_rc2btd952joz_rtrmadp_3_argentina-economy-jpg.webp\",\"datePublished\":\"2020-08-11T15:54:55+00:00\",\"description\":\"A Argentina pode chegar a um acordo com o FMI para a reestrutura\u00e7\u00e3o de suas d\u00edvidas no come\u00e7o de 2021. Clique aqui e saiba mais.\",\"breadcrumb\":{\"@id\":\"https:\/\/www.suno.com.br\/noticias\/argentina-acordo-fmi-no-comeco-de-2021\/#breadcrumb\"},\"inLanguage\":\"pt-BR\",\"potentialAction\":[{\"@type\":\"ReadAction\",\"target\":[\"https:\/\/www.suno.com.br\/noticias\/argentina-acordo-fmi-no-comeco-de-2021\/\"]}]},{\"@type\":\"ImageObject\",\"inLanguage\":\"pt-BR\",\"@id\":\"https:\/\/www.suno.com.br\/noticias\/argentina-acordo-fmi-no-comeco-de-2021\/#primaryimage\",\"url\":\"https:\/\/files.sunoresearch.com.br\/n\/uploads\/2020\/08\/0407e6ad-2019-12-11t230934z_1284575298_rc2btd952joz_rtrmadp_3_argentina-economy-jpg.webp\",\"contentUrl\":\"https:\/\/files.sunoresearch.com.br\/n\/uploads\/2020\/08\/0407e6ad-2019-12-11t230934z_1284575298_rc2btd952joz_rtrmadp_3_argentina-economy-jpg.webp\",\"width\":1380,\"height\":920,\"caption\":\"Argentina quer fechar acordo com o FMI at\u00e9 o come\u00e7o do ano que vem.\"},{\"@type\":\"BreadcrumbList\",\"@id\":\"https:\/\/www.suno.com.br\/noticias\/argentina-acordo-fmi-no-comeco-de-2021\/#breadcrumb\",\"itemListElement\":[{\"@type\":\"ListItem\",\"position\":1,\"name\":\"Not\u00edcias\",\"item\":\"https:\/\/www.suno.com.br\/noticias\/\"},{\"@type\":\"ListItem\",\"position\":2,\"name\":\"Internacional\",\"item\":\"https:\/\/www.suno.com.br\/noticias\/internacional\/\"},{\"@type\":\"ListItem\",\"position\":3,\"name\":\"Argentina prev\u00ea acordo com FMI no come\u00e7o de 2021, diz ministro\"}]},{\"@type\":\"WebSite\",\"@id\":\"https:\/\/www.suno.com.br\/noticias\/#website\",\"url\":\"https:\/\/www.suno.com.br\/noticias\/\",\"name\":\"Suno Not\u00edcias\",\"description\":\"Seu portal de informa\u00e7\u00e3o sobre o mundo dos investimentos\",\"publisher\":{\"@id\":\"https:\/\/www.suno.com.br\/noticias\/#organization\"},\"potentialAction\":[{\"@type\":\"SearchAction\",\"target\":{\"@type\":\"EntryPoint\",\"urlTemplate\":\"https:\/\/www.suno.com.br\/noticias\/?s={search_term_string}\"},\"query-input\":{\"@type\":\"PropertyValueSpecification\",\"valueRequired\":true,\"valueName\":\"search_term_string\"}}],\"inLanguage\":\"pt-BR\"},{\"@type\":\"Organization\",\"@id\":\"https:\/\/www.suno.com.br\/noticias\/#organization\",\"name\":\"Suno Not\u00edcias\",\"url\":\"https:\/\/www.suno.com.br\/noticias\/\",\"logo\":{\"@type\":\"ImageObject\",\"inLanguage\":\"pt-BR\",\"@id\":\"https:\/\/www.suno.com.br\/noticias\/#\/schema\/logo\/image\/\",\"url\":\"https:\/\/files.sunoresearch.com.br\/n\/uploads\/2021\/09\/suno-logo.png\",\"contentUrl\":\"https:\/\/files.sunoresearch.com.br\/n\/uploads\/2021\/09\/suno-logo.png\",\"width\":180,\"height\":180,\"caption\":\"Suno Not\u00edcias\"},\"image\":{\"@id\":\"https:\/\/www.suno.com.br\/noticias\/#\/schema\/logo\/image\/\"},\"sameAs\":[\"https:\/\/facebook.com\/sunoresearch\",\"https:\/\/x.com\/sunoresearch\",\"https:\/\/www.instagram.com\/suno\",\"https:\/\/www.linkedin.com\/company\/suno-research\/\",\"https:\/\/www.youtube.com\/c\/sunoresearch\"]},{\"@type\":\"Person\",\"@id\":\"https:\/\/www.suno.com.br\/noticias\/#\/schema\/person\/918d79de1f0281f01599b93f9ea6e23f\",\"name\":\"Jader Lazarini\",\"image\":{\"@type\":\"ImageObject\",\"inLanguage\":\"pt-BR\",\"@id\":\"https:\/\/www.suno.com.br\/noticias\/#\/schema\/person\/image\/\",\"url\":\"https:\/\/secure.gravatar.com\/avatar\/3c1ad8caa51589841baeb923fcddea97?s=96&r=g\",\"contentUrl\":\"https:\/\/secure.gravatar.com\/avatar\/3c1ad8caa51589841baeb923fcddea97?s=96&r=g\",\"caption\":\"Jader Lazarini\"},\"description\":\"Jader Lazarini escreve sobre investimentos, finan\u00e7as, economia e neg\u00f3cios. \u00c9 bacharel em Rela\u00e7\u00f5es Internacionais e analista CNPI (2619).\",\"url\":\"https:\/\/www.suno.com.br\/noticias\/author\/jader-lazarini\/\"}]}<\/script>\n<!-- \/ Yoast SEO plugin. -->","yoast_head_json":{"title":"Argentina prev\u00ea acordo com FMI no come\u00e7o de 2021, diz ministro","description":"A Argentina pode chegar a um acordo com o FMI para a reestrutura\u00e7\u00e3o de suas d\u00edvidas no come\u00e7o de 2021. Clique aqui e saiba mais.","robots":{"index":"index","follow":"follow","max-snippet":"max-snippet:-1","max-image-preview":"max-image-preview:large","max-video-preview":"max-video-preview:-1"},"canonical":"https:\/\/www.suno.com.br\/noticias\/argentina-acordo-fmi-no-comeco-de-2021\/","og_locale":"pt_BR","og_type":"article","og_title":"Argentina prev\u00ea acordo com FMI no come\u00e7o de 2021, diz ministro","og_description":"A Argentina pode chegar a um acordo com o FMI para a reestrutura\u00e7\u00e3o de suas d\u00edvidas no come\u00e7o de 2021. Clique aqui e saiba mais.","og_url":"https:\/\/www.suno.com.br\/noticias\/argentina-acordo-fmi-no-comeco-de-2021\/","og_site_name":"Suno Not\u00edcias","article_publisher":"https:\/\/facebook.com\/sunoresearch","og_image":[{"width":1380,"height":920,"url":"https:\/\/files.sunoresearch.com.br\/n\/uploads\/2020\/08\/0407e6ad-2019-12-11t230934z_1284575298_rc2btd952joz_rtrmadp_3_argentina-economy.jpg","type":"image\/jpeg"}],"author":"Jader Lazarini","twitter_card":"summary_large_image","twitter_creator":"@sunoresearch","twitter_site":"@sunoresearch","twitter_misc":{"Escrito por":"Jader Lazarini","Est. tempo de leitura":"2 minutos"},"schema":{"@context":"https:\/\/schema.org","@graph":[{"@type":"NewsArticle","@id":"https:\/\/www.suno.com.br\/noticias\/argentina-acordo-fmi-no-comeco-de-2021\/#article","isPartOf":{"@id":"https:\/\/www.suno.com.br\/noticias\/argentina-acordo-fmi-no-comeco-de-2021\/"},"author":{"name":"Jader Lazarini","@id":"https:\/\/www.suno.com.br\/noticias\/#\/schema\/person\/918d79de1f0281f01599b93f9ea6e23f"},"headline":"Argentina prev\u00ea acordo com FMI no come\u00e7o de 2021, diz ministro","datePublished":"2020-08-11T15:54:55+00:00","mainEntityOfPage":{"@id":"https:\/\/www.suno.com.br\/noticias\/argentina-acordo-fmi-no-comeco-de-2021\/"},"wordCount":433,"publisher":{"@id":"https:\/\/www.suno.com.br\/noticias\/#organization"},"image":{"@id":"https:\/\/www.suno.com.br\/noticias\/argentina-acordo-fmi-no-comeco-de-2021\/#primaryimage"},"thumbnailUrl":"https:\/\/files.sunoresearch.com.br\/n\/uploads\/2020\/08\/0407e6ad-2019-12-11t230934z_1284575298_rc2btd952joz_rtrmadp_3_argentina-economy-jpg.webp","keywords":["Argentina","endividamento","Fundo Monet\u00e1rio Internacional (FMI)"],"articleSection":["Internacional"],"inLanguage":"pt-BR"},{"@type":"WebPage","@id":"https:\/\/www.suno.com.br\/noticias\/argentina-acordo-fmi-no-comeco-de-2021\/","url":"https:\/\/www.suno.com.br\/noticias\/argentina-acordo-fmi-no-comeco-de-2021\/","name":"Argentina prev\u00ea acordo com FMI no come\u00e7o de 2021, diz ministro","isPartOf":{"@id":"https:\/\/www.suno.com.br\/noticias\/#website"},"primaryImageOfPage":{"@id":"https:\/\/www.suno.com.br\/noticias\/argentina-acordo-fmi-no-comeco-de-2021\/#primaryimage"},"image":{"@id":"https:\/\/www.suno.com.br\/noticias\/argentina-acordo-fmi-no-comeco-de-2021\/#primaryimage"},"thumbnailUrl":"https:\/\/files.sunoresearch.com.br\/n\/uploads\/2020\/08\/0407e6ad-2019-12-11t230934z_1284575298_rc2btd952joz_rtrmadp_3_argentina-economy-jpg.webp","datePublished":"2020-08-11T15:54:55+00:00","description":"A Argentina pode chegar a um acordo com o FMI para a reestrutura\u00e7\u00e3o de suas d\u00edvidas no come\u00e7o de 2021. Clique aqui e saiba mais.","breadcrumb":{"@id":"https:\/\/www.suno.com.br\/noticias\/argentina-acordo-fmi-no-comeco-de-2021\/#breadcrumb"},"inLanguage":"pt-BR","potentialAction":[{"@type":"ReadAction","target":["https:\/\/www.suno.com.br\/noticias\/argentina-acordo-fmi-no-comeco-de-2021\/"]}]},{"@type":"ImageObject","inLanguage":"pt-BR","@id":"https:\/\/www.suno.com.br\/noticias\/argentina-acordo-fmi-no-comeco-de-2021\/#primaryimage","url":"https:\/\/files.sunoresearch.com.br\/n\/uploads\/2020\/08\/0407e6ad-2019-12-11t230934z_1284575298_rc2btd952joz_rtrmadp_3_argentina-economy-jpg.webp","contentUrl":"https:\/\/files.sunoresearch.com.br\/n\/uploads\/2020\/08\/0407e6ad-2019-12-11t230934z_1284575298_rc2btd952joz_rtrmadp_3_argentina-economy-jpg.webp","width":1380,"height":920,"caption":"Argentina quer fechar acordo com o FMI at\u00e9 o come\u00e7o do ano que vem."},{"@type":"BreadcrumbList","@id":"https:\/\/www.suno.com.br\/noticias\/argentina-acordo-fmi-no-comeco-de-2021\/#breadcrumb","itemListElement":[{"@type":"ListItem","position":1,"name":"Not\u00edcias","item":"https:\/\/www.suno.com.br\/noticias\/"},{"@type":"ListItem","position":2,"name":"Internacional","item":"https:\/\/www.suno.com.br\/noticias\/internacional\/"},{"@type":"ListItem","position":3,"name":"Argentina prev\u00ea acordo com FMI no come\u00e7o de 2021, diz ministro"}]},{"@type":"WebSite","@id":"https:\/\/www.suno.com.br\/noticias\/#website","url":"https:\/\/www.suno.com.br\/noticias\/","name":"Suno Not\u00edcias","description":"Seu portal de informa\u00e7\u00e3o sobre o mundo dos investimentos","publisher":{"@id":"https:\/\/www.suno.com.br\/noticias\/#organization"},"potentialAction":[{"@type":"SearchAction","target":{"@type":"EntryPoint","urlTemplate":"https:\/\/www.suno.com.br\/noticias\/?s={search_term_string}"},"query-input":{"@type":"PropertyValueSpecification","valueRequired":true,"valueName":"search_term_string"}}],"inLanguage":"pt-BR"},{"@type":"Organization","@id":"https:\/\/www.suno.com.br\/noticias\/#organization","name":"Suno Not\u00edcias","url":"https:\/\/www.suno.com.br\/noticias\/","logo":{"@type":"ImageObject","inLanguage":"pt-BR","@id":"https:\/\/www.suno.com.br\/noticias\/#\/schema\/logo\/image\/","url":"https:\/\/files.sunoresearch.com.br\/n\/uploads\/2021\/09\/suno-logo.png","contentUrl":"https:\/\/files.sunoresearch.com.br\/n\/uploads\/2021\/09\/suno-logo.png","width":180,"height":180,"caption":"Suno Not\u00edcias"},"image":{"@id":"https:\/\/www.suno.com.br\/noticias\/#\/schema\/logo\/image\/"},"sameAs":["https:\/\/facebook.com\/sunoresearch","https:\/\/x.com\/sunoresearch","https:\/\/www.instagram.com\/suno","https:\/\/www.linkedin.com\/company\/suno-research\/","https:\/\/www.youtube.com\/c\/sunoresearch"]},{"@type":"Person","@id":"https:\/\/www.suno.com.br\/noticias\/#\/schema\/person\/918d79de1f0281f01599b93f9ea6e23f","name":"Jader Lazarini","image":{"@type":"ImageObject","inLanguage":"pt-BR","@id":"https:\/\/www.suno.com.br\/noticias\/#\/schema\/person\/image\/","url":"https:\/\/secure.gravatar.com\/avatar\/3c1ad8caa51589841baeb923fcddea97?s=96&r=g","contentUrl":"https:\/\/secure.gravatar.com\/avatar\/3c1ad8caa51589841baeb923fcddea97?s=96&r=g","caption":"Jader Lazarini"},"description":"Jader Lazarini escreve sobre investimentos, finan\u00e7as, economia e neg\u00f3cios. \u00c9 bacharel em Rela\u00e7\u00f5es Internacionais e analista CNPI (2619).","url":"https:\/\/www.suno.com.br\/noticias\/author\/jader-lazarini\/"}]}},"default_loop_html":"<div class=\"cardsPage__listCard__boxs\"><div class=\"cardsPage__listCard__boxs__img\"><a href=\"https:\/\/www.suno.com.br\/noticias\/argentina-acordo-fmi-no-comeco-de-2021\/\"><img class=\"mask\" src=\"https:\/\/www.suno.com.br\/noticias\/wp-content\/themes\/suno\/resources\/images\/spotlight\/spotlight1img\/bg-mask.png\" alt=\"Image Mask\"\/><img src=\"https:\/\/files.sunoresearch.com.br\/n\/uploads\/2020\/08\/0407e6ad-2019-12-11t230934z_1284575298_rc2btd952joz_rtrmadp_3_argentina-economy-400x200.webp\" alt=\"Argentina prev\u00ea acordo com FMI no come\u00e7o de 2021, diz ministro\"\/><\/a><span class=\"spotlightCategory\"><a href=\"https:\/\/www.suno.com.br\/noticias\/internacional\/\">Internacional<\/a><\/span><\/div><div class=\"cardsPage__listCard__boxs__content\"><a href=\"https:\/\/www.suno.com.br\/noticias\/argentina-acordo-fmi-no-comeco-de-2021\/\"><h2 class=\"content__title\">Argentina prev\u00ea acordo com FMI no come\u00e7o de 2021, diz ministro<\/h2><\/a><div class=\"newsContent__article__meta\"><div class=\"newsContent__article__meta__authorBox\"><a href=\"https:\/\/www.suno.com.br\/noticias\/author\/jader-lazarini\/\" class=\"authorBox__avatar noMobi\"><img src=\"https:\/\/files.sunoresearch.com.br\/n\/uploads\/2021\/01\/178e6598-foto-perfil-2-150x150.jpg\" alt=\"Jader Lazarini\"><\/a><div class=\"authorBox__name\"><span>por\n\t\t\t<a href=\"https:\/\/www.suno.com.br\/noticias\/author\/jader-lazarini\/\"><span itemprop=\"author\">Jader Lazarini<\/span><\/a><\/span><time datetime=\"2020-08-11T12:54:55-03:00\" itemprop=\"datePublished\">11\/08\/2020 12:54<\/time><\/div><\/div><\/div><\/div><\/div>","single_layout":"posts","amp_enabled":true,"_links":{"self":[{"href":"https:\/\/www.suno.com.br\/noticias\/wp-json\/wp\/v2\/posts\/77627"}],"collection":[{"href":"https:\/\/www.suno.com.br\/noticias\/wp-json\/wp\/v2\/posts"}],"about":[{"href":"https:\/\/www.suno.com.br\/noticias\/wp-json\/wp\/v2\/types\/post"}],"author":[{"embeddable":true,"href":"https:\/\/www.suno.com.br\/noticias\/wp-json\/wp\/v2\/users\/24"}],"replies":[{"embeddable":true,"href":"https:\/\/www.suno.com.br\/noticias\/wp-json\/wp\/v2\/comments?post=77627"}],"version-history":[{"count":0,"href":"https:\/\/www.suno.com.br\/noticias\/wp-json\/wp\/v2\/posts\/77627\/revisions"}],"wp:featuredmedia":[{"embeddable":true,"href":"https:\/\/www.suno.com.br\/noticias\/wp-json\/wp\/v2\/media\/77628"}],"wp:attachment":[{"href":"https:\/\/www.suno.com.br\/noticias\/wp-json\/wp\/v2\/media?parent=77627"}],"wp:term":[{"taxonomy":"category","embeddable":true,"href":"https:\/\/www.suno.com.br\/noticias\/wp-json\/wp\/v2\/categories?post=77627"},{"taxonomy":"post_tag","embeddable":true,"href":"https:\/\/www.suno.com.br\/noticias\/wp-json\/wp\/v2\/tags?post=77627"},{"taxonomy":"suno_strategy","embeddable":true,"href":"https:\/\/www.suno.com.br\/noticias\/wp-json\/wp\/v2\/suno_strategy?post=77627"}],"curies":[{"name":"wp","href":"https:\/\/api.w.org\/{rel}","templated":true}]}}