{"id":7750,"date":"2018-12-03T15:26:39","date_gmt":"2018-12-03T17:26:39","guid":{"rendered":"https:\/\/www.suno.com.br\/noticias\/?p=7750"},"modified":"2021-02-18T17:56:04","modified_gmt":"2021-02-18T20:56:04","slug":"brasil-exportar-825-mi-toneladas-soja","status":"publish","type":"post","link":"https:\/\/www.suno.com.br\/noticias\/brasil-exportar-825-mi-toneladas-soja\/","title":{"rendered":"Brasil deve ter exporta\u00e7\u00e3o recorde de soja, diz Anec"},"content":{"rendered":"<p>A exporta\u00e7\u00e3o de soja deve fechar com recorde de cerca de 82,5 milh\u00f5es de toneladas em 2018. A proje\u00e7\u00e3o foi feita nesta segunda-feira (3) pela Associa\u00e7\u00e3o Nacional dos Exportadores de Cereais (Anec).<\/p>\t<div class=\"wrapper-featured-image\">\n\t\t<figure class=\"spotlightImg\">\n\n\t\t\t<picture>\n\t\t\t\t<source media=\"(max-width: 768px)\" srcset=\"https:\/\/files.sunoresearch.com.br\/n\/uploads\/2018\/12\/8a12d9c5-exporta\u00e7\u00e3o-400x200.webp\">\n\t\t\t\t<img loading=\"lazy\" decoding=\"async\" class=\"newsContent__article__imgCapa lazyloadDisabled newsContent__article__imgCapa--noCaption\" src=\"https:\/\/files.sunoresearch.com.br\/n\/uploads\/2018\/12\/8a12d9c5-exporta\u00e7\u00e3o-800x450.webp\" width=\"800\" height=\"450\" alt=\"Brasil deve ter exporta\u00e7\u00e3o recorde de soja, diz Anec\" fetchpriority=high \/>\n\t\t\t<\/picture>\n\n\t\t\t<figcaption class=\"wp-caption-text wp-caption-text--hide\">China teria ofertado cotas por 10 mi de toneladas de soja dos EUA<\/figcaption>\n\t\t<\/figure>\n\t<\/div>\n\n\n<p>As 82,5 milh\u00f5es de toneladas projetadas para 2018 s\u00e3o superiores aos n\u00fameros do ano passado, onde aconteceu a <strong>exporta\u00e7\u00e3o<\/strong> de 68 milh\u00f5es de toneladas de gr\u00e3os.<\/p>\n<p>De acordo com a <strong>Anec<\/strong>, a procura da <strong>China<\/strong> \u00e9 o principal influenciador dessa alta. S\u00f3 no m\u00eas de novembro foram exportados 4,9 milh\u00f5es de toneladas de soja.<\/p>\n<p>No acumulado dos primeiros 11 meses do ano, foram alcan\u00e7ados 80,1 milh\u00f5es de toneladas vendidas ao exterior. A alta \u00e9 de 22,6% diante do mesmo per\u00edodo do ano anterior. Al\u00e9m disso, desse total de gr\u00e3os vendidos, 82% foi enviado para a China.<\/p>\n<p>A guerra comercial entre <strong>Estados Unidos<\/strong> e China, incluiu uma tarifa de Pequim sobre a soja norte-americana. Desta forma, o Brasil foi favorecido porque os chineses passaram a comprar o produto brasileiro.<\/p>\n<div class=\"wall protected-content\">\n<div class=\"mc-column content-text active-extra-styles \" data-block-type=\"unstyled\" data-block-weight=\"36\" data-block-id=\"4\">\n<p class=\"content-text__container \" data-track-category=\"Link no Texto\" data-track-links=\"\">De acordo com a Anec, cerca de 2,5 milh\u00f5es de toneladas de soja est\u00e3o programadas para embarque, neste m\u00eas de dezembro. Al\u00e9m disso, o volume \u00e9 superior aos 2,3 milh\u00f5es exportados no mesmo m\u00eas do ano anterior, segundo o <strong>Minist\u00e9rio da Ind\u00fastria, Com\u00e9rcio Exterior e Servi\u00e7os<\/strong>.<\/p>\n<\/div>\n<div class=\"mc-column content-text active-extra-styles \" data-block-type=\"unstyled\" data-block-weight=\"40\" data-block-id=\"5\">\n<p class=\"content-text__container \" data-track-category=\"Link no Texto\" data-track-links=\"\">A Anec ainda ressaltou que o plantio da safra 2018\/2019 come\u00e7ou cedo. Por conta das boas condi\u00e7\u00f5es clim\u00e1ticas, algumas regi\u00f5es devem iniciar a colheita na segunda quinzena de dezembro.<\/p>\n<p><p data-track-category=\"Link no Texto\" data-track-links=\"\"><a href=\"https:\/\/www.suno.com.br\/noticias\/exportacao-protecionismo-internacional\/\">Saiba mais:\u00a0CNI aponta 27 barreiras comerciais que prejudicam a exporta\u00e7\u00e3o brasileira<\/a><\/p>\n<\/p>\n<h2 data-track-category=\"Link no Texto\">Milho<\/h2>\n<p>O milho registrou alta em novembro em rela\u00e7\u00e3o aos meses anteriores, onde os embarques foram considerados abaixo das expectativas para o setor.<\/p>\n<p>Conforme a Anec, o Brasil deve fechar cerca de 22 milh\u00f5es de toneladas de milho exportadas em 2018. Desse valor, 18,9 milh\u00f5es de toneladas foram embarcadas at\u00e9 novembro e mais 3,2 milh\u00f5es est\u00e3o programadas para dezembro.<\/p>\n<\/div>\n<div class=\"mc-column content-text active-extra-styles \" data-block-type=\"unstyled\" data-block-weight=\"32\" data-block-id=\"10\">\n<p class=\"content-text__container \" data-track-category=\"Link no Texto\" data-track-links=\"\">Segundo a associa\u00e7\u00e3o, em novembro o pa\u00eds exportou 3,9 milh\u00f5es de toneladas. O valor \u00e9 pouco inferior aos 4,2 milh\u00f5es de toneladas do mesmo m\u00eas do ano anterior, mas \u00e9 distante do recorde de 4,9 milh\u00f5es de toneladas exportadas em novembro de 2015.<\/p>\n<\/div>\n<div class=\"mc-column content-text active-extra-styles \" data-block-type=\"unstyled\" data-block-weight=\"39\" data-block-id=\"13\">\n<p class=\"content-text__container \" data-track-category=\"Link no Texto\" data-track-links=\"\">O Ir\u00e3 \u00e9 o principal destino da <strong>exporta\u00e7\u00e3o<\/strong>. Aproximadamente 50% do volume de milho <strong>exportado<\/strong> \u00e9 destinado ao pa\u00eds, que segue como principal importador do gr\u00e3o, segundo a Anec.<\/p>\n<\/div>\n<\/div>\n","protected":false},"excerpt":{"rendered":"<p>A exporta\u00e7\u00e3o de soja deve fechar com recorde de cerca de 82,5 milh\u00f5es de toneladas em 2018. A proje\u00e7\u00e3o foi feita nesta segunda-feira (3) pela Associa\u00e7\u00e3o Nacional dos Exportadores de Cereais (Anec). China teria ofertado cotas por 10 mi de toneladas de soja dos EUA As 82,5 milh\u00f5es de toneladas projetadas para 2018 s\u00e3o superiores [&hellip;]<\/p>\n","protected":false},"author":11,"featured_media":7763,"comment_status":"closed","ping_status":"closed","sticky":false,"template":"","format":"standard","meta":[],"categories":[64],"tags":[711,793,707],"suno_strategy":[],"class_list":["post-7750","post","type-post","status-publish","format-standard","has-post-thumbnail","hentry","category-negocios","tag-china","tag-estados-unidos-eua","tag-exportacoes"],"yoast_head":"<!-- This site is optimized with the Yoast SEO plugin v24.4 - https:\/\/yoast.com\/wordpress\/plugins\/seo\/ -->\n<title>Brasil deve ter exporta\u00e7\u00e3o recorde de soja, diz Anec - Suno Not\u00edcias<\/title>\n<meta name=\"description\" content=\"Exporta\u00e7\u00e3o de soja deve chegar a 82,5 mi de toneladas em 2018; Procura da China pelo gr\u00e3o \u00e9 o principal motivo da alta. Clique para saber mais.\" \/>\n<meta name=\"robots\" content=\"index, follow, max-snippet:-1, max-image-preview:large, max-video-preview:-1\" \/>\n<link rel=\"canonical\" href=\"https:\/\/www.suno.com.br\/noticias\/brasil-exportar-825-mi-toneladas-soja\/\" \/>\n<meta property=\"og:locale\" content=\"pt_BR\" \/>\n<meta property=\"og:type\" content=\"article\" \/>\n<meta property=\"og:title\" content=\"Brasil deve ter exporta\u00e7\u00e3o recorde de soja, diz Anec - Suno Not\u00edcias\" \/>\n<meta property=\"og:description\" content=\"Exporta\u00e7\u00e3o de soja deve chegar a 82,5 mi de toneladas em 2018; Procura da China pelo gr\u00e3o \u00e9 o principal motivo da alta. Clique para saber mais.\" \/>\n<meta property=\"og:url\" content=\"https:\/\/www.suno.com.br\/noticias\/brasil-exportar-825-mi-toneladas-soja\/\" \/>\n<meta property=\"og:site_name\" content=\"Suno Not\u00edcias\" \/>\n<meta property=\"article:publisher\" content=\"https:\/\/facebook.com\/sunoresearch\" \/>\n<meta property=\"og:image\" content=\"https:\/\/files.sunoresearch.com.br\/n\/uploads\/2018\/12\/8a12d9c5-exporta\u00e7\u00e3o-scaled.webp\" \/>\n\t<meta property=\"og:image:width\" content=\"2560\" \/>\n\t<meta property=\"og:image:height\" content=\"1706\" \/>\n\t<meta property=\"og:image:type\" content=\"image\/jpeg\" \/>\n<meta name=\"author\" content=\"Renan Bandeira\" \/>\n<meta name=\"twitter:card\" content=\"summary_large_image\" \/>\n<meta name=\"twitter:creator\" content=\"@sunoresearch\" \/>\n<meta name=\"twitter:site\" content=\"@sunoresearch\" \/>\n<meta name=\"twitter:label1\" content=\"Escrito por\" \/>\n\t<meta name=\"twitter:data1\" content=\"Renan Bandeira\" \/>\n\t<meta name=\"twitter:label2\" content=\"Est. tempo de leitura\" \/>\n\t<meta name=\"twitter:data2\" content=\"2 minutos\" \/>\n<script type=\"application\/ld+json\" class=\"yoast-schema-graph\">{\"@context\":\"https:\/\/schema.org\",\"@graph\":[{\"@type\":\"NewsArticle\",\"@id\":\"https:\/\/www.suno.com.br\/noticias\/brasil-exportar-825-mi-toneladas-soja\/#article\",\"isPartOf\":{\"@id\":\"https:\/\/www.suno.com.br\/noticias\/brasil-exportar-825-mi-toneladas-soja\/\"},\"author\":{\"name\":\"Renan Bandeira\",\"@id\":\"https:\/\/www.suno.com.br\/noticias\/#\/schema\/person\/fc144a1c6108bd1dcd43784e88a3c138\"},\"headline\":\"Brasil deve ter exporta\u00e7\u00e3o recorde de soja, diz Anec\",\"datePublished\":\"2018-12-03T17:26:39+00:00\",\"dateModified\":\"2021-02-18T20:56:04+00:00\",\"mainEntityOfPage\":{\"@id\":\"https:\/\/www.suno.com.br\/noticias\/brasil-exportar-825-mi-toneladas-soja\/\"},\"wordCount\":403,\"publisher\":{\"@id\":\"https:\/\/www.suno.com.br\/noticias\/#organization\"},\"image\":{\"@id\":\"https:\/\/www.suno.com.br\/noticias\/brasil-exportar-825-mi-toneladas-soja\/#primaryimage\"},\"thumbnailUrl\":\"https:\/\/files.sunoresearch.com.br\/n\/uploads\/2018\/12\/8a12d9c5-exporta\u00e7\u00e3o-scaled.webp\",\"keywords\":[\"China\",\"Estados Unidos (EUA)\",\"exporta\u00e7\u00f5es\"],\"articleSection\":[\"Neg\u00f3cios\"],\"inLanguage\":\"pt-BR\"},{\"@type\":\"WebPage\",\"@id\":\"https:\/\/www.suno.com.br\/noticias\/brasil-exportar-825-mi-toneladas-soja\/\",\"url\":\"https:\/\/www.suno.com.br\/noticias\/brasil-exportar-825-mi-toneladas-soja\/\",\"name\":\"Brasil deve ter exporta\u00e7\u00e3o recorde de soja, diz Anec - Suno Not\u00edcias\",\"isPartOf\":{\"@id\":\"https:\/\/www.suno.com.br\/noticias\/#website\"},\"primaryImageOfPage\":{\"@id\":\"https:\/\/www.suno.com.br\/noticias\/brasil-exportar-825-mi-toneladas-soja\/#primaryimage\"},\"image\":{\"@id\":\"https:\/\/www.suno.com.br\/noticias\/brasil-exportar-825-mi-toneladas-soja\/#primaryimage\"},\"thumbnailUrl\":\"https:\/\/files.sunoresearch.com.br\/n\/uploads\/2018\/12\/8a12d9c5-exporta\u00e7\u00e3o-scaled.webp\",\"datePublished\":\"2018-12-03T17:26:39+00:00\",\"dateModified\":\"2021-02-18T20:56:04+00:00\",\"description\":\"Exporta\u00e7\u00e3o de soja deve chegar a 82,5 mi de toneladas em 2018; Procura da China pelo gr\u00e3o \u00e9 o principal motivo da alta. Clique para saber mais.\",\"breadcrumb\":{\"@id\":\"https:\/\/www.suno.com.br\/noticias\/brasil-exportar-825-mi-toneladas-soja\/#breadcrumb\"},\"inLanguage\":\"pt-BR\",\"potentialAction\":[{\"@type\":\"ReadAction\",\"target\":[\"https:\/\/www.suno.com.br\/noticias\/brasil-exportar-825-mi-toneladas-soja\/\"]}]},{\"@type\":\"ImageObject\",\"inLanguage\":\"pt-BR\",\"@id\":\"https:\/\/www.suno.com.br\/noticias\/brasil-exportar-825-mi-toneladas-soja\/#primaryimage\",\"url\":\"https:\/\/files.sunoresearch.com.br\/n\/uploads\/2018\/12\/8a12d9c5-exporta\u00e7\u00e3o-scaled.webp\",\"contentUrl\":\"https:\/\/files.sunoresearch.com.br\/n\/uploads\/2018\/12\/8a12d9c5-exporta\u00e7\u00e3o-scaled.webp\",\"width\":2560,\"height\":1706,\"caption\":\"China teria ofertado cotas por 10 mi de toneladas de soja dos EUA\"},{\"@type\":\"BreadcrumbList\",\"@id\":\"https:\/\/www.suno.com.br\/noticias\/brasil-exportar-825-mi-toneladas-soja\/#breadcrumb\",\"itemListElement\":[{\"@type\":\"ListItem\",\"position\":1,\"name\":\"Not\u00edcias\",\"item\":\"https:\/\/www.suno.com.br\/noticias\/\"},{\"@type\":\"ListItem\",\"position\":2,\"name\":\"Neg\u00f3cios\",\"item\":\"https:\/\/www.suno.com.br\/noticias\/negocios\/\"},{\"@type\":\"ListItem\",\"position\":3,\"name\":\"Brasil deve ter exporta\u00e7\u00e3o recorde de soja, diz Anec\"}]},{\"@type\":\"WebSite\",\"@id\":\"https:\/\/www.suno.com.br\/noticias\/#website\",\"url\":\"https:\/\/www.suno.com.br\/noticias\/\",\"name\":\"Suno Not\u00edcias\",\"description\":\"Seu portal de informa\u00e7\u00e3o sobre o mundo dos investimentos\",\"publisher\":{\"@id\":\"https:\/\/www.suno.com.br\/noticias\/#organization\"},\"potentialAction\":[{\"@type\":\"SearchAction\",\"target\":{\"@type\":\"EntryPoint\",\"urlTemplate\":\"https:\/\/www.suno.com.br\/noticias\/?s={search_term_string}\"},\"query-input\":{\"@type\":\"PropertyValueSpecification\",\"valueRequired\":true,\"valueName\":\"search_term_string\"}}],\"inLanguage\":\"pt-BR\"},{\"@type\":\"Organization\",\"@id\":\"https:\/\/www.suno.com.br\/noticias\/#organization\",\"name\":\"Suno Not\u00edcias\",\"url\":\"https:\/\/www.suno.com.br\/noticias\/\",\"logo\":{\"@type\":\"ImageObject\",\"inLanguage\":\"pt-BR\",\"@id\":\"https:\/\/www.suno.com.br\/noticias\/#\/schema\/logo\/image\/\",\"url\":\"https:\/\/files.sunoresearch.com.br\/n\/uploads\/2021\/09\/suno-logo.png\",\"contentUrl\":\"https:\/\/files.sunoresearch.com.br\/n\/uploads\/2021\/09\/suno-logo.png\",\"width\":180,\"height\":180,\"caption\":\"Suno Not\u00edcias\"},\"image\":{\"@id\":\"https:\/\/www.suno.com.br\/noticias\/#\/schema\/logo\/image\/\"},\"sameAs\":[\"https:\/\/facebook.com\/sunoresearch\",\"https:\/\/x.com\/sunoresearch\",\"https:\/\/www.instagram.com\/suno\",\"https:\/\/www.linkedin.com\/company\/suno-research\/\",\"https:\/\/www.youtube.com\/c\/sunoresearch\"]},{\"@type\":\"Person\",\"@id\":\"https:\/\/www.suno.com.br\/noticias\/#\/schema\/person\/fc144a1c6108bd1dcd43784e88a3c138\",\"name\":\"Renan Bandeira\",\"image\":{\"@type\":\"ImageObject\",\"inLanguage\":\"pt-BR\",\"@id\":\"https:\/\/www.suno.com.br\/noticias\/#\/schema\/person\/image\/\",\"url\":\"https:\/\/secure.gravatar.com\/avatar\/68359cdb608f14f11bbefcb78f3fc747?s=96&r=g\",\"contentUrl\":\"https:\/\/secure.gravatar.com\/avatar\/68359cdb608f14f11bbefcb78f3fc747?s=96&r=g\",\"caption\":\"Renan Bandeira\"},\"description\":\"Renan Bandeira escreve sobre pol\u00edtica e economia para o portal da Suno Research. Antes da Suno, trabalhou em uma rede de televis\u00e3o, onde fazia reportagens sobre os mesmos temas. Estuda na Universidade Metodista de S\u00e3o Paulo.\",\"url\":\"https:\/\/www.suno.com.br\/noticias\/author\/renan-bandeira\/\"}]}<\/script>\n<!-- \/ Yoast SEO plugin. -->","yoast_head_json":{"title":"Brasil deve ter exporta\u00e7\u00e3o recorde de soja, diz Anec - Suno Not\u00edcias","description":"Exporta\u00e7\u00e3o de soja deve chegar a 82,5 mi de toneladas em 2018; Procura da China pelo gr\u00e3o \u00e9 o principal motivo da alta. Clique para saber mais.","robots":{"index":"index","follow":"follow","max-snippet":"max-snippet:-1","max-image-preview":"max-image-preview:large","max-video-preview":"max-video-preview:-1"},"canonical":"https:\/\/www.suno.com.br\/noticias\/brasil-exportar-825-mi-toneladas-soja\/","og_locale":"pt_BR","og_type":"article","og_title":"Brasil deve ter exporta\u00e7\u00e3o recorde de soja, diz Anec - Suno Not\u00edcias","og_description":"Exporta\u00e7\u00e3o de soja deve chegar a 82,5 mi de toneladas em 2018; Procura da China pelo gr\u00e3o \u00e9 o principal motivo da alta. Clique para saber mais.","og_url":"https:\/\/www.suno.com.br\/noticias\/brasil-exportar-825-mi-toneladas-soja\/","og_site_name":"Suno Not\u00edcias","article_publisher":"https:\/\/facebook.com\/sunoresearch","og_image":[{"width":2560,"height":1706,"url":"https:\/\/files.sunoresearch.com.br\/n\/uploads\/2018\/12\/8a12d9c5-exporta\u00e7\u00e3o-scaled.webp","type":"image\/jpeg"}],"author":"Renan Bandeira","twitter_card":"summary_large_image","twitter_creator":"@sunoresearch","twitter_site":"@sunoresearch","twitter_misc":{"Escrito por":"Renan Bandeira","Est. tempo de leitura":"2 minutos"},"schema":{"@context":"https:\/\/schema.org","@graph":[{"@type":"NewsArticle","@id":"https:\/\/www.suno.com.br\/noticias\/brasil-exportar-825-mi-toneladas-soja\/#article","isPartOf":{"@id":"https:\/\/www.suno.com.br\/noticias\/brasil-exportar-825-mi-toneladas-soja\/"},"author":{"name":"Renan Bandeira","@id":"https:\/\/www.suno.com.br\/noticias\/#\/schema\/person\/fc144a1c6108bd1dcd43784e88a3c138"},"headline":"Brasil deve ter exporta\u00e7\u00e3o recorde de soja, diz Anec","datePublished":"2018-12-03T17:26:39+00:00","dateModified":"2021-02-18T20:56:04+00:00","mainEntityOfPage":{"@id":"https:\/\/www.suno.com.br\/noticias\/brasil-exportar-825-mi-toneladas-soja\/"},"wordCount":403,"publisher":{"@id":"https:\/\/www.suno.com.br\/noticias\/#organization"},"image":{"@id":"https:\/\/www.suno.com.br\/noticias\/brasil-exportar-825-mi-toneladas-soja\/#primaryimage"},"thumbnailUrl":"https:\/\/files.sunoresearch.com.br\/n\/uploads\/2018\/12\/8a12d9c5-exporta\u00e7\u00e3o-scaled.webp","keywords":["China","Estados Unidos (EUA)","exporta\u00e7\u00f5es"],"articleSection":["Neg\u00f3cios"],"inLanguage":"pt-BR"},{"@type":"WebPage","@id":"https:\/\/www.suno.com.br\/noticias\/brasil-exportar-825-mi-toneladas-soja\/","url":"https:\/\/www.suno.com.br\/noticias\/brasil-exportar-825-mi-toneladas-soja\/","name":"Brasil deve ter exporta\u00e7\u00e3o recorde de soja, diz Anec - Suno Not\u00edcias","isPartOf":{"@id":"https:\/\/www.suno.com.br\/noticias\/#website"},"primaryImageOfPage":{"@id":"https:\/\/www.suno.com.br\/noticias\/brasil-exportar-825-mi-toneladas-soja\/#primaryimage"},"image":{"@id":"https:\/\/www.suno.com.br\/noticias\/brasil-exportar-825-mi-toneladas-soja\/#primaryimage"},"thumbnailUrl":"https:\/\/files.sunoresearch.com.br\/n\/uploads\/2018\/12\/8a12d9c5-exporta\u00e7\u00e3o-scaled.webp","datePublished":"2018-12-03T17:26:39+00:00","dateModified":"2021-02-18T20:56:04+00:00","description":"Exporta\u00e7\u00e3o de soja deve chegar a 82,5 mi de toneladas em 2018; Procura da China pelo gr\u00e3o \u00e9 o principal motivo da alta. Clique para saber mais.","breadcrumb":{"@id":"https:\/\/www.suno.com.br\/noticias\/brasil-exportar-825-mi-toneladas-soja\/#breadcrumb"},"inLanguage":"pt-BR","potentialAction":[{"@type":"ReadAction","target":["https:\/\/www.suno.com.br\/noticias\/brasil-exportar-825-mi-toneladas-soja\/"]}]},{"@type":"ImageObject","inLanguage":"pt-BR","@id":"https:\/\/www.suno.com.br\/noticias\/brasil-exportar-825-mi-toneladas-soja\/#primaryimage","url":"https:\/\/files.sunoresearch.com.br\/n\/uploads\/2018\/12\/8a12d9c5-exporta\u00e7\u00e3o-scaled.webp","contentUrl":"https:\/\/files.sunoresearch.com.br\/n\/uploads\/2018\/12\/8a12d9c5-exporta\u00e7\u00e3o-scaled.webp","width":2560,"height":1706,"caption":"China teria ofertado cotas por 10 mi de toneladas de soja dos EUA"},{"@type":"BreadcrumbList","@id":"https:\/\/www.suno.com.br\/noticias\/brasil-exportar-825-mi-toneladas-soja\/#breadcrumb","itemListElement":[{"@type":"ListItem","position":1,"name":"Not\u00edcias","item":"https:\/\/www.suno.com.br\/noticias\/"},{"@type":"ListItem","position":2,"name":"Neg\u00f3cios","item":"https:\/\/www.suno.com.br\/noticias\/negocios\/"},{"@type":"ListItem","position":3,"name":"Brasil deve ter exporta\u00e7\u00e3o recorde de soja, diz Anec"}]},{"@type":"WebSite","@id":"https:\/\/www.suno.com.br\/noticias\/#website","url":"https:\/\/www.suno.com.br\/noticias\/","name":"Suno Not\u00edcias","description":"Seu portal de informa\u00e7\u00e3o sobre o mundo dos investimentos","publisher":{"@id":"https:\/\/www.suno.com.br\/noticias\/#organization"},"potentialAction":[{"@type":"SearchAction","target":{"@type":"EntryPoint","urlTemplate":"https:\/\/www.suno.com.br\/noticias\/?s={search_term_string}"},"query-input":{"@type":"PropertyValueSpecification","valueRequired":true,"valueName":"search_term_string"}}],"inLanguage":"pt-BR"},{"@type":"Organization","@id":"https:\/\/www.suno.com.br\/noticias\/#organization","name":"Suno Not\u00edcias","url":"https:\/\/www.suno.com.br\/noticias\/","logo":{"@type":"ImageObject","inLanguage":"pt-BR","@id":"https:\/\/www.suno.com.br\/noticias\/#\/schema\/logo\/image\/","url":"https:\/\/files.sunoresearch.com.br\/n\/uploads\/2021\/09\/suno-logo.png","contentUrl":"https:\/\/files.sunoresearch.com.br\/n\/uploads\/2021\/09\/suno-logo.png","width":180,"height":180,"caption":"Suno Not\u00edcias"},"image":{"@id":"https:\/\/www.suno.com.br\/noticias\/#\/schema\/logo\/image\/"},"sameAs":["https:\/\/facebook.com\/sunoresearch","https:\/\/x.com\/sunoresearch","https:\/\/www.instagram.com\/suno","https:\/\/www.linkedin.com\/company\/suno-research\/","https:\/\/www.youtube.com\/c\/sunoresearch"]},{"@type":"Person","@id":"https:\/\/www.suno.com.br\/noticias\/#\/schema\/person\/fc144a1c6108bd1dcd43784e88a3c138","name":"Renan Bandeira","image":{"@type":"ImageObject","inLanguage":"pt-BR","@id":"https:\/\/www.suno.com.br\/noticias\/#\/schema\/person\/image\/","url":"https:\/\/secure.gravatar.com\/avatar\/68359cdb608f14f11bbefcb78f3fc747?s=96&r=g","contentUrl":"https:\/\/secure.gravatar.com\/avatar\/68359cdb608f14f11bbefcb78f3fc747?s=96&r=g","caption":"Renan Bandeira"},"description":"Renan Bandeira escreve sobre pol\u00edtica e economia para o portal da Suno Research. Antes da Suno, trabalhou em uma rede de televis\u00e3o, onde fazia reportagens sobre os mesmos temas. Estuda na Universidade Metodista de S\u00e3o Paulo.","url":"https:\/\/www.suno.com.br\/noticias\/author\/renan-bandeira\/"}]}},"default_loop_html":"<div class=\"cardsPage__listCard__boxs\"><div class=\"cardsPage__listCard__boxs__img\"><a href=\"https:\/\/www.suno.com.br\/noticias\/brasil-exportar-825-mi-toneladas-soja\/\"><img class=\"mask\" src=\"https:\/\/www.suno.com.br\/noticias\/wp-content\/themes\/suno\/resources\/images\/spotlight\/spotlight1img\/bg-mask.png\" alt=\"Image Mask\"\/><img src=\"https:\/\/files.sunoresearch.com.br\/n\/uploads\/2018\/12\/8a12d9c5-exporta\u00e7\u00e3o-400x200.webp\" alt=\"Brasil deve ter exporta\u00e7\u00e3o recorde de soja, diz Anec\"\/><\/a><span class=\"spotlightCategory\"><a href=\"https:\/\/www.suno.com.br\/noticias\/negocios\/\">Neg\u00f3cios<\/a><\/span><\/div><div class=\"cardsPage__listCard__boxs__content\"><a href=\"https:\/\/www.suno.com.br\/noticias\/brasil-exportar-825-mi-toneladas-soja\/\"><h2 class=\"content__title\">Brasil deve ter exporta\u00e7\u00e3o recorde de soja, diz Anec<\/h2><\/a><div class=\"newsContent__article__meta\"><div class=\"newsContent__article__meta__authorBox\"><a href=\"https:\/\/www.suno.com.br\/noticias\/author\/renan-bandeira\/\" class=\"authorBox__avatar noMobi\"><img src=\"https:\/\/secure.gravatar.com\/avatar\/68359cdb608f14f11bbefcb78f3fc747?s=96&#038;r=g\" alt=\"Renan Bandeira\"><\/a><div class=\"authorBox__name\"><span>por\n\t\t\t<a href=\"https:\/\/www.suno.com.br\/noticias\/author\/renan-bandeira\/\"><span itemprop=\"author\">Renan Bandeira<\/span><\/a><\/span><time datetime=\"2018-12-03T15:26:39-02:00\" itemprop=\"datePublished\">03\/12\/2018 15:26<\/time><\/div><\/div><\/div><\/div><\/div>","single_layout":"posts","amp_enabled":true,"_links":{"self":[{"href":"https:\/\/www.suno.com.br\/noticias\/wp-json\/wp\/v2\/posts\/7750"}],"collection":[{"href":"https:\/\/www.suno.com.br\/noticias\/wp-json\/wp\/v2\/posts"}],"about":[{"href":"https:\/\/www.suno.com.br\/noticias\/wp-json\/wp\/v2\/types\/post"}],"author":[{"embeddable":true,"href":"https:\/\/www.suno.com.br\/noticias\/wp-json\/wp\/v2\/users\/11"}],"replies":[{"embeddable":true,"href":"https:\/\/www.suno.com.br\/noticias\/wp-json\/wp\/v2\/comments?post=7750"}],"version-history":[{"count":0,"href":"https:\/\/www.suno.com.br\/noticias\/wp-json\/wp\/v2\/posts\/7750\/revisions"}],"wp:featuredmedia":[{"embeddable":true,"href":"https:\/\/www.suno.com.br\/noticias\/wp-json\/wp\/v2\/media\/7763"}],"wp:attachment":[{"href":"https:\/\/www.suno.com.br\/noticias\/wp-json\/wp\/v2\/media?parent=7750"}],"wp:term":[{"taxonomy":"category","embeddable":true,"href":"https:\/\/www.suno.com.br\/noticias\/wp-json\/wp\/v2\/categories?post=7750"},{"taxonomy":"post_tag","embeddable":true,"href":"https:\/\/www.suno.com.br\/noticias\/wp-json\/wp\/v2\/tags?post=7750"},{"taxonomy":"suno_strategy","embeddable":true,"href":"https:\/\/www.suno.com.br\/noticias\/wp-json\/wp\/v2\/suno_strategy?post=7750"}],"curies":[{"name":"wp","href":"https:\/\/api.w.org\/{rel}","templated":true}]}}