{"id":7747,"date":"2018-12-03T14:48:10","date_gmt":"2018-12-03T16:48:10","guid":{"rendered":"https:\/\/www.suno.com.br\/noticias\/?p=7747"},"modified":"2021-06-21T05:43:22","modified_gmt":"2021-06-21T08:43:22","slug":"carga-tributaria-chega-324-pib","status":"publish","type":"post","link":"https:\/\/www.suno.com.br\/noticias\/carga-tributaria-chega-324-pib\/","title":{"rendered":"Carga tribut\u00e1ria chega a 32,4% do PIB em 2017, maior n\u00edvel em 4 anos"},"content":{"rendered":"<p>A carga tribut\u00e1ria brasileira chegou a\u00a032,43% do Produto Interno Bruto (PIB) em 2017.<\/p>\t<div class=\"wrapper-featured-image\">\n\t\t<figure class=\"spotlightImg\">\n\n\t\t\t<picture>\n\t\t\t\t<source media=\"(max-width: 768px)\" srcset=\"https:\/\/files.sunoresearch.com.br\/n\/uploads\/2018\/12\/4c9834ad-impostometro-400x200.webp\">\n\t\t\t\t<img loading=\"lazy\" decoding=\"async\" class=\"newsContent__article__imgCapa lazyloadDisabled newsContent__article__imgCapa--noCaption\" src=\"https:\/\/files.sunoresearch.com.br\/n\/uploads\/2018\/12\/4c9834ad-impostometro-jpg.webp\" width=\"800\" height=\"450\" alt=\"Carga tribut\u00e1ria chega a 32,4% do PIB em 2017, maior n\u00edvel em 4 anos\" fetchpriority=high \/>\n\t\t\t<\/picture>\n\n\t\t\t<figcaption class=\"wp-caption-text wp-caption-text--hide\"><\/figcaption>\n\t\t<\/figure>\n\t<\/div>\n\n\n<p>Os dados sobre a <strong>carga<\/strong> <strong>tribut\u00e1ria<\/strong> foram divulgados nesta segunda-feira (3) pela Secretaria da <strong>Receita Federal<\/strong>.\u00a0O n\u00edvel registrado no ano passado \u00e9 o maior em quatro anos.<\/p>\n<p>Segundo dados da Receita Federal, a carga tribut\u00e1ria de 2016 havia somado 32,29% di PIB, em 2015 foi de 32,10%, enquanto em 2014 foi de 31,84%.<\/p>\n<p><strong>Carga Tribut\u00e1ria no Brasil em % do PIB:\u00a0<\/strong><\/p>\n<ul>\n<li>2010 &#8211;\u00a031,51%<\/li>\n<li>2011 &#8211;\u00a033,35%<\/li>\n<li>2012 &#8211;\u00a032,62%<\/li>\n<li>2013 &#8211;\u00a032,55%<\/li>\n<li>2014 &#8211;\u00a031,84%<\/li>\n<li>2015 &#8211;\u00a032,1%<\/li>\n<li>2016 &#8211;\u00a032,29%<\/li>\n<li>2017 &#8211;\u00a032,43%<\/li>\n<\/ul>\n<p>Em 2017, o PIB brasileiro cresceu 1% em termos reais. A primeira alta ap\u00f3s dois anos consecutivos de retra\u00e7\u00e3o. O PIB nominal, por sua vez, avan\u00e7ou 4,79%. Entretanto, a arrecada\u00e7\u00e3o de tributos avan\u00e7ou mais rapidamente: 5,24% em termos nominais.<\/p>\n<p>Os n\u00fameros divulgados pela Receita Federal mostram que foram arrecadados no ano passado, em tributos federais, estaduais e municipais, R$ 2,127 trilh\u00f5es (valor n\u00e3o inclui multas e juros), enquanto o PIB do mesmo per\u00edodo somou R$ 6,559 trilh\u00f5es.<\/p>\n<p>Em 2016, a arrecada\u00e7\u00e3o de impostos e contribui\u00e7\u00f5es havia somado R$ 2,021 trilh\u00f5es, enquanto o PIB do mesmo per\u00edodo totalizou R$ 6,259 trilh\u00f5es.<\/p>\n<p>Sempre segundo a Receita Federal, do valor total arrecadado no ano passado, a arrecada\u00e7\u00e3o do governo federal somou R$ 1,447 trilh\u00e3o, ou 22,06% do PIB. O equivalente a 68,02% do total. Em 2016, havia sido de R$ 1,381 trilh\u00e3o, ou 22,08% do PIB. Equivalente a 68,37% do total.<\/p>\n<p>Por sua vez, a arrecada\u00e7\u00e3o dos estados somou R$ 547,073 bilh\u00f5es em 2017 (8,34% do PIB), contra R$ 514,456 bilh\u00f5es (8,22% do PIB) em 2016. Ao mesmo tempo, a arrecada\u00e7\u00e3o dos munic\u00edpios totalizou R$ 133,189 bilh\u00f5es em 2016 (2,03% do PIB) em 2017, em compara\u00e7\u00e3o com R$ 124,827 bilh\u00f5es, ou 1,99% do PIB, no ano anterior.<\/p>\n<h2>Tributa\u00e7\u00e3o indireta<\/h2>\n<p>As informa\u00e7\u00f5es da Receita Federal indicam como a principal forma de tributa\u00e7\u00e3o do pa\u00eds continua sendo os impostos sobre bens e servi\u00e7os. Uma tributa\u00e7\u00e3o indireta que acaba sendo embutida nos pre\u00e7os. Os tributos indiretos chegaram a R$ 1,030 trilh\u00e3o em 2017, ou 15,71% do PIB. Um valore que representa 48,44% de toda a carga tribut\u00e1ria brasileira no per\u00edodo.<\/p>\n<p>Esse formato de tributa\u00e7\u00e3o penaliza os mais pobres. Isso porque o peso dos impostos \u00e9 o mesmo para todos, mas consome mais renda de quem ganha menos.<\/p>\n<p>Por outro lado, os tributos sobre o lucro, renda e o ganho de capital totalizaram R$ 408,941 bilh\u00f5es em 2017, ou 19,22% da carga tribut\u00e1ria total.<\/p>\n<p>J\u00e1 os impostos e contribui\u00e7\u00f5es sobre a folha de sal\u00e1rios chegaram a R$ 555,582 bilh\u00f5es em 2017, ou 26,12% da carga tribut\u00e1ria total.<\/p>\n<p>Os tributos sobre propriedades e transa\u00e7\u00f5es financeiras, respectivamente, representaram 4,58% e 1,63% do total da carga tribut\u00e1ria de 2017.<\/p>\n<h2>Compara\u00e7\u00e3o com outros pa\u00edses<\/h2>\n<p>Em 2016, a <strong>carga tribut\u00e1ria<\/strong> brasileira ficou abaixo da m\u00e9dia da OCDE &#8211; que somou 34,3% do PIB. Entretanto, ficou acima da m\u00e9dia dos pa\u00edses da Am\u00e9rica Latina e Caribe, que foi de 22,7%.<\/p>\n<p>&nbsp;<\/p>\n","protected":false},"excerpt":{"rendered":"<p>A carga tribut\u00e1ria brasileira chegou a\u00a032,43% do Produto Interno Bruto (PIB) em 2017. Os dados sobre a carga tribut\u00e1ria foram divulgados nesta segunda-feira (3) pela Secretaria da Receita Federal.\u00a0O n\u00edvel registrado no ano passado \u00e9 o maior em quatro anos. Segundo dados da Receita Federal, a carga tribut\u00e1ria de 2016 havia somado 32,29% di PIB, [&hellip;]<\/p>\n","protected":false},"author":9,"featured_media":7761,"comment_status":"closed","ping_status":"closed","sticky":false,"template":"","format":"standard","meta":[],"categories":[60],"tags":[704],"suno_strategy":[],"class_list":["post-7747","post","type-post","status-publish","format-standard","has-post-thumbnail","hentry","category-mercado","tag-impostos"],"yoast_head":"<!-- This site is optimized with the Yoast SEO plugin v24.4 - https:\/\/yoast.com\/wordpress\/plugins\/seo\/ -->\n<title>Carga tribut\u00e1ria brasileira chega a 32,4% do PIB em 2017 - Suno Not\u00edcias<\/title>\n<meta name=\"description\" content=\"A carga tribut\u00e1ria brasileira \u00e9 superior a m\u00e9dia dos pa\u00edses regi\u00e3o, mas inferior aos pa\u00edses membros da OCDE. Clique aqui para saber mais.\" \/>\n<meta name=\"robots\" content=\"index, follow, max-snippet:-1, max-image-preview:large, max-video-preview:-1\" \/>\n<link rel=\"canonical\" href=\"https:\/\/www.suno.com.br\/noticias\/carga-tributaria-chega-324-pib\/\" \/>\n<meta property=\"og:locale\" content=\"pt_BR\" \/>\n<meta property=\"og:type\" content=\"article\" \/>\n<meta property=\"og:title\" content=\"Carga tribut\u00e1ria brasileira chega a 32,4% do PIB em 2017 - Suno Not\u00edcias\" \/>\n<meta property=\"og:description\" content=\"A carga tribut\u00e1ria brasileira \u00e9 superior a m\u00e9dia dos pa\u00edses regi\u00e3o, mas inferior aos pa\u00edses membros da OCDE. Clique aqui para saber mais.\" \/>\n<meta property=\"og:url\" content=\"https:\/\/www.suno.com.br\/noticias\/carga-tributaria-chega-324-pib\/\" \/>\n<meta property=\"og:site_name\" content=\"Suno Not\u00edcias\" \/>\n<meta property=\"article:publisher\" content=\"https:\/\/facebook.com\/sunoresearch\" \/>\n<meta property=\"og:image\" content=\"https:\/\/files.sunoresearch.com.br\/n\/uploads\/2018\/12\/4c9834ad-impostometro.jpg\" \/>\n\t<meta property=\"og:image:width\" content=\"748\" \/>\n\t<meta property=\"og:image:height\" content=\"442\" \/>\n\t<meta property=\"og:image:type\" content=\"image\/jpeg\" \/>\n<meta name=\"author\" content=\"Carlo Cauti\" \/>\n<meta name=\"twitter:card\" content=\"summary_large_image\" \/>\n<meta name=\"twitter:creator\" content=\"@sunoresearch\" \/>\n<meta name=\"twitter:site\" content=\"@sunoresearch\" \/>\n<meta name=\"twitter:label1\" content=\"Escrito por\" \/>\n\t<meta name=\"twitter:data1\" content=\"Carlo Cauti\" \/>\n\t<meta name=\"twitter:label2\" content=\"Est. tempo de leitura\" \/>\n\t<meta name=\"twitter:data2\" content=\"2 minutos\" \/>\n<script type=\"application\/ld+json\" class=\"yoast-schema-graph\">{\"@context\":\"https:\/\/schema.org\",\"@graph\":[{\"@type\":\"NewsArticle\",\"@id\":\"https:\/\/www.suno.com.br\/noticias\/carga-tributaria-chega-324-pib\/#article\",\"isPartOf\":{\"@id\":\"https:\/\/www.suno.com.br\/noticias\/carga-tributaria-chega-324-pib\/\"},\"author\":{\"name\":\"Carlo Cauti\",\"@id\":\"https:\/\/www.suno.com.br\/noticias\/#\/schema\/person\/e6e0f723cc177805027f4566c1d5e0c8\"},\"headline\":\"Carga tribut\u00e1ria chega a 32,4% do PIB em 2017, maior n\u00edvel em 4 anos\",\"datePublished\":\"2018-12-03T16:48:10+00:00\",\"dateModified\":\"2021-06-21T08:43:22+00:00\",\"mainEntityOfPage\":{\"@id\":\"https:\/\/www.suno.com.br\/noticias\/carga-tributaria-chega-324-pib\/\"},\"wordCount\":496,\"publisher\":{\"@id\":\"https:\/\/www.suno.com.br\/noticias\/#organization\"},\"image\":{\"@id\":\"https:\/\/www.suno.com.br\/noticias\/carga-tributaria-chega-324-pib\/#primaryimage\"},\"thumbnailUrl\":\"https:\/\/files.sunoresearch.com.br\/n\/uploads\/2018\/12\/4c9834ad-impostometro-jpg.webp\",\"keywords\":[\"impostos\"],\"articleSection\":[\"Mercado\"],\"inLanguage\":\"pt-BR\"},{\"@type\":\"WebPage\",\"@id\":\"https:\/\/www.suno.com.br\/noticias\/carga-tributaria-chega-324-pib\/\",\"url\":\"https:\/\/www.suno.com.br\/noticias\/carga-tributaria-chega-324-pib\/\",\"name\":\"Carga tribut\u00e1ria brasileira chega a 32,4% do PIB em 2017 - Suno Not\u00edcias\",\"isPartOf\":{\"@id\":\"https:\/\/www.suno.com.br\/noticias\/#website\"},\"primaryImageOfPage\":{\"@id\":\"https:\/\/www.suno.com.br\/noticias\/carga-tributaria-chega-324-pib\/#primaryimage\"},\"image\":{\"@id\":\"https:\/\/www.suno.com.br\/noticias\/carga-tributaria-chega-324-pib\/#primaryimage\"},\"thumbnailUrl\":\"https:\/\/files.sunoresearch.com.br\/n\/uploads\/2018\/12\/4c9834ad-impostometro-jpg.webp\",\"datePublished\":\"2018-12-03T16:48:10+00:00\",\"dateModified\":\"2021-06-21T08:43:22+00:00\",\"description\":\"A carga tribut\u00e1ria brasileira \u00e9 superior a m\u00e9dia dos pa\u00edses regi\u00e3o, mas inferior aos pa\u00edses membros da OCDE. Clique aqui para saber mais.\",\"breadcrumb\":{\"@id\":\"https:\/\/www.suno.com.br\/noticias\/carga-tributaria-chega-324-pib\/#breadcrumb\"},\"inLanguage\":\"pt-BR\",\"potentialAction\":[{\"@type\":\"ReadAction\",\"target\":[\"https:\/\/www.suno.com.br\/noticias\/carga-tributaria-chega-324-pib\/\"]}]},{\"@type\":\"ImageObject\",\"inLanguage\":\"pt-BR\",\"@id\":\"https:\/\/www.suno.com.br\/noticias\/carga-tributaria-chega-324-pib\/#primaryimage\",\"url\":\"https:\/\/files.sunoresearch.com.br\/n\/uploads\/2018\/12\/4c9834ad-impostometro-jpg.webp\",\"contentUrl\":\"https:\/\/files.sunoresearch.com.br\/n\/uploads\/2018\/12\/4c9834ad-impostometro-jpg.webp\",\"width\":748,\"height\":442,\"caption\":\"O impost\u00f4metro de S\u00e3o Paulo\"},{\"@type\":\"BreadcrumbList\",\"@id\":\"https:\/\/www.suno.com.br\/noticias\/carga-tributaria-chega-324-pib\/#breadcrumb\",\"itemListElement\":[{\"@type\":\"ListItem\",\"position\":1,\"name\":\"Not\u00edcias\",\"item\":\"https:\/\/www.suno.com.br\/noticias\/\"},{\"@type\":\"ListItem\",\"position\":2,\"name\":\"Mercado\",\"item\":\"https:\/\/www.suno.com.br\/noticias\/mercado\/\"},{\"@type\":\"ListItem\",\"position\":3,\"name\":\"Carga tribut\u00e1ria chega a 32,4% do PIB em 2017, maior n\u00edvel em 4 anos\"}]},{\"@type\":\"WebSite\",\"@id\":\"https:\/\/www.suno.com.br\/noticias\/#website\",\"url\":\"https:\/\/www.suno.com.br\/noticias\/\",\"name\":\"Suno Not\u00edcias\",\"description\":\"Seu portal de informa\u00e7\u00e3o sobre o mundo dos investimentos\",\"publisher\":{\"@id\":\"https:\/\/www.suno.com.br\/noticias\/#organization\"},\"potentialAction\":[{\"@type\":\"SearchAction\",\"target\":{\"@type\":\"EntryPoint\",\"urlTemplate\":\"https:\/\/www.suno.com.br\/noticias\/?s={search_term_string}\"},\"query-input\":{\"@type\":\"PropertyValueSpecification\",\"valueRequired\":true,\"valueName\":\"search_term_string\"}}],\"inLanguage\":\"pt-BR\"},{\"@type\":\"Organization\",\"@id\":\"https:\/\/www.suno.com.br\/noticias\/#organization\",\"name\":\"Suno Not\u00edcias\",\"url\":\"https:\/\/www.suno.com.br\/noticias\/\",\"logo\":{\"@type\":\"ImageObject\",\"inLanguage\":\"pt-BR\",\"@id\":\"https:\/\/www.suno.com.br\/noticias\/#\/schema\/logo\/image\/\",\"url\":\"https:\/\/files.sunoresearch.com.br\/n\/uploads\/2021\/09\/suno-logo.png\",\"contentUrl\":\"https:\/\/files.sunoresearch.com.br\/n\/uploads\/2021\/09\/suno-logo.png\",\"width\":180,\"height\":180,\"caption\":\"Suno Not\u00edcias\"},\"image\":{\"@id\":\"https:\/\/www.suno.com.br\/noticias\/#\/schema\/logo\/image\/\"},\"sameAs\":[\"https:\/\/facebook.com\/sunoresearch\",\"https:\/\/x.com\/sunoresearch\",\"https:\/\/www.instagram.com\/suno\",\"https:\/\/www.linkedin.com\/company\/suno-research\/\",\"https:\/\/www.youtube.com\/c\/sunoresearch\"]},{\"@type\":\"Person\",\"@id\":\"https:\/\/www.suno.com.br\/noticias\/#\/schema\/person\/e6e0f723cc177805027f4566c1d5e0c8\",\"name\":\"Carlo Cauti\",\"image\":{\"@type\":\"ImageObject\",\"inLanguage\":\"pt-BR\",\"@id\":\"https:\/\/www.suno.com.br\/noticias\/#\/schema\/person\/image\/\",\"url\":\"https:\/\/secure.gravatar.com\/avatar\/3ada9e0bd164c23abd4792a9606d583c?s=96&r=g\",\"contentUrl\":\"https:\/\/secure.gravatar.com\/avatar\/3ada9e0bd164c23abd4792a9606d583c?s=96&r=g\",\"caption\":\"Carlo Cauti\"},\"description\":\"Editor multim\u00eddia do SUNO Not\u00edcias. Italiano, formado em Ci\u00eancias Pol\u00edticas pela universidade LUISS G. Carli de Roma e mestre cum laude em Rela\u00e7\u00f5es Internacionais, Jornalismo Internacional e de Guerra e em Economia Internacional. Concluiu tamb\u00e9m um MBA em Finan\u00e7as na B3. No Brasil, teve passagem por ve\u00edculos como Estad\u00e3o, Globo, Veja e EXAME. e nas ag\u00eancias de not\u00edcias italianas ANSA e NOVA.\",\"url\":\"https:\/\/www.suno.com.br\/noticias\/author\/carlo-cauti\/\"}]}<\/script>\n<!-- \/ Yoast SEO plugin. -->","yoast_head_json":{"title":"Carga tribut\u00e1ria brasileira chega a 32,4% do PIB em 2017 - Suno Not\u00edcias","description":"A carga tribut\u00e1ria brasileira \u00e9 superior a m\u00e9dia dos pa\u00edses regi\u00e3o, mas inferior aos pa\u00edses membros da OCDE. Clique aqui para saber mais.","robots":{"index":"index","follow":"follow","max-snippet":"max-snippet:-1","max-image-preview":"max-image-preview:large","max-video-preview":"max-video-preview:-1"},"canonical":"https:\/\/www.suno.com.br\/noticias\/carga-tributaria-chega-324-pib\/","og_locale":"pt_BR","og_type":"article","og_title":"Carga tribut\u00e1ria brasileira chega a 32,4% do PIB em 2017 - Suno Not\u00edcias","og_description":"A carga tribut\u00e1ria brasileira \u00e9 superior a m\u00e9dia dos pa\u00edses regi\u00e3o, mas inferior aos pa\u00edses membros da OCDE. Clique aqui para saber mais.","og_url":"https:\/\/www.suno.com.br\/noticias\/carga-tributaria-chega-324-pib\/","og_site_name":"Suno Not\u00edcias","article_publisher":"https:\/\/facebook.com\/sunoresearch","og_image":[{"width":748,"height":442,"url":"https:\/\/files.sunoresearch.com.br\/n\/uploads\/2018\/12\/4c9834ad-impostometro.jpg","type":"image\/jpeg"}],"author":"Carlo Cauti","twitter_card":"summary_large_image","twitter_creator":"@sunoresearch","twitter_site":"@sunoresearch","twitter_misc":{"Escrito por":"Carlo Cauti","Est. tempo de leitura":"2 minutos"},"schema":{"@context":"https:\/\/schema.org","@graph":[{"@type":"NewsArticle","@id":"https:\/\/www.suno.com.br\/noticias\/carga-tributaria-chega-324-pib\/#article","isPartOf":{"@id":"https:\/\/www.suno.com.br\/noticias\/carga-tributaria-chega-324-pib\/"},"author":{"name":"Carlo Cauti","@id":"https:\/\/www.suno.com.br\/noticias\/#\/schema\/person\/e6e0f723cc177805027f4566c1d5e0c8"},"headline":"Carga tribut\u00e1ria chega a 32,4% do PIB em 2017, maior n\u00edvel em 4 anos","datePublished":"2018-12-03T16:48:10+00:00","dateModified":"2021-06-21T08:43:22+00:00","mainEntityOfPage":{"@id":"https:\/\/www.suno.com.br\/noticias\/carga-tributaria-chega-324-pib\/"},"wordCount":496,"publisher":{"@id":"https:\/\/www.suno.com.br\/noticias\/#organization"},"image":{"@id":"https:\/\/www.suno.com.br\/noticias\/carga-tributaria-chega-324-pib\/#primaryimage"},"thumbnailUrl":"https:\/\/files.sunoresearch.com.br\/n\/uploads\/2018\/12\/4c9834ad-impostometro-jpg.webp","keywords":["impostos"],"articleSection":["Mercado"],"inLanguage":"pt-BR"},{"@type":"WebPage","@id":"https:\/\/www.suno.com.br\/noticias\/carga-tributaria-chega-324-pib\/","url":"https:\/\/www.suno.com.br\/noticias\/carga-tributaria-chega-324-pib\/","name":"Carga tribut\u00e1ria brasileira chega a 32,4% do PIB em 2017 - Suno Not\u00edcias","isPartOf":{"@id":"https:\/\/www.suno.com.br\/noticias\/#website"},"primaryImageOfPage":{"@id":"https:\/\/www.suno.com.br\/noticias\/carga-tributaria-chega-324-pib\/#primaryimage"},"image":{"@id":"https:\/\/www.suno.com.br\/noticias\/carga-tributaria-chega-324-pib\/#primaryimage"},"thumbnailUrl":"https:\/\/files.sunoresearch.com.br\/n\/uploads\/2018\/12\/4c9834ad-impostometro-jpg.webp","datePublished":"2018-12-03T16:48:10+00:00","dateModified":"2021-06-21T08:43:22+00:00","description":"A carga tribut\u00e1ria brasileira \u00e9 superior a m\u00e9dia dos pa\u00edses regi\u00e3o, mas inferior aos pa\u00edses membros da OCDE. Clique aqui para saber mais.","breadcrumb":{"@id":"https:\/\/www.suno.com.br\/noticias\/carga-tributaria-chega-324-pib\/#breadcrumb"},"inLanguage":"pt-BR","potentialAction":[{"@type":"ReadAction","target":["https:\/\/www.suno.com.br\/noticias\/carga-tributaria-chega-324-pib\/"]}]},{"@type":"ImageObject","inLanguage":"pt-BR","@id":"https:\/\/www.suno.com.br\/noticias\/carga-tributaria-chega-324-pib\/#primaryimage","url":"https:\/\/files.sunoresearch.com.br\/n\/uploads\/2018\/12\/4c9834ad-impostometro-jpg.webp","contentUrl":"https:\/\/files.sunoresearch.com.br\/n\/uploads\/2018\/12\/4c9834ad-impostometro-jpg.webp","width":748,"height":442,"caption":"O impost\u00f4metro de S\u00e3o Paulo"},{"@type":"BreadcrumbList","@id":"https:\/\/www.suno.com.br\/noticias\/carga-tributaria-chega-324-pib\/#breadcrumb","itemListElement":[{"@type":"ListItem","position":1,"name":"Not\u00edcias","item":"https:\/\/www.suno.com.br\/noticias\/"},{"@type":"ListItem","position":2,"name":"Mercado","item":"https:\/\/www.suno.com.br\/noticias\/mercado\/"},{"@type":"ListItem","position":3,"name":"Carga tribut\u00e1ria chega a 32,4% do PIB em 2017, maior n\u00edvel em 4 anos"}]},{"@type":"WebSite","@id":"https:\/\/www.suno.com.br\/noticias\/#website","url":"https:\/\/www.suno.com.br\/noticias\/","name":"Suno Not\u00edcias","description":"Seu portal de informa\u00e7\u00e3o sobre o mundo dos investimentos","publisher":{"@id":"https:\/\/www.suno.com.br\/noticias\/#organization"},"potentialAction":[{"@type":"SearchAction","target":{"@type":"EntryPoint","urlTemplate":"https:\/\/www.suno.com.br\/noticias\/?s={search_term_string}"},"query-input":{"@type":"PropertyValueSpecification","valueRequired":true,"valueName":"search_term_string"}}],"inLanguage":"pt-BR"},{"@type":"Organization","@id":"https:\/\/www.suno.com.br\/noticias\/#organization","name":"Suno Not\u00edcias","url":"https:\/\/www.suno.com.br\/noticias\/","logo":{"@type":"ImageObject","inLanguage":"pt-BR","@id":"https:\/\/www.suno.com.br\/noticias\/#\/schema\/logo\/image\/","url":"https:\/\/files.sunoresearch.com.br\/n\/uploads\/2021\/09\/suno-logo.png","contentUrl":"https:\/\/files.sunoresearch.com.br\/n\/uploads\/2021\/09\/suno-logo.png","width":180,"height":180,"caption":"Suno Not\u00edcias"},"image":{"@id":"https:\/\/www.suno.com.br\/noticias\/#\/schema\/logo\/image\/"},"sameAs":["https:\/\/facebook.com\/sunoresearch","https:\/\/x.com\/sunoresearch","https:\/\/www.instagram.com\/suno","https:\/\/www.linkedin.com\/company\/suno-research\/","https:\/\/www.youtube.com\/c\/sunoresearch"]},{"@type":"Person","@id":"https:\/\/www.suno.com.br\/noticias\/#\/schema\/person\/e6e0f723cc177805027f4566c1d5e0c8","name":"Carlo Cauti","image":{"@type":"ImageObject","inLanguage":"pt-BR","@id":"https:\/\/www.suno.com.br\/noticias\/#\/schema\/person\/image\/","url":"https:\/\/secure.gravatar.com\/avatar\/3ada9e0bd164c23abd4792a9606d583c?s=96&r=g","contentUrl":"https:\/\/secure.gravatar.com\/avatar\/3ada9e0bd164c23abd4792a9606d583c?s=96&r=g","caption":"Carlo Cauti"},"description":"Editor multim\u00eddia do SUNO Not\u00edcias. Italiano, formado em Ci\u00eancias Pol\u00edticas pela universidade LUISS G. Carli de Roma e mestre cum laude em Rela\u00e7\u00f5es Internacionais, Jornalismo Internacional e de Guerra e em Economia Internacional. Concluiu tamb\u00e9m um MBA em Finan\u00e7as na B3. No Brasil, teve passagem por ve\u00edculos como Estad\u00e3o, Globo, Veja e EXAME. e nas ag\u00eancias de not\u00edcias italianas ANSA e NOVA.","url":"https:\/\/www.suno.com.br\/noticias\/author\/carlo-cauti\/"}]}},"default_loop_html":"<div class=\"cardsPage__listCard__boxs\"><div class=\"cardsPage__listCard__boxs__img\"><a href=\"https:\/\/www.suno.com.br\/noticias\/carga-tributaria-chega-324-pib\/\"><img class=\"mask\" src=\"https:\/\/www.suno.com.br\/noticias\/wp-content\/themes\/suno\/resources\/images\/spotlight\/spotlight1img\/bg-mask.png\" alt=\"Image Mask\"\/><img src=\"https:\/\/files.sunoresearch.com.br\/n\/uploads\/2018\/12\/4c9834ad-impostometro-400x200.webp\" alt=\"Carga tribut\u00e1ria chega a 32,4% do PIB em 2017, maior n\u00edvel em 4 anos\"\/><\/a><span class=\"spotlightCategory\"><a href=\"https:\/\/www.suno.com.br\/noticias\/mercado\/\">Mercado<\/a><\/span><\/div><div class=\"cardsPage__listCard__boxs__content\"><a href=\"https:\/\/www.suno.com.br\/noticias\/carga-tributaria-chega-324-pib\/\"><h2 class=\"content__title\">Carga tribut\u00e1ria chega a 32,4% do PIB em 2017, maior n\u00edvel em 4 anos<\/h2><\/a><div class=\"newsContent__article__meta\"><div class=\"newsContent__article__meta__authorBox\"><a href=\"https:\/\/www.suno.com.br\/noticias\/author\/carlo-cauti\/\" class=\"authorBox__avatar noMobi\"><img src=\"https:\/\/files.sunoresearch.com.br\/n\/uploads\/2020\/08\/e3745f9a-perfil-carlo-cauti-150x150.webp\" alt=\"Carlo Cauti\"><\/a><div class=\"authorBox__name\"><span>por\n\t\t\t<a href=\"https:\/\/www.suno.com.br\/noticias\/author\/carlo-cauti\/\"><span itemprop=\"author\">Carlo Cauti<\/span><\/a><\/span><time datetime=\"2018-12-03T14:48:10-02:00\" itemprop=\"datePublished\">03\/12\/2018 14:48<\/time><\/div><\/div><\/div><\/div><\/div>","single_layout":"posts","amp_enabled":true,"_links":{"self":[{"href":"https:\/\/www.suno.com.br\/noticias\/wp-json\/wp\/v2\/posts\/7747"}],"collection":[{"href":"https:\/\/www.suno.com.br\/noticias\/wp-json\/wp\/v2\/posts"}],"about":[{"href":"https:\/\/www.suno.com.br\/noticias\/wp-json\/wp\/v2\/types\/post"}],"author":[{"embeddable":true,"href":"https:\/\/www.suno.com.br\/noticias\/wp-json\/wp\/v2\/users\/9"}],"replies":[{"embeddable":true,"href":"https:\/\/www.suno.com.br\/noticias\/wp-json\/wp\/v2\/comments?post=7747"}],"version-history":[{"count":1,"href":"https:\/\/www.suno.com.br\/noticias\/wp-json\/wp\/v2\/posts\/7747\/revisions"}],"predecessor-version":[{"id":159609,"href":"https:\/\/www.suno.com.br\/noticias\/wp-json\/wp\/v2\/posts\/7747\/revisions\/159609"}],"wp:featuredmedia":[{"embeddable":true,"href":"https:\/\/www.suno.com.br\/noticias\/wp-json\/wp\/v2\/media\/7761"}],"wp:attachment":[{"href":"https:\/\/www.suno.com.br\/noticias\/wp-json\/wp\/v2\/media?parent=7747"}],"wp:term":[{"taxonomy":"category","embeddable":true,"href":"https:\/\/www.suno.com.br\/noticias\/wp-json\/wp\/v2\/categories?post=7747"},{"taxonomy":"post_tag","embeddable":true,"href":"https:\/\/www.suno.com.br\/noticias\/wp-json\/wp\/v2\/tags?post=7747"},{"taxonomy":"suno_strategy","embeddable":true,"href":"https:\/\/www.suno.com.br\/noticias\/wp-json\/wp\/v2\/suno_strategy?post=7747"}],"curies":[{"name":"wp","href":"https:\/\/api.w.org\/{rel}","templated":true}]}}