{"id":77445,"date":"2020-08-10T17:34:35","date_gmt":"2020-08-10T20:34:35","guid":{"rendered":"https:\/\/www.suno.com.br\/noticias\/?p=77445"},"modified":"2021-05-29T20:32:31","modified_gmt":"2021-05-29T23:32:31","slug":"ibovespa-fecha-em-alta-de-065-a-103-44448-pontos-10082020","status":"publish","type":"post","link":"https:\/\/www.suno.com.br\/noticias\/ibovespa-fecha-em-alta-de-065-a-103-44448-pontos-10082020\/","title":{"rendered":"Ibovespa fecha em alta de 0,65%, a 103.444,48 pontos"},"content":{"rendered":"<p>O\u00a0<span style=\"font-weight: 700 !important;\"><a href=\"https:\/\/www.suno.com.br\/artigos\/ibovespa\/\">Ibovespa<\/a>\u00a0<\/span>encerrou o preg\u00e3o desta segunda-feira (10) em alta de 0,65%, a 103.444,48 pontos.<\/p>\t<div class=\"wrapper-featured-image\">\n\t\t<figure class=\"spotlightImg\">\n\n\t\t\t<picture>\n\t\t\t\t<source media=\"(max-width: 768px)\" srcset=\"https:\/\/files.sunoresearch.com.br\/n\/uploads\/2018\/12\/cd6278f6-ibovespa-400x200.webp\">\n\t\t\t\t<img loading=\"lazy\" decoding=\"async\" class=\"newsContent__article__imgCapa lazyloadDisabled \" src=\"https:\/\/files.sunoresearch.com.br\/n\/uploads\/2018\/12\/cd6278f6-ibovespa-800x450.webp\" width=\"800\" height=\"450\" alt=\"Ibovespa fecha em alta de 0,65%, a 103.444,48 pontos\" fetchpriority=high \/>\n\t\t\t<\/picture>\n\n\t\t\t<figcaption class=\"wp-caption-text wp-caption-text--show\">O Ibovespa hoje fechou o preg\u00e3o  em alta de 0,65%, a 103.444,48 pontos. <\/figcaption>\n\t\t<\/figure>\n\t<\/div>\n\n\n<div class=\"hubspot-form-wrapper\">\n\t<div id=\"single-form-target\"><\/div>\n<\/div>\n\n<p>O <strong>Ibovespa hoje<\/strong> abriu em alta enquanto o mercado acion\u00e1rio estava atento a tramita\u00e7\u00e3o no Congresso do projeto de lei do novo marco para setor de g\u00e1s que pode destravar R$ 40 bilh\u00f5es em investimentos.<\/p>\n<p>Al\u00e9m disso, seguiu no radar dos investidores durante o dia o anuncio da JBS sobre a pretens\u00e3o de construir uma nova f\u00e1brica de produtos processados \u00e0 base de carne su\u00edna, por meio de sua subsidi\u00e1ria Plumrose USA.<\/p>\n<p><a href=\"https:\/\/lp.suno.com.br\/suno-one\/\">No Suno One voc\u00ea aprende a fazer seu dinheiro para trabalhar para voc\u00ea. Cadastre-se gratuitamente agora!<\/a><\/p>\n<p>Confira as principais not\u00edcias que movimentaram o mercado nessa segunda-feira:<\/p>\n<ul>\n<li><strong>Braskem<\/strong> (<strong>BRKM3<\/strong>) tem forte alta na B3 ap\u00f3s retomada de venda pela Odebrecht<\/li>\n<li><strong>JBS<\/strong> (<strong>JBSS3<\/strong>): subsidi\u00e1ria nos EUA quer construir nova f\u00e1brica por US$ 200 milh\u00f5es<\/li>\n<li><strong>JSL<\/strong> (<strong>JSLG3<\/strong>) assina acordo para aquisi\u00e7\u00e3o de 100% da Transmoreno<\/li>\n<li><strong>M. Dias Branco<\/strong> (<strong>MDIA3<\/strong>) est\u00e1 atenta \u00e0 oportunidades de fus\u00e3o e aquisi\u00e7\u00e3o<\/li>\n<li>Bolsas no exterior<\/li>\n<li>\u00daltima cota\u00e7\u00e3o do d\u00f3lar<\/li>\n<\/ul>\n<h2>Braskem (BRKM3)<\/h2>\n<p>As a\u00e7\u00f5es da\u00a0<a href=\"https:\/\/www.suno.com.br\/acoes\/brkm3\/\"><strong>Braskem<\/strong> (BRKM3)<\/a> operavam em forte alta na tarde desta segunda-feira no principal \u00edndice acion\u00e1rio da <a href=\"https:\/\/www.suno.com.br\/artigos\/b3\/\">Bolsa de Valores de S\u00e3o Paulo (B3)<\/a>,<a href=\"https:\/\/www.suno.com.br\/artigos\/ibovespa\/\"> Ibovespa<\/a>. Os pap\u00e9is da empresa variavam positivamente a 7,24%, sendo negociados por R$ 24,88.<\/p>\n<p>A alta nas a\u00e7\u00f5es acontece ap\u00f3s a Braskem ter divulgado, na \u00faltima sexta-feira (7), por meio de um <a href=\"https:\/\/www.suno.com.br\/artigos\/fato-relevante\/\">fato relevante<\/a>, que recebeu uma correspond\u00eancia da sua controladora <strong>Odebrecht<\/strong> informando que a empresa deu in\u00edcio aos atos preparat\u00f3rios para estruturar um processo de venda privada de at\u00e9 100% de sua participa\u00e7\u00e3o na petroqu\u00edmica.<\/p>\n\t<div data-element=\"shortcode-read-more\" class=\"knowMore\">\n\t\t\t\t<span class=\"knowMore__title\">Veja tamb\u00e9m<\/span>\n\t\t\t\t<a class=\"knowMore__link\" href=\"https:\/\/www.suno.com.br\/noticias\/braskem-brkm3-dispara-b3-retomada-venda-odebrecht\/\">\n\t\t\tBraskem (BRKM3) tem forte alta na B3 ap\u00f3s retomada de venda pela Odebrecht\t\t<\/a>\n\t<\/div>\n\n\n<p>A Odebrecht tamb\u00e9m teria contratado a institui\u00e7\u00e3o financeira Morgan Stanley para coordenar a retomada do processo de venda da Braskem , de acordo com informa\u00e7\u00f5es do jornal &#8220;Valor Econ\u00f4mico&#8221;. Vale destacar que o grupo Odebrecht teve seu processo de recupera\u00e7\u00e3o judicial homologado h\u00e1 cerca de 10 dias.<\/p>\n<h2>JBS (JBSS3)<\/h2>\n<p>A <a href=\"https:\/\/www.suno.com.br\/acoes\/jbss3\/\"><strong>JBS<\/strong> (JBSS3)<\/a> USA, anunciou, nesta segunda-feira, a pretens\u00e3o de construir uma nova f\u00e1brica de produtos processados \u00e0 base de carne su\u00edna, por meio de sua subsidi\u00e1ria Plumrose USA. A companhia estima investir US$ 200 milh\u00f5es (cerca de R$ 1,07 bilh\u00e3o) na planta.<\/p>\n<p>Segundo um comunicado da JBS, o objetivo \u00e9 levantar uma unidade estrategicamente localizada para ter acesso eficaz a mat\u00e9ria-prima, al\u00e9m de aproveitar sinergias com outos ativos existentes. Sua subsidi\u00e1ria j\u00e1 possui seis unidades em todo o territ\u00f3rio norte-americano.<\/p>\n\t<div data-element=\"shortcode-read-more\" class=\"knowMore\">\n\t\t\t\t<span class=\"knowMore__title\">Veja tamb\u00e9m<\/span>\n\t\t\t\t<a class=\"knowMore__link\" href=\"https:\/\/www.suno.com.br\/noticias\/jbs-jbss3-subsidiaria-eua-nova-fabrica\/\">\n\t\t\tJBS (JBSS3): subsidi\u00e1ria nos EUA quer construir nova f\u00e1brica por US$ 200 milh\u00f5es\t\t<\/a>\n\t<\/div>\n\n\n<p>&#8220;A Plumrose USA est\u00e1 posicionada de forma \u00fanica para atender \u00e0 crescente demanda do consumidor por carnes &#8216;italianas&#8217; de excelente sabor e alta qualidade, como salame e presunto&#8221;, afirmou, em nota, Thomas Lopez, presidente da <strong>Plumrose USA<\/strong>.<\/p>\n<h2>JSL (JSLG3)<\/h2>\n<p>A <a href=\"https:\/\/www.suno.com.br\/acoes\/jslg3\/\"><strong>JSL<\/strong> S.A. (JSLG3)<\/a> informou aos seus acionistas e ao mercado em geral, nesta segunda-feira, que celebrou, na \u00faltima sexta-feira, ap\u00f3s o fechamento do mercado, o contrato de compra e venda visando \u00e0 aquisi\u00e7\u00e3o da Moreno Holding Ltda, controladora da Transmoreno Transporte e Log\u00edstica Ltda.<\/p>\n<p>A companhia informou que o contrato prev\u00ea a aquisi\u00e7\u00e3o pela JSL da totalidade da Moreno Holding por R$ 310 milh\u00f5es, que ser\u00e1 ajustado com base na d\u00edvida l\u00edquida, capital de giro e outros ajustes na data de fechamento da transa\u00e7\u00e3o.<\/p>\n\t<div data-element=\"shortcode-read-more\" class=\"knowMore\">\n\t\t\t\t<span class=\"knowMore__title\">Veja tamb\u00e9m<\/span>\n\t\t\t\t<a class=\"knowMore__link\" href=\"https:\/\/www.suno.com.br\/noticias\/jsl-acordo-aquisicao-100-transmoreno\/\">\n\t\t\tJSL (JSLG3) assina acordo para aquisi\u00e7\u00e3o de 100% da Transmoreno\t\t<\/a>\n\t<\/div>\n\n\n<p>Do total, R$ 100 milh\u00f5es ser\u00e3o pagos no fechamento da transa\u00e7\u00e3o e o restante em parcelas semestrais, durante 5 anos. O valor integral ser\u00e1 pago em dinheiro. &#8220;Ademais, os vendedores far\u00e3o jus a um pr\u00eamio de R$ 10 milh\u00f5es em 2025 caso determinadas condi\u00e7\u00f5es sejam atingidas at\u00e9 o final de 2024&#8221;, destacou a JSL.<\/p>\n<h2>M. Dias Branco (MDIA3)<\/h2>\n<p>O vice-presidente de investimentos e controladoria e diretor de rela\u00e7\u00f5es com investidores da <a href=\"https:\/\/www.suno.com.br\/acoes\/mdia3\/\"><strong>M. Dias Branco<\/strong> (MDIA3)<\/a> , Gustavo Lopes Theodozio, afirmou que a companhia manter\u00e1 a estrat\u00e9gia de <a href=\"https:\/\/respostas.suno.com.br\/pergunta\/o-que-e-crescimento-organico-e-o-que-e-crescimento-inorganico\/\">crescimento org\u00e2nico<\/a> e que est\u00e1 atenta \u00e0s oportunidades de<a href=\"https:\/\/www.suno.com.br\/artigos\/fusoes-aquisicoes\/\"> fus\u00e3o e aquisi\u00e7\u00e3o<\/a>. A informa\u00e7\u00e3o foi divulgada nessa segunda-feira quando o executivo participava de uma teleconfer\u00eancia com analistas de mercado.<\/p>\n<p>Na ocasi\u00e3o, Theodozio ainda apontou que &#8220;a <strong>Piraqu\u00ea<\/strong> j\u00e1 \u00e9 a segunda maior marca da M. Dias Branco e estamos trabalhando para se tornar uma marca nacional&#8221;. Vale destacar que a companhia adquiriu a marca Piraqu\u00ea em meados de 2018.<\/p>\n\t<div data-element=\"shortcode-read-more\" class=\"knowMore\">\n\t\t\t\t<span class=\"knowMore__title\">Veja tamb\u00e9m<\/span>\n\t\t\t\t<a class=\"knowMore__link\" href=\"https:\/\/www.suno.com.br\/noticias\/m-dias-branco-mdia3-fusao-aquisicao\/\">\n\t\t\tM. Dias Branco (MDIA3) est\u00e1 atenta \u00e0 oportunidades de fus\u00e3o e aquisi\u00e7\u00e3o\t\t<\/a>\n\t<\/div>\n\n\n<p>Por sua vez, o diretor de novos neg\u00f3cios da companhia, <strong>Fabio Cefaly<\/strong>, destacou que &#8220;temos crescido de forma muito sustent\u00e1vel. N\u00e3o foi uma melhora de um trimestre, mas \u00e9 um trabalho feito desde maio de 2018. Estruturalmente, a Piraqu\u00ea deve ter uma<a href=\"https:\/\/www.suno.com.br\/artigos\/margem-ebitda\/\"> margem Ebitda<\/a> melhor do que a da M. Dias Branco, porque sua <a href=\"https:\/\/www.suno.com.br\/artigos\/margem-bruta-entenda-sua-importancia\/#:~:text=Margem%20bruta%20%C3%A9%20a%20raz%C3%A3o,produtos%20vendidos%20da%20receita%20l%C3%ADquida.&amp;text=Para%20este%20exemplo%2C%20R%24%201,dos%20seus%20custos%20e%20despesas.\">margem bruta<\/a> \u00e9 maior e o pre\u00e7o \u00e9 maior do que o mix da empresa. O que tem surpreendido \u00e9 a capacidade de crescimento em todo&#8221;, comentando sobre os resultados da companhia no segundo trimestre desse ano.<\/p>\n<h2>Bolsas no exterior<\/h2>\n<p>Al\u00e9m do Ibovespa, confira o desempenho dos principais \u00edndices acion\u00e1rios no exterior:<\/p>\n<ul>\n<li>Londres (<a href=\"https:\/\/www.suno.com.br\/artigos\/ftse-100\/\">FTSE 100<\/a>): + 0,31%<\/li>\n<li>Frankfurt (<a href=\"https:\/\/www.suno.com.br\/artigos\/dax-30\/\">DAX 30)<\/a>: + 0,100%<\/li>\n<li>Paris (<a href=\"https:\/\/www.suno.com.br\/artigos\/cac-40\/\">CAC 40<\/a>): + 0,41%<\/li>\n<li>Mil\u00e3o (FTSE\/MIB): + 0,69%<\/li>\n<li>Nova York (<a href=\"https:\/\/www.suno.com.br\/artigos\/sp-500\/\">S&amp;P 500<\/a>):\u00a0 + 0,27%<\/li>\n<\/ul>\n<h2>\u00daltima cota\u00e7\u00e3o do Ibovespa<\/h2>\n<p>Na \u00faltima sess\u00e3o, sexta-feira, o <strong>Ibovespa<\/strong> registrou queda de 1,3%, a 102.775,547 pontos.<\/p>\n\n","protected":false},"excerpt":{"rendered":"<p>O\u00a0Ibovespa\u00a0encerrou o preg\u00e3o desta segunda-feira (10) em alta de 0,65%, a 103.444,48 pontos. O Ibovespa hoje fechou o preg\u00e3o em alta de 0,65%, a 103.444,48 pontos. O Ibovespa hoje abriu em alta enquanto o mercado acion\u00e1rio estava atento a tramita\u00e7\u00e3o no Congresso do projeto de lei do novo marco para setor de g\u00e1s que pode [&hellip;]<\/p>\n","protected":false},"author":39,"featured_media":8498,"comment_status":"closed","ping_status":"closed","sticky":false,"template":"","format":"standard","meta":[],"categories":[60],"tags":[367,395,721,521,526,546],"suno_strategy":[],"class_list":["post-77445","post","type-post","status-publish","format-standard","has-post-thumbnail","hentry","category-mercado","tag-b3-b3sa3","tag-braskem-brkm3-brkm5-brkm6","tag-ibovespa","tag-jbs-jbss3","tag-jsl-jslg11-jslg3","tag-m-dias-branco-mdia3"],"yoast_head":"<!-- This site is optimized with the Yoast SEO plugin v24.4 - https:\/\/yoast.com\/wordpress\/plugins\/seo\/ -->\n<title>Ibovespa fecha em alta de 0,65%, a 103.444,48 pontos<\/title>\n<meta name=\"description\" content=\"O\u00a0Ibovespa\u00a0encerrou o preg\u00e3o desta segunda-feira (10) em alta de 0,65%, a 103.444,48 pontos. Clique aqui para saber mais.\" \/>\n<meta name=\"robots\" content=\"index, follow, max-snippet:-1, max-image-preview:large, max-video-preview:-1\" \/>\n<link rel=\"canonical\" href=\"https:\/\/www.suno.com.br\/noticias\/ibovespa-fecha-em-alta-de-065-a-103-44448-pontos-10082020\/\" \/>\n<meta property=\"og:locale\" content=\"pt_BR\" \/>\n<meta property=\"og:type\" content=\"article\" \/>\n<meta property=\"og:title\" content=\"Ibovespa fecha em alta de 0,65%, a 103.444,48 pontos\" \/>\n<meta property=\"og:description\" content=\"O\u00a0Ibovespa\u00a0encerrou o preg\u00e3o desta segunda-feira (10) em alta de 0,65%, a 103.444,48 pontos. Clique aqui para saber mais.\" \/>\n<meta property=\"og:url\" content=\"https:\/\/www.suno.com.br\/noticias\/ibovespa-fecha-em-alta-de-065-a-103-44448-pontos-10082020\/\" \/>\n<meta property=\"og:site_name\" content=\"Suno Not\u00edcias\" \/>\n<meta property=\"article:publisher\" content=\"https:\/\/facebook.com\/sunoresearch\" \/>\n<meta property=\"og:image\" content=\"https:\/\/files.sunoresearch.com.br\/n\/uploads\/2018\/12\/cd6278f6-ibovespa.jpg\" \/>\n\t<meta property=\"og:image:width\" content=\"1024\" \/>\n\t<meta property=\"og:image:height\" content=\"575\" \/>\n\t<meta property=\"og:image:type\" content=\"image\/jpeg\" \/>\n<meta name=\"author\" content=\"Laura Moutinho\" \/>\n<meta name=\"twitter:card\" content=\"summary_large_image\" \/>\n<meta name=\"twitter:creator\" content=\"@sunoresearch\" \/>\n<meta name=\"twitter:site\" content=\"@sunoresearch\" \/>\n<meta name=\"twitter:label1\" content=\"Escrito por\" \/>\n\t<meta name=\"twitter:data1\" content=\"Laura Moutinho\" \/>\n\t<meta name=\"twitter:label2\" content=\"Est. tempo de leitura\" \/>\n\t<meta name=\"twitter:data2\" content=\"5 minutos\" \/>\n<script type=\"application\/ld+json\" class=\"yoast-schema-graph\">{\"@context\":\"https:\/\/schema.org\",\"@graph\":[{\"@type\":\"NewsArticle\",\"@id\":\"https:\/\/www.suno.com.br\/noticias\/ibovespa-fecha-em-alta-de-065-a-103-44448-pontos-10082020\/#article\",\"isPartOf\":{\"@id\":\"https:\/\/www.suno.com.br\/noticias\/ibovespa-fecha-em-alta-de-065-a-103-44448-pontos-10082020\/\"},\"author\":{\"name\":\"Laura Moutinho\",\"@id\":\"https:\/\/www.suno.com.br\/noticias\/#\/schema\/person\/3df0d2808748b74496efe5dbeaef2c72\"},\"headline\":\"Ibovespa fecha em alta de 0,65%, a 103.444,48 pontos\",\"datePublished\":\"2020-08-10T20:34:35+00:00\",\"dateModified\":\"2021-05-29T23:32:31+00:00\",\"mainEntityOfPage\":{\"@id\":\"https:\/\/www.suno.com.br\/noticias\/ibovespa-fecha-em-alta-de-065-a-103-44448-pontos-10082020\/\"},\"wordCount\":909,\"publisher\":{\"@id\":\"https:\/\/www.suno.com.br\/noticias\/#organization\"},\"image\":{\"@id\":\"https:\/\/www.suno.com.br\/noticias\/ibovespa-fecha-em-alta-de-065-a-103-44448-pontos-10082020\/#primaryimage\"},\"thumbnailUrl\":\"https:\/\/files.sunoresearch.com.br\/n\/uploads\/2018\/12\/cd6278f6-ibovespa-jpg.webp\",\"keywords\":[\"B3 (B3SA3)\",\"Braskem (BRKM3\/BRKM5\/BRKM6)\",\"Ibovespa\",\"JBS (JBSS3)\",\"JSL (JSL11\/JSLG3)\",\"M.Dias Branco (MDIA3)\"],\"articleSection\":[\"Mercado\"],\"inLanguage\":\"pt-BR\"},{\"@type\":\"WebPage\",\"@id\":\"https:\/\/www.suno.com.br\/noticias\/ibovespa-fecha-em-alta-de-065-a-103-44448-pontos-10082020\/\",\"url\":\"https:\/\/www.suno.com.br\/noticias\/ibovespa-fecha-em-alta-de-065-a-103-44448-pontos-10082020\/\",\"name\":\"Ibovespa fecha em alta de 0,65%, a 103.444,48 pontos\",\"isPartOf\":{\"@id\":\"https:\/\/www.suno.com.br\/noticias\/#website\"},\"primaryImageOfPage\":{\"@id\":\"https:\/\/www.suno.com.br\/noticias\/ibovespa-fecha-em-alta-de-065-a-103-44448-pontos-10082020\/#primaryimage\"},\"image\":{\"@id\":\"https:\/\/www.suno.com.br\/noticias\/ibovespa-fecha-em-alta-de-065-a-103-44448-pontos-10082020\/#primaryimage\"},\"thumbnailUrl\":\"https:\/\/files.sunoresearch.com.br\/n\/uploads\/2018\/12\/cd6278f6-ibovespa-jpg.webp\",\"datePublished\":\"2020-08-10T20:34:35+00:00\",\"dateModified\":\"2021-05-29T23:32:31+00:00\",\"description\":\"O\u00a0Ibovespa\u00a0encerrou o preg\u00e3o desta segunda-feira (10) em alta de 0,65%, a 103.444,48 pontos. Clique aqui para saber mais.\",\"breadcrumb\":{\"@id\":\"https:\/\/www.suno.com.br\/noticias\/ibovespa-fecha-em-alta-de-065-a-103-44448-pontos-10082020\/#breadcrumb\"},\"inLanguage\":\"pt-BR\",\"potentialAction\":[{\"@type\":\"ReadAction\",\"target\":[\"https:\/\/www.suno.com.br\/noticias\/ibovespa-fecha-em-alta-de-065-a-103-44448-pontos-10082020\/\"]}]},{\"@type\":\"ImageObject\",\"inLanguage\":\"pt-BR\",\"@id\":\"https:\/\/www.suno.com.br\/noticias\/ibovespa-fecha-em-alta-de-065-a-103-44448-pontos-10082020\/#primaryimage\",\"url\":\"https:\/\/files.sunoresearch.com.br\/n\/uploads\/2018\/12\/cd6278f6-ibovespa-jpg.webp\",\"contentUrl\":\"https:\/\/files.sunoresearch.com.br\/n\/uploads\/2018\/12\/cd6278f6-ibovespa-jpg.webp\",\"width\":1024,\"height\":575,\"caption\":\"O Ibovespa hoje fechou o preg\u00e3o em alta de 0,65%, a 103.444,48 pontos.\"},{\"@type\":\"BreadcrumbList\",\"@id\":\"https:\/\/www.suno.com.br\/noticias\/ibovespa-fecha-em-alta-de-065-a-103-44448-pontos-10082020\/#breadcrumb\",\"itemListElement\":[{\"@type\":\"ListItem\",\"position\":1,\"name\":\"Not\u00edcias\",\"item\":\"https:\/\/www.suno.com.br\/noticias\/\"},{\"@type\":\"ListItem\",\"position\":2,\"name\":\"Mercado\",\"item\":\"https:\/\/www.suno.com.br\/noticias\/mercado\/\"},{\"@type\":\"ListItem\",\"position\":3,\"name\":\"Ibovespa fecha em alta de 0,65%, a 103.444,48 pontos\"}]},{\"@type\":\"WebSite\",\"@id\":\"https:\/\/www.suno.com.br\/noticias\/#website\",\"url\":\"https:\/\/www.suno.com.br\/noticias\/\",\"name\":\"Suno Not\u00edcias\",\"description\":\"Seu portal de informa\u00e7\u00e3o sobre o mundo dos investimentos\",\"publisher\":{\"@id\":\"https:\/\/www.suno.com.br\/noticias\/#organization\"},\"potentialAction\":[{\"@type\":\"SearchAction\",\"target\":{\"@type\":\"EntryPoint\",\"urlTemplate\":\"https:\/\/www.suno.com.br\/noticias\/?s={search_term_string}\"},\"query-input\":{\"@type\":\"PropertyValueSpecification\",\"valueRequired\":true,\"valueName\":\"search_term_string\"}}],\"inLanguage\":\"pt-BR\"},{\"@type\":\"Organization\",\"@id\":\"https:\/\/www.suno.com.br\/noticias\/#organization\",\"name\":\"Suno Not\u00edcias\",\"url\":\"https:\/\/www.suno.com.br\/noticias\/\",\"logo\":{\"@type\":\"ImageObject\",\"inLanguage\":\"pt-BR\",\"@id\":\"https:\/\/www.suno.com.br\/noticias\/#\/schema\/logo\/image\/\",\"url\":\"https:\/\/files.sunoresearch.com.br\/n\/uploads\/2021\/09\/suno-logo.png\",\"contentUrl\":\"https:\/\/files.sunoresearch.com.br\/n\/uploads\/2021\/09\/suno-logo.png\",\"width\":180,\"height\":180,\"caption\":\"Suno Not\u00edcias\"},\"image\":{\"@id\":\"https:\/\/www.suno.com.br\/noticias\/#\/schema\/logo\/image\/\"},\"sameAs\":[\"https:\/\/facebook.com\/sunoresearch\",\"https:\/\/x.com\/sunoresearch\",\"https:\/\/www.instagram.com\/suno\",\"https:\/\/www.linkedin.com\/company\/suno-research\/\",\"https:\/\/www.youtube.com\/c\/sunoresearch\"]},{\"@type\":\"Person\",\"@id\":\"https:\/\/www.suno.com.br\/noticias\/#\/schema\/person\/3df0d2808748b74496efe5dbeaef2c72\",\"name\":\"Laura Moutinho\",\"image\":{\"@type\":\"ImageObject\",\"inLanguage\":\"pt-BR\",\"@id\":\"https:\/\/www.suno.com.br\/noticias\/#\/schema\/person\/image\/\",\"url\":\"https:\/\/secure.gravatar.com\/avatar\/7571c7c8ca3a6fca5e41384ece5557ff?s=96&r=g\",\"contentUrl\":\"https:\/\/secure.gravatar.com\/avatar\/7571c7c8ca3a6fca5e41384ece5557ff?s=96&r=g\",\"caption\":\"Laura Moutinho\"},\"description\":\"Estagi\u00e1ria na Suno Not\u00edcias, escreve not\u00edcias que afetam o mercado financeiro. Estuda administra\u00e7\u00e3o na Universidade Presbiteriana Mackenzie.\",\"url\":\"https:\/\/www.suno.com.br\/noticias\/author\/laura-moutinho\/\"}]}<\/script>\n<!-- \/ Yoast SEO plugin. -->","yoast_head_json":{"title":"Ibovespa fecha em alta de 0,65%, a 103.444,48 pontos","description":"O\u00a0Ibovespa\u00a0encerrou o preg\u00e3o desta segunda-feira (10) em alta de 0,65%, a 103.444,48 pontos. Clique aqui para saber mais.","robots":{"index":"index","follow":"follow","max-snippet":"max-snippet:-1","max-image-preview":"max-image-preview:large","max-video-preview":"max-video-preview:-1"},"canonical":"https:\/\/www.suno.com.br\/noticias\/ibovespa-fecha-em-alta-de-065-a-103-44448-pontos-10082020\/","og_locale":"pt_BR","og_type":"article","og_title":"Ibovespa fecha em alta de 0,65%, a 103.444,48 pontos","og_description":"O\u00a0Ibovespa\u00a0encerrou o preg\u00e3o desta segunda-feira (10) em alta de 0,65%, a 103.444,48 pontos. Clique aqui para saber mais.","og_url":"https:\/\/www.suno.com.br\/noticias\/ibovespa-fecha-em-alta-de-065-a-103-44448-pontos-10082020\/","og_site_name":"Suno Not\u00edcias","article_publisher":"https:\/\/facebook.com\/sunoresearch","og_image":[{"width":1024,"height":575,"url":"https:\/\/files.sunoresearch.com.br\/n\/uploads\/2018\/12\/cd6278f6-ibovespa.jpg","type":"image\/jpeg"}],"author":"Laura Moutinho","twitter_card":"summary_large_image","twitter_creator":"@sunoresearch","twitter_site":"@sunoresearch","twitter_misc":{"Escrito por":"Laura Moutinho","Est. tempo de leitura":"5 minutos"},"schema":{"@context":"https:\/\/schema.org","@graph":[{"@type":"NewsArticle","@id":"https:\/\/www.suno.com.br\/noticias\/ibovespa-fecha-em-alta-de-065-a-103-44448-pontos-10082020\/#article","isPartOf":{"@id":"https:\/\/www.suno.com.br\/noticias\/ibovespa-fecha-em-alta-de-065-a-103-44448-pontos-10082020\/"},"author":{"name":"Laura Moutinho","@id":"https:\/\/www.suno.com.br\/noticias\/#\/schema\/person\/3df0d2808748b74496efe5dbeaef2c72"},"headline":"Ibovespa fecha em alta de 0,65%, a 103.444,48 pontos","datePublished":"2020-08-10T20:34:35+00:00","dateModified":"2021-05-29T23:32:31+00:00","mainEntityOfPage":{"@id":"https:\/\/www.suno.com.br\/noticias\/ibovespa-fecha-em-alta-de-065-a-103-44448-pontos-10082020\/"},"wordCount":909,"publisher":{"@id":"https:\/\/www.suno.com.br\/noticias\/#organization"},"image":{"@id":"https:\/\/www.suno.com.br\/noticias\/ibovespa-fecha-em-alta-de-065-a-103-44448-pontos-10082020\/#primaryimage"},"thumbnailUrl":"https:\/\/files.sunoresearch.com.br\/n\/uploads\/2018\/12\/cd6278f6-ibovespa-jpg.webp","keywords":["B3 (B3SA3)","Braskem (BRKM3\/BRKM5\/BRKM6)","Ibovespa","JBS (JBSS3)","JSL (JSL11\/JSLG3)","M.Dias Branco (MDIA3)"],"articleSection":["Mercado"],"inLanguage":"pt-BR"},{"@type":"WebPage","@id":"https:\/\/www.suno.com.br\/noticias\/ibovespa-fecha-em-alta-de-065-a-103-44448-pontos-10082020\/","url":"https:\/\/www.suno.com.br\/noticias\/ibovespa-fecha-em-alta-de-065-a-103-44448-pontos-10082020\/","name":"Ibovespa fecha em alta de 0,65%, a 103.444,48 pontos","isPartOf":{"@id":"https:\/\/www.suno.com.br\/noticias\/#website"},"primaryImageOfPage":{"@id":"https:\/\/www.suno.com.br\/noticias\/ibovespa-fecha-em-alta-de-065-a-103-44448-pontos-10082020\/#primaryimage"},"image":{"@id":"https:\/\/www.suno.com.br\/noticias\/ibovespa-fecha-em-alta-de-065-a-103-44448-pontos-10082020\/#primaryimage"},"thumbnailUrl":"https:\/\/files.sunoresearch.com.br\/n\/uploads\/2018\/12\/cd6278f6-ibovespa-jpg.webp","datePublished":"2020-08-10T20:34:35+00:00","dateModified":"2021-05-29T23:32:31+00:00","description":"O\u00a0Ibovespa\u00a0encerrou o preg\u00e3o desta segunda-feira (10) em alta de 0,65%, a 103.444,48 pontos. Clique aqui para saber mais.","breadcrumb":{"@id":"https:\/\/www.suno.com.br\/noticias\/ibovespa-fecha-em-alta-de-065-a-103-44448-pontos-10082020\/#breadcrumb"},"inLanguage":"pt-BR","potentialAction":[{"@type":"ReadAction","target":["https:\/\/www.suno.com.br\/noticias\/ibovespa-fecha-em-alta-de-065-a-103-44448-pontos-10082020\/"]}]},{"@type":"ImageObject","inLanguage":"pt-BR","@id":"https:\/\/www.suno.com.br\/noticias\/ibovespa-fecha-em-alta-de-065-a-103-44448-pontos-10082020\/#primaryimage","url":"https:\/\/files.sunoresearch.com.br\/n\/uploads\/2018\/12\/cd6278f6-ibovespa-jpg.webp","contentUrl":"https:\/\/files.sunoresearch.com.br\/n\/uploads\/2018\/12\/cd6278f6-ibovespa-jpg.webp","width":1024,"height":575,"caption":"O Ibovespa hoje fechou o preg\u00e3o em alta de 0,65%, a 103.444,48 pontos."},{"@type":"BreadcrumbList","@id":"https:\/\/www.suno.com.br\/noticias\/ibovespa-fecha-em-alta-de-065-a-103-44448-pontos-10082020\/#breadcrumb","itemListElement":[{"@type":"ListItem","position":1,"name":"Not\u00edcias","item":"https:\/\/www.suno.com.br\/noticias\/"},{"@type":"ListItem","position":2,"name":"Mercado","item":"https:\/\/www.suno.com.br\/noticias\/mercado\/"},{"@type":"ListItem","position":3,"name":"Ibovespa fecha em alta de 0,65%, a 103.444,48 pontos"}]},{"@type":"WebSite","@id":"https:\/\/www.suno.com.br\/noticias\/#website","url":"https:\/\/www.suno.com.br\/noticias\/","name":"Suno Not\u00edcias","description":"Seu portal de informa\u00e7\u00e3o sobre o mundo dos investimentos","publisher":{"@id":"https:\/\/www.suno.com.br\/noticias\/#organization"},"potentialAction":[{"@type":"SearchAction","target":{"@type":"EntryPoint","urlTemplate":"https:\/\/www.suno.com.br\/noticias\/?s={search_term_string}"},"query-input":{"@type":"PropertyValueSpecification","valueRequired":true,"valueName":"search_term_string"}}],"inLanguage":"pt-BR"},{"@type":"Organization","@id":"https:\/\/www.suno.com.br\/noticias\/#organization","name":"Suno Not\u00edcias","url":"https:\/\/www.suno.com.br\/noticias\/","logo":{"@type":"ImageObject","inLanguage":"pt-BR","@id":"https:\/\/www.suno.com.br\/noticias\/#\/schema\/logo\/image\/","url":"https:\/\/files.sunoresearch.com.br\/n\/uploads\/2021\/09\/suno-logo.png","contentUrl":"https:\/\/files.sunoresearch.com.br\/n\/uploads\/2021\/09\/suno-logo.png","width":180,"height":180,"caption":"Suno Not\u00edcias"},"image":{"@id":"https:\/\/www.suno.com.br\/noticias\/#\/schema\/logo\/image\/"},"sameAs":["https:\/\/facebook.com\/sunoresearch","https:\/\/x.com\/sunoresearch","https:\/\/www.instagram.com\/suno","https:\/\/www.linkedin.com\/company\/suno-research\/","https:\/\/www.youtube.com\/c\/sunoresearch"]},{"@type":"Person","@id":"https:\/\/www.suno.com.br\/noticias\/#\/schema\/person\/3df0d2808748b74496efe5dbeaef2c72","name":"Laura Moutinho","image":{"@type":"ImageObject","inLanguage":"pt-BR","@id":"https:\/\/www.suno.com.br\/noticias\/#\/schema\/person\/image\/","url":"https:\/\/secure.gravatar.com\/avatar\/7571c7c8ca3a6fca5e41384ece5557ff?s=96&r=g","contentUrl":"https:\/\/secure.gravatar.com\/avatar\/7571c7c8ca3a6fca5e41384ece5557ff?s=96&r=g","caption":"Laura Moutinho"},"description":"Estagi\u00e1ria na Suno Not\u00edcias, escreve not\u00edcias que afetam o mercado financeiro. Estuda administra\u00e7\u00e3o na Universidade Presbiteriana Mackenzie.","url":"https:\/\/www.suno.com.br\/noticias\/author\/laura-moutinho\/"}]}},"default_loop_html":"<div class=\"cardsPage__listCard__boxs\"><div class=\"cardsPage__listCard__boxs__img\"><a href=\"https:\/\/www.suno.com.br\/noticias\/ibovespa-fecha-em-alta-de-065-a-103-44448-pontos-10082020\/\"><img class=\"mask\" src=\"https:\/\/www.suno.com.br\/noticias\/wp-content\/themes\/suno\/resources\/images\/spotlight\/spotlight1img\/bg-mask.png\" alt=\"Image Mask\"\/><img src=\"https:\/\/files.sunoresearch.com.br\/n\/uploads\/2018\/12\/cd6278f6-ibovespa-400x200.webp\" alt=\"Ibovespa fecha em alta de 0,65%, a 103.444,48 pontos\"\/><\/a><span class=\"spotlightCategory\"><a href=\"https:\/\/www.suno.com.br\/noticias\/mercado\/\">Mercado<\/a><\/span><\/div><div class=\"cardsPage__listCard__boxs__content\"><a href=\"https:\/\/www.suno.com.br\/noticias\/ibovespa-fecha-em-alta-de-065-a-103-44448-pontos-10082020\/\"><h2 class=\"content__title\">Ibovespa fecha em alta de 0,65%, a 103.444,48 pontos<\/h2><\/a><div class=\"newsContent__article__meta\"><div class=\"newsContent__article__meta__authorBox\"><a href=\"https:\/\/www.suno.com.br\/noticias\/author\/laura-moutinho\/\" class=\"authorBox__avatar noMobi\"><img src=\"https:\/\/files.sunoresearch.com.br\/n\/uploads\/2020\/08\/531ff69d-whatsapp-image-2020-08-03-at-14.54.38-150x150.webp\" alt=\"Laura Moutinho\"><\/a><div class=\"authorBox__name\"><span>por\n\t\t\t<a href=\"https:\/\/www.suno.com.br\/noticias\/author\/laura-moutinho\/\"><span itemprop=\"author\">Laura Moutinho<\/span><\/a><\/span><time datetime=\"2020-08-10T17:34:35-03:00\" itemprop=\"datePublished\">10\/08\/2020 17:34<\/time><\/div><\/div><\/div><\/div><\/div>","single_layout":"posts","amp_enabled":true,"_links":{"self":[{"href":"https:\/\/www.suno.com.br\/noticias\/wp-json\/wp\/v2\/posts\/77445"}],"collection":[{"href":"https:\/\/www.suno.com.br\/noticias\/wp-json\/wp\/v2\/posts"}],"about":[{"href":"https:\/\/www.suno.com.br\/noticias\/wp-json\/wp\/v2\/types\/post"}],"author":[{"embeddable":true,"href":"https:\/\/www.suno.com.br\/noticias\/wp-json\/wp\/v2\/users\/39"}],"replies":[{"embeddable":true,"href":"https:\/\/www.suno.com.br\/noticias\/wp-json\/wp\/v2\/comments?post=77445"}],"version-history":[{"count":1,"href":"https:\/\/www.suno.com.br\/noticias\/wp-json\/wp\/v2\/posts\/77445\/revisions"}],"predecessor-version":[{"id":152060,"href":"https:\/\/www.suno.com.br\/noticias\/wp-json\/wp\/v2\/posts\/77445\/revisions\/152060"}],"wp:featuredmedia":[{"embeddable":true,"href":"https:\/\/www.suno.com.br\/noticias\/wp-json\/wp\/v2\/media\/8498"}],"wp:attachment":[{"href":"https:\/\/www.suno.com.br\/noticias\/wp-json\/wp\/v2\/media?parent=77445"}],"wp:term":[{"taxonomy":"category","embeddable":true,"href":"https:\/\/www.suno.com.br\/noticias\/wp-json\/wp\/v2\/categories?post=77445"},{"taxonomy":"post_tag","embeddable":true,"href":"https:\/\/www.suno.com.br\/noticias\/wp-json\/wp\/v2\/tags?post=77445"},{"taxonomy":"suno_strategy","embeddable":true,"href":"https:\/\/www.suno.com.br\/noticias\/wp-json\/wp\/v2\/suno_strategy?post=77445"}],"curies":[{"name":"wp","href":"https:\/\/api.w.org\/{rel}","templated":true}]}}