{"id":77376,"date":"2020-08-10T15:14:54","date_gmt":"2020-08-10T18:14:54","guid":{"rendered":"https:\/\/www.suno.com.br\/noticias\/?p=77376"},"modified":"2020-08-10T15:18:40","modified_gmt":"2020-08-10T18:18:40","slug":"braskem-brkm3-dispara-b3-retomada-venda-odebrecht","status":"publish","type":"post","link":"https:\/\/www.suno.com.br\/noticias\/braskem-brkm3-dispara-b3-retomada-venda-odebrecht\/","title":{"rendered":"Braskem (BRKM3) tem forte alta na B3 ap\u00f3s retomada de venda pela Odebrecht"},"content":{"rendered":"<p>As a\u00e7\u00f5es da\u00a0<a href=\"https:\/\/www.suno.com.br\/acoes\/brkm3\/\"><strong>Braskem<\/strong> (BRKM3)<\/a> operavam em forte alta na tarde desta segunda-feira (10) no principal \u00edndice acion\u00e1rio da <a href=\"https:\/\/www.suno.com.br\/artigos\/b3\/\">Bolsa de Valores de S\u00e3o Paulo (B3)<\/a>,<a href=\"https:\/\/www.suno.com.br\/artigos\/ibovespa\/\"> Ibovespa<\/a>. Os pap\u00e9is da empresa variavam positivamente a 7,24%, sendo negociados por R$ 24,88.<\/p>\t<div class=\"wrapper-featured-image\">\n\t\t<figure class=\"spotlightImg\">\n\n\t\t\t<picture>\n\t\t\t\t<source media=\"(max-width: 768px)\" srcset=\"https:\/\/files.sunoresearch.com.br\/n\/uploads\/2019\/11\/d129f3d4-braskem-400x200.webp\">\n\t\t\t\t<img loading=\"lazy\" decoding=\"async\" class=\"newsContent__article__imgCapa lazyloadDisabled \" src=\"https:\/\/files.sunoresearch.com.br\/n\/uploads\/2019\/11\/d129f3d4-braskem-800x450.webp\" width=\"800\" height=\"450\" alt=\"Braskem (BRKM3) tem forte alta na B3 ap\u00f3s retomada de venda pela Odebrecht\" fetchpriority=high \/>\n\t\t\t<\/picture>\n\n\t\t\t<figcaption class=\"wp-caption-text wp-caption-text--show\">Braskem (BRKM5). Foto: Divulga\u00e7\u00e3o.<\/figcaption>\n\t\t<\/figure>\n\t<\/div>\n\n\n<div class=\"hubspot-form-wrapper\">\n\t<div id=\"single-form-target\"><\/div>\n<\/div>\n\n<p>A alta nas a\u00e7\u00f5es acontece ap\u00f3s a Braskem ter divulgado, na \u00faltima sexta-feira (7), por meio de um <a href=\"https:\/\/www.suno.com.br\/artigos\/fato-relevante\/\">fato relevante<\/a>, que recebeu uma correspond\u00eancia da sua controladora <strong>Odebrecht<\/strong> informando que a empresa deu in\u00edcio aos atos preparat\u00f3rios para estruturar um processo de venda privada de at\u00e9 100% de sua participa\u00e7\u00e3o na petroqu\u00edmica.<\/p>\n<p>&#8220;A Braskem S.A. (&#8220;Braskem&#8221; ou &#8220;Companhia&#8221;), em atendimento ao disposto na Instru\u00e7\u00e3o CVM n\u00ba 358\/02, vem comunicar aos seus acionistas e ao mercado em geral que recebeu, nesta data, correspond\u00eancia enviada por sua acionista controladora, Odebrecht S.A (&#8220;ODB&#8221;), informando que, em cumprimento a compromissos assumidos com credores concursais e extraconcursais, a ODB deu in\u00edcio aos atos preparat\u00f3rios para estruturar um processo de aliena\u00e7\u00e3o privada de at\u00e9 a totalidade da participa\u00e7\u00e3o de sua titularidade na Companhia, mediante ado\u00e7\u00e3o das provid\u00eancias necess\u00e1rias para organizar um processo dessa natureza, com o apoio de assessores legais e financeiros&#8221;, informou a petroqu\u00edmica em seu documento.<\/p>\n<p><a href=\"https:\/\/lp.suno.com.br\/suno-one\/\">No Suno One voc\u00ea aprende a fazer seu dinheiro para trabalhar para voc\u00ea. Cadastre-se gratuitamente agora!<\/a><\/p>\n<p>A Odebrecht tamb\u00e9m teria contratado a institui\u00e7\u00e3o financeira Morgan Stanley para coordenar a retomada do processo de venda da Braskem , de acordo com informa\u00e7\u00f5es do jornal &#8220;Valor Econ\u00f4mico&#8221;. Vale destacar que o grupo Odebrecht teve seu processo de recupera\u00e7\u00e3o judicial homologado h\u00e1 cerca de 10 dias.<\/p>\n\t<div data-element=\"shortcode-read-more\" class=\"knowMore\">\n\t\t\t\t<span class=\"knowMore__title\">Veja tamb\u00e9m<\/span>\n\t\t\t\t<a class=\"knowMore__link\" href=\"https:\/\/www.suno.com.br\/noticias\/braskem-brkm5-registra-prejuizo-2t20\/\">\n\t\t\tBraskem (BRKM5) registra preju\u00edzo de R$ 2,47 bilh\u00f5es no 2T20\t\t<\/a>\n\t<\/div>\n\n\n<p>A segunda empresa que mais det\u00e9m participa\u00e7\u00e3o na <strong>Braskem<\/strong>, a Petrobras, tamb\u00e9m j\u00e1 informou que tem inten\u00e7\u00e3o de vender suas a\u00e7\u00f5es na companhia. Este movimento, entretanto, dever\u00e1 ocorrer no <a href=\"https:\/\/www.suno.com.br\/artigos\/novo-mercado\/\">Novo Mercado da B3<\/a>. Com a venda das a\u00e7\u00f5es por parte das duas maiores acionistas da petroqu\u00edmica, ela poder\u00e1 se transformar em uma empresa &#8220;pura&#8221;.<\/p>\n<h2>Cota\u00e7\u00e3o da Braskem<\/h2>\n<p>Por volta das 15h05, a <strong>Braskem<\/strong> operava em alta de 7,24%, cotada a R$ 24,88, na <a href=\"https:\/\/www.suno.com.br\/artigos\/bovespa-precedente-b3\/\">Bolsa de Valores de S\u00e3o Paulo<\/a>.<\/p>\n\t<p>\n\t\t<a href=\"https:\/\/lp.suno.com.br\/planilha-de-controle-de-investimentos\/\" target=\"_blank\" data-element=\"shortcode-suno-banner\" title=\"Banner SUNO, clique e saiba mais\">\n\t\t\t<picture>\n\t\t\t\t<source media=\"(max-width: 500px)\" srcset=\"https:\/\/files.sunoresearch.com.br\/n\/uploads\/2023\/03\/400x300-Controle-de-Investimentos.png\">\n\t\t\t\t<img class=\"newsContent__article__imgCapa newsContent__article__imgCapa--banner\"\n\t\t\t\t\tsrc=\"https:\/\/files.sunoresearch.com.br\/n\/uploads\/2023\/03\/1420x240-Controle-de-Investimentos.png\"\n\t\t\t\t\tdata-promo-id=\"75934\"\t\t\t\t\t\t\t\t\t\twidth='1420' height='240'\t\t\t\t\talt=\"https:\/\/files.sunoresearch.com.br\/n\/uploads\/2023\/03\/1420x240-Controle-de-Investimentos.png\"\n\t\t\t\t>\n\t\t\t<\/picture>\n\t\t<\/a>\n\t<\/p>\n\n\n","protected":false},"excerpt":{"rendered":"<p>As a\u00e7\u00f5es da\u00a0Braskem (BRKM3) operavam em forte alta na tarde desta segunda-feira (10) no principal \u00edndice acion\u00e1rio da Bolsa de Valores de S\u00e3o Paulo (B3), Ibovespa. Os pap\u00e9is da empresa variavam positivamente a 7,24%, sendo negociados por R$ 24,88. Braskem (BRKM5). Foto: Divulga\u00e7\u00e3o. A alta nas a\u00e7\u00f5es acontece ap\u00f3s a Braskem ter divulgado, na \u00faltima [&hellip;]<\/p>\n","protected":false},"author":19,"featured_media":45010,"comment_status":"closed","ping_status":"closed","sticky":false,"template":"","format":"standard","meta":[],"categories":[64],"tags":[395],"suno_strategy":[],"class_list":["post-77376","post","type-post","status-publish","format-standard","has-post-thumbnail","hentry","category-negocios","tag-braskem-brkm3-brkm5-brkm6"],"yoast_head":"<!-- This site is optimized with the Yoast SEO plugin v24.4 - https:\/\/yoast.com\/wordpress\/plugins\/seo\/ -->\n<title>Braskem (BRKM3) dispara na B3 ap\u00f3s retomada de venda pela Odebrecht<\/title>\n<meta name=\"description\" content=\"As a\u00e7\u00f5es da\u00a0Braskem (BRKM3) operavam em forte alta na tarde desta segunda-feira (10) no Ibovespa. Clique aqui e saiba mais.\" \/>\n<meta name=\"robots\" content=\"index, follow, max-snippet:-1, max-image-preview:large, max-video-preview:-1\" \/>\n<link rel=\"canonical\" href=\"https:\/\/www.suno.com.br\/noticias\/braskem-brkm3-dispara-b3-retomada-venda-odebrecht\/\" \/>\n<meta property=\"og:locale\" content=\"pt_BR\" \/>\n<meta property=\"og:type\" content=\"article\" \/>\n<meta property=\"og:title\" content=\"Braskem (BRKM3) dispara na B3 ap\u00f3s retomada de venda pela Odebrecht\" \/>\n<meta property=\"og:description\" content=\"As a\u00e7\u00f5es da\u00a0Braskem (BRKM3) operavam em forte alta na tarde desta segunda-feira (10) no Ibovespa. Clique aqui e saiba mais.\" \/>\n<meta property=\"og:url\" content=\"https:\/\/www.suno.com.br\/noticias\/braskem-brkm3-dispara-b3-retomada-venda-odebrecht\/\" \/>\n<meta property=\"og:site_name\" content=\"Suno Not\u00edcias\" \/>\n<meta property=\"article:publisher\" content=\"https:\/\/facebook.com\/sunoresearch\" \/>\n<meta property=\"og:image\" content=\"https:\/\/files.sunoresearch.com.br\/n\/uploads\/2019\/11\/d129f3d4-braskem.jpg\" \/>\n\t<meta property=\"og:image:width\" content=\"1086\" \/>\n\t<meta property=\"og:image:height\" content=\"652\" \/>\n\t<meta property=\"og:image:type\" content=\"image\/jpeg\" \/>\n<meta name=\"author\" content=\"Juliano Passaro\" \/>\n<meta name=\"twitter:card\" content=\"summary_large_image\" \/>\n<meta name=\"twitter:creator\" content=\"@sunoresearch\" \/>\n<meta name=\"twitter:site\" content=\"@sunoresearch\" \/>\n<meta name=\"twitter:label1\" content=\"Escrito por\" \/>\n\t<meta name=\"twitter:data1\" content=\"Juliano Passaro\" \/>\n\t<meta name=\"twitter:label2\" content=\"Est. tempo de leitura\" \/>\n\t<meta name=\"twitter:data2\" content=\"2 minutos\" \/>\n<script type=\"application\/ld+json\" class=\"yoast-schema-graph\">{\"@context\":\"https:\/\/schema.org\",\"@graph\":[{\"@type\":\"NewsArticle\",\"@id\":\"https:\/\/www.suno.com.br\/noticias\/braskem-brkm3-dispara-b3-retomada-venda-odebrecht\/#article\",\"isPartOf\":{\"@id\":\"https:\/\/www.suno.com.br\/noticias\/braskem-brkm3-dispara-b3-retomada-venda-odebrecht\/\"},\"author\":{\"name\":\"Juliano Passaro\",\"@id\":\"https:\/\/www.suno.com.br\/noticias\/#\/schema\/person\/1db762f78ffd8919a648a63e425953e3\"},\"headline\":\"Braskem (BRKM3) tem forte alta na B3 ap\u00f3s retomada de venda pela Odebrecht\",\"datePublished\":\"2020-08-10T18:14:54+00:00\",\"dateModified\":\"2020-08-10T18:18:40+00:00\",\"mainEntityOfPage\":{\"@id\":\"https:\/\/www.suno.com.br\/noticias\/braskem-brkm3-dispara-b3-retomada-venda-odebrecht\/\"},\"wordCount\":399,\"publisher\":{\"@id\":\"https:\/\/www.suno.com.br\/noticias\/#organization\"},\"image\":{\"@id\":\"https:\/\/www.suno.com.br\/noticias\/braskem-brkm3-dispara-b3-retomada-venda-odebrecht\/#primaryimage\"},\"thumbnailUrl\":\"https:\/\/files.sunoresearch.com.br\/n\/uploads\/2019\/11\/d129f3d4-braskem-jpg.webp\",\"keywords\":[\"Braskem (BRKM3\/BRKM5\/BRKM6)\"],\"articleSection\":[\"Neg\u00f3cios\"],\"inLanguage\":\"pt-BR\"},{\"@type\":\"WebPage\",\"@id\":\"https:\/\/www.suno.com.br\/noticias\/braskem-brkm3-dispara-b3-retomada-venda-odebrecht\/\",\"url\":\"https:\/\/www.suno.com.br\/noticias\/braskem-brkm3-dispara-b3-retomada-venda-odebrecht\/\",\"name\":\"Braskem (BRKM3) dispara na B3 ap\u00f3s retomada de venda pela Odebrecht\",\"isPartOf\":{\"@id\":\"https:\/\/www.suno.com.br\/noticias\/#website\"},\"primaryImageOfPage\":{\"@id\":\"https:\/\/www.suno.com.br\/noticias\/braskem-brkm3-dispara-b3-retomada-venda-odebrecht\/#primaryimage\"},\"image\":{\"@id\":\"https:\/\/www.suno.com.br\/noticias\/braskem-brkm3-dispara-b3-retomada-venda-odebrecht\/#primaryimage\"},\"thumbnailUrl\":\"https:\/\/files.sunoresearch.com.br\/n\/uploads\/2019\/11\/d129f3d4-braskem-jpg.webp\",\"datePublished\":\"2020-08-10T18:14:54+00:00\",\"dateModified\":\"2020-08-10T18:18:40+00:00\",\"description\":\"As a\u00e7\u00f5es da\u00a0Braskem (BRKM3) operavam em forte alta na tarde desta segunda-feira (10) no Ibovespa. Clique aqui e saiba mais.\",\"breadcrumb\":{\"@id\":\"https:\/\/www.suno.com.br\/noticias\/braskem-brkm3-dispara-b3-retomada-venda-odebrecht\/#breadcrumb\"},\"inLanguage\":\"pt-BR\",\"potentialAction\":[{\"@type\":\"ReadAction\",\"target\":[\"https:\/\/www.suno.com.br\/noticias\/braskem-brkm3-dispara-b3-retomada-venda-odebrecht\/\"]}]},{\"@type\":\"ImageObject\",\"inLanguage\":\"pt-BR\",\"@id\":\"https:\/\/www.suno.com.br\/noticias\/braskem-brkm3-dispara-b3-retomada-venda-odebrecht\/#primaryimage\",\"url\":\"https:\/\/files.sunoresearch.com.br\/n\/uploads\/2019\/11\/d129f3d4-braskem-jpg.webp\",\"contentUrl\":\"https:\/\/files.sunoresearch.com.br\/n\/uploads\/2019\/11\/d129f3d4-braskem-jpg.webp\",\"width\":1086,\"height\":652,\"caption\":\"Braskem (BRKM5). Foto: Divulga\u00e7\u00e3o.\"},{\"@type\":\"BreadcrumbList\",\"@id\":\"https:\/\/www.suno.com.br\/noticias\/braskem-brkm3-dispara-b3-retomada-venda-odebrecht\/#breadcrumb\",\"itemListElement\":[{\"@type\":\"ListItem\",\"position\":1,\"name\":\"Not\u00edcias\",\"item\":\"https:\/\/www.suno.com.br\/noticias\/\"},{\"@type\":\"ListItem\",\"position\":2,\"name\":\"Neg\u00f3cios\",\"item\":\"https:\/\/www.suno.com.br\/noticias\/negocios\/\"},{\"@type\":\"ListItem\",\"position\":3,\"name\":\"Braskem (BRKM3) tem forte alta na B3 ap\u00f3s retomada de venda pela Odebrecht\"}]},{\"@type\":\"WebSite\",\"@id\":\"https:\/\/www.suno.com.br\/noticias\/#website\",\"url\":\"https:\/\/www.suno.com.br\/noticias\/\",\"name\":\"Suno Not\u00edcias\",\"description\":\"Seu portal de informa\u00e7\u00e3o sobre o mundo dos investimentos\",\"publisher\":{\"@id\":\"https:\/\/www.suno.com.br\/noticias\/#organization\"},\"potentialAction\":[{\"@type\":\"SearchAction\",\"target\":{\"@type\":\"EntryPoint\",\"urlTemplate\":\"https:\/\/www.suno.com.br\/noticias\/?s={search_term_string}\"},\"query-input\":{\"@type\":\"PropertyValueSpecification\",\"valueRequired\":true,\"valueName\":\"search_term_string\"}}],\"inLanguage\":\"pt-BR\"},{\"@type\":\"Organization\",\"@id\":\"https:\/\/www.suno.com.br\/noticias\/#organization\",\"name\":\"Suno Not\u00edcias\",\"url\":\"https:\/\/www.suno.com.br\/noticias\/\",\"logo\":{\"@type\":\"ImageObject\",\"inLanguage\":\"pt-BR\",\"@id\":\"https:\/\/www.suno.com.br\/noticias\/#\/schema\/logo\/image\/\",\"url\":\"https:\/\/files.sunoresearch.com.br\/n\/uploads\/2021\/09\/suno-logo.png\",\"contentUrl\":\"https:\/\/files.sunoresearch.com.br\/n\/uploads\/2021\/09\/suno-logo.png\",\"width\":180,\"height\":180,\"caption\":\"Suno Not\u00edcias\"},\"image\":{\"@id\":\"https:\/\/www.suno.com.br\/noticias\/#\/schema\/logo\/image\/\"},\"sameAs\":[\"https:\/\/facebook.com\/sunoresearch\",\"https:\/\/x.com\/sunoresearch\",\"https:\/\/www.instagram.com\/suno\",\"https:\/\/www.linkedin.com\/company\/suno-research\/\",\"https:\/\/www.youtube.com\/c\/sunoresearch\"]},{\"@type\":\"Person\",\"@id\":\"https:\/\/www.suno.com.br\/noticias\/#\/schema\/person\/1db762f78ffd8919a648a63e425953e3\",\"name\":\"Juliano Passaro\",\"image\":{\"@type\":\"ImageObject\",\"inLanguage\":\"pt-BR\",\"@id\":\"https:\/\/www.suno.com.br\/noticias\/#\/schema\/person\/image\/\",\"url\":\"https:\/\/secure.gravatar.com\/avatar\/743d4df28eebf6dcc46b4ad03c319e92?s=96&r=g\",\"contentUrl\":\"https:\/\/secure.gravatar.com\/avatar\/743d4df28eebf6dcc46b4ad03c319e92?s=96&r=g\",\"caption\":\"Juliano Passaro\"},\"description\":\"Juliano Passaro escreve sobre pol\u00edtica, economia e neg\u00f3cios para o portal da Suno Research. Antes da Suno, trabalhou no Portal da Band. \u00c9 formado em jornalismo pela Universidade Presbiteriana Mackenzie.\",\"url\":\"https:\/\/www.suno.com.br\/noticias\/author\/juliano\/\"}]}<\/script>\n<!-- \/ Yoast SEO plugin. -->","yoast_head_json":{"title":"Braskem (BRKM3) dispara na B3 ap\u00f3s retomada de venda pela Odebrecht","description":"As a\u00e7\u00f5es da\u00a0Braskem (BRKM3) operavam em forte alta na tarde desta segunda-feira (10) no Ibovespa. Clique aqui e saiba mais.","robots":{"index":"index","follow":"follow","max-snippet":"max-snippet:-1","max-image-preview":"max-image-preview:large","max-video-preview":"max-video-preview:-1"},"canonical":"https:\/\/www.suno.com.br\/noticias\/braskem-brkm3-dispara-b3-retomada-venda-odebrecht\/","og_locale":"pt_BR","og_type":"article","og_title":"Braskem (BRKM3) dispara na B3 ap\u00f3s retomada de venda pela Odebrecht","og_description":"As a\u00e7\u00f5es da\u00a0Braskem (BRKM3) operavam em forte alta na tarde desta segunda-feira (10) no Ibovespa. Clique aqui e saiba mais.","og_url":"https:\/\/www.suno.com.br\/noticias\/braskem-brkm3-dispara-b3-retomada-venda-odebrecht\/","og_site_name":"Suno Not\u00edcias","article_publisher":"https:\/\/facebook.com\/sunoresearch","og_image":[{"width":1086,"height":652,"url":"https:\/\/files.sunoresearch.com.br\/n\/uploads\/2019\/11\/d129f3d4-braskem.jpg","type":"image\/jpeg"}],"author":"Juliano Passaro","twitter_card":"summary_large_image","twitter_creator":"@sunoresearch","twitter_site":"@sunoresearch","twitter_misc":{"Escrito por":"Juliano Passaro","Est. tempo de leitura":"2 minutos"},"schema":{"@context":"https:\/\/schema.org","@graph":[{"@type":"NewsArticle","@id":"https:\/\/www.suno.com.br\/noticias\/braskem-brkm3-dispara-b3-retomada-venda-odebrecht\/#article","isPartOf":{"@id":"https:\/\/www.suno.com.br\/noticias\/braskem-brkm3-dispara-b3-retomada-venda-odebrecht\/"},"author":{"name":"Juliano Passaro","@id":"https:\/\/www.suno.com.br\/noticias\/#\/schema\/person\/1db762f78ffd8919a648a63e425953e3"},"headline":"Braskem (BRKM3) tem forte alta na B3 ap\u00f3s retomada de venda pela Odebrecht","datePublished":"2020-08-10T18:14:54+00:00","dateModified":"2020-08-10T18:18:40+00:00","mainEntityOfPage":{"@id":"https:\/\/www.suno.com.br\/noticias\/braskem-brkm3-dispara-b3-retomada-venda-odebrecht\/"},"wordCount":399,"publisher":{"@id":"https:\/\/www.suno.com.br\/noticias\/#organization"},"image":{"@id":"https:\/\/www.suno.com.br\/noticias\/braskem-brkm3-dispara-b3-retomada-venda-odebrecht\/#primaryimage"},"thumbnailUrl":"https:\/\/files.sunoresearch.com.br\/n\/uploads\/2019\/11\/d129f3d4-braskem-jpg.webp","keywords":["Braskem (BRKM3\/BRKM5\/BRKM6)"],"articleSection":["Neg\u00f3cios"],"inLanguage":"pt-BR"},{"@type":"WebPage","@id":"https:\/\/www.suno.com.br\/noticias\/braskem-brkm3-dispara-b3-retomada-venda-odebrecht\/","url":"https:\/\/www.suno.com.br\/noticias\/braskem-brkm3-dispara-b3-retomada-venda-odebrecht\/","name":"Braskem (BRKM3) dispara na B3 ap\u00f3s retomada de venda pela Odebrecht","isPartOf":{"@id":"https:\/\/www.suno.com.br\/noticias\/#website"},"primaryImageOfPage":{"@id":"https:\/\/www.suno.com.br\/noticias\/braskem-brkm3-dispara-b3-retomada-venda-odebrecht\/#primaryimage"},"image":{"@id":"https:\/\/www.suno.com.br\/noticias\/braskem-brkm3-dispara-b3-retomada-venda-odebrecht\/#primaryimage"},"thumbnailUrl":"https:\/\/files.sunoresearch.com.br\/n\/uploads\/2019\/11\/d129f3d4-braskem-jpg.webp","datePublished":"2020-08-10T18:14:54+00:00","dateModified":"2020-08-10T18:18:40+00:00","description":"As a\u00e7\u00f5es da\u00a0Braskem (BRKM3) operavam em forte alta na tarde desta segunda-feira (10) no Ibovespa. Clique aqui e saiba mais.","breadcrumb":{"@id":"https:\/\/www.suno.com.br\/noticias\/braskem-brkm3-dispara-b3-retomada-venda-odebrecht\/#breadcrumb"},"inLanguage":"pt-BR","potentialAction":[{"@type":"ReadAction","target":["https:\/\/www.suno.com.br\/noticias\/braskem-brkm3-dispara-b3-retomada-venda-odebrecht\/"]}]},{"@type":"ImageObject","inLanguage":"pt-BR","@id":"https:\/\/www.suno.com.br\/noticias\/braskem-brkm3-dispara-b3-retomada-venda-odebrecht\/#primaryimage","url":"https:\/\/files.sunoresearch.com.br\/n\/uploads\/2019\/11\/d129f3d4-braskem-jpg.webp","contentUrl":"https:\/\/files.sunoresearch.com.br\/n\/uploads\/2019\/11\/d129f3d4-braskem-jpg.webp","width":1086,"height":652,"caption":"Braskem (BRKM5). Foto: Divulga\u00e7\u00e3o."},{"@type":"BreadcrumbList","@id":"https:\/\/www.suno.com.br\/noticias\/braskem-brkm3-dispara-b3-retomada-venda-odebrecht\/#breadcrumb","itemListElement":[{"@type":"ListItem","position":1,"name":"Not\u00edcias","item":"https:\/\/www.suno.com.br\/noticias\/"},{"@type":"ListItem","position":2,"name":"Neg\u00f3cios","item":"https:\/\/www.suno.com.br\/noticias\/negocios\/"},{"@type":"ListItem","position":3,"name":"Braskem (BRKM3) tem forte alta na B3 ap\u00f3s retomada de venda pela Odebrecht"}]},{"@type":"WebSite","@id":"https:\/\/www.suno.com.br\/noticias\/#website","url":"https:\/\/www.suno.com.br\/noticias\/","name":"Suno Not\u00edcias","description":"Seu portal de informa\u00e7\u00e3o sobre o mundo dos investimentos","publisher":{"@id":"https:\/\/www.suno.com.br\/noticias\/#organization"},"potentialAction":[{"@type":"SearchAction","target":{"@type":"EntryPoint","urlTemplate":"https:\/\/www.suno.com.br\/noticias\/?s={search_term_string}"},"query-input":{"@type":"PropertyValueSpecification","valueRequired":true,"valueName":"search_term_string"}}],"inLanguage":"pt-BR"},{"@type":"Organization","@id":"https:\/\/www.suno.com.br\/noticias\/#organization","name":"Suno Not\u00edcias","url":"https:\/\/www.suno.com.br\/noticias\/","logo":{"@type":"ImageObject","inLanguage":"pt-BR","@id":"https:\/\/www.suno.com.br\/noticias\/#\/schema\/logo\/image\/","url":"https:\/\/files.sunoresearch.com.br\/n\/uploads\/2021\/09\/suno-logo.png","contentUrl":"https:\/\/files.sunoresearch.com.br\/n\/uploads\/2021\/09\/suno-logo.png","width":180,"height":180,"caption":"Suno Not\u00edcias"},"image":{"@id":"https:\/\/www.suno.com.br\/noticias\/#\/schema\/logo\/image\/"},"sameAs":["https:\/\/facebook.com\/sunoresearch","https:\/\/x.com\/sunoresearch","https:\/\/www.instagram.com\/suno","https:\/\/www.linkedin.com\/company\/suno-research\/","https:\/\/www.youtube.com\/c\/sunoresearch"]},{"@type":"Person","@id":"https:\/\/www.suno.com.br\/noticias\/#\/schema\/person\/1db762f78ffd8919a648a63e425953e3","name":"Juliano Passaro","image":{"@type":"ImageObject","inLanguage":"pt-BR","@id":"https:\/\/www.suno.com.br\/noticias\/#\/schema\/person\/image\/","url":"https:\/\/secure.gravatar.com\/avatar\/743d4df28eebf6dcc46b4ad03c319e92?s=96&r=g","contentUrl":"https:\/\/secure.gravatar.com\/avatar\/743d4df28eebf6dcc46b4ad03c319e92?s=96&r=g","caption":"Juliano Passaro"},"description":"Juliano Passaro escreve sobre pol\u00edtica, economia e neg\u00f3cios para o portal da Suno Research. Antes da Suno, trabalhou no Portal da Band. \u00c9 formado em jornalismo pela Universidade Presbiteriana Mackenzie.","url":"https:\/\/www.suno.com.br\/noticias\/author\/juliano\/"}]}},"default_loop_html":"<div class=\"cardsPage__listCard__boxs\"><div class=\"cardsPage__listCard__boxs__img\"><a href=\"https:\/\/www.suno.com.br\/noticias\/braskem-brkm3-dispara-b3-retomada-venda-odebrecht\/\"><img class=\"mask\" src=\"https:\/\/www.suno.com.br\/noticias\/wp-content\/themes\/suno\/resources\/images\/spotlight\/spotlight1img\/bg-mask.png\" alt=\"Image Mask\"\/><img src=\"https:\/\/files.sunoresearch.com.br\/n\/uploads\/2019\/11\/d129f3d4-braskem-400x200.webp\" alt=\"Braskem (BRKM3) tem forte alta na B3 ap\u00f3s retomada de venda pela Odebrecht\"\/><\/a><span class=\"spotlightCategory\"><a href=\"https:\/\/www.suno.com.br\/noticias\/negocios\/\">Neg\u00f3cios<\/a><\/span><\/div><div class=\"cardsPage__listCard__boxs__content\"><a href=\"https:\/\/www.suno.com.br\/noticias\/braskem-brkm3-dispara-b3-retomada-venda-odebrecht\/\"><h2 class=\"content__title\">Braskem (BRKM3) tem forte alta na B3 ap\u00f3s retomada de venda pela Odebrecht<\/h2><\/a><div class=\"newsContent__article__meta\"><div class=\"newsContent__article__meta__authorBox\"><a href=\"https:\/\/www.suno.com.br\/noticias\/author\/juliano\/\" class=\"authorBox__avatar noMobi\"><img src=\"https:\/\/files.sunoresearch.com.br\/n\/uploads\/2019\/06\/7cc3efea-whatsapp-image-2019-07-18-at-21.59.33-e1563499821209-150x150.webp\" alt=\"Juliano Passaro\"><\/a><div class=\"authorBox__name\"><span>por\n\t\t\t<a href=\"https:\/\/www.suno.com.br\/noticias\/author\/juliano\/\"><span itemprop=\"author\">Juliano Passaro<\/span><\/a><\/span><time datetime=\"2020-08-10T15:14:54-03:00\" itemprop=\"datePublished\">10\/08\/2020 15:14<\/time><\/div><\/div><\/div><\/div><\/div>","single_layout":"posts","amp_enabled":true,"_links":{"self":[{"href":"https:\/\/www.suno.com.br\/noticias\/wp-json\/wp\/v2\/posts\/77376"}],"collection":[{"href":"https:\/\/www.suno.com.br\/noticias\/wp-json\/wp\/v2\/posts"}],"about":[{"href":"https:\/\/www.suno.com.br\/noticias\/wp-json\/wp\/v2\/types\/post"}],"author":[{"embeddable":true,"href":"https:\/\/www.suno.com.br\/noticias\/wp-json\/wp\/v2\/users\/19"}],"replies":[{"embeddable":true,"href":"https:\/\/www.suno.com.br\/noticias\/wp-json\/wp\/v2\/comments?post=77376"}],"version-history":[{"count":0,"href":"https:\/\/www.suno.com.br\/noticias\/wp-json\/wp\/v2\/posts\/77376\/revisions"}],"wp:featuredmedia":[{"embeddable":true,"href":"https:\/\/www.suno.com.br\/noticias\/wp-json\/wp\/v2\/media\/45010"}],"wp:attachment":[{"href":"https:\/\/www.suno.com.br\/noticias\/wp-json\/wp\/v2\/media?parent=77376"}],"wp:term":[{"taxonomy":"category","embeddable":true,"href":"https:\/\/www.suno.com.br\/noticias\/wp-json\/wp\/v2\/categories?post=77376"},{"taxonomy":"post_tag","embeddable":true,"href":"https:\/\/www.suno.com.br\/noticias\/wp-json\/wp\/v2\/tags?post=77376"},{"taxonomy":"suno_strategy","embeddable":true,"href":"https:\/\/www.suno.com.br\/noticias\/wp-json\/wp\/v2\/suno_strategy?post=77376"}],"curies":[{"name":"wp","href":"https:\/\/api.w.org\/{rel}","templated":true}]}}