{"id":77353,"date":"2020-08-10T13:06:23","date_gmt":"2020-08-10T16:06:23","guid":{"rendered":"https:\/\/www.suno.com.br\/noticias\/?p=77353"},"modified":"2020-08-10T13:06:23","modified_gmt":"2020-08-10T16:06:23","slug":"mcdonalds-acusa-ex-ceo-por-mentir-em-investigacao","status":"publish","type":"post","link":"https:\/\/www.suno.com.br\/noticias\/mcdonalds-acusa-ex-ceo-por-mentir-em-investigacao\/","title":{"rendered":"McDonald&#8217;s acusa ex-CEO por mentir em investiga\u00e7\u00e3o"},"content":{"rendered":"<p>O <strong><a href=\"https:\/\/www.suno.com.br\/artigos\/indice-big-mac\/\">McDonald&#8217;s<\/a> <\/strong>anunciou nesta segunda-feira (10) que est\u00e1 processando seu ex-presidente, Steve Easterbrook, por supostamente mentir e esconder provas durante a investiga\u00e7\u00e3o sobre relacionamentos que ele teve com funcion\u00e1rias da empresa.<\/p>\t<div class=\"wrapper-featured-image\">\n\t\t<figure class=\"spotlightImg\">\n\n\t\t\t<picture>\n\t\t\t\t<source media=\"(max-width: 768px)\" srcset=\"https:\/\/files.sunoresearch.com.br\/n\/uploads\/2019\/09\/4b7f13e4-mcdonalds-400x200.webp\">\n\t\t\t\t<img loading=\"lazy\" decoding=\"async\" class=\"newsContent__article__imgCapa lazyloadDisabled \" src=\"https:\/\/files.sunoresearch.com.br\/n\/uploads\/2019\/09\/4b7f13e4-mcdonalds-jpg.webp\" width=\"800\" height=\"450\" alt=\"McDonald&#8217;s acusa ex-CEO por mentir em investiga\u00e7\u00e3o\" fetchpriority=high \/>\n\t\t\t<\/picture>\n\n\t\t\t<figcaption class=\"wp-caption-text wp-caption-text--show\">O ex-CEO do McDonald&#039;s foi demitido em novembro do ano passado por ter mantido uma rela\u00e7\u00e3o &quot;consensual&quot; com uma funcion\u00e1ria<\/figcaption>\n\t\t<\/figure>\n\t<\/div>\n\n\n<div class=\"hubspot-form-wrapper\">\n\t<div id=\"single-form-target\"><\/div>\n<\/div>\n\n<p>O ex-<a href=\"https:\/\/www.suno.com.br\/artigos\/serie-os-5-maiores-ceos\/\">CEO<\/a> foi demitido em novembro do ano passado por ter mantido uma rela\u00e7\u00e3o &#8220;consensual&#8221; com uma funcion\u00e1ria, o que, segundo o conselho de administra\u00e7\u00e3o da empresa, foi uma &#8220;viola\u00e7\u00e3o pol\u00edtica&#8221; da rede de fast-food. No processo de demiss\u00e3o, o McDonald&#8217;s pagou US$ 40 milh\u00f5es em compensa\u00e7\u00f5es a Easterbrook.<\/p>\n<p>No entanto, a dire\u00e7\u00e3o da empresa tomou conhecimento, ap\u00f3s a sa\u00edda do ex-presidente, que ele havia mentido e que teve rela\u00e7\u00f5es sexuais com pelo menos outras tr\u00eas funcion\u00e1rias. Al\u00e9m disso, Easterbrook teria distribu\u00eddo a\u00e7\u00f5es a uma delas. A rede de fast-food acusa que o ex-CEO mentiu sobre essas informa\u00e7\u00f5es durante a investiga\u00e7\u00e3o inicial.<\/p>\n<p><a href=\"https:\/\/lp.suno.com.br\/suno-one\/\">No Suno One voc\u00ea aprende a fazer seu dinheiro para trabalhar para voc\u00ea. Cadastre-se gratuitamente agora!<\/a><\/p>\n<p>O McDonald&#8217;s &#8220;n\u00e3o tolera comportamento de qualquer empregado que n\u00e3o reflete seus valores&#8221;, disse o atual presidente Chris Kempczinski, em um comunicado interno obtido pelo jornal norte-americano &#8220;CNBC&#8221;.<\/p>\n<h2>Entenda a demiss\u00e3o do ex-presidente do McDonald&#8217;s<\/h2>\n<p>No dia 3 de novembro, o McDonald&#8217;s havia informado que tinha demitido o presidente executivo Steve Eastebrook. De acordo com a rede de fast-food, o CEO teve uma rela\u00e7\u00e3o amorosa com uma funcion\u00e1ria.<\/p>\n<p>Segundo o conselho de administra\u00e7\u00e3o da rede de fast-food,\u00a0Easterbrook &#8220;violou a pol\u00edtica da empresa e demonstrou mau julgamento, se envolvendo em um recente relacionamento consensual com uma funcion\u00e1ria&#8221;.<\/p>\n<p>O ex-presidente executivo enviou um email\u00a0 para os funcion\u00e1rios da empresa confirmando que houve rela\u00e7\u00e3o com uma empregada, n\u00e3o identificada, e classificou sua atitude como um erro.<\/p>\n\t<div data-element=\"shortcode-read-more\" class=\"knowMore\">\n\t\t\t\t<span class=\"knowMore__title\">Veja Tamb\u00e9m<\/span>\n\t\t\t\t<a class=\"knowMore__link\" href=\"https:\/\/www.suno.com.br\/noticias\/mcdonalds-registra-queda-de-68-no-lucro-liquido-do-2t20\/\">\n\t\t\tMcDonald&#039;s registra queda de 68% no lucro l\u00edquido do 2T20\t\t<\/a>\n\t<\/div>\n\n\n<p>&#8220;Eu me envolvi em um recente relacionamento consensual com uma funcion\u00e1ria, o que violou a pol\u00edtica do McDonald&#8217;s. Foi um erro. Considerados os valores da empresa, concordo com o conselho de que \u00e9 hora de eu ir embora. Al\u00e9m disso, espero que voc\u00eas respeitem meu desejo de manter minha privacidade&#8221;, informou Easterbrook.<\/p>\n<p>Steven Easterbrook, 52 anos, divorciado e com tr\u00eas filhos, assumiu o cargo em mar\u00e7o de 2015. As a\u00e7\u00f5es da rede de fast-food duplicaram durante o per\u00edodo de sua gest\u00e3o e a sua rentabilidade.<\/p>\n<p>O conselho de administra\u00e7\u00e3o nomeou Chris Kempczinski como o novo CEO.\u00a0 &#8220;Kempczinski foi uma das figuras-chaves no desenvolvimento do plano estrat\u00e9gico do <strong>McDonald&#8217;s<\/strong> nos Estados Unidos&#8221;, informou o presidente do conselho, Enrique Hern\u00e1ndez.<\/p>\n\t<p>\n\t\t<a href=\"https:\/\/lp.suno.com.br\/planilha-de-controle-de-investimentos\/\" target=\"_blank\" data-element=\"shortcode-suno-banner\" title=\"Banner SUNO, clique e saiba mais\">\n\t\t\t<picture>\n\t\t\t\t<source media=\"(max-width: 500px)\" srcset=\"https:\/\/files.sunoresearch.com.br\/n\/uploads\/2023\/03\/400x300-Controle-de-Investimentos.png\">\n\t\t\t\t<img class=\"newsContent__article__imgCapa newsContent__article__imgCapa--banner\"\n\t\t\t\t\tsrc=\"https:\/\/files.sunoresearch.com.br\/n\/uploads\/2023\/03\/1420x240-Controle-de-Investimentos.png\"\n\t\t\t\t\tdata-promo-id=\"75934\"\t\t\t\t\t\t\t\t\t\twidth='1420' height='240'\t\t\t\t\talt=\"https:\/\/files.sunoresearch.com.br\/n\/uploads\/2023\/03\/1420x240-Controle-de-Investimentos.png\"\n\t\t\t\t>\n\t\t\t<\/picture>\n\t\t<\/a>\n\t<\/p>\n\n\n","protected":false},"excerpt":{"rendered":"<p>O McDonald&#8217;s anunciou nesta segunda-feira (10) que est\u00e1 processando seu ex-presidente, Steve Easterbrook, por supostamente mentir e esconder provas durante a investiga\u00e7\u00e3o sobre relacionamentos que ele teve com funcion\u00e1rias da empresa. O ex-CEO do McDonald&#039;s foi demitido em novembro do ano passado por ter mantido uma rela\u00e7\u00e3o &quot;consensual&quot; com uma funcion\u00e1ria O ex-CEO foi demitido [&hellip;]<\/p>\n","protected":false},"author":15,"featured_media":37621,"comment_status":"closed","ping_status":"closed","sticky":false,"template":"","format":"standard","meta":[],"categories":[64],"tags":[985],"suno_strategy":[],"class_list":["post-77353","post","type-post","status-publish","format-standard","has-post-thumbnail","hentry","category-negocios","tag-mcdonalds-mcdc34"],"yoast_head":"<!-- This site is optimized with the Yoast SEO plugin v24.4 - https:\/\/yoast.com\/wordpress\/plugins\/seo\/ -->\n<title>McDonald&#039;s acusa ex-CEO por mentir em investiga\u00e7\u00e3o<\/title>\n<meta name=\"description\" content=\"McDonald&#039;s est\u00e1 processando seu ex-CEO por supostamente mentir durante a investiga\u00e7\u00e3o sobre relacionamentos com funcion\u00e1rias. Clique aqui\" \/>\n<meta name=\"robots\" content=\"index, follow, max-snippet:-1, max-image-preview:large, max-video-preview:-1\" \/>\n<link rel=\"canonical\" href=\"https:\/\/www.suno.com.br\/noticias\/mcdonalds-acusa-ex-ceo-por-mentir-em-investigacao\/\" \/>\n<meta property=\"og:locale\" content=\"pt_BR\" \/>\n<meta property=\"og:type\" content=\"article\" \/>\n<meta property=\"og:title\" content=\"McDonald&#039;s acusa ex-CEO por mentir em investiga\u00e7\u00e3o\" \/>\n<meta property=\"og:description\" content=\"McDonald&#039;s est\u00e1 processando seu ex-CEO por supostamente mentir durante a investiga\u00e7\u00e3o sobre relacionamentos com funcion\u00e1rias. Clique aqui\" \/>\n<meta property=\"og:url\" content=\"https:\/\/www.suno.com.br\/noticias\/mcdonalds-acusa-ex-ceo-por-mentir-em-investigacao\/\" \/>\n<meta property=\"og:site_name\" content=\"Suno Not\u00edcias\" \/>\n<meta property=\"article:publisher\" content=\"https:\/\/facebook.com\/sunoresearch\" \/>\n<meta property=\"og:image\" content=\"https:\/\/files.sunoresearch.com.br\/n\/uploads\/2019\/09\/4b7f13e4-mcdonalds.jpg\" \/>\n\t<meta property=\"og:image:width\" content=\"750\" \/>\n\t<meta property=\"og:image:height\" content=\"500\" \/>\n\t<meta property=\"og:image:type\" content=\"image\/jpeg\" \/>\n<meta name=\"author\" content=\"Poliana Santos\" \/>\n<meta name=\"twitter:card\" content=\"summary_large_image\" \/>\n<meta name=\"twitter:creator\" content=\"@sunoresearch\" \/>\n<meta name=\"twitter:site\" content=\"@sunoresearch\" \/>\n<meta name=\"twitter:label1\" content=\"Escrito por\" \/>\n\t<meta name=\"twitter:data1\" content=\"Poliana Santos\" \/>\n\t<meta name=\"twitter:label2\" content=\"Est. tempo de leitura\" \/>\n\t<meta name=\"twitter:data2\" content=\"2 minutos\" \/>\n<script type=\"application\/ld+json\" class=\"yoast-schema-graph\">{\"@context\":\"https:\/\/schema.org\",\"@graph\":[{\"@type\":\"NewsArticle\",\"@id\":\"https:\/\/www.suno.com.br\/noticias\/mcdonalds-acusa-ex-ceo-por-mentir-em-investigacao\/#article\",\"isPartOf\":{\"@id\":\"https:\/\/www.suno.com.br\/noticias\/mcdonalds-acusa-ex-ceo-por-mentir-em-investigacao\/\"},\"author\":{\"name\":\"Poliana Santos\",\"@id\":\"https:\/\/www.suno.com.br\/noticias\/#\/schema\/person\/02ec1f752758247878a2bf4abee1aeda\"},\"headline\":\"McDonald&#8217;s acusa ex-CEO por mentir em investiga\u00e7\u00e3o\",\"datePublished\":\"2020-08-10T16:06:23+00:00\",\"mainEntityOfPage\":{\"@id\":\"https:\/\/www.suno.com.br\/noticias\/mcdonalds-acusa-ex-ceo-por-mentir-em-investigacao\/\"},\"wordCount\":469,\"publisher\":{\"@id\":\"https:\/\/www.suno.com.br\/noticias\/#organization\"},\"image\":{\"@id\":\"https:\/\/www.suno.com.br\/noticias\/mcdonalds-acusa-ex-ceo-por-mentir-em-investigacao\/#primaryimage\"},\"thumbnailUrl\":\"https:\/\/files.sunoresearch.com.br\/n\/uploads\/2019\/09\/4b7f13e4-mcdonalds-jpg.webp\",\"keywords\":[\"McDonald's (MCDC34)\"],\"articleSection\":[\"Neg\u00f3cios\"],\"inLanguage\":\"pt-BR\"},{\"@type\":\"WebPage\",\"@id\":\"https:\/\/www.suno.com.br\/noticias\/mcdonalds-acusa-ex-ceo-por-mentir-em-investigacao\/\",\"url\":\"https:\/\/www.suno.com.br\/noticias\/mcdonalds-acusa-ex-ceo-por-mentir-em-investigacao\/\",\"name\":\"McDonald's acusa ex-CEO por mentir em investiga\u00e7\u00e3o\",\"isPartOf\":{\"@id\":\"https:\/\/www.suno.com.br\/noticias\/#website\"},\"primaryImageOfPage\":{\"@id\":\"https:\/\/www.suno.com.br\/noticias\/mcdonalds-acusa-ex-ceo-por-mentir-em-investigacao\/#primaryimage\"},\"image\":{\"@id\":\"https:\/\/www.suno.com.br\/noticias\/mcdonalds-acusa-ex-ceo-por-mentir-em-investigacao\/#primaryimage\"},\"thumbnailUrl\":\"https:\/\/files.sunoresearch.com.br\/n\/uploads\/2019\/09\/4b7f13e4-mcdonalds-jpg.webp\",\"datePublished\":\"2020-08-10T16:06:23+00:00\",\"description\":\"McDonald's est\u00e1 processando seu ex-CEO por supostamente mentir durante a investiga\u00e7\u00e3o sobre relacionamentos com funcion\u00e1rias. Clique aqui\",\"breadcrumb\":{\"@id\":\"https:\/\/www.suno.com.br\/noticias\/mcdonalds-acusa-ex-ceo-por-mentir-em-investigacao\/#breadcrumb\"},\"inLanguage\":\"pt-BR\",\"potentialAction\":[{\"@type\":\"ReadAction\",\"target\":[\"https:\/\/www.suno.com.br\/noticias\/mcdonalds-acusa-ex-ceo-por-mentir-em-investigacao\/\"]}]},{\"@type\":\"ImageObject\",\"inLanguage\":\"pt-BR\",\"@id\":\"https:\/\/www.suno.com.br\/noticias\/mcdonalds-acusa-ex-ceo-por-mentir-em-investigacao\/#primaryimage\",\"url\":\"https:\/\/files.sunoresearch.com.br\/n\/uploads\/2019\/09\/4b7f13e4-mcdonalds-jpg.webp\",\"contentUrl\":\"https:\/\/files.sunoresearch.com.br\/n\/uploads\/2019\/09\/4b7f13e4-mcdonalds-jpg.webp\",\"width\":750,\"height\":500,\"caption\":\"O ex-CEO do McDonald's foi demitido em novembro do ano passado por ter mantido uma rela\u00e7\u00e3o \\\"consensual\\\" com uma funcion\u00e1ria\"},{\"@type\":\"BreadcrumbList\",\"@id\":\"https:\/\/www.suno.com.br\/noticias\/mcdonalds-acusa-ex-ceo-por-mentir-em-investigacao\/#breadcrumb\",\"itemListElement\":[{\"@type\":\"ListItem\",\"position\":1,\"name\":\"Not\u00edcias\",\"item\":\"https:\/\/www.suno.com.br\/noticias\/\"},{\"@type\":\"ListItem\",\"position\":2,\"name\":\"Neg\u00f3cios\",\"item\":\"https:\/\/www.suno.com.br\/noticias\/negocios\/\"},{\"@type\":\"ListItem\",\"position\":3,\"name\":\"McDonald&#8217;s acusa ex-CEO por mentir em investiga\u00e7\u00e3o\"}]},{\"@type\":\"WebSite\",\"@id\":\"https:\/\/www.suno.com.br\/noticias\/#website\",\"url\":\"https:\/\/www.suno.com.br\/noticias\/\",\"name\":\"Suno Not\u00edcias\",\"description\":\"Seu portal de informa\u00e7\u00e3o sobre o mundo dos investimentos\",\"publisher\":{\"@id\":\"https:\/\/www.suno.com.br\/noticias\/#organization\"},\"potentialAction\":[{\"@type\":\"SearchAction\",\"target\":{\"@type\":\"EntryPoint\",\"urlTemplate\":\"https:\/\/www.suno.com.br\/noticias\/?s={search_term_string}\"},\"query-input\":{\"@type\":\"PropertyValueSpecification\",\"valueRequired\":true,\"valueName\":\"search_term_string\"}}],\"inLanguage\":\"pt-BR\"},{\"@type\":\"Organization\",\"@id\":\"https:\/\/www.suno.com.br\/noticias\/#organization\",\"name\":\"Suno Not\u00edcias\",\"url\":\"https:\/\/www.suno.com.br\/noticias\/\",\"logo\":{\"@type\":\"ImageObject\",\"inLanguage\":\"pt-BR\",\"@id\":\"https:\/\/www.suno.com.br\/noticias\/#\/schema\/logo\/image\/\",\"url\":\"https:\/\/files.sunoresearch.com.br\/n\/uploads\/2021\/09\/suno-logo.png\",\"contentUrl\":\"https:\/\/files.sunoresearch.com.br\/n\/uploads\/2021\/09\/suno-logo.png\",\"width\":180,\"height\":180,\"caption\":\"Suno Not\u00edcias\"},\"image\":{\"@id\":\"https:\/\/www.suno.com.br\/noticias\/#\/schema\/logo\/image\/\"},\"sameAs\":[\"https:\/\/facebook.com\/sunoresearch\",\"https:\/\/x.com\/sunoresearch\",\"https:\/\/www.instagram.com\/suno\",\"https:\/\/www.linkedin.com\/company\/suno-research\/\",\"https:\/\/www.youtube.com\/c\/sunoresearch\"]},{\"@type\":\"Person\",\"@id\":\"https:\/\/www.suno.com.br\/noticias\/#\/schema\/person\/02ec1f752758247878a2bf4abee1aeda\",\"name\":\"Poliana Santos\",\"image\":{\"@type\":\"ImageObject\",\"inLanguage\":\"pt-BR\",\"@id\":\"https:\/\/www.suno.com.br\/noticias\/#\/schema\/person\/image\/\",\"url\":\"https:\/\/secure.gravatar.com\/avatar\/0645bd32f23d87b2130f2b2dff1d3f8d?s=96&r=g\",\"contentUrl\":\"https:\/\/secure.gravatar.com\/avatar\/0645bd32f23d87b2130f2b2dff1d3f8d?s=96&r=g\",\"caption\":\"Poliana Santos\"},\"description\":\"Rep\u00f3rter no Suno Not\u00edcias, com cobertura em mercado financeiro, economia, finan\u00e7as pessoais, renda fixa e varejo. Jornalista formada pela Faculdade C\u00e1sper L\u00edbero e possui passagem na R\u00e1dio Gazeta AM com a produ\u00e7\u00e3o de conte\u00fado sobre economia, pol\u00edtica, sa\u00fade, moda e m\u00fasica. Possui certificado de conclus\u00e3o do curso de An\u00e1lise de Balan\u00e7os pela Funda\u00e7\u00e3o Bradesco, Agenda Brasil pela FAAP, Educa\u00e7\u00e3o Pol\u00edtica por Alexandre Garcia e do Tesouro Direto e Mercado de A\u00e7\u00f5es pela B3.\",\"url\":\"https:\/\/www.suno.com.br\/noticias\/author\/poliana-santos\/\"}]}<\/script>\n<!-- \/ Yoast SEO plugin. -->","yoast_head_json":{"title":"McDonald's acusa ex-CEO por mentir em investiga\u00e7\u00e3o","description":"McDonald's est\u00e1 processando seu ex-CEO por supostamente mentir durante a investiga\u00e7\u00e3o sobre relacionamentos com funcion\u00e1rias. Clique aqui","robots":{"index":"index","follow":"follow","max-snippet":"max-snippet:-1","max-image-preview":"max-image-preview:large","max-video-preview":"max-video-preview:-1"},"canonical":"https:\/\/www.suno.com.br\/noticias\/mcdonalds-acusa-ex-ceo-por-mentir-em-investigacao\/","og_locale":"pt_BR","og_type":"article","og_title":"McDonald's acusa ex-CEO por mentir em investiga\u00e7\u00e3o","og_description":"McDonald's est\u00e1 processando seu ex-CEO por supostamente mentir durante a investiga\u00e7\u00e3o sobre relacionamentos com funcion\u00e1rias. Clique aqui","og_url":"https:\/\/www.suno.com.br\/noticias\/mcdonalds-acusa-ex-ceo-por-mentir-em-investigacao\/","og_site_name":"Suno Not\u00edcias","article_publisher":"https:\/\/facebook.com\/sunoresearch","og_image":[{"width":750,"height":500,"url":"https:\/\/files.sunoresearch.com.br\/n\/uploads\/2019\/09\/4b7f13e4-mcdonalds.jpg","type":"image\/jpeg"}],"author":"Poliana Santos","twitter_card":"summary_large_image","twitter_creator":"@sunoresearch","twitter_site":"@sunoresearch","twitter_misc":{"Escrito por":"Poliana Santos","Est. tempo de leitura":"2 minutos"},"schema":{"@context":"https:\/\/schema.org","@graph":[{"@type":"NewsArticle","@id":"https:\/\/www.suno.com.br\/noticias\/mcdonalds-acusa-ex-ceo-por-mentir-em-investigacao\/#article","isPartOf":{"@id":"https:\/\/www.suno.com.br\/noticias\/mcdonalds-acusa-ex-ceo-por-mentir-em-investigacao\/"},"author":{"name":"Poliana Santos","@id":"https:\/\/www.suno.com.br\/noticias\/#\/schema\/person\/02ec1f752758247878a2bf4abee1aeda"},"headline":"McDonald&#8217;s acusa ex-CEO por mentir em investiga\u00e7\u00e3o","datePublished":"2020-08-10T16:06:23+00:00","mainEntityOfPage":{"@id":"https:\/\/www.suno.com.br\/noticias\/mcdonalds-acusa-ex-ceo-por-mentir-em-investigacao\/"},"wordCount":469,"publisher":{"@id":"https:\/\/www.suno.com.br\/noticias\/#organization"},"image":{"@id":"https:\/\/www.suno.com.br\/noticias\/mcdonalds-acusa-ex-ceo-por-mentir-em-investigacao\/#primaryimage"},"thumbnailUrl":"https:\/\/files.sunoresearch.com.br\/n\/uploads\/2019\/09\/4b7f13e4-mcdonalds-jpg.webp","keywords":["McDonald's (MCDC34)"],"articleSection":["Neg\u00f3cios"],"inLanguage":"pt-BR"},{"@type":"WebPage","@id":"https:\/\/www.suno.com.br\/noticias\/mcdonalds-acusa-ex-ceo-por-mentir-em-investigacao\/","url":"https:\/\/www.suno.com.br\/noticias\/mcdonalds-acusa-ex-ceo-por-mentir-em-investigacao\/","name":"McDonald's acusa ex-CEO por mentir em investiga\u00e7\u00e3o","isPartOf":{"@id":"https:\/\/www.suno.com.br\/noticias\/#website"},"primaryImageOfPage":{"@id":"https:\/\/www.suno.com.br\/noticias\/mcdonalds-acusa-ex-ceo-por-mentir-em-investigacao\/#primaryimage"},"image":{"@id":"https:\/\/www.suno.com.br\/noticias\/mcdonalds-acusa-ex-ceo-por-mentir-em-investigacao\/#primaryimage"},"thumbnailUrl":"https:\/\/files.sunoresearch.com.br\/n\/uploads\/2019\/09\/4b7f13e4-mcdonalds-jpg.webp","datePublished":"2020-08-10T16:06:23+00:00","description":"McDonald's est\u00e1 processando seu ex-CEO por supostamente mentir durante a investiga\u00e7\u00e3o sobre relacionamentos com funcion\u00e1rias. Clique aqui","breadcrumb":{"@id":"https:\/\/www.suno.com.br\/noticias\/mcdonalds-acusa-ex-ceo-por-mentir-em-investigacao\/#breadcrumb"},"inLanguage":"pt-BR","potentialAction":[{"@type":"ReadAction","target":["https:\/\/www.suno.com.br\/noticias\/mcdonalds-acusa-ex-ceo-por-mentir-em-investigacao\/"]}]},{"@type":"ImageObject","inLanguage":"pt-BR","@id":"https:\/\/www.suno.com.br\/noticias\/mcdonalds-acusa-ex-ceo-por-mentir-em-investigacao\/#primaryimage","url":"https:\/\/files.sunoresearch.com.br\/n\/uploads\/2019\/09\/4b7f13e4-mcdonalds-jpg.webp","contentUrl":"https:\/\/files.sunoresearch.com.br\/n\/uploads\/2019\/09\/4b7f13e4-mcdonalds-jpg.webp","width":750,"height":500,"caption":"O ex-CEO do McDonald's foi demitido em novembro do ano passado por ter mantido uma rela\u00e7\u00e3o \"consensual\" com uma funcion\u00e1ria"},{"@type":"BreadcrumbList","@id":"https:\/\/www.suno.com.br\/noticias\/mcdonalds-acusa-ex-ceo-por-mentir-em-investigacao\/#breadcrumb","itemListElement":[{"@type":"ListItem","position":1,"name":"Not\u00edcias","item":"https:\/\/www.suno.com.br\/noticias\/"},{"@type":"ListItem","position":2,"name":"Neg\u00f3cios","item":"https:\/\/www.suno.com.br\/noticias\/negocios\/"},{"@type":"ListItem","position":3,"name":"McDonald&#8217;s acusa ex-CEO por mentir em investiga\u00e7\u00e3o"}]},{"@type":"WebSite","@id":"https:\/\/www.suno.com.br\/noticias\/#website","url":"https:\/\/www.suno.com.br\/noticias\/","name":"Suno Not\u00edcias","description":"Seu portal de informa\u00e7\u00e3o sobre o mundo dos investimentos","publisher":{"@id":"https:\/\/www.suno.com.br\/noticias\/#organization"},"potentialAction":[{"@type":"SearchAction","target":{"@type":"EntryPoint","urlTemplate":"https:\/\/www.suno.com.br\/noticias\/?s={search_term_string}"},"query-input":{"@type":"PropertyValueSpecification","valueRequired":true,"valueName":"search_term_string"}}],"inLanguage":"pt-BR"},{"@type":"Organization","@id":"https:\/\/www.suno.com.br\/noticias\/#organization","name":"Suno Not\u00edcias","url":"https:\/\/www.suno.com.br\/noticias\/","logo":{"@type":"ImageObject","inLanguage":"pt-BR","@id":"https:\/\/www.suno.com.br\/noticias\/#\/schema\/logo\/image\/","url":"https:\/\/files.sunoresearch.com.br\/n\/uploads\/2021\/09\/suno-logo.png","contentUrl":"https:\/\/files.sunoresearch.com.br\/n\/uploads\/2021\/09\/suno-logo.png","width":180,"height":180,"caption":"Suno Not\u00edcias"},"image":{"@id":"https:\/\/www.suno.com.br\/noticias\/#\/schema\/logo\/image\/"},"sameAs":["https:\/\/facebook.com\/sunoresearch","https:\/\/x.com\/sunoresearch","https:\/\/www.instagram.com\/suno","https:\/\/www.linkedin.com\/company\/suno-research\/","https:\/\/www.youtube.com\/c\/sunoresearch"]},{"@type":"Person","@id":"https:\/\/www.suno.com.br\/noticias\/#\/schema\/person\/02ec1f752758247878a2bf4abee1aeda","name":"Poliana Santos","image":{"@type":"ImageObject","inLanguage":"pt-BR","@id":"https:\/\/www.suno.com.br\/noticias\/#\/schema\/person\/image\/","url":"https:\/\/secure.gravatar.com\/avatar\/0645bd32f23d87b2130f2b2dff1d3f8d?s=96&r=g","contentUrl":"https:\/\/secure.gravatar.com\/avatar\/0645bd32f23d87b2130f2b2dff1d3f8d?s=96&r=g","caption":"Poliana Santos"},"description":"Rep\u00f3rter no Suno Not\u00edcias, com cobertura em mercado financeiro, economia, finan\u00e7as pessoais, renda fixa e varejo. Jornalista formada pela Faculdade C\u00e1sper L\u00edbero e possui passagem na R\u00e1dio Gazeta AM com a produ\u00e7\u00e3o de conte\u00fado sobre economia, pol\u00edtica, sa\u00fade, moda e m\u00fasica. Possui certificado de conclus\u00e3o do curso de An\u00e1lise de Balan\u00e7os pela Funda\u00e7\u00e3o Bradesco, Agenda Brasil pela FAAP, Educa\u00e7\u00e3o Pol\u00edtica por Alexandre Garcia e do Tesouro Direto e Mercado de A\u00e7\u00f5es pela B3.","url":"https:\/\/www.suno.com.br\/noticias\/author\/poliana-santos\/"}]}},"default_loop_html":"<div class=\"cardsPage__listCard__boxs\"><div class=\"cardsPage__listCard__boxs__img\"><a href=\"https:\/\/www.suno.com.br\/noticias\/mcdonalds-acusa-ex-ceo-por-mentir-em-investigacao\/\"><img class=\"mask\" src=\"https:\/\/www.suno.com.br\/noticias\/wp-content\/themes\/suno\/resources\/images\/spotlight\/spotlight1img\/bg-mask.png\" alt=\"Image Mask\"\/><img src=\"https:\/\/files.sunoresearch.com.br\/n\/uploads\/2019\/09\/4b7f13e4-mcdonalds-400x200.webp\" alt=\"McDonald&#8217;s acusa ex-CEO por mentir em investiga\u00e7\u00e3o\"\/><\/a><span class=\"spotlightCategory\"><a href=\"https:\/\/www.suno.com.br\/noticias\/negocios\/\">Neg\u00f3cios<\/a><\/span><\/div><div class=\"cardsPage__listCard__boxs__content\"><a href=\"https:\/\/www.suno.com.br\/noticias\/mcdonalds-acusa-ex-ceo-por-mentir-em-investigacao\/\"><h2 class=\"content__title\">McDonald&#8217;s acusa ex-CEO por mentir em investiga\u00e7\u00e3o<\/h2><\/a><div class=\"newsContent__article__meta\"><div class=\"newsContent__article__meta__authorBox\"><a href=\"https:\/\/www.suno.com.br\/noticias\/author\/poliana-santos\/\" class=\"authorBox__avatar noMobi\"><img src=\"https:\/\/files.sunoresearch.com.br\/n\/uploads\/2020\/08\/7ef34026-whatsapp-image-2020-08-03-at-12.37.57-150x150.webp\" alt=\"Poliana Santos\"><\/a><div class=\"authorBox__name\"><span>por\n\t\t\t<a href=\"https:\/\/www.suno.com.br\/noticias\/author\/poliana-santos\/\"><span itemprop=\"author\">Poliana Santos<\/span><\/a><\/span><time datetime=\"2020-08-10T13:06:23-03:00\" itemprop=\"datePublished\">10\/08\/2020 13:06<\/time><\/div><\/div><\/div><\/div><\/div>","single_layout":"posts","amp_enabled":true,"_links":{"self":[{"href":"https:\/\/www.suno.com.br\/noticias\/wp-json\/wp\/v2\/posts\/77353"}],"collection":[{"href":"https:\/\/www.suno.com.br\/noticias\/wp-json\/wp\/v2\/posts"}],"about":[{"href":"https:\/\/www.suno.com.br\/noticias\/wp-json\/wp\/v2\/types\/post"}],"author":[{"embeddable":true,"href":"https:\/\/www.suno.com.br\/noticias\/wp-json\/wp\/v2\/users\/15"}],"replies":[{"embeddable":true,"href":"https:\/\/www.suno.com.br\/noticias\/wp-json\/wp\/v2\/comments?post=77353"}],"version-history":[{"count":0,"href":"https:\/\/www.suno.com.br\/noticias\/wp-json\/wp\/v2\/posts\/77353\/revisions"}],"wp:featuredmedia":[{"embeddable":true,"href":"https:\/\/www.suno.com.br\/noticias\/wp-json\/wp\/v2\/media\/37621"}],"wp:attachment":[{"href":"https:\/\/www.suno.com.br\/noticias\/wp-json\/wp\/v2\/media?parent=77353"}],"wp:term":[{"taxonomy":"category","embeddable":true,"href":"https:\/\/www.suno.com.br\/noticias\/wp-json\/wp\/v2\/categories?post=77353"},{"taxonomy":"post_tag","embeddable":true,"href":"https:\/\/www.suno.com.br\/noticias\/wp-json\/wp\/v2\/tags?post=77353"},{"taxonomy":"suno_strategy","embeddable":true,"href":"https:\/\/www.suno.com.br\/noticias\/wp-json\/wp\/v2\/suno_strategy?post=77353"}],"curies":[{"name":"wp","href":"https:\/\/api.w.org\/{rel}","templated":true}]}}