{"id":77203,"date":"2020-08-08T09:55:34","date_gmt":"2020-08-08T12:55:34","guid":{"rendered":"https:\/\/www.suno.com.br\/noticias\/?p=77203"},"modified":"2020-08-08T09:55:34","modified_gmt":"2020-08-08T12:55:34","slug":"odebrecht-venda-participacao-braskem","status":"publish","type":"post","link":"https:\/\/www.suno.com.br\/noticias\/odebrecht-venda-participacao-braskem\/","title":{"rendered":"Odebrecht inicia atos para preparar venda de sua participa\u00e7\u00e3o na Braskem"},"content":{"rendered":"<p>A <a href=\"https:\/\/www.suno.com.br\/acoes\/brkm6\/\">Braskem (BRKM6)<\/a> comunicou nessa sexta-feira (7), atrav\u00e9s de <a href=\"https:\/\/www.suno.com.br\/artigos\/fato-relevante\/\">fato relevante<\/a>, que recebeu uma correspond\u00eancia da sua controladora <strong>Odebrecht<\/strong> informando que deu in\u00edcio aos atos preparat\u00f3rios para estruturar um processo de venda privada de at\u00e9 toda sua participa\u00e7\u00e3o na petroqu\u00edmica.<\/p>\t<div class=\"wrapper-featured-image\">\n\t\t<figure class=\"spotlightImg\">\n\n\t\t\t<picture>\n\t\t\t\t<source media=\"(max-width: 768px)\" srcset=\"https:\/\/files.sunoresearch.com.br\/n\/uploads\/2019\/06\/e310ada8-odebrecht-400x200.webp\">\n\t\t\t\t<img loading=\"lazy\" decoding=\"async\" class=\"newsContent__article__imgCapa lazyloadDisabled \" src=\"https:\/\/files.sunoresearch.com.br\/n\/uploads\/2019\/06\/e310ada8-odebrecht-800x450.webp\" width=\"800\" height=\"450\" alt=\"Odebrecht inicia atos para preparar venda de sua participa\u00e7\u00e3o na Braskem\" fetchpriority=high \/>\n\t\t\t<\/picture>\n\n\t\t\t<figcaption class=\"wp-caption-text wp-caption-text--show\">Odebrecht <\/figcaption>\n\t\t<\/figure>\n\t<\/div>\n\n\n<div class=\"hubspot-form-wrapper\">\n\t<div id=\"single-form-target\"><\/div>\n<\/div>\n\n<p>&#8220;A <strong>Braskem<\/strong> S.A. (&#8220;Braskem&#8221; ou &#8220;Companhia&#8221;), em atendimento ao disposto na Instru\u00e7\u00e3o CVM n\u00ba 358\/02, vem comunicar aos seus acionistas e ao mercado em geral que recebeu, nesta data, correspond\u00eancia enviada por sua acionista controladora, Odebrecht S.A (&#8220;ODB&#8221;), informando que, em cumprimento a compromissos assumidos com credores concursais e extraconcursais, a ODB deu in\u00edcio aos atos preparat\u00f3rios para estruturar um processo de aliena\u00e7\u00e3o privada de at\u00e9 a totalidade da participa\u00e7\u00e3o de sua titularidade na Companhia, mediante ado\u00e7\u00e3o das provid\u00eancias necess\u00e1rias para organizar um processo dessa natureza, com o apoio de assessores legais e financeiros&#8221;, destacou o documento.<\/p>\n<p>Ademais, a Braskem informou que manter\u00e1 seus acionistas e o mercado informados sobre os desdobramentos relevantes desse processo.<\/p>\n<p><a href=\"https:\/\/lp.suno.com.br\/suno-one\/\">No Suno One voc\u00ea aprende a fazer seu dinheiro para trabalhar para voc\u00ea. Cadastre-se gratuitamente agora!<\/a><\/p>\n<p>Vale destacar que a Odebrecht det\u00eam 50,1% do capital votante da Braskem enquanto a <a href=\"https:\/\/www.suno.com.br\/acoes\/petr3\/\"><strong>Petrobras<\/strong> (PETR3<\/a>; <a href=\"https:\/\/www.suno.com.br\/acoes\/petr4\/\">PETR4) <\/a>conta com 47%. J\u00e1 em rela\u00e7\u00e3o ao capital total, 38,3% \u00e9 da construtora e 36,1% da petrol\u00edfera, ao passo que o restante \u00e9 negociado no <a href=\"https:\/\/www.suno.com.br\/artigos\/mercado-de-acoes\/\">mercado acion\u00e1rio.<\/a><\/p>\n<h2>Justi\u00e7a homologa plano de Recupera\u00e7\u00e3o Judicial da Odebrecht<\/h2>\n<p>Al\u00e9m disso, a\u00a0 Odebrecht teve seu plano de <strong><a href=\"https:\/\/www.suno.com.br\/artigos\/recuperacao-judicial\/\">Recupera\u00e7\u00e3o Judicial<\/a><\/strong> homologado pelo Tribunal de Justi\u00e7a do Estado de S\u00e3o Paulo no \u00faltimo dia 27 de julho. A medida tamb\u00e9m vale para outras 11 empresas do grupo.<\/p>\n<p>A recupera\u00e7\u00e3o judicial da companhia \u00e9 a maior j\u00e1 registrada na hist\u00f3ria do pa\u00eds, pois considera a restrutura\u00e7\u00e3o de d\u00edvidas estimadas em R$ 98,5 bilh\u00f5es. A homologa\u00e7\u00e3o foi assinada pelo juiz da 1a Vara de Fal\u00eancias de S\u00e3o Paulo, <strong>Jo\u00e3o de Oliveira Rodrigues Filho<\/strong>, ap\u00f3s um ano da realiza\u00e7\u00e3o do pedido.<\/p>\n\t<div data-element=\"shortcode-read-more\" class=\"knowMore\">\n\t\t\t\t<span class=\"knowMore__title\">Veja tamb\u00e9m<\/span>\n\t\t\t\t<a class=\"knowMore__link\" href=\"https:\/\/www.suno.com.br\/noticias\/petrobras-petr4-acordo-odebrecht-braskem\/\">\n\t\t\tPetrobras (PETR4) v\u00ea acordo com Odebrecht sobre Braskem em 6 meses\t\t<\/a>\n\t<\/div>\n\n\n<p>Confira a lista de empresas cuja recupera\u00e7\u00e3o foi concedida:<\/p>\n<ul>\n<li>OSP Investimentos;<\/li>\n<li>Odebrecht Servi\u00e7os e Participa\u00e7\u00f5es S.A.;<\/li>\n<li>ODB International Corporation;<\/li>\n<li>OPI S.A.;<\/li>\n<li>OP Gest\u00e3o de Propriedade S.A.;<\/li>\n<li>Kieppe Participa\u00e7\u00f5es e Administra\u00e7\u00e3o;<\/li>\n<li>ODBINV S.A.;<\/li>\n<li>Edif\u00edcio Odebrecht RJ S.A.;<\/li>\n<li>Odebrecht Properties Investimentos S.A.;<\/li>\n<li>Edif\u00edcios S.A.;<\/li>\n<li>Energia Investimentos S.A.<\/li>\n<\/ul>\n<p>As condi\u00e7\u00f5es financeiras da <strong>Odebrecht<\/strong> foram duramente afetadas ap\u00f3s a comprova\u00e7\u00e3o do seu envolvimento no esc\u00e2ndalo de corrup\u00e7\u00e3o da Lava-Jato.<\/p>\n\t<p>\n\t\t<a href=\"https:\/\/lp.suno.com.br\/planilha-de-controle-de-investimentos\/\" target=\"_blank\" data-element=\"shortcode-suno-banner\" title=\"Banner SUNO, clique e saiba mais\">\n\t\t\t<picture>\n\t\t\t\t<source media=\"(max-width: 500px)\" srcset=\"https:\/\/files.sunoresearch.com.br\/n\/uploads\/2023\/03\/400x300-Controle-de-Investimentos.png\">\n\t\t\t\t<img class=\"newsContent__article__imgCapa newsContent__article__imgCapa--banner\"\n\t\t\t\t\tsrc=\"https:\/\/files.sunoresearch.com.br\/n\/uploads\/2023\/03\/1420x240-Controle-de-Investimentos.png\"\n\t\t\t\t\tdata-promo-id=\"75934\"\t\t\t\t\t\t\t\t\t\twidth='1420' height='240'\t\t\t\t\talt=\"https:\/\/files.sunoresearch.com.br\/n\/uploads\/2023\/03\/1420x240-Controle-de-Investimentos.png\"\n\t\t\t\t>\n\t\t\t<\/picture>\n\t\t<\/a>\n\t<\/p>\n\n\n","protected":false},"excerpt":{"rendered":"<p>A Braskem (BRKM6) comunicou nessa sexta-feira (7), atrav\u00e9s de fato relevante, que recebeu uma correspond\u00eancia da sua controladora Odebrecht informando que deu in\u00edcio aos atos preparat\u00f3rios para estruturar um processo de venda privada de at\u00e9 toda sua participa\u00e7\u00e3o na petroqu\u00edmica. Odebrecht &#8220;A Braskem S.A. (&#8220;Braskem&#8221; ou &#8220;Companhia&#8221;), em atendimento ao disposto na Instru\u00e7\u00e3o CVM n\u00ba [&hellip;]<\/p>\n","protected":false},"author":39,"featured_media":27900,"comment_status":"closed","ping_status":"closed","sticky":false,"template":"","format":"standard","meta":[],"categories":[64],"tags":[395,783],"suno_strategy":[],"class_list":["post-77203","post","type-post","status-publish","format-standard","has-post-thumbnail","hentry","category-negocios","tag-braskem-brkm3-brkm5-brkm6","tag-odebrecht"],"yoast_head":"<!-- This site is optimized with the Yoast SEO plugin v24.4 - https:\/\/yoast.com\/wordpress\/plugins\/seo\/ -->\n<title>Odebrecht inicia atos para preparar venda de sua participa\u00e7\u00e3o na Braskem<\/title>\n<meta name=\"description\" content=\"A Odebrecht iniciou atos preparat\u00f3rios para estruturar processo de venda privada de sua participa\u00e7\u00e3o na Braskem. Clique aqui para saber mais.\" \/>\n<meta name=\"robots\" content=\"index, follow, max-snippet:-1, max-image-preview:large, max-video-preview:-1\" \/>\n<link rel=\"canonical\" href=\"https:\/\/www.suno.com.br\/noticias\/odebrecht-venda-participacao-braskem\/\" \/>\n<meta property=\"og:locale\" content=\"pt_BR\" \/>\n<meta property=\"og:type\" content=\"article\" \/>\n<meta property=\"og:title\" content=\"Odebrecht inicia atos para preparar venda de sua participa\u00e7\u00e3o na Braskem\" \/>\n<meta property=\"og:description\" content=\"A Odebrecht iniciou atos preparat\u00f3rios para estruturar processo de venda privada de sua participa\u00e7\u00e3o na Braskem. Clique aqui para saber mais.\" \/>\n<meta property=\"og:url\" content=\"https:\/\/www.suno.com.br\/noticias\/odebrecht-venda-participacao-braskem\/\" \/>\n<meta property=\"og:site_name\" content=\"Suno Not\u00edcias\" \/>\n<meta property=\"article:publisher\" content=\"https:\/\/facebook.com\/sunoresearch\" \/>\n<meta property=\"og:image\" content=\"https:\/\/files.sunoresearch.com.br\/n\/uploads\/2019\/06\/e310ada8-odebrecht.jpg\" \/>\n\t<meta property=\"og:image:width\" content=\"1200\" \/>\n\t<meta property=\"og:image:height\" content=\"787\" \/>\n\t<meta property=\"og:image:type\" content=\"image\/jpeg\" \/>\n<meta name=\"author\" content=\"Laura Moutinho\" \/>\n<meta name=\"twitter:card\" content=\"summary_large_image\" \/>\n<meta name=\"twitter:creator\" content=\"@sunoresearch\" \/>\n<meta name=\"twitter:site\" content=\"@sunoresearch\" \/>\n<meta name=\"twitter:label1\" content=\"Escrito por\" \/>\n\t<meta name=\"twitter:data1\" content=\"Laura Moutinho\" \/>\n\t<meta name=\"twitter:label2\" content=\"Est. tempo de leitura\" \/>\n\t<meta name=\"twitter:data2\" content=\"2 minutos\" \/>\n<script type=\"application\/ld+json\" class=\"yoast-schema-graph\">{\"@context\":\"https:\/\/schema.org\",\"@graph\":[{\"@type\":\"NewsArticle\",\"@id\":\"https:\/\/www.suno.com.br\/noticias\/odebrecht-venda-participacao-braskem\/#article\",\"isPartOf\":{\"@id\":\"https:\/\/www.suno.com.br\/noticias\/odebrecht-venda-participacao-braskem\/\"},\"author\":{\"name\":\"Laura Moutinho\",\"@id\":\"https:\/\/www.suno.com.br\/noticias\/#\/schema\/person\/3df0d2808748b74496efe5dbeaef2c72\"},\"headline\":\"Odebrecht inicia atos para preparar venda de sua participa\u00e7\u00e3o na Braskem\",\"datePublished\":\"2020-08-08T12:55:34+00:00\",\"mainEntityOfPage\":{\"@id\":\"https:\/\/www.suno.com.br\/noticias\/odebrecht-venda-participacao-braskem\/\"},\"wordCount\":460,\"publisher\":{\"@id\":\"https:\/\/www.suno.com.br\/noticias\/#organization\"},\"image\":{\"@id\":\"https:\/\/www.suno.com.br\/noticias\/odebrecht-venda-participacao-braskem\/#primaryimage\"},\"thumbnailUrl\":\"https:\/\/files.sunoresearch.com.br\/n\/uploads\/2019\/06\/e310ada8-odebrecht-jpg.webp\",\"keywords\":[\"Braskem (BRKM3\/BRKM5\/BRKM6)\",\"Odebrecht\"],\"articleSection\":[\"Neg\u00f3cios\"],\"inLanguage\":\"pt-BR\"},{\"@type\":\"WebPage\",\"@id\":\"https:\/\/www.suno.com.br\/noticias\/odebrecht-venda-participacao-braskem\/\",\"url\":\"https:\/\/www.suno.com.br\/noticias\/odebrecht-venda-participacao-braskem\/\",\"name\":\"Odebrecht inicia atos para preparar venda de sua participa\u00e7\u00e3o na Braskem\",\"isPartOf\":{\"@id\":\"https:\/\/www.suno.com.br\/noticias\/#website\"},\"primaryImageOfPage\":{\"@id\":\"https:\/\/www.suno.com.br\/noticias\/odebrecht-venda-participacao-braskem\/#primaryimage\"},\"image\":{\"@id\":\"https:\/\/www.suno.com.br\/noticias\/odebrecht-venda-participacao-braskem\/#primaryimage\"},\"thumbnailUrl\":\"https:\/\/files.sunoresearch.com.br\/n\/uploads\/2019\/06\/e310ada8-odebrecht-jpg.webp\",\"datePublished\":\"2020-08-08T12:55:34+00:00\",\"description\":\"A Odebrecht iniciou atos preparat\u00f3rios para estruturar processo de venda privada de sua participa\u00e7\u00e3o na Braskem. Clique aqui para saber mais.\",\"breadcrumb\":{\"@id\":\"https:\/\/www.suno.com.br\/noticias\/odebrecht-venda-participacao-braskem\/#breadcrumb\"},\"inLanguage\":\"pt-BR\",\"potentialAction\":[{\"@type\":\"ReadAction\",\"target\":[\"https:\/\/www.suno.com.br\/noticias\/odebrecht-venda-participacao-braskem\/\"]}]},{\"@type\":\"ImageObject\",\"inLanguage\":\"pt-BR\",\"@id\":\"https:\/\/www.suno.com.br\/noticias\/odebrecht-venda-participacao-braskem\/#primaryimage\",\"url\":\"https:\/\/files.sunoresearch.com.br\/n\/uploads\/2019\/06\/e310ada8-odebrecht-jpg.webp\",\"contentUrl\":\"https:\/\/files.sunoresearch.com.br\/n\/uploads\/2019\/06\/e310ada8-odebrecht-jpg.webp\",\"width\":1200,\"height\":787,\"caption\":\"Odebrecht\"},{\"@type\":\"BreadcrumbList\",\"@id\":\"https:\/\/www.suno.com.br\/noticias\/odebrecht-venda-participacao-braskem\/#breadcrumb\",\"itemListElement\":[{\"@type\":\"ListItem\",\"position\":1,\"name\":\"Not\u00edcias\",\"item\":\"https:\/\/www.suno.com.br\/noticias\/\"},{\"@type\":\"ListItem\",\"position\":2,\"name\":\"Neg\u00f3cios\",\"item\":\"https:\/\/www.suno.com.br\/noticias\/negocios\/\"},{\"@type\":\"ListItem\",\"position\":3,\"name\":\"Odebrecht inicia atos para preparar venda de sua participa\u00e7\u00e3o na Braskem\"}]},{\"@type\":\"WebSite\",\"@id\":\"https:\/\/www.suno.com.br\/noticias\/#website\",\"url\":\"https:\/\/www.suno.com.br\/noticias\/\",\"name\":\"Suno Not\u00edcias\",\"description\":\"Seu portal de informa\u00e7\u00e3o sobre o mundo dos investimentos\",\"publisher\":{\"@id\":\"https:\/\/www.suno.com.br\/noticias\/#organization\"},\"potentialAction\":[{\"@type\":\"SearchAction\",\"target\":{\"@type\":\"EntryPoint\",\"urlTemplate\":\"https:\/\/www.suno.com.br\/noticias\/?s={search_term_string}\"},\"query-input\":{\"@type\":\"PropertyValueSpecification\",\"valueRequired\":true,\"valueName\":\"search_term_string\"}}],\"inLanguage\":\"pt-BR\"},{\"@type\":\"Organization\",\"@id\":\"https:\/\/www.suno.com.br\/noticias\/#organization\",\"name\":\"Suno Not\u00edcias\",\"url\":\"https:\/\/www.suno.com.br\/noticias\/\",\"logo\":{\"@type\":\"ImageObject\",\"inLanguage\":\"pt-BR\",\"@id\":\"https:\/\/www.suno.com.br\/noticias\/#\/schema\/logo\/image\/\",\"url\":\"https:\/\/files.sunoresearch.com.br\/n\/uploads\/2021\/09\/suno-logo.png\",\"contentUrl\":\"https:\/\/files.sunoresearch.com.br\/n\/uploads\/2021\/09\/suno-logo.png\",\"width\":180,\"height\":180,\"caption\":\"Suno Not\u00edcias\"},\"image\":{\"@id\":\"https:\/\/www.suno.com.br\/noticias\/#\/schema\/logo\/image\/\"},\"sameAs\":[\"https:\/\/facebook.com\/sunoresearch\",\"https:\/\/x.com\/sunoresearch\",\"https:\/\/www.instagram.com\/suno\",\"https:\/\/www.linkedin.com\/company\/suno-research\/\",\"https:\/\/www.youtube.com\/c\/sunoresearch\"]},{\"@type\":\"Person\",\"@id\":\"https:\/\/www.suno.com.br\/noticias\/#\/schema\/person\/3df0d2808748b74496efe5dbeaef2c72\",\"name\":\"Laura Moutinho\",\"image\":{\"@type\":\"ImageObject\",\"inLanguage\":\"pt-BR\",\"@id\":\"https:\/\/www.suno.com.br\/noticias\/#\/schema\/person\/image\/\",\"url\":\"https:\/\/secure.gravatar.com\/avatar\/7571c7c8ca3a6fca5e41384ece5557ff?s=96&r=g\",\"contentUrl\":\"https:\/\/secure.gravatar.com\/avatar\/7571c7c8ca3a6fca5e41384ece5557ff?s=96&r=g\",\"caption\":\"Laura Moutinho\"},\"description\":\"Estagi\u00e1ria na Suno Not\u00edcias, escreve not\u00edcias que afetam o mercado financeiro. Estuda administra\u00e7\u00e3o na Universidade Presbiteriana Mackenzie.\",\"url\":\"https:\/\/www.suno.com.br\/noticias\/author\/laura-moutinho\/\"}]}<\/script>\n<!-- \/ Yoast SEO plugin. -->","yoast_head_json":{"title":"Odebrecht inicia atos para preparar venda de sua participa\u00e7\u00e3o na Braskem","description":"A Odebrecht iniciou atos preparat\u00f3rios para estruturar processo de venda privada de sua participa\u00e7\u00e3o na Braskem. Clique aqui para saber mais.","robots":{"index":"index","follow":"follow","max-snippet":"max-snippet:-1","max-image-preview":"max-image-preview:large","max-video-preview":"max-video-preview:-1"},"canonical":"https:\/\/www.suno.com.br\/noticias\/odebrecht-venda-participacao-braskem\/","og_locale":"pt_BR","og_type":"article","og_title":"Odebrecht inicia atos para preparar venda de sua participa\u00e7\u00e3o na Braskem","og_description":"A Odebrecht iniciou atos preparat\u00f3rios para estruturar processo de venda privada de sua participa\u00e7\u00e3o na Braskem. Clique aqui para saber mais.","og_url":"https:\/\/www.suno.com.br\/noticias\/odebrecht-venda-participacao-braskem\/","og_site_name":"Suno Not\u00edcias","article_publisher":"https:\/\/facebook.com\/sunoresearch","og_image":[{"width":1200,"height":787,"url":"https:\/\/files.sunoresearch.com.br\/n\/uploads\/2019\/06\/e310ada8-odebrecht.jpg","type":"image\/jpeg"}],"author":"Laura Moutinho","twitter_card":"summary_large_image","twitter_creator":"@sunoresearch","twitter_site":"@sunoresearch","twitter_misc":{"Escrito por":"Laura Moutinho","Est. tempo de leitura":"2 minutos"},"schema":{"@context":"https:\/\/schema.org","@graph":[{"@type":"NewsArticle","@id":"https:\/\/www.suno.com.br\/noticias\/odebrecht-venda-participacao-braskem\/#article","isPartOf":{"@id":"https:\/\/www.suno.com.br\/noticias\/odebrecht-venda-participacao-braskem\/"},"author":{"name":"Laura Moutinho","@id":"https:\/\/www.suno.com.br\/noticias\/#\/schema\/person\/3df0d2808748b74496efe5dbeaef2c72"},"headline":"Odebrecht inicia atos para preparar venda de sua participa\u00e7\u00e3o na Braskem","datePublished":"2020-08-08T12:55:34+00:00","mainEntityOfPage":{"@id":"https:\/\/www.suno.com.br\/noticias\/odebrecht-venda-participacao-braskem\/"},"wordCount":460,"publisher":{"@id":"https:\/\/www.suno.com.br\/noticias\/#organization"},"image":{"@id":"https:\/\/www.suno.com.br\/noticias\/odebrecht-venda-participacao-braskem\/#primaryimage"},"thumbnailUrl":"https:\/\/files.sunoresearch.com.br\/n\/uploads\/2019\/06\/e310ada8-odebrecht-jpg.webp","keywords":["Braskem (BRKM3\/BRKM5\/BRKM6)","Odebrecht"],"articleSection":["Neg\u00f3cios"],"inLanguage":"pt-BR"},{"@type":"WebPage","@id":"https:\/\/www.suno.com.br\/noticias\/odebrecht-venda-participacao-braskem\/","url":"https:\/\/www.suno.com.br\/noticias\/odebrecht-venda-participacao-braskem\/","name":"Odebrecht inicia atos para preparar venda de sua participa\u00e7\u00e3o na Braskem","isPartOf":{"@id":"https:\/\/www.suno.com.br\/noticias\/#website"},"primaryImageOfPage":{"@id":"https:\/\/www.suno.com.br\/noticias\/odebrecht-venda-participacao-braskem\/#primaryimage"},"image":{"@id":"https:\/\/www.suno.com.br\/noticias\/odebrecht-venda-participacao-braskem\/#primaryimage"},"thumbnailUrl":"https:\/\/files.sunoresearch.com.br\/n\/uploads\/2019\/06\/e310ada8-odebrecht-jpg.webp","datePublished":"2020-08-08T12:55:34+00:00","description":"A Odebrecht iniciou atos preparat\u00f3rios para estruturar processo de venda privada de sua participa\u00e7\u00e3o na Braskem. Clique aqui para saber mais.","breadcrumb":{"@id":"https:\/\/www.suno.com.br\/noticias\/odebrecht-venda-participacao-braskem\/#breadcrumb"},"inLanguage":"pt-BR","potentialAction":[{"@type":"ReadAction","target":["https:\/\/www.suno.com.br\/noticias\/odebrecht-venda-participacao-braskem\/"]}]},{"@type":"ImageObject","inLanguage":"pt-BR","@id":"https:\/\/www.suno.com.br\/noticias\/odebrecht-venda-participacao-braskem\/#primaryimage","url":"https:\/\/files.sunoresearch.com.br\/n\/uploads\/2019\/06\/e310ada8-odebrecht-jpg.webp","contentUrl":"https:\/\/files.sunoresearch.com.br\/n\/uploads\/2019\/06\/e310ada8-odebrecht-jpg.webp","width":1200,"height":787,"caption":"Odebrecht"},{"@type":"BreadcrumbList","@id":"https:\/\/www.suno.com.br\/noticias\/odebrecht-venda-participacao-braskem\/#breadcrumb","itemListElement":[{"@type":"ListItem","position":1,"name":"Not\u00edcias","item":"https:\/\/www.suno.com.br\/noticias\/"},{"@type":"ListItem","position":2,"name":"Neg\u00f3cios","item":"https:\/\/www.suno.com.br\/noticias\/negocios\/"},{"@type":"ListItem","position":3,"name":"Odebrecht inicia atos para preparar venda de sua participa\u00e7\u00e3o na Braskem"}]},{"@type":"WebSite","@id":"https:\/\/www.suno.com.br\/noticias\/#website","url":"https:\/\/www.suno.com.br\/noticias\/","name":"Suno Not\u00edcias","description":"Seu portal de informa\u00e7\u00e3o sobre o mundo dos investimentos","publisher":{"@id":"https:\/\/www.suno.com.br\/noticias\/#organization"},"potentialAction":[{"@type":"SearchAction","target":{"@type":"EntryPoint","urlTemplate":"https:\/\/www.suno.com.br\/noticias\/?s={search_term_string}"},"query-input":{"@type":"PropertyValueSpecification","valueRequired":true,"valueName":"search_term_string"}}],"inLanguage":"pt-BR"},{"@type":"Organization","@id":"https:\/\/www.suno.com.br\/noticias\/#organization","name":"Suno Not\u00edcias","url":"https:\/\/www.suno.com.br\/noticias\/","logo":{"@type":"ImageObject","inLanguage":"pt-BR","@id":"https:\/\/www.suno.com.br\/noticias\/#\/schema\/logo\/image\/","url":"https:\/\/files.sunoresearch.com.br\/n\/uploads\/2021\/09\/suno-logo.png","contentUrl":"https:\/\/files.sunoresearch.com.br\/n\/uploads\/2021\/09\/suno-logo.png","width":180,"height":180,"caption":"Suno Not\u00edcias"},"image":{"@id":"https:\/\/www.suno.com.br\/noticias\/#\/schema\/logo\/image\/"},"sameAs":["https:\/\/facebook.com\/sunoresearch","https:\/\/x.com\/sunoresearch","https:\/\/www.instagram.com\/suno","https:\/\/www.linkedin.com\/company\/suno-research\/","https:\/\/www.youtube.com\/c\/sunoresearch"]},{"@type":"Person","@id":"https:\/\/www.suno.com.br\/noticias\/#\/schema\/person\/3df0d2808748b74496efe5dbeaef2c72","name":"Laura Moutinho","image":{"@type":"ImageObject","inLanguage":"pt-BR","@id":"https:\/\/www.suno.com.br\/noticias\/#\/schema\/person\/image\/","url":"https:\/\/secure.gravatar.com\/avatar\/7571c7c8ca3a6fca5e41384ece5557ff?s=96&r=g","contentUrl":"https:\/\/secure.gravatar.com\/avatar\/7571c7c8ca3a6fca5e41384ece5557ff?s=96&r=g","caption":"Laura Moutinho"},"description":"Estagi\u00e1ria na Suno Not\u00edcias, escreve not\u00edcias que afetam o mercado financeiro. Estuda administra\u00e7\u00e3o na Universidade Presbiteriana Mackenzie.","url":"https:\/\/www.suno.com.br\/noticias\/author\/laura-moutinho\/"}]}},"default_loop_html":"<div class=\"cardsPage__listCard__boxs\"><div class=\"cardsPage__listCard__boxs__img\"><a href=\"https:\/\/www.suno.com.br\/noticias\/odebrecht-venda-participacao-braskem\/\"><img class=\"mask\" src=\"https:\/\/www.suno.com.br\/noticias\/wp-content\/themes\/suno\/resources\/images\/spotlight\/spotlight1img\/bg-mask.png\" alt=\"Image Mask\"\/><img src=\"https:\/\/files.sunoresearch.com.br\/n\/uploads\/2019\/06\/e310ada8-odebrecht-400x200.webp\" alt=\"Odebrecht inicia atos para preparar venda de sua participa\u00e7\u00e3o na Braskem\"\/><\/a><span class=\"spotlightCategory\"><a href=\"https:\/\/www.suno.com.br\/noticias\/negocios\/\">Neg\u00f3cios<\/a><\/span><\/div><div class=\"cardsPage__listCard__boxs__content\"><a href=\"https:\/\/www.suno.com.br\/noticias\/odebrecht-venda-participacao-braskem\/\"><h2 class=\"content__title\">Odebrecht inicia atos para preparar venda de sua participa\u00e7\u00e3o na Braskem<\/h2><\/a><div class=\"newsContent__article__meta\"><div class=\"newsContent__article__meta__authorBox\"><a href=\"https:\/\/www.suno.com.br\/noticias\/author\/laura-moutinho\/\" class=\"authorBox__avatar noMobi\"><img src=\"https:\/\/files.sunoresearch.com.br\/n\/uploads\/2020\/08\/531ff69d-whatsapp-image-2020-08-03-at-14.54.38-150x150.webp\" alt=\"Laura Moutinho\"><\/a><div class=\"authorBox__name\"><span>por\n\t\t\t<a href=\"https:\/\/www.suno.com.br\/noticias\/author\/laura-moutinho\/\"><span itemprop=\"author\">Laura Moutinho<\/span><\/a><\/span><time datetime=\"2020-08-08T09:55:34-03:00\" itemprop=\"datePublished\">08\/08\/2020 09:55<\/time><\/div><\/div><\/div><\/div><\/div>","single_layout":"posts","amp_enabled":true,"_links":{"self":[{"href":"https:\/\/www.suno.com.br\/noticias\/wp-json\/wp\/v2\/posts\/77203"}],"collection":[{"href":"https:\/\/www.suno.com.br\/noticias\/wp-json\/wp\/v2\/posts"}],"about":[{"href":"https:\/\/www.suno.com.br\/noticias\/wp-json\/wp\/v2\/types\/post"}],"author":[{"embeddable":true,"href":"https:\/\/www.suno.com.br\/noticias\/wp-json\/wp\/v2\/users\/39"}],"replies":[{"embeddable":true,"href":"https:\/\/www.suno.com.br\/noticias\/wp-json\/wp\/v2\/comments?post=77203"}],"version-history":[{"count":0,"href":"https:\/\/www.suno.com.br\/noticias\/wp-json\/wp\/v2\/posts\/77203\/revisions"}],"wp:featuredmedia":[{"embeddable":true,"href":"https:\/\/www.suno.com.br\/noticias\/wp-json\/wp\/v2\/media\/27900"}],"wp:attachment":[{"href":"https:\/\/www.suno.com.br\/noticias\/wp-json\/wp\/v2\/media?parent=77203"}],"wp:term":[{"taxonomy":"category","embeddable":true,"href":"https:\/\/www.suno.com.br\/noticias\/wp-json\/wp\/v2\/categories?post=77203"},{"taxonomy":"post_tag","embeddable":true,"href":"https:\/\/www.suno.com.br\/noticias\/wp-json\/wp\/v2\/tags?post=77203"},{"taxonomy":"suno_strategy","embeddable":true,"href":"https:\/\/www.suno.com.br\/noticias\/wp-json\/wp\/v2\/suno_strategy?post=77203"}],"curies":[{"name":"wp","href":"https:\/\/api.w.org\/{rel}","templated":true}]}}