{"id":77201,"date":"2020-08-08T09:13:23","date_gmt":"2020-08-08T12:13:23","guid":{"rendered":"https:\/\/www.suno.com.br\/noticias\/?p=77201"},"modified":"2020-08-08T09:13:23","modified_gmt":"2020-08-08T12:13:23","slug":"petrobras-petr4-vendas-manati-polo-ceara","status":"publish","type":"post","link":"https:\/\/www.suno.com.br\/noticias\/petrobras-petr4-vendas-manati-polo-ceara\/","title":{"rendered":"Petrobras (PETR4) avan\u00e7a nas vendas do campo de Manati e Polo Cear\u00e1"},"content":{"rendered":"<p>A <a href=\"https:\/\/www.suno.com.br\/acoes\/petr3\/\"><strong>Petrobras<\/strong> (PETR3<\/a>; <a href=\"https:\/\/www.suno.com.br\/acoes\/petr4\/\">PETR4<\/a>), informou nessa sexta-feira (7) que deu in\u00edcio a fase-n\u00e3o vinculante sobre a venda da sua participa\u00e7\u00e3o nos campos em \u00e1guas rasas de Atum, Curim\u00e3, Espada e X\u00e1reu, o chamado Polo Cear\u00e1. A companhia tamb\u00e9m iniciou a fase vinculante referente \u00e0 venda de sua participa\u00e7\u00e3o de 35% no campo de Manati, na Bacia de Camamu no estado da Bahia.<\/p>\t<div class=\"wrapper-featured-image\">\n\t\t<figure class=\"spotlightImg\">\n\n\t\t\t<picture>\n\t\t\t\t<source media=\"(max-width: 768px)\" srcset=\"https:\/\/files.sunoresearch.com.br\/n\/uploads\/2020\/02\/ddfa71a3-petrol\u00edfera-jpg.webp\">\n\t\t\t\t<img loading=\"lazy\" decoding=\"async\" class=\"newsContent__article__imgCapa lazyloadDisabled \" src=\"https:\/\/files.sunoresearch.com.br\/n\/uploads\/2020\/02\/ddfa71a3-petrol\u00edfera-jpg.webp\" width=\"800\" height=\"450\" alt=\"Petrobras (PETR4) avan\u00e7a nas vendas do campo de Manati e Polo Cear\u00e1\" fetchpriority=high \/>\n\t\t\t<\/picture>\n\n\t\t\t<figcaption class=\"wp-caption-text wp-caption-text--show\">A Petrobras estimou em US$ 6 bilh\u00f5es o custo do descomissionamento de plataformas at\u00e9 o ano de 2024<\/figcaption>\n\t\t<\/figure>\n\t<\/div>\n\n\n<div class=\"hubspot-form-wrapper\">\n\t<div id=\"single-form-target\"><\/div>\n<\/div>\n\n<p>Em rela\u00e7\u00e3o a fase n\u00e3o-vinculante no <strong>Polo<\/strong> <strong>Cear\u00e1<\/strong>, a Petrobras informou no comunicado que os potenciais compradores habilitados receber\u00e3o instru\u00e7\u00f5es sobre o processo de desenvolvimento, bem como orienta\u00e7\u00f5es para elabora\u00e7\u00e3o e envio das propostas.<\/p>\n<p>J\u00e1 sobre a fase vinculante na <strong>Bacia<\/strong> <strong>de<\/strong> <strong>Camamu<\/strong>, a petroleira <a href=\"https:\/\/www.suno.com.br\/noticias\/vale-investir-estatais-confira-opiniao-especialista\/\">estatal<\/a> explicou que os potenciais compradores classificados receber\u00e3o uma carta-convite que cont\u00e9m instru\u00e7\u00f5es detalhadas sobre o processo de desenvolvimento e orienta\u00e7\u00f5es para realiza\u00e7\u00e3o de <a href=\"https:\/\/www.suno.com.br\/artigos\/due-diligence\/#:~:text=A%20due%20diligence%20%C3%A9%20um,financeiros%20de%20uma%20opera%C3%A7%C3%A3o%20empresarial.&amp;text=Esse%20termo%20tem%20origem%20na,e%20significa%20%E2%80%9Cdiligencia%20pr%C3%A9via%E2%80%9D.\">due diligence<\/a> e para o envio das propostas.<\/p>\n<p><a href=\"https:\/\/lp.suno.com.br\/suno-one\/\">Suno One: o primeiro passo para alcan\u00e7ar a sua independ\u00eancia financeira. Acesse agora, \u00e9 gratuito!<\/a><\/p>\n<p>Segundo destacaram os documentos, ambas as opera\u00e7\u00f5es est\u00e3o alinhadas \u00e0 estrat\u00e9gia de otimiza\u00e7\u00e3o de portf\u00f3lio e melhoria de aloca\u00e7\u00e3o do capital da <strong>estatal<\/strong>, passando a concentrar cada vez mais os seus recursos em \u00e1guas profundas e ultra profundas, onde tem demonstrado grande diferencial competitivo ao longo dos anos.<\/p>\n<h2>Polo Cear\u00e1 e Bacia de Camamu<\/h2>\n<p>O Polo Cear\u00e1 est\u00e1 em opera\u00e7\u00e3o desde a d\u00e9cada de 80, e \u00e9 composto pelos seguintes campos:<\/p>\n<ul>\n<li>Atum;<\/li>\n<li>Curim\u00e3<\/li>\n<li>Espada<\/li>\n<li>Xar\u00e9u<\/li>\n<\/ul>\n<p>Vale destacar que a Petrobras \u00e9 a operadora nesses campos, com 100% de participa\u00e7\u00e3o. Eles est\u00e3o localizados a 30 km da costa do Cear\u00e1 e sua produ\u00e7\u00e3o m\u00e9dia em 2019 foi de 4,2 mil barris por dia (bpd) de \u00f3leo e 76,9 mil metros c\u00fabicos por dia de g\u00e1s, atrav\u00e9s de nove plataformas fixas.<\/p>\n\t<div data-element=\"shortcode-read-more\" class=\"knowMore\">\n\t\t\t\t<span class=\"knowMore__title\">Veja tamb\u00e9m<\/span>\n\t\t\t\t<a class=\"knowMore__link\" href=\"https:\/\/www.suno.com.br\/noticias\/petrobras-petr4-fase-nao-vinculante-venda-subsidiaria-pbio\/\">\n\t\t\tPetrobras (PETR4) inicia fase n\u00e3o vinculante de venda da subsidi\u00e1ria PBio\t\t<\/a>\n\t<\/div>\n\n\n<p>Por sua vez, o campo de Manati est\u00e1 localizado a 10 km da costa de Cair\u00fa, na Bahia, e iniciou sua opera\u00e7\u00e3o em 2007. Al\u00e9m disso, sua produ\u00e7\u00e3o m\u00e9dia em 2019 foi de 1.269 mil metros c\u00fabicos por dia de g\u00e1s e 105 bpd de condensado.<\/p>\n<p>&#8220;A Petrobras \u00e9 a operadora do campo, com 35% de participa\u00e7\u00e3o, em parceria com a Enauta Participa\u00e7\u00f5es (45%), Geopark Brasil E&amp;P de Petr\u00f3leo e G\u00e1s Ltda. (10%) e Brasoil Manati Explora\u00e7\u00e3o Petrol\u00edfera Ltda. (10%)&#8221;, destacou o comunicado.<\/p>\n<h2>Petrobras inicia fase vinculante em po\u00e7os terrestres e em \u00e1guas rasas<\/h2>\n<p>Tamb\u00e9m nessa sexta-feira, a <strong>Petrobras<\/strong> informou que iniciou a fase vinculante referente \u00e0 venda da totalidade de sua participa\u00e7\u00e3o em um conjunto de sete concess\u00f5es de produ\u00e7\u00e3o terrestres (Polo Urucu), localizado na Bacia de Solim\u00f5es, no estado do Amazonas. Al\u00e9m disso, a petroleira tamb\u00e9m anunciou que iniciou a fase vinculante referente \u00e0 venda de 100% de sua posi\u00e7\u00e3o no campo de Tartaruga, pertencente \u00e0 concess\u00e3o SES-107D, localizado em \u00e1guas rasas da Bacia de Sergipe-Alagoas.<\/p>\n\t<p>\n\t\t<a href=\"https:\/\/lp.suno.com.br\/planilha-de-controle-de-investimentos\/\" target=\"_blank\" data-element=\"shortcode-suno-banner\" title=\"Banner SUNO, clique e saiba mais\">\n\t\t\t<picture>\n\t\t\t\t<source media=\"(max-width: 500px)\" srcset=\"https:\/\/files.sunoresearch.com.br\/n\/uploads\/2023\/03\/400x300-Controle-de-Investimentos.png\">\n\t\t\t\t<img class=\"newsContent__article__imgCapa newsContent__article__imgCapa--banner\"\n\t\t\t\t\tsrc=\"https:\/\/files.sunoresearch.com.br\/n\/uploads\/2023\/03\/1420x240-Controle-de-Investimentos.png\"\n\t\t\t\t\tdata-promo-id=\"75934\"\t\t\t\t\t\t\t\t\t\twidth='1420' height='240'\t\t\t\t\talt=\"https:\/\/files.sunoresearch.com.br\/n\/uploads\/2023\/03\/1420x240-Controle-de-Investimentos.png\"\n\t\t\t\t>\n\t\t\t<\/picture>\n\t\t<\/a>\n\t<\/p>\n\n\n","protected":false},"excerpt":{"rendered":"<p>A Petrobras (PETR3; PETR4), informou nessa sexta-feira (7) que deu in\u00edcio a fase-n\u00e3o vinculante sobre a venda da sua participa\u00e7\u00e3o nos campos em \u00e1guas rasas de Atum, Curim\u00e3, Espada e X\u00e1reu, o chamado Polo Cear\u00e1. A companhia tamb\u00e9m iniciou a fase vinculante referente \u00e0 venda de sua participa\u00e7\u00e3o de 35% no campo de Manati, na [&hellip;]<\/p>\n","protected":false},"author":39,"featured_media":53731,"comment_status":"closed","ping_status":"closed","sticky":false,"template":"","format":"standard","meta":[],"categories":[64],"tags":[2426,595],"suno_strategy":[],"class_list":["post-77201","post","type-post","status-publish","format-standard","has-post-thumbnail","hentry","category-negocios","tag-petr3","tag-petrobras-petr4"],"yoast_head":"<!-- This site is optimized with the Yoast SEO plugin v24.4 - https:\/\/yoast.com\/wordpress\/plugins\/seo\/ -->\n<title>Petrobras (PETR4) avan\u00e7a nas vendas do campo de Manati e Polo Cear\u00e1<\/title>\n<meta name=\"description\" content=\"A Petrobras (PETR4) iniciou a fase-n\u00e3o vinculante no Polo Cear\u00e1, e a fase viculante na Bacia de Camamu. Clique aqui para saber mais.\" \/>\n<meta name=\"robots\" content=\"index, follow, max-snippet:-1, max-image-preview:large, max-video-preview:-1\" \/>\n<link rel=\"canonical\" href=\"https:\/\/www.suno.com.br\/noticias\/petrobras-petr4-vendas-manati-polo-ceara\/\" \/>\n<meta property=\"og:locale\" content=\"pt_BR\" \/>\n<meta property=\"og:type\" content=\"article\" \/>\n<meta property=\"og:title\" content=\"Petrobras (PETR4) avan\u00e7a nas vendas do campo de Manati e Polo Cear\u00e1\" \/>\n<meta property=\"og:description\" content=\"A Petrobras (PETR4) iniciou a fase-n\u00e3o vinculante no Polo Cear\u00e1, e a fase viculante na Bacia de Camamu. Clique aqui para saber mais.\" \/>\n<meta property=\"og:url\" content=\"https:\/\/www.suno.com.br\/noticias\/petrobras-petr4-vendas-manati-polo-ceara\/\" \/>\n<meta property=\"og:site_name\" content=\"Suno Not\u00edcias\" \/>\n<meta property=\"article:publisher\" content=\"https:\/\/facebook.com\/sunoresearch\" \/>\n<meta property=\"og:image\" content=\"https:\/\/files.sunoresearch.com.br\/n\/uploads\/2020\/02\/ddfa71a3-petrol\u00edfera.jpg\" \/>\n\t<meta property=\"og:image:width\" content=\"340\" \/>\n\t<meta property=\"og:image:height\" content=\"234\" \/>\n\t<meta property=\"og:image:type\" content=\"image\/jpeg\" \/>\n<meta name=\"author\" content=\"Laura Moutinho\" \/>\n<meta name=\"twitter:card\" content=\"summary_large_image\" \/>\n<meta name=\"twitter:creator\" content=\"@sunoresearch\" \/>\n<meta name=\"twitter:site\" content=\"@sunoresearch\" \/>\n<meta name=\"twitter:label1\" content=\"Escrito por\" \/>\n\t<meta name=\"twitter:data1\" content=\"Laura Moutinho\" \/>\n\t<meta name=\"twitter:label2\" content=\"Est. tempo de leitura\" \/>\n\t<meta name=\"twitter:data2\" content=\"3 minutos\" \/>\n<script type=\"application\/ld+json\" class=\"yoast-schema-graph\">{\"@context\":\"https:\/\/schema.org\",\"@graph\":[{\"@type\":\"NewsArticle\",\"@id\":\"https:\/\/www.suno.com.br\/noticias\/petrobras-petr4-vendas-manati-polo-ceara\/#article\",\"isPartOf\":{\"@id\":\"https:\/\/www.suno.com.br\/noticias\/petrobras-petr4-vendas-manati-polo-ceara\/\"},\"author\":{\"name\":\"Laura Moutinho\",\"@id\":\"https:\/\/www.suno.com.br\/noticias\/#\/schema\/person\/3df0d2808748b74496efe5dbeaef2c72\"},\"headline\":\"Petrobras (PETR4) avan\u00e7a nas vendas do campo de Manati e Polo Cear\u00e1\",\"datePublished\":\"2020-08-08T12:13:23+00:00\",\"mainEntityOfPage\":{\"@id\":\"https:\/\/www.suno.com.br\/noticias\/petrobras-petr4-vendas-manati-polo-ceara\/\"},\"wordCount\":521,\"publisher\":{\"@id\":\"https:\/\/www.suno.com.br\/noticias\/#organization\"},\"image\":{\"@id\":\"https:\/\/www.suno.com.br\/noticias\/petrobras-petr4-vendas-manati-polo-ceara\/#primaryimage\"},\"thumbnailUrl\":\"https:\/\/files.sunoresearch.com.br\/n\/uploads\/2020\/02\/ddfa71a3-petrol\u00edfera-jpg.webp\",\"keywords\":[\"PETR3\",\"Petrobras (PETR4)\"],\"articleSection\":[\"Neg\u00f3cios\"],\"inLanguage\":\"pt-BR\"},{\"@type\":\"WebPage\",\"@id\":\"https:\/\/www.suno.com.br\/noticias\/petrobras-petr4-vendas-manati-polo-ceara\/\",\"url\":\"https:\/\/www.suno.com.br\/noticias\/petrobras-petr4-vendas-manati-polo-ceara\/\",\"name\":\"Petrobras (PETR4) avan\u00e7a nas vendas do campo de Manati e Polo Cear\u00e1\",\"isPartOf\":{\"@id\":\"https:\/\/www.suno.com.br\/noticias\/#website\"},\"primaryImageOfPage\":{\"@id\":\"https:\/\/www.suno.com.br\/noticias\/petrobras-petr4-vendas-manati-polo-ceara\/#primaryimage\"},\"image\":{\"@id\":\"https:\/\/www.suno.com.br\/noticias\/petrobras-petr4-vendas-manati-polo-ceara\/#primaryimage\"},\"thumbnailUrl\":\"https:\/\/files.sunoresearch.com.br\/n\/uploads\/2020\/02\/ddfa71a3-petrol\u00edfera-jpg.webp\",\"datePublished\":\"2020-08-08T12:13:23+00:00\",\"description\":\"A Petrobras (PETR4) iniciou a fase-n\u00e3o vinculante no Polo Cear\u00e1, e a fase viculante na Bacia de Camamu. Clique aqui para saber mais.\",\"breadcrumb\":{\"@id\":\"https:\/\/www.suno.com.br\/noticias\/petrobras-petr4-vendas-manati-polo-ceara\/#breadcrumb\"},\"inLanguage\":\"pt-BR\",\"potentialAction\":[{\"@type\":\"ReadAction\",\"target\":[\"https:\/\/www.suno.com.br\/noticias\/petrobras-petr4-vendas-manati-polo-ceara\/\"]}]},{\"@type\":\"ImageObject\",\"inLanguage\":\"pt-BR\",\"@id\":\"https:\/\/www.suno.com.br\/noticias\/petrobras-petr4-vendas-manati-polo-ceara\/#primaryimage\",\"url\":\"https:\/\/files.sunoresearch.com.br\/n\/uploads\/2020\/02\/ddfa71a3-petrol\u00edfera-jpg.webp\",\"contentUrl\":\"https:\/\/files.sunoresearch.com.br\/n\/uploads\/2020\/02\/ddfa71a3-petrol\u00edfera-jpg.webp\",\"width\":340,\"height\":234,\"caption\":\"A Petrobras estimou em US$ 6 bilh\u00f5es o custo do descomissionamento de plataformas at\u00e9 o ano de 2024\"},{\"@type\":\"BreadcrumbList\",\"@id\":\"https:\/\/www.suno.com.br\/noticias\/petrobras-petr4-vendas-manati-polo-ceara\/#breadcrumb\",\"itemListElement\":[{\"@type\":\"ListItem\",\"position\":1,\"name\":\"Not\u00edcias\",\"item\":\"https:\/\/www.suno.com.br\/noticias\/\"},{\"@type\":\"ListItem\",\"position\":2,\"name\":\"Neg\u00f3cios\",\"item\":\"https:\/\/www.suno.com.br\/noticias\/negocios\/\"},{\"@type\":\"ListItem\",\"position\":3,\"name\":\"Petrobras (PETR4) avan\u00e7a nas vendas do campo de Manati e Polo Cear\u00e1\"}]},{\"@type\":\"WebSite\",\"@id\":\"https:\/\/www.suno.com.br\/noticias\/#website\",\"url\":\"https:\/\/www.suno.com.br\/noticias\/\",\"name\":\"Suno Not\u00edcias\",\"description\":\"Seu portal de informa\u00e7\u00e3o sobre o mundo dos investimentos\",\"publisher\":{\"@id\":\"https:\/\/www.suno.com.br\/noticias\/#organization\"},\"potentialAction\":[{\"@type\":\"SearchAction\",\"target\":{\"@type\":\"EntryPoint\",\"urlTemplate\":\"https:\/\/www.suno.com.br\/noticias\/?s={search_term_string}\"},\"query-input\":{\"@type\":\"PropertyValueSpecification\",\"valueRequired\":true,\"valueName\":\"search_term_string\"}}],\"inLanguage\":\"pt-BR\"},{\"@type\":\"Organization\",\"@id\":\"https:\/\/www.suno.com.br\/noticias\/#organization\",\"name\":\"Suno Not\u00edcias\",\"url\":\"https:\/\/www.suno.com.br\/noticias\/\",\"logo\":{\"@type\":\"ImageObject\",\"inLanguage\":\"pt-BR\",\"@id\":\"https:\/\/www.suno.com.br\/noticias\/#\/schema\/logo\/image\/\",\"url\":\"https:\/\/files.sunoresearch.com.br\/n\/uploads\/2021\/09\/suno-logo.png\",\"contentUrl\":\"https:\/\/files.sunoresearch.com.br\/n\/uploads\/2021\/09\/suno-logo.png\",\"width\":180,\"height\":180,\"caption\":\"Suno Not\u00edcias\"},\"image\":{\"@id\":\"https:\/\/www.suno.com.br\/noticias\/#\/schema\/logo\/image\/\"},\"sameAs\":[\"https:\/\/facebook.com\/sunoresearch\",\"https:\/\/x.com\/sunoresearch\",\"https:\/\/www.instagram.com\/suno\",\"https:\/\/www.linkedin.com\/company\/suno-research\/\",\"https:\/\/www.youtube.com\/c\/sunoresearch\"]},{\"@type\":\"Person\",\"@id\":\"https:\/\/www.suno.com.br\/noticias\/#\/schema\/person\/3df0d2808748b74496efe5dbeaef2c72\",\"name\":\"Laura Moutinho\",\"image\":{\"@type\":\"ImageObject\",\"inLanguage\":\"pt-BR\",\"@id\":\"https:\/\/www.suno.com.br\/noticias\/#\/schema\/person\/image\/\",\"url\":\"https:\/\/secure.gravatar.com\/avatar\/7571c7c8ca3a6fca5e41384ece5557ff?s=96&r=g\",\"contentUrl\":\"https:\/\/secure.gravatar.com\/avatar\/7571c7c8ca3a6fca5e41384ece5557ff?s=96&r=g\",\"caption\":\"Laura Moutinho\"},\"description\":\"Estagi\u00e1ria na Suno Not\u00edcias, escreve not\u00edcias que afetam o mercado financeiro. Estuda administra\u00e7\u00e3o na Universidade Presbiteriana Mackenzie.\",\"url\":\"https:\/\/www.suno.com.br\/noticias\/author\/laura-moutinho\/\"}]}<\/script>\n<!-- \/ Yoast SEO plugin. -->","yoast_head_json":{"title":"Petrobras (PETR4) avan\u00e7a nas vendas do campo de Manati e Polo Cear\u00e1","description":"A Petrobras (PETR4) iniciou a fase-n\u00e3o vinculante no Polo Cear\u00e1, e a fase viculante na Bacia de Camamu. Clique aqui para saber mais.","robots":{"index":"index","follow":"follow","max-snippet":"max-snippet:-1","max-image-preview":"max-image-preview:large","max-video-preview":"max-video-preview:-1"},"canonical":"https:\/\/www.suno.com.br\/noticias\/petrobras-petr4-vendas-manati-polo-ceara\/","og_locale":"pt_BR","og_type":"article","og_title":"Petrobras (PETR4) avan\u00e7a nas vendas do campo de Manati e Polo Cear\u00e1","og_description":"A Petrobras (PETR4) iniciou a fase-n\u00e3o vinculante no Polo Cear\u00e1, e a fase viculante na Bacia de Camamu. Clique aqui para saber mais.","og_url":"https:\/\/www.suno.com.br\/noticias\/petrobras-petr4-vendas-manati-polo-ceara\/","og_site_name":"Suno Not\u00edcias","article_publisher":"https:\/\/facebook.com\/sunoresearch","og_image":[{"width":340,"height":234,"url":"https:\/\/files.sunoresearch.com.br\/n\/uploads\/2020\/02\/ddfa71a3-petrol\u00edfera.jpg","type":"image\/jpeg"}],"author":"Laura Moutinho","twitter_card":"summary_large_image","twitter_creator":"@sunoresearch","twitter_site":"@sunoresearch","twitter_misc":{"Escrito por":"Laura Moutinho","Est. tempo de leitura":"3 minutos"},"schema":{"@context":"https:\/\/schema.org","@graph":[{"@type":"NewsArticle","@id":"https:\/\/www.suno.com.br\/noticias\/petrobras-petr4-vendas-manati-polo-ceara\/#article","isPartOf":{"@id":"https:\/\/www.suno.com.br\/noticias\/petrobras-petr4-vendas-manati-polo-ceara\/"},"author":{"name":"Laura Moutinho","@id":"https:\/\/www.suno.com.br\/noticias\/#\/schema\/person\/3df0d2808748b74496efe5dbeaef2c72"},"headline":"Petrobras (PETR4) avan\u00e7a nas vendas do campo de Manati e Polo Cear\u00e1","datePublished":"2020-08-08T12:13:23+00:00","mainEntityOfPage":{"@id":"https:\/\/www.suno.com.br\/noticias\/petrobras-petr4-vendas-manati-polo-ceara\/"},"wordCount":521,"publisher":{"@id":"https:\/\/www.suno.com.br\/noticias\/#organization"},"image":{"@id":"https:\/\/www.suno.com.br\/noticias\/petrobras-petr4-vendas-manati-polo-ceara\/#primaryimage"},"thumbnailUrl":"https:\/\/files.sunoresearch.com.br\/n\/uploads\/2020\/02\/ddfa71a3-petrol\u00edfera-jpg.webp","keywords":["PETR3","Petrobras (PETR4)"],"articleSection":["Neg\u00f3cios"],"inLanguage":"pt-BR"},{"@type":"WebPage","@id":"https:\/\/www.suno.com.br\/noticias\/petrobras-petr4-vendas-manati-polo-ceara\/","url":"https:\/\/www.suno.com.br\/noticias\/petrobras-petr4-vendas-manati-polo-ceara\/","name":"Petrobras (PETR4) avan\u00e7a nas vendas do campo de Manati e Polo Cear\u00e1","isPartOf":{"@id":"https:\/\/www.suno.com.br\/noticias\/#website"},"primaryImageOfPage":{"@id":"https:\/\/www.suno.com.br\/noticias\/petrobras-petr4-vendas-manati-polo-ceara\/#primaryimage"},"image":{"@id":"https:\/\/www.suno.com.br\/noticias\/petrobras-petr4-vendas-manati-polo-ceara\/#primaryimage"},"thumbnailUrl":"https:\/\/files.sunoresearch.com.br\/n\/uploads\/2020\/02\/ddfa71a3-petrol\u00edfera-jpg.webp","datePublished":"2020-08-08T12:13:23+00:00","description":"A Petrobras (PETR4) iniciou a fase-n\u00e3o vinculante no Polo Cear\u00e1, e a fase viculante na Bacia de Camamu. Clique aqui para saber mais.","breadcrumb":{"@id":"https:\/\/www.suno.com.br\/noticias\/petrobras-petr4-vendas-manati-polo-ceara\/#breadcrumb"},"inLanguage":"pt-BR","potentialAction":[{"@type":"ReadAction","target":["https:\/\/www.suno.com.br\/noticias\/petrobras-petr4-vendas-manati-polo-ceara\/"]}]},{"@type":"ImageObject","inLanguage":"pt-BR","@id":"https:\/\/www.suno.com.br\/noticias\/petrobras-petr4-vendas-manati-polo-ceara\/#primaryimage","url":"https:\/\/files.sunoresearch.com.br\/n\/uploads\/2020\/02\/ddfa71a3-petrol\u00edfera-jpg.webp","contentUrl":"https:\/\/files.sunoresearch.com.br\/n\/uploads\/2020\/02\/ddfa71a3-petrol\u00edfera-jpg.webp","width":340,"height":234,"caption":"A Petrobras estimou em US$ 6 bilh\u00f5es o custo do descomissionamento de plataformas at\u00e9 o ano de 2024"},{"@type":"BreadcrumbList","@id":"https:\/\/www.suno.com.br\/noticias\/petrobras-petr4-vendas-manati-polo-ceara\/#breadcrumb","itemListElement":[{"@type":"ListItem","position":1,"name":"Not\u00edcias","item":"https:\/\/www.suno.com.br\/noticias\/"},{"@type":"ListItem","position":2,"name":"Neg\u00f3cios","item":"https:\/\/www.suno.com.br\/noticias\/negocios\/"},{"@type":"ListItem","position":3,"name":"Petrobras (PETR4) avan\u00e7a nas vendas do campo de Manati e Polo Cear\u00e1"}]},{"@type":"WebSite","@id":"https:\/\/www.suno.com.br\/noticias\/#website","url":"https:\/\/www.suno.com.br\/noticias\/","name":"Suno Not\u00edcias","description":"Seu portal de informa\u00e7\u00e3o sobre o mundo dos investimentos","publisher":{"@id":"https:\/\/www.suno.com.br\/noticias\/#organization"},"potentialAction":[{"@type":"SearchAction","target":{"@type":"EntryPoint","urlTemplate":"https:\/\/www.suno.com.br\/noticias\/?s={search_term_string}"},"query-input":{"@type":"PropertyValueSpecification","valueRequired":true,"valueName":"search_term_string"}}],"inLanguage":"pt-BR"},{"@type":"Organization","@id":"https:\/\/www.suno.com.br\/noticias\/#organization","name":"Suno Not\u00edcias","url":"https:\/\/www.suno.com.br\/noticias\/","logo":{"@type":"ImageObject","inLanguage":"pt-BR","@id":"https:\/\/www.suno.com.br\/noticias\/#\/schema\/logo\/image\/","url":"https:\/\/files.sunoresearch.com.br\/n\/uploads\/2021\/09\/suno-logo.png","contentUrl":"https:\/\/files.sunoresearch.com.br\/n\/uploads\/2021\/09\/suno-logo.png","width":180,"height":180,"caption":"Suno Not\u00edcias"},"image":{"@id":"https:\/\/www.suno.com.br\/noticias\/#\/schema\/logo\/image\/"},"sameAs":["https:\/\/facebook.com\/sunoresearch","https:\/\/x.com\/sunoresearch","https:\/\/www.instagram.com\/suno","https:\/\/www.linkedin.com\/company\/suno-research\/","https:\/\/www.youtube.com\/c\/sunoresearch"]},{"@type":"Person","@id":"https:\/\/www.suno.com.br\/noticias\/#\/schema\/person\/3df0d2808748b74496efe5dbeaef2c72","name":"Laura Moutinho","image":{"@type":"ImageObject","inLanguage":"pt-BR","@id":"https:\/\/www.suno.com.br\/noticias\/#\/schema\/person\/image\/","url":"https:\/\/secure.gravatar.com\/avatar\/7571c7c8ca3a6fca5e41384ece5557ff?s=96&r=g","contentUrl":"https:\/\/secure.gravatar.com\/avatar\/7571c7c8ca3a6fca5e41384ece5557ff?s=96&r=g","caption":"Laura Moutinho"},"description":"Estagi\u00e1ria na Suno Not\u00edcias, escreve not\u00edcias que afetam o mercado financeiro. Estuda administra\u00e7\u00e3o na Universidade Presbiteriana Mackenzie.","url":"https:\/\/www.suno.com.br\/noticias\/author\/laura-moutinho\/"}]}},"default_loop_html":"<div class=\"cardsPage__listCard__boxs\"><div class=\"cardsPage__listCard__boxs__img\"><a href=\"https:\/\/www.suno.com.br\/noticias\/petrobras-petr4-vendas-manati-polo-ceara\/\"><img class=\"mask\" src=\"https:\/\/www.suno.com.br\/noticias\/wp-content\/themes\/suno\/resources\/images\/spotlight\/spotlight1img\/bg-mask.png\" alt=\"Image Mask\"\/><img src=\"https:\/\/files.sunoresearch.com.br\/n\/uploads\/2020\/02\/ddfa71a3-petrol\u00edfera-jpg.webp\" alt=\"Petrobras (PETR4) avan\u00e7a nas vendas do campo de Manati e Polo Cear\u00e1\"\/><\/a><span class=\"spotlightCategory\"><a href=\"https:\/\/www.suno.com.br\/noticias\/negocios\/\">Neg\u00f3cios<\/a><\/span><\/div><div class=\"cardsPage__listCard__boxs__content\"><a href=\"https:\/\/www.suno.com.br\/noticias\/petrobras-petr4-vendas-manati-polo-ceara\/\"><h2 class=\"content__title\">Petrobras (PETR4) avan\u00e7a nas vendas do campo de Manati e Polo Cear\u00e1<\/h2><\/a><div class=\"newsContent__article__meta\"><div class=\"newsContent__article__meta__authorBox\"><a href=\"https:\/\/www.suno.com.br\/noticias\/author\/laura-moutinho\/\" class=\"authorBox__avatar noMobi\"><img src=\"https:\/\/files.sunoresearch.com.br\/n\/uploads\/2020\/08\/531ff69d-whatsapp-image-2020-08-03-at-14.54.38-150x150.webp\" alt=\"Laura Moutinho\"><\/a><div class=\"authorBox__name\"><span>por\n\t\t\t<a href=\"https:\/\/www.suno.com.br\/noticias\/author\/laura-moutinho\/\"><span itemprop=\"author\">Laura Moutinho<\/span><\/a><\/span><time datetime=\"2020-08-08T09:13:23-03:00\" itemprop=\"datePublished\">08\/08\/2020 09:13<\/time><\/div><\/div><\/div><\/div><\/div>","single_layout":"posts","amp_enabled":true,"_links":{"self":[{"href":"https:\/\/www.suno.com.br\/noticias\/wp-json\/wp\/v2\/posts\/77201"}],"collection":[{"href":"https:\/\/www.suno.com.br\/noticias\/wp-json\/wp\/v2\/posts"}],"about":[{"href":"https:\/\/www.suno.com.br\/noticias\/wp-json\/wp\/v2\/types\/post"}],"author":[{"embeddable":true,"href":"https:\/\/www.suno.com.br\/noticias\/wp-json\/wp\/v2\/users\/39"}],"replies":[{"embeddable":true,"href":"https:\/\/www.suno.com.br\/noticias\/wp-json\/wp\/v2\/comments?post=77201"}],"version-history":[{"count":0,"href":"https:\/\/www.suno.com.br\/noticias\/wp-json\/wp\/v2\/posts\/77201\/revisions"}],"wp:featuredmedia":[{"embeddable":true,"href":"https:\/\/www.suno.com.br\/noticias\/wp-json\/wp\/v2\/media\/53731"}],"wp:attachment":[{"href":"https:\/\/www.suno.com.br\/noticias\/wp-json\/wp\/v2\/media?parent=77201"}],"wp:term":[{"taxonomy":"category","embeddable":true,"href":"https:\/\/www.suno.com.br\/noticias\/wp-json\/wp\/v2\/categories?post=77201"},{"taxonomy":"post_tag","embeddable":true,"href":"https:\/\/www.suno.com.br\/noticias\/wp-json\/wp\/v2\/tags?post=77201"},{"taxonomy":"suno_strategy","embeddable":true,"href":"https:\/\/www.suno.com.br\/noticias\/wp-json\/wp\/v2\/suno_strategy?post=77201"}],"curies":[{"name":"wp","href":"https:\/\/api.w.org\/{rel}","templated":true}]}}