{"id":77192,"date":"2020-08-07T22:40:45","date_gmt":"2020-08-08T01:40:45","guid":{"rendered":"https:\/\/www.suno.com.br\/noticias\/?p=77192"},"modified":"2021-06-01T21:54:02","modified_gmt":"2021-06-02T00:54:02","slug":"oi-oibr3-fecha-exclusividade-vivo-claro-tim-venda-ativos","status":"publish","type":"post","link":"https:\/\/www.suno.com.br\/noticias\/oi-oibr3-fecha-exclusividade-vivo-claro-tim-venda-ativos\/","title":{"rendered":"Oi (OIBR3) firma exclusividade com Vivo, Claro e Tim para venda de ativos"},"content":{"rendered":"<p>A <a href=\"https:\/\/www.suno.com.br\/acoes\/oibr3\/\"><strong>Oi<\/strong> (OIBR3)<\/a> informou na noite desta sexta-feira (7) que fechou um acordo de exclusividade com as operadoras Claro, <a href=\"https:\/\/www.suno.com.br\/acoes\/vivt4\/\">Telef\u00f4nica Brasil (VIVT4)<\/a> e da <a href=\"https:\/\/www.suno.com.br\/acoes\/timp3\/\">Tim (TIMP3)<\/a> para a compra da opera\u00e7\u00e3o de telefonia celular.<\/p>\n<div class=\"hubspot-form-wrapper\">\n\t<div id=\"single-form-target\"><\/div>\n<\/div>\n\n<p>Conforme <a href=\"https:\/\/www.suno.com.br\/artigos\/fato-relevante\/\">fato relevante<\/a>, o acordo tem como objetivo a negocia\u00e7\u00e3o exclusiva com as proponentes da oferta vinculante revisada, apresentada conjuntamente pelas empresas. O cons\u00f3rcio de operadoras enviou em meados de julho uma oferta de pelos ativos m\u00f3veis da Oi.<\/p>\n<p>A companhia em <a href=\"https:\/\/www.suno.com.br\/artigos\/recuperacao-judicial\/\">recupera\u00e7\u00e3o judicial<\/a> ainda comunicou que o novo compromisso possui vig\u00eancia at\u00e9 o dia 11 de agosto deste ano e ser\u00e1 renovado automaticamente por per\u00edodos iguais e sucessivos, salvo se houver manifesta\u00e7\u00e3o em contr\u00e1rio por qualquer uma das partes.<\/p>\n<p><a href=\"https:\/\/lp.suno.com.br\/suno-one\/\">Conhe\u00e7a o Suno One, a central gratuita de informa\u00e7\u00f5es da Suno para quem quer aprender a investir. Acesse clicando aqui.<\/a><\/p>\n<p>Na pr\u00e1tica, isso significa que o cons\u00f3rcio de operadoras e a Oi seguir\u00e3o negociando os termos financeiros e operacionais da proposta com car\u00e1ter preferencial.<\/p>\n<p>&#8220;O acordo visa garantir seguran\u00e7a e celeridade \u00e0s tratativas em curso entre as partes e permitir que, sendo satisfatoriamente finalizadas as negocia\u00e7\u00f5es dos documentos entre as partes, a Oi tenha condi\u00e7\u00f5es de pr\u00e9-qualificar as proponentes, na condi\u00e7\u00e3o de \u201cstalking horse\u201d, para participarem do processo competitivo de aliena\u00e7\u00e3o da UPIAtivos M\u00f3veis, garantindo assimo direito de cobrir (\u201cright to top\u201d) outras propostas recebidas no referido processo&#8221;, informou a Oi.<\/p>\n<h2>Oi encerra exclusividade de negocia\u00e7\u00e3o com a Highline<\/h2>\n<p>O an\u00fancio ocorre apenas dois depois da operadora brasileira encerrar as negocia\u00e7\u00f5es com a <strong>Highline,<\/strong> controlada pela empresa norte-americana de <a href=\"https:\/\/www.suno.com.br\/artigos\/private-equity\/\">private equity<\/a> Digital Colony.<\/p>\n<p>A Oi havia fechado no dia 22 de julho um acordo de exclusividade para a venda dos ativos de telefonia celular com a Highlin, quando a empresa havia oferecido &#8220;a melhor oferta vinculante, acima do pre\u00e7o m\u00ednimo estabelecido&#8221;.<\/p>\n\t<div data-element=\"shortcode-read-more\" class=\"knowMore\">\n\t\t\t\t<span class=\"knowMore__title\">Confira<\/span>\n\t\t\t\t<a class=\"knowMore__link\" href=\"https:\/\/www.suno.com.br\/noticias\/venda-ativos-moveis-oi-oibr3-prejudicial\/\">\n\t\t\tVenda da Oi (OIBR3) poderia ser prejudicial \u00e0 concorr\u00eancia; entenda o caso\t\t<\/a>\n\t<\/div>\n\n\n<p>De acordo com uma fonte consultada pela ag\u00eancia &#8220;Reuters&#8221;, a Oi tentou levar adiante as conversas exclusivas de negocia\u00e7\u00e3o, por\u00e9m decidiu parar depois que a companhia n\u00e3o apresentou melhores condi\u00e7\u00f5es em sua oferta pela unidade m\u00f3vel da tele.<\/p>\n<p>Entretanto, as operadoras locais n\u00e3o largaram a m\u00e3o dos disputados ativos m\u00f3veis da <strong>Oi<\/strong> e elevaram a oferta. O novo movimento parece ter desanimado a Highline, que preferiu n\u00e3o renovar a acordo preferencial e teria deixado de lado as negocia\u00e7\u00f5es, deixando o caminho aberto para as concorrentes sa\u00edrem na frente nas negocia\u00e7\u00f5es.<\/p>\n\t<p>\n\t\t<a href=\"https:\/\/lp.suno.com.br\/planilha-de-controle-de-investimentos\/\" target=\"_blank\" data-element=\"shortcode-suno-banner\" title=\"Banner SUNO, clique e saiba mais\">\n\t\t\t<picture>\n\t\t\t\t<source media=\"(max-width: 500px)\" srcset=\"https:\/\/files.sunoresearch.com.br\/n\/uploads\/2023\/03\/400x300-Controle-de-Investimentos.png\">\n\t\t\t\t<img class=\"newsContent__article__imgCapa newsContent__article__imgCapa--banner\"\n\t\t\t\t\tsrc=\"https:\/\/files.sunoresearch.com.br\/n\/uploads\/2023\/03\/1420x240-Controle-de-Investimentos.png\"\n\t\t\t\t\tdata-promo-id=\"75934\"\t\t\t\t\t\t\t\t\t\twidth='1420' height='240'\t\t\t\t\talt=\"https:\/\/files.sunoresearch.com.br\/n\/uploads\/2023\/03\/1420x240-Controle-de-Investimentos.png\"\n\t\t\t\t>\n\t\t\t<\/picture>\n\t\t<\/a>\n\t<\/p>\n\n\n","protected":false},"excerpt":{"rendered":"<p>A Oi (OIBR3) informou na noite desta sexta-feira (7) que fechou um acordo de exclusividade com as operadoras Claro, Telef\u00f4nica Brasil (VIVT4) e da Tim (TIMP3) para a compra da opera\u00e7\u00e3o de telefonia celular. Conforme fato relevante, o acordo tem como objetivo a negocia\u00e7\u00e3o exclusiva com as proponentes da oferta vinculante revisada, apresentada conjuntamente pelas [&hellip;]<\/p>\n","protected":false},"author":35,"featured_media":0,"comment_status":"closed","ping_status":"closed","sticky":false,"template":"","format":"standard","meta":[],"categories":[64],"tags":[1140,584,659,663],"suno_strategy":[],"class_list":["post-77192","post","type-post","status-publish","format-standard","hentry","category-negocios","tag-claro","tag-oi-oibr3-oibr4","tag-telefonica-vivt3","tag-tim-tims3"],"yoast_head":"<!-- This site is optimized with the Yoast SEO plugin v24.4 - https:\/\/yoast.com\/wordpress\/plugins\/seo\/ -->\n<title>Oi (OIBR3) firma exclusividade com Vivo, Claro e Tim para venda de ativos<\/title>\n<meta name=\"description\" content=\"A Oi (OIBR3) fechou um acordo de exclusividade com a Claro, Vivo e da Tim para negociar venda de ativos m\u00f3veis. Clique para saber mais\" \/>\n<meta name=\"robots\" content=\"index, follow, max-snippet:-1, max-image-preview:large, max-video-preview:-1\" \/>\n<link rel=\"canonical\" href=\"https:\/\/www.suno.com.br\/noticias\/oi-oibr3-fecha-exclusividade-vivo-claro-tim-venda-ativos\/\" \/>\n<meta property=\"og:locale\" content=\"pt_BR\" \/>\n<meta property=\"og:type\" content=\"article\" \/>\n<meta property=\"og:title\" content=\"Oi (OIBR3) firma exclusividade com Vivo, Claro e Tim para venda de ativos\" \/>\n<meta property=\"og:description\" content=\"A Oi (OIBR3) fechou um acordo de exclusividade com a Claro, Vivo e da Tim para negociar venda de ativos m\u00f3veis. Clique para saber mais\" \/>\n<meta property=\"og:url\" content=\"https:\/\/www.suno.com.br\/noticias\/oi-oibr3-fecha-exclusividade-vivo-claro-tim-venda-ativos\/\" \/>\n<meta property=\"og:site_name\" content=\"Suno Not\u00edcias\" \/>\n<meta property=\"article:publisher\" content=\"https:\/\/facebook.com\/sunoresearch\" \/>\n<meta property=\"og:image\" content=\"https:\/\/files.sunoresearch.com.br\/n\/uploads\/2022\/06\/Modelo2.jpg\" \/>\n\t<meta property=\"og:image:width\" content=\"1200\" \/>\n\t<meta property=\"og:image:height\" content=\"627\" \/>\n\t<meta property=\"og:image:type\" content=\"image\/jpeg\" \/>\n<meta name=\"author\" content=\"Arthur Guimar\u00e3es\" \/>\n<meta name=\"twitter:card\" content=\"summary_large_image\" \/>\n<meta name=\"twitter:creator\" content=\"@sunoresearch\" \/>\n<meta name=\"twitter:site\" content=\"@sunoresearch\" \/>\n<meta name=\"twitter:label1\" content=\"Escrito por\" \/>\n\t<meta name=\"twitter:data1\" content=\"Arthur Guimar\u00e3es\" \/>\n\t<meta name=\"twitter:label2\" content=\"Est. tempo de leitura\" \/>\n\t<meta name=\"twitter:data2\" content=\"2 minutos\" \/>\n<script type=\"application\/ld+json\" class=\"yoast-schema-graph\">{\"@context\":\"https:\/\/schema.org\",\"@graph\":[{\"@type\":\"NewsArticle\",\"@id\":\"https:\/\/www.suno.com.br\/noticias\/oi-oibr3-fecha-exclusividade-vivo-claro-tim-venda-ativos\/#article\",\"isPartOf\":{\"@id\":\"https:\/\/www.suno.com.br\/noticias\/oi-oibr3-fecha-exclusividade-vivo-claro-tim-venda-ativos\/\"},\"author\":{\"name\":\"Arthur Guimar\u00e3es\",\"@id\":\"https:\/\/www.suno.com.br\/noticias\/#\/schema\/person\/053a750a709a263919a20f976caae91c\"},\"headline\":\"Oi (OIBR3) firma exclusividade com Vivo, Claro e Tim para venda de ativos\",\"datePublished\":\"2020-08-08T01:40:45+00:00\",\"dateModified\":\"2021-06-02T00:54:02+00:00\",\"mainEntityOfPage\":{\"@id\":\"https:\/\/www.suno.com.br\/noticias\/oi-oibr3-fecha-exclusividade-vivo-claro-tim-venda-ativos\/\"},\"wordCount\":458,\"publisher\":{\"@id\":\"https:\/\/www.suno.com.br\/noticias\/#organization\"},\"keywords\":[\"Claro\",\"Oi (OIBR3\/OIBR4)\",\"Telef\u00f4nica (VIVT3)\",\"TIM (TIMS3)\"],\"articleSection\":[\"Neg\u00f3cios\"],\"inLanguage\":\"pt-BR\"},{\"@type\":\"WebPage\",\"@id\":\"https:\/\/www.suno.com.br\/noticias\/oi-oibr3-fecha-exclusividade-vivo-claro-tim-venda-ativos\/\",\"url\":\"https:\/\/www.suno.com.br\/noticias\/oi-oibr3-fecha-exclusividade-vivo-claro-tim-venda-ativos\/\",\"name\":\"Oi (OIBR3) firma exclusividade com Vivo, Claro e Tim para venda de ativos\",\"isPartOf\":{\"@id\":\"https:\/\/www.suno.com.br\/noticias\/#website\"},\"datePublished\":\"2020-08-08T01:40:45+00:00\",\"dateModified\":\"2021-06-02T00:54:02+00:00\",\"description\":\"A Oi (OIBR3) fechou um acordo de exclusividade com a Claro, Vivo e da Tim para negociar venda de ativos m\u00f3veis. Clique para saber mais\",\"breadcrumb\":{\"@id\":\"https:\/\/www.suno.com.br\/noticias\/oi-oibr3-fecha-exclusividade-vivo-claro-tim-venda-ativos\/#breadcrumb\"},\"inLanguage\":\"pt-BR\",\"potentialAction\":[{\"@type\":\"ReadAction\",\"target\":[\"https:\/\/www.suno.com.br\/noticias\/oi-oibr3-fecha-exclusividade-vivo-claro-tim-venda-ativos\/\"]}]},{\"@type\":\"BreadcrumbList\",\"@id\":\"https:\/\/www.suno.com.br\/noticias\/oi-oibr3-fecha-exclusividade-vivo-claro-tim-venda-ativos\/#breadcrumb\",\"itemListElement\":[{\"@type\":\"ListItem\",\"position\":1,\"name\":\"Not\u00edcias\",\"item\":\"https:\/\/www.suno.com.br\/noticias\/\"},{\"@type\":\"ListItem\",\"position\":2,\"name\":\"Neg\u00f3cios\",\"item\":\"https:\/\/www.suno.com.br\/noticias\/negocios\/\"},{\"@type\":\"ListItem\",\"position\":3,\"name\":\"Oi (OIBR3) firma exclusividade com Vivo, Claro e Tim para venda de ativos\"}]},{\"@type\":\"WebSite\",\"@id\":\"https:\/\/www.suno.com.br\/noticias\/#website\",\"url\":\"https:\/\/www.suno.com.br\/noticias\/\",\"name\":\"Suno Not\u00edcias\",\"description\":\"Seu portal de informa\u00e7\u00e3o sobre o mundo dos investimentos\",\"publisher\":{\"@id\":\"https:\/\/www.suno.com.br\/noticias\/#organization\"},\"potentialAction\":[{\"@type\":\"SearchAction\",\"target\":{\"@type\":\"EntryPoint\",\"urlTemplate\":\"https:\/\/www.suno.com.br\/noticias\/?s={search_term_string}\"},\"query-input\":{\"@type\":\"PropertyValueSpecification\",\"valueRequired\":true,\"valueName\":\"search_term_string\"}}],\"inLanguage\":\"pt-BR\"},{\"@type\":\"Organization\",\"@id\":\"https:\/\/www.suno.com.br\/noticias\/#organization\",\"name\":\"Suno Not\u00edcias\",\"url\":\"https:\/\/www.suno.com.br\/noticias\/\",\"logo\":{\"@type\":\"ImageObject\",\"inLanguage\":\"pt-BR\",\"@id\":\"https:\/\/www.suno.com.br\/noticias\/#\/schema\/logo\/image\/\",\"url\":\"https:\/\/files.sunoresearch.com.br\/n\/uploads\/2021\/09\/suno-logo.png\",\"contentUrl\":\"https:\/\/files.sunoresearch.com.br\/n\/uploads\/2021\/09\/suno-logo.png\",\"width\":180,\"height\":180,\"caption\":\"Suno Not\u00edcias\"},\"image\":{\"@id\":\"https:\/\/www.suno.com.br\/noticias\/#\/schema\/logo\/image\/\"},\"sameAs\":[\"https:\/\/facebook.com\/sunoresearch\",\"https:\/\/x.com\/sunoresearch\",\"https:\/\/www.instagram.com\/suno\",\"https:\/\/www.linkedin.com\/company\/suno-research\/\",\"https:\/\/www.youtube.com\/c\/sunoresearch\"]},{\"@type\":\"Person\",\"@id\":\"https:\/\/www.suno.com.br\/noticias\/#\/schema\/person\/053a750a709a263919a20f976caae91c\",\"name\":\"Arthur Guimar\u00e3es\",\"image\":{\"@type\":\"ImageObject\",\"inLanguage\":\"pt-BR\",\"@id\":\"https:\/\/www.suno.com.br\/noticias\/#\/schema\/person\/image\/\",\"url\":\"https:\/\/secure.gravatar.com\/avatar\/1affd86a11209ae09eb6dd3bcad3e96c?s=96&r=g\",\"contentUrl\":\"https:\/\/secure.gravatar.com\/avatar\/1affd86a11209ae09eb6dd3bcad3e96c?s=96&r=g\",\"caption\":\"Arthur Guimar\u00e3es\"},\"description\":\"Arthur Guimar\u00e3es escreve sobre pol\u00edtica, economia e neg\u00f3cios para o portal de not\u00edcias da Suno Research. Atualmente, \u00e9 estudante de jornalismo pela Faculdade C\u00e1sper L\u00edbero.\",\"url\":\"https:\/\/www.suno.com.br\/noticias\/author\/arthur-guimaraes\/\"}]}<\/script>\n<!-- \/ Yoast SEO plugin. -->","yoast_head_json":{"title":"Oi (OIBR3) firma exclusividade com Vivo, Claro e Tim para venda de ativos","description":"A Oi (OIBR3) fechou um acordo de exclusividade com a Claro, Vivo e da Tim para negociar venda de ativos m\u00f3veis. Clique para saber mais","robots":{"index":"index","follow":"follow","max-snippet":"max-snippet:-1","max-image-preview":"max-image-preview:large","max-video-preview":"max-video-preview:-1"},"canonical":"https:\/\/www.suno.com.br\/noticias\/oi-oibr3-fecha-exclusividade-vivo-claro-tim-venda-ativos\/","og_locale":"pt_BR","og_type":"article","og_title":"Oi (OIBR3) firma exclusividade com Vivo, Claro e Tim para venda de ativos","og_description":"A Oi (OIBR3) fechou um acordo de exclusividade com a Claro, Vivo e da Tim para negociar venda de ativos m\u00f3veis. Clique para saber mais","og_url":"https:\/\/www.suno.com.br\/noticias\/oi-oibr3-fecha-exclusividade-vivo-claro-tim-venda-ativos\/","og_site_name":"Suno Not\u00edcias","article_publisher":"https:\/\/facebook.com\/sunoresearch","og_image":[{"width":1200,"height":627,"url":"https:\/\/files.sunoresearch.com.br\/n\/uploads\/2022\/06\/Modelo2.jpg","type":"image\/jpeg"}],"author":"Arthur Guimar\u00e3es","twitter_card":"summary_large_image","twitter_creator":"@sunoresearch","twitter_site":"@sunoresearch","twitter_misc":{"Escrito por":"Arthur Guimar\u00e3es","Est. tempo de leitura":"2 minutos"},"schema":{"@context":"https:\/\/schema.org","@graph":[{"@type":"NewsArticle","@id":"https:\/\/www.suno.com.br\/noticias\/oi-oibr3-fecha-exclusividade-vivo-claro-tim-venda-ativos\/#article","isPartOf":{"@id":"https:\/\/www.suno.com.br\/noticias\/oi-oibr3-fecha-exclusividade-vivo-claro-tim-venda-ativos\/"},"author":{"name":"Arthur Guimar\u00e3es","@id":"https:\/\/www.suno.com.br\/noticias\/#\/schema\/person\/053a750a709a263919a20f976caae91c"},"headline":"Oi (OIBR3) firma exclusividade com Vivo, Claro e Tim para venda de ativos","datePublished":"2020-08-08T01:40:45+00:00","dateModified":"2021-06-02T00:54:02+00:00","mainEntityOfPage":{"@id":"https:\/\/www.suno.com.br\/noticias\/oi-oibr3-fecha-exclusividade-vivo-claro-tim-venda-ativos\/"},"wordCount":458,"publisher":{"@id":"https:\/\/www.suno.com.br\/noticias\/#organization"},"keywords":["Claro","Oi (OIBR3\/OIBR4)","Telef\u00f4nica (VIVT3)","TIM (TIMS3)"],"articleSection":["Neg\u00f3cios"],"inLanguage":"pt-BR"},{"@type":"WebPage","@id":"https:\/\/www.suno.com.br\/noticias\/oi-oibr3-fecha-exclusividade-vivo-claro-tim-venda-ativos\/","url":"https:\/\/www.suno.com.br\/noticias\/oi-oibr3-fecha-exclusividade-vivo-claro-tim-venda-ativos\/","name":"Oi (OIBR3) firma exclusividade com Vivo, Claro e Tim para venda de ativos","isPartOf":{"@id":"https:\/\/www.suno.com.br\/noticias\/#website"},"datePublished":"2020-08-08T01:40:45+00:00","dateModified":"2021-06-02T00:54:02+00:00","description":"A Oi (OIBR3) fechou um acordo de exclusividade com a Claro, Vivo e da Tim para negociar venda de ativos m\u00f3veis. Clique para saber mais","breadcrumb":{"@id":"https:\/\/www.suno.com.br\/noticias\/oi-oibr3-fecha-exclusividade-vivo-claro-tim-venda-ativos\/#breadcrumb"},"inLanguage":"pt-BR","potentialAction":[{"@type":"ReadAction","target":["https:\/\/www.suno.com.br\/noticias\/oi-oibr3-fecha-exclusividade-vivo-claro-tim-venda-ativos\/"]}]},{"@type":"BreadcrumbList","@id":"https:\/\/www.suno.com.br\/noticias\/oi-oibr3-fecha-exclusividade-vivo-claro-tim-venda-ativos\/#breadcrumb","itemListElement":[{"@type":"ListItem","position":1,"name":"Not\u00edcias","item":"https:\/\/www.suno.com.br\/noticias\/"},{"@type":"ListItem","position":2,"name":"Neg\u00f3cios","item":"https:\/\/www.suno.com.br\/noticias\/negocios\/"},{"@type":"ListItem","position":3,"name":"Oi (OIBR3) firma exclusividade com Vivo, Claro e Tim para venda de ativos"}]},{"@type":"WebSite","@id":"https:\/\/www.suno.com.br\/noticias\/#website","url":"https:\/\/www.suno.com.br\/noticias\/","name":"Suno Not\u00edcias","description":"Seu portal de informa\u00e7\u00e3o sobre o mundo dos investimentos","publisher":{"@id":"https:\/\/www.suno.com.br\/noticias\/#organization"},"potentialAction":[{"@type":"SearchAction","target":{"@type":"EntryPoint","urlTemplate":"https:\/\/www.suno.com.br\/noticias\/?s={search_term_string}"},"query-input":{"@type":"PropertyValueSpecification","valueRequired":true,"valueName":"search_term_string"}}],"inLanguage":"pt-BR"},{"@type":"Organization","@id":"https:\/\/www.suno.com.br\/noticias\/#organization","name":"Suno Not\u00edcias","url":"https:\/\/www.suno.com.br\/noticias\/","logo":{"@type":"ImageObject","inLanguage":"pt-BR","@id":"https:\/\/www.suno.com.br\/noticias\/#\/schema\/logo\/image\/","url":"https:\/\/files.sunoresearch.com.br\/n\/uploads\/2021\/09\/suno-logo.png","contentUrl":"https:\/\/files.sunoresearch.com.br\/n\/uploads\/2021\/09\/suno-logo.png","width":180,"height":180,"caption":"Suno Not\u00edcias"},"image":{"@id":"https:\/\/www.suno.com.br\/noticias\/#\/schema\/logo\/image\/"},"sameAs":["https:\/\/facebook.com\/sunoresearch","https:\/\/x.com\/sunoresearch","https:\/\/www.instagram.com\/suno","https:\/\/www.linkedin.com\/company\/suno-research\/","https:\/\/www.youtube.com\/c\/sunoresearch"]},{"@type":"Person","@id":"https:\/\/www.suno.com.br\/noticias\/#\/schema\/person\/053a750a709a263919a20f976caae91c","name":"Arthur Guimar\u00e3es","image":{"@type":"ImageObject","inLanguage":"pt-BR","@id":"https:\/\/www.suno.com.br\/noticias\/#\/schema\/person\/image\/","url":"https:\/\/secure.gravatar.com\/avatar\/1affd86a11209ae09eb6dd3bcad3e96c?s=96&r=g","contentUrl":"https:\/\/secure.gravatar.com\/avatar\/1affd86a11209ae09eb6dd3bcad3e96c?s=96&r=g","caption":"Arthur Guimar\u00e3es"},"description":"Arthur Guimar\u00e3es escreve sobre pol\u00edtica, economia e neg\u00f3cios para o portal de not\u00edcias da Suno Research. Atualmente, \u00e9 estudante de jornalismo pela Faculdade C\u00e1sper L\u00edbero.","url":"https:\/\/www.suno.com.br\/noticias\/author\/arthur-guimaraes\/"}]}},"default_loop_html":"<div class=\"cardsPage__listCard__boxs\"><div class=\"cardsPage__listCard__boxs__img\"><a href=\"https:\/\/www.suno.com.br\/noticias\/oi-oibr3-fecha-exclusividade-vivo-claro-tim-venda-ativos\/\"><img class=\"mask\" src=\"https:\/\/www.suno.com.br\/noticias\/wp-content\/themes\/suno\/resources\/images\/spotlight\/spotlight1img\/bg-mask.png\" alt=\"Image Mask\"\/><img src=\"\" alt=\"Oi (OIBR3) firma exclusividade com Vivo, Claro e Tim para venda de ativos\"\/><\/a><span class=\"spotlightCategory\"><a href=\"https:\/\/www.suno.com.br\/noticias\/negocios\/\">Neg\u00f3cios<\/a><\/span><\/div><div class=\"cardsPage__listCard__boxs__content\"><a href=\"https:\/\/www.suno.com.br\/noticias\/oi-oibr3-fecha-exclusividade-vivo-claro-tim-venda-ativos\/\"><h2 class=\"content__title\">Oi (OIBR3) firma exclusividade com Vivo, Claro e Tim para venda de ativos<\/h2><\/a><div class=\"newsContent__article__meta\"><div class=\"newsContent__article__meta__authorBox\"><a href=\"https:\/\/www.suno.com.br\/noticias\/author\/arthur-guimaraes\/\" class=\"authorBox__avatar noMobi\"><img src=\"https:\/\/files.sunoresearch.com.br\/n\/uploads\/2020\/02\/dfb40897-eu-150x150.webp\" alt=\"Arthur Guimar\u00e3es\"><\/a><div class=\"authorBox__name\"><span>por\n\t\t\t<a href=\"https:\/\/www.suno.com.br\/noticias\/author\/arthur-guimaraes\/\"><span itemprop=\"author\">Arthur Guimar\u00e3es<\/span><\/a><\/span><time datetime=\"2020-08-07T22:40:45-03:00\" itemprop=\"datePublished\">07\/08\/2020 22:40<\/time><\/div><\/div><\/div><\/div><\/div>","single_layout":"posts","amp_enabled":true,"_links":{"self":[{"href":"https:\/\/www.suno.com.br\/noticias\/wp-json\/wp\/v2\/posts\/77192"}],"collection":[{"href":"https:\/\/www.suno.com.br\/noticias\/wp-json\/wp\/v2\/posts"}],"about":[{"href":"https:\/\/www.suno.com.br\/noticias\/wp-json\/wp\/v2\/types\/post"}],"author":[{"embeddable":true,"href":"https:\/\/www.suno.com.br\/noticias\/wp-json\/wp\/v2\/users\/35"}],"replies":[{"embeddable":true,"href":"https:\/\/www.suno.com.br\/noticias\/wp-json\/wp\/v2\/comments?post=77192"}],"version-history":[{"count":1,"href":"https:\/\/www.suno.com.br\/noticias\/wp-json\/wp\/v2\/posts\/77192\/revisions"}],"predecessor-version":[{"id":152683,"href":"https:\/\/www.suno.com.br\/noticias\/wp-json\/wp\/v2\/posts\/77192\/revisions\/152683"}],"wp:attachment":[{"href":"https:\/\/www.suno.com.br\/noticias\/wp-json\/wp\/v2\/media?parent=77192"}],"wp:term":[{"taxonomy":"category","embeddable":true,"href":"https:\/\/www.suno.com.br\/noticias\/wp-json\/wp\/v2\/categories?post=77192"},{"taxonomy":"post_tag","embeddable":true,"href":"https:\/\/www.suno.com.br\/noticias\/wp-json\/wp\/v2\/tags?post=77192"},{"taxonomy":"suno_strategy","embeddable":true,"href":"https:\/\/www.suno.com.br\/noticias\/wp-json\/wp\/v2\/suno_strategy?post=77192"}],"curies":[{"name":"wp","href":"https:\/\/api.w.org\/{rel}","templated":true}]}}