{"id":77069,"date":"2020-08-07T15:46:03","date_gmt":"2020-08-07T18:46:03","guid":{"rendered":"https:\/\/www.suno.com.br\/noticias\/?p=77069"},"modified":"2021-02-17T22:02:06","modified_gmt":"2021-02-18T01:02:06","slug":"canada-anuncia-retaliacao-imposto-implementado-eua","status":"publish","type":"post","link":"https:\/\/www.suno.com.br\/noticias\/canada-anuncia-retaliacao-imposto-implementado-eua\/","title":{"rendered":"Canad\u00e1 anuncia retalia\u00e7\u00e3o ao imposto implementado pelos EUA"},"content":{"rendered":"<p>As autoridades canadenses informaram nesta sexta-feira (7) que pretendem impor seus pr\u00f3prios impostos sobre uma s\u00e9rie de produtos dos <strong>EUA<\/strong> que cont\u00eam alum\u00ednio, em retalia\u00e7\u00e3o ao \u00faltimo movimento do presidente Trump. Ser\u00e3o implementados impostos em produtos como m\u00e1quinas de lavar, tacos de golfe e bebidas enlatadas, levando a uma piora em uma das maiores rela\u00e7\u00f5es comerciais do mundo.<\/p>\t<div class=\"wrapper-featured-image\">\n\t\t<figure class=\"spotlightImg\">\n\n\t\t\t<picture>\n\t\t\t\t<source media=\"(max-width: 768px)\" srcset=\"https:\/\/files.sunoresearch.com.br\/n\/uploads\/2019\/05\/fb93f584-canad\u00e1-eua-400x200.webp\">\n\t\t\t\t<img loading=\"lazy\" decoding=\"async\" class=\"newsContent__article__imgCapa lazyloadDisabled newsContent__article__imgCapa--noCaption\" src=\"https:\/\/files.sunoresearch.com.br\/n\/uploads\/2019\/05\/fb93f584-canad\u00e1-eua-800x450.webp\" width=\"800\" height=\"450\" alt=\"Canad\u00e1 anuncia retalia\u00e7\u00e3o ao imposto implementado pelos EUA\" fetchpriority=high \/>\n\t\t\t<\/picture>\n\n\t\t\t<figcaption class=\"wp-caption-text wp-caption-text--hide\"><\/figcaption>\n\t\t<\/figure>\n\t<\/div>\n\n\n<div class=\"hubspot-form-wrapper\">\n\t<div id=\"single-form-target\"><\/div>\n<\/div>\n\n<p>O\u00a0<a href=\"https:\/\/www.suno.com.br\/tudo-sobre\/donald-trump\/\">presidente\u00a0<strong>Donald Trump<\/strong><\/a> decidiu implementar novamente o imposto sobre o alum\u00ednio importado do Canad\u00e1 na \u00faltima quinta-feira (6). A medida anunciada vem \u00e0 tona um m\u00eas ap\u00f3s o governo dos EUA fechar o novo acordo comercial com o <strong>M\u00e9xico<\/strong> e o <strong>Canad\u00e1<\/strong>, visando reduzir as barreiras comerciais na Am\u00e9rica do Norte.<\/p>\n<p>\u201cO Canad\u00e1 estava se aproveitando de n\u00f3s, como sempre\u201d, disse o presidente Trump durante um discurso em uma f\u00e1brica da\u00a0<strong>Whirlpool<\/strong> em Ohio. \u201cO neg\u00f3cio do alum\u00ednio estava sendo dizimado pelo Canad\u00e1, o que \u00e9 muito injusto com nossos empregos e nossos excelentes trabalhadores de alum\u00ednio&#8221;.<\/p>\n<p><a href=\"https:\/\/lp.suno.com.br\/suno-one\/\">No Suno One voc\u00ea aprende a fazer seu dinheiro para trabalhar para voc\u00ea. Cadastre-se gratuitamente agora!<\/a><\/p>\n<p>Os EUA visam reimpor tarifas sobre o alum\u00ednio produzido no Canad\u00e1, que ser\u00e3o fixadas em 10%, usando uma cl\u00e1usula de seguran\u00e7a nacional. O presidente norte-americano argumentou que uma crise na ind\u00fastria nacional de alum\u00ednio amea\u00e7a a seguran\u00e7a dos Estados Unidos.<\/p>\n<p>A vice-primeira-ministra do Canad\u00e1, <strong>Chrystia Freeland,<\/strong> divulgou na sexta-feira uma lista de bens produzidos nos EUA que ser\u00e3o atingidos. Ela prev\u00ea que a medida representar\u00e1 um valor total de US$ 2,71 bilh\u00f5es (cerca de R$ 14,70) em mercadorias.<\/p>\n<p>\u201cN\u00e3o queremos aumentar o conflito, mas n\u00e3o vamos recuar\u201d, disse Freeland a rep\u00f3rteres em uma teleconfer\u00eancia. Os impostos ser\u00e3o aplicados 30 dias ap\u00f3s as autoridades canadenses consultarem a ind\u00fastria e os governos regionais. As tarifas dos EUA est\u00e3o programadas para entrar em vigor em 16 de agosto, disse Freeland.<\/p>\n<h2>Em ano de elei\u00e7\u00e3o, os EUA voltam a implementar medidas protecionistas<\/h2>\n<p>Al\u00e9m das tarifas, Trump planeja assinar uma ordem executiva que exigiria ao governo federal adquirir certos medicamentos essenciais somente de fabricantes norte-americanos.<\/p>\n<p><a href=\"https:\/\/www.suno.com.br\/noticias\/trump-ordenara-governo-compre-medicamentos-empresas-americanas\/\">Veja Tamb\u00e9m: Trump ordenar\u00e1 que governo compre rem\u00e9dios de empresas americanas<\/a><\/p>\n<p>Adicionalmente, a Casa Branca disse que Trump tamb\u00e9m orientar\u00e1 a Food and Drug Administration (<strong>FDA<\/strong>), principal reguladora de medicamentos dos <strong>EUA<\/strong>, a priorizar os fabricantes nacionais ao examinar medicamentos essenciais e ingredientes essenciais.<\/p>\n\n","protected":false},"excerpt":{"rendered":"<p>As autoridades canadenses informaram nesta sexta-feira (7) que pretendem impor seus pr\u00f3prios impostos sobre uma s\u00e9rie de produtos dos EUA que cont\u00eam alum\u00ednio, em retalia\u00e7\u00e3o ao \u00faltimo movimento do presidente Trump. Ser\u00e3o implementados impostos em produtos como m\u00e1quinas de lavar, tacos de golfe e bebidas enlatadas, levando a uma piora em uma das maiores rela\u00e7\u00f5es [&hellip;]<\/p>\n","protected":false},"author":44,"featured_media":25264,"comment_status":"closed","ping_status":"closed","sticky":false,"template":"","format":"standard","meta":[],"categories":[62,63],"tags":[728,793,704],"suno_strategy":[],"class_list":["post-77069","post","type-post","status-publish","format-standard","has-post-thumbnail","hentry","category-economia","category-internacional","tag-canada","tag-estados-unidos-eua","tag-impostos"],"yoast_head":"<!-- This site is optimized with the Yoast SEO plugin v24.4 - https:\/\/yoast.com\/wordpress\/plugins\/seo\/ -->\n<title>Canad\u00e1 anuncia retalia\u00e7\u00e3o ao imposto implementado pelos EUA<\/title>\n<meta name=\"description\" content=\"O Canad\u00e1 pretende impor seus pr\u00f3prios impostos sobre uma s\u00e9rie de produtos dos EUA que cont\u00eam alum\u00ednio. Clique para ver mais.\" \/>\n<meta name=\"robots\" content=\"index, follow, max-snippet:-1, max-image-preview:large, max-video-preview:-1\" \/>\n<link rel=\"canonical\" href=\"https:\/\/www.suno.com.br\/noticias\/canada-anuncia-retaliacao-imposto-implementado-eua\/\" \/>\n<meta property=\"og:locale\" content=\"pt_BR\" \/>\n<meta property=\"og:type\" content=\"article\" \/>\n<meta property=\"og:title\" content=\"Canad\u00e1 anuncia retalia\u00e7\u00e3o ao imposto implementado pelos EUA\" \/>\n<meta property=\"og:description\" content=\"O Canad\u00e1 pretende impor seus pr\u00f3prios impostos sobre uma s\u00e9rie de produtos dos EUA que cont\u00eam alum\u00ednio. Clique para ver mais.\" \/>\n<meta property=\"og:url\" content=\"https:\/\/www.suno.com.br\/noticias\/canada-anuncia-retaliacao-imposto-implementado-eua\/\" \/>\n<meta property=\"og:site_name\" content=\"Suno Not\u00edcias\" \/>\n<meta property=\"article:publisher\" content=\"https:\/\/facebook.com\/sunoresearch\" \/>\n<meta property=\"og:image\" content=\"https:\/\/files.sunoresearch.com.br\/n\/uploads\/2019\/05\/fb93f584-canad\u00e1-eua.jpeg\" \/>\n\t<meta property=\"og:image:width\" content=\"1080\" \/>\n\t<meta property=\"og:image:height\" content=\"675\" \/>\n\t<meta property=\"og:image:type\" content=\"image\/jpeg\" \/>\n<meta name=\"author\" content=\"Daniel Guimar\u00e3es\" \/>\n<meta name=\"twitter:card\" content=\"summary_large_image\" \/>\n<meta name=\"twitter:creator\" content=\"@sunoresearch\" \/>\n<meta name=\"twitter:site\" content=\"@sunoresearch\" \/>\n<meta name=\"twitter:label1\" content=\"Escrito por\" \/>\n\t<meta name=\"twitter:data1\" content=\"Daniel Guimar\u00e3es\" \/>\n\t<meta name=\"twitter:label2\" content=\"Est. tempo de leitura\" \/>\n\t<meta name=\"twitter:data2\" content=\"2 minutos\" \/>\n<script type=\"application\/ld+json\" class=\"yoast-schema-graph\">{\"@context\":\"https:\/\/schema.org\",\"@graph\":[{\"@type\":\"NewsArticle\",\"@id\":\"https:\/\/www.suno.com.br\/noticias\/canada-anuncia-retaliacao-imposto-implementado-eua\/#article\",\"isPartOf\":{\"@id\":\"https:\/\/www.suno.com.br\/noticias\/canada-anuncia-retaliacao-imposto-implementado-eua\/\"},\"author\":{\"name\":\"Daniel Guimar\u00e3es\",\"@id\":\"https:\/\/www.suno.com.br\/noticias\/#\/schema\/person\/a7796c19fcf6bafd03b9a2fa1fd9ae20\"},\"headline\":\"Canad\u00e1 anuncia retalia\u00e7\u00e3o ao imposto implementado pelos EUA\",\"datePublished\":\"2020-08-07T18:46:03+00:00\",\"dateModified\":\"2021-02-18T01:02:06+00:00\",\"mainEntityOfPage\":{\"@id\":\"https:\/\/www.suno.com.br\/noticias\/canada-anuncia-retaliacao-imposto-implementado-eua\/\"},\"wordCount\":436,\"publisher\":{\"@id\":\"https:\/\/www.suno.com.br\/noticias\/#organization\"},\"image\":{\"@id\":\"https:\/\/www.suno.com.br\/noticias\/canada-anuncia-retaliacao-imposto-implementado-eua\/#primaryimage\"},\"thumbnailUrl\":\"https:\/\/files.sunoresearch.com.br\/n\/uploads\/2019\/05\/fb93f584-canad\u00e1-eua-jpeg.webp\",\"keywords\":[\"Canad\u00e1\",\"Estados Unidos (EUA)\",\"impostos\"],\"articleSection\":[\"Economia\",\"Internacional\"],\"inLanguage\":\"pt-BR\"},{\"@type\":\"WebPage\",\"@id\":\"https:\/\/www.suno.com.br\/noticias\/canada-anuncia-retaliacao-imposto-implementado-eua\/\",\"url\":\"https:\/\/www.suno.com.br\/noticias\/canada-anuncia-retaliacao-imposto-implementado-eua\/\",\"name\":\"Canad\u00e1 anuncia retalia\u00e7\u00e3o ao imposto implementado pelos EUA\",\"isPartOf\":{\"@id\":\"https:\/\/www.suno.com.br\/noticias\/#website\"},\"primaryImageOfPage\":{\"@id\":\"https:\/\/www.suno.com.br\/noticias\/canada-anuncia-retaliacao-imposto-implementado-eua\/#primaryimage\"},\"image\":{\"@id\":\"https:\/\/www.suno.com.br\/noticias\/canada-anuncia-retaliacao-imposto-implementado-eua\/#primaryimage\"},\"thumbnailUrl\":\"https:\/\/files.sunoresearch.com.br\/n\/uploads\/2019\/05\/fb93f584-canad\u00e1-eua-jpeg.webp\",\"datePublished\":\"2020-08-07T18:46:03+00:00\",\"dateModified\":\"2021-02-18T01:02:06+00:00\",\"description\":\"O Canad\u00e1 pretende impor seus pr\u00f3prios impostos sobre uma s\u00e9rie de produtos dos EUA que cont\u00eam alum\u00ednio. Clique para ver mais.\",\"breadcrumb\":{\"@id\":\"https:\/\/www.suno.com.br\/noticias\/canada-anuncia-retaliacao-imposto-implementado-eua\/#breadcrumb\"},\"inLanguage\":\"pt-BR\",\"potentialAction\":[{\"@type\":\"ReadAction\",\"target\":[\"https:\/\/www.suno.com.br\/noticias\/canada-anuncia-retaliacao-imposto-implementado-eua\/\"]}]},{\"@type\":\"ImageObject\",\"inLanguage\":\"pt-BR\",\"@id\":\"https:\/\/www.suno.com.br\/noticias\/canada-anuncia-retaliacao-imposto-implementado-eua\/#primaryimage\",\"url\":\"https:\/\/files.sunoresearch.com.br\/n\/uploads\/2019\/05\/fb93f584-canad\u00e1-eua-jpeg.webp\",\"contentUrl\":\"https:\/\/files.sunoresearch.com.br\/n\/uploads\/2019\/05\/fb93f584-canad\u00e1-eua-jpeg.webp\",\"width\":1080,\"height\":675,\"caption\":\"Rela\u00e7\u00e3o comercial entre EUA e Canad\u00e1 \u00e9 a mais relevante para o pa\u00eds\"},{\"@type\":\"BreadcrumbList\",\"@id\":\"https:\/\/www.suno.com.br\/noticias\/canada-anuncia-retaliacao-imposto-implementado-eua\/#breadcrumb\",\"itemListElement\":[{\"@type\":\"ListItem\",\"position\":1,\"name\":\"Not\u00edcias\",\"item\":\"https:\/\/www.suno.com.br\/noticias\/\"},{\"@type\":\"ListItem\",\"position\":2,\"name\":\"Economia\",\"item\":\"https:\/\/www.suno.com.br\/noticias\/economia\/\"},{\"@type\":\"ListItem\",\"position\":3,\"name\":\"Canad\u00e1 anuncia retalia\u00e7\u00e3o ao imposto implementado pelos EUA\"}]},{\"@type\":\"WebSite\",\"@id\":\"https:\/\/www.suno.com.br\/noticias\/#website\",\"url\":\"https:\/\/www.suno.com.br\/noticias\/\",\"name\":\"Suno Not\u00edcias\",\"description\":\"Seu portal de informa\u00e7\u00e3o sobre o mundo dos investimentos\",\"publisher\":{\"@id\":\"https:\/\/www.suno.com.br\/noticias\/#organization\"},\"potentialAction\":[{\"@type\":\"SearchAction\",\"target\":{\"@type\":\"EntryPoint\",\"urlTemplate\":\"https:\/\/www.suno.com.br\/noticias\/?s={search_term_string}\"},\"query-input\":{\"@type\":\"PropertyValueSpecification\",\"valueRequired\":true,\"valueName\":\"search_term_string\"}}],\"inLanguage\":\"pt-BR\"},{\"@type\":\"Organization\",\"@id\":\"https:\/\/www.suno.com.br\/noticias\/#organization\",\"name\":\"Suno Not\u00edcias\",\"url\":\"https:\/\/www.suno.com.br\/noticias\/\",\"logo\":{\"@type\":\"ImageObject\",\"inLanguage\":\"pt-BR\",\"@id\":\"https:\/\/www.suno.com.br\/noticias\/#\/schema\/logo\/image\/\",\"url\":\"https:\/\/files.sunoresearch.com.br\/n\/uploads\/2021\/09\/suno-logo.png\",\"contentUrl\":\"https:\/\/files.sunoresearch.com.br\/n\/uploads\/2021\/09\/suno-logo.png\",\"width\":180,\"height\":180,\"caption\":\"Suno Not\u00edcias\"},\"image\":{\"@id\":\"https:\/\/www.suno.com.br\/noticias\/#\/schema\/logo\/image\/\"},\"sameAs\":[\"https:\/\/facebook.com\/sunoresearch\",\"https:\/\/x.com\/sunoresearch\",\"https:\/\/www.instagram.com\/suno\",\"https:\/\/www.linkedin.com\/company\/suno-research\/\",\"https:\/\/www.youtube.com\/c\/sunoresearch\"]},{\"@type\":\"Person\",\"@id\":\"https:\/\/www.suno.com.br\/noticias\/#\/schema\/person\/a7796c19fcf6bafd03b9a2fa1fd9ae20\",\"name\":\"Daniel Guimar\u00e3es\",\"image\":{\"@type\":\"ImageObject\",\"inLanguage\":\"pt-BR\",\"@id\":\"https:\/\/www.suno.com.br\/noticias\/#\/schema\/person\/image\/\",\"url\":\"https:\/\/secure.gravatar.com\/avatar\/fb8260757609f58f0c0ac079d1b32eff?s=96&r=g\",\"contentUrl\":\"https:\/\/secure.gravatar.com\/avatar\/fb8260757609f58f0c0ac079d1b32eff?s=96&r=g\",\"caption\":\"Daniel Guimar\u00e3es\"},\"description\":\"Estagi\u00e1rio na Suno Not\u00edcias, Daniel escreve not\u00edcias que afetam o mercado financeiro brasileiro e internacional. Estuda economia na Rutgers University, em New Jersey.\",\"sameAs\":[\"suno.research\"],\"url\":\"https:\/\/www.suno.com.br\/noticias\/author\/daniel\/\"}]}<\/script>\n<!-- \/ Yoast SEO plugin. -->","yoast_head_json":{"title":"Canad\u00e1 anuncia retalia\u00e7\u00e3o ao imposto implementado pelos EUA","description":"O Canad\u00e1 pretende impor seus pr\u00f3prios impostos sobre uma s\u00e9rie de produtos dos EUA que cont\u00eam alum\u00ednio. Clique para ver mais.","robots":{"index":"index","follow":"follow","max-snippet":"max-snippet:-1","max-image-preview":"max-image-preview:large","max-video-preview":"max-video-preview:-1"},"canonical":"https:\/\/www.suno.com.br\/noticias\/canada-anuncia-retaliacao-imposto-implementado-eua\/","og_locale":"pt_BR","og_type":"article","og_title":"Canad\u00e1 anuncia retalia\u00e7\u00e3o ao imposto implementado pelos EUA","og_description":"O Canad\u00e1 pretende impor seus pr\u00f3prios impostos sobre uma s\u00e9rie de produtos dos EUA que cont\u00eam alum\u00ednio. Clique para ver mais.","og_url":"https:\/\/www.suno.com.br\/noticias\/canada-anuncia-retaliacao-imposto-implementado-eua\/","og_site_name":"Suno Not\u00edcias","article_publisher":"https:\/\/facebook.com\/sunoresearch","og_image":[{"width":1080,"height":675,"url":"https:\/\/files.sunoresearch.com.br\/n\/uploads\/2019\/05\/fb93f584-canad\u00e1-eua.jpeg","type":"image\/jpeg"}],"author":"Daniel Guimar\u00e3es","twitter_card":"summary_large_image","twitter_creator":"@sunoresearch","twitter_site":"@sunoresearch","twitter_misc":{"Escrito por":"Daniel Guimar\u00e3es","Est. tempo de leitura":"2 minutos"},"schema":{"@context":"https:\/\/schema.org","@graph":[{"@type":"NewsArticle","@id":"https:\/\/www.suno.com.br\/noticias\/canada-anuncia-retaliacao-imposto-implementado-eua\/#article","isPartOf":{"@id":"https:\/\/www.suno.com.br\/noticias\/canada-anuncia-retaliacao-imposto-implementado-eua\/"},"author":{"name":"Daniel Guimar\u00e3es","@id":"https:\/\/www.suno.com.br\/noticias\/#\/schema\/person\/a7796c19fcf6bafd03b9a2fa1fd9ae20"},"headline":"Canad\u00e1 anuncia retalia\u00e7\u00e3o ao imposto implementado pelos EUA","datePublished":"2020-08-07T18:46:03+00:00","dateModified":"2021-02-18T01:02:06+00:00","mainEntityOfPage":{"@id":"https:\/\/www.suno.com.br\/noticias\/canada-anuncia-retaliacao-imposto-implementado-eua\/"},"wordCount":436,"publisher":{"@id":"https:\/\/www.suno.com.br\/noticias\/#organization"},"image":{"@id":"https:\/\/www.suno.com.br\/noticias\/canada-anuncia-retaliacao-imposto-implementado-eua\/#primaryimage"},"thumbnailUrl":"https:\/\/files.sunoresearch.com.br\/n\/uploads\/2019\/05\/fb93f584-canad\u00e1-eua-jpeg.webp","keywords":["Canad\u00e1","Estados Unidos (EUA)","impostos"],"articleSection":["Economia","Internacional"],"inLanguage":"pt-BR"},{"@type":"WebPage","@id":"https:\/\/www.suno.com.br\/noticias\/canada-anuncia-retaliacao-imposto-implementado-eua\/","url":"https:\/\/www.suno.com.br\/noticias\/canada-anuncia-retaliacao-imposto-implementado-eua\/","name":"Canad\u00e1 anuncia retalia\u00e7\u00e3o ao imposto implementado pelos EUA","isPartOf":{"@id":"https:\/\/www.suno.com.br\/noticias\/#website"},"primaryImageOfPage":{"@id":"https:\/\/www.suno.com.br\/noticias\/canada-anuncia-retaliacao-imposto-implementado-eua\/#primaryimage"},"image":{"@id":"https:\/\/www.suno.com.br\/noticias\/canada-anuncia-retaliacao-imposto-implementado-eua\/#primaryimage"},"thumbnailUrl":"https:\/\/files.sunoresearch.com.br\/n\/uploads\/2019\/05\/fb93f584-canad\u00e1-eua-jpeg.webp","datePublished":"2020-08-07T18:46:03+00:00","dateModified":"2021-02-18T01:02:06+00:00","description":"O Canad\u00e1 pretende impor seus pr\u00f3prios impostos sobre uma s\u00e9rie de produtos dos EUA que cont\u00eam alum\u00ednio. Clique para ver mais.","breadcrumb":{"@id":"https:\/\/www.suno.com.br\/noticias\/canada-anuncia-retaliacao-imposto-implementado-eua\/#breadcrumb"},"inLanguage":"pt-BR","potentialAction":[{"@type":"ReadAction","target":["https:\/\/www.suno.com.br\/noticias\/canada-anuncia-retaliacao-imposto-implementado-eua\/"]}]},{"@type":"ImageObject","inLanguage":"pt-BR","@id":"https:\/\/www.suno.com.br\/noticias\/canada-anuncia-retaliacao-imposto-implementado-eua\/#primaryimage","url":"https:\/\/files.sunoresearch.com.br\/n\/uploads\/2019\/05\/fb93f584-canad\u00e1-eua-jpeg.webp","contentUrl":"https:\/\/files.sunoresearch.com.br\/n\/uploads\/2019\/05\/fb93f584-canad\u00e1-eua-jpeg.webp","width":1080,"height":675,"caption":"Rela\u00e7\u00e3o comercial entre EUA e Canad\u00e1 \u00e9 a mais relevante para o pa\u00eds"},{"@type":"BreadcrumbList","@id":"https:\/\/www.suno.com.br\/noticias\/canada-anuncia-retaliacao-imposto-implementado-eua\/#breadcrumb","itemListElement":[{"@type":"ListItem","position":1,"name":"Not\u00edcias","item":"https:\/\/www.suno.com.br\/noticias\/"},{"@type":"ListItem","position":2,"name":"Economia","item":"https:\/\/www.suno.com.br\/noticias\/economia\/"},{"@type":"ListItem","position":3,"name":"Canad\u00e1 anuncia retalia\u00e7\u00e3o ao imposto implementado pelos EUA"}]},{"@type":"WebSite","@id":"https:\/\/www.suno.com.br\/noticias\/#website","url":"https:\/\/www.suno.com.br\/noticias\/","name":"Suno Not\u00edcias","description":"Seu portal de informa\u00e7\u00e3o sobre o mundo dos investimentos","publisher":{"@id":"https:\/\/www.suno.com.br\/noticias\/#organization"},"potentialAction":[{"@type":"SearchAction","target":{"@type":"EntryPoint","urlTemplate":"https:\/\/www.suno.com.br\/noticias\/?s={search_term_string}"},"query-input":{"@type":"PropertyValueSpecification","valueRequired":true,"valueName":"search_term_string"}}],"inLanguage":"pt-BR"},{"@type":"Organization","@id":"https:\/\/www.suno.com.br\/noticias\/#organization","name":"Suno Not\u00edcias","url":"https:\/\/www.suno.com.br\/noticias\/","logo":{"@type":"ImageObject","inLanguage":"pt-BR","@id":"https:\/\/www.suno.com.br\/noticias\/#\/schema\/logo\/image\/","url":"https:\/\/files.sunoresearch.com.br\/n\/uploads\/2021\/09\/suno-logo.png","contentUrl":"https:\/\/files.sunoresearch.com.br\/n\/uploads\/2021\/09\/suno-logo.png","width":180,"height":180,"caption":"Suno Not\u00edcias"},"image":{"@id":"https:\/\/www.suno.com.br\/noticias\/#\/schema\/logo\/image\/"},"sameAs":["https:\/\/facebook.com\/sunoresearch","https:\/\/x.com\/sunoresearch","https:\/\/www.instagram.com\/suno","https:\/\/www.linkedin.com\/company\/suno-research\/","https:\/\/www.youtube.com\/c\/sunoresearch"]},{"@type":"Person","@id":"https:\/\/www.suno.com.br\/noticias\/#\/schema\/person\/a7796c19fcf6bafd03b9a2fa1fd9ae20","name":"Daniel Guimar\u00e3es","image":{"@type":"ImageObject","inLanguage":"pt-BR","@id":"https:\/\/www.suno.com.br\/noticias\/#\/schema\/person\/image\/","url":"https:\/\/secure.gravatar.com\/avatar\/fb8260757609f58f0c0ac079d1b32eff?s=96&r=g","contentUrl":"https:\/\/secure.gravatar.com\/avatar\/fb8260757609f58f0c0ac079d1b32eff?s=96&r=g","caption":"Daniel Guimar\u00e3es"},"description":"Estagi\u00e1rio na Suno Not\u00edcias, Daniel escreve not\u00edcias que afetam o mercado financeiro brasileiro e internacional. Estuda economia na Rutgers University, em New Jersey.","sameAs":["suno.research"],"url":"https:\/\/www.suno.com.br\/noticias\/author\/daniel\/"}]}},"default_loop_html":"<div class=\"cardsPage__listCard__boxs\"><div class=\"cardsPage__listCard__boxs__img\"><a href=\"https:\/\/www.suno.com.br\/noticias\/canada-anuncia-retaliacao-imposto-implementado-eua\/\"><img class=\"mask\" src=\"https:\/\/www.suno.com.br\/noticias\/wp-content\/themes\/suno\/resources\/images\/spotlight\/spotlight1img\/bg-mask.png\" alt=\"Image Mask\"\/><img src=\"https:\/\/files.sunoresearch.com.br\/n\/uploads\/2019\/05\/fb93f584-canad\u00e1-eua-400x200.webp\" alt=\"Canad\u00e1 anuncia retalia\u00e7\u00e3o ao imposto implementado pelos EUA\"\/><\/a><span class=\"spotlightCategory\"><a href=\"https:\/\/www.suno.com.br\/noticias\/economia\/\">Economia<\/a><\/span><\/div><div class=\"cardsPage__listCard__boxs__content\"><a href=\"https:\/\/www.suno.com.br\/noticias\/canada-anuncia-retaliacao-imposto-implementado-eua\/\"><h2 class=\"content__title\">Canad\u00e1 anuncia retalia\u00e7\u00e3o ao imposto implementado pelos EUA<\/h2><\/a><div class=\"newsContent__article__meta\"><div class=\"newsContent__article__meta__authorBox\"><a href=\"https:\/\/www.suno.com.br\/noticias\/author\/daniel\/\" class=\"authorBox__avatar noMobi\"><img src=\"https:\/\/files.sunoresearch.com.br\/n\/uploads\/2020\/08\/e51aadd2-whatsapp-image-2020-08-03-at-14.03.48-150x150.webp\" alt=\"Daniel Guimar\u00e3es\"><\/a><div class=\"authorBox__name\"><span>por\n\t\t\t<a href=\"https:\/\/www.suno.com.br\/noticias\/author\/daniel\/\"><span itemprop=\"author\">Daniel Guimar\u00e3es<\/span><\/a><\/span><time datetime=\"2020-08-07T15:46:03-03:00\" itemprop=\"datePublished\">07\/08\/2020 15:46<\/time><\/div><\/div><\/div><\/div><\/div>","single_layout":"posts","amp_enabled":true,"_links":{"self":[{"href":"https:\/\/www.suno.com.br\/noticias\/wp-json\/wp\/v2\/posts\/77069"}],"collection":[{"href":"https:\/\/www.suno.com.br\/noticias\/wp-json\/wp\/v2\/posts"}],"about":[{"href":"https:\/\/www.suno.com.br\/noticias\/wp-json\/wp\/v2\/types\/post"}],"author":[{"embeddable":true,"href":"https:\/\/www.suno.com.br\/noticias\/wp-json\/wp\/v2\/users\/44"}],"replies":[{"embeddable":true,"href":"https:\/\/www.suno.com.br\/noticias\/wp-json\/wp\/v2\/comments?post=77069"}],"version-history":[{"count":0,"href":"https:\/\/www.suno.com.br\/noticias\/wp-json\/wp\/v2\/posts\/77069\/revisions"}],"wp:featuredmedia":[{"embeddable":true,"href":"https:\/\/www.suno.com.br\/noticias\/wp-json\/wp\/v2\/media\/25264"}],"wp:attachment":[{"href":"https:\/\/www.suno.com.br\/noticias\/wp-json\/wp\/v2\/media?parent=77069"}],"wp:term":[{"taxonomy":"category","embeddable":true,"href":"https:\/\/www.suno.com.br\/noticias\/wp-json\/wp\/v2\/categories?post=77069"},{"taxonomy":"post_tag","embeddable":true,"href":"https:\/\/www.suno.com.br\/noticias\/wp-json\/wp\/v2\/tags?post=77069"},{"taxonomy":"suno_strategy","embeddable":true,"href":"https:\/\/www.suno.com.br\/noticias\/wp-json\/wp\/v2\/suno_strategy?post=77069"}],"curies":[{"name":"wp","href":"https:\/\/api.w.org\/{rel}","templated":true}]}}