{"id":7692,"date":"2018-12-02T13:57:31","date_gmt":"2018-12-02T15:57:31","guid":{"rendered":"https:\/\/www.suno.com.br\/noticias\/?p=7692"},"modified":"2021-02-18T17:56:04","modified_gmt":"2021-02-18T20:56:04","slug":"a-seguir-tregua-na-guerra-comercial-e-reducao-do-ritmo-politico-no-fim-de-ano","status":"publish","type":"post","link":"https:\/\/www.suno.com.br\/noticias\/a-seguir-tregua-na-guerra-comercial-e-reducao-do-ritmo-politico-no-fim-de-ano\/","title":{"rendered":"A Seguir: Tr\u00e9gua na Guerra Comercial e Redu\u00e7\u00e3o do Ritmo Pol\u00edtico no Fim de Ano"},"content":{"rendered":"<h2>O que deve movimentar a semana no Brasil<\/h2>\n<p>Com o recesso do final de ano se aproximando o cen\u00e1rio pol\u00edtico come\u00e7a a esfriar no Brasil ao menos por enquanto, e dados econ\u00f4micos se tornam os principais destaques.<\/p>\t<div class=\"wrapper-featured-image\">\n\t\t<figure class=\"spotlightImg\">\n\n\t\t\t<picture>\n\t\t\t\t<source media=\"(max-width: 768px)\" srcset=\"https:\/\/files.sunoresearch.com.br\/n\/uploads\/2018\/12\/76d081e6-ga\u0301s-natural-e-petro\u0301leo-400x200.webp\">\n\t\t\t\t<img loading=\"lazy\" decoding=\"async\" class=\"newsContent__article__imgCapa lazyloadDisabled newsContent__article__imgCapa--noCaption\" src=\"https:\/\/files.sunoresearch.com.br\/n\/uploads\/2018\/12\/76d081e6-ga\u0301s-natural-e-petro\u0301leo-800x450.webp\" width=\"800\" height=\"450\" alt=\"A Seguir: Tr\u00e9gua na Guerra Comercial e Redu\u00e7\u00e3o do Ritmo Pol\u00edtico no Fim de Ano\" fetchpriority=high \/>\n\t\t\t<\/picture>\n\n\t\t\t<figcaption class=\"wp-caption-text wp-caption-text--hide\"><\/figcaption>\n\t\t<\/figure>\n\t<\/div>\n\n<h2>O que deve movimentar a semana no Brasil<\/h2>\n\n<p><strong>Boletim Focus<\/strong><\/p>\n<p>Amanh\u00e3 (segunda-feira 03) o Boletim focus deve ser liberado, com a expectativa m\u00e9dia do mercado sobre diversos indicadores, como PIB, infla\u00e7\u00e3o e juros nos pr\u00f3ximos meses e anos.<\/p>\n<hr \/>\n<p><strong>Expectativa de infla\u00e7\u00e3o em alta, mas ainda sob controle<\/strong><\/p>\n<p>Na ter\u00e7a, dados sobre a infla\u00e7\u00e3o devem ser liberados, a expectativa \u00e9 de que o crescimento em Novembro quando comparado a Outubro seja de 0,51%.<\/p>\n<p>Uma infla\u00e7\u00e3o acima do esperado \u00e9 negativa para o mercado de a\u00e7\u00f5es, enquanto que um resultado abaixo \u00e9 positivo.<\/p>\n<hr \/>\n<p><strong>Crescimento industrial tamb\u00e9m \u00e9 destaque<\/strong><\/p>\n<p>Tamb\u00e9m ser\u00e3o liberados nessa semana, dados sobre o crescimento da produ\u00e7\u00e3o industrial do pa\u00eds.<\/p>\n<p>Um crescimento acima do esperado \u00e9 positivo, indicado uma acelera\u00e7\u00e3o no crescimento econ\u00f4mico como um todo, enquanto um resultado abaixo do esperado \u00e9 negativo.<\/p>\n<hr \/>\n<p><strong>Vis\u00e3o do consumidor sobre o aumento de pre\u00e7os<\/strong><\/p>\n<p>Por fim o CPI (Consumer Price Index) ser\u00e1 anunciado no dia 07.<\/p>\n<p>Esse indicador mostra a percep\u00e7\u00e3o de mudan\u00e7a de pre\u00e7os nos produtos e servi\u00e7os do ponto de vista do consumidor final.<\/p>\n<p>Um resultado acima do esperado \u00e9 positivo, enquanto abaixo \u00e9 negativo para o mercado de modo geral.<\/p>\n<hr \/>\n<h2>O que deve movimentar o mundo essa semana<\/h2>\n<hr \/>\n<p><strong>Um pouco de paz na guerra comercial<\/strong><\/p>\n<p>No cen\u00e1rio global as conversas sobre a guerra comercial entre os EUA e China seguem sendo um importante driver.<\/p>\n<p>Os lideres de ambos os pa\u00edses conversaram durante o G-20 na Argentina, e concordaram em n\u00e3o ampliar as tarifas nas negocia\u00e7\u00f5es entre os pa\u00edses ao menos por hora.<\/p>\n<p>Do lado dos EUA, Trump concordou em manter a taxa\u00e7\u00e3o de cerca de 200 bilh\u00f5es em produtos Chineses em 10%, ao inv\u00e9s dos 25% que havia prometido para o fim do ano.<\/p>\n<p>J\u00e1 do lado Chin\u00eas, o presidente Xi, concordou em realizar compras, cujo o valor ainda n\u00e3o foi definido, mas foi dito como \u201cbastante substancial\u201d de produtos americanos para reduzir o d\u00e9ficit comercial entre os pa\u00edses.<\/p>\n<hr \/>\n<p><strong>Reuni\u00e3o da OPEC para definir rumos do petr\u00f3leo<\/strong><\/p>\n<p>Nessa semana tamb\u00e9m ocorre a reuni\u00e3o da OPEC, em conjunto com a Russia e outros grandes produtores de petr\u00f3leo para definir a pol\u00edtica de produ\u00e7\u00e3o nos pr\u00f3ximos seis meses.<\/p>\n<p>A expectativa \u00e9 de que seja acordada uma redu\u00e7\u00e3o nos n\u00edveis de produ\u00e7\u00e3o, para reduzir a oferta e aumentar os pre\u00e7os nos pr\u00f3ximos meses.<\/p>\n<hr \/>\n<p><strong>Expectativa sob os pr\u00f3ximos passos do FED<\/strong><\/p>\n<p>Outro acontecimento relevante para a essa semana \u00e9 o pronunciamento de Jerome Powell do FED.<\/p>\n<p>Ele far\u00e1 um pronunciamento na pr\u00f3xima quarta-feira (5), e o mercado est\u00e1 na expectativa de que ele confirme a sua posi\u00e7\u00e3o de que a taxa de juros est\u00e1 levemente abaixo do que seria uma \u201ctaxa neutra\u201d, sendo assim, apesar de novos aumentos ainda serem esperados, o aumento total deve ser baixo nos pr\u00f3ximos meses.<\/p>\n<hr \/>\n<p><strong>Dados sobre o emprego nos EUA devem ser liberados<\/strong><\/p>\n<p>Por fim, o \u201cU.S Labor Department\u201d (Algo pr\u00f3ximo do Ministr\u00e9rio do Trabalho), deve anunciar os dados de emprego dos EUA (Payroll) referentes a novembro na sexta.<\/p>\n<p>A expectativa \u00e9 de que os dados demonstrem um crescimento um pouco abaixo do visto em outubro.<\/p>\n","protected":false},"excerpt":{"rendered":"<p>O que deve movimentar a semana no Brasil Com o recesso do final de ano se aproximando o cen\u00e1rio pol\u00edtico come\u00e7a a esfriar no Brasil ao menos por enquanto, e dados econ\u00f4micos se tornam os principais destaques. O que deve movimentar a semana no Brasil Boletim Focus Amanh\u00e3 (segunda-feira 03) o Boletim focus deve ser [&hellip;]<\/p>\n","protected":false},"author":2,"featured_media":7693,"comment_status":"closed","ping_status":"closed","sticky":false,"template":"","format":"standard","meta":[],"categories":[60],"tags":[711,740,793],"suno_strategy":[],"class_list":["post-7692","post","type-post","status-publish","format-standard","has-post-thumbnail","hentry","category-mercado","tag-china","tag-economia","tag-estados-unidos-eua"],"yoast_head":"<!-- This site is optimized with the Yoast SEO plugin v24.4 - https:\/\/yoast.com\/wordpress\/plugins\/seo\/ -->\n<title>A Seguir: Tr\u00e9gua na Guerra Comercial e Redu\u00e7\u00e3o do Ritmo Pol\u00edtico no Fim de Ano<\/title>\n<meta name=\"robots\" content=\"index, follow, max-snippet:-1, max-image-preview:large, max-video-preview:-1\" \/>\n<link rel=\"canonical\" href=\"https:\/\/www.suno.com.br\/noticias\/a-seguir-tregua-na-guerra-comercial-e-reducao-do-ritmo-politico-no-fim-de-ano\/\" \/>\n<meta property=\"og:locale\" content=\"pt_BR\" \/>\n<meta property=\"og:type\" content=\"article\" \/>\n<meta property=\"og:title\" content=\"A Seguir: Tr\u00e9gua na Guerra Comercial e Redu\u00e7\u00e3o do Ritmo Pol\u00edtico no Fim de Ano\" \/>\n<meta property=\"og:description\" content=\"O que deve movimentar a semana no Brasil Com o recesso do final de ano se aproximando o cen\u00e1rio pol\u00edtico come\u00e7a a esfriar no Brasil ao menos por enquanto, e dados econ\u00f4micos se tornam os principais destaques. O que deve movimentar a semana no Brasil Boletim Focus Amanh\u00e3 (segunda-feira 03) o Boletim focus deve ser [&hellip;]\" \/>\n<meta property=\"og:url\" content=\"https:\/\/www.suno.com.br\/noticias\/a-seguir-tregua-na-guerra-comercial-e-reducao-do-ritmo-politico-no-fim-de-ano\/\" \/>\n<meta property=\"og:site_name\" content=\"Suno Not\u00edcias\" \/>\n<meta property=\"article:publisher\" content=\"https:\/\/facebook.com\/sunoresearch\" \/>\n<meta property=\"article:author\" content=\"https:\/\/www.facebook.com\/joaovitor2763\" \/>\n<meta property=\"og:image\" content=\"https:\/\/files.sunoresearch.com.br\/n\/uploads\/2018\/12\/76d081e6-ga\u0301s-natural-e-petro\u0301leo.jpg\" \/>\n\t<meta property=\"og:image:width\" content=\"1200\" \/>\n\t<meta property=\"og:image:height\" content=\"755\" \/>\n\t<meta property=\"og:image:type\" content=\"image\/jpeg\" \/>\n<meta name=\"author\" content=\"Jo\u00e3o Vitor Chaves Silva\" \/>\n<meta name=\"twitter:card\" content=\"summary_large_image\" \/>\n<meta name=\"twitter:creator\" content=\"@https:\/\/twitter.com\/joaovitor2763\" \/>\n<meta name=\"twitter:site\" content=\"@sunoresearch\" \/>\n<meta name=\"twitter:label1\" content=\"Escrito por\" \/>\n\t<meta name=\"twitter:data1\" content=\"Jo\u00e3o Vitor Chaves Silva\" \/>\n\t<meta name=\"twitter:label2\" content=\"Est. tempo de leitura\" \/>\n\t<meta name=\"twitter:data2\" content=\"3 minutos\" \/>\n<script type=\"application\/ld+json\" class=\"yoast-schema-graph\">{\"@context\":\"https:\/\/schema.org\",\"@graph\":[{\"@type\":\"NewsArticle\",\"@id\":\"https:\/\/www.suno.com.br\/noticias\/a-seguir-tregua-na-guerra-comercial-e-reducao-do-ritmo-politico-no-fim-de-ano\/#article\",\"isPartOf\":{\"@id\":\"https:\/\/www.suno.com.br\/noticias\/a-seguir-tregua-na-guerra-comercial-e-reducao-do-ritmo-politico-no-fim-de-ano\/\"},\"author\":{\"name\":\"Jo\u00e3o Vitor Chaves Silva\",\"@id\":\"https:\/\/www.suno.com.br\/noticias\/#\/schema\/person\/962c5e214a16b408badbd2e3e889decc\"},\"headline\":\"A Seguir: Tr\u00e9gua na Guerra Comercial e Redu\u00e7\u00e3o do Ritmo Pol\u00edtico no Fim de Ano\",\"datePublished\":\"2018-12-02T15:57:31+00:00\",\"dateModified\":\"2021-02-18T20:56:04+00:00\",\"mainEntityOfPage\":{\"@id\":\"https:\/\/www.suno.com.br\/noticias\/a-seguir-tregua-na-guerra-comercial-e-reducao-do-ritmo-politico-no-fim-de-ano\/\"},\"wordCount\":595,\"publisher\":{\"@id\":\"https:\/\/www.suno.com.br\/noticias\/#organization\"},\"image\":{\"@id\":\"https:\/\/www.suno.com.br\/noticias\/a-seguir-tregua-na-guerra-comercial-e-reducao-do-ritmo-politico-no-fim-de-ano\/#primaryimage\"},\"thumbnailUrl\":\"https:\/\/files.sunoresearch.com.br\/n\/uploads\/2018\/12\/76d081e6-ga\u0301s-natural-e-petro\u0301leo-jpg.webp\",\"keywords\":[\"China\",\"Economia\",\"Estados Unidos (EUA)\"],\"articleSection\":[\"Mercado\"],\"inLanguage\":\"pt-BR\"},{\"@type\":\"WebPage\",\"@id\":\"https:\/\/www.suno.com.br\/noticias\/a-seguir-tregua-na-guerra-comercial-e-reducao-do-ritmo-politico-no-fim-de-ano\/\",\"url\":\"https:\/\/www.suno.com.br\/noticias\/a-seguir-tregua-na-guerra-comercial-e-reducao-do-ritmo-politico-no-fim-de-ano\/\",\"name\":\"A Seguir: Tr\u00e9gua na Guerra Comercial e Redu\u00e7\u00e3o do Ritmo Pol\u00edtico no Fim de Ano\",\"isPartOf\":{\"@id\":\"https:\/\/www.suno.com.br\/noticias\/#website\"},\"primaryImageOfPage\":{\"@id\":\"https:\/\/www.suno.com.br\/noticias\/a-seguir-tregua-na-guerra-comercial-e-reducao-do-ritmo-politico-no-fim-de-ano\/#primaryimage\"},\"image\":{\"@id\":\"https:\/\/www.suno.com.br\/noticias\/a-seguir-tregua-na-guerra-comercial-e-reducao-do-ritmo-politico-no-fim-de-ano\/#primaryimage\"},\"thumbnailUrl\":\"https:\/\/files.sunoresearch.com.br\/n\/uploads\/2018\/12\/76d081e6-ga\u0301s-natural-e-petro\u0301leo-jpg.webp\",\"datePublished\":\"2018-12-02T15:57:31+00:00\",\"dateModified\":\"2021-02-18T20:56:04+00:00\",\"breadcrumb\":{\"@id\":\"https:\/\/www.suno.com.br\/noticias\/a-seguir-tregua-na-guerra-comercial-e-reducao-do-ritmo-politico-no-fim-de-ano\/#breadcrumb\"},\"inLanguage\":\"pt-BR\",\"potentialAction\":[{\"@type\":\"ReadAction\",\"target\":[\"https:\/\/www.suno.com.br\/noticias\/a-seguir-tregua-na-guerra-comercial-e-reducao-do-ritmo-politico-no-fim-de-ano\/\"]}]},{\"@type\":\"ImageObject\",\"inLanguage\":\"pt-BR\",\"@id\":\"https:\/\/www.suno.com.br\/noticias\/a-seguir-tregua-na-guerra-comercial-e-reducao-do-ritmo-politico-no-fim-de-ano\/#primaryimage\",\"url\":\"https:\/\/files.sunoresearch.com.br\/n\/uploads\/2018\/12\/76d081e6-ga\u0301s-natural-e-petro\u0301leo-jpg.webp\",\"contentUrl\":\"https:\/\/files.sunoresearch.com.br\/n\/uploads\/2018\/12\/76d081e6-ga\u0301s-natural-e-petro\u0301leo-jpg.webp\",\"width\":1200,\"height\":755},{\"@type\":\"BreadcrumbList\",\"@id\":\"https:\/\/www.suno.com.br\/noticias\/a-seguir-tregua-na-guerra-comercial-e-reducao-do-ritmo-politico-no-fim-de-ano\/#breadcrumb\",\"itemListElement\":[{\"@type\":\"ListItem\",\"position\":1,\"name\":\"Not\u00edcias\",\"item\":\"https:\/\/www.suno.com.br\/noticias\/\"},{\"@type\":\"ListItem\",\"position\":2,\"name\":\"Mercado\",\"item\":\"https:\/\/www.suno.com.br\/noticias\/mercado\/\"},{\"@type\":\"ListItem\",\"position\":3,\"name\":\"A Seguir: Tr\u00e9gua na Guerra Comercial e Redu\u00e7\u00e3o do Ritmo Pol\u00edtico no Fim de Ano\"}]},{\"@type\":\"WebSite\",\"@id\":\"https:\/\/www.suno.com.br\/noticias\/#website\",\"url\":\"https:\/\/www.suno.com.br\/noticias\/\",\"name\":\"Suno Not\u00edcias\",\"description\":\"Seu portal de informa\u00e7\u00e3o sobre o mundo dos investimentos\",\"publisher\":{\"@id\":\"https:\/\/www.suno.com.br\/noticias\/#organization\"},\"potentialAction\":[{\"@type\":\"SearchAction\",\"target\":{\"@type\":\"EntryPoint\",\"urlTemplate\":\"https:\/\/www.suno.com.br\/noticias\/?s={search_term_string}\"},\"query-input\":{\"@type\":\"PropertyValueSpecification\",\"valueRequired\":true,\"valueName\":\"search_term_string\"}}],\"inLanguage\":\"pt-BR\"},{\"@type\":\"Organization\",\"@id\":\"https:\/\/www.suno.com.br\/noticias\/#organization\",\"name\":\"Suno Not\u00edcias\",\"url\":\"https:\/\/www.suno.com.br\/noticias\/\",\"logo\":{\"@type\":\"ImageObject\",\"inLanguage\":\"pt-BR\",\"@id\":\"https:\/\/www.suno.com.br\/noticias\/#\/schema\/logo\/image\/\",\"url\":\"https:\/\/files.sunoresearch.com.br\/n\/uploads\/2021\/09\/suno-logo.png\",\"contentUrl\":\"https:\/\/files.sunoresearch.com.br\/n\/uploads\/2021\/09\/suno-logo.png\",\"width\":180,\"height\":180,\"caption\":\"Suno Not\u00edcias\"},\"image\":{\"@id\":\"https:\/\/www.suno.com.br\/noticias\/#\/schema\/logo\/image\/\"},\"sameAs\":[\"https:\/\/facebook.com\/sunoresearch\",\"https:\/\/x.com\/sunoresearch\",\"https:\/\/www.instagram.com\/suno\",\"https:\/\/www.linkedin.com\/company\/suno-research\/\",\"https:\/\/www.youtube.com\/c\/sunoresearch\"]},{\"@type\":\"Person\",\"@id\":\"https:\/\/www.suno.com.br\/noticias\/#\/schema\/person\/962c5e214a16b408badbd2e3e889decc\",\"name\":\"Jo\u00e3o Vitor Chaves Silva\",\"image\":{\"@type\":\"ImageObject\",\"inLanguage\":\"pt-BR\",\"@id\":\"https:\/\/www.suno.com.br\/noticias\/#\/schema\/person\/image\/\",\"url\":\"https:\/\/secure.gravatar.com\/avatar\/e2e62d3d83007a9c98150149e35d1c78?s=96&r=g\",\"contentUrl\":\"https:\/\/secure.gravatar.com\/avatar\/e2e62d3d83007a9c98150149e35d1c78?s=96&r=g\",\"caption\":\"Jo\u00e3o Vitor Chaves Silva\"},\"description\":\"Fundador do Empreenda Junto, 2\u00ba\u00a0Maior comunidade online de empreendedores do Brasil, 1\u00ba\u00a0Brasileiro e Pessoa mais jovem a receber o t\u00edtulo de Teacher Of New Ventures And Leadership pelo MIT GEB, COO da Suno Research.\",\"sameAs\":[\"https:\/\/www.suno.com.br\",\"https:\/\/www.facebook.com\/joaovitor2763\",\"https:\/\/x.com\/https:\/\/twitter.com\/joaovitor2763\"],\"url\":\"https:\/\/www.suno.com.br\/noticias\/author\/joao-vitor\/\"}]}<\/script>\n<!-- \/ Yoast SEO plugin. -->","yoast_head_json":{"title":"A Seguir: Tr\u00e9gua na Guerra Comercial e Redu\u00e7\u00e3o do Ritmo Pol\u00edtico no Fim de Ano","robots":{"index":"index","follow":"follow","max-snippet":"max-snippet:-1","max-image-preview":"max-image-preview:large","max-video-preview":"max-video-preview:-1"},"canonical":"https:\/\/www.suno.com.br\/noticias\/a-seguir-tregua-na-guerra-comercial-e-reducao-do-ritmo-politico-no-fim-de-ano\/","og_locale":"pt_BR","og_type":"article","og_title":"A Seguir: Tr\u00e9gua na Guerra Comercial e Redu\u00e7\u00e3o do Ritmo Pol\u00edtico no Fim de Ano","og_description":"O que deve movimentar a semana no Brasil Com o recesso do final de ano se aproximando o cen\u00e1rio pol\u00edtico come\u00e7a a esfriar no Brasil ao menos por enquanto, e dados econ\u00f4micos se tornam os principais destaques. O que deve movimentar a semana no Brasil Boletim Focus Amanh\u00e3 (segunda-feira 03) o Boletim focus deve ser [&hellip;]","og_url":"https:\/\/www.suno.com.br\/noticias\/a-seguir-tregua-na-guerra-comercial-e-reducao-do-ritmo-politico-no-fim-de-ano\/","og_site_name":"Suno Not\u00edcias","article_publisher":"https:\/\/facebook.com\/sunoresearch","article_author":"https:\/\/www.facebook.com\/joaovitor2763","og_image":[{"width":1200,"height":755,"url":"https:\/\/files.sunoresearch.com.br\/n\/uploads\/2018\/12\/76d081e6-ga\u0301s-natural-e-petro\u0301leo.jpg","type":"image\/jpeg"}],"author":"Jo\u00e3o Vitor Chaves Silva","twitter_card":"summary_large_image","twitter_creator":"@https:\/\/twitter.com\/joaovitor2763","twitter_site":"@sunoresearch","twitter_misc":{"Escrito por":"Jo\u00e3o Vitor Chaves Silva","Est. tempo de leitura":"3 minutos"},"schema":{"@context":"https:\/\/schema.org","@graph":[{"@type":"NewsArticle","@id":"https:\/\/www.suno.com.br\/noticias\/a-seguir-tregua-na-guerra-comercial-e-reducao-do-ritmo-politico-no-fim-de-ano\/#article","isPartOf":{"@id":"https:\/\/www.suno.com.br\/noticias\/a-seguir-tregua-na-guerra-comercial-e-reducao-do-ritmo-politico-no-fim-de-ano\/"},"author":{"name":"Jo\u00e3o Vitor Chaves Silva","@id":"https:\/\/www.suno.com.br\/noticias\/#\/schema\/person\/962c5e214a16b408badbd2e3e889decc"},"headline":"A Seguir: Tr\u00e9gua na Guerra Comercial e Redu\u00e7\u00e3o do Ritmo Pol\u00edtico no Fim de Ano","datePublished":"2018-12-02T15:57:31+00:00","dateModified":"2021-02-18T20:56:04+00:00","mainEntityOfPage":{"@id":"https:\/\/www.suno.com.br\/noticias\/a-seguir-tregua-na-guerra-comercial-e-reducao-do-ritmo-politico-no-fim-de-ano\/"},"wordCount":595,"publisher":{"@id":"https:\/\/www.suno.com.br\/noticias\/#organization"},"image":{"@id":"https:\/\/www.suno.com.br\/noticias\/a-seguir-tregua-na-guerra-comercial-e-reducao-do-ritmo-politico-no-fim-de-ano\/#primaryimage"},"thumbnailUrl":"https:\/\/files.sunoresearch.com.br\/n\/uploads\/2018\/12\/76d081e6-ga\u0301s-natural-e-petro\u0301leo-jpg.webp","keywords":["China","Economia","Estados Unidos (EUA)"],"articleSection":["Mercado"],"inLanguage":"pt-BR"},{"@type":"WebPage","@id":"https:\/\/www.suno.com.br\/noticias\/a-seguir-tregua-na-guerra-comercial-e-reducao-do-ritmo-politico-no-fim-de-ano\/","url":"https:\/\/www.suno.com.br\/noticias\/a-seguir-tregua-na-guerra-comercial-e-reducao-do-ritmo-politico-no-fim-de-ano\/","name":"A Seguir: Tr\u00e9gua na Guerra Comercial e Redu\u00e7\u00e3o do Ritmo Pol\u00edtico no Fim de Ano","isPartOf":{"@id":"https:\/\/www.suno.com.br\/noticias\/#website"},"primaryImageOfPage":{"@id":"https:\/\/www.suno.com.br\/noticias\/a-seguir-tregua-na-guerra-comercial-e-reducao-do-ritmo-politico-no-fim-de-ano\/#primaryimage"},"image":{"@id":"https:\/\/www.suno.com.br\/noticias\/a-seguir-tregua-na-guerra-comercial-e-reducao-do-ritmo-politico-no-fim-de-ano\/#primaryimage"},"thumbnailUrl":"https:\/\/files.sunoresearch.com.br\/n\/uploads\/2018\/12\/76d081e6-ga\u0301s-natural-e-petro\u0301leo-jpg.webp","datePublished":"2018-12-02T15:57:31+00:00","dateModified":"2021-02-18T20:56:04+00:00","breadcrumb":{"@id":"https:\/\/www.suno.com.br\/noticias\/a-seguir-tregua-na-guerra-comercial-e-reducao-do-ritmo-politico-no-fim-de-ano\/#breadcrumb"},"inLanguage":"pt-BR","potentialAction":[{"@type":"ReadAction","target":["https:\/\/www.suno.com.br\/noticias\/a-seguir-tregua-na-guerra-comercial-e-reducao-do-ritmo-politico-no-fim-de-ano\/"]}]},{"@type":"ImageObject","inLanguage":"pt-BR","@id":"https:\/\/www.suno.com.br\/noticias\/a-seguir-tregua-na-guerra-comercial-e-reducao-do-ritmo-politico-no-fim-de-ano\/#primaryimage","url":"https:\/\/files.sunoresearch.com.br\/n\/uploads\/2018\/12\/76d081e6-ga\u0301s-natural-e-petro\u0301leo-jpg.webp","contentUrl":"https:\/\/files.sunoresearch.com.br\/n\/uploads\/2018\/12\/76d081e6-ga\u0301s-natural-e-petro\u0301leo-jpg.webp","width":1200,"height":755},{"@type":"BreadcrumbList","@id":"https:\/\/www.suno.com.br\/noticias\/a-seguir-tregua-na-guerra-comercial-e-reducao-do-ritmo-politico-no-fim-de-ano\/#breadcrumb","itemListElement":[{"@type":"ListItem","position":1,"name":"Not\u00edcias","item":"https:\/\/www.suno.com.br\/noticias\/"},{"@type":"ListItem","position":2,"name":"Mercado","item":"https:\/\/www.suno.com.br\/noticias\/mercado\/"},{"@type":"ListItem","position":3,"name":"A Seguir: Tr\u00e9gua na Guerra Comercial e Redu\u00e7\u00e3o do Ritmo Pol\u00edtico no Fim de Ano"}]},{"@type":"WebSite","@id":"https:\/\/www.suno.com.br\/noticias\/#website","url":"https:\/\/www.suno.com.br\/noticias\/","name":"Suno Not\u00edcias","description":"Seu portal de informa\u00e7\u00e3o sobre o mundo dos investimentos","publisher":{"@id":"https:\/\/www.suno.com.br\/noticias\/#organization"},"potentialAction":[{"@type":"SearchAction","target":{"@type":"EntryPoint","urlTemplate":"https:\/\/www.suno.com.br\/noticias\/?s={search_term_string}"},"query-input":{"@type":"PropertyValueSpecification","valueRequired":true,"valueName":"search_term_string"}}],"inLanguage":"pt-BR"},{"@type":"Organization","@id":"https:\/\/www.suno.com.br\/noticias\/#organization","name":"Suno Not\u00edcias","url":"https:\/\/www.suno.com.br\/noticias\/","logo":{"@type":"ImageObject","inLanguage":"pt-BR","@id":"https:\/\/www.suno.com.br\/noticias\/#\/schema\/logo\/image\/","url":"https:\/\/files.sunoresearch.com.br\/n\/uploads\/2021\/09\/suno-logo.png","contentUrl":"https:\/\/files.sunoresearch.com.br\/n\/uploads\/2021\/09\/suno-logo.png","width":180,"height":180,"caption":"Suno Not\u00edcias"},"image":{"@id":"https:\/\/www.suno.com.br\/noticias\/#\/schema\/logo\/image\/"},"sameAs":["https:\/\/facebook.com\/sunoresearch","https:\/\/x.com\/sunoresearch","https:\/\/www.instagram.com\/suno","https:\/\/www.linkedin.com\/company\/suno-research\/","https:\/\/www.youtube.com\/c\/sunoresearch"]},{"@type":"Person","@id":"https:\/\/www.suno.com.br\/noticias\/#\/schema\/person\/962c5e214a16b408badbd2e3e889decc","name":"Jo\u00e3o Vitor Chaves Silva","image":{"@type":"ImageObject","inLanguage":"pt-BR","@id":"https:\/\/www.suno.com.br\/noticias\/#\/schema\/person\/image\/","url":"https:\/\/secure.gravatar.com\/avatar\/e2e62d3d83007a9c98150149e35d1c78?s=96&r=g","contentUrl":"https:\/\/secure.gravatar.com\/avatar\/e2e62d3d83007a9c98150149e35d1c78?s=96&r=g","caption":"Jo\u00e3o Vitor Chaves Silva"},"description":"Fundador do Empreenda Junto, 2\u00ba\u00a0Maior comunidade online de empreendedores do Brasil, 1\u00ba\u00a0Brasileiro e Pessoa mais jovem a receber o t\u00edtulo de Teacher Of New Ventures And Leadership pelo MIT GEB, COO da Suno Research.","sameAs":["https:\/\/www.suno.com.br","https:\/\/www.facebook.com\/joaovitor2763","https:\/\/x.com\/https:\/\/twitter.com\/joaovitor2763"],"url":"https:\/\/www.suno.com.br\/noticias\/author\/joao-vitor\/"}]}},"default_loop_html":"<div class=\"cardsPage__listCard__boxs\"><div class=\"cardsPage__listCard__boxs__img\"><a href=\"https:\/\/www.suno.com.br\/noticias\/a-seguir-tregua-na-guerra-comercial-e-reducao-do-ritmo-politico-no-fim-de-ano\/\"><img class=\"mask\" src=\"https:\/\/www.suno.com.br\/noticias\/wp-content\/themes\/suno\/resources\/images\/spotlight\/spotlight1img\/bg-mask.png\" alt=\"Image Mask\"\/><img src=\"https:\/\/files.sunoresearch.com.br\/n\/uploads\/2018\/12\/76d081e6-ga\u0301s-natural-e-petro\u0301leo-400x200.webp\" alt=\"A Seguir: Tr\u00e9gua na Guerra Comercial e Redu\u00e7\u00e3o do Ritmo Pol\u00edtico no Fim de Ano\"\/><\/a><span class=\"spotlightCategory\"><a href=\"https:\/\/www.suno.com.br\/noticias\/mercado\/\">Mercado<\/a><\/span><\/div><div class=\"cardsPage__listCard__boxs__content\"><a href=\"https:\/\/www.suno.com.br\/noticias\/a-seguir-tregua-na-guerra-comercial-e-reducao-do-ritmo-politico-no-fim-de-ano\/\"><h2 class=\"content__title\">A Seguir: Tr\u00e9gua na Guerra Comercial e Redu\u00e7\u00e3o do Ritmo Pol\u00edtico no Fim de Ano<\/h2><\/a><div class=\"newsContent__article__meta\"><div class=\"newsContent__article__meta__authorBox\"><a href=\"https:\/\/www.suno.com.br\/noticias\/author\/joao-vitor\/\" class=\"authorBox__avatar noMobi\"><img src=\"https:\/\/secure.gravatar.com\/avatar\/e2e62d3d83007a9c98150149e35d1c78?s=96&#038;r=g\" alt=\"Jo\u00e3o Vitor Chaves Silva\"><\/a><div class=\"authorBox__name\"><span>por\n\t\t\t<a href=\"https:\/\/www.suno.com.br\/noticias\/author\/joao-vitor\/\"><span itemprop=\"author\">Jo\u00e3o Vitor Chaves Silva<\/span><\/a><\/span><time datetime=\"2018-12-02T13:57:31-02:00\" itemprop=\"datePublished\">02\/12\/2018 13:57<\/time><\/div><\/div><\/div><\/div><\/div>","single_layout":"posts","amp_enabled":true,"_links":{"self":[{"href":"https:\/\/www.suno.com.br\/noticias\/wp-json\/wp\/v2\/posts\/7692"}],"collection":[{"href":"https:\/\/www.suno.com.br\/noticias\/wp-json\/wp\/v2\/posts"}],"about":[{"href":"https:\/\/www.suno.com.br\/noticias\/wp-json\/wp\/v2\/types\/post"}],"author":[{"embeddable":true,"href":"https:\/\/www.suno.com.br\/noticias\/wp-json\/wp\/v2\/users\/2"}],"replies":[{"embeddable":true,"href":"https:\/\/www.suno.com.br\/noticias\/wp-json\/wp\/v2\/comments?post=7692"}],"version-history":[{"count":0,"href":"https:\/\/www.suno.com.br\/noticias\/wp-json\/wp\/v2\/posts\/7692\/revisions"}],"wp:featuredmedia":[{"embeddable":true,"href":"https:\/\/www.suno.com.br\/noticias\/wp-json\/wp\/v2\/media\/7693"}],"wp:attachment":[{"href":"https:\/\/www.suno.com.br\/noticias\/wp-json\/wp\/v2\/media?parent=7692"}],"wp:term":[{"taxonomy":"category","embeddable":true,"href":"https:\/\/www.suno.com.br\/noticias\/wp-json\/wp\/v2\/categories?post=7692"},{"taxonomy":"post_tag","embeddable":true,"href":"https:\/\/www.suno.com.br\/noticias\/wp-json\/wp\/v2\/tags?post=7692"},{"taxonomy":"suno_strategy","embeddable":true,"href":"https:\/\/www.suno.com.br\/noticias\/wp-json\/wp\/v2\/suno_strategy?post=7692"}],"curies":[{"name":"wp","href":"https:\/\/api.w.org\/{rel}","templated":true}]}}