{"id":76875,"date":"2020-08-06T19:34:52","date_gmt":"2020-08-06T22:34:52","guid":{"rendered":"https:\/\/www.suno.com.br\/noticias\/?p=76875"},"modified":"2020-08-13T18:27:13","modified_gmt":"2020-08-13T21:27:13","slug":"trump-voltara-impor-imposto-sobre-aluminio-canadense","status":"publish","type":"post","link":"https:\/\/www.suno.com.br\/noticias\/trump-voltara-impor-imposto-sobre-aluminio-canadense\/","title":{"rendered":"Trump voltar\u00e1 a impor imposto sobre o alum\u00ednio canadense"},"content":{"rendered":"<p>O <a href=\"https:\/\/www.suno.com.br\/tudo-sobre\/donald-trump\/\">presidente dos Estados Unidos, <strong>Donald Trump,<\/strong><\/a> decidiu implementar novamente o imposto sobre o alum\u00ednio importado do Canad\u00e1. A medida anunciada nesta quinta-feira (6) vem \u00e0 tona um m\u00eas ap\u00f3s o governo estadunidense fechar o novo acordo comercial com o M\u00e9xico e o Canad\u00e1, visando reduzir as barreiras comerciais na Am\u00e9rica do Norte.<\/p>\t<div class=\"wrapper-featured-image\">\n\t\t<figure class=\"spotlightImg\">\n\n\t\t\t<picture>\n\t\t\t\t<source media=\"(max-width: 768px)\" srcset=\"https:\/\/files.sunoresearch.com.br\/n\/uploads\/2020\/08\/00ff85df-presidente-dos-estados-unidos-donald-trump-400x200.webp\">\n\t\t\t\t<img loading=\"lazy\" decoding=\"async\" class=\"newsContent__article__imgCapa lazyloadDisabled \" src=\"https:\/\/files.sunoresearch.com.br\/n\/uploads\/2020\/08\/00ff85df-presidente-dos-estados-unidos-donald-trump-800x450.webp\" width=\"800\" height=\"450\" alt=\"Trump voltar\u00e1 a impor imposto sobre o alum\u00ednio canadense\" fetchpriority=high \/>\n\t\t\t<\/picture>\n\n\t\t\t<figcaption class=\"wp-caption-text wp-caption-text--show\">O presidente dos Estados Unidos, Donald Trump. (foto: divulga\u00e7\u00e3o)<\/figcaption>\n\t\t<\/figure>\n\t<\/div>\n\n\n<div class=\"hubspot-form-wrapper\">\n\t<div id=\"single-form-target\"><\/div>\n<\/div>\n\n<p>\u201cHoje cedo assinei uma proclama\u00e7\u00e3o que defende a ind\u00fastria americana impondo tarifas de <strong>alum\u00ednio<\/strong> no <strong>Canad\u00e1<\/strong>\u201d, disse o presidente Trump durante um discurso em uma f\u00e1brica da <strong>Whirlpool<\/strong> em Ohio. \u201cO Canad\u00e1 estava se aproveitando de n\u00f3s, como sempre\u201d, disse ele. \u201cO neg\u00f3cio do alum\u00ednio estava sendo dizimado pelo Canad\u00e1, o que \u00e9 muito injusto com nossos empregos e nossos excelentes trabalhadores de alum\u00ednio.&#8221;<\/p>\n<p>Grandes grupos empresariais criticaram a decis\u00e3o do presidente.<\/p>\n<p><a href=\"https:\/\/lp.suno.com.br\/suno-one\/\">No Suno One voc\u00ea aprende a fazer seu dinheiro para trabalhar para voc\u00ea. Cadastre-se gratuitamente agora!<\/a><\/p>\n<p>\u201cEssas tarifas aumentar\u00e3o os custos para os fabricantes americanos, ter\u00e3o a oposi\u00e7\u00e3o da maioria dos produtores de alum\u00ednio dos <strong>EUA<\/strong> e retaliar\u00e3o as exporta\u00e7\u00f5es dos EUA &#8211; assim como fizeram antes\u201d, disse <strong>Myron Brilliant<\/strong>, vice-presidente executivo e chefe de assuntos internacionais da C\u00e2mara de com\u00e9rcio dos EUA. \u201cPedimos ao governo para reconsiderar essa medida.\u201d<\/p>\n<p><strong>Jim McGreevy<\/strong>, presidente do <strong>Beer Institute<\/strong>, que representa os fabricantes de cerveja americanos, disse que as tarifas foram um erro: \u201cOs Estados Unidos importam mais alum\u00ednio prim\u00e1rio do Canad\u00e1 do que de qualquer outro pa\u00eds, tornando o Canad\u00e1 uma pe\u00e7a-chave em muitos processos de fabrica\u00e7\u00e3o americanos, incluindo a cadeia de abastecimento de cerveja\u201d, disse McGreevy, acrescentando que s\u00f3 a ind\u00fastria de bebidas pagou US$ 582 milh\u00f5es em tarifas desde que entraram em vigor em 2018. \u201cEstamos em contra da decis\u00e3o de re-implementar os impostos do alum\u00ednio a um dos aliados mais importantes do nosso pa\u00eds.\u201d<\/p>\n<h2>Em ano de elei\u00e7\u00e3o, Trump volta a implementar medidas protecionistas<\/h2>\n<p>Al\u00e9m das tarifas, Trump planeja assinar uma ordem executiva que exigiria ao governo federal adquirir certos medicamentos essenciais somente de fabricantes norte-americanos.<\/p>\n<p><a href=\"https:\/\/www.suno.com.br\/noticias\/trump-ordenara-governo-compre-medicamentos-empresas-americanas\/\">Veja Tamb\u00e9m: Trump ordenar\u00e1 que governo compre rem\u00e9dios de empresas americanas<\/a><\/p>\n<p>Adicionalmente, a Casa Branca disse que <strong>Trump<\/strong> tamb\u00e9m orientar\u00e1 a Food and Drug Administration (<strong>FDA<\/strong>), principal reguladora de medicamentos dos Estados Unidos, a priorizar os fabricantes nacionais ao examinar medicamentos essenciais e ingredientes essenciais.<\/p>\n\n","protected":false},"excerpt":{"rendered":"<p>O presidente dos Estados Unidos, Donald Trump, decidiu implementar novamente o imposto sobre o alum\u00ednio importado do Canad\u00e1. A medida anunciada nesta quinta-feira (6) vem \u00e0 tona um m\u00eas ap\u00f3s o governo estadunidense fechar o novo acordo comercial com o M\u00e9xico e o Canad\u00e1, visando reduzir as barreiras comerciais na Am\u00e9rica do Norte. O presidente [&hellip;]<\/p>\n","protected":false},"author":44,"featured_media":76881,"comment_status":"closed","ping_status":"closed","sticky":false,"template":"","format":"standard","meta":[],"categories":[62,63],"tags":[1546,1112,728,724,729],"suno_strategy":[],"class_list":["post-76875","post","type-post","status-publish","format-standard","has-post-thumbnail","hentry","category-economia","category-internacional","tag-acordo-comercial","tag-aluminio","tag-canada","tag-donald-trump","tag-mexico"],"yoast_head":"<!-- This site is optimized with the Yoast SEO plugin v24.4 - https:\/\/yoast.com\/wordpress\/plugins\/seo\/ -->\n<title>Trump voltar\u00e1 a impor imposto sobre o alum\u00ednio canadense<\/title>\n<meta name=\"description\" content=\"O presidente Donald Trump decidiu implementar novamente o imposto sobre o alum\u00ednio importado do Canad\u00e1. Clique para ver mais.\" \/>\n<meta name=\"robots\" content=\"index, follow, max-snippet:-1, max-image-preview:large, max-video-preview:-1\" \/>\n<link rel=\"canonical\" href=\"https:\/\/www.suno.com.br\/noticias\/trump-voltara-impor-imposto-sobre-aluminio-canadense\/\" \/>\n<meta property=\"og:locale\" content=\"pt_BR\" \/>\n<meta property=\"og:type\" content=\"article\" \/>\n<meta property=\"og:title\" content=\"Trump voltar\u00e1 a impor imposto sobre o alum\u00ednio canadense\" \/>\n<meta property=\"og:description\" content=\"O presidente Donald Trump decidiu implementar novamente o imposto sobre o alum\u00ednio importado do Canad\u00e1. Clique para ver mais.\" \/>\n<meta property=\"og:url\" content=\"https:\/\/www.suno.com.br\/noticias\/trump-voltara-impor-imposto-sobre-aluminio-canadense\/\" \/>\n<meta property=\"og:site_name\" content=\"Suno Not\u00edcias\" \/>\n<meta property=\"article:publisher\" content=\"https:\/\/facebook.com\/sunoresearch\" \/>\n<meta property=\"og:image\" content=\"https:\/\/files.sunoresearch.com.br\/n\/uploads\/2020\/08\/00ff85df-presidente-dos-estados-unidos-donald-trump.jpg\" \/>\n\t<meta property=\"og:image:width\" content=\"1024\" \/>\n\t<meta property=\"og:image:height\" content=\"683\" \/>\n\t<meta property=\"og:image:type\" content=\"image\/jpeg\" \/>\n<meta name=\"author\" content=\"Daniel Guimar\u00e3es\" \/>\n<meta name=\"twitter:card\" content=\"summary_large_image\" \/>\n<meta name=\"twitter:creator\" content=\"@sunoresearch\" \/>\n<meta name=\"twitter:site\" content=\"@sunoresearch\" \/>\n<meta name=\"twitter:label1\" content=\"Escrito por\" \/>\n\t<meta name=\"twitter:data1\" content=\"Daniel Guimar\u00e3es\" \/>\n\t<meta name=\"twitter:label2\" content=\"Est. tempo de leitura\" \/>\n\t<meta name=\"twitter:data2\" content=\"2 minutos\" \/>\n<script type=\"application\/ld+json\" class=\"yoast-schema-graph\">{\"@context\":\"https:\/\/schema.org\",\"@graph\":[{\"@type\":\"NewsArticle\",\"@id\":\"https:\/\/www.suno.com.br\/noticias\/trump-voltara-impor-imposto-sobre-aluminio-canadense\/#article\",\"isPartOf\":{\"@id\":\"https:\/\/www.suno.com.br\/noticias\/trump-voltara-impor-imposto-sobre-aluminio-canadense\/\"},\"author\":{\"name\":\"Daniel Guimar\u00e3es\",\"@id\":\"https:\/\/www.suno.com.br\/noticias\/#\/schema\/person\/a7796c19fcf6bafd03b9a2fa1fd9ae20\"},\"headline\":\"Trump voltar\u00e1 a impor imposto sobre o alum\u00ednio canadense\",\"datePublished\":\"2020-08-06T22:34:52+00:00\",\"dateModified\":\"2020-08-13T21:27:13+00:00\",\"mainEntityOfPage\":{\"@id\":\"https:\/\/www.suno.com.br\/noticias\/trump-voltara-impor-imposto-sobre-aluminio-canadense\/\"},\"wordCount\":428,\"publisher\":{\"@id\":\"https:\/\/www.suno.com.br\/noticias\/#organization\"},\"image\":{\"@id\":\"https:\/\/www.suno.com.br\/noticias\/trump-voltara-impor-imposto-sobre-aluminio-canadense\/#primaryimage\"},\"thumbnailUrl\":\"https:\/\/files.sunoresearch.com.br\/n\/uploads\/2020\/08\/00ff85df-presidente-dos-estados-unidos-donald-trump-jpg.webp\",\"keywords\":[\"acordo comercial\",\"alum\u00ednio\",\"Canad\u00e1\",\"Donald Trump\",\"M\u00e9xico\"],\"articleSection\":[\"Economia\",\"Internacional\"],\"inLanguage\":\"pt-BR\"},{\"@type\":\"WebPage\",\"@id\":\"https:\/\/www.suno.com.br\/noticias\/trump-voltara-impor-imposto-sobre-aluminio-canadense\/\",\"url\":\"https:\/\/www.suno.com.br\/noticias\/trump-voltara-impor-imposto-sobre-aluminio-canadense\/\",\"name\":\"Trump voltar\u00e1 a impor imposto sobre o alum\u00ednio canadense\",\"isPartOf\":{\"@id\":\"https:\/\/www.suno.com.br\/noticias\/#website\"},\"primaryImageOfPage\":{\"@id\":\"https:\/\/www.suno.com.br\/noticias\/trump-voltara-impor-imposto-sobre-aluminio-canadense\/#primaryimage\"},\"image\":{\"@id\":\"https:\/\/www.suno.com.br\/noticias\/trump-voltara-impor-imposto-sobre-aluminio-canadense\/#primaryimage\"},\"thumbnailUrl\":\"https:\/\/files.sunoresearch.com.br\/n\/uploads\/2020\/08\/00ff85df-presidente-dos-estados-unidos-donald-trump-jpg.webp\",\"datePublished\":\"2020-08-06T22:34:52+00:00\",\"dateModified\":\"2020-08-13T21:27:13+00:00\",\"description\":\"O presidente Donald Trump decidiu implementar novamente o imposto sobre o alum\u00ednio importado do Canad\u00e1. Clique para ver mais.\",\"breadcrumb\":{\"@id\":\"https:\/\/www.suno.com.br\/noticias\/trump-voltara-impor-imposto-sobre-aluminio-canadense\/#breadcrumb\"},\"inLanguage\":\"pt-BR\",\"potentialAction\":[{\"@type\":\"ReadAction\",\"target\":[\"https:\/\/www.suno.com.br\/noticias\/trump-voltara-impor-imposto-sobre-aluminio-canadense\/\"]}]},{\"@type\":\"ImageObject\",\"inLanguage\":\"pt-BR\",\"@id\":\"https:\/\/www.suno.com.br\/noticias\/trump-voltara-impor-imposto-sobre-aluminio-canadense\/#primaryimage\",\"url\":\"https:\/\/files.sunoresearch.com.br\/n\/uploads\/2020\/08\/00ff85df-presidente-dos-estados-unidos-donald-trump-jpg.webp\",\"contentUrl\":\"https:\/\/files.sunoresearch.com.br\/n\/uploads\/2020\/08\/00ff85df-presidente-dos-estados-unidos-donald-trump-jpg.webp\",\"width\":1024,\"height\":683,\"caption\":\"O presidente dos Estados Unidos, Donald Trump. (foto: divulga\u00e7\u00e3o)\"},{\"@type\":\"BreadcrumbList\",\"@id\":\"https:\/\/www.suno.com.br\/noticias\/trump-voltara-impor-imposto-sobre-aluminio-canadense\/#breadcrumb\",\"itemListElement\":[{\"@type\":\"ListItem\",\"position\":1,\"name\":\"Not\u00edcias\",\"item\":\"https:\/\/www.suno.com.br\/noticias\/\"},{\"@type\":\"ListItem\",\"position\":2,\"name\":\"Economia\",\"item\":\"https:\/\/www.suno.com.br\/noticias\/economia\/\"},{\"@type\":\"ListItem\",\"position\":3,\"name\":\"Trump voltar\u00e1 a impor imposto sobre o alum\u00ednio canadense\"}]},{\"@type\":\"WebSite\",\"@id\":\"https:\/\/www.suno.com.br\/noticias\/#website\",\"url\":\"https:\/\/www.suno.com.br\/noticias\/\",\"name\":\"Suno Not\u00edcias\",\"description\":\"Seu portal de informa\u00e7\u00e3o sobre o mundo dos investimentos\",\"publisher\":{\"@id\":\"https:\/\/www.suno.com.br\/noticias\/#organization\"},\"potentialAction\":[{\"@type\":\"SearchAction\",\"target\":{\"@type\":\"EntryPoint\",\"urlTemplate\":\"https:\/\/www.suno.com.br\/noticias\/?s={search_term_string}\"},\"query-input\":{\"@type\":\"PropertyValueSpecification\",\"valueRequired\":true,\"valueName\":\"search_term_string\"}}],\"inLanguage\":\"pt-BR\"},{\"@type\":\"Organization\",\"@id\":\"https:\/\/www.suno.com.br\/noticias\/#organization\",\"name\":\"Suno Not\u00edcias\",\"url\":\"https:\/\/www.suno.com.br\/noticias\/\",\"logo\":{\"@type\":\"ImageObject\",\"inLanguage\":\"pt-BR\",\"@id\":\"https:\/\/www.suno.com.br\/noticias\/#\/schema\/logo\/image\/\",\"url\":\"https:\/\/files.sunoresearch.com.br\/n\/uploads\/2021\/09\/suno-logo.png\",\"contentUrl\":\"https:\/\/files.sunoresearch.com.br\/n\/uploads\/2021\/09\/suno-logo.png\",\"width\":180,\"height\":180,\"caption\":\"Suno Not\u00edcias\"},\"image\":{\"@id\":\"https:\/\/www.suno.com.br\/noticias\/#\/schema\/logo\/image\/\"},\"sameAs\":[\"https:\/\/facebook.com\/sunoresearch\",\"https:\/\/x.com\/sunoresearch\",\"https:\/\/www.instagram.com\/suno\",\"https:\/\/www.linkedin.com\/company\/suno-research\/\",\"https:\/\/www.youtube.com\/c\/sunoresearch\"]},{\"@type\":\"Person\",\"@id\":\"https:\/\/www.suno.com.br\/noticias\/#\/schema\/person\/a7796c19fcf6bafd03b9a2fa1fd9ae20\",\"name\":\"Daniel Guimar\u00e3es\",\"image\":{\"@type\":\"ImageObject\",\"inLanguage\":\"pt-BR\",\"@id\":\"https:\/\/www.suno.com.br\/noticias\/#\/schema\/person\/image\/\",\"url\":\"https:\/\/secure.gravatar.com\/avatar\/fb8260757609f58f0c0ac079d1b32eff?s=96&r=g\",\"contentUrl\":\"https:\/\/secure.gravatar.com\/avatar\/fb8260757609f58f0c0ac079d1b32eff?s=96&r=g\",\"caption\":\"Daniel Guimar\u00e3es\"},\"description\":\"Estagi\u00e1rio na Suno Not\u00edcias, Daniel escreve not\u00edcias que afetam o mercado financeiro brasileiro e internacional. Estuda economia na Rutgers University, em New Jersey.\",\"sameAs\":[\"suno.research\"],\"url\":\"https:\/\/www.suno.com.br\/noticias\/author\/daniel\/\"}]}<\/script>\n<!-- \/ Yoast SEO plugin. -->","yoast_head_json":{"title":"Trump voltar\u00e1 a impor imposto sobre o alum\u00ednio canadense","description":"O presidente Donald Trump decidiu implementar novamente o imposto sobre o alum\u00ednio importado do Canad\u00e1. Clique para ver mais.","robots":{"index":"index","follow":"follow","max-snippet":"max-snippet:-1","max-image-preview":"max-image-preview:large","max-video-preview":"max-video-preview:-1"},"canonical":"https:\/\/www.suno.com.br\/noticias\/trump-voltara-impor-imposto-sobre-aluminio-canadense\/","og_locale":"pt_BR","og_type":"article","og_title":"Trump voltar\u00e1 a impor imposto sobre o alum\u00ednio canadense","og_description":"O presidente Donald Trump decidiu implementar novamente o imposto sobre o alum\u00ednio importado do Canad\u00e1. Clique para ver mais.","og_url":"https:\/\/www.suno.com.br\/noticias\/trump-voltara-impor-imposto-sobre-aluminio-canadense\/","og_site_name":"Suno Not\u00edcias","article_publisher":"https:\/\/facebook.com\/sunoresearch","og_image":[{"width":1024,"height":683,"url":"https:\/\/files.sunoresearch.com.br\/n\/uploads\/2020\/08\/00ff85df-presidente-dos-estados-unidos-donald-trump.jpg","type":"image\/jpeg"}],"author":"Daniel Guimar\u00e3es","twitter_card":"summary_large_image","twitter_creator":"@sunoresearch","twitter_site":"@sunoresearch","twitter_misc":{"Escrito por":"Daniel Guimar\u00e3es","Est. tempo de leitura":"2 minutos"},"schema":{"@context":"https:\/\/schema.org","@graph":[{"@type":"NewsArticle","@id":"https:\/\/www.suno.com.br\/noticias\/trump-voltara-impor-imposto-sobre-aluminio-canadense\/#article","isPartOf":{"@id":"https:\/\/www.suno.com.br\/noticias\/trump-voltara-impor-imposto-sobre-aluminio-canadense\/"},"author":{"name":"Daniel Guimar\u00e3es","@id":"https:\/\/www.suno.com.br\/noticias\/#\/schema\/person\/a7796c19fcf6bafd03b9a2fa1fd9ae20"},"headline":"Trump voltar\u00e1 a impor imposto sobre o alum\u00ednio canadense","datePublished":"2020-08-06T22:34:52+00:00","dateModified":"2020-08-13T21:27:13+00:00","mainEntityOfPage":{"@id":"https:\/\/www.suno.com.br\/noticias\/trump-voltara-impor-imposto-sobre-aluminio-canadense\/"},"wordCount":428,"publisher":{"@id":"https:\/\/www.suno.com.br\/noticias\/#organization"},"image":{"@id":"https:\/\/www.suno.com.br\/noticias\/trump-voltara-impor-imposto-sobre-aluminio-canadense\/#primaryimage"},"thumbnailUrl":"https:\/\/files.sunoresearch.com.br\/n\/uploads\/2020\/08\/00ff85df-presidente-dos-estados-unidos-donald-trump-jpg.webp","keywords":["acordo comercial","alum\u00ednio","Canad\u00e1","Donald Trump","M\u00e9xico"],"articleSection":["Economia","Internacional"],"inLanguage":"pt-BR"},{"@type":"WebPage","@id":"https:\/\/www.suno.com.br\/noticias\/trump-voltara-impor-imposto-sobre-aluminio-canadense\/","url":"https:\/\/www.suno.com.br\/noticias\/trump-voltara-impor-imposto-sobre-aluminio-canadense\/","name":"Trump voltar\u00e1 a impor imposto sobre o alum\u00ednio canadense","isPartOf":{"@id":"https:\/\/www.suno.com.br\/noticias\/#website"},"primaryImageOfPage":{"@id":"https:\/\/www.suno.com.br\/noticias\/trump-voltara-impor-imposto-sobre-aluminio-canadense\/#primaryimage"},"image":{"@id":"https:\/\/www.suno.com.br\/noticias\/trump-voltara-impor-imposto-sobre-aluminio-canadense\/#primaryimage"},"thumbnailUrl":"https:\/\/files.sunoresearch.com.br\/n\/uploads\/2020\/08\/00ff85df-presidente-dos-estados-unidos-donald-trump-jpg.webp","datePublished":"2020-08-06T22:34:52+00:00","dateModified":"2020-08-13T21:27:13+00:00","description":"O presidente Donald Trump decidiu implementar novamente o imposto sobre o alum\u00ednio importado do Canad\u00e1. Clique para ver mais.","breadcrumb":{"@id":"https:\/\/www.suno.com.br\/noticias\/trump-voltara-impor-imposto-sobre-aluminio-canadense\/#breadcrumb"},"inLanguage":"pt-BR","potentialAction":[{"@type":"ReadAction","target":["https:\/\/www.suno.com.br\/noticias\/trump-voltara-impor-imposto-sobre-aluminio-canadense\/"]}]},{"@type":"ImageObject","inLanguage":"pt-BR","@id":"https:\/\/www.suno.com.br\/noticias\/trump-voltara-impor-imposto-sobre-aluminio-canadense\/#primaryimage","url":"https:\/\/files.sunoresearch.com.br\/n\/uploads\/2020\/08\/00ff85df-presidente-dos-estados-unidos-donald-trump-jpg.webp","contentUrl":"https:\/\/files.sunoresearch.com.br\/n\/uploads\/2020\/08\/00ff85df-presidente-dos-estados-unidos-donald-trump-jpg.webp","width":1024,"height":683,"caption":"O presidente dos Estados Unidos, Donald Trump. (foto: divulga\u00e7\u00e3o)"},{"@type":"BreadcrumbList","@id":"https:\/\/www.suno.com.br\/noticias\/trump-voltara-impor-imposto-sobre-aluminio-canadense\/#breadcrumb","itemListElement":[{"@type":"ListItem","position":1,"name":"Not\u00edcias","item":"https:\/\/www.suno.com.br\/noticias\/"},{"@type":"ListItem","position":2,"name":"Economia","item":"https:\/\/www.suno.com.br\/noticias\/economia\/"},{"@type":"ListItem","position":3,"name":"Trump voltar\u00e1 a impor imposto sobre o alum\u00ednio canadense"}]},{"@type":"WebSite","@id":"https:\/\/www.suno.com.br\/noticias\/#website","url":"https:\/\/www.suno.com.br\/noticias\/","name":"Suno Not\u00edcias","description":"Seu portal de informa\u00e7\u00e3o sobre o mundo dos investimentos","publisher":{"@id":"https:\/\/www.suno.com.br\/noticias\/#organization"},"potentialAction":[{"@type":"SearchAction","target":{"@type":"EntryPoint","urlTemplate":"https:\/\/www.suno.com.br\/noticias\/?s={search_term_string}"},"query-input":{"@type":"PropertyValueSpecification","valueRequired":true,"valueName":"search_term_string"}}],"inLanguage":"pt-BR"},{"@type":"Organization","@id":"https:\/\/www.suno.com.br\/noticias\/#organization","name":"Suno Not\u00edcias","url":"https:\/\/www.suno.com.br\/noticias\/","logo":{"@type":"ImageObject","inLanguage":"pt-BR","@id":"https:\/\/www.suno.com.br\/noticias\/#\/schema\/logo\/image\/","url":"https:\/\/files.sunoresearch.com.br\/n\/uploads\/2021\/09\/suno-logo.png","contentUrl":"https:\/\/files.sunoresearch.com.br\/n\/uploads\/2021\/09\/suno-logo.png","width":180,"height":180,"caption":"Suno Not\u00edcias"},"image":{"@id":"https:\/\/www.suno.com.br\/noticias\/#\/schema\/logo\/image\/"},"sameAs":["https:\/\/facebook.com\/sunoresearch","https:\/\/x.com\/sunoresearch","https:\/\/www.instagram.com\/suno","https:\/\/www.linkedin.com\/company\/suno-research\/","https:\/\/www.youtube.com\/c\/sunoresearch"]},{"@type":"Person","@id":"https:\/\/www.suno.com.br\/noticias\/#\/schema\/person\/a7796c19fcf6bafd03b9a2fa1fd9ae20","name":"Daniel Guimar\u00e3es","image":{"@type":"ImageObject","inLanguage":"pt-BR","@id":"https:\/\/www.suno.com.br\/noticias\/#\/schema\/person\/image\/","url":"https:\/\/secure.gravatar.com\/avatar\/fb8260757609f58f0c0ac079d1b32eff?s=96&r=g","contentUrl":"https:\/\/secure.gravatar.com\/avatar\/fb8260757609f58f0c0ac079d1b32eff?s=96&r=g","caption":"Daniel Guimar\u00e3es"},"description":"Estagi\u00e1rio na Suno Not\u00edcias, Daniel escreve not\u00edcias que afetam o mercado financeiro brasileiro e internacional. Estuda economia na Rutgers University, em New Jersey.","sameAs":["suno.research"],"url":"https:\/\/www.suno.com.br\/noticias\/author\/daniel\/"}]}},"default_loop_html":"<div class=\"cardsPage__listCard__boxs\"><div class=\"cardsPage__listCard__boxs__img\"><a href=\"https:\/\/www.suno.com.br\/noticias\/trump-voltara-impor-imposto-sobre-aluminio-canadense\/\"><img class=\"mask\" src=\"https:\/\/www.suno.com.br\/noticias\/wp-content\/themes\/suno\/resources\/images\/spotlight\/spotlight1img\/bg-mask.png\" alt=\"Image Mask\"\/><img src=\"https:\/\/files.sunoresearch.com.br\/n\/uploads\/2020\/08\/00ff85df-presidente-dos-estados-unidos-donald-trump-400x200.webp\" alt=\"Trump voltar\u00e1 a impor imposto sobre o alum\u00ednio canadense\"\/><\/a><span class=\"spotlightCategory\"><a href=\"https:\/\/www.suno.com.br\/noticias\/economia\/\">Economia<\/a><\/span><\/div><div class=\"cardsPage__listCard__boxs__content\"><a href=\"https:\/\/www.suno.com.br\/noticias\/trump-voltara-impor-imposto-sobre-aluminio-canadense\/\"><h2 class=\"content__title\">Trump voltar\u00e1 a impor imposto sobre o alum\u00ednio canadense<\/h2><\/a><div class=\"newsContent__article__meta\"><div class=\"newsContent__article__meta__authorBox\"><a href=\"https:\/\/www.suno.com.br\/noticias\/author\/daniel\/\" class=\"authorBox__avatar noMobi\"><img src=\"https:\/\/files.sunoresearch.com.br\/n\/uploads\/2020\/08\/e51aadd2-whatsapp-image-2020-08-03-at-14.03.48-150x150.webp\" alt=\"Daniel Guimar\u00e3es\"><\/a><div class=\"authorBox__name\"><span>por\n\t\t\t<a href=\"https:\/\/www.suno.com.br\/noticias\/author\/daniel\/\"><span itemprop=\"author\">Daniel Guimar\u00e3es<\/span><\/a><\/span><time datetime=\"2020-08-06T19:34:52-03:00\" itemprop=\"datePublished\">06\/08\/2020 19:34<\/time><\/div><\/div><\/div><\/div><\/div>","single_layout":"posts","amp_enabled":true,"_links":{"self":[{"href":"https:\/\/www.suno.com.br\/noticias\/wp-json\/wp\/v2\/posts\/76875"}],"collection":[{"href":"https:\/\/www.suno.com.br\/noticias\/wp-json\/wp\/v2\/posts"}],"about":[{"href":"https:\/\/www.suno.com.br\/noticias\/wp-json\/wp\/v2\/types\/post"}],"author":[{"embeddable":true,"href":"https:\/\/www.suno.com.br\/noticias\/wp-json\/wp\/v2\/users\/44"}],"replies":[{"embeddable":true,"href":"https:\/\/www.suno.com.br\/noticias\/wp-json\/wp\/v2\/comments?post=76875"}],"version-history":[{"count":0,"href":"https:\/\/www.suno.com.br\/noticias\/wp-json\/wp\/v2\/posts\/76875\/revisions"}],"wp:featuredmedia":[{"embeddable":true,"href":"https:\/\/www.suno.com.br\/noticias\/wp-json\/wp\/v2\/media\/76881"}],"wp:attachment":[{"href":"https:\/\/www.suno.com.br\/noticias\/wp-json\/wp\/v2\/media?parent=76875"}],"wp:term":[{"taxonomy":"category","embeddable":true,"href":"https:\/\/www.suno.com.br\/noticias\/wp-json\/wp\/v2\/categories?post=76875"},{"taxonomy":"post_tag","embeddable":true,"href":"https:\/\/www.suno.com.br\/noticias\/wp-json\/wp\/v2\/tags?post=76875"},{"taxonomy":"suno_strategy","embeddable":true,"href":"https:\/\/www.suno.com.br\/noticias\/wp-json\/wp\/v2\/suno_strategy?post=76875"}],"curies":[{"name":"wp","href":"https:\/\/api.w.org\/{rel}","templated":true}]}}