{"id":76863,"date":"2020-08-06T18:34:15","date_gmt":"2020-08-06T21:34:15","guid":{"rendered":"https:\/\/www.suno.com.br\/noticias\/?p=76863"},"modified":"2021-06-21T06:19:24","modified_gmt":"2021-06-21T09:19:24","slug":"uber-incapaz-recuperar-pandemia-reporta-prejuizo","status":"publish","type":"post","link":"https:\/\/www.suno.com.br\/noticias\/uber-incapaz-recuperar-pandemia-reporta-prejuizo\/","title":{"rendered":"Uber \u00e9 incapaz de se recuperar na pandemia e reporta preju\u00edzo"},"content":{"rendered":"<p>A <strong>Uber<\/strong> divulgou nesta quinta-feira (6) seu <a href=\"https:\/\/www.suno.com.br\/artigos\/o-que-e-balanco-patrimonial\/\">balan\u00e7o<\/a> referente ao segundo trimestre de 2020. Nesse per\u00edodo, a empresa demonstrou sua dificuldade financeira causada pelos impactos da pandemia do coronav\u00edrus (covid-19).<\/p>\t<div class=\"wrapper-featured-image\">\n\t\t<figure class=\"spotlightImg\">\n\n\t\t\t<picture>\n\t\t\t\t<source media=\"(max-width: 768px)\" srcset=\"https:\/\/files.sunoresearch.com.br\/n\/uploads\/2020\/08\/46261770-uber-enfrenta-dificuldades-durante-a-pandemia-400x200.webp\">\n\t\t\t\t<img loading=\"lazy\" decoding=\"async\" class=\"newsContent__article__imgCapa lazyloadDisabled \" src=\"https:\/\/files.sunoresearch.com.br\/n\/uploads\/2020\/08\/46261770-uber-enfrenta-dificuldades-durante-a-pandemia-800x450.webp\" width=\"800\" height=\"450\" alt=\"Uber \u00e9 incapaz de se recuperar na pandemia e reporta preju\u00edzo\" fetchpriority=high \/>\n\t\t\t<\/picture>\n\n\t\t\t<figcaption class=\"wp-caption-text wp-caption-text--show\">Uber enfrenta dificuldades durante a pandemia<\/figcaption>\n\t\t<\/figure>\n\t<\/div>\n\n\n<div class=\"hubspot-form-wrapper\">\n\t<div id=\"single-form-target\"><\/div>\n<\/div>\n\n<p>No trimestre, as reservas brutas, m\u00e9trica que indica o n\u00famero de pedidos realizados pelos usu\u00e1rios do aplicativo, para o servi\u00e7o de transporte da Uber ca\u00edram 75% em rela\u00e7\u00e3o aos tr\u00eas meses encerrados em 30 de junho de 2019, disse a empresa com sede em San Francisco na quinta-feira. Com todo o segundo trimestre afetado pelo surto da Covid-19, as reservas ca\u00edram 72% em rela\u00e7\u00e3o ao primeiro trimestre, quando a pandemia come\u00e7ou.<\/p>\n<p>O <a href=\"https:\/\/www.suno.com.br\/artigos\/ceo\/\">presidente-executivo<\/a> da Uber, <strong>Dara Khosrowshahi<\/strong>, disse em maio que havia visto os primeiros sinais de recupera\u00e7\u00e3o no n\u00famero de passageiros, j\u00e1 que algumas regi\u00f5es estavam facilitando as medidas de &#8220;<strong>lockdown<\/strong>&#8220;. Por\u00e9m a situa\u00e7\u00e3o mudou com o ressurgimento do n\u00famero de casos do v\u00edrus, limitando novamente o n\u00famero de passageiros.<\/p>\n<p><a href=\"https:\/\/lp.suno.com.br\/suno-one\/\">No Suno One voc\u00ea aprende a fazer seu dinheiro para trabalhar para voc\u00ea. Cadastre-se gratuitamente agora!<\/a><\/p>\n<p>A <a href=\"https:\/\/www.suno.com.br\/artigos\/receita-total\/\">receita total<\/a> trimestral caiu 29% para US$ 2,24 bilh\u00f5es (cerca de R$ 11,95), de US $ 3,17 bilh\u00f5es no mesmo per\u00edodo do ano anterior. As reservas brutas gerais, incluindo o neg\u00f3cio de entrega de alimentos da Uber e outras opera\u00e7\u00f5es, ca\u00edram 35% ano a ano, para um valor total de US$ 10,22 bilh\u00f5es. Os resultados estavam amplamente em linha com as expectativas j\u00e1 modestas de <a href=\"https:\/\/www.suno.com.br\/artigos\/wall-street\/\">Wall Street<\/a>. Analistas consultados pela <strong>FactSet<\/strong> previam uma receita de US$ 2,08 bilh\u00f5es e reservas brutas com valor total de US$ 10,53 bilh\u00f5es.<\/p>\n<p>O Uber registrou um <a href=\"https:\/\/www.suno.com.br\/artigos\/lucro-liquido\/\">preju\u00edzo l\u00edquido<\/a> de US$ 1,8 bilh\u00e3o, muito menor do que no per\u00edodo do ano passado, quando os custos atrelados \u00e0 sua <a href=\"https:\/\/www.suno.com.br\/artigos\/vale-pena-investir-em-um-ipo\/\">Oferta P\u00fablica Inicial (<strong>IPO<\/strong>)<\/a> geraram seu maior preju\u00edzo trimestral. Excluindo esses custos n\u00e3o-recorrentes, seu <a href=\"https:\/\/www.suno.com.br\/artigos\/ebitda-ajustado\/\">preju\u00edzo ajustado no segundo trimestre antes de juros, impostos, deprecia\u00e7\u00e3o e amortiza\u00e7\u00e3o (Ebitda Ajustado)<\/a> aumentou para US$ 837 milh\u00f5es, em compara\u00e7\u00e3o com um preju\u00edzo ajustado de US$ 656 milh\u00f5es no mesmo per\u00edodo do ano anterior.<\/p>\n<p>Khosrowshahi prometeu que a Uber teria um Ebitda ajustado atrativo antes do final do ano, mas retirou essa previs\u00e3o em abril, por causa da crise de sa\u00fade p\u00fablica. Na quinta-feira, a empresa reafirmou a esperan\u00e7a de atingir essa marca no pr\u00f3ximo ano.<\/p>\n<p>A Uber introduziu uma s\u00e9rie de medidas em maio para economizar mais de US$ 1 bilh\u00e3o em custos fixos, incluindo cortes de empregos. A empresa registrou US$ 382 milh\u00f5es em custos de reestrutura\u00e7\u00e3o no segundo trimestre, vinculados aos seus esfor\u00e7os para se tornar mais enxuta.<\/p>\n<p>O segmento de transporte, apesar da queda no n\u00famero de passageiros, permaneceu lucrativo em uma base ajustada, sinalizando que a decis\u00e3o da empresa antes da pandemia, de se concentrar no crescimento lucrativo ap\u00f3s anos de perdas, est\u00e1 mostrando resultados.<\/p>\n<p><a href=\"https:\/\/www.suno.com.br\/noticias\/sony-microsoft-guerra-consoles\/\">Veja Tamb\u00e9m: Sony e Microsoft iniciam mais uma temporada da guerra dos consoles<\/a><\/p>\n<p>O setor de entrega de alimentos delivery da Uber tem sido um ponto positivo durante a pandemia, com pessoas presas em casa. As reservas mais que dobraram ano ap\u00f3s ano e avan\u00e7aram 49% no primeiro trimestre. &#8220;\u00c0 medida que algumas pessoas ficam mais tempo em casa, mais pessoas encomendam o <strong>Uber Eats<\/strong>&#8220;, disse Khosrowshahi.<\/p>\n<p>O segmento Eats perdeu US$ 232 milh\u00f5es no trimestre em uma base ajustada em um mercado de entrega de alimentos acirrado, onde o lucro tem sido amplamente ilus\u00f3rio. A <strong>Uber<\/strong> tentou reduzir essas perdas, e os resultados do segundo trimestre foram o melhor desempenho trimestral para os neg\u00f3cios da Eats.<\/p>\n\n","protected":false},"excerpt":{"rendered":"<p>A Uber divulgou nesta quinta-feira (6) seu balan\u00e7o referente ao segundo trimestre de 2020. Nesse per\u00edodo, a empresa demonstrou sua dificuldade financeira causada pelos impactos da pandemia do coronav\u00edrus (covid-19). Uber enfrenta dificuldades durante a pandemia No trimestre, as reservas brutas, m\u00e9trica que indica o n\u00famero de pedidos realizados pelos usu\u00e1rios do aplicativo, para o [&hellip;]<\/p>\n","protected":false},"author":44,"featured_media":76865,"comment_status":"closed","ping_status":"closed","sticky":false,"template":"","format":"standard","meta":[],"categories":[64],"tags":[2487,1607,954],"suno_strategy":[],"class_list":["post-76863","post","type-post","status-publish","format-standard","has-post-thumbnail","hentry","category-negocios","tag-coronavirus","tag-resultado-das-empresas","tag-uber-u1be34"],"yoast_head":"<!-- This site is optimized with the Yoast SEO plugin v24.4 - https:\/\/yoast.com\/wordpress\/plugins\/seo\/ -->\n<title>Uber \u00e9 incapaz de se recuperar na pandemia e reporta preju\u00edzo<\/title>\n<meta name=\"description\" content=\"A Uber divulgou nesta quinta-feira (6) seu balan\u00e7o referente ao segundo trimestre de 2020. Clique para ver mais.\" \/>\n<meta name=\"robots\" content=\"index, follow, max-snippet:-1, max-image-preview:large, max-video-preview:-1\" \/>\n<link rel=\"canonical\" href=\"https:\/\/www.suno.com.br\/noticias\/uber-incapaz-recuperar-pandemia-reporta-prejuizo\/\" \/>\n<meta property=\"og:locale\" content=\"pt_BR\" \/>\n<meta property=\"og:type\" content=\"article\" \/>\n<meta property=\"og:title\" content=\"Uber \u00e9 incapaz de se recuperar na pandemia e reporta preju\u00edzo\" \/>\n<meta property=\"og:description\" content=\"A Uber divulgou nesta quinta-feira (6) seu balan\u00e7o referente ao segundo trimestre de 2020. Clique para ver mais.\" \/>\n<meta property=\"og:url\" content=\"https:\/\/www.suno.com.br\/noticias\/uber-incapaz-recuperar-pandemia-reporta-prejuizo\/\" \/>\n<meta property=\"og:site_name\" content=\"Suno Not\u00edcias\" \/>\n<meta property=\"article:publisher\" content=\"https:\/\/facebook.com\/sunoresearch\" \/>\n<meta property=\"og:image\" content=\"https:\/\/files.sunoresearch.com.br\/n\/uploads\/2020\/08\/46261770-uber-enfrenta-dificuldades-durante-a-pandemia.jpg\" \/>\n\t<meta property=\"og:image:width\" content=\"1024\" \/>\n\t<meta property=\"og:image:height\" content=\"683\" \/>\n\t<meta property=\"og:image:type\" content=\"image\/jpeg\" \/>\n<meta name=\"author\" content=\"Daniel Guimar\u00e3es\" \/>\n<meta name=\"twitter:card\" content=\"summary_large_image\" \/>\n<meta name=\"twitter:creator\" content=\"@sunoresearch\" \/>\n<meta name=\"twitter:site\" content=\"@sunoresearch\" \/>\n<meta name=\"twitter:label1\" content=\"Escrito por\" \/>\n\t<meta name=\"twitter:data1\" content=\"Daniel Guimar\u00e3es\" \/>\n\t<meta name=\"twitter:label2\" content=\"Est. tempo de leitura\" \/>\n\t<meta name=\"twitter:data2\" content=\"3 minutos\" \/>\n<script type=\"application\/ld+json\" class=\"yoast-schema-graph\">{\"@context\":\"https:\/\/schema.org\",\"@graph\":[{\"@type\":\"NewsArticle\",\"@id\":\"https:\/\/www.suno.com.br\/noticias\/uber-incapaz-recuperar-pandemia-reporta-prejuizo\/#article\",\"isPartOf\":{\"@id\":\"https:\/\/www.suno.com.br\/noticias\/uber-incapaz-recuperar-pandemia-reporta-prejuizo\/\"},\"author\":{\"name\":\"Daniel Guimar\u00e3es\",\"@id\":\"https:\/\/www.suno.com.br\/noticias\/#\/schema\/person\/a7796c19fcf6bafd03b9a2fa1fd9ae20\"},\"headline\":\"Uber \u00e9 incapaz de se recuperar na pandemia e reporta preju\u00edzo\",\"datePublished\":\"2020-08-06T21:34:15+00:00\",\"dateModified\":\"2021-06-21T09:19:24+00:00\",\"mainEntityOfPage\":{\"@id\":\"https:\/\/www.suno.com.br\/noticias\/uber-incapaz-recuperar-pandemia-reporta-prejuizo\/\"},\"wordCount\":643,\"publisher\":{\"@id\":\"https:\/\/www.suno.com.br\/noticias\/#organization\"},\"image\":{\"@id\":\"https:\/\/www.suno.com.br\/noticias\/uber-incapaz-recuperar-pandemia-reporta-prejuizo\/#primaryimage\"},\"thumbnailUrl\":\"https:\/\/files.sunoresearch.com.br\/n\/uploads\/2020\/08\/46261770-uber-enfrenta-dificuldades-durante-a-pandemia-jpg.webp\",\"keywords\":[\"coronav\u00edrus\",\"Resultado das empresas\",\"Uber (U1BE34)\"],\"articleSection\":[\"Neg\u00f3cios\"],\"inLanguage\":\"pt-BR\"},{\"@type\":\"WebPage\",\"@id\":\"https:\/\/www.suno.com.br\/noticias\/uber-incapaz-recuperar-pandemia-reporta-prejuizo\/\",\"url\":\"https:\/\/www.suno.com.br\/noticias\/uber-incapaz-recuperar-pandemia-reporta-prejuizo\/\",\"name\":\"Uber \u00e9 incapaz de se recuperar na pandemia e reporta preju\u00edzo\",\"isPartOf\":{\"@id\":\"https:\/\/www.suno.com.br\/noticias\/#website\"},\"primaryImageOfPage\":{\"@id\":\"https:\/\/www.suno.com.br\/noticias\/uber-incapaz-recuperar-pandemia-reporta-prejuizo\/#primaryimage\"},\"image\":{\"@id\":\"https:\/\/www.suno.com.br\/noticias\/uber-incapaz-recuperar-pandemia-reporta-prejuizo\/#primaryimage\"},\"thumbnailUrl\":\"https:\/\/files.sunoresearch.com.br\/n\/uploads\/2020\/08\/46261770-uber-enfrenta-dificuldades-durante-a-pandemia-jpg.webp\",\"datePublished\":\"2020-08-06T21:34:15+00:00\",\"dateModified\":\"2021-06-21T09:19:24+00:00\",\"description\":\"A Uber divulgou nesta quinta-feira (6) seu balan\u00e7o referente ao segundo trimestre de 2020. Clique para ver mais.\",\"breadcrumb\":{\"@id\":\"https:\/\/www.suno.com.br\/noticias\/uber-incapaz-recuperar-pandemia-reporta-prejuizo\/#breadcrumb\"},\"inLanguage\":\"pt-BR\",\"potentialAction\":[{\"@type\":\"ReadAction\",\"target\":[\"https:\/\/www.suno.com.br\/noticias\/uber-incapaz-recuperar-pandemia-reporta-prejuizo\/\"]}]},{\"@type\":\"ImageObject\",\"inLanguage\":\"pt-BR\",\"@id\":\"https:\/\/www.suno.com.br\/noticias\/uber-incapaz-recuperar-pandemia-reporta-prejuizo\/#primaryimage\",\"url\":\"https:\/\/files.sunoresearch.com.br\/n\/uploads\/2020\/08\/46261770-uber-enfrenta-dificuldades-durante-a-pandemia-jpg.webp\",\"contentUrl\":\"https:\/\/files.sunoresearch.com.br\/n\/uploads\/2020\/08\/46261770-uber-enfrenta-dificuldades-durante-a-pandemia-jpg.webp\",\"width\":1024,\"height\":683,\"caption\":\"Uber enfrenta dificuldades durante a pandemia\"},{\"@type\":\"BreadcrumbList\",\"@id\":\"https:\/\/www.suno.com.br\/noticias\/uber-incapaz-recuperar-pandemia-reporta-prejuizo\/#breadcrumb\",\"itemListElement\":[{\"@type\":\"ListItem\",\"position\":1,\"name\":\"Not\u00edcias\",\"item\":\"https:\/\/www.suno.com.br\/noticias\/\"},{\"@type\":\"ListItem\",\"position\":2,\"name\":\"Neg\u00f3cios\",\"item\":\"https:\/\/www.suno.com.br\/noticias\/negocios\/\"},{\"@type\":\"ListItem\",\"position\":3,\"name\":\"Uber \u00e9 incapaz de se recuperar na pandemia e reporta preju\u00edzo\"}]},{\"@type\":\"WebSite\",\"@id\":\"https:\/\/www.suno.com.br\/noticias\/#website\",\"url\":\"https:\/\/www.suno.com.br\/noticias\/\",\"name\":\"Suno Not\u00edcias\",\"description\":\"Seu portal de informa\u00e7\u00e3o sobre o mundo dos investimentos\",\"publisher\":{\"@id\":\"https:\/\/www.suno.com.br\/noticias\/#organization\"},\"potentialAction\":[{\"@type\":\"SearchAction\",\"target\":{\"@type\":\"EntryPoint\",\"urlTemplate\":\"https:\/\/www.suno.com.br\/noticias\/?s={search_term_string}\"},\"query-input\":{\"@type\":\"PropertyValueSpecification\",\"valueRequired\":true,\"valueName\":\"search_term_string\"}}],\"inLanguage\":\"pt-BR\"},{\"@type\":\"Organization\",\"@id\":\"https:\/\/www.suno.com.br\/noticias\/#organization\",\"name\":\"Suno Not\u00edcias\",\"url\":\"https:\/\/www.suno.com.br\/noticias\/\",\"logo\":{\"@type\":\"ImageObject\",\"inLanguage\":\"pt-BR\",\"@id\":\"https:\/\/www.suno.com.br\/noticias\/#\/schema\/logo\/image\/\",\"url\":\"https:\/\/files.sunoresearch.com.br\/n\/uploads\/2021\/09\/suno-logo.png\",\"contentUrl\":\"https:\/\/files.sunoresearch.com.br\/n\/uploads\/2021\/09\/suno-logo.png\",\"width\":180,\"height\":180,\"caption\":\"Suno Not\u00edcias\"},\"image\":{\"@id\":\"https:\/\/www.suno.com.br\/noticias\/#\/schema\/logo\/image\/\"},\"sameAs\":[\"https:\/\/facebook.com\/sunoresearch\",\"https:\/\/x.com\/sunoresearch\",\"https:\/\/www.instagram.com\/suno\",\"https:\/\/www.linkedin.com\/company\/suno-research\/\",\"https:\/\/www.youtube.com\/c\/sunoresearch\"]},{\"@type\":\"Person\",\"@id\":\"https:\/\/www.suno.com.br\/noticias\/#\/schema\/person\/a7796c19fcf6bafd03b9a2fa1fd9ae20\",\"name\":\"Daniel Guimar\u00e3es\",\"image\":{\"@type\":\"ImageObject\",\"inLanguage\":\"pt-BR\",\"@id\":\"https:\/\/www.suno.com.br\/noticias\/#\/schema\/person\/image\/\",\"url\":\"https:\/\/secure.gravatar.com\/avatar\/fb8260757609f58f0c0ac079d1b32eff?s=96&r=g\",\"contentUrl\":\"https:\/\/secure.gravatar.com\/avatar\/fb8260757609f58f0c0ac079d1b32eff?s=96&r=g\",\"caption\":\"Daniel Guimar\u00e3es\"},\"description\":\"Estagi\u00e1rio na Suno Not\u00edcias, Daniel escreve not\u00edcias que afetam o mercado financeiro brasileiro e internacional. Estuda economia na Rutgers University, em New Jersey.\",\"sameAs\":[\"suno.research\"],\"url\":\"https:\/\/www.suno.com.br\/noticias\/author\/daniel\/\"}]}<\/script>\n<!-- \/ Yoast SEO plugin. -->","yoast_head_json":{"title":"Uber \u00e9 incapaz de se recuperar na pandemia e reporta preju\u00edzo","description":"A Uber divulgou nesta quinta-feira (6) seu balan\u00e7o referente ao segundo trimestre de 2020. Clique para ver mais.","robots":{"index":"index","follow":"follow","max-snippet":"max-snippet:-1","max-image-preview":"max-image-preview:large","max-video-preview":"max-video-preview:-1"},"canonical":"https:\/\/www.suno.com.br\/noticias\/uber-incapaz-recuperar-pandemia-reporta-prejuizo\/","og_locale":"pt_BR","og_type":"article","og_title":"Uber \u00e9 incapaz de se recuperar na pandemia e reporta preju\u00edzo","og_description":"A Uber divulgou nesta quinta-feira (6) seu balan\u00e7o referente ao segundo trimestre de 2020. Clique para ver mais.","og_url":"https:\/\/www.suno.com.br\/noticias\/uber-incapaz-recuperar-pandemia-reporta-prejuizo\/","og_site_name":"Suno Not\u00edcias","article_publisher":"https:\/\/facebook.com\/sunoresearch","og_image":[{"width":1024,"height":683,"url":"https:\/\/files.sunoresearch.com.br\/n\/uploads\/2020\/08\/46261770-uber-enfrenta-dificuldades-durante-a-pandemia.jpg","type":"image\/jpeg"}],"author":"Daniel Guimar\u00e3es","twitter_card":"summary_large_image","twitter_creator":"@sunoresearch","twitter_site":"@sunoresearch","twitter_misc":{"Escrito por":"Daniel Guimar\u00e3es","Est. tempo de leitura":"3 minutos"},"schema":{"@context":"https:\/\/schema.org","@graph":[{"@type":"NewsArticle","@id":"https:\/\/www.suno.com.br\/noticias\/uber-incapaz-recuperar-pandemia-reporta-prejuizo\/#article","isPartOf":{"@id":"https:\/\/www.suno.com.br\/noticias\/uber-incapaz-recuperar-pandemia-reporta-prejuizo\/"},"author":{"name":"Daniel Guimar\u00e3es","@id":"https:\/\/www.suno.com.br\/noticias\/#\/schema\/person\/a7796c19fcf6bafd03b9a2fa1fd9ae20"},"headline":"Uber \u00e9 incapaz de se recuperar na pandemia e reporta preju\u00edzo","datePublished":"2020-08-06T21:34:15+00:00","dateModified":"2021-06-21T09:19:24+00:00","mainEntityOfPage":{"@id":"https:\/\/www.suno.com.br\/noticias\/uber-incapaz-recuperar-pandemia-reporta-prejuizo\/"},"wordCount":643,"publisher":{"@id":"https:\/\/www.suno.com.br\/noticias\/#organization"},"image":{"@id":"https:\/\/www.suno.com.br\/noticias\/uber-incapaz-recuperar-pandemia-reporta-prejuizo\/#primaryimage"},"thumbnailUrl":"https:\/\/files.sunoresearch.com.br\/n\/uploads\/2020\/08\/46261770-uber-enfrenta-dificuldades-durante-a-pandemia-jpg.webp","keywords":["coronav\u00edrus","Resultado das empresas","Uber (U1BE34)"],"articleSection":["Neg\u00f3cios"],"inLanguage":"pt-BR"},{"@type":"WebPage","@id":"https:\/\/www.suno.com.br\/noticias\/uber-incapaz-recuperar-pandemia-reporta-prejuizo\/","url":"https:\/\/www.suno.com.br\/noticias\/uber-incapaz-recuperar-pandemia-reporta-prejuizo\/","name":"Uber \u00e9 incapaz de se recuperar na pandemia e reporta preju\u00edzo","isPartOf":{"@id":"https:\/\/www.suno.com.br\/noticias\/#website"},"primaryImageOfPage":{"@id":"https:\/\/www.suno.com.br\/noticias\/uber-incapaz-recuperar-pandemia-reporta-prejuizo\/#primaryimage"},"image":{"@id":"https:\/\/www.suno.com.br\/noticias\/uber-incapaz-recuperar-pandemia-reporta-prejuizo\/#primaryimage"},"thumbnailUrl":"https:\/\/files.sunoresearch.com.br\/n\/uploads\/2020\/08\/46261770-uber-enfrenta-dificuldades-durante-a-pandemia-jpg.webp","datePublished":"2020-08-06T21:34:15+00:00","dateModified":"2021-06-21T09:19:24+00:00","description":"A Uber divulgou nesta quinta-feira (6) seu balan\u00e7o referente ao segundo trimestre de 2020. Clique para ver mais.","breadcrumb":{"@id":"https:\/\/www.suno.com.br\/noticias\/uber-incapaz-recuperar-pandemia-reporta-prejuizo\/#breadcrumb"},"inLanguage":"pt-BR","potentialAction":[{"@type":"ReadAction","target":["https:\/\/www.suno.com.br\/noticias\/uber-incapaz-recuperar-pandemia-reporta-prejuizo\/"]}]},{"@type":"ImageObject","inLanguage":"pt-BR","@id":"https:\/\/www.suno.com.br\/noticias\/uber-incapaz-recuperar-pandemia-reporta-prejuizo\/#primaryimage","url":"https:\/\/files.sunoresearch.com.br\/n\/uploads\/2020\/08\/46261770-uber-enfrenta-dificuldades-durante-a-pandemia-jpg.webp","contentUrl":"https:\/\/files.sunoresearch.com.br\/n\/uploads\/2020\/08\/46261770-uber-enfrenta-dificuldades-durante-a-pandemia-jpg.webp","width":1024,"height":683,"caption":"Uber enfrenta dificuldades durante a pandemia"},{"@type":"BreadcrumbList","@id":"https:\/\/www.suno.com.br\/noticias\/uber-incapaz-recuperar-pandemia-reporta-prejuizo\/#breadcrumb","itemListElement":[{"@type":"ListItem","position":1,"name":"Not\u00edcias","item":"https:\/\/www.suno.com.br\/noticias\/"},{"@type":"ListItem","position":2,"name":"Neg\u00f3cios","item":"https:\/\/www.suno.com.br\/noticias\/negocios\/"},{"@type":"ListItem","position":3,"name":"Uber \u00e9 incapaz de se recuperar na pandemia e reporta preju\u00edzo"}]},{"@type":"WebSite","@id":"https:\/\/www.suno.com.br\/noticias\/#website","url":"https:\/\/www.suno.com.br\/noticias\/","name":"Suno Not\u00edcias","description":"Seu portal de informa\u00e7\u00e3o sobre o mundo dos investimentos","publisher":{"@id":"https:\/\/www.suno.com.br\/noticias\/#organization"},"potentialAction":[{"@type":"SearchAction","target":{"@type":"EntryPoint","urlTemplate":"https:\/\/www.suno.com.br\/noticias\/?s={search_term_string}"},"query-input":{"@type":"PropertyValueSpecification","valueRequired":true,"valueName":"search_term_string"}}],"inLanguage":"pt-BR"},{"@type":"Organization","@id":"https:\/\/www.suno.com.br\/noticias\/#organization","name":"Suno Not\u00edcias","url":"https:\/\/www.suno.com.br\/noticias\/","logo":{"@type":"ImageObject","inLanguage":"pt-BR","@id":"https:\/\/www.suno.com.br\/noticias\/#\/schema\/logo\/image\/","url":"https:\/\/files.sunoresearch.com.br\/n\/uploads\/2021\/09\/suno-logo.png","contentUrl":"https:\/\/files.sunoresearch.com.br\/n\/uploads\/2021\/09\/suno-logo.png","width":180,"height":180,"caption":"Suno Not\u00edcias"},"image":{"@id":"https:\/\/www.suno.com.br\/noticias\/#\/schema\/logo\/image\/"},"sameAs":["https:\/\/facebook.com\/sunoresearch","https:\/\/x.com\/sunoresearch","https:\/\/www.instagram.com\/suno","https:\/\/www.linkedin.com\/company\/suno-research\/","https:\/\/www.youtube.com\/c\/sunoresearch"]},{"@type":"Person","@id":"https:\/\/www.suno.com.br\/noticias\/#\/schema\/person\/a7796c19fcf6bafd03b9a2fa1fd9ae20","name":"Daniel Guimar\u00e3es","image":{"@type":"ImageObject","inLanguage":"pt-BR","@id":"https:\/\/www.suno.com.br\/noticias\/#\/schema\/person\/image\/","url":"https:\/\/secure.gravatar.com\/avatar\/fb8260757609f58f0c0ac079d1b32eff?s=96&r=g","contentUrl":"https:\/\/secure.gravatar.com\/avatar\/fb8260757609f58f0c0ac079d1b32eff?s=96&r=g","caption":"Daniel Guimar\u00e3es"},"description":"Estagi\u00e1rio na Suno Not\u00edcias, Daniel escreve not\u00edcias que afetam o mercado financeiro brasileiro e internacional. Estuda economia na Rutgers University, em New Jersey.","sameAs":["suno.research"],"url":"https:\/\/www.suno.com.br\/noticias\/author\/daniel\/"}]}},"default_loop_html":"<div class=\"cardsPage__listCard__boxs\"><div class=\"cardsPage__listCard__boxs__img\"><a href=\"https:\/\/www.suno.com.br\/noticias\/uber-incapaz-recuperar-pandemia-reporta-prejuizo\/\"><img class=\"mask\" src=\"https:\/\/www.suno.com.br\/noticias\/wp-content\/themes\/suno\/resources\/images\/spotlight\/spotlight1img\/bg-mask.png\" alt=\"Image Mask\"\/><img src=\"https:\/\/files.sunoresearch.com.br\/n\/uploads\/2020\/08\/46261770-uber-enfrenta-dificuldades-durante-a-pandemia-400x200.webp\" alt=\"Uber \u00e9 incapaz de se recuperar na pandemia e reporta preju\u00edzo\"\/><\/a><span class=\"spotlightCategory\"><a href=\"https:\/\/www.suno.com.br\/noticias\/negocios\/\">Neg\u00f3cios<\/a><\/span><\/div><div class=\"cardsPage__listCard__boxs__content\"><a href=\"https:\/\/www.suno.com.br\/noticias\/uber-incapaz-recuperar-pandemia-reporta-prejuizo\/\"><h2 class=\"content__title\">Uber \u00e9 incapaz de se recuperar na pandemia e reporta preju\u00edzo<\/h2><\/a><div class=\"newsContent__article__meta\"><div class=\"newsContent__article__meta__authorBox\"><a href=\"https:\/\/www.suno.com.br\/noticias\/author\/daniel\/\" class=\"authorBox__avatar noMobi\"><img src=\"https:\/\/files.sunoresearch.com.br\/n\/uploads\/2020\/08\/e51aadd2-whatsapp-image-2020-08-03-at-14.03.48-150x150.webp\" alt=\"Daniel Guimar\u00e3es\"><\/a><div class=\"authorBox__name\"><span>por\n\t\t\t<a href=\"https:\/\/www.suno.com.br\/noticias\/author\/daniel\/\"><span itemprop=\"author\">Daniel Guimar\u00e3es<\/span><\/a><\/span><time datetime=\"2020-08-06T18:34:15-03:00\" itemprop=\"datePublished\">06\/08\/2020 18:34<\/time><\/div><\/div><\/div><\/div><\/div>","single_layout":"posts","amp_enabled":true,"_links":{"self":[{"href":"https:\/\/www.suno.com.br\/noticias\/wp-json\/wp\/v2\/posts\/76863"}],"collection":[{"href":"https:\/\/www.suno.com.br\/noticias\/wp-json\/wp\/v2\/posts"}],"about":[{"href":"https:\/\/www.suno.com.br\/noticias\/wp-json\/wp\/v2\/types\/post"}],"author":[{"embeddable":true,"href":"https:\/\/www.suno.com.br\/noticias\/wp-json\/wp\/v2\/users\/44"}],"replies":[{"embeddable":true,"href":"https:\/\/www.suno.com.br\/noticias\/wp-json\/wp\/v2\/comments?post=76863"}],"version-history":[{"count":1,"href":"https:\/\/www.suno.com.br\/noticias\/wp-json\/wp\/v2\/posts\/76863\/revisions"}],"predecessor-version":[{"id":159668,"href":"https:\/\/www.suno.com.br\/noticias\/wp-json\/wp\/v2\/posts\/76863\/revisions\/159668"}],"wp:featuredmedia":[{"embeddable":true,"href":"https:\/\/www.suno.com.br\/noticias\/wp-json\/wp\/v2\/media\/76865"}],"wp:attachment":[{"href":"https:\/\/www.suno.com.br\/noticias\/wp-json\/wp\/v2\/media?parent=76863"}],"wp:term":[{"taxonomy":"category","embeddable":true,"href":"https:\/\/www.suno.com.br\/noticias\/wp-json\/wp\/v2\/categories?post=76863"},{"taxonomy":"post_tag","embeddable":true,"href":"https:\/\/www.suno.com.br\/noticias\/wp-json\/wp\/v2\/tags?post=76863"},{"taxonomy":"suno_strategy","embeddable":true,"href":"https:\/\/www.suno.com.br\/noticias\/wp-json\/wp\/v2\/suno_strategy?post=76863"}],"curies":[{"name":"wp","href":"https:\/\/api.w.org\/{rel}","templated":true}]}}