{"id":76811,"date":"2020-08-06T15:58:43","date_gmt":"2020-08-06T18:58:43","guid":{"rendered":"https:\/\/www.suno.com.br\/noticias\/?p=76811"},"modified":"2021-06-13T23:35:40","modified_gmt":"2021-06-14T02:35:40","slug":"tiktok-investe-primeiro-data-center-europeu-irlanda","status":"publish","type":"post","link":"https:\/\/www.suno.com.br\/noticias\/tiktok-investe-primeiro-data-center-europeu-irlanda\/","title":{"rendered":"TikTok investe 420 mi de euros em primeiro data center europeu na Irlanda"},"content":{"rendered":"<p>A rede social chinesa <strong>TikTok<\/strong>, que enfrenta amea\u00e7as de proibi\u00e7\u00f5es nos Estados Unidos e em outros pa\u00edses, comunicou nesta quinta-feira (6) que ir\u00e1 instalar seu primeiro data center europeu na Irlanda.<\/p>\t<div class=\"wrapper-featured-image\">\n\t\t<figure class=\"spotlightImg\">\n\n\t\t\t<picture>\n\t\t\t\t<source media=\"(max-width: 768px)\" srcset=\"https:\/\/files.sunoresearch.com.br\/n\/uploads\/2020\/08\/6a90f36a-tiktok-ponk-400x200.webp\">\n\t\t\t\t<img loading=\"lazy\" decoding=\"async\" class=\"newsContent__article__imgCapa lazyloadDisabled \" src=\"https:\/\/files.sunoresearch.com.br\/n\/uploads\/2020\/08\/6a90f36a-tiktok-ponk-800x450.webp\" width=\"800\" height=\"450\" alt=\"TikTok investe 420 mi de euros em primeiro data center europeu na Irlanda\" fetchpriority=high \/>\n\t\t\t<\/picture>\n\n\t\t\t<figcaption class=\"wp-caption-text wp-caption-text--show\">O jornal &quot;Financial Times&quot; publicou que o TikTok deve se tornar uma empresa aut\u00f4noma nos EUA para agradar a Casa Branca e evitar um banimento<\/figcaption>\n\t\t<\/figure>\n\t<\/div>\n\n\n<div class=\"hubspot-form-wrapper\">\n\t<div id=\"single-form-target\"><\/div>\n<\/div>\n\n<p>Com isso, a empresa ir\u00e1 expandir sua presen\u00e7a no pa\u00eds onde j\u00e1 possu\u00eda um centro para lidar com quest\u00f5es regulat\u00f3rias locais. O an\u00fancio acontece ap\u00f3s a controladora do TikTok <a href=\"https:\/\/www.suno.com.br\/noticias\/dona-tiktok-abir-sede-fora-eua\/\">ByteDance informar que mantinha planos para mudar a sede do aplicativo para fora dos Estados Unidos<\/a>.<\/p>\n<p>A companhia investiu 420 milh\u00f5es de euros do TikTok na Irlanda em meio \u00e0s tens\u00f5es entre os governos de Washington e Pequim. A disputa geopol\u00edtica entre as duas maiores pot\u00eancias econ\u00f4micas do mundo se estende desde um conflito comercial, passando pelo atrito na prov\u00edncia de Hong Kong, at\u00e9 a gest\u00e3o da pandemia de covid-19.<\/p>\n<p><a href=\"https:\/\/lp.suno.com.br\/suno-one\/\">Suno One: acesse gratuitamente eBooks, Minicursos, Artigos e Video Aulas sobre investimentos com um \u00fanico cadastro. Clique para saber mais!<\/a><\/p>\n<p>A decis\u00e3o de mudan\u00e7a da sede da rede social chinesa, contudo, se deve \u00e0s recentes acusa\u00e7\u00f5es de que a plataforma poderia ser utilizada pelo governo chin\u00eas para espionar cidad\u00e3os e empresas norte-americanas. As alega\u00e7\u00f5es v\u00eam tanto de congressistas como de membros da administra\u00e7\u00e3o de Donald Trump, ap\u00f3s o TikTok registrar um crescimento estrondoso nos \u00faltimos meses.<\/p>\n<h2>TikTok sinaliza compromisso de longo prazo com a Irlanda<\/h2>\n<p>Com isso, o chefe global de seguran\u00e7a da informa\u00e7\u00e3o do TikTok, Roland Cloutier, sinalizou o compromisso de longo prazo da m\u00eddia social com a Irlanda.<\/p>\n<p>Em janeiro, a empresa estabeleceu na capital Dublin, o \u201cTrust and Safety Hub\u201d, que cuida de quest\u00f5es de reguladores e governos na Europa, Oriente M\u00e9dio e \u00c1frica. A rede social, ent\u00e3o, transferiu sua supervis\u00e3o de privacidade dos usu\u00e1rios europeus para o pa\u00eds em junho e comunicou que suas entidades irlandesas e brit\u00e2nicas ir\u00e3o assumir o controle do gerenciamento e prote\u00e7\u00e3o dos dados pessoais de seus usu\u00e1rios na Europa.<\/p>\n\t<div data-element=\"shortcode-read-more\" class=\"knowMore\">\n\t\t\t\t<span class=\"knowMore__title\">Saiba mais<\/span>\n\t\t\t\t<a class=\"knowMore__link\" href=\"https:\/\/www.suno.com.br\/noticias\/microsoft-mantem-interesse-tiktok-operacao-global\/\">\n\t\t\tMicrosoft mant\u00e9m interesse no TikTok e buscar\u00e1 comprar opera\u00e7\u00e3o global\t\t<\/a>\n\t<\/div>\n\n\n<p>\u201cA decis\u00e3o do <strong>TikTok<\/strong> de estabelecer seu primeiro data center europeu na Irlanda \u00e9 muito bem-vinda e posiciona a Irlanda como um local importante nas opera\u00e7\u00f5es globais da empresa\u201d, declarou o chefe da ag\u00eancia estatal irlandesa a cargo de atrair investimentos estrangeiros, Martin Shanahan.<\/p>\n\n","protected":false},"excerpt":{"rendered":"<p>A rede social chinesa TikTok, que enfrenta amea\u00e7as de proibi\u00e7\u00f5es nos Estados Unidos e em outros pa\u00edses, comunicou nesta quinta-feira (6) que ir\u00e1 instalar seu primeiro data center europeu na Irlanda. O jornal &quot;Financial Times&quot; publicou que o TikTok deve se tornar uma empresa aut\u00f4noma nos EUA para agradar a Casa Branca e evitar um [&hellip;]<\/p>\n","protected":false},"author":35,"featured_media":76821,"comment_status":"closed","ping_status":"closed","sticky":false,"template":"","format":"standard","meta":[],"categories":[63],"tags":[793,1579,2070],"suno_strategy":[],"class_list":["post-76811","post","type-post","status-publish","format-standard","has-post-thumbnail","hentry","category-internacional","tag-estados-unidos-eua","tag-irlanda","tag-tiktok"],"yoast_head":"<!-- This site is optimized with the Yoast SEO plugin v24.4 - https:\/\/yoast.com\/wordpress\/plugins\/seo\/ -->\n<title>TikTok investe 420 mi de euros em primeiro data center europeu na Irlanda<\/title>\n<meta name=\"description\" content=\"A TikTok, amea\u00e7ada de proibi\u00e7\u00e3o nos EUA, comunicou que ir\u00e1 instalar seu primeiro data center europeu na Irlanda. Clique para saber mais\" \/>\n<meta name=\"robots\" content=\"index, follow, max-snippet:-1, max-image-preview:large, max-video-preview:-1\" \/>\n<link rel=\"canonical\" href=\"https:\/\/www.suno.com.br\/noticias\/tiktok-investe-primeiro-data-center-europeu-irlanda\/\" \/>\n<meta property=\"og:locale\" content=\"pt_BR\" \/>\n<meta property=\"og:type\" content=\"article\" \/>\n<meta property=\"og:title\" content=\"TikTok investe 420 mi de euros em primeiro data center europeu na Irlanda\" \/>\n<meta property=\"og:description\" content=\"A TikTok, amea\u00e7ada de proibi\u00e7\u00e3o nos EUA, comunicou que ir\u00e1 instalar seu primeiro data center europeu na Irlanda. Clique para saber mais\" \/>\n<meta property=\"og:url\" content=\"https:\/\/www.suno.com.br\/noticias\/tiktok-investe-primeiro-data-center-europeu-irlanda\/\" \/>\n<meta property=\"og:site_name\" content=\"Suno Not\u00edcias\" \/>\n<meta property=\"article:publisher\" content=\"https:\/\/facebook.com\/sunoresearch\" \/>\n<meta property=\"og:image\" content=\"https:\/\/files.sunoresearch.com.br\/n\/uploads\/2020\/08\/6a90f36a-tiktok-ponk.jpg\" \/>\n\t<meta property=\"og:image:width\" content=\"1024\" \/>\n\t<meta property=\"og:image:height\" content=\"683\" \/>\n\t<meta property=\"og:image:type\" content=\"image\/jpeg\" \/>\n<meta name=\"author\" content=\"Arthur Guimar\u00e3es\" \/>\n<meta name=\"twitter:card\" content=\"summary_large_image\" \/>\n<meta name=\"twitter:creator\" content=\"@sunoresearch\" \/>\n<meta name=\"twitter:site\" content=\"@sunoresearch\" \/>\n<meta name=\"twitter:label1\" content=\"Escrito por\" \/>\n\t<meta name=\"twitter:data1\" content=\"Arthur Guimar\u00e3es\" \/>\n\t<meta name=\"twitter:label2\" content=\"Est. tempo de leitura\" \/>\n\t<meta name=\"twitter:data2\" content=\"2 minutos\" \/>\n<script type=\"application\/ld+json\" class=\"yoast-schema-graph\">{\"@context\":\"https:\/\/schema.org\",\"@graph\":[{\"@type\":\"NewsArticle\",\"@id\":\"https:\/\/www.suno.com.br\/noticias\/tiktok-investe-primeiro-data-center-europeu-irlanda\/#article\",\"isPartOf\":{\"@id\":\"https:\/\/www.suno.com.br\/noticias\/tiktok-investe-primeiro-data-center-europeu-irlanda\/\"},\"author\":{\"name\":\"Arthur Guimar\u00e3es\",\"@id\":\"https:\/\/www.suno.com.br\/noticias\/#\/schema\/person\/053a750a709a263919a20f976caae91c\"},\"headline\":\"TikTok investe 420 mi de euros em primeiro data center europeu na Irlanda\",\"datePublished\":\"2020-08-06T18:58:43+00:00\",\"dateModified\":\"2021-06-14T02:35:40+00:00\",\"mainEntityOfPage\":{\"@id\":\"https:\/\/www.suno.com.br\/noticias\/tiktok-investe-primeiro-data-center-europeu-irlanda\/\"},\"wordCount\":429,\"publisher\":{\"@id\":\"https:\/\/www.suno.com.br\/noticias\/#organization\"},\"image\":{\"@id\":\"https:\/\/www.suno.com.br\/noticias\/tiktok-investe-primeiro-data-center-europeu-irlanda\/#primaryimage\"},\"thumbnailUrl\":\"https:\/\/files.sunoresearch.com.br\/n\/uploads\/2020\/08\/6a90f36a-tiktok-ponk-jpg.webp\",\"keywords\":[\"Estados Unidos (EUA)\",\"Irlanda\",\"TikTok\"],\"articleSection\":[\"Internacional\"],\"inLanguage\":\"pt-BR\"},{\"@type\":\"WebPage\",\"@id\":\"https:\/\/www.suno.com.br\/noticias\/tiktok-investe-primeiro-data-center-europeu-irlanda\/\",\"url\":\"https:\/\/www.suno.com.br\/noticias\/tiktok-investe-primeiro-data-center-europeu-irlanda\/\",\"name\":\"TikTok investe 420 mi de euros em primeiro data center europeu na Irlanda\",\"isPartOf\":{\"@id\":\"https:\/\/www.suno.com.br\/noticias\/#website\"},\"primaryImageOfPage\":{\"@id\":\"https:\/\/www.suno.com.br\/noticias\/tiktok-investe-primeiro-data-center-europeu-irlanda\/#primaryimage\"},\"image\":{\"@id\":\"https:\/\/www.suno.com.br\/noticias\/tiktok-investe-primeiro-data-center-europeu-irlanda\/#primaryimage\"},\"thumbnailUrl\":\"https:\/\/files.sunoresearch.com.br\/n\/uploads\/2020\/08\/6a90f36a-tiktok-ponk-jpg.webp\",\"datePublished\":\"2020-08-06T18:58:43+00:00\",\"dateModified\":\"2021-06-14T02:35:40+00:00\",\"description\":\"A TikTok, amea\u00e7ada de proibi\u00e7\u00e3o nos EUA, comunicou que ir\u00e1 instalar seu primeiro data center europeu na Irlanda. Clique para saber mais\",\"breadcrumb\":{\"@id\":\"https:\/\/www.suno.com.br\/noticias\/tiktok-investe-primeiro-data-center-europeu-irlanda\/#breadcrumb\"},\"inLanguage\":\"pt-BR\",\"potentialAction\":[{\"@type\":\"ReadAction\",\"target\":[\"https:\/\/www.suno.com.br\/noticias\/tiktok-investe-primeiro-data-center-europeu-irlanda\/\"]}]},{\"@type\":\"ImageObject\",\"inLanguage\":\"pt-BR\",\"@id\":\"https:\/\/www.suno.com.br\/noticias\/tiktok-investe-primeiro-data-center-europeu-irlanda\/#primaryimage\",\"url\":\"https:\/\/files.sunoresearch.com.br\/n\/uploads\/2020\/08\/6a90f36a-tiktok-ponk-jpg.webp\",\"contentUrl\":\"https:\/\/files.sunoresearch.com.br\/n\/uploads\/2020\/08\/6a90f36a-tiktok-ponk-jpg.webp\",\"width\":1024,\"height\":683,\"caption\":\"O jornal \\\"Financial Times\\\" publicou que o TikTok deve se tornar uma empresa aut\u00f4noma nos EUA para agradar a Casa Branca e evitar um banimento\"},{\"@type\":\"BreadcrumbList\",\"@id\":\"https:\/\/www.suno.com.br\/noticias\/tiktok-investe-primeiro-data-center-europeu-irlanda\/#breadcrumb\",\"itemListElement\":[{\"@type\":\"ListItem\",\"position\":1,\"name\":\"Not\u00edcias\",\"item\":\"https:\/\/www.suno.com.br\/noticias\/\"},{\"@type\":\"ListItem\",\"position\":2,\"name\":\"Internacional\",\"item\":\"https:\/\/www.suno.com.br\/noticias\/internacional\/\"},{\"@type\":\"ListItem\",\"position\":3,\"name\":\"TikTok investe 420 mi de euros em primeiro data center europeu na Irlanda\"}]},{\"@type\":\"WebSite\",\"@id\":\"https:\/\/www.suno.com.br\/noticias\/#website\",\"url\":\"https:\/\/www.suno.com.br\/noticias\/\",\"name\":\"Suno Not\u00edcias\",\"description\":\"Seu portal de informa\u00e7\u00e3o sobre o mundo dos investimentos\",\"publisher\":{\"@id\":\"https:\/\/www.suno.com.br\/noticias\/#organization\"},\"potentialAction\":[{\"@type\":\"SearchAction\",\"target\":{\"@type\":\"EntryPoint\",\"urlTemplate\":\"https:\/\/www.suno.com.br\/noticias\/?s={search_term_string}\"},\"query-input\":{\"@type\":\"PropertyValueSpecification\",\"valueRequired\":true,\"valueName\":\"search_term_string\"}}],\"inLanguage\":\"pt-BR\"},{\"@type\":\"Organization\",\"@id\":\"https:\/\/www.suno.com.br\/noticias\/#organization\",\"name\":\"Suno Not\u00edcias\",\"url\":\"https:\/\/www.suno.com.br\/noticias\/\",\"logo\":{\"@type\":\"ImageObject\",\"inLanguage\":\"pt-BR\",\"@id\":\"https:\/\/www.suno.com.br\/noticias\/#\/schema\/logo\/image\/\",\"url\":\"https:\/\/files.sunoresearch.com.br\/n\/uploads\/2021\/09\/suno-logo.png\",\"contentUrl\":\"https:\/\/files.sunoresearch.com.br\/n\/uploads\/2021\/09\/suno-logo.png\",\"width\":180,\"height\":180,\"caption\":\"Suno Not\u00edcias\"},\"image\":{\"@id\":\"https:\/\/www.suno.com.br\/noticias\/#\/schema\/logo\/image\/\"},\"sameAs\":[\"https:\/\/facebook.com\/sunoresearch\",\"https:\/\/x.com\/sunoresearch\",\"https:\/\/www.instagram.com\/suno\",\"https:\/\/www.linkedin.com\/company\/suno-research\/\",\"https:\/\/www.youtube.com\/c\/sunoresearch\"]},{\"@type\":\"Person\",\"@id\":\"https:\/\/www.suno.com.br\/noticias\/#\/schema\/person\/053a750a709a263919a20f976caae91c\",\"name\":\"Arthur Guimar\u00e3es\",\"image\":{\"@type\":\"ImageObject\",\"inLanguage\":\"pt-BR\",\"@id\":\"https:\/\/www.suno.com.br\/noticias\/#\/schema\/person\/image\/\",\"url\":\"https:\/\/secure.gravatar.com\/avatar\/1affd86a11209ae09eb6dd3bcad3e96c?s=96&r=g\",\"contentUrl\":\"https:\/\/secure.gravatar.com\/avatar\/1affd86a11209ae09eb6dd3bcad3e96c?s=96&r=g\",\"caption\":\"Arthur Guimar\u00e3es\"},\"description\":\"Arthur Guimar\u00e3es escreve sobre pol\u00edtica, economia e neg\u00f3cios para o portal de not\u00edcias da Suno Research. Atualmente, \u00e9 estudante de jornalismo pela Faculdade C\u00e1sper L\u00edbero.\",\"url\":\"https:\/\/www.suno.com.br\/noticias\/author\/arthur-guimaraes\/\"}]}<\/script>\n<!-- \/ Yoast SEO plugin. -->","yoast_head_json":{"title":"TikTok investe 420 mi de euros em primeiro data center europeu na Irlanda","description":"A TikTok, amea\u00e7ada de proibi\u00e7\u00e3o nos EUA, comunicou que ir\u00e1 instalar seu primeiro data center europeu na Irlanda. Clique para saber mais","robots":{"index":"index","follow":"follow","max-snippet":"max-snippet:-1","max-image-preview":"max-image-preview:large","max-video-preview":"max-video-preview:-1"},"canonical":"https:\/\/www.suno.com.br\/noticias\/tiktok-investe-primeiro-data-center-europeu-irlanda\/","og_locale":"pt_BR","og_type":"article","og_title":"TikTok investe 420 mi de euros em primeiro data center europeu na Irlanda","og_description":"A TikTok, amea\u00e7ada de proibi\u00e7\u00e3o nos EUA, comunicou que ir\u00e1 instalar seu primeiro data center europeu na Irlanda. Clique para saber mais","og_url":"https:\/\/www.suno.com.br\/noticias\/tiktok-investe-primeiro-data-center-europeu-irlanda\/","og_site_name":"Suno Not\u00edcias","article_publisher":"https:\/\/facebook.com\/sunoresearch","og_image":[{"width":1024,"height":683,"url":"https:\/\/files.sunoresearch.com.br\/n\/uploads\/2020\/08\/6a90f36a-tiktok-ponk.jpg","type":"image\/jpeg"}],"author":"Arthur Guimar\u00e3es","twitter_card":"summary_large_image","twitter_creator":"@sunoresearch","twitter_site":"@sunoresearch","twitter_misc":{"Escrito por":"Arthur Guimar\u00e3es","Est. tempo de leitura":"2 minutos"},"schema":{"@context":"https:\/\/schema.org","@graph":[{"@type":"NewsArticle","@id":"https:\/\/www.suno.com.br\/noticias\/tiktok-investe-primeiro-data-center-europeu-irlanda\/#article","isPartOf":{"@id":"https:\/\/www.suno.com.br\/noticias\/tiktok-investe-primeiro-data-center-europeu-irlanda\/"},"author":{"name":"Arthur Guimar\u00e3es","@id":"https:\/\/www.suno.com.br\/noticias\/#\/schema\/person\/053a750a709a263919a20f976caae91c"},"headline":"TikTok investe 420 mi de euros em primeiro data center europeu na Irlanda","datePublished":"2020-08-06T18:58:43+00:00","dateModified":"2021-06-14T02:35:40+00:00","mainEntityOfPage":{"@id":"https:\/\/www.suno.com.br\/noticias\/tiktok-investe-primeiro-data-center-europeu-irlanda\/"},"wordCount":429,"publisher":{"@id":"https:\/\/www.suno.com.br\/noticias\/#organization"},"image":{"@id":"https:\/\/www.suno.com.br\/noticias\/tiktok-investe-primeiro-data-center-europeu-irlanda\/#primaryimage"},"thumbnailUrl":"https:\/\/files.sunoresearch.com.br\/n\/uploads\/2020\/08\/6a90f36a-tiktok-ponk-jpg.webp","keywords":["Estados Unidos (EUA)","Irlanda","TikTok"],"articleSection":["Internacional"],"inLanguage":"pt-BR"},{"@type":"WebPage","@id":"https:\/\/www.suno.com.br\/noticias\/tiktok-investe-primeiro-data-center-europeu-irlanda\/","url":"https:\/\/www.suno.com.br\/noticias\/tiktok-investe-primeiro-data-center-europeu-irlanda\/","name":"TikTok investe 420 mi de euros em primeiro data center europeu na Irlanda","isPartOf":{"@id":"https:\/\/www.suno.com.br\/noticias\/#website"},"primaryImageOfPage":{"@id":"https:\/\/www.suno.com.br\/noticias\/tiktok-investe-primeiro-data-center-europeu-irlanda\/#primaryimage"},"image":{"@id":"https:\/\/www.suno.com.br\/noticias\/tiktok-investe-primeiro-data-center-europeu-irlanda\/#primaryimage"},"thumbnailUrl":"https:\/\/files.sunoresearch.com.br\/n\/uploads\/2020\/08\/6a90f36a-tiktok-ponk-jpg.webp","datePublished":"2020-08-06T18:58:43+00:00","dateModified":"2021-06-14T02:35:40+00:00","description":"A TikTok, amea\u00e7ada de proibi\u00e7\u00e3o nos EUA, comunicou que ir\u00e1 instalar seu primeiro data center europeu na Irlanda. Clique para saber mais","breadcrumb":{"@id":"https:\/\/www.suno.com.br\/noticias\/tiktok-investe-primeiro-data-center-europeu-irlanda\/#breadcrumb"},"inLanguage":"pt-BR","potentialAction":[{"@type":"ReadAction","target":["https:\/\/www.suno.com.br\/noticias\/tiktok-investe-primeiro-data-center-europeu-irlanda\/"]}]},{"@type":"ImageObject","inLanguage":"pt-BR","@id":"https:\/\/www.suno.com.br\/noticias\/tiktok-investe-primeiro-data-center-europeu-irlanda\/#primaryimage","url":"https:\/\/files.sunoresearch.com.br\/n\/uploads\/2020\/08\/6a90f36a-tiktok-ponk-jpg.webp","contentUrl":"https:\/\/files.sunoresearch.com.br\/n\/uploads\/2020\/08\/6a90f36a-tiktok-ponk-jpg.webp","width":1024,"height":683,"caption":"O jornal \"Financial Times\" publicou que o TikTok deve se tornar uma empresa aut\u00f4noma nos EUA para agradar a Casa Branca e evitar um banimento"},{"@type":"BreadcrumbList","@id":"https:\/\/www.suno.com.br\/noticias\/tiktok-investe-primeiro-data-center-europeu-irlanda\/#breadcrumb","itemListElement":[{"@type":"ListItem","position":1,"name":"Not\u00edcias","item":"https:\/\/www.suno.com.br\/noticias\/"},{"@type":"ListItem","position":2,"name":"Internacional","item":"https:\/\/www.suno.com.br\/noticias\/internacional\/"},{"@type":"ListItem","position":3,"name":"TikTok investe 420 mi de euros em primeiro data center europeu na Irlanda"}]},{"@type":"WebSite","@id":"https:\/\/www.suno.com.br\/noticias\/#website","url":"https:\/\/www.suno.com.br\/noticias\/","name":"Suno Not\u00edcias","description":"Seu portal de informa\u00e7\u00e3o sobre o mundo dos investimentos","publisher":{"@id":"https:\/\/www.suno.com.br\/noticias\/#organization"},"potentialAction":[{"@type":"SearchAction","target":{"@type":"EntryPoint","urlTemplate":"https:\/\/www.suno.com.br\/noticias\/?s={search_term_string}"},"query-input":{"@type":"PropertyValueSpecification","valueRequired":true,"valueName":"search_term_string"}}],"inLanguage":"pt-BR"},{"@type":"Organization","@id":"https:\/\/www.suno.com.br\/noticias\/#organization","name":"Suno Not\u00edcias","url":"https:\/\/www.suno.com.br\/noticias\/","logo":{"@type":"ImageObject","inLanguage":"pt-BR","@id":"https:\/\/www.suno.com.br\/noticias\/#\/schema\/logo\/image\/","url":"https:\/\/files.sunoresearch.com.br\/n\/uploads\/2021\/09\/suno-logo.png","contentUrl":"https:\/\/files.sunoresearch.com.br\/n\/uploads\/2021\/09\/suno-logo.png","width":180,"height":180,"caption":"Suno Not\u00edcias"},"image":{"@id":"https:\/\/www.suno.com.br\/noticias\/#\/schema\/logo\/image\/"},"sameAs":["https:\/\/facebook.com\/sunoresearch","https:\/\/x.com\/sunoresearch","https:\/\/www.instagram.com\/suno","https:\/\/www.linkedin.com\/company\/suno-research\/","https:\/\/www.youtube.com\/c\/sunoresearch"]},{"@type":"Person","@id":"https:\/\/www.suno.com.br\/noticias\/#\/schema\/person\/053a750a709a263919a20f976caae91c","name":"Arthur Guimar\u00e3es","image":{"@type":"ImageObject","inLanguage":"pt-BR","@id":"https:\/\/www.suno.com.br\/noticias\/#\/schema\/person\/image\/","url":"https:\/\/secure.gravatar.com\/avatar\/1affd86a11209ae09eb6dd3bcad3e96c?s=96&r=g","contentUrl":"https:\/\/secure.gravatar.com\/avatar\/1affd86a11209ae09eb6dd3bcad3e96c?s=96&r=g","caption":"Arthur Guimar\u00e3es"},"description":"Arthur Guimar\u00e3es escreve sobre pol\u00edtica, economia e neg\u00f3cios para o portal de not\u00edcias da Suno Research. Atualmente, \u00e9 estudante de jornalismo pela Faculdade C\u00e1sper L\u00edbero.","url":"https:\/\/www.suno.com.br\/noticias\/author\/arthur-guimaraes\/"}]}},"default_loop_html":"<div class=\"cardsPage__listCard__boxs\"><div class=\"cardsPage__listCard__boxs__img\"><a href=\"https:\/\/www.suno.com.br\/noticias\/tiktok-investe-primeiro-data-center-europeu-irlanda\/\"><img class=\"mask\" src=\"https:\/\/www.suno.com.br\/noticias\/wp-content\/themes\/suno\/resources\/images\/spotlight\/spotlight1img\/bg-mask.png\" alt=\"Image Mask\"\/><img src=\"https:\/\/files.sunoresearch.com.br\/n\/uploads\/2020\/08\/6a90f36a-tiktok-ponk-400x200.webp\" alt=\"TikTok investe 420 mi de euros em primeiro data center europeu na Irlanda\"\/><\/a><span class=\"spotlightCategory\"><a href=\"https:\/\/www.suno.com.br\/noticias\/internacional\/\">Internacional<\/a><\/span><\/div><div class=\"cardsPage__listCard__boxs__content\"><a href=\"https:\/\/www.suno.com.br\/noticias\/tiktok-investe-primeiro-data-center-europeu-irlanda\/\"><h2 class=\"content__title\">TikTok investe 420 mi de euros em primeiro data center europeu na Irlanda<\/h2><\/a><div class=\"newsContent__article__meta\"><div class=\"newsContent__article__meta__authorBox\"><a href=\"https:\/\/www.suno.com.br\/noticias\/author\/arthur-guimaraes\/\" class=\"authorBox__avatar noMobi\"><img src=\"https:\/\/files.sunoresearch.com.br\/n\/uploads\/2020\/02\/dfb40897-eu-150x150.webp\" alt=\"Arthur Guimar\u00e3es\"><\/a><div class=\"authorBox__name\"><span>por\n\t\t\t<a href=\"https:\/\/www.suno.com.br\/noticias\/author\/arthur-guimaraes\/\"><span itemprop=\"author\">Arthur Guimar\u00e3es<\/span><\/a><\/span><time datetime=\"2020-08-06T15:58:43-03:00\" itemprop=\"datePublished\">06\/08\/2020 15:58<\/time><\/div><\/div><\/div><\/div><\/div>","single_layout":"posts","amp_enabled":true,"_links":{"self":[{"href":"https:\/\/www.suno.com.br\/noticias\/wp-json\/wp\/v2\/posts\/76811"}],"collection":[{"href":"https:\/\/www.suno.com.br\/noticias\/wp-json\/wp\/v2\/posts"}],"about":[{"href":"https:\/\/www.suno.com.br\/noticias\/wp-json\/wp\/v2\/types\/post"}],"author":[{"embeddable":true,"href":"https:\/\/www.suno.com.br\/noticias\/wp-json\/wp\/v2\/users\/35"}],"replies":[{"embeddable":true,"href":"https:\/\/www.suno.com.br\/noticias\/wp-json\/wp\/v2\/comments?post=76811"}],"version-history":[{"count":1,"href":"https:\/\/www.suno.com.br\/noticias\/wp-json\/wp\/v2\/posts\/76811\/revisions"}],"predecessor-version":[{"id":156962,"href":"https:\/\/www.suno.com.br\/noticias\/wp-json\/wp\/v2\/posts\/76811\/revisions\/156962"}],"wp:featuredmedia":[{"embeddable":true,"href":"https:\/\/www.suno.com.br\/noticias\/wp-json\/wp\/v2\/media\/76821"}],"wp:attachment":[{"href":"https:\/\/www.suno.com.br\/noticias\/wp-json\/wp\/v2\/media?parent=76811"}],"wp:term":[{"taxonomy":"category","embeddable":true,"href":"https:\/\/www.suno.com.br\/noticias\/wp-json\/wp\/v2\/categories?post=76811"},{"taxonomy":"post_tag","embeddable":true,"href":"https:\/\/www.suno.com.br\/noticias\/wp-json\/wp\/v2\/tags?post=76811"},{"taxonomy":"suno_strategy","embeddable":true,"href":"https:\/\/www.suno.com.br\/noticias\/wp-json\/wp\/v2\/suno_strategy?post=76811"}],"curies":[{"name":"wp","href":"https:\/\/api.w.org\/{rel}","templated":true}]}}