{"id":76795,"date":"2020-08-06T14:59:47","date_gmt":"2020-08-06T17:59:47","guid":{"rendered":"https:\/\/www.suno.com.br\/noticias\/?p=76795"},"modified":"2020-08-06T14:59:47","modified_gmt":"2020-08-06T17:59:47","slug":"coronavirus-trump-vacina-pronta-antes-eleicoes-eua","status":"publish","type":"post","link":"https:\/\/www.suno.com.br\/noticias\/coronavirus-trump-vacina-pronta-antes-eleicoes-eua\/","title":{"rendered":"Coronav\u00edrus: Trump prev\u00ea vacina pronta antes das elei\u00e7\u00f5es dos EUA"},"content":{"rendered":"<p>O presidente dos Estados Unidos, <a href=\"https:\/\/www.suno.com.br\/tudo-sobre\/donald-trump\/\">Donald Trump<\/a>, afirmou, nesta quinta-feira (6), que a vacina contra o <strong>coronav\u00edrus<\/strong> (Covid-19) nos EUA poder\u00e1 surgir antes das pr\u00f3ximas elei\u00e7\u00f5es presidenciais, que acontecer\u00e3o no dia 3 de novembro. A fala do mandat\u00e1rio foi\u00a0feita durante uma entrevista a um programa de r\u00e1dio local.<\/p>\t<div class=\"wrapper-featured-image\">\n\t\t<figure class=\"spotlightImg\">\n\n\t\t\t<picture>\n\t\t\t\t<source media=\"(max-width: 768px)\" srcset=\"https:\/\/files.sunoresearch.com.br\/n\/uploads\/2020\/08\/708a29f0-coronav\u00edrus-donald-trump-400x200.webp\">\n\t\t\t\t<img loading=\"lazy\" decoding=\"async\" class=\"newsContent__article__imgCapa lazyloadDisabled \" src=\"https:\/\/files.sunoresearch.com.br\/n\/uploads\/2020\/08\/708a29f0-coronav\u00edrus-donald-trump-800x450.webp\" width=\"800\" height=\"450\" alt=\"Coronav\u00edrus: Trump prev\u00ea vacina pronta antes das elei\u00e7\u00f5es dos EUA\" fetchpriority=high \/>\n\t\t\t<\/picture>\n\n\t\t\t<figcaption class=\"wp-caption-text wp-caption-text--show\">Donald Trump tem sido alvo de cr\u00edticas por sua postura em rela\u00e7\u00e3o ao coronav\u00edrus. (Foto: divulga\u00e7\u00e3o)<\/figcaption>\n\t\t<\/figure>\n\t<\/div>\n\n\n<div class=\"hubspot-form-wrapper\">\n\t<div id=\"single-form-target\"><\/div>\n<\/div>\n\n<p>A previs\u00e3o de Trump \u00e9 bem mais otimista do que a dos membros da Casa Branca que est\u00e3o na linha de frente no combate \u00e0 pandemia. Em rela\u00e7\u00e3o ao prazo estipulado, o mandat\u00e1rio n\u00e3o deu nenhuma data, por\u00e9m afirmou que \u00e9 poss\u00edvel que uma vacina seja lan\u00e7ada \u201cmuito antes do fim do ano\u201d.<\/p>\n<p><a href=\"https:\/\/lp.suno.com.br\/suno-one\/\">Suno One: acesse gratuitamente eBooks, Minicursos, Artigos e Video Aulas sobre investimentos com um \u00fanico cadastro. Clique para saber mais!<\/a><\/p>\n<p>Em contrapartida \u00e0 fala de Trump, o epidemiologista dos EUA, Anthony Fauci, disse que o desenvolvimento da vacina n\u00e3o dever\u00e1 seguir o calend\u00e1rio eleitoral. Al\u00e9m disso, Fauci disse que as primeiras doses dever\u00e3o ser disponibilizadas ao p\u00fablico somente no in\u00edcio do ano que vem.<\/p>\n<p>Em entrevista concedida, tamb\u00e9m nesta quinta, o presidente Trump tamb\u00e9m afirmou que est\u00e1 sendo \u201cinjustamente censurado\u201d pelas redes sociais: Facebook e Twitter. Na \u00faltima quarta-feira (5), as duas redes sociais exclu\u00edram um v\u00eddeo postado pelo presidente dos EUA, alegando que o mandat\u00e1rio estava divulgando \u201cinforma\u00e7\u00e3o falsa\u201d. Isso porque, nas imagens, o presidente norte-americano afirmava que crian\u00e7as eram \u201cvirtualmente imunes ao covid-19\u201d.<\/p>\n<p>Nos Estados Unidos, o <strong>coronav\u00edrus<\/strong> j\u00e1 fez 159 mil v\u00edtimas fatais. O v\u00edrus infectou 4,8 milh\u00f5es de pessoas no pa\u00eds norte-americano. No mundo inteiro, a doen\u00e7a matou 706 mil pessoas e infectou 18,8 milh\u00f5es. Os EUA lideram o ranking de pa\u00edses com o maior n\u00famero de mortes em decorr\u00eancia da doen\u00e7a, seguido de Brasil e M\u00e9xico. Na \u00faltima segunda-feira (3), o membro da OMS, Didier Pittet, classificou os tr\u00eas pa\u00edses citados anteriormente como &#8220;uma amea\u00e7a ao resto do mundo&#8221;.<\/p>\n\n","protected":false},"excerpt":{"rendered":"<p>O presidente dos Estados Unidos, Donald Trump, afirmou, nesta quinta-feira (6), que a vacina contra o coronav\u00edrus (Covid-19) nos EUA poder\u00e1 surgir antes das pr\u00f3ximas elei\u00e7\u00f5es presidenciais, que acontecer\u00e3o no dia 3 de novembro. A fala do mandat\u00e1rio foi\u00a0feita durante uma entrevista a um programa de r\u00e1dio local. Donald Trump tem sido alvo de cr\u00edticas [&hellip;]<\/p>\n","protected":false},"author":19,"featured_media":76806,"comment_status":"closed","ping_status":"closed","sticky":false,"template":"","format":"standard","meta":[],"categories":[63],"tags":[2487,724],"suno_strategy":[],"class_list":["post-76795","post","type-post","status-publish","format-standard","has-post-thumbnail","hentry","category-internacional","tag-coronavirus","tag-donald-trump"],"yoast_head":"<!-- This site is optimized with the Yoast SEO plugin v24.4 - https:\/\/yoast.com\/wordpress\/plugins\/seo\/ -->\n<title>Coronav\u00edrus: Trump prev\u00ea vacina pronta antes de elei\u00e7\u00f5es dos EUA<\/title>\n<meta name=\"description\" content=\"O presidente dos EUA, Donald Trump, afirmou que a vacina contra o coronav\u00edrus poder\u00e1 surgir antes das pr\u00f3ximas elei\u00e7\u00f5es presidenciais.\" \/>\n<meta name=\"robots\" content=\"index, follow, max-snippet:-1, max-image-preview:large, max-video-preview:-1\" \/>\n<link rel=\"canonical\" href=\"https:\/\/www.suno.com.br\/noticias\/coronavirus-trump-vacina-pronta-antes-eleicoes-eua\/\" \/>\n<meta property=\"og:locale\" content=\"pt_BR\" \/>\n<meta property=\"og:type\" content=\"article\" \/>\n<meta property=\"og:title\" content=\"Coronav\u00edrus: Trump prev\u00ea vacina pronta antes de elei\u00e7\u00f5es dos EUA\" \/>\n<meta property=\"og:description\" content=\"O presidente dos EUA, Donald Trump, afirmou que a vacina contra o coronav\u00edrus poder\u00e1 surgir antes das pr\u00f3ximas elei\u00e7\u00f5es presidenciais.\" \/>\n<meta property=\"og:url\" content=\"https:\/\/www.suno.com.br\/noticias\/coronavirus-trump-vacina-pronta-antes-eleicoes-eua\/\" \/>\n<meta property=\"og:site_name\" content=\"Suno Not\u00edcias\" \/>\n<meta property=\"article:publisher\" content=\"https:\/\/facebook.com\/sunoresearch\" \/>\n<meta property=\"og:image\" content=\"https:\/\/files.sunoresearch.com.br\/n\/uploads\/2020\/08\/708a29f0-coronav\u00edrus-donald-trump.jpg\" \/>\n\t<meta property=\"og:image:width\" content=\"868\" \/>\n\t<meta property=\"og:image:height\" content=\"644\" \/>\n\t<meta property=\"og:image:type\" content=\"image\/jpeg\" \/>\n<meta name=\"author\" content=\"Juliano Passaro\" \/>\n<meta name=\"twitter:card\" content=\"summary_large_image\" \/>\n<meta name=\"twitter:creator\" content=\"@sunoresearch\" \/>\n<meta name=\"twitter:site\" content=\"@sunoresearch\" \/>\n<meta name=\"twitter:label1\" content=\"Escrito por\" \/>\n\t<meta name=\"twitter:data1\" content=\"Juliano Passaro\" \/>\n\t<meta name=\"twitter:label2\" content=\"Est. tempo de leitura\" \/>\n\t<meta name=\"twitter:data2\" content=\"2 minutos\" \/>\n<script type=\"application\/ld+json\" class=\"yoast-schema-graph\">{\"@context\":\"https:\/\/schema.org\",\"@graph\":[{\"@type\":\"NewsArticle\",\"@id\":\"https:\/\/www.suno.com.br\/noticias\/coronavirus-trump-vacina-pronta-antes-eleicoes-eua\/#article\",\"isPartOf\":{\"@id\":\"https:\/\/www.suno.com.br\/noticias\/coronavirus-trump-vacina-pronta-antes-eleicoes-eua\/\"},\"author\":{\"name\":\"Juliano Passaro\",\"@id\":\"https:\/\/www.suno.com.br\/noticias\/#\/schema\/person\/1db762f78ffd8919a648a63e425953e3\"},\"headline\":\"Coronav\u00edrus: Trump prev\u00ea vacina pronta antes das elei\u00e7\u00f5es dos EUA\",\"datePublished\":\"2020-08-06T17:59:47+00:00\",\"mainEntityOfPage\":{\"@id\":\"https:\/\/www.suno.com.br\/noticias\/coronavirus-trump-vacina-pronta-antes-eleicoes-eua\/\"},\"wordCount\":367,\"publisher\":{\"@id\":\"https:\/\/www.suno.com.br\/noticias\/#organization\"},\"image\":{\"@id\":\"https:\/\/www.suno.com.br\/noticias\/coronavirus-trump-vacina-pronta-antes-eleicoes-eua\/#primaryimage\"},\"thumbnailUrl\":\"https:\/\/files.sunoresearch.com.br\/n\/uploads\/2020\/08\/708a29f0-coronav\u00edrus-donald-trump-jpg.webp\",\"keywords\":[\"coronav\u00edrus\",\"Donald Trump\"],\"articleSection\":[\"Internacional\"],\"inLanguage\":\"pt-BR\"},{\"@type\":\"WebPage\",\"@id\":\"https:\/\/www.suno.com.br\/noticias\/coronavirus-trump-vacina-pronta-antes-eleicoes-eua\/\",\"url\":\"https:\/\/www.suno.com.br\/noticias\/coronavirus-trump-vacina-pronta-antes-eleicoes-eua\/\",\"name\":\"Coronav\u00edrus: Trump prev\u00ea vacina pronta antes de elei\u00e7\u00f5es dos EUA\",\"isPartOf\":{\"@id\":\"https:\/\/www.suno.com.br\/noticias\/#website\"},\"primaryImageOfPage\":{\"@id\":\"https:\/\/www.suno.com.br\/noticias\/coronavirus-trump-vacina-pronta-antes-eleicoes-eua\/#primaryimage\"},\"image\":{\"@id\":\"https:\/\/www.suno.com.br\/noticias\/coronavirus-trump-vacina-pronta-antes-eleicoes-eua\/#primaryimage\"},\"thumbnailUrl\":\"https:\/\/files.sunoresearch.com.br\/n\/uploads\/2020\/08\/708a29f0-coronav\u00edrus-donald-trump-jpg.webp\",\"datePublished\":\"2020-08-06T17:59:47+00:00\",\"description\":\"O presidente dos EUA, Donald Trump, afirmou que a vacina contra o coronav\u00edrus poder\u00e1 surgir antes das pr\u00f3ximas elei\u00e7\u00f5es presidenciais.\",\"breadcrumb\":{\"@id\":\"https:\/\/www.suno.com.br\/noticias\/coronavirus-trump-vacina-pronta-antes-eleicoes-eua\/#breadcrumb\"},\"inLanguage\":\"pt-BR\",\"potentialAction\":[{\"@type\":\"ReadAction\",\"target\":[\"https:\/\/www.suno.com.br\/noticias\/coronavirus-trump-vacina-pronta-antes-eleicoes-eua\/\"]}]},{\"@type\":\"ImageObject\",\"inLanguage\":\"pt-BR\",\"@id\":\"https:\/\/www.suno.com.br\/noticias\/coronavirus-trump-vacina-pronta-antes-eleicoes-eua\/#primaryimage\",\"url\":\"https:\/\/files.sunoresearch.com.br\/n\/uploads\/2020\/08\/708a29f0-coronav\u00edrus-donald-trump-jpg.webp\",\"contentUrl\":\"https:\/\/files.sunoresearch.com.br\/n\/uploads\/2020\/08\/708a29f0-coronav\u00edrus-donald-trump-jpg.webp\",\"width\":868,\"height\":644,\"caption\":\"Donald Trump tem sido alvo de cr\u00edticas por sua postura em rela\u00e7\u00e3o ao coronav\u00edrus. (Foto: divulga\u00e7\u00e3o)\"},{\"@type\":\"BreadcrumbList\",\"@id\":\"https:\/\/www.suno.com.br\/noticias\/coronavirus-trump-vacina-pronta-antes-eleicoes-eua\/#breadcrumb\",\"itemListElement\":[{\"@type\":\"ListItem\",\"position\":1,\"name\":\"Not\u00edcias\",\"item\":\"https:\/\/www.suno.com.br\/noticias\/\"},{\"@type\":\"ListItem\",\"position\":2,\"name\":\"Internacional\",\"item\":\"https:\/\/www.suno.com.br\/noticias\/internacional\/\"},{\"@type\":\"ListItem\",\"position\":3,\"name\":\"Coronav\u00edrus: Trump prev\u00ea vacina pronta antes das elei\u00e7\u00f5es dos EUA\"}]},{\"@type\":\"WebSite\",\"@id\":\"https:\/\/www.suno.com.br\/noticias\/#website\",\"url\":\"https:\/\/www.suno.com.br\/noticias\/\",\"name\":\"Suno Not\u00edcias\",\"description\":\"Seu portal de informa\u00e7\u00e3o sobre o mundo dos investimentos\",\"publisher\":{\"@id\":\"https:\/\/www.suno.com.br\/noticias\/#organization\"},\"potentialAction\":[{\"@type\":\"SearchAction\",\"target\":{\"@type\":\"EntryPoint\",\"urlTemplate\":\"https:\/\/www.suno.com.br\/noticias\/?s={search_term_string}\"},\"query-input\":{\"@type\":\"PropertyValueSpecification\",\"valueRequired\":true,\"valueName\":\"search_term_string\"}}],\"inLanguage\":\"pt-BR\"},{\"@type\":\"Organization\",\"@id\":\"https:\/\/www.suno.com.br\/noticias\/#organization\",\"name\":\"Suno Not\u00edcias\",\"url\":\"https:\/\/www.suno.com.br\/noticias\/\",\"logo\":{\"@type\":\"ImageObject\",\"inLanguage\":\"pt-BR\",\"@id\":\"https:\/\/www.suno.com.br\/noticias\/#\/schema\/logo\/image\/\",\"url\":\"https:\/\/files.sunoresearch.com.br\/n\/uploads\/2021\/09\/suno-logo.png\",\"contentUrl\":\"https:\/\/files.sunoresearch.com.br\/n\/uploads\/2021\/09\/suno-logo.png\",\"width\":180,\"height\":180,\"caption\":\"Suno Not\u00edcias\"},\"image\":{\"@id\":\"https:\/\/www.suno.com.br\/noticias\/#\/schema\/logo\/image\/\"},\"sameAs\":[\"https:\/\/facebook.com\/sunoresearch\",\"https:\/\/x.com\/sunoresearch\",\"https:\/\/www.instagram.com\/suno\",\"https:\/\/www.linkedin.com\/company\/suno-research\/\",\"https:\/\/www.youtube.com\/c\/sunoresearch\"]},{\"@type\":\"Person\",\"@id\":\"https:\/\/www.suno.com.br\/noticias\/#\/schema\/person\/1db762f78ffd8919a648a63e425953e3\",\"name\":\"Juliano Passaro\",\"image\":{\"@type\":\"ImageObject\",\"inLanguage\":\"pt-BR\",\"@id\":\"https:\/\/www.suno.com.br\/noticias\/#\/schema\/person\/image\/\",\"url\":\"https:\/\/secure.gravatar.com\/avatar\/743d4df28eebf6dcc46b4ad03c319e92?s=96&r=g\",\"contentUrl\":\"https:\/\/secure.gravatar.com\/avatar\/743d4df28eebf6dcc46b4ad03c319e92?s=96&r=g\",\"caption\":\"Juliano Passaro\"},\"description\":\"Juliano Passaro escreve sobre pol\u00edtica, economia e neg\u00f3cios para o portal da Suno Research. Antes da Suno, trabalhou no Portal da Band. \u00c9 formado em jornalismo pela Universidade Presbiteriana Mackenzie.\",\"url\":\"https:\/\/www.suno.com.br\/noticias\/author\/juliano\/\"}]}<\/script>\n<!-- \/ Yoast SEO plugin. -->","yoast_head_json":{"title":"Coronav\u00edrus: Trump prev\u00ea vacina pronta antes de elei\u00e7\u00f5es dos EUA","description":"O presidente dos EUA, Donald Trump, afirmou que a vacina contra o coronav\u00edrus poder\u00e1 surgir antes das pr\u00f3ximas elei\u00e7\u00f5es presidenciais.","robots":{"index":"index","follow":"follow","max-snippet":"max-snippet:-1","max-image-preview":"max-image-preview:large","max-video-preview":"max-video-preview:-1"},"canonical":"https:\/\/www.suno.com.br\/noticias\/coronavirus-trump-vacina-pronta-antes-eleicoes-eua\/","og_locale":"pt_BR","og_type":"article","og_title":"Coronav\u00edrus: Trump prev\u00ea vacina pronta antes de elei\u00e7\u00f5es dos EUA","og_description":"O presidente dos EUA, Donald Trump, afirmou que a vacina contra o coronav\u00edrus poder\u00e1 surgir antes das pr\u00f3ximas elei\u00e7\u00f5es presidenciais.","og_url":"https:\/\/www.suno.com.br\/noticias\/coronavirus-trump-vacina-pronta-antes-eleicoes-eua\/","og_site_name":"Suno Not\u00edcias","article_publisher":"https:\/\/facebook.com\/sunoresearch","og_image":[{"width":868,"height":644,"url":"https:\/\/files.sunoresearch.com.br\/n\/uploads\/2020\/08\/708a29f0-coronav\u00edrus-donald-trump.jpg","type":"image\/jpeg"}],"author":"Juliano Passaro","twitter_card":"summary_large_image","twitter_creator":"@sunoresearch","twitter_site":"@sunoresearch","twitter_misc":{"Escrito por":"Juliano Passaro","Est. tempo de leitura":"2 minutos"},"schema":{"@context":"https:\/\/schema.org","@graph":[{"@type":"NewsArticle","@id":"https:\/\/www.suno.com.br\/noticias\/coronavirus-trump-vacina-pronta-antes-eleicoes-eua\/#article","isPartOf":{"@id":"https:\/\/www.suno.com.br\/noticias\/coronavirus-trump-vacina-pronta-antes-eleicoes-eua\/"},"author":{"name":"Juliano Passaro","@id":"https:\/\/www.suno.com.br\/noticias\/#\/schema\/person\/1db762f78ffd8919a648a63e425953e3"},"headline":"Coronav\u00edrus: Trump prev\u00ea vacina pronta antes das elei\u00e7\u00f5es dos EUA","datePublished":"2020-08-06T17:59:47+00:00","mainEntityOfPage":{"@id":"https:\/\/www.suno.com.br\/noticias\/coronavirus-trump-vacina-pronta-antes-eleicoes-eua\/"},"wordCount":367,"publisher":{"@id":"https:\/\/www.suno.com.br\/noticias\/#organization"},"image":{"@id":"https:\/\/www.suno.com.br\/noticias\/coronavirus-trump-vacina-pronta-antes-eleicoes-eua\/#primaryimage"},"thumbnailUrl":"https:\/\/files.sunoresearch.com.br\/n\/uploads\/2020\/08\/708a29f0-coronav\u00edrus-donald-trump-jpg.webp","keywords":["coronav\u00edrus","Donald Trump"],"articleSection":["Internacional"],"inLanguage":"pt-BR"},{"@type":"WebPage","@id":"https:\/\/www.suno.com.br\/noticias\/coronavirus-trump-vacina-pronta-antes-eleicoes-eua\/","url":"https:\/\/www.suno.com.br\/noticias\/coronavirus-trump-vacina-pronta-antes-eleicoes-eua\/","name":"Coronav\u00edrus: Trump prev\u00ea vacina pronta antes de elei\u00e7\u00f5es dos EUA","isPartOf":{"@id":"https:\/\/www.suno.com.br\/noticias\/#website"},"primaryImageOfPage":{"@id":"https:\/\/www.suno.com.br\/noticias\/coronavirus-trump-vacina-pronta-antes-eleicoes-eua\/#primaryimage"},"image":{"@id":"https:\/\/www.suno.com.br\/noticias\/coronavirus-trump-vacina-pronta-antes-eleicoes-eua\/#primaryimage"},"thumbnailUrl":"https:\/\/files.sunoresearch.com.br\/n\/uploads\/2020\/08\/708a29f0-coronav\u00edrus-donald-trump-jpg.webp","datePublished":"2020-08-06T17:59:47+00:00","description":"O presidente dos EUA, Donald Trump, afirmou que a vacina contra o coronav\u00edrus poder\u00e1 surgir antes das pr\u00f3ximas elei\u00e7\u00f5es presidenciais.","breadcrumb":{"@id":"https:\/\/www.suno.com.br\/noticias\/coronavirus-trump-vacina-pronta-antes-eleicoes-eua\/#breadcrumb"},"inLanguage":"pt-BR","potentialAction":[{"@type":"ReadAction","target":["https:\/\/www.suno.com.br\/noticias\/coronavirus-trump-vacina-pronta-antes-eleicoes-eua\/"]}]},{"@type":"ImageObject","inLanguage":"pt-BR","@id":"https:\/\/www.suno.com.br\/noticias\/coronavirus-trump-vacina-pronta-antes-eleicoes-eua\/#primaryimage","url":"https:\/\/files.sunoresearch.com.br\/n\/uploads\/2020\/08\/708a29f0-coronav\u00edrus-donald-trump-jpg.webp","contentUrl":"https:\/\/files.sunoresearch.com.br\/n\/uploads\/2020\/08\/708a29f0-coronav\u00edrus-donald-trump-jpg.webp","width":868,"height":644,"caption":"Donald Trump tem sido alvo de cr\u00edticas por sua postura em rela\u00e7\u00e3o ao coronav\u00edrus. (Foto: divulga\u00e7\u00e3o)"},{"@type":"BreadcrumbList","@id":"https:\/\/www.suno.com.br\/noticias\/coronavirus-trump-vacina-pronta-antes-eleicoes-eua\/#breadcrumb","itemListElement":[{"@type":"ListItem","position":1,"name":"Not\u00edcias","item":"https:\/\/www.suno.com.br\/noticias\/"},{"@type":"ListItem","position":2,"name":"Internacional","item":"https:\/\/www.suno.com.br\/noticias\/internacional\/"},{"@type":"ListItem","position":3,"name":"Coronav\u00edrus: Trump prev\u00ea vacina pronta antes das elei\u00e7\u00f5es dos EUA"}]},{"@type":"WebSite","@id":"https:\/\/www.suno.com.br\/noticias\/#website","url":"https:\/\/www.suno.com.br\/noticias\/","name":"Suno Not\u00edcias","description":"Seu portal de informa\u00e7\u00e3o sobre o mundo dos investimentos","publisher":{"@id":"https:\/\/www.suno.com.br\/noticias\/#organization"},"potentialAction":[{"@type":"SearchAction","target":{"@type":"EntryPoint","urlTemplate":"https:\/\/www.suno.com.br\/noticias\/?s={search_term_string}"},"query-input":{"@type":"PropertyValueSpecification","valueRequired":true,"valueName":"search_term_string"}}],"inLanguage":"pt-BR"},{"@type":"Organization","@id":"https:\/\/www.suno.com.br\/noticias\/#organization","name":"Suno Not\u00edcias","url":"https:\/\/www.suno.com.br\/noticias\/","logo":{"@type":"ImageObject","inLanguage":"pt-BR","@id":"https:\/\/www.suno.com.br\/noticias\/#\/schema\/logo\/image\/","url":"https:\/\/files.sunoresearch.com.br\/n\/uploads\/2021\/09\/suno-logo.png","contentUrl":"https:\/\/files.sunoresearch.com.br\/n\/uploads\/2021\/09\/suno-logo.png","width":180,"height":180,"caption":"Suno Not\u00edcias"},"image":{"@id":"https:\/\/www.suno.com.br\/noticias\/#\/schema\/logo\/image\/"},"sameAs":["https:\/\/facebook.com\/sunoresearch","https:\/\/x.com\/sunoresearch","https:\/\/www.instagram.com\/suno","https:\/\/www.linkedin.com\/company\/suno-research\/","https:\/\/www.youtube.com\/c\/sunoresearch"]},{"@type":"Person","@id":"https:\/\/www.suno.com.br\/noticias\/#\/schema\/person\/1db762f78ffd8919a648a63e425953e3","name":"Juliano Passaro","image":{"@type":"ImageObject","inLanguage":"pt-BR","@id":"https:\/\/www.suno.com.br\/noticias\/#\/schema\/person\/image\/","url":"https:\/\/secure.gravatar.com\/avatar\/743d4df28eebf6dcc46b4ad03c319e92?s=96&r=g","contentUrl":"https:\/\/secure.gravatar.com\/avatar\/743d4df28eebf6dcc46b4ad03c319e92?s=96&r=g","caption":"Juliano Passaro"},"description":"Juliano Passaro escreve sobre pol\u00edtica, economia e neg\u00f3cios para o portal da Suno Research. Antes da Suno, trabalhou no Portal da Band. \u00c9 formado em jornalismo pela Universidade Presbiteriana Mackenzie.","url":"https:\/\/www.suno.com.br\/noticias\/author\/juliano\/"}]}},"default_loop_html":"<div class=\"cardsPage__listCard__boxs\"><div class=\"cardsPage__listCard__boxs__img\"><a href=\"https:\/\/www.suno.com.br\/noticias\/coronavirus-trump-vacina-pronta-antes-eleicoes-eua\/\"><img class=\"mask\" src=\"https:\/\/www.suno.com.br\/noticias\/wp-content\/themes\/suno\/resources\/images\/spotlight\/spotlight1img\/bg-mask.png\" alt=\"Image Mask\"\/><img src=\"https:\/\/files.sunoresearch.com.br\/n\/uploads\/2020\/08\/708a29f0-coronav\u00edrus-donald-trump-400x200.webp\" alt=\"Coronav\u00edrus: Trump prev\u00ea vacina pronta antes das elei\u00e7\u00f5es dos EUA\"\/><\/a><span class=\"spotlightCategory\"><a href=\"https:\/\/www.suno.com.br\/noticias\/internacional\/\">Internacional<\/a><\/span><\/div><div class=\"cardsPage__listCard__boxs__content\"><a href=\"https:\/\/www.suno.com.br\/noticias\/coronavirus-trump-vacina-pronta-antes-eleicoes-eua\/\"><h2 class=\"content__title\">Coronav\u00edrus: Trump prev\u00ea vacina pronta antes das elei\u00e7\u00f5es dos EUA<\/h2><\/a><div class=\"newsContent__article__meta\"><div class=\"newsContent__article__meta__authorBox\"><a href=\"https:\/\/www.suno.com.br\/noticias\/author\/juliano\/\" class=\"authorBox__avatar noMobi\"><img src=\"https:\/\/files.sunoresearch.com.br\/n\/uploads\/2019\/06\/7cc3efea-whatsapp-image-2019-07-18-at-21.59.33-e1563499821209-150x150.webp\" alt=\"Juliano Passaro\"><\/a><div class=\"authorBox__name\"><span>por\n\t\t\t<a href=\"https:\/\/www.suno.com.br\/noticias\/author\/juliano\/\"><span itemprop=\"author\">Juliano Passaro<\/span><\/a><\/span><time datetime=\"2020-08-06T14:59:47-03:00\" itemprop=\"datePublished\">06\/08\/2020 14:59<\/time><\/div><\/div><\/div><\/div><\/div>","single_layout":"posts","amp_enabled":true,"_links":{"self":[{"href":"https:\/\/www.suno.com.br\/noticias\/wp-json\/wp\/v2\/posts\/76795"}],"collection":[{"href":"https:\/\/www.suno.com.br\/noticias\/wp-json\/wp\/v2\/posts"}],"about":[{"href":"https:\/\/www.suno.com.br\/noticias\/wp-json\/wp\/v2\/types\/post"}],"author":[{"embeddable":true,"href":"https:\/\/www.suno.com.br\/noticias\/wp-json\/wp\/v2\/users\/19"}],"replies":[{"embeddable":true,"href":"https:\/\/www.suno.com.br\/noticias\/wp-json\/wp\/v2\/comments?post=76795"}],"version-history":[{"count":0,"href":"https:\/\/www.suno.com.br\/noticias\/wp-json\/wp\/v2\/posts\/76795\/revisions"}],"wp:featuredmedia":[{"embeddable":true,"href":"https:\/\/www.suno.com.br\/noticias\/wp-json\/wp\/v2\/media\/76806"}],"wp:attachment":[{"href":"https:\/\/www.suno.com.br\/noticias\/wp-json\/wp\/v2\/media?parent=76795"}],"wp:term":[{"taxonomy":"category","embeddable":true,"href":"https:\/\/www.suno.com.br\/noticias\/wp-json\/wp\/v2\/categories?post=76795"},{"taxonomy":"post_tag","embeddable":true,"href":"https:\/\/www.suno.com.br\/noticias\/wp-json\/wp\/v2\/tags?post=76795"},{"taxonomy":"suno_strategy","embeddable":true,"href":"https:\/\/www.suno.com.br\/noticias\/wp-json\/wp\/v2\/suno_strategy?post=76795"}],"curies":[{"name":"wp","href":"https:\/\/api.w.org\/{rel}","templated":true}]}}