{"id":7659,"date":"2018-12-01T14:31:40","date_gmt":"2018-12-01T16:31:40","guid":{"rendered":"https:\/\/www.suno.com.br\/noticias\/?p=7659"},"modified":"2021-02-18T17:56:05","modified_gmt":"2021-02-18T20:56:05","slug":"g20-paises-defendem-reforma-omc","status":"publish","type":"post","link":"https:\/\/www.suno.com.br\/noticias\/g20-paises-defendem-reforma-omc\/","title":{"rendered":"G20: Pa\u00edses defendem a reforma da OMC"},"content":{"rendered":"<p>No G20, negociadores dos governos produzem esbo\u00e7o de texto que defende a reforma da <a href=\"https:\/\/www.suno.com.br\/artigos\/omc-organizacao-mundial-do-comercio\/\">Organiza\u00e7\u00e3o Mundial de Com\u00e9rcio (OMC)<\/a>.<\/p>\t<div class=\"wrapper-featured-image\">\n\t\t<figure class=\"spotlightImg\">\n\n\t\t\t<picture>\n\t\t\t\t<source media=\"(max-width: 768px)\" srcset=\"https:\/\/files.sunoresearch.com.br\/n\/uploads\/2018\/12\/123ef532-g20-400x200.webp\">\n\t\t\t\t<img loading=\"lazy\" decoding=\"async\" class=\"newsContent__article__imgCapa lazyloadDisabled newsContent__article__imgCapa--noCaption\" src=\"https:\/\/files.sunoresearch.com.br\/n\/uploads\/2018\/12\/123ef532-g20-800x450.webp\" width=\"800\" height=\"450\" alt=\"G20: Pa\u00edses defendem a reforma da OMC\" fetchpriority=high \/>\n\t\t\t<\/picture>\n\n\t\t\t<figcaption class=\"wp-caption-text wp-caption-text--hide\">G20 considera necess\u00e1ria a\u00e7\u00e3o conjunta contra o coronav\u00edrus<\/figcaption>\n\t\t<\/figure>\n\t<\/div>\n\n\n<p>A reuni\u00e3o do <strong>G20<\/strong>, est\u00e1 acontecendo em Buenos Aires, na Argentina. Entretanto, essa \u00e9 a primeira vez que a<strong> reforma<\/strong> da <strong>OMC<\/strong> \u00e9 dada com \u00eanfase.<\/p>\n<p>O debate entre os negociadores foi estendido at\u00e9 as 6h desse s\u00e1bado (1). Agora, a menos que haja uma mudan\u00e7a de \u00faltima hora, o esbo\u00e7o ser\u00e1 o comunicado final do encontro.<\/p>\n<p>De acordo com O Globo, a iniciativa foi impulsionada principalmente pelos <strong>Estados Unidos<\/strong>.<\/p>\n<p><a href=\"https:\/\/www.suno.com.br\/noticias\/merkel-trump-putin-macrin-g20\/\">Saiba mais:\u00a0Merkel se reunir\u00e1 com Putin, Trump e Macri, no G20<\/a><\/p>\n<h2>G20<\/h2>\n<p>O com\u00e9rcio \u00e9 um dos principais conflitos do G-20. A <a href=\"https:\/\/www.suno.com.br\/artigos\/guerra-comercial\/\"><strong>guerra comercial<\/strong> entre <strong>China<\/strong> e Estados Unidos<\/a>, alinhada com as medidas protecionadas dos norte-americanos, dificulta as negocia\u00e7\u00f5es do grupo.<\/p>\n<p>Ainda de acordo com O Globo, o protecionismo ser\u00e1 mencionado com pouca express\u00e3o no comunicado final do encontro.<\/p>\n<aside class=\"article-related-links \">\n<div class=\"article-related-links__container\">\n<div class=\"article-related-links__content\"><\/div>\n<\/div>\n<\/aside>\n<p>Outro ponto, \u00e9 um princ\u00edpio de consenso em rela\u00e7\u00e3o as mudan\u00e7as clim\u00e1ticas e o <strong>Acordo de Paris<\/strong>. O presidente dos Estados Unidos, <strong>Donald Trump<\/strong>, declarou que retiraria seu pa\u00eds do acordo.<\/p>\n<p>O presidente eleito <strong>Jair Bolsonaro<\/strong> tamb\u00e9m questiona o pacto. Entretanto, o posicionamento de Bolsonaro est\u00e1 gerando atritos com pa\u00edses, como por exemplo a Fran\u00e7a.<\/p>\n<p>Inclusive, o presidente da Fran\u00e7a,\u00a0<strong>Emmanuel Macron<\/strong>, condicionou o acordo ente Mercosul e Uni\u00e3o Europeia. De acordo com Macron, o pacto comercial acontecer\u00e1 com base no posicionamento do pr\u00f3ximo governo brasileiro sobre o Acordo de Paris.<\/p>\n<p>As negocia\u00e7\u00f5es do <strong>G-20<\/strong> continuar\u00e3o em andamento, e o documento final ser\u00e1 divulgado neste s\u00e1bado (1). Para ser divulgado, o documento redigido pelos negociadores tem que ser aceito pelos chefes de Estado.<\/p>\n","protected":false},"excerpt":{"rendered":"<p>No G20, negociadores dos governos produzem esbo\u00e7o de texto que defende a reforma da Organiza\u00e7\u00e3o Mundial de Com\u00e9rcio (OMC). G20 considera necess\u00e1ria a\u00e7\u00e3o conjunta contra o coronav\u00edrus A reuni\u00e3o do G20, est\u00e1 acontecendo em Buenos Aires, na Argentina. Entretanto, essa \u00e9 a primeira vez que a reforma da OMC \u00e9 dada com \u00eanfase. O debate [&hellip;]<\/p>\n","protected":false},"author":11,"featured_media":7660,"comment_status":"closed","ping_status":"closed","sticky":false,"template":"","format":"standard","meta":[],"categories":[63],"tags":[711,724,793,801,719],"suno_strategy":[],"class_list":["post-7659","post","type-post","status-publish","format-standard","has-post-thumbnail","hentry","category-internacional","tag-china","tag-donald-trump","tag-estados-unidos-eua","tag-g20","tag-jair-bolsonaro"],"yoast_head":"<!-- This site is optimized with the Yoast SEO plugin v24.4 - https:\/\/yoast.com\/wordpress\/plugins\/seo\/ -->\n<title>G20: Pa\u00edses defendem a reforma da OMC - Suno Not\u00edcias<\/title>\n<meta name=\"description\" content=\"No G20, negociadores dos governos esbo\u00e7am texto de reforma da OMC; Documento deve ser aceito por chefes de Estado. Clique para saber mais.\" \/>\n<meta name=\"robots\" content=\"index, follow, max-snippet:-1, max-image-preview:large, max-video-preview:-1\" \/>\n<link rel=\"canonical\" href=\"https:\/\/www.suno.com.br\/noticias\/g20-paises-defendem-reforma-omc\/\" \/>\n<meta property=\"og:locale\" content=\"pt_BR\" \/>\n<meta property=\"og:type\" content=\"article\" \/>\n<meta property=\"og:title\" content=\"G20: Pa\u00edses defendem a reforma da OMC - Suno Not\u00edcias\" \/>\n<meta property=\"og:description\" content=\"No G20, negociadores dos governos esbo\u00e7am texto de reforma da OMC; Documento deve ser aceito por chefes de Estado. Clique para saber mais.\" \/>\n<meta property=\"og:url\" content=\"https:\/\/www.suno.com.br\/noticias\/g20-paises-defendem-reforma-omc\/\" \/>\n<meta property=\"og:site_name\" content=\"Suno Not\u00edcias\" \/>\n<meta property=\"article:publisher\" content=\"https:\/\/facebook.com\/sunoresearch\" \/>\n<meta property=\"og:image\" content=\"https:\/\/files.sunoresearch.com.br\/n\/uploads\/2018\/12\/123ef532-g20.jpg\" \/>\n\t<meta property=\"og:image:width\" content=\"1140\" \/>\n\t<meta property=\"og:image:height\" content=\"760\" \/>\n\t<meta property=\"og:image:type\" content=\"image\/jpeg\" \/>\n<meta name=\"author\" content=\"Renan Bandeira\" \/>\n<meta name=\"twitter:card\" content=\"summary_large_image\" \/>\n<meta name=\"twitter:creator\" content=\"@sunoresearch\" \/>\n<meta name=\"twitter:site\" content=\"@sunoresearch\" \/>\n<meta name=\"twitter:label1\" content=\"Escrito por\" \/>\n\t<meta name=\"twitter:data1\" content=\"Renan Bandeira\" \/>\n\t<meta name=\"twitter:label2\" content=\"Est. tempo de leitura\" \/>\n\t<meta name=\"twitter:data2\" content=\"1 minuto\" \/>\n<script type=\"application\/ld+json\" class=\"yoast-schema-graph\">{\"@context\":\"https:\/\/schema.org\",\"@graph\":[{\"@type\":\"NewsArticle\",\"@id\":\"https:\/\/www.suno.com.br\/noticias\/g20-paises-defendem-reforma-omc\/#article\",\"isPartOf\":{\"@id\":\"https:\/\/www.suno.com.br\/noticias\/g20-paises-defendem-reforma-omc\/\"},\"author\":{\"name\":\"Renan Bandeira\",\"@id\":\"https:\/\/www.suno.com.br\/noticias\/#\/schema\/person\/fc144a1c6108bd1dcd43784e88a3c138\"},\"headline\":\"G20: Pa\u00edses defendem a reforma da OMC\",\"datePublished\":\"2018-12-01T16:31:40+00:00\",\"dateModified\":\"2021-02-18T20:56:05+00:00\",\"mainEntityOfPage\":{\"@id\":\"https:\/\/www.suno.com.br\/noticias\/g20-paises-defendem-reforma-omc\/\"},\"wordCount\":298,\"publisher\":{\"@id\":\"https:\/\/www.suno.com.br\/noticias\/#organization\"},\"image\":{\"@id\":\"https:\/\/www.suno.com.br\/noticias\/g20-paises-defendem-reforma-omc\/#primaryimage\"},\"thumbnailUrl\":\"https:\/\/files.sunoresearch.com.br\/n\/uploads\/2018\/12\/123ef532-g20-jpg.webp\",\"keywords\":[\"China\",\"Donald Trump\",\"Estados Unidos (EUA)\",\"G20\",\"Jair Bolsonaro\"],\"articleSection\":[\"Internacional\"],\"inLanguage\":\"pt-BR\"},{\"@type\":\"WebPage\",\"@id\":\"https:\/\/www.suno.com.br\/noticias\/g20-paises-defendem-reforma-omc\/\",\"url\":\"https:\/\/www.suno.com.br\/noticias\/g20-paises-defendem-reforma-omc\/\",\"name\":\"G20: Pa\u00edses defendem a reforma da OMC - Suno Not\u00edcias\",\"isPartOf\":{\"@id\":\"https:\/\/www.suno.com.br\/noticias\/#website\"},\"primaryImageOfPage\":{\"@id\":\"https:\/\/www.suno.com.br\/noticias\/g20-paises-defendem-reforma-omc\/#primaryimage\"},\"image\":{\"@id\":\"https:\/\/www.suno.com.br\/noticias\/g20-paises-defendem-reforma-omc\/#primaryimage\"},\"thumbnailUrl\":\"https:\/\/files.sunoresearch.com.br\/n\/uploads\/2018\/12\/123ef532-g20-jpg.webp\",\"datePublished\":\"2018-12-01T16:31:40+00:00\",\"dateModified\":\"2021-02-18T20:56:05+00:00\",\"description\":\"No G20, negociadores dos governos esbo\u00e7am texto de reforma da OMC; Documento deve ser aceito por chefes de Estado. Clique para saber mais.\",\"breadcrumb\":{\"@id\":\"https:\/\/www.suno.com.br\/noticias\/g20-paises-defendem-reforma-omc\/#breadcrumb\"},\"inLanguage\":\"pt-BR\",\"potentialAction\":[{\"@type\":\"ReadAction\",\"target\":[\"https:\/\/www.suno.com.br\/noticias\/g20-paises-defendem-reforma-omc\/\"]}]},{\"@type\":\"ImageObject\",\"inLanguage\":\"pt-BR\",\"@id\":\"https:\/\/www.suno.com.br\/noticias\/g20-paises-defendem-reforma-omc\/#primaryimage\",\"url\":\"https:\/\/files.sunoresearch.com.br\/n\/uploads\/2018\/12\/123ef532-g20-jpg.webp\",\"contentUrl\":\"https:\/\/files.sunoresearch.com.br\/n\/uploads\/2018\/12\/123ef532-g20-jpg.webp\",\"width\":1140,\"height\":760,\"caption\":\"G20 considera necess\u00e1ria a\u00e7\u00e3o conjunta contra o coronav\u00edrus\"},{\"@type\":\"BreadcrumbList\",\"@id\":\"https:\/\/www.suno.com.br\/noticias\/g20-paises-defendem-reforma-omc\/#breadcrumb\",\"itemListElement\":[{\"@type\":\"ListItem\",\"position\":1,\"name\":\"Not\u00edcias\",\"item\":\"https:\/\/www.suno.com.br\/noticias\/\"},{\"@type\":\"ListItem\",\"position\":2,\"name\":\"Internacional\",\"item\":\"https:\/\/www.suno.com.br\/noticias\/internacional\/\"},{\"@type\":\"ListItem\",\"position\":3,\"name\":\"G20: Pa\u00edses defendem a reforma da OMC\"}]},{\"@type\":\"WebSite\",\"@id\":\"https:\/\/www.suno.com.br\/noticias\/#website\",\"url\":\"https:\/\/www.suno.com.br\/noticias\/\",\"name\":\"Suno Not\u00edcias\",\"description\":\"Seu portal de informa\u00e7\u00e3o sobre o mundo dos investimentos\",\"publisher\":{\"@id\":\"https:\/\/www.suno.com.br\/noticias\/#organization\"},\"potentialAction\":[{\"@type\":\"SearchAction\",\"target\":{\"@type\":\"EntryPoint\",\"urlTemplate\":\"https:\/\/www.suno.com.br\/noticias\/?s={search_term_string}\"},\"query-input\":{\"@type\":\"PropertyValueSpecification\",\"valueRequired\":true,\"valueName\":\"search_term_string\"}}],\"inLanguage\":\"pt-BR\"},{\"@type\":\"Organization\",\"@id\":\"https:\/\/www.suno.com.br\/noticias\/#organization\",\"name\":\"Suno Not\u00edcias\",\"url\":\"https:\/\/www.suno.com.br\/noticias\/\",\"logo\":{\"@type\":\"ImageObject\",\"inLanguage\":\"pt-BR\",\"@id\":\"https:\/\/www.suno.com.br\/noticias\/#\/schema\/logo\/image\/\",\"url\":\"https:\/\/files.sunoresearch.com.br\/n\/uploads\/2021\/09\/suno-logo.png\",\"contentUrl\":\"https:\/\/files.sunoresearch.com.br\/n\/uploads\/2021\/09\/suno-logo.png\",\"width\":180,\"height\":180,\"caption\":\"Suno Not\u00edcias\"},\"image\":{\"@id\":\"https:\/\/www.suno.com.br\/noticias\/#\/schema\/logo\/image\/\"},\"sameAs\":[\"https:\/\/facebook.com\/sunoresearch\",\"https:\/\/x.com\/sunoresearch\",\"https:\/\/www.instagram.com\/suno\",\"https:\/\/www.linkedin.com\/company\/suno-research\/\",\"https:\/\/www.youtube.com\/c\/sunoresearch\"]},{\"@type\":\"Person\",\"@id\":\"https:\/\/www.suno.com.br\/noticias\/#\/schema\/person\/fc144a1c6108bd1dcd43784e88a3c138\",\"name\":\"Renan Bandeira\",\"image\":{\"@type\":\"ImageObject\",\"inLanguage\":\"pt-BR\",\"@id\":\"https:\/\/www.suno.com.br\/noticias\/#\/schema\/person\/image\/\",\"url\":\"https:\/\/secure.gravatar.com\/avatar\/68359cdb608f14f11bbefcb78f3fc747?s=96&r=g\",\"contentUrl\":\"https:\/\/secure.gravatar.com\/avatar\/68359cdb608f14f11bbefcb78f3fc747?s=96&r=g\",\"caption\":\"Renan Bandeira\"},\"description\":\"Renan Bandeira escreve sobre pol\u00edtica e economia para o portal da Suno Research. Antes da Suno, trabalhou em uma rede de televis\u00e3o, onde fazia reportagens sobre os mesmos temas. Estuda na Universidade Metodista de S\u00e3o Paulo.\",\"url\":\"https:\/\/www.suno.com.br\/noticias\/author\/renan-bandeira\/\"}]}<\/script>\n<!-- \/ Yoast SEO plugin. -->","yoast_head_json":{"title":"G20: Pa\u00edses defendem a reforma da OMC - Suno Not\u00edcias","description":"No G20, negociadores dos governos esbo\u00e7am texto de reforma da OMC; Documento deve ser aceito por chefes de Estado. Clique para saber mais.","robots":{"index":"index","follow":"follow","max-snippet":"max-snippet:-1","max-image-preview":"max-image-preview:large","max-video-preview":"max-video-preview:-1"},"canonical":"https:\/\/www.suno.com.br\/noticias\/g20-paises-defendem-reforma-omc\/","og_locale":"pt_BR","og_type":"article","og_title":"G20: Pa\u00edses defendem a reforma da OMC - Suno Not\u00edcias","og_description":"No G20, negociadores dos governos esbo\u00e7am texto de reforma da OMC; Documento deve ser aceito por chefes de Estado. Clique para saber mais.","og_url":"https:\/\/www.suno.com.br\/noticias\/g20-paises-defendem-reforma-omc\/","og_site_name":"Suno Not\u00edcias","article_publisher":"https:\/\/facebook.com\/sunoresearch","og_image":[{"width":1140,"height":760,"url":"https:\/\/files.sunoresearch.com.br\/n\/uploads\/2018\/12\/123ef532-g20.jpg","type":"image\/jpeg"}],"author":"Renan Bandeira","twitter_card":"summary_large_image","twitter_creator":"@sunoresearch","twitter_site":"@sunoresearch","twitter_misc":{"Escrito por":"Renan Bandeira","Est. tempo de leitura":"1 minuto"},"schema":{"@context":"https:\/\/schema.org","@graph":[{"@type":"NewsArticle","@id":"https:\/\/www.suno.com.br\/noticias\/g20-paises-defendem-reforma-omc\/#article","isPartOf":{"@id":"https:\/\/www.suno.com.br\/noticias\/g20-paises-defendem-reforma-omc\/"},"author":{"name":"Renan Bandeira","@id":"https:\/\/www.suno.com.br\/noticias\/#\/schema\/person\/fc144a1c6108bd1dcd43784e88a3c138"},"headline":"G20: Pa\u00edses defendem a reforma da OMC","datePublished":"2018-12-01T16:31:40+00:00","dateModified":"2021-02-18T20:56:05+00:00","mainEntityOfPage":{"@id":"https:\/\/www.suno.com.br\/noticias\/g20-paises-defendem-reforma-omc\/"},"wordCount":298,"publisher":{"@id":"https:\/\/www.suno.com.br\/noticias\/#organization"},"image":{"@id":"https:\/\/www.suno.com.br\/noticias\/g20-paises-defendem-reforma-omc\/#primaryimage"},"thumbnailUrl":"https:\/\/files.sunoresearch.com.br\/n\/uploads\/2018\/12\/123ef532-g20-jpg.webp","keywords":["China","Donald Trump","Estados Unidos (EUA)","G20","Jair Bolsonaro"],"articleSection":["Internacional"],"inLanguage":"pt-BR"},{"@type":"WebPage","@id":"https:\/\/www.suno.com.br\/noticias\/g20-paises-defendem-reforma-omc\/","url":"https:\/\/www.suno.com.br\/noticias\/g20-paises-defendem-reforma-omc\/","name":"G20: Pa\u00edses defendem a reforma da OMC - Suno Not\u00edcias","isPartOf":{"@id":"https:\/\/www.suno.com.br\/noticias\/#website"},"primaryImageOfPage":{"@id":"https:\/\/www.suno.com.br\/noticias\/g20-paises-defendem-reforma-omc\/#primaryimage"},"image":{"@id":"https:\/\/www.suno.com.br\/noticias\/g20-paises-defendem-reforma-omc\/#primaryimage"},"thumbnailUrl":"https:\/\/files.sunoresearch.com.br\/n\/uploads\/2018\/12\/123ef532-g20-jpg.webp","datePublished":"2018-12-01T16:31:40+00:00","dateModified":"2021-02-18T20:56:05+00:00","description":"No G20, negociadores dos governos esbo\u00e7am texto de reforma da OMC; Documento deve ser aceito por chefes de Estado. Clique para saber mais.","breadcrumb":{"@id":"https:\/\/www.suno.com.br\/noticias\/g20-paises-defendem-reforma-omc\/#breadcrumb"},"inLanguage":"pt-BR","potentialAction":[{"@type":"ReadAction","target":["https:\/\/www.suno.com.br\/noticias\/g20-paises-defendem-reforma-omc\/"]}]},{"@type":"ImageObject","inLanguage":"pt-BR","@id":"https:\/\/www.suno.com.br\/noticias\/g20-paises-defendem-reforma-omc\/#primaryimage","url":"https:\/\/files.sunoresearch.com.br\/n\/uploads\/2018\/12\/123ef532-g20-jpg.webp","contentUrl":"https:\/\/files.sunoresearch.com.br\/n\/uploads\/2018\/12\/123ef532-g20-jpg.webp","width":1140,"height":760,"caption":"G20 considera necess\u00e1ria a\u00e7\u00e3o conjunta contra o coronav\u00edrus"},{"@type":"BreadcrumbList","@id":"https:\/\/www.suno.com.br\/noticias\/g20-paises-defendem-reforma-omc\/#breadcrumb","itemListElement":[{"@type":"ListItem","position":1,"name":"Not\u00edcias","item":"https:\/\/www.suno.com.br\/noticias\/"},{"@type":"ListItem","position":2,"name":"Internacional","item":"https:\/\/www.suno.com.br\/noticias\/internacional\/"},{"@type":"ListItem","position":3,"name":"G20: Pa\u00edses defendem a reforma da OMC"}]},{"@type":"WebSite","@id":"https:\/\/www.suno.com.br\/noticias\/#website","url":"https:\/\/www.suno.com.br\/noticias\/","name":"Suno Not\u00edcias","description":"Seu portal de informa\u00e7\u00e3o sobre o mundo dos investimentos","publisher":{"@id":"https:\/\/www.suno.com.br\/noticias\/#organization"},"potentialAction":[{"@type":"SearchAction","target":{"@type":"EntryPoint","urlTemplate":"https:\/\/www.suno.com.br\/noticias\/?s={search_term_string}"},"query-input":{"@type":"PropertyValueSpecification","valueRequired":true,"valueName":"search_term_string"}}],"inLanguage":"pt-BR"},{"@type":"Organization","@id":"https:\/\/www.suno.com.br\/noticias\/#organization","name":"Suno Not\u00edcias","url":"https:\/\/www.suno.com.br\/noticias\/","logo":{"@type":"ImageObject","inLanguage":"pt-BR","@id":"https:\/\/www.suno.com.br\/noticias\/#\/schema\/logo\/image\/","url":"https:\/\/files.sunoresearch.com.br\/n\/uploads\/2021\/09\/suno-logo.png","contentUrl":"https:\/\/files.sunoresearch.com.br\/n\/uploads\/2021\/09\/suno-logo.png","width":180,"height":180,"caption":"Suno Not\u00edcias"},"image":{"@id":"https:\/\/www.suno.com.br\/noticias\/#\/schema\/logo\/image\/"},"sameAs":["https:\/\/facebook.com\/sunoresearch","https:\/\/x.com\/sunoresearch","https:\/\/www.instagram.com\/suno","https:\/\/www.linkedin.com\/company\/suno-research\/","https:\/\/www.youtube.com\/c\/sunoresearch"]},{"@type":"Person","@id":"https:\/\/www.suno.com.br\/noticias\/#\/schema\/person\/fc144a1c6108bd1dcd43784e88a3c138","name":"Renan Bandeira","image":{"@type":"ImageObject","inLanguage":"pt-BR","@id":"https:\/\/www.suno.com.br\/noticias\/#\/schema\/person\/image\/","url":"https:\/\/secure.gravatar.com\/avatar\/68359cdb608f14f11bbefcb78f3fc747?s=96&r=g","contentUrl":"https:\/\/secure.gravatar.com\/avatar\/68359cdb608f14f11bbefcb78f3fc747?s=96&r=g","caption":"Renan Bandeira"},"description":"Renan Bandeira escreve sobre pol\u00edtica e economia para o portal da Suno Research. Antes da Suno, trabalhou em uma rede de televis\u00e3o, onde fazia reportagens sobre os mesmos temas. Estuda na Universidade Metodista de S\u00e3o Paulo.","url":"https:\/\/www.suno.com.br\/noticias\/author\/renan-bandeira\/"}]}},"default_loop_html":"<div class=\"cardsPage__listCard__boxs\"><div class=\"cardsPage__listCard__boxs__img\"><a href=\"https:\/\/www.suno.com.br\/noticias\/g20-paises-defendem-reforma-omc\/\"><img class=\"mask\" src=\"https:\/\/www.suno.com.br\/noticias\/wp-content\/themes\/suno\/resources\/images\/spotlight\/spotlight1img\/bg-mask.png\" alt=\"Image Mask\"\/><img src=\"https:\/\/files.sunoresearch.com.br\/n\/uploads\/2018\/12\/123ef532-g20-400x200.webp\" alt=\"G20: Pa\u00edses defendem a reforma da OMC\"\/><\/a><span class=\"spotlightCategory\"><a href=\"https:\/\/www.suno.com.br\/noticias\/internacional\/\">Internacional<\/a><\/span><\/div><div class=\"cardsPage__listCard__boxs__content\"><a href=\"https:\/\/www.suno.com.br\/noticias\/g20-paises-defendem-reforma-omc\/\"><h2 class=\"content__title\">G20: Pa\u00edses defendem a reforma da OMC<\/h2><\/a><div class=\"newsContent__article__meta\"><div class=\"newsContent__article__meta__authorBox\"><a href=\"https:\/\/www.suno.com.br\/noticias\/author\/renan-bandeira\/\" class=\"authorBox__avatar noMobi\"><img src=\"https:\/\/secure.gravatar.com\/avatar\/68359cdb608f14f11bbefcb78f3fc747?s=96&#038;r=g\" alt=\"Renan Bandeira\"><\/a><div class=\"authorBox__name\"><span>por\n\t\t\t<a href=\"https:\/\/www.suno.com.br\/noticias\/author\/renan-bandeira\/\"><span itemprop=\"author\">Renan Bandeira<\/span><\/a><\/span><time datetime=\"2018-12-01T14:31:40-02:00\" itemprop=\"datePublished\">01\/12\/2018 14:31<\/time><\/div><\/div><\/div><\/div><\/div>","single_layout":"posts","amp_enabled":true,"_links":{"self":[{"href":"https:\/\/www.suno.com.br\/noticias\/wp-json\/wp\/v2\/posts\/7659"}],"collection":[{"href":"https:\/\/www.suno.com.br\/noticias\/wp-json\/wp\/v2\/posts"}],"about":[{"href":"https:\/\/www.suno.com.br\/noticias\/wp-json\/wp\/v2\/types\/post"}],"author":[{"embeddable":true,"href":"https:\/\/www.suno.com.br\/noticias\/wp-json\/wp\/v2\/users\/11"}],"replies":[{"embeddable":true,"href":"https:\/\/www.suno.com.br\/noticias\/wp-json\/wp\/v2\/comments?post=7659"}],"version-history":[{"count":0,"href":"https:\/\/www.suno.com.br\/noticias\/wp-json\/wp\/v2\/posts\/7659\/revisions"}],"wp:featuredmedia":[{"embeddable":true,"href":"https:\/\/www.suno.com.br\/noticias\/wp-json\/wp\/v2\/media\/7660"}],"wp:attachment":[{"href":"https:\/\/www.suno.com.br\/noticias\/wp-json\/wp\/v2\/media?parent=7659"}],"wp:term":[{"taxonomy":"category","embeddable":true,"href":"https:\/\/www.suno.com.br\/noticias\/wp-json\/wp\/v2\/categories?post=7659"},{"taxonomy":"post_tag","embeddable":true,"href":"https:\/\/www.suno.com.br\/noticias\/wp-json\/wp\/v2\/tags?post=7659"},{"taxonomy":"suno_strategy","embeddable":true,"href":"https:\/\/www.suno.com.br\/noticias\/wp-json\/wp\/v2\/suno_strategy?post=7659"}],"curies":[{"name":"wp","href":"https:\/\/api.w.org\/{rel}","templated":true}]}}