{"id":76558,"date":"2020-08-05T17:00:30","date_gmt":"2020-08-05T20:00:30","guid":{"rendered":"https:\/\/www.suno.com.br\/noticias\/?p=76558"},"modified":"2020-08-05T17:01:59","modified_gmt":"2020-08-05T20:01:59","slug":"gol-goll4-demanda-domestica-julho","status":"publish","type":"post","link":"https:\/\/www.suno.com.br\/noticias\/gol-goll4-demanda-domestica-julho\/","title":{"rendered":"Gol (GOLL4): demanda dom\u00e9stica cresceu 114% em julho ante junho"},"content":{"rendered":"<p>A <strong><a href=\"https:\/\/www.suno.com.br\/acoes\/goll4\/\">Gol <\/a><\/strong><a href=\"https:\/\/www.suno.com.br\/acoes\/goll4\/\">(<\/a><a href=\"https:\/\/www.suno.com.br\/acoes\/goll4\/\">GOLL4<\/a>)\u00a0divulgou nessa quarta-feira (5) n\u00fameros pr\u00e9vios sobre seu tr\u00e1fego a\u00e9reo, e apontou que a <a href=\"https:\/\/www.suno.com.br\/artigos\/oferta-demanda\/\">demanda<\/a> para seus voos no mercado dom\u00e9stico cresceu 114% em julho na compara\u00e7\u00e3o mensal.\u00a0 Em contrapartida, na compara\u00e7\u00e3o anual, a demanda da Gol recuou 77,2%.<\/p>\t<div class=\"wrapper-featured-image\">\n\t\t<figure class=\"spotlightImg\">\n\n\t\t\t<picture>\n\t\t\t\t<source media=\"(max-width: 768px)\" srcset=\"https:\/\/files.sunoresearch.com.br\/n\/uploads\/2019\/03\/b18cf601-gol-400x200.webp\">\n\t\t\t\t<img loading=\"lazy\" decoding=\"async\" class=\"newsContent__article__imgCapa lazyloadDisabled \" src=\"https:\/\/files.sunoresearch.com.br\/n\/uploads\/2019\/03\/b18cf601-gol-800x450.webp\" width=\"800\" height=\"450\" alt=\"Gol (GOLL4): demanda dom\u00e9stica cresceu 114% em julho ante junho\" fetchpriority=high \/>\n\t\t\t<\/picture>\n\n\t\t\t<figcaption class=\"wp-caption-text wp-caption-text--show\">Avi\u00e3o da Gol (foto: divulga\u00e7\u00e3o)<\/figcaption>\n\t\t<\/figure>\n\t<\/div>\n\n\n<div class=\"hubspot-form-wrapper\">\n\t<div id=\"single-form-target\"><\/div>\n<\/div>\n\n<p>Segundo a Gol, sua <a href=\"https:\/\/www.suno.com.br\/artigos\/oferta-demanda\/\"><strong>oferta<\/strong> <\/a>teve um avan\u00e7o de 117% em julho ante junho, ao passo que a taxa de ocupa\u00e7\u00e3o alcan\u00e7ou 78,1% no m\u00eas passado. Entretanto, a oferta em julho \u00e9 75,1% menor do que a notada no mesmo per\u00edodo em 2019.<\/p>\n<p>Al\u00e9m disso, a companhia a\u00e9rea destacou que aumentou sua malha para 200 voos di\u00e1rios no s\u00e9timo m\u00eas do ano.<\/p>\n<p><a href=\"https:\/\/lp.suno.com.br\/suno-one\/\">Conhe\u00e7a o Suno One, a central gratuita de informa\u00e7\u00f5es da Suno para quem quer aprender a investir. Acesse clicando aqui.<\/a><\/p>\n<p>Vale lembrar que devido a pandemia do novo <strong>coronav\u00edrus<\/strong> (Covid-19), a demanda das companhias a\u00e9reas foram fortemente afetadas.<\/p>\n<p>Contudo, em julho desse ano, a Gol reabriu bases em:<\/p>\n<ul>\n<li>Santar\u00e9m (Par\u00e1)<\/li>\n<li>Uberl\u00e2ndia (Minas Gerais);<\/li>\n<li>Viracopos (S\u00e3o Paulo);<\/li>\n<li>Vit\u00f3ria da Conquista (Bahia).<\/li>\n<\/ul>\n<p>Enquanto ampliou opera\u00e7\u00f5es nos aeroportos de:<\/p>\n<ul>\n<li>Guarulhos;<\/li>\n<li>Bras\u00edlia;<\/li>\n<li>Gale\u00e3o.<\/li>\n<\/ul>\n<h2>Preju\u00edzo da Gol no 2T20<\/h2>\n<p>A <strong>Gol<\/strong>\u00a0registrou<a href=\"https:\/\/www.suno.com.br\/artigos\/prejuizos-acumulados\/\"> preju\u00edzo l\u00edquido<\/a> de R$ 1,996 bilh\u00e3o no segundo trimestre deste ano. No mesmo per\u00edodo em 2019, a companhia a\u00e9rea havia registrado preju\u00edzo de R$ 194,6 milh\u00f5es.<\/p>\n<p>A Gol tamb\u00e9m divulgou que, se descontados efeitos extraordin\u00e1rios como receitas e despesas n\u00e3o recorrentes e varia\u00e7\u00e3o cambial, o preju\u00edzo seria de R$ 771,8 milh\u00f5es, ante preju\u00edzo de R$ 2,1 milh\u00f5es no mesmo per\u00edodo de 2019.<\/p>\n<p>A <a href=\"https:\/\/www.suno.com.br\/artigos\/receita-liquida\/\">receita l\u00edquida<\/a> da companhia a\u00e9rea totalizou R$ 357,8 milh\u00f5es, em compara\u00e7\u00e3o com o mesmo per\u00edodo no ano passado, esse valor representa queda de 88,6%. De acordo com a Gol, esse resultado \u00e9 &#8220;devido principalmente a redu\u00e7\u00e3o na demanda em decorr\u00eancia da ado\u00e7\u00e3o do comportamento de distanciamento social pelos clientes e pelo fechamento de fronteiras&#8221;.<\/p>\n\t<div data-element=\"shortcode-read-more\" class=\"knowMore\">\n\t\t\t\t<span class=\"knowMore__title\">Veja tamb\u00e9m<\/span>\n\t\t\t\t<a class=\"knowMore__link\" href=\"https:\/\/www.suno.com.br\/noticias\/gol-goll4-avalia-proposta-financiamento-bndes-r-6-bilhoes\/\">\n\t\t\tGol (GOLL4) encaminhar\u00e1 proposta de financiamento do BNDES de R$ 6 bi ao CDA\t\t<\/a>\n\t<\/div>\n\n\n<p>O <a href=\"https:\/\/www.suno.com.br\/artigos\/ebitda\/\">Ebitda (lucro antes de juros, impostos, deprecia\u00e7\u00e3o e amortiza\u00e7\u00e3o) ajustado<\/a> totalizou R$ 99,2 milh\u00f5es no per\u00edodo. O Ebitda ajustado por assento-quil\u00f4metro dispon\u00edvel foi R$ 10,02 (centavos). Por sua vez, o <a href=\"https:\/\/www.suno.com.br\/artigos\/ebit\/\">resultado operacional (Ebit ajustado)<\/a> da <strong>Gol<\/strong> no segundo trimestre foi de R$ 20,4 milh\u00f5es. A <a href=\"https:\/\/www.suno.com.br\/artigos\/margem-operacional\/\">margem operacional<\/a> foi de 5,7%.<\/p>\n\t<p>\n\t\t<a href=\"https:\/\/lp.suno.com.br\/planilha-de-controle-de-investimentos\/\" target=\"_blank\" data-element=\"shortcode-suno-banner\" title=\"Banner SUNO, clique e saiba mais\">\n\t\t\t<picture>\n\t\t\t\t<source media=\"(max-width: 500px)\" srcset=\"https:\/\/files.sunoresearch.com.br\/n\/uploads\/2023\/03\/400x300-Controle-de-Investimentos.png\">\n\t\t\t\t<img class=\"newsContent__article__imgCapa newsContent__article__imgCapa--banner\"\n\t\t\t\t\tsrc=\"https:\/\/files.sunoresearch.com.br\/n\/uploads\/2023\/03\/1420x240-Controle-de-Investimentos.png\"\n\t\t\t\t\tdata-promo-id=\"75934\"\t\t\t\t\t\t\t\t\t\twidth='1420' height='240'\t\t\t\t\talt=\"https:\/\/files.sunoresearch.com.br\/n\/uploads\/2023\/03\/1420x240-Controle-de-Investimentos.png\"\n\t\t\t\t>\n\t\t\t<\/picture>\n\t\t<\/a>\n\t<\/p>\n\n\n","protected":false},"excerpt":{"rendered":"<p>A Gol (GOLL4)\u00a0divulgou nessa quarta-feira (5) n\u00fameros pr\u00e9vios sobre seu tr\u00e1fego a\u00e9reo, e apontou que a demanda para seus voos no mercado dom\u00e9stico cresceu 114% em julho na compara\u00e7\u00e3o mensal.\u00a0 Em contrapartida, na compara\u00e7\u00e3o anual, a demanda da Gol recuou 77,2%. Avi\u00e3o da Gol (foto: divulga\u00e7\u00e3o) Segundo a Gol, sua oferta teve um avan\u00e7o de [&hellip;]<\/p>\n","protected":false},"author":39,"featured_media":17608,"comment_status":"closed","ping_status":"closed","sticky":false,"template":"","format":"standard","meta":[],"categories":[64],"tags":[489],"suno_strategy":[],"class_list":["post-76558","post","type-post","status-publish","format-standard","has-post-thumbnail","hentry","category-negocios","tag-gol-linhas-aereas-goll11-goll4"],"yoast_head":"<!-- This site is optimized with the Yoast SEO plugin v24.4 - https:\/\/yoast.com\/wordpress\/plugins\/seo\/ -->\n<title>Gol (GOLL4) demanda dom\u00e9stica cresceu 114% em julho ante junho<\/title>\n<meta name=\"description\" content=\"A Gol (GOLL4)\u00a0apontou que a demanda para seus voos no mercado dom\u00e9stico cresceu 114% em julho ante junho. Clique aqui para saber mais.\" \/>\n<meta name=\"robots\" content=\"index, follow, max-snippet:-1, max-image-preview:large, max-video-preview:-1\" \/>\n<link rel=\"canonical\" href=\"https:\/\/www.suno.com.br\/noticias\/gol-goll4-demanda-domestica-julho\/\" \/>\n<meta property=\"og:locale\" content=\"pt_BR\" \/>\n<meta property=\"og:type\" content=\"article\" \/>\n<meta property=\"og:title\" content=\"Gol (GOLL4) demanda dom\u00e9stica cresceu 114% em julho ante junho\" \/>\n<meta property=\"og:description\" content=\"A Gol (GOLL4)\u00a0apontou que a demanda para seus voos no mercado dom\u00e9stico cresceu 114% em julho ante junho. Clique aqui para saber mais.\" \/>\n<meta property=\"og:url\" content=\"https:\/\/www.suno.com.br\/noticias\/gol-goll4-demanda-domestica-julho\/\" \/>\n<meta property=\"og:site_name\" content=\"Suno Not\u00edcias\" \/>\n<meta property=\"article:publisher\" content=\"https:\/\/facebook.com\/sunoresearch\" \/>\n<meta property=\"og:image\" content=\"https:\/\/files.sunoresearch.com.br\/n\/uploads\/2019\/03\/b18cf601-gol.jpg\" \/>\n\t<meta property=\"og:image:width\" content=\"1024\" \/>\n\t<meta property=\"og:image:height\" content=\"683\" \/>\n\t<meta property=\"og:image:type\" content=\"image\/jpeg\" \/>\n<meta name=\"author\" content=\"Laura Moutinho\" \/>\n<meta name=\"twitter:card\" content=\"summary_large_image\" \/>\n<meta name=\"twitter:creator\" content=\"@sunoresearch\" \/>\n<meta name=\"twitter:site\" content=\"@sunoresearch\" \/>\n<meta name=\"twitter:label1\" content=\"Escrito por\" \/>\n\t<meta name=\"twitter:data1\" content=\"Laura Moutinho\" \/>\n\t<meta name=\"twitter:label2\" content=\"Est. tempo de leitura\" \/>\n\t<meta name=\"twitter:data2\" content=\"2 minutos\" \/>\n<script type=\"application\/ld+json\" class=\"yoast-schema-graph\">{\"@context\":\"https:\/\/schema.org\",\"@graph\":[{\"@type\":\"NewsArticle\",\"@id\":\"https:\/\/www.suno.com.br\/noticias\/gol-goll4-demanda-domestica-julho\/#article\",\"isPartOf\":{\"@id\":\"https:\/\/www.suno.com.br\/noticias\/gol-goll4-demanda-domestica-julho\/\"},\"author\":{\"name\":\"Laura Moutinho\",\"@id\":\"https:\/\/www.suno.com.br\/noticias\/#\/schema\/person\/3df0d2808748b74496efe5dbeaef2c72\"},\"headline\":\"Gol (GOLL4): demanda dom\u00e9stica cresceu 114% em julho ante junho\",\"datePublished\":\"2020-08-05T20:00:30+00:00\",\"dateModified\":\"2020-08-05T20:01:59+00:00\",\"mainEntityOfPage\":{\"@id\":\"https:\/\/www.suno.com.br\/noticias\/gol-goll4-demanda-domestica-julho\/\"},\"wordCount\":421,\"publisher\":{\"@id\":\"https:\/\/www.suno.com.br\/noticias\/#organization\"},\"image\":{\"@id\":\"https:\/\/www.suno.com.br\/noticias\/gol-goll4-demanda-domestica-julho\/#primaryimage\"},\"thumbnailUrl\":\"https:\/\/files.sunoresearch.com.br\/n\/uploads\/2019\/03\/b18cf601-gol-jpg.webp\",\"keywords\":[\"Gol Linhas A\u00e9reas (GOLL11\/GOLL4)\"],\"articleSection\":[\"Neg\u00f3cios\"],\"inLanguage\":\"pt-BR\"},{\"@type\":\"WebPage\",\"@id\":\"https:\/\/www.suno.com.br\/noticias\/gol-goll4-demanda-domestica-julho\/\",\"url\":\"https:\/\/www.suno.com.br\/noticias\/gol-goll4-demanda-domestica-julho\/\",\"name\":\"Gol (GOLL4) demanda dom\u00e9stica cresceu 114% em julho ante junho\",\"isPartOf\":{\"@id\":\"https:\/\/www.suno.com.br\/noticias\/#website\"},\"primaryImageOfPage\":{\"@id\":\"https:\/\/www.suno.com.br\/noticias\/gol-goll4-demanda-domestica-julho\/#primaryimage\"},\"image\":{\"@id\":\"https:\/\/www.suno.com.br\/noticias\/gol-goll4-demanda-domestica-julho\/#primaryimage\"},\"thumbnailUrl\":\"https:\/\/files.sunoresearch.com.br\/n\/uploads\/2019\/03\/b18cf601-gol-jpg.webp\",\"datePublished\":\"2020-08-05T20:00:30+00:00\",\"dateModified\":\"2020-08-05T20:01:59+00:00\",\"description\":\"A Gol (GOLL4)\u00a0apontou que a demanda para seus voos no mercado dom\u00e9stico cresceu 114% em julho ante junho. Clique aqui para saber mais.\",\"breadcrumb\":{\"@id\":\"https:\/\/www.suno.com.br\/noticias\/gol-goll4-demanda-domestica-julho\/#breadcrumb\"},\"inLanguage\":\"pt-BR\",\"potentialAction\":[{\"@type\":\"ReadAction\",\"target\":[\"https:\/\/www.suno.com.br\/noticias\/gol-goll4-demanda-domestica-julho\/\"]}]},{\"@type\":\"ImageObject\",\"inLanguage\":\"pt-BR\",\"@id\":\"https:\/\/www.suno.com.br\/noticias\/gol-goll4-demanda-domestica-julho\/#primaryimage\",\"url\":\"https:\/\/files.sunoresearch.com.br\/n\/uploads\/2019\/03\/b18cf601-gol-jpg.webp\",\"contentUrl\":\"https:\/\/files.sunoresearch.com.br\/n\/uploads\/2019\/03\/b18cf601-gol-jpg.webp\",\"width\":1024,\"height\":683,\"caption\":\"Avi\u00e3o da Gol (foto: divulga\u00e7\u00e3o)\"},{\"@type\":\"BreadcrumbList\",\"@id\":\"https:\/\/www.suno.com.br\/noticias\/gol-goll4-demanda-domestica-julho\/#breadcrumb\",\"itemListElement\":[{\"@type\":\"ListItem\",\"position\":1,\"name\":\"Not\u00edcias\",\"item\":\"https:\/\/www.suno.com.br\/noticias\/\"},{\"@type\":\"ListItem\",\"position\":2,\"name\":\"Neg\u00f3cios\",\"item\":\"https:\/\/www.suno.com.br\/noticias\/negocios\/\"},{\"@type\":\"ListItem\",\"position\":3,\"name\":\"Gol (GOLL4): demanda dom\u00e9stica cresceu 114% em julho ante junho\"}]},{\"@type\":\"WebSite\",\"@id\":\"https:\/\/www.suno.com.br\/noticias\/#website\",\"url\":\"https:\/\/www.suno.com.br\/noticias\/\",\"name\":\"Suno Not\u00edcias\",\"description\":\"Seu portal de informa\u00e7\u00e3o sobre o mundo dos investimentos\",\"publisher\":{\"@id\":\"https:\/\/www.suno.com.br\/noticias\/#organization\"},\"potentialAction\":[{\"@type\":\"SearchAction\",\"target\":{\"@type\":\"EntryPoint\",\"urlTemplate\":\"https:\/\/www.suno.com.br\/noticias\/?s={search_term_string}\"},\"query-input\":{\"@type\":\"PropertyValueSpecification\",\"valueRequired\":true,\"valueName\":\"search_term_string\"}}],\"inLanguage\":\"pt-BR\"},{\"@type\":\"Organization\",\"@id\":\"https:\/\/www.suno.com.br\/noticias\/#organization\",\"name\":\"Suno Not\u00edcias\",\"url\":\"https:\/\/www.suno.com.br\/noticias\/\",\"logo\":{\"@type\":\"ImageObject\",\"inLanguage\":\"pt-BR\",\"@id\":\"https:\/\/www.suno.com.br\/noticias\/#\/schema\/logo\/image\/\",\"url\":\"https:\/\/files.sunoresearch.com.br\/n\/uploads\/2021\/09\/suno-logo.png\",\"contentUrl\":\"https:\/\/files.sunoresearch.com.br\/n\/uploads\/2021\/09\/suno-logo.png\",\"width\":180,\"height\":180,\"caption\":\"Suno Not\u00edcias\"},\"image\":{\"@id\":\"https:\/\/www.suno.com.br\/noticias\/#\/schema\/logo\/image\/\"},\"sameAs\":[\"https:\/\/facebook.com\/sunoresearch\",\"https:\/\/x.com\/sunoresearch\",\"https:\/\/www.instagram.com\/suno\",\"https:\/\/www.linkedin.com\/company\/suno-research\/\",\"https:\/\/www.youtube.com\/c\/sunoresearch\"]},{\"@type\":\"Person\",\"@id\":\"https:\/\/www.suno.com.br\/noticias\/#\/schema\/person\/3df0d2808748b74496efe5dbeaef2c72\",\"name\":\"Laura Moutinho\",\"image\":{\"@type\":\"ImageObject\",\"inLanguage\":\"pt-BR\",\"@id\":\"https:\/\/www.suno.com.br\/noticias\/#\/schema\/person\/image\/\",\"url\":\"https:\/\/secure.gravatar.com\/avatar\/7571c7c8ca3a6fca5e41384ece5557ff?s=96&r=g\",\"contentUrl\":\"https:\/\/secure.gravatar.com\/avatar\/7571c7c8ca3a6fca5e41384ece5557ff?s=96&r=g\",\"caption\":\"Laura Moutinho\"},\"description\":\"Estagi\u00e1ria na Suno Not\u00edcias, escreve not\u00edcias que afetam o mercado financeiro. Estuda administra\u00e7\u00e3o na Universidade Presbiteriana Mackenzie.\",\"url\":\"https:\/\/www.suno.com.br\/noticias\/author\/laura-moutinho\/\"}]}<\/script>\n<!-- \/ Yoast SEO plugin. -->","yoast_head_json":{"title":"Gol (GOLL4) demanda dom\u00e9stica cresceu 114% em julho ante junho","description":"A Gol (GOLL4)\u00a0apontou que a demanda para seus voos no mercado dom\u00e9stico cresceu 114% em julho ante junho. Clique aqui para saber mais.","robots":{"index":"index","follow":"follow","max-snippet":"max-snippet:-1","max-image-preview":"max-image-preview:large","max-video-preview":"max-video-preview:-1"},"canonical":"https:\/\/www.suno.com.br\/noticias\/gol-goll4-demanda-domestica-julho\/","og_locale":"pt_BR","og_type":"article","og_title":"Gol (GOLL4) demanda dom\u00e9stica cresceu 114% em julho ante junho","og_description":"A Gol (GOLL4)\u00a0apontou que a demanda para seus voos no mercado dom\u00e9stico cresceu 114% em julho ante junho. Clique aqui para saber mais.","og_url":"https:\/\/www.suno.com.br\/noticias\/gol-goll4-demanda-domestica-julho\/","og_site_name":"Suno Not\u00edcias","article_publisher":"https:\/\/facebook.com\/sunoresearch","og_image":[{"width":1024,"height":683,"url":"https:\/\/files.sunoresearch.com.br\/n\/uploads\/2019\/03\/b18cf601-gol.jpg","type":"image\/jpeg"}],"author":"Laura Moutinho","twitter_card":"summary_large_image","twitter_creator":"@sunoresearch","twitter_site":"@sunoresearch","twitter_misc":{"Escrito por":"Laura Moutinho","Est. tempo de leitura":"2 minutos"},"schema":{"@context":"https:\/\/schema.org","@graph":[{"@type":"NewsArticle","@id":"https:\/\/www.suno.com.br\/noticias\/gol-goll4-demanda-domestica-julho\/#article","isPartOf":{"@id":"https:\/\/www.suno.com.br\/noticias\/gol-goll4-demanda-domestica-julho\/"},"author":{"name":"Laura Moutinho","@id":"https:\/\/www.suno.com.br\/noticias\/#\/schema\/person\/3df0d2808748b74496efe5dbeaef2c72"},"headline":"Gol (GOLL4): demanda dom\u00e9stica cresceu 114% em julho ante junho","datePublished":"2020-08-05T20:00:30+00:00","dateModified":"2020-08-05T20:01:59+00:00","mainEntityOfPage":{"@id":"https:\/\/www.suno.com.br\/noticias\/gol-goll4-demanda-domestica-julho\/"},"wordCount":421,"publisher":{"@id":"https:\/\/www.suno.com.br\/noticias\/#organization"},"image":{"@id":"https:\/\/www.suno.com.br\/noticias\/gol-goll4-demanda-domestica-julho\/#primaryimage"},"thumbnailUrl":"https:\/\/files.sunoresearch.com.br\/n\/uploads\/2019\/03\/b18cf601-gol-jpg.webp","keywords":["Gol Linhas A\u00e9reas (GOLL11\/GOLL4)"],"articleSection":["Neg\u00f3cios"],"inLanguage":"pt-BR"},{"@type":"WebPage","@id":"https:\/\/www.suno.com.br\/noticias\/gol-goll4-demanda-domestica-julho\/","url":"https:\/\/www.suno.com.br\/noticias\/gol-goll4-demanda-domestica-julho\/","name":"Gol (GOLL4) demanda dom\u00e9stica cresceu 114% em julho ante junho","isPartOf":{"@id":"https:\/\/www.suno.com.br\/noticias\/#website"},"primaryImageOfPage":{"@id":"https:\/\/www.suno.com.br\/noticias\/gol-goll4-demanda-domestica-julho\/#primaryimage"},"image":{"@id":"https:\/\/www.suno.com.br\/noticias\/gol-goll4-demanda-domestica-julho\/#primaryimage"},"thumbnailUrl":"https:\/\/files.sunoresearch.com.br\/n\/uploads\/2019\/03\/b18cf601-gol-jpg.webp","datePublished":"2020-08-05T20:00:30+00:00","dateModified":"2020-08-05T20:01:59+00:00","description":"A Gol (GOLL4)\u00a0apontou que a demanda para seus voos no mercado dom\u00e9stico cresceu 114% em julho ante junho. Clique aqui para saber mais.","breadcrumb":{"@id":"https:\/\/www.suno.com.br\/noticias\/gol-goll4-demanda-domestica-julho\/#breadcrumb"},"inLanguage":"pt-BR","potentialAction":[{"@type":"ReadAction","target":["https:\/\/www.suno.com.br\/noticias\/gol-goll4-demanda-domestica-julho\/"]}]},{"@type":"ImageObject","inLanguage":"pt-BR","@id":"https:\/\/www.suno.com.br\/noticias\/gol-goll4-demanda-domestica-julho\/#primaryimage","url":"https:\/\/files.sunoresearch.com.br\/n\/uploads\/2019\/03\/b18cf601-gol-jpg.webp","contentUrl":"https:\/\/files.sunoresearch.com.br\/n\/uploads\/2019\/03\/b18cf601-gol-jpg.webp","width":1024,"height":683,"caption":"Avi\u00e3o da Gol (foto: divulga\u00e7\u00e3o)"},{"@type":"BreadcrumbList","@id":"https:\/\/www.suno.com.br\/noticias\/gol-goll4-demanda-domestica-julho\/#breadcrumb","itemListElement":[{"@type":"ListItem","position":1,"name":"Not\u00edcias","item":"https:\/\/www.suno.com.br\/noticias\/"},{"@type":"ListItem","position":2,"name":"Neg\u00f3cios","item":"https:\/\/www.suno.com.br\/noticias\/negocios\/"},{"@type":"ListItem","position":3,"name":"Gol (GOLL4): demanda dom\u00e9stica cresceu 114% em julho ante junho"}]},{"@type":"WebSite","@id":"https:\/\/www.suno.com.br\/noticias\/#website","url":"https:\/\/www.suno.com.br\/noticias\/","name":"Suno Not\u00edcias","description":"Seu portal de informa\u00e7\u00e3o sobre o mundo dos investimentos","publisher":{"@id":"https:\/\/www.suno.com.br\/noticias\/#organization"},"potentialAction":[{"@type":"SearchAction","target":{"@type":"EntryPoint","urlTemplate":"https:\/\/www.suno.com.br\/noticias\/?s={search_term_string}"},"query-input":{"@type":"PropertyValueSpecification","valueRequired":true,"valueName":"search_term_string"}}],"inLanguage":"pt-BR"},{"@type":"Organization","@id":"https:\/\/www.suno.com.br\/noticias\/#organization","name":"Suno Not\u00edcias","url":"https:\/\/www.suno.com.br\/noticias\/","logo":{"@type":"ImageObject","inLanguage":"pt-BR","@id":"https:\/\/www.suno.com.br\/noticias\/#\/schema\/logo\/image\/","url":"https:\/\/files.sunoresearch.com.br\/n\/uploads\/2021\/09\/suno-logo.png","contentUrl":"https:\/\/files.sunoresearch.com.br\/n\/uploads\/2021\/09\/suno-logo.png","width":180,"height":180,"caption":"Suno Not\u00edcias"},"image":{"@id":"https:\/\/www.suno.com.br\/noticias\/#\/schema\/logo\/image\/"},"sameAs":["https:\/\/facebook.com\/sunoresearch","https:\/\/x.com\/sunoresearch","https:\/\/www.instagram.com\/suno","https:\/\/www.linkedin.com\/company\/suno-research\/","https:\/\/www.youtube.com\/c\/sunoresearch"]},{"@type":"Person","@id":"https:\/\/www.suno.com.br\/noticias\/#\/schema\/person\/3df0d2808748b74496efe5dbeaef2c72","name":"Laura Moutinho","image":{"@type":"ImageObject","inLanguage":"pt-BR","@id":"https:\/\/www.suno.com.br\/noticias\/#\/schema\/person\/image\/","url":"https:\/\/secure.gravatar.com\/avatar\/7571c7c8ca3a6fca5e41384ece5557ff?s=96&r=g","contentUrl":"https:\/\/secure.gravatar.com\/avatar\/7571c7c8ca3a6fca5e41384ece5557ff?s=96&r=g","caption":"Laura Moutinho"},"description":"Estagi\u00e1ria na Suno Not\u00edcias, escreve not\u00edcias que afetam o mercado financeiro. Estuda administra\u00e7\u00e3o na Universidade Presbiteriana Mackenzie.","url":"https:\/\/www.suno.com.br\/noticias\/author\/laura-moutinho\/"}]}},"default_loop_html":"<div class=\"cardsPage__listCard__boxs\"><div class=\"cardsPage__listCard__boxs__img\"><a href=\"https:\/\/www.suno.com.br\/noticias\/gol-goll4-demanda-domestica-julho\/\"><img class=\"mask\" src=\"https:\/\/www.suno.com.br\/noticias\/wp-content\/themes\/suno\/resources\/images\/spotlight\/spotlight1img\/bg-mask.png\" alt=\"Image Mask\"\/><img src=\"https:\/\/files.sunoresearch.com.br\/n\/uploads\/2019\/03\/b18cf601-gol-400x200.webp\" alt=\"Gol (GOLL4): demanda dom\u00e9stica cresceu 114% em julho ante junho\"\/><\/a><span class=\"spotlightCategory\"><a href=\"https:\/\/www.suno.com.br\/noticias\/negocios\/\">Neg\u00f3cios<\/a><\/span><\/div><div class=\"cardsPage__listCard__boxs__content\"><a href=\"https:\/\/www.suno.com.br\/noticias\/gol-goll4-demanda-domestica-julho\/\"><h2 class=\"content__title\">Gol (GOLL4): demanda dom\u00e9stica cresceu 114% em julho ante junho<\/h2><\/a><div class=\"newsContent__article__meta\"><div class=\"newsContent__article__meta__authorBox\"><a href=\"https:\/\/www.suno.com.br\/noticias\/author\/laura-moutinho\/\" class=\"authorBox__avatar noMobi\"><img src=\"https:\/\/files.sunoresearch.com.br\/n\/uploads\/2020\/08\/531ff69d-whatsapp-image-2020-08-03-at-14.54.38-150x150.webp\" alt=\"Laura Moutinho\"><\/a><div class=\"authorBox__name\"><span>por\n\t\t\t<a href=\"https:\/\/www.suno.com.br\/noticias\/author\/laura-moutinho\/\"><span itemprop=\"author\">Laura Moutinho<\/span><\/a><\/span><time datetime=\"2020-08-05T17:00:30-03:00\" itemprop=\"datePublished\">05\/08\/2020 17:00<\/time><\/div><\/div><\/div><\/div><\/div>","single_layout":"posts","amp_enabled":true,"_links":{"self":[{"href":"https:\/\/www.suno.com.br\/noticias\/wp-json\/wp\/v2\/posts\/76558"}],"collection":[{"href":"https:\/\/www.suno.com.br\/noticias\/wp-json\/wp\/v2\/posts"}],"about":[{"href":"https:\/\/www.suno.com.br\/noticias\/wp-json\/wp\/v2\/types\/post"}],"author":[{"embeddable":true,"href":"https:\/\/www.suno.com.br\/noticias\/wp-json\/wp\/v2\/users\/39"}],"replies":[{"embeddable":true,"href":"https:\/\/www.suno.com.br\/noticias\/wp-json\/wp\/v2\/comments?post=76558"}],"version-history":[{"count":0,"href":"https:\/\/www.suno.com.br\/noticias\/wp-json\/wp\/v2\/posts\/76558\/revisions"}],"wp:featuredmedia":[{"embeddable":true,"href":"https:\/\/www.suno.com.br\/noticias\/wp-json\/wp\/v2\/media\/17608"}],"wp:attachment":[{"href":"https:\/\/www.suno.com.br\/noticias\/wp-json\/wp\/v2\/media?parent=76558"}],"wp:term":[{"taxonomy":"category","embeddable":true,"href":"https:\/\/www.suno.com.br\/noticias\/wp-json\/wp\/v2\/categories?post=76558"},{"taxonomy":"post_tag","embeddable":true,"href":"https:\/\/www.suno.com.br\/noticias\/wp-json\/wp\/v2\/tags?post=76558"},{"taxonomy":"suno_strategy","embeddable":true,"href":"https:\/\/www.suno.com.br\/noticias\/wp-json\/wp\/v2\/suno_strategy?post=76558"}],"curies":[{"name":"wp","href":"https:\/\/api.w.org\/{rel}","templated":true}]}}