{"id":76523,"date":"2020-08-05T18:21:04","date_gmt":"2020-08-05T21:21:04","guid":{"rendered":"https:\/\/www.suno.com.br\/noticias\/?p=76523"},"modified":"2021-02-17T22:45:45","modified_gmt":"2021-02-18T01:45:45","slug":"copom-corta-selic-minima-historica-05082020","status":"publish","type":"post","link":"https:\/\/www.suno.com.br\/noticias\/copom-corta-selic-minima-historica-05082020\/","title":{"rendered":"Copom corta Selic em 0,25 p.p. e taxa de juros cai para 2%"},"content":{"rendered":"<p>O <a href=\"https:\/\/www.suno.com.br\/artigos\/copom\/\">Comit\u00ea de Pol\u00edtica Monet\u00e1ria (Copom)<\/a> do <a href=\"https:\/\/www.suno.com.br\/artigos\/bacen\/\">Banco Central (BC)<\/a> decidiu em unanimidade, ap\u00f3s sua 232\u00aa reuni\u00e3o desta quarta-feira (5), cortar a <a href=\"https:\/\/www.suno.com.br\/artigos\/taxa-de-juros-em-2020\/\">taxa b\u00e1sica de juros (<strong>Selic<\/strong>)<\/a> em 0,25%. Com o novo corte, a taxa caiu para 2% ao ano, uma nova m\u00ednima hist\u00f3rica.<\/p>\t<div class=\"wrapper-featured-image\">\n\t\t<figure class=\"spotlightImg\">\n\n\t\t\t<picture>\n\t\t\t\t<source media=\"(max-width: 768px)\" srcset=\"https:\/\/files.sunoresearch.com.br\/n\/uploads\/2020\/03\/6cfc516e-banco-central-400x200.webp\">\n\t\t\t\t<img loading=\"lazy\" decoding=\"async\" class=\"newsContent__article__imgCapa lazyloadDisabled \" src=\"https:\/\/files.sunoresearch.com.br\/n\/uploads\/2020\/03\/6cfc516e-banco-central-800x450.webp\" width=\"800\" height=\"450\" alt=\"Copom corta Selic em 0,25 p.p. e taxa de juros cai para 2%\" fetchpriority=high \/>\n\t\t\t<\/picture>\n\n\t\t\t<figcaption class=\"wp-caption-text wp-caption-text--show\">Ata do Copom<\/figcaption>\n\t\t<\/figure>\n\t<\/div>\n\n\n<div class=\"hubspot-form-wrapper\">\n\t<div id=\"single-form-target\"><\/div>\n<\/div>\n\n<p>Na \u00faltima segunda-feira (3), <a href=\"https:\/\/www.suno.com.br\/noticias\/boletim-focus-reduz-previsao-de-queda-do-pib-para-contracao-de-566-em-2020-03082020\/\">segundo o Boletim Focus<\/a>, os analistas das 100 maiores institui\u00e7\u00f5es do mercado financeiro brasileiro apresentaram uma previs\u00e3o de uma Selic que terminar\u00e1 o ano na casa de 2%. O comit\u00ea composto pelo presidente do BC, <a href=\"https:\/\/www.suno.com.br\/tudo-sobre\/roberto-campos-neto\/\">Roberto Campos Neto<\/a>, e membros da diretoria colegiada da autoridade monet\u00e1ria central cortaram a taxa exatamente at\u00e9 esse n\u00edvel.<\/p>\n<p>A decis\u00e3o vem em meio aos efeitos da pandemia do <a href=\"https:\/\/www.suno.com.br\/noticias\/?s=coronav%C3%ADrus\">novo coronav\u00edrus (Covid-19)<\/a> na economia, que deve levar o <a href=\"https:\/\/www.suno.com.br\/artigos\/pib-produto-interno-bruto\/\">Produto Interno Bruto (PIB)<\/a> deste ano a uma das maiores quedas da hist\u00f3ria. O Focus estima que o PIB brasileiro deva cair 5,66% em 2020.<\/p>\n<p><a href=\"https:\/\/lp.suno.com.br\/suno-one\/\">Suno One: acesse gratuitamente eBooks, Minicursos, Artigos e Video Aulas sobre investimentos com um \u00fanico cadastro. Clique para saber mais!<\/a><\/p>\n<p>&#8220;O Copom entende que a conjuntura econ\u00f4mica continua a prescrever est\u00edmulo monet\u00e1rio extraordinariamente elevado, mas reconhece que, devido a quest\u00f5es prudenciais e de estabilidade financeira, o espa\u00e7o remanescente para utiliza\u00e7\u00e3o da pol\u00edtica monet\u00e1ria, se houver, deve ser pequeno. Consequentemente, eventuais ajustes futuros no atual grau de est\u00edmulo ocorreriam com gradualismo adicional e depender\u00e3o da percep\u00e7\u00e3o sobre a trajet\u00f3ria fiscal, assim como de novas informa\u00e7\u00f5es que alterem a atual avalia\u00e7\u00e3o do Copom sobre a infla\u00e7\u00e3o prospectiva&#8221;, salientou o Banco Central na nota que acompanhou a decis\u00e3o.<\/p>\n<p><iframe loading=\"lazy\" src=\"https:\/\/www.youtube.com\/embed\/SjKYEQn4pfs\" width=\"560\" height=\"315\" frameborder=\"0\" allowfullscreen=\"allowfullscreen\"><\/iframe><\/p>\n<h2>Banco Central explica raz\u00e3o do corte da Selic<\/h2>\n<p>&#8220;No cen\u00e1rio externo, a pandemia da Covid-19 continua provocando a maior retra\u00e7\u00e3o econ\u00f4mica global desde a Grande Depress\u00e3o. Nesse contexto, apesar de alguns sinais promissores de retomada da atividade nas principais economias e de alguma modera\u00e7\u00e3o na volatilidade dos ativos financeiros, o ambiente para as economias emergentes segue desafiador&#8221;, explicou o Banco Central.<\/p>\n\t<div data-element=\"shortcode-read-more\" class=\"knowMore\">\n\t\t\t\t<span class=\"knowMore__title\">Veja tamb\u00e9m<\/span>\n\t\t\t\t<a class=\"knowMore__link\" href=\"https:\/\/www.suno.com.br\/noticias\/confira-o-calendario-de-reunioes-do-copom-em-2021-divulgado-pelo-bc\/\">\n\t\t\tConfira o calend\u00e1rio de reuni\u00f5es do Copom em 2021, divulgado pelo BC\t\t<\/a>\n\t<\/div>\n\n\n<p>Segundo o Copom, &#8220;diversas medidas de infla\u00e7\u00e3o subjacente permanecem abaixo dos n\u00edveis compat\u00edveis com o cumprimento da meta para a infla\u00e7\u00e3o no horizonte relevante para a pol\u00edtica monet\u00e1ria&#8221;. Para o \u00f3rg\u00e3o do Banco Central, as expectativas de infla\u00e7\u00e3o para 2020, 2021 e 2022 encontram-se em torno de 1,6%, 3,0% e 3,5%, respectivamente.<\/p>\n\t<p>\n\t\t<a href=\"https:\/\/lp.suno.com.br\/planilha-de-controle-de-investimentos\/\" target=\"_blank\" data-element=\"shortcode-suno-banner\" title=\"Banner SUNO, clique e saiba mais\">\n\t\t\t<picture>\n\t\t\t\t<source media=\"(max-width: 500px)\" srcset=\"https:\/\/files.sunoresearch.com.br\/n\/uploads\/2023\/03\/400x300-Controle-de-Investimentos.png\">\n\t\t\t\t<img class=\"newsContent__article__imgCapa newsContent__article__imgCapa--banner\"\n\t\t\t\t\tsrc=\"https:\/\/files.sunoresearch.com.br\/n\/uploads\/2023\/03\/1420x240-Controle-de-Investimentos.png\"\n\t\t\t\t\tdata-promo-id=\"75934\"\t\t\t\t\t\t\t\t\t\twidth='1420' height='240'\t\t\t\t\talt=\"https:\/\/files.sunoresearch.com.br\/n\/uploads\/2023\/03\/1420x240-Controle-de-Investimentos.png\"\n\t\t\t\t>\n\t\t\t<\/picture>\n\t\t<\/a>\n\t<\/p>\n\n\n","protected":false},"excerpt":{"rendered":"<p>O Comit\u00ea de Pol\u00edtica Monet\u00e1ria (Copom) do Banco Central (BC) decidiu em unanimidade, ap\u00f3s sua 232\u00aa reuni\u00e3o desta quarta-feira (5), cortar a taxa b\u00e1sica de juros (Selic) em 0,25%. Com o novo corte, a taxa caiu para 2% ao ano, uma nova m\u00ednima hist\u00f3rica. Ata do Copom Na \u00faltima segunda-feira (3), segundo o Boletim Focus, [&hellip;]<\/p>\n","protected":false},"author":24,"featured_media":59623,"comment_status":"closed","ping_status":"closed","sticky":false,"template":"","format":"standard","meta":[],"categories":[62],"tags":[1842,1104,1752,290],"suno_strategy":[],"class_list":["post-76523","post","type-post","status-publish","format-standard","has-post-thumbnail","hentry","category-economia","tag-banco-central-bc","tag-copom","tag-taxa-de-juros","tag-taxa-selic"],"yoast_head":"<!-- This site is optimized with the Yoast SEO plugin v24.4 - https:\/\/yoast.com\/wordpress\/plugins\/seo\/ -->\n<title>Copom corta Selic em 0,25 p.p. e taxa de juros cai para 2%<\/title>\n<meta name=\"description\" content=\"O Copom decidiu, ap\u00f3s a reuni\u00e3o desta quarta, cortar a taxa b\u00e1sica de juros (Selic) em 0,25 ponto porcentual Clique e saiba mais.\" \/>\n<meta name=\"robots\" content=\"index, follow, max-snippet:-1, max-image-preview:large, max-video-preview:-1\" \/>\n<link rel=\"canonical\" href=\"https:\/\/www.suno.com.br\/noticias\/copom-corta-selic-minima-historica-05082020\/\" \/>\n<meta property=\"og:locale\" content=\"pt_BR\" \/>\n<meta property=\"og:type\" content=\"article\" \/>\n<meta property=\"og:title\" content=\"Copom corta Selic em 0,25 p.p. e taxa de juros cai para 2%\" \/>\n<meta property=\"og:description\" content=\"O Copom decidiu, ap\u00f3s a reuni\u00e3o desta quarta, cortar a taxa b\u00e1sica de juros (Selic) em 0,25 ponto porcentual Clique e saiba mais.\" \/>\n<meta property=\"og:url\" content=\"https:\/\/www.suno.com.br\/noticias\/copom-corta-selic-minima-historica-05082020\/\" \/>\n<meta property=\"og:site_name\" content=\"Suno Not\u00edcias\" \/>\n<meta property=\"article:publisher\" content=\"https:\/\/facebook.com\/sunoresearch\" \/>\n<meta property=\"og:image\" content=\"https:\/\/files.sunoresearch.com.br\/n\/uploads\/2020\/03\/6cfc516e-banco-central.jpg\" \/>\n\t<meta property=\"og:image:width\" content=\"1452\" \/>\n\t<meta property=\"og:image:height\" content=\"968\" \/>\n\t<meta property=\"og:image:type\" content=\"image\/jpeg\" \/>\n<meta name=\"author\" content=\"Jader Lazarini\" \/>\n<meta name=\"twitter:card\" content=\"summary_large_image\" \/>\n<meta name=\"twitter:creator\" content=\"@sunoresearch\" \/>\n<meta name=\"twitter:site\" content=\"@sunoresearch\" \/>\n<meta name=\"twitter:label1\" content=\"Escrito por\" \/>\n\t<meta name=\"twitter:data1\" content=\"Jader Lazarini\" \/>\n\t<meta name=\"twitter:label2\" content=\"Est. tempo de leitura\" \/>\n\t<meta name=\"twitter:data2\" content=\"2 minutos\" \/>\n<script type=\"application\/ld+json\" class=\"yoast-schema-graph\">{\"@context\":\"https:\/\/schema.org\",\"@graph\":[{\"@type\":\"NewsArticle\",\"@id\":\"https:\/\/www.suno.com.br\/noticias\/copom-corta-selic-minima-historica-05082020\/#article\",\"isPartOf\":{\"@id\":\"https:\/\/www.suno.com.br\/noticias\/copom-corta-selic-minima-historica-05082020\/\"},\"author\":{\"name\":\"Jader Lazarini\",\"@id\":\"https:\/\/www.suno.com.br\/noticias\/#\/schema\/person\/918d79de1f0281f01599b93f9ea6e23f\"},\"headline\":\"Copom corta Selic em 0,25 p.p. e taxa de juros cai para 2%\",\"datePublished\":\"2020-08-05T21:21:04+00:00\",\"dateModified\":\"2021-02-18T01:45:45+00:00\",\"mainEntityOfPage\":{\"@id\":\"https:\/\/www.suno.com.br\/noticias\/copom-corta-selic-minima-historica-05082020\/\"},\"wordCount\":429,\"publisher\":{\"@id\":\"https:\/\/www.suno.com.br\/noticias\/#organization\"},\"image\":{\"@id\":\"https:\/\/www.suno.com.br\/noticias\/copom-corta-selic-minima-historica-05082020\/#primaryimage\"},\"thumbnailUrl\":\"https:\/\/files.sunoresearch.com.br\/n\/uploads\/2020\/03\/6cfc516e-banco-central-jpg.webp\",\"keywords\":[\"Banco Central (BC)\",\"Copom\",\"taxa de juros\",\"Taxa Selic\"],\"articleSection\":[\"Economia\"],\"inLanguage\":\"pt-BR\"},{\"@type\":\"WebPage\",\"@id\":\"https:\/\/www.suno.com.br\/noticias\/copom-corta-selic-minima-historica-05082020\/\",\"url\":\"https:\/\/www.suno.com.br\/noticias\/copom-corta-selic-minima-historica-05082020\/\",\"name\":\"Copom corta Selic em 0,25 p.p. e taxa de juros cai para 2%\",\"isPartOf\":{\"@id\":\"https:\/\/www.suno.com.br\/noticias\/#website\"},\"primaryImageOfPage\":{\"@id\":\"https:\/\/www.suno.com.br\/noticias\/copom-corta-selic-minima-historica-05082020\/#primaryimage\"},\"image\":{\"@id\":\"https:\/\/www.suno.com.br\/noticias\/copom-corta-selic-minima-historica-05082020\/#primaryimage\"},\"thumbnailUrl\":\"https:\/\/files.sunoresearch.com.br\/n\/uploads\/2020\/03\/6cfc516e-banco-central-jpg.webp\",\"datePublished\":\"2020-08-05T21:21:04+00:00\",\"dateModified\":\"2021-02-18T01:45:45+00:00\",\"description\":\"O Copom decidiu, ap\u00f3s a reuni\u00e3o desta quarta, cortar a taxa b\u00e1sica de juros (Selic) em 0,25 ponto porcentual Clique e saiba mais.\",\"breadcrumb\":{\"@id\":\"https:\/\/www.suno.com.br\/noticias\/copom-corta-selic-minima-historica-05082020\/#breadcrumb\"},\"inLanguage\":\"pt-BR\",\"potentialAction\":[{\"@type\":\"ReadAction\",\"target\":[\"https:\/\/www.suno.com.br\/noticias\/copom-corta-selic-minima-historica-05082020\/\"]}]},{\"@type\":\"ImageObject\",\"inLanguage\":\"pt-BR\",\"@id\":\"https:\/\/www.suno.com.br\/noticias\/copom-corta-selic-minima-historica-05082020\/#primaryimage\",\"url\":\"https:\/\/files.sunoresearch.com.br\/n\/uploads\/2020\/03\/6cfc516e-banco-central-jpg.webp\",\"contentUrl\":\"https:\/\/files.sunoresearch.com.br\/n\/uploads\/2020\/03\/6cfc516e-banco-central-jpg.webp\",\"width\":1452,\"height\":968,\"caption\":\"Ata do Copom\"},{\"@type\":\"BreadcrumbList\",\"@id\":\"https:\/\/www.suno.com.br\/noticias\/copom-corta-selic-minima-historica-05082020\/#breadcrumb\",\"itemListElement\":[{\"@type\":\"ListItem\",\"position\":1,\"name\":\"Not\u00edcias\",\"item\":\"https:\/\/www.suno.com.br\/noticias\/\"},{\"@type\":\"ListItem\",\"position\":2,\"name\":\"Economia\",\"item\":\"https:\/\/www.suno.com.br\/noticias\/economia\/\"},{\"@type\":\"ListItem\",\"position\":3,\"name\":\"Copom corta Selic em 0,25 p.p. e taxa de juros cai para 2%\"}]},{\"@type\":\"WebSite\",\"@id\":\"https:\/\/www.suno.com.br\/noticias\/#website\",\"url\":\"https:\/\/www.suno.com.br\/noticias\/\",\"name\":\"Suno Not\u00edcias\",\"description\":\"Seu portal de informa\u00e7\u00e3o sobre o mundo dos investimentos\",\"publisher\":{\"@id\":\"https:\/\/www.suno.com.br\/noticias\/#organization\"},\"potentialAction\":[{\"@type\":\"SearchAction\",\"target\":{\"@type\":\"EntryPoint\",\"urlTemplate\":\"https:\/\/www.suno.com.br\/noticias\/?s={search_term_string}\"},\"query-input\":{\"@type\":\"PropertyValueSpecification\",\"valueRequired\":true,\"valueName\":\"search_term_string\"}}],\"inLanguage\":\"pt-BR\"},{\"@type\":\"Organization\",\"@id\":\"https:\/\/www.suno.com.br\/noticias\/#organization\",\"name\":\"Suno Not\u00edcias\",\"url\":\"https:\/\/www.suno.com.br\/noticias\/\",\"logo\":{\"@type\":\"ImageObject\",\"inLanguage\":\"pt-BR\",\"@id\":\"https:\/\/www.suno.com.br\/noticias\/#\/schema\/logo\/image\/\",\"url\":\"https:\/\/files.sunoresearch.com.br\/n\/uploads\/2021\/09\/suno-logo.png\",\"contentUrl\":\"https:\/\/files.sunoresearch.com.br\/n\/uploads\/2021\/09\/suno-logo.png\",\"width\":180,\"height\":180,\"caption\":\"Suno Not\u00edcias\"},\"image\":{\"@id\":\"https:\/\/www.suno.com.br\/noticias\/#\/schema\/logo\/image\/\"},\"sameAs\":[\"https:\/\/facebook.com\/sunoresearch\",\"https:\/\/x.com\/sunoresearch\",\"https:\/\/www.instagram.com\/suno\",\"https:\/\/www.linkedin.com\/company\/suno-research\/\",\"https:\/\/www.youtube.com\/c\/sunoresearch\"]},{\"@type\":\"Person\",\"@id\":\"https:\/\/www.suno.com.br\/noticias\/#\/schema\/person\/918d79de1f0281f01599b93f9ea6e23f\",\"name\":\"Jader Lazarini\",\"image\":{\"@type\":\"ImageObject\",\"inLanguage\":\"pt-BR\",\"@id\":\"https:\/\/www.suno.com.br\/noticias\/#\/schema\/person\/image\/\",\"url\":\"https:\/\/secure.gravatar.com\/avatar\/3c1ad8caa51589841baeb923fcddea97?s=96&r=g\",\"contentUrl\":\"https:\/\/secure.gravatar.com\/avatar\/3c1ad8caa51589841baeb923fcddea97?s=96&r=g\",\"caption\":\"Jader Lazarini\"},\"description\":\"Jader Lazarini escreve sobre investimentos, finan\u00e7as, economia e neg\u00f3cios. \u00c9 bacharel em Rela\u00e7\u00f5es Internacionais e analista CNPI (2619).\",\"url\":\"https:\/\/www.suno.com.br\/noticias\/author\/jader-lazarini\/\"}]}<\/script>\n<!-- \/ Yoast SEO plugin. -->","yoast_head_json":{"title":"Copom corta Selic em 0,25 p.p. e taxa de juros cai para 2%","description":"O Copom decidiu, ap\u00f3s a reuni\u00e3o desta quarta, cortar a taxa b\u00e1sica de juros (Selic) em 0,25 ponto porcentual Clique e saiba mais.","robots":{"index":"index","follow":"follow","max-snippet":"max-snippet:-1","max-image-preview":"max-image-preview:large","max-video-preview":"max-video-preview:-1"},"canonical":"https:\/\/www.suno.com.br\/noticias\/copom-corta-selic-minima-historica-05082020\/","og_locale":"pt_BR","og_type":"article","og_title":"Copom corta Selic em 0,25 p.p. e taxa de juros cai para 2%","og_description":"O Copom decidiu, ap\u00f3s a reuni\u00e3o desta quarta, cortar a taxa b\u00e1sica de juros (Selic) em 0,25 ponto porcentual Clique e saiba mais.","og_url":"https:\/\/www.suno.com.br\/noticias\/copom-corta-selic-minima-historica-05082020\/","og_site_name":"Suno Not\u00edcias","article_publisher":"https:\/\/facebook.com\/sunoresearch","og_image":[{"width":1452,"height":968,"url":"https:\/\/files.sunoresearch.com.br\/n\/uploads\/2020\/03\/6cfc516e-banco-central.jpg","type":"image\/jpeg"}],"author":"Jader Lazarini","twitter_card":"summary_large_image","twitter_creator":"@sunoresearch","twitter_site":"@sunoresearch","twitter_misc":{"Escrito por":"Jader Lazarini","Est. tempo de leitura":"2 minutos"},"schema":{"@context":"https:\/\/schema.org","@graph":[{"@type":"NewsArticle","@id":"https:\/\/www.suno.com.br\/noticias\/copom-corta-selic-minima-historica-05082020\/#article","isPartOf":{"@id":"https:\/\/www.suno.com.br\/noticias\/copom-corta-selic-minima-historica-05082020\/"},"author":{"name":"Jader Lazarini","@id":"https:\/\/www.suno.com.br\/noticias\/#\/schema\/person\/918d79de1f0281f01599b93f9ea6e23f"},"headline":"Copom corta Selic em 0,25 p.p. e taxa de juros cai para 2%","datePublished":"2020-08-05T21:21:04+00:00","dateModified":"2021-02-18T01:45:45+00:00","mainEntityOfPage":{"@id":"https:\/\/www.suno.com.br\/noticias\/copom-corta-selic-minima-historica-05082020\/"},"wordCount":429,"publisher":{"@id":"https:\/\/www.suno.com.br\/noticias\/#organization"},"image":{"@id":"https:\/\/www.suno.com.br\/noticias\/copom-corta-selic-minima-historica-05082020\/#primaryimage"},"thumbnailUrl":"https:\/\/files.sunoresearch.com.br\/n\/uploads\/2020\/03\/6cfc516e-banco-central-jpg.webp","keywords":["Banco Central (BC)","Copom","taxa de juros","Taxa Selic"],"articleSection":["Economia"],"inLanguage":"pt-BR"},{"@type":"WebPage","@id":"https:\/\/www.suno.com.br\/noticias\/copom-corta-selic-minima-historica-05082020\/","url":"https:\/\/www.suno.com.br\/noticias\/copom-corta-selic-minima-historica-05082020\/","name":"Copom corta Selic em 0,25 p.p. e taxa de juros cai para 2%","isPartOf":{"@id":"https:\/\/www.suno.com.br\/noticias\/#website"},"primaryImageOfPage":{"@id":"https:\/\/www.suno.com.br\/noticias\/copom-corta-selic-minima-historica-05082020\/#primaryimage"},"image":{"@id":"https:\/\/www.suno.com.br\/noticias\/copom-corta-selic-minima-historica-05082020\/#primaryimage"},"thumbnailUrl":"https:\/\/files.sunoresearch.com.br\/n\/uploads\/2020\/03\/6cfc516e-banco-central-jpg.webp","datePublished":"2020-08-05T21:21:04+00:00","dateModified":"2021-02-18T01:45:45+00:00","description":"O Copom decidiu, ap\u00f3s a reuni\u00e3o desta quarta, cortar a taxa b\u00e1sica de juros (Selic) em 0,25 ponto porcentual Clique e saiba mais.","breadcrumb":{"@id":"https:\/\/www.suno.com.br\/noticias\/copom-corta-selic-minima-historica-05082020\/#breadcrumb"},"inLanguage":"pt-BR","potentialAction":[{"@type":"ReadAction","target":["https:\/\/www.suno.com.br\/noticias\/copom-corta-selic-minima-historica-05082020\/"]}]},{"@type":"ImageObject","inLanguage":"pt-BR","@id":"https:\/\/www.suno.com.br\/noticias\/copom-corta-selic-minima-historica-05082020\/#primaryimage","url":"https:\/\/files.sunoresearch.com.br\/n\/uploads\/2020\/03\/6cfc516e-banco-central-jpg.webp","contentUrl":"https:\/\/files.sunoresearch.com.br\/n\/uploads\/2020\/03\/6cfc516e-banco-central-jpg.webp","width":1452,"height":968,"caption":"Ata do Copom"},{"@type":"BreadcrumbList","@id":"https:\/\/www.suno.com.br\/noticias\/copom-corta-selic-minima-historica-05082020\/#breadcrumb","itemListElement":[{"@type":"ListItem","position":1,"name":"Not\u00edcias","item":"https:\/\/www.suno.com.br\/noticias\/"},{"@type":"ListItem","position":2,"name":"Economia","item":"https:\/\/www.suno.com.br\/noticias\/economia\/"},{"@type":"ListItem","position":3,"name":"Copom corta Selic em 0,25 p.p. e taxa de juros cai para 2%"}]},{"@type":"WebSite","@id":"https:\/\/www.suno.com.br\/noticias\/#website","url":"https:\/\/www.suno.com.br\/noticias\/","name":"Suno Not\u00edcias","description":"Seu portal de informa\u00e7\u00e3o sobre o mundo dos investimentos","publisher":{"@id":"https:\/\/www.suno.com.br\/noticias\/#organization"},"potentialAction":[{"@type":"SearchAction","target":{"@type":"EntryPoint","urlTemplate":"https:\/\/www.suno.com.br\/noticias\/?s={search_term_string}"},"query-input":{"@type":"PropertyValueSpecification","valueRequired":true,"valueName":"search_term_string"}}],"inLanguage":"pt-BR"},{"@type":"Organization","@id":"https:\/\/www.suno.com.br\/noticias\/#organization","name":"Suno Not\u00edcias","url":"https:\/\/www.suno.com.br\/noticias\/","logo":{"@type":"ImageObject","inLanguage":"pt-BR","@id":"https:\/\/www.suno.com.br\/noticias\/#\/schema\/logo\/image\/","url":"https:\/\/files.sunoresearch.com.br\/n\/uploads\/2021\/09\/suno-logo.png","contentUrl":"https:\/\/files.sunoresearch.com.br\/n\/uploads\/2021\/09\/suno-logo.png","width":180,"height":180,"caption":"Suno Not\u00edcias"},"image":{"@id":"https:\/\/www.suno.com.br\/noticias\/#\/schema\/logo\/image\/"},"sameAs":["https:\/\/facebook.com\/sunoresearch","https:\/\/x.com\/sunoresearch","https:\/\/www.instagram.com\/suno","https:\/\/www.linkedin.com\/company\/suno-research\/","https:\/\/www.youtube.com\/c\/sunoresearch"]},{"@type":"Person","@id":"https:\/\/www.suno.com.br\/noticias\/#\/schema\/person\/918d79de1f0281f01599b93f9ea6e23f","name":"Jader Lazarini","image":{"@type":"ImageObject","inLanguage":"pt-BR","@id":"https:\/\/www.suno.com.br\/noticias\/#\/schema\/person\/image\/","url":"https:\/\/secure.gravatar.com\/avatar\/3c1ad8caa51589841baeb923fcddea97?s=96&r=g","contentUrl":"https:\/\/secure.gravatar.com\/avatar\/3c1ad8caa51589841baeb923fcddea97?s=96&r=g","caption":"Jader Lazarini"},"description":"Jader Lazarini escreve sobre investimentos, finan\u00e7as, economia e neg\u00f3cios. \u00c9 bacharel em Rela\u00e7\u00f5es Internacionais e analista CNPI (2619).","url":"https:\/\/www.suno.com.br\/noticias\/author\/jader-lazarini\/"}]}},"default_loop_html":"<div class=\"cardsPage__listCard__boxs\"><div class=\"cardsPage__listCard__boxs__img\"><a href=\"https:\/\/www.suno.com.br\/noticias\/copom-corta-selic-minima-historica-05082020\/\"><img class=\"mask\" src=\"https:\/\/www.suno.com.br\/noticias\/wp-content\/themes\/suno\/resources\/images\/spotlight\/spotlight1img\/bg-mask.png\" alt=\"Image Mask\"\/><img src=\"https:\/\/files.sunoresearch.com.br\/n\/uploads\/2020\/03\/6cfc516e-banco-central-400x200.webp\" alt=\"Copom corta Selic em 0,25 p.p. e taxa de juros cai para 2%\"\/><\/a><span class=\"spotlightCategory\"><a href=\"https:\/\/www.suno.com.br\/noticias\/economia\/\">Economia<\/a><\/span><\/div><div class=\"cardsPage__listCard__boxs__content\"><a href=\"https:\/\/www.suno.com.br\/noticias\/copom-corta-selic-minima-historica-05082020\/\"><h2 class=\"content__title\">Copom corta Selic em 0,25 p.p. e taxa de juros cai para 2%<\/h2><\/a><div class=\"newsContent__article__meta\"><div class=\"newsContent__article__meta__authorBox\"><a href=\"https:\/\/www.suno.com.br\/noticias\/author\/jader-lazarini\/\" class=\"authorBox__avatar noMobi\"><img src=\"https:\/\/files.sunoresearch.com.br\/n\/uploads\/2021\/01\/178e6598-foto-perfil-2-150x150.jpg\" alt=\"Jader Lazarini\"><\/a><div class=\"authorBox__name\"><span>por\n\t\t\t<a href=\"https:\/\/www.suno.com.br\/noticias\/author\/jader-lazarini\/\"><span itemprop=\"author\">Jader Lazarini<\/span><\/a><\/span><time datetime=\"2020-08-05T18:21:04-03:00\" itemprop=\"datePublished\">05\/08\/2020 18:21<\/time><\/div><\/div><\/div><\/div><\/div>","single_layout":"posts","amp_enabled":true,"_links":{"self":[{"href":"https:\/\/www.suno.com.br\/noticias\/wp-json\/wp\/v2\/posts\/76523"}],"collection":[{"href":"https:\/\/www.suno.com.br\/noticias\/wp-json\/wp\/v2\/posts"}],"about":[{"href":"https:\/\/www.suno.com.br\/noticias\/wp-json\/wp\/v2\/types\/post"}],"author":[{"embeddable":true,"href":"https:\/\/www.suno.com.br\/noticias\/wp-json\/wp\/v2\/users\/24"}],"replies":[{"embeddable":true,"href":"https:\/\/www.suno.com.br\/noticias\/wp-json\/wp\/v2\/comments?post=76523"}],"version-history":[{"count":0,"href":"https:\/\/www.suno.com.br\/noticias\/wp-json\/wp\/v2\/posts\/76523\/revisions"}],"wp:featuredmedia":[{"embeddable":true,"href":"https:\/\/www.suno.com.br\/noticias\/wp-json\/wp\/v2\/media\/59623"}],"wp:attachment":[{"href":"https:\/\/www.suno.com.br\/noticias\/wp-json\/wp\/v2\/media?parent=76523"}],"wp:term":[{"taxonomy":"category","embeddable":true,"href":"https:\/\/www.suno.com.br\/noticias\/wp-json\/wp\/v2\/categories?post=76523"},{"taxonomy":"post_tag","embeddable":true,"href":"https:\/\/www.suno.com.br\/noticias\/wp-json\/wp\/v2\/tags?post=76523"},{"taxonomy":"suno_strategy","embeddable":true,"href":"https:\/\/www.suno.com.br\/noticias\/wp-json\/wp\/v2\/suno_strategy?post=76523"}],"curies":[{"name":"wp","href":"https:\/\/api.w.org\/{rel}","templated":true}]}}