{"id":76493,"date":"2020-08-05T11:47:18","date_gmt":"2020-08-05T14:47:18","guid":{"rendered":"https:\/\/www.suno.com.br\/noticias\/?p=76493"},"modified":"2020-08-05T12:11:41","modified_gmt":"2020-08-05T15:11:41","slug":"coronavirus-brasileiros-estarao-vacinados-fevereiro","status":"publish","type":"post","link":"https:\/\/www.suno.com.br\/noticias\/coronavirus-brasileiros-estarao-vacinados-fevereiro\/","title":{"rendered":"Coronav\u00edrus: brasileiros estar\u00e3o vacinados em fevereiro, afirma Doria"},"content":{"rendered":"<p>Segundo o governador de S\u00e3o Paulo, Jo\u00e3o Doria, a produ\u00e7\u00e3o da vacina contra o <a href=\"https:\/\/www.suno.com.br\/noticias\/?s=coronavirus\">novo <strong>coronav\u00edrus<\/strong> (Covid-19)<\/a> deve come\u00e7ar a ser produzida pelo Instituto Butantan em novembro deste ano, a ponto da popula\u00e7\u00e3o inteira j\u00e1 estar vacinada em fevereiro de 2021. A declara\u00e7\u00e3o foi dada na \u00faltima ter\u00e7a-feira (4) em entrevista \u00e0 R\u00e1dio Bandeirantes.<\/p>\t<div class=\"wrapper-featured-image\">\n\t\t<figure class=\"spotlightImg\">\n\n\t\t\t<picture>\n\t\t\t\t<source media=\"(max-width: 768px)\" srcset=\"https:\/\/files.sunoresearch.com.br\/n\/uploads\/2020\/08\/213bd0d3-50185612752_09267b26d8_k-1-400x200.webp\">\n\t\t\t\t<img loading=\"lazy\" decoding=\"async\" class=\"newsContent__article__imgCapa lazyloadDisabled \" src=\"https:\/\/files.sunoresearch.com.br\/n\/uploads\/2020\/08\/213bd0d3-50185612752_09267b26d8_k-1-800x450.webp\" width=\"800\" height=\"450\" alt=\"Coronav\u00edrus: brasileiros estar\u00e3o vacinados em fevereiro, afirma Doria\" fetchpriority=high \/>\n\t\t\t<\/picture>\n\n\t\t\t<figcaption class=\"wp-caption-text wp-caption-text--show\">isen\u00e7\u00e3o de tarifas para abertura de novas empresas<\/figcaption>\n\t\t<\/figure>\n\t<\/div>\n\n\n<div class=\"hubspot-form-wrapper\">\n\t<div id=\"single-form-target\"><\/div>\n<\/div>\n\n<p>\u201cA <strong>vacina<\/strong> contra o coronav\u00edrus \u00e9 salvadora, ela vai trazer a normalidade de fato na vida dos brasileiros. Tudo indica que j\u00e1 estaremos com uma imuniza\u00e7\u00e3o plena, da totalidade da popula\u00e7\u00e3o brasileira, at\u00e9 o fim de fevereiro. Olhando sempre com olhar otimista, realista\u201d, afirmou o governador.<\/p>\n<p><strong>Doria<\/strong>, no entanto, salientou que o prazo possui uma margem de um ou dois meses de atraso, caso ocorra algum entrave no desenvolvimento da vacina. A medica\u00e7\u00e3o ser\u00e1 chamada &#8216;coronavac&#8217;, em refer\u00eancia \u00e0 farmac\u00eautica chinesa <strong>Sinovac Biotech<\/strong>, que, em parceria com o instituto, j\u00e1 est\u00e1 realizando testes em humanos.<\/p>\n<p><a href=\"https:\/\/lp.suno.com.br\/suno-one\/\">Suno One: acesse gratuitamente eBooks, Minicursos, Artigos e Video Aulas sobre investimentos com um \u00fanico cadastro. Clique para saber mais!<\/a><\/p>\n<p>Segundo ele, o protocolo de vacina\u00e7\u00e3o seguir\u00e1 o mesmo que o aplicado na imuniza\u00e7\u00e3o contra a gripe comum. As pessoas dentro do grupo de risco receber\u00e3o as primeiras doses, seguidas dos profissionais de sa\u00fade, for\u00e7as policiais. Ap\u00f3s esse processo, a popula\u00e7\u00e3o em geral deve receber\u00e1 a vacina contra a doen\u00e7a.<\/p>\n<p>\u201cToda vacina, contra o coronav\u00edrus ou qualquer outra, quando chega na terceira fase j\u00e1 chega em condi\u00e7\u00f5es de viabilidade t\u00e9cnica e cient\u00edfica de aprova\u00e7\u00e3o. Se n\u00e3o, nem passaria da segunda fase\u201d, pontuou Doria. Volunt\u00e1rios das seguintes institui\u00e7\u00f5es e universidades j\u00e1 participaram dos testes:<\/p>\n<ul>\n<li>Instituto Em\u00edlio Ribas<\/li>\n<li>Hospital das Cl\u00ednicas da Faculdade de Ribeir\u00e3o Preto da USP<\/li>\n<li>Hospital da Cl\u00ednicas<\/li>\n<li>Universidade Municipal de S\u00e3o Caetano do Sul<\/li>\n<li>Centro de Pesquisa e Desenvolvimento de F\u00e1rmacos da Universidade Federal de Minas Gerais (UFMG)<\/li>\n<\/ul>\n<p>O governador do estado mais populoso do Pa\u00eds ressaltou que a vacina ser\u00e1 produzida em territ\u00f3rio brasileiro, n\u00e3o correndo o risco de &#8220;uma circunst\u00e2ncia que algu\u00e9m, ainda que de forma insana, intercepte carga a\u00e9rea em algum ponto do planeta\u201d.<\/p>\n\t<div data-element=\"shortcode-read-more\" class=\"knowMore\">\n\t\t\t\t<span class=\"knowMore__title\">Saiba mais<\/span>\n\t\t\t\t<a class=\"knowMore__link\" href=\"https:\/\/www.suno.com.br\/noticias\/coronavirus-america-latina-caribe\/\">\n\t\t\tCoronav\u00edrus: Am\u00e9rica Latina e Caribe chegam a 200 mil mortes\t\t<\/a>\n\t<\/div>\n\n\n<p>\u201cTivemos essa experi\u00eancia real quando respiradores importados da China foram interceptados no aeroporto de Nova York e l\u00e1 ficaram, 335 respiradores n\u00e3o vieram para o Brasil porque mister <a href=\"https:\/\/www.suno.com.br\/tudo-sobre\/donald-trump\/\">Donald Trump<\/a> estabeleceu <em>modus operandi<\/em> e confiscou respiradores ao Brasil e outros pa\u00edses\u201d, relembrou.<\/p>\n<p>No total, nove mil volunt\u00e1rios, somente profissionais de sa\u00fade, ir\u00e3o receber a medica\u00e7\u00e3o em 11 centros de pesquisa. Na noite da \u00faltima quarta-feira, o estado de S\u00e3o Paulo registrou 23.702 \u00f3bitos pelo coronav\u00edrus desde seu in\u00edcio, com mais de 575 mil casos confirmados.<\/p>\n\t<p>\n\t\t<a href=\"https:\/\/lp.suno.com.br\/planilha-de-controle-de-investimentos\/\" target=\"_blank\" data-element=\"shortcode-suno-banner\" title=\"Banner SUNO, clique e saiba mais\">\n\t\t\t<picture>\n\t\t\t\t<source media=\"(max-width: 500px)\" srcset=\"https:\/\/files.sunoresearch.com.br\/n\/uploads\/2023\/03\/400x300-Controle-de-Investimentos.png\">\n\t\t\t\t<img class=\"newsContent__article__imgCapa newsContent__article__imgCapa--banner\"\n\t\t\t\t\tsrc=\"https:\/\/files.sunoresearch.com.br\/n\/uploads\/2023\/03\/1420x240-Controle-de-Investimentos.png\"\n\t\t\t\t\tdata-promo-id=\"75934\"\t\t\t\t\t\t\t\t\t\twidth='1420' height='240'\t\t\t\t\talt=\"https:\/\/files.sunoresearch.com.br\/n\/uploads\/2023\/03\/1420x240-Controle-de-Investimentos.png\"\n\t\t\t\t>\n\t\t\t<\/picture>\n\t\t<\/a>\n\t<\/p>\n\n\n","protected":false},"excerpt":{"rendered":"<p>Segundo o governador de S\u00e3o Paulo, Jo\u00e3o Doria, a produ\u00e7\u00e3o da vacina contra o novo coronav\u00edrus (Covid-19) deve come\u00e7ar a ser produzida pelo Instituto Butantan em novembro deste ano, a ponto da popula\u00e7\u00e3o inteira j\u00e1 estar vacinada em fevereiro de 2021. A declara\u00e7\u00e3o foi dada na \u00faltima ter\u00e7a-feira (4) em entrevista \u00e0 R\u00e1dio Bandeirantes. isen\u00e7\u00e3o [&hellip;]<\/p>\n","protected":false},"author":24,"featured_media":76500,"comment_status":"closed","ping_status":"closed","sticky":false,"template":"","format":"standard","meta":[],"categories":[63],"tags":[2487,842],"suno_strategy":[],"class_list":["post-76493","post","type-post","status-publish","format-standard","has-post-thumbnail","hentry","category-internacional","tag-coronavirus","tag-joao-doria"],"yoast_head":"<!-- This site is optimized with the Yoast SEO plugin v24.4 - https:\/\/yoast.com\/wordpress\/plugins\/seo\/ -->\n<title>Coronav\u00edrus: brasileiros estar\u00e3o vacinados em fevereiro, afirma Doria<\/title>\n<meta name=\"description\" content=\"Segundo Jo\u00e3o Doria, a produ\u00e7\u00e3o da vacina contra o coronav\u00edrus deve come\u00e7ar a ser produzida pelo Instituto Butantan em novembro. Saiba mais.\" \/>\n<meta name=\"robots\" content=\"index, follow, max-snippet:-1, max-image-preview:large, max-video-preview:-1\" \/>\n<link rel=\"canonical\" href=\"https:\/\/www.suno.com.br\/noticias\/coronavirus-brasileiros-estarao-vacinados-fevereiro\/\" \/>\n<meta property=\"og:locale\" content=\"pt_BR\" \/>\n<meta property=\"og:type\" content=\"article\" \/>\n<meta property=\"og:title\" content=\"Coronav\u00edrus: brasileiros estar\u00e3o vacinados em fevereiro, afirma Doria\" \/>\n<meta property=\"og:description\" content=\"Segundo Jo\u00e3o Doria, a produ\u00e7\u00e3o da vacina contra o coronav\u00edrus deve come\u00e7ar a ser produzida pelo Instituto Butantan em novembro. Saiba mais.\" \/>\n<meta property=\"og:url\" content=\"https:\/\/www.suno.com.br\/noticias\/coronavirus-brasileiros-estarao-vacinados-fevereiro\/\" \/>\n<meta property=\"og:site_name\" content=\"Suno Not\u00edcias\" \/>\n<meta property=\"article:publisher\" content=\"https:\/\/facebook.com\/sunoresearch\" \/>\n<meta property=\"og:image\" content=\"https:\/\/files.sunoresearch.com.br\/n\/uploads\/2020\/08\/213bd0d3-50185612752_09267b26d8_k-1.jpg\" \/>\n\t<meta property=\"og:image:width\" content=\"1200\" \/>\n\t<meta property=\"og:image:height\" content=\"720\" \/>\n\t<meta property=\"og:image:type\" content=\"image\/jpeg\" \/>\n<meta name=\"author\" content=\"Jader Lazarini\" \/>\n<meta name=\"twitter:card\" content=\"summary_large_image\" \/>\n<meta name=\"twitter:creator\" content=\"@sunoresearch\" \/>\n<meta name=\"twitter:site\" content=\"@sunoresearch\" \/>\n<meta name=\"twitter:label1\" content=\"Escrito por\" \/>\n\t<meta name=\"twitter:data1\" content=\"Jader Lazarini\" \/>\n\t<meta name=\"twitter:label2\" content=\"Est. tempo de leitura\" \/>\n\t<meta name=\"twitter:data2\" content=\"2 minutos\" \/>\n<script type=\"application\/ld+json\" class=\"yoast-schema-graph\">{\"@context\":\"https:\/\/schema.org\",\"@graph\":[{\"@type\":\"NewsArticle\",\"@id\":\"https:\/\/www.suno.com.br\/noticias\/coronavirus-brasileiros-estarao-vacinados-fevereiro\/#article\",\"isPartOf\":{\"@id\":\"https:\/\/www.suno.com.br\/noticias\/coronavirus-brasileiros-estarao-vacinados-fevereiro\/\"},\"author\":{\"name\":\"Jader Lazarini\",\"@id\":\"https:\/\/www.suno.com.br\/noticias\/#\/schema\/person\/918d79de1f0281f01599b93f9ea6e23f\"},\"headline\":\"Coronav\u00edrus: brasileiros estar\u00e3o vacinados em fevereiro, afirma Doria\",\"datePublished\":\"2020-08-05T14:47:18+00:00\",\"dateModified\":\"2020-08-05T15:11:41+00:00\",\"mainEntityOfPage\":{\"@id\":\"https:\/\/www.suno.com.br\/noticias\/coronavirus-brasileiros-estarao-vacinados-fevereiro\/\"},\"wordCount\":500,\"publisher\":{\"@id\":\"https:\/\/www.suno.com.br\/noticias\/#organization\"},\"image\":{\"@id\":\"https:\/\/www.suno.com.br\/noticias\/coronavirus-brasileiros-estarao-vacinados-fevereiro\/#primaryimage\"},\"thumbnailUrl\":\"https:\/\/files.sunoresearch.com.br\/n\/uploads\/2020\/08\/213bd0d3-50185612752_09267b26d8_k-1-jpg.webp\",\"keywords\":[\"coronav\u00edrus\",\"Jo\u00e3o Doria\"],\"articleSection\":[\"Internacional\"],\"inLanguage\":\"pt-BR\"},{\"@type\":\"WebPage\",\"@id\":\"https:\/\/www.suno.com.br\/noticias\/coronavirus-brasileiros-estarao-vacinados-fevereiro\/\",\"url\":\"https:\/\/www.suno.com.br\/noticias\/coronavirus-brasileiros-estarao-vacinados-fevereiro\/\",\"name\":\"Coronav\u00edrus: brasileiros estar\u00e3o vacinados em fevereiro, afirma Doria\",\"isPartOf\":{\"@id\":\"https:\/\/www.suno.com.br\/noticias\/#website\"},\"primaryImageOfPage\":{\"@id\":\"https:\/\/www.suno.com.br\/noticias\/coronavirus-brasileiros-estarao-vacinados-fevereiro\/#primaryimage\"},\"image\":{\"@id\":\"https:\/\/www.suno.com.br\/noticias\/coronavirus-brasileiros-estarao-vacinados-fevereiro\/#primaryimage\"},\"thumbnailUrl\":\"https:\/\/files.sunoresearch.com.br\/n\/uploads\/2020\/08\/213bd0d3-50185612752_09267b26d8_k-1-jpg.webp\",\"datePublished\":\"2020-08-05T14:47:18+00:00\",\"dateModified\":\"2020-08-05T15:11:41+00:00\",\"description\":\"Segundo Jo\u00e3o Doria, a produ\u00e7\u00e3o da vacina contra o coronav\u00edrus deve come\u00e7ar a ser produzida pelo Instituto Butantan em novembro. Saiba mais.\",\"breadcrumb\":{\"@id\":\"https:\/\/www.suno.com.br\/noticias\/coronavirus-brasileiros-estarao-vacinados-fevereiro\/#breadcrumb\"},\"inLanguage\":\"pt-BR\",\"potentialAction\":[{\"@type\":\"ReadAction\",\"target\":[\"https:\/\/www.suno.com.br\/noticias\/coronavirus-brasileiros-estarao-vacinados-fevereiro\/\"]}]},{\"@type\":\"ImageObject\",\"inLanguage\":\"pt-BR\",\"@id\":\"https:\/\/www.suno.com.br\/noticias\/coronavirus-brasileiros-estarao-vacinados-fevereiro\/#primaryimage\",\"url\":\"https:\/\/files.sunoresearch.com.br\/n\/uploads\/2020\/08\/213bd0d3-50185612752_09267b26d8_k-1-jpg.webp\",\"contentUrl\":\"https:\/\/files.sunoresearch.com.br\/n\/uploads\/2020\/08\/213bd0d3-50185612752_09267b26d8_k-1-jpg.webp\",\"width\":1200,\"height\":720,\"caption\":\"isen\u00e7\u00e3o de tarifas para abertura de novas empresas\"},{\"@type\":\"BreadcrumbList\",\"@id\":\"https:\/\/www.suno.com.br\/noticias\/coronavirus-brasileiros-estarao-vacinados-fevereiro\/#breadcrumb\",\"itemListElement\":[{\"@type\":\"ListItem\",\"position\":1,\"name\":\"Not\u00edcias\",\"item\":\"https:\/\/www.suno.com.br\/noticias\/\"},{\"@type\":\"ListItem\",\"position\":2,\"name\":\"Internacional\",\"item\":\"https:\/\/www.suno.com.br\/noticias\/internacional\/\"},{\"@type\":\"ListItem\",\"position\":3,\"name\":\"Coronav\u00edrus: brasileiros estar\u00e3o vacinados em fevereiro, afirma Doria\"}]},{\"@type\":\"WebSite\",\"@id\":\"https:\/\/www.suno.com.br\/noticias\/#website\",\"url\":\"https:\/\/www.suno.com.br\/noticias\/\",\"name\":\"Suno Not\u00edcias\",\"description\":\"Seu portal de informa\u00e7\u00e3o sobre o mundo dos investimentos\",\"publisher\":{\"@id\":\"https:\/\/www.suno.com.br\/noticias\/#organization\"},\"potentialAction\":[{\"@type\":\"SearchAction\",\"target\":{\"@type\":\"EntryPoint\",\"urlTemplate\":\"https:\/\/www.suno.com.br\/noticias\/?s={search_term_string}\"},\"query-input\":{\"@type\":\"PropertyValueSpecification\",\"valueRequired\":true,\"valueName\":\"search_term_string\"}}],\"inLanguage\":\"pt-BR\"},{\"@type\":\"Organization\",\"@id\":\"https:\/\/www.suno.com.br\/noticias\/#organization\",\"name\":\"Suno Not\u00edcias\",\"url\":\"https:\/\/www.suno.com.br\/noticias\/\",\"logo\":{\"@type\":\"ImageObject\",\"inLanguage\":\"pt-BR\",\"@id\":\"https:\/\/www.suno.com.br\/noticias\/#\/schema\/logo\/image\/\",\"url\":\"https:\/\/files.sunoresearch.com.br\/n\/uploads\/2021\/09\/suno-logo.png\",\"contentUrl\":\"https:\/\/files.sunoresearch.com.br\/n\/uploads\/2021\/09\/suno-logo.png\",\"width\":180,\"height\":180,\"caption\":\"Suno Not\u00edcias\"},\"image\":{\"@id\":\"https:\/\/www.suno.com.br\/noticias\/#\/schema\/logo\/image\/\"},\"sameAs\":[\"https:\/\/facebook.com\/sunoresearch\",\"https:\/\/x.com\/sunoresearch\",\"https:\/\/www.instagram.com\/suno\",\"https:\/\/www.linkedin.com\/company\/suno-research\/\",\"https:\/\/www.youtube.com\/c\/sunoresearch\"]},{\"@type\":\"Person\",\"@id\":\"https:\/\/www.suno.com.br\/noticias\/#\/schema\/person\/918d79de1f0281f01599b93f9ea6e23f\",\"name\":\"Jader Lazarini\",\"image\":{\"@type\":\"ImageObject\",\"inLanguage\":\"pt-BR\",\"@id\":\"https:\/\/www.suno.com.br\/noticias\/#\/schema\/person\/image\/\",\"url\":\"https:\/\/secure.gravatar.com\/avatar\/3c1ad8caa51589841baeb923fcddea97?s=96&r=g\",\"contentUrl\":\"https:\/\/secure.gravatar.com\/avatar\/3c1ad8caa51589841baeb923fcddea97?s=96&r=g\",\"caption\":\"Jader Lazarini\"},\"description\":\"Jader Lazarini escreve sobre investimentos, finan\u00e7as, economia e neg\u00f3cios. \u00c9 bacharel em Rela\u00e7\u00f5es Internacionais e analista CNPI (2619).\",\"url\":\"https:\/\/www.suno.com.br\/noticias\/author\/jader-lazarini\/\"}]}<\/script>\n<!-- \/ Yoast SEO plugin. -->","yoast_head_json":{"title":"Coronav\u00edrus: brasileiros estar\u00e3o vacinados em fevereiro, afirma Doria","description":"Segundo Jo\u00e3o Doria, a produ\u00e7\u00e3o da vacina contra o coronav\u00edrus deve come\u00e7ar a ser produzida pelo Instituto Butantan em novembro. Saiba mais.","robots":{"index":"index","follow":"follow","max-snippet":"max-snippet:-1","max-image-preview":"max-image-preview:large","max-video-preview":"max-video-preview:-1"},"canonical":"https:\/\/www.suno.com.br\/noticias\/coronavirus-brasileiros-estarao-vacinados-fevereiro\/","og_locale":"pt_BR","og_type":"article","og_title":"Coronav\u00edrus: brasileiros estar\u00e3o vacinados em fevereiro, afirma Doria","og_description":"Segundo Jo\u00e3o Doria, a produ\u00e7\u00e3o da vacina contra o coronav\u00edrus deve come\u00e7ar a ser produzida pelo Instituto Butantan em novembro. Saiba mais.","og_url":"https:\/\/www.suno.com.br\/noticias\/coronavirus-brasileiros-estarao-vacinados-fevereiro\/","og_site_name":"Suno Not\u00edcias","article_publisher":"https:\/\/facebook.com\/sunoresearch","og_image":[{"width":1200,"height":720,"url":"https:\/\/files.sunoresearch.com.br\/n\/uploads\/2020\/08\/213bd0d3-50185612752_09267b26d8_k-1.jpg","type":"image\/jpeg"}],"author":"Jader Lazarini","twitter_card":"summary_large_image","twitter_creator":"@sunoresearch","twitter_site":"@sunoresearch","twitter_misc":{"Escrito por":"Jader Lazarini","Est. tempo de leitura":"2 minutos"},"schema":{"@context":"https:\/\/schema.org","@graph":[{"@type":"NewsArticle","@id":"https:\/\/www.suno.com.br\/noticias\/coronavirus-brasileiros-estarao-vacinados-fevereiro\/#article","isPartOf":{"@id":"https:\/\/www.suno.com.br\/noticias\/coronavirus-brasileiros-estarao-vacinados-fevereiro\/"},"author":{"name":"Jader Lazarini","@id":"https:\/\/www.suno.com.br\/noticias\/#\/schema\/person\/918d79de1f0281f01599b93f9ea6e23f"},"headline":"Coronav\u00edrus: brasileiros estar\u00e3o vacinados em fevereiro, afirma Doria","datePublished":"2020-08-05T14:47:18+00:00","dateModified":"2020-08-05T15:11:41+00:00","mainEntityOfPage":{"@id":"https:\/\/www.suno.com.br\/noticias\/coronavirus-brasileiros-estarao-vacinados-fevereiro\/"},"wordCount":500,"publisher":{"@id":"https:\/\/www.suno.com.br\/noticias\/#organization"},"image":{"@id":"https:\/\/www.suno.com.br\/noticias\/coronavirus-brasileiros-estarao-vacinados-fevereiro\/#primaryimage"},"thumbnailUrl":"https:\/\/files.sunoresearch.com.br\/n\/uploads\/2020\/08\/213bd0d3-50185612752_09267b26d8_k-1-jpg.webp","keywords":["coronav\u00edrus","Jo\u00e3o Doria"],"articleSection":["Internacional"],"inLanguage":"pt-BR"},{"@type":"WebPage","@id":"https:\/\/www.suno.com.br\/noticias\/coronavirus-brasileiros-estarao-vacinados-fevereiro\/","url":"https:\/\/www.suno.com.br\/noticias\/coronavirus-brasileiros-estarao-vacinados-fevereiro\/","name":"Coronav\u00edrus: brasileiros estar\u00e3o vacinados em fevereiro, afirma Doria","isPartOf":{"@id":"https:\/\/www.suno.com.br\/noticias\/#website"},"primaryImageOfPage":{"@id":"https:\/\/www.suno.com.br\/noticias\/coronavirus-brasileiros-estarao-vacinados-fevereiro\/#primaryimage"},"image":{"@id":"https:\/\/www.suno.com.br\/noticias\/coronavirus-brasileiros-estarao-vacinados-fevereiro\/#primaryimage"},"thumbnailUrl":"https:\/\/files.sunoresearch.com.br\/n\/uploads\/2020\/08\/213bd0d3-50185612752_09267b26d8_k-1-jpg.webp","datePublished":"2020-08-05T14:47:18+00:00","dateModified":"2020-08-05T15:11:41+00:00","description":"Segundo Jo\u00e3o Doria, a produ\u00e7\u00e3o da vacina contra o coronav\u00edrus deve come\u00e7ar a ser produzida pelo Instituto Butantan em novembro. Saiba mais.","breadcrumb":{"@id":"https:\/\/www.suno.com.br\/noticias\/coronavirus-brasileiros-estarao-vacinados-fevereiro\/#breadcrumb"},"inLanguage":"pt-BR","potentialAction":[{"@type":"ReadAction","target":["https:\/\/www.suno.com.br\/noticias\/coronavirus-brasileiros-estarao-vacinados-fevereiro\/"]}]},{"@type":"ImageObject","inLanguage":"pt-BR","@id":"https:\/\/www.suno.com.br\/noticias\/coronavirus-brasileiros-estarao-vacinados-fevereiro\/#primaryimage","url":"https:\/\/files.sunoresearch.com.br\/n\/uploads\/2020\/08\/213bd0d3-50185612752_09267b26d8_k-1-jpg.webp","contentUrl":"https:\/\/files.sunoresearch.com.br\/n\/uploads\/2020\/08\/213bd0d3-50185612752_09267b26d8_k-1-jpg.webp","width":1200,"height":720,"caption":"isen\u00e7\u00e3o de tarifas para abertura de novas empresas"},{"@type":"BreadcrumbList","@id":"https:\/\/www.suno.com.br\/noticias\/coronavirus-brasileiros-estarao-vacinados-fevereiro\/#breadcrumb","itemListElement":[{"@type":"ListItem","position":1,"name":"Not\u00edcias","item":"https:\/\/www.suno.com.br\/noticias\/"},{"@type":"ListItem","position":2,"name":"Internacional","item":"https:\/\/www.suno.com.br\/noticias\/internacional\/"},{"@type":"ListItem","position":3,"name":"Coronav\u00edrus: brasileiros estar\u00e3o vacinados em fevereiro, afirma Doria"}]},{"@type":"WebSite","@id":"https:\/\/www.suno.com.br\/noticias\/#website","url":"https:\/\/www.suno.com.br\/noticias\/","name":"Suno Not\u00edcias","description":"Seu portal de informa\u00e7\u00e3o sobre o mundo dos investimentos","publisher":{"@id":"https:\/\/www.suno.com.br\/noticias\/#organization"},"potentialAction":[{"@type":"SearchAction","target":{"@type":"EntryPoint","urlTemplate":"https:\/\/www.suno.com.br\/noticias\/?s={search_term_string}"},"query-input":{"@type":"PropertyValueSpecification","valueRequired":true,"valueName":"search_term_string"}}],"inLanguage":"pt-BR"},{"@type":"Organization","@id":"https:\/\/www.suno.com.br\/noticias\/#organization","name":"Suno Not\u00edcias","url":"https:\/\/www.suno.com.br\/noticias\/","logo":{"@type":"ImageObject","inLanguage":"pt-BR","@id":"https:\/\/www.suno.com.br\/noticias\/#\/schema\/logo\/image\/","url":"https:\/\/files.sunoresearch.com.br\/n\/uploads\/2021\/09\/suno-logo.png","contentUrl":"https:\/\/files.sunoresearch.com.br\/n\/uploads\/2021\/09\/suno-logo.png","width":180,"height":180,"caption":"Suno Not\u00edcias"},"image":{"@id":"https:\/\/www.suno.com.br\/noticias\/#\/schema\/logo\/image\/"},"sameAs":["https:\/\/facebook.com\/sunoresearch","https:\/\/x.com\/sunoresearch","https:\/\/www.instagram.com\/suno","https:\/\/www.linkedin.com\/company\/suno-research\/","https:\/\/www.youtube.com\/c\/sunoresearch"]},{"@type":"Person","@id":"https:\/\/www.suno.com.br\/noticias\/#\/schema\/person\/918d79de1f0281f01599b93f9ea6e23f","name":"Jader Lazarini","image":{"@type":"ImageObject","inLanguage":"pt-BR","@id":"https:\/\/www.suno.com.br\/noticias\/#\/schema\/person\/image\/","url":"https:\/\/secure.gravatar.com\/avatar\/3c1ad8caa51589841baeb923fcddea97?s=96&r=g","contentUrl":"https:\/\/secure.gravatar.com\/avatar\/3c1ad8caa51589841baeb923fcddea97?s=96&r=g","caption":"Jader Lazarini"},"description":"Jader Lazarini escreve sobre investimentos, finan\u00e7as, economia e neg\u00f3cios. \u00c9 bacharel em Rela\u00e7\u00f5es Internacionais e analista CNPI (2619).","url":"https:\/\/www.suno.com.br\/noticias\/author\/jader-lazarini\/"}]}},"default_loop_html":"<div class=\"cardsPage__listCard__boxs\"><div class=\"cardsPage__listCard__boxs__img\"><a href=\"https:\/\/www.suno.com.br\/noticias\/coronavirus-brasileiros-estarao-vacinados-fevereiro\/\"><img class=\"mask\" src=\"https:\/\/www.suno.com.br\/noticias\/wp-content\/themes\/suno\/resources\/images\/spotlight\/spotlight1img\/bg-mask.png\" alt=\"Image Mask\"\/><img src=\"https:\/\/files.sunoresearch.com.br\/n\/uploads\/2020\/08\/213bd0d3-50185612752_09267b26d8_k-1-400x200.webp\" alt=\"Coronav\u00edrus: brasileiros estar\u00e3o vacinados em fevereiro, afirma Doria\"\/><\/a><span class=\"spotlightCategory\"><a href=\"https:\/\/www.suno.com.br\/noticias\/internacional\/\">Internacional<\/a><\/span><\/div><div class=\"cardsPage__listCard__boxs__content\"><a href=\"https:\/\/www.suno.com.br\/noticias\/coronavirus-brasileiros-estarao-vacinados-fevereiro\/\"><h2 class=\"content__title\">Coronav\u00edrus: brasileiros estar\u00e3o vacinados em fevereiro, afirma Doria<\/h2><\/a><div class=\"newsContent__article__meta\"><div class=\"newsContent__article__meta__authorBox\"><a href=\"https:\/\/www.suno.com.br\/noticias\/author\/jader-lazarini\/\" class=\"authorBox__avatar noMobi\"><img src=\"https:\/\/files.sunoresearch.com.br\/n\/uploads\/2021\/01\/178e6598-foto-perfil-2-150x150.jpg\" alt=\"Jader Lazarini\"><\/a><div class=\"authorBox__name\"><span>por\n\t\t\t<a href=\"https:\/\/www.suno.com.br\/noticias\/author\/jader-lazarini\/\"><span itemprop=\"author\">Jader Lazarini<\/span><\/a><\/span><time datetime=\"2020-08-05T11:47:18-03:00\" itemprop=\"datePublished\">05\/08\/2020 11:47<\/time><\/div><\/div><\/div><\/div><\/div>","single_layout":"posts","amp_enabled":true,"_links":{"self":[{"href":"https:\/\/www.suno.com.br\/noticias\/wp-json\/wp\/v2\/posts\/76493"}],"collection":[{"href":"https:\/\/www.suno.com.br\/noticias\/wp-json\/wp\/v2\/posts"}],"about":[{"href":"https:\/\/www.suno.com.br\/noticias\/wp-json\/wp\/v2\/types\/post"}],"author":[{"embeddable":true,"href":"https:\/\/www.suno.com.br\/noticias\/wp-json\/wp\/v2\/users\/24"}],"replies":[{"embeddable":true,"href":"https:\/\/www.suno.com.br\/noticias\/wp-json\/wp\/v2\/comments?post=76493"}],"version-history":[{"count":0,"href":"https:\/\/www.suno.com.br\/noticias\/wp-json\/wp\/v2\/posts\/76493\/revisions"}],"wp:featuredmedia":[{"embeddable":true,"href":"https:\/\/www.suno.com.br\/noticias\/wp-json\/wp\/v2\/media\/76500"}],"wp:attachment":[{"href":"https:\/\/www.suno.com.br\/noticias\/wp-json\/wp\/v2\/media?parent=76493"}],"wp:term":[{"taxonomy":"category","embeddable":true,"href":"https:\/\/www.suno.com.br\/noticias\/wp-json\/wp\/v2\/categories?post=76493"},{"taxonomy":"post_tag","embeddable":true,"href":"https:\/\/www.suno.com.br\/noticias\/wp-json\/wp\/v2\/tags?post=76493"},{"taxonomy":"suno_strategy","embeddable":true,"href":"https:\/\/www.suno.com.br\/noticias\/wp-json\/wp\/v2\/suno_strategy?post=76493"}],"curies":[{"name":"wp","href":"https:\/\/api.w.org\/{rel}","templated":true}]}}