{"id":76336,"date":"2020-08-04T17:37:36","date_gmt":"2020-08-04T20:37:36","guid":{"rendered":"https:\/\/www.suno.com.br\/noticias\/?p=76336"},"modified":"2021-05-29T20:33:51","modified_gmt":"2021-05-29T23:33:51","slug":"dolar-encerra-em-queda-de-0572-cotado-em-r-52838-04082020","status":"publish","type":"post","link":"https:\/\/www.suno.com.br\/noticias\/dolar-encerra-em-queda-de-0572-cotado-em-r-52838-04082020\/","title":{"rendered":"D\u00f3lar encerra em queda de 0,572%, cotado em R$ 5,2838"},"content":{"rendered":"<p>O <a href=\"https:\/\/www.suno.com.br\/artigos\/dolar\/\"><strong>d\u00f3lar<\/strong> <\/a>encerrou nesta ter\u00e7a-feira (4) em queda de 0,572%, negociado a R$ 5,2838 na venda.<\/p>\t<div class=\"wrapper-featured-image\">\n\t\t<figure class=\"spotlightImg\">\n\n\t\t\t<picture>\n\t\t\t\t<source media=\"(max-width: 768px)\" srcset=\"https:\/\/files.sunoresearch.com.br\/n\/uploads\/2020\/05\/95cbcc6f-d\u00f3lar-3-400x200.webp\">\n\t\t\t\t<img loading=\"lazy\" decoding=\"async\" class=\"newsContent__article__imgCapa lazyloadDisabled \" src=\"https:\/\/files.sunoresearch.com.br\/n\/uploads\/2020\/05\/95cbcc6f-d\u00f3lar-3-jpg.webp\" width=\"800\" height=\"450\" alt=\"D\u00f3lar encerra em queda de 0,572%, cotado em R$ 5,2838\" fetchpriority=high \/>\n\t\t\t<\/picture>\n\n\t\t\t<figcaption class=\"wp-caption-text wp-caption-text--show\">O d\u00f3lar hoje fechou em alta com as preocupa\u00e7\u00f5es com a pandemia ao redor do mundo<\/figcaption>\n\t\t<\/figure>\n\t<\/div>\n\n\n<div class=\"hubspot-form-wrapper\">\n\t<div id=\"single-form-target\"><\/div>\n<\/div>\n\n<p>o\u00a0<strong>d\u00f3lar hoje\u00a0<\/strong>abriu em alta reagindo \u00e0 <strong>balan\u00e7a comercial<\/strong>, que apresentou um super\u00e1vit de US$ 8,06 bilh\u00f5es em julho, conforme a divulga\u00e7\u00e3o do Minist\u00e9rio da Economia na \u00faltima segunda-feira (3).<\/p>\n<p>Durante o dia o mercado ficou atento a recupera\u00e7\u00e3o da produ\u00e7\u00e3o industrial brasileira, que avan\u00e7ou 8,9% em junho, na compara\u00e7\u00e3o mensal, de acordo com o IBGE.<\/p>\n<p><a href=\"https:\/\/lp.suno.com.br\/suno-one\/\">No Suno One voc\u00ea aprende a fazer seu dinheiro trabalhar para voc\u00ea. Cadastre-se gratuitamente agora!<\/a><\/p>\n<p>Al\u00e9m disso, confira as principais not\u00edcias que movimentaram o mercado nessa ter\u00e7a-feira:<\/p>\n<ul>\n<li><strong>BCE<\/strong> se compromete a dar est\u00edmulos para sustentar economia da zona do euro<\/li>\n<li><strong>Produ\u00e7\u00e3o<\/strong> <strong>industrial<\/strong> avan\u00e7a 8,9% em junho, aponta IBGE<\/li>\n<li><strong>Reforma<\/strong> <strong>tribut\u00e1ria<\/strong> pode elevar PIB per capita em 4,2%, diz Ita\u00fa (ITUB4)<\/li>\n<li>\u00daltima cota\u00e7\u00e3o do d\u00f3lar<\/li>\n<\/ul>\n<h2>BCE<\/h2>\n<p>O economista-chefe do <strong><a href=\"https:\/\/www.suno.com.br\/artigos\/bce\/\">Banco Central Europeu<\/a> (BCE),<\/strong> Philip Lane, afirmou, nesta ter\u00e7a-feira, que a institui\u00e7\u00e3o financeira est\u00e1 comprometida em sustentar a economia da zona do euro por causa da pandemia do novo coronav\u00edrus, que atingiu todos os pa\u00edses do bloco. Lane disse que o BCE utilizar\u00e1 as compras de t\u00edtulos para conseguir recursos.<\/p>\n<p>De acordo com informa\u00e7\u00f5es da ag\u00eancia &#8220;Reuters&#8221;, os coment\u00e1rios do economista-chefe do BCE devem causar um aumento nas expectativas do mercado em rela\u00e7\u00e3o ao Programa de Compra de Emerg\u00eancia Pand\u00eamica (PEPP) do BCE, de 1,35 trilh\u00e3o de euros j\u00e1 em setembro. Tamb\u00e9m em setembro o banco central atualizar\u00e1 suas previs\u00f5es econ\u00f4micas.<\/p>\n\t<div data-element=\"shortcode-read-more\" class=\"knowMore\">\n\t\t\t\t<span class=\"knowMore__title\">Saiba mais<\/span>\n\t\t\t\t<a class=\"knowMore__link\" href=\"https:\/\/www.suno.com.br\/noticias\/bce-estimulos-compromete-sustentar-economia-zona-euro\/\">\n\t\t\tBCE se compromete a dar est\u00edmulos para sustentar economia da zona do euro\t\t<\/a>\n\t<\/div>\n\n\n<p>Lane destacou que levar\u00e1 um certo tempo para que haja uma recupera\u00e7\u00e3o completa da <strong>Zona do Euro<\/strong> e, para isso, a institui\u00e7\u00e3o financeira utilizar\u00e1 ferramentas para estimular a economia do bloco. A ideia com os est\u00edmulos \u00e9 compensar a queda notada na renda das fam\u00edlias ocasionada por causa das medidas tomadas para diminuir a propaga\u00e7\u00e3o do v\u00edrus durante parte do primeiro semestre deste ano.<\/p>\n<h2>Produ\u00e7\u00e3o industrial<\/h2>\n<p>A <strong>produ\u00e7\u00e3o industrial<\/strong> avan\u00e7ou 8,9% em junho, em compara\u00e7\u00e3o com maio. Em rela\u00e7\u00e3o ao mesmo per\u00edodo do ano de 2019, houve um recuo de 9%. Os dados foram apurados e divulgados pelo Instituto Brasileiro de Geografia e Estat\u00edstica (<strong>IBGE<\/strong>), nesta ter\u00e7a-feira.<\/p>\n<p>Trata-se da segunda alta consecutiva, mas ainda insuficiente para reverter a perda de 26,6%, acumulada pelo setor de produ\u00e7\u00e3o industrial nos meses de mar\u00e7o e abril, ap\u00f3s o in\u00edcio do isolamento social para controle da pandemia do novo <strong>coronav\u00edrus<\/strong> (covid-19).<\/p>\n\t<div data-element=\"shortcode-read-more\" class=\"knowMore\">\n\t\t\t\t<span class=\"knowMore__title\">Veja tamb\u00e9m<\/span>\n\t\t\t\t<a class=\"knowMore__link\" href=\"https:\/\/www.suno.com.br\/noticias\/producao-industrial-avanca-89-em-junho-aponta-ibge\/\">\n\t\t\tProdu\u00e7\u00e3o industrial avan\u00e7a 8,9% em junho, aponta IBGE\t\t<\/a>\n\t<\/div>\n\n\n<p>A ind\u00fastria registrou recorde negativo no fechamento do segundo trimestre deste ano em compara\u00e7\u00e3o ao mesmo per\u00edodo do ano anterior (-19,4%). No acumulado do primeiro semestre, caiu 10,9%. E, em doze meses, recuou 5,6%, queda mais elevada desde dezembro de 2016 (-6,4%).<\/p>\n<h2>Reforma tribut\u00e1ria<\/h2>\n<p>Economistas do <a href=\"https:\/\/www.suno.com.br\/acoes\/itub4\/\">Ita\u00fa Unibanco (ITUB4)<\/a>, divulgaram relat\u00f3rio nesta ter\u00e7a-feira no qual destacou que uma <strong>reforma tribut\u00e1ria <\/strong>que alinhe o Brasil a padr\u00e3o global pode resultar em um aumento de 4,2% do <a href=\"https:\/\/www.suno.com.br\/artigos\/renda-per-capita\/\">Produto Interno Bruto (PIB) per capita<\/a>, ante um cen\u00e1rio sem reforma.<\/p>\n<p>O documento, que considera a m\u00e9dia mundial no \u00edndice de pagamento de impostos do relat\u00f3rio \u201cDoing Business\u201d, do <a href=\"https:\/\/www.suno.com.br\/artigos\/banco-mundial\/\">Banco Mundial<\/a>, ressaltou o desequil\u00edbrio fiscal do Brasil em rela\u00e7\u00e3o a outros pa\u00edses. Dessa forma, o Ita\u00fa salientou que uma reforma somente deve lidar com simplifica\u00e7\u00f5es da estrutura tribut\u00e1ria sem considerar redu\u00e7\u00f5es da carga no curto prazo, mesmo que uma menor carga tribut\u00e1ria seja desej\u00e1vel a m\u00e9dio prazo.<\/p>\n\t<div data-element=\"shortcode-read-more\" class=\"knowMore\">\n\t\t\t\t<span class=\"knowMore__title\">Saiba mais<\/span>\n\t\t\t\t<a class=\"knowMore__link\" href=\"https:\/\/www.suno.com.br\/noticias\/reforma-tributaria-elevar-pib-per-capita-itau-itub4\/\">\n\t\t\tReforma tribut\u00e1ria pode elevar PIB per capita em 4,2%, diz Ita\u00fa (ITUB4)\t\t<\/a>\n\t<\/div>\n\n\n<p>O governo federal visa, por meio da primeira parcela da reforma enviada ao Congresso, substituir as contribui\u00e7\u00f5es ao PIS\/Cofins por um imposto semelhante a um Imposto sobre Valor Agregado (IVA). Com isso, a administra\u00e7\u00e3o de Jair Bolsonaro espera simplificar o modo de apura\u00e7\u00e3o dos tributos, com potencial de redu\u00e7\u00e3o da carga tribut\u00e1ria brasileira.<\/p>\n<h2>\u00daltima cota\u00e7\u00e3o do d\u00f3lar<\/h2>\n<p>Na sess\u00e3o da \u00faltima segunda-feira, o <strong>d\u00f3lar<\/strong> encerrou o preg\u00e3o em alta de 1,83%, negociado a R$ 5,314 na venda.<\/p>\n\t<p>\n\t\t<a href=\"https:\/\/lp.suno.com.br\/planilha-de-controle-de-investimentos\/\" target=\"_blank\" data-element=\"shortcode-suno-banner\" title=\"Banner SUNO, clique e saiba mais\">\n\t\t\t<picture>\n\t\t\t\t<source media=\"(max-width: 500px)\" srcset=\"https:\/\/files.sunoresearch.com.br\/n\/uploads\/2023\/03\/400x300-Controle-de-Investimentos.png\">\n\t\t\t\t<img class=\"newsContent__article__imgCapa newsContent__article__imgCapa--banner\"\n\t\t\t\t\tsrc=\"https:\/\/files.sunoresearch.com.br\/n\/uploads\/2023\/03\/1420x240-Controle-de-Investimentos.png\"\n\t\t\t\t\tdata-promo-id=\"75934\"\t\t\t\t\t\t\t\t\t\twidth='1420' height='240'\t\t\t\t\talt=\"https:\/\/files.sunoresearch.com.br\/n\/uploads\/2023\/03\/1420x240-Controle-de-Investimentos.png\"\n\t\t\t\t>\n\t\t\t<\/picture>\n\t\t<\/a>\n\t<\/p>\n\n\n","protected":false},"excerpt":{"rendered":"<p>O d\u00f3lar encerrou nesta ter\u00e7a-feira (4) em queda de 0,572%, negociado a R$ 5,2838 na venda. O d\u00f3lar hoje fechou em alta com as preocupa\u00e7\u00f5es com a pandemia ao redor do mundo o\u00a0d\u00f3lar hoje\u00a0abriu em alta reagindo \u00e0 balan\u00e7a comercial, que apresentou um super\u00e1vit de US$ 8,06 bilh\u00f5es em julho, conforme a divulga\u00e7\u00e3o do Minist\u00e9rio [&hellip;]<\/p>\n","protected":false},"author":39,"featured_media":66782,"comment_status":"closed","ping_status":"closed","sticky":false,"template":"","format":"standard","meta":[],"categories":[60],"tags":[863,326,820,1286],"suno_strategy":[],"class_list":["post-76336","post","type-post","status-publish","format-standard","has-post-thumbnail","hentry","category-mercado","tag-banco-central-europeu-bce","tag-dolar","tag-producao-industrial","tag-reforma-tributaria"],"yoast_head":"<!-- This site is optimized with the Yoast SEO plugin v24.4 - https:\/\/yoast.com\/wordpress\/plugins\/seo\/ -->\n<title>D\u00f3lar encerra em queda de 0,572%, cotado em R$ 5,2838<\/title>\n<meta name=\"description\" content=\"O d\u00f3lar encerrou nesta ter\u00e7a-feira (4) em queda de 0,572%, negociado a R$ 5,2838 na venda. Clique aqui para saber mais.\" \/>\n<meta name=\"robots\" content=\"index, follow, max-snippet:-1, max-image-preview:large, max-video-preview:-1\" \/>\n<link rel=\"canonical\" href=\"https:\/\/www.suno.com.br\/noticias\/dolar-encerra-em-queda-de-0572-cotado-em-r-52838-04082020\/\" \/>\n<meta property=\"og:locale\" content=\"pt_BR\" \/>\n<meta property=\"og:type\" content=\"article\" \/>\n<meta property=\"og:title\" content=\"D\u00f3lar encerra em queda de 0,572%, cotado em R$ 5,2838\" \/>\n<meta property=\"og:description\" content=\"O d\u00f3lar encerrou nesta ter\u00e7a-feira (4) em queda de 0,572%, negociado a R$ 5,2838 na venda. Clique aqui para saber mais.\" \/>\n<meta property=\"og:url\" content=\"https:\/\/www.suno.com.br\/noticias\/dolar-encerra-em-queda-de-0572-cotado-em-r-52838-04082020\/\" \/>\n<meta property=\"og:site_name\" content=\"Suno Not\u00edcias\" \/>\n<meta property=\"article:publisher\" content=\"https:\/\/facebook.com\/sunoresearch\" \/>\n<meta property=\"og:image\" content=\"https:\/\/files.sunoresearch.com.br\/n\/uploads\/2020\/05\/95cbcc6f-d\u00f3lar-3.jpg\" \/>\n\t<meta property=\"og:image:width\" content=\"659\" \/>\n\t<meta property=\"og:image:height\" content=\"320\" \/>\n\t<meta property=\"og:image:type\" content=\"image\/jpeg\" \/>\n<meta name=\"author\" content=\"Laura Moutinho\" \/>\n<meta name=\"twitter:card\" content=\"summary_large_image\" \/>\n<meta name=\"twitter:creator\" content=\"@sunoresearch\" \/>\n<meta name=\"twitter:site\" content=\"@sunoresearch\" \/>\n<meta name=\"twitter:label1\" content=\"Escrito por\" \/>\n\t<meta name=\"twitter:data1\" content=\"Laura Moutinho\" \/>\n\t<meta name=\"twitter:label2\" content=\"Est. tempo de leitura\" \/>\n\t<meta name=\"twitter:data2\" content=\"4 minutos\" \/>\n<script type=\"application\/ld+json\" class=\"yoast-schema-graph\">{\"@context\":\"https:\/\/schema.org\",\"@graph\":[{\"@type\":\"NewsArticle\",\"@id\":\"https:\/\/www.suno.com.br\/noticias\/dolar-encerra-em-queda-de-0572-cotado-em-r-52838-04082020\/#article\",\"isPartOf\":{\"@id\":\"https:\/\/www.suno.com.br\/noticias\/dolar-encerra-em-queda-de-0572-cotado-em-r-52838-04082020\/\"},\"author\":{\"name\":\"Laura Moutinho\",\"@id\":\"https:\/\/www.suno.com.br\/noticias\/#\/schema\/person\/3df0d2808748b74496efe5dbeaef2c72\"},\"headline\":\"D\u00f3lar encerra em queda de 0,572%, cotado em R$ 5,2838\",\"datePublished\":\"2020-08-04T20:37:36+00:00\",\"dateModified\":\"2021-05-29T23:33:51+00:00\",\"mainEntityOfPage\":{\"@id\":\"https:\/\/www.suno.com.br\/noticias\/dolar-encerra-em-queda-de-0572-cotado-em-r-52838-04082020\/\"},\"wordCount\":730,\"publisher\":{\"@id\":\"https:\/\/www.suno.com.br\/noticias\/#organization\"},\"image\":{\"@id\":\"https:\/\/www.suno.com.br\/noticias\/dolar-encerra-em-queda-de-0572-cotado-em-r-52838-04082020\/#primaryimage\"},\"thumbnailUrl\":\"https:\/\/files.sunoresearch.com.br\/n\/uploads\/2020\/05\/95cbcc6f-d\u00f3lar-3-jpg.webp\",\"keywords\":[\"Banco Central Europeu (BCE)\",\"d\u00f3lar\",\"produ\u00e7\u00e3o industrial\",\"reforma tribut\u00e1ria\"],\"articleSection\":[\"Mercado\"],\"inLanguage\":\"pt-BR\"},{\"@type\":\"WebPage\",\"@id\":\"https:\/\/www.suno.com.br\/noticias\/dolar-encerra-em-queda-de-0572-cotado-em-r-52838-04082020\/\",\"url\":\"https:\/\/www.suno.com.br\/noticias\/dolar-encerra-em-queda-de-0572-cotado-em-r-52838-04082020\/\",\"name\":\"D\u00f3lar encerra em queda de 0,572%, cotado em R$ 5,2838\",\"isPartOf\":{\"@id\":\"https:\/\/www.suno.com.br\/noticias\/#website\"},\"primaryImageOfPage\":{\"@id\":\"https:\/\/www.suno.com.br\/noticias\/dolar-encerra-em-queda-de-0572-cotado-em-r-52838-04082020\/#primaryimage\"},\"image\":{\"@id\":\"https:\/\/www.suno.com.br\/noticias\/dolar-encerra-em-queda-de-0572-cotado-em-r-52838-04082020\/#primaryimage\"},\"thumbnailUrl\":\"https:\/\/files.sunoresearch.com.br\/n\/uploads\/2020\/05\/95cbcc6f-d\u00f3lar-3-jpg.webp\",\"datePublished\":\"2020-08-04T20:37:36+00:00\",\"dateModified\":\"2021-05-29T23:33:51+00:00\",\"description\":\"O d\u00f3lar encerrou nesta ter\u00e7a-feira (4) em queda de 0,572%, negociado a R$ 5,2838 na venda. Clique aqui para saber mais.\",\"breadcrumb\":{\"@id\":\"https:\/\/www.suno.com.br\/noticias\/dolar-encerra-em-queda-de-0572-cotado-em-r-52838-04082020\/#breadcrumb\"},\"inLanguage\":\"pt-BR\",\"potentialAction\":[{\"@type\":\"ReadAction\",\"target\":[\"https:\/\/www.suno.com.br\/noticias\/dolar-encerra-em-queda-de-0572-cotado-em-r-52838-04082020\/\"]}]},{\"@type\":\"ImageObject\",\"inLanguage\":\"pt-BR\",\"@id\":\"https:\/\/www.suno.com.br\/noticias\/dolar-encerra-em-queda-de-0572-cotado-em-r-52838-04082020\/#primaryimage\",\"url\":\"https:\/\/files.sunoresearch.com.br\/n\/uploads\/2020\/05\/95cbcc6f-d\u00f3lar-3-jpg.webp\",\"contentUrl\":\"https:\/\/files.sunoresearch.com.br\/n\/uploads\/2020\/05\/95cbcc6f-d\u00f3lar-3-jpg.webp\",\"width\":659,\"height\":320,\"caption\":\"O d\u00f3lar hoje fechou em alta com as preocupa\u00e7\u00f5es com a pandemia ao redor do mundo\"},{\"@type\":\"BreadcrumbList\",\"@id\":\"https:\/\/www.suno.com.br\/noticias\/dolar-encerra-em-queda-de-0572-cotado-em-r-52838-04082020\/#breadcrumb\",\"itemListElement\":[{\"@type\":\"ListItem\",\"position\":1,\"name\":\"Not\u00edcias\",\"item\":\"https:\/\/www.suno.com.br\/noticias\/\"},{\"@type\":\"ListItem\",\"position\":2,\"name\":\"Mercado\",\"item\":\"https:\/\/www.suno.com.br\/noticias\/mercado\/\"},{\"@type\":\"ListItem\",\"position\":3,\"name\":\"D\u00f3lar encerra em queda de 0,572%, cotado em R$ 5,2838\"}]},{\"@type\":\"WebSite\",\"@id\":\"https:\/\/www.suno.com.br\/noticias\/#website\",\"url\":\"https:\/\/www.suno.com.br\/noticias\/\",\"name\":\"Suno Not\u00edcias\",\"description\":\"Seu portal de informa\u00e7\u00e3o sobre o mundo dos investimentos\",\"publisher\":{\"@id\":\"https:\/\/www.suno.com.br\/noticias\/#organization\"},\"potentialAction\":[{\"@type\":\"SearchAction\",\"target\":{\"@type\":\"EntryPoint\",\"urlTemplate\":\"https:\/\/www.suno.com.br\/noticias\/?s={search_term_string}\"},\"query-input\":{\"@type\":\"PropertyValueSpecification\",\"valueRequired\":true,\"valueName\":\"search_term_string\"}}],\"inLanguage\":\"pt-BR\"},{\"@type\":\"Organization\",\"@id\":\"https:\/\/www.suno.com.br\/noticias\/#organization\",\"name\":\"Suno Not\u00edcias\",\"url\":\"https:\/\/www.suno.com.br\/noticias\/\",\"logo\":{\"@type\":\"ImageObject\",\"inLanguage\":\"pt-BR\",\"@id\":\"https:\/\/www.suno.com.br\/noticias\/#\/schema\/logo\/image\/\",\"url\":\"https:\/\/files.sunoresearch.com.br\/n\/uploads\/2021\/09\/suno-logo.png\",\"contentUrl\":\"https:\/\/files.sunoresearch.com.br\/n\/uploads\/2021\/09\/suno-logo.png\",\"width\":180,\"height\":180,\"caption\":\"Suno Not\u00edcias\"},\"image\":{\"@id\":\"https:\/\/www.suno.com.br\/noticias\/#\/schema\/logo\/image\/\"},\"sameAs\":[\"https:\/\/facebook.com\/sunoresearch\",\"https:\/\/x.com\/sunoresearch\",\"https:\/\/www.instagram.com\/suno\",\"https:\/\/www.linkedin.com\/company\/suno-research\/\",\"https:\/\/www.youtube.com\/c\/sunoresearch\"]},{\"@type\":\"Person\",\"@id\":\"https:\/\/www.suno.com.br\/noticias\/#\/schema\/person\/3df0d2808748b74496efe5dbeaef2c72\",\"name\":\"Laura Moutinho\",\"image\":{\"@type\":\"ImageObject\",\"inLanguage\":\"pt-BR\",\"@id\":\"https:\/\/www.suno.com.br\/noticias\/#\/schema\/person\/image\/\",\"url\":\"https:\/\/secure.gravatar.com\/avatar\/7571c7c8ca3a6fca5e41384ece5557ff?s=96&r=g\",\"contentUrl\":\"https:\/\/secure.gravatar.com\/avatar\/7571c7c8ca3a6fca5e41384ece5557ff?s=96&r=g\",\"caption\":\"Laura Moutinho\"},\"description\":\"Estagi\u00e1ria na Suno Not\u00edcias, escreve not\u00edcias que afetam o mercado financeiro. Estuda administra\u00e7\u00e3o na Universidade Presbiteriana Mackenzie.\",\"url\":\"https:\/\/www.suno.com.br\/noticias\/author\/laura-moutinho\/\"}]}<\/script>\n<!-- \/ Yoast SEO plugin. -->","yoast_head_json":{"title":"D\u00f3lar encerra em queda de 0,572%, cotado em R$ 5,2838","description":"O d\u00f3lar encerrou nesta ter\u00e7a-feira (4) em queda de 0,572%, negociado a R$ 5,2838 na venda. Clique aqui para saber mais.","robots":{"index":"index","follow":"follow","max-snippet":"max-snippet:-1","max-image-preview":"max-image-preview:large","max-video-preview":"max-video-preview:-1"},"canonical":"https:\/\/www.suno.com.br\/noticias\/dolar-encerra-em-queda-de-0572-cotado-em-r-52838-04082020\/","og_locale":"pt_BR","og_type":"article","og_title":"D\u00f3lar encerra em queda de 0,572%, cotado em R$ 5,2838","og_description":"O d\u00f3lar encerrou nesta ter\u00e7a-feira (4) em queda de 0,572%, negociado a R$ 5,2838 na venda. Clique aqui para saber mais.","og_url":"https:\/\/www.suno.com.br\/noticias\/dolar-encerra-em-queda-de-0572-cotado-em-r-52838-04082020\/","og_site_name":"Suno Not\u00edcias","article_publisher":"https:\/\/facebook.com\/sunoresearch","og_image":[{"width":659,"height":320,"url":"https:\/\/files.sunoresearch.com.br\/n\/uploads\/2020\/05\/95cbcc6f-d\u00f3lar-3.jpg","type":"image\/jpeg"}],"author":"Laura Moutinho","twitter_card":"summary_large_image","twitter_creator":"@sunoresearch","twitter_site":"@sunoresearch","twitter_misc":{"Escrito por":"Laura Moutinho","Est. tempo de leitura":"4 minutos"},"schema":{"@context":"https:\/\/schema.org","@graph":[{"@type":"NewsArticle","@id":"https:\/\/www.suno.com.br\/noticias\/dolar-encerra-em-queda-de-0572-cotado-em-r-52838-04082020\/#article","isPartOf":{"@id":"https:\/\/www.suno.com.br\/noticias\/dolar-encerra-em-queda-de-0572-cotado-em-r-52838-04082020\/"},"author":{"name":"Laura Moutinho","@id":"https:\/\/www.suno.com.br\/noticias\/#\/schema\/person\/3df0d2808748b74496efe5dbeaef2c72"},"headline":"D\u00f3lar encerra em queda de 0,572%, cotado em R$ 5,2838","datePublished":"2020-08-04T20:37:36+00:00","dateModified":"2021-05-29T23:33:51+00:00","mainEntityOfPage":{"@id":"https:\/\/www.suno.com.br\/noticias\/dolar-encerra-em-queda-de-0572-cotado-em-r-52838-04082020\/"},"wordCount":730,"publisher":{"@id":"https:\/\/www.suno.com.br\/noticias\/#organization"},"image":{"@id":"https:\/\/www.suno.com.br\/noticias\/dolar-encerra-em-queda-de-0572-cotado-em-r-52838-04082020\/#primaryimage"},"thumbnailUrl":"https:\/\/files.sunoresearch.com.br\/n\/uploads\/2020\/05\/95cbcc6f-d\u00f3lar-3-jpg.webp","keywords":["Banco Central Europeu (BCE)","d\u00f3lar","produ\u00e7\u00e3o industrial","reforma tribut\u00e1ria"],"articleSection":["Mercado"],"inLanguage":"pt-BR"},{"@type":"WebPage","@id":"https:\/\/www.suno.com.br\/noticias\/dolar-encerra-em-queda-de-0572-cotado-em-r-52838-04082020\/","url":"https:\/\/www.suno.com.br\/noticias\/dolar-encerra-em-queda-de-0572-cotado-em-r-52838-04082020\/","name":"D\u00f3lar encerra em queda de 0,572%, cotado em R$ 5,2838","isPartOf":{"@id":"https:\/\/www.suno.com.br\/noticias\/#website"},"primaryImageOfPage":{"@id":"https:\/\/www.suno.com.br\/noticias\/dolar-encerra-em-queda-de-0572-cotado-em-r-52838-04082020\/#primaryimage"},"image":{"@id":"https:\/\/www.suno.com.br\/noticias\/dolar-encerra-em-queda-de-0572-cotado-em-r-52838-04082020\/#primaryimage"},"thumbnailUrl":"https:\/\/files.sunoresearch.com.br\/n\/uploads\/2020\/05\/95cbcc6f-d\u00f3lar-3-jpg.webp","datePublished":"2020-08-04T20:37:36+00:00","dateModified":"2021-05-29T23:33:51+00:00","description":"O d\u00f3lar encerrou nesta ter\u00e7a-feira (4) em queda de 0,572%, negociado a R$ 5,2838 na venda. Clique aqui para saber mais.","breadcrumb":{"@id":"https:\/\/www.suno.com.br\/noticias\/dolar-encerra-em-queda-de-0572-cotado-em-r-52838-04082020\/#breadcrumb"},"inLanguage":"pt-BR","potentialAction":[{"@type":"ReadAction","target":["https:\/\/www.suno.com.br\/noticias\/dolar-encerra-em-queda-de-0572-cotado-em-r-52838-04082020\/"]}]},{"@type":"ImageObject","inLanguage":"pt-BR","@id":"https:\/\/www.suno.com.br\/noticias\/dolar-encerra-em-queda-de-0572-cotado-em-r-52838-04082020\/#primaryimage","url":"https:\/\/files.sunoresearch.com.br\/n\/uploads\/2020\/05\/95cbcc6f-d\u00f3lar-3-jpg.webp","contentUrl":"https:\/\/files.sunoresearch.com.br\/n\/uploads\/2020\/05\/95cbcc6f-d\u00f3lar-3-jpg.webp","width":659,"height":320,"caption":"O d\u00f3lar hoje fechou em alta com as preocupa\u00e7\u00f5es com a pandemia ao redor do mundo"},{"@type":"BreadcrumbList","@id":"https:\/\/www.suno.com.br\/noticias\/dolar-encerra-em-queda-de-0572-cotado-em-r-52838-04082020\/#breadcrumb","itemListElement":[{"@type":"ListItem","position":1,"name":"Not\u00edcias","item":"https:\/\/www.suno.com.br\/noticias\/"},{"@type":"ListItem","position":2,"name":"Mercado","item":"https:\/\/www.suno.com.br\/noticias\/mercado\/"},{"@type":"ListItem","position":3,"name":"D\u00f3lar encerra em queda de 0,572%, cotado em R$ 5,2838"}]},{"@type":"WebSite","@id":"https:\/\/www.suno.com.br\/noticias\/#website","url":"https:\/\/www.suno.com.br\/noticias\/","name":"Suno Not\u00edcias","description":"Seu portal de informa\u00e7\u00e3o sobre o mundo dos investimentos","publisher":{"@id":"https:\/\/www.suno.com.br\/noticias\/#organization"},"potentialAction":[{"@type":"SearchAction","target":{"@type":"EntryPoint","urlTemplate":"https:\/\/www.suno.com.br\/noticias\/?s={search_term_string}"},"query-input":{"@type":"PropertyValueSpecification","valueRequired":true,"valueName":"search_term_string"}}],"inLanguage":"pt-BR"},{"@type":"Organization","@id":"https:\/\/www.suno.com.br\/noticias\/#organization","name":"Suno Not\u00edcias","url":"https:\/\/www.suno.com.br\/noticias\/","logo":{"@type":"ImageObject","inLanguage":"pt-BR","@id":"https:\/\/www.suno.com.br\/noticias\/#\/schema\/logo\/image\/","url":"https:\/\/files.sunoresearch.com.br\/n\/uploads\/2021\/09\/suno-logo.png","contentUrl":"https:\/\/files.sunoresearch.com.br\/n\/uploads\/2021\/09\/suno-logo.png","width":180,"height":180,"caption":"Suno Not\u00edcias"},"image":{"@id":"https:\/\/www.suno.com.br\/noticias\/#\/schema\/logo\/image\/"},"sameAs":["https:\/\/facebook.com\/sunoresearch","https:\/\/x.com\/sunoresearch","https:\/\/www.instagram.com\/suno","https:\/\/www.linkedin.com\/company\/suno-research\/","https:\/\/www.youtube.com\/c\/sunoresearch"]},{"@type":"Person","@id":"https:\/\/www.suno.com.br\/noticias\/#\/schema\/person\/3df0d2808748b74496efe5dbeaef2c72","name":"Laura Moutinho","image":{"@type":"ImageObject","inLanguage":"pt-BR","@id":"https:\/\/www.suno.com.br\/noticias\/#\/schema\/person\/image\/","url":"https:\/\/secure.gravatar.com\/avatar\/7571c7c8ca3a6fca5e41384ece5557ff?s=96&r=g","contentUrl":"https:\/\/secure.gravatar.com\/avatar\/7571c7c8ca3a6fca5e41384ece5557ff?s=96&r=g","caption":"Laura Moutinho"},"description":"Estagi\u00e1ria na Suno Not\u00edcias, escreve not\u00edcias que afetam o mercado financeiro. Estuda administra\u00e7\u00e3o na Universidade Presbiteriana Mackenzie.","url":"https:\/\/www.suno.com.br\/noticias\/author\/laura-moutinho\/"}]}},"default_loop_html":"<div class=\"cardsPage__listCard__boxs\"><div class=\"cardsPage__listCard__boxs__img\"><a href=\"https:\/\/www.suno.com.br\/noticias\/dolar-encerra-em-queda-de-0572-cotado-em-r-52838-04082020\/\"><img class=\"mask\" src=\"https:\/\/www.suno.com.br\/noticias\/wp-content\/themes\/suno\/resources\/images\/spotlight\/spotlight1img\/bg-mask.png\" alt=\"Image Mask\"\/><img src=\"https:\/\/files.sunoresearch.com.br\/n\/uploads\/2020\/05\/95cbcc6f-d\u00f3lar-3-400x200.webp\" alt=\"D\u00f3lar encerra em queda de 0,572%, cotado em R$ 5,2838\"\/><\/a><span class=\"spotlightCategory\"><a href=\"https:\/\/www.suno.com.br\/noticias\/mercado\/\">Mercado<\/a><\/span><\/div><div class=\"cardsPage__listCard__boxs__content\"><a href=\"https:\/\/www.suno.com.br\/noticias\/dolar-encerra-em-queda-de-0572-cotado-em-r-52838-04082020\/\"><h2 class=\"content__title\">D\u00f3lar encerra em queda de 0,572%, cotado em R$ 5,2838<\/h2><\/a><div class=\"newsContent__article__meta\"><div class=\"newsContent__article__meta__authorBox\"><a href=\"https:\/\/www.suno.com.br\/noticias\/author\/laura-moutinho\/\" class=\"authorBox__avatar noMobi\"><img src=\"https:\/\/files.sunoresearch.com.br\/n\/uploads\/2020\/08\/531ff69d-whatsapp-image-2020-08-03-at-14.54.38-150x150.webp\" alt=\"Laura Moutinho\"><\/a><div class=\"authorBox__name\"><span>por\n\t\t\t<a href=\"https:\/\/www.suno.com.br\/noticias\/author\/laura-moutinho\/\"><span itemprop=\"author\">Laura Moutinho<\/span><\/a><\/span><time datetime=\"2020-08-04T17:37:36-03:00\" itemprop=\"datePublished\">04\/08\/2020 17:37<\/time><\/div><\/div><\/div><\/div><\/div>","single_layout":"posts","amp_enabled":true,"_links":{"self":[{"href":"https:\/\/www.suno.com.br\/noticias\/wp-json\/wp\/v2\/posts\/76336"}],"collection":[{"href":"https:\/\/www.suno.com.br\/noticias\/wp-json\/wp\/v2\/posts"}],"about":[{"href":"https:\/\/www.suno.com.br\/noticias\/wp-json\/wp\/v2\/types\/post"}],"author":[{"embeddable":true,"href":"https:\/\/www.suno.com.br\/noticias\/wp-json\/wp\/v2\/users\/39"}],"replies":[{"embeddable":true,"href":"https:\/\/www.suno.com.br\/noticias\/wp-json\/wp\/v2\/comments?post=76336"}],"version-history":[{"count":1,"href":"https:\/\/www.suno.com.br\/noticias\/wp-json\/wp\/v2\/posts\/76336\/revisions"}],"predecessor-version":[{"id":152186,"href":"https:\/\/www.suno.com.br\/noticias\/wp-json\/wp\/v2\/posts\/76336\/revisions\/152186"}],"wp:featuredmedia":[{"embeddable":true,"href":"https:\/\/www.suno.com.br\/noticias\/wp-json\/wp\/v2\/media\/66782"}],"wp:attachment":[{"href":"https:\/\/www.suno.com.br\/noticias\/wp-json\/wp\/v2\/media?parent=76336"}],"wp:term":[{"taxonomy":"category","embeddable":true,"href":"https:\/\/www.suno.com.br\/noticias\/wp-json\/wp\/v2\/categories?post=76336"},{"taxonomy":"post_tag","embeddable":true,"href":"https:\/\/www.suno.com.br\/noticias\/wp-json\/wp\/v2\/tags?post=76336"},{"taxonomy":"suno_strategy","embeddable":true,"href":"https:\/\/www.suno.com.br\/noticias\/wp-json\/wp\/v2\/suno_strategy?post=76336"}],"curies":[{"name":"wp","href":"https:\/\/api.w.org\/{rel}","templated":true}]}}