{"id":76304,"date":"2020-08-04T16:49:29","date_gmt":"2020-08-04T19:49:29","guid":{"rendered":"https:\/\/www.suno.com.br\/noticias\/?p=76304"},"modified":"2021-02-18T17:28:17","modified_gmt":"2021-02-18T20:28:17","slug":"bayer-prejuizo-2t20","status":"publish","type":"post","link":"https:\/\/www.suno.com.br\/noticias\/bayer-prejuizo-2t20\/","title":{"rendered":"Bayer registra preju\u00edzo de 9,5 bilh\u00f5es de euros no 2T20"},"content":{"rendered":"<p>A empresa qu\u00edmica e farmac\u00eautica alem\u00e3 <strong>Bayer<\/strong> informou nessa ter\u00e7a-feira (4) que anotou um <a href=\"https:\/\/www.suno.com.br\/artigos\/lucro-liquido\/\">preju\u00edzo l\u00edquido<\/a> de \u20ac 9,5 bilh\u00f5es (cerca de R$ 58 bilh\u00f5es)\u00a0 no segundo trimestre de 2020, revertendo o resultado positivo de \u20ac 404 milh\u00f5es (cerca de R$ 2,5 bilh\u00f5es) registrado no mesmo trimestre em 2019.<\/p>\t<div class=\"wrapper-featured-image\">\n\t\t<figure class=\"spotlightImg\">\n\n\t\t\t<picture>\n\t\t\t\t<source media=\"(max-width: 768px)\" srcset=\"https:\/\/files.sunoresearch.com.br\/n\/uploads\/2019\/02\/96fd9a53-1201709115_86bf237ac4_o-400x200.webp\">\n\t\t\t\t<img loading=\"lazy\" decoding=\"async\" class=\"newsContent__article__imgCapa lazyloadDisabled \" src=\"https:\/\/files.sunoresearch.com.br\/n\/uploads\/2019\/02\/96fd9a53-1201709115_86bf237ac4_o-800x450.webp\" width=\"800\" height=\"450\" alt=\"Bayer registra preju\u00edzo de 9,5 bilh\u00f5es de euros no 2T20\" fetchpriority=high \/>\n\t\t\t<\/picture>\n\n\t\t\t<figcaption class=\"wp-caption-text wp-caption-text--show\">O acordo da Bayer prev\u00ea o pagamento inicial de US$ 425 milh\u00f5es e depois outros US$ 450 milh\u00f5es (cerca de R$ 2,4 bilh\u00f5es) em pagamentos parcelados.<\/figcaption>\n\t\t<\/figure>\n\t<\/div>\n\n\n<div class=\"hubspot-form-wrapper\">\n\t<div id=\"single-form-target\"><\/div>\n<\/div>\n\n<p>O<a href=\"https:\/\/www.suno.com.br\/artigos\/ebitda-ajustado\/#:~:text=Ebitda%20ajustado%20corresponde%20ao%20acr%C3%B4nimo,Deprecia%C3%A7%C3%A3o%20e%20Amortiza%C3%A7%C3%A3o%20%E2%80%93%20Lajida).&amp;text=Dessa%20forma%2C%20o%20Ebitda%20ajustado,organiza%C3%A7%C3%A3o%20como%20um%20indicador%20financeiro.\">\u00a0<strong>Ebitda<\/strong> (lucro antes de juros, impostos, deprecia\u00e7\u00e3o e amortiza\u00e7\u00e3o) ajustado<\/a> da Bayer passou de \u20ac 2,73 bilh\u00f5es entre abril e junho do ano passado, para \u20ac 2,88 bilh\u00f5es no per\u00edodo equivalente nesse ano, representando um crescimento de 5,6%.<\/p>\n<p>Por sua vez, as vendas da companhia alem\u00e3 passaram de \u20ac 10,71 bilh\u00f5es no segundo trimestre de 2019, para \u20ac 10,05 bilh\u00f5es, o que equivale a uma queda de 6,2%. O resultado rompeu uma sequ\u00eancia de 5 trimestres consecutivos de avan\u00e7o no faturamento.<\/p>\n<p><a href=\"https:\/\/lp.suno.com.br\/suno-one\/\">Suno One: acesse gratuitamente eBooks, Minicursos, Artigos e Video Aulas sobre investimentos com um \u00fanico cadastro. Clique para saber mais!<\/a><\/p>\n<p>Segundo o documento, a Europa, o Oriente M\u00e9dio e a \u00c1frica foram as regi\u00f5es onde as vendas anotaram o maior recuo, de 11,3%, enquanto a Am\u00e9rica Latina ficou em segundo lugar, ao passo que as vendas ca\u00edram 6,4% na regi\u00e3o.<\/p>\n<p>O comunicado ainda salientou que a <a href=\"https:\/\/www.suno.com.br\/artigos\/receita-operacional\/\"><strong>receita<\/strong> <\/a>no segmento de atendimento ao consumidor caiu 16,7%, enquanto a queda foi de 9,7% no segmento de produtos farmac\u00eauticos.<\/p>\n<p>A empresa explicou que os resultados do trimestre finalizado em junho desse ano, foram impactados pelos efeitos da <a href=\"https:\/\/www.suno.com.br\/noticias\/tags\/coronavirus\/\">pandemia do novo <strong>coronav\u00edrus<\/strong> (Covid-19).<\/a><\/p>\n<p>Al\u00e9m disso, destacou que os n\u00fameros foram reflexo do acordo judicial que foi assinado em meados de junho para finalizar processos nos EUA sobre contesta\u00e7\u00f5es de que o herbicida <strong>Roundup<\/strong> causaria c\u00e2ncer.<\/p>\n<p>Em rela\u00e7\u00e3o ao ano fiscal de 2020, a companhia projeta que as vendas sem opera\u00e7\u00f5es descontinuadas somem \u20ac 44 bilh\u00f5es o acumulado do ano, com um crescimento de 1%. Vale destacar que a previs\u00e3o anterior era para um crescimento entre 3% e 4% nas vendas.<\/p>\n<h2>Acordo da Bayer para encerrar processos nos EUA<\/h2>\n<p>A Bayer anunciou em meados de junho que depois de, aproximadamente, um ano de negocia\u00e7\u00f5es, fez um acordo de at\u00e9 US$ 10,9 bilh\u00f5es (cerca de R$ 55 bilh\u00f5es) para finalizar processos nos <strong>EUA<\/strong> relacionados a contesta\u00e7\u00f5es de que o <strong>Roundup<\/strong> causaria c\u00e2ncer.<\/p>\n\t<div data-element=\"shortcode-read-more\" class=\"knowMore\">\n\t\t\t\t<span class=\"knowMore__title\">Veja tamb\u00e9m<\/span>\n\t\t\t\t<a class=\"knowMore__link\" href=\"https:\/\/www.suno.com.br\/noticias\/bayer-fecha-acordo-processos-eua\/\">\n\t\t\tBayer fecha acordo de US$ 10,9 bi para encerrar processos nos EUA\t\t<\/a>\n\t<\/div>\n\n\n<p>Na ocasi\u00e3o, o presidente-executivo da companhia, <strong>Werner Baumann<\/strong>, salientou que &#8220;o acordo sobre o Roundup \u00e9 a a\u00e7\u00e3o correta no momento certo para a <strong>Bayer<\/strong>, colocando ponto final em um longo per\u00edodo de incerteza&#8221;.<\/p>\n\t<p>\n\t\t<a href=\"https:\/\/lp.suno.com.br\/planilha-de-controle-de-investimentos\/\" target=\"_blank\" data-element=\"shortcode-suno-banner\" title=\"Banner SUNO, clique e saiba mais\">\n\t\t\t<picture>\n\t\t\t\t<source media=\"(max-width: 500px)\" srcset=\"https:\/\/files.sunoresearch.com.br\/n\/uploads\/2023\/03\/400x300-Controle-de-Investimentos.png\">\n\t\t\t\t<img class=\"newsContent__article__imgCapa newsContent__article__imgCapa--banner\"\n\t\t\t\t\tsrc=\"https:\/\/files.sunoresearch.com.br\/n\/uploads\/2023\/03\/1420x240-Controle-de-Investimentos.png\"\n\t\t\t\t\tdata-promo-id=\"75934\"\t\t\t\t\t\t\t\t\t\twidth='1420' height='240'\t\t\t\t\talt=\"https:\/\/files.sunoresearch.com.br\/n\/uploads\/2023\/03\/1420x240-Controle-de-Investimentos.png\"\n\t\t\t\t>\n\t\t\t<\/picture>\n\t\t<\/a>\n\t<\/p>\n\n\n","protected":false},"excerpt":{"rendered":"<p>A empresa qu\u00edmica e farmac\u00eautica alem\u00e3 Bayer informou nessa ter\u00e7a-feira (4) que anotou um preju\u00edzo l\u00edquido de \u20ac 9,5 bilh\u00f5es (cerca de R$ 58 bilh\u00f5es)\u00a0 no segundo trimestre de 2020, revertendo o resultado positivo de \u20ac 404 milh\u00f5es (cerca de R$ 2,5 bilh\u00f5es) registrado no mesmo trimestre em 2019. O acordo da Bayer prev\u00ea o [&hellip;]<\/p>\n","protected":false},"author":39,"featured_media":16825,"comment_status":"closed","ping_status":"closed","sticky":false,"template":"","format":"standard","meta":[],"categories":[64],"tags":[1029,1202],"suno_strategy":[],"class_list":["post-76304","post","type-post","status-publish","format-standard","has-post-thumbnail","hentry","category-negocios","tag-balancos-trimestrais","tag-bayer"],"yoast_head":"<!-- This site is optimized with the Yoast SEO plugin v24.4 - https:\/\/yoast.com\/wordpress\/plugins\/seo\/ -->\n<title>Bayer registra preju\u00edzo de 9,5 bilh\u00f5es de euros no 2T20<\/title>\n<meta name=\"description\" content=\"A Bayer anotou um preju\u00edzo l\u00edquido de \u20ac 9,5 bilh\u00f5es (cerca de R$ 58 bilh\u00f5es)\u00a0no segundo trimestre de 2020. Clique aqui para saber mais.\" \/>\n<meta name=\"robots\" content=\"index, follow, max-snippet:-1, max-image-preview:large, max-video-preview:-1\" \/>\n<link rel=\"canonical\" href=\"https:\/\/www.suno.com.br\/noticias\/bayer-prejuizo-2t20\/\" \/>\n<meta property=\"og:locale\" content=\"pt_BR\" \/>\n<meta property=\"og:type\" content=\"article\" \/>\n<meta property=\"og:title\" content=\"Bayer registra preju\u00edzo de 9,5 bilh\u00f5es de euros no 2T20\" \/>\n<meta property=\"og:description\" content=\"A Bayer anotou um preju\u00edzo l\u00edquido de \u20ac 9,5 bilh\u00f5es (cerca de R$ 58 bilh\u00f5es)\u00a0no segundo trimestre de 2020. Clique aqui para saber mais.\" \/>\n<meta property=\"og:url\" content=\"https:\/\/www.suno.com.br\/noticias\/bayer-prejuizo-2t20\/\" \/>\n<meta property=\"og:site_name\" content=\"Suno Not\u00edcias\" \/>\n<meta property=\"article:publisher\" content=\"https:\/\/facebook.com\/sunoresearch\" \/>\n<meta property=\"og:image\" content=\"https:\/\/files.sunoresearch.com.br\/n\/uploads\/2019\/02\/96fd9a53-1201709115_86bf237ac4_o.jpg\" \/>\n\t<meta property=\"og:image:width\" content=\"2816\" \/>\n\t<meta property=\"og:image:height\" content=\"2112\" \/>\n\t<meta property=\"og:image:type\" content=\"image\/jpeg\" \/>\n<meta name=\"author\" content=\"Laura Moutinho\" \/>\n<meta name=\"twitter:card\" content=\"summary_large_image\" \/>\n<meta name=\"twitter:creator\" content=\"@sunoresearch\" \/>\n<meta name=\"twitter:site\" content=\"@sunoresearch\" \/>\n<meta name=\"twitter:label1\" content=\"Escrito por\" \/>\n\t<meta name=\"twitter:data1\" content=\"Laura Moutinho\" \/>\n\t<meta name=\"twitter:label2\" content=\"Est. tempo de leitura\" \/>\n\t<meta name=\"twitter:data2\" content=\"2 minutos\" \/>\n<script type=\"application\/ld+json\" class=\"yoast-schema-graph\">{\"@context\":\"https:\/\/schema.org\",\"@graph\":[{\"@type\":\"NewsArticle\",\"@id\":\"https:\/\/www.suno.com.br\/noticias\/bayer-prejuizo-2t20\/#article\",\"isPartOf\":{\"@id\":\"https:\/\/www.suno.com.br\/noticias\/bayer-prejuizo-2t20\/\"},\"author\":{\"name\":\"Laura Moutinho\",\"@id\":\"https:\/\/www.suno.com.br\/noticias\/#\/schema\/person\/3df0d2808748b74496efe5dbeaef2c72\"},\"headline\":\"Bayer registra preju\u00edzo de 9,5 bilh\u00f5es de euros no 2T20\",\"datePublished\":\"2020-08-04T19:49:29+00:00\",\"dateModified\":\"2021-02-18T20:28:17+00:00\",\"mainEntityOfPage\":{\"@id\":\"https:\/\/www.suno.com.br\/noticias\/bayer-prejuizo-2t20\/\"},\"wordCount\":443,\"publisher\":{\"@id\":\"https:\/\/www.suno.com.br\/noticias\/#organization\"},\"image\":{\"@id\":\"https:\/\/www.suno.com.br\/noticias\/bayer-prejuizo-2t20\/#primaryimage\"},\"thumbnailUrl\":\"https:\/\/files.sunoresearch.com.br\/n\/uploads\/2019\/02\/96fd9a53-1201709115_86bf237ac4_o-scaled.webp\",\"keywords\":[\"balan\u00e7os trimestrais\",\"Bayer\"],\"articleSection\":[\"Neg\u00f3cios\"],\"inLanguage\":\"pt-BR\"},{\"@type\":\"WebPage\",\"@id\":\"https:\/\/www.suno.com.br\/noticias\/bayer-prejuizo-2t20\/\",\"url\":\"https:\/\/www.suno.com.br\/noticias\/bayer-prejuizo-2t20\/\",\"name\":\"Bayer registra preju\u00edzo de 9,5 bilh\u00f5es de euros no 2T20\",\"isPartOf\":{\"@id\":\"https:\/\/www.suno.com.br\/noticias\/#website\"},\"primaryImageOfPage\":{\"@id\":\"https:\/\/www.suno.com.br\/noticias\/bayer-prejuizo-2t20\/#primaryimage\"},\"image\":{\"@id\":\"https:\/\/www.suno.com.br\/noticias\/bayer-prejuizo-2t20\/#primaryimage\"},\"thumbnailUrl\":\"https:\/\/files.sunoresearch.com.br\/n\/uploads\/2019\/02\/96fd9a53-1201709115_86bf237ac4_o-scaled.webp\",\"datePublished\":\"2020-08-04T19:49:29+00:00\",\"dateModified\":\"2021-02-18T20:28:17+00:00\",\"description\":\"A Bayer anotou um preju\u00edzo l\u00edquido de \u20ac 9,5 bilh\u00f5es (cerca de R$ 58 bilh\u00f5es)\u00a0no segundo trimestre de 2020. Clique aqui para saber mais.\",\"breadcrumb\":{\"@id\":\"https:\/\/www.suno.com.br\/noticias\/bayer-prejuizo-2t20\/#breadcrumb\"},\"inLanguage\":\"pt-BR\",\"potentialAction\":[{\"@type\":\"ReadAction\",\"target\":[\"https:\/\/www.suno.com.br\/noticias\/bayer-prejuizo-2t20\/\"]}]},{\"@type\":\"ImageObject\",\"inLanguage\":\"pt-BR\",\"@id\":\"https:\/\/www.suno.com.br\/noticias\/bayer-prejuizo-2t20\/#primaryimage\",\"url\":\"https:\/\/files.sunoresearch.com.br\/n\/uploads\/2019\/02\/96fd9a53-1201709115_86bf237ac4_o-scaled.webp\",\"contentUrl\":\"https:\/\/files.sunoresearch.com.br\/n\/uploads\/2019\/02\/96fd9a53-1201709115_86bf237ac4_o-scaled.webp\",\"width\":2560,\"height\":1920,\"caption\":\"O acordo da Bayer prev\u00ea o pagamento inicial de US$ 425 milh\u00f5es e depois outros US$ 450 milh\u00f5es (cerca de R$ 2,4 bilh\u00f5es) em pagamentos parcelados.\"},{\"@type\":\"BreadcrumbList\",\"@id\":\"https:\/\/www.suno.com.br\/noticias\/bayer-prejuizo-2t20\/#breadcrumb\",\"itemListElement\":[{\"@type\":\"ListItem\",\"position\":1,\"name\":\"Not\u00edcias\",\"item\":\"https:\/\/www.suno.com.br\/noticias\/\"},{\"@type\":\"ListItem\",\"position\":2,\"name\":\"Neg\u00f3cios\",\"item\":\"https:\/\/www.suno.com.br\/noticias\/negocios\/\"},{\"@type\":\"ListItem\",\"position\":3,\"name\":\"Bayer registra preju\u00edzo de 9,5 bilh\u00f5es de euros no 2T20\"}]},{\"@type\":\"WebSite\",\"@id\":\"https:\/\/www.suno.com.br\/noticias\/#website\",\"url\":\"https:\/\/www.suno.com.br\/noticias\/\",\"name\":\"Suno Not\u00edcias\",\"description\":\"Seu portal de informa\u00e7\u00e3o sobre o mundo dos investimentos\",\"publisher\":{\"@id\":\"https:\/\/www.suno.com.br\/noticias\/#organization\"},\"potentialAction\":[{\"@type\":\"SearchAction\",\"target\":{\"@type\":\"EntryPoint\",\"urlTemplate\":\"https:\/\/www.suno.com.br\/noticias\/?s={search_term_string}\"},\"query-input\":{\"@type\":\"PropertyValueSpecification\",\"valueRequired\":true,\"valueName\":\"search_term_string\"}}],\"inLanguage\":\"pt-BR\"},{\"@type\":\"Organization\",\"@id\":\"https:\/\/www.suno.com.br\/noticias\/#organization\",\"name\":\"Suno Not\u00edcias\",\"url\":\"https:\/\/www.suno.com.br\/noticias\/\",\"logo\":{\"@type\":\"ImageObject\",\"inLanguage\":\"pt-BR\",\"@id\":\"https:\/\/www.suno.com.br\/noticias\/#\/schema\/logo\/image\/\",\"url\":\"https:\/\/files.sunoresearch.com.br\/n\/uploads\/2021\/09\/suno-logo.png\",\"contentUrl\":\"https:\/\/files.sunoresearch.com.br\/n\/uploads\/2021\/09\/suno-logo.png\",\"width\":180,\"height\":180,\"caption\":\"Suno Not\u00edcias\"},\"image\":{\"@id\":\"https:\/\/www.suno.com.br\/noticias\/#\/schema\/logo\/image\/\"},\"sameAs\":[\"https:\/\/facebook.com\/sunoresearch\",\"https:\/\/x.com\/sunoresearch\",\"https:\/\/www.instagram.com\/suno\",\"https:\/\/www.linkedin.com\/company\/suno-research\/\",\"https:\/\/www.youtube.com\/c\/sunoresearch\"]},{\"@type\":\"Person\",\"@id\":\"https:\/\/www.suno.com.br\/noticias\/#\/schema\/person\/3df0d2808748b74496efe5dbeaef2c72\",\"name\":\"Laura Moutinho\",\"image\":{\"@type\":\"ImageObject\",\"inLanguage\":\"pt-BR\",\"@id\":\"https:\/\/www.suno.com.br\/noticias\/#\/schema\/person\/image\/\",\"url\":\"https:\/\/secure.gravatar.com\/avatar\/7571c7c8ca3a6fca5e41384ece5557ff?s=96&r=g\",\"contentUrl\":\"https:\/\/secure.gravatar.com\/avatar\/7571c7c8ca3a6fca5e41384ece5557ff?s=96&r=g\",\"caption\":\"Laura Moutinho\"},\"description\":\"Estagi\u00e1ria na Suno Not\u00edcias, escreve not\u00edcias que afetam o mercado financeiro. Estuda administra\u00e7\u00e3o na Universidade Presbiteriana Mackenzie.\",\"url\":\"https:\/\/www.suno.com.br\/noticias\/author\/laura-moutinho\/\"}]}<\/script>\n<!-- \/ Yoast SEO plugin. -->","yoast_head_json":{"title":"Bayer registra preju\u00edzo de 9,5 bilh\u00f5es de euros no 2T20","description":"A Bayer anotou um preju\u00edzo l\u00edquido de \u20ac 9,5 bilh\u00f5es (cerca de R$ 58 bilh\u00f5es)\u00a0no segundo trimestre de 2020. Clique aqui para saber mais.","robots":{"index":"index","follow":"follow","max-snippet":"max-snippet:-1","max-image-preview":"max-image-preview:large","max-video-preview":"max-video-preview:-1"},"canonical":"https:\/\/www.suno.com.br\/noticias\/bayer-prejuizo-2t20\/","og_locale":"pt_BR","og_type":"article","og_title":"Bayer registra preju\u00edzo de 9,5 bilh\u00f5es de euros no 2T20","og_description":"A Bayer anotou um preju\u00edzo l\u00edquido de \u20ac 9,5 bilh\u00f5es (cerca de R$ 58 bilh\u00f5es)\u00a0no segundo trimestre de 2020. Clique aqui para saber mais.","og_url":"https:\/\/www.suno.com.br\/noticias\/bayer-prejuizo-2t20\/","og_site_name":"Suno Not\u00edcias","article_publisher":"https:\/\/facebook.com\/sunoresearch","og_image":[{"width":2816,"height":2112,"url":"https:\/\/files.sunoresearch.com.br\/n\/uploads\/2019\/02\/96fd9a53-1201709115_86bf237ac4_o.jpg","type":"image\/jpeg"}],"author":"Laura Moutinho","twitter_card":"summary_large_image","twitter_creator":"@sunoresearch","twitter_site":"@sunoresearch","twitter_misc":{"Escrito por":"Laura Moutinho","Est. tempo de leitura":"2 minutos"},"schema":{"@context":"https:\/\/schema.org","@graph":[{"@type":"NewsArticle","@id":"https:\/\/www.suno.com.br\/noticias\/bayer-prejuizo-2t20\/#article","isPartOf":{"@id":"https:\/\/www.suno.com.br\/noticias\/bayer-prejuizo-2t20\/"},"author":{"name":"Laura Moutinho","@id":"https:\/\/www.suno.com.br\/noticias\/#\/schema\/person\/3df0d2808748b74496efe5dbeaef2c72"},"headline":"Bayer registra preju\u00edzo de 9,5 bilh\u00f5es de euros no 2T20","datePublished":"2020-08-04T19:49:29+00:00","dateModified":"2021-02-18T20:28:17+00:00","mainEntityOfPage":{"@id":"https:\/\/www.suno.com.br\/noticias\/bayer-prejuizo-2t20\/"},"wordCount":443,"publisher":{"@id":"https:\/\/www.suno.com.br\/noticias\/#organization"},"image":{"@id":"https:\/\/www.suno.com.br\/noticias\/bayer-prejuizo-2t20\/#primaryimage"},"thumbnailUrl":"https:\/\/files.sunoresearch.com.br\/n\/uploads\/2019\/02\/96fd9a53-1201709115_86bf237ac4_o-scaled.webp","keywords":["balan\u00e7os trimestrais","Bayer"],"articleSection":["Neg\u00f3cios"],"inLanguage":"pt-BR"},{"@type":"WebPage","@id":"https:\/\/www.suno.com.br\/noticias\/bayer-prejuizo-2t20\/","url":"https:\/\/www.suno.com.br\/noticias\/bayer-prejuizo-2t20\/","name":"Bayer registra preju\u00edzo de 9,5 bilh\u00f5es de euros no 2T20","isPartOf":{"@id":"https:\/\/www.suno.com.br\/noticias\/#website"},"primaryImageOfPage":{"@id":"https:\/\/www.suno.com.br\/noticias\/bayer-prejuizo-2t20\/#primaryimage"},"image":{"@id":"https:\/\/www.suno.com.br\/noticias\/bayer-prejuizo-2t20\/#primaryimage"},"thumbnailUrl":"https:\/\/files.sunoresearch.com.br\/n\/uploads\/2019\/02\/96fd9a53-1201709115_86bf237ac4_o-scaled.webp","datePublished":"2020-08-04T19:49:29+00:00","dateModified":"2021-02-18T20:28:17+00:00","description":"A Bayer anotou um preju\u00edzo l\u00edquido de \u20ac 9,5 bilh\u00f5es (cerca de R$ 58 bilh\u00f5es)\u00a0no segundo trimestre de 2020. Clique aqui para saber mais.","breadcrumb":{"@id":"https:\/\/www.suno.com.br\/noticias\/bayer-prejuizo-2t20\/#breadcrumb"},"inLanguage":"pt-BR","potentialAction":[{"@type":"ReadAction","target":["https:\/\/www.suno.com.br\/noticias\/bayer-prejuizo-2t20\/"]}]},{"@type":"ImageObject","inLanguage":"pt-BR","@id":"https:\/\/www.suno.com.br\/noticias\/bayer-prejuizo-2t20\/#primaryimage","url":"https:\/\/files.sunoresearch.com.br\/n\/uploads\/2019\/02\/96fd9a53-1201709115_86bf237ac4_o-scaled.webp","contentUrl":"https:\/\/files.sunoresearch.com.br\/n\/uploads\/2019\/02\/96fd9a53-1201709115_86bf237ac4_o-scaled.webp","width":2560,"height":1920,"caption":"O acordo da Bayer prev\u00ea o pagamento inicial de US$ 425 milh\u00f5es e depois outros US$ 450 milh\u00f5es (cerca de R$ 2,4 bilh\u00f5es) em pagamentos parcelados."},{"@type":"BreadcrumbList","@id":"https:\/\/www.suno.com.br\/noticias\/bayer-prejuizo-2t20\/#breadcrumb","itemListElement":[{"@type":"ListItem","position":1,"name":"Not\u00edcias","item":"https:\/\/www.suno.com.br\/noticias\/"},{"@type":"ListItem","position":2,"name":"Neg\u00f3cios","item":"https:\/\/www.suno.com.br\/noticias\/negocios\/"},{"@type":"ListItem","position":3,"name":"Bayer registra preju\u00edzo de 9,5 bilh\u00f5es de euros no 2T20"}]},{"@type":"WebSite","@id":"https:\/\/www.suno.com.br\/noticias\/#website","url":"https:\/\/www.suno.com.br\/noticias\/","name":"Suno Not\u00edcias","description":"Seu portal de informa\u00e7\u00e3o sobre o mundo dos investimentos","publisher":{"@id":"https:\/\/www.suno.com.br\/noticias\/#organization"},"potentialAction":[{"@type":"SearchAction","target":{"@type":"EntryPoint","urlTemplate":"https:\/\/www.suno.com.br\/noticias\/?s={search_term_string}"},"query-input":{"@type":"PropertyValueSpecification","valueRequired":true,"valueName":"search_term_string"}}],"inLanguage":"pt-BR"},{"@type":"Organization","@id":"https:\/\/www.suno.com.br\/noticias\/#organization","name":"Suno Not\u00edcias","url":"https:\/\/www.suno.com.br\/noticias\/","logo":{"@type":"ImageObject","inLanguage":"pt-BR","@id":"https:\/\/www.suno.com.br\/noticias\/#\/schema\/logo\/image\/","url":"https:\/\/files.sunoresearch.com.br\/n\/uploads\/2021\/09\/suno-logo.png","contentUrl":"https:\/\/files.sunoresearch.com.br\/n\/uploads\/2021\/09\/suno-logo.png","width":180,"height":180,"caption":"Suno Not\u00edcias"},"image":{"@id":"https:\/\/www.suno.com.br\/noticias\/#\/schema\/logo\/image\/"},"sameAs":["https:\/\/facebook.com\/sunoresearch","https:\/\/x.com\/sunoresearch","https:\/\/www.instagram.com\/suno","https:\/\/www.linkedin.com\/company\/suno-research\/","https:\/\/www.youtube.com\/c\/sunoresearch"]},{"@type":"Person","@id":"https:\/\/www.suno.com.br\/noticias\/#\/schema\/person\/3df0d2808748b74496efe5dbeaef2c72","name":"Laura Moutinho","image":{"@type":"ImageObject","inLanguage":"pt-BR","@id":"https:\/\/www.suno.com.br\/noticias\/#\/schema\/person\/image\/","url":"https:\/\/secure.gravatar.com\/avatar\/7571c7c8ca3a6fca5e41384ece5557ff?s=96&r=g","contentUrl":"https:\/\/secure.gravatar.com\/avatar\/7571c7c8ca3a6fca5e41384ece5557ff?s=96&r=g","caption":"Laura Moutinho"},"description":"Estagi\u00e1ria na Suno Not\u00edcias, escreve not\u00edcias que afetam o mercado financeiro. Estuda administra\u00e7\u00e3o na Universidade Presbiteriana Mackenzie.","url":"https:\/\/www.suno.com.br\/noticias\/author\/laura-moutinho\/"}]}},"default_loop_html":"<div class=\"cardsPage__listCard__boxs\"><div class=\"cardsPage__listCard__boxs__img\"><a href=\"https:\/\/www.suno.com.br\/noticias\/bayer-prejuizo-2t20\/\"><img class=\"mask\" src=\"https:\/\/www.suno.com.br\/noticias\/wp-content\/themes\/suno\/resources\/images\/spotlight\/spotlight1img\/bg-mask.png\" alt=\"Image Mask\"\/><img src=\"https:\/\/files.sunoresearch.com.br\/n\/uploads\/2019\/02\/96fd9a53-1201709115_86bf237ac4_o-400x200.webp\" alt=\"Bayer registra preju\u00edzo de 9,5 bilh\u00f5es de euros no 2T20\"\/><\/a><span class=\"spotlightCategory\"><a href=\"https:\/\/www.suno.com.br\/noticias\/negocios\/\">Neg\u00f3cios<\/a><\/span><\/div><div class=\"cardsPage__listCard__boxs__content\"><a href=\"https:\/\/www.suno.com.br\/noticias\/bayer-prejuizo-2t20\/\"><h2 class=\"content__title\">Bayer registra preju\u00edzo de 9,5 bilh\u00f5es de euros no 2T20<\/h2><\/a><div class=\"newsContent__article__meta\"><div class=\"newsContent__article__meta__authorBox\"><a href=\"https:\/\/www.suno.com.br\/noticias\/author\/laura-moutinho\/\" class=\"authorBox__avatar noMobi\"><img src=\"https:\/\/files.sunoresearch.com.br\/n\/uploads\/2020\/08\/531ff69d-whatsapp-image-2020-08-03-at-14.54.38-150x150.webp\" alt=\"Laura Moutinho\"><\/a><div class=\"authorBox__name\"><span>por\n\t\t\t<a href=\"https:\/\/www.suno.com.br\/noticias\/author\/laura-moutinho\/\"><span itemprop=\"author\">Laura Moutinho<\/span><\/a><\/span><time datetime=\"2020-08-04T16:49:29-03:00\" itemprop=\"datePublished\">04\/08\/2020 16:49<\/time><\/div><\/div><\/div><\/div><\/div>","single_layout":"posts","amp_enabled":true,"_links":{"self":[{"href":"https:\/\/www.suno.com.br\/noticias\/wp-json\/wp\/v2\/posts\/76304"}],"collection":[{"href":"https:\/\/www.suno.com.br\/noticias\/wp-json\/wp\/v2\/posts"}],"about":[{"href":"https:\/\/www.suno.com.br\/noticias\/wp-json\/wp\/v2\/types\/post"}],"author":[{"embeddable":true,"href":"https:\/\/www.suno.com.br\/noticias\/wp-json\/wp\/v2\/users\/39"}],"replies":[{"embeddable":true,"href":"https:\/\/www.suno.com.br\/noticias\/wp-json\/wp\/v2\/comments?post=76304"}],"version-history":[{"count":0,"href":"https:\/\/www.suno.com.br\/noticias\/wp-json\/wp\/v2\/posts\/76304\/revisions"}],"wp:featuredmedia":[{"embeddable":true,"href":"https:\/\/www.suno.com.br\/noticias\/wp-json\/wp\/v2\/media\/16825"}],"wp:attachment":[{"href":"https:\/\/www.suno.com.br\/noticias\/wp-json\/wp\/v2\/media?parent=76304"}],"wp:term":[{"taxonomy":"category","embeddable":true,"href":"https:\/\/www.suno.com.br\/noticias\/wp-json\/wp\/v2\/categories?post=76304"},{"taxonomy":"post_tag","embeddable":true,"href":"https:\/\/www.suno.com.br\/noticias\/wp-json\/wp\/v2\/tags?post=76304"},{"taxonomy":"suno_strategy","embeddable":true,"href":"https:\/\/www.suno.com.br\/noticias\/wp-json\/wp\/v2\/suno_strategy?post=76304"}],"curies":[{"name":"wp","href":"https:\/\/api.w.org\/{rel}","templated":true}]}}