{"id":76240,"date":"2020-08-04T11:42:48","date_gmt":"2020-08-04T14:42:48","guid":{"rendered":"https:\/\/www.suno.com.br\/noticias\/?p=76240"},"modified":"2021-02-17T19:31:18","modified_gmt":"2021-02-17T22:31:18","slug":"banco-central-deve-escolher-cor-cinza-para-nota-de-200-reais","status":"publish","type":"post","link":"https:\/\/www.suno.com.br\/noticias\/banco-central-deve-escolher-cor-cinza-para-nota-de-200-reais\/","title":{"rendered":"Banco Central deve escolher cor cinza para nota de 200 reais"},"content":{"rendered":"<p>O <a href=\"https:\/\/www.suno.com.br\/artigos\/bacen\/\">Banco Central (BC)<\/a> deve escolher a cor cinza para a <strong>nota de 200 reais<\/strong>. A nova c\u00e9dula ainda deve apresentar detalhes amarronzado, caso o modelo seja aprovado pela institui\u00e7\u00e3o. As informa\u00e7\u00f5es s\u00e3o da Folha de S. Paulo. A assessoria da Cada da Moeda informou que as op\u00e7\u00f5es apresentadas pelo BC est\u00e3o em fase final de testes.<\/p>\t<div class=\"wrapper-featured-image\">\n\t\t<figure class=\"spotlightImg\">\n\n\t\t\t<picture>\n\t\t\t\t<source media=\"(max-width: 768px)\" srcset=\"https:\/\/files.sunoresearch.com.br\/n\/uploads\/2020\/08\/7f052213-lobo_guar\u00e1-200-400x200.webp\">\n\t\t\t\t<img loading=\"lazy\" decoding=\"async\" class=\"newsContent__article__imgCapa lazyloadDisabled \" src=\"https:\/\/files.sunoresearch.com.br\/n\/uploads\/2020\/08\/7f052213-lobo_guar\u00e1-200-jpg.webp\" width=\"800\" height=\"450\" alt=\"Banco Central deve escolher cor cinza para nota de 200 reais\" fetchpriority=high \/>\n\t\t\t<\/picture>\n\n\t\t\t<figcaption class=\"wp-caption-text wp-caption-text--show\">Imagem ilustrativa do Banco Central da nota de 200 reais<\/figcaption>\n\t\t<\/figure>\n\t<\/div>\n\n\n<div class=\"hubspot-form-wrapper\">\n\t<div id=\"single-form-target\"><\/div>\n<\/div>\n\n<p>Na \u00faltima quarta-feira (29), o BC anunciou o lan\u00e7amento da nota de 200 reais, que deve entrar em circula\u00e7\u00e3o a partir do final de agosto. A entrada da nova c\u00e9dula foi aprovada pelo <a href=\"https:\/\/www.suno.com.br\/artigos\/cmn-conselho-monetario-nacional\/\">Conselho Monet\u00e1rio Nacional (CMN)<\/a>.<\/p>\n<p>Atualmente, a nota est\u00e1 na fase de confec\u00e7\u00e3o, a Casa da Moeda confecciona o fundo das c\u00e9lulas, sem textura. Nas pr\u00f3ximas etapas ocorre a grava\u00e7\u00e3o de imagens em alto relevo (calcografia), em cada uma das faces. O desenho escolhido para estampar a nota foi o lobo-guar\u00e1, a escolha foi baseada em uma pesquisa de opini\u00e3o.<\/p>\n<p><a href=\"https:\/\/lp.suno.com.br\/suno-one\/\">Suno One: o primeiro passo para alcan\u00e7ar a sua independ\u00eancia financeira. Acesse agora, \u00e9 gratuito!<\/a><\/p>\n<p>&#8220;Em 2001, o Banco Central fez uma pesquisa junto \u00e0 popula\u00e7\u00e3o tendo como base lista de animais em extin\u00e7\u00e3o, sobre quais ela gostaria de ver representado no dinheiro. Em primeiro lugar da pesquisa, foi a tartaruga marinha, hoje na nota de R$ 2. Em segundo, o mico-le\u00e3o dourado, representado c\u00e9dula de R$ 20. E o terceiro animal mais votado foi o lobo-guar\u00e1.&#8221; disse Carolina de Assis Barros, diretora de administra\u00e7\u00e3o do BC.<\/p>\n<p>A autoridade monet\u00e1ria central prev\u00ea que, em 2020, sejam impressas 450 milh\u00f5es de novas c\u00e9dulas de 200 reais, que ter\u00e3o como personagem o lobo-guar\u00e1.<\/p>\n<p class=\"p1\">De acordo com a diretora de Administra\u00e7\u00e3o do<strong> Banco Central<\/strong>, <strong>Carolina de Assis Barros<\/strong>, a pandemia causou uma maior demanda por numer\u00e1rios, n\u00e3o s\u00f3 no Brasil, por\u00e9m tamb\u00e9m no resto do mundo. Consequentemente, as casas de impress\u00e3o foram desafiadas a criar mais c\u00e9dulas.<\/p>\n\t<div data-element=\"shortcode-read-more\" class=\"knowMore\">\n\t\t\t\t<span class=\"knowMore__title\">Veja Tamb\u00e9m<\/span>\n\t\t\t\t<a class=\"knowMore__link\" href=\"https:\/\/www.suno.com.br\/noticias\/governo-gastara-menos-chegada-nota-r-200-diz-secretario-tesouro\/\">\n\t\t\tGoverno gastar\u00e1 menos com chegada da c\u00e9dula de R$ 200, diz secret\u00e1rio do Tesouro\t\t<\/a>\n\t<\/div>\n\n\n<p>O Banco Central entende que a quantidade de moedas em circula\u00e7\u00e3o \u00e9 adequada. A institui\u00e7\u00e3o considera que o momento \u00e9 oportuno ao considerar a import\u00e2ncia que as c\u00e9dulas t\u00eam para a popula\u00e7\u00e3o brasileira. Isso faz com que seja aprovada a destina\u00e7\u00e3o de R$ 113,4 milh\u00f5es para a impress\u00e3o de 450 milh\u00f5es de c\u00e9dulas de 200 reais e 170 milh\u00f5es de c\u00e9dulas de 100 reais.<\/p>\n<p>&#8220;O lan\u00e7amento da [<strong>nota de 200 reais<\/strong>] \u00e9 um processo pr\u00e9-existente. O Banco Central est\u00e1 agindo preventivamente para um poss\u00edvel aumento da demanda de numer\u00e1rio (c\u00e9dulas) da popula\u00e7\u00e3o. E poderemos reduzir custos de log\u00edstica e distribui\u00e7\u00e3o de numer\u00e1rio pelo pa\u00eds, dado que temos dimens\u00f5es continentais&#8221;, informou Carolina Assis de Barros.<\/p>\n\t<p>\n\t\t<a href=\"https:\/\/lp.suno.com.br\/planilha-de-controle-de-investimentos\/\" target=\"_blank\" data-element=\"shortcode-suno-banner\" title=\"Banner SUNO, clique e saiba mais\">\n\t\t\t<picture>\n\t\t\t\t<source media=\"(max-width: 500px)\" srcset=\"https:\/\/files.sunoresearch.com.br\/n\/uploads\/2023\/03\/400x300-Controle-de-Investimentos.png\">\n\t\t\t\t<img class=\"newsContent__article__imgCapa newsContent__article__imgCapa--banner\"\n\t\t\t\t\tsrc=\"https:\/\/files.sunoresearch.com.br\/n\/uploads\/2023\/03\/1420x240-Controle-de-Investimentos.png\"\n\t\t\t\t\tdata-promo-id=\"75934\"\t\t\t\t\t\t\t\t\t\twidth='1420' height='240'\t\t\t\t\talt=\"https:\/\/files.sunoresearch.com.br\/n\/uploads\/2023\/03\/1420x240-Controle-de-Investimentos.png\"\n\t\t\t\t>\n\t\t\t<\/picture>\n\t\t<\/a>\n\t<\/p>\n\n\n","protected":false},"excerpt":{"rendered":"<p>O Banco Central (BC) deve escolher a cor cinza para a nota de 200 reais. A nova c\u00e9dula ainda deve apresentar detalhes amarronzado, caso o modelo seja aprovado pela institui\u00e7\u00e3o. As informa\u00e7\u00f5es s\u00e3o da Folha de S. Paulo. A assessoria da Cada da Moeda informou que as op\u00e7\u00f5es apresentadas pelo BC est\u00e3o em fase final [&hellip;]<\/p>\n","protected":false},"author":15,"featured_media":76241,"comment_status":"closed","ping_status":"closed","sticky":false,"template":"","format":"standard","meta":[],"categories":[62],"tags":[1842,2115,1062],"suno_strategy":[],"class_list":["post-76240","post","type-post","status-publish","format-standard","has-post-thumbnail","hentry","category-economia","tag-banco-central-bc","tag-casa-da-moeda","tag-conselho-monetario-nacional-cmn"],"yoast_head":"<!-- This site is optimized with the Yoast SEO plugin v24.4 - https:\/\/yoast.com\/wordpress\/plugins\/seo\/ -->\n<title>Banco Central deve escolher cor cinza para nota de 200 reais<\/title>\n<meta name=\"description\" content=\"O BC deve escolher a cor cinza para a nota de 200 reais e ainda deve apresentar detalhes amarronzado, caso o modelo seja aprovado. Clique aqui\" \/>\n<meta name=\"robots\" content=\"index, follow, max-snippet:-1, max-image-preview:large, max-video-preview:-1\" \/>\n<link rel=\"canonical\" href=\"https:\/\/www.suno.com.br\/noticias\/banco-central-deve-escolher-cor-cinza-para-nota-de-200-reais\/\" \/>\n<meta property=\"og:locale\" content=\"pt_BR\" \/>\n<meta property=\"og:type\" content=\"article\" \/>\n<meta property=\"og:title\" content=\"Banco Central deve escolher cor cinza para nota de 200 reais\" \/>\n<meta property=\"og:description\" content=\"O BC deve escolher a cor cinza para a nota de 200 reais e ainda deve apresentar detalhes amarronzado, caso o modelo seja aprovado. Clique aqui\" \/>\n<meta property=\"og:url\" content=\"https:\/\/www.suno.com.br\/noticias\/banco-central-deve-escolher-cor-cinza-para-nota-de-200-reais\/\" \/>\n<meta property=\"og:site_name\" content=\"Suno Not\u00edcias\" \/>\n<meta property=\"article:publisher\" content=\"https:\/\/facebook.com\/sunoresearch\" \/>\n<meta property=\"og:image\" content=\"https:\/\/files.sunoresearch.com.br\/n\/uploads\/2020\/08\/7f052213-lobo_guar\u00e1-200.jpg\" \/>\n\t<meta property=\"og:image:width\" content=\"650\" \/>\n\t<meta property=\"og:image:height\" content=\"234\" \/>\n\t<meta property=\"og:image:type\" content=\"image\/jpeg\" \/>\n<meta name=\"author\" content=\"Poliana Santos\" \/>\n<meta name=\"twitter:card\" content=\"summary_large_image\" \/>\n<meta name=\"twitter:creator\" content=\"@sunoresearch\" \/>\n<meta name=\"twitter:site\" content=\"@sunoresearch\" \/>\n<meta name=\"twitter:label1\" content=\"Escrito por\" \/>\n\t<meta name=\"twitter:data1\" content=\"Poliana Santos\" \/>\n\t<meta name=\"twitter:label2\" content=\"Est. tempo de leitura\" \/>\n\t<meta name=\"twitter:data2\" content=\"2 minutos\" \/>\n<script type=\"application\/ld+json\" class=\"yoast-schema-graph\">{\"@context\":\"https:\/\/schema.org\",\"@graph\":[{\"@type\":\"NewsArticle\",\"@id\":\"https:\/\/www.suno.com.br\/noticias\/banco-central-deve-escolher-cor-cinza-para-nota-de-200-reais\/#article\",\"isPartOf\":{\"@id\":\"https:\/\/www.suno.com.br\/noticias\/banco-central-deve-escolher-cor-cinza-para-nota-de-200-reais\/\"},\"author\":{\"name\":\"Poliana Santos\",\"@id\":\"https:\/\/www.suno.com.br\/noticias\/#\/schema\/person\/02ec1f752758247878a2bf4abee1aeda\"},\"headline\":\"Banco Central deve escolher cor cinza para nota de 200 reais\",\"datePublished\":\"2020-08-04T14:42:48+00:00\",\"dateModified\":\"2021-02-17T22:31:18+00:00\",\"mainEntityOfPage\":{\"@id\":\"https:\/\/www.suno.com.br\/noticias\/banco-central-deve-escolher-cor-cinza-para-nota-de-200-reais\/\"},\"wordCount\":488,\"publisher\":{\"@id\":\"https:\/\/www.suno.com.br\/noticias\/#organization\"},\"image\":{\"@id\":\"https:\/\/www.suno.com.br\/noticias\/banco-central-deve-escolher-cor-cinza-para-nota-de-200-reais\/#primaryimage\"},\"thumbnailUrl\":\"https:\/\/files.sunoresearch.com.br\/n\/uploads\/2020\/08\/7f052213-lobo_guar\u00e1-200-jpg.webp\",\"keywords\":[\"Banco Central (BC)\",\"Casa da Moeda\",\"Conselho Monet\u00e1rio Nacional (CMN)\"],\"articleSection\":[\"Economia\"],\"inLanguage\":\"pt-BR\"},{\"@type\":\"WebPage\",\"@id\":\"https:\/\/www.suno.com.br\/noticias\/banco-central-deve-escolher-cor-cinza-para-nota-de-200-reais\/\",\"url\":\"https:\/\/www.suno.com.br\/noticias\/banco-central-deve-escolher-cor-cinza-para-nota-de-200-reais\/\",\"name\":\"Banco Central deve escolher cor cinza para nota de 200 reais\",\"isPartOf\":{\"@id\":\"https:\/\/www.suno.com.br\/noticias\/#website\"},\"primaryImageOfPage\":{\"@id\":\"https:\/\/www.suno.com.br\/noticias\/banco-central-deve-escolher-cor-cinza-para-nota-de-200-reais\/#primaryimage\"},\"image\":{\"@id\":\"https:\/\/www.suno.com.br\/noticias\/banco-central-deve-escolher-cor-cinza-para-nota-de-200-reais\/#primaryimage\"},\"thumbnailUrl\":\"https:\/\/files.sunoresearch.com.br\/n\/uploads\/2020\/08\/7f052213-lobo_guar\u00e1-200-jpg.webp\",\"datePublished\":\"2020-08-04T14:42:48+00:00\",\"dateModified\":\"2021-02-17T22:31:18+00:00\",\"description\":\"O BC deve escolher a cor cinza para a nota de 200 reais e ainda deve apresentar detalhes amarronzado, caso o modelo seja aprovado. Clique aqui\",\"breadcrumb\":{\"@id\":\"https:\/\/www.suno.com.br\/noticias\/banco-central-deve-escolher-cor-cinza-para-nota-de-200-reais\/#breadcrumb\"},\"inLanguage\":\"pt-BR\",\"potentialAction\":[{\"@type\":\"ReadAction\",\"target\":[\"https:\/\/www.suno.com.br\/noticias\/banco-central-deve-escolher-cor-cinza-para-nota-de-200-reais\/\"]}]},{\"@type\":\"ImageObject\",\"inLanguage\":\"pt-BR\",\"@id\":\"https:\/\/www.suno.com.br\/noticias\/banco-central-deve-escolher-cor-cinza-para-nota-de-200-reais\/#primaryimage\",\"url\":\"https:\/\/files.sunoresearch.com.br\/n\/uploads\/2020\/08\/7f052213-lobo_guar\u00e1-200-jpg.webp\",\"contentUrl\":\"https:\/\/files.sunoresearch.com.br\/n\/uploads\/2020\/08\/7f052213-lobo_guar\u00e1-200-jpg.webp\",\"width\":650,\"height\":234,\"caption\":\"Imagem ilustrativa do Banco Central da nota de 200 reais\"},{\"@type\":\"BreadcrumbList\",\"@id\":\"https:\/\/www.suno.com.br\/noticias\/banco-central-deve-escolher-cor-cinza-para-nota-de-200-reais\/#breadcrumb\",\"itemListElement\":[{\"@type\":\"ListItem\",\"position\":1,\"name\":\"Not\u00edcias\",\"item\":\"https:\/\/www.suno.com.br\/noticias\/\"},{\"@type\":\"ListItem\",\"position\":2,\"name\":\"Economia\",\"item\":\"https:\/\/www.suno.com.br\/noticias\/economia\/\"},{\"@type\":\"ListItem\",\"position\":3,\"name\":\"Banco Central deve escolher cor cinza para nota de 200 reais\"}]},{\"@type\":\"WebSite\",\"@id\":\"https:\/\/www.suno.com.br\/noticias\/#website\",\"url\":\"https:\/\/www.suno.com.br\/noticias\/\",\"name\":\"Suno Not\u00edcias\",\"description\":\"Seu portal de informa\u00e7\u00e3o sobre o mundo dos investimentos\",\"publisher\":{\"@id\":\"https:\/\/www.suno.com.br\/noticias\/#organization\"},\"potentialAction\":[{\"@type\":\"SearchAction\",\"target\":{\"@type\":\"EntryPoint\",\"urlTemplate\":\"https:\/\/www.suno.com.br\/noticias\/?s={search_term_string}\"},\"query-input\":{\"@type\":\"PropertyValueSpecification\",\"valueRequired\":true,\"valueName\":\"search_term_string\"}}],\"inLanguage\":\"pt-BR\"},{\"@type\":\"Organization\",\"@id\":\"https:\/\/www.suno.com.br\/noticias\/#organization\",\"name\":\"Suno Not\u00edcias\",\"url\":\"https:\/\/www.suno.com.br\/noticias\/\",\"logo\":{\"@type\":\"ImageObject\",\"inLanguage\":\"pt-BR\",\"@id\":\"https:\/\/www.suno.com.br\/noticias\/#\/schema\/logo\/image\/\",\"url\":\"https:\/\/files.sunoresearch.com.br\/n\/uploads\/2021\/09\/suno-logo.png\",\"contentUrl\":\"https:\/\/files.sunoresearch.com.br\/n\/uploads\/2021\/09\/suno-logo.png\",\"width\":180,\"height\":180,\"caption\":\"Suno Not\u00edcias\"},\"image\":{\"@id\":\"https:\/\/www.suno.com.br\/noticias\/#\/schema\/logo\/image\/\"},\"sameAs\":[\"https:\/\/facebook.com\/sunoresearch\",\"https:\/\/x.com\/sunoresearch\",\"https:\/\/www.instagram.com\/suno\",\"https:\/\/www.linkedin.com\/company\/suno-research\/\",\"https:\/\/www.youtube.com\/c\/sunoresearch\"]},{\"@type\":\"Person\",\"@id\":\"https:\/\/www.suno.com.br\/noticias\/#\/schema\/person\/02ec1f752758247878a2bf4abee1aeda\",\"name\":\"Poliana Santos\",\"image\":{\"@type\":\"ImageObject\",\"inLanguage\":\"pt-BR\",\"@id\":\"https:\/\/www.suno.com.br\/noticias\/#\/schema\/person\/image\/\",\"url\":\"https:\/\/secure.gravatar.com\/avatar\/0645bd32f23d87b2130f2b2dff1d3f8d?s=96&r=g\",\"contentUrl\":\"https:\/\/secure.gravatar.com\/avatar\/0645bd32f23d87b2130f2b2dff1d3f8d?s=96&r=g\",\"caption\":\"Poliana Santos\"},\"description\":\"Rep\u00f3rter no Suno Not\u00edcias, com cobertura em mercado financeiro, economia, finan\u00e7as pessoais, renda fixa e varejo. Jornalista formada pela Faculdade C\u00e1sper L\u00edbero e possui passagem na R\u00e1dio Gazeta AM com a produ\u00e7\u00e3o de conte\u00fado sobre economia, pol\u00edtica, sa\u00fade, moda e m\u00fasica. Possui certificado de conclus\u00e3o do curso de An\u00e1lise de Balan\u00e7os pela Funda\u00e7\u00e3o Bradesco, Agenda Brasil pela FAAP, Educa\u00e7\u00e3o Pol\u00edtica por Alexandre Garcia e do Tesouro Direto e Mercado de A\u00e7\u00f5es pela B3.\",\"url\":\"https:\/\/www.suno.com.br\/noticias\/author\/poliana-santos\/\"}]}<\/script>\n<!-- \/ Yoast SEO plugin. -->","yoast_head_json":{"title":"Banco Central deve escolher cor cinza para nota de 200 reais","description":"O BC deve escolher a cor cinza para a nota de 200 reais e ainda deve apresentar detalhes amarronzado, caso o modelo seja aprovado. Clique aqui","robots":{"index":"index","follow":"follow","max-snippet":"max-snippet:-1","max-image-preview":"max-image-preview:large","max-video-preview":"max-video-preview:-1"},"canonical":"https:\/\/www.suno.com.br\/noticias\/banco-central-deve-escolher-cor-cinza-para-nota-de-200-reais\/","og_locale":"pt_BR","og_type":"article","og_title":"Banco Central deve escolher cor cinza para nota de 200 reais","og_description":"O BC deve escolher a cor cinza para a nota de 200 reais e ainda deve apresentar detalhes amarronzado, caso o modelo seja aprovado. Clique aqui","og_url":"https:\/\/www.suno.com.br\/noticias\/banco-central-deve-escolher-cor-cinza-para-nota-de-200-reais\/","og_site_name":"Suno Not\u00edcias","article_publisher":"https:\/\/facebook.com\/sunoresearch","og_image":[{"width":650,"height":234,"url":"https:\/\/files.sunoresearch.com.br\/n\/uploads\/2020\/08\/7f052213-lobo_guar\u00e1-200.jpg","type":"image\/jpeg"}],"author":"Poliana Santos","twitter_card":"summary_large_image","twitter_creator":"@sunoresearch","twitter_site":"@sunoresearch","twitter_misc":{"Escrito por":"Poliana Santos","Est. tempo de leitura":"2 minutos"},"schema":{"@context":"https:\/\/schema.org","@graph":[{"@type":"NewsArticle","@id":"https:\/\/www.suno.com.br\/noticias\/banco-central-deve-escolher-cor-cinza-para-nota-de-200-reais\/#article","isPartOf":{"@id":"https:\/\/www.suno.com.br\/noticias\/banco-central-deve-escolher-cor-cinza-para-nota-de-200-reais\/"},"author":{"name":"Poliana Santos","@id":"https:\/\/www.suno.com.br\/noticias\/#\/schema\/person\/02ec1f752758247878a2bf4abee1aeda"},"headline":"Banco Central deve escolher cor cinza para nota de 200 reais","datePublished":"2020-08-04T14:42:48+00:00","dateModified":"2021-02-17T22:31:18+00:00","mainEntityOfPage":{"@id":"https:\/\/www.suno.com.br\/noticias\/banco-central-deve-escolher-cor-cinza-para-nota-de-200-reais\/"},"wordCount":488,"publisher":{"@id":"https:\/\/www.suno.com.br\/noticias\/#organization"},"image":{"@id":"https:\/\/www.suno.com.br\/noticias\/banco-central-deve-escolher-cor-cinza-para-nota-de-200-reais\/#primaryimage"},"thumbnailUrl":"https:\/\/files.sunoresearch.com.br\/n\/uploads\/2020\/08\/7f052213-lobo_guar\u00e1-200-jpg.webp","keywords":["Banco Central (BC)","Casa da Moeda","Conselho Monet\u00e1rio Nacional (CMN)"],"articleSection":["Economia"],"inLanguage":"pt-BR"},{"@type":"WebPage","@id":"https:\/\/www.suno.com.br\/noticias\/banco-central-deve-escolher-cor-cinza-para-nota-de-200-reais\/","url":"https:\/\/www.suno.com.br\/noticias\/banco-central-deve-escolher-cor-cinza-para-nota-de-200-reais\/","name":"Banco Central deve escolher cor cinza para nota de 200 reais","isPartOf":{"@id":"https:\/\/www.suno.com.br\/noticias\/#website"},"primaryImageOfPage":{"@id":"https:\/\/www.suno.com.br\/noticias\/banco-central-deve-escolher-cor-cinza-para-nota-de-200-reais\/#primaryimage"},"image":{"@id":"https:\/\/www.suno.com.br\/noticias\/banco-central-deve-escolher-cor-cinza-para-nota-de-200-reais\/#primaryimage"},"thumbnailUrl":"https:\/\/files.sunoresearch.com.br\/n\/uploads\/2020\/08\/7f052213-lobo_guar\u00e1-200-jpg.webp","datePublished":"2020-08-04T14:42:48+00:00","dateModified":"2021-02-17T22:31:18+00:00","description":"O BC deve escolher a cor cinza para a nota de 200 reais e ainda deve apresentar detalhes amarronzado, caso o modelo seja aprovado. Clique aqui","breadcrumb":{"@id":"https:\/\/www.suno.com.br\/noticias\/banco-central-deve-escolher-cor-cinza-para-nota-de-200-reais\/#breadcrumb"},"inLanguage":"pt-BR","potentialAction":[{"@type":"ReadAction","target":["https:\/\/www.suno.com.br\/noticias\/banco-central-deve-escolher-cor-cinza-para-nota-de-200-reais\/"]}]},{"@type":"ImageObject","inLanguage":"pt-BR","@id":"https:\/\/www.suno.com.br\/noticias\/banco-central-deve-escolher-cor-cinza-para-nota-de-200-reais\/#primaryimage","url":"https:\/\/files.sunoresearch.com.br\/n\/uploads\/2020\/08\/7f052213-lobo_guar\u00e1-200-jpg.webp","contentUrl":"https:\/\/files.sunoresearch.com.br\/n\/uploads\/2020\/08\/7f052213-lobo_guar\u00e1-200-jpg.webp","width":650,"height":234,"caption":"Imagem ilustrativa do Banco Central da nota de 200 reais"},{"@type":"BreadcrumbList","@id":"https:\/\/www.suno.com.br\/noticias\/banco-central-deve-escolher-cor-cinza-para-nota-de-200-reais\/#breadcrumb","itemListElement":[{"@type":"ListItem","position":1,"name":"Not\u00edcias","item":"https:\/\/www.suno.com.br\/noticias\/"},{"@type":"ListItem","position":2,"name":"Economia","item":"https:\/\/www.suno.com.br\/noticias\/economia\/"},{"@type":"ListItem","position":3,"name":"Banco Central deve escolher cor cinza para nota de 200 reais"}]},{"@type":"WebSite","@id":"https:\/\/www.suno.com.br\/noticias\/#website","url":"https:\/\/www.suno.com.br\/noticias\/","name":"Suno Not\u00edcias","description":"Seu portal de informa\u00e7\u00e3o sobre o mundo dos investimentos","publisher":{"@id":"https:\/\/www.suno.com.br\/noticias\/#organization"},"potentialAction":[{"@type":"SearchAction","target":{"@type":"EntryPoint","urlTemplate":"https:\/\/www.suno.com.br\/noticias\/?s={search_term_string}"},"query-input":{"@type":"PropertyValueSpecification","valueRequired":true,"valueName":"search_term_string"}}],"inLanguage":"pt-BR"},{"@type":"Organization","@id":"https:\/\/www.suno.com.br\/noticias\/#organization","name":"Suno Not\u00edcias","url":"https:\/\/www.suno.com.br\/noticias\/","logo":{"@type":"ImageObject","inLanguage":"pt-BR","@id":"https:\/\/www.suno.com.br\/noticias\/#\/schema\/logo\/image\/","url":"https:\/\/files.sunoresearch.com.br\/n\/uploads\/2021\/09\/suno-logo.png","contentUrl":"https:\/\/files.sunoresearch.com.br\/n\/uploads\/2021\/09\/suno-logo.png","width":180,"height":180,"caption":"Suno Not\u00edcias"},"image":{"@id":"https:\/\/www.suno.com.br\/noticias\/#\/schema\/logo\/image\/"},"sameAs":["https:\/\/facebook.com\/sunoresearch","https:\/\/x.com\/sunoresearch","https:\/\/www.instagram.com\/suno","https:\/\/www.linkedin.com\/company\/suno-research\/","https:\/\/www.youtube.com\/c\/sunoresearch"]},{"@type":"Person","@id":"https:\/\/www.suno.com.br\/noticias\/#\/schema\/person\/02ec1f752758247878a2bf4abee1aeda","name":"Poliana Santos","image":{"@type":"ImageObject","inLanguage":"pt-BR","@id":"https:\/\/www.suno.com.br\/noticias\/#\/schema\/person\/image\/","url":"https:\/\/secure.gravatar.com\/avatar\/0645bd32f23d87b2130f2b2dff1d3f8d?s=96&r=g","contentUrl":"https:\/\/secure.gravatar.com\/avatar\/0645bd32f23d87b2130f2b2dff1d3f8d?s=96&r=g","caption":"Poliana Santos"},"description":"Rep\u00f3rter no Suno Not\u00edcias, com cobertura em mercado financeiro, economia, finan\u00e7as pessoais, renda fixa e varejo. Jornalista formada pela Faculdade C\u00e1sper L\u00edbero e possui passagem na R\u00e1dio Gazeta AM com a produ\u00e7\u00e3o de conte\u00fado sobre economia, pol\u00edtica, sa\u00fade, moda e m\u00fasica. Possui certificado de conclus\u00e3o do curso de An\u00e1lise de Balan\u00e7os pela Funda\u00e7\u00e3o Bradesco, Agenda Brasil pela FAAP, Educa\u00e7\u00e3o Pol\u00edtica por Alexandre Garcia e do Tesouro Direto e Mercado de A\u00e7\u00f5es pela B3.","url":"https:\/\/www.suno.com.br\/noticias\/author\/poliana-santos\/"}]}},"default_loop_html":"<div class=\"cardsPage__listCard__boxs\"><div class=\"cardsPage__listCard__boxs__img\"><a href=\"https:\/\/www.suno.com.br\/noticias\/banco-central-deve-escolher-cor-cinza-para-nota-de-200-reais\/\"><img class=\"mask\" src=\"https:\/\/www.suno.com.br\/noticias\/wp-content\/themes\/suno\/resources\/images\/spotlight\/spotlight1img\/bg-mask.png\" alt=\"Image Mask\"\/><img src=\"https:\/\/files.sunoresearch.com.br\/n\/uploads\/2020\/08\/7f052213-lobo_guar\u00e1-200-400x200.webp\" alt=\"Banco Central deve escolher cor cinza para nota de 200 reais\"\/><\/a><span class=\"spotlightCategory\"><a href=\"https:\/\/www.suno.com.br\/noticias\/economia\/\">Economia<\/a><\/span><\/div><div class=\"cardsPage__listCard__boxs__content\"><a href=\"https:\/\/www.suno.com.br\/noticias\/banco-central-deve-escolher-cor-cinza-para-nota-de-200-reais\/\"><h2 class=\"content__title\">Banco Central deve escolher cor cinza para nota de 200 reais<\/h2><\/a><div class=\"newsContent__article__meta\"><div class=\"newsContent__article__meta__authorBox\"><a href=\"https:\/\/www.suno.com.br\/noticias\/author\/poliana-santos\/\" class=\"authorBox__avatar noMobi\"><img src=\"https:\/\/files.sunoresearch.com.br\/n\/uploads\/2020\/08\/7ef34026-whatsapp-image-2020-08-03-at-12.37.57-150x150.webp\" alt=\"Poliana Santos\"><\/a><div class=\"authorBox__name\"><span>por\n\t\t\t<a href=\"https:\/\/www.suno.com.br\/noticias\/author\/poliana-santos\/\"><span itemprop=\"author\">Poliana Santos<\/span><\/a><\/span><time datetime=\"2020-08-04T11:42:48-03:00\" itemprop=\"datePublished\">04\/08\/2020 11:42<\/time><\/div><\/div><\/div><\/div><\/div>","single_layout":"posts","amp_enabled":true,"_links":{"self":[{"href":"https:\/\/www.suno.com.br\/noticias\/wp-json\/wp\/v2\/posts\/76240"}],"collection":[{"href":"https:\/\/www.suno.com.br\/noticias\/wp-json\/wp\/v2\/posts"}],"about":[{"href":"https:\/\/www.suno.com.br\/noticias\/wp-json\/wp\/v2\/types\/post"}],"author":[{"embeddable":true,"href":"https:\/\/www.suno.com.br\/noticias\/wp-json\/wp\/v2\/users\/15"}],"replies":[{"embeddable":true,"href":"https:\/\/www.suno.com.br\/noticias\/wp-json\/wp\/v2\/comments?post=76240"}],"version-history":[{"count":0,"href":"https:\/\/www.suno.com.br\/noticias\/wp-json\/wp\/v2\/posts\/76240\/revisions"}],"wp:featuredmedia":[{"embeddable":true,"href":"https:\/\/www.suno.com.br\/noticias\/wp-json\/wp\/v2\/media\/76241"}],"wp:attachment":[{"href":"https:\/\/www.suno.com.br\/noticias\/wp-json\/wp\/v2\/media?parent=76240"}],"wp:term":[{"taxonomy":"category","embeddable":true,"href":"https:\/\/www.suno.com.br\/noticias\/wp-json\/wp\/v2\/categories?post=76240"},{"taxonomy":"post_tag","embeddable":true,"href":"https:\/\/www.suno.com.br\/noticias\/wp-json\/wp\/v2\/tags?post=76240"},{"taxonomy":"suno_strategy","embeddable":true,"href":"https:\/\/www.suno.com.br\/noticias\/wp-json\/wp\/v2\/suno_strategy?post=76240"}],"curies":[{"name":"wp","href":"https:\/\/api.w.org\/{rel}","templated":true}]}}