{"id":76184,"date":"2020-08-04T09:08:35","date_gmt":"2020-08-04T12:08:35","guid":{"rendered":"https:\/\/www.suno.com.br\/noticias\/?p=76184"},"modified":"2020-08-04T09:42:58","modified_gmt":"2020-08-04T12:42:58","slug":"producao-industrial-avanca-89-em-junho-aponta-ibge","status":"publish","type":"post","link":"https:\/\/www.suno.com.br\/noticias\/producao-industrial-avanca-89-em-junho-aponta-ibge\/","title":{"rendered":"Produ\u00e7\u00e3o industrial avan\u00e7a 8,9% em junho, aponta IBGE"},"content":{"rendered":"<p>A <strong>produ\u00e7\u00e3o industrial<\/strong> avan\u00e7ou 8,9% em junho, em compara\u00e7\u00e3o com maio. Em rela\u00e7\u00e3o ao mesmo per\u00edodo do ano de 2019, houve um recuo de 9%. Os dados foram apurados e divulgados pelo Instituto Brasileiro de Geografia e Estat\u00edstica (IBGE), nesta ter\u00e7a-feira (4).<\/p>\t<div class=\"wrapper-featured-image\">\n\t\t<figure class=\"spotlightImg\">\n\n\t\t\t<picture>\n\t\t\t\t<source media=\"(max-width: 768px)\" srcset=\"https:\/\/files.sunoresearch.com.br\/n\/uploads\/2020\/06\/9ddad38f-5aea13cc-produ\u00e7\u00e3o-industrial-400x200.webp\">\n\t\t\t\t<img loading=\"lazy\" decoding=\"async\" class=\"newsContent__article__imgCapa lazyloadDisabled \" src=\"https:\/\/files.sunoresearch.com.br\/n\/uploads\/2020\/06\/9ddad38f-5aea13cc-produ\u00e7\u00e3o-industrial-800x450.webp\" width=\"800\" height=\"450\" alt=\"Produ\u00e7\u00e3o industrial avan\u00e7a 8,9% em junho, aponta IBGE\" fetchpriority=high \/>\n\t\t\t<\/picture>\n\n\t\t\t<figcaption class=\"wp-caption-text wp-caption-text--show\">Segundo a CNI, as multinacionais brasileiras concentraram, em 2019, 24% de todas as exporta\u00e7\u00f5es do Pa\u00eds.<\/figcaption>\n\t\t<\/figure>\n\t<\/div>\n\n\n<div class=\"hubspot-form-wrapper\">\n\t<div id=\"single-form-target\"><\/div>\n<\/div>\n\n<p>Trata-se da segunda alta consecutiva, mas ainda insuficiente para reverter a perda de 26,6%, acumulada pelo setor de produ\u00e7\u00e3o industrial nos meses de mar\u00e7o e abril, ap\u00f3s o in\u00edcio do isolamento social para controle da pandemia do novo coronav\u00edrus (covid-19).<\/p>\n<p>A ind\u00fastria registrou recorde negativo no fechamento do segundo trimestre deste ano em compara\u00e7\u00e3o ao mesmo per\u00edodo do ano anterior (-19,4%). No acumulado do primeiro semestre, caiu 10,9%. E, em doze meses, recuou 5,6%, queda mais elevada desde dezembro de 2016 (-6,4%).<\/p>\n<p><a href=\"https:\/\/lp.suno.com.br\/suno-one\/\">Suno One: acesse gratuitamente eBooks, Minicursos, Artigos e Video Aulas sobre investimentos com um \u00fanico cadastro. Clique para saber mais!<\/a><\/p>\n<p>De acordo com o IBGE, a\u00a0alta de 8,9% foi a maior desde junho de 2018 (12,9%), quando o setor retomou a produ\u00e7\u00e3o logo ap\u00f3s a greve dos caminhoneiros. Mesmo com o desempenho positivo em junho deste ano, a ind\u00fastria ainda est\u00e1 27,7% abaixo do n\u00edvel recorde alcan\u00e7ado em maio de 2011.<\/p>\n<figure id=\"attachment_76200\" aria-describedby=\"caption-attachment-76200\" style=\"width: 698px\" class=\"wp-caption aligncenter\"><img loading=\"lazy\" decoding=\"async\" class=\"wp-image-76200 size-full\" src=\"https:\/\/storage.googleapis.com\/wp-noticias\/2020\/08\/6faf0d9c-whatsapp-image-2020-08-04-at-09.22.02.jpeg\" alt=\"Produ\u00e7\u00e3o industrial avan\u00e7a 8,9% em junho, aponta IBGE\" width=\"698\" height=\"654\" \/><figcaption id=\"caption-attachment-76200\" class=\"wp-caption-text\">Produ\u00e7\u00e3o industrial avan\u00e7a 8,9% em junho, aponta IBGE<\/figcaption><\/figure>\n<p>Das 26 categorias analisadas pelo instituto, 24 apresentaram influ\u00eancia positiva no setor. O destaque foi de ve\u00edculos automotores, reboques e carrocerias, que avan\u00e7ou 70% em junho, puxado, principalmente, por carros e caminh\u00f5es. &#8220;Esse setor acumulou expans\u00e3o de 495,2% em dois meses consecutivos de crescimento na produ\u00e7\u00e3o, mas ainda assim est\u00e1 53,7% abaixo do patamar de fevereiro&#8221;, afirmou o gerente da pesquisa, Andr\u00e9 Macedo.<\/p>\n<p>Por sua vez, as ind\u00fastrias de alimentos e de coque, produtos derivados do petr\u00f3leo e biocombust\u00edveis recuaram 1,8% em junho. &#8220;A ind\u00fastria aliment\u00edcia tem uma din\u00e2mica diferente do restante do setor industrial, devido \u00e0s suas caracter\u00edsticas relacionadas ao abastecimento. Ela vinha de resultados positivos, quando a ind\u00fastria, de formar geral estava em queda. Os crescimentos nos meses anteriores, combinados com uma queda no a\u00e7\u00facar, resultou no recuo registrado em junho. Alimentos, por\u00e9m, t\u00eam um saldo positivo, diferente da m\u00e9dia da ind\u00fastria&#8221;, disse o gerente da pesquisa.<\/p>\n\t<div data-element=\"shortcode-read-more\" class=\"knowMore\">\n\t\t\t\t<span class=\"knowMore__title\">Veja tamb\u00e9m<\/span>\n\t\t\t\t<a class=\"knowMore__link\" href=\"https:\/\/www.suno.com.br\/noticias\/producao-industrial-avanca-maio-aponta-ibge\/\">\n\t\t\tProdu\u00e7\u00e3o industrial avan\u00e7a 7% em maio, aponta IBGE\t\t<\/a>\n\t<\/div>\n\n\n<p>J\u00e1 coque, produtos derivados do petr\u00f3leo e biocombust\u00edveis caem ap\u00f3s expans\u00e3o de 16,3% em maio, quando a atividade interrompeu tr\u00eas meses de consecutivos de queda na produ\u00e7\u00e3o, que acumularam perda de 20,1%. \u201cO recuo da atividade em junho \u00e9 natural, em fun\u00e7\u00e3o do avan\u00e7o maior observado em maio&#8221;.<\/p>\n<p>\u201cEmbora tenha crescido numa magnitude importante, acumulando expans\u00e3o de 17,9% nos meses de maio e junho, a<strong> produ\u00e7\u00e3o industrial<\/strong> ainda est\u00e1 longe de eliminar a perda concentrada nos meses de mar\u00e7o e de abril. O saldo negativo desses quatro meses \u00e9 bastante relevante (-13,5%)\u201d, afirmou Macedo.<\/p>\n\t<p>\n\t\t<a href=\"https:\/\/lp.suno.com.br\/planilha-de-controle-de-investimentos\/\" target=\"_blank\" data-element=\"shortcode-suno-banner\" title=\"Banner SUNO, clique e saiba mais\">\n\t\t\t<picture>\n\t\t\t\t<source media=\"(max-width: 500px)\" srcset=\"https:\/\/files.sunoresearch.com.br\/n\/uploads\/2023\/03\/400x300-Controle-de-Investimentos.png\">\n\t\t\t\t<img class=\"newsContent__article__imgCapa newsContent__article__imgCapa--banner\"\n\t\t\t\t\tsrc=\"https:\/\/files.sunoresearch.com.br\/n\/uploads\/2023\/03\/1420x240-Controle-de-Investimentos.png\"\n\t\t\t\t\tdata-promo-id=\"75934\"\t\t\t\t\t\t\t\t\t\twidth='1420' height='240'\t\t\t\t\talt=\"https:\/\/files.sunoresearch.com.br\/n\/uploads\/2023\/03\/1420x240-Controle-de-Investimentos.png\"\n\t\t\t\t>\n\t\t\t<\/picture>\n\t\t<\/a>\n\t<\/p>\n\n\n","protected":false},"excerpt":{"rendered":"<p>A produ\u00e7\u00e3o industrial avan\u00e7ou 8,9% em junho, em compara\u00e7\u00e3o com maio. Em rela\u00e7\u00e3o ao mesmo per\u00edodo do ano de 2019, houve um recuo de 9%. Os dados foram apurados e divulgados pelo Instituto Brasileiro de Geografia e Estat\u00edstica (IBGE), nesta ter\u00e7a-feira (4). Segundo a CNI, as multinacionais brasileiras concentraram, em 2019, 24% de todas as [&hellip;]<\/p>\n","protected":false},"author":15,"featured_media":67327,"comment_status":"closed","ping_status":"closed","sticky":false,"template":"","format":"standard","meta":[],"categories":[62],"tags":[2487,821,820],"suno_strategy":[],"class_list":["post-76184","post","type-post","status-publish","format-standard","has-post-thumbnail","hentry","category-economia","tag-coronavirus","tag-ibge","tag-producao-industrial"],"yoast_head":"<!-- This site is optimized with the Yoast SEO plugin v24.4 - https:\/\/yoast.com\/wordpress\/plugins\/seo\/ -->\n<title>Produ\u00e7\u00e3o industrial avan\u00e7a 8,9% em junho, aponta IBGE<\/title>\n<meta name=\"description\" content=\"A produ\u00e7\u00e3o industrial avan\u00e7ou 8,9% em junho, em compara\u00e7\u00e3o com maio. Em rela\u00e7\u00e3o ao mesmo per\u00edodo em 2019, houve um recuo de 9%. Clique aqui\" \/>\n<meta name=\"robots\" content=\"index, follow, max-snippet:-1, max-image-preview:large, max-video-preview:-1\" \/>\n<link rel=\"canonical\" href=\"https:\/\/www.suno.com.br\/noticias\/producao-industrial-avanca-89-em-junho-aponta-ibge\/\" \/>\n<meta property=\"og:locale\" content=\"pt_BR\" \/>\n<meta property=\"og:type\" content=\"article\" \/>\n<meta property=\"og:title\" content=\"Produ\u00e7\u00e3o industrial avan\u00e7a 8,9% em junho, aponta IBGE\" \/>\n<meta property=\"og:description\" content=\"A produ\u00e7\u00e3o industrial avan\u00e7ou 8,9% em junho, em compara\u00e7\u00e3o com maio. Em rela\u00e7\u00e3o ao mesmo per\u00edodo em 2019, houve um recuo de 9%. Clique aqui\" \/>\n<meta property=\"og:url\" content=\"https:\/\/www.suno.com.br\/noticias\/producao-industrial-avanca-89-em-junho-aponta-ibge\/\" \/>\n<meta property=\"og:site_name\" content=\"Suno Not\u00edcias\" \/>\n<meta property=\"article:publisher\" content=\"https:\/\/facebook.com\/sunoresearch\" \/>\n<meta property=\"og:image\" content=\"https:\/\/files.sunoresearch.com.br\/n\/uploads\/2020\/06\/9ddad38f-5aea13cc-produ\u00e7\u00e3o-industrial.jpg\" \/>\n\t<meta property=\"og:image:width\" content=\"1889\" \/>\n\t<meta property=\"og:image:height\" content=\"1261\" \/>\n\t<meta property=\"og:image:type\" content=\"image\/jpeg\" \/>\n<meta name=\"author\" content=\"Poliana Santos\" \/>\n<meta name=\"twitter:card\" content=\"summary_large_image\" \/>\n<meta name=\"twitter:creator\" content=\"@sunoresearch\" \/>\n<meta name=\"twitter:site\" content=\"@sunoresearch\" \/>\n<meta name=\"twitter:label1\" content=\"Escrito por\" \/>\n\t<meta name=\"twitter:data1\" content=\"Poliana Santos\" \/>\n\t<meta name=\"twitter:label2\" content=\"Est. tempo de leitura\" \/>\n\t<meta name=\"twitter:data2\" content=\"3 minutos\" \/>\n<script type=\"application\/ld+json\" class=\"yoast-schema-graph\">{\"@context\":\"https:\/\/schema.org\",\"@graph\":[{\"@type\":\"NewsArticle\",\"@id\":\"https:\/\/www.suno.com.br\/noticias\/producao-industrial-avanca-89-em-junho-aponta-ibge\/#article\",\"isPartOf\":{\"@id\":\"https:\/\/www.suno.com.br\/noticias\/producao-industrial-avanca-89-em-junho-aponta-ibge\/\"},\"author\":{\"name\":\"Poliana Santos\",\"@id\":\"https:\/\/www.suno.com.br\/noticias\/#\/schema\/person\/02ec1f752758247878a2bf4abee1aeda\"},\"headline\":\"Produ\u00e7\u00e3o industrial avan\u00e7a 8,9% em junho, aponta IBGE\",\"datePublished\":\"2020-08-04T12:08:35+00:00\",\"dateModified\":\"2020-08-04T12:42:58+00:00\",\"mainEntityOfPage\":{\"@id\":\"https:\/\/www.suno.com.br\/noticias\/producao-industrial-avanca-89-em-junho-aponta-ibge\/\"},\"wordCount\":514,\"publisher\":{\"@id\":\"https:\/\/www.suno.com.br\/noticias\/#organization\"},\"image\":{\"@id\":\"https:\/\/www.suno.com.br\/noticias\/producao-industrial-avanca-89-em-junho-aponta-ibge\/#primaryimage\"},\"thumbnailUrl\":\"https:\/\/files.sunoresearch.com.br\/n\/uploads\/2020\/06\/9ddad38f-5aea13cc-produ\u00e7\u00e3o-industrial-jpg.webp\",\"keywords\":[\"coronav\u00edrus\",\"IBGE\",\"produ\u00e7\u00e3o industrial\"],\"articleSection\":[\"Economia\"],\"inLanguage\":\"pt-BR\"},{\"@type\":\"WebPage\",\"@id\":\"https:\/\/www.suno.com.br\/noticias\/producao-industrial-avanca-89-em-junho-aponta-ibge\/\",\"url\":\"https:\/\/www.suno.com.br\/noticias\/producao-industrial-avanca-89-em-junho-aponta-ibge\/\",\"name\":\"Produ\u00e7\u00e3o industrial avan\u00e7a 8,9% em junho, aponta IBGE\",\"isPartOf\":{\"@id\":\"https:\/\/www.suno.com.br\/noticias\/#website\"},\"primaryImageOfPage\":{\"@id\":\"https:\/\/www.suno.com.br\/noticias\/producao-industrial-avanca-89-em-junho-aponta-ibge\/#primaryimage\"},\"image\":{\"@id\":\"https:\/\/www.suno.com.br\/noticias\/producao-industrial-avanca-89-em-junho-aponta-ibge\/#primaryimage\"},\"thumbnailUrl\":\"https:\/\/files.sunoresearch.com.br\/n\/uploads\/2020\/06\/9ddad38f-5aea13cc-produ\u00e7\u00e3o-industrial-jpg.webp\",\"datePublished\":\"2020-08-04T12:08:35+00:00\",\"dateModified\":\"2020-08-04T12:42:58+00:00\",\"description\":\"A produ\u00e7\u00e3o industrial avan\u00e7ou 8,9% em junho, em compara\u00e7\u00e3o com maio. Em rela\u00e7\u00e3o ao mesmo per\u00edodo em 2019, houve um recuo de 9%. Clique aqui\",\"breadcrumb\":{\"@id\":\"https:\/\/www.suno.com.br\/noticias\/producao-industrial-avanca-89-em-junho-aponta-ibge\/#breadcrumb\"},\"inLanguage\":\"pt-BR\",\"potentialAction\":[{\"@type\":\"ReadAction\",\"target\":[\"https:\/\/www.suno.com.br\/noticias\/producao-industrial-avanca-89-em-junho-aponta-ibge\/\"]}]},{\"@type\":\"ImageObject\",\"inLanguage\":\"pt-BR\",\"@id\":\"https:\/\/www.suno.com.br\/noticias\/producao-industrial-avanca-89-em-junho-aponta-ibge\/#primaryimage\",\"url\":\"https:\/\/files.sunoresearch.com.br\/n\/uploads\/2020\/06\/9ddad38f-5aea13cc-produ\u00e7\u00e3o-industrial-jpg.webp\",\"contentUrl\":\"https:\/\/files.sunoresearch.com.br\/n\/uploads\/2020\/06\/9ddad38f-5aea13cc-produ\u00e7\u00e3o-industrial-jpg.webp\",\"width\":1889,\"height\":1261,\"caption\":\"Segundo a CNI, as multinacionais brasileiras concentraram, em 2019, 24% de todas as exporta\u00e7\u00f5es do Pa\u00eds.\"},{\"@type\":\"BreadcrumbList\",\"@id\":\"https:\/\/www.suno.com.br\/noticias\/producao-industrial-avanca-89-em-junho-aponta-ibge\/#breadcrumb\",\"itemListElement\":[{\"@type\":\"ListItem\",\"position\":1,\"name\":\"Not\u00edcias\",\"item\":\"https:\/\/www.suno.com.br\/noticias\/\"},{\"@type\":\"ListItem\",\"position\":2,\"name\":\"Economia\",\"item\":\"https:\/\/www.suno.com.br\/noticias\/economia\/\"},{\"@type\":\"ListItem\",\"position\":3,\"name\":\"Produ\u00e7\u00e3o industrial avan\u00e7a 8,9% em junho, aponta IBGE\"}]},{\"@type\":\"WebSite\",\"@id\":\"https:\/\/www.suno.com.br\/noticias\/#website\",\"url\":\"https:\/\/www.suno.com.br\/noticias\/\",\"name\":\"Suno Not\u00edcias\",\"description\":\"Seu portal de informa\u00e7\u00e3o sobre o mundo dos investimentos\",\"publisher\":{\"@id\":\"https:\/\/www.suno.com.br\/noticias\/#organization\"},\"potentialAction\":[{\"@type\":\"SearchAction\",\"target\":{\"@type\":\"EntryPoint\",\"urlTemplate\":\"https:\/\/www.suno.com.br\/noticias\/?s={search_term_string}\"},\"query-input\":{\"@type\":\"PropertyValueSpecification\",\"valueRequired\":true,\"valueName\":\"search_term_string\"}}],\"inLanguage\":\"pt-BR\"},{\"@type\":\"Organization\",\"@id\":\"https:\/\/www.suno.com.br\/noticias\/#organization\",\"name\":\"Suno Not\u00edcias\",\"url\":\"https:\/\/www.suno.com.br\/noticias\/\",\"logo\":{\"@type\":\"ImageObject\",\"inLanguage\":\"pt-BR\",\"@id\":\"https:\/\/www.suno.com.br\/noticias\/#\/schema\/logo\/image\/\",\"url\":\"https:\/\/files.sunoresearch.com.br\/n\/uploads\/2021\/09\/suno-logo.png\",\"contentUrl\":\"https:\/\/files.sunoresearch.com.br\/n\/uploads\/2021\/09\/suno-logo.png\",\"width\":180,\"height\":180,\"caption\":\"Suno Not\u00edcias\"},\"image\":{\"@id\":\"https:\/\/www.suno.com.br\/noticias\/#\/schema\/logo\/image\/\"},\"sameAs\":[\"https:\/\/facebook.com\/sunoresearch\",\"https:\/\/x.com\/sunoresearch\",\"https:\/\/www.instagram.com\/suno\",\"https:\/\/www.linkedin.com\/company\/suno-research\/\",\"https:\/\/www.youtube.com\/c\/sunoresearch\"]},{\"@type\":\"Person\",\"@id\":\"https:\/\/www.suno.com.br\/noticias\/#\/schema\/person\/02ec1f752758247878a2bf4abee1aeda\",\"name\":\"Poliana Santos\",\"image\":{\"@type\":\"ImageObject\",\"inLanguage\":\"pt-BR\",\"@id\":\"https:\/\/www.suno.com.br\/noticias\/#\/schema\/person\/image\/\",\"url\":\"https:\/\/secure.gravatar.com\/avatar\/0645bd32f23d87b2130f2b2dff1d3f8d?s=96&r=g\",\"contentUrl\":\"https:\/\/secure.gravatar.com\/avatar\/0645bd32f23d87b2130f2b2dff1d3f8d?s=96&r=g\",\"caption\":\"Poliana Santos\"},\"description\":\"Rep\u00f3rter no Suno Not\u00edcias, com cobertura em mercado financeiro, economia, finan\u00e7as pessoais, renda fixa e varejo. Jornalista formada pela Faculdade C\u00e1sper L\u00edbero e possui passagem na R\u00e1dio Gazeta AM com a produ\u00e7\u00e3o de conte\u00fado sobre economia, pol\u00edtica, sa\u00fade, moda e m\u00fasica. Possui certificado de conclus\u00e3o do curso de An\u00e1lise de Balan\u00e7os pela Funda\u00e7\u00e3o Bradesco, Agenda Brasil pela FAAP, Educa\u00e7\u00e3o Pol\u00edtica por Alexandre Garcia e do Tesouro Direto e Mercado de A\u00e7\u00f5es pela B3.\",\"url\":\"https:\/\/www.suno.com.br\/noticias\/author\/poliana-santos\/\"}]}<\/script>\n<!-- \/ Yoast SEO plugin. -->","yoast_head_json":{"title":"Produ\u00e7\u00e3o industrial avan\u00e7a 8,9% em junho, aponta IBGE","description":"A produ\u00e7\u00e3o industrial avan\u00e7ou 8,9% em junho, em compara\u00e7\u00e3o com maio. Em rela\u00e7\u00e3o ao mesmo per\u00edodo em 2019, houve um recuo de 9%. Clique aqui","robots":{"index":"index","follow":"follow","max-snippet":"max-snippet:-1","max-image-preview":"max-image-preview:large","max-video-preview":"max-video-preview:-1"},"canonical":"https:\/\/www.suno.com.br\/noticias\/producao-industrial-avanca-89-em-junho-aponta-ibge\/","og_locale":"pt_BR","og_type":"article","og_title":"Produ\u00e7\u00e3o industrial avan\u00e7a 8,9% em junho, aponta IBGE","og_description":"A produ\u00e7\u00e3o industrial avan\u00e7ou 8,9% em junho, em compara\u00e7\u00e3o com maio. Em rela\u00e7\u00e3o ao mesmo per\u00edodo em 2019, houve um recuo de 9%. Clique aqui","og_url":"https:\/\/www.suno.com.br\/noticias\/producao-industrial-avanca-89-em-junho-aponta-ibge\/","og_site_name":"Suno Not\u00edcias","article_publisher":"https:\/\/facebook.com\/sunoresearch","og_image":[{"width":1889,"height":1261,"url":"https:\/\/files.sunoresearch.com.br\/n\/uploads\/2020\/06\/9ddad38f-5aea13cc-produ\u00e7\u00e3o-industrial.jpg","type":"image\/jpeg"}],"author":"Poliana Santos","twitter_card":"summary_large_image","twitter_creator":"@sunoresearch","twitter_site":"@sunoresearch","twitter_misc":{"Escrito por":"Poliana Santos","Est. tempo de leitura":"3 minutos"},"schema":{"@context":"https:\/\/schema.org","@graph":[{"@type":"NewsArticle","@id":"https:\/\/www.suno.com.br\/noticias\/producao-industrial-avanca-89-em-junho-aponta-ibge\/#article","isPartOf":{"@id":"https:\/\/www.suno.com.br\/noticias\/producao-industrial-avanca-89-em-junho-aponta-ibge\/"},"author":{"name":"Poliana Santos","@id":"https:\/\/www.suno.com.br\/noticias\/#\/schema\/person\/02ec1f752758247878a2bf4abee1aeda"},"headline":"Produ\u00e7\u00e3o industrial avan\u00e7a 8,9% em junho, aponta IBGE","datePublished":"2020-08-04T12:08:35+00:00","dateModified":"2020-08-04T12:42:58+00:00","mainEntityOfPage":{"@id":"https:\/\/www.suno.com.br\/noticias\/producao-industrial-avanca-89-em-junho-aponta-ibge\/"},"wordCount":514,"publisher":{"@id":"https:\/\/www.suno.com.br\/noticias\/#organization"},"image":{"@id":"https:\/\/www.suno.com.br\/noticias\/producao-industrial-avanca-89-em-junho-aponta-ibge\/#primaryimage"},"thumbnailUrl":"https:\/\/files.sunoresearch.com.br\/n\/uploads\/2020\/06\/9ddad38f-5aea13cc-produ\u00e7\u00e3o-industrial-jpg.webp","keywords":["coronav\u00edrus","IBGE","produ\u00e7\u00e3o industrial"],"articleSection":["Economia"],"inLanguage":"pt-BR"},{"@type":"WebPage","@id":"https:\/\/www.suno.com.br\/noticias\/producao-industrial-avanca-89-em-junho-aponta-ibge\/","url":"https:\/\/www.suno.com.br\/noticias\/producao-industrial-avanca-89-em-junho-aponta-ibge\/","name":"Produ\u00e7\u00e3o industrial avan\u00e7a 8,9% em junho, aponta IBGE","isPartOf":{"@id":"https:\/\/www.suno.com.br\/noticias\/#website"},"primaryImageOfPage":{"@id":"https:\/\/www.suno.com.br\/noticias\/producao-industrial-avanca-89-em-junho-aponta-ibge\/#primaryimage"},"image":{"@id":"https:\/\/www.suno.com.br\/noticias\/producao-industrial-avanca-89-em-junho-aponta-ibge\/#primaryimage"},"thumbnailUrl":"https:\/\/files.sunoresearch.com.br\/n\/uploads\/2020\/06\/9ddad38f-5aea13cc-produ\u00e7\u00e3o-industrial-jpg.webp","datePublished":"2020-08-04T12:08:35+00:00","dateModified":"2020-08-04T12:42:58+00:00","description":"A produ\u00e7\u00e3o industrial avan\u00e7ou 8,9% em junho, em compara\u00e7\u00e3o com maio. Em rela\u00e7\u00e3o ao mesmo per\u00edodo em 2019, houve um recuo de 9%. Clique aqui","breadcrumb":{"@id":"https:\/\/www.suno.com.br\/noticias\/producao-industrial-avanca-89-em-junho-aponta-ibge\/#breadcrumb"},"inLanguage":"pt-BR","potentialAction":[{"@type":"ReadAction","target":["https:\/\/www.suno.com.br\/noticias\/producao-industrial-avanca-89-em-junho-aponta-ibge\/"]}]},{"@type":"ImageObject","inLanguage":"pt-BR","@id":"https:\/\/www.suno.com.br\/noticias\/producao-industrial-avanca-89-em-junho-aponta-ibge\/#primaryimage","url":"https:\/\/files.sunoresearch.com.br\/n\/uploads\/2020\/06\/9ddad38f-5aea13cc-produ\u00e7\u00e3o-industrial-jpg.webp","contentUrl":"https:\/\/files.sunoresearch.com.br\/n\/uploads\/2020\/06\/9ddad38f-5aea13cc-produ\u00e7\u00e3o-industrial-jpg.webp","width":1889,"height":1261,"caption":"Segundo a CNI, as multinacionais brasileiras concentraram, em 2019, 24% de todas as exporta\u00e7\u00f5es do Pa\u00eds."},{"@type":"BreadcrumbList","@id":"https:\/\/www.suno.com.br\/noticias\/producao-industrial-avanca-89-em-junho-aponta-ibge\/#breadcrumb","itemListElement":[{"@type":"ListItem","position":1,"name":"Not\u00edcias","item":"https:\/\/www.suno.com.br\/noticias\/"},{"@type":"ListItem","position":2,"name":"Economia","item":"https:\/\/www.suno.com.br\/noticias\/economia\/"},{"@type":"ListItem","position":3,"name":"Produ\u00e7\u00e3o industrial avan\u00e7a 8,9% em junho, aponta IBGE"}]},{"@type":"WebSite","@id":"https:\/\/www.suno.com.br\/noticias\/#website","url":"https:\/\/www.suno.com.br\/noticias\/","name":"Suno Not\u00edcias","description":"Seu portal de informa\u00e7\u00e3o sobre o mundo dos investimentos","publisher":{"@id":"https:\/\/www.suno.com.br\/noticias\/#organization"},"potentialAction":[{"@type":"SearchAction","target":{"@type":"EntryPoint","urlTemplate":"https:\/\/www.suno.com.br\/noticias\/?s={search_term_string}"},"query-input":{"@type":"PropertyValueSpecification","valueRequired":true,"valueName":"search_term_string"}}],"inLanguage":"pt-BR"},{"@type":"Organization","@id":"https:\/\/www.suno.com.br\/noticias\/#organization","name":"Suno Not\u00edcias","url":"https:\/\/www.suno.com.br\/noticias\/","logo":{"@type":"ImageObject","inLanguage":"pt-BR","@id":"https:\/\/www.suno.com.br\/noticias\/#\/schema\/logo\/image\/","url":"https:\/\/files.sunoresearch.com.br\/n\/uploads\/2021\/09\/suno-logo.png","contentUrl":"https:\/\/files.sunoresearch.com.br\/n\/uploads\/2021\/09\/suno-logo.png","width":180,"height":180,"caption":"Suno Not\u00edcias"},"image":{"@id":"https:\/\/www.suno.com.br\/noticias\/#\/schema\/logo\/image\/"},"sameAs":["https:\/\/facebook.com\/sunoresearch","https:\/\/x.com\/sunoresearch","https:\/\/www.instagram.com\/suno","https:\/\/www.linkedin.com\/company\/suno-research\/","https:\/\/www.youtube.com\/c\/sunoresearch"]},{"@type":"Person","@id":"https:\/\/www.suno.com.br\/noticias\/#\/schema\/person\/02ec1f752758247878a2bf4abee1aeda","name":"Poliana Santos","image":{"@type":"ImageObject","inLanguage":"pt-BR","@id":"https:\/\/www.suno.com.br\/noticias\/#\/schema\/person\/image\/","url":"https:\/\/secure.gravatar.com\/avatar\/0645bd32f23d87b2130f2b2dff1d3f8d?s=96&r=g","contentUrl":"https:\/\/secure.gravatar.com\/avatar\/0645bd32f23d87b2130f2b2dff1d3f8d?s=96&r=g","caption":"Poliana Santos"},"description":"Rep\u00f3rter no Suno Not\u00edcias, com cobertura em mercado financeiro, economia, finan\u00e7as pessoais, renda fixa e varejo. Jornalista formada pela Faculdade C\u00e1sper L\u00edbero e possui passagem na R\u00e1dio Gazeta AM com a produ\u00e7\u00e3o de conte\u00fado sobre economia, pol\u00edtica, sa\u00fade, moda e m\u00fasica. Possui certificado de conclus\u00e3o do curso de An\u00e1lise de Balan\u00e7os pela Funda\u00e7\u00e3o Bradesco, Agenda Brasil pela FAAP, Educa\u00e7\u00e3o Pol\u00edtica por Alexandre Garcia e do Tesouro Direto e Mercado de A\u00e7\u00f5es pela B3.","url":"https:\/\/www.suno.com.br\/noticias\/author\/poliana-santos\/"}]}},"default_loop_html":"<div class=\"cardsPage__listCard__boxs\"><div class=\"cardsPage__listCard__boxs__img\"><a href=\"https:\/\/www.suno.com.br\/noticias\/producao-industrial-avanca-89-em-junho-aponta-ibge\/\"><img class=\"mask\" src=\"https:\/\/www.suno.com.br\/noticias\/wp-content\/themes\/suno\/resources\/images\/spotlight\/spotlight1img\/bg-mask.png\" alt=\"Image Mask\"\/><img src=\"https:\/\/files.sunoresearch.com.br\/n\/uploads\/2020\/06\/9ddad38f-5aea13cc-produ\u00e7\u00e3o-industrial-400x200.webp\" alt=\"Produ\u00e7\u00e3o industrial avan\u00e7a 8,9% em junho, aponta IBGE\"\/><\/a><span class=\"spotlightCategory\"><a href=\"https:\/\/www.suno.com.br\/noticias\/economia\/\">Economia<\/a><\/span><\/div><div class=\"cardsPage__listCard__boxs__content\"><a href=\"https:\/\/www.suno.com.br\/noticias\/producao-industrial-avanca-89-em-junho-aponta-ibge\/\"><h2 class=\"content__title\">Produ\u00e7\u00e3o industrial avan\u00e7a 8,9% em junho, aponta IBGE<\/h2><\/a><div class=\"newsContent__article__meta\"><div class=\"newsContent__article__meta__authorBox\"><a href=\"https:\/\/www.suno.com.br\/noticias\/author\/poliana-santos\/\" class=\"authorBox__avatar noMobi\"><img src=\"https:\/\/files.sunoresearch.com.br\/n\/uploads\/2020\/08\/7ef34026-whatsapp-image-2020-08-03-at-12.37.57-150x150.webp\" alt=\"Poliana Santos\"><\/a><div class=\"authorBox__name\"><span>por\n\t\t\t<a href=\"https:\/\/www.suno.com.br\/noticias\/author\/poliana-santos\/\"><span itemprop=\"author\">Poliana Santos<\/span><\/a><\/span><time datetime=\"2020-08-04T09:08:35-03:00\" itemprop=\"datePublished\">04\/08\/2020 09:08<\/time><\/div><\/div><\/div><\/div><\/div>","single_layout":"posts","amp_enabled":true,"_links":{"self":[{"href":"https:\/\/www.suno.com.br\/noticias\/wp-json\/wp\/v2\/posts\/76184"}],"collection":[{"href":"https:\/\/www.suno.com.br\/noticias\/wp-json\/wp\/v2\/posts"}],"about":[{"href":"https:\/\/www.suno.com.br\/noticias\/wp-json\/wp\/v2\/types\/post"}],"author":[{"embeddable":true,"href":"https:\/\/www.suno.com.br\/noticias\/wp-json\/wp\/v2\/users\/15"}],"replies":[{"embeddable":true,"href":"https:\/\/www.suno.com.br\/noticias\/wp-json\/wp\/v2\/comments?post=76184"}],"version-history":[{"count":0,"href":"https:\/\/www.suno.com.br\/noticias\/wp-json\/wp\/v2\/posts\/76184\/revisions"}],"wp:featuredmedia":[{"embeddable":true,"href":"https:\/\/www.suno.com.br\/noticias\/wp-json\/wp\/v2\/media\/67327"}],"wp:attachment":[{"href":"https:\/\/www.suno.com.br\/noticias\/wp-json\/wp\/v2\/media?parent=76184"}],"wp:term":[{"taxonomy":"category","embeddable":true,"href":"https:\/\/www.suno.com.br\/noticias\/wp-json\/wp\/v2\/categories?post=76184"},{"taxonomy":"post_tag","embeddable":true,"href":"https:\/\/www.suno.com.br\/noticias\/wp-json\/wp\/v2\/tags?post=76184"},{"taxonomy":"suno_strategy","embeddable":true,"href":"https:\/\/www.suno.com.br\/noticias\/wp-json\/wp\/v2\/suno_strategy?post=76184"}],"curies":[{"name":"wp","href":"https:\/\/api.w.org\/{rel}","templated":true}]}}